{"id":634687,"date":"2025-12-08T10:02:02","date_gmt":"2025-12-08T13:02:02","guid":{"rendered":"https:\/\/www.suno.com.br\/noticias\/?p=634687"},"modified":"2025-12-08T10:02:37","modified_gmt":"2025-12-08T13:02:37","slug":"investo-lanca-bvbr11-novo-etf-defensivo-que-mira-protecao-capital","status":"publish","type":"post","link":"https:\/\/www.suno.com.br\/noticias\/investo-lanca-bvbr11-novo-etf-defensivo-que-mira-protecao-capital\/","title":{"rendered":"Investo lan\u00e7a BVBR11: novo ETF que mira prote\u00e7\u00e3o de capital"},"content":{"rendered":"<p>A Investo, maior gestora independente especializada em <strong>ETF<\/strong> do Brasil, e a Const\u00e2ncia Investimentos anunciaram o lan\u00e7amento do BVBR11, um novo fundo de \u00edndice voltado para investidores que buscam prote\u00e7\u00e3o de capital.<\/p>\t<div class=\"wrapper-featured-image\">\n\t\t<figure class=\"spotlightImg\">\n\n\t\t\t<picture>\n\t\t\t\t<source media=\"(max-width: 768px)\" srcset=\"https:\/\/files.sunoresearch.com.br\/n\/uploads\/2024\/04\/iStock-1389093478-400x200.jpg\">\n\t\t\t\t<img loading=\"lazy\" decoding=\"async\" class=\"newsContent__article__imgCapa lazyloadDisabled \" src=\"https:\/\/files.sunoresearch.com.br\/n\/uploads\/2024\/04\/iStock-1389093478-800x450.jpg\" width=\"800\" height=\"450\" alt=\"Investo lan\u00e7a BVBR11: novo ETF que mira prote\u00e7\u00e3o de capital\" fetchpriority=high \/>\n\t\t\t<\/picture>\n\n\t\t\t<figcaption class=\"wp-caption-text wp-caption-text--show\">ETFs da Investo. Foto: iStock.<\/figcaption>\n\t\t<\/figure>\n\t<\/div>\n\n\n\n\n\n\t<p>\n\t\t<a href=\"https:\/\/lp.suno.com.br\/planilha-da-vida-financeira\/\" target=\"_blank\" data-element=\"shortcode-suno-banner\" title=\"Banner SUNO, clique e saiba mais\">\n\t\t\t<picture>\n\t\t\t\t<source media=\"(max-width: 500px)\" srcset=\"https:\/\/files.sunoresearch.com.br\/n\/uploads\/2023\/04\/400x300-Planilha-vida-financeira-true.png\">\n\t\t\t\t<img class=\"newsContent__article__imgCapa newsContent__article__imgCapa--banner\"\n\t\t\t\t\tsrc=\"https:\/\/files.sunoresearch.com.br\/n\/uploads\/2023\/04\/1420x240-Planilha-vida-financeira-true.png\"\n\t\t\t\t\tdata-promo-id=\"106682\"\t\t\t\t\t\t\t\t\t\twidth='1420' height='240'\t\t\t\t\talt=\"https:\/\/files.sunoresearch.com.br\/n\/uploads\/2023\/04\/1420x240-Planilha-vida-financeira-true.png\"\n\t\t\t\t>\n\t\t\t<\/picture>\n\t\t<\/a>\n\t<\/p>\n\n\n\n\n\n<p>O ETF acompanha o \u00cdndice Const\u00e2ncia Fatores Defensividade e tem <a class=\"suno-keyword\" target=\"_blank\" data-force=\"no\" data-priority=\"1\" href=\"https:\/\/www.suno.com.br\/artigos\/taxa-de-administracao\/\" rel=\"noopener\">taxa de administra\u00e7\u00e3o<\/a> de 0,50% ao ano, com cota inicial de R$ 20.<\/p>\n\n\n\n<p>O  BVBR11 seleciona empresas listadas na B3 que combinam tr\u00eas atributos centrais: baixa volatilidade, alta qualidade financeira e hist\u00f3rico consistente de <a class=\"suno-keyword\" target=\"_blank\" data-force=\"no\" data-priority=\"1\" href=\"https:\/\/www.suno.com.br\/guias\/dividendos\/\" rel=\"noopener\">dividendos<\/a>.<\/p>\n\n\n\n<p>Para isso, utiliza modelos estat\u00edsticos e algoritmos que classificam as companhias de acordo com seus indicadores de risco e efici\u00eancia. O \u00edndice \u00e9 rebalanceado trimestralmente, permitindo ajustes conforme mudan\u00e7as no mercado e no desempenho das empresas.<\/p>\n\n\n\n\t<div data-element=\"shortcode-read-more\" class=\"readToo\">\n\t\t\t\t<span class=\"readToo__title\">Leia mais<\/span>\n\t\t\t\t<ul class=\"readToo__list\">\n\t\t\t<li><a href=\"https:\/\/www.suno.com.br\/noticias\/fundo-imobiliario-rzat11-lucra-venda-prorroga-contrato-ms\/\">RZAT11 registra lucro milion\u00e1rio com venda e prorroga contrato em MS<\/a><\/li><li><a href=\"https:\/\/www.suno.com.br\/noticias\/mxrf11-resultado-outubro-2025-cripermutas-fiis\/\">MXRF11 tem lucro de R$ 43,8 milh\u00f5es e investe em CRIs; veja quais<\/a><\/li>\t\t<\/ul>\n\t<\/div>\n\n\n\n\n<h2 class=\"wp-block-heading\">Como \u00e9 o balanceamento da carteira?<\/h2>\n\n\n\n<p>Entre as maiores posi\u00e7\u00f5es da carteira est\u00e3o Ita\u00fa Unibanco e Vale, cada uma com cerca de 12% de participa\u00e7\u00e3o, seguidas por Petrobras PN (10%), Bradesco (6%) e BTG Pactual (5%). <\/p>\n\n\n\n<p>O Top 10 inclui ainda Klabin, Ita\u00fasa, Energisa, Petrobras ON e Sabesp. A composi\u00e7\u00e3o setorial reflete o foco em resili\u00eancia: energia el\u00e9trica \u00e9 o setor de maior peso (30%), seguida por materiais b\u00e1sicos (16%) e financeiro (15%).<\/p>\n\n\n\t<p>\n\t\t<a href=\"https:\/\/lp.suno.com.br\/ebook-como-analisar-uma-acao\/\" target=\"_blank\" data-element=\"shortcode-suno-banner\" title=\"Banner SUNO, clique e saiba mais\">\n\t\t\t<picture>\n\t\t\t\t<source media=\"(max-width: 500px)\" srcset=\"https:\/\/files.sunoresearch.com.br\/n\/uploads\/2023\/03\/Ebook-Acoes-Mobile.jpg\">\n\t\t\t\t<img class=\"newsContent__article__imgCapa newsContent__article__imgCapa--banner\"\n\t\t\t\t\tsrc=\"https:\/\/files.sunoresearch.com.br\/n\/uploads\/2023\/03\/Ebook-Acoes-Desktop.jpg\"\n\t\t\t\t\tdata-promo-id=\"378302\"\t\t\t\t\t\t\t\t\t\twidth='1420' height='286'\t\t\t\t\talt=\"https:\/\/files.sunoresearch.com.br\/n\/uploads\/2023\/03\/Ebook-Acoes-Desktop.jpg\"\n\t\t\t\t>\n\t\t\t<\/picture>\n\t\t<\/a>\n\t<\/p>\n\n\n\n\n\n<p>A pondera\u00e7\u00e3o dos ativos no \u00edndice combina tr\u00eas m\u00e9tricas: downside volatility (que prioriza empresas com menor oscila\u00e7\u00e3o em per\u00edodos de queda), <a class=\"suno-keyword\" target=\"_blank\" data-force=\"no\" data-priority=\"2\" href=\"https:\/\/www.suno.com.br\/artigos\/dividend-yield-como-calcular\/\" rel=\"noopener\">dividend yield<\/a> e ROE. O objetivo \u00e9 equilibrar prote\u00e7\u00e3o, <a class=\"suno-keyword\" target=\"_blank\" data-force=\"no\" data-priority=\"1\" href=\"https:\/\/www.suno.com.br\/artigos\/geracao-de-caixa\/\" rel=\"noopener\">gera\u00e7\u00e3o de caixa<\/a> e <a class=\"suno-keyword\" target=\"_blank\" data-force=\"no\" data-priority=\"1\" href=\"https:\/\/www.suno.com.br\/artigos\/eficiencia-operacional\/\" rel=\"noopener\">efici\u00eancia operacional<\/a>.<\/p>\n\n\n\n<p>Segundo as gestoras, a estrat\u00e9gia que fundamenta o BVBR11 apresentou, desde 2010, desempenho superior ao do Ibovespa, beneficiando-se justamente de um posicionamento mais equilibrado e defensivo ao longo dos ciclos econ\u00f4micos. O fundo j\u00e1 est\u00e1 dispon\u00edvel para negocia\u00e7\u00e3o na B3 sob o ticker BVBR11.<\/p>\n\n\n\n<h2 class=\"wp-block-heading\">Por que investir em ETF?<\/h2>\n\n\n\n<p>Os ETFs, ou Exchange-Traded Funds, s\u00e3o uma op\u00e7\u00e3o de investimento cada vez mais popular devido \u00e0s suas diversas vantagens.<\/p>\n\n\n\n<p>Uma das principais raz\u00f5es para investir em ETFs \u00e9 a diversifica\u00e7\u00e3o que eles proporcionam. Ao investir em um ETF, o investidor est\u00e1 adquirindo uma cesta de ativos que pode incluir a\u00e7\u00f5es, t\u00edtulos de <a class=\"suno-keyword\" target=\"_blank\" data-force=\"no\" data-priority=\"2\" href=\"https:\/\/www.suno.com.br\/guias\/investimento-renda-fixa\/\" rel=\"noopener\">renda fixa<\/a>, commodities, entre outros, o que ajuda a reduzir o risco em compara\u00e7\u00e3o com investimentos individuais.<\/p>\n\n\n\n<p>Al\u00e9m disso, os ETFs s\u00e3o conhecidos por sua liquidez, pois s\u00e3o negociados na bolsa de valores. Os fundos de \u00edndice costumam ter taxas de administra\u00e7\u00e3o mais baixas do que fundos de investimento tradicionais, o que pode resultar em uma rentabilidade maior a <a class=\"suno-keyword\" target=\"_blank\" data-force=\"no\" data-priority=\"1\" href=\"https:\/\/www.suno.com.br\/artigos\/longo-prazo\/\" rel=\"noopener\">longo prazo<\/a>.<\/p>\n\n\n\n\n\t<p>\n\t\t<a href=\"https:\/\/lp.suno.com.br\/planilha-da-vida-financeira\/\" target=\"_blank\" data-element=\"shortcode-suno-banner\" title=\"Banner SUNO, clique e saiba mais\">\n\t\t\t<picture>\n\t\t\t\t<source media=\"(max-width: 500px)\" srcset=\"https:\/\/files.sunoresearch.com.br\/n\/uploads\/2023\/04\/400x300-Planilha-vida-financeira-true.png\">\n\t\t\t\t<img class=\"newsContent__article__imgCapa newsContent__article__imgCapa--banner\"\n\t\t\t\t\tsrc=\"https:\/\/files.sunoresearch.com.br\/n\/uploads\/2023\/04\/1420x240-Planilha-vida-financeira-true.png\"\n\t\t\t\t\tdata-promo-id=\"383123\"\t\t\t\t\t\t\t\t\t\twidth='1420' height='240'\t\t\t\t\talt=\"https:\/\/files.sunoresearch.com.br\/n\/uploads\/2023\/04\/1420x240-Planilha-vida-financeira-true.png\"\n\t\t\t\t>\n\t\t\t<\/picture>\n\t\t<\/a>\n\t<\/p>\n\n\n","protected":false},"excerpt":{"rendered":"<p>A Investo, maior gestora independente especializada em ETF do Brasil, e a Const\u00e2ncia Investimentos anunciaram o lan\u00e7amento do BVBR11, um novo fundo de \u00edndice voltado para investidores que buscam prote\u00e7\u00e3o de capital. ETFs da Investo. Foto: iStock. O ETF acompanha o \u00cdndice Const\u00e2ncia Fatores Defensividade e tem taxa de administra\u00e7\u00e3o de 0,50% ao ano, com [&hellip;]<\/p>\n","protected":false},"author":301,"featured_media":540330,"comment_status":"closed","ping_status":"closed","sticky":false,"template":"","format":"standard","meta":[],"categories":[64],"tags":[],"suno_strategy":[],"class_list":["post-634687","post","type-post","status-publish","format-standard","has-post-thumbnail","hentry","category-negocios"],"yoast_head":"<!-- This site is optimized with the Yoast SEO plugin v24.4 - https:\/\/yoast.com\/wordpress\/plugins\/seo\/ -->\n<title>Investo lan\u00e7a BVBR11: novo ETF que mira prote\u00e7\u00e3o de capital<\/title>\n<meta name=\"description\" content=\"A Investo lan\u00e7a novo ETF com foco em prote\u00e7\u00e3o de capital com ativos mais &quot;defensivos&quot; e de menor volatilidade. Entenda.\" \/>\n<meta name=\"robots\" content=\"index, follow, max-snippet:-1, max-image-preview:large, max-video-preview:-1\" \/>\n<link rel=\"canonical\" href=\"https:\/\/www.suno.com.br\/noticias\/investo-lanca-bvbr11-novo-etf-defensivo-que-mira-protecao-capital\/\" \/>\n<meta property=\"og:locale\" content=\"pt_BR\" \/>\n<meta property=\"og:type\" content=\"article\" \/>\n<meta property=\"og:title\" content=\"Investo lan\u00e7a BVBR11: novo ETF que mira prote\u00e7\u00e3o de capital\" \/>\n<meta property=\"og:description\" content=\"A Investo lan\u00e7a novo ETF com foco em prote\u00e7\u00e3o de capital com ativos mais &quot;defensivos&quot; e de menor volatilidade. Entenda.\" \/>\n<meta property=\"og:url\" content=\"https:\/\/www.suno.com.br\/noticias\/investo-lanca-bvbr11-novo-etf-defensivo-que-mira-protecao-capital\/\" \/>\n<meta property=\"og:site_name\" content=\"Suno Not\u00edcias\" \/>\n<meta property=\"article:publisher\" content=\"https:\/\/facebook.com\/sunoresearch\" \/>\n<meta property=\"og:image\" content=\"https:\/\/files.sunoresearch.com.br\/n\/uploads\/2024\/04\/iStock-1389093478.jpg\" \/>\n\t<meta property=\"og:image:width\" content=\"1254\" \/>\n\t<meta property=\"og:image:height\" content=\"836\" \/>\n\t<meta property=\"og:image:type\" content=\"image\/jpeg\" \/>\n<meta name=\"author\" content=\"Vin\u00edcius Alves\" \/>\n<meta name=\"twitter:card\" content=\"summary_large_image\" \/>\n<meta name=\"twitter:creator\" content=\"@sunoresearch\" \/>\n<meta name=\"twitter:site\" content=\"@sunoresearch\" \/>\n<meta name=\"twitter:label1\" content=\"Escrito por\" \/>\n\t<meta name=\"twitter:data1\" content=\"Vin\u00edcius Alves\" \/>\n\t<meta name=\"twitter:label2\" content=\"Est. tempo de leitura\" \/>\n\t<meta name=\"twitter:data2\" content=\"2 minutos\" \/>\n<script type=\"application\/ld+json\" class=\"yoast-schema-graph\">{\"@context\":\"https:\/\/schema.org\",\"@graph\":[{\"@type\":\"NewsArticle\",\"@id\":\"https:\/\/www.suno.com.br\/noticias\/investo-lanca-bvbr11-novo-etf-defensivo-que-mira-protecao-capital\/#article\",\"isPartOf\":{\"@id\":\"https:\/\/www.suno.com.br\/noticias\/investo-lanca-bvbr11-novo-etf-defensivo-que-mira-protecao-capital\/\"},\"author\":{\"name\":\"Vin\u00edcius Alves\",\"@id\":\"https:\/\/www.suno.com.br\/noticias\/#\/schema\/person\/4a180549702d0e236b3e420862bcded3\"},\"headline\":\"Investo lan\u00e7a BVBR11: novo ETF que mira prote\u00e7\u00e3o de capital\",\"datePublished\":\"2025-12-08T13:02:02+00:00\",\"dateModified\":\"2025-12-08T13:02:37+00:00\",\"mainEntityOfPage\":{\"@id\":\"https:\/\/www.suno.com.br\/noticias\/investo-lanca-bvbr11-novo-etf-defensivo-que-mira-protecao-capital\/\"},\"wordCount\":430,\"publisher\":{\"@id\":\"https:\/\/www.suno.com.br\/noticias\/#organization\"},\"image\":{\"@id\":\"https:\/\/www.suno.com.br\/noticias\/investo-lanca-bvbr11-novo-etf-defensivo-que-mira-protecao-capital\/#primaryimage\"},\"thumbnailUrl\":\"https:\/\/files.sunoresearch.com.br\/n\/uploads\/2024\/04\/iStock-1389093478.jpg\",\"articleSection\":[\"Neg\u00f3cios\"],\"inLanguage\":\"pt-BR\"},{\"@type\":\"WebPage\",\"@id\":\"https:\/\/www.suno.com.br\/noticias\/investo-lanca-bvbr11-novo-etf-defensivo-que-mira-protecao-capital\/\",\"url\":\"https:\/\/www.suno.com.br\/noticias\/investo-lanca-bvbr11-novo-etf-defensivo-que-mira-protecao-capital\/\",\"name\":\"Investo lan\u00e7a BVBR11: novo ETF que mira prote\u00e7\u00e3o de capital\",\"isPartOf\":{\"@id\":\"https:\/\/www.suno.com.br\/noticias\/#website\"},\"primaryImageOfPage\":{\"@id\":\"https:\/\/www.suno.com.br\/noticias\/investo-lanca-bvbr11-novo-etf-defensivo-que-mira-protecao-capital\/#primaryimage\"},\"image\":{\"@id\":\"https:\/\/www.suno.com.br\/noticias\/investo-lanca-bvbr11-novo-etf-defensivo-que-mira-protecao-capital\/#primaryimage\"},\"thumbnailUrl\":\"https:\/\/files.sunoresearch.com.br\/n\/uploads\/2024\/04\/iStock-1389093478.jpg\",\"datePublished\":\"2025-12-08T13:02:02+00:00\",\"dateModified\":\"2025-12-08T13:02:37+00:00\",\"description\":\"A Investo lan\u00e7a novo ETF com foco em prote\u00e7\u00e3o de capital com ativos mais \\\"defensivos\\\" e de menor volatilidade. Entenda.\",\"breadcrumb\":{\"@id\":\"https:\/\/www.suno.com.br\/noticias\/investo-lanca-bvbr11-novo-etf-defensivo-que-mira-protecao-capital\/#breadcrumb\"},\"inLanguage\":\"pt-BR\",\"potentialAction\":[{\"@type\":\"ReadAction\",\"target\":[\"https:\/\/www.suno.com.br\/noticias\/investo-lanca-bvbr11-novo-etf-defensivo-que-mira-protecao-capital\/\"]}]},{\"@type\":\"ImageObject\",\"inLanguage\":\"pt-BR\",\"@id\":\"https:\/\/www.suno.com.br\/noticias\/investo-lanca-bvbr11-novo-etf-defensivo-que-mira-protecao-capital\/#primaryimage\",\"url\":\"https:\/\/files.sunoresearch.com.br\/n\/uploads\/2024\/04\/iStock-1389093478.jpg\",\"contentUrl\":\"https:\/\/files.sunoresearch.com.br\/n\/uploads\/2024\/04\/iStock-1389093478.jpg\",\"width\":1254,\"height\":836,\"caption\":\"ETFs da Investo. Foto: iStock.\"},{\"@type\":\"BreadcrumbList\",\"@id\":\"https:\/\/www.suno.com.br\/noticias\/investo-lanca-bvbr11-novo-etf-defensivo-que-mira-protecao-capital\/#breadcrumb\",\"itemListElement\":[{\"@type\":\"ListItem\",\"position\":1,\"name\":\"Not\u00edcias\",\"item\":\"https:\/\/www.suno.com.br\/noticias\/\"},{\"@type\":\"ListItem\",\"position\":2,\"name\":\"Neg\u00f3cios\",\"item\":\"https:\/\/www.suno.com.br\/noticias\/negocios\/\"},{\"@type\":\"ListItem\",\"position\":3,\"name\":\"Investo lan\u00e7a BVBR11: novo ETF que mira prote\u00e7\u00e3o de capital\"}]},{\"@type\":\"WebSite\",\"@id\":\"https:\/\/www.suno.com.br\/noticias\/#website\",\"url\":\"https:\/\/www.suno.com.br\/noticias\/\",\"name\":\"Suno Not\u00edcias\",\"description\":\"Seu portal de informa\u00e7\u00e3o sobre o mundo dos investimentos\",\"publisher\":{\"@id\":\"https:\/\/www.suno.com.br\/noticias\/#organization\"},\"potentialAction\":[{\"@type\":\"SearchAction\",\"target\":{\"@type\":\"EntryPoint\",\"urlTemplate\":\"https:\/\/www.suno.com.br\/noticias\/?s={search_term_string}\"},\"query-input\":{\"@type\":\"PropertyValueSpecification\",\"valueRequired\":true,\"valueName\":\"search_term_string\"}}],\"inLanguage\":\"pt-BR\"},{\"@type\":\"Organization\",\"@id\":\"https:\/\/www.suno.com.br\/noticias\/#organization\",\"name\":\"Suno Not\u00edcias\",\"url\":\"https:\/\/www.suno.com.br\/noticias\/\",\"logo\":{\"@type\":\"ImageObject\",\"inLanguage\":\"pt-BR\",\"@id\":\"https:\/\/www.suno.com.br\/noticias\/#\/schema\/logo\/image\/\",\"url\":\"https:\/\/files.sunoresearch.com.br\/n\/uploads\/2021\/09\/suno-logo.png\",\"contentUrl\":\"https:\/\/files.sunoresearch.com.br\/n\/uploads\/2021\/09\/suno-logo.png\",\"width\":180,\"height\":180,\"caption\":\"Suno Not\u00edcias\"},\"image\":{\"@id\":\"https:\/\/www.suno.com.br\/noticias\/#\/schema\/logo\/image\/\"},\"sameAs\":[\"https:\/\/facebook.com\/sunoresearch\",\"https:\/\/x.com\/sunoresearch\",\"https:\/\/www.instagram.com\/suno\",\"https:\/\/www.linkedin.com\/company\/suno-research\/\",\"https:\/\/www.youtube.com\/c\/sunoresearch\"]},{\"@type\":\"Person\",\"@id\":\"https:\/\/www.suno.com.br\/noticias\/#\/schema\/person\/4a180549702d0e236b3e420862bcded3\",\"name\":\"Vin\u00edcius Alves\",\"image\":{\"@type\":\"ImageObject\",\"inLanguage\":\"pt-BR\",\"@id\":\"https:\/\/www.suno.com.br\/noticias\/#\/schema\/person\/image\/\",\"url\":\"https:\/\/secure.gravatar.com\/avatar\/a95b7fe6d1b813f7907d4f476d5a39e1?s=96&r=g\",\"contentUrl\":\"https:\/\/secure.gravatar.com\/avatar\/a95b7fe6d1b813f7907d4f476d5a39e1?s=96&r=g\",\"caption\":\"Vin\u00edcius Alves\"},\"description\":\"Jornalista formado na Faculdade C\u00e1sper L\u00edbero. Com passagens pela Ag\u00eancia Estado, InfoMoney e Editora Globo.\",\"url\":\"https:\/\/www.suno.com.br\/noticias\/author\/vini08correiagmail-com\/\"}]}<\/script>\n<!-- \/ Yoast SEO plugin. -->","yoast_head_json":{"title":"Investo lan\u00e7a BVBR11: novo ETF que mira prote\u00e7\u00e3o de capital","description":"A Investo lan\u00e7a novo ETF com foco em prote\u00e7\u00e3o de capital com ativos mais \"defensivos\" e de menor volatilidade. Entenda.","robots":{"index":"index","follow":"follow","max-snippet":"max-snippet:-1","max-image-preview":"max-image-preview:large","max-video-preview":"max-video-preview:-1"},"canonical":"https:\/\/www.suno.com.br\/noticias\/investo-lanca-bvbr11-novo-etf-defensivo-que-mira-protecao-capital\/","og_locale":"pt_BR","og_type":"article","og_title":"Investo lan\u00e7a BVBR11: novo ETF que mira prote\u00e7\u00e3o de capital","og_description":"A Investo lan\u00e7a novo ETF com foco em prote\u00e7\u00e3o de capital com ativos mais \"defensivos\" e de menor volatilidade. Entenda.","og_url":"https:\/\/www.suno.com.br\/noticias\/investo-lanca-bvbr11-novo-etf-defensivo-que-mira-protecao-capital\/","og_site_name":"Suno Not\u00edcias","article_publisher":"https:\/\/facebook.com\/sunoresearch","og_image":[{"width":1254,"height":836,"url":"https:\/\/files.sunoresearch.com.br\/n\/uploads\/2024\/04\/iStock-1389093478.jpg","type":"image\/jpeg"}],"author":"Vin\u00edcius Alves","twitter_card":"summary_large_image","twitter_creator":"@sunoresearch","twitter_site":"@sunoresearch","twitter_misc":{"Escrito por":"Vin\u00edcius Alves","Est. tempo de leitura":"2 minutos"},"schema":{"@context":"https:\/\/schema.org","@graph":[{"@type":"NewsArticle","@id":"https:\/\/www.suno.com.br\/noticias\/investo-lanca-bvbr11-novo-etf-defensivo-que-mira-protecao-capital\/#article","isPartOf":{"@id":"https:\/\/www.suno.com.br\/noticias\/investo-lanca-bvbr11-novo-etf-defensivo-que-mira-protecao-capital\/"},"author":{"name":"Vin\u00edcius Alves","@id":"https:\/\/www.suno.com.br\/noticias\/#\/schema\/person\/4a180549702d0e236b3e420862bcded3"},"headline":"Investo lan\u00e7a BVBR11: novo ETF que mira prote\u00e7\u00e3o de capital","datePublished":"2025-12-08T13:02:02+00:00","dateModified":"2025-12-08T13:02:37+00:00","mainEntityOfPage":{"@id":"https:\/\/www.suno.com.br\/noticias\/investo-lanca-bvbr11-novo-etf-defensivo-que-mira-protecao-capital\/"},"wordCount":430,"publisher":{"@id":"https:\/\/www.suno.com.br\/noticias\/#organization"},"image":{"@id":"https:\/\/www.suno.com.br\/noticias\/investo-lanca-bvbr11-novo-etf-defensivo-que-mira-protecao-capital\/#primaryimage"},"thumbnailUrl":"https:\/\/files.sunoresearch.com.br\/n\/uploads\/2024\/04\/iStock-1389093478.jpg","articleSection":["Neg\u00f3cios"],"inLanguage":"pt-BR"},{"@type":"WebPage","@id":"https:\/\/www.suno.com.br\/noticias\/investo-lanca-bvbr11-novo-etf-defensivo-que-mira-protecao-capital\/","url":"https:\/\/www.suno.com.br\/noticias\/investo-lanca-bvbr11-novo-etf-defensivo-que-mira-protecao-capital\/","name":"Investo lan\u00e7a BVBR11: novo ETF que mira prote\u00e7\u00e3o de capital","isPartOf":{"@id":"https:\/\/www.suno.com.br\/noticias\/#website"},"primaryImageOfPage":{"@id":"https:\/\/www.suno.com.br\/noticias\/investo-lanca-bvbr11-novo-etf-defensivo-que-mira-protecao-capital\/#primaryimage"},"image":{"@id":"https:\/\/www.suno.com.br\/noticias\/investo-lanca-bvbr11-novo-etf-defensivo-que-mira-protecao-capital\/#primaryimage"},"thumbnailUrl":"https:\/\/files.sunoresearch.com.br\/n\/uploads\/2024\/04\/iStock-1389093478.jpg","datePublished":"2025-12-08T13:02:02+00:00","dateModified":"2025-12-08T13:02:37+00:00","description":"A Investo lan\u00e7a novo ETF com foco em prote\u00e7\u00e3o de capital com ativos mais \"defensivos\" e de menor volatilidade. Entenda.","breadcrumb":{"@id":"https:\/\/www.suno.com.br\/noticias\/investo-lanca-bvbr11-novo-etf-defensivo-que-mira-protecao-capital\/#breadcrumb"},"inLanguage":"pt-BR","potentialAction":[{"@type":"ReadAction","target":["https:\/\/www.suno.com.br\/noticias\/investo-lanca-bvbr11-novo-etf-defensivo-que-mira-protecao-capital\/"]}]},{"@type":"ImageObject","inLanguage":"pt-BR","@id":"https:\/\/www.suno.com.br\/noticias\/investo-lanca-bvbr11-novo-etf-defensivo-que-mira-protecao-capital\/#primaryimage","url":"https:\/\/files.sunoresearch.com.br\/n\/uploads\/2024\/04\/iStock-1389093478.jpg","contentUrl":"https:\/\/files.sunoresearch.com.br\/n\/uploads\/2024\/04\/iStock-1389093478.jpg","width":1254,"height":836,"caption":"ETFs da Investo. Foto: iStock."},{"@type":"BreadcrumbList","@id":"https:\/\/www.suno.com.br\/noticias\/investo-lanca-bvbr11-novo-etf-defensivo-que-mira-protecao-capital\/#breadcrumb","itemListElement":[{"@type":"ListItem","position":1,"name":"Not\u00edcias","item":"https:\/\/www.suno.com.br\/noticias\/"},{"@type":"ListItem","position":2,"name":"Neg\u00f3cios","item":"https:\/\/www.suno.com.br\/noticias\/negocios\/"},{"@type":"ListItem","position":3,"name":"Investo lan\u00e7a BVBR11: novo ETF que mira prote\u00e7\u00e3o de capital"}]},{"@type":"WebSite","@id":"https:\/\/www.suno.com.br\/noticias\/#website","url":"https:\/\/www.suno.com.br\/noticias\/","name":"Suno Not\u00edcias","description":"Seu portal de informa\u00e7\u00e3o sobre o mundo dos investimentos","publisher":{"@id":"https:\/\/www.suno.com.br\/noticias\/#organization"},"potentialAction":[{"@type":"SearchAction","target":{"@type":"EntryPoint","urlTemplate":"https:\/\/www.suno.com.br\/noticias\/?s={search_term_string}"},"query-input":{"@type":"PropertyValueSpecification","valueRequired":true,"valueName":"search_term_string"}}],"inLanguage":"pt-BR"},{"@type":"Organization","@id":"https:\/\/www.suno.com.br\/noticias\/#organization","name":"Suno Not\u00edcias","url":"https:\/\/www.suno.com.br\/noticias\/","logo":{"@type":"ImageObject","inLanguage":"pt-BR","@id":"https:\/\/www.suno.com.br\/noticias\/#\/schema\/logo\/image\/","url":"https:\/\/files.sunoresearch.com.br\/n\/uploads\/2021\/09\/suno-logo.png","contentUrl":"https:\/\/files.sunoresearch.com.br\/n\/uploads\/2021\/09\/suno-logo.png","width":180,"height":180,"caption":"Suno Not\u00edcias"},"image":{"@id":"https:\/\/www.suno.com.br\/noticias\/#\/schema\/logo\/image\/"},"sameAs":["https:\/\/facebook.com\/sunoresearch","https:\/\/x.com\/sunoresearch","https:\/\/www.instagram.com\/suno","https:\/\/www.linkedin.com\/company\/suno-research\/","https:\/\/www.youtube.com\/c\/sunoresearch"]},{"@type":"Person","@id":"https:\/\/www.suno.com.br\/noticias\/#\/schema\/person\/4a180549702d0e236b3e420862bcded3","name":"Vin\u00edcius Alves","image":{"@type":"ImageObject","inLanguage":"pt-BR","@id":"https:\/\/www.suno.com.br\/noticias\/#\/schema\/person\/image\/","url":"https:\/\/secure.gravatar.com\/avatar\/a95b7fe6d1b813f7907d4f476d5a39e1?s=96&r=g","contentUrl":"https:\/\/secure.gravatar.com\/avatar\/a95b7fe6d1b813f7907d4f476d5a39e1?s=96&r=g","caption":"Vin\u00edcius Alves"},"description":"Jornalista formado na Faculdade C\u00e1sper L\u00edbero. Com passagens pela Ag\u00eancia Estado, InfoMoney e Editora Globo.","url":"https:\/\/www.suno.com.br\/noticias\/author\/vini08correiagmail-com\/"}]}},"default_loop_html":"<div class=\"cardsPage__listCard__boxs\"><div class=\"cardsPage__listCard__boxs__img\"><a href=\"https:\/\/www.suno.com.br\/noticias\/investo-lanca-bvbr11-novo-etf-defensivo-que-mira-protecao-capital\/\"><img class=\"mask\" src=\"https:\/\/www.suno.com.br\/noticias\/wp-content\/themes\/suno\/resources\/images\/spotlight\/spotlight1img\/bg-mask.png\" alt=\"Image Mask\"\/><img src=\"https:\/\/files.sunoresearch.com.br\/n\/uploads\/2024\/04\/iStock-1389093478-400x200.jpg\" alt=\"Investo lan\u00e7a BVBR11: novo ETF que mira prote\u00e7\u00e3o de capital\"\/><\/a><span class=\"spotlightCategory\"><a href=\"https:\/\/www.suno.com.br\/noticias\/negocios\/\">Neg\u00f3cios<\/a><\/span><\/div><div class=\"cardsPage__listCard__boxs__content\"><a href=\"https:\/\/www.suno.com.br\/noticias\/investo-lanca-bvbr11-novo-etf-defensivo-que-mira-protecao-capital\/\"><h2 class=\"content__title\">Investo lan\u00e7a BVBR11: novo ETF que mira prote\u00e7\u00e3o de capital<\/h2><\/a><div class=\"newsContent__article__meta\"><div class=\"newsContent__article__meta__authorBox\"><a href=\"https:\/\/www.suno.com.br\/noticias\/author\/redacao-suno\/\" class=\"authorBox__avatar noMobi\"><img src=\"https:\/\/files.sunoresearch.com.br\/n\/uploads\/2020\/08\/0ace682d-redacao-1-150x150.webp\" alt=\"Reda\u00e7\u00e3o Suno Not\u00edcias\"><\/a><div class=\"authorBox__name\"><span>por\n\t\t\t<a href=\"https:\/\/www.suno.com.br\/noticias\/author\/redacao-suno\/\"><span itemprop=\"author\">Reda\u00e7\u00e3o Suno Not\u00edcias<\/span><\/a><\/span><time datetime=\"2025-12-08T10:02:02-03:00\" itemprop=\"datePublished\">08\/12\/2025 10:02<\/time><\/div><\/div><\/div><\/div><\/div>","single_layout":"posts","amp_enabled":true,"_links":{"self":[{"href":"https:\/\/www.suno.com.br\/noticias\/wp-json\/wp\/v2\/posts\/634687"}],"collection":[{"href":"https:\/\/www.suno.com.br\/noticias\/wp-json\/wp\/v2\/posts"}],"about":[{"href":"https:\/\/www.suno.com.br\/noticias\/wp-json\/wp\/v2\/types\/post"}],"author":[{"embeddable":true,"href":"https:\/\/www.suno.com.br\/noticias\/wp-json\/wp\/v2\/users\/301"}],"replies":[{"embeddable":true,"href":"https:\/\/www.suno.com.br\/noticias\/wp-json\/wp\/v2\/comments?post=634687"}],"version-history":[{"count":3,"href":"https:\/\/www.suno.com.br\/noticias\/wp-json\/wp\/v2\/posts\/634687\/revisions"}],"predecessor-version":[{"id":634822,"href":"https:\/\/www.suno.com.br\/noticias\/wp-json\/wp\/v2\/posts\/634687\/revisions\/634822"}],"wp:featuredmedia":[{"embeddable":true,"href":"https:\/\/www.suno.com.br\/noticias\/wp-json\/wp\/v2\/media\/540330"}],"wp:attachment":[{"href":"https:\/\/www.suno.com.br\/noticias\/wp-json\/wp\/v2\/media?parent=634687"}],"wp:term":[{"taxonomy":"category","embeddable":true,"href":"https:\/\/www.suno.com.br\/noticias\/wp-json\/wp\/v2\/categories?post=634687"},{"taxonomy":"post_tag","embeddable":true,"href":"https:\/\/www.suno.com.br\/noticias\/wp-json\/wp\/v2\/tags?post=634687"},{"taxonomy":"suno_strategy","embeddable":true,"href":"https:\/\/www.suno.com.br\/noticias\/wp-json\/wp\/v2\/suno_strategy?post=634687"}],"curies":[{"name":"wp","href":"https:\/\/api.w.org\/{rel}","templated":true}]}}