{"id":634639,"date":"2025-12-08T16:32:13","date_gmt":"2025-12-08T19:32:13","guid":{"rendered":"https:\/\/www.suno.com.br\/noticias\/?p=634639"},"modified":"2025-12-09T10:13:58","modified_gmt":"2025-12-09T13:13:58","slug":"fundos-imobiliarios-vai-dar-bom-2026-gestoras-gss","status":"publish","type":"post","link":"https:\/\/www.suno.com.br\/noticias\/fundos-imobiliarios-vai-dar-bom-2026-gestoras-gss\/","title":{"rendered":"Fundos imobili\u00e1rios: vai &#8220;dar bom&#8221; em 2026? Veja opini\u00e3o de gestoras"},"content":{"rendered":"<p>Depois de um longo per\u00edodo de juros altos e volatilidade elevada, o mercado de <strong>fundos imobili\u00e1rios<\/strong> se prepara para entrar em 2026 com expectativas mais positivas. Segundo algumas das principais gestoras do pa\u00eds, a poss\u00edvel virada do ciclo monet\u00e1rio, somada \u00e0 resili\u00eancia de setores como log\u00edstica e shoppings, refor\u00e7a a percep\u00e7\u00e3o de que o ano pode marcar um ponto de inflex\u00e3o para o os FIIs.<\/p>\t<div class=\"wrapper-featured-image\">\n\t\t<figure class=\"spotlightImg\">\n\n\t\t\t<picture>\n\t\t\t\t<source media=\"(max-width: 768px)\" srcset=\"https:\/\/files.sunoresearch.com.br\/n\/uploads\/2025\/06\/FIIs-IFIX-predios-pb-6-400x200.jpg\">\n\t\t\t\t<img loading=\"lazy\" decoding=\"async\" class=\"newsContent__article__imgCapa lazyloadDisabled \" src=\"https:\/\/files.sunoresearch.com.br\/n\/uploads\/2025\/06\/FIIs-IFIX-predios-pb-6-800x450.jpg\" width=\"800\" height=\"450\" alt=\"Fundos imobili\u00e1rios: vai &#8220;dar bom&#8221; em 2026? Veja opini\u00e3o de gestoras\" fetchpriority=high \/>\n\t\t\t<\/picture>\n\n\t\t\t<figcaption class=\"wp-caption-text wp-caption-text--show\">Fundos imobili\u00e1rios Foto: Pixabay<\/figcaption>\n\t\t<\/figure>\n\t<\/div>\n\n\n\n\n\n\t<p>\n\t\t<a href=\"https:\/\/lp.suno.com.br\/plataforma-de-controle-de-investimentos\/\" target=\"_blank\" data-element=\"shortcode-suno-banner\" title=\"Banner SUNO, clique e saiba mais\">\n\t\t\t<picture>\n\t\t\t\t<source media=\"(max-width: 500px)\" srcset=\"https:\/\/files.sunoresearch.com.br\/n\/uploads\/2023\/03\/400x300-Controle-de-Investimentos.png\">\n\t\t\t\t<img class=\"newsContent__article__imgCapa newsContent__article__imgCapa--banner\"\n\t\t\t\t\tsrc=\"https:\/\/files.sunoresearch.com.br\/n\/uploads\/2023\/03\/1420x240-Controle-de-Investimentos.png\"\n\t\t\t\t\tdata-promo-id=\"383162\"\t\t\t\t\t\t\t\t\t\twidth='1420' height='240'\t\t\t\t\talt=\"https:\/\/files.sunoresearch.com.br\/n\/uploads\/2023\/03\/1420x240-Controle-de-Investimentos.png\"\n\t\t\t\t>\n\t\t\t<\/picture>\n\t\t<\/a>\n\t<\/p>\n\n\n\n\n\n<p>Apesar do tom otimista, a intensidade da recupera\u00e7\u00e3o depender\u00e1 da velocidade da queda da Selic, do comportamento da infla\u00e7\u00e3o e at\u00e9 da qualidade dos portf\u00f3lios de cada fundo. \u00c9 o que apontam <strong>RBR Asset<\/strong>, <strong>AZ Quest<\/strong>, <strong>TRX Investimentos<\/strong>, <strong>InVista<\/strong>, <strong>Suno Research<\/strong>, <strong>\u00c9xes Investimentos<\/strong>, <strong>Zagros<\/strong>, <strong>Fator<\/strong> e <strong>TG Core<\/strong>, ouvidas pelo Suno Not\u00edcias.<\/p>\n\n\n\t<div data-element=\"shortcode-read-more\" class=\"knowMore\">\n\t\t\t\t<span class=\"knowMore__title\">Leia mais<\/span>\n\t\t\t\t<a class=\"knowMore__link\" href=\"https:\/\/www.suno.com.br\/noticias\/selic-queda-fundos-imobiliarios-antecipacao\/\">\n\t\t\tSelic a 15% e os FIIs: investidores v\u00e3o se antecipar a queda, projeta especialista\u00a0\t\t<\/a>\n\t<\/div>\n\n\n\n\n<h2 class=\"wp-block-heading\">Juros em queda tendem a destravar valor<\/h2>\n\n\n\n<p>Para a RBR Asset, o ambiente projetado para 2026 tende a ser favor\u00e1vel.<\/p>\n\n\n\n<p>\u201cTemos uma expectativa positiva. O ciclo esperado de queda de juros, associado ao bom desempenho dos <strong>ativos imobili\u00e1rios<\/strong> de qualidade e a um valuation ainda atraente no <a class=\"suno-keyword\" data-force=\"no\" data-priority=\"1\" href=\"https:\/\/www.suno.com.br\/artigos\/mercado-secundario\/\" target=\"_blank\" rel=\"noopener\">mercado secund\u00e1rio<\/a>, faz com que o ano traga grandes expectativas\u201d, afirma <strong>Bruno Nardo<\/strong>, s\u00f3cio e gestor de fundos como RBRX11, RBRR11 e RPRI11.<\/p>\n\n\n\n<p>Na AZ Quest, a leitura tamb\u00e9m \u00e9 de melhora generalizada. \u201cA expectativa \u00e9 por um 2026 melhor tanto para <strong>FIIs de papel<\/strong> como para <strong>FIIs de tijolo<\/strong>. A perspectiva de queda de juros tende a beneficiar essas classes de ativos\u201d, diz Marcos Freitas, gestor da \u00e1rea e respons\u00e1vel pelo AZPL11.<\/p>\n\n\n\n<p>A TRX, gestora do TRXF11, segue na mesma dire\u00e7\u00e3o, destacando que o primeiro trimestre pode marcar o in\u00edcio da virada.<br><br>\u201cA queda da taxa de juros ser\u00e1 o principal fator a ditar o comportamento dos <strong>FIIs em 2026<\/strong>. O ambiente deve se tornar prop\u00edcio para novas emiss\u00f5es, crescimento do n\u00famero de investidores e potencial de valoriza\u00e7\u00e3o do IFIX como um todo, especialmente nos <a class=\"suno-keyword\" data-force=\"no\" data-priority=\"1\" href=\"https:\/\/www.suno.com.br\/artigos\/fundos-de-tijolo\/\" target=\"_blank\" rel=\"noopener\">fundos de tijolo<\/a>\u201d, explica <strong>Raul Lemos<\/strong>, Portfolio Manager.<\/p>\n\n\n\n<p>Na Suno Research, o movimento dos juros segue sendo o fio condutor da tese para o pr\u00f3ximo ano.<br><br>\u201cJ\u00e1 come\u00e7amos a ver uma recupera\u00e7\u00e3o porque os <a class=\"suno-keyword\" target=\"_blank\" data-force=\"no\" data-priority=\"1\" href=\"https:\/\/www.suno.com.br\/artigos\/juros-futuros\/\" rel=\"noopener\">juros futuros<\/a> ca\u00edram nos \u00faltimos meses, mas ainda ser\u00e1 necess\u00e1ria a confirma\u00e7\u00e3o do in\u00edcio do ciclo de queda da Selic. Quando isso ocorrer, os <strong>FIIs<\/strong> no geral t\u00eam potencial de recupera\u00e7\u00e3o, ainda mais considerando que os dividend yields j\u00e1 est\u00e3o bastante atrativos\u201d, afirma <strong>Marcos Baroni<\/strong>, Head de Fundos Imobili\u00e1rios. <\/p>\n\n\n\n<p>A TG Core, no entanto, faz um alerta para a velocidade desse processo.<br><br>\u201cA expectativa \u00e9 de um ciclo construtivo, por\u00e9m ainda desafiador. A trajet\u00f3ria de recupera\u00e7\u00e3o tende a ser menos linear e mais segmentada. A reprecifica\u00e7\u00e3o n\u00e3o ser\u00e1 autom\u00e1tica, e depender\u00e1 da robustez dos ativos e da qualidade da estrutura\u00e7\u00e3o de cada ve\u00edculo\u201d, afirma <strong>Pedro Ernesto<\/strong>, diretor de gest\u00e3o de fundos, entre eles o TGAR11.<\/p>\n\n\n\n<p>Para a Zagros, a combina\u00e7\u00e3o entre ambiente macro mais est\u00e1vel e queda dos juros deve favorecer tanto renda quanto valoriza\u00e7\u00e3o.<br><br>\u201cA vis\u00e3o \u00e9 positiva para 2026. Fundos com governan\u00e7a s\u00f3lida e portf\u00f3lios bem estruturados tendem a se destacar\u201d, afirma <strong>Pedro van den Berg<\/strong>, CEO e respons\u00e1vel pelo GGRC11 e ZAGH11.<\/p>\n\n\n\n<p>J\u00e1 a Fator v\u00ea a o ciclo positivo se concretizando a partir do segundo semestre.<br><br>\u201cA gente acredita que a movimenta\u00e7\u00e3o mais relevante vem no fim de 2026. O juro deve come\u00e7ar a baixar no in\u00edcio do ano, mas \u00e9 mais para o fim que isso se consolida melhor\u201d, afirma <strong>Rodrigo Possenti<\/strong>, gestor do VRTA11 e VRTM11.<\/p>\n\n\n\n<h2 class=\"wp-block-heading\">Quais segmentos devem se destacar em 2026?<\/h2>\n\n\n\n<p><strong>Cr\u00e9dito imobili\u00e1rio:<\/strong> Consenso positivo entre as gestoras. RBR, \u00c9xes e Fator veem boas oportunidades com spreads ainda altos e maior dinamismo dos CRIs, enquanto a TG Core pede cautela por conta da marca\u00e7\u00e3o a mercado e risco de inadimpl\u00eancia.<\/p>\n\n\n\n<p>A \u00c9xes tamb\u00e9m refor\u00e7a esse cen\u00e1rio. Segundo Artur Carneiro, gestor do EXES11, \u201cos <strong>fundos de papel<\/strong> continuam como uma \u00f3tima alternativa. Quando o investidor olhar juros a 12% e fundo rendendo 17%, isso tende a gerar fluxo e valoriza\u00e7\u00e3o.\u201d<\/p>\n\n\n\n<p><strong>Log\u00edstica\/industrial:<\/strong> Segmento mais un\u00e2nime. AZ Quest, TRX, Zagros, InVista e Fator apontam baixa vac\u00e2ncia, demanda forte e poss\u00edvel destravamento de novos projetos com a queda dos juros.<\/p>\n\n\n\n<p>Na vis\u00e3o da InVista, respons\u00e1vel pelo IBBP11, h\u00e1 uma forte demanda por galp\u00f5es modernos, e a baixa oferta deve manter a vac\u00e2ncia controlada e os pre\u00e7os em eleva\u00e7\u00e3o gradual, consolidando um cen\u00e1rio de equil\u00edbrio saud\u00e1vel e crescimento sustentado para o setor log\u00edstico e industrial.<\/p>\n\n\n\n<p><strong>Shoppings, renda urbana e h\u00edbridos:<\/strong> RBR destaca a resili\u00eancia dos shoppings; Suno enxerga bons resultados na renda urbana; e RBR e Zagros veem espa\u00e7o para fundos h\u00edbridos negociados com desconto.<\/p>\n\n\n\n<p><strong>Escrit\u00f3rios e varejo:<\/strong> Recupera\u00e7\u00e3o mais lenta. TG Core cita vac\u00e2ncia e concess\u00f5es ainda elevadas, e a Suno aponta potencial apenas para perfis de maior risco.<\/p>\n\n\n\n<p><strong>Desenvolvimento residencial:<\/strong> TG Core v\u00ea oportunidades de retornos reais no m\u00e9dio e longo prazo, apesar do cr\u00e9dito mais seletivo.<\/p>\n\n\n\n<h2 class=\"wp-block-heading\">2026 traz um novo ciclo, mas n\u00e3o para todos<\/h2>\n\n\n\n<p>A leitura geral das gestoras aponta que 2026 deve ser melhor do que os \u00faltimos anos para os <strong>FIIs<\/strong>, levando em conta fatores como:<\/p>\n\n\n\n<ul class=\"wp-block-list\">\n<li>inicio do ciclo de queda da Selic,<\/li>\n\n\n\n<li>maior apetite dos investidores,<\/li>\n\n\n\n<li>retomada das emiss\u00f5es,<\/li>\n\n\n\n<li>valoriza\u00e7\u00e3o mais clara dos fundos de tijolo,<\/li>\n\n\n\n<li>continuidade da for\u00e7a dos fundos de papel.<\/li>\n<\/ul>\n\n\n\n<p>Mas o movimento n\u00e3o deve ser homog\u00eaneo. Segundo os especialistas, governan\u00e7a, qualidade dos ativos e capacidade de <a class=\"suno-keyword\" target=\"_blank\" data-force=\"no\" data-priority=\"1\" href=\"https:\/\/www.suno.com.br\/artigos\/gestao-ativa\/\" rel=\"noopener\">gest\u00e3o ativa<\/a> devem ser determinantes para um ano que promete mais oportunidades nos <strong>Fundos Imobili\u00e1rios<\/strong>, mas que tamb\u00e9m exige mais seletividade.<\/p>\n\n\n\n\n\t<p>\n\t\t<a href=\"https:\/\/lp.suno.com.br\/planilha-da-vida-financeira\/\" target=\"_blank\" data-element=\"shortcode-suno-banner\" title=\"Banner SUNO, clique e saiba mais\">\n\t\t\t<picture>\n\t\t\t\t<source media=\"(max-width: 500px)\" srcset=\"https:\/\/files.sunoresearch.com.br\/n\/uploads\/2023\/04\/400x300-Planilha-vida-financeira-true.png\">\n\t\t\t\t<img class=\"newsContent__article__imgCapa newsContent__article__imgCapa--banner\"\n\t\t\t\t\tsrc=\"https:\/\/files.sunoresearch.com.br\/n\/uploads\/2023\/04\/1420x240-Planilha-vida-financeira-true.png\"\n\t\t\t\t\tdata-promo-id=\"383123\"\t\t\t\t\t\t\t\t\t\twidth='1420' height='240'\t\t\t\t\talt=\"https:\/\/files.sunoresearch.com.br\/n\/uploads\/2023\/04\/1420x240-Planilha-vida-financeira-true.png\"\n\t\t\t\t>\n\t\t\t<\/picture>\n\t\t<\/a>\n\t<\/p>\n\n\n","protected":false},"excerpt":{"rendered":"<p>Depois de um longo per\u00edodo de juros altos e volatilidade elevada, o mercado de fundos imobili\u00e1rios se prepara para entrar em 2026 com expectativas mais positivas. Segundo algumas das principais gestoras do pa\u00eds, a poss\u00edvel virada do ciclo monet\u00e1rio, somada \u00e0 resili\u00eancia de setores como log\u00edstica e shoppings, refor\u00e7a a percep\u00e7\u00e3o de que o ano [&hellip;]<\/p>\n","protected":false},"author":322,"featured_media":609510,"comment_status":"closed","ping_status":"closed","sticky":false,"template":"","format":"standard","meta":[],"categories":[66],"tags":[315],"suno_strategy":[],"class_list":["post-634639","post","type-post","status-publish","format-standard","has-post-thumbnail","hentry","category-fiis","tag-fundos-imobiliarios-fiis"],"yoast_head":"<!-- This site is optimized with the Yoast SEO plugin v24.4 - https:\/\/yoast.com\/wordpress\/plugins\/seo\/ -->\n<title>Fundos imobili\u00e1rios: vai &quot;dar bom&quot; em 2026?<\/title>\n<meta name=\"description\" content=\"Com 2026 batendo \u00e0 porta, o Suno Not\u00edcias conversou com grandes gestoras para entender o cen\u00e1rio dos Fundos Imobili\u00e1rios em 2026.\" \/>\n<meta name=\"robots\" content=\"index, follow, max-snippet:-1, max-image-preview:large, max-video-preview:-1\" \/>\n<link rel=\"canonical\" href=\"https:\/\/www.suno.com.br\/noticias\/fundos-imobiliarios-vai-dar-bom-2026-gestoras-gss\/\" \/>\n<meta property=\"og:locale\" content=\"pt_BR\" \/>\n<meta property=\"og:type\" content=\"article\" \/>\n<meta property=\"og:title\" content=\"Fundos imobili\u00e1rios: vai &quot;dar bom&quot; em 2026?\" \/>\n<meta property=\"og:description\" content=\"Com 2026 batendo \u00e0 porta, o Suno Not\u00edcias conversou com grandes gestoras para entender o cen\u00e1rio dos Fundos Imobili\u00e1rios em 2026.\" \/>\n<meta property=\"og:url\" content=\"https:\/\/www.suno.com.br\/noticias\/fundos-imobiliarios-vai-dar-bom-2026-gestoras-gss\/\" \/>\n<meta property=\"og:site_name\" content=\"Suno Not\u00edcias\" \/>\n<meta property=\"article:publisher\" content=\"https:\/\/facebook.com\/sunoresearch\" \/>\n<meta property=\"og:image\" content=\"https:\/\/files.sunoresearch.com.br\/n\/uploads\/2025\/06\/FIIs-IFIX-predios-pb-6.jpg\" \/>\n\t<meta property=\"og:image:width\" content=\"1280\" \/>\n\t<meta property=\"og:image:height\" content=\"853\" \/>\n\t<meta property=\"og:image:type\" content=\"image\/jpeg\" \/>\n<meta name=\"author\" content=\"Guilherme Serrano Silva\" \/>\n<meta name=\"twitter:card\" content=\"summary_large_image\" \/>\n<meta name=\"twitter:creator\" content=\"@sunoresearch\" \/>\n<meta name=\"twitter:site\" content=\"@sunoresearch\" \/>\n<meta name=\"twitter:label1\" content=\"Escrito por\" \/>\n\t<meta name=\"twitter:data1\" content=\"Guilherme Serrano Silva\" \/>\n\t<meta name=\"twitter:label2\" content=\"Est. tempo de leitura\" \/>\n\t<meta name=\"twitter:data2\" content=\"6 minutos\" \/>\n<script type=\"application\/ld+json\" class=\"yoast-schema-graph\">{\"@context\":\"https:\/\/schema.org\",\"@graph\":[{\"@type\":\"NewsArticle\",\"@id\":\"https:\/\/www.suno.com.br\/noticias\/fundos-imobiliarios-vai-dar-bom-2026-gestoras-gss\/#article\",\"isPartOf\":{\"@id\":\"https:\/\/www.suno.com.br\/noticias\/fundos-imobiliarios-vai-dar-bom-2026-gestoras-gss\/\"},\"author\":{\"name\":\"Guilherme Serrano Silva\",\"@id\":\"https:\/\/www.suno.com.br\/noticias\/#\/schema\/person\/4a72de8e10febe6d8a50711404b010b3\"},\"headline\":\"Fundos imobili\u00e1rios: vai &#8220;dar bom&#8221; em 2026? Veja opini\u00e3o de gestoras\",\"datePublished\":\"2025-12-08T19:32:13+00:00\",\"dateModified\":\"2025-12-09T13:13:58+00:00\",\"mainEntityOfPage\":{\"@id\":\"https:\/\/www.suno.com.br\/noticias\/fundos-imobiliarios-vai-dar-bom-2026-gestoras-gss\/\"},\"wordCount\":985,\"publisher\":{\"@id\":\"https:\/\/www.suno.com.br\/noticias\/#organization\"},\"image\":{\"@id\":\"https:\/\/www.suno.com.br\/noticias\/fundos-imobiliarios-vai-dar-bom-2026-gestoras-gss\/#primaryimage\"},\"thumbnailUrl\":\"https:\/\/files.sunoresearch.com.br\/n\/uploads\/2025\/06\/FIIs-IFIX-predios-pb-6.jpg\",\"keywords\":[\"Fundos Imobili\u00e1rios (FIIs)\"],\"articleSection\":[\"FIIs\"],\"inLanguage\":\"pt-BR\"},{\"@type\":\"WebPage\",\"@id\":\"https:\/\/www.suno.com.br\/noticias\/fundos-imobiliarios-vai-dar-bom-2026-gestoras-gss\/\",\"url\":\"https:\/\/www.suno.com.br\/noticias\/fundos-imobiliarios-vai-dar-bom-2026-gestoras-gss\/\",\"name\":\"Fundos imobili\u00e1rios: vai \\\"dar bom\\\" em 2026?\",\"isPartOf\":{\"@id\":\"https:\/\/www.suno.com.br\/noticias\/#website\"},\"primaryImageOfPage\":{\"@id\":\"https:\/\/www.suno.com.br\/noticias\/fundos-imobiliarios-vai-dar-bom-2026-gestoras-gss\/#primaryimage\"},\"image\":{\"@id\":\"https:\/\/www.suno.com.br\/noticias\/fundos-imobiliarios-vai-dar-bom-2026-gestoras-gss\/#primaryimage\"},\"thumbnailUrl\":\"https:\/\/files.sunoresearch.com.br\/n\/uploads\/2025\/06\/FIIs-IFIX-predios-pb-6.jpg\",\"datePublished\":\"2025-12-08T19:32:13+00:00\",\"dateModified\":\"2025-12-09T13:13:58+00:00\",\"description\":\"Com 2026 batendo \u00e0 porta, o Suno Not\u00edcias conversou com grandes gestoras para entender o cen\u00e1rio dos Fundos Imobili\u00e1rios em 2026.\",\"breadcrumb\":{\"@id\":\"https:\/\/www.suno.com.br\/noticias\/fundos-imobiliarios-vai-dar-bom-2026-gestoras-gss\/#breadcrumb\"},\"inLanguage\":\"pt-BR\",\"potentialAction\":[{\"@type\":\"ReadAction\",\"target\":[\"https:\/\/www.suno.com.br\/noticias\/fundos-imobiliarios-vai-dar-bom-2026-gestoras-gss\/\"]}]},{\"@type\":\"ImageObject\",\"inLanguage\":\"pt-BR\",\"@id\":\"https:\/\/www.suno.com.br\/noticias\/fundos-imobiliarios-vai-dar-bom-2026-gestoras-gss\/#primaryimage\",\"url\":\"https:\/\/files.sunoresearch.com.br\/n\/uploads\/2025\/06\/FIIs-IFIX-predios-pb-6.jpg\",\"contentUrl\":\"https:\/\/files.sunoresearch.com.br\/n\/uploads\/2025\/06\/FIIs-IFIX-predios-pb-6.jpg\",\"width\":1280,\"height\":853,\"caption\":\"Fundos imobili\u00e1rios Foto: Pixabay\"},{\"@type\":\"BreadcrumbList\",\"@id\":\"https:\/\/www.suno.com.br\/noticias\/fundos-imobiliarios-vai-dar-bom-2026-gestoras-gss\/#breadcrumb\",\"itemListElement\":[{\"@type\":\"ListItem\",\"position\":1,\"name\":\"Not\u00edcias\",\"item\":\"https:\/\/www.suno.com.br\/noticias\/\"},{\"@type\":\"ListItem\",\"position\":2,\"name\":\"FIIs\",\"item\":\"https:\/\/www.suno.com.br\/noticias\/fiis\/\"},{\"@type\":\"ListItem\",\"position\":3,\"name\":\"Fundos imobili\u00e1rios: vai &#8220;dar bom&#8221; em 2026? Veja opini\u00e3o de gestoras\"}]},{\"@type\":\"WebSite\",\"@id\":\"https:\/\/www.suno.com.br\/noticias\/#website\",\"url\":\"https:\/\/www.suno.com.br\/noticias\/\",\"name\":\"Suno Not\u00edcias\",\"description\":\"Seu portal de informa\u00e7\u00e3o sobre o mundo dos investimentos\",\"publisher\":{\"@id\":\"https:\/\/www.suno.com.br\/noticias\/#organization\"},\"potentialAction\":[{\"@type\":\"SearchAction\",\"target\":{\"@type\":\"EntryPoint\",\"urlTemplate\":\"https:\/\/www.suno.com.br\/noticias\/?s={search_term_string}\"},\"query-input\":{\"@type\":\"PropertyValueSpecification\",\"valueRequired\":true,\"valueName\":\"search_term_string\"}}],\"inLanguage\":\"pt-BR\"},{\"@type\":\"Organization\",\"@id\":\"https:\/\/www.suno.com.br\/noticias\/#organization\",\"name\":\"Suno Not\u00edcias\",\"url\":\"https:\/\/www.suno.com.br\/noticias\/\",\"logo\":{\"@type\":\"ImageObject\",\"inLanguage\":\"pt-BR\",\"@id\":\"https:\/\/www.suno.com.br\/noticias\/#\/schema\/logo\/image\/\",\"url\":\"https:\/\/files.sunoresearch.com.br\/n\/uploads\/2021\/09\/suno-logo.png\",\"contentUrl\":\"https:\/\/files.sunoresearch.com.br\/n\/uploads\/2021\/09\/suno-logo.png\",\"width\":180,\"height\":180,\"caption\":\"Suno Not\u00edcias\"},\"image\":{\"@id\":\"https:\/\/www.suno.com.br\/noticias\/#\/schema\/logo\/image\/\"},\"sameAs\":[\"https:\/\/facebook.com\/sunoresearch\",\"https:\/\/x.com\/sunoresearch\",\"https:\/\/www.instagram.com\/suno\",\"https:\/\/www.linkedin.com\/company\/suno-research\/\",\"https:\/\/www.youtube.com\/c\/sunoresearch\"]},{\"@type\":\"Person\",\"@id\":\"https:\/\/www.suno.com.br\/noticias\/#\/schema\/person\/4a72de8e10febe6d8a50711404b010b3\",\"name\":\"Guilherme Serrano Silva\",\"image\":{\"@type\":\"ImageObject\",\"inLanguage\":\"pt-BR\",\"@id\":\"https:\/\/www.suno.com.br\/noticias\/#\/schema\/person\/image\/\",\"url\":\"https:\/\/secure.gravatar.com\/avatar\/aba5eb082d0443f542e94a82c79e9d50?s=96&r=g\",\"contentUrl\":\"https:\/\/secure.gravatar.com\/avatar\/aba5eb082d0443f542e94a82c79e9d50?s=96&r=g\",\"caption\":\"Guilherme Serrano Silva\"},\"description\":\"Jornalista formado pela Faculdade C\u00e1sper L\u00edbero e p\u00f3s-graduado em Can\u00e7\u00e3o Popular pela Faculdade Santa Marcelina. Passagens por R\u00e1dio Gazeta AM, gazetaesportiva.com e TC R\u00e1dio.\",\"url\":\"https:\/\/www.suno.com.br\/noticias\/author\/guilhermeserranosilvagmail-com\/\"}]}<\/script>\n<!-- \/ Yoast SEO plugin. -->","yoast_head_json":{"title":"Fundos imobili\u00e1rios: vai \"dar bom\" em 2026?","description":"Com 2026 batendo \u00e0 porta, o Suno Not\u00edcias conversou com grandes gestoras para entender o cen\u00e1rio dos Fundos Imobili\u00e1rios em 2026.","robots":{"index":"index","follow":"follow","max-snippet":"max-snippet:-1","max-image-preview":"max-image-preview:large","max-video-preview":"max-video-preview:-1"},"canonical":"https:\/\/www.suno.com.br\/noticias\/fundos-imobiliarios-vai-dar-bom-2026-gestoras-gss\/","og_locale":"pt_BR","og_type":"article","og_title":"Fundos imobili\u00e1rios: vai \"dar bom\" em 2026?","og_description":"Com 2026 batendo \u00e0 porta, o Suno Not\u00edcias conversou com grandes gestoras para entender o cen\u00e1rio dos Fundos Imobili\u00e1rios em 2026.","og_url":"https:\/\/www.suno.com.br\/noticias\/fundos-imobiliarios-vai-dar-bom-2026-gestoras-gss\/","og_site_name":"Suno Not\u00edcias","article_publisher":"https:\/\/facebook.com\/sunoresearch","og_image":[{"width":1280,"height":853,"url":"https:\/\/files.sunoresearch.com.br\/n\/uploads\/2025\/06\/FIIs-IFIX-predios-pb-6.jpg","type":"image\/jpeg"}],"author":"Guilherme Serrano Silva","twitter_card":"summary_large_image","twitter_creator":"@sunoresearch","twitter_site":"@sunoresearch","twitter_misc":{"Escrito por":"Guilherme Serrano Silva","Est. tempo de leitura":"6 minutos"},"schema":{"@context":"https:\/\/schema.org","@graph":[{"@type":"NewsArticle","@id":"https:\/\/www.suno.com.br\/noticias\/fundos-imobiliarios-vai-dar-bom-2026-gestoras-gss\/#article","isPartOf":{"@id":"https:\/\/www.suno.com.br\/noticias\/fundos-imobiliarios-vai-dar-bom-2026-gestoras-gss\/"},"author":{"name":"Guilherme Serrano Silva","@id":"https:\/\/www.suno.com.br\/noticias\/#\/schema\/person\/4a72de8e10febe6d8a50711404b010b3"},"headline":"Fundos imobili\u00e1rios: vai &#8220;dar bom&#8221; em 2026? Veja opini\u00e3o de gestoras","datePublished":"2025-12-08T19:32:13+00:00","dateModified":"2025-12-09T13:13:58+00:00","mainEntityOfPage":{"@id":"https:\/\/www.suno.com.br\/noticias\/fundos-imobiliarios-vai-dar-bom-2026-gestoras-gss\/"},"wordCount":985,"publisher":{"@id":"https:\/\/www.suno.com.br\/noticias\/#organization"},"image":{"@id":"https:\/\/www.suno.com.br\/noticias\/fundos-imobiliarios-vai-dar-bom-2026-gestoras-gss\/#primaryimage"},"thumbnailUrl":"https:\/\/files.sunoresearch.com.br\/n\/uploads\/2025\/06\/FIIs-IFIX-predios-pb-6.jpg","keywords":["Fundos Imobili\u00e1rios (FIIs)"],"articleSection":["FIIs"],"inLanguage":"pt-BR"},{"@type":"WebPage","@id":"https:\/\/www.suno.com.br\/noticias\/fundos-imobiliarios-vai-dar-bom-2026-gestoras-gss\/","url":"https:\/\/www.suno.com.br\/noticias\/fundos-imobiliarios-vai-dar-bom-2026-gestoras-gss\/","name":"Fundos imobili\u00e1rios: vai \"dar bom\" em 2026?","isPartOf":{"@id":"https:\/\/www.suno.com.br\/noticias\/#website"},"primaryImageOfPage":{"@id":"https:\/\/www.suno.com.br\/noticias\/fundos-imobiliarios-vai-dar-bom-2026-gestoras-gss\/#primaryimage"},"image":{"@id":"https:\/\/www.suno.com.br\/noticias\/fundos-imobiliarios-vai-dar-bom-2026-gestoras-gss\/#primaryimage"},"thumbnailUrl":"https:\/\/files.sunoresearch.com.br\/n\/uploads\/2025\/06\/FIIs-IFIX-predios-pb-6.jpg","datePublished":"2025-12-08T19:32:13+00:00","dateModified":"2025-12-09T13:13:58+00:00","description":"Com 2026 batendo \u00e0 porta, o Suno Not\u00edcias conversou com grandes gestoras para entender o cen\u00e1rio dos Fundos Imobili\u00e1rios em 2026.","breadcrumb":{"@id":"https:\/\/www.suno.com.br\/noticias\/fundos-imobiliarios-vai-dar-bom-2026-gestoras-gss\/#breadcrumb"},"inLanguage":"pt-BR","potentialAction":[{"@type":"ReadAction","target":["https:\/\/www.suno.com.br\/noticias\/fundos-imobiliarios-vai-dar-bom-2026-gestoras-gss\/"]}]},{"@type":"ImageObject","inLanguage":"pt-BR","@id":"https:\/\/www.suno.com.br\/noticias\/fundos-imobiliarios-vai-dar-bom-2026-gestoras-gss\/#primaryimage","url":"https:\/\/files.sunoresearch.com.br\/n\/uploads\/2025\/06\/FIIs-IFIX-predios-pb-6.jpg","contentUrl":"https:\/\/files.sunoresearch.com.br\/n\/uploads\/2025\/06\/FIIs-IFIX-predios-pb-6.jpg","width":1280,"height":853,"caption":"Fundos imobili\u00e1rios Foto: Pixabay"},{"@type":"BreadcrumbList","@id":"https:\/\/www.suno.com.br\/noticias\/fundos-imobiliarios-vai-dar-bom-2026-gestoras-gss\/#breadcrumb","itemListElement":[{"@type":"ListItem","position":1,"name":"Not\u00edcias","item":"https:\/\/www.suno.com.br\/noticias\/"},{"@type":"ListItem","position":2,"name":"FIIs","item":"https:\/\/www.suno.com.br\/noticias\/fiis\/"},{"@type":"ListItem","position":3,"name":"Fundos imobili\u00e1rios: vai &#8220;dar bom&#8221; em 2026? Veja opini\u00e3o de gestoras"}]},{"@type":"WebSite","@id":"https:\/\/www.suno.com.br\/noticias\/#website","url":"https:\/\/www.suno.com.br\/noticias\/","name":"Suno Not\u00edcias","description":"Seu portal de informa\u00e7\u00e3o sobre o mundo dos investimentos","publisher":{"@id":"https:\/\/www.suno.com.br\/noticias\/#organization"},"potentialAction":[{"@type":"SearchAction","target":{"@type":"EntryPoint","urlTemplate":"https:\/\/www.suno.com.br\/noticias\/?s={search_term_string}"},"query-input":{"@type":"PropertyValueSpecification","valueRequired":true,"valueName":"search_term_string"}}],"inLanguage":"pt-BR"},{"@type":"Organization","@id":"https:\/\/www.suno.com.br\/noticias\/#organization","name":"Suno Not\u00edcias","url":"https:\/\/www.suno.com.br\/noticias\/","logo":{"@type":"ImageObject","inLanguage":"pt-BR","@id":"https:\/\/www.suno.com.br\/noticias\/#\/schema\/logo\/image\/","url":"https:\/\/files.sunoresearch.com.br\/n\/uploads\/2021\/09\/suno-logo.png","contentUrl":"https:\/\/files.sunoresearch.com.br\/n\/uploads\/2021\/09\/suno-logo.png","width":180,"height":180,"caption":"Suno Not\u00edcias"},"image":{"@id":"https:\/\/www.suno.com.br\/noticias\/#\/schema\/logo\/image\/"},"sameAs":["https:\/\/facebook.com\/sunoresearch","https:\/\/x.com\/sunoresearch","https:\/\/www.instagram.com\/suno","https:\/\/www.linkedin.com\/company\/suno-research\/","https:\/\/www.youtube.com\/c\/sunoresearch"]},{"@type":"Person","@id":"https:\/\/www.suno.com.br\/noticias\/#\/schema\/person\/4a72de8e10febe6d8a50711404b010b3","name":"Guilherme Serrano Silva","image":{"@type":"ImageObject","inLanguage":"pt-BR","@id":"https:\/\/www.suno.com.br\/noticias\/#\/schema\/person\/image\/","url":"https:\/\/secure.gravatar.com\/avatar\/aba5eb082d0443f542e94a82c79e9d50?s=96&r=g","contentUrl":"https:\/\/secure.gravatar.com\/avatar\/aba5eb082d0443f542e94a82c79e9d50?s=96&r=g","caption":"Guilherme Serrano Silva"},"description":"Jornalista formado pela Faculdade C\u00e1sper L\u00edbero e p\u00f3s-graduado em Can\u00e7\u00e3o Popular pela Faculdade Santa Marcelina. Passagens por R\u00e1dio Gazeta AM, gazetaesportiva.com e TC R\u00e1dio.","url":"https:\/\/www.suno.com.br\/noticias\/author\/guilhermeserranosilvagmail-com\/"}]}},"default_loop_html":"<div class=\"cardsPage__listCard__boxs\"><div class=\"cardsPage__listCard__boxs__img\"><a href=\"https:\/\/www.suno.com.br\/noticias\/fundos-imobiliarios-vai-dar-bom-2026-gestoras-gss\/\"><img class=\"mask\" src=\"https:\/\/www.suno.com.br\/noticias\/wp-content\/themes\/suno\/resources\/images\/spotlight\/spotlight1img\/bg-mask.png\" alt=\"Image Mask\"\/><img src=\"https:\/\/files.sunoresearch.com.br\/n\/uploads\/2025\/06\/FIIs-IFIX-predios-pb-6-400x200.jpg\" alt=\"Fundos imobili\u00e1rios: vai &#8220;dar bom&#8221; em 2026? Veja opini\u00e3o de gestoras\"\/><\/a><span class=\"spotlightCategory\"><a href=\"https:\/\/www.suno.com.br\/noticias\/fiis\/\">FIIs<\/a><\/span><\/div><div class=\"cardsPage__listCard__boxs__content\"><a href=\"https:\/\/www.suno.com.br\/noticias\/fundos-imobiliarios-vai-dar-bom-2026-gestoras-gss\/\"><h2 class=\"content__title\">Fundos imobili\u00e1rios: vai &#8220;dar bom&#8221; em 2026? Veja opini\u00e3o de gestoras<\/h2><\/a><div class=\"newsContent__article__meta\"><div class=\"newsContent__article__meta__authorBox\"><a href=\"https:\/\/www.suno.com.br\/noticias\/author\/guilhermeserranosilvagmail-com\/\" class=\"authorBox__avatar noMobi\"><img src=\"https:\/\/files.sunoresearch.com.br\/n\/uploads\/2023\/09\/WhatsApp-Image-2023-09-05-at-11.02.17-150x150.jpeg\" alt=\"Guilherme Serrano Silva\"><\/a><div class=\"authorBox__name\"><span>por\n\t\t\t<a href=\"https:\/\/www.suno.com.br\/noticias\/author\/guilhermeserranosilvagmail-com\/\"><span itemprop=\"author\">Guilherme Serrano Silva<\/span><\/a><\/span><time datetime=\"2025-12-08T16:32:13-03:00\" itemprop=\"datePublished\">08\/12\/2025 16:32<\/time><\/div><\/div><\/div><\/div><\/div>","single_layout":"posts","amp_enabled":true,"_links":{"self":[{"href":"https:\/\/www.suno.com.br\/noticias\/wp-json\/wp\/v2\/posts\/634639"}],"collection":[{"href":"https:\/\/www.suno.com.br\/noticias\/wp-json\/wp\/v2\/posts"}],"about":[{"href":"https:\/\/www.suno.com.br\/noticias\/wp-json\/wp\/v2\/types\/post"}],"author":[{"embeddable":true,"href":"https:\/\/www.suno.com.br\/noticias\/wp-json\/wp\/v2\/users\/322"}],"replies":[{"embeddable":true,"href":"https:\/\/www.suno.com.br\/noticias\/wp-json\/wp\/v2\/comments?post=634639"}],"version-history":[{"count":2,"href":"https:\/\/www.suno.com.br\/noticias\/wp-json\/wp\/v2\/posts\/634639\/revisions"}],"predecessor-version":[{"id":634868,"href":"https:\/\/www.suno.com.br\/noticias\/wp-json\/wp\/v2\/posts\/634639\/revisions\/634868"}],"wp:featuredmedia":[{"embeddable":true,"href":"https:\/\/www.suno.com.br\/noticias\/wp-json\/wp\/v2\/media\/609510"}],"wp:attachment":[{"href":"https:\/\/www.suno.com.br\/noticias\/wp-json\/wp\/v2\/media?parent=634639"}],"wp:term":[{"taxonomy":"category","embeddable":true,"href":"https:\/\/www.suno.com.br\/noticias\/wp-json\/wp\/v2\/categories?post=634639"},{"taxonomy":"post_tag","embeddable":true,"href":"https:\/\/www.suno.com.br\/noticias\/wp-json\/wp\/v2\/tags?post=634639"},{"taxonomy":"suno_strategy","embeddable":true,"href":"https:\/\/www.suno.com.br\/noticias\/wp-json\/wp\/v2\/suno_strategy?post=634639"}],"curies":[{"name":"wp","href":"https:\/\/api.w.org\/{rel}","templated":true}]}}