{"id":634600,"date":"2025-12-04T19:55:08","date_gmt":"2025-12-04T22:55:08","guid":{"rendered":"https:\/\/www.suno.com.br\/noticias\/ibovespa-recorde-164-mil-mt\/"},"modified":"2025-12-04T19:55:08","modified_gmt":"2025-12-04T22:55:08","slug":"ibovespa-recorde-164-mil-mt","status":"publish","type":"post","link":"https:\/\/www.suno.com.br\/noticias\/ibovespa-recorde-164-mil-mt\/","title":{"rendered":"Ibovespa liga modo turbo e emenda terceiro recorde acima dos 164 mil pontos"},"content":{"rendered":"<p>Recorde atr\u00e1s de recorde: em modo turbo, o&nbsp;<strong>ibovespa<\/strong>&nbsp;fechou esta quinta-feira (4) em in\u00e9ditos 164 mil pontos, cravando duplo recorde no intradia e no fechamento, impulsionado pelas expectativas de queda da Selic no in\u00edcio de 2026 e por um ambiente global mais favor\u00e1vel ao risco.<\/p>\t<div class=\"wrapper-featured-image\">\n\t\t<figure class=\"spotlightImg\">\n\n\t\t\t<picture>\n\t\t\t\t<source media=\"(max-width: 768px)\" srcset=\"https:\/\/files.sunoresearch.com.br\/n\/uploads\/2025\/12\/ibovespa-1-400x200.webp\">\n\t\t\t\t<img loading=\"lazy\" decoding=\"async\" class=\"newsContent__article__imgCapa lazyloadDisabled \" src=\"https:\/\/files.sunoresearch.com.br\/n\/uploads\/2025\/12\/ibovespa-1-800x450.webp\" width=\"800\" height=\"450\" alt=\"Ibovespa liga modo turbo e emenda terceiro recorde acima dos 164 mil pontos\" fetchpriority=high \/>\n\t\t\t<\/picture>\n\n\t\t\t<figcaption class=\"wp-caption-text wp-caption-text--show\">Ibovespa fecha em alta. Foto: Pixabay<\/figcaption>\n\t\t<\/figure>\n\t<\/div>\n\n\n\n\n\n\n<p>Ao longo do preg\u00e3o, o ibovespa chegou a tocar 164,5 mil pontos e encerrou em alta de cerca de 1,6 por cento, acima dos 164 mil pontos pela terceira sess\u00e3o consecutiva. A m\u00ednima, ainda pela manh\u00e3, ficou em 161,7 mil pontos, antes da virada apoiada por dados dom\u00e9sticos e fluxo estrangeiro.<\/p>\n\n\n\n<h2 class=\"wp-block-heading\">Rali embalado por PIB mais fraco e compras de estrangeiros<\/h2>\n\n\n\n<p>O PIB do terceiro trimestre, mais fraco que o esperado, refor\u00e7ou a leitura de que a desacelera\u00e7\u00e3o da atividade pode antecipar o in\u00edcio do ciclo de cortes da Selic j\u00e1 em janeiro. O movimento ajudou especialmente a\u00e7\u00f5es ligadas \u00e0 <a class=\"suno-keyword\" target=\"_blank\" data-force=\"no\" data-priority=\"1\" href=\"https:\/\/www.suno.com.br\/artigos\/economia-domestica\/\" rel=\"noopener\">economia dom\u00e9stica<\/a>. Investidores internacionais tamb\u00e9m continuaram ampliando posi\u00e7\u00f5es no mercado acion\u00e1rio brasileiro.<\/p>\n\n\n\n<p>Entre as <a class=\"suno-keyword\" target=\"_blank\" data-force=\"no\" data-priority=\"1\" href=\"https:\/\/www.suno.com.br\/artigos\/acoes-blue-chips\/\" rel=\"noopener\">blue chips<\/a>, Ita\u00fa (ITUB4) avan\u00e7ou cerca de 2,5 por cento, Vale (VALE3) subiu 1,7 por cento e engatou a quinta alta seguida, enquanto Petrobras PN (PETR4) fechou com ganho de 0,7 por cento. O giro do ibovespa somou 23 bilh\u00f5es de reais, acima da m\u00e9dia do ano, e o volume total da B3 atingiu 31 bilh\u00f5es de reais.<\/p>\n\n\n\n<h2 class=\"wp-block-heading\">D\u00f3lar se descola da Bolsa e segue o cen\u00e1rio externo<\/h2>\n\n\n\n<p>O d\u00f3lar chegou a testar n\u00edveis abaixo de 5,30 reais pela manh\u00e3, mas perdeu for\u00e7a com a barreira t\u00e9cnica. De acordo com Bruno Shahini, especialista em investimentos da Nomad,<br>&#8220;a regi\u00e3o t\u00e9cnica pr\u00f3xima desse patamar limitou a continuidade da queda e abriu espa\u00e7o para ajustes de alta. Ao longo da tarde, o cen\u00e1rio externo refor\u00e7ou esse movimento.&#8221;<\/p>\n\n\n\n<p>Com o fortalecimento do DXY e a alta das Treasuries, o real passou a acompanhar moedas emergentes como o peso mexicano e o peso chileno, e se afastou do forte desempenho da Bolsa brasileira.<\/p>\n\n\n\n<h2 class=\"wp-block-heading\">Dados dos EUA influenciam humor global<\/h2>\n\n\n\n<p>Nos Estados Unidos, o aux\u00edlio-desemprego semanal veio abaixo do esperado. Segundo Fernando Bresciani, analista de investimentos do Andbank,<br>&#8220;o dado trouxe preocupa\u00e7\u00e3o de que isso possa influenciar a decis\u00e3o do Fed e reduzir a probabilidade de corte de juros na semana que vem. Ainda assim, o consenso segue apontando para queda.&#8221;<\/p>\n\n\n\n<p>Na Europa, as bolsas fecharam levemente positivas, enquanto Nova York encerrou o dia misto. No Brasil, os <a class=\"suno-keyword\" target=\"_blank\" data-force=\"no\" data-priority=\"1\" href=\"https:\/\/www.suno.com.br\/artigos\/juros-futuros\/\" rel=\"noopener\">juros futuros<\/a> recuaram, o d\u00f3lar ficou de lado e a Bolsa avan\u00e7ou apoiada pelo fluxo estrangeiro e pelas expectativas de cortes de juros mais \u00e0 frente.<\/p>\n\n\n\n<h2 class=\"wp-block-heading\">O que isso significa para o ibovespa<\/h2>\n\n\n\n<p>Com atividade mais fraca, infla\u00e7\u00e3o sob controle, d\u00f3lar est\u00e1vel e apostas crescentes de redu\u00e7\u00e3o da Selic em 2026, o ibovespa opera em um cen\u00e1rio considerado favor\u00e1vel pelos analistas. A combina\u00e7\u00e3o de juros futuros em queda, entrada de capital internacional e expectativas de al\u00edvio monet\u00e1rio tamb\u00e9m nos Estados Unidos sustenta a continuidade do movimento. Se os vetores de juros se confirmarem, o rali pode ganhar corpo e consolidar um novo patamar para o ibovespa.<\/p>\n","protected":false},"excerpt":{"rendered":"<p>Recorde atr\u00e1s de recorde: em modo turbo, o&nbsp;ibovespa&nbsp;fechou esta quinta-feira (4) em in\u00e9ditos 164 mil pontos, cravando duplo recorde no intradia e no fechamento, impulsionado pelas expectativas de queda da Selic no in\u00edcio de 2026 e por um ambiente global mais favor\u00e1vel ao risco. Ao longo do preg\u00e3o, o ibovespa chegou a tocar 164,5 mil &hellip; Continued<\/p>\n","protected":false},"author":402,"featured_media":634601,"comment_status":"closed","ping_status":"closed","sticky":false,"template":"","format":"standard","meta":[],"categories":[1],"tags":[721,106949],"suno_strategy":[],"class_list":["post-634600","post","type-post","status-publish","format-standard","has-post-thumbnail","hentry","category-uncategorized","tag-ibovespa","tag-ibovespa-fechamento"],"yoast_head":"<!-- This site is optimized with the Yoast SEO plugin v24.4 - https:\/\/yoast.com\/wordpress\/plugins\/seo\/ -->\n<title>Ibovespa dispara e crava recorde acima dos 164 mil<\/title>\n<meta name=\"description\" content=\"Ibovespa dispara, crava recorde acima dos 164 mil pontos e estende rali apoiado por expectativas de corte da Selic e maior apetite por risco.\" \/>\n<meta name=\"robots\" content=\"index, follow, max-snippet:-1, max-image-preview:large, max-video-preview:-1\" \/>\n<link rel=\"canonical\" href=\"https:\/\/www.suno.com.br\/noticias\/ibovespa-recorde-164-mil-mt\/\" \/>\n<meta property=\"og:locale\" content=\"pt_BR\" \/>\n<meta property=\"og:type\" content=\"article\" \/>\n<meta property=\"og:title\" content=\"Ibovespa dispara e crava recorde acima dos 164 mil\" \/>\n<meta property=\"og:description\" content=\"Ibovespa dispara, crava recorde acima dos 164 mil pontos e estende rali apoiado por expectativas de corte da Selic e maior apetite por risco.\" \/>\n<meta property=\"og:url\" content=\"https:\/\/www.suno.com.br\/noticias\/ibovespa-recorde-164-mil-mt\/\" \/>\n<meta property=\"og:site_name\" content=\"Suno Not\u00edcias\" \/>\n<meta property=\"article:publisher\" content=\"https:\/\/facebook.com\/sunoresearch\" \/>\n<meta property=\"og:image\" content=\"http:\/\/files.sunoresearch.com.br\/n\/uploads\/2025\/12\/ibovespa-1-jpg.webp\" \/>\n\t<meta property=\"og:image:width\" content=\"1280\" \/>\n\t<meta property=\"og:image:height\" content=\"853\" \/>\n\t<meta property=\"og:image:type\" content=\"image\/jpeg\" \/>\n<meta name=\"author\" content=\"Ma\u00edra Telles\" \/>\n<meta name=\"twitter:card\" content=\"summary_large_image\" \/>\n<meta name=\"twitter:creator\" content=\"@sunoresearch\" \/>\n<meta name=\"twitter:site\" content=\"@sunoresearch\" \/>\n<meta name=\"twitter:label1\" content=\"Escrito por\" \/>\n\t<meta name=\"twitter:data1\" content=\"Ma\u00edra Telles\" \/>\n\t<meta name=\"twitter:label2\" content=\"Est. tempo de leitura\" \/>\n\t<meta name=\"twitter:data2\" content=\"3 minutos\" \/>\n<script type=\"application\/ld+json\" class=\"yoast-schema-graph\">{\"@context\":\"https:\/\/schema.org\",\"@graph\":[{\"@type\":\"NewsArticle\",\"@id\":\"https:\/\/www.suno.com.br\/noticias\/ibovespa-recorde-164-mil-mt\/#article\",\"isPartOf\":{\"@id\":\"https:\/\/www.suno.com.br\/noticias\/ibovespa-recorde-164-mil-mt\/\"},\"author\":{\"name\":\"Ma\u00edra Telles\",\"@id\":\"https:\/\/www.suno.com.br\/noticias\/#\/schema\/person\/0a8b51292bb96ee5f104094c0907eaef\"},\"headline\":\"Ibovespa liga modo turbo e emenda terceiro recorde acima dos 164 mil pontos\",\"datePublished\":\"2025-12-04T22:55:08+00:00\",\"mainEntityOfPage\":{\"@id\":\"https:\/\/www.suno.com.br\/noticias\/ibovespa-recorde-164-mil-mt\/\"},\"wordCount\":544,\"publisher\":{\"@id\":\"https:\/\/www.suno.com.br\/noticias\/#organization\"},\"image\":{\"@id\":\"https:\/\/www.suno.com.br\/noticias\/ibovespa-recorde-164-mil-mt\/#primaryimage\"},\"thumbnailUrl\":\"https:\/\/files.sunoresearch.com.br\/n\/uploads\/2025\/12\/ibovespa-1-jpg.webp\",\"keywords\":[\"Ibovespa\",\"Ibovespa fechamento\"],\"articleSection\":[\"Mercado Financeiro\"],\"inLanguage\":\"pt-BR\"},{\"@type\":\"WebPage\",\"@id\":\"https:\/\/www.suno.com.br\/noticias\/ibovespa-recorde-164-mil-mt\/\",\"url\":\"https:\/\/www.suno.com.br\/noticias\/ibovespa-recorde-164-mil-mt\/\",\"name\":\"Ibovespa dispara e crava recorde acima dos 164 mil\",\"isPartOf\":{\"@id\":\"https:\/\/www.suno.com.br\/noticias\/#website\"},\"primaryImageOfPage\":{\"@id\":\"https:\/\/www.suno.com.br\/noticias\/ibovespa-recorde-164-mil-mt\/#primaryimage\"},\"image\":{\"@id\":\"https:\/\/www.suno.com.br\/noticias\/ibovespa-recorde-164-mil-mt\/#primaryimage\"},\"thumbnailUrl\":\"https:\/\/files.sunoresearch.com.br\/n\/uploads\/2025\/12\/ibovespa-1-jpg.webp\",\"datePublished\":\"2025-12-04T22:55:08+00:00\",\"description\":\"Ibovespa dispara, crava recorde acima dos 164 mil pontos e estende rali apoiado por expectativas de corte da Selic e maior apetite por risco.\",\"breadcrumb\":{\"@id\":\"https:\/\/www.suno.com.br\/noticias\/ibovespa-recorde-164-mil-mt\/#breadcrumb\"},\"inLanguage\":\"pt-BR\",\"potentialAction\":[{\"@type\":\"ReadAction\",\"target\":[\"https:\/\/www.suno.com.br\/noticias\/ibovespa-recorde-164-mil-mt\/\"]}]},{\"@type\":\"ImageObject\",\"inLanguage\":\"pt-BR\",\"@id\":\"https:\/\/www.suno.com.br\/noticias\/ibovespa-recorde-164-mil-mt\/#primaryimage\",\"url\":\"https:\/\/files.sunoresearch.com.br\/n\/uploads\/2025\/12\/ibovespa-1-jpg.webp\",\"contentUrl\":\"https:\/\/files.sunoresearch.com.br\/n\/uploads\/2025\/12\/ibovespa-1-jpg.webp\",\"width\":1280,\"height\":853,\"caption\":\"Ibovespa fecha em alta. Foto: Pixabay\"},{\"@type\":\"BreadcrumbList\",\"@id\":\"https:\/\/www.suno.com.br\/noticias\/ibovespa-recorde-164-mil-mt\/#breadcrumb\",\"itemListElement\":[{\"@type\":\"ListItem\",\"position\":1,\"name\":\"Not\u00edcias\",\"item\":\"https:\/\/www.suno.com.br\/noticias\/\"},{\"@type\":\"ListItem\",\"position\":2,\"name\":\"Neg\u00f3cios\",\"item\":\"https:\/\/www.suno.com.br\/noticias\/negocios\/\"},{\"@type\":\"ListItem\",\"position\":3,\"name\":\"Ibovespa liga modo turbo e emenda terceiro recorde acima dos 164 mil pontos\"}]},{\"@type\":\"WebSite\",\"@id\":\"https:\/\/www.suno.com.br\/noticias\/#website\",\"url\":\"https:\/\/www.suno.com.br\/noticias\/\",\"name\":\"Suno Not\u00edcias\",\"description\":\"Seu portal de informa\u00e7\u00e3o sobre o mundo dos investimentos\",\"publisher\":{\"@id\":\"https:\/\/www.suno.com.br\/noticias\/#organization\"},\"potentialAction\":[{\"@type\":\"SearchAction\",\"target\":{\"@type\":\"EntryPoint\",\"urlTemplate\":\"https:\/\/www.suno.com.br\/noticias\/?s={search_term_string}\"},\"query-input\":{\"@type\":\"PropertyValueSpecification\",\"valueRequired\":true,\"valueName\":\"search_term_string\"}}],\"inLanguage\":\"pt-BR\"},{\"@type\":\"Organization\",\"@id\":\"https:\/\/www.suno.com.br\/noticias\/#organization\",\"name\":\"Suno Not\u00edcias\",\"url\":\"https:\/\/www.suno.com.br\/noticias\/\",\"logo\":{\"@type\":\"ImageObject\",\"inLanguage\":\"pt-BR\",\"@id\":\"https:\/\/www.suno.com.br\/noticias\/#\/schema\/logo\/image\/\",\"url\":\"https:\/\/files.sunoresearch.com.br\/n\/uploads\/2021\/09\/suno-logo.png\",\"contentUrl\":\"https:\/\/files.sunoresearch.com.br\/n\/uploads\/2021\/09\/suno-logo.png\",\"width\":180,\"height\":180,\"caption\":\"Suno Not\u00edcias\"},\"image\":{\"@id\":\"https:\/\/www.suno.com.br\/noticias\/#\/schema\/logo\/image\/\"},\"sameAs\":[\"https:\/\/facebook.com\/sunoresearch\",\"https:\/\/x.com\/sunoresearch\",\"https:\/\/www.instagram.com\/suno\",\"https:\/\/www.linkedin.com\/company\/suno-research\/\",\"https:\/\/www.youtube.com\/c\/sunoresearch\"]},{\"@type\":\"Person\",\"@id\":\"https:\/\/www.suno.com.br\/noticias\/#\/schema\/person\/0a8b51292bb96ee5f104094c0907eaef\",\"name\":\"Ma\u00edra Telles\",\"image\":{\"@type\":\"ImageObject\",\"inLanguage\":\"pt-BR\",\"@id\":\"https:\/\/www.suno.com.br\/noticias\/#\/schema\/person\/image\/\",\"url\":\"https:\/\/secure.gravatar.com\/avatar\/8d13691eab6abc1d1050b62a4c2a6116?s=96&r=g\",\"contentUrl\":\"https:\/\/secure.gravatar.com\/avatar\/8d13691eab6abc1d1050b62a4c2a6116?s=96&r=g\",\"caption\":\"Ma\u00edra Telles\"},\"description\":\"Jornalista com passagem por reda\u00e7\u00f5es como ESPN, especializa\u00e7\u00e3o em marketing digital e em gest\u00e3o de crise. Com foco no mercado financeiro e no setor agropecu\u00e1rio, desenvolve conte\u00fados estrat\u00e9gicos e especializados para m\u00faltiplas plataformas, unindo an\u00e1lise de investimentos e neg\u00f3cios\",\"url\":\"https:\/\/www.suno.com.br\/noticias\/author\/mairaftellesgmail-com\/\"}]}<\/script>\n<!-- \/ Yoast SEO plugin. -->","yoast_head_json":{"title":"Ibovespa dispara e crava recorde acima dos 164 mil","description":"Ibovespa dispara, crava recorde acima dos 164 mil pontos e estende rali apoiado por expectativas de corte da Selic e maior apetite por risco.","robots":{"index":"index","follow":"follow","max-snippet":"max-snippet:-1","max-image-preview":"max-image-preview:large","max-video-preview":"max-video-preview:-1"},"canonical":"https:\/\/www.suno.com.br\/noticias\/ibovespa-recorde-164-mil-mt\/","og_locale":"pt_BR","og_type":"article","og_title":"Ibovespa dispara e crava recorde acima dos 164 mil","og_description":"Ibovespa dispara, crava recorde acima dos 164 mil pontos e estende rali apoiado por expectativas de corte da Selic e maior apetite por risco.","og_url":"https:\/\/www.suno.com.br\/noticias\/ibovespa-recorde-164-mil-mt\/","og_site_name":"Suno Not\u00edcias","article_publisher":"https:\/\/facebook.com\/sunoresearch","og_image":[{"width":1280,"height":853,"url":"http:\/\/files.sunoresearch.com.br\/n\/uploads\/2025\/12\/ibovespa-1-jpg.webp","type":"image\/jpeg"}],"author":"Ma\u00edra Telles","twitter_card":"summary_large_image","twitter_creator":"@sunoresearch","twitter_site":"@sunoresearch","twitter_misc":{"Escrito por":"Ma\u00edra Telles","Est. tempo de leitura":"3 minutos"},"schema":{"@context":"https:\/\/schema.org","@graph":[{"@type":"NewsArticle","@id":"https:\/\/www.suno.com.br\/noticias\/ibovespa-recorde-164-mil-mt\/#article","isPartOf":{"@id":"https:\/\/www.suno.com.br\/noticias\/ibovespa-recorde-164-mil-mt\/"},"author":{"name":"Ma\u00edra Telles","@id":"https:\/\/www.suno.com.br\/noticias\/#\/schema\/person\/0a8b51292bb96ee5f104094c0907eaef"},"headline":"Ibovespa liga modo turbo e emenda terceiro recorde acima dos 164 mil pontos","datePublished":"2025-12-04T22:55:08+00:00","mainEntityOfPage":{"@id":"https:\/\/www.suno.com.br\/noticias\/ibovespa-recorde-164-mil-mt\/"},"wordCount":544,"publisher":{"@id":"https:\/\/www.suno.com.br\/noticias\/#organization"},"image":{"@id":"https:\/\/www.suno.com.br\/noticias\/ibovespa-recorde-164-mil-mt\/#primaryimage"},"thumbnailUrl":"https:\/\/files.sunoresearch.com.br\/n\/uploads\/2025\/12\/ibovespa-1-jpg.webp","keywords":["Ibovespa","Ibovespa fechamento"],"articleSection":["Mercado Financeiro"],"inLanguage":"pt-BR"},{"@type":"WebPage","@id":"https:\/\/www.suno.com.br\/noticias\/ibovespa-recorde-164-mil-mt\/","url":"https:\/\/www.suno.com.br\/noticias\/ibovespa-recorde-164-mil-mt\/","name":"Ibovespa dispara e crava recorde acima dos 164 mil","isPartOf":{"@id":"https:\/\/www.suno.com.br\/noticias\/#website"},"primaryImageOfPage":{"@id":"https:\/\/www.suno.com.br\/noticias\/ibovespa-recorde-164-mil-mt\/#primaryimage"},"image":{"@id":"https:\/\/www.suno.com.br\/noticias\/ibovespa-recorde-164-mil-mt\/#primaryimage"},"thumbnailUrl":"https:\/\/files.sunoresearch.com.br\/n\/uploads\/2025\/12\/ibovespa-1-jpg.webp","datePublished":"2025-12-04T22:55:08+00:00","description":"Ibovespa dispara, crava recorde acima dos 164 mil pontos e estende rali apoiado por expectativas de corte da Selic e maior apetite por risco.","breadcrumb":{"@id":"https:\/\/www.suno.com.br\/noticias\/ibovespa-recorde-164-mil-mt\/#breadcrumb"},"inLanguage":"pt-BR","potentialAction":[{"@type":"ReadAction","target":["https:\/\/www.suno.com.br\/noticias\/ibovespa-recorde-164-mil-mt\/"]}]},{"@type":"ImageObject","inLanguage":"pt-BR","@id":"https:\/\/www.suno.com.br\/noticias\/ibovespa-recorde-164-mil-mt\/#primaryimage","url":"https:\/\/files.sunoresearch.com.br\/n\/uploads\/2025\/12\/ibovespa-1-jpg.webp","contentUrl":"https:\/\/files.sunoresearch.com.br\/n\/uploads\/2025\/12\/ibovespa-1-jpg.webp","width":1280,"height":853,"caption":"Ibovespa fecha em alta. Foto: Pixabay"},{"@type":"BreadcrumbList","@id":"https:\/\/www.suno.com.br\/noticias\/ibovespa-recorde-164-mil-mt\/#breadcrumb","itemListElement":[{"@type":"ListItem","position":1,"name":"Not\u00edcias","item":"https:\/\/www.suno.com.br\/noticias\/"},{"@type":"ListItem","position":2,"name":"Neg\u00f3cios","item":"https:\/\/www.suno.com.br\/noticias\/negocios\/"},{"@type":"ListItem","position":3,"name":"Ibovespa liga modo turbo e emenda terceiro recorde acima dos 164 mil pontos"}]},{"@type":"WebSite","@id":"https:\/\/www.suno.com.br\/noticias\/#website","url":"https:\/\/www.suno.com.br\/noticias\/","name":"Suno Not\u00edcias","description":"Seu portal de informa\u00e7\u00e3o sobre o mundo dos investimentos","publisher":{"@id":"https:\/\/www.suno.com.br\/noticias\/#organization"},"potentialAction":[{"@type":"SearchAction","target":{"@type":"EntryPoint","urlTemplate":"https:\/\/www.suno.com.br\/noticias\/?s={search_term_string}"},"query-input":{"@type":"PropertyValueSpecification","valueRequired":true,"valueName":"search_term_string"}}],"inLanguage":"pt-BR"},{"@type":"Organization","@id":"https:\/\/www.suno.com.br\/noticias\/#organization","name":"Suno Not\u00edcias","url":"https:\/\/www.suno.com.br\/noticias\/","logo":{"@type":"ImageObject","inLanguage":"pt-BR","@id":"https:\/\/www.suno.com.br\/noticias\/#\/schema\/logo\/image\/","url":"https:\/\/files.sunoresearch.com.br\/n\/uploads\/2021\/09\/suno-logo.png","contentUrl":"https:\/\/files.sunoresearch.com.br\/n\/uploads\/2021\/09\/suno-logo.png","width":180,"height":180,"caption":"Suno Not\u00edcias"},"image":{"@id":"https:\/\/www.suno.com.br\/noticias\/#\/schema\/logo\/image\/"},"sameAs":["https:\/\/facebook.com\/sunoresearch","https:\/\/x.com\/sunoresearch","https:\/\/www.instagram.com\/suno","https:\/\/www.linkedin.com\/company\/suno-research\/","https:\/\/www.youtube.com\/c\/sunoresearch"]},{"@type":"Person","@id":"https:\/\/www.suno.com.br\/noticias\/#\/schema\/person\/0a8b51292bb96ee5f104094c0907eaef","name":"Ma\u00edra Telles","image":{"@type":"ImageObject","inLanguage":"pt-BR","@id":"https:\/\/www.suno.com.br\/noticias\/#\/schema\/person\/image\/","url":"https:\/\/secure.gravatar.com\/avatar\/8d13691eab6abc1d1050b62a4c2a6116?s=96&r=g","contentUrl":"https:\/\/secure.gravatar.com\/avatar\/8d13691eab6abc1d1050b62a4c2a6116?s=96&r=g","caption":"Ma\u00edra Telles"},"description":"Jornalista com passagem por reda\u00e7\u00f5es como ESPN, especializa\u00e7\u00e3o em marketing digital e em gest\u00e3o de crise. Com foco no mercado financeiro e no setor agropecu\u00e1rio, desenvolve conte\u00fados estrat\u00e9gicos e especializados para m\u00faltiplas plataformas, unindo an\u00e1lise de investimentos e neg\u00f3cios","url":"https:\/\/www.suno.com.br\/noticias\/author\/mairaftellesgmail-com\/"}]}},"default_loop_html":"<div class=\"cardsPage__listCard__boxs\"><div class=\"cardsPage__listCard__boxs__img\"><a href=\"https:\/\/www.suno.com.br\/noticias\/ibovespa-recorde-164-mil-mt\/\"><img class=\"mask\" src=\"https:\/\/www.suno.com.br\/noticias\/wp-content\/themes\/suno\/resources\/images\/spotlight\/spotlight1img\/bg-mask.png\" alt=\"Image Mask\"\/><img src=\"https:\/\/files.sunoresearch.com.br\/n\/uploads\/2025\/12\/ibovespa-1-400x200.webp\" alt=\"Ibovespa liga modo turbo e emenda terceiro recorde acima dos 164 mil pontos\"\/><\/a><span class=\"spotlightCategory\"><a href=\"https:\/\/www.suno.com.br\/noticias\/uncategorized\/\">Mercado Financeiro<\/a><\/span><\/div><div class=\"cardsPage__listCard__boxs__content\"><a href=\"https:\/\/www.suno.com.br\/noticias\/ibovespa-recorde-164-mil-mt\/\"><h2 class=\"content__title\">Ibovespa liga modo turbo e emenda terceiro recorde acima dos 164 mil pontos<\/h2><\/a><div class=\"newsContent__article__meta\"><div class=\"newsContent__article__meta__authorBox\"><a href=\"https:\/\/www.suno.com.br\/noticias\/author\/mairaftellesgmail-com\/\" class=\"authorBox__avatar noMobi\"><img src=\"https:\/\/secure.gravatar.com\/avatar\/8d13691eab6abc1d1050b62a4c2a6116?s=96&#038;r=g\" alt=\"Ma\u00edra Telles\"><\/a><div class=\"authorBox__name\"><span>por\n\t\t\t<a href=\"https:\/\/www.suno.com.br\/noticias\/author\/mairaftellesgmail-com\/\"><span itemprop=\"author\">Ma\u00edra Telles<\/span><\/a><\/span><time datetime=\"2025-12-04T19:55:08-03:00\" itemprop=\"datePublished\">04\/12\/2025 19:55<\/time><\/div><\/div><\/div><\/div><\/div>","single_layout":"posts","amp_enabled":true,"_links":{"self":[{"href":"https:\/\/www.suno.com.br\/noticias\/wp-json\/wp\/v2\/posts\/634600"}],"collection":[{"href":"https:\/\/www.suno.com.br\/noticias\/wp-json\/wp\/v2\/posts"}],"about":[{"href":"https:\/\/www.suno.com.br\/noticias\/wp-json\/wp\/v2\/types\/post"}],"author":[{"embeddable":true,"href":"https:\/\/www.suno.com.br\/noticias\/wp-json\/wp\/v2\/users\/402"}],"replies":[{"embeddable":true,"href":"https:\/\/www.suno.com.br\/noticias\/wp-json\/wp\/v2\/comments?post=634600"}],"version-history":[{"count":0,"href":"https:\/\/www.suno.com.br\/noticias\/wp-json\/wp\/v2\/posts\/634600\/revisions"}],"wp:featuredmedia":[{"embeddable":true,"href":"https:\/\/www.suno.com.br\/noticias\/wp-json\/wp\/v2\/media\/634601"}],"wp:attachment":[{"href":"https:\/\/www.suno.com.br\/noticias\/wp-json\/wp\/v2\/media?parent=634600"}],"wp:term":[{"taxonomy":"category","embeddable":true,"href":"https:\/\/www.suno.com.br\/noticias\/wp-json\/wp\/v2\/categories?post=634600"},{"taxonomy":"post_tag","embeddable":true,"href":"https:\/\/www.suno.com.br\/noticias\/wp-json\/wp\/v2\/tags?post=634600"},{"taxonomy":"suno_strategy","embeddable":true,"href":"https:\/\/www.suno.com.br\/noticias\/wp-json\/wp\/v2\/suno_strategy?post=634600"}],"curies":[{"name":"wp","href":"https:\/\/api.w.org\/{rel}","templated":true}]}}