{"id":634361,"date":"2025-12-03T11:36:00","date_gmt":"2025-12-03T14:36:00","guid":{"rendered":"https:\/\/www.suno.com.br\/noticias\/?p=634361"},"modified":"2025-12-03T12:33:38","modified_gmt":"2025-12-03T15:33:38","slug":"vendas-no-varejo-para-o-natal-devem-somar-r-7271-bi-go","status":"publish","type":"post","link":"https:\/\/www.suno.com.br\/noticias\/vendas-no-varejo-para-o-natal-devem-somar-r-7271-bi-go\/","title":{"rendered":"Vendas no varejo para o Natal devem somar R$ 72,71 bi e crescer 2,1% ante 2024, aponta CNC"},"content":{"rendered":"<p>As <strong>vendas no varejo<\/strong> para o Natal deste ano devem alcan\u00e7ar R$ 72,71 bilh\u00f5es, alta de 2,1% em rela\u00e7\u00e3o \u00e0 mesma data de 2024, j\u00e1 descontada a infla\u00e7\u00e3o do per\u00edodo. A proje\u00e7\u00e3o foi divulgada nesta quarta-feira pela Confedera\u00e7\u00e3o Nacional do Com\u00e9rcio de Bens, Servi\u00e7os e Turismo (CNC).<\/p>\t<div class=\"wrapper-featured-image\">\n\t\t<figure class=\"spotlightImg\">\n\n\t\t\t<picture>\n\t\t\t\t<source media=\"(max-width: 768px)\" srcset=\"https:\/\/files.sunoresearch.com.br\/n\/uploads\/2023\/11\/dividendos-dezembro-natal-400x200.jpg\">\n\t\t\t\t<img loading=\"lazy\" decoding=\"async\" class=\"newsContent__article__imgCapa lazyloadDisabled \" src=\"https:\/\/files.sunoresearch.com.br\/n\/uploads\/2023\/11\/dividendos-dezembro-natal-800x450.jpg\" width=\"800\" height=\"450\" alt=\"Vendas no varejo para o Natal devem somar R$ 72,71 bi e crescer 2,1% ante 2024, aponta CNC\" fetchpriority=high \/>\n\t\t\t<\/picture>\n\n\t\t\t<figcaption class=\"wp-caption-text wp-caption-text--show\">Dividendos de Natal em dezembro - Foto: iStock<\/figcaption>\n\t\t<\/figure>\n\t<\/div>\n\n\n\n\n\n\n\n\t<p>\n\t\t<a href=\"https:\/\/lp.suno.com.br\/planilha-da-vida-financeira\/\" target=\"_blank\" data-element=\"shortcode-suno-banner\" title=\"Banner SUNO, clique e saiba mais\">\n\t\t\t<picture>\n\t\t\t\t<source media=\"(max-width: 500px)\" srcset=\"https:\/\/files.sunoresearch.com.br\/n\/uploads\/2023\/04\/400x300-Planilha-vida-financeira-true.png\">\n\t\t\t\t<img class=\"newsContent__article__imgCapa newsContent__article__imgCapa--banner\"\n\t\t\t\t\tsrc=\"https:\/\/files.sunoresearch.com.br\/n\/uploads\/2023\/04\/1420x240-Planilha-vida-financeira-true.png\"\n\t\t\t\t\tdata-promo-id=\"106682\"\t\t\t\t\t\t\t\t\t\twidth='1420' height='240'\t\t\t\t\talt=\"https:\/\/files.sunoresearch.com.br\/n\/uploads\/2023\/04\/1420x240-Planilha-vida-financeira-true.png\"\n\t\t\t\t>\n\t\t\t<\/picture>\n\t\t<\/a>\n\t<\/p>\n\n\n\n\n\n<p>Os supermercados concentrar\u00e3o parte significativa do volume vendido para a data, R$ 31,51 bilh\u00f5es, 43,3% do total previsto para o varejo, seguidos pelas lojas de vestu\u00e1rio e de cal\u00e7ados, com estimativa de R$ 22,82 bilh\u00f5es em vendas, 31,4% da proje\u00e7\u00e3o.<\/p>\n\n\n\n<p>Caso seja confirmada a previs\u00e3o, o ano de 2025 representar\u00e1 o melhor Natal para o com\u00e9rcio brasileiro desde 2014, quando o volume vendido somou R$ 77,26 bilh\u00f5es.<\/p>\n\n\n\n<p>&#8220;Em um ano de desacelera\u00e7\u00e3o da economia e do com\u00e9rcio, a estimativa representa esperan\u00e7a para os varejistas, que podem compensar uma parte das dificuldades causadas pelo alto custo de acesso ao cr\u00e9dito e endividamento da popula\u00e7\u00e3o no Brasil ao longo de 2025&#8221;, avaliou o presidente do Sistema CNC-Sesc-Senac, Jos\u00e9 Roberto Tadros, em nota oficial.<\/p>\n\n\n\n<p>A CNC estima uma abertura de 112,6 mil vagas tempor\u00e1rias para o Natal deste ano, um aumento de cerca de 5% ante os 107,1 mil tempor\u00e1rios contratados no ano anterior. Os empres\u00e1rios estimam que 11% dos novos trabalhadores tempor\u00e1rios devem ser efetivados, o equivalente a 12,1 mil novos postos efetivos.<\/p>\n\n\n\t<p>\n\t\t<a href=\"https:\/\/lp.suno.com.br\/ebook-como-analisar-uma-acao\/\" target=\"_blank\" data-element=\"shortcode-suno-banner\" title=\"Banner SUNO, clique e saiba mais\">\n\t\t\t<picture>\n\t\t\t\t<source media=\"(max-width: 500px)\" srcset=\"https:\/\/files.sunoresearch.com.br\/n\/uploads\/2023\/03\/Ebook-Acoes-Mobile.jpg\">\n\t\t\t\t<img class=\"newsContent__article__imgCapa newsContent__article__imgCapa--banner\"\n\t\t\t\t\tsrc=\"https:\/\/files.sunoresearch.com.br\/n\/uploads\/2023\/03\/Ebook-Acoes-Desktop.jpg\"\n\t\t\t\t\tdata-promo-id=\"378302\"\t\t\t\t\t\t\t\t\t\twidth='1420' height='286'\t\t\t\t\talt=\"https:\/\/files.sunoresearch.com.br\/n\/uploads\/2023\/03\/Ebook-Acoes-Desktop.jpg\"\n\t\t\t\t>\n\t\t\t<\/picture>\n\t\t<\/a>\n\t<\/p>\n\n\n\n\n\n<p>&#8220;Esta varia\u00e7\u00e3o positiva foi detectada ainda no \u00cdndice de Confian\u00e7a do Empres\u00e1rio do Com\u00e9rcio (Icec) de novembro, pesquisa para a qual 70% dos comerciantes entrevistados afirmaram estar projetando contrata\u00e7\u00f5es para o per\u00edodo de boas vendas que se inicia na Black Friday e vai at\u00e9 o Natal. Essas oportunidades podem gerar impacto positivo em curto e m\u00e9dio prazo, pois a estabilidade no baixo desemprego no Pa\u00eds \u00e9 um dos fatores necess\u00e1rios para melhorias na economia em 2026&#8221;, explicou o economista-chefe da CNC, Fabio Bentes, em nota.<\/p>\n\n\n\n<p>O segmento de hipermercados e supermercados deve ser respons\u00e1vel por metade (49,42%) das vagas tempor\u00e1rias, seguido por lojas de vestu\u00e1rio e cal\u00e7ados (22,58%) e utilidades dom\u00e9sticas e eletroeletr\u00f4nicos (16,82%).<\/p>\n\n\n\n<p>A remunera\u00e7\u00e3o m\u00e9dia desses trabalhadores deve alcan\u00e7ar R$ 1.983,54, aumento de 7,4% em rela\u00e7\u00e3o \u00e0s vagas tempor\u00e1rias de 2025.<\/p>\n\n\n\n<p>A cesta t\u00edpica de produtos relacionados ao Natal teve um aumento m\u00e9dio de 2,5% em rela\u00e7\u00e3o \u00e0 mesma data do ano passado. Entre poss\u00edveis presentes, est\u00e3o mais caros neste ano itens como joias e bijuterias (+20,5%), artigos de maquiagem (+8,4%) e livros (+7,2%), enquanto ficaram mais baratos os aparelhos telef\u00f4nicos (-7,2%), TVs, aparelhos de som e de inform\u00e1tica (-4,5%) e vinhos (-1,2%).<\/p>\n\n\n\n<p class=\"newsProviderSignature\">Com Estad\u00e3o Conte\u00fado<\/p>\n\n\n\t<p>\n\t\t<a href=\"https:\/\/lp.suno.com.br\/planilha-da-vida-financeira\/\" target=\"_blank\" data-element=\"shortcode-suno-banner\" title=\"Banner SUNO, clique e saiba mais\">\n\t\t\t<picture>\n\t\t\t\t<source media=\"(max-width: 500px)\" srcset=\"https:\/\/files.sunoresearch.com.br\/n\/uploads\/2023\/04\/400x300-Planilha-vida-financeira-true.png\">\n\t\t\t\t<img class=\"newsContent__article__imgCapa newsContent__article__imgCapa--banner\"\n\t\t\t\t\tsrc=\"https:\/\/files.sunoresearch.com.br\/n\/uploads\/2023\/04\/1420x240-Planilha-vida-financeira-true.png\"\n\t\t\t\t\tdata-promo-id=\"383123\"\t\t\t\t\t\t\t\t\t\twidth='1420' height='240'\t\t\t\t\talt=\"https:\/\/files.sunoresearch.com.br\/n\/uploads\/2023\/04\/1420x240-Planilha-vida-financeira-true.png\"\n\t\t\t\t>\n\t\t\t<\/picture>\n\t\t<\/a>\n\t<\/p>\n\n\n","protected":false},"excerpt":{"rendered":"<p>As vendas no varejo para o Natal deste ano devem alcan\u00e7ar R$ 72,71 bilh\u00f5es, alta de 2,1% em rela\u00e7\u00e3o \u00e0 mesma data de 2024, j\u00e1 descontada a infla\u00e7\u00e3o do per\u00edodo. A proje\u00e7\u00e3o foi divulgada nesta quarta-feira pela Confedera\u00e7\u00e3o Nacional do Com\u00e9rcio de Bens, Servi\u00e7os e Turismo (CNC). Dividendos de Natal em dezembro &#8211; Foto: iStock [&hellip;]<\/p>\n","protected":false},"author":43,"featured_media":493339,"comment_status":"closed","ping_status":"closed","sticky":false,"template":"","format":"standard","meta":[],"categories":[64],"tags":[803],"suno_strategy":[],"class_list":["post-634361","post","type-post","status-publish","format-standard","has-post-thumbnail","hentry","category-negocios","tag-varejo"],"yoast_head":"<!-- This site is optimized with the Yoast SEO plugin v24.4 - https:\/\/yoast.com\/wordpress\/plugins\/seo\/ -->\n<title>Vendas no varejo para o Natal devem somar R$ 72,71 bi<\/title>\n<meta name=\"description\" content=\"As vendas no varejo para o Natal deste ano devem alcan\u00e7ar R$ 72,71 bilh\u00f5es, alta de 2,1% em rela\u00e7\u00e3o \u00e0 mesma data de 2024. Entenda.\" \/>\n<meta name=\"robots\" content=\"index, follow, max-snippet:-1, max-image-preview:large, max-video-preview:-1\" \/>\n<link rel=\"canonical\" href=\"https:\/\/www.suno.com.br\/noticias\/vendas-no-varejo-para-o-natal-devem-somar-r-7271-bi-go\/\" \/>\n<meta property=\"og:locale\" content=\"pt_BR\" \/>\n<meta property=\"og:type\" content=\"article\" \/>\n<meta property=\"og:title\" content=\"Vendas no varejo para o Natal devem somar R$ 72,71 bi\" \/>\n<meta property=\"og:description\" content=\"As vendas no varejo para o Natal deste ano devem alcan\u00e7ar R$ 72,71 bilh\u00f5es, alta de 2,1% em rela\u00e7\u00e3o \u00e0 mesma data de 2024. Entenda.\" \/>\n<meta property=\"og:url\" content=\"https:\/\/www.suno.com.br\/noticias\/vendas-no-varejo-para-o-natal-devem-somar-r-7271-bi-go\/\" \/>\n<meta property=\"og:site_name\" content=\"Suno Not\u00edcias\" \/>\n<meta property=\"article:publisher\" content=\"https:\/\/facebook.com\/sunoresearch\" \/>\n<meta property=\"article:author\" content=\"https:\/\/www.facebook.com\/sunonoticias\/\" \/>\n<meta property=\"og:image\" content=\"https:\/\/files.sunoresearch.com.br\/n\/uploads\/2023\/11\/dividendos-dezembro-natal.jpg\" \/>\n\t<meta property=\"og:image:width\" content=\"1208\" \/>\n\t<meta property=\"og:image:height\" content=\"800\" \/>\n\t<meta property=\"og:image:type\" content=\"image\/jpeg\" \/>\n<meta name=\"author\" content=\"Reda\u00e7\u00e3o Suno Not\u00edcias\" \/>\n<meta name=\"twitter:card\" content=\"summary_large_image\" \/>\n<meta name=\"twitter:creator\" content=\"@https:\/\/twitter.com\/sunoresearch\" \/>\n<meta name=\"twitter:site\" content=\"@sunoresearch\" \/>\n<meta name=\"twitter:label1\" content=\"Escrito por\" \/>\n\t<meta name=\"twitter:data1\" content=\"Reda\u00e7\u00e3o Suno Not\u00edcias\" \/>\n\t<meta name=\"twitter:label2\" content=\"Est. tempo de leitura\" \/>\n\t<meta name=\"twitter:data2\" content=\"3 minutos\" \/>\n<script type=\"application\/ld+json\" class=\"yoast-schema-graph\">{\"@context\":\"https:\/\/schema.org\",\"@graph\":[{\"@type\":\"NewsArticle\",\"@id\":\"https:\/\/www.suno.com.br\/noticias\/vendas-no-varejo-para-o-natal-devem-somar-r-7271-bi-go\/#article\",\"isPartOf\":{\"@id\":\"https:\/\/www.suno.com.br\/noticias\/vendas-no-varejo-para-o-natal-devem-somar-r-7271-bi-go\/\"},\"author\":{\"name\":\"Reda\u00e7\u00e3o Suno Not\u00edcias\",\"@id\":\"https:\/\/www.suno.com.br\/noticias\/#\/schema\/person\/c1b1bd3727fa852bd045e9dbff3673ea\"},\"headline\":\"Vendas no varejo para o Natal devem somar R$ 72,71 bi e crescer 2,1% ante 2024, aponta CNC\",\"datePublished\":\"2025-12-03T14:36:00+00:00\",\"dateModified\":\"2025-12-03T15:33:38+00:00\",\"mainEntityOfPage\":{\"@id\":\"https:\/\/www.suno.com.br\/noticias\/vendas-no-varejo-para-o-natal-devem-somar-r-7271-bi-go\/\"},\"wordCount\":465,\"publisher\":{\"@id\":\"https:\/\/www.suno.com.br\/noticias\/#organization\"},\"image\":{\"@id\":\"https:\/\/www.suno.com.br\/noticias\/vendas-no-varejo-para-o-natal-devem-somar-r-7271-bi-go\/#primaryimage\"},\"thumbnailUrl\":\"https:\/\/files.sunoresearch.com.br\/n\/uploads\/2023\/11\/dividendos-dezembro-natal.jpg\",\"keywords\":[\"varejo\"],\"articleSection\":[\"Neg\u00f3cios\"],\"inLanguage\":\"pt-BR\"},{\"@type\":\"WebPage\",\"@id\":\"https:\/\/www.suno.com.br\/noticias\/vendas-no-varejo-para-o-natal-devem-somar-r-7271-bi-go\/\",\"url\":\"https:\/\/www.suno.com.br\/noticias\/vendas-no-varejo-para-o-natal-devem-somar-r-7271-bi-go\/\",\"name\":\"Vendas no varejo para o Natal devem somar R$ 72,71 bi\",\"isPartOf\":{\"@id\":\"https:\/\/www.suno.com.br\/noticias\/#website\"},\"primaryImageOfPage\":{\"@id\":\"https:\/\/www.suno.com.br\/noticias\/vendas-no-varejo-para-o-natal-devem-somar-r-7271-bi-go\/#primaryimage\"},\"image\":{\"@id\":\"https:\/\/www.suno.com.br\/noticias\/vendas-no-varejo-para-o-natal-devem-somar-r-7271-bi-go\/#primaryimage\"},\"thumbnailUrl\":\"https:\/\/files.sunoresearch.com.br\/n\/uploads\/2023\/11\/dividendos-dezembro-natal.jpg\",\"datePublished\":\"2025-12-03T14:36:00+00:00\",\"dateModified\":\"2025-12-03T15:33:38+00:00\",\"description\":\"As vendas no varejo para o Natal deste ano devem alcan\u00e7ar R$ 72,71 bilh\u00f5es, alta de 2,1% em rela\u00e7\u00e3o \u00e0 mesma data de 2024. Entenda.\",\"breadcrumb\":{\"@id\":\"https:\/\/www.suno.com.br\/noticias\/vendas-no-varejo-para-o-natal-devem-somar-r-7271-bi-go\/#breadcrumb\"},\"inLanguage\":\"pt-BR\",\"potentialAction\":[{\"@type\":\"ReadAction\",\"target\":[\"https:\/\/www.suno.com.br\/noticias\/vendas-no-varejo-para-o-natal-devem-somar-r-7271-bi-go\/\"]}]},{\"@type\":\"ImageObject\",\"inLanguage\":\"pt-BR\",\"@id\":\"https:\/\/www.suno.com.br\/noticias\/vendas-no-varejo-para-o-natal-devem-somar-r-7271-bi-go\/#primaryimage\",\"url\":\"https:\/\/files.sunoresearch.com.br\/n\/uploads\/2023\/11\/dividendos-dezembro-natal.jpg\",\"contentUrl\":\"https:\/\/files.sunoresearch.com.br\/n\/uploads\/2023\/11\/dividendos-dezembro-natal.jpg\",\"width\":1208,\"height\":800,\"caption\":\"Dividendos de Natal em dezembro - Foto: iStock\"},{\"@type\":\"BreadcrumbList\",\"@id\":\"https:\/\/www.suno.com.br\/noticias\/vendas-no-varejo-para-o-natal-devem-somar-r-7271-bi-go\/#breadcrumb\",\"itemListElement\":[{\"@type\":\"ListItem\",\"position\":1,\"name\":\"Not\u00edcias\",\"item\":\"https:\/\/www.suno.com.br\/noticias\/\"},{\"@type\":\"ListItem\",\"position\":2,\"name\":\"Neg\u00f3cios\",\"item\":\"https:\/\/www.suno.com.br\/noticias\/negocios\/\"},{\"@type\":\"ListItem\",\"position\":3,\"name\":\"Vendas no varejo para o Natal devem somar R$ 72,71 bi e crescer 2,1% ante 2024, aponta CNC\"}]},{\"@type\":\"WebSite\",\"@id\":\"https:\/\/www.suno.com.br\/noticias\/#website\",\"url\":\"https:\/\/www.suno.com.br\/noticias\/\",\"name\":\"Suno Not\u00edcias\",\"description\":\"Seu portal de informa\u00e7\u00e3o sobre o mundo dos investimentos\",\"publisher\":{\"@id\":\"https:\/\/www.suno.com.br\/noticias\/#organization\"},\"potentialAction\":[{\"@type\":\"SearchAction\",\"target\":{\"@type\":\"EntryPoint\",\"urlTemplate\":\"https:\/\/www.suno.com.br\/noticias\/?s={search_term_string}\"},\"query-input\":{\"@type\":\"PropertyValueSpecification\",\"valueRequired\":true,\"valueName\":\"search_term_string\"}}],\"inLanguage\":\"pt-BR\"},{\"@type\":\"Organization\",\"@id\":\"https:\/\/www.suno.com.br\/noticias\/#organization\",\"name\":\"Suno Not\u00edcias\",\"url\":\"https:\/\/www.suno.com.br\/noticias\/\",\"logo\":{\"@type\":\"ImageObject\",\"inLanguage\":\"pt-BR\",\"@id\":\"https:\/\/www.suno.com.br\/noticias\/#\/schema\/logo\/image\/\",\"url\":\"https:\/\/files.sunoresearch.com.br\/n\/uploads\/2021\/09\/suno-logo.png\",\"contentUrl\":\"https:\/\/files.sunoresearch.com.br\/n\/uploads\/2021\/09\/suno-logo.png\",\"width\":180,\"height\":180,\"caption\":\"Suno Not\u00edcias\"},\"image\":{\"@id\":\"https:\/\/www.suno.com.br\/noticias\/#\/schema\/logo\/image\/\"},\"sameAs\":[\"https:\/\/facebook.com\/sunoresearch\",\"https:\/\/x.com\/sunoresearch\",\"https:\/\/www.instagram.com\/suno\",\"https:\/\/www.linkedin.com\/company\/suno-research\/\",\"https:\/\/www.youtube.com\/c\/sunoresearch\"]},{\"@type\":\"Person\",\"@id\":\"https:\/\/www.suno.com.br\/noticias\/#\/schema\/person\/c1b1bd3727fa852bd045e9dbff3673ea\",\"name\":\"Reda\u00e7\u00e3o Suno Not\u00edcias\",\"image\":{\"@type\":\"ImageObject\",\"inLanguage\":\"pt-BR\",\"@id\":\"https:\/\/www.suno.com.br\/noticias\/#\/schema\/person\/image\/\",\"url\":\"https:\/\/secure.gravatar.com\/avatar\/b8104b9b5a71985d5238ee59fbe418af?s=96&r=g\",\"contentUrl\":\"https:\/\/secure.gravatar.com\/avatar\/b8104b9b5a71985d5238ee59fbe418af?s=96&r=g\",\"caption\":\"Reda\u00e7\u00e3o Suno Not\u00edcias\"},\"description\":\"O Suno Not\u00edcias \u00e9 um portal de informa\u00e7\u00f5es sobre Mercado Financeiro, Pol\u00edtica, Neg\u00f3cios, Economia e Finan\u00e7as Pessoais.\",\"sameAs\":[\"https:\/\/www.suno.com.br\/noticias\",\"https:\/\/www.facebook.com\/sunonoticias\/\",\"https:\/\/www.instagram.com\/sunonoticias\/\",\"https:\/\/x.com\/https:\/\/twitter.com\/sunoresearch\",\"https:\/\/www.youtube.com\/sunonoticias\"],\"url\":\"https:\/\/www.suno.com.br\/noticias\/author\/redacao-suno\/\"}]}<\/script>\n<!-- \/ Yoast SEO plugin. -->","yoast_head_json":{"title":"Vendas no varejo para o Natal devem somar R$ 72,71 bi","description":"As vendas no varejo para o Natal deste ano devem alcan\u00e7ar R$ 72,71 bilh\u00f5es, alta de 2,1% em rela\u00e7\u00e3o \u00e0 mesma data de 2024. Entenda.","robots":{"index":"index","follow":"follow","max-snippet":"max-snippet:-1","max-image-preview":"max-image-preview:large","max-video-preview":"max-video-preview:-1"},"canonical":"https:\/\/www.suno.com.br\/noticias\/vendas-no-varejo-para-o-natal-devem-somar-r-7271-bi-go\/","og_locale":"pt_BR","og_type":"article","og_title":"Vendas no varejo para o Natal devem somar R$ 72,71 bi","og_description":"As vendas no varejo para o Natal deste ano devem alcan\u00e7ar R$ 72,71 bilh\u00f5es, alta de 2,1% em rela\u00e7\u00e3o \u00e0 mesma data de 2024. Entenda.","og_url":"https:\/\/www.suno.com.br\/noticias\/vendas-no-varejo-para-o-natal-devem-somar-r-7271-bi-go\/","og_site_name":"Suno Not\u00edcias","article_publisher":"https:\/\/facebook.com\/sunoresearch","article_author":"https:\/\/www.facebook.com\/sunonoticias\/","og_image":[{"width":1208,"height":800,"url":"https:\/\/files.sunoresearch.com.br\/n\/uploads\/2023\/11\/dividendos-dezembro-natal.jpg","type":"image\/jpeg"}],"author":"Reda\u00e7\u00e3o Suno Not\u00edcias","twitter_card":"summary_large_image","twitter_creator":"@https:\/\/twitter.com\/sunoresearch","twitter_site":"@sunoresearch","twitter_misc":{"Escrito por":"Reda\u00e7\u00e3o Suno Not\u00edcias","Est. tempo de leitura":"3 minutos"},"schema":{"@context":"https:\/\/schema.org","@graph":[{"@type":"NewsArticle","@id":"https:\/\/www.suno.com.br\/noticias\/vendas-no-varejo-para-o-natal-devem-somar-r-7271-bi-go\/#article","isPartOf":{"@id":"https:\/\/www.suno.com.br\/noticias\/vendas-no-varejo-para-o-natal-devem-somar-r-7271-bi-go\/"},"author":{"name":"Reda\u00e7\u00e3o Suno Not\u00edcias","@id":"https:\/\/www.suno.com.br\/noticias\/#\/schema\/person\/c1b1bd3727fa852bd045e9dbff3673ea"},"headline":"Vendas no varejo para o Natal devem somar R$ 72,71 bi e crescer 2,1% ante 2024, aponta CNC","datePublished":"2025-12-03T14:36:00+00:00","dateModified":"2025-12-03T15:33:38+00:00","mainEntityOfPage":{"@id":"https:\/\/www.suno.com.br\/noticias\/vendas-no-varejo-para-o-natal-devem-somar-r-7271-bi-go\/"},"wordCount":465,"publisher":{"@id":"https:\/\/www.suno.com.br\/noticias\/#organization"},"image":{"@id":"https:\/\/www.suno.com.br\/noticias\/vendas-no-varejo-para-o-natal-devem-somar-r-7271-bi-go\/#primaryimage"},"thumbnailUrl":"https:\/\/files.sunoresearch.com.br\/n\/uploads\/2023\/11\/dividendos-dezembro-natal.jpg","keywords":["varejo"],"articleSection":["Neg\u00f3cios"],"inLanguage":"pt-BR"},{"@type":"WebPage","@id":"https:\/\/www.suno.com.br\/noticias\/vendas-no-varejo-para-o-natal-devem-somar-r-7271-bi-go\/","url":"https:\/\/www.suno.com.br\/noticias\/vendas-no-varejo-para-o-natal-devem-somar-r-7271-bi-go\/","name":"Vendas no varejo para o Natal devem somar R$ 72,71 bi","isPartOf":{"@id":"https:\/\/www.suno.com.br\/noticias\/#website"},"primaryImageOfPage":{"@id":"https:\/\/www.suno.com.br\/noticias\/vendas-no-varejo-para-o-natal-devem-somar-r-7271-bi-go\/#primaryimage"},"image":{"@id":"https:\/\/www.suno.com.br\/noticias\/vendas-no-varejo-para-o-natal-devem-somar-r-7271-bi-go\/#primaryimage"},"thumbnailUrl":"https:\/\/files.sunoresearch.com.br\/n\/uploads\/2023\/11\/dividendos-dezembro-natal.jpg","datePublished":"2025-12-03T14:36:00+00:00","dateModified":"2025-12-03T15:33:38+00:00","description":"As vendas no varejo para o Natal deste ano devem alcan\u00e7ar R$ 72,71 bilh\u00f5es, alta de 2,1% em rela\u00e7\u00e3o \u00e0 mesma data de 2024. Entenda.","breadcrumb":{"@id":"https:\/\/www.suno.com.br\/noticias\/vendas-no-varejo-para-o-natal-devem-somar-r-7271-bi-go\/#breadcrumb"},"inLanguage":"pt-BR","potentialAction":[{"@type":"ReadAction","target":["https:\/\/www.suno.com.br\/noticias\/vendas-no-varejo-para-o-natal-devem-somar-r-7271-bi-go\/"]}]},{"@type":"ImageObject","inLanguage":"pt-BR","@id":"https:\/\/www.suno.com.br\/noticias\/vendas-no-varejo-para-o-natal-devem-somar-r-7271-bi-go\/#primaryimage","url":"https:\/\/files.sunoresearch.com.br\/n\/uploads\/2023\/11\/dividendos-dezembro-natal.jpg","contentUrl":"https:\/\/files.sunoresearch.com.br\/n\/uploads\/2023\/11\/dividendos-dezembro-natal.jpg","width":1208,"height":800,"caption":"Dividendos de Natal em dezembro - Foto: iStock"},{"@type":"BreadcrumbList","@id":"https:\/\/www.suno.com.br\/noticias\/vendas-no-varejo-para-o-natal-devem-somar-r-7271-bi-go\/#breadcrumb","itemListElement":[{"@type":"ListItem","position":1,"name":"Not\u00edcias","item":"https:\/\/www.suno.com.br\/noticias\/"},{"@type":"ListItem","position":2,"name":"Neg\u00f3cios","item":"https:\/\/www.suno.com.br\/noticias\/negocios\/"},{"@type":"ListItem","position":3,"name":"Vendas no varejo para o Natal devem somar R$ 72,71 bi e crescer 2,1% ante 2024, aponta CNC"}]},{"@type":"WebSite","@id":"https:\/\/www.suno.com.br\/noticias\/#website","url":"https:\/\/www.suno.com.br\/noticias\/","name":"Suno Not\u00edcias","description":"Seu portal de informa\u00e7\u00e3o sobre o mundo dos investimentos","publisher":{"@id":"https:\/\/www.suno.com.br\/noticias\/#organization"},"potentialAction":[{"@type":"SearchAction","target":{"@type":"EntryPoint","urlTemplate":"https:\/\/www.suno.com.br\/noticias\/?s={search_term_string}"},"query-input":{"@type":"PropertyValueSpecification","valueRequired":true,"valueName":"search_term_string"}}],"inLanguage":"pt-BR"},{"@type":"Organization","@id":"https:\/\/www.suno.com.br\/noticias\/#organization","name":"Suno Not\u00edcias","url":"https:\/\/www.suno.com.br\/noticias\/","logo":{"@type":"ImageObject","inLanguage":"pt-BR","@id":"https:\/\/www.suno.com.br\/noticias\/#\/schema\/logo\/image\/","url":"https:\/\/files.sunoresearch.com.br\/n\/uploads\/2021\/09\/suno-logo.png","contentUrl":"https:\/\/files.sunoresearch.com.br\/n\/uploads\/2021\/09\/suno-logo.png","width":180,"height":180,"caption":"Suno Not\u00edcias"},"image":{"@id":"https:\/\/www.suno.com.br\/noticias\/#\/schema\/logo\/image\/"},"sameAs":["https:\/\/facebook.com\/sunoresearch","https:\/\/x.com\/sunoresearch","https:\/\/www.instagram.com\/suno","https:\/\/www.linkedin.com\/company\/suno-research\/","https:\/\/www.youtube.com\/c\/sunoresearch"]},{"@type":"Person","@id":"https:\/\/www.suno.com.br\/noticias\/#\/schema\/person\/c1b1bd3727fa852bd045e9dbff3673ea","name":"Reda\u00e7\u00e3o Suno Not\u00edcias","image":{"@type":"ImageObject","inLanguage":"pt-BR","@id":"https:\/\/www.suno.com.br\/noticias\/#\/schema\/person\/image\/","url":"https:\/\/secure.gravatar.com\/avatar\/b8104b9b5a71985d5238ee59fbe418af?s=96&r=g","contentUrl":"https:\/\/secure.gravatar.com\/avatar\/b8104b9b5a71985d5238ee59fbe418af?s=96&r=g","caption":"Reda\u00e7\u00e3o Suno Not\u00edcias"},"description":"O Suno Not\u00edcias \u00e9 um portal de informa\u00e7\u00f5es sobre Mercado Financeiro, Pol\u00edtica, Neg\u00f3cios, Economia e Finan\u00e7as Pessoais.","sameAs":["https:\/\/www.suno.com.br\/noticias","https:\/\/www.facebook.com\/sunonoticias\/","https:\/\/www.instagram.com\/sunonoticias\/","https:\/\/x.com\/https:\/\/twitter.com\/sunoresearch","https:\/\/www.youtube.com\/sunonoticias"],"url":"https:\/\/www.suno.com.br\/noticias\/author\/redacao-suno\/"}]}},"default_loop_html":"<div class=\"cardsPage__listCard__boxs\"><div class=\"cardsPage__listCard__boxs__img\"><a href=\"https:\/\/www.suno.com.br\/noticias\/vendas-no-varejo-para-o-natal-devem-somar-r-7271-bi-go\/\"><img class=\"mask\" src=\"https:\/\/www.suno.com.br\/noticias\/wp-content\/themes\/suno\/resources\/images\/spotlight\/spotlight1img\/bg-mask.png\" alt=\"Image Mask\"\/><img src=\"https:\/\/files.sunoresearch.com.br\/n\/uploads\/2023\/11\/dividendos-dezembro-natal-400x200.jpg\" alt=\"Vendas no varejo para o Natal devem somar R$ 72,71 bi e crescer 2,1% ante 2024, aponta CNC\"\/><\/a><span class=\"spotlightCategory\"><a href=\"https:\/\/www.suno.com.br\/noticias\/negocios\/\">Neg\u00f3cios<\/a><\/span><\/div><div class=\"cardsPage__listCard__boxs__content\"><a href=\"https:\/\/www.suno.com.br\/noticias\/vendas-no-varejo-para-o-natal-devem-somar-r-7271-bi-go\/\"><h2 class=\"content__title\">Vendas no varejo para o Natal devem somar R$ 72,71 bi e crescer 2,1% ante 2024, aponta CNC<\/h2><\/a><div class=\"newsContent__article__meta\"><div class=\"newsContent__article__meta__authorBox\"><a href=\"https:\/\/www.suno.com.br\/noticias\/author\/redacao-suno\/\" class=\"authorBox__avatar noMobi\"><img src=\"https:\/\/files.sunoresearch.com.br\/n\/uploads\/2020\/08\/0ace682d-redacao-1-150x150.webp\" alt=\"Reda\u00e7\u00e3o Suno Not\u00edcias\"><\/a><div class=\"authorBox__name\"><span>por\n\t\t\t<a href=\"https:\/\/www.suno.com.br\/noticias\/author\/redacao-suno\/\"><span itemprop=\"author\">Reda\u00e7\u00e3o Suno Not\u00edcias<\/span><\/a><\/span><time datetime=\"2025-12-03T11:36:00-03:00\" itemprop=\"datePublished\">03\/12\/2025 11:36<\/time><\/div><\/div><\/div><\/div><\/div>","single_layout":"posts","amp_enabled":true,"_links":{"self":[{"href":"https:\/\/www.suno.com.br\/noticias\/wp-json\/wp\/v2\/posts\/634361"}],"collection":[{"href":"https:\/\/www.suno.com.br\/noticias\/wp-json\/wp\/v2\/posts"}],"about":[{"href":"https:\/\/www.suno.com.br\/noticias\/wp-json\/wp\/v2\/types\/post"}],"author":[{"embeddable":true,"href":"https:\/\/www.suno.com.br\/noticias\/wp-json\/wp\/v2\/users\/43"}],"replies":[{"embeddable":true,"href":"https:\/\/www.suno.com.br\/noticias\/wp-json\/wp\/v2\/comments?post=634361"}],"version-history":[{"count":2,"href":"https:\/\/www.suno.com.br\/noticias\/wp-json\/wp\/v2\/posts\/634361\/revisions"}],"predecessor-version":[{"id":634376,"href":"https:\/\/www.suno.com.br\/noticias\/wp-json\/wp\/v2\/posts\/634361\/revisions\/634376"}],"wp:featuredmedia":[{"embeddable":true,"href":"https:\/\/www.suno.com.br\/noticias\/wp-json\/wp\/v2\/media\/493339"}],"wp:attachment":[{"href":"https:\/\/www.suno.com.br\/noticias\/wp-json\/wp\/v2\/media?parent=634361"}],"wp:term":[{"taxonomy":"category","embeddable":true,"href":"https:\/\/www.suno.com.br\/noticias\/wp-json\/wp\/v2\/categories?post=634361"},{"taxonomy":"post_tag","embeddable":true,"href":"https:\/\/www.suno.com.br\/noticias\/wp-json\/wp\/v2\/tags?post=634361"},{"taxonomy":"suno_strategy","embeddable":true,"href":"https:\/\/www.suno.com.br\/noticias\/wp-json\/wp\/v2\/suno_strategy?post=634361"}],"curies":[{"name":"wp","href":"https:\/\/api.w.org\/{rel}","templated":true}]}}