{"id":634225,"date":"2025-12-02T11:35:07","date_gmt":"2025-12-02T14:35:07","guid":{"rendered":"https:\/\/www.suno.com.br\/noticias\/vale-age-projecoes-producao-2035-mt\/"},"modified":"2025-12-02T11:35:07","modified_gmt":"2025-12-02T14:35:07","slug":"vale-age-projecoes-producao-2035-mt","status":"publish","type":"post","link":"https:\/\/www.suno.com.br\/noticias\/vale-age-projecoes-producao-2035-mt\/","title":{"rendered":"Vale (VALE3) leva novo plano de produ\u00e7\u00e3o \u00e0 AGE e projeta salto em min\u00e9rio, cobre e n\u00edquel"},"content":{"rendered":"<p><strong>A Vale<\/strong>&nbsp;apresentou aos acionistas, durante a AGE desta semana, um pacote detalhado de proje\u00e7\u00f5es operacionais que deve orientar o desempenho da mineradora nos pr\u00f3ximos anos. O encontro trouxe n\u00fameros atualizados de produ\u00e7\u00e3o, metas para 2025 e 2026, al\u00e9m de indicativos ambiciosos para 2030 e 2035, refor\u00e7ando o foco da companhia em min\u00e9rio de ferro, cobre e n\u00edquel \u2014 tr\u00eas pilares estrat\u00e9gicos para atender a ind\u00fastria global e a transi\u00e7\u00e3o energ\u00e9tica.<\/p>\t<div class=\"wrapper-featured-image\">\n\t\t<figure class=\"spotlightImg\">\n\n\t\t\t<picture>\n\t\t\t\t<source media=\"(max-width: 768px)\" srcset=\"https:\/\/files.sunoresearch.com.br\/n\/uploads\/2025\/12\/vale-vale3-acoes-siderurgia-1-400x200.webp\">\n\t\t\t\t<img loading=\"lazy\" decoding=\"async\" class=\"newsContent__article__imgCapa lazyloadDisabled \" src=\"https:\/\/files.sunoresearch.com.br\/n\/uploads\/2025\/12\/vale-vale3-acoes-siderurgia-1-800x450.webp\" width=\"800\" height=\"450\" alt=\"Vale (VALE3) leva novo plano de produ\u00e7\u00e3o \u00e0 AGE e projeta salto em min\u00e9rio, cobre e n\u00edquel\" fetchpriority=high \/>\n\t\t\t<\/picture>\n\n\t\t\t<figcaption class=\"wp-caption-text wp-caption-text--show\">Vale (VALE3). Foto: Divulga\u00e7\u00e3o.<\/figcaption>\n\t\t<\/figure>\n\t<\/div>\n\n\n\n\n\n\n<p>As diretrizes discutidas na assembleia refor\u00e7am o posicionamento da mineradora diante das press\u00f5es de mercado e das recentes mudan\u00e7as no setor, especialmente em rela\u00e7\u00e3o \u00e0 qualidade do min\u00e9rio, ao controle de custos e \u00e0 rentabilidade dos metais b\u00e1sicos. Com isso, a empresa tenta construir um horizonte mais previs\u00edvel para investidores em um cen\u00e1rio de forte competi\u00e7\u00e3o global.<\/p>\n\n\n\n<h2 class=\"wp-block-heading\"><strong>Proje\u00e7\u00f5es mostram estabilidade no min\u00e9rio e forte expans\u00e3o nos metais b\u00e1sicos<\/strong><\/h2>\n\n\n\n<p>A apresenta\u00e7\u00e3o exibida aos acionistas revela que a\u00a0<a class=\"suno-keyword\" target=\"_blank\" data-force=\"no\" data-priority=\"2\" href=\"https:\/\/www.suno.com.br\/analitica\/acoes\/VALE3\/\" rel=\"noopener\"><strong>Vale (VALE3)<\/strong><\/a>\u00a0espera produzir cerca de\u00a0335 Mt de min\u00e9rio de ferro em 2025, patamar que deve subir para algo pr\u00f3ximo de\u00a0360 Mt em 2030.<br>Os aglomerados devem permanecer est\u00e1veis em torno de\u00a031 Mt\u00a0no pr\u00f3ximo ano, subindo gradualmente para at\u00e9\u00a0<strong>70 Mt<\/strong>em 2030.<\/p>\n\n\n\n<p>J\u00e1 o cobre, um dos ativos mais valorizados pela companhia, apresenta a trajet\u00f3ria mais agressiva:\u00a0370 kt em 2025, avan\u00e7ando para\u00a0420\u2013500 kt em 2030\u00a0e chegando perto de\u00a0700 kt\u00a0em 2035.<br>Em n\u00edquel, a empresa projeta\u00a0175 kt em 2025, com estabilidade at\u00e9 2026 e retomada para\u00a0210\u2013250 kt\u00a0em 2030.<\/p>\n\n\n\n<p>Essas previs\u00f5es respondem a duas press\u00f5es simult\u00e2neas: a busca global por metais ligados \u00e0 descarboniza\u00e7\u00e3o e a necessidade de recuperar competitividade ap\u00f3s anos de volatilidade operacional.<\/p>\n\n\n\n<h2 class=\"wp-block-heading\"><strong>Qualidade, custos e vendas: o que a Vale destacou aos acionistas<\/strong><\/h2>\n\n\n\n<p>Entre os temas mais observados pelo mercado est\u00e1 a evolu\u00e7\u00e3o da&nbsp;<strong>qualidade do min\u00e9rio<\/strong>, que tem peso direto na precifica\u00e7\u00e3o internacional. Para 2025, o teor m\u00e9dio dos produtos de Solu\u00e7\u00f5es de Min\u00e9rio de Ferro deve ficar pr\u00f3ximo de&nbsp;<strong>62,5%<\/strong>, mantendo a estrat\u00e9gia de priorizar blendagens e diferencia\u00e7\u00e3o comercial.<\/p>\n\n\n\n<p>No lado comercial, a Vale projetou vendas de&nbsp;<strong>33 Mt de Caraj\u00e1s M\u00e9dio Teor<\/strong>&nbsp;e&nbsp;<strong>26 Mt de Pellet Feed China<\/strong>&nbsp;para 2025, com crescimento no ano seguinte.<\/p>\n\n\n\n<p>Do ponto de vista financeiro, a mineradora detalhou seus&nbsp;<strong>custos all-in<\/strong>, com destaque para:<\/p>\n\n\n\n<ul class=\"wp-block-list\">\n<li>US$ 55\/t no min\u00e9rio de ferro em 2025, reduzindo para\u00a0US$ 52-56\/t em 2026<\/li>\n\n\n\n<li>Cobre entre US$ 1.000 e 1.200\/t<\/li>\n\n\n\n<li>N\u00edquel entre US$ 13.000 e 15.000\/t<\/li>\n<\/ul>\n\n\n\n<p>O gasto fixo das opera\u00e7\u00f5es de min\u00e9rio deve permanecer em torno de&nbsp;<strong>US$ 5,0\u20135,8 bilh\u00f5es<\/strong>, segundo estimativas presentes na AGE.<\/p>\n\n\n\n<h2 class=\"wp-block-heading\"><strong>AGE refor\u00e7a foco estrat\u00e9gico e abre caminho para a pr\u00f3xima d\u00e9cada<\/strong><\/h2>\n\n\n\n<p>Al\u00e9m da discuss\u00e3o operacional, a assembleia serviu para refor\u00e7ar o plano de transforma\u00e7\u00e3o da Vale, com \u00eanfase na seguran\u00e7a operacional, na disciplina de capital e na amplia\u00e7\u00e3o da competitividade global. O debate seguiu a linha das metas anunciadas nos \u00faltimos anos, buscando oferecer maior previsibilidade ao investidor e reduzir volatilidade nas opera\u00e7\u00f5es de metais b\u00e1sicos \u2014 \u00e1rea que volta a ganhar relev\u00e2ncia no portf\u00f3lio.<\/p>\n\n\n\n<p>Segundo a companhia, o conjunto de metas e diretrizes tra\u00e7adas serve como um mapa estrat\u00e9gico para os pr\u00f3ximos ciclos, ajudando a guiar investimentos, estruturar projetos de <a class=\"suno-keyword\" target=\"_blank\" data-force=\"no\" data-priority=\"1\" href=\"https:\/\/www.suno.com.br\/artigos\/longo-prazo\/\" rel=\"noopener\">longo prazo<\/a> e garantir avan\u00e7os consistentes. Em um ambiente global mais apertado para min\u00e9rio de ferro e mais competitivo para metais energ\u00e9ticos, a&nbsp;<strong>Vale<\/strong>&nbsp;v\u00ea a necessidade de antecipar tend\u00eancias e entregar previsibilidade operacional.<\/p>\n\n\n\n<p>No fechamento da AGE, a mineradora refor\u00e7ou que as proje\u00e7\u00f5es divulgadas refletem condi\u00e7\u00f5es presentes e premissas de mercado atuais, podendo ser ajustadas conforme o ritmo de demanda internacional e a evolu\u00e7\u00e3o de seus projetos estruturantes. Ainda assim, a empresa avalia que os n\u00fameros apresentados demonstram robustez e clareza na vis\u00e3o de futuro da&nbsp;<strong>Vale<\/strong>.<\/p>\n","protected":false},"excerpt":{"rendered":"<p>A Vale&nbsp;apresentou aos acionistas, durante a AGE desta semana, um pacote detalhado de proje\u00e7\u00f5es operacionais que deve orientar o desempenho da mineradora nos pr\u00f3ximos anos. O encontro trouxe n\u00fameros atualizados de produ\u00e7\u00e3o, metas para 2025 e 2026, al\u00e9m de indicativos ambiciosos para 2030 e 2035, refor\u00e7ando o foco da companhia em min\u00e9rio de ferro, cobre &hellip; Continued<\/p>\n","protected":false},"author":402,"featured_media":634226,"comment_status":"closed","ping_status":"closed","sticky":false,"template":"","format":"standard","meta":[],"categories":[60],"tags":[676],"suno_strategy":[],"class_list":["post-634225","post","type-post","status-publish","format-standard","has-post-thumbnail","hentry","category-mercado","tag-vale-vale3"],"yoast_head":"<!-- This site is optimized with the Yoast SEO plugin v24.4 - https:\/\/yoast.com\/wordpress\/plugins\/seo\/ -->\n<title>Vale: proje\u00e7\u00f5es at\u00e9 2035 e metas discutidas na AGE<\/title>\n<meta name=\"description\" content=\"Vale apresenta novas proje\u00e7\u00f5es de produ\u00e7\u00e3o e custos na AGE, com metas para min\u00e9rio, cobre e n\u00edquel at\u00e9 2035\" \/>\n<meta name=\"robots\" content=\"index, follow, max-snippet:-1, max-image-preview:large, max-video-preview:-1\" \/>\n<link rel=\"canonical\" href=\"https:\/\/www.suno.com.br\/noticias\/vale-age-projecoes-producao-2035-mt\/\" \/>\n<meta property=\"og:locale\" content=\"pt_BR\" \/>\n<meta property=\"og:type\" content=\"article\" \/>\n<meta property=\"og:title\" content=\"Vale: proje\u00e7\u00f5es at\u00e9 2035 e metas discutidas na AGE\" \/>\n<meta property=\"og:description\" content=\"Vale apresenta novas proje\u00e7\u00f5es de produ\u00e7\u00e3o e custos na AGE, com metas para min\u00e9rio, cobre e n\u00edquel at\u00e9 2035\" \/>\n<meta property=\"og:url\" content=\"https:\/\/www.suno.com.br\/noticias\/vale-age-projecoes-producao-2035-mt\/\" \/>\n<meta property=\"og:site_name\" content=\"Suno Not\u00edcias\" \/>\n<meta property=\"article:publisher\" content=\"https:\/\/facebook.com\/sunoresearch\" \/>\n<meta property=\"og:image\" content=\"http:\/\/files.sunoresearch.com.br\/n\/uploads\/2025\/12\/vale-vale3-acoes-siderurgia-1-jpg.webp\" \/>\n\t<meta property=\"og:image:width\" content=\"1200\" \/>\n\t<meta property=\"og:image:height\" content=\"800\" \/>\n\t<meta property=\"og:image:type\" content=\"image\/jpeg\" \/>\n<meta name=\"author\" content=\"Ma\u00edra Telles\" \/>\n<meta name=\"twitter:card\" content=\"summary_large_image\" \/>\n<meta name=\"twitter:creator\" content=\"@sunoresearch\" \/>\n<meta name=\"twitter:site\" content=\"@sunoresearch\" \/>\n<meta name=\"twitter:label1\" content=\"Escrito por\" \/>\n\t<meta name=\"twitter:data1\" content=\"Ma\u00edra Telles\" \/>\n\t<meta name=\"twitter:label2\" content=\"Est. tempo de leitura\" \/>\n\t<meta name=\"twitter:data2\" content=\"3 minutos\" \/>\n<script type=\"application\/ld+json\" class=\"yoast-schema-graph\">{\"@context\":\"https:\/\/schema.org\",\"@graph\":[{\"@type\":\"NewsArticle\",\"@id\":\"https:\/\/www.suno.com.br\/noticias\/vale-age-projecoes-producao-2035-mt\/#article\",\"isPartOf\":{\"@id\":\"https:\/\/www.suno.com.br\/noticias\/vale-age-projecoes-producao-2035-mt\/\"},\"author\":{\"name\":\"Ma\u00edra Telles\",\"@id\":\"https:\/\/www.suno.com.br\/noticias\/#\/schema\/person\/0a8b51292bb96ee5f104094c0907eaef\"},\"headline\":\"Vale (VALE3) leva novo plano de produ\u00e7\u00e3o \u00e0 AGE e projeta salto em min\u00e9rio, cobre e n\u00edquel\",\"datePublished\":\"2025-12-02T14:35:07+00:00\",\"mainEntityOfPage\":{\"@id\":\"https:\/\/www.suno.com.br\/noticias\/vale-age-projecoes-producao-2035-mt\/\"},\"wordCount\":685,\"publisher\":{\"@id\":\"https:\/\/www.suno.com.br\/noticias\/#organization\"},\"image\":{\"@id\":\"https:\/\/www.suno.com.br\/noticias\/vale-age-projecoes-producao-2035-mt\/#primaryimage\"},\"thumbnailUrl\":\"https:\/\/files.sunoresearch.com.br\/n\/uploads\/2025\/12\/vale-vale3-acoes-siderurgia-1-jpg.webp\",\"keywords\":[\"Vale (VALE3)\"],\"articleSection\":[\"Mercado\"],\"inLanguage\":\"pt-BR\"},{\"@type\":\"WebPage\",\"@id\":\"https:\/\/www.suno.com.br\/noticias\/vale-age-projecoes-producao-2035-mt\/\",\"url\":\"https:\/\/www.suno.com.br\/noticias\/vale-age-projecoes-producao-2035-mt\/\",\"name\":\"Vale: proje\u00e7\u00f5es at\u00e9 2035 e metas discutidas na AGE\",\"isPartOf\":{\"@id\":\"https:\/\/www.suno.com.br\/noticias\/#website\"},\"primaryImageOfPage\":{\"@id\":\"https:\/\/www.suno.com.br\/noticias\/vale-age-projecoes-producao-2035-mt\/#primaryimage\"},\"image\":{\"@id\":\"https:\/\/www.suno.com.br\/noticias\/vale-age-projecoes-producao-2035-mt\/#primaryimage\"},\"thumbnailUrl\":\"https:\/\/files.sunoresearch.com.br\/n\/uploads\/2025\/12\/vale-vale3-acoes-siderurgia-1-jpg.webp\",\"datePublished\":\"2025-12-02T14:35:07+00:00\",\"description\":\"Vale apresenta novas proje\u00e7\u00f5es de produ\u00e7\u00e3o e custos na AGE, com metas para min\u00e9rio, cobre e n\u00edquel at\u00e9 2035\",\"breadcrumb\":{\"@id\":\"https:\/\/www.suno.com.br\/noticias\/vale-age-projecoes-producao-2035-mt\/#breadcrumb\"},\"inLanguage\":\"pt-BR\",\"potentialAction\":[{\"@type\":\"ReadAction\",\"target\":[\"https:\/\/www.suno.com.br\/noticias\/vale-age-projecoes-producao-2035-mt\/\"]}]},{\"@type\":\"ImageObject\",\"inLanguage\":\"pt-BR\",\"@id\":\"https:\/\/www.suno.com.br\/noticias\/vale-age-projecoes-producao-2035-mt\/#primaryimage\",\"url\":\"https:\/\/files.sunoresearch.com.br\/n\/uploads\/2025\/12\/vale-vale3-acoes-siderurgia-1-jpg.webp\",\"contentUrl\":\"https:\/\/files.sunoresearch.com.br\/n\/uploads\/2025\/12\/vale-vale3-acoes-siderurgia-1-jpg.webp\",\"width\":1200,\"height\":800,\"caption\":\"Vale (VALE3). Foto: Divulga\u00e7\u00e3o.\"},{\"@type\":\"BreadcrumbList\",\"@id\":\"https:\/\/www.suno.com.br\/noticias\/vale-age-projecoes-producao-2035-mt\/#breadcrumb\",\"itemListElement\":[{\"@type\":\"ListItem\",\"position\":1,\"name\":\"Not\u00edcias\",\"item\":\"https:\/\/www.suno.com.br\/noticias\/\"},{\"@type\":\"ListItem\",\"position\":2,\"name\":\"Neg\u00f3cios\",\"item\":\"https:\/\/www.suno.com.br\/noticias\/negocios\/\"},{\"@type\":\"ListItem\",\"position\":3,\"name\":\"Vale (VALE3) leva novo plano de produ\u00e7\u00e3o \u00e0 AGE e projeta salto em min\u00e9rio, cobre e n\u00edquel\"}]},{\"@type\":\"WebSite\",\"@id\":\"https:\/\/www.suno.com.br\/noticias\/#website\",\"url\":\"https:\/\/www.suno.com.br\/noticias\/\",\"name\":\"Suno Not\u00edcias\",\"description\":\"Seu portal de informa\u00e7\u00e3o sobre o mundo dos investimentos\",\"publisher\":{\"@id\":\"https:\/\/www.suno.com.br\/noticias\/#organization\"},\"potentialAction\":[{\"@type\":\"SearchAction\",\"target\":{\"@type\":\"EntryPoint\",\"urlTemplate\":\"https:\/\/www.suno.com.br\/noticias\/?s={search_term_string}\"},\"query-input\":{\"@type\":\"PropertyValueSpecification\",\"valueRequired\":true,\"valueName\":\"search_term_string\"}}],\"inLanguage\":\"pt-BR\"},{\"@type\":\"Organization\",\"@id\":\"https:\/\/www.suno.com.br\/noticias\/#organization\",\"name\":\"Suno Not\u00edcias\",\"url\":\"https:\/\/www.suno.com.br\/noticias\/\",\"logo\":{\"@type\":\"ImageObject\",\"inLanguage\":\"pt-BR\",\"@id\":\"https:\/\/www.suno.com.br\/noticias\/#\/schema\/logo\/image\/\",\"url\":\"https:\/\/files.sunoresearch.com.br\/n\/uploads\/2021\/09\/suno-logo.png\",\"contentUrl\":\"https:\/\/files.sunoresearch.com.br\/n\/uploads\/2021\/09\/suno-logo.png\",\"width\":180,\"height\":180,\"caption\":\"Suno Not\u00edcias\"},\"image\":{\"@id\":\"https:\/\/www.suno.com.br\/noticias\/#\/schema\/logo\/image\/\"},\"sameAs\":[\"https:\/\/facebook.com\/sunoresearch\",\"https:\/\/x.com\/sunoresearch\",\"https:\/\/www.instagram.com\/suno\",\"https:\/\/www.linkedin.com\/company\/suno-research\/\",\"https:\/\/www.youtube.com\/c\/sunoresearch\"]},{\"@type\":\"Person\",\"@id\":\"https:\/\/www.suno.com.br\/noticias\/#\/schema\/person\/0a8b51292bb96ee5f104094c0907eaef\",\"name\":\"Ma\u00edra Telles\",\"image\":{\"@type\":\"ImageObject\",\"inLanguage\":\"pt-BR\",\"@id\":\"https:\/\/www.suno.com.br\/noticias\/#\/schema\/person\/image\/\",\"url\":\"https:\/\/secure.gravatar.com\/avatar\/8d13691eab6abc1d1050b62a4c2a6116?s=96&r=g\",\"contentUrl\":\"https:\/\/secure.gravatar.com\/avatar\/8d13691eab6abc1d1050b62a4c2a6116?s=96&r=g\",\"caption\":\"Ma\u00edra Telles\"},\"description\":\"Jornalista com passagem por reda\u00e7\u00f5es como ESPN, especializa\u00e7\u00e3o em marketing digital e em gest\u00e3o de crise. Com foco no mercado financeiro e no setor agropecu\u00e1rio, desenvolve conte\u00fados estrat\u00e9gicos e especializados para m\u00faltiplas plataformas, unindo an\u00e1lise de investimentos e neg\u00f3cios\",\"url\":\"https:\/\/www.suno.com.br\/noticias\/author\/mairaftellesgmail-com\/\"}]}<\/script>\n<!-- \/ Yoast SEO plugin. -->","yoast_head_json":{"title":"Vale: proje\u00e7\u00f5es at\u00e9 2035 e metas discutidas na AGE","description":"Vale apresenta novas proje\u00e7\u00f5es de produ\u00e7\u00e3o e custos na AGE, com metas para min\u00e9rio, cobre e n\u00edquel at\u00e9 2035","robots":{"index":"index","follow":"follow","max-snippet":"max-snippet:-1","max-image-preview":"max-image-preview:large","max-video-preview":"max-video-preview:-1"},"canonical":"https:\/\/www.suno.com.br\/noticias\/vale-age-projecoes-producao-2035-mt\/","og_locale":"pt_BR","og_type":"article","og_title":"Vale: proje\u00e7\u00f5es at\u00e9 2035 e metas discutidas na AGE","og_description":"Vale apresenta novas proje\u00e7\u00f5es de produ\u00e7\u00e3o e custos na AGE, com metas para min\u00e9rio, cobre e n\u00edquel at\u00e9 2035","og_url":"https:\/\/www.suno.com.br\/noticias\/vale-age-projecoes-producao-2035-mt\/","og_site_name":"Suno Not\u00edcias","article_publisher":"https:\/\/facebook.com\/sunoresearch","og_image":[{"width":1200,"height":800,"url":"http:\/\/files.sunoresearch.com.br\/n\/uploads\/2025\/12\/vale-vale3-acoes-siderurgia-1-jpg.webp","type":"image\/jpeg"}],"author":"Ma\u00edra Telles","twitter_card":"summary_large_image","twitter_creator":"@sunoresearch","twitter_site":"@sunoresearch","twitter_misc":{"Escrito por":"Ma\u00edra Telles","Est. tempo de leitura":"3 minutos"},"schema":{"@context":"https:\/\/schema.org","@graph":[{"@type":"NewsArticle","@id":"https:\/\/www.suno.com.br\/noticias\/vale-age-projecoes-producao-2035-mt\/#article","isPartOf":{"@id":"https:\/\/www.suno.com.br\/noticias\/vale-age-projecoes-producao-2035-mt\/"},"author":{"name":"Ma\u00edra Telles","@id":"https:\/\/www.suno.com.br\/noticias\/#\/schema\/person\/0a8b51292bb96ee5f104094c0907eaef"},"headline":"Vale (VALE3) leva novo plano de produ\u00e7\u00e3o \u00e0 AGE e projeta salto em min\u00e9rio, cobre e n\u00edquel","datePublished":"2025-12-02T14:35:07+00:00","mainEntityOfPage":{"@id":"https:\/\/www.suno.com.br\/noticias\/vale-age-projecoes-producao-2035-mt\/"},"wordCount":685,"publisher":{"@id":"https:\/\/www.suno.com.br\/noticias\/#organization"},"image":{"@id":"https:\/\/www.suno.com.br\/noticias\/vale-age-projecoes-producao-2035-mt\/#primaryimage"},"thumbnailUrl":"https:\/\/files.sunoresearch.com.br\/n\/uploads\/2025\/12\/vale-vale3-acoes-siderurgia-1-jpg.webp","keywords":["Vale (VALE3)"],"articleSection":["Mercado"],"inLanguage":"pt-BR"},{"@type":"WebPage","@id":"https:\/\/www.suno.com.br\/noticias\/vale-age-projecoes-producao-2035-mt\/","url":"https:\/\/www.suno.com.br\/noticias\/vale-age-projecoes-producao-2035-mt\/","name":"Vale: proje\u00e7\u00f5es at\u00e9 2035 e metas discutidas na AGE","isPartOf":{"@id":"https:\/\/www.suno.com.br\/noticias\/#website"},"primaryImageOfPage":{"@id":"https:\/\/www.suno.com.br\/noticias\/vale-age-projecoes-producao-2035-mt\/#primaryimage"},"image":{"@id":"https:\/\/www.suno.com.br\/noticias\/vale-age-projecoes-producao-2035-mt\/#primaryimage"},"thumbnailUrl":"https:\/\/files.sunoresearch.com.br\/n\/uploads\/2025\/12\/vale-vale3-acoes-siderurgia-1-jpg.webp","datePublished":"2025-12-02T14:35:07+00:00","description":"Vale apresenta novas proje\u00e7\u00f5es de produ\u00e7\u00e3o e custos na AGE, com metas para min\u00e9rio, cobre e n\u00edquel at\u00e9 2035","breadcrumb":{"@id":"https:\/\/www.suno.com.br\/noticias\/vale-age-projecoes-producao-2035-mt\/#breadcrumb"},"inLanguage":"pt-BR","potentialAction":[{"@type":"ReadAction","target":["https:\/\/www.suno.com.br\/noticias\/vale-age-projecoes-producao-2035-mt\/"]}]},{"@type":"ImageObject","inLanguage":"pt-BR","@id":"https:\/\/www.suno.com.br\/noticias\/vale-age-projecoes-producao-2035-mt\/#primaryimage","url":"https:\/\/files.sunoresearch.com.br\/n\/uploads\/2025\/12\/vale-vale3-acoes-siderurgia-1-jpg.webp","contentUrl":"https:\/\/files.sunoresearch.com.br\/n\/uploads\/2025\/12\/vale-vale3-acoes-siderurgia-1-jpg.webp","width":1200,"height":800,"caption":"Vale (VALE3). Foto: Divulga\u00e7\u00e3o."},{"@type":"BreadcrumbList","@id":"https:\/\/www.suno.com.br\/noticias\/vale-age-projecoes-producao-2035-mt\/#breadcrumb","itemListElement":[{"@type":"ListItem","position":1,"name":"Not\u00edcias","item":"https:\/\/www.suno.com.br\/noticias\/"},{"@type":"ListItem","position":2,"name":"Neg\u00f3cios","item":"https:\/\/www.suno.com.br\/noticias\/negocios\/"},{"@type":"ListItem","position":3,"name":"Vale (VALE3) leva novo plano de produ\u00e7\u00e3o \u00e0 AGE e projeta salto em min\u00e9rio, cobre e n\u00edquel"}]},{"@type":"WebSite","@id":"https:\/\/www.suno.com.br\/noticias\/#website","url":"https:\/\/www.suno.com.br\/noticias\/","name":"Suno Not\u00edcias","description":"Seu portal de informa\u00e7\u00e3o sobre o mundo dos investimentos","publisher":{"@id":"https:\/\/www.suno.com.br\/noticias\/#organization"},"potentialAction":[{"@type":"SearchAction","target":{"@type":"EntryPoint","urlTemplate":"https:\/\/www.suno.com.br\/noticias\/?s={search_term_string}"},"query-input":{"@type":"PropertyValueSpecification","valueRequired":true,"valueName":"search_term_string"}}],"inLanguage":"pt-BR"},{"@type":"Organization","@id":"https:\/\/www.suno.com.br\/noticias\/#organization","name":"Suno Not\u00edcias","url":"https:\/\/www.suno.com.br\/noticias\/","logo":{"@type":"ImageObject","inLanguage":"pt-BR","@id":"https:\/\/www.suno.com.br\/noticias\/#\/schema\/logo\/image\/","url":"https:\/\/files.sunoresearch.com.br\/n\/uploads\/2021\/09\/suno-logo.png","contentUrl":"https:\/\/files.sunoresearch.com.br\/n\/uploads\/2021\/09\/suno-logo.png","width":180,"height":180,"caption":"Suno Not\u00edcias"},"image":{"@id":"https:\/\/www.suno.com.br\/noticias\/#\/schema\/logo\/image\/"},"sameAs":["https:\/\/facebook.com\/sunoresearch","https:\/\/x.com\/sunoresearch","https:\/\/www.instagram.com\/suno","https:\/\/www.linkedin.com\/company\/suno-research\/","https:\/\/www.youtube.com\/c\/sunoresearch"]},{"@type":"Person","@id":"https:\/\/www.suno.com.br\/noticias\/#\/schema\/person\/0a8b51292bb96ee5f104094c0907eaef","name":"Ma\u00edra Telles","image":{"@type":"ImageObject","inLanguage":"pt-BR","@id":"https:\/\/www.suno.com.br\/noticias\/#\/schema\/person\/image\/","url":"https:\/\/secure.gravatar.com\/avatar\/8d13691eab6abc1d1050b62a4c2a6116?s=96&r=g","contentUrl":"https:\/\/secure.gravatar.com\/avatar\/8d13691eab6abc1d1050b62a4c2a6116?s=96&r=g","caption":"Ma\u00edra Telles"},"description":"Jornalista com passagem por reda\u00e7\u00f5es como ESPN, especializa\u00e7\u00e3o em marketing digital e em gest\u00e3o de crise. Com foco no mercado financeiro e no setor agropecu\u00e1rio, desenvolve conte\u00fados estrat\u00e9gicos e especializados para m\u00faltiplas plataformas, unindo an\u00e1lise de investimentos e neg\u00f3cios","url":"https:\/\/www.suno.com.br\/noticias\/author\/mairaftellesgmail-com\/"}]}},"default_loop_html":"<div class=\"cardsPage__listCard__boxs\"><div class=\"cardsPage__listCard__boxs__img\"><a href=\"https:\/\/www.suno.com.br\/noticias\/vale-age-projecoes-producao-2035-mt\/\"><img class=\"mask\" src=\"https:\/\/www.suno.com.br\/noticias\/wp-content\/themes\/suno\/resources\/images\/spotlight\/spotlight1img\/bg-mask.png\" alt=\"Image Mask\"\/><img src=\"https:\/\/files.sunoresearch.com.br\/n\/uploads\/2025\/12\/vale-vale3-acoes-siderurgia-1-400x200.webp\" alt=\"Vale (VALE3) leva novo plano de produ\u00e7\u00e3o \u00e0 AGE e projeta salto em min\u00e9rio, cobre e n\u00edquel\"\/><\/a><span class=\"spotlightCategory\"><a href=\"https:\/\/www.suno.com.br\/noticias\/mercado\/\">Mercado<\/a><\/span><\/div><div class=\"cardsPage__listCard__boxs__content\"><a href=\"https:\/\/www.suno.com.br\/noticias\/vale-age-projecoes-producao-2035-mt\/\"><h2 class=\"content__title\">Vale (VALE3) leva novo plano de produ\u00e7\u00e3o \u00e0 AGE e projeta salto em min\u00e9rio, cobre e n\u00edquel<\/h2><\/a><div class=\"newsContent__article__meta\"><div class=\"newsContent__article__meta__authorBox\"><a href=\"https:\/\/www.suno.com.br\/noticias\/author\/mairaftellesgmail-com\/\" class=\"authorBox__avatar noMobi\"><img src=\"https:\/\/secure.gravatar.com\/avatar\/8d13691eab6abc1d1050b62a4c2a6116?s=96&#038;r=g\" alt=\"Ma\u00edra Telles\"><\/a><div class=\"authorBox__name\"><span>por\n\t\t\t<a href=\"https:\/\/www.suno.com.br\/noticias\/author\/mairaftellesgmail-com\/\"><span itemprop=\"author\">Ma\u00edra Telles<\/span><\/a><\/span><time datetime=\"2025-12-02T11:35:07-03:00\" itemprop=\"datePublished\">02\/12\/2025 11:35<\/time><\/div><\/div><\/div><\/div><\/div>","single_layout":"posts","amp_enabled":true,"_links":{"self":[{"href":"https:\/\/www.suno.com.br\/noticias\/wp-json\/wp\/v2\/posts\/634225"}],"collection":[{"href":"https:\/\/www.suno.com.br\/noticias\/wp-json\/wp\/v2\/posts"}],"about":[{"href":"https:\/\/www.suno.com.br\/noticias\/wp-json\/wp\/v2\/types\/post"}],"author":[{"embeddable":true,"href":"https:\/\/www.suno.com.br\/noticias\/wp-json\/wp\/v2\/users\/402"}],"replies":[{"embeddable":true,"href":"https:\/\/www.suno.com.br\/noticias\/wp-json\/wp\/v2\/comments?post=634225"}],"version-history":[{"count":0,"href":"https:\/\/www.suno.com.br\/noticias\/wp-json\/wp\/v2\/posts\/634225\/revisions"}],"wp:featuredmedia":[{"embeddable":true,"href":"https:\/\/www.suno.com.br\/noticias\/wp-json\/wp\/v2\/media\/634226"}],"wp:attachment":[{"href":"https:\/\/www.suno.com.br\/noticias\/wp-json\/wp\/v2\/media?parent=634225"}],"wp:term":[{"taxonomy":"category","embeddable":true,"href":"https:\/\/www.suno.com.br\/noticias\/wp-json\/wp\/v2\/categories?post=634225"},{"taxonomy":"post_tag","embeddable":true,"href":"https:\/\/www.suno.com.br\/noticias\/wp-json\/wp\/v2\/tags?post=634225"},{"taxonomy":"suno_strategy","embeddable":true,"href":"https:\/\/www.suno.com.br\/noticias\/wp-json\/wp\/v2\/suno_strategy?post=634225"}],"curies":[{"name":"wp","href":"https:\/\/api.w.org\/{rel}","templated":true}]}}