{"id":63396,"date":"2020-05-02T12:07:24","date_gmt":"2020-05-02T15:07:24","guid":{"rendered":"https:\/\/www.suno.com.br\/noticias\/?p=63396"},"modified":"2020-05-02T12:07:24","modified_gmt":"2020-05-02T15:07:24","slug":"deficit-primario-podera-ser-de-r-6012-bilhoes-em-2020","status":"publish","type":"post","link":"https:\/\/www.suno.com.br\/noticias\/deficit-primario-podera-ser-de-r-6012-bilhoes-em-2020\/","title":{"rendered":"D\u00e9ficit prim\u00e1rio poder\u00e1 ser de R$ 601,2 bilh\u00f5es em 2020"},"content":{"rendered":"<p>O Minist\u00e9rio da Economia divulgou na \u00faltima sexta-feira (1) as proje\u00e7\u00f5es para o <strong><a href=\"https:\/\/www.suno.com.br\/artigos\/deficit-primario\/\">d\u00e9ficit prim\u00e1rio<\/a> <\/strong>do setor p\u00fablico para 2020 prevendo que o rombo poder\u00e1 ser de R$ 601,2 bilh\u00f5es, pela primeira vez, e que a <a href=\"https:\/\/www.suno.com.br\/artigos\/divida-publica\/\">d\u00edvida p\u00fablica<\/a> pode chegar a 93,1% do <a href=\"https:\/\/www.suno.com.br\/artigos\/pib-produto-interno-bruto\/\">Produto Interno Bruto (PIB)<\/a> do Brasil, dependendo da varia\u00e7\u00e3o do Produto.<\/p>\t<div class=\"wrapper-featured-image\">\n\t\t<figure class=\"spotlightImg\">\n\n\t\t\t<picture>\n\t\t\t\t<source media=\"(max-width: 768px)\" srcset=\"https:\/\/files.sunoresearch.com.br\/n\/uploads\/2018\/10\/b63c8a77-incerteza-da-economia-400x200.webp\">\n\t\t\t\t<img loading=\"lazy\" decoding=\"async\" class=\"newsContent__article__imgCapa lazyloadDisabled newsContent__article__imgCapa--noCaption\" src=\"https:\/\/files.sunoresearch.com.br\/n\/uploads\/2018\/10\/b63c8a77-incerteza-da-economia-800x450.webp\" width=\"800\" height=\"450\" alt=\"D\u00e9ficit prim\u00e1rio poder\u00e1 ser de R$ 601,2 bilh\u00f5es em 2020\" fetchpriority=high \/>\n\t\t\t<\/picture>\n\n\t\t\t<figcaption class=\"wp-caption-text wp-caption-text--hide\">D\u00e9ficit prim\u00e1rio poder\u00e1 ser de R$ 601,2 bilh\u00f5es em 2020<\/figcaption>\n\t\t<\/figure>\n\t<\/div>\n\n\n\n<p>O secret\u00e1rio especial da Fazenda, Waldery Rodrigues apresentou cinco cen\u00e1rios com diferentes proje\u00e7\u00f5es de PIB e a estimativa para o d\u00e9ficit prim\u00e1rio varia entre 7,8% a 8,7%, com o <strong>PIB<\/strong> podendo apresentar uma queda de 1,34% a 5,34.<\/p>\n<p><a href=\"https:\/\/lp.suno.com.br\/suno-one\/\">Na Suno One voc\u00ea aprende como fazer o seu dinheiro para trabalhar para voc\u00ea. Cadastre-se agora.<\/a><\/p>\n<p>No cen\u00e1rio em que o Produto decresce 3,34% \u00e9 previsto que o d\u00e9ficit prim\u00e1rio seja de R$ 601,2 bilh\u00f5es sendo 8,27% do PIB. J\u00e1 o <a href=\"https:\/\/www.suno.com.br\/artigos\/deficit-publico\/\">d\u00e9ficit nominal<\/a> pode variar de 12,7% a 13,8% do PIB, enquanto a d\u00edvida p\u00fablica pode ficar entre 88,6% a 93,1% do Produto.<\/p>\n<p>Entretanto, Rodrigues salientou que as proje\u00e7\u00f5es deve, ser revisadas em breve frente ao atual cen\u00e1rio de incertezas.<\/p>\n<p>Al\u00e9m disso, o Minist\u00e9rio elevou de R$ 285 bilh\u00f5es para R$ 349,4 bilh\u00f5es o c\u00e1lculo de despesas prim\u00e1rias do governo federal com as a\u00e7\u00f5es de combate ao novo <strong>coronav\u00edrus<\/strong> (covid-19).<\/p>\n<p>Rodrigues, salientou que &#8220;\u00e9 poss\u00edvel sim que haja novos benefici\u00e1rios (do coronavoucher), segmentos eleg\u00edveis, porque estamos tratando de milh\u00f5es de brasileiros que n\u00e3o t\u00eam, em alguns casos, at\u00e9 mesmo a quest\u00e3o cadastral plenamente definida. Isso n\u00e3o \u00e9 agora, veio de anos atr\u00e1s, existe uma camada da popula\u00e7\u00e3o que \u00e9 invis\u00edvel para os agentes tomadores de decis\u00e3o no setor p\u00fablico&#8221;.<\/p>\n<h2>Goldman Sachs prev\u00ea que d\u00e9ficit prim\u00e1rio do Brasil ser\u00e1 9% do PIB<\/h2>\n<p>No in\u00edcio de abril O Goldman Sachs informou que o d\u00e9ficit prim\u00e1rio do Brasil deve ficar entre 7% e 9% do Produto Interno Bruto e a d\u00edvida bruta ser\u00e1 de 87% a 91% do <strong>PIB<\/strong> brasileiro, em 2020.<\/p>\n<p><a class=\"LinkSuggestion__Link-sc-1mdih4x-2 jZPuuT\" href=\"https:\/\/www.suno.com.br\/noticias\/goldman-sachs-preve-que-deficit-primario-do-brasil-deve-ser-de-9-do-pib\/\" target=\"_blank\" rel=\"noopener noreferrer\">Leia mais: Goldman Sachs prev\u00ea que d\u00e9ficit prim\u00e1rio do Brasil ser\u00e1 9% do PIB<\/a><\/p>\n<p>No ano passado, o<strong> d\u00e9ficit prim\u00e1rio <\/strong>do Brasil foi 0,9% do PIB, enquanto a d\u00edvida p\u00fablica foi 75,8% do Produto. Al\u00e9m disso, o Goldman Sachs informou que o pacote fiscal anunciado para combater os danos na economia, causados pela nova doen\u00e7a, iriam danificar ainda mais o quadro fiscal do brasileiro.<\/p>\n\n","protected":false},"excerpt":{"rendered":"<p>O Minist\u00e9rio da Economia divulgou na \u00faltima sexta-feira (1) as proje\u00e7\u00f5es para o d\u00e9ficit prim\u00e1rio do setor p\u00fablico para 2020 prevendo que o rombo poder\u00e1 ser de R$ 601,2 bilh\u00f5es, pela primeira vez, e que a d\u00edvida p\u00fablica pode chegar a 93,1% do Produto Interno Bruto (PIB) do Brasil, dependendo da varia\u00e7\u00e3o do Produto. D\u00e9ficit [&hellip;]<\/p>\n","protected":false},"author":39,"featured_media":5871,"comment_status":"closed","ping_status":"closed","sticky":false,"template":"","format":"standard","meta":[],"categories":[62],"tags":[909,807],"suno_strategy":[],"class_list":["post-63396","post","type-post","status-publish","format-standard","has-post-thumbnail","hentry","category-economia","tag-ministerio-da-economia","tag-produto-interno-bruto-pib"],"yoast_head":"<!-- This site is optimized with the Yoast SEO plugin v24.4 - https:\/\/yoast.com\/wordpress\/plugins\/seo\/ -->\n<title>D\u00e9ficit prim\u00e1rio poder\u00e1 ser de R$ 601,2 bilh\u00f5es em 2020<\/title>\n<meta name=\"description\" content=\"O Minist\u00e9rio da Economia prev\u00ea que o d\u00e9ficit prim\u00e1rio do setor p\u00fablico poder\u00e1 ser de R$ 601,2 bilh\u00f5es. Clique aqui para saber mais\" \/>\n<meta name=\"robots\" content=\"index, follow, max-snippet:-1, max-image-preview:large, max-video-preview:-1\" \/>\n<link rel=\"canonical\" href=\"https:\/\/www.suno.com.br\/noticias\/deficit-primario-podera-ser-de-r-6012-bilhoes-em-2020\/\" \/>\n<meta property=\"og:locale\" content=\"pt_BR\" \/>\n<meta property=\"og:type\" content=\"article\" \/>\n<meta property=\"og:title\" content=\"D\u00e9ficit prim\u00e1rio poder\u00e1 ser de R$ 601,2 bilh\u00f5es em 2020\" \/>\n<meta property=\"og:description\" content=\"O Minist\u00e9rio da Economia prev\u00ea que o d\u00e9ficit prim\u00e1rio do setor p\u00fablico poder\u00e1 ser de R$ 601,2 bilh\u00f5es. Clique aqui para saber mais\" \/>\n<meta property=\"og:url\" content=\"https:\/\/www.suno.com.br\/noticias\/deficit-primario-podera-ser-de-r-6012-bilhoes-em-2020\/\" \/>\n<meta property=\"og:site_name\" content=\"Suno Not\u00edcias\" \/>\n<meta property=\"article:publisher\" content=\"https:\/\/facebook.com\/sunoresearch\" \/>\n<meta property=\"og:image\" content=\"https:\/\/files.sunoresearch.com.br\/n\/uploads\/2018\/10\/b63c8a77-incerteza-da-economia.jpg\" \/>\n\t<meta property=\"og:image:width\" content=\"1920\" \/>\n\t<meta property=\"og:image:height\" content=\"1280\" \/>\n\t<meta property=\"og:image:type\" content=\"image\/jpeg\" \/>\n<meta name=\"author\" content=\"Laura Moutinho\" \/>\n<meta name=\"twitter:card\" content=\"summary_large_image\" \/>\n<meta name=\"twitter:creator\" content=\"@sunoresearch\" \/>\n<meta name=\"twitter:site\" content=\"@sunoresearch\" \/>\n<meta name=\"twitter:label1\" content=\"Escrito por\" \/>\n\t<meta name=\"twitter:data1\" content=\"Laura Moutinho\" \/>\n\t<meta name=\"twitter:label2\" content=\"Est. tempo de leitura\" \/>\n\t<meta name=\"twitter:data2\" content=\"2 minutos\" \/>\n<script type=\"application\/ld+json\" class=\"yoast-schema-graph\">{\"@context\":\"https:\/\/schema.org\",\"@graph\":[{\"@type\":\"NewsArticle\",\"@id\":\"https:\/\/www.suno.com.br\/noticias\/deficit-primario-podera-ser-de-r-6012-bilhoes-em-2020\/#article\",\"isPartOf\":{\"@id\":\"https:\/\/www.suno.com.br\/noticias\/deficit-primario-podera-ser-de-r-6012-bilhoes-em-2020\/\"},\"author\":{\"name\":\"Laura Moutinho\",\"@id\":\"https:\/\/www.suno.com.br\/noticias\/#\/schema\/person\/3df0d2808748b74496efe5dbeaef2c72\"},\"headline\":\"D\u00e9ficit prim\u00e1rio poder\u00e1 ser de R$ 601,2 bilh\u00f5es em 2020\",\"datePublished\":\"2020-05-02T15:07:24+00:00\",\"mainEntityOfPage\":{\"@id\":\"https:\/\/www.suno.com.br\/noticias\/deficit-primario-podera-ser-de-r-6012-bilhoes-em-2020\/\"},\"wordCount\":422,\"publisher\":{\"@id\":\"https:\/\/www.suno.com.br\/noticias\/#organization\"},\"image\":{\"@id\":\"https:\/\/www.suno.com.br\/noticias\/deficit-primario-podera-ser-de-r-6012-bilhoes-em-2020\/#primaryimage\"},\"thumbnailUrl\":\"https:\/\/files.sunoresearch.com.br\/n\/uploads\/2018\/10\/b63c8a77-incerteza-da-economia-jpg.webp\",\"keywords\":[\"Minist\u00e9rio da Economia\",\"Produto Interno Bruto (PIB)\"],\"articleSection\":[\"Economia\"],\"inLanguage\":\"pt-BR\"},{\"@type\":\"WebPage\",\"@id\":\"https:\/\/www.suno.com.br\/noticias\/deficit-primario-podera-ser-de-r-6012-bilhoes-em-2020\/\",\"url\":\"https:\/\/www.suno.com.br\/noticias\/deficit-primario-podera-ser-de-r-6012-bilhoes-em-2020\/\",\"name\":\"D\u00e9ficit prim\u00e1rio poder\u00e1 ser de R$ 601,2 bilh\u00f5es em 2020\",\"isPartOf\":{\"@id\":\"https:\/\/www.suno.com.br\/noticias\/#website\"},\"primaryImageOfPage\":{\"@id\":\"https:\/\/www.suno.com.br\/noticias\/deficit-primario-podera-ser-de-r-6012-bilhoes-em-2020\/#primaryimage\"},\"image\":{\"@id\":\"https:\/\/www.suno.com.br\/noticias\/deficit-primario-podera-ser-de-r-6012-bilhoes-em-2020\/#primaryimage\"},\"thumbnailUrl\":\"https:\/\/files.sunoresearch.com.br\/n\/uploads\/2018\/10\/b63c8a77-incerteza-da-economia-jpg.webp\",\"datePublished\":\"2020-05-02T15:07:24+00:00\",\"description\":\"O Minist\u00e9rio da Economia prev\u00ea que o d\u00e9ficit prim\u00e1rio do setor p\u00fablico poder\u00e1 ser de R$ 601,2 bilh\u00f5es. Clique aqui para saber mais\",\"breadcrumb\":{\"@id\":\"https:\/\/www.suno.com.br\/noticias\/deficit-primario-podera-ser-de-r-6012-bilhoes-em-2020\/#breadcrumb\"},\"inLanguage\":\"pt-BR\",\"potentialAction\":[{\"@type\":\"ReadAction\",\"target\":[\"https:\/\/www.suno.com.br\/noticias\/deficit-primario-podera-ser-de-r-6012-bilhoes-em-2020\/\"]}]},{\"@type\":\"ImageObject\",\"inLanguage\":\"pt-BR\",\"@id\":\"https:\/\/www.suno.com.br\/noticias\/deficit-primario-podera-ser-de-r-6012-bilhoes-em-2020\/#primaryimage\",\"url\":\"https:\/\/files.sunoresearch.com.br\/n\/uploads\/2018\/10\/b63c8a77-incerteza-da-economia-jpg.webp\",\"contentUrl\":\"https:\/\/files.sunoresearch.com.br\/n\/uploads\/2018\/10\/b63c8a77-incerteza-da-economia-jpg.webp\",\"width\":1920,\"height\":1280,\"caption\":\"D\u00e9ficit prim\u00e1rio poder\u00e1 ser de R$ 601,2 bilh\u00f5es em 2020\"},{\"@type\":\"BreadcrumbList\",\"@id\":\"https:\/\/www.suno.com.br\/noticias\/deficit-primario-podera-ser-de-r-6012-bilhoes-em-2020\/#breadcrumb\",\"itemListElement\":[{\"@type\":\"ListItem\",\"position\":1,\"name\":\"Not\u00edcias\",\"item\":\"https:\/\/www.suno.com.br\/noticias\/\"},{\"@type\":\"ListItem\",\"position\":2,\"name\":\"Economia\",\"item\":\"https:\/\/www.suno.com.br\/noticias\/economia\/\"},{\"@type\":\"ListItem\",\"position\":3,\"name\":\"D\u00e9ficit prim\u00e1rio poder\u00e1 ser de R$ 601,2 bilh\u00f5es em 2020\"}]},{\"@type\":\"WebSite\",\"@id\":\"https:\/\/www.suno.com.br\/noticias\/#website\",\"url\":\"https:\/\/www.suno.com.br\/noticias\/\",\"name\":\"Suno Not\u00edcias\",\"description\":\"Seu portal de informa\u00e7\u00e3o sobre o mundo dos investimentos\",\"publisher\":{\"@id\":\"https:\/\/www.suno.com.br\/noticias\/#organization\"},\"potentialAction\":[{\"@type\":\"SearchAction\",\"target\":{\"@type\":\"EntryPoint\",\"urlTemplate\":\"https:\/\/www.suno.com.br\/noticias\/?s={search_term_string}\"},\"query-input\":{\"@type\":\"PropertyValueSpecification\",\"valueRequired\":true,\"valueName\":\"search_term_string\"}}],\"inLanguage\":\"pt-BR\"},{\"@type\":\"Organization\",\"@id\":\"https:\/\/www.suno.com.br\/noticias\/#organization\",\"name\":\"Suno Not\u00edcias\",\"url\":\"https:\/\/www.suno.com.br\/noticias\/\",\"logo\":{\"@type\":\"ImageObject\",\"inLanguage\":\"pt-BR\",\"@id\":\"https:\/\/www.suno.com.br\/noticias\/#\/schema\/logo\/image\/\",\"url\":\"https:\/\/files.sunoresearch.com.br\/n\/uploads\/2021\/09\/suno-logo.png\",\"contentUrl\":\"https:\/\/files.sunoresearch.com.br\/n\/uploads\/2021\/09\/suno-logo.png\",\"width\":180,\"height\":180,\"caption\":\"Suno Not\u00edcias\"},\"image\":{\"@id\":\"https:\/\/www.suno.com.br\/noticias\/#\/schema\/logo\/image\/\"},\"sameAs\":[\"https:\/\/facebook.com\/sunoresearch\",\"https:\/\/x.com\/sunoresearch\",\"https:\/\/www.instagram.com\/suno\",\"https:\/\/www.linkedin.com\/company\/suno-research\/\",\"https:\/\/www.youtube.com\/c\/sunoresearch\"]},{\"@type\":\"Person\",\"@id\":\"https:\/\/www.suno.com.br\/noticias\/#\/schema\/person\/3df0d2808748b74496efe5dbeaef2c72\",\"name\":\"Laura Moutinho\",\"image\":{\"@type\":\"ImageObject\",\"inLanguage\":\"pt-BR\",\"@id\":\"https:\/\/www.suno.com.br\/noticias\/#\/schema\/person\/image\/\",\"url\":\"https:\/\/secure.gravatar.com\/avatar\/7571c7c8ca3a6fca5e41384ece5557ff?s=96&r=g\",\"contentUrl\":\"https:\/\/secure.gravatar.com\/avatar\/7571c7c8ca3a6fca5e41384ece5557ff?s=96&r=g\",\"caption\":\"Laura Moutinho\"},\"description\":\"Estagi\u00e1ria na Suno Not\u00edcias, escreve not\u00edcias que afetam o mercado financeiro. Estuda administra\u00e7\u00e3o na Universidade Presbiteriana Mackenzie.\",\"url\":\"https:\/\/www.suno.com.br\/noticias\/author\/laura-moutinho\/\"}]}<\/script>\n<!-- \/ Yoast SEO plugin. -->","yoast_head_json":{"title":"D\u00e9ficit prim\u00e1rio poder\u00e1 ser de R$ 601,2 bilh\u00f5es em 2020","description":"O Minist\u00e9rio da Economia prev\u00ea que o d\u00e9ficit prim\u00e1rio do setor p\u00fablico poder\u00e1 ser de R$ 601,2 bilh\u00f5es. Clique aqui para saber mais","robots":{"index":"index","follow":"follow","max-snippet":"max-snippet:-1","max-image-preview":"max-image-preview:large","max-video-preview":"max-video-preview:-1"},"canonical":"https:\/\/www.suno.com.br\/noticias\/deficit-primario-podera-ser-de-r-6012-bilhoes-em-2020\/","og_locale":"pt_BR","og_type":"article","og_title":"D\u00e9ficit prim\u00e1rio poder\u00e1 ser de R$ 601,2 bilh\u00f5es em 2020","og_description":"O Minist\u00e9rio da Economia prev\u00ea que o d\u00e9ficit prim\u00e1rio do setor p\u00fablico poder\u00e1 ser de R$ 601,2 bilh\u00f5es. Clique aqui para saber mais","og_url":"https:\/\/www.suno.com.br\/noticias\/deficit-primario-podera-ser-de-r-6012-bilhoes-em-2020\/","og_site_name":"Suno Not\u00edcias","article_publisher":"https:\/\/facebook.com\/sunoresearch","og_image":[{"width":1920,"height":1280,"url":"https:\/\/files.sunoresearch.com.br\/n\/uploads\/2018\/10\/b63c8a77-incerteza-da-economia.jpg","type":"image\/jpeg"}],"author":"Laura Moutinho","twitter_card":"summary_large_image","twitter_creator":"@sunoresearch","twitter_site":"@sunoresearch","twitter_misc":{"Escrito por":"Laura Moutinho","Est. tempo de leitura":"2 minutos"},"schema":{"@context":"https:\/\/schema.org","@graph":[{"@type":"NewsArticle","@id":"https:\/\/www.suno.com.br\/noticias\/deficit-primario-podera-ser-de-r-6012-bilhoes-em-2020\/#article","isPartOf":{"@id":"https:\/\/www.suno.com.br\/noticias\/deficit-primario-podera-ser-de-r-6012-bilhoes-em-2020\/"},"author":{"name":"Laura Moutinho","@id":"https:\/\/www.suno.com.br\/noticias\/#\/schema\/person\/3df0d2808748b74496efe5dbeaef2c72"},"headline":"D\u00e9ficit prim\u00e1rio poder\u00e1 ser de R$ 601,2 bilh\u00f5es em 2020","datePublished":"2020-05-02T15:07:24+00:00","mainEntityOfPage":{"@id":"https:\/\/www.suno.com.br\/noticias\/deficit-primario-podera-ser-de-r-6012-bilhoes-em-2020\/"},"wordCount":422,"publisher":{"@id":"https:\/\/www.suno.com.br\/noticias\/#organization"},"image":{"@id":"https:\/\/www.suno.com.br\/noticias\/deficit-primario-podera-ser-de-r-6012-bilhoes-em-2020\/#primaryimage"},"thumbnailUrl":"https:\/\/files.sunoresearch.com.br\/n\/uploads\/2018\/10\/b63c8a77-incerteza-da-economia-jpg.webp","keywords":["Minist\u00e9rio da Economia","Produto Interno Bruto (PIB)"],"articleSection":["Economia"],"inLanguage":"pt-BR"},{"@type":"WebPage","@id":"https:\/\/www.suno.com.br\/noticias\/deficit-primario-podera-ser-de-r-6012-bilhoes-em-2020\/","url":"https:\/\/www.suno.com.br\/noticias\/deficit-primario-podera-ser-de-r-6012-bilhoes-em-2020\/","name":"D\u00e9ficit prim\u00e1rio poder\u00e1 ser de R$ 601,2 bilh\u00f5es em 2020","isPartOf":{"@id":"https:\/\/www.suno.com.br\/noticias\/#website"},"primaryImageOfPage":{"@id":"https:\/\/www.suno.com.br\/noticias\/deficit-primario-podera-ser-de-r-6012-bilhoes-em-2020\/#primaryimage"},"image":{"@id":"https:\/\/www.suno.com.br\/noticias\/deficit-primario-podera-ser-de-r-6012-bilhoes-em-2020\/#primaryimage"},"thumbnailUrl":"https:\/\/files.sunoresearch.com.br\/n\/uploads\/2018\/10\/b63c8a77-incerteza-da-economia-jpg.webp","datePublished":"2020-05-02T15:07:24+00:00","description":"O Minist\u00e9rio da Economia prev\u00ea que o d\u00e9ficit prim\u00e1rio do setor p\u00fablico poder\u00e1 ser de R$ 601,2 bilh\u00f5es. Clique aqui para saber mais","breadcrumb":{"@id":"https:\/\/www.suno.com.br\/noticias\/deficit-primario-podera-ser-de-r-6012-bilhoes-em-2020\/#breadcrumb"},"inLanguage":"pt-BR","potentialAction":[{"@type":"ReadAction","target":["https:\/\/www.suno.com.br\/noticias\/deficit-primario-podera-ser-de-r-6012-bilhoes-em-2020\/"]}]},{"@type":"ImageObject","inLanguage":"pt-BR","@id":"https:\/\/www.suno.com.br\/noticias\/deficit-primario-podera-ser-de-r-6012-bilhoes-em-2020\/#primaryimage","url":"https:\/\/files.sunoresearch.com.br\/n\/uploads\/2018\/10\/b63c8a77-incerteza-da-economia-jpg.webp","contentUrl":"https:\/\/files.sunoresearch.com.br\/n\/uploads\/2018\/10\/b63c8a77-incerteza-da-economia-jpg.webp","width":1920,"height":1280,"caption":"D\u00e9ficit prim\u00e1rio poder\u00e1 ser de R$ 601,2 bilh\u00f5es em 2020"},{"@type":"BreadcrumbList","@id":"https:\/\/www.suno.com.br\/noticias\/deficit-primario-podera-ser-de-r-6012-bilhoes-em-2020\/#breadcrumb","itemListElement":[{"@type":"ListItem","position":1,"name":"Not\u00edcias","item":"https:\/\/www.suno.com.br\/noticias\/"},{"@type":"ListItem","position":2,"name":"Economia","item":"https:\/\/www.suno.com.br\/noticias\/economia\/"},{"@type":"ListItem","position":3,"name":"D\u00e9ficit prim\u00e1rio poder\u00e1 ser de R$ 601,2 bilh\u00f5es em 2020"}]},{"@type":"WebSite","@id":"https:\/\/www.suno.com.br\/noticias\/#website","url":"https:\/\/www.suno.com.br\/noticias\/","name":"Suno Not\u00edcias","description":"Seu portal de informa\u00e7\u00e3o sobre o mundo dos investimentos","publisher":{"@id":"https:\/\/www.suno.com.br\/noticias\/#organization"},"potentialAction":[{"@type":"SearchAction","target":{"@type":"EntryPoint","urlTemplate":"https:\/\/www.suno.com.br\/noticias\/?s={search_term_string}"},"query-input":{"@type":"PropertyValueSpecification","valueRequired":true,"valueName":"search_term_string"}}],"inLanguage":"pt-BR"},{"@type":"Organization","@id":"https:\/\/www.suno.com.br\/noticias\/#organization","name":"Suno Not\u00edcias","url":"https:\/\/www.suno.com.br\/noticias\/","logo":{"@type":"ImageObject","inLanguage":"pt-BR","@id":"https:\/\/www.suno.com.br\/noticias\/#\/schema\/logo\/image\/","url":"https:\/\/files.sunoresearch.com.br\/n\/uploads\/2021\/09\/suno-logo.png","contentUrl":"https:\/\/files.sunoresearch.com.br\/n\/uploads\/2021\/09\/suno-logo.png","width":180,"height":180,"caption":"Suno Not\u00edcias"},"image":{"@id":"https:\/\/www.suno.com.br\/noticias\/#\/schema\/logo\/image\/"},"sameAs":["https:\/\/facebook.com\/sunoresearch","https:\/\/x.com\/sunoresearch","https:\/\/www.instagram.com\/suno","https:\/\/www.linkedin.com\/company\/suno-research\/","https:\/\/www.youtube.com\/c\/sunoresearch"]},{"@type":"Person","@id":"https:\/\/www.suno.com.br\/noticias\/#\/schema\/person\/3df0d2808748b74496efe5dbeaef2c72","name":"Laura Moutinho","image":{"@type":"ImageObject","inLanguage":"pt-BR","@id":"https:\/\/www.suno.com.br\/noticias\/#\/schema\/person\/image\/","url":"https:\/\/secure.gravatar.com\/avatar\/7571c7c8ca3a6fca5e41384ece5557ff?s=96&r=g","contentUrl":"https:\/\/secure.gravatar.com\/avatar\/7571c7c8ca3a6fca5e41384ece5557ff?s=96&r=g","caption":"Laura Moutinho"},"description":"Estagi\u00e1ria na Suno Not\u00edcias, escreve not\u00edcias que afetam o mercado financeiro. Estuda administra\u00e7\u00e3o na Universidade Presbiteriana Mackenzie.","url":"https:\/\/www.suno.com.br\/noticias\/author\/laura-moutinho\/"}]}},"default_loop_html":"<div class=\"cardsPage__listCard__boxs\"><div class=\"cardsPage__listCard__boxs__img\"><a href=\"https:\/\/www.suno.com.br\/noticias\/deficit-primario-podera-ser-de-r-6012-bilhoes-em-2020\/\"><img class=\"mask\" src=\"https:\/\/www.suno.com.br\/noticias\/wp-content\/themes\/suno\/resources\/images\/spotlight\/spotlight1img\/bg-mask.png\" alt=\"Image Mask\"\/><img src=\"https:\/\/files.sunoresearch.com.br\/n\/uploads\/2018\/10\/b63c8a77-incerteza-da-economia-400x200.webp\" alt=\"D\u00e9ficit prim\u00e1rio poder\u00e1 ser de R$ 601,2 bilh\u00f5es em 2020\"\/><\/a><span class=\"spotlightCategory\"><a href=\"https:\/\/www.suno.com.br\/noticias\/economia\/\">Economia<\/a><\/span><\/div><div class=\"cardsPage__listCard__boxs__content\"><a href=\"https:\/\/www.suno.com.br\/noticias\/deficit-primario-podera-ser-de-r-6012-bilhoes-em-2020\/\"><h2 class=\"content__title\">D\u00e9ficit prim\u00e1rio poder\u00e1 ser de R$ 601,2 bilh\u00f5es em 2020<\/h2><\/a><div class=\"newsContent__article__meta\"><div class=\"newsContent__article__meta__authorBox\"><a href=\"https:\/\/www.suno.com.br\/noticias\/author\/laura-moutinho\/\" class=\"authorBox__avatar noMobi\"><img src=\"https:\/\/files.sunoresearch.com.br\/n\/uploads\/2020\/08\/531ff69d-whatsapp-image-2020-08-03-at-14.54.38-150x150.webp\" alt=\"Laura Moutinho\"><\/a><div class=\"authorBox__name\"><span>por\n\t\t\t<a href=\"https:\/\/www.suno.com.br\/noticias\/author\/laura-moutinho\/\"><span itemprop=\"author\">Laura Moutinho<\/span><\/a><\/span><time datetime=\"2020-05-02T12:07:24-03:00\" itemprop=\"datePublished\">02\/05\/2020 12:07<\/time><\/div><\/div><\/div><\/div><\/div>","single_layout":"posts","amp_enabled":true,"_links":{"self":[{"href":"https:\/\/www.suno.com.br\/noticias\/wp-json\/wp\/v2\/posts\/63396"}],"collection":[{"href":"https:\/\/www.suno.com.br\/noticias\/wp-json\/wp\/v2\/posts"}],"about":[{"href":"https:\/\/www.suno.com.br\/noticias\/wp-json\/wp\/v2\/types\/post"}],"author":[{"embeddable":true,"href":"https:\/\/www.suno.com.br\/noticias\/wp-json\/wp\/v2\/users\/39"}],"replies":[{"embeddable":true,"href":"https:\/\/www.suno.com.br\/noticias\/wp-json\/wp\/v2\/comments?post=63396"}],"version-history":[{"count":0,"href":"https:\/\/www.suno.com.br\/noticias\/wp-json\/wp\/v2\/posts\/63396\/revisions"}],"wp:featuredmedia":[{"embeddable":true,"href":"https:\/\/www.suno.com.br\/noticias\/wp-json\/wp\/v2\/media\/5871"}],"wp:attachment":[{"href":"https:\/\/www.suno.com.br\/noticias\/wp-json\/wp\/v2\/media?parent=63396"}],"wp:term":[{"taxonomy":"category","embeddable":true,"href":"https:\/\/www.suno.com.br\/noticias\/wp-json\/wp\/v2\/categories?post=63396"},{"taxonomy":"post_tag","embeddable":true,"href":"https:\/\/www.suno.com.br\/noticias\/wp-json\/wp\/v2\/tags?post=63396"},{"taxonomy":"suno_strategy","embeddable":true,"href":"https:\/\/www.suno.com.br\/noticias\/wp-json\/wp\/v2\/suno_strategy?post=63396"}],"curies":[{"name":"wp","href":"https:\/\/api.w.org\/{rel}","templated":true}]}}