{"id":633843,"date":"2025-11-28T17:05:06","date_gmt":"2025-11-28T20:05:06","guid":{"rendered":"https:\/\/www.suno.com.br\/noticias\/vale3-analise-btg-otimismo-mt\/"},"modified":"2025-11-28T17:05:06","modified_gmt":"2025-11-28T20:05:06","slug":"vale3-analise-btg-otimismo-mt","status":"publish","type":"post","link":"https:\/\/www.suno.com.br\/noticias\/vale3-analise-btg-otimismo-mt\/","title":{"rendered":"\u201cVale virou a p\u00e1gina\u201d: an\u00e1lise do BTG reacende o otimismo e p\u00f5e VALE3 entre as favoritas para 2026"},"content":{"rendered":"<p>A <a class=\"suno-keyword\" target=\"_blank\" data-force=\"no\" data-priority=\"2\" href=\"https:\/\/www.suno.com.br\/analitica\/acoes\/vale3\/\" rel=\"noopener\"><strong>VALE3<\/strong><\/a> voltou a ganhar destaque no mercado ap\u00f3s uma an\u00e1lise do BTG Pactual retratar um cen\u00e1rio significativamente mais construtivo para a companhia. O relat\u00f3rio de 27 de novembro de 2025 afirma que a mineradora\u00a0\u201cvirou a p\u00e1gina sobre os problemas de legado \u2014 desafios institucionais, Brumadinho, Samarco e instabilidade operacional \u2014 e est\u00e1 recuperando a confian\u00e7a do investidor\u201d. A leitura chegou no mesmo momento em que a Vale anunciou\u00a0US$ 2,9 bilh\u00f5esem proventos, incluindo\u00a0US$ 1 bilh\u00e3o em <a class=\"suno-keyword\" target=\"_blank\" data-force=\"no\" data-priority=\"1\" href=\"https:\/\/www.suno.com.br\/guias\/dividendos\/\" rel=\"noopener\">dividendos<\/a> extraordin\u00e1rios\u00a0e cerca de\u00a0US$ 1,9 bilh\u00e3o\u00a0em antecipa\u00e7\u00e3o de dividendos m\u00ednimos.\u00a0Vale<\/p>\t<div class=\"wrapper-featured-image\">\n\t\t<figure class=\"spotlightImg\">\n\n\t\t\t<picture>\n\t\t\t\t<source media=\"(max-width: 768px)\" srcset=\"https:\/\/files.sunoresearch.com.br\/n\/uploads\/2025\/11\/vale-vale3-acoes-siderurgia-400x200.webp\">\n\t\t\t\t<img loading=\"lazy\" decoding=\"async\" class=\"newsContent__article__imgCapa lazyloadDisabled \" src=\"https:\/\/files.sunoresearch.com.br\/n\/uploads\/2025\/11\/vale-vale3-acoes-siderurgia-800x450.webp\" width=\"800\" height=\"450\" alt=\"\u201cVale virou a p\u00e1gina\u201d: an\u00e1lise do BTG reacende o otimismo e p\u00f5e VALE3 entre as favoritas para 2026\" fetchpriority=high \/>\n\t\t\t<\/picture>\n\n\t\t\t<figcaption class=\"wp-caption-text wp-caption-text--show\">Vale (VALE3). Foto: Divulga\u00e7\u00e3o.<\/figcaption>\n\t\t<\/figure>\n\t<\/div>\n\n\n\n\n\n\n<p>Para o BTG, esse movimento n\u00e3o apenas refor\u00e7a um momento financeiro mais forte, mas tamb\u00e9m revela convic\u00e7\u00e3o da diretoria sobre o ciclo do min\u00e9rio. No relat\u00f3rio, os analistas afirmam que o pagamento extra \u00e9\u00a0\u201cum desenvolvimento bem-vindo que refor\u00e7a a confian\u00e7a da gest\u00e3o no ciclo do min\u00e9rio de ferro\u201d, ressaltando que os pre\u00e7os da commodity\u00a0\u201ccontinuam surpreendendo o mercado para cima\u201d. <\/p>\n\n\n\n<p>A antecipa\u00e7\u00e3o dos dividendos, segundo o banco,\u00a0\u201c\u00e9 uma boa decis\u00e3o gerencial diante da futura tributa\u00e7\u00e3o sobre dividendos planejada no pa\u00eds\u201d, o que sinaliza efici\u00eancia e timing estrat\u00e9gico por parte da administra\u00e7\u00e3o.\u00a0Vale<\/p>\n\n\n\n<p>A institui\u00e7\u00e3o tamb\u00e9m destaca que a atual gest\u00e3o vem mantendo\u00a0\u201cuma agenda amig\u00e1vel ao acionista minorit\u00e1rio\u201d, algo que, segundo o relat\u00f3rio, tem contribu\u00eddo para a reconstru\u00e7\u00e3o da confian\u00e7a no papel. Mesmo ap\u00f3s uma recupera\u00e7\u00e3o relevante nos \u00faltimos meses, o BTG ainda enxerga VALE3 negociando com desconto quando comparada aos pares globais. Como apontado no documento, a a\u00e7\u00e3o opera perto de\u00a04x EV\/EBITDA, enquanto mineradoras australianas s\u00e3o negociadas a\u00a05\u20136x, ao mesmo tempo em que a Vale oferece\u00a0potencial de <a class=\"suno-keyword\" target=\"_blank\" data-force=\"no\" data-priority=\"2\" href=\"https:\/\/www.suno.com.br\/artigos\/dividend-yield-como-calcular\/\" rel=\"noopener\">dividend yield<\/a> entre 10% e 11% em 2026.\u00a0Vale<\/p>\n\n\n\n<p>As proje\u00e7\u00f5es do banco refor\u00e7am a tese:\u00a0EBITDA estimado de US$ 17,4 bilh\u00f5es em 2026, <a class=\"suno-keyword\" target=\"_blank\" data-force=\"no\" data-priority=\"1\" href=\"https:\/\/www.suno.com.br\/artigos\/lucro-liquido\/\" rel=\"noopener\">lucro l\u00edquido<\/a> previsto de\u00a0US$ 9,9 bilh\u00f5es,\u00a0P\/E de 5,4x,\u00a0RoIC de 18,4%\u00a0e dividend yield superior a\u00a011%. O BTG mant\u00e9m recomenda\u00e7\u00e3o de compra e pre\u00e7o-alvo de\u00a0US$ 15\u00a0para o ADR, indicando um potencial de valoriza\u00e7\u00e3o pr\u00f3ximo de 20% em rela\u00e7\u00e3o ao per\u00edodo da publica\u00e7\u00e3o.\u00a0Vale<\/p>\n\n\n\n<p>O banco ainda ressalta que a hist\u00f3ria de investimento da <strong>VALE3<\/strong> continua sens\u00edvel aos rumos da economia chinesa e ao equil\u00edbrio entre <a class=\"suno-keyword\" target=\"_blank\" data-force=\"no\" data-priority=\"1\" href=\"https:\/\/www.suno.com.br\/artigos\/oferta-demanda\/\" rel=\"noopener\">oferta e demanda<\/a> no mercado global de min\u00e9rio. Mas, para o BTG, o quadro geral \u00e9 s\u00f3lido: a Vale vive um momento de forte <a class=\"suno-keyword\" target=\"_blank\" data-force=\"no\" data-priority=\"1\" href=\"https:\/\/www.suno.com.br\/artigos\/geracao-de-caixa\/\" rel=\"noopener\">gera\u00e7\u00e3o de caixa<\/a>, maior previsibilidade operacional e pol\u00edtica de capital mais clara e favor\u00e1vel ao acionista. Como sintetiza o relat\u00f3rio, a empresa se encontra em um dos momentos estruturais mais fortes\u00a0\u201cque os analistas conseguem lembrar\u201d\u00a0\u2014 um recado direto ao investidor de que a mineradora, de fato, entrou em um novo ciclo.<\/p>\n","protected":false},"excerpt":{"rendered":"<p>A VALE3 voltou a ganhar destaque no mercado ap\u00f3s uma an\u00e1lise do BTG Pactual retratar um cen\u00e1rio significativamente mais construtivo para a companhia. O relat\u00f3rio de 27 de novembro de 2025 afirma que a mineradora\u00a0\u201cvirou a p\u00e1gina sobre os problemas de legado \u2014 desafios institucionais, Brumadinho, Samarco e instabilidade operacional \u2014 e est\u00e1 recuperando a &hellip; Continued<\/p>\n","protected":false},"author":402,"featured_media":633844,"comment_status":"closed","ping_status":"closed","sticky":false,"template":"","format":"standard","meta":[],"categories":[1],"tags":[676],"suno_strategy":[],"class_list":["post-633843","post","type-post","status-publish","format-standard","has-post-thumbnail","hentry","category-uncategorized","tag-vale-vale3"],"yoast_head":"<!-- This site is optimized with the Yoast SEO plugin v24.4 - https:\/\/yoast.com\/wordpress\/plugins\/seo\/ -->\n<title>VALE3: An\u00e1lise do BTG reacende otimismo<\/title>\n<meta name=\"description\" content=\"An\u00e1lise do BTG aponta que VALE3 \u201cvirou a p\u00e1gina\u201d, refor\u00e7a confian\u00e7a no ciclo do min\u00e9rio e projeta dividendos robustos em 2026.\" \/>\n<meta name=\"robots\" content=\"index, follow, max-snippet:-1, max-image-preview:large, max-video-preview:-1\" \/>\n<link rel=\"canonical\" href=\"https:\/\/www.suno.com.br\/noticias\/vale3-analise-btg-otimismo-mt\/\" \/>\n<meta property=\"og:locale\" content=\"pt_BR\" \/>\n<meta property=\"og:type\" content=\"article\" \/>\n<meta property=\"og:title\" content=\"VALE3: An\u00e1lise do BTG reacende otimismo\" \/>\n<meta property=\"og:description\" content=\"An\u00e1lise do BTG aponta que VALE3 \u201cvirou a p\u00e1gina\u201d, refor\u00e7a confian\u00e7a no ciclo do min\u00e9rio e projeta dividendos robustos em 2026.\" \/>\n<meta property=\"og:url\" content=\"https:\/\/www.suno.com.br\/noticias\/vale3-analise-btg-otimismo-mt\/\" \/>\n<meta property=\"og:site_name\" content=\"Suno Not\u00edcias\" \/>\n<meta property=\"article:publisher\" content=\"https:\/\/facebook.com\/sunoresearch\" \/>\n<meta property=\"og:image\" content=\"http:\/\/files.sunoresearch.com.br\/n\/uploads\/2025\/11\/vale-vale3-acoes-siderurgia-jpg.webp\" \/>\n\t<meta property=\"og:image:width\" content=\"1200\" \/>\n\t<meta property=\"og:image:height\" content=\"800\" \/>\n\t<meta property=\"og:image:type\" content=\"image\/jpeg\" \/>\n<meta name=\"author\" content=\"Ma\u00edra Telles\" \/>\n<meta name=\"twitter:card\" content=\"summary_large_image\" \/>\n<meta name=\"twitter:creator\" content=\"@sunoresearch\" \/>\n<meta name=\"twitter:site\" content=\"@sunoresearch\" \/>\n<meta name=\"twitter:label1\" content=\"Escrito por\" \/>\n\t<meta name=\"twitter:data1\" content=\"Ma\u00edra Telles\" \/>\n\t<meta name=\"twitter:label2\" content=\"Est. tempo de leitura\" \/>\n\t<meta name=\"twitter:data2\" content=\"2 minutos\" \/>\n<script type=\"application\/ld+json\" class=\"yoast-schema-graph\">{\"@context\":\"https:\/\/schema.org\",\"@graph\":[{\"@type\":\"NewsArticle\",\"@id\":\"https:\/\/www.suno.com.br\/noticias\/vale3-analise-btg-otimismo-mt\/#article\",\"isPartOf\":{\"@id\":\"https:\/\/www.suno.com.br\/noticias\/vale3-analise-btg-otimismo-mt\/\"},\"author\":{\"name\":\"Ma\u00edra Telles\",\"@id\":\"https:\/\/www.suno.com.br\/noticias\/#\/schema\/person\/0a8b51292bb96ee5f104094c0907eaef\"},\"headline\":\"\u201cVale virou a p\u00e1gina\u201d: an\u00e1lise do BTG reacende o otimismo e p\u00f5e VALE3 entre as favoritas para 2026\",\"datePublished\":\"2025-11-28T20:05:06+00:00\",\"mainEntityOfPage\":{\"@id\":\"https:\/\/www.suno.com.br\/noticias\/vale3-analise-btg-otimismo-mt\/\"},\"wordCount\":503,\"publisher\":{\"@id\":\"https:\/\/www.suno.com.br\/noticias\/#organization\"},\"image\":{\"@id\":\"https:\/\/www.suno.com.br\/noticias\/vale3-analise-btg-otimismo-mt\/#primaryimage\"},\"thumbnailUrl\":\"https:\/\/files.sunoresearch.com.br\/n\/uploads\/2025\/11\/vale-vale3-acoes-siderurgia-jpg.webp\",\"keywords\":[\"Vale (VALE3)\"],\"articleSection\":[\"Mercado Financeiro\"],\"inLanguage\":\"pt-BR\"},{\"@type\":\"WebPage\",\"@id\":\"https:\/\/www.suno.com.br\/noticias\/vale3-analise-btg-otimismo-mt\/\",\"url\":\"https:\/\/www.suno.com.br\/noticias\/vale3-analise-btg-otimismo-mt\/\",\"name\":\"VALE3: An\u00e1lise do BTG reacende otimismo\",\"isPartOf\":{\"@id\":\"https:\/\/www.suno.com.br\/noticias\/#website\"},\"primaryImageOfPage\":{\"@id\":\"https:\/\/www.suno.com.br\/noticias\/vale3-analise-btg-otimismo-mt\/#primaryimage\"},\"image\":{\"@id\":\"https:\/\/www.suno.com.br\/noticias\/vale3-analise-btg-otimismo-mt\/#primaryimage\"},\"thumbnailUrl\":\"https:\/\/files.sunoresearch.com.br\/n\/uploads\/2025\/11\/vale-vale3-acoes-siderurgia-jpg.webp\",\"datePublished\":\"2025-11-28T20:05:06+00:00\",\"description\":\"An\u00e1lise do BTG aponta que VALE3 \u201cvirou a p\u00e1gina\u201d, refor\u00e7a confian\u00e7a no ciclo do min\u00e9rio e projeta dividendos robustos em 2026.\",\"breadcrumb\":{\"@id\":\"https:\/\/www.suno.com.br\/noticias\/vale3-analise-btg-otimismo-mt\/#breadcrumb\"},\"inLanguage\":\"pt-BR\",\"potentialAction\":[{\"@type\":\"ReadAction\",\"target\":[\"https:\/\/www.suno.com.br\/noticias\/vale3-analise-btg-otimismo-mt\/\"]}]},{\"@type\":\"ImageObject\",\"inLanguage\":\"pt-BR\",\"@id\":\"https:\/\/www.suno.com.br\/noticias\/vale3-analise-btg-otimismo-mt\/#primaryimage\",\"url\":\"https:\/\/files.sunoresearch.com.br\/n\/uploads\/2025\/11\/vale-vale3-acoes-siderurgia-jpg.webp\",\"contentUrl\":\"https:\/\/files.sunoresearch.com.br\/n\/uploads\/2025\/11\/vale-vale3-acoes-siderurgia-jpg.webp\",\"width\":1200,\"height\":800,\"caption\":\"Vale (VALE3). Foto: Divulga\u00e7\u00e3o.\"},{\"@type\":\"BreadcrumbList\",\"@id\":\"https:\/\/www.suno.com.br\/noticias\/vale3-analise-btg-otimismo-mt\/#breadcrumb\",\"itemListElement\":[{\"@type\":\"ListItem\",\"position\":1,\"name\":\"Not\u00edcias\",\"item\":\"https:\/\/www.suno.com.br\/noticias\/\"},{\"@type\":\"ListItem\",\"position\":2,\"name\":\"Neg\u00f3cios\",\"item\":\"https:\/\/www.suno.com.br\/noticias\/negocios\/\"},{\"@type\":\"ListItem\",\"position\":3,\"name\":\"\u201cVale virou a p\u00e1gina\u201d: an\u00e1lise do BTG reacende o otimismo e p\u00f5e VALE3 entre as favoritas para 2026\"}]},{\"@type\":\"WebSite\",\"@id\":\"https:\/\/www.suno.com.br\/noticias\/#website\",\"url\":\"https:\/\/www.suno.com.br\/noticias\/\",\"name\":\"Suno Not\u00edcias\",\"description\":\"Seu portal de informa\u00e7\u00e3o sobre o mundo dos investimentos\",\"publisher\":{\"@id\":\"https:\/\/www.suno.com.br\/noticias\/#organization\"},\"potentialAction\":[{\"@type\":\"SearchAction\",\"target\":{\"@type\":\"EntryPoint\",\"urlTemplate\":\"https:\/\/www.suno.com.br\/noticias\/?s={search_term_string}\"},\"query-input\":{\"@type\":\"PropertyValueSpecification\",\"valueRequired\":true,\"valueName\":\"search_term_string\"}}],\"inLanguage\":\"pt-BR\"},{\"@type\":\"Organization\",\"@id\":\"https:\/\/www.suno.com.br\/noticias\/#organization\",\"name\":\"Suno Not\u00edcias\",\"url\":\"https:\/\/www.suno.com.br\/noticias\/\",\"logo\":{\"@type\":\"ImageObject\",\"inLanguage\":\"pt-BR\",\"@id\":\"https:\/\/www.suno.com.br\/noticias\/#\/schema\/logo\/image\/\",\"url\":\"https:\/\/files.sunoresearch.com.br\/n\/uploads\/2021\/09\/suno-logo.png\",\"contentUrl\":\"https:\/\/files.sunoresearch.com.br\/n\/uploads\/2021\/09\/suno-logo.png\",\"width\":180,\"height\":180,\"caption\":\"Suno Not\u00edcias\"},\"image\":{\"@id\":\"https:\/\/www.suno.com.br\/noticias\/#\/schema\/logo\/image\/\"},\"sameAs\":[\"https:\/\/facebook.com\/sunoresearch\",\"https:\/\/x.com\/sunoresearch\",\"https:\/\/www.instagram.com\/suno\",\"https:\/\/www.linkedin.com\/company\/suno-research\/\",\"https:\/\/www.youtube.com\/c\/sunoresearch\"]},{\"@type\":\"Person\",\"@id\":\"https:\/\/www.suno.com.br\/noticias\/#\/schema\/person\/0a8b51292bb96ee5f104094c0907eaef\",\"name\":\"Ma\u00edra Telles\",\"image\":{\"@type\":\"ImageObject\",\"inLanguage\":\"pt-BR\",\"@id\":\"https:\/\/www.suno.com.br\/noticias\/#\/schema\/person\/image\/\",\"url\":\"https:\/\/secure.gravatar.com\/avatar\/8d13691eab6abc1d1050b62a4c2a6116?s=96&r=g\",\"contentUrl\":\"https:\/\/secure.gravatar.com\/avatar\/8d13691eab6abc1d1050b62a4c2a6116?s=96&r=g\",\"caption\":\"Ma\u00edra Telles\"},\"description\":\"Jornalista com passagem por reda\u00e7\u00f5es como ESPN, especializa\u00e7\u00e3o em marketing digital e em gest\u00e3o de crise. Com foco no mercado financeiro e no setor agropecu\u00e1rio, desenvolve conte\u00fados estrat\u00e9gicos e especializados para m\u00faltiplas plataformas, unindo an\u00e1lise de investimentos e neg\u00f3cios\",\"url\":\"https:\/\/www.suno.com.br\/noticias\/author\/mairaftellesgmail-com\/\"}]}<\/script>\n<!-- \/ Yoast SEO plugin. -->","yoast_head_json":{"title":"VALE3: An\u00e1lise do BTG reacende otimismo","description":"An\u00e1lise do BTG aponta que VALE3 \u201cvirou a p\u00e1gina\u201d, refor\u00e7a confian\u00e7a no ciclo do min\u00e9rio e projeta dividendos robustos em 2026.","robots":{"index":"index","follow":"follow","max-snippet":"max-snippet:-1","max-image-preview":"max-image-preview:large","max-video-preview":"max-video-preview:-1"},"canonical":"https:\/\/www.suno.com.br\/noticias\/vale3-analise-btg-otimismo-mt\/","og_locale":"pt_BR","og_type":"article","og_title":"VALE3: An\u00e1lise do BTG reacende otimismo","og_description":"An\u00e1lise do BTG aponta que VALE3 \u201cvirou a p\u00e1gina\u201d, refor\u00e7a confian\u00e7a no ciclo do min\u00e9rio e projeta dividendos robustos em 2026.","og_url":"https:\/\/www.suno.com.br\/noticias\/vale3-analise-btg-otimismo-mt\/","og_site_name":"Suno Not\u00edcias","article_publisher":"https:\/\/facebook.com\/sunoresearch","og_image":[{"width":1200,"height":800,"url":"http:\/\/files.sunoresearch.com.br\/n\/uploads\/2025\/11\/vale-vale3-acoes-siderurgia-jpg.webp","type":"image\/jpeg"}],"author":"Ma\u00edra Telles","twitter_card":"summary_large_image","twitter_creator":"@sunoresearch","twitter_site":"@sunoresearch","twitter_misc":{"Escrito por":"Ma\u00edra Telles","Est. tempo de leitura":"2 minutos"},"schema":{"@context":"https:\/\/schema.org","@graph":[{"@type":"NewsArticle","@id":"https:\/\/www.suno.com.br\/noticias\/vale3-analise-btg-otimismo-mt\/#article","isPartOf":{"@id":"https:\/\/www.suno.com.br\/noticias\/vale3-analise-btg-otimismo-mt\/"},"author":{"name":"Ma\u00edra Telles","@id":"https:\/\/www.suno.com.br\/noticias\/#\/schema\/person\/0a8b51292bb96ee5f104094c0907eaef"},"headline":"\u201cVale virou a p\u00e1gina\u201d: an\u00e1lise do BTG reacende o otimismo e p\u00f5e VALE3 entre as favoritas para 2026","datePublished":"2025-11-28T20:05:06+00:00","mainEntityOfPage":{"@id":"https:\/\/www.suno.com.br\/noticias\/vale3-analise-btg-otimismo-mt\/"},"wordCount":503,"publisher":{"@id":"https:\/\/www.suno.com.br\/noticias\/#organization"},"image":{"@id":"https:\/\/www.suno.com.br\/noticias\/vale3-analise-btg-otimismo-mt\/#primaryimage"},"thumbnailUrl":"https:\/\/files.sunoresearch.com.br\/n\/uploads\/2025\/11\/vale-vale3-acoes-siderurgia-jpg.webp","keywords":["Vale (VALE3)"],"articleSection":["Mercado Financeiro"],"inLanguage":"pt-BR"},{"@type":"WebPage","@id":"https:\/\/www.suno.com.br\/noticias\/vale3-analise-btg-otimismo-mt\/","url":"https:\/\/www.suno.com.br\/noticias\/vale3-analise-btg-otimismo-mt\/","name":"VALE3: An\u00e1lise do BTG reacende otimismo","isPartOf":{"@id":"https:\/\/www.suno.com.br\/noticias\/#website"},"primaryImageOfPage":{"@id":"https:\/\/www.suno.com.br\/noticias\/vale3-analise-btg-otimismo-mt\/#primaryimage"},"image":{"@id":"https:\/\/www.suno.com.br\/noticias\/vale3-analise-btg-otimismo-mt\/#primaryimage"},"thumbnailUrl":"https:\/\/files.sunoresearch.com.br\/n\/uploads\/2025\/11\/vale-vale3-acoes-siderurgia-jpg.webp","datePublished":"2025-11-28T20:05:06+00:00","description":"An\u00e1lise do BTG aponta que VALE3 \u201cvirou a p\u00e1gina\u201d, refor\u00e7a confian\u00e7a no ciclo do min\u00e9rio e projeta dividendos robustos em 2026.","breadcrumb":{"@id":"https:\/\/www.suno.com.br\/noticias\/vale3-analise-btg-otimismo-mt\/#breadcrumb"},"inLanguage":"pt-BR","potentialAction":[{"@type":"ReadAction","target":["https:\/\/www.suno.com.br\/noticias\/vale3-analise-btg-otimismo-mt\/"]}]},{"@type":"ImageObject","inLanguage":"pt-BR","@id":"https:\/\/www.suno.com.br\/noticias\/vale3-analise-btg-otimismo-mt\/#primaryimage","url":"https:\/\/files.sunoresearch.com.br\/n\/uploads\/2025\/11\/vale-vale3-acoes-siderurgia-jpg.webp","contentUrl":"https:\/\/files.sunoresearch.com.br\/n\/uploads\/2025\/11\/vale-vale3-acoes-siderurgia-jpg.webp","width":1200,"height":800,"caption":"Vale (VALE3). Foto: Divulga\u00e7\u00e3o."},{"@type":"BreadcrumbList","@id":"https:\/\/www.suno.com.br\/noticias\/vale3-analise-btg-otimismo-mt\/#breadcrumb","itemListElement":[{"@type":"ListItem","position":1,"name":"Not\u00edcias","item":"https:\/\/www.suno.com.br\/noticias\/"},{"@type":"ListItem","position":2,"name":"Neg\u00f3cios","item":"https:\/\/www.suno.com.br\/noticias\/negocios\/"},{"@type":"ListItem","position":3,"name":"\u201cVale virou a p\u00e1gina\u201d: an\u00e1lise do BTG reacende o otimismo e p\u00f5e VALE3 entre as favoritas para 2026"}]},{"@type":"WebSite","@id":"https:\/\/www.suno.com.br\/noticias\/#website","url":"https:\/\/www.suno.com.br\/noticias\/","name":"Suno Not\u00edcias","description":"Seu portal de informa\u00e7\u00e3o sobre o mundo dos investimentos","publisher":{"@id":"https:\/\/www.suno.com.br\/noticias\/#organization"},"potentialAction":[{"@type":"SearchAction","target":{"@type":"EntryPoint","urlTemplate":"https:\/\/www.suno.com.br\/noticias\/?s={search_term_string}"},"query-input":{"@type":"PropertyValueSpecification","valueRequired":true,"valueName":"search_term_string"}}],"inLanguage":"pt-BR"},{"@type":"Organization","@id":"https:\/\/www.suno.com.br\/noticias\/#organization","name":"Suno Not\u00edcias","url":"https:\/\/www.suno.com.br\/noticias\/","logo":{"@type":"ImageObject","inLanguage":"pt-BR","@id":"https:\/\/www.suno.com.br\/noticias\/#\/schema\/logo\/image\/","url":"https:\/\/files.sunoresearch.com.br\/n\/uploads\/2021\/09\/suno-logo.png","contentUrl":"https:\/\/files.sunoresearch.com.br\/n\/uploads\/2021\/09\/suno-logo.png","width":180,"height":180,"caption":"Suno Not\u00edcias"},"image":{"@id":"https:\/\/www.suno.com.br\/noticias\/#\/schema\/logo\/image\/"},"sameAs":["https:\/\/facebook.com\/sunoresearch","https:\/\/x.com\/sunoresearch","https:\/\/www.instagram.com\/suno","https:\/\/www.linkedin.com\/company\/suno-research\/","https:\/\/www.youtube.com\/c\/sunoresearch"]},{"@type":"Person","@id":"https:\/\/www.suno.com.br\/noticias\/#\/schema\/person\/0a8b51292bb96ee5f104094c0907eaef","name":"Ma\u00edra Telles","image":{"@type":"ImageObject","inLanguage":"pt-BR","@id":"https:\/\/www.suno.com.br\/noticias\/#\/schema\/person\/image\/","url":"https:\/\/secure.gravatar.com\/avatar\/8d13691eab6abc1d1050b62a4c2a6116?s=96&r=g","contentUrl":"https:\/\/secure.gravatar.com\/avatar\/8d13691eab6abc1d1050b62a4c2a6116?s=96&r=g","caption":"Ma\u00edra Telles"},"description":"Jornalista com passagem por reda\u00e7\u00f5es como ESPN, especializa\u00e7\u00e3o em marketing digital e em gest\u00e3o de crise. Com foco no mercado financeiro e no setor agropecu\u00e1rio, desenvolve conte\u00fados estrat\u00e9gicos e especializados para m\u00faltiplas plataformas, unindo an\u00e1lise de investimentos e neg\u00f3cios","url":"https:\/\/www.suno.com.br\/noticias\/author\/mairaftellesgmail-com\/"}]}},"default_loop_html":"<div class=\"cardsPage__listCard__boxs\"><div class=\"cardsPage__listCard__boxs__img\"><a href=\"https:\/\/www.suno.com.br\/noticias\/vale3-analise-btg-otimismo-mt\/\"><img class=\"mask\" src=\"https:\/\/www.suno.com.br\/noticias\/wp-content\/themes\/suno\/resources\/images\/spotlight\/spotlight1img\/bg-mask.png\" alt=\"Image Mask\"\/><img src=\"https:\/\/files.sunoresearch.com.br\/n\/uploads\/2025\/11\/vale-vale3-acoes-siderurgia-400x200.webp\" alt=\"\u201cVale virou a p\u00e1gina\u201d: an\u00e1lise do BTG reacende o otimismo e p\u00f5e VALE3 entre as favoritas para 2026\"\/><\/a><span class=\"spotlightCategory\"><a href=\"https:\/\/www.suno.com.br\/noticias\/uncategorized\/\">Mercado Financeiro<\/a><\/span><\/div><div class=\"cardsPage__listCard__boxs__content\"><a href=\"https:\/\/www.suno.com.br\/noticias\/vale3-analise-btg-otimismo-mt\/\"><h2 class=\"content__title\">\u201cVale virou a p\u00e1gina\u201d: an\u00e1lise do BTG reacende o otimismo e p\u00f5e VALE3 entre as favoritas para 2026<\/h2><\/a><div class=\"newsContent__article__meta\"><div class=\"newsContent__article__meta__authorBox\"><a href=\"https:\/\/www.suno.com.br\/noticias\/author\/mairaftellesgmail-com\/\" class=\"authorBox__avatar noMobi\"><img src=\"https:\/\/secure.gravatar.com\/avatar\/8d13691eab6abc1d1050b62a4c2a6116?s=96&#038;r=g\" alt=\"Ma\u00edra Telles\"><\/a><div class=\"authorBox__name\"><span>por\n\t\t\t<a href=\"https:\/\/www.suno.com.br\/noticias\/author\/mairaftellesgmail-com\/\"><span itemprop=\"author\">Ma\u00edra Telles<\/span><\/a><\/span><time datetime=\"2025-11-28T17:05:06-03:00\" itemprop=\"datePublished\">28\/11\/2025 17:05<\/time><\/div><\/div><\/div><\/div><\/div>","single_layout":"posts","amp_enabled":true,"_links":{"self":[{"href":"https:\/\/www.suno.com.br\/noticias\/wp-json\/wp\/v2\/posts\/633843"}],"collection":[{"href":"https:\/\/www.suno.com.br\/noticias\/wp-json\/wp\/v2\/posts"}],"about":[{"href":"https:\/\/www.suno.com.br\/noticias\/wp-json\/wp\/v2\/types\/post"}],"author":[{"embeddable":true,"href":"https:\/\/www.suno.com.br\/noticias\/wp-json\/wp\/v2\/users\/402"}],"replies":[{"embeddable":true,"href":"https:\/\/www.suno.com.br\/noticias\/wp-json\/wp\/v2\/comments?post=633843"}],"version-history":[{"count":0,"href":"https:\/\/www.suno.com.br\/noticias\/wp-json\/wp\/v2\/posts\/633843\/revisions"}],"wp:featuredmedia":[{"embeddable":true,"href":"https:\/\/www.suno.com.br\/noticias\/wp-json\/wp\/v2\/media\/633844"}],"wp:attachment":[{"href":"https:\/\/www.suno.com.br\/noticias\/wp-json\/wp\/v2\/media?parent=633843"}],"wp:term":[{"taxonomy":"category","embeddable":true,"href":"https:\/\/www.suno.com.br\/noticias\/wp-json\/wp\/v2\/categories?post=633843"},{"taxonomy":"post_tag","embeddable":true,"href":"https:\/\/www.suno.com.br\/noticias\/wp-json\/wp\/v2\/tags?post=633843"},{"taxonomy":"suno_strategy","embeddable":true,"href":"https:\/\/www.suno.com.br\/noticias\/wp-json\/wp\/v2\/suno_strategy?post=633843"}],"curies":[{"name":"wp","href":"https:\/\/api.w.org\/{rel}","templated":true}]}}