{"id":633749,"date":"2025-11-27T20:49:29","date_gmt":"2025-11-27T23:49:29","guid":{"rendered":"https:\/\/www.suno.com.br\/noticias\/?p=633749"},"modified":"2025-11-27T20:49:33","modified_gmt":"2025-11-27T23:49:33","slug":"ifix-fechamento-271125","status":"publish","type":"post","link":"https:\/\/www.suno.com.br\/noticias\/ifix-fechamento-271125\/","title":{"rendered":"Fundos imobili\u00e1rios reagem e IFIX volta a renovar m\u00e1xima na v\u00e9spera de rali de dividendos"},"content":{"rendered":"<p>O mercado de <strong>fundos imobili\u00e1rios<\/strong> se recuperou rapidamente na queda sofrida na v\u00e9spera e voltou a operar em alta nesta quinta-feira (27), com mais uma m\u00e1xima hist\u00f3rica do IFIX, a oitava do m\u00eas, em 3.634,55 pontos.<\/p>\t<div class=\"wrapper-featured-image\">\n\t\t<figure class=\"spotlightImg\">\n\n\t\t\t<picture>\n\t\t\t\t<source media=\"(max-width: 768px)\" srcset=\"https:\/\/files.sunoresearch.com.br\/n\/uploads\/2025\/09\/FIIs-IFIX-predios-400x200.webp\">\n\t\t\t\t<img loading=\"lazy\" decoding=\"async\" class=\"newsContent__article__imgCapa lazyloadDisabled \" src=\"https:\/\/files.sunoresearch.com.br\/n\/uploads\/2025\/09\/FIIs-IFIX-predios-800x450.webp\" width=\"800\" height=\"450\" alt=\"Fundos imobili\u00e1rios reagem e IFIX volta a renovar m\u00e1xima na v\u00e9spera de rali de dividendos\" fetchpriority=high \/>\n\t\t\t<\/picture>\n\n\t\t\t<figcaption class=\"wp-caption-text wp-caption-text--show\">IFIX registrou mais um recorde - Foto: Freepik<\/figcaption>\n\t\t<\/figure>\n\t<\/div>\n\n\n\n\n\n\t<p>\n\t\t<a href=\"https:\/\/lp.suno.com.br\/minicurso-investindo-fiis\/\" target=\"_blank\" data-element=\"shortcode-suno-banner\" title=\"Banner SUNO, clique e saiba mais\">\n\t\t\t<picture>\n\t\t\t\t<source media=\"(max-width: 500px)\" srcset=\"https:\/\/files.sunoresearch.com.br\/n\/uploads\/2023\/03\/400x300-Minicurso-FIIS.png\">\n\t\t\t\t<img class=\"newsContent__article__imgCapa newsContent__article__imgCapa--banner\"\n\t\t\t\t\tsrc=\"https:\/\/files.sunoresearch.com.br\/n\/uploads\/2023\/03\/1420x240-Minicurso-FIIS.png\"\n\t\t\t\t\tdata-promo-id=\"383125\"\t\t\t\t\t\t\t\t\t\twidth='1420' height='240'\t\t\t\t\talt=\"https:\/\/files.sunoresearch.com.br\/n\/uploads\/2023\/03\/1420x240-Minicurso-FIIS.png\"\n\t\t\t\t>\n\t\t\t<\/picture>\n\t\t<\/a>\n\t<\/p>\n\n\n\n\n\n<p>O <a class=\"suno-keyword\" target=\"_blank\" data-force=\"yes\" data-priority=\"2\" href=\"https:\/\/www.suno.com.br\/fundos-imobiliarios\/vilg11\/\" rel=\"noopener\">VILG11<\/a> liderou as altas do dia, ap\u00f3s anunciar a venda de quatro im\u00f3veis de seu portf\u00f3lio log\u00edstico ao <a class=\"suno-keyword\" target=\"_blank\" data-force=\"yes\" data-priority=\"2\" href=\"https:\/\/www.suno.com.br\/fundos-imobiliarios\/hglg11\/\" rel=\"noopener\">HGLG11<\/a> por R$ 709,6 milh\u00f5es. O pre\u00e7o de mercado subiu 3,78% e fechou em R$ 95,39, depois que a gest\u00e3o informou uma eleva\u00e7\u00e3o no guidance de <a class=\"suno-keyword\" target=\"_blank\" data-force=\"no\" data-priority=\"1\" href=\"https:\/\/www.suno.com.br\/guias\/dividendos\/\" rel=\"noopener\">dividendos<\/a> para o primeiro semestre de 2026.<\/p>\n\n\n\n<p>O HGLG11, que vai pagar boa parte da transa\u00e7\u00e3o com cotas de sua 10\u00aa emiss\u00e3o, ainda em andamento, teve alta bem mais leve, de 0,05%, fechando em R$ 159,45. Na outra ponta, o <a class=\"suno-keyword\" target=\"_blank\" data-force=\"yes\" data-priority=\"2\" href=\"https:\/\/www.suno.com.br\/fundos-imobiliarios\/aiec11\/\" rel=\"noopener\">AIEC11<\/a> teve a maior queda do dia, de 1,06%, com fechamento a R$52,47.<\/p>\n\n\n\n<p>Entre os FIIs de maior liquidez, o <a class=\"suno-keyword\" target=\"_blank\" data-force=\"yes\" data-priority=\"2\" href=\"https:\/\/www.suno.com.br\/fundos-imobiliarios\/mxrf11\/\" rel=\"noopener\">MXRF11<\/a> subiu 0,52%, a R$ 9,59, enquanto o GARE11 teve alta de 0,44%, a R$ 9,12. Ambos est\u00e3o entre os mais de 150 FIIs que anunciam dividendos nesta sexta-feira (28), \u00faltimo dia \u00fatil de novembro.<\/p>\n\n\n\n<h2 class=\"wp-block-heading\">Fundos imobili\u00e1rios reagem; IFIX sobe mais de 1% no m\u00eas<\/h2>\n\n\n\n<p>Depois de quatro recordes e uma queda, o <strong>IFIX<\/strong> operou na ascendente durante todo o preg\u00e3o desta quinta-feira (27), superando a m\u00e1xima hist\u00f3rica obtida na ter\u00e7a, de 3.631,23 pontos, por volta das 13h. O \u00edndice permaneceu o tempo todo nesse patamar at\u00e9 o fim da sess\u00e3o, com fechamento perto da m\u00e1xima, 0,45% acima do resultado da v\u00e9spera.<\/p>\n\n\n\t<p>\n\t\t<a href=\"\" target=\"_blank\" data-element=\"shortcode-suno-banner\" title=\"Banner SUNO, clique e saiba mais\">\n\t\t\t<picture>\n\t\t\t\t<source media=\"(max-width: 500px)\" srcset=\"\">\n\t\t\t\t<img class=\"newsContent__article__imgCapa newsContent__article__imgCapa--banner\"\n\t\t\t\t\tsrc=\"\"\n\t\t\t\t\tdata-promo-id=\"494026\"\t\t\t\t\t\t\t\t\t\t\t\t\t\t\talt=\"\"\n\t\t\t\t>\n\t\t\t<\/picture>\n\t\t<\/a>\n\t<\/p>\n\n\n\n\n\n<p>No acumulado de novembro, o <strong>\u00edndice de FIIs <\/strong>sobe 1,14%. A tend\u00eancia \u00e9 que o resultado positivo cres\u00e7a nesta sexta-feira (28), em dia marcado por an\u00fancio de dividendos e <a class=\"suno-keyword\" target=\"_blank\" data-force=\"no\" data-priority=\"2\" href=\"https:\/\/www.suno.com.br\/artigos\/dividendos-datas-importantes\/\" rel=\"noopener\">Data Com<\/a> de mais de 150 fundos imobili\u00e1rios, movimenta\u00e7\u00e3o que costuma impactar positivamente no resultado do IFIX.<\/p>\n\n\n\n<p>Entre os fundos est\u00e3o alguns dos mais populares do mercado, casos de <a class=\"suno-keyword\" target=\"_blank\" data-force=\"yes\" data-priority=\"2\" href=\"https:\/\/www.suno.com.br\/fundos-imobiliarios\/kncr11\/\" rel=\"noopener\">KNCR11<\/a>, HGLG11, <a class=\"suno-keyword\" target=\"_blank\" data-force=\"yes\" data-priority=\"2\" href=\"https:\/\/www.suno.com.br\/fundos-imobiliarios\/hgru11\/\" rel=\"noopener\">HGRU11<\/a>, <a class=\"suno-keyword\" target=\"_blank\" data-force=\"yes\" data-priority=\"2\" href=\"https:\/\/www.suno.com.br\/fundos-imobiliarios\/xplg11\/\" rel=\"noopener\">XPLG11<\/a>, <a class=\"suno-keyword\" target=\"_blank\" data-force=\"yes\" data-priority=\"2\" href=\"https:\/\/www.suno.com.br\/fundos-imobiliarios\/visc11\/\" rel=\"noopener\">VISC11<\/a>, <a class=\"suno-keyword\" target=\"_blank\" data-force=\"yes\" data-priority=\"2\" href=\"https:\/\/www.suno.com.br\/fundos-imobiliarios\/vghf11\/\" rel=\"noopener\">VGHF11<\/a>, <a class=\"suno-keyword\" target=\"_blank\" data-force=\"yes\" data-priority=\"2\" href=\"https:\/\/www.suno.com.br\/fundos-imobiliarios\/trxf11\/\" rel=\"noopener\">TRXF11<\/a>, HGRU11, GARE11, AZPL11, BBIG11, <a class=\"suno-keyword\" target=\"_blank\" data-force=\"yes\" data-priority=\"2\" href=\"https:\/\/www.suno.com.br\/fundos-imobiliarios\/oujp11\/\" rel=\"noopener\">OUJP11<\/a>, RPRI11, <a class=\"suno-keyword\" target=\"_blank\" data-force=\"yes\" data-priority=\"2\" href=\"https:\/\/www.suno.com.br\/fundos-imobiliarios\/vrta11\/\" rel=\"noopener\">VRTA11<\/a>, VRTM11 e <a class=\"suno-keyword\" target=\"_blank\" data-force=\"yes\" data-priority=\"2\" href=\"https:\/\/www.suno.com.br\/fundos-imobiliarios\/tgar11\/\" rel=\"noopener\">TGAR11<\/a>. Outros fundos listados, como AAZQ11, AZIN11, BODB11, RURA11 e XPCA11, tamb\u00e9m fazem seus an\u00fancios.<\/p>\n\n\n\n<h2 class=\"wp-block-heading\">IFIX \u2014 resumo do dia 27\/11\/2025<\/h2>\n\n\n\n<ul class=\"wp-block-list\">\n<li>Fechamento: 3.634,55 pontos (+0,45%)<\/li>\n\n\n\n<li>M\u00ednima: 3.618,13 (0,00%)<\/li>\n\n\n\n<li>M\u00e1xima: 3.634,94 (+0,46%)<\/li>\n\n\n\n<li>Acumulado da semana: +0,25%<\/li>\n\n\n\n<li>Acumulado do m\u00eas: +1,14%<\/li>\n\n\n\n<li>Acumulado do ano: +16,63%<\/li>\n<\/ul>\n\n\n\n<p>A <a class=\"suno-keyword\" target=\"_blank\" data-force=\"no\" data-priority=\"1\" href=\"https:\/\/www.suno.com.br\/artigos\/carteira-teorica\/\" rel=\"noopener\">carteira te\u00f3rica<\/a> do IFIX \u00e9 modificada a cada quatro meses pela B3, e conta com 112 <strong>fundos imobili\u00e1rios<\/strong>. A sele\u00e7\u00e3o de um FII leva em conta fatores como <a class=\"suno-keyword\" target=\"_blank\" data-force=\"no\" data-priority=\"1\" href=\"https:\/\/www.suno.com.br\/artigos\/valor-patrimonial\/\" rel=\"noopener\">valor patrimonial<\/a>, regularidade no pagamento de dividendos e liquidez das cotas. A atual composi\u00e7\u00e3o da carteira valer\u00e1 at\u00e9 dezembro.<\/p>\n\n\n\t<p>\n\t\t<a href=\"https:\/\/lp.suno.com.br\/4-emissao-snel11\/\" target=\"_blank\" data-element=\"shortcode-suno-banner\" title=\"Banner SUNO, clique e saiba mais\">\n\t\t\t<picture>\n\t\t\t\t<source media=\"(max-width: 500px)\" srcset=\"https:\/\/files.sunoresearch.com.br\/n\/uploads\/2025\/07\/400x300-Mobile-Artigos-7.webp\">\n\t\t\t\t<img class=\"newsContent__article__imgCapa newsContent__article__imgCapa--banner\"\n\t\t\t\t\tsrc=\"https:\/\/files.sunoresearch.com.br\/n\/uploads\/2025\/07\/1420x240-Banner-Artigos-1-_-Banner-Materias-5.webp\"\n\t\t\t\t\tdata-promo-id=\"364417\"\t\t\t\t\t\t\t\t\t\twidth='1420' height='240'\t\t\t\t\talt=\"https:\/\/files.sunoresearch.com.br\/n\/uploads\/2025\/07\/1420x240-Banner-Artigos-1-_-Banner-Materias-5.webp\"\n\t\t\t\t>\n\t\t\t<\/picture>\n\t\t<\/a>\n\t<\/p>\n\n\n","protected":false},"excerpt":{"rendered":"<p>O mercado de fundos imobili\u00e1rios se recuperou rapidamente na queda sofrida na v\u00e9spera e voltou a operar em alta nesta quinta-feira (27), com mais uma m\u00e1xima hist\u00f3rica do IFIX, a oitava do m\u00eas, em 3.634,55 pontos. IFIX registrou mais um recorde &#8211; Foto: Freepik O VILG11 liderou as altas do dia, ap\u00f3s anunciar a venda [&hellip;]<\/p>\n","protected":false},"author":339,"featured_media":625045,"comment_status":"closed","ping_status":"closed","sticky":false,"template":"","format":"standard","meta":[],"categories":[66],"tags":[315,2689],"suno_strategy":[],"class_list":["post-633749","post","type-post","status-publish","format-standard","has-post-thumbnail","hentry","category-fiis","tag-fundos-imobiliarios-fiis","tag-ifix"],"yoast_head":"<!-- This site is optimized with the Yoast SEO plugin v24.4 - https:\/\/yoast.com\/wordpress\/plugins\/seo\/ -->\n<title>Fundos imobili\u00e1rios reagem e IFIX volta a renovar m\u00e1xima<\/title>\n<meta name=\"description\" content=\"Fundos imobili\u00e1rios voltam a ter movimenta\u00e7\u00e3o positiva e IFIX bate recorde pela oitava vez no m\u00eas de novembro.\" \/>\n<meta name=\"robots\" content=\"index, follow, max-snippet:-1, max-image-preview:large, max-video-preview:-1\" \/>\n<link rel=\"canonical\" href=\"https:\/\/www.suno.com.br\/noticias\/ifix-fechamento-271125\/\" \/>\n<meta property=\"og:locale\" content=\"pt_BR\" \/>\n<meta property=\"og:type\" content=\"article\" \/>\n<meta property=\"og:title\" content=\"Fundos imobili\u00e1rios reagem e IFIX volta a renovar m\u00e1xima\" \/>\n<meta property=\"og:description\" content=\"Fundos imobili\u00e1rios voltam a ter movimenta\u00e7\u00e3o positiva e IFIX bate recorde pela oitava vez no m\u00eas de novembro.\" \/>\n<meta property=\"og:url\" content=\"https:\/\/www.suno.com.br\/noticias\/ifix-fechamento-271125\/\" \/>\n<meta property=\"og:site_name\" content=\"Suno Not\u00edcias\" \/>\n<meta property=\"article:publisher\" content=\"https:\/\/facebook.com\/sunoresearch\" \/>\n<meta property=\"og:image\" content=\"https:\/\/files.sunoresearch.com.br\/n\/uploads\/2025\/09\/FIIs-IFIX-predios-jpg.webp\" \/>\n\t<meta property=\"og:image:width\" content=\"1500\" \/>\n\t<meta property=\"og:image:height\" content=\"1000\" \/>\n\t<meta property=\"og:image:type\" content=\"image\/jpeg\" \/>\n<meta name=\"author\" content=\"Fernando Cesarotti\" \/>\n<meta name=\"twitter:card\" content=\"summary_large_image\" \/>\n<meta name=\"twitter:creator\" content=\"@sunoresearch\" \/>\n<meta name=\"twitter:site\" content=\"@sunoresearch\" \/>\n<meta name=\"twitter:label1\" content=\"Escrito por\" \/>\n\t<meta name=\"twitter:data1\" content=\"Fernando Cesarotti\" \/>\n\t<meta name=\"twitter:label2\" content=\"Est. tempo de leitura\" \/>\n\t<meta name=\"twitter:data2\" content=\"3 minutos\" \/>\n<script type=\"application\/ld+json\" class=\"yoast-schema-graph\">{\"@context\":\"https:\/\/schema.org\",\"@graph\":[{\"@type\":\"NewsArticle\",\"@id\":\"https:\/\/www.suno.com.br\/noticias\/ifix-fechamento-271125\/#article\",\"isPartOf\":{\"@id\":\"https:\/\/www.suno.com.br\/noticias\/ifix-fechamento-271125\/\"},\"author\":{\"name\":\"Fernando Cesarotti\",\"@id\":\"https:\/\/www.suno.com.br\/noticias\/#\/schema\/person\/02171f82e02ec2306ed662847e114507\"},\"headline\":\"Fundos imobili\u00e1rios reagem e IFIX volta a renovar m\u00e1xima na v\u00e9spera de rali de dividendos\",\"datePublished\":\"2025-11-27T23:49:29+00:00\",\"dateModified\":\"2025-11-27T23:49:33+00:00\",\"mainEntityOfPage\":{\"@id\":\"https:\/\/www.suno.com.br\/noticias\/ifix-fechamento-271125\/\"},\"wordCount\":438,\"publisher\":{\"@id\":\"https:\/\/www.suno.com.br\/noticias\/#organization\"},\"image\":{\"@id\":\"https:\/\/www.suno.com.br\/noticias\/ifix-fechamento-271125\/#primaryimage\"},\"thumbnailUrl\":\"https:\/\/files.sunoresearch.com.br\/n\/uploads\/2025\/09\/FIIs-IFIX-predios-jpg.webp\",\"keywords\":[\"Fundos Imobili\u00e1rios (FIIs)\",\"IFIX\"],\"articleSection\":[\"FIIs\"],\"inLanguage\":\"pt-BR\"},{\"@type\":\"WebPage\",\"@id\":\"https:\/\/www.suno.com.br\/noticias\/ifix-fechamento-271125\/\",\"url\":\"https:\/\/www.suno.com.br\/noticias\/ifix-fechamento-271125\/\",\"name\":\"Fundos imobili\u00e1rios reagem e IFIX volta a renovar m\u00e1xima\",\"isPartOf\":{\"@id\":\"https:\/\/www.suno.com.br\/noticias\/#website\"},\"primaryImageOfPage\":{\"@id\":\"https:\/\/www.suno.com.br\/noticias\/ifix-fechamento-271125\/#primaryimage\"},\"image\":{\"@id\":\"https:\/\/www.suno.com.br\/noticias\/ifix-fechamento-271125\/#primaryimage\"},\"thumbnailUrl\":\"https:\/\/files.sunoresearch.com.br\/n\/uploads\/2025\/09\/FIIs-IFIX-predios-jpg.webp\",\"datePublished\":\"2025-11-27T23:49:29+00:00\",\"dateModified\":\"2025-11-27T23:49:33+00:00\",\"description\":\"Fundos imobili\u00e1rios voltam a ter movimenta\u00e7\u00e3o positiva e IFIX bate recorde pela oitava vez no m\u00eas de novembro.\",\"breadcrumb\":{\"@id\":\"https:\/\/www.suno.com.br\/noticias\/ifix-fechamento-271125\/#breadcrumb\"},\"inLanguage\":\"pt-BR\",\"potentialAction\":[{\"@type\":\"ReadAction\",\"target\":[\"https:\/\/www.suno.com.br\/noticias\/ifix-fechamento-271125\/\"]}]},{\"@type\":\"ImageObject\",\"inLanguage\":\"pt-BR\",\"@id\":\"https:\/\/www.suno.com.br\/noticias\/ifix-fechamento-271125\/#primaryimage\",\"url\":\"https:\/\/files.sunoresearch.com.br\/n\/uploads\/2025\/09\/FIIs-IFIX-predios-jpg.webp\",\"contentUrl\":\"https:\/\/files.sunoresearch.com.br\/n\/uploads\/2025\/09\/FIIs-IFIX-predios-jpg.webp\",\"width\":1500,\"height\":1000,\"caption\":\"IFIX registrou mais um recorde - Foto: Freepik\"},{\"@type\":\"BreadcrumbList\",\"@id\":\"https:\/\/www.suno.com.br\/noticias\/ifix-fechamento-271125\/#breadcrumb\",\"itemListElement\":[{\"@type\":\"ListItem\",\"position\":1,\"name\":\"Not\u00edcias\",\"item\":\"https:\/\/www.suno.com.br\/noticias\/\"},{\"@type\":\"ListItem\",\"position\":2,\"name\":\"FIIs\",\"item\":\"https:\/\/www.suno.com.br\/noticias\/fiis\/\"},{\"@type\":\"ListItem\",\"position\":3,\"name\":\"Fundos imobili\u00e1rios reagem e IFIX volta a renovar m\u00e1xima na v\u00e9spera de rali de dividendos\"}]},{\"@type\":\"WebSite\",\"@id\":\"https:\/\/www.suno.com.br\/noticias\/#website\",\"url\":\"https:\/\/www.suno.com.br\/noticias\/\",\"name\":\"Suno Not\u00edcias\",\"description\":\"Seu portal de informa\u00e7\u00e3o sobre o mundo dos investimentos\",\"publisher\":{\"@id\":\"https:\/\/www.suno.com.br\/noticias\/#organization\"},\"potentialAction\":[{\"@type\":\"SearchAction\",\"target\":{\"@type\":\"EntryPoint\",\"urlTemplate\":\"https:\/\/www.suno.com.br\/noticias\/?s={search_term_string}\"},\"query-input\":{\"@type\":\"PropertyValueSpecification\",\"valueRequired\":true,\"valueName\":\"search_term_string\"}}],\"inLanguage\":\"pt-BR\"},{\"@type\":\"Organization\",\"@id\":\"https:\/\/www.suno.com.br\/noticias\/#organization\",\"name\":\"Suno Not\u00edcias\",\"url\":\"https:\/\/www.suno.com.br\/noticias\/\",\"logo\":{\"@type\":\"ImageObject\",\"inLanguage\":\"pt-BR\",\"@id\":\"https:\/\/www.suno.com.br\/noticias\/#\/schema\/logo\/image\/\",\"url\":\"https:\/\/files.sunoresearch.com.br\/n\/uploads\/2021\/09\/suno-logo.png\",\"contentUrl\":\"https:\/\/files.sunoresearch.com.br\/n\/uploads\/2021\/09\/suno-logo.png\",\"width\":180,\"height\":180,\"caption\":\"Suno Not\u00edcias\"},\"image\":{\"@id\":\"https:\/\/www.suno.com.br\/noticias\/#\/schema\/logo\/image\/\"},\"sameAs\":[\"https:\/\/facebook.com\/sunoresearch\",\"https:\/\/x.com\/sunoresearch\",\"https:\/\/www.instagram.com\/suno\",\"https:\/\/www.linkedin.com\/company\/suno-research\/\",\"https:\/\/www.youtube.com\/c\/sunoresearch\"]},{\"@type\":\"Person\",\"@id\":\"https:\/\/www.suno.com.br\/noticias\/#\/schema\/person\/02171f82e02ec2306ed662847e114507\",\"name\":\"Fernando Cesarotti\",\"image\":{\"@type\":\"ImageObject\",\"inLanguage\":\"pt-BR\",\"@id\":\"https:\/\/www.suno.com.br\/noticias\/#\/schema\/person\/image\/\",\"url\":\"https:\/\/secure.gravatar.com\/avatar\/fc3a37e1dd6249fd3cfdc1702d00d404?s=96&r=g\",\"contentUrl\":\"https:\/\/secure.gravatar.com\/avatar\/fc3a37e1dd6249fd3cfdc1702d00d404?s=96&r=g\",\"caption\":\"Fernando Cesarotti\"},\"description\":\"Jornalista, editor do FIIs.com.br. Graduado pela Unesp, com p\u00f3s-gradua\u00e7\u00e3o em Jornalismo Liter\u00e1rio, com mais de 20 anos de experi\u00eancia em coberturas de economia, pol\u00edtica e esportes. Passagem tamb\u00e9m pelo meio acad\u00eamico, como professor universit\u00e1rio em cursos de Comunica\u00e7\u00e3o e l\u00edder de empresa j\u00fanior.\",\"url\":\"https:\/\/www.suno.com.br\/noticias\/author\/fcesarottigmail-com\/\"}]}<\/script>\n<!-- \/ Yoast SEO plugin. -->","yoast_head_json":{"title":"Fundos imobili\u00e1rios reagem e IFIX volta a renovar m\u00e1xima","description":"Fundos imobili\u00e1rios voltam a ter movimenta\u00e7\u00e3o positiva e IFIX bate recorde pela oitava vez no m\u00eas de novembro.","robots":{"index":"index","follow":"follow","max-snippet":"max-snippet:-1","max-image-preview":"max-image-preview:large","max-video-preview":"max-video-preview:-1"},"canonical":"https:\/\/www.suno.com.br\/noticias\/ifix-fechamento-271125\/","og_locale":"pt_BR","og_type":"article","og_title":"Fundos imobili\u00e1rios reagem e IFIX volta a renovar m\u00e1xima","og_description":"Fundos imobili\u00e1rios voltam a ter movimenta\u00e7\u00e3o positiva e IFIX bate recorde pela oitava vez no m\u00eas de novembro.","og_url":"https:\/\/www.suno.com.br\/noticias\/ifix-fechamento-271125\/","og_site_name":"Suno Not\u00edcias","article_publisher":"https:\/\/facebook.com\/sunoresearch","og_image":[{"width":1500,"height":1000,"url":"https:\/\/files.sunoresearch.com.br\/n\/uploads\/2025\/09\/FIIs-IFIX-predios-jpg.webp","type":"image\/jpeg"}],"author":"Fernando Cesarotti","twitter_card":"summary_large_image","twitter_creator":"@sunoresearch","twitter_site":"@sunoresearch","twitter_misc":{"Escrito por":"Fernando Cesarotti","Est. tempo de leitura":"3 minutos"},"schema":{"@context":"https:\/\/schema.org","@graph":[{"@type":"NewsArticle","@id":"https:\/\/www.suno.com.br\/noticias\/ifix-fechamento-271125\/#article","isPartOf":{"@id":"https:\/\/www.suno.com.br\/noticias\/ifix-fechamento-271125\/"},"author":{"name":"Fernando Cesarotti","@id":"https:\/\/www.suno.com.br\/noticias\/#\/schema\/person\/02171f82e02ec2306ed662847e114507"},"headline":"Fundos imobili\u00e1rios reagem e IFIX volta a renovar m\u00e1xima na v\u00e9spera de rali de dividendos","datePublished":"2025-11-27T23:49:29+00:00","dateModified":"2025-11-27T23:49:33+00:00","mainEntityOfPage":{"@id":"https:\/\/www.suno.com.br\/noticias\/ifix-fechamento-271125\/"},"wordCount":438,"publisher":{"@id":"https:\/\/www.suno.com.br\/noticias\/#organization"},"image":{"@id":"https:\/\/www.suno.com.br\/noticias\/ifix-fechamento-271125\/#primaryimage"},"thumbnailUrl":"https:\/\/files.sunoresearch.com.br\/n\/uploads\/2025\/09\/FIIs-IFIX-predios-jpg.webp","keywords":["Fundos Imobili\u00e1rios (FIIs)","IFIX"],"articleSection":["FIIs"],"inLanguage":"pt-BR"},{"@type":"WebPage","@id":"https:\/\/www.suno.com.br\/noticias\/ifix-fechamento-271125\/","url":"https:\/\/www.suno.com.br\/noticias\/ifix-fechamento-271125\/","name":"Fundos imobili\u00e1rios reagem e IFIX volta a renovar m\u00e1xima","isPartOf":{"@id":"https:\/\/www.suno.com.br\/noticias\/#website"},"primaryImageOfPage":{"@id":"https:\/\/www.suno.com.br\/noticias\/ifix-fechamento-271125\/#primaryimage"},"image":{"@id":"https:\/\/www.suno.com.br\/noticias\/ifix-fechamento-271125\/#primaryimage"},"thumbnailUrl":"https:\/\/files.sunoresearch.com.br\/n\/uploads\/2025\/09\/FIIs-IFIX-predios-jpg.webp","datePublished":"2025-11-27T23:49:29+00:00","dateModified":"2025-11-27T23:49:33+00:00","description":"Fundos imobili\u00e1rios voltam a ter movimenta\u00e7\u00e3o positiva e IFIX bate recorde pela oitava vez no m\u00eas de novembro.","breadcrumb":{"@id":"https:\/\/www.suno.com.br\/noticias\/ifix-fechamento-271125\/#breadcrumb"},"inLanguage":"pt-BR","potentialAction":[{"@type":"ReadAction","target":["https:\/\/www.suno.com.br\/noticias\/ifix-fechamento-271125\/"]}]},{"@type":"ImageObject","inLanguage":"pt-BR","@id":"https:\/\/www.suno.com.br\/noticias\/ifix-fechamento-271125\/#primaryimage","url":"https:\/\/files.sunoresearch.com.br\/n\/uploads\/2025\/09\/FIIs-IFIX-predios-jpg.webp","contentUrl":"https:\/\/files.sunoresearch.com.br\/n\/uploads\/2025\/09\/FIIs-IFIX-predios-jpg.webp","width":1500,"height":1000,"caption":"IFIX registrou mais um recorde - Foto: Freepik"},{"@type":"BreadcrumbList","@id":"https:\/\/www.suno.com.br\/noticias\/ifix-fechamento-271125\/#breadcrumb","itemListElement":[{"@type":"ListItem","position":1,"name":"Not\u00edcias","item":"https:\/\/www.suno.com.br\/noticias\/"},{"@type":"ListItem","position":2,"name":"FIIs","item":"https:\/\/www.suno.com.br\/noticias\/fiis\/"},{"@type":"ListItem","position":3,"name":"Fundos imobili\u00e1rios reagem e IFIX volta a renovar m\u00e1xima na v\u00e9spera de rali de dividendos"}]},{"@type":"WebSite","@id":"https:\/\/www.suno.com.br\/noticias\/#website","url":"https:\/\/www.suno.com.br\/noticias\/","name":"Suno Not\u00edcias","description":"Seu portal de informa\u00e7\u00e3o sobre o mundo dos investimentos","publisher":{"@id":"https:\/\/www.suno.com.br\/noticias\/#organization"},"potentialAction":[{"@type":"SearchAction","target":{"@type":"EntryPoint","urlTemplate":"https:\/\/www.suno.com.br\/noticias\/?s={search_term_string}"},"query-input":{"@type":"PropertyValueSpecification","valueRequired":true,"valueName":"search_term_string"}}],"inLanguage":"pt-BR"},{"@type":"Organization","@id":"https:\/\/www.suno.com.br\/noticias\/#organization","name":"Suno Not\u00edcias","url":"https:\/\/www.suno.com.br\/noticias\/","logo":{"@type":"ImageObject","inLanguage":"pt-BR","@id":"https:\/\/www.suno.com.br\/noticias\/#\/schema\/logo\/image\/","url":"https:\/\/files.sunoresearch.com.br\/n\/uploads\/2021\/09\/suno-logo.png","contentUrl":"https:\/\/files.sunoresearch.com.br\/n\/uploads\/2021\/09\/suno-logo.png","width":180,"height":180,"caption":"Suno Not\u00edcias"},"image":{"@id":"https:\/\/www.suno.com.br\/noticias\/#\/schema\/logo\/image\/"},"sameAs":["https:\/\/facebook.com\/sunoresearch","https:\/\/x.com\/sunoresearch","https:\/\/www.instagram.com\/suno","https:\/\/www.linkedin.com\/company\/suno-research\/","https:\/\/www.youtube.com\/c\/sunoresearch"]},{"@type":"Person","@id":"https:\/\/www.suno.com.br\/noticias\/#\/schema\/person\/02171f82e02ec2306ed662847e114507","name":"Fernando Cesarotti","image":{"@type":"ImageObject","inLanguage":"pt-BR","@id":"https:\/\/www.suno.com.br\/noticias\/#\/schema\/person\/image\/","url":"https:\/\/secure.gravatar.com\/avatar\/fc3a37e1dd6249fd3cfdc1702d00d404?s=96&r=g","contentUrl":"https:\/\/secure.gravatar.com\/avatar\/fc3a37e1dd6249fd3cfdc1702d00d404?s=96&r=g","caption":"Fernando Cesarotti"},"description":"Jornalista, editor do FIIs.com.br. Graduado pela Unesp, com p\u00f3s-gradua\u00e7\u00e3o em Jornalismo Liter\u00e1rio, com mais de 20 anos de experi\u00eancia em coberturas de economia, pol\u00edtica e esportes. Passagem tamb\u00e9m pelo meio acad\u00eamico, como professor universit\u00e1rio em cursos de Comunica\u00e7\u00e3o e l\u00edder de empresa j\u00fanior.","url":"https:\/\/www.suno.com.br\/noticias\/author\/fcesarottigmail-com\/"}]}},"default_loop_html":"<div class=\"cardsPage__listCard__boxs\"><div class=\"cardsPage__listCard__boxs__img\"><a href=\"https:\/\/www.suno.com.br\/noticias\/ifix-fechamento-271125\/\"><img class=\"mask\" src=\"https:\/\/www.suno.com.br\/noticias\/wp-content\/themes\/suno\/resources\/images\/spotlight\/spotlight1img\/bg-mask.png\" alt=\"Image Mask\"\/><img src=\"https:\/\/files.sunoresearch.com.br\/n\/uploads\/2025\/09\/FIIs-IFIX-predios-400x200.webp\" alt=\"Fundos imobili\u00e1rios reagem e IFIX volta a renovar m\u00e1xima na v\u00e9spera de rali de dividendos\"\/><\/a><span class=\"spotlightCategory\"><a href=\"https:\/\/www.suno.com.br\/noticias\/fiis\/\">FIIs<\/a><\/span><\/div><div class=\"cardsPage__listCard__boxs__content\"><a href=\"https:\/\/www.suno.com.br\/noticias\/ifix-fechamento-271125\/\"><h2 class=\"content__title\">Fundos imobili\u00e1rios reagem e IFIX volta a renovar m\u00e1xima na v\u00e9spera de rali de dividendos<\/h2><\/a><div class=\"newsContent__article__meta\"><div class=\"newsContent__article__meta__authorBox\"><a href=\"https:\/\/www.suno.com.br\/noticias\/author\/fcesarottigmail-com\/\" class=\"authorBox__avatar noMobi\"><img src=\"https:\/\/files.sunoresearch.com.br\/n\/uploads\/2024\/02\/perfil-150x150.jpg\" alt=\"Fernando Cesarotti\"><\/a><div class=\"authorBox__name\"><span>por\n\t\t\t<a href=\"https:\/\/www.suno.com.br\/noticias\/author\/fcesarottigmail-com\/\"><span itemprop=\"author\">Fernando Cesarotti<\/span><\/a><\/span><time datetime=\"2025-11-27T20:49:29-03:00\" itemprop=\"datePublished\">27\/11\/2025 20:49<\/time><\/div><\/div><\/div><\/div><\/div>","single_layout":"posts","amp_enabled":true,"_links":{"self":[{"href":"https:\/\/www.suno.com.br\/noticias\/wp-json\/wp\/v2\/posts\/633749"}],"collection":[{"href":"https:\/\/www.suno.com.br\/noticias\/wp-json\/wp\/v2\/posts"}],"about":[{"href":"https:\/\/www.suno.com.br\/noticias\/wp-json\/wp\/v2\/types\/post"}],"author":[{"embeddable":true,"href":"https:\/\/www.suno.com.br\/noticias\/wp-json\/wp\/v2\/users\/339"}],"replies":[{"embeddable":true,"href":"https:\/\/www.suno.com.br\/noticias\/wp-json\/wp\/v2\/comments?post=633749"}],"version-history":[{"count":1,"href":"https:\/\/www.suno.com.br\/noticias\/wp-json\/wp\/v2\/posts\/633749\/revisions"}],"predecessor-version":[{"id":633750,"href":"https:\/\/www.suno.com.br\/noticias\/wp-json\/wp\/v2\/posts\/633749\/revisions\/633750"}],"wp:featuredmedia":[{"embeddable":true,"href":"https:\/\/www.suno.com.br\/noticias\/wp-json\/wp\/v2\/media\/625045"}],"wp:attachment":[{"href":"https:\/\/www.suno.com.br\/noticias\/wp-json\/wp\/v2\/media?parent=633749"}],"wp:term":[{"taxonomy":"category","embeddable":true,"href":"https:\/\/www.suno.com.br\/noticias\/wp-json\/wp\/v2\/categories?post=633749"},{"taxonomy":"post_tag","embeddable":true,"href":"https:\/\/www.suno.com.br\/noticias\/wp-json\/wp\/v2\/tags?post=633749"},{"taxonomy":"suno_strategy","embeddable":true,"href":"https:\/\/www.suno.com.br\/noticias\/wp-json\/wp\/v2\/suno_strategy?post=633749"}],"curies":[{"name":"wp","href":"https:\/\/api.w.org\/{rel}","templated":true}]}}