{"id":633629,"date":"2025-11-27T09:55:03","date_gmt":"2025-11-27T12:55:03","guid":{"rendered":"https:\/\/www.suno.com.br\/noticias\/vibra-energia-vbbr3-xp-reduz-preco-alvo-go\/"},"modified":"2025-11-27T09:55:03","modified_gmt":"2025-11-27T12:55:03","slug":"vibra-energia-vbbr3-xp-reduz-preco-alvo-go","status":"publish","type":"post","link":"https:\/\/www.suno.com.br\/noticias\/vibra-energia-vbbr3-xp-reduz-preco-alvo-go\/","title":{"rendered":"Vibra Energia (VBBR3): XP reduz pre\u00e7o-alvo das a\u00e7\u00f5es ap\u00f3s an\u00fancio de JCP; entenda"},"content":{"rendered":"<p>A XP divulgou ontem (26) um relat\u00f3rio com revis\u00f5es para as proje\u00e7\u00f5es das a\u00e7\u00f5es da <a class=\"suno-keyword\" target=\"_blank\" data-force=\"no\" data-priority=\"2\" href=\"https:\/\/www.suno.com.br\/analitica\/acoes\/vbbr3\/\" rel=\"noopener\"><strong>Vibra Energia (VBBR3)<\/strong><\/a>. A corretora afirmou que ainda enxerga potencial de alta para os pap\u00e9is, mas reduziu o pre\u00e7o-alvo ao incorporar os efeitos do an\u00fancio recente de <a class=\"suno-keyword\" target=\"_blank\" data-force=\"no\" data-priority=\"1\" href=\"https:\/\/www.suno.com.br\/artigos\/entenda-o-jcp\/\" rel=\"noopener\">juros sobre capital pr\u00f3prio<\/a> e da emiss\u00e3o de novas a\u00e7\u00f5es.<\/p>\t<div class=\"wrapper-featured-image\">\n\t\t<figure class=\"spotlightImg\">\n\n\t\t\t<picture>\n\t\t\t\t<source media=\"(max-width: 768px)\" srcset=\"https:\/\/files.sunoresearch.com.br\/n\/uploads\/2025\/11\/vibra-energia-400x200.webp\">\n\t\t\t\t<img loading=\"lazy\" decoding=\"async\" class=\"newsContent__article__imgCapa lazyloadDisabled \" src=\"https:\/\/files.sunoresearch.com.br\/n\/uploads\/2025\/11\/vibra-energia-800x450.webp\" width=\"800\" height=\"450\" alt=\"Vibra Energia (VBBR3): XP reduz pre\u00e7o-alvo das a\u00e7\u00f5es ap\u00f3s an\u00fancio de JCP; entenda\" fetchpriority=high \/>\n\t\t\t<\/picture>\n\n\t\t\t<figcaption class=\"wp-caption-text wp-caption-text--show\">Vibra (VBBR3). Foto: Divulga\u00e7\u00e3o<\/figcaption>\n\t\t<\/figure>\n\t<\/div>\n\n\n\n\n\n\n<p>No relat\u00f3rio, a casa destacou que o valor das a\u00e7\u00f5es da <strong>Vibra<\/strong> passar\u00e1 por ajustes a partir da data ex, devido ao pagamento do JCP e \u00e0 dilui\u00e7\u00e3o provocada pela distribui\u00e7\u00e3o de novas a\u00e7\u00f5es. Mesmo assim, a recomenda\u00e7\u00e3o de compra foi mantida.<\/p>\n\n\n\n<h2 class=\"wp-block-heading\">Por que a XP reduziu o pre\u00e7o-alvo de VBBR3?<\/h2>\n\n\n\n<p>A XP detalhou que revis\u00e3o considera principalmente o impacto dos proventos anunciadoa e da emiss\u00e3o de novas a\u00e7\u00f5es, que resultou em dilui\u00e7\u00e3o no valor individual dos pap\u00e9is. Esses fatores levaram aos ajustes nas estimativas sobre o <strong>pre\u00e7o-alvo VBBR3<\/strong>.<\/p>\n\n\n\n<p>O relat\u00f3rio explica que a Vibra anunciou juros sobre capital pr\u00f3prio de R$ 850 milh\u00f5es, com rendimento de 2,8%. A corretora destacou que os pagamentos efetivos em dinheiro dos JCP s\u00f3 ser\u00e3o feitos em dezembro de 2026 sem juros, o que diminui o valor presente do benef\u00edcio. Pelos c\u00e1lculos da XP, esse valor presente \u00e9 de cerca de R$ 744 milh\u00f5es.<\/p>\n\n\n\n<p>Al\u00e9m disso, a Vibra comunicou a emiss\u00e3o de aproximadamente 79,6 milh\u00f5es de novas a\u00e7\u00f5es, o que representa dilui\u00e7\u00e3o de 7,11%. A XP destacou que a companhia emitir\u00e1 cerca de 79,6 milh\u00f5es de novas a\u00e7\u00f5es e distribuir\u00e1 essas novas a\u00e7\u00f5es aos acionistas existentes, aumentando o n\u00famero total de pap\u00e9is. Com mais a\u00e7\u00f5es em circula\u00e7\u00e3o, o valor por a\u00e7\u00e3o \u00e9 automaticamente ajustado, afetando as proje\u00e7\u00f5es sobre as <strong>a\u00e7\u00f5es da Vibra<\/strong>.<\/p>\n\n\n\n<p>A corretora tamb\u00e9m comparou os pre\u00e7os antes e depois dos ajustes. &#8220;O \u00faltimo pre\u00e7o de fechamento de R$ 26,69 seria equivalente a R$ 24,21 na data ex-direito\u201d, diz a XP. J\u00e1 o antigo pre\u00e7o-alvo de R$ 30 equivaleria a R$ 27,08 ap\u00f3s a dilui\u00e7\u00e3o, levando \u00e0 revis\u00e3o final das a\u00e7\u00f5es da <strong>Vibra (VBBR3)<\/strong> para R$ 27.<\/p>\n","protected":false},"excerpt":{"rendered":"<p>A XP divulgou ontem (26) um relat\u00f3rio com revis\u00f5es para as proje\u00e7\u00f5es das a\u00e7\u00f5es da Vibra Energia (VBBR3). A corretora afirmou que ainda enxerga potencial de alta para os pap\u00e9is, mas reduziu o pre\u00e7o-alvo ao incorporar os efeitos do an\u00fancio recente de juros sobre capital pr\u00f3prio e da emiss\u00e3o de novas a\u00e7\u00f5es. No relat\u00f3rio, a &hellip; Continued<\/p>\n","protected":false},"author":404,"featured_media":633630,"comment_status":"closed","ping_status":"closed","sticky":false,"template":"","format":"standard","meta":[],"categories":[64],"tags":[596],"suno_strategy":[],"class_list":["post-633629","post","type-post","status-publish","format-standard","has-post-thumbnail","hentry","category-negocios","tag-vibra-energia-vbbr3"],"yoast_head":"<!-- This site is optimized with the Yoast SEO plugin v24.4 - https:\/\/yoast.com\/wordpress\/plugins\/seo\/ -->\n<title>Vibra Energia (VBBR3): XP corta pre\u00e7o-alvo ap\u00f3s an\u00fancio de JCP<\/title>\n<meta name=\"description\" content=\"A XP reduziu o pre\u00e7o-alvo da Vibra Energia (VBBR3) ap\u00f3s ajustes envolvendo JCP e emiss\u00e3o de a\u00e7\u00f5es. Veja o que mudou no relat\u00f3rio.\" \/>\n<meta name=\"robots\" content=\"index, follow, max-snippet:-1, max-image-preview:large, max-video-preview:-1\" \/>\n<link rel=\"canonical\" href=\"https:\/\/www.suno.com.br\/noticias\/vibra-energia-vbbr3-xp-reduz-preco-alvo-go\/\" \/>\n<meta property=\"og:locale\" content=\"pt_BR\" \/>\n<meta property=\"og:type\" content=\"article\" \/>\n<meta property=\"og:title\" content=\"Vibra Energia (VBBR3): XP corta pre\u00e7o-alvo ap\u00f3s an\u00fancio de JCP\" \/>\n<meta property=\"og:description\" content=\"A XP reduziu o pre\u00e7o-alvo da Vibra Energia (VBBR3) ap\u00f3s ajustes envolvendo JCP e emiss\u00e3o de a\u00e7\u00f5es. Veja o que mudou no relat\u00f3rio.\" \/>\n<meta property=\"og:url\" content=\"https:\/\/www.suno.com.br\/noticias\/vibra-energia-vbbr3-xp-reduz-preco-alvo-go\/\" \/>\n<meta property=\"og:site_name\" content=\"Suno Not\u00edcias\" \/>\n<meta property=\"article:publisher\" content=\"https:\/\/facebook.com\/sunoresearch\" \/>\n<meta property=\"og:image\" content=\"http:\/\/files.sunoresearch.com.br\/n\/uploads\/2025\/11\/vibra-energia-jpg.webp\" \/>\n\t<meta property=\"og:image:width\" content=\"1450\" \/>\n\t<meta property=\"og:image:height\" content=\"816\" \/>\n\t<meta property=\"og:image:type\" content=\"image\/jpeg\" \/>\n<meta name=\"author\" content=\"Giovanna Oliveira\" \/>\n<meta name=\"twitter:card\" content=\"summary_large_image\" \/>\n<meta name=\"twitter:creator\" content=\"@sunoresearch\" \/>\n<meta name=\"twitter:site\" content=\"@sunoresearch\" \/>\n<meta name=\"twitter:label1\" content=\"Escrito por\" \/>\n\t<meta name=\"twitter:data1\" content=\"Giovanna Oliveira\" \/>\n\t<meta name=\"twitter:label2\" content=\"Est. tempo de leitura\" \/>\n\t<meta name=\"twitter:data2\" content=\"2 minutos\" \/>\n<script type=\"application\/ld+json\" class=\"yoast-schema-graph\">{\"@context\":\"https:\/\/schema.org\",\"@graph\":[{\"@type\":\"NewsArticle\",\"@id\":\"https:\/\/www.suno.com.br\/noticias\/vibra-energia-vbbr3-xp-reduz-preco-alvo-go\/#article\",\"isPartOf\":{\"@id\":\"https:\/\/www.suno.com.br\/noticias\/vibra-energia-vbbr3-xp-reduz-preco-alvo-go\/\"},\"author\":{\"name\":\"Giovanna Oliveira\",\"@id\":\"https:\/\/www.suno.com.br\/noticias\/#\/schema\/person\/506bb13f624e6983050ae5bf648c7a54\"},\"headline\":\"Vibra Energia (VBBR3): XP reduz pre\u00e7o-alvo das a\u00e7\u00f5es ap\u00f3s an\u00fancio de JCP; entenda\",\"datePublished\":\"2025-11-27T12:55:03+00:00\",\"mainEntityOfPage\":{\"@id\":\"https:\/\/www.suno.com.br\/noticias\/vibra-energia-vbbr3-xp-reduz-preco-alvo-go\/\"},\"wordCount\":379,\"publisher\":{\"@id\":\"https:\/\/www.suno.com.br\/noticias\/#organization\"},\"image\":{\"@id\":\"https:\/\/www.suno.com.br\/noticias\/vibra-energia-vbbr3-xp-reduz-preco-alvo-go\/#primaryimage\"},\"thumbnailUrl\":\"https:\/\/files.sunoresearch.com.br\/n\/uploads\/2025\/11\/vibra-energia-jpg.webp\",\"keywords\":[\"Vibra Energia (VBBR3)\"],\"articleSection\":[\"Neg\u00f3cios\"],\"inLanguage\":\"pt-BR\"},{\"@type\":\"WebPage\",\"@id\":\"https:\/\/www.suno.com.br\/noticias\/vibra-energia-vbbr3-xp-reduz-preco-alvo-go\/\",\"url\":\"https:\/\/www.suno.com.br\/noticias\/vibra-energia-vbbr3-xp-reduz-preco-alvo-go\/\",\"name\":\"Vibra Energia (VBBR3): XP corta pre\u00e7o-alvo ap\u00f3s an\u00fancio de JCP\",\"isPartOf\":{\"@id\":\"https:\/\/www.suno.com.br\/noticias\/#website\"},\"primaryImageOfPage\":{\"@id\":\"https:\/\/www.suno.com.br\/noticias\/vibra-energia-vbbr3-xp-reduz-preco-alvo-go\/#primaryimage\"},\"image\":{\"@id\":\"https:\/\/www.suno.com.br\/noticias\/vibra-energia-vbbr3-xp-reduz-preco-alvo-go\/#primaryimage\"},\"thumbnailUrl\":\"https:\/\/files.sunoresearch.com.br\/n\/uploads\/2025\/11\/vibra-energia-jpg.webp\",\"datePublished\":\"2025-11-27T12:55:03+00:00\",\"description\":\"A XP reduziu o pre\u00e7o-alvo da Vibra Energia (VBBR3) ap\u00f3s ajustes envolvendo JCP e emiss\u00e3o de a\u00e7\u00f5es. Veja o que mudou no relat\u00f3rio.\",\"breadcrumb\":{\"@id\":\"https:\/\/www.suno.com.br\/noticias\/vibra-energia-vbbr3-xp-reduz-preco-alvo-go\/#breadcrumb\"},\"inLanguage\":\"pt-BR\",\"potentialAction\":[{\"@type\":\"ReadAction\",\"target\":[\"https:\/\/www.suno.com.br\/noticias\/vibra-energia-vbbr3-xp-reduz-preco-alvo-go\/\"]}]},{\"@type\":\"ImageObject\",\"inLanguage\":\"pt-BR\",\"@id\":\"https:\/\/www.suno.com.br\/noticias\/vibra-energia-vbbr3-xp-reduz-preco-alvo-go\/#primaryimage\",\"url\":\"https:\/\/files.sunoresearch.com.br\/n\/uploads\/2025\/11\/vibra-energia-jpg.webp\",\"contentUrl\":\"https:\/\/files.sunoresearch.com.br\/n\/uploads\/2025\/11\/vibra-energia-jpg.webp\",\"width\":1450,\"height\":816,\"caption\":\"Vibra (VBBR3). Foto: Divulga\u00e7\u00e3o\"},{\"@type\":\"BreadcrumbList\",\"@id\":\"https:\/\/www.suno.com.br\/noticias\/vibra-energia-vbbr3-xp-reduz-preco-alvo-go\/#breadcrumb\",\"itemListElement\":[{\"@type\":\"ListItem\",\"position\":1,\"name\":\"Not\u00edcias\",\"item\":\"https:\/\/www.suno.com.br\/noticias\/\"},{\"@type\":\"ListItem\",\"position\":2,\"name\":\"Neg\u00f3cios\",\"item\":\"https:\/\/www.suno.com.br\/noticias\/negocios\/\"},{\"@type\":\"ListItem\",\"position\":3,\"name\":\"Vibra Energia (VBBR3): XP reduz pre\u00e7o-alvo das a\u00e7\u00f5es ap\u00f3s an\u00fancio de JCP; entenda\"}]},{\"@type\":\"WebSite\",\"@id\":\"https:\/\/www.suno.com.br\/noticias\/#website\",\"url\":\"https:\/\/www.suno.com.br\/noticias\/\",\"name\":\"Suno Not\u00edcias\",\"description\":\"Seu portal de informa\u00e7\u00e3o sobre o mundo dos investimentos\",\"publisher\":{\"@id\":\"https:\/\/www.suno.com.br\/noticias\/#organization\"},\"potentialAction\":[{\"@type\":\"SearchAction\",\"target\":{\"@type\":\"EntryPoint\",\"urlTemplate\":\"https:\/\/www.suno.com.br\/noticias\/?s={search_term_string}\"},\"query-input\":{\"@type\":\"PropertyValueSpecification\",\"valueRequired\":true,\"valueName\":\"search_term_string\"}}],\"inLanguage\":\"pt-BR\"},{\"@type\":\"Organization\",\"@id\":\"https:\/\/www.suno.com.br\/noticias\/#organization\",\"name\":\"Suno Not\u00edcias\",\"url\":\"https:\/\/www.suno.com.br\/noticias\/\",\"logo\":{\"@type\":\"ImageObject\",\"inLanguage\":\"pt-BR\",\"@id\":\"https:\/\/www.suno.com.br\/noticias\/#\/schema\/logo\/image\/\",\"url\":\"https:\/\/files.sunoresearch.com.br\/n\/uploads\/2021\/09\/suno-logo.png\",\"contentUrl\":\"https:\/\/files.sunoresearch.com.br\/n\/uploads\/2021\/09\/suno-logo.png\",\"width\":180,\"height\":180,\"caption\":\"Suno Not\u00edcias\"},\"image\":{\"@id\":\"https:\/\/www.suno.com.br\/noticias\/#\/schema\/logo\/image\/\"},\"sameAs\":[\"https:\/\/facebook.com\/sunoresearch\",\"https:\/\/x.com\/sunoresearch\",\"https:\/\/www.instagram.com\/suno\",\"https:\/\/www.linkedin.com\/company\/suno-research\/\",\"https:\/\/www.youtube.com\/c\/sunoresearch\"]},{\"@type\":\"Person\",\"@id\":\"https:\/\/www.suno.com.br\/noticias\/#\/schema\/person\/506bb13f624e6983050ae5bf648c7a54\",\"name\":\"Giovanna Oliveira\",\"image\":{\"@type\":\"ImageObject\",\"inLanguage\":\"pt-BR\",\"@id\":\"https:\/\/www.suno.com.br\/noticias\/#\/schema\/person\/image\/\",\"url\":\"https:\/\/secure.gravatar.com\/avatar\/8d180e5cea232a9bb3af521589b133fa?s=96&r=g\",\"contentUrl\":\"https:\/\/secure.gravatar.com\/avatar\/8d180e5cea232a9bb3af521589b133fa?s=96&r=g\",\"caption\":\"Giovanna Oliveira\"},\"description\":\"Jornalista com mais de sete anos de experi\u00eancia na cobertura de finan\u00e7as e economia. P\u00f3s-graduada em Neg\u00f3cios e Inova\u00e7\u00e3o (ESPM-SP) e mestranda em Finan\u00e7as (UADE Business School\u2013Buenos Aires).\",\"url\":\"https:\/\/www.suno.com.br\/noticias\/author\/giovannalmd-oliveiragmail-com\/\"}]}<\/script>\n<!-- \/ Yoast SEO plugin. -->","yoast_head_json":{"title":"Vibra Energia (VBBR3): XP corta pre\u00e7o-alvo ap\u00f3s an\u00fancio de JCP","description":"A XP reduziu o pre\u00e7o-alvo da Vibra Energia (VBBR3) ap\u00f3s ajustes envolvendo JCP e emiss\u00e3o de a\u00e7\u00f5es. Veja o que mudou no relat\u00f3rio.","robots":{"index":"index","follow":"follow","max-snippet":"max-snippet:-1","max-image-preview":"max-image-preview:large","max-video-preview":"max-video-preview:-1"},"canonical":"https:\/\/www.suno.com.br\/noticias\/vibra-energia-vbbr3-xp-reduz-preco-alvo-go\/","og_locale":"pt_BR","og_type":"article","og_title":"Vibra Energia (VBBR3): XP corta pre\u00e7o-alvo ap\u00f3s an\u00fancio de JCP","og_description":"A XP reduziu o pre\u00e7o-alvo da Vibra Energia (VBBR3) ap\u00f3s ajustes envolvendo JCP e emiss\u00e3o de a\u00e7\u00f5es. Veja o que mudou no relat\u00f3rio.","og_url":"https:\/\/www.suno.com.br\/noticias\/vibra-energia-vbbr3-xp-reduz-preco-alvo-go\/","og_site_name":"Suno Not\u00edcias","article_publisher":"https:\/\/facebook.com\/sunoresearch","og_image":[{"width":1450,"height":816,"url":"http:\/\/files.sunoresearch.com.br\/n\/uploads\/2025\/11\/vibra-energia-jpg.webp","type":"image\/jpeg"}],"author":"Giovanna Oliveira","twitter_card":"summary_large_image","twitter_creator":"@sunoresearch","twitter_site":"@sunoresearch","twitter_misc":{"Escrito por":"Giovanna Oliveira","Est. tempo de leitura":"2 minutos"},"schema":{"@context":"https:\/\/schema.org","@graph":[{"@type":"NewsArticle","@id":"https:\/\/www.suno.com.br\/noticias\/vibra-energia-vbbr3-xp-reduz-preco-alvo-go\/#article","isPartOf":{"@id":"https:\/\/www.suno.com.br\/noticias\/vibra-energia-vbbr3-xp-reduz-preco-alvo-go\/"},"author":{"name":"Giovanna Oliveira","@id":"https:\/\/www.suno.com.br\/noticias\/#\/schema\/person\/506bb13f624e6983050ae5bf648c7a54"},"headline":"Vibra Energia (VBBR3): XP reduz pre\u00e7o-alvo das a\u00e7\u00f5es ap\u00f3s an\u00fancio de JCP; entenda","datePublished":"2025-11-27T12:55:03+00:00","mainEntityOfPage":{"@id":"https:\/\/www.suno.com.br\/noticias\/vibra-energia-vbbr3-xp-reduz-preco-alvo-go\/"},"wordCount":379,"publisher":{"@id":"https:\/\/www.suno.com.br\/noticias\/#organization"},"image":{"@id":"https:\/\/www.suno.com.br\/noticias\/vibra-energia-vbbr3-xp-reduz-preco-alvo-go\/#primaryimage"},"thumbnailUrl":"https:\/\/files.sunoresearch.com.br\/n\/uploads\/2025\/11\/vibra-energia-jpg.webp","keywords":["Vibra Energia (VBBR3)"],"articleSection":["Neg\u00f3cios"],"inLanguage":"pt-BR"},{"@type":"WebPage","@id":"https:\/\/www.suno.com.br\/noticias\/vibra-energia-vbbr3-xp-reduz-preco-alvo-go\/","url":"https:\/\/www.suno.com.br\/noticias\/vibra-energia-vbbr3-xp-reduz-preco-alvo-go\/","name":"Vibra Energia (VBBR3): XP corta pre\u00e7o-alvo ap\u00f3s an\u00fancio de JCP","isPartOf":{"@id":"https:\/\/www.suno.com.br\/noticias\/#website"},"primaryImageOfPage":{"@id":"https:\/\/www.suno.com.br\/noticias\/vibra-energia-vbbr3-xp-reduz-preco-alvo-go\/#primaryimage"},"image":{"@id":"https:\/\/www.suno.com.br\/noticias\/vibra-energia-vbbr3-xp-reduz-preco-alvo-go\/#primaryimage"},"thumbnailUrl":"https:\/\/files.sunoresearch.com.br\/n\/uploads\/2025\/11\/vibra-energia-jpg.webp","datePublished":"2025-11-27T12:55:03+00:00","description":"A XP reduziu o pre\u00e7o-alvo da Vibra Energia (VBBR3) ap\u00f3s ajustes envolvendo JCP e emiss\u00e3o de a\u00e7\u00f5es. Veja o que mudou no relat\u00f3rio.","breadcrumb":{"@id":"https:\/\/www.suno.com.br\/noticias\/vibra-energia-vbbr3-xp-reduz-preco-alvo-go\/#breadcrumb"},"inLanguage":"pt-BR","potentialAction":[{"@type":"ReadAction","target":["https:\/\/www.suno.com.br\/noticias\/vibra-energia-vbbr3-xp-reduz-preco-alvo-go\/"]}]},{"@type":"ImageObject","inLanguage":"pt-BR","@id":"https:\/\/www.suno.com.br\/noticias\/vibra-energia-vbbr3-xp-reduz-preco-alvo-go\/#primaryimage","url":"https:\/\/files.sunoresearch.com.br\/n\/uploads\/2025\/11\/vibra-energia-jpg.webp","contentUrl":"https:\/\/files.sunoresearch.com.br\/n\/uploads\/2025\/11\/vibra-energia-jpg.webp","width":1450,"height":816,"caption":"Vibra (VBBR3). Foto: Divulga\u00e7\u00e3o"},{"@type":"BreadcrumbList","@id":"https:\/\/www.suno.com.br\/noticias\/vibra-energia-vbbr3-xp-reduz-preco-alvo-go\/#breadcrumb","itemListElement":[{"@type":"ListItem","position":1,"name":"Not\u00edcias","item":"https:\/\/www.suno.com.br\/noticias\/"},{"@type":"ListItem","position":2,"name":"Neg\u00f3cios","item":"https:\/\/www.suno.com.br\/noticias\/negocios\/"},{"@type":"ListItem","position":3,"name":"Vibra Energia (VBBR3): XP reduz pre\u00e7o-alvo das a\u00e7\u00f5es ap\u00f3s an\u00fancio de JCP; entenda"}]},{"@type":"WebSite","@id":"https:\/\/www.suno.com.br\/noticias\/#website","url":"https:\/\/www.suno.com.br\/noticias\/","name":"Suno Not\u00edcias","description":"Seu portal de informa\u00e7\u00e3o sobre o mundo dos investimentos","publisher":{"@id":"https:\/\/www.suno.com.br\/noticias\/#organization"},"potentialAction":[{"@type":"SearchAction","target":{"@type":"EntryPoint","urlTemplate":"https:\/\/www.suno.com.br\/noticias\/?s={search_term_string}"},"query-input":{"@type":"PropertyValueSpecification","valueRequired":true,"valueName":"search_term_string"}}],"inLanguage":"pt-BR"},{"@type":"Organization","@id":"https:\/\/www.suno.com.br\/noticias\/#organization","name":"Suno Not\u00edcias","url":"https:\/\/www.suno.com.br\/noticias\/","logo":{"@type":"ImageObject","inLanguage":"pt-BR","@id":"https:\/\/www.suno.com.br\/noticias\/#\/schema\/logo\/image\/","url":"https:\/\/files.sunoresearch.com.br\/n\/uploads\/2021\/09\/suno-logo.png","contentUrl":"https:\/\/files.sunoresearch.com.br\/n\/uploads\/2021\/09\/suno-logo.png","width":180,"height":180,"caption":"Suno Not\u00edcias"},"image":{"@id":"https:\/\/www.suno.com.br\/noticias\/#\/schema\/logo\/image\/"},"sameAs":["https:\/\/facebook.com\/sunoresearch","https:\/\/x.com\/sunoresearch","https:\/\/www.instagram.com\/suno","https:\/\/www.linkedin.com\/company\/suno-research\/","https:\/\/www.youtube.com\/c\/sunoresearch"]},{"@type":"Person","@id":"https:\/\/www.suno.com.br\/noticias\/#\/schema\/person\/506bb13f624e6983050ae5bf648c7a54","name":"Giovanna Oliveira","image":{"@type":"ImageObject","inLanguage":"pt-BR","@id":"https:\/\/www.suno.com.br\/noticias\/#\/schema\/person\/image\/","url":"https:\/\/secure.gravatar.com\/avatar\/8d180e5cea232a9bb3af521589b133fa?s=96&r=g","contentUrl":"https:\/\/secure.gravatar.com\/avatar\/8d180e5cea232a9bb3af521589b133fa?s=96&r=g","caption":"Giovanna Oliveira"},"description":"Jornalista com mais de sete anos de experi\u00eancia na cobertura de finan\u00e7as e economia. P\u00f3s-graduada em Neg\u00f3cios e Inova\u00e7\u00e3o (ESPM-SP) e mestranda em Finan\u00e7as (UADE Business School\u2013Buenos Aires).","url":"https:\/\/www.suno.com.br\/noticias\/author\/giovannalmd-oliveiragmail-com\/"}]}},"default_loop_html":"<div class=\"cardsPage__listCard__boxs\"><div class=\"cardsPage__listCard__boxs__img\"><a href=\"https:\/\/www.suno.com.br\/noticias\/vibra-energia-vbbr3-xp-reduz-preco-alvo-go\/\"><img class=\"mask\" src=\"https:\/\/www.suno.com.br\/noticias\/wp-content\/themes\/suno\/resources\/images\/spotlight\/spotlight1img\/bg-mask.png\" alt=\"Image Mask\"\/><img src=\"https:\/\/files.sunoresearch.com.br\/n\/uploads\/2025\/11\/vibra-energia-400x200.webp\" alt=\"Vibra Energia (VBBR3): XP reduz pre\u00e7o-alvo das a\u00e7\u00f5es ap\u00f3s an\u00fancio de JCP; entenda\"\/><\/a><span class=\"spotlightCategory\"><a href=\"https:\/\/www.suno.com.br\/noticias\/negocios\/\">Neg\u00f3cios<\/a><\/span><\/div><div class=\"cardsPage__listCard__boxs__content\"><a href=\"https:\/\/www.suno.com.br\/noticias\/vibra-energia-vbbr3-xp-reduz-preco-alvo-go\/\"><h2 class=\"content__title\">Vibra Energia (VBBR3): XP reduz pre\u00e7o-alvo das a\u00e7\u00f5es ap\u00f3s an\u00fancio de JCP; entenda<\/h2><\/a><div class=\"newsContent__article__meta\"><div class=\"newsContent__article__meta__authorBox\"><a href=\"https:\/\/www.suno.com.br\/noticias\/author\/giovannalmd-oliveiragmail-com\/\" class=\"authorBox__avatar noMobi\"><img src=\"https:\/\/secure.gravatar.com\/avatar\/8d180e5cea232a9bb3af521589b133fa?s=96&#038;r=g\" alt=\"Giovanna Oliveira\"><\/a><div class=\"authorBox__name\"><span>por\n\t\t\t<a href=\"https:\/\/www.suno.com.br\/noticias\/author\/giovannalmd-oliveiragmail-com\/\"><span itemprop=\"author\">Giovanna Oliveira<\/span><\/a><\/span><time datetime=\"2025-11-27T09:55:03-03:00\" itemprop=\"datePublished\">27\/11\/2025 09:55<\/time><\/div><\/div><\/div><\/div><\/div>","single_layout":"posts","amp_enabled":true,"_links":{"self":[{"href":"https:\/\/www.suno.com.br\/noticias\/wp-json\/wp\/v2\/posts\/633629"}],"collection":[{"href":"https:\/\/www.suno.com.br\/noticias\/wp-json\/wp\/v2\/posts"}],"about":[{"href":"https:\/\/www.suno.com.br\/noticias\/wp-json\/wp\/v2\/types\/post"}],"author":[{"embeddable":true,"href":"https:\/\/www.suno.com.br\/noticias\/wp-json\/wp\/v2\/users\/404"}],"replies":[{"embeddable":true,"href":"https:\/\/www.suno.com.br\/noticias\/wp-json\/wp\/v2\/comments?post=633629"}],"version-history":[{"count":0,"href":"https:\/\/www.suno.com.br\/noticias\/wp-json\/wp\/v2\/posts\/633629\/revisions"}],"wp:featuredmedia":[{"embeddable":true,"href":"https:\/\/www.suno.com.br\/noticias\/wp-json\/wp\/v2\/media\/633630"}],"wp:attachment":[{"href":"https:\/\/www.suno.com.br\/noticias\/wp-json\/wp\/v2\/media?parent=633629"}],"wp:term":[{"taxonomy":"category","embeddable":true,"href":"https:\/\/www.suno.com.br\/noticias\/wp-json\/wp\/v2\/categories?post=633629"},{"taxonomy":"post_tag","embeddable":true,"href":"https:\/\/www.suno.com.br\/noticias\/wp-json\/wp\/v2\/tags?post=633629"},{"taxonomy":"suno_strategy","embeddable":true,"href":"https:\/\/www.suno.com.br\/noticias\/wp-json\/wp\/v2\/suno_strategy?post=633629"}],"curies":[{"name":"wp","href":"https:\/\/api.w.org\/{rel}","templated":true}]}}