{"id":63346,"date":"2020-04-30T18:52:20","date_gmt":"2020-04-30T21:52:20","guid":{"rendered":"https:\/\/www.suno.com.br\/noticias\/?p=63346"},"modified":"2020-04-30T18:52:20","modified_gmt":"2020-04-30T21:52:20","slug":"coronavoucher-pedidos-feitos-ate-o-dia-26-serao-avaliados-ate-hoje","status":"publish","type":"post","link":"https:\/\/www.suno.com.br\/noticias\/coronavoucher-pedidos-feitos-ate-o-dia-26-serao-avaliados-ate-hoje\/","title":{"rendered":"Coronavoucher: pedidos feitos at\u00e9 o dia 26 ser\u00e3o avaliados at\u00e9 hoje"},"content":{"rendered":"<p>O Ministro da Cidadania, <a href=\"https:\/\/www.suno.com.br\/noticias\/tags\/onyx-lorenzoni\/page\/2\/\">Onyx Lorenzoni<\/a> declarou que os pedidos dos aux\u00edlio emergencial de R$ 600, conhecido como <strong>coronavoucher<\/strong>, que foram realizados at\u00e9 o \u00faltimo dia 26 ser\u00e3o avaliados at\u00e9 essa quinta-feira (30). A informa\u00e7\u00e3o foi divulgada hoje, durante uma coletiva de imprensa no Pal\u00e1cio do Planalto.<\/p>\t<div class=\"wrapper-featured-image\">\n\t\t<figure class=\"spotlightImg\">\n\n\t\t\t<picture>\n\t\t\t\t<source media=\"(max-width: 768px)\" srcset=\"https:\/\/files.sunoresearch.com.br\/n\/uploads\/2019\/01\/8eca80b5-onyx-lorenzoni-400x200.webp\">\n\t\t\t\t<img loading=\"lazy\" decoding=\"async\" class=\"newsContent__article__imgCapa lazyloadDisabled newsContent__article__imgCapa--noCaption\" src=\"https:\/\/files.sunoresearch.com.br\/n\/uploads\/2019\/01\/8eca80b5-onyx-lorenzoni-800x450.webp\" width=\"800\" height=\"450\" alt=\"Coronavoucher: pedidos feitos at\u00e9 o dia 26 ser\u00e3o avaliados at\u00e9 hoje\" fetchpriority=high \/>\n\t\t\t<\/picture>\n\n\t\t\t<figcaption class=\"wp-caption-text wp-caption-text--hide\">Coronavoucher: pedidos feitos at\u00e9 o dia 26 ser\u00e3o avaliados at\u00e9 hoje<\/figcaption>\n\t\t<\/figure>\n\t<\/div>\n\n\n\n<p>Al\u00e9m disso, at\u00e9 a \u00faltima segunda-feira (27) o pagamento do coronavoucher estava sendo disponibilizado apenas na forma de cr\u00e9dito em contas, at\u00e9 que o governo federal liberou o saque.<\/p>\n<p><a href=\"https:\/\/lp.suno.com.br\/suno-one\/\">Suno One: O primeiro passo para alcan\u00e7ar a sua independ\u00eancia financeira<\/a><\/p>\n<p>Na \u00faltima ter\u00e7a-feira (28) a <strong>Caixa Econ\u00f4mica Federal<\/strong> pagou o aux\u00edlio para cerca de 5,1 milh\u00f5es de trabalhadores informais brasileiros. No total, o montante representou mais de R$ 3,6 bilh\u00f5es.<\/p>\n<p>Parte deste montante, cerca de R$ 2,1 bilh\u00f5es, do aux\u00edlio emergencial ser\u00e1 destinado para 3,26 milh\u00f5es de eleg\u00edveis que se inscreveram no aplicativo <em>CAIXA| Aux\u00edlio Emergencial<\/em> e pelo site. Mais de R$ 1,7 bilh\u00e3o ser\u00e3o creditados em contas da Caixa e R$ 341,4 milh\u00f5es em contas de outros bancos.<\/p>\n<h2>Cerca de 46,2 milh\u00f5es j\u00e1 receberam o coronavoucher<\/h2>\n<p>A Caixa informou que j\u00e1 realizou o pagamento do benef\u00edcio para cerca de 46,2 milh\u00f5es de pessoas, o que corresponde a um total de R$ 32,8 milh\u00f5es.<\/p>\n<p>Segundo dados do banco,<\/p>\n<ul>\n<li>17,3 milh\u00f5es de s\u00e3o benefici\u00e1rios do Bolsa Fam\u00edlia;<\/li>\n<li>10,5 s\u00e3o trabalhadores informais cadastrados pelo governo;<\/li>\n<li>18,4 s\u00e3o informais que realizaram a inscri\u00e7\u00e3o na plataforma da Caixa<\/li>\n<\/ul>\n<p>Pessoas est\u00e3o enfrentando dificuldades para acessar a plataforma e fazem filas nas ag\u00eancias para receber a primeira parcela do aux\u00edlio. A <strong>Caixa<\/strong> est\u00e1 se esfor\u00e7ando para agilizar o atendimento aos pedidos, a pedido do governo. O calend\u00e1rio de pagamento da segunda parcela ser\u00e1 anunciado somente ap\u00f3s os problemas serem solucionados.<\/p>\n<p>Muitas pessoas que n\u00e3o t\u00eam direito ao aux\u00edlio emergencial de R$ 600 t\u00eam comparecido as ag\u00eancias da Caixa pra tentar consegu\u00ed-lo.\u00a0Assim, essas ag\u00eancias est\u00e3o registrando grandes filas e, consequentemente, aglomera\u00e7\u00f5es, o que n\u00e3o \u00e9 recomendado devido \u00e0 pandemia de <a href=\"https:\/\/www.suno.com.br\/noticias\/tags\/covid-19\/\"><strong>coronav\u00edrus<\/strong> (Covid-19)<\/a>.<\/p>\n<p><a href=\"https:\/\/www.suno.com.br\/noticias\/coronavoucher-informais-refazer-cadastro\/\">Saiba mais: Coronavoucher: mais de 13 milh\u00f5es de informais ter\u00e3o de refazer cadastro<\/a><\/p>\n<p>De acordo com um levantamento realizado pela Caixa, somente uma em cada cinco pessoas que foram atr\u00e1s do &#8220;<strong>coronavoucher<\/strong>&#8221; na segunda-feira estava dentro do quadro de benefici\u00e1rios.<\/p>\n\n","protected":false},"excerpt":{"rendered":"<p>O Ministro da Cidadania, Onyx Lorenzoni declarou que os pedidos dos aux\u00edlio emergencial de R$ 600, conhecido como coronavoucher, que foram realizados at\u00e9 o \u00faltimo dia 26 ser\u00e3o avaliados at\u00e9 essa quinta-feira (30). A informa\u00e7\u00e3o foi divulgada hoje, durante uma coletiva de imprensa no Pal\u00e1cio do Planalto. Coronavoucher: pedidos feitos at\u00e9 o dia 26 ser\u00e3o [&hellip;]<\/p>\n","protected":false},"author":39,"featured_media":10703,"comment_status":"closed","ping_status":"closed","sticky":false,"template":"","format":"standard","meta":[],"categories":[65],"tags":[1199,12737,939],"suno_strategy":[],"class_list":["post-63346","post","type-post","status-publish","format-standard","has-post-thumbnail","hentry","category-financas-pessoais","tag-caixa-economica-federal-cef","tag-coronavoucher","tag-onyx-lorenzoni"],"yoast_head":"<!-- This site is optimized with the Yoast SEO plugin v24.4 - https:\/\/yoast.com\/wordpress\/plugins\/seo\/ -->\n<title>Coronavoucher: pedidos feitos at\u00e9 o dia 26 ser\u00e3o avaliados at\u00e9 hoje<\/title>\n<meta name=\"description\" content=\"O Ministro da Cidadania declarou que os pedidos de coronavoucher feitos at\u00e9 o dia 26 ser\u00e3o avaliados at\u00e9 hoje. Clique aqui para saber mais\" \/>\n<meta name=\"robots\" content=\"index, follow, max-snippet:-1, max-image-preview:large, max-video-preview:-1\" \/>\n<link rel=\"canonical\" href=\"https:\/\/www.suno.com.br\/noticias\/coronavoucher-pedidos-feitos-ate-o-dia-26-serao-avaliados-ate-hoje\/\" \/>\n<meta property=\"og:locale\" content=\"pt_BR\" \/>\n<meta property=\"og:type\" content=\"article\" \/>\n<meta property=\"og:title\" content=\"Coronavoucher: pedidos feitos at\u00e9 o dia 26 ser\u00e3o avaliados at\u00e9 hoje\" \/>\n<meta property=\"og:description\" content=\"O Ministro da Cidadania declarou que os pedidos de coronavoucher feitos at\u00e9 o dia 26 ser\u00e3o avaliados at\u00e9 hoje. Clique aqui para saber mais\" \/>\n<meta property=\"og:url\" content=\"https:\/\/www.suno.com.br\/noticias\/coronavoucher-pedidos-feitos-ate-o-dia-26-serao-avaliados-ate-hoje\/\" \/>\n<meta property=\"og:site_name\" content=\"Suno Not\u00edcias\" \/>\n<meta property=\"article:publisher\" content=\"https:\/\/facebook.com\/sunoresearch\" \/>\n<meta property=\"og:image\" content=\"https:\/\/files.sunoresearch.com.br\/n\/uploads\/2019\/01\/8eca80b5-onyx-lorenzoni.jpg\" \/>\n\t<meta property=\"og:image:width\" content=\"1140\" \/>\n\t<meta property=\"og:image:height\" content=\"760\" \/>\n\t<meta property=\"og:image:type\" content=\"image\/jpeg\" \/>\n<meta name=\"author\" content=\"Laura Moutinho\" \/>\n<meta name=\"twitter:card\" content=\"summary_large_image\" \/>\n<meta name=\"twitter:creator\" content=\"@sunoresearch\" \/>\n<meta name=\"twitter:site\" content=\"@sunoresearch\" \/>\n<meta name=\"twitter:label1\" content=\"Escrito por\" \/>\n\t<meta name=\"twitter:data1\" content=\"Laura Moutinho\" \/>\n\t<meta name=\"twitter:label2\" content=\"Est. tempo de leitura\" \/>\n\t<meta name=\"twitter:data2\" content=\"2 minutos\" \/>\n<script type=\"application\/ld+json\" class=\"yoast-schema-graph\">{\"@context\":\"https:\/\/schema.org\",\"@graph\":[{\"@type\":\"NewsArticle\",\"@id\":\"https:\/\/www.suno.com.br\/noticias\/coronavoucher-pedidos-feitos-ate-o-dia-26-serao-avaliados-ate-hoje\/#article\",\"isPartOf\":{\"@id\":\"https:\/\/www.suno.com.br\/noticias\/coronavoucher-pedidos-feitos-ate-o-dia-26-serao-avaliados-ate-hoje\/\"},\"author\":{\"name\":\"Laura Moutinho\",\"@id\":\"https:\/\/www.suno.com.br\/noticias\/#\/schema\/person\/3df0d2808748b74496efe5dbeaef2c72\"},\"headline\":\"Coronavoucher: pedidos feitos at\u00e9 o dia 26 ser\u00e3o avaliados at\u00e9 hoje\",\"datePublished\":\"2020-04-30T21:52:20+00:00\",\"mainEntityOfPage\":{\"@id\":\"https:\/\/www.suno.com.br\/noticias\/coronavoucher-pedidos-feitos-ate-o-dia-26-serao-avaliados-ate-hoje\/\"},\"wordCount\":414,\"publisher\":{\"@id\":\"https:\/\/www.suno.com.br\/noticias\/#organization\"},\"image\":{\"@id\":\"https:\/\/www.suno.com.br\/noticias\/coronavoucher-pedidos-feitos-ate-o-dia-26-serao-avaliados-ate-hoje\/#primaryimage\"},\"thumbnailUrl\":\"https:\/\/files.sunoresearch.com.br\/n\/uploads\/2019\/01\/8eca80b5-onyx-lorenzoni-jpg.webp\",\"keywords\":[\"Caixa Econ\u00f4mica Federal (CEF)\",\"coronavoucher\",\"Onyx Lorenzoni\"],\"articleSection\":[\"Finan\u00e7as Pessoais\"],\"inLanguage\":\"pt-BR\"},{\"@type\":\"WebPage\",\"@id\":\"https:\/\/www.suno.com.br\/noticias\/coronavoucher-pedidos-feitos-ate-o-dia-26-serao-avaliados-ate-hoje\/\",\"url\":\"https:\/\/www.suno.com.br\/noticias\/coronavoucher-pedidos-feitos-ate-o-dia-26-serao-avaliados-ate-hoje\/\",\"name\":\"Coronavoucher: pedidos feitos at\u00e9 o dia 26 ser\u00e3o avaliados at\u00e9 hoje\",\"isPartOf\":{\"@id\":\"https:\/\/www.suno.com.br\/noticias\/#website\"},\"primaryImageOfPage\":{\"@id\":\"https:\/\/www.suno.com.br\/noticias\/coronavoucher-pedidos-feitos-ate-o-dia-26-serao-avaliados-ate-hoje\/#primaryimage\"},\"image\":{\"@id\":\"https:\/\/www.suno.com.br\/noticias\/coronavoucher-pedidos-feitos-ate-o-dia-26-serao-avaliados-ate-hoje\/#primaryimage\"},\"thumbnailUrl\":\"https:\/\/files.sunoresearch.com.br\/n\/uploads\/2019\/01\/8eca80b5-onyx-lorenzoni-jpg.webp\",\"datePublished\":\"2020-04-30T21:52:20+00:00\",\"description\":\"O Ministro da Cidadania declarou que os pedidos de coronavoucher feitos at\u00e9 o dia 26 ser\u00e3o avaliados at\u00e9 hoje. Clique aqui para saber mais\",\"breadcrumb\":{\"@id\":\"https:\/\/www.suno.com.br\/noticias\/coronavoucher-pedidos-feitos-ate-o-dia-26-serao-avaliados-ate-hoje\/#breadcrumb\"},\"inLanguage\":\"pt-BR\",\"potentialAction\":[{\"@type\":\"ReadAction\",\"target\":[\"https:\/\/www.suno.com.br\/noticias\/coronavoucher-pedidos-feitos-ate-o-dia-26-serao-avaliados-ate-hoje\/\"]}]},{\"@type\":\"ImageObject\",\"inLanguage\":\"pt-BR\",\"@id\":\"https:\/\/www.suno.com.br\/noticias\/coronavoucher-pedidos-feitos-ate-o-dia-26-serao-avaliados-ate-hoje\/#primaryimage\",\"url\":\"https:\/\/files.sunoresearch.com.br\/n\/uploads\/2019\/01\/8eca80b5-onyx-lorenzoni-jpg.webp\",\"contentUrl\":\"https:\/\/files.sunoresearch.com.br\/n\/uploads\/2019\/01\/8eca80b5-onyx-lorenzoni-jpg.webp\",\"width\":1140,\"height\":760,\"caption\":\"Coronavoucher: pedidos feitos at\u00e9 o dia 26 ser\u00e3o avaliados at\u00e9 hoje\"},{\"@type\":\"BreadcrumbList\",\"@id\":\"https:\/\/www.suno.com.br\/noticias\/coronavoucher-pedidos-feitos-ate-o-dia-26-serao-avaliados-ate-hoje\/#breadcrumb\",\"itemListElement\":[{\"@type\":\"ListItem\",\"position\":1,\"name\":\"Not\u00edcias\",\"item\":\"https:\/\/www.suno.com.br\/noticias\/\"},{\"@type\":\"ListItem\",\"position\":2,\"name\":\"Finan\u00e7as Pessoais\",\"item\":\"https:\/\/www.suno.com.br\/noticias\/financas-pessoais\/\"},{\"@type\":\"ListItem\",\"position\":3,\"name\":\"Coronavoucher: pedidos feitos at\u00e9 o dia 26 ser\u00e3o avaliados at\u00e9 hoje\"}]},{\"@type\":\"WebSite\",\"@id\":\"https:\/\/www.suno.com.br\/noticias\/#website\",\"url\":\"https:\/\/www.suno.com.br\/noticias\/\",\"name\":\"Suno Not\u00edcias\",\"description\":\"Seu portal de informa\u00e7\u00e3o sobre o mundo dos investimentos\",\"publisher\":{\"@id\":\"https:\/\/www.suno.com.br\/noticias\/#organization\"},\"potentialAction\":[{\"@type\":\"SearchAction\",\"target\":{\"@type\":\"EntryPoint\",\"urlTemplate\":\"https:\/\/www.suno.com.br\/noticias\/?s={search_term_string}\"},\"query-input\":{\"@type\":\"PropertyValueSpecification\",\"valueRequired\":true,\"valueName\":\"search_term_string\"}}],\"inLanguage\":\"pt-BR\"},{\"@type\":\"Organization\",\"@id\":\"https:\/\/www.suno.com.br\/noticias\/#organization\",\"name\":\"Suno Not\u00edcias\",\"url\":\"https:\/\/www.suno.com.br\/noticias\/\",\"logo\":{\"@type\":\"ImageObject\",\"inLanguage\":\"pt-BR\",\"@id\":\"https:\/\/www.suno.com.br\/noticias\/#\/schema\/logo\/image\/\",\"url\":\"https:\/\/files.sunoresearch.com.br\/n\/uploads\/2021\/09\/suno-logo.png\",\"contentUrl\":\"https:\/\/files.sunoresearch.com.br\/n\/uploads\/2021\/09\/suno-logo.png\",\"width\":180,\"height\":180,\"caption\":\"Suno Not\u00edcias\"},\"image\":{\"@id\":\"https:\/\/www.suno.com.br\/noticias\/#\/schema\/logo\/image\/\"},\"sameAs\":[\"https:\/\/facebook.com\/sunoresearch\",\"https:\/\/x.com\/sunoresearch\",\"https:\/\/www.instagram.com\/suno\",\"https:\/\/www.linkedin.com\/company\/suno-research\/\",\"https:\/\/www.youtube.com\/c\/sunoresearch\"]},{\"@type\":\"Person\",\"@id\":\"https:\/\/www.suno.com.br\/noticias\/#\/schema\/person\/3df0d2808748b74496efe5dbeaef2c72\",\"name\":\"Laura Moutinho\",\"image\":{\"@type\":\"ImageObject\",\"inLanguage\":\"pt-BR\",\"@id\":\"https:\/\/www.suno.com.br\/noticias\/#\/schema\/person\/image\/\",\"url\":\"https:\/\/secure.gravatar.com\/avatar\/7571c7c8ca3a6fca5e41384ece5557ff?s=96&r=g\",\"contentUrl\":\"https:\/\/secure.gravatar.com\/avatar\/7571c7c8ca3a6fca5e41384ece5557ff?s=96&r=g\",\"caption\":\"Laura Moutinho\"},\"description\":\"Estagi\u00e1ria na Suno Not\u00edcias, escreve not\u00edcias que afetam o mercado financeiro. Estuda administra\u00e7\u00e3o na Universidade Presbiteriana Mackenzie.\",\"url\":\"https:\/\/www.suno.com.br\/noticias\/author\/laura-moutinho\/\"}]}<\/script>\n<!-- \/ Yoast SEO plugin. -->","yoast_head_json":{"title":"Coronavoucher: pedidos feitos at\u00e9 o dia 26 ser\u00e3o avaliados at\u00e9 hoje","description":"O Ministro da Cidadania declarou que os pedidos de coronavoucher feitos at\u00e9 o dia 26 ser\u00e3o avaliados at\u00e9 hoje. Clique aqui para saber mais","robots":{"index":"index","follow":"follow","max-snippet":"max-snippet:-1","max-image-preview":"max-image-preview:large","max-video-preview":"max-video-preview:-1"},"canonical":"https:\/\/www.suno.com.br\/noticias\/coronavoucher-pedidos-feitos-ate-o-dia-26-serao-avaliados-ate-hoje\/","og_locale":"pt_BR","og_type":"article","og_title":"Coronavoucher: pedidos feitos at\u00e9 o dia 26 ser\u00e3o avaliados at\u00e9 hoje","og_description":"O Ministro da Cidadania declarou que os pedidos de coronavoucher feitos at\u00e9 o dia 26 ser\u00e3o avaliados at\u00e9 hoje. Clique aqui para saber mais","og_url":"https:\/\/www.suno.com.br\/noticias\/coronavoucher-pedidos-feitos-ate-o-dia-26-serao-avaliados-ate-hoje\/","og_site_name":"Suno Not\u00edcias","article_publisher":"https:\/\/facebook.com\/sunoresearch","og_image":[{"width":1140,"height":760,"url":"https:\/\/files.sunoresearch.com.br\/n\/uploads\/2019\/01\/8eca80b5-onyx-lorenzoni.jpg","type":"image\/jpeg"}],"author":"Laura Moutinho","twitter_card":"summary_large_image","twitter_creator":"@sunoresearch","twitter_site":"@sunoresearch","twitter_misc":{"Escrito por":"Laura Moutinho","Est. tempo de leitura":"2 minutos"},"schema":{"@context":"https:\/\/schema.org","@graph":[{"@type":"NewsArticle","@id":"https:\/\/www.suno.com.br\/noticias\/coronavoucher-pedidos-feitos-ate-o-dia-26-serao-avaliados-ate-hoje\/#article","isPartOf":{"@id":"https:\/\/www.suno.com.br\/noticias\/coronavoucher-pedidos-feitos-ate-o-dia-26-serao-avaliados-ate-hoje\/"},"author":{"name":"Laura Moutinho","@id":"https:\/\/www.suno.com.br\/noticias\/#\/schema\/person\/3df0d2808748b74496efe5dbeaef2c72"},"headline":"Coronavoucher: pedidos feitos at\u00e9 o dia 26 ser\u00e3o avaliados at\u00e9 hoje","datePublished":"2020-04-30T21:52:20+00:00","mainEntityOfPage":{"@id":"https:\/\/www.suno.com.br\/noticias\/coronavoucher-pedidos-feitos-ate-o-dia-26-serao-avaliados-ate-hoje\/"},"wordCount":414,"publisher":{"@id":"https:\/\/www.suno.com.br\/noticias\/#organization"},"image":{"@id":"https:\/\/www.suno.com.br\/noticias\/coronavoucher-pedidos-feitos-ate-o-dia-26-serao-avaliados-ate-hoje\/#primaryimage"},"thumbnailUrl":"https:\/\/files.sunoresearch.com.br\/n\/uploads\/2019\/01\/8eca80b5-onyx-lorenzoni-jpg.webp","keywords":["Caixa Econ\u00f4mica Federal (CEF)","coronavoucher","Onyx Lorenzoni"],"articleSection":["Finan\u00e7as Pessoais"],"inLanguage":"pt-BR"},{"@type":"WebPage","@id":"https:\/\/www.suno.com.br\/noticias\/coronavoucher-pedidos-feitos-ate-o-dia-26-serao-avaliados-ate-hoje\/","url":"https:\/\/www.suno.com.br\/noticias\/coronavoucher-pedidos-feitos-ate-o-dia-26-serao-avaliados-ate-hoje\/","name":"Coronavoucher: pedidos feitos at\u00e9 o dia 26 ser\u00e3o avaliados at\u00e9 hoje","isPartOf":{"@id":"https:\/\/www.suno.com.br\/noticias\/#website"},"primaryImageOfPage":{"@id":"https:\/\/www.suno.com.br\/noticias\/coronavoucher-pedidos-feitos-ate-o-dia-26-serao-avaliados-ate-hoje\/#primaryimage"},"image":{"@id":"https:\/\/www.suno.com.br\/noticias\/coronavoucher-pedidos-feitos-ate-o-dia-26-serao-avaliados-ate-hoje\/#primaryimage"},"thumbnailUrl":"https:\/\/files.sunoresearch.com.br\/n\/uploads\/2019\/01\/8eca80b5-onyx-lorenzoni-jpg.webp","datePublished":"2020-04-30T21:52:20+00:00","description":"O Ministro da Cidadania declarou que os pedidos de coronavoucher feitos at\u00e9 o dia 26 ser\u00e3o avaliados at\u00e9 hoje. Clique aqui para saber mais","breadcrumb":{"@id":"https:\/\/www.suno.com.br\/noticias\/coronavoucher-pedidos-feitos-ate-o-dia-26-serao-avaliados-ate-hoje\/#breadcrumb"},"inLanguage":"pt-BR","potentialAction":[{"@type":"ReadAction","target":["https:\/\/www.suno.com.br\/noticias\/coronavoucher-pedidos-feitos-ate-o-dia-26-serao-avaliados-ate-hoje\/"]}]},{"@type":"ImageObject","inLanguage":"pt-BR","@id":"https:\/\/www.suno.com.br\/noticias\/coronavoucher-pedidos-feitos-ate-o-dia-26-serao-avaliados-ate-hoje\/#primaryimage","url":"https:\/\/files.sunoresearch.com.br\/n\/uploads\/2019\/01\/8eca80b5-onyx-lorenzoni-jpg.webp","contentUrl":"https:\/\/files.sunoresearch.com.br\/n\/uploads\/2019\/01\/8eca80b5-onyx-lorenzoni-jpg.webp","width":1140,"height":760,"caption":"Coronavoucher: pedidos feitos at\u00e9 o dia 26 ser\u00e3o avaliados at\u00e9 hoje"},{"@type":"BreadcrumbList","@id":"https:\/\/www.suno.com.br\/noticias\/coronavoucher-pedidos-feitos-ate-o-dia-26-serao-avaliados-ate-hoje\/#breadcrumb","itemListElement":[{"@type":"ListItem","position":1,"name":"Not\u00edcias","item":"https:\/\/www.suno.com.br\/noticias\/"},{"@type":"ListItem","position":2,"name":"Finan\u00e7as Pessoais","item":"https:\/\/www.suno.com.br\/noticias\/financas-pessoais\/"},{"@type":"ListItem","position":3,"name":"Coronavoucher: pedidos feitos at\u00e9 o dia 26 ser\u00e3o avaliados at\u00e9 hoje"}]},{"@type":"WebSite","@id":"https:\/\/www.suno.com.br\/noticias\/#website","url":"https:\/\/www.suno.com.br\/noticias\/","name":"Suno Not\u00edcias","description":"Seu portal de informa\u00e7\u00e3o sobre o mundo dos investimentos","publisher":{"@id":"https:\/\/www.suno.com.br\/noticias\/#organization"},"potentialAction":[{"@type":"SearchAction","target":{"@type":"EntryPoint","urlTemplate":"https:\/\/www.suno.com.br\/noticias\/?s={search_term_string}"},"query-input":{"@type":"PropertyValueSpecification","valueRequired":true,"valueName":"search_term_string"}}],"inLanguage":"pt-BR"},{"@type":"Organization","@id":"https:\/\/www.suno.com.br\/noticias\/#organization","name":"Suno Not\u00edcias","url":"https:\/\/www.suno.com.br\/noticias\/","logo":{"@type":"ImageObject","inLanguage":"pt-BR","@id":"https:\/\/www.suno.com.br\/noticias\/#\/schema\/logo\/image\/","url":"https:\/\/files.sunoresearch.com.br\/n\/uploads\/2021\/09\/suno-logo.png","contentUrl":"https:\/\/files.sunoresearch.com.br\/n\/uploads\/2021\/09\/suno-logo.png","width":180,"height":180,"caption":"Suno Not\u00edcias"},"image":{"@id":"https:\/\/www.suno.com.br\/noticias\/#\/schema\/logo\/image\/"},"sameAs":["https:\/\/facebook.com\/sunoresearch","https:\/\/x.com\/sunoresearch","https:\/\/www.instagram.com\/suno","https:\/\/www.linkedin.com\/company\/suno-research\/","https:\/\/www.youtube.com\/c\/sunoresearch"]},{"@type":"Person","@id":"https:\/\/www.suno.com.br\/noticias\/#\/schema\/person\/3df0d2808748b74496efe5dbeaef2c72","name":"Laura Moutinho","image":{"@type":"ImageObject","inLanguage":"pt-BR","@id":"https:\/\/www.suno.com.br\/noticias\/#\/schema\/person\/image\/","url":"https:\/\/secure.gravatar.com\/avatar\/7571c7c8ca3a6fca5e41384ece5557ff?s=96&r=g","contentUrl":"https:\/\/secure.gravatar.com\/avatar\/7571c7c8ca3a6fca5e41384ece5557ff?s=96&r=g","caption":"Laura Moutinho"},"description":"Estagi\u00e1ria na Suno Not\u00edcias, escreve not\u00edcias que afetam o mercado financeiro. Estuda administra\u00e7\u00e3o na Universidade Presbiteriana Mackenzie.","url":"https:\/\/www.suno.com.br\/noticias\/author\/laura-moutinho\/"}]}},"default_loop_html":"<div class=\"cardsPage__listCard__boxs\"><div class=\"cardsPage__listCard__boxs__img\"><a href=\"https:\/\/www.suno.com.br\/noticias\/coronavoucher-pedidos-feitos-ate-o-dia-26-serao-avaliados-ate-hoje\/\"><img class=\"mask\" src=\"https:\/\/www.suno.com.br\/noticias\/wp-content\/themes\/suno\/resources\/images\/spotlight\/spotlight1img\/bg-mask.png\" alt=\"Image Mask\"\/><img src=\"https:\/\/files.sunoresearch.com.br\/n\/uploads\/2019\/01\/8eca80b5-onyx-lorenzoni-400x200.webp\" alt=\"Coronavoucher: pedidos feitos at\u00e9 o dia 26 ser\u00e3o avaliados at\u00e9 hoje\"\/><\/a><span class=\"spotlightCategory\"><a href=\"https:\/\/www.suno.com.br\/noticias\/financas-pessoais\/\">Finan\u00e7as Pessoais<\/a><\/span><\/div><div class=\"cardsPage__listCard__boxs__content\"><a href=\"https:\/\/www.suno.com.br\/noticias\/coronavoucher-pedidos-feitos-ate-o-dia-26-serao-avaliados-ate-hoje\/\"><h2 class=\"content__title\">Coronavoucher: pedidos feitos at\u00e9 o dia 26 ser\u00e3o avaliados at\u00e9 hoje<\/h2><\/a><div class=\"newsContent__article__meta\"><div class=\"newsContent__article__meta__authorBox\"><a href=\"https:\/\/www.suno.com.br\/noticias\/author\/laura-moutinho\/\" class=\"authorBox__avatar noMobi\"><img src=\"https:\/\/files.sunoresearch.com.br\/n\/uploads\/2020\/08\/531ff69d-whatsapp-image-2020-08-03-at-14.54.38-150x150.webp\" alt=\"Laura Moutinho\"><\/a><div class=\"authorBox__name\"><span>por\n\t\t\t<a href=\"https:\/\/www.suno.com.br\/noticias\/author\/laura-moutinho\/\"><span itemprop=\"author\">Laura Moutinho<\/span><\/a><\/span><time datetime=\"2020-04-30T18:52:20-03:00\" itemprop=\"datePublished\">30\/04\/2020 18:52<\/time><\/div><\/div><\/div><\/div><\/div>","single_layout":"posts","amp_enabled":true,"_links":{"self":[{"href":"https:\/\/www.suno.com.br\/noticias\/wp-json\/wp\/v2\/posts\/63346"}],"collection":[{"href":"https:\/\/www.suno.com.br\/noticias\/wp-json\/wp\/v2\/posts"}],"about":[{"href":"https:\/\/www.suno.com.br\/noticias\/wp-json\/wp\/v2\/types\/post"}],"author":[{"embeddable":true,"href":"https:\/\/www.suno.com.br\/noticias\/wp-json\/wp\/v2\/users\/39"}],"replies":[{"embeddable":true,"href":"https:\/\/www.suno.com.br\/noticias\/wp-json\/wp\/v2\/comments?post=63346"}],"version-history":[{"count":0,"href":"https:\/\/www.suno.com.br\/noticias\/wp-json\/wp\/v2\/posts\/63346\/revisions"}],"wp:featuredmedia":[{"embeddable":true,"href":"https:\/\/www.suno.com.br\/noticias\/wp-json\/wp\/v2\/media\/10703"}],"wp:attachment":[{"href":"https:\/\/www.suno.com.br\/noticias\/wp-json\/wp\/v2\/media?parent=63346"}],"wp:term":[{"taxonomy":"category","embeddable":true,"href":"https:\/\/www.suno.com.br\/noticias\/wp-json\/wp\/v2\/categories?post=63346"},{"taxonomy":"post_tag","embeddable":true,"href":"https:\/\/www.suno.com.br\/noticias\/wp-json\/wp\/v2\/tags?post=63346"},{"taxonomy":"suno_strategy","embeddable":true,"href":"https:\/\/www.suno.com.br\/noticias\/wp-json\/wp\/v2\/suno_strategy?post=63346"}],"curies":[{"name":"wp","href":"https:\/\/api.w.org\/{rel}","templated":true}]}}