{"id":63337,"date":"2020-04-30T18:44:22","date_gmt":"2020-04-30T21:44:22","guid":{"rendered":"https:\/\/www.suno.com.br\/noticias\/?p=63337"},"modified":"2020-05-12T15:39:09","modified_gmt":"2020-05-12T18:39:09","slug":"embraer-embr3-boeing-acordo","status":"publish","type":"post","link":"https:\/\/www.suno.com.br\/noticias\/embraer-embr3-boeing-acordo\/","title":{"rendered":"Embraer (EMBR3) e Boeing: acordo proibia desist\u00eancia em caso de crise"},"content":{"rendered":"<p>O acordo de <a href=\"https:\/\/www.suno.com.br\/artigos\/joint-venture\/\">joint-venture<\/a> entre a Boeing e a <a href=\"https:\/\/www.suno.com.br\/acoes\/embr3\/\"><strong>Embraer<\/strong> (EMBR3)<\/a>, avaliado em US$ 4,2 bilh\u00f5es (cerca de R$ 22,9 bilh\u00f5es), inclu\u00eda uma cl\u00e1usula que proibia as partes de desistir do neg\u00f3cio em caso de uma pandemia ou recess\u00e3o global. As informa\u00e7\u00f5es foram divulgadas pela ag\u00eancia Reuters.<\/p>\t<div class=\"wrapper-featured-image\">\n\t\t<figure class=\"spotlightImg\">\n\n\t\t\t<picture>\n\t\t\t\t<source media=\"(max-width: 768px)\" srcset=\"https:\/\/files.sunoresearch.com.br\/n\/uploads\/2018\/10\/a1f710a0-embraer-1-400x200.webp\">\n\t\t\t\t<img loading=\"lazy\" decoding=\"async\" class=\"newsContent__article__imgCapa lazyloadDisabled newsContent__article__imgCapa--noCaption\" src=\"https:\/\/files.sunoresearch.com.br\/n\/uploads\/2018\/10\/a1f710a0-embraer-1-800x450.webp\" width=\"800\" height=\"450\" alt=\"Embraer (EMBR3) e Boeing: acordo proibia desist\u00eancia em caso de crise\" fetchpriority=high \/>\n\t\t\t<\/picture>\n\n\t\t\t<figcaption class=\"wp-caption-text wp-caption-text--hide\">Embraer (Foto: Divulga\u00e7\u00e3o)<\/figcaption>\n\t\t<\/figure>\n\t<\/div>\n\n\n\n<p>O setor de avia\u00e7\u00e3o enfrenta uma grave crise em raz\u00e3o da pandemia do novo coronav\u00edrus (covid-19). Os analistas apontam que o contrato colocou a <strong>Boeing<\/strong> em uma &#8220;encruzilhada&#8221;, onde \u00e9 pressionada a encontrar uma outra sa\u00edda do neg\u00f3cio. A companhia estadunidense alega que a desist\u00eancia se deu pelo n\u00e3o cumprimento de certas condi\u00e7\u00f5es por parte da Embraer.<\/p>\n<p><a href=\"https:\/\/lp.suno.com.br\/suno-one\/\">Na Suno One voc\u00ea aprende como fazer o seu dinheiro para trabalhar para voc\u00ea. Cadastre-se agora!<\/a><\/p>\n<p>No contrato assinado em janeiro de 2019, a Boeing e a Embraer fizeram uma lista de 10 condi\u00e7\u00f5es que n\u00e3o qualificariam como tipo de eventos adversos relevantes. Isto \u00e9, esses t\u00f3picos, entre eles uma pandemia e mudan\u00e7as na economia mundial, n\u00e3o poderiam ser utilizados como pretexto para potenciais quebras do acordo.<\/p>\n<p>A Boeing anunciou que demitiria 16 mil funcion\u00e1rios, quase o equivalente total de empregados Embraer. Mais, comunicou que j\u00e1 havia sacado toda a sua linha de cr\u00e9dito e estava avaliando uma oferta de <a href=\"https:\/\/www.suno.com.br\/artigos\/titulos-privados\/\">t\u00edtulos de d\u00edvida<\/a>. O S&amp;P reduziu, na \u00faltima quarta-feira (29), o <a href=\"https:\/\/www.suno.com.br\/artigos\/rating\/\">rating<\/a> da empresa norte-americana para um n\u00edvel acima do grau especulativo.<\/p>\n<p><a href=\"https:\/\/www.suno.com.br\/noticias\/boeing-prejuizo-trimestral-us-641-milhoes-1t20\/\">Saiba mais: Boeing registra preju\u00edzo de US$ 641 milh\u00f5es no 1T20<\/a><\/p>\n<p>\u201cSeremos uma empresa menor por um tempo\u201d, declarou o presidente-executivo da Boeing, David Calhoun, ap\u00f3s a divulga\u00e7\u00e3o dos resultados referentes ao primeiro trimestre de 2020.<\/p>\n<h2>Embraer contesta acusa\u00e7\u00e3o da Boeing<\/h2>\n<p>A Boeing alegou que Embraer \u201cfalhou em satisfazer uma s\u00e9rie de condi\u00e7\u00f5es importantes no contrato\u201d. A companhia brasileira defende, no entanto, que cumpriu todas as condi\u00e7\u00f5es do acordo e abriu um processo de arbitragem na Justi\u00e7a. A fabricante norte-americana n\u00e3o divulgou publicamente as condi\u00e7\u00f5es para o cancelamento do contrato.<\/p>\n<p><a href=\"https:\/\/www.suno.com.br\/noticias\/embraer-processo-arbitragem-boeing\/\">Saiba mais: Embraer (EMBR3) abre processo de arbitragem contra Boeing<\/a><\/p>\n<p>Conforme o contrato, a Boeing assumiria a unidade de avia\u00e7\u00e3o comercial da Embraer, com uma contrapartida de US$ 4,21 bilh\u00f5es por uma fatia de 80%. A demanda por aeronaves estava subindo e as companhias viam necessidade de um acordo para competir com a l\u00edder no setor Airbus.<\/p>\n<p>A Boeing, no entanto, come\u00e7ou a sentir os efeitos da crise do novo coronav\u00edrus e discutiu sobre obter uma assist\u00eancia do governo dos EUA. V\u00e1rios pa\u00edses j\u00e1 haviam concedidos aprova\u00e7\u00f5es de \u00f3rg\u00e3os antitruste para a opera\u00e7\u00e3o.<\/p>\n<p><a href=\"https:\/\/www.suno.com.br\/noticias\/boeing-nao-era-saudavel-continuar-as-negociacoes\/\">Saiba mais: Boeing: &#8220;n\u00e3o era saud\u00e1vel continuar as negocia\u00e7\u00f5es&#8221;<\/a><\/p>\n<p>\u201cA Boeing n\u00e3o podia sustentar esse acordo e encontrou uma forma de se livrar de sua obriga\u00e7\u00e3o\u201d, afirmou o consultor de avia\u00e7\u00e3o da Leeham Company, Scott Hamilton. \u201cEles apenas tiveram que encontrar uma forma de sair do acordo e reter esses 4 bilh\u00f5es\u201d.<\/p>\n<p>O valor de mercado da Embraer caiu mais de dois ter\u00e7os durante a crise, para US$ 1 bilh\u00e3o. Os analistas temem a possibilidade do neg\u00f3cio quebrar ou ainda ser ser renegociado.<\/p>\n<p>O contrato, no entanto, proibi a Boeing de cancelar o acordo em fun\u00e7\u00e3o de \u201cqualquer altera\u00e7\u00e3o no pre\u00e7o de mercado\u201d da companhia. Al\u00e9m disso, o texto n\u00e3o permitia que a fabricante estadunidense se afastasse em caso de corte dos ratings de cr\u00e9dito da Embraer e de n\u00e3o cumprimento das previs\u00f5es de receita ou lucro da empresa.<\/p>\n\n","protected":false},"excerpt":{"rendered":"<p>O acordo de joint-venture entre a Boeing e a Embraer (EMBR3), avaliado em US$ 4,2 bilh\u00f5es (cerca de R$ 22,9 bilh\u00f5es), inclu\u00eda uma cl\u00e1usula que proibia as partes de desistir do neg\u00f3cio em caso de uma pandemia ou recess\u00e3o global. As informa\u00e7\u00f5es foram divulgadas pela ag\u00eancia Reuters. Embraer (Foto: Divulga\u00e7\u00e3o) O setor de avia\u00e7\u00e3o enfrenta [&hellip;]<\/p>\n","protected":false},"author":35,"featured_media":5851,"comment_status":"closed","ping_status":"closed","sticky":false,"template":"","format":"standard","meta":[],"categories":[64],"tags":[828,460,897],"suno_strategy":[],"class_list":["post-63337","post","type-post","status-publish","format-standard","has-post-thumbnail","hentry","category-negocios","tag-boeing-boei34","tag-embraer-embr3","tag-joint-venture"],"yoast_head":"<!-- This site is optimized with the Yoast SEO plugin v24.4 - https:\/\/yoast.com\/wordpress\/plugins\/seo\/ -->\n<title>Embraer (EMBR3) e Boeing: acordo proibia desist\u00eancia em caso de crise<\/title>\n<meta name=\"description\" content=\"O acordo entre a Boeing e a Embraer (EMBR3 proibia as partes de desistir em caso de uma pandemia ou recess\u00e3o global. Clique para saber mais\" \/>\n<meta name=\"robots\" content=\"index, follow, max-snippet:-1, max-image-preview:large, max-video-preview:-1\" \/>\n<link rel=\"canonical\" href=\"https:\/\/www.suno.com.br\/noticias\/embraer-embr3-boeing-acordo\/\" \/>\n<meta property=\"og:locale\" content=\"pt_BR\" \/>\n<meta property=\"og:type\" content=\"article\" \/>\n<meta property=\"og:title\" content=\"Embraer (EMBR3) e Boeing: acordo proibia desist\u00eancia em caso de crise\" \/>\n<meta property=\"og:description\" content=\"O acordo entre a Boeing e a Embraer (EMBR3 proibia as partes de desistir em caso de uma pandemia ou recess\u00e3o global. Clique para saber mais\" \/>\n<meta property=\"og:url\" content=\"https:\/\/www.suno.com.br\/noticias\/embraer-embr3-boeing-acordo\/\" \/>\n<meta property=\"og:site_name\" content=\"Suno Not\u00edcias\" \/>\n<meta property=\"article:publisher\" content=\"https:\/\/facebook.com\/sunoresearch\" \/>\n<meta property=\"og:image\" content=\"https:\/\/files.sunoresearch.com.br\/n\/uploads\/2018\/10\/a1f710a0-embraer-1.jpg\" \/>\n\t<meta property=\"og:image:width\" content=\"1920\" \/>\n\t<meta property=\"og:image:height\" content=\"1274\" \/>\n\t<meta property=\"og:image:type\" content=\"image\/jpeg\" \/>\n<meta name=\"author\" content=\"Arthur Guimar\u00e3es\" \/>\n<meta name=\"twitter:card\" content=\"summary_large_image\" \/>\n<meta name=\"twitter:creator\" content=\"@sunoresearch\" \/>\n<meta name=\"twitter:site\" content=\"@sunoresearch\" \/>\n<meta name=\"twitter:label1\" content=\"Escrito por\" \/>\n\t<meta name=\"twitter:data1\" content=\"Arthur Guimar\u00e3es\" \/>\n\t<meta name=\"twitter:label2\" content=\"Est. tempo de leitura\" \/>\n\t<meta name=\"twitter:data2\" content=\"3 minutos\" \/>\n<script type=\"application\/ld+json\" class=\"yoast-schema-graph\">{\"@context\":\"https:\/\/schema.org\",\"@graph\":[{\"@type\":\"NewsArticle\",\"@id\":\"https:\/\/www.suno.com.br\/noticias\/embraer-embr3-boeing-acordo\/#article\",\"isPartOf\":{\"@id\":\"https:\/\/www.suno.com.br\/noticias\/embraer-embr3-boeing-acordo\/\"},\"author\":{\"name\":\"Arthur Guimar\u00e3es\",\"@id\":\"https:\/\/www.suno.com.br\/noticias\/#\/schema\/person\/053a750a709a263919a20f976caae91c\"},\"headline\":\"Embraer (EMBR3) e Boeing: acordo proibia desist\u00eancia em caso de crise\",\"datePublished\":\"2020-04-30T21:44:22+00:00\",\"dateModified\":\"2020-05-12T18:39:09+00:00\",\"mainEntityOfPage\":{\"@id\":\"https:\/\/www.suno.com.br\/noticias\/embraer-embr3-boeing-acordo\/\"},\"wordCount\":622,\"publisher\":{\"@id\":\"https:\/\/www.suno.com.br\/noticias\/#organization\"},\"image\":{\"@id\":\"https:\/\/www.suno.com.br\/noticias\/embraer-embr3-boeing-acordo\/#primaryimage\"},\"thumbnailUrl\":\"https:\/\/files.sunoresearch.com.br\/n\/uploads\/2018\/10\/a1f710a0-embraer-1-jpg.webp\",\"keywords\":[\"Boeing (BOEI34)\",\"Embraer (EMBR3)\",\"joint venture\"],\"articleSection\":[\"Neg\u00f3cios\"],\"inLanguage\":\"pt-BR\"},{\"@type\":\"WebPage\",\"@id\":\"https:\/\/www.suno.com.br\/noticias\/embraer-embr3-boeing-acordo\/\",\"url\":\"https:\/\/www.suno.com.br\/noticias\/embraer-embr3-boeing-acordo\/\",\"name\":\"Embraer (EMBR3) e Boeing: acordo proibia desist\u00eancia em caso de crise\",\"isPartOf\":{\"@id\":\"https:\/\/www.suno.com.br\/noticias\/#website\"},\"primaryImageOfPage\":{\"@id\":\"https:\/\/www.suno.com.br\/noticias\/embraer-embr3-boeing-acordo\/#primaryimage\"},\"image\":{\"@id\":\"https:\/\/www.suno.com.br\/noticias\/embraer-embr3-boeing-acordo\/#primaryimage\"},\"thumbnailUrl\":\"https:\/\/files.sunoresearch.com.br\/n\/uploads\/2018\/10\/a1f710a0-embraer-1-jpg.webp\",\"datePublished\":\"2020-04-30T21:44:22+00:00\",\"dateModified\":\"2020-05-12T18:39:09+00:00\",\"description\":\"O acordo entre a Boeing e a Embraer (EMBR3 proibia as partes de desistir em caso de uma pandemia ou recess\u00e3o global. Clique para saber mais\",\"breadcrumb\":{\"@id\":\"https:\/\/www.suno.com.br\/noticias\/embraer-embr3-boeing-acordo\/#breadcrumb\"},\"inLanguage\":\"pt-BR\",\"potentialAction\":[{\"@type\":\"ReadAction\",\"target\":[\"https:\/\/www.suno.com.br\/noticias\/embraer-embr3-boeing-acordo\/\"]}]},{\"@type\":\"ImageObject\",\"inLanguage\":\"pt-BR\",\"@id\":\"https:\/\/www.suno.com.br\/noticias\/embraer-embr3-boeing-acordo\/#primaryimage\",\"url\":\"https:\/\/files.sunoresearch.com.br\/n\/uploads\/2018\/10\/a1f710a0-embraer-1-jpg.webp\",\"contentUrl\":\"https:\/\/files.sunoresearch.com.br\/n\/uploads\/2018\/10\/a1f710a0-embraer-1-jpg.webp\",\"width\":1920,\"height\":1274,\"caption\":\"Embraer (Foto: Divulga\u00e7\u00e3o)\"},{\"@type\":\"BreadcrumbList\",\"@id\":\"https:\/\/www.suno.com.br\/noticias\/embraer-embr3-boeing-acordo\/#breadcrumb\",\"itemListElement\":[{\"@type\":\"ListItem\",\"position\":1,\"name\":\"Not\u00edcias\",\"item\":\"https:\/\/www.suno.com.br\/noticias\/\"},{\"@type\":\"ListItem\",\"position\":2,\"name\":\"Neg\u00f3cios\",\"item\":\"https:\/\/www.suno.com.br\/noticias\/negocios\/\"},{\"@type\":\"ListItem\",\"position\":3,\"name\":\"Embraer (EMBR3) e Boeing: acordo proibia desist\u00eancia em caso de crise\"}]},{\"@type\":\"WebSite\",\"@id\":\"https:\/\/www.suno.com.br\/noticias\/#website\",\"url\":\"https:\/\/www.suno.com.br\/noticias\/\",\"name\":\"Suno Not\u00edcias\",\"description\":\"Seu portal de informa\u00e7\u00e3o sobre o mundo dos investimentos\",\"publisher\":{\"@id\":\"https:\/\/www.suno.com.br\/noticias\/#organization\"},\"potentialAction\":[{\"@type\":\"SearchAction\",\"target\":{\"@type\":\"EntryPoint\",\"urlTemplate\":\"https:\/\/www.suno.com.br\/noticias\/?s={search_term_string}\"},\"query-input\":{\"@type\":\"PropertyValueSpecification\",\"valueRequired\":true,\"valueName\":\"search_term_string\"}}],\"inLanguage\":\"pt-BR\"},{\"@type\":\"Organization\",\"@id\":\"https:\/\/www.suno.com.br\/noticias\/#organization\",\"name\":\"Suno Not\u00edcias\",\"url\":\"https:\/\/www.suno.com.br\/noticias\/\",\"logo\":{\"@type\":\"ImageObject\",\"inLanguage\":\"pt-BR\",\"@id\":\"https:\/\/www.suno.com.br\/noticias\/#\/schema\/logo\/image\/\",\"url\":\"https:\/\/files.sunoresearch.com.br\/n\/uploads\/2021\/09\/suno-logo.png\",\"contentUrl\":\"https:\/\/files.sunoresearch.com.br\/n\/uploads\/2021\/09\/suno-logo.png\",\"width\":180,\"height\":180,\"caption\":\"Suno Not\u00edcias\"},\"image\":{\"@id\":\"https:\/\/www.suno.com.br\/noticias\/#\/schema\/logo\/image\/\"},\"sameAs\":[\"https:\/\/facebook.com\/sunoresearch\",\"https:\/\/x.com\/sunoresearch\",\"https:\/\/www.instagram.com\/suno\",\"https:\/\/www.linkedin.com\/company\/suno-research\/\",\"https:\/\/www.youtube.com\/c\/sunoresearch\"]},{\"@type\":\"Person\",\"@id\":\"https:\/\/www.suno.com.br\/noticias\/#\/schema\/person\/053a750a709a263919a20f976caae91c\",\"name\":\"Arthur Guimar\u00e3es\",\"image\":{\"@type\":\"ImageObject\",\"inLanguage\":\"pt-BR\",\"@id\":\"https:\/\/www.suno.com.br\/noticias\/#\/schema\/person\/image\/\",\"url\":\"https:\/\/secure.gravatar.com\/avatar\/1affd86a11209ae09eb6dd3bcad3e96c?s=96&r=g\",\"contentUrl\":\"https:\/\/secure.gravatar.com\/avatar\/1affd86a11209ae09eb6dd3bcad3e96c?s=96&r=g\",\"caption\":\"Arthur Guimar\u00e3es\"},\"description\":\"Arthur Guimar\u00e3es escreve sobre pol\u00edtica, economia e neg\u00f3cios para o portal de not\u00edcias da Suno Research. Atualmente, \u00e9 estudante de jornalismo pela Faculdade C\u00e1sper L\u00edbero.\",\"url\":\"https:\/\/www.suno.com.br\/noticias\/author\/arthur-guimaraes\/\"}]}<\/script>\n<!-- \/ Yoast SEO plugin. -->","yoast_head_json":{"title":"Embraer (EMBR3) e Boeing: acordo proibia desist\u00eancia em caso de crise","description":"O acordo entre a Boeing e a Embraer (EMBR3 proibia as partes de desistir em caso de uma pandemia ou recess\u00e3o global. Clique para saber mais","robots":{"index":"index","follow":"follow","max-snippet":"max-snippet:-1","max-image-preview":"max-image-preview:large","max-video-preview":"max-video-preview:-1"},"canonical":"https:\/\/www.suno.com.br\/noticias\/embraer-embr3-boeing-acordo\/","og_locale":"pt_BR","og_type":"article","og_title":"Embraer (EMBR3) e Boeing: acordo proibia desist\u00eancia em caso de crise","og_description":"O acordo entre a Boeing e a Embraer (EMBR3 proibia as partes de desistir em caso de uma pandemia ou recess\u00e3o global. Clique para saber mais","og_url":"https:\/\/www.suno.com.br\/noticias\/embraer-embr3-boeing-acordo\/","og_site_name":"Suno Not\u00edcias","article_publisher":"https:\/\/facebook.com\/sunoresearch","og_image":[{"width":1920,"height":1274,"url":"https:\/\/files.sunoresearch.com.br\/n\/uploads\/2018\/10\/a1f710a0-embraer-1.jpg","type":"image\/jpeg"}],"author":"Arthur Guimar\u00e3es","twitter_card":"summary_large_image","twitter_creator":"@sunoresearch","twitter_site":"@sunoresearch","twitter_misc":{"Escrito por":"Arthur Guimar\u00e3es","Est. tempo de leitura":"3 minutos"},"schema":{"@context":"https:\/\/schema.org","@graph":[{"@type":"NewsArticle","@id":"https:\/\/www.suno.com.br\/noticias\/embraer-embr3-boeing-acordo\/#article","isPartOf":{"@id":"https:\/\/www.suno.com.br\/noticias\/embraer-embr3-boeing-acordo\/"},"author":{"name":"Arthur Guimar\u00e3es","@id":"https:\/\/www.suno.com.br\/noticias\/#\/schema\/person\/053a750a709a263919a20f976caae91c"},"headline":"Embraer (EMBR3) e Boeing: acordo proibia desist\u00eancia em caso de crise","datePublished":"2020-04-30T21:44:22+00:00","dateModified":"2020-05-12T18:39:09+00:00","mainEntityOfPage":{"@id":"https:\/\/www.suno.com.br\/noticias\/embraer-embr3-boeing-acordo\/"},"wordCount":622,"publisher":{"@id":"https:\/\/www.suno.com.br\/noticias\/#organization"},"image":{"@id":"https:\/\/www.suno.com.br\/noticias\/embraer-embr3-boeing-acordo\/#primaryimage"},"thumbnailUrl":"https:\/\/files.sunoresearch.com.br\/n\/uploads\/2018\/10\/a1f710a0-embraer-1-jpg.webp","keywords":["Boeing (BOEI34)","Embraer (EMBR3)","joint venture"],"articleSection":["Neg\u00f3cios"],"inLanguage":"pt-BR"},{"@type":"WebPage","@id":"https:\/\/www.suno.com.br\/noticias\/embraer-embr3-boeing-acordo\/","url":"https:\/\/www.suno.com.br\/noticias\/embraer-embr3-boeing-acordo\/","name":"Embraer (EMBR3) e Boeing: acordo proibia desist\u00eancia em caso de crise","isPartOf":{"@id":"https:\/\/www.suno.com.br\/noticias\/#website"},"primaryImageOfPage":{"@id":"https:\/\/www.suno.com.br\/noticias\/embraer-embr3-boeing-acordo\/#primaryimage"},"image":{"@id":"https:\/\/www.suno.com.br\/noticias\/embraer-embr3-boeing-acordo\/#primaryimage"},"thumbnailUrl":"https:\/\/files.sunoresearch.com.br\/n\/uploads\/2018\/10\/a1f710a0-embraer-1-jpg.webp","datePublished":"2020-04-30T21:44:22+00:00","dateModified":"2020-05-12T18:39:09+00:00","description":"O acordo entre a Boeing e a Embraer (EMBR3 proibia as partes de desistir em caso de uma pandemia ou recess\u00e3o global. Clique para saber mais","breadcrumb":{"@id":"https:\/\/www.suno.com.br\/noticias\/embraer-embr3-boeing-acordo\/#breadcrumb"},"inLanguage":"pt-BR","potentialAction":[{"@type":"ReadAction","target":["https:\/\/www.suno.com.br\/noticias\/embraer-embr3-boeing-acordo\/"]}]},{"@type":"ImageObject","inLanguage":"pt-BR","@id":"https:\/\/www.suno.com.br\/noticias\/embraer-embr3-boeing-acordo\/#primaryimage","url":"https:\/\/files.sunoresearch.com.br\/n\/uploads\/2018\/10\/a1f710a0-embraer-1-jpg.webp","contentUrl":"https:\/\/files.sunoresearch.com.br\/n\/uploads\/2018\/10\/a1f710a0-embraer-1-jpg.webp","width":1920,"height":1274,"caption":"Embraer (Foto: Divulga\u00e7\u00e3o)"},{"@type":"BreadcrumbList","@id":"https:\/\/www.suno.com.br\/noticias\/embraer-embr3-boeing-acordo\/#breadcrumb","itemListElement":[{"@type":"ListItem","position":1,"name":"Not\u00edcias","item":"https:\/\/www.suno.com.br\/noticias\/"},{"@type":"ListItem","position":2,"name":"Neg\u00f3cios","item":"https:\/\/www.suno.com.br\/noticias\/negocios\/"},{"@type":"ListItem","position":3,"name":"Embraer (EMBR3) e Boeing: acordo proibia desist\u00eancia em caso de crise"}]},{"@type":"WebSite","@id":"https:\/\/www.suno.com.br\/noticias\/#website","url":"https:\/\/www.suno.com.br\/noticias\/","name":"Suno Not\u00edcias","description":"Seu portal de informa\u00e7\u00e3o sobre o mundo dos investimentos","publisher":{"@id":"https:\/\/www.suno.com.br\/noticias\/#organization"},"potentialAction":[{"@type":"SearchAction","target":{"@type":"EntryPoint","urlTemplate":"https:\/\/www.suno.com.br\/noticias\/?s={search_term_string}"},"query-input":{"@type":"PropertyValueSpecification","valueRequired":true,"valueName":"search_term_string"}}],"inLanguage":"pt-BR"},{"@type":"Organization","@id":"https:\/\/www.suno.com.br\/noticias\/#organization","name":"Suno Not\u00edcias","url":"https:\/\/www.suno.com.br\/noticias\/","logo":{"@type":"ImageObject","inLanguage":"pt-BR","@id":"https:\/\/www.suno.com.br\/noticias\/#\/schema\/logo\/image\/","url":"https:\/\/files.sunoresearch.com.br\/n\/uploads\/2021\/09\/suno-logo.png","contentUrl":"https:\/\/files.sunoresearch.com.br\/n\/uploads\/2021\/09\/suno-logo.png","width":180,"height":180,"caption":"Suno Not\u00edcias"},"image":{"@id":"https:\/\/www.suno.com.br\/noticias\/#\/schema\/logo\/image\/"},"sameAs":["https:\/\/facebook.com\/sunoresearch","https:\/\/x.com\/sunoresearch","https:\/\/www.instagram.com\/suno","https:\/\/www.linkedin.com\/company\/suno-research\/","https:\/\/www.youtube.com\/c\/sunoresearch"]},{"@type":"Person","@id":"https:\/\/www.suno.com.br\/noticias\/#\/schema\/person\/053a750a709a263919a20f976caae91c","name":"Arthur Guimar\u00e3es","image":{"@type":"ImageObject","inLanguage":"pt-BR","@id":"https:\/\/www.suno.com.br\/noticias\/#\/schema\/person\/image\/","url":"https:\/\/secure.gravatar.com\/avatar\/1affd86a11209ae09eb6dd3bcad3e96c?s=96&r=g","contentUrl":"https:\/\/secure.gravatar.com\/avatar\/1affd86a11209ae09eb6dd3bcad3e96c?s=96&r=g","caption":"Arthur Guimar\u00e3es"},"description":"Arthur Guimar\u00e3es escreve sobre pol\u00edtica, economia e neg\u00f3cios para o portal de not\u00edcias da Suno Research. Atualmente, \u00e9 estudante de jornalismo pela Faculdade C\u00e1sper L\u00edbero.","url":"https:\/\/www.suno.com.br\/noticias\/author\/arthur-guimaraes\/"}]}},"default_loop_html":"<div class=\"cardsPage__listCard__boxs\"><div class=\"cardsPage__listCard__boxs__img\"><a href=\"https:\/\/www.suno.com.br\/noticias\/embraer-embr3-boeing-acordo\/\"><img class=\"mask\" src=\"https:\/\/www.suno.com.br\/noticias\/wp-content\/themes\/suno\/resources\/images\/spotlight\/spotlight1img\/bg-mask.png\" alt=\"Image Mask\"\/><img src=\"https:\/\/files.sunoresearch.com.br\/n\/uploads\/2018\/10\/a1f710a0-embraer-1-400x200.webp\" alt=\"Embraer (EMBR3) e Boeing: acordo proibia desist\u00eancia em caso de crise\"\/><\/a><span class=\"spotlightCategory\"><a href=\"https:\/\/www.suno.com.br\/noticias\/negocios\/\">Neg\u00f3cios<\/a><\/span><\/div><div class=\"cardsPage__listCard__boxs__content\"><a href=\"https:\/\/www.suno.com.br\/noticias\/embraer-embr3-boeing-acordo\/\"><h2 class=\"content__title\">Embraer (EMBR3) e Boeing: acordo proibia desist\u00eancia em caso de crise<\/h2><\/a><div class=\"newsContent__article__meta\"><div class=\"newsContent__article__meta__authorBox\"><a href=\"https:\/\/www.suno.com.br\/noticias\/author\/arthur-guimaraes\/\" class=\"authorBox__avatar noMobi\"><img src=\"https:\/\/files.sunoresearch.com.br\/n\/uploads\/2020\/02\/dfb40897-eu-150x150.webp\" alt=\"Arthur Guimar\u00e3es\"><\/a><div class=\"authorBox__name\"><span>por\n\t\t\t<a href=\"https:\/\/www.suno.com.br\/noticias\/author\/arthur-guimaraes\/\"><span itemprop=\"author\">Arthur Guimar\u00e3es<\/span><\/a><\/span><time datetime=\"2020-04-30T18:44:22-03:00\" itemprop=\"datePublished\">30\/04\/2020 18:44<\/time><\/div><\/div><\/div><\/div><\/div>","single_layout":"posts","amp_enabled":true,"_links":{"self":[{"href":"https:\/\/www.suno.com.br\/noticias\/wp-json\/wp\/v2\/posts\/63337"}],"collection":[{"href":"https:\/\/www.suno.com.br\/noticias\/wp-json\/wp\/v2\/posts"}],"about":[{"href":"https:\/\/www.suno.com.br\/noticias\/wp-json\/wp\/v2\/types\/post"}],"author":[{"embeddable":true,"href":"https:\/\/www.suno.com.br\/noticias\/wp-json\/wp\/v2\/users\/35"}],"replies":[{"embeddable":true,"href":"https:\/\/www.suno.com.br\/noticias\/wp-json\/wp\/v2\/comments?post=63337"}],"version-history":[{"count":0,"href":"https:\/\/www.suno.com.br\/noticias\/wp-json\/wp\/v2\/posts\/63337\/revisions"}],"wp:featuredmedia":[{"embeddable":true,"href":"https:\/\/www.suno.com.br\/noticias\/wp-json\/wp\/v2\/media\/5851"}],"wp:attachment":[{"href":"https:\/\/www.suno.com.br\/noticias\/wp-json\/wp\/v2\/media?parent=63337"}],"wp:term":[{"taxonomy":"category","embeddable":true,"href":"https:\/\/www.suno.com.br\/noticias\/wp-json\/wp\/v2\/categories?post=63337"},{"taxonomy":"post_tag","embeddable":true,"href":"https:\/\/www.suno.com.br\/noticias\/wp-json\/wp\/v2\/tags?post=63337"},{"taxonomy":"suno_strategy","embeddable":true,"href":"https:\/\/www.suno.com.br\/noticias\/wp-json\/wp\/v2\/suno_strategy?post=63337"}],"curies":[{"name":"wp","href":"https:\/\/api.w.org\/{rel}","templated":true}]}}