{"id":633352,"date":"2025-11-25T11:55:03","date_gmt":"2025-11-25T14:55:03","guid":{"rendered":"https:\/\/www.suno.com.br\/noticias\/raizen-raiz4-novos-nomes-no-conselho-mt\/"},"modified":"2025-11-25T12:26:03","modified_gmt":"2025-11-25T15:26:03","slug":"raizen-raiz4-novos-nomes-no-conselho-mt","status":"publish","type":"post","link":"https:\/\/www.suno.com.br\/noticias\/raizen-raiz4-novos-nomes-no-conselho-mt\/","title":{"rendered":"Ra\u00edzen (RAIZ4) anuncia mudan\u00e7as no Conselho ap\u00f3s indica\u00e7\u00f5es de Shell e Cosan (CSAN3)"},"content":{"rendered":"<p>A Ra\u00edzen (<strong>RAIZ4<\/strong>) comunicou ao mercado uma reorganiza\u00e7\u00e3o relevante no seu <a class=\"suno-keyword\" target=\"_blank\" data-force=\"no\" data-priority=\"1\" href=\"https:\/\/www.suno.com.br\/artigos\/conselho-administracao\/\" rel=\"noopener\">Conselho de Administra\u00e7\u00e3o<\/a>, marcada pela sa\u00edda de dois conselheiros e pela entrada de novos representantes indicados diretamente por suas acionistas Shell e Cosan (CSAN3). <\/p>\t<div class=\"wrapper-featured-image\">\n\t\t<figure class=\"spotlightImg\">\n\n\t\t\t<picture>\n\t\t\t\t<source media=\"(max-width: 768px)\" srcset=\"https:\/\/files.sunoresearch.com.br\/n\/uploads\/2025\/11\/cropped-e24e1db1-totem-rondonopolis-400x200.webp\">\n\t\t\t\t<img loading=\"lazy\" decoding=\"async\" class=\"newsContent__article__imgCapa lazyloadDisabled \" src=\"https:\/\/files.sunoresearch.com.br\/n\/uploads\/2025\/11\/cropped-e24e1db1-totem-rondonopolis-jpg.webp\" width=\"800\" height=\"450\" alt=\"Ra\u00edzen (RAIZ4) anuncia mudan\u00e7as no Conselho ap\u00f3s indica\u00e7\u00f5es de Shell e Cosan (CSAN3)\" fetchpriority=high \/>\n\t\t\t<\/picture>\n\n\t\t\t<figcaption class=\"wp-caption-text wp-caption-text--show\">Ra\u00edzen (RAZI4) - Foto: Divulga\u00e7\u00e3o<\/figcaption>\n\t\t<\/figure>\n\t<\/div>\n\n\n\n\n\n\n<p>A companhia informou ter recebido as ren\u00fancias de&nbsp;<strong>Cristiano Pinto da Costa<\/strong>&nbsp;e&nbsp;<strong>Rodrigo Ara\u00fajo Alves<\/strong>. Segundo o comunicado oficial:&nbsp;<em>\u201cA Ra\u00edzen S.A. comunica aos seus acionistas e ao mercado em geral que recebeu as cartas de ren\u00fancia apresentadas pelos Srs. Cristiano Pinto da Costa e Rodrigo Ara\u00fajo Alves aos cargos de membros do Conselho de Administra\u00e7\u00e3o da Companhia.\u201d<\/em>&nbsp;<\/p>\n\n\n\n<h2 class=\"wp-block-heading\"><strong>Quem s\u00e3o os novos conselheiros<\/strong><\/h2>\n\n\n\n<p>Roland Ilube chega ao conselho da Ra\u00edzen trazendo uma trajet\u00f3ria de mais de 30 anos no setor de energia e uma carreira internacional fortemente ligada \u00e0 Shell. O executivo ocupa atualmente o cargo de&nbsp;<strong>Vice-Presidente S\u00eanior de Aquisi\u00e7\u00f5es, Desinvestimentos e Novos Neg\u00f3cios \u2013 Downstream &amp; Renov\u00e1veis<\/strong>&nbsp;na Shell International. \u2026<\/p>\n\n\n\n<p>J\u00e1 Vasco Dias J\u00fanior soma uma carreira marcada por passagens pela Shell, pela CSN e tamb\u00e9m pela pr\u00f3pria Ra\u00edzen, onde exerceu o cargo de CEO. Graduado em Sistemas da Informa\u00e7\u00e3o pela PUC-RJ e com p\u00f3s-gradua\u00e7\u00e3o executiva nos EUA, ele tamb\u00e9m presidiu o Conselho de Administra\u00e7\u00e3o da GalvaSud e integrou o conselho da Cosan. <em>Conselho de Administra\u00e7\u00e3o da GalvaSud, CEO da Ra\u00edzen, e Membro do Conselho de Administra\u00e7\u00e3o da Cosan S.A.\u201d<\/em>&nbsp;<\/p>\n\n\n\n<h2 class=\"wp-block-heading\"><strong>Mandatos j\u00e1 est\u00e3o em vigor<\/strong><\/h2>\n\n\n\n<p>As nomea\u00e7\u00f5es foram aprovadas pelo Conselho de Administra\u00e7\u00e3o conforme previsto no <a class=\"suno-keyword\" target=\"_blank\" data-force=\"no\" data-priority=\"1\" href=\"https:\/\/www.suno.com.br\/artigos\/estatuto-social\/\" rel=\"noopener\">estatuto social<\/a> da companhia. O comunicado detalha que&nbsp;<em>\u201cos mandatos ter\u00e3o vig\u00eancia a partir desta data at\u00e9 a realiza\u00e7\u00e3o da pr\u00f3xima Assembleia Geral da Companhia, quando a elei\u00e7\u00e3o ser\u00e1 ratificada para completar o mandato em curso.\u201d<\/em><\/p>\n\n\n\n<p>Com a chegada de Roland Ilube e Vasco Dias J\u00fanior, a Ra\u00edzen <strong>(RAIZ4<\/strong>) refor\u00e7a sua governan\u00e7a com executivos experientes e profundamente ligados \u00e0s estrat\u00e9gias das acionistas. A movimenta\u00e7\u00e3o sinaliza a continuidade de uma gest\u00e3o integrada e alinhada aos planos de <a class=\"suno-keyword\" data-force=\"no\" data-priority=\"1\" href=\"https:\/\/www.suno.com.br\/artigos\/longo-prazo\/\" target=\"_blank\" rel=\"noopener\">longo prazo<\/a> da Shell e da Cosan (CSAN3), fortalecendo a atua\u00e7\u00e3o da companhia no cen\u00e1rio brasileiro de energia renov\u00e1vel e combust\u00edveis.<\/p>\n","protected":false},"excerpt":{"rendered":"<p>A Ra\u00edzen (RAIZ4) comunicou ao mercado uma reorganiza\u00e7\u00e3o relevante no seu Conselho de Administra\u00e7\u00e3o, marcada pela sa\u00edda de dois conselheiros e pela entrada de novos representantes indicados diretamente por suas acionistas Shell e Cosan (CSAN3). A companhia informou ter recebido as ren\u00fancias de&nbsp;Cristiano Pinto da Costa&nbsp;e&nbsp;Rodrigo Ara\u00fajo Alves. Segundo o comunicado oficial:&nbsp;\u201cA Ra\u00edzen S.A. comunica &hellip; Continued<\/p>\n","protected":false},"author":402,"featured_media":633353,"comment_status":"closed","ping_status":"closed","sticky":false,"template":"","format":"standard","meta":[],"categories":[60],"tags":[1166],"suno_strategy":[],"class_list":["post-633352","post","type-post","status-publish","format-standard","has-post-thumbnail","hentry","category-mercado","tag-raizen"],"yoast_head":"<!-- This site is optimized with the Yoast SEO plugin v24.4 - https:\/\/yoast.com\/wordpress\/plugins\/seo\/ -->\n<title>RAIZ4: Ra\u00edzen anuncia novos nomes no Conselho<\/title>\n<meta name=\"description\" content=\"A Ra\u00edzen (RAIZ4) anuncia novos membros para seu Conselho ap\u00f3s indica\u00e7\u00f5es da Shell e da Cosan. Veja quem s\u00e3o os indicados\" \/>\n<meta name=\"robots\" content=\"index, follow, max-snippet:-1, max-image-preview:large, max-video-preview:-1\" \/>\n<link rel=\"canonical\" href=\"https:\/\/www.suno.com.br\/noticias\/raizen-raiz4-novos-nomes-no-conselho-mt\/\" \/>\n<meta property=\"og:locale\" content=\"pt_BR\" \/>\n<meta property=\"og:type\" content=\"article\" \/>\n<meta property=\"og:title\" content=\"RAIZ4: Ra\u00edzen anuncia novos nomes no Conselho\" \/>\n<meta property=\"og:description\" content=\"A Ra\u00edzen (RAIZ4) anuncia novos membros para seu Conselho ap\u00f3s indica\u00e7\u00f5es da Shell e da Cosan. Veja quem s\u00e3o os indicados\" \/>\n<meta property=\"og:url\" content=\"https:\/\/www.suno.com.br\/noticias\/raizen-raiz4-novos-nomes-no-conselho-mt\/\" \/>\n<meta property=\"og:site_name\" content=\"Suno Not\u00edcias\" \/>\n<meta property=\"article:publisher\" content=\"https:\/\/facebook.com\/sunoresearch\" \/>\n<meta property=\"og:image\" content=\"https:\/\/files.sunoresearch.com.br\/n\/uploads\/2025\/11\/cropped-e24e1db1-totem-rondonopolis-jpg.webp\" \/>\n\t<meta property=\"og:image:width\" content=\"640\" \/>\n\t<meta property=\"og:image:height\" content=\"853\" \/>\n\t<meta property=\"og:image:type\" content=\"image\/jpeg\" \/>\n<meta name=\"author\" content=\"Ma\u00edra Telles\" \/>\n<meta name=\"twitter:card\" content=\"summary_large_image\" \/>\n<meta name=\"twitter:creator\" content=\"@sunoresearch\" \/>\n<meta name=\"twitter:site\" content=\"@sunoresearch\" \/>\n<meta name=\"twitter:label1\" content=\"Escrito por\" \/>\n\t<meta name=\"twitter:data1\" content=\"Ma\u00edra Telles\" \/>\n\t<meta name=\"twitter:label2\" content=\"Est. tempo de leitura\" \/>\n\t<meta name=\"twitter:data2\" content=\"3 minutos\" \/>\n<script type=\"application\/ld+json\" class=\"yoast-schema-graph\">{\"@context\":\"https:\/\/schema.org\",\"@graph\":[{\"@type\":\"NewsArticle\",\"@id\":\"https:\/\/www.suno.com.br\/noticias\/raizen-raiz4-novos-nomes-no-conselho-mt\/#article\",\"isPartOf\":{\"@id\":\"https:\/\/www.suno.com.br\/noticias\/raizen-raiz4-novos-nomes-no-conselho-mt\/\"},\"author\":{\"name\":\"Ma\u00edra Telles\",\"@id\":\"https:\/\/www.suno.com.br\/noticias\/#\/schema\/person\/0a8b51292bb96ee5f104094c0907eaef\"},\"headline\":\"Ra\u00edzen (RAIZ4) anuncia mudan\u00e7as no Conselho ap\u00f3s indica\u00e7\u00f5es de Shell e Cosan (CSAN3)\",\"datePublished\":\"2025-11-25T14:55:03+00:00\",\"dateModified\":\"2025-11-25T15:26:03+00:00\",\"mainEntityOfPage\":{\"@id\":\"https:\/\/www.suno.com.br\/noticias\/raizen-raiz4-novos-nomes-no-conselho-mt\/\"},\"wordCount\":404,\"publisher\":{\"@id\":\"https:\/\/www.suno.com.br\/noticias\/#organization\"},\"image\":{\"@id\":\"https:\/\/www.suno.com.br\/noticias\/raizen-raiz4-novos-nomes-no-conselho-mt\/#primaryimage\"},\"thumbnailUrl\":\"https:\/\/files.sunoresearch.com.br\/n\/uploads\/2025\/11\/cropped-e24e1db1-totem-rondonopolis-jpg.webp\",\"keywords\":[\"Ra\u00edzen\"],\"articleSection\":[\"Mercado\"],\"inLanguage\":\"pt-BR\"},{\"@type\":\"WebPage\",\"@id\":\"https:\/\/www.suno.com.br\/noticias\/raizen-raiz4-novos-nomes-no-conselho-mt\/\",\"url\":\"https:\/\/www.suno.com.br\/noticias\/raizen-raiz4-novos-nomes-no-conselho-mt\/\",\"name\":\"RAIZ4: Ra\u00edzen anuncia novos nomes no Conselho\",\"isPartOf\":{\"@id\":\"https:\/\/www.suno.com.br\/noticias\/#website\"},\"primaryImageOfPage\":{\"@id\":\"https:\/\/www.suno.com.br\/noticias\/raizen-raiz4-novos-nomes-no-conselho-mt\/#primaryimage\"},\"image\":{\"@id\":\"https:\/\/www.suno.com.br\/noticias\/raizen-raiz4-novos-nomes-no-conselho-mt\/#primaryimage\"},\"thumbnailUrl\":\"https:\/\/files.sunoresearch.com.br\/n\/uploads\/2025\/11\/cropped-e24e1db1-totem-rondonopolis-jpg.webp\",\"datePublished\":\"2025-11-25T14:55:03+00:00\",\"dateModified\":\"2025-11-25T15:26:03+00:00\",\"description\":\"A Ra\u00edzen (RAIZ4) anuncia novos membros para seu Conselho ap\u00f3s indica\u00e7\u00f5es da Shell e da Cosan. Veja quem s\u00e3o os indicados\",\"breadcrumb\":{\"@id\":\"https:\/\/www.suno.com.br\/noticias\/raizen-raiz4-novos-nomes-no-conselho-mt\/#breadcrumb\"},\"inLanguage\":\"pt-BR\",\"potentialAction\":[{\"@type\":\"ReadAction\",\"target\":[\"https:\/\/www.suno.com.br\/noticias\/raizen-raiz4-novos-nomes-no-conselho-mt\/\"]}]},{\"@type\":\"ImageObject\",\"inLanguage\":\"pt-BR\",\"@id\":\"https:\/\/www.suno.com.br\/noticias\/raizen-raiz4-novos-nomes-no-conselho-mt\/#primaryimage\",\"url\":\"https:\/\/files.sunoresearch.com.br\/n\/uploads\/2025\/11\/cropped-e24e1db1-totem-rondonopolis-jpg.webp\",\"contentUrl\":\"https:\/\/files.sunoresearch.com.br\/n\/uploads\/2025\/11\/cropped-e24e1db1-totem-rondonopolis-jpg.webp\",\"width\":640,\"height\":853,\"caption\":\"Ra\u00edzen (RAZI4) - Foto: Divulga\u00e7\u00e3o\"},{\"@type\":\"BreadcrumbList\",\"@id\":\"https:\/\/www.suno.com.br\/noticias\/raizen-raiz4-novos-nomes-no-conselho-mt\/#breadcrumb\",\"itemListElement\":[{\"@type\":\"ListItem\",\"position\":1,\"name\":\"Not\u00edcias\",\"item\":\"https:\/\/www.suno.com.br\/noticias\/\"},{\"@type\":\"ListItem\",\"position\":2,\"name\":\"Mercado\",\"item\":\"https:\/\/www.suno.com.br\/noticias\/mercado\/\"},{\"@type\":\"ListItem\",\"position\":3,\"name\":\"Ra\u00edzen (RAIZ4) anuncia mudan\u00e7as no Conselho ap\u00f3s indica\u00e7\u00f5es de Shell e Cosan (CSAN3)\"}]},{\"@type\":\"WebSite\",\"@id\":\"https:\/\/www.suno.com.br\/noticias\/#website\",\"url\":\"https:\/\/www.suno.com.br\/noticias\/\",\"name\":\"Suno Not\u00edcias\",\"description\":\"Seu portal de informa\u00e7\u00e3o sobre o mundo dos investimentos\",\"publisher\":{\"@id\":\"https:\/\/www.suno.com.br\/noticias\/#organization\"},\"potentialAction\":[{\"@type\":\"SearchAction\",\"target\":{\"@type\":\"EntryPoint\",\"urlTemplate\":\"https:\/\/www.suno.com.br\/noticias\/?s={search_term_string}\"},\"query-input\":{\"@type\":\"PropertyValueSpecification\",\"valueRequired\":true,\"valueName\":\"search_term_string\"}}],\"inLanguage\":\"pt-BR\"},{\"@type\":\"Organization\",\"@id\":\"https:\/\/www.suno.com.br\/noticias\/#organization\",\"name\":\"Suno Not\u00edcias\",\"url\":\"https:\/\/www.suno.com.br\/noticias\/\",\"logo\":{\"@type\":\"ImageObject\",\"inLanguage\":\"pt-BR\",\"@id\":\"https:\/\/www.suno.com.br\/noticias\/#\/schema\/logo\/image\/\",\"url\":\"https:\/\/files.sunoresearch.com.br\/n\/uploads\/2021\/09\/suno-logo.png\",\"contentUrl\":\"https:\/\/files.sunoresearch.com.br\/n\/uploads\/2021\/09\/suno-logo.png\",\"width\":180,\"height\":180,\"caption\":\"Suno Not\u00edcias\"},\"image\":{\"@id\":\"https:\/\/www.suno.com.br\/noticias\/#\/schema\/logo\/image\/\"},\"sameAs\":[\"https:\/\/facebook.com\/sunoresearch\",\"https:\/\/x.com\/sunoresearch\",\"https:\/\/www.instagram.com\/suno\",\"https:\/\/www.linkedin.com\/company\/suno-research\/\",\"https:\/\/www.youtube.com\/c\/sunoresearch\"]},{\"@type\":\"Person\",\"@id\":\"https:\/\/www.suno.com.br\/noticias\/#\/schema\/person\/0a8b51292bb96ee5f104094c0907eaef\",\"name\":\"Ma\u00edra Telles\",\"image\":{\"@type\":\"ImageObject\",\"inLanguage\":\"pt-BR\",\"@id\":\"https:\/\/www.suno.com.br\/noticias\/#\/schema\/person\/image\/\",\"url\":\"https:\/\/secure.gravatar.com\/avatar\/8d13691eab6abc1d1050b62a4c2a6116?s=96&r=g\",\"contentUrl\":\"https:\/\/secure.gravatar.com\/avatar\/8d13691eab6abc1d1050b62a4c2a6116?s=96&r=g\",\"caption\":\"Ma\u00edra Telles\"},\"description\":\"Jornalista com passagem por reda\u00e7\u00f5es como ESPN, especializa\u00e7\u00e3o em marketing digital e em gest\u00e3o de crise. Com foco no mercado financeiro e no setor agropecu\u00e1rio, desenvolve conte\u00fados estrat\u00e9gicos e especializados para m\u00faltiplas plataformas, unindo an\u00e1lise de investimentos e neg\u00f3cios\",\"url\":\"https:\/\/www.suno.com.br\/noticias\/author\/mairaftellesgmail-com\/\"}]}<\/script>\n<!-- \/ Yoast SEO plugin. -->","yoast_head_json":{"title":"RAIZ4: Ra\u00edzen anuncia novos nomes no Conselho","description":"A Ra\u00edzen (RAIZ4) anuncia novos membros para seu Conselho ap\u00f3s indica\u00e7\u00f5es da Shell e da Cosan. Veja quem s\u00e3o os indicados","robots":{"index":"index","follow":"follow","max-snippet":"max-snippet:-1","max-image-preview":"max-image-preview:large","max-video-preview":"max-video-preview:-1"},"canonical":"https:\/\/www.suno.com.br\/noticias\/raizen-raiz4-novos-nomes-no-conselho-mt\/","og_locale":"pt_BR","og_type":"article","og_title":"RAIZ4: Ra\u00edzen anuncia novos nomes no Conselho","og_description":"A Ra\u00edzen (RAIZ4) anuncia novos membros para seu Conselho ap\u00f3s indica\u00e7\u00f5es da Shell e da Cosan. Veja quem s\u00e3o os indicados","og_url":"https:\/\/www.suno.com.br\/noticias\/raizen-raiz4-novos-nomes-no-conselho-mt\/","og_site_name":"Suno Not\u00edcias","article_publisher":"https:\/\/facebook.com\/sunoresearch","og_image":[{"width":640,"height":853,"url":"https:\/\/files.sunoresearch.com.br\/n\/uploads\/2025\/11\/cropped-e24e1db1-totem-rondonopolis-jpg.webp","type":"image\/jpeg"}],"author":"Ma\u00edra Telles","twitter_card":"summary_large_image","twitter_creator":"@sunoresearch","twitter_site":"@sunoresearch","twitter_misc":{"Escrito por":"Ma\u00edra Telles","Est. tempo de leitura":"3 minutos"},"schema":{"@context":"https:\/\/schema.org","@graph":[{"@type":"NewsArticle","@id":"https:\/\/www.suno.com.br\/noticias\/raizen-raiz4-novos-nomes-no-conselho-mt\/#article","isPartOf":{"@id":"https:\/\/www.suno.com.br\/noticias\/raizen-raiz4-novos-nomes-no-conselho-mt\/"},"author":{"name":"Ma\u00edra Telles","@id":"https:\/\/www.suno.com.br\/noticias\/#\/schema\/person\/0a8b51292bb96ee5f104094c0907eaef"},"headline":"Ra\u00edzen (RAIZ4) anuncia mudan\u00e7as no Conselho ap\u00f3s indica\u00e7\u00f5es de Shell e Cosan (CSAN3)","datePublished":"2025-11-25T14:55:03+00:00","dateModified":"2025-11-25T15:26:03+00:00","mainEntityOfPage":{"@id":"https:\/\/www.suno.com.br\/noticias\/raizen-raiz4-novos-nomes-no-conselho-mt\/"},"wordCount":404,"publisher":{"@id":"https:\/\/www.suno.com.br\/noticias\/#organization"},"image":{"@id":"https:\/\/www.suno.com.br\/noticias\/raizen-raiz4-novos-nomes-no-conselho-mt\/#primaryimage"},"thumbnailUrl":"https:\/\/files.sunoresearch.com.br\/n\/uploads\/2025\/11\/cropped-e24e1db1-totem-rondonopolis-jpg.webp","keywords":["Ra\u00edzen"],"articleSection":["Mercado"],"inLanguage":"pt-BR"},{"@type":"WebPage","@id":"https:\/\/www.suno.com.br\/noticias\/raizen-raiz4-novos-nomes-no-conselho-mt\/","url":"https:\/\/www.suno.com.br\/noticias\/raizen-raiz4-novos-nomes-no-conselho-mt\/","name":"RAIZ4: Ra\u00edzen anuncia novos nomes no Conselho","isPartOf":{"@id":"https:\/\/www.suno.com.br\/noticias\/#website"},"primaryImageOfPage":{"@id":"https:\/\/www.suno.com.br\/noticias\/raizen-raiz4-novos-nomes-no-conselho-mt\/#primaryimage"},"image":{"@id":"https:\/\/www.suno.com.br\/noticias\/raizen-raiz4-novos-nomes-no-conselho-mt\/#primaryimage"},"thumbnailUrl":"https:\/\/files.sunoresearch.com.br\/n\/uploads\/2025\/11\/cropped-e24e1db1-totem-rondonopolis-jpg.webp","datePublished":"2025-11-25T14:55:03+00:00","dateModified":"2025-11-25T15:26:03+00:00","description":"A Ra\u00edzen (RAIZ4) anuncia novos membros para seu Conselho ap\u00f3s indica\u00e7\u00f5es da Shell e da Cosan. Veja quem s\u00e3o os indicados","breadcrumb":{"@id":"https:\/\/www.suno.com.br\/noticias\/raizen-raiz4-novos-nomes-no-conselho-mt\/#breadcrumb"},"inLanguage":"pt-BR","potentialAction":[{"@type":"ReadAction","target":["https:\/\/www.suno.com.br\/noticias\/raizen-raiz4-novos-nomes-no-conselho-mt\/"]}]},{"@type":"ImageObject","inLanguage":"pt-BR","@id":"https:\/\/www.suno.com.br\/noticias\/raizen-raiz4-novos-nomes-no-conselho-mt\/#primaryimage","url":"https:\/\/files.sunoresearch.com.br\/n\/uploads\/2025\/11\/cropped-e24e1db1-totem-rondonopolis-jpg.webp","contentUrl":"https:\/\/files.sunoresearch.com.br\/n\/uploads\/2025\/11\/cropped-e24e1db1-totem-rondonopolis-jpg.webp","width":640,"height":853,"caption":"Ra\u00edzen (RAZI4) - Foto: Divulga\u00e7\u00e3o"},{"@type":"BreadcrumbList","@id":"https:\/\/www.suno.com.br\/noticias\/raizen-raiz4-novos-nomes-no-conselho-mt\/#breadcrumb","itemListElement":[{"@type":"ListItem","position":1,"name":"Not\u00edcias","item":"https:\/\/www.suno.com.br\/noticias\/"},{"@type":"ListItem","position":2,"name":"Mercado","item":"https:\/\/www.suno.com.br\/noticias\/mercado\/"},{"@type":"ListItem","position":3,"name":"Ra\u00edzen (RAIZ4) anuncia mudan\u00e7as no Conselho ap\u00f3s indica\u00e7\u00f5es de Shell e Cosan (CSAN3)"}]},{"@type":"WebSite","@id":"https:\/\/www.suno.com.br\/noticias\/#website","url":"https:\/\/www.suno.com.br\/noticias\/","name":"Suno Not\u00edcias","description":"Seu portal de informa\u00e7\u00e3o sobre o mundo dos investimentos","publisher":{"@id":"https:\/\/www.suno.com.br\/noticias\/#organization"},"potentialAction":[{"@type":"SearchAction","target":{"@type":"EntryPoint","urlTemplate":"https:\/\/www.suno.com.br\/noticias\/?s={search_term_string}"},"query-input":{"@type":"PropertyValueSpecification","valueRequired":true,"valueName":"search_term_string"}}],"inLanguage":"pt-BR"},{"@type":"Organization","@id":"https:\/\/www.suno.com.br\/noticias\/#organization","name":"Suno Not\u00edcias","url":"https:\/\/www.suno.com.br\/noticias\/","logo":{"@type":"ImageObject","inLanguage":"pt-BR","@id":"https:\/\/www.suno.com.br\/noticias\/#\/schema\/logo\/image\/","url":"https:\/\/files.sunoresearch.com.br\/n\/uploads\/2021\/09\/suno-logo.png","contentUrl":"https:\/\/files.sunoresearch.com.br\/n\/uploads\/2021\/09\/suno-logo.png","width":180,"height":180,"caption":"Suno Not\u00edcias"},"image":{"@id":"https:\/\/www.suno.com.br\/noticias\/#\/schema\/logo\/image\/"},"sameAs":["https:\/\/facebook.com\/sunoresearch","https:\/\/x.com\/sunoresearch","https:\/\/www.instagram.com\/suno","https:\/\/www.linkedin.com\/company\/suno-research\/","https:\/\/www.youtube.com\/c\/sunoresearch"]},{"@type":"Person","@id":"https:\/\/www.suno.com.br\/noticias\/#\/schema\/person\/0a8b51292bb96ee5f104094c0907eaef","name":"Ma\u00edra Telles","image":{"@type":"ImageObject","inLanguage":"pt-BR","@id":"https:\/\/www.suno.com.br\/noticias\/#\/schema\/person\/image\/","url":"https:\/\/secure.gravatar.com\/avatar\/8d13691eab6abc1d1050b62a4c2a6116?s=96&r=g","contentUrl":"https:\/\/secure.gravatar.com\/avatar\/8d13691eab6abc1d1050b62a4c2a6116?s=96&r=g","caption":"Ma\u00edra Telles"},"description":"Jornalista com passagem por reda\u00e7\u00f5es como ESPN, especializa\u00e7\u00e3o em marketing digital e em gest\u00e3o de crise. Com foco no mercado financeiro e no setor agropecu\u00e1rio, desenvolve conte\u00fados estrat\u00e9gicos e especializados para m\u00faltiplas plataformas, unindo an\u00e1lise de investimentos e neg\u00f3cios","url":"https:\/\/www.suno.com.br\/noticias\/author\/mairaftellesgmail-com\/"}]}},"default_loop_html":"<div class=\"cardsPage__listCard__boxs\"><div class=\"cardsPage__listCard__boxs__img\"><a href=\"https:\/\/www.suno.com.br\/noticias\/raizen-raiz4-novos-nomes-no-conselho-mt\/\"><img class=\"mask\" src=\"https:\/\/www.suno.com.br\/noticias\/wp-content\/themes\/suno\/resources\/images\/spotlight\/spotlight1img\/bg-mask.png\" alt=\"Image Mask\"\/><img src=\"https:\/\/files.sunoresearch.com.br\/n\/uploads\/2025\/11\/cropped-e24e1db1-totem-rondonopolis-400x200.webp\" alt=\"Ra\u00edzen (RAIZ4) anuncia mudan\u00e7as no Conselho ap\u00f3s indica\u00e7\u00f5es de Shell e Cosan (CSAN3)\"\/><\/a><span class=\"spotlightCategory\"><a href=\"https:\/\/www.suno.com.br\/noticias\/mercado\/\">Mercado<\/a><\/span><\/div><div class=\"cardsPage__listCard__boxs__content\"><a href=\"https:\/\/www.suno.com.br\/noticias\/raizen-raiz4-novos-nomes-no-conselho-mt\/\"><h2 class=\"content__title\">Ra\u00edzen (RAIZ4) anuncia mudan\u00e7as no Conselho ap\u00f3s indica\u00e7\u00f5es de Shell e Cosan (CSAN3)<\/h2><\/a><div class=\"newsContent__article__meta\"><div class=\"newsContent__article__meta__authorBox\"><a href=\"https:\/\/www.suno.com.br\/noticias\/author\/mairaftellesgmail-com\/\" class=\"authorBox__avatar noMobi\"><img src=\"https:\/\/secure.gravatar.com\/avatar\/8d13691eab6abc1d1050b62a4c2a6116?s=96&#038;r=g\" alt=\"Ma\u00edra Telles\"><\/a><div class=\"authorBox__name\"><span>por\n\t\t\t<a href=\"https:\/\/www.suno.com.br\/noticias\/author\/mairaftellesgmail-com\/\"><span itemprop=\"author\">Ma\u00edra Telles<\/span><\/a><\/span><time datetime=\"2025-11-25T11:55:03-03:00\" itemprop=\"datePublished\">25\/11\/2025 11:55<\/time><\/div><\/div><\/div><\/div><\/div>","single_layout":"posts","amp_enabled":true,"_links":{"self":[{"href":"https:\/\/www.suno.com.br\/noticias\/wp-json\/wp\/v2\/posts\/633352"}],"collection":[{"href":"https:\/\/www.suno.com.br\/noticias\/wp-json\/wp\/v2\/posts"}],"about":[{"href":"https:\/\/www.suno.com.br\/noticias\/wp-json\/wp\/v2\/types\/post"}],"author":[{"embeddable":true,"href":"https:\/\/www.suno.com.br\/noticias\/wp-json\/wp\/v2\/users\/402"}],"replies":[{"embeddable":true,"href":"https:\/\/www.suno.com.br\/noticias\/wp-json\/wp\/v2\/comments?post=633352"}],"version-history":[{"count":1,"href":"https:\/\/www.suno.com.br\/noticias\/wp-json\/wp\/v2\/posts\/633352\/revisions"}],"predecessor-version":[{"id":633363,"href":"https:\/\/www.suno.com.br\/noticias\/wp-json\/wp\/v2\/posts\/633352\/revisions\/633363"}],"wp:featuredmedia":[{"embeddable":true,"href":"https:\/\/www.suno.com.br\/noticias\/wp-json\/wp\/v2\/media\/633353"}],"wp:attachment":[{"href":"https:\/\/www.suno.com.br\/noticias\/wp-json\/wp\/v2\/media?parent=633352"}],"wp:term":[{"taxonomy":"category","embeddable":true,"href":"https:\/\/www.suno.com.br\/noticias\/wp-json\/wp\/v2\/categories?post=633352"},{"taxonomy":"post_tag","embeddable":true,"href":"https:\/\/www.suno.com.br\/noticias\/wp-json\/wp\/v2\/tags?post=633352"},{"taxonomy":"suno_strategy","embeddable":true,"href":"https:\/\/www.suno.com.br\/noticias\/wp-json\/wp\/v2\/suno_strategy?post=633352"}],"curies":[{"name":"wp","href":"https:\/\/api.w.org\/{rel}","templated":true}]}}