{"id":63310,"date":"2020-04-30T15:57:54","date_gmt":"2020-04-30T18:57:54","guid":{"rendered":"https:\/\/www.suno.com.br\/noticias\/?p=63310"},"modified":"2020-04-30T15:57:54","modified_gmt":"2020-04-30T18:57:54","slug":"vendas-no-varejo-caem-39-aponta-estudo-da-cnc","status":"publish","type":"post","link":"https:\/\/www.suno.com.br\/noticias\/vendas-no-varejo-caem-39-aponta-estudo-da-cnc\/","title":{"rendered":"Vendas no varejo caem 39%, aponta estudo da CNC"},"content":{"rendered":"<p>A Confedera\u00e7\u00e3o Nacional do Com\u00e9rcio de Bens, Servi\u00e7os e Turismo (CNC) realizou um estudo durante o per\u00edodo de 15 de mar\u00e7o at\u00e9 o dia 18 de abril desse ano e destacou que o <strong>varejo\u00a0<\/strong> brasileiro deixou de faturar cerca de R$ 86,4 bilh\u00f5es. A queda teve influ\u00eancia das medidas adotadas pelo governo para tentar conter uma maior dissemina\u00e7\u00e3o do novo coronav\u00edrus (Covid-19).<\/p>\t<div class=\"wrapper-featured-image\">\n\t\t<figure class=\"spotlightImg\">\n\n\t\t\t<picture>\n\t\t\t\t<source media=\"(max-width: 768px)\" srcset=\"https:\/\/files.sunoresearch.com.br\/n\/uploads\/2018\/11\/2782a66f-vendas-na-black-friday-1-400x200.webp\">\n\t\t\t\t<img loading=\"lazy\" decoding=\"async\" class=\"newsContent__article__imgCapa lazyloadDisabled newsContent__article__imgCapa--noCaption\" src=\"https:\/\/files.sunoresearch.com.br\/n\/uploads\/2018\/11\/2782a66f-vendas-na-black-friday-1-800x450.webp\" width=\"800\" height=\"450\" alt=\"Vendas no varejo caem 39%, aponta estudo da CNC\" fetchpriority=high \/>\n\t\t\t<\/picture>\n\n\t\t\t<figcaption class=\"wp-caption-text wp-caption-text--hide\">Vendas no Natal sobem, mas abaixo dos n\u00edveis de 2019. Foto: Pixabay<\/figcaption>\n\t\t<\/figure>\n\t<\/div>\n\n\n\n<p>Em compara\u00e7\u00e3o ao mesmo per\u00edodo de 2019, essa perda do setor de varejo representou uma queda de 39%. Segundo a CNC, cerca de 80% dos estabelecimentos comerciais foram fechados devido a decretos municipais e estaduais.<\/p>\n<p><a href=\"https:\/\/lp.suno.com.br\/suno-one\/\">Suno One: O primeiro passo para alcan\u00e7ar a sua independ\u00eancia financeira<\/a><\/p>\n<p>Al\u00e9m disso, a confederar\u00e3o prev\u00ea que no pr\u00f3ximo trimestre, cerca de 2,2 minh\u00f5es de vagas de empregos no setor de com\u00e9rcio ser\u00e3o fechadas.<\/p>\n<p>Em rela\u00e7\u00e3o aos setores de alimentos e medicamentos, a entidade declarou que em compara\u00e7\u00e3o com o mesmo per\u00edodo de 2019, obtiveram uma queda de R$ 8,13 bilh\u00f5es no faturamento. J\u00e1 os produtos considerados n\u00e3o essenciais, foram os que mais deixaram de ganhar, apresentando um decr\u00e9scimo de R$ 78,27 bilh\u00f5es.<\/p>\n<p>O estudo demonstrou que, em n\u00fameros relativos, os estados que mais deixaram de ganhar foram:<\/p>\n<ul>\n<li>Piau\u00ed com uma queda de 49,6%;<\/li>\n<li>Cear\u00e1 perdendo cerca de 49,3%;<\/li>\n<li>Santa Catarina com um decr\u00e9scimo de 46,8%.<\/li>\n<\/ul>\n<p>J\u00e1 em n\u00fameros absolutos, o estudo apontou que os cinco estados brasileiros que mais perderam durante o per\u00edodo de isolamento social, foram:<\/p>\n<ul>\n<li>S\u00e3o Paulo (R$ 26,58 bilh\u00f5es);<\/li>\n<li>Minas Gerais (R$ 6,90 bilh\u00f5es);<\/li>\n<li>Rio Grande do Sul (R$ 6,63 bilh\u00f5es);<\/li>\n<li>Rio de Janeiro (R$ 6,55 bilh\u00f5es);<\/li>\n<li>Santa Catarina (R$ 6,26 bilh\u00f5es).<\/li>\n<\/ul>\n<h2>Vendas no varejo caem 11,7% em mar\u00e7o<\/h2>\n<p>As vendas no varejo brasileiro recuaram 11,7% em mar\u00e7o, descontada a infla\u00e7\u00e3o, em compara\u00e7\u00e3o com o mesmo per\u00edodo no ano passado. A queda apontada, pelo \u00cdndice Cielo do Varejo Ampliado (ICVA), divulgado no \u00faltimo dia 17, foi por causa da pandemia.<\/p>\n<p><a href=\"https:\/\/www.suno.com.br\/noticias\/varejovarejo-perdeu-cerca-de-r-533-bi-com-pandemia-de-coronavirus\/\">Saiba mais: Varejo perdeu cerca de R$ 53,3 bi com pandemia de coronav\u00edrus<\/a><\/p>\n<p>Segundo o indicador calculado pela empresa de maquininhas, a receita de vendas no <strong>varejo<\/strong>, em termos nominais, apresentou queda de 9,7%. Trata-se do resultado mais negativo apurado pelo \u00edndice desde sua cria\u00e7\u00e3o em janeiro de 2014. O ICVA aponta que al\u00e9m do coronav\u00edrus, a queda significativa \u00e9 em raz\u00e3o tamb\u00e9m do calend\u00e1rio do m\u00eas de mar\u00e7o do ano passado, que foi celebrado o carnaval.<\/p>\n\n","protected":false},"excerpt":{"rendered":"<p>A Confedera\u00e7\u00e3o Nacional do Com\u00e9rcio de Bens, Servi\u00e7os e Turismo (CNC) realizou um estudo durante o per\u00edodo de 15 de mar\u00e7o at\u00e9 o dia 18 de abril desse ano e destacou que o varejo\u00a0 brasileiro deixou de faturar cerca de R$ 86,4 bilh\u00f5es. A queda teve influ\u00eancia das medidas adotadas pelo governo para tentar conter [&hellip;]<\/p>\n","protected":false},"author":39,"featured_media":6561,"comment_status":"closed","ping_status":"closed","sticky":false,"template":"","format":"standard","meta":[],"categories":[62],"tags":[2487,2748,803],"suno_strategy":[],"class_list":["post-63310","post","type-post","status-publish","format-standard","has-post-thumbnail","hentry","category-economia","tag-coronavirus","tag-pandemia","tag-varejo"],"yoast_head":"<!-- This site is optimized with the Yoast SEO plugin v24.4 - https:\/\/yoast.com\/wordpress\/plugins\/seo\/ -->\n<title>Vendas no varejo caem 39%, aponta estudo da CNC<\/title>\n<meta name=\"description\" content=\"A CNC destacou que o varejo\u00a0deixou de faturar R$ 86,4 bilh\u00f5es durante o 15 de mar\u00e7o at\u00e9 o dia 18 de abril. Clique aqui para saber mais.\" \/>\n<meta name=\"robots\" content=\"index, follow, max-snippet:-1, max-image-preview:large, max-video-preview:-1\" \/>\n<link rel=\"canonical\" href=\"https:\/\/www.suno.com.br\/noticias\/vendas-no-varejo-caem-39-aponta-estudo-da-cnc\/\" \/>\n<meta property=\"og:locale\" content=\"pt_BR\" \/>\n<meta property=\"og:type\" content=\"article\" \/>\n<meta property=\"og:title\" content=\"Vendas no varejo caem 39%, aponta estudo da CNC\" \/>\n<meta property=\"og:description\" content=\"A CNC destacou que o varejo\u00a0deixou de faturar R$ 86,4 bilh\u00f5es durante o 15 de mar\u00e7o at\u00e9 o dia 18 de abril. Clique aqui para saber mais.\" \/>\n<meta property=\"og:url\" content=\"https:\/\/www.suno.com.br\/noticias\/vendas-no-varejo-caem-39-aponta-estudo-da-cnc\/\" \/>\n<meta property=\"og:site_name\" content=\"Suno Not\u00edcias\" \/>\n<meta property=\"article:publisher\" content=\"https:\/\/facebook.com\/sunoresearch\" \/>\n<meta property=\"og:image\" content=\"https:\/\/files.sunoresearch.com.br\/n\/uploads\/2018\/11\/2782a66f-vendas-na-black-friday-1.jpg\" \/>\n\t<meta property=\"og:image:width\" content=\"1920\" \/>\n\t<meta property=\"og:image:height\" content=\"1280\" \/>\n\t<meta property=\"og:image:type\" content=\"image\/jpeg\" \/>\n<meta name=\"author\" content=\"Laura Moutinho\" \/>\n<meta name=\"twitter:card\" content=\"summary_large_image\" \/>\n<meta name=\"twitter:creator\" content=\"@sunoresearch\" \/>\n<meta name=\"twitter:site\" content=\"@sunoresearch\" \/>\n<meta name=\"twitter:label1\" content=\"Escrito por\" \/>\n\t<meta name=\"twitter:data1\" content=\"Laura Moutinho\" \/>\n\t<meta name=\"twitter:label2\" content=\"Est. tempo de leitura\" \/>\n\t<meta name=\"twitter:data2\" content=\"2 minutos\" \/>\n<script type=\"application\/ld+json\" class=\"yoast-schema-graph\">{\"@context\":\"https:\/\/schema.org\",\"@graph\":[{\"@type\":\"NewsArticle\",\"@id\":\"https:\/\/www.suno.com.br\/noticias\/vendas-no-varejo-caem-39-aponta-estudo-da-cnc\/#article\",\"isPartOf\":{\"@id\":\"https:\/\/www.suno.com.br\/noticias\/vendas-no-varejo-caem-39-aponta-estudo-da-cnc\/\"},\"author\":{\"name\":\"Laura Moutinho\",\"@id\":\"https:\/\/www.suno.com.br\/noticias\/#\/schema\/person\/3df0d2808748b74496efe5dbeaef2c72\"},\"headline\":\"Vendas no varejo caem 39%, aponta estudo da CNC\",\"datePublished\":\"2020-04-30T18:57:54+00:00\",\"mainEntityOfPage\":{\"@id\":\"https:\/\/www.suno.com.br\/noticias\/vendas-no-varejo-caem-39-aponta-estudo-da-cnc\/\"},\"wordCount\":429,\"publisher\":{\"@id\":\"https:\/\/www.suno.com.br\/noticias\/#organization\"},\"image\":{\"@id\":\"https:\/\/www.suno.com.br\/noticias\/vendas-no-varejo-caem-39-aponta-estudo-da-cnc\/#primaryimage\"},\"thumbnailUrl\":\"https:\/\/files.sunoresearch.com.br\/n\/uploads\/2018\/11\/2782a66f-vendas-na-black-friday-1-jpg.webp\",\"keywords\":[\"coronav\u00edrus\",\"pandemia\",\"varejo\"],\"articleSection\":[\"Economia\"],\"inLanguage\":\"pt-BR\"},{\"@type\":\"WebPage\",\"@id\":\"https:\/\/www.suno.com.br\/noticias\/vendas-no-varejo-caem-39-aponta-estudo-da-cnc\/\",\"url\":\"https:\/\/www.suno.com.br\/noticias\/vendas-no-varejo-caem-39-aponta-estudo-da-cnc\/\",\"name\":\"Vendas no varejo caem 39%, aponta estudo da CNC\",\"isPartOf\":{\"@id\":\"https:\/\/www.suno.com.br\/noticias\/#website\"},\"primaryImageOfPage\":{\"@id\":\"https:\/\/www.suno.com.br\/noticias\/vendas-no-varejo-caem-39-aponta-estudo-da-cnc\/#primaryimage\"},\"image\":{\"@id\":\"https:\/\/www.suno.com.br\/noticias\/vendas-no-varejo-caem-39-aponta-estudo-da-cnc\/#primaryimage\"},\"thumbnailUrl\":\"https:\/\/files.sunoresearch.com.br\/n\/uploads\/2018\/11\/2782a66f-vendas-na-black-friday-1-jpg.webp\",\"datePublished\":\"2020-04-30T18:57:54+00:00\",\"description\":\"A CNC destacou que o varejo\u00a0deixou de faturar R$ 86,4 bilh\u00f5es durante o 15 de mar\u00e7o at\u00e9 o dia 18 de abril. Clique aqui para saber mais.\",\"breadcrumb\":{\"@id\":\"https:\/\/www.suno.com.br\/noticias\/vendas-no-varejo-caem-39-aponta-estudo-da-cnc\/#breadcrumb\"},\"inLanguage\":\"pt-BR\",\"potentialAction\":[{\"@type\":\"ReadAction\",\"target\":[\"https:\/\/www.suno.com.br\/noticias\/vendas-no-varejo-caem-39-aponta-estudo-da-cnc\/\"]}]},{\"@type\":\"ImageObject\",\"inLanguage\":\"pt-BR\",\"@id\":\"https:\/\/www.suno.com.br\/noticias\/vendas-no-varejo-caem-39-aponta-estudo-da-cnc\/#primaryimage\",\"url\":\"https:\/\/files.sunoresearch.com.br\/n\/uploads\/2018\/11\/2782a66f-vendas-na-black-friday-1-jpg.webp\",\"contentUrl\":\"https:\/\/files.sunoresearch.com.br\/n\/uploads\/2018\/11\/2782a66f-vendas-na-black-friday-1-jpg.webp\",\"width\":1920,\"height\":1280,\"caption\":\"Vendas no Natal sobem, mas abaixo dos n\u00edveis de 2019. Foto: Pixabay\"},{\"@type\":\"BreadcrumbList\",\"@id\":\"https:\/\/www.suno.com.br\/noticias\/vendas-no-varejo-caem-39-aponta-estudo-da-cnc\/#breadcrumb\",\"itemListElement\":[{\"@type\":\"ListItem\",\"position\":1,\"name\":\"Not\u00edcias\",\"item\":\"https:\/\/www.suno.com.br\/noticias\/\"},{\"@type\":\"ListItem\",\"position\":2,\"name\":\"Economia\",\"item\":\"https:\/\/www.suno.com.br\/noticias\/economia\/\"},{\"@type\":\"ListItem\",\"position\":3,\"name\":\"Vendas no varejo caem 39%, aponta estudo da CNC\"}]},{\"@type\":\"WebSite\",\"@id\":\"https:\/\/www.suno.com.br\/noticias\/#website\",\"url\":\"https:\/\/www.suno.com.br\/noticias\/\",\"name\":\"Suno Not\u00edcias\",\"description\":\"Seu portal de informa\u00e7\u00e3o sobre o mundo dos investimentos\",\"publisher\":{\"@id\":\"https:\/\/www.suno.com.br\/noticias\/#organization\"},\"potentialAction\":[{\"@type\":\"SearchAction\",\"target\":{\"@type\":\"EntryPoint\",\"urlTemplate\":\"https:\/\/www.suno.com.br\/noticias\/?s={search_term_string}\"},\"query-input\":{\"@type\":\"PropertyValueSpecification\",\"valueRequired\":true,\"valueName\":\"search_term_string\"}}],\"inLanguage\":\"pt-BR\"},{\"@type\":\"Organization\",\"@id\":\"https:\/\/www.suno.com.br\/noticias\/#organization\",\"name\":\"Suno Not\u00edcias\",\"url\":\"https:\/\/www.suno.com.br\/noticias\/\",\"logo\":{\"@type\":\"ImageObject\",\"inLanguage\":\"pt-BR\",\"@id\":\"https:\/\/www.suno.com.br\/noticias\/#\/schema\/logo\/image\/\",\"url\":\"https:\/\/files.sunoresearch.com.br\/n\/uploads\/2021\/09\/suno-logo.png\",\"contentUrl\":\"https:\/\/files.sunoresearch.com.br\/n\/uploads\/2021\/09\/suno-logo.png\",\"width\":180,\"height\":180,\"caption\":\"Suno Not\u00edcias\"},\"image\":{\"@id\":\"https:\/\/www.suno.com.br\/noticias\/#\/schema\/logo\/image\/\"},\"sameAs\":[\"https:\/\/facebook.com\/sunoresearch\",\"https:\/\/x.com\/sunoresearch\",\"https:\/\/www.instagram.com\/suno\",\"https:\/\/www.linkedin.com\/company\/suno-research\/\",\"https:\/\/www.youtube.com\/c\/sunoresearch\"]},{\"@type\":\"Person\",\"@id\":\"https:\/\/www.suno.com.br\/noticias\/#\/schema\/person\/3df0d2808748b74496efe5dbeaef2c72\",\"name\":\"Laura Moutinho\",\"image\":{\"@type\":\"ImageObject\",\"inLanguage\":\"pt-BR\",\"@id\":\"https:\/\/www.suno.com.br\/noticias\/#\/schema\/person\/image\/\",\"url\":\"https:\/\/secure.gravatar.com\/avatar\/7571c7c8ca3a6fca5e41384ece5557ff?s=96&r=g\",\"contentUrl\":\"https:\/\/secure.gravatar.com\/avatar\/7571c7c8ca3a6fca5e41384ece5557ff?s=96&r=g\",\"caption\":\"Laura Moutinho\"},\"description\":\"Estagi\u00e1ria na Suno Not\u00edcias, escreve not\u00edcias que afetam o mercado financeiro. Estuda administra\u00e7\u00e3o na Universidade Presbiteriana Mackenzie.\",\"url\":\"https:\/\/www.suno.com.br\/noticias\/author\/laura-moutinho\/\"}]}<\/script>\n<!-- \/ Yoast SEO plugin. -->","yoast_head_json":{"title":"Vendas no varejo caem 39%, aponta estudo da CNC","description":"A CNC destacou que o varejo\u00a0deixou de faturar R$ 86,4 bilh\u00f5es durante o 15 de mar\u00e7o at\u00e9 o dia 18 de abril. Clique aqui para saber mais.","robots":{"index":"index","follow":"follow","max-snippet":"max-snippet:-1","max-image-preview":"max-image-preview:large","max-video-preview":"max-video-preview:-1"},"canonical":"https:\/\/www.suno.com.br\/noticias\/vendas-no-varejo-caem-39-aponta-estudo-da-cnc\/","og_locale":"pt_BR","og_type":"article","og_title":"Vendas no varejo caem 39%, aponta estudo da CNC","og_description":"A CNC destacou que o varejo\u00a0deixou de faturar R$ 86,4 bilh\u00f5es durante o 15 de mar\u00e7o at\u00e9 o dia 18 de abril. Clique aqui para saber mais.","og_url":"https:\/\/www.suno.com.br\/noticias\/vendas-no-varejo-caem-39-aponta-estudo-da-cnc\/","og_site_name":"Suno Not\u00edcias","article_publisher":"https:\/\/facebook.com\/sunoresearch","og_image":[{"width":1920,"height":1280,"url":"https:\/\/files.sunoresearch.com.br\/n\/uploads\/2018\/11\/2782a66f-vendas-na-black-friday-1.jpg","type":"image\/jpeg"}],"author":"Laura Moutinho","twitter_card":"summary_large_image","twitter_creator":"@sunoresearch","twitter_site":"@sunoresearch","twitter_misc":{"Escrito por":"Laura Moutinho","Est. tempo de leitura":"2 minutos"},"schema":{"@context":"https:\/\/schema.org","@graph":[{"@type":"NewsArticle","@id":"https:\/\/www.suno.com.br\/noticias\/vendas-no-varejo-caem-39-aponta-estudo-da-cnc\/#article","isPartOf":{"@id":"https:\/\/www.suno.com.br\/noticias\/vendas-no-varejo-caem-39-aponta-estudo-da-cnc\/"},"author":{"name":"Laura Moutinho","@id":"https:\/\/www.suno.com.br\/noticias\/#\/schema\/person\/3df0d2808748b74496efe5dbeaef2c72"},"headline":"Vendas no varejo caem 39%, aponta estudo da CNC","datePublished":"2020-04-30T18:57:54+00:00","mainEntityOfPage":{"@id":"https:\/\/www.suno.com.br\/noticias\/vendas-no-varejo-caem-39-aponta-estudo-da-cnc\/"},"wordCount":429,"publisher":{"@id":"https:\/\/www.suno.com.br\/noticias\/#organization"},"image":{"@id":"https:\/\/www.suno.com.br\/noticias\/vendas-no-varejo-caem-39-aponta-estudo-da-cnc\/#primaryimage"},"thumbnailUrl":"https:\/\/files.sunoresearch.com.br\/n\/uploads\/2018\/11\/2782a66f-vendas-na-black-friday-1-jpg.webp","keywords":["coronav\u00edrus","pandemia","varejo"],"articleSection":["Economia"],"inLanguage":"pt-BR"},{"@type":"WebPage","@id":"https:\/\/www.suno.com.br\/noticias\/vendas-no-varejo-caem-39-aponta-estudo-da-cnc\/","url":"https:\/\/www.suno.com.br\/noticias\/vendas-no-varejo-caem-39-aponta-estudo-da-cnc\/","name":"Vendas no varejo caem 39%, aponta estudo da CNC","isPartOf":{"@id":"https:\/\/www.suno.com.br\/noticias\/#website"},"primaryImageOfPage":{"@id":"https:\/\/www.suno.com.br\/noticias\/vendas-no-varejo-caem-39-aponta-estudo-da-cnc\/#primaryimage"},"image":{"@id":"https:\/\/www.suno.com.br\/noticias\/vendas-no-varejo-caem-39-aponta-estudo-da-cnc\/#primaryimage"},"thumbnailUrl":"https:\/\/files.sunoresearch.com.br\/n\/uploads\/2018\/11\/2782a66f-vendas-na-black-friday-1-jpg.webp","datePublished":"2020-04-30T18:57:54+00:00","description":"A CNC destacou que o varejo\u00a0deixou de faturar R$ 86,4 bilh\u00f5es durante o 15 de mar\u00e7o at\u00e9 o dia 18 de abril. Clique aqui para saber mais.","breadcrumb":{"@id":"https:\/\/www.suno.com.br\/noticias\/vendas-no-varejo-caem-39-aponta-estudo-da-cnc\/#breadcrumb"},"inLanguage":"pt-BR","potentialAction":[{"@type":"ReadAction","target":["https:\/\/www.suno.com.br\/noticias\/vendas-no-varejo-caem-39-aponta-estudo-da-cnc\/"]}]},{"@type":"ImageObject","inLanguage":"pt-BR","@id":"https:\/\/www.suno.com.br\/noticias\/vendas-no-varejo-caem-39-aponta-estudo-da-cnc\/#primaryimage","url":"https:\/\/files.sunoresearch.com.br\/n\/uploads\/2018\/11\/2782a66f-vendas-na-black-friday-1-jpg.webp","contentUrl":"https:\/\/files.sunoresearch.com.br\/n\/uploads\/2018\/11\/2782a66f-vendas-na-black-friday-1-jpg.webp","width":1920,"height":1280,"caption":"Vendas no Natal sobem, mas abaixo dos n\u00edveis de 2019. Foto: Pixabay"},{"@type":"BreadcrumbList","@id":"https:\/\/www.suno.com.br\/noticias\/vendas-no-varejo-caem-39-aponta-estudo-da-cnc\/#breadcrumb","itemListElement":[{"@type":"ListItem","position":1,"name":"Not\u00edcias","item":"https:\/\/www.suno.com.br\/noticias\/"},{"@type":"ListItem","position":2,"name":"Economia","item":"https:\/\/www.suno.com.br\/noticias\/economia\/"},{"@type":"ListItem","position":3,"name":"Vendas no varejo caem 39%, aponta estudo da CNC"}]},{"@type":"WebSite","@id":"https:\/\/www.suno.com.br\/noticias\/#website","url":"https:\/\/www.suno.com.br\/noticias\/","name":"Suno Not\u00edcias","description":"Seu portal de informa\u00e7\u00e3o sobre o mundo dos investimentos","publisher":{"@id":"https:\/\/www.suno.com.br\/noticias\/#organization"},"potentialAction":[{"@type":"SearchAction","target":{"@type":"EntryPoint","urlTemplate":"https:\/\/www.suno.com.br\/noticias\/?s={search_term_string}"},"query-input":{"@type":"PropertyValueSpecification","valueRequired":true,"valueName":"search_term_string"}}],"inLanguage":"pt-BR"},{"@type":"Organization","@id":"https:\/\/www.suno.com.br\/noticias\/#organization","name":"Suno Not\u00edcias","url":"https:\/\/www.suno.com.br\/noticias\/","logo":{"@type":"ImageObject","inLanguage":"pt-BR","@id":"https:\/\/www.suno.com.br\/noticias\/#\/schema\/logo\/image\/","url":"https:\/\/files.sunoresearch.com.br\/n\/uploads\/2021\/09\/suno-logo.png","contentUrl":"https:\/\/files.sunoresearch.com.br\/n\/uploads\/2021\/09\/suno-logo.png","width":180,"height":180,"caption":"Suno Not\u00edcias"},"image":{"@id":"https:\/\/www.suno.com.br\/noticias\/#\/schema\/logo\/image\/"},"sameAs":["https:\/\/facebook.com\/sunoresearch","https:\/\/x.com\/sunoresearch","https:\/\/www.instagram.com\/suno","https:\/\/www.linkedin.com\/company\/suno-research\/","https:\/\/www.youtube.com\/c\/sunoresearch"]},{"@type":"Person","@id":"https:\/\/www.suno.com.br\/noticias\/#\/schema\/person\/3df0d2808748b74496efe5dbeaef2c72","name":"Laura Moutinho","image":{"@type":"ImageObject","inLanguage":"pt-BR","@id":"https:\/\/www.suno.com.br\/noticias\/#\/schema\/person\/image\/","url":"https:\/\/secure.gravatar.com\/avatar\/7571c7c8ca3a6fca5e41384ece5557ff?s=96&r=g","contentUrl":"https:\/\/secure.gravatar.com\/avatar\/7571c7c8ca3a6fca5e41384ece5557ff?s=96&r=g","caption":"Laura Moutinho"},"description":"Estagi\u00e1ria na Suno Not\u00edcias, escreve not\u00edcias que afetam o mercado financeiro. Estuda administra\u00e7\u00e3o na Universidade Presbiteriana Mackenzie.","url":"https:\/\/www.suno.com.br\/noticias\/author\/laura-moutinho\/"}]}},"default_loop_html":"<div class=\"cardsPage__listCard__boxs\"><div class=\"cardsPage__listCard__boxs__img\"><a href=\"https:\/\/www.suno.com.br\/noticias\/vendas-no-varejo-caem-39-aponta-estudo-da-cnc\/\"><img class=\"mask\" src=\"https:\/\/www.suno.com.br\/noticias\/wp-content\/themes\/suno\/resources\/images\/spotlight\/spotlight1img\/bg-mask.png\" alt=\"Image Mask\"\/><img src=\"https:\/\/files.sunoresearch.com.br\/n\/uploads\/2018\/11\/2782a66f-vendas-na-black-friday-1-400x200.webp\" alt=\"Vendas no varejo caem 39%, aponta estudo da CNC\"\/><\/a><span class=\"spotlightCategory\"><a href=\"https:\/\/www.suno.com.br\/noticias\/economia\/\">Economia<\/a><\/span><\/div><div class=\"cardsPage__listCard__boxs__content\"><a href=\"https:\/\/www.suno.com.br\/noticias\/vendas-no-varejo-caem-39-aponta-estudo-da-cnc\/\"><h2 class=\"content__title\">Vendas no varejo caem 39%, aponta estudo da CNC<\/h2><\/a><div class=\"newsContent__article__meta\"><div class=\"newsContent__article__meta__authorBox\"><a href=\"https:\/\/www.suno.com.br\/noticias\/author\/laura-moutinho\/\" class=\"authorBox__avatar noMobi\"><img src=\"https:\/\/files.sunoresearch.com.br\/n\/uploads\/2020\/08\/531ff69d-whatsapp-image-2020-08-03-at-14.54.38-150x150.webp\" alt=\"Laura Moutinho\"><\/a><div class=\"authorBox__name\"><span>por\n\t\t\t<a href=\"https:\/\/www.suno.com.br\/noticias\/author\/laura-moutinho\/\"><span itemprop=\"author\">Laura Moutinho<\/span><\/a><\/span><time datetime=\"2020-04-30T15:57:54-03:00\" itemprop=\"datePublished\">30\/04\/2020 15:57<\/time><\/div><\/div><\/div><\/div><\/div>","single_layout":"posts","amp_enabled":true,"_links":{"self":[{"href":"https:\/\/www.suno.com.br\/noticias\/wp-json\/wp\/v2\/posts\/63310"}],"collection":[{"href":"https:\/\/www.suno.com.br\/noticias\/wp-json\/wp\/v2\/posts"}],"about":[{"href":"https:\/\/www.suno.com.br\/noticias\/wp-json\/wp\/v2\/types\/post"}],"author":[{"embeddable":true,"href":"https:\/\/www.suno.com.br\/noticias\/wp-json\/wp\/v2\/users\/39"}],"replies":[{"embeddable":true,"href":"https:\/\/www.suno.com.br\/noticias\/wp-json\/wp\/v2\/comments?post=63310"}],"version-history":[{"count":0,"href":"https:\/\/www.suno.com.br\/noticias\/wp-json\/wp\/v2\/posts\/63310\/revisions"}],"wp:featuredmedia":[{"embeddable":true,"href":"https:\/\/www.suno.com.br\/noticias\/wp-json\/wp\/v2\/media\/6561"}],"wp:attachment":[{"href":"https:\/\/www.suno.com.br\/noticias\/wp-json\/wp\/v2\/media?parent=63310"}],"wp:term":[{"taxonomy":"category","embeddable":true,"href":"https:\/\/www.suno.com.br\/noticias\/wp-json\/wp\/v2\/categories?post=63310"},{"taxonomy":"post_tag","embeddable":true,"href":"https:\/\/www.suno.com.br\/noticias\/wp-json\/wp\/v2\/tags?post=63310"},{"taxonomy":"suno_strategy","embeddable":true,"href":"https:\/\/www.suno.com.br\/noticias\/wp-json\/wp\/v2\/suno_strategy?post=63310"}],"curies":[{"name":"wp","href":"https:\/\/api.w.org\/{rel}","templated":true}]}}