{"id":63283,"date":"2020-04-30T13:16:07","date_gmt":"2020-04-30T16:16:07","guid":{"rendered":"https:\/\/www.suno.com.br\/noticias\/?p=63283"},"modified":"2021-06-13T23:37:33","modified_gmt":"2021-06-14T02:37:33","slug":"federal-reserve-expandir-programa-auxilio-pmes","status":"publish","type":"post","link":"https:\/\/www.suno.com.br\/noticias\/federal-reserve-expandir-programa-auxilio-pmes\/","title":{"rendered":"Federal Reserve ir\u00e1 expandir programa de aux\u00edlio a PMEs"},"content":{"rendered":"<p>O Banco Central dos Estados Unidos, <a href=\"https:\/\/www.suno.com.br\/artigos\/fed\/\">Federal Reserve (Fed)<\/a>, anunciou nesta quinta-feira (30) que ir\u00e1 ampliar o seu &#8220;Programa de Empr\u00e9stimos Mainstreet&#8221; para auxiliar um conjunto ainda maior de pequenas e m\u00e9dias empresas (PMEs).<\/p>\t<div class=\"wrapper-featured-image\">\n\t\t<figure class=\"spotlightImg\">\n\n\t\t\t<picture>\n\t\t\t\t<source media=\"(max-width: 768px)\" srcset=\"https:\/\/files.sunoresearch.com.br\/n\/uploads\/2018\/11\/9dc0530a-federal-reserve-400x200.webp\">\n\t\t\t\t<img loading=\"lazy\" decoding=\"async\" class=\"newsContent__article__imgCapa lazyloadDisabled newsContent__article__imgCapa--noCaption\" src=\"https:\/\/files.sunoresearch.com.br\/n\/uploads\/2018\/11\/9dc0530a-federal-reserve-800x450.webp\" width=\"800\" height=\"450\" alt=\"Federal Reserve ir\u00e1 expandir programa de aux\u00edlio a PMEs\" fetchpriority=high \/>\n\t\t\t<\/picture>\n\n\t\t\t<figcaption class=\"wp-caption-text wp-caption-text--hide\">Sede do Federal Reserve (Fed), em Washington D.C.<\/figcaption>\n\t\t<\/figure>\n\t<\/div>\n\n\n\n<p>As empresas que est\u00e3o nesse programa do Fed buscam um aux\u00edlio para diminuir o impacto causado em decorr\u00eancia da pandemia de <a href=\"https:\/\/www.suno.com.br\/noticias\/tags\/covid-19\/\">coronav\u00edrus (Covid-19)<\/a>.<\/p>\n<p><a href=\"https:\/\/lp.suno.com.br\/suno-one\/\">Veja tamb\u00e9m: Na Suno One voc\u00ea aprende como fazer o seu dinheiro para trabalhar para voc\u00ea. Cadastre-se agora!<\/a><\/p>\n<p>O \u201cMain Street Lending Facility\u201d, nome oficial do programa, ser\u00e1 expandido e dividido em tr\u00eas partes. A ideia \u00e9 apoiar companhias que possuem at\u00e9 15 mil colaboradores e at\u00e9 US$ 5 bilh\u00f5es em receita. O programa inicial, anunciado h\u00e1 cerca de tr\u00eas semanas, inclu\u00eda apenas companhias com 10 mil colaboradores e US$ 2 bilh\u00f5es em receita.<\/p>\n<p>Uma das principais mudan\u00e7as no programa \u00e9 a redu\u00e7\u00e3o do valor m\u00ednimo de empr\u00e9stimo para alguns acordos. Antes, o valor m\u00ednimo era de US$ 1 milh\u00e3o, agora passou a ser de 500 mil d\u00f3lares. Assim, mais empresas de pequeno porte poder\u00e3o participar.<\/p>\n<p>O Fed tamb\u00e9m anunciou a cria\u00e7\u00e3o de uma nova op\u00e7\u00e3o de empr\u00e9stimo, que ter\u00e1 um maior compartilhamento de risco por credores para solicitantes do empr\u00e9stimo com maior alavancagem.<\/p>\n<p>A autoridade monet\u00e1ria tamb\u00e9m afirmou que as empresas precisar\u00e3o oferecer uma garantia razo\u00e1vel de que podem arcar com suas despesas por pelo menos 90 dias sem ir a fal\u00eancia. Al\u00e9m disso, dever\u00e3o garantir &#8220;esfor\u00e7os comercialmente razo\u00e1veis&#8221; para manter os funcion\u00e1rios<\/p>\n<h2>Decis\u00e3o do Federal Reserve sobre taxa de juros<\/h2>\n<p>O Federal Reserve manteve a taxa de juros entre 0% e 0,25% na decis\u00e3o tomada na \u00faltima quarta-feira (29), ap\u00f3s a reuni\u00e3o do Comit\u00ea federal de mercado aberto (FOMC, na sigla em ingl\u00eas).<\/p>\n<p>A BC norte-americano tinha reduzido a <a href=\"https:\/\/www.suno.com.br\/artigos\/taxa-de-juros\/\">taxa de juros<\/a> para esse patamar no dia 15 de mar\u00e7o, de forma emergencial. No mesmo dia, o Fed tinha anunciado um pacote de est\u00edmulos (Quantitative Easing (QE)) \u00e0 economia por conta do avan\u00e7o do <strong>coronav\u00edrus<\/strong> (Covid-19) por um valor de US$ 700 bilh\u00f5es (cerca de R$ 4 trilh\u00f5es) para sustentar a atividade econ\u00f4mica do pa\u00eds.<\/p>\n<p><a href=\"https:\/\/www.suno.com.br\/noticias\/eua-pedidos-de-desemprego-3-8-milhoes\/\">Veja tamb\u00e9m: EUA registram 3,8 milh\u00f5es de pedidos de seguro-desemprego<\/a><\/p>\n<p>A decis\u00e3o dos membros do FOMC, reunidos em videoconfer\u00eancia, foi un\u00e2nime em manter as taxas de juros por volta de 0%. O Fed explicou que o coronav\u00edrus &#8220;est\u00e1 causando imensas dificuldades humanas e econ\u00f4micas nos Estados Unidos e ao redor do mundo&#8221;.<\/p>\n<p>&#8220;O <strong>Federal<\/strong> <strong>Reserve<\/strong> est\u00e1 comprometido em usar sua gama total de ferramentas para sustentar a economia dos Estados Unidos neste momento desafiador, promovendo as metas de m\u00e1ximo emprego e estabilidade de emprego&#8221;, destacou a autoridade monet\u00e1ria dos EUA.<\/p>\n\n","protected":false},"excerpt":{"rendered":"<p>O Banco Central dos Estados Unidos, Federal Reserve (Fed), anunciou nesta quinta-feira (30) que ir\u00e1 ampliar o seu &#8220;Programa de Empr\u00e9stimos Mainstreet&#8221; para auxiliar um conjunto ainda maior de pequenas e m\u00e9dias empresas (PMEs). Sede do Federal Reserve (Fed), em Washington D.C. As empresas que est\u00e3o nesse programa do Fed buscam um aux\u00edlio para diminuir [&hellip;]<\/p>\n","protected":false},"author":19,"featured_media":6926,"comment_status":"closed","ping_status":"closed","sticky":false,"template":"","format":"standard","meta":[],"categories":[63],"tags":[793,776],"suno_strategy":[],"class_list":["post-63283","post","type-post","status-publish","format-standard","has-post-thumbnail","hentry","category-internacional","tag-estados-unidos-eua","tag-federal-reseve-fed"],"yoast_head":"<!-- This site is optimized with the Yoast SEO plugin v24.4 - https:\/\/yoast.com\/wordpress\/plugins\/seo\/ -->\n<title>Federal Reserve ir\u00e1 expandir programa de aux\u00edlio a PMEs<\/title>\n<meta name=\"description\" content=\"O Banco Central dos EUA, Federal Reserve (Fed), anunciou nesta quinta-feira (30) que ir\u00e1 ampliar o seu &quot;Programa de Empr\u00e9stimos Mainstreet&quot;.\" \/>\n<meta name=\"robots\" content=\"index, follow, max-snippet:-1, max-image-preview:large, max-video-preview:-1\" \/>\n<link rel=\"canonical\" href=\"https:\/\/www.suno.com.br\/noticias\/federal-reserve-expandir-programa-auxilio-pmes\/\" \/>\n<meta property=\"og:locale\" content=\"pt_BR\" \/>\n<meta property=\"og:type\" content=\"article\" \/>\n<meta property=\"og:title\" content=\"Federal Reserve ir\u00e1 expandir programa de aux\u00edlio a PMEs\" \/>\n<meta property=\"og:description\" content=\"O Banco Central dos EUA, Federal Reserve (Fed), anunciou nesta quinta-feira (30) que ir\u00e1 ampliar o seu &quot;Programa de Empr\u00e9stimos Mainstreet&quot;.\" \/>\n<meta property=\"og:url\" content=\"https:\/\/www.suno.com.br\/noticias\/federal-reserve-expandir-programa-auxilio-pmes\/\" \/>\n<meta property=\"og:site_name\" content=\"Suno Not\u00edcias\" \/>\n<meta property=\"article:publisher\" content=\"https:\/\/facebook.com\/sunoresearch\" \/>\n<meta property=\"og:image\" content=\"https:\/\/files.sunoresearch.com.br\/n\/uploads\/2018\/11\/9dc0530a-federal-reserve.jpg\" \/>\n\t<meta property=\"og:image:width\" content=\"1024\" \/>\n\t<meta property=\"og:image:height\" content=\"656\" \/>\n\t<meta property=\"og:image:type\" content=\"image\/jpeg\" \/>\n<meta name=\"author\" content=\"Juliano Passaro\" \/>\n<meta name=\"twitter:card\" content=\"summary_large_image\" \/>\n<meta name=\"twitter:creator\" content=\"@sunoresearch\" \/>\n<meta name=\"twitter:site\" content=\"@sunoresearch\" \/>\n<meta name=\"twitter:label1\" content=\"Escrito por\" \/>\n\t<meta name=\"twitter:data1\" content=\"Juliano Passaro\" \/>\n\t<meta name=\"twitter:label2\" content=\"Est. tempo de leitura\" \/>\n\t<meta name=\"twitter:data2\" content=\"2 minutos\" \/>\n<script type=\"application\/ld+json\" class=\"yoast-schema-graph\">{\"@context\":\"https:\/\/schema.org\",\"@graph\":[{\"@type\":\"NewsArticle\",\"@id\":\"https:\/\/www.suno.com.br\/noticias\/federal-reserve-expandir-programa-auxilio-pmes\/#article\",\"isPartOf\":{\"@id\":\"https:\/\/www.suno.com.br\/noticias\/federal-reserve-expandir-programa-auxilio-pmes\/\"},\"author\":{\"name\":\"Juliano Passaro\",\"@id\":\"https:\/\/www.suno.com.br\/noticias\/#\/schema\/person\/1db762f78ffd8919a648a63e425953e3\"},\"headline\":\"Federal Reserve ir\u00e1 expandir programa de aux\u00edlio a PMEs\",\"datePublished\":\"2020-04-30T16:16:07+00:00\",\"dateModified\":\"2021-06-14T02:37:33+00:00\",\"mainEntityOfPage\":{\"@id\":\"https:\/\/www.suno.com.br\/noticias\/federal-reserve-expandir-programa-auxilio-pmes\/\"},\"wordCount\":490,\"publisher\":{\"@id\":\"https:\/\/www.suno.com.br\/noticias\/#organization\"},\"image\":{\"@id\":\"https:\/\/www.suno.com.br\/noticias\/federal-reserve-expandir-programa-auxilio-pmes\/#primaryimage\"},\"thumbnailUrl\":\"https:\/\/files.sunoresearch.com.br\/n\/uploads\/2018\/11\/9dc0530a-federal-reserve-jpg.webp\",\"keywords\":[\"Estados Unidos (EUA)\",\"Federal Reserve (FED)\"],\"articleSection\":[\"Internacional\"],\"inLanguage\":\"pt-BR\"},{\"@type\":\"WebPage\",\"@id\":\"https:\/\/www.suno.com.br\/noticias\/federal-reserve-expandir-programa-auxilio-pmes\/\",\"url\":\"https:\/\/www.suno.com.br\/noticias\/federal-reserve-expandir-programa-auxilio-pmes\/\",\"name\":\"Federal Reserve ir\u00e1 expandir programa de aux\u00edlio a PMEs\",\"isPartOf\":{\"@id\":\"https:\/\/www.suno.com.br\/noticias\/#website\"},\"primaryImageOfPage\":{\"@id\":\"https:\/\/www.suno.com.br\/noticias\/federal-reserve-expandir-programa-auxilio-pmes\/#primaryimage\"},\"image\":{\"@id\":\"https:\/\/www.suno.com.br\/noticias\/federal-reserve-expandir-programa-auxilio-pmes\/#primaryimage\"},\"thumbnailUrl\":\"https:\/\/files.sunoresearch.com.br\/n\/uploads\/2018\/11\/9dc0530a-federal-reserve-jpg.webp\",\"datePublished\":\"2020-04-30T16:16:07+00:00\",\"dateModified\":\"2021-06-14T02:37:33+00:00\",\"description\":\"O Banco Central dos EUA, Federal Reserve (Fed), anunciou nesta quinta-feira (30) que ir\u00e1 ampliar o seu \\\"Programa de Empr\u00e9stimos Mainstreet\\\".\",\"breadcrumb\":{\"@id\":\"https:\/\/www.suno.com.br\/noticias\/federal-reserve-expandir-programa-auxilio-pmes\/#breadcrumb\"},\"inLanguage\":\"pt-BR\",\"potentialAction\":[{\"@type\":\"ReadAction\",\"target\":[\"https:\/\/www.suno.com.br\/noticias\/federal-reserve-expandir-programa-auxilio-pmes\/\"]}]},{\"@type\":\"ImageObject\",\"inLanguage\":\"pt-BR\",\"@id\":\"https:\/\/www.suno.com.br\/noticias\/federal-reserve-expandir-programa-auxilio-pmes\/#primaryimage\",\"url\":\"https:\/\/files.sunoresearch.com.br\/n\/uploads\/2018\/11\/9dc0530a-federal-reserve-jpg.webp\",\"contentUrl\":\"https:\/\/files.sunoresearch.com.br\/n\/uploads\/2018\/11\/9dc0530a-federal-reserve-jpg.webp\",\"width\":1024,\"height\":656,\"caption\":\"Sede do Federal Reserve (Fed), em Washington D.C.\"},{\"@type\":\"BreadcrumbList\",\"@id\":\"https:\/\/www.suno.com.br\/noticias\/federal-reserve-expandir-programa-auxilio-pmes\/#breadcrumb\",\"itemListElement\":[{\"@type\":\"ListItem\",\"position\":1,\"name\":\"Not\u00edcias\",\"item\":\"https:\/\/www.suno.com.br\/noticias\/\"},{\"@type\":\"ListItem\",\"position\":2,\"name\":\"Internacional\",\"item\":\"https:\/\/www.suno.com.br\/noticias\/internacional\/\"},{\"@type\":\"ListItem\",\"position\":3,\"name\":\"Federal Reserve ir\u00e1 expandir programa de aux\u00edlio a PMEs\"}]},{\"@type\":\"WebSite\",\"@id\":\"https:\/\/www.suno.com.br\/noticias\/#website\",\"url\":\"https:\/\/www.suno.com.br\/noticias\/\",\"name\":\"Suno Not\u00edcias\",\"description\":\"Seu portal de informa\u00e7\u00e3o sobre o mundo dos investimentos\",\"publisher\":{\"@id\":\"https:\/\/www.suno.com.br\/noticias\/#organization\"},\"potentialAction\":[{\"@type\":\"SearchAction\",\"target\":{\"@type\":\"EntryPoint\",\"urlTemplate\":\"https:\/\/www.suno.com.br\/noticias\/?s={search_term_string}\"},\"query-input\":{\"@type\":\"PropertyValueSpecification\",\"valueRequired\":true,\"valueName\":\"search_term_string\"}}],\"inLanguage\":\"pt-BR\"},{\"@type\":\"Organization\",\"@id\":\"https:\/\/www.suno.com.br\/noticias\/#organization\",\"name\":\"Suno Not\u00edcias\",\"url\":\"https:\/\/www.suno.com.br\/noticias\/\",\"logo\":{\"@type\":\"ImageObject\",\"inLanguage\":\"pt-BR\",\"@id\":\"https:\/\/www.suno.com.br\/noticias\/#\/schema\/logo\/image\/\",\"url\":\"https:\/\/files.sunoresearch.com.br\/n\/uploads\/2021\/09\/suno-logo.png\",\"contentUrl\":\"https:\/\/files.sunoresearch.com.br\/n\/uploads\/2021\/09\/suno-logo.png\",\"width\":180,\"height\":180,\"caption\":\"Suno Not\u00edcias\"},\"image\":{\"@id\":\"https:\/\/www.suno.com.br\/noticias\/#\/schema\/logo\/image\/\"},\"sameAs\":[\"https:\/\/facebook.com\/sunoresearch\",\"https:\/\/x.com\/sunoresearch\",\"https:\/\/www.instagram.com\/suno\",\"https:\/\/www.linkedin.com\/company\/suno-research\/\",\"https:\/\/www.youtube.com\/c\/sunoresearch\"]},{\"@type\":\"Person\",\"@id\":\"https:\/\/www.suno.com.br\/noticias\/#\/schema\/person\/1db762f78ffd8919a648a63e425953e3\",\"name\":\"Juliano Passaro\",\"image\":{\"@type\":\"ImageObject\",\"inLanguage\":\"pt-BR\",\"@id\":\"https:\/\/www.suno.com.br\/noticias\/#\/schema\/person\/image\/\",\"url\":\"https:\/\/secure.gravatar.com\/avatar\/743d4df28eebf6dcc46b4ad03c319e92?s=96&r=g\",\"contentUrl\":\"https:\/\/secure.gravatar.com\/avatar\/743d4df28eebf6dcc46b4ad03c319e92?s=96&r=g\",\"caption\":\"Juliano Passaro\"},\"description\":\"Juliano Passaro escreve sobre pol\u00edtica, economia e neg\u00f3cios para o portal da Suno Research. Antes da Suno, trabalhou no Portal da Band. \u00c9 formado em jornalismo pela Universidade Presbiteriana Mackenzie.\",\"url\":\"https:\/\/www.suno.com.br\/noticias\/author\/juliano\/\"}]}<\/script>\n<!-- \/ Yoast SEO plugin. -->","yoast_head_json":{"title":"Federal Reserve ir\u00e1 expandir programa de aux\u00edlio a PMEs","description":"O Banco Central dos EUA, Federal Reserve (Fed), anunciou nesta quinta-feira (30) que ir\u00e1 ampliar o seu \"Programa de Empr\u00e9stimos Mainstreet\".","robots":{"index":"index","follow":"follow","max-snippet":"max-snippet:-1","max-image-preview":"max-image-preview:large","max-video-preview":"max-video-preview:-1"},"canonical":"https:\/\/www.suno.com.br\/noticias\/federal-reserve-expandir-programa-auxilio-pmes\/","og_locale":"pt_BR","og_type":"article","og_title":"Federal Reserve ir\u00e1 expandir programa de aux\u00edlio a PMEs","og_description":"O Banco Central dos EUA, Federal Reserve (Fed), anunciou nesta quinta-feira (30) que ir\u00e1 ampliar o seu \"Programa de Empr\u00e9stimos Mainstreet\".","og_url":"https:\/\/www.suno.com.br\/noticias\/federal-reserve-expandir-programa-auxilio-pmes\/","og_site_name":"Suno Not\u00edcias","article_publisher":"https:\/\/facebook.com\/sunoresearch","og_image":[{"width":1024,"height":656,"url":"https:\/\/files.sunoresearch.com.br\/n\/uploads\/2018\/11\/9dc0530a-federal-reserve.jpg","type":"image\/jpeg"}],"author":"Juliano Passaro","twitter_card":"summary_large_image","twitter_creator":"@sunoresearch","twitter_site":"@sunoresearch","twitter_misc":{"Escrito por":"Juliano Passaro","Est. tempo de leitura":"2 minutos"},"schema":{"@context":"https:\/\/schema.org","@graph":[{"@type":"NewsArticle","@id":"https:\/\/www.suno.com.br\/noticias\/federal-reserve-expandir-programa-auxilio-pmes\/#article","isPartOf":{"@id":"https:\/\/www.suno.com.br\/noticias\/federal-reserve-expandir-programa-auxilio-pmes\/"},"author":{"name":"Juliano Passaro","@id":"https:\/\/www.suno.com.br\/noticias\/#\/schema\/person\/1db762f78ffd8919a648a63e425953e3"},"headline":"Federal Reserve ir\u00e1 expandir programa de aux\u00edlio a PMEs","datePublished":"2020-04-30T16:16:07+00:00","dateModified":"2021-06-14T02:37:33+00:00","mainEntityOfPage":{"@id":"https:\/\/www.suno.com.br\/noticias\/federal-reserve-expandir-programa-auxilio-pmes\/"},"wordCount":490,"publisher":{"@id":"https:\/\/www.suno.com.br\/noticias\/#organization"},"image":{"@id":"https:\/\/www.suno.com.br\/noticias\/federal-reserve-expandir-programa-auxilio-pmes\/#primaryimage"},"thumbnailUrl":"https:\/\/files.sunoresearch.com.br\/n\/uploads\/2018\/11\/9dc0530a-federal-reserve-jpg.webp","keywords":["Estados Unidos (EUA)","Federal Reserve (FED)"],"articleSection":["Internacional"],"inLanguage":"pt-BR"},{"@type":"WebPage","@id":"https:\/\/www.suno.com.br\/noticias\/federal-reserve-expandir-programa-auxilio-pmes\/","url":"https:\/\/www.suno.com.br\/noticias\/federal-reserve-expandir-programa-auxilio-pmes\/","name":"Federal Reserve ir\u00e1 expandir programa de aux\u00edlio a PMEs","isPartOf":{"@id":"https:\/\/www.suno.com.br\/noticias\/#website"},"primaryImageOfPage":{"@id":"https:\/\/www.suno.com.br\/noticias\/federal-reserve-expandir-programa-auxilio-pmes\/#primaryimage"},"image":{"@id":"https:\/\/www.suno.com.br\/noticias\/federal-reserve-expandir-programa-auxilio-pmes\/#primaryimage"},"thumbnailUrl":"https:\/\/files.sunoresearch.com.br\/n\/uploads\/2018\/11\/9dc0530a-federal-reserve-jpg.webp","datePublished":"2020-04-30T16:16:07+00:00","dateModified":"2021-06-14T02:37:33+00:00","description":"O Banco Central dos EUA, Federal Reserve (Fed), anunciou nesta quinta-feira (30) que ir\u00e1 ampliar o seu \"Programa de Empr\u00e9stimos Mainstreet\".","breadcrumb":{"@id":"https:\/\/www.suno.com.br\/noticias\/federal-reserve-expandir-programa-auxilio-pmes\/#breadcrumb"},"inLanguage":"pt-BR","potentialAction":[{"@type":"ReadAction","target":["https:\/\/www.suno.com.br\/noticias\/federal-reserve-expandir-programa-auxilio-pmes\/"]}]},{"@type":"ImageObject","inLanguage":"pt-BR","@id":"https:\/\/www.suno.com.br\/noticias\/federal-reserve-expandir-programa-auxilio-pmes\/#primaryimage","url":"https:\/\/files.sunoresearch.com.br\/n\/uploads\/2018\/11\/9dc0530a-federal-reserve-jpg.webp","contentUrl":"https:\/\/files.sunoresearch.com.br\/n\/uploads\/2018\/11\/9dc0530a-federal-reserve-jpg.webp","width":1024,"height":656,"caption":"Sede do Federal Reserve (Fed), em Washington D.C."},{"@type":"BreadcrumbList","@id":"https:\/\/www.suno.com.br\/noticias\/federal-reserve-expandir-programa-auxilio-pmes\/#breadcrumb","itemListElement":[{"@type":"ListItem","position":1,"name":"Not\u00edcias","item":"https:\/\/www.suno.com.br\/noticias\/"},{"@type":"ListItem","position":2,"name":"Internacional","item":"https:\/\/www.suno.com.br\/noticias\/internacional\/"},{"@type":"ListItem","position":3,"name":"Federal Reserve ir\u00e1 expandir programa de aux\u00edlio a PMEs"}]},{"@type":"WebSite","@id":"https:\/\/www.suno.com.br\/noticias\/#website","url":"https:\/\/www.suno.com.br\/noticias\/","name":"Suno Not\u00edcias","description":"Seu portal de informa\u00e7\u00e3o sobre o mundo dos investimentos","publisher":{"@id":"https:\/\/www.suno.com.br\/noticias\/#organization"},"potentialAction":[{"@type":"SearchAction","target":{"@type":"EntryPoint","urlTemplate":"https:\/\/www.suno.com.br\/noticias\/?s={search_term_string}"},"query-input":{"@type":"PropertyValueSpecification","valueRequired":true,"valueName":"search_term_string"}}],"inLanguage":"pt-BR"},{"@type":"Organization","@id":"https:\/\/www.suno.com.br\/noticias\/#organization","name":"Suno Not\u00edcias","url":"https:\/\/www.suno.com.br\/noticias\/","logo":{"@type":"ImageObject","inLanguage":"pt-BR","@id":"https:\/\/www.suno.com.br\/noticias\/#\/schema\/logo\/image\/","url":"https:\/\/files.sunoresearch.com.br\/n\/uploads\/2021\/09\/suno-logo.png","contentUrl":"https:\/\/files.sunoresearch.com.br\/n\/uploads\/2021\/09\/suno-logo.png","width":180,"height":180,"caption":"Suno Not\u00edcias"},"image":{"@id":"https:\/\/www.suno.com.br\/noticias\/#\/schema\/logo\/image\/"},"sameAs":["https:\/\/facebook.com\/sunoresearch","https:\/\/x.com\/sunoresearch","https:\/\/www.instagram.com\/suno","https:\/\/www.linkedin.com\/company\/suno-research\/","https:\/\/www.youtube.com\/c\/sunoresearch"]},{"@type":"Person","@id":"https:\/\/www.suno.com.br\/noticias\/#\/schema\/person\/1db762f78ffd8919a648a63e425953e3","name":"Juliano Passaro","image":{"@type":"ImageObject","inLanguage":"pt-BR","@id":"https:\/\/www.suno.com.br\/noticias\/#\/schema\/person\/image\/","url":"https:\/\/secure.gravatar.com\/avatar\/743d4df28eebf6dcc46b4ad03c319e92?s=96&r=g","contentUrl":"https:\/\/secure.gravatar.com\/avatar\/743d4df28eebf6dcc46b4ad03c319e92?s=96&r=g","caption":"Juliano Passaro"},"description":"Juliano Passaro escreve sobre pol\u00edtica, economia e neg\u00f3cios para o portal da Suno Research. Antes da Suno, trabalhou no Portal da Band. \u00c9 formado em jornalismo pela Universidade Presbiteriana Mackenzie.","url":"https:\/\/www.suno.com.br\/noticias\/author\/juliano\/"}]}},"default_loop_html":"<div class=\"cardsPage__listCard__boxs\"><div class=\"cardsPage__listCard__boxs__img\"><a href=\"https:\/\/www.suno.com.br\/noticias\/federal-reserve-expandir-programa-auxilio-pmes\/\"><img class=\"mask\" src=\"https:\/\/www.suno.com.br\/noticias\/wp-content\/themes\/suno\/resources\/images\/spotlight\/spotlight1img\/bg-mask.png\" alt=\"Image Mask\"\/><img src=\"https:\/\/files.sunoresearch.com.br\/n\/uploads\/2018\/11\/9dc0530a-federal-reserve-400x200.webp\" alt=\"Federal Reserve ir\u00e1 expandir programa de aux\u00edlio a PMEs\"\/><\/a><span class=\"spotlightCategory\"><a href=\"https:\/\/www.suno.com.br\/noticias\/internacional\/\">Internacional<\/a><\/span><\/div><div class=\"cardsPage__listCard__boxs__content\"><a href=\"https:\/\/www.suno.com.br\/noticias\/federal-reserve-expandir-programa-auxilio-pmes\/\"><h2 class=\"content__title\">Federal Reserve ir\u00e1 expandir programa de aux\u00edlio a PMEs<\/h2><\/a><div class=\"newsContent__article__meta\"><div class=\"newsContent__article__meta__authorBox\"><a href=\"https:\/\/www.suno.com.br\/noticias\/author\/juliano\/\" class=\"authorBox__avatar noMobi\"><img src=\"https:\/\/files.sunoresearch.com.br\/n\/uploads\/2019\/06\/7cc3efea-whatsapp-image-2019-07-18-at-21.59.33-e1563499821209-150x150.webp\" alt=\"Juliano Passaro\"><\/a><div class=\"authorBox__name\"><span>por\n\t\t\t<a href=\"https:\/\/www.suno.com.br\/noticias\/author\/juliano\/\"><span itemprop=\"author\">Juliano Passaro<\/span><\/a><\/span><time datetime=\"2020-04-30T13:16:07-03:00\" itemprop=\"datePublished\">30\/04\/2020 13:16<\/time><\/div><\/div><\/div><\/div><\/div>","single_layout":"posts","amp_enabled":true,"_links":{"self":[{"href":"https:\/\/www.suno.com.br\/noticias\/wp-json\/wp\/v2\/posts\/63283"}],"collection":[{"href":"https:\/\/www.suno.com.br\/noticias\/wp-json\/wp\/v2\/posts"}],"about":[{"href":"https:\/\/www.suno.com.br\/noticias\/wp-json\/wp\/v2\/types\/post"}],"author":[{"embeddable":true,"href":"https:\/\/www.suno.com.br\/noticias\/wp-json\/wp\/v2\/users\/19"}],"replies":[{"embeddable":true,"href":"https:\/\/www.suno.com.br\/noticias\/wp-json\/wp\/v2\/comments?post=63283"}],"version-history":[{"count":1,"href":"https:\/\/www.suno.com.br\/noticias\/wp-json\/wp\/v2\/posts\/63283\/revisions"}],"predecessor-version":[{"id":157081,"href":"https:\/\/www.suno.com.br\/noticias\/wp-json\/wp\/v2\/posts\/63283\/revisions\/157081"}],"wp:featuredmedia":[{"embeddable":true,"href":"https:\/\/www.suno.com.br\/noticias\/wp-json\/wp\/v2\/media\/6926"}],"wp:attachment":[{"href":"https:\/\/www.suno.com.br\/noticias\/wp-json\/wp\/v2\/media?parent=63283"}],"wp:term":[{"taxonomy":"category","embeddable":true,"href":"https:\/\/www.suno.com.br\/noticias\/wp-json\/wp\/v2\/categories?post=63283"},{"taxonomy":"post_tag","embeddable":true,"href":"https:\/\/www.suno.com.br\/noticias\/wp-json\/wp\/v2\/tags?post=63283"},{"taxonomy":"suno_strategy","embeddable":true,"href":"https:\/\/www.suno.com.br\/noticias\/wp-json\/wp\/v2\/suno_strategy?post=63283"}],"curies":[{"name":"wp","href":"https:\/\/api.w.org\/{rel}","templated":true}]}}