{"id":63265,"date":"2020-04-30T11:37:42","date_gmt":"2020-04-30T14:37:42","guid":{"rendered":"https:\/\/www.suno.com.br\/noticias\/?p=63265"},"modified":"2020-04-30T18:26:00","modified_gmt":"2020-04-30T21:26:00","slug":"eua-pedidos-de-desemprego-3-8-milhoes","status":"publish","type":"post","link":"https:\/\/www.suno.com.br\/noticias\/eua-pedidos-de-desemprego-3-8-milhoes\/","title":{"rendered":"EUA registram 3,8 milh\u00f5es de pedidos de seguro-desemprego"},"content":{"rendered":"<p>O n\u00famero de solicita\u00e7\u00f5es do seguro-desemprego nos <strong>EUA<\/strong> foi de 3,84 milh\u00f5es na semana encerrada em 25 de abril. Os dados foram divulgados pelo Departamento do Trabalho americano nesta quinta-feira (30). O pedido deste tipo de aux\u00edlio disparou nas \u00faltimas semanas, em raz\u00e3o do impacto do <a href=\"https:\/\/www.suno.com.br\/noticias\/?s=coronav%C3%ADrus\">coronav\u00edrus (covid-19)<\/a>.<\/p>\t<div class=\"wrapper-featured-image\">\n\t\t<figure class=\"spotlightImg\">\n\n\t\t\t<picture>\n\t\t\t\t<source media=\"(max-width: 768px)\" srcset=\"https:\/\/files.sunoresearch.com.br\/n\/uploads\/2018\/10\/3e615991-eua-1-400x200.webp\">\n\t\t\t\t<img loading=\"lazy\" decoding=\"async\" class=\"newsContent__article__imgCapa lazyloadDisabled newsContent__article__imgCapa--noCaption\" src=\"https:\/\/files.sunoresearch.com.br\/n\/uploads\/2018\/10\/3e615991-eua-1-800x450.webp\" width=\"800\" height=\"450\" alt=\"EUA registram 3,8 milh\u00f5es de pedidos de seguro-desemprego\" fetchpriority=high \/>\n\t\t\t<\/picture>\n\n\t\t\t<figcaption class=\"wp-caption-text wp-caption-text--hide\">Bandeira dos EUA (foto: divulga\u00e7\u00e3o)<\/figcaption>\n\t\t<\/figure>\n\t<\/div>\n\n\n\n<p>O total de pedidos de seguro-desemprego apresentou uma desacelera\u00e7\u00e3o em compara\u00e7\u00e3o com o n\u00famero registrado nas semanas anteriores. No entanto, ficou levemente acima da expectativa dos analistas da Bloomberg, que apontavam para 3,5 milh\u00f5es de pedidos.<\/p>\n<p><a href=\"https:\/\/lp.suno.com.br\/suno-one\/\">Garanta acesso gratuito \u00e0 eBooks, Minicursos, Artigos e Video Aulas com um \u00fanico cadastro. Clique para saber mais!<\/a><\/p>\n<p>Na semana anterior, os pedidos totalizaram 4,427 milh\u00f5es. Em seis semanas, o total de pedidos de aux\u00edlio-desemprego foi de 30 milh\u00f5es. O recorde foi atingindo na primeira semana de abril, com 6,6 milh\u00f5es de requisi\u00e7\u00f5es.<\/p>\n<p>Os pedidos feitos durante a crise do coronav\u00edrus j\u00e1 superaram todos os ganho de emprego desde a crise financeira de 2008.<\/p>\n<h2>PIB dos EUA recua 4,8% no primeiro trimestre de 2020<\/h2>\n<p>O <a href=\"https:\/\/www.suno.com.br\/artigos\/pib-produto-interno-bruto\/\">Produto Interno Bruto (PIB)<\/a> dos Estados Unidos caiu 4,8% no primeiro trimestre deste ano, em sua primeira leitura. A informa\u00e7\u00e3o foi divulgada pelo Departamento de Com\u00e9rcio norte-americano na \u00faltima quarta-feira (29).<\/p>\n<p>Esse \u00e9 o pior resultado do PIB estadunidense desde a crise financeira mundial de 2008, em raz\u00e3o do forte impactos da pandemia do novo coronav\u00edrus \u00a0na maior economia do planeta.<\/p>\n<p><a href=\"\/\/www.suno.com.br\/noticias\/pib-eua-primeiro-trimestre-2020\/\">Saiba Mais: PIB dos EUA recua 4,8% no primeiro trimestre de 2020<\/a><\/p>\n<p>As proje\u00e7\u00f5es do PIB divulgadas nesta quarta-feira, no entanto, s\u00e3o preliminares e com dados incompletos, sobretudo em rela\u00e7\u00e3o \u00e0 atividade econ\u00f4mica de mar\u00e7o. Economistas esperam que a divulga\u00e7\u00e3o oficial, que ocorrer\u00e1 em meados deste ano, mostrem uma queda ainda maior da atividade econ\u00f4mica.<\/p>\n<p>Os analistas ouvidos pela ag\u00eancia de not\u00edcias &#8220;Bloomberg&#8221; projetavam uma queda de 4%. Esta estimativa ocorre devido aos n\u00fameros do primeiro trimestre, que incluem somente algumas semanas da paralisa\u00e7\u00e3o da economia dos <strong>EUA<\/strong> e, mesmo assim, podem ainda estar abaixo do resultado verdadeiro.<\/p>\n","protected":false},"excerpt":{"rendered":"<p>O n\u00famero de solicita\u00e7\u00f5es do seguro-desemprego nos EUA foi de 3,84 milh\u00f5es na semana encerrada em 25 de abril. Os dados foram divulgados pelo Departamento do Trabalho americano nesta quinta-feira (30). O pedido deste tipo de aux\u00edlio disparou nas \u00faltimas semanas, em raz\u00e3o do impacto do coronav\u00edrus (covid-19). Bandeira dos EUA (foto: divulga\u00e7\u00e3o) O total [&hellip;]<\/p>\n","protected":false},"author":15,"featured_media":5631,"comment_status":"closed","ping_status":"closed","sticky":false,"template":"","format":"standard","meta":[],"categories":[63],"tags":[793,2274],"suno_strategy":[],"class_list":["post-63265","post","type-post","status-publish","format-standard","has-post-thumbnail","hentry","category-internacional","tag-estados-unidos-eua","tag-seguro-desemprego"],"yoast_head":"<!-- This site is optimized with the Yoast SEO plugin v24.4 - https:\/\/yoast.com\/wordpress\/plugins\/seo\/ -->\n<title>EUA registram 3,8 milh\u00f5es de pedidos de seguro-desemprego<\/title>\n<meta name=\"description\" content=\"O n\u00famero de solicita\u00e7\u00f5es do seguro-desemprego nos EUA foi de 3,84 milh\u00f5es na semana encerrada em 25 de abril. Clique aqui e saiba mais\" \/>\n<meta name=\"robots\" content=\"index, follow, max-snippet:-1, max-image-preview:large, max-video-preview:-1\" \/>\n<link rel=\"canonical\" href=\"https:\/\/www.suno.com.br\/noticias\/eua-pedidos-de-desemprego-3-8-milhoes\/\" \/>\n<meta property=\"og:locale\" content=\"pt_BR\" \/>\n<meta property=\"og:type\" content=\"article\" \/>\n<meta property=\"og:title\" content=\"EUA registram 3,8 milh\u00f5es de pedidos de seguro-desemprego\" \/>\n<meta property=\"og:description\" content=\"O n\u00famero de solicita\u00e7\u00f5es do seguro-desemprego nos EUA foi de 3,84 milh\u00f5es na semana encerrada em 25 de abril. Clique aqui e saiba mais\" \/>\n<meta property=\"og:url\" content=\"https:\/\/www.suno.com.br\/noticias\/eua-pedidos-de-desemprego-3-8-milhoes\/\" \/>\n<meta property=\"og:site_name\" content=\"Suno Not\u00edcias\" \/>\n<meta property=\"article:publisher\" content=\"https:\/\/facebook.com\/sunoresearch\" \/>\n<meta property=\"og:image\" content=\"https:\/\/files.sunoresearch.com.br\/n\/uploads\/2018\/10\/3e615991-eua-1.jpg\" \/>\n\t<meta property=\"og:image:width\" content=\"1920\" \/>\n\t<meta property=\"og:image:height\" content=\"1280\" \/>\n\t<meta property=\"og:image:type\" content=\"image\/jpeg\" \/>\n<meta name=\"author\" content=\"Poliana Santos\" \/>\n<meta name=\"twitter:card\" content=\"summary_large_image\" \/>\n<meta name=\"twitter:creator\" content=\"@sunoresearch\" \/>\n<meta name=\"twitter:site\" content=\"@sunoresearch\" \/>\n<meta name=\"twitter:label1\" content=\"Escrito por\" \/>\n\t<meta name=\"twitter:data1\" content=\"Poliana Santos\" \/>\n\t<meta name=\"twitter:label2\" content=\"Est. tempo de leitura\" \/>\n\t<meta name=\"twitter:data2\" content=\"2 minutos\" \/>\n<script type=\"application\/ld+json\" class=\"yoast-schema-graph\">{\"@context\":\"https:\/\/schema.org\",\"@graph\":[{\"@type\":\"NewsArticle\",\"@id\":\"https:\/\/www.suno.com.br\/noticias\/eua-pedidos-de-desemprego-3-8-milhoes\/#article\",\"isPartOf\":{\"@id\":\"https:\/\/www.suno.com.br\/noticias\/eua-pedidos-de-desemprego-3-8-milhoes\/\"},\"author\":{\"name\":\"Poliana Santos\",\"@id\":\"https:\/\/www.suno.com.br\/noticias\/#\/schema\/person\/02ec1f752758247878a2bf4abee1aeda\"},\"headline\":\"EUA registram 3,8 milh\u00f5es de pedidos de seguro-desemprego\",\"datePublished\":\"2020-04-30T14:37:42+00:00\",\"dateModified\":\"2020-04-30T21:26:00+00:00\",\"mainEntityOfPage\":{\"@id\":\"https:\/\/www.suno.com.br\/noticias\/eua-pedidos-de-desemprego-3-8-milhoes\/\"},\"wordCount\":350,\"publisher\":{\"@id\":\"https:\/\/www.suno.com.br\/noticias\/#organization\"},\"image\":{\"@id\":\"https:\/\/www.suno.com.br\/noticias\/eua-pedidos-de-desemprego-3-8-milhoes\/#primaryimage\"},\"thumbnailUrl\":\"https:\/\/files.sunoresearch.com.br\/n\/uploads\/2018\/10\/3e615991-eua-1-jpg.webp\",\"keywords\":[\"Estados Unidos (EUA)\",\"seguro desemprego\"],\"articleSection\":[\"Internacional\"],\"inLanguage\":\"pt-BR\"},{\"@type\":\"WebPage\",\"@id\":\"https:\/\/www.suno.com.br\/noticias\/eua-pedidos-de-desemprego-3-8-milhoes\/\",\"url\":\"https:\/\/www.suno.com.br\/noticias\/eua-pedidos-de-desemprego-3-8-milhoes\/\",\"name\":\"EUA registram 3,8 milh\u00f5es de pedidos de seguro-desemprego\",\"isPartOf\":{\"@id\":\"https:\/\/www.suno.com.br\/noticias\/#website\"},\"primaryImageOfPage\":{\"@id\":\"https:\/\/www.suno.com.br\/noticias\/eua-pedidos-de-desemprego-3-8-milhoes\/#primaryimage\"},\"image\":{\"@id\":\"https:\/\/www.suno.com.br\/noticias\/eua-pedidos-de-desemprego-3-8-milhoes\/#primaryimage\"},\"thumbnailUrl\":\"https:\/\/files.sunoresearch.com.br\/n\/uploads\/2018\/10\/3e615991-eua-1-jpg.webp\",\"datePublished\":\"2020-04-30T14:37:42+00:00\",\"dateModified\":\"2020-04-30T21:26:00+00:00\",\"description\":\"O n\u00famero de solicita\u00e7\u00f5es do seguro-desemprego nos EUA foi de 3,84 milh\u00f5es na semana encerrada em 25 de abril. Clique aqui e saiba mais\",\"breadcrumb\":{\"@id\":\"https:\/\/www.suno.com.br\/noticias\/eua-pedidos-de-desemprego-3-8-milhoes\/#breadcrumb\"},\"inLanguage\":\"pt-BR\",\"potentialAction\":[{\"@type\":\"ReadAction\",\"target\":[\"https:\/\/www.suno.com.br\/noticias\/eua-pedidos-de-desemprego-3-8-milhoes\/\"]}]},{\"@type\":\"ImageObject\",\"inLanguage\":\"pt-BR\",\"@id\":\"https:\/\/www.suno.com.br\/noticias\/eua-pedidos-de-desemprego-3-8-milhoes\/#primaryimage\",\"url\":\"https:\/\/files.sunoresearch.com.br\/n\/uploads\/2018\/10\/3e615991-eua-1-jpg.webp\",\"contentUrl\":\"https:\/\/files.sunoresearch.com.br\/n\/uploads\/2018\/10\/3e615991-eua-1-jpg.webp\",\"width\":1920,\"height\":1280,\"caption\":\"Bandeira dos EUA (foto: divulga\u00e7\u00e3o)\"},{\"@type\":\"BreadcrumbList\",\"@id\":\"https:\/\/www.suno.com.br\/noticias\/eua-pedidos-de-desemprego-3-8-milhoes\/#breadcrumb\",\"itemListElement\":[{\"@type\":\"ListItem\",\"position\":1,\"name\":\"Not\u00edcias\",\"item\":\"https:\/\/www.suno.com.br\/noticias\/\"},{\"@type\":\"ListItem\",\"position\":2,\"name\":\"Internacional\",\"item\":\"https:\/\/www.suno.com.br\/noticias\/internacional\/\"},{\"@type\":\"ListItem\",\"position\":3,\"name\":\"EUA registram 3,8 milh\u00f5es de pedidos de seguro-desemprego\"}]},{\"@type\":\"WebSite\",\"@id\":\"https:\/\/www.suno.com.br\/noticias\/#website\",\"url\":\"https:\/\/www.suno.com.br\/noticias\/\",\"name\":\"Suno Not\u00edcias\",\"description\":\"Seu portal de informa\u00e7\u00e3o sobre o mundo dos investimentos\",\"publisher\":{\"@id\":\"https:\/\/www.suno.com.br\/noticias\/#organization\"},\"potentialAction\":[{\"@type\":\"SearchAction\",\"target\":{\"@type\":\"EntryPoint\",\"urlTemplate\":\"https:\/\/www.suno.com.br\/noticias\/?s={search_term_string}\"},\"query-input\":{\"@type\":\"PropertyValueSpecification\",\"valueRequired\":true,\"valueName\":\"search_term_string\"}}],\"inLanguage\":\"pt-BR\"},{\"@type\":\"Organization\",\"@id\":\"https:\/\/www.suno.com.br\/noticias\/#organization\",\"name\":\"Suno Not\u00edcias\",\"url\":\"https:\/\/www.suno.com.br\/noticias\/\",\"logo\":{\"@type\":\"ImageObject\",\"inLanguage\":\"pt-BR\",\"@id\":\"https:\/\/www.suno.com.br\/noticias\/#\/schema\/logo\/image\/\",\"url\":\"https:\/\/files.sunoresearch.com.br\/n\/uploads\/2021\/09\/suno-logo.png\",\"contentUrl\":\"https:\/\/files.sunoresearch.com.br\/n\/uploads\/2021\/09\/suno-logo.png\",\"width\":180,\"height\":180,\"caption\":\"Suno Not\u00edcias\"},\"image\":{\"@id\":\"https:\/\/www.suno.com.br\/noticias\/#\/schema\/logo\/image\/\"},\"sameAs\":[\"https:\/\/facebook.com\/sunoresearch\",\"https:\/\/x.com\/sunoresearch\",\"https:\/\/www.instagram.com\/suno\",\"https:\/\/www.linkedin.com\/company\/suno-research\/\",\"https:\/\/www.youtube.com\/c\/sunoresearch\"]},{\"@type\":\"Person\",\"@id\":\"https:\/\/www.suno.com.br\/noticias\/#\/schema\/person\/02ec1f752758247878a2bf4abee1aeda\",\"name\":\"Poliana Santos\",\"image\":{\"@type\":\"ImageObject\",\"inLanguage\":\"pt-BR\",\"@id\":\"https:\/\/www.suno.com.br\/noticias\/#\/schema\/person\/image\/\",\"url\":\"https:\/\/secure.gravatar.com\/avatar\/0645bd32f23d87b2130f2b2dff1d3f8d?s=96&r=g\",\"contentUrl\":\"https:\/\/secure.gravatar.com\/avatar\/0645bd32f23d87b2130f2b2dff1d3f8d?s=96&r=g\",\"caption\":\"Poliana Santos\"},\"description\":\"Rep\u00f3rter no Suno Not\u00edcias, com cobertura em mercado financeiro, economia, finan\u00e7as pessoais, renda fixa e varejo. Jornalista formada pela Faculdade C\u00e1sper L\u00edbero e possui passagem na R\u00e1dio Gazeta AM com a produ\u00e7\u00e3o de conte\u00fado sobre economia, pol\u00edtica, sa\u00fade, moda e m\u00fasica. Possui certificado de conclus\u00e3o do curso de An\u00e1lise de Balan\u00e7os pela Funda\u00e7\u00e3o Bradesco, Agenda Brasil pela FAAP, Educa\u00e7\u00e3o Pol\u00edtica por Alexandre Garcia e do Tesouro Direto e Mercado de A\u00e7\u00f5es pela B3.\",\"url\":\"https:\/\/www.suno.com.br\/noticias\/author\/poliana-santos\/\"}]}<\/script>\n<!-- \/ Yoast SEO plugin. -->","yoast_head_json":{"title":"EUA registram 3,8 milh\u00f5es de pedidos de seguro-desemprego","description":"O n\u00famero de solicita\u00e7\u00f5es do seguro-desemprego nos EUA foi de 3,84 milh\u00f5es na semana encerrada em 25 de abril. Clique aqui e saiba mais","robots":{"index":"index","follow":"follow","max-snippet":"max-snippet:-1","max-image-preview":"max-image-preview:large","max-video-preview":"max-video-preview:-1"},"canonical":"https:\/\/www.suno.com.br\/noticias\/eua-pedidos-de-desemprego-3-8-milhoes\/","og_locale":"pt_BR","og_type":"article","og_title":"EUA registram 3,8 milh\u00f5es de pedidos de seguro-desemprego","og_description":"O n\u00famero de solicita\u00e7\u00f5es do seguro-desemprego nos EUA foi de 3,84 milh\u00f5es na semana encerrada em 25 de abril. Clique aqui e saiba mais","og_url":"https:\/\/www.suno.com.br\/noticias\/eua-pedidos-de-desemprego-3-8-milhoes\/","og_site_name":"Suno Not\u00edcias","article_publisher":"https:\/\/facebook.com\/sunoresearch","og_image":[{"width":1920,"height":1280,"url":"https:\/\/files.sunoresearch.com.br\/n\/uploads\/2018\/10\/3e615991-eua-1.jpg","type":"image\/jpeg"}],"author":"Poliana Santos","twitter_card":"summary_large_image","twitter_creator":"@sunoresearch","twitter_site":"@sunoresearch","twitter_misc":{"Escrito por":"Poliana Santos","Est. tempo de leitura":"2 minutos"},"schema":{"@context":"https:\/\/schema.org","@graph":[{"@type":"NewsArticle","@id":"https:\/\/www.suno.com.br\/noticias\/eua-pedidos-de-desemprego-3-8-milhoes\/#article","isPartOf":{"@id":"https:\/\/www.suno.com.br\/noticias\/eua-pedidos-de-desemprego-3-8-milhoes\/"},"author":{"name":"Poliana Santos","@id":"https:\/\/www.suno.com.br\/noticias\/#\/schema\/person\/02ec1f752758247878a2bf4abee1aeda"},"headline":"EUA registram 3,8 milh\u00f5es de pedidos de seguro-desemprego","datePublished":"2020-04-30T14:37:42+00:00","dateModified":"2020-04-30T21:26:00+00:00","mainEntityOfPage":{"@id":"https:\/\/www.suno.com.br\/noticias\/eua-pedidos-de-desemprego-3-8-milhoes\/"},"wordCount":350,"publisher":{"@id":"https:\/\/www.suno.com.br\/noticias\/#organization"},"image":{"@id":"https:\/\/www.suno.com.br\/noticias\/eua-pedidos-de-desemprego-3-8-milhoes\/#primaryimage"},"thumbnailUrl":"https:\/\/files.sunoresearch.com.br\/n\/uploads\/2018\/10\/3e615991-eua-1-jpg.webp","keywords":["Estados Unidos (EUA)","seguro desemprego"],"articleSection":["Internacional"],"inLanguage":"pt-BR"},{"@type":"WebPage","@id":"https:\/\/www.suno.com.br\/noticias\/eua-pedidos-de-desemprego-3-8-milhoes\/","url":"https:\/\/www.suno.com.br\/noticias\/eua-pedidos-de-desemprego-3-8-milhoes\/","name":"EUA registram 3,8 milh\u00f5es de pedidos de seguro-desemprego","isPartOf":{"@id":"https:\/\/www.suno.com.br\/noticias\/#website"},"primaryImageOfPage":{"@id":"https:\/\/www.suno.com.br\/noticias\/eua-pedidos-de-desemprego-3-8-milhoes\/#primaryimage"},"image":{"@id":"https:\/\/www.suno.com.br\/noticias\/eua-pedidos-de-desemprego-3-8-milhoes\/#primaryimage"},"thumbnailUrl":"https:\/\/files.sunoresearch.com.br\/n\/uploads\/2018\/10\/3e615991-eua-1-jpg.webp","datePublished":"2020-04-30T14:37:42+00:00","dateModified":"2020-04-30T21:26:00+00:00","description":"O n\u00famero de solicita\u00e7\u00f5es do seguro-desemprego nos EUA foi de 3,84 milh\u00f5es na semana encerrada em 25 de abril. Clique aqui e saiba mais","breadcrumb":{"@id":"https:\/\/www.suno.com.br\/noticias\/eua-pedidos-de-desemprego-3-8-milhoes\/#breadcrumb"},"inLanguage":"pt-BR","potentialAction":[{"@type":"ReadAction","target":["https:\/\/www.suno.com.br\/noticias\/eua-pedidos-de-desemprego-3-8-milhoes\/"]}]},{"@type":"ImageObject","inLanguage":"pt-BR","@id":"https:\/\/www.suno.com.br\/noticias\/eua-pedidos-de-desemprego-3-8-milhoes\/#primaryimage","url":"https:\/\/files.sunoresearch.com.br\/n\/uploads\/2018\/10\/3e615991-eua-1-jpg.webp","contentUrl":"https:\/\/files.sunoresearch.com.br\/n\/uploads\/2018\/10\/3e615991-eua-1-jpg.webp","width":1920,"height":1280,"caption":"Bandeira dos EUA (foto: divulga\u00e7\u00e3o)"},{"@type":"BreadcrumbList","@id":"https:\/\/www.suno.com.br\/noticias\/eua-pedidos-de-desemprego-3-8-milhoes\/#breadcrumb","itemListElement":[{"@type":"ListItem","position":1,"name":"Not\u00edcias","item":"https:\/\/www.suno.com.br\/noticias\/"},{"@type":"ListItem","position":2,"name":"Internacional","item":"https:\/\/www.suno.com.br\/noticias\/internacional\/"},{"@type":"ListItem","position":3,"name":"EUA registram 3,8 milh\u00f5es de pedidos de seguro-desemprego"}]},{"@type":"WebSite","@id":"https:\/\/www.suno.com.br\/noticias\/#website","url":"https:\/\/www.suno.com.br\/noticias\/","name":"Suno Not\u00edcias","description":"Seu portal de informa\u00e7\u00e3o sobre o mundo dos investimentos","publisher":{"@id":"https:\/\/www.suno.com.br\/noticias\/#organization"},"potentialAction":[{"@type":"SearchAction","target":{"@type":"EntryPoint","urlTemplate":"https:\/\/www.suno.com.br\/noticias\/?s={search_term_string}"},"query-input":{"@type":"PropertyValueSpecification","valueRequired":true,"valueName":"search_term_string"}}],"inLanguage":"pt-BR"},{"@type":"Organization","@id":"https:\/\/www.suno.com.br\/noticias\/#organization","name":"Suno Not\u00edcias","url":"https:\/\/www.suno.com.br\/noticias\/","logo":{"@type":"ImageObject","inLanguage":"pt-BR","@id":"https:\/\/www.suno.com.br\/noticias\/#\/schema\/logo\/image\/","url":"https:\/\/files.sunoresearch.com.br\/n\/uploads\/2021\/09\/suno-logo.png","contentUrl":"https:\/\/files.sunoresearch.com.br\/n\/uploads\/2021\/09\/suno-logo.png","width":180,"height":180,"caption":"Suno Not\u00edcias"},"image":{"@id":"https:\/\/www.suno.com.br\/noticias\/#\/schema\/logo\/image\/"},"sameAs":["https:\/\/facebook.com\/sunoresearch","https:\/\/x.com\/sunoresearch","https:\/\/www.instagram.com\/suno","https:\/\/www.linkedin.com\/company\/suno-research\/","https:\/\/www.youtube.com\/c\/sunoresearch"]},{"@type":"Person","@id":"https:\/\/www.suno.com.br\/noticias\/#\/schema\/person\/02ec1f752758247878a2bf4abee1aeda","name":"Poliana Santos","image":{"@type":"ImageObject","inLanguage":"pt-BR","@id":"https:\/\/www.suno.com.br\/noticias\/#\/schema\/person\/image\/","url":"https:\/\/secure.gravatar.com\/avatar\/0645bd32f23d87b2130f2b2dff1d3f8d?s=96&r=g","contentUrl":"https:\/\/secure.gravatar.com\/avatar\/0645bd32f23d87b2130f2b2dff1d3f8d?s=96&r=g","caption":"Poliana Santos"},"description":"Rep\u00f3rter no Suno Not\u00edcias, com cobertura em mercado financeiro, economia, finan\u00e7as pessoais, renda fixa e varejo. Jornalista formada pela Faculdade C\u00e1sper L\u00edbero e possui passagem na R\u00e1dio Gazeta AM com a produ\u00e7\u00e3o de conte\u00fado sobre economia, pol\u00edtica, sa\u00fade, moda e m\u00fasica. Possui certificado de conclus\u00e3o do curso de An\u00e1lise de Balan\u00e7os pela Funda\u00e7\u00e3o Bradesco, Agenda Brasil pela FAAP, Educa\u00e7\u00e3o Pol\u00edtica por Alexandre Garcia e do Tesouro Direto e Mercado de A\u00e7\u00f5es pela B3.","url":"https:\/\/www.suno.com.br\/noticias\/author\/poliana-santos\/"}]}},"default_loop_html":"<div class=\"cardsPage__listCard__boxs\"><div class=\"cardsPage__listCard__boxs__img\"><a href=\"https:\/\/www.suno.com.br\/noticias\/eua-pedidos-de-desemprego-3-8-milhoes\/\"><img class=\"mask\" src=\"https:\/\/www.suno.com.br\/noticias\/wp-content\/themes\/suno\/resources\/images\/spotlight\/spotlight1img\/bg-mask.png\" alt=\"Image Mask\"\/><img src=\"https:\/\/files.sunoresearch.com.br\/n\/uploads\/2018\/10\/3e615991-eua-1-400x200.webp\" alt=\"EUA registram 3,8 milh\u00f5es de pedidos de seguro-desemprego\"\/><\/a><span class=\"spotlightCategory\"><a href=\"https:\/\/www.suno.com.br\/noticias\/internacional\/\">Internacional<\/a><\/span><\/div><div class=\"cardsPage__listCard__boxs__content\"><a href=\"https:\/\/www.suno.com.br\/noticias\/eua-pedidos-de-desemprego-3-8-milhoes\/\"><h2 class=\"content__title\">EUA registram 3,8 milh\u00f5es de pedidos de seguro-desemprego<\/h2><\/a><div class=\"newsContent__article__meta\"><div class=\"newsContent__article__meta__authorBox\"><a href=\"https:\/\/www.suno.com.br\/noticias\/author\/poliana-santos\/\" class=\"authorBox__avatar noMobi\"><img src=\"https:\/\/files.sunoresearch.com.br\/n\/uploads\/2020\/08\/7ef34026-whatsapp-image-2020-08-03-at-12.37.57-150x150.webp\" alt=\"Poliana Santos\"><\/a><div class=\"authorBox__name\"><span>por\n\t\t\t<a href=\"https:\/\/www.suno.com.br\/noticias\/author\/poliana-santos\/\"><span itemprop=\"author\">Poliana Santos<\/span><\/a><\/span><time datetime=\"2020-04-30T11:37:42-03:00\" itemprop=\"datePublished\">30\/04\/2020 11:37<\/time><\/div><\/div><\/div><\/div><\/div>","single_layout":"posts","amp_enabled":true,"_links":{"self":[{"href":"https:\/\/www.suno.com.br\/noticias\/wp-json\/wp\/v2\/posts\/63265"}],"collection":[{"href":"https:\/\/www.suno.com.br\/noticias\/wp-json\/wp\/v2\/posts"}],"about":[{"href":"https:\/\/www.suno.com.br\/noticias\/wp-json\/wp\/v2\/types\/post"}],"author":[{"embeddable":true,"href":"https:\/\/www.suno.com.br\/noticias\/wp-json\/wp\/v2\/users\/15"}],"replies":[{"embeddable":true,"href":"https:\/\/www.suno.com.br\/noticias\/wp-json\/wp\/v2\/comments?post=63265"}],"version-history":[{"count":0,"href":"https:\/\/www.suno.com.br\/noticias\/wp-json\/wp\/v2\/posts\/63265\/revisions"}],"wp:featuredmedia":[{"embeddable":true,"href":"https:\/\/www.suno.com.br\/noticias\/wp-json\/wp\/v2\/media\/5631"}],"wp:attachment":[{"href":"https:\/\/www.suno.com.br\/noticias\/wp-json\/wp\/v2\/media?parent=63265"}],"wp:term":[{"taxonomy":"category","embeddable":true,"href":"https:\/\/www.suno.com.br\/noticias\/wp-json\/wp\/v2\/categories?post=63265"},{"taxonomy":"post_tag","embeddable":true,"href":"https:\/\/www.suno.com.br\/noticias\/wp-json\/wp\/v2\/tags?post=63265"},{"taxonomy":"suno_strategy","embeddable":true,"href":"https:\/\/www.suno.com.br\/noticias\/wp-json\/wp\/v2\/suno_strategy?post=63265"}],"curies":[{"name":"wp","href":"https:\/\/api.w.org\/{rel}","templated":true}]}}