{"id":632320,"date":"2025-11-13T21:01:52","date_gmt":"2025-11-14T00:01:52","guid":{"rendered":"https:\/\/www.suno.com.br\/noticias\/?p=632320"},"modified":"2025-11-13T21:15:05","modified_gmt":"2025-11-14T00:15:05","slug":"ifix-fechamento-131125","status":"publish","type":"post","link":"https:\/\/www.suno.com.br\/noticias\/ifix-fechamento-131125\/","title":{"rendered":"Fundo imobili\u00e1rio sobe em \u00faltimo dia na B3; IFIX tem queda mais acentuada do m\u00eas"},"content":{"rendered":"<p>O <strong>fundo imobili\u00e1rio<\/strong> <a class=\"suno-keyword\" target=\"_blank\" data-force=\"yes\" data-priority=\"2\" href=\"https:\/\/www.suno.com.br\/fundos-imobiliarios\/vtlt11\/\" rel=\"noopener\">VTLT11<\/a>, que atua no segmento de im\u00f3veis log\u00edsticos, fechou em forte alta nesta quinta-feira (13), em seu \u00faltimo dia de negocia\u00e7\u00f5es na B3 antes de sua liquida\u00e7\u00e3o. O resultado veio em dia de forte queda do IFIX, em preg\u00e3o seguinte \u00e0 obten\u00e7\u00e3o da m\u00e1xima hist\u00f3rica.<\/p>\t<div class=\"wrapper-featured-image\">\n\t\t<figure class=\"spotlightImg\">\n\n\t\t\t<picture>\n\t\t\t\t<source media=\"(max-width: 768px)\" srcset=\"https:\/\/files.sunoresearch.com.br\/n\/uploads\/2025\/11\/GGRC11-Galpao-Renault-400x200.webp\">\n\t\t\t\t<img loading=\"lazy\" decoding=\"async\" class=\"newsContent__article__imgCapa lazyloadDisabled \" src=\"https:\/\/files.sunoresearch.com.br\/n\/uploads\/2025\/11\/GGRC11-Galpao-Renault-800x450.webp\" width=\"800\" height=\"450\" alt=\"Fundo imobili\u00e1rio sobe em \u00faltimo dia na B3; IFIX tem queda mais acentuada do m\u00eas\" fetchpriority=high \/>\n\t\t\t<\/picture>\n\n\t\t\t<figcaption class=\"wp-caption-text wp-caption-text--show\">Im\u00f3vel em Quatro Barras (PR) vendido pelo VTLT11 ao GGRC11 - Foto: Divulga\u00e7\u00e3o<\/figcaption>\n\t\t<\/figure>\n\t<\/div>\n\n\n\n\n\n\t<p>\n\t\t<a href=\"https:\/\/lp.suno.com.br\/minicurso-investindo-fiis\/\" target=\"_blank\" data-element=\"shortcode-suno-banner\" title=\"Banner SUNO, clique e saiba mais\">\n\t\t\t<picture>\n\t\t\t\t<source media=\"(max-width: 500px)\" srcset=\"https:\/\/files.sunoresearch.com.br\/n\/uploads\/2023\/03\/400x300-Minicurso-FIIS.png\">\n\t\t\t\t<img class=\"newsContent__article__imgCapa newsContent__article__imgCapa--banner\"\n\t\t\t\t\tsrc=\"https:\/\/files.sunoresearch.com.br\/n\/uploads\/2023\/03\/1420x240-Minicurso-FIIS.png\"\n\t\t\t\t\tdata-promo-id=\"383125\"\t\t\t\t\t\t\t\t\t\twidth='1420' height='240'\t\t\t\t\talt=\"https:\/\/files.sunoresearch.com.br\/n\/uploads\/2023\/03\/1420x240-Minicurso-FIIS.png\"\n\t\t\t\t>\n\t\t\t<\/picture>\n\t\t<\/a>\n\t<\/p>\n\n\n\n\n\n<p>O VTLT11 subiu 2,28% e terminou o dia negociado a R$ 88,98. O resultado ficou acima da maior alta da sess\u00e3o entre os 112 componentes do IFIX, que ficou com o <a class=\"suno-keyword\" target=\"_blank\" data-force=\"yes\" data-priority=\"2\" href=\"https:\/\/www.suno.com.br\/fundos-imobiliarios\/hslg11\/\" rel=\"noopener\">HSLG11<\/a>, ao subir 1,74% e fechar o dia em R$ 90,10.<\/p>\n\n\n\n<p>A liquida\u00e7\u00e3o vai acontecer porque o VTLT11 vendeu ao <a class=\"suno-keyword\" target=\"_blank\" data-force=\"yes\" data-priority=\"2\" href=\"https:\/\/www.suno.com.br\/fundos-imobiliarios\/ggrc11\/\" rel=\"noopener\">GGRC11<\/a> o \u00fanico im\u00f3vel de seu portf\u00f3lio, um ativo log\u00edstico em Quatro Barras (PR), na regi\u00e3o metropolitana de Curitiba, que est\u00e1 locado \u00e0 Renault. O valor da negocia\u00e7\u00e3o ficou em cerca de R$ 217 milh\u00f5es, e o pagamento foi realizado&nbsp; por meio da integraliza\u00e7\u00e3o de recibos da 10\u00aa emiss\u00e3o do FII comprador, que foram convertidos em cotas nesta semana.<\/p>\n\n\n\n<p>Assim, as 19.340.463 cotas do GGRC11 que formam hoje o patrim\u00f4nio l\u00edquido do VTLT11 ser\u00e3o entregues aos investidores, de forma proporcional \u00e0 posi\u00e7\u00e3o de cada um ao fim do preg\u00e3o desta quinta. A propor\u00e7\u00e3o exata da distribui\u00e7\u00e3o ser\u00e1 informada posteriormente pela gest\u00e3o, e os investidores ter\u00e3o prazo de 24 de novembro a 10 de dezembro para informar o custo m\u00e9dio. O processo de liquida\u00e7\u00e3o deve ser encerrado at\u00e9 o fim do ano.<\/p>\n\n\n\n<p>Outro destaque entre as maiores altas do dia o <a class=\"suno-keyword\" target=\"_blank\" data-force=\"yes\" data-priority=\"2\" href=\"https:\/\/www.suno.com.br\/fundos-imobiliarios\/vgip11\/\" rel=\"noopener\">VGIP11<\/a>, FII de pap\u00e9is atrelados ao IPCA que anunciou na v\u00e9spera <a class=\"suno-keyword\" target=\"_blank\" data-force=\"no\" data-priority=\"1\" href=\"https:\/\/www.suno.com.br\/guias\/dividendos\/\" rel=\"noopener\">dividendos<\/a> de R$ 0,65 por cota, menor valor de distribui\u00e7\u00e3o dos \u00faltimos meses. O fundo terminou o dia negociado a R$ 75,33, alta de 1,10%.<\/p>\n\n\n\n<p>Na outra ponta, o KORE11 teve uma das principais quedas do dia, de 1,64%, com fechamento em R$ 67,40. na v\u00e9spera de pagar dividendos de R$ 1,25 por cota. O <a class=\"suno-keyword\" target=\"_blank\" data-force=\"yes\" data-priority=\"2\" href=\"https:\/\/www.suno.com.br\/fundos-imobiliarios\/patl11\/\" rel=\"noopener\">PATL11<\/a>, que havia ficado entre as maiores altas na quarta, reverteu os ganhos e caiu 1,42%. a R$ 60,50.<\/p>\n\n\n\n<p>Entre os FIIs de maior liquidez, o <a class=\"suno-keyword\" target=\"_blank\" data-force=\"yes\" data-priority=\"2\" href=\"https:\/\/www.suno.com.br\/fundos-imobiliarios\/kncr11\/\" rel=\"noopener\">KNCR11<\/a> fechou em alta de 0,05%, a R$ 104,55, no dia em que pagou dividendos de R$ 1,33 por cota, o que resultou na inje\u00e7\u00e3o de mais de R$ 100 milh\u00f5es no mercado. J\u00e1 alguns dos principais FIIs que pagam nesta sexta fecharam em queda: o <a class=\"suno-keyword\" target=\"_blank\" data-force=\"yes\" data-priority=\"2\" href=\"https:\/\/www.suno.com.br\/fundos-imobiliarios\/mxrf11\/\" rel=\"noopener\">MXRF11<\/a> caiu 0,52%, a R$ 9,58.e o <a class=\"suno-keyword\" target=\"_blank\" data-force=\"yes\" data-priority=\"2\" href=\"https:\/\/www.suno.com.br\/fundos-imobiliarios\/hglg11\/\" rel=\"noopener\">HGLG11<\/a> recuou 0,28%, a R$ 158,56.<\/p>\n\n\n\n<h2 class=\"wp-block-heading\">Fundo imobili\u00e1rio deixa a B3; IFIX tem maior queda do m\u00eas<\/h2>\n\n\n\n<p>Um dia depois de registrar m\u00e1xima hist\u00f3rica, o <strong>IFIX <\/strong>reverteu novamente a tend\u00eancia e teve sua maior queda para uma s\u00f3 sess\u00e3o em novembro, de 0,17%, com fechamento em 3.591,08. \u00c9 o segundo resultado mais baixo neste m\u00eas, acima apenas <\/p>\n\n\n\n<p>O <strong>\u00edndice de FIIs<\/strong> at\u00e9 abriu em alta e ultrapassou o patamar de 3.600 pontos, mas caiu ap\u00f3s a primeira meia hora de sess\u00e3o e n\u00e3o voltou mais ao patamar positivo, fechando pouco acima da m\u00ednima do dia.<\/p>\n\n\n\t<p>\n\t\t<a href=\"\" target=\"_blank\" data-element=\"shortcode-suno-banner\" title=\"Banner SUNO, clique e saiba mais\">\n\t\t\t<picture>\n\t\t\t\t<source media=\"(max-width: 500px)\" srcset=\"\">\n\t\t\t\t<img class=\"newsContent__article__imgCapa newsContent__article__imgCapa--banner\"\n\t\t\t\t\tsrc=\"\"\n\t\t\t\t\tdata-promo-id=\"494026\"\t\t\t\t\t\t\t\t\t\t\t\t\t\t\talt=\"\"\n\t\t\t\t>\n\t\t\t<\/picture>\n\t\t<\/a>\n\t<\/p>\n\n\n\n\n\n<p>Analistas acreditam que o recuo pode ser um ajuste do mercado, em meio a uma semana agitada tanto pela distribui\u00e7\u00e3o de dividendos como pela <a class=\"suno-keyword\" target=\"_blank\" data-force=\"no\" data-priority=\"2\" href=\"https:\/\/www.suno.com.br\/artigos\/dividendos-datas-importantes\/\" rel=\"noopener\">Data Com<\/a> de v\u00e1rios fundos relevantes. A expectativa para o fechamento da semana \u00e9 de recupera\u00e7\u00e3o, j\u00e1 o d\u00e9cimo dia \u00fatil registrou resultado positivo em todos os meses deste ano.<\/p>\n\n\n\n<h2 class=\"wp-block-heading\">IFIX \u2014 resumo do dia 13\/11\/2026<\/h2>\n\n\n\n<ul class=\"wp-block-list\">\n<li>Fechamento: 3.591,08 pontos (-0,17%)<\/li>\n\n\n\n<li>M\u00ednima: 3.590,11 (-0,19%)<\/li>\n\n\n\n<li>M\u00e1xima: 3.601,19 (+0,11%)<\/li>\n\n\n\n<li>Acumulado da semana: -0,15%<\/li>\n\n\n\n<li>Acumulado do m\u00eas: -0,07%<\/li>\n\n\n\n<li>Acumulado do ano: +15,24%<\/li>\n<\/ul>\n\n\n\n<p>A <a class=\"suno-keyword\" target=\"_blank\" data-force=\"no\" data-priority=\"1\" href=\"https:\/\/www.suno.com.br\/artigos\/carteira-teorica\/\" rel=\"noopener\">carteira te\u00f3rica<\/a> do IFIX \u00e9 modificada a cada quatro meses pela B3, e conta com 112 FIIs. A sele\u00e7\u00e3o de um <strong>fundo imobili\u00e1rio<\/strong> leva em conta fatores como <a class=\"suno-keyword\" target=\"_blank\" data-force=\"no\" data-priority=\"1\" href=\"https:\/\/www.suno.com.br\/artigos\/valor-patrimonial\/\" rel=\"noopener\">valor patrimonial<\/a>, regularidade no pagamento de dividendos e liquidez das cotas. A atual composi\u00e7\u00e3o da carteira valer\u00e1 at\u00e9 dezembro.<\/p>\n\n\n\t<p>\n\t\t<a href=\"https:\/\/lp.suno.com.br\/4-emissao-snel11\/\" target=\"_blank\" data-element=\"shortcode-suno-banner\" title=\"Banner SUNO, clique e saiba mais\">\n\t\t\t<picture>\n\t\t\t\t<source media=\"(max-width: 500px)\" srcset=\"https:\/\/files.sunoresearch.com.br\/n\/uploads\/2025\/07\/400x300-Mobile-Artigos-7.webp\">\n\t\t\t\t<img class=\"newsContent__article__imgCapa newsContent__article__imgCapa--banner\"\n\t\t\t\t\tsrc=\"https:\/\/files.sunoresearch.com.br\/n\/uploads\/2025\/07\/1420x240-Banner-Artigos-1-_-Banner-Materias-5.webp\"\n\t\t\t\t\tdata-promo-id=\"364417\"\t\t\t\t\t\t\t\t\t\twidth='1420' height='240'\t\t\t\t\talt=\"https:\/\/files.sunoresearch.com.br\/n\/uploads\/2025\/07\/1420x240-Banner-Artigos-1-_-Banner-Materias-5.webp\"\n\t\t\t\t>\n\t\t\t<\/picture>\n\t\t<\/a>\n\t<\/p>\n\n\n","protected":false},"excerpt":{"rendered":"<p>O fundo imobili\u00e1rio VTLT11, que atua no segmento de im\u00f3veis log\u00edsticos, fechou em forte alta nesta quinta-feira (13), em seu \u00faltimo dia de negocia\u00e7\u00f5es na B3 antes de sua liquida\u00e7\u00e3o. O resultado veio em dia de forte queda do IFIX, em preg\u00e3o seguinte \u00e0 obten\u00e7\u00e3o da m\u00e1xima hist\u00f3rica. Im\u00f3vel em Quatro Barras (PR) vendido pelo [&hellip;]<\/p>\n","protected":false},"author":339,"featured_media":632322,"comment_status":"closed","ping_status":"closed","sticky":false,"template":"","format":"standard","meta":[],"categories":[66],"tags":[315,2689],"suno_strategy":[],"class_list":["post-632320","post","type-post","status-publish","format-standard","has-post-thumbnail","hentry","category-fiis","tag-fundos-imobiliarios-fiis","tag-ifix"],"yoast_head":"<!-- This site is optimized with the Yoast SEO plugin v24.4 - https:\/\/yoast.com\/wordpress\/plugins\/seo\/ -->\n<title>Fundo imobili\u00e1rio sobe em \u00faltimo dia na B3; IFIX fecha em queda<\/title>\n<meta name=\"description\" content=\"Fundo imobili\u00e1rio VTLT11 fechou em alta de 2,28% nesta quinta-feira (13), em seu \u00faltimo dia de negocia\u00e7\u00f5es na B3 antes da liquida\u00e7\u00e3o.\" \/>\n<meta name=\"robots\" content=\"index, follow, max-snippet:-1, max-image-preview:large, max-video-preview:-1\" \/>\n<link rel=\"canonical\" href=\"https:\/\/www.suno.com.br\/noticias\/ifix-fechamento-131125\/\" \/>\n<meta property=\"og:locale\" content=\"pt_BR\" \/>\n<meta property=\"og:type\" content=\"article\" \/>\n<meta property=\"og:title\" content=\"Fundo imobili\u00e1rio sobe em \u00faltimo dia na B3; IFIX fecha em queda\" \/>\n<meta property=\"og:description\" content=\"Fundo imobili\u00e1rio VTLT11 fechou em alta de 2,28% nesta quinta-feira (13), em seu \u00faltimo dia de negocia\u00e7\u00f5es na B3 antes da liquida\u00e7\u00e3o.\" \/>\n<meta property=\"og:url\" content=\"https:\/\/www.suno.com.br\/noticias\/ifix-fechamento-131125\/\" \/>\n<meta property=\"og:site_name\" content=\"Suno Not\u00edcias\" \/>\n<meta property=\"article:publisher\" content=\"https:\/\/facebook.com\/sunoresearch\" \/>\n<meta property=\"og:image\" content=\"https:\/\/files.sunoresearch.com.br\/n\/uploads\/2025\/11\/GGRC11-Galpao-Renault-png.webp\" \/>\n\t<meta property=\"og:image:width\" content=\"800\" \/>\n\t<meta property=\"og:image:height\" content=\"460\" \/>\n\t<meta property=\"og:image:type\" content=\"image\/png\" \/>\n<meta name=\"author\" content=\"Fernando Cesarotti\" \/>\n<meta name=\"twitter:card\" content=\"summary_large_image\" \/>\n<meta name=\"twitter:creator\" content=\"@sunoresearch\" \/>\n<meta name=\"twitter:site\" content=\"@sunoresearch\" \/>\n<meta name=\"twitter:label1\" content=\"Escrito por\" \/>\n\t<meta name=\"twitter:data1\" content=\"Fernando Cesarotti\" \/>\n\t<meta name=\"twitter:label2\" content=\"Est. tempo de leitura\" \/>\n\t<meta name=\"twitter:data2\" content=\"4 minutos\" \/>\n<script type=\"application\/ld+json\" class=\"yoast-schema-graph\">{\"@context\":\"https:\/\/schema.org\",\"@graph\":[{\"@type\":\"NewsArticle\",\"@id\":\"https:\/\/www.suno.com.br\/noticias\/ifix-fechamento-131125\/#article\",\"isPartOf\":{\"@id\":\"https:\/\/www.suno.com.br\/noticias\/ifix-fechamento-131125\/\"},\"author\":{\"name\":\"Fernando Cesarotti\",\"@id\":\"https:\/\/www.suno.com.br\/noticias\/#\/schema\/person\/02171f82e02ec2306ed662847e114507\"},\"headline\":\"Fundo imobili\u00e1rio sobe em \u00faltimo dia na B3; IFIX tem queda mais acentuada do m\u00eas\",\"datePublished\":\"2025-11-14T00:01:52+00:00\",\"dateModified\":\"2025-11-14T00:15:05+00:00\",\"mainEntityOfPage\":{\"@id\":\"https:\/\/www.suno.com.br\/noticias\/ifix-fechamento-131125\/\"},\"wordCount\":651,\"publisher\":{\"@id\":\"https:\/\/www.suno.com.br\/noticias\/#organization\"},\"image\":{\"@id\":\"https:\/\/www.suno.com.br\/noticias\/ifix-fechamento-131125\/#primaryimage\"},\"thumbnailUrl\":\"https:\/\/files.sunoresearch.com.br\/n\/uploads\/2025\/11\/GGRC11-Galpao-Renault-png.webp\",\"keywords\":[\"Fundos Imobili\u00e1rios (FIIs)\",\"IFIX\"],\"articleSection\":[\"FIIs\"],\"inLanguage\":\"pt-BR\"},{\"@type\":\"WebPage\",\"@id\":\"https:\/\/www.suno.com.br\/noticias\/ifix-fechamento-131125\/\",\"url\":\"https:\/\/www.suno.com.br\/noticias\/ifix-fechamento-131125\/\",\"name\":\"Fundo imobili\u00e1rio sobe em \u00faltimo dia na B3; IFIX fecha em queda\",\"isPartOf\":{\"@id\":\"https:\/\/www.suno.com.br\/noticias\/#website\"},\"primaryImageOfPage\":{\"@id\":\"https:\/\/www.suno.com.br\/noticias\/ifix-fechamento-131125\/#primaryimage\"},\"image\":{\"@id\":\"https:\/\/www.suno.com.br\/noticias\/ifix-fechamento-131125\/#primaryimage\"},\"thumbnailUrl\":\"https:\/\/files.sunoresearch.com.br\/n\/uploads\/2025\/11\/GGRC11-Galpao-Renault-png.webp\",\"datePublished\":\"2025-11-14T00:01:52+00:00\",\"dateModified\":\"2025-11-14T00:15:05+00:00\",\"description\":\"Fundo imobili\u00e1rio VTLT11 fechou em alta de 2,28% nesta quinta-feira (13), em seu \u00faltimo dia de negocia\u00e7\u00f5es na B3 antes da liquida\u00e7\u00e3o.\",\"breadcrumb\":{\"@id\":\"https:\/\/www.suno.com.br\/noticias\/ifix-fechamento-131125\/#breadcrumb\"},\"inLanguage\":\"pt-BR\",\"potentialAction\":[{\"@type\":\"ReadAction\",\"target\":[\"https:\/\/www.suno.com.br\/noticias\/ifix-fechamento-131125\/\"]}]},{\"@type\":\"ImageObject\",\"inLanguage\":\"pt-BR\",\"@id\":\"https:\/\/www.suno.com.br\/noticias\/ifix-fechamento-131125\/#primaryimage\",\"url\":\"https:\/\/files.sunoresearch.com.br\/n\/uploads\/2025\/11\/GGRC11-Galpao-Renault-png.webp\",\"contentUrl\":\"https:\/\/files.sunoresearch.com.br\/n\/uploads\/2025\/11\/GGRC11-Galpao-Renault-png.webp\",\"width\":800,\"height\":460,\"caption\":\"Im\u00f3vel em Quatro Barras (PR) vendido pelo VTLT11 ao GGRC11 - Foto: Divulga\u00e7\u00e3o\"},{\"@type\":\"BreadcrumbList\",\"@id\":\"https:\/\/www.suno.com.br\/noticias\/ifix-fechamento-131125\/#breadcrumb\",\"itemListElement\":[{\"@type\":\"ListItem\",\"position\":1,\"name\":\"Not\u00edcias\",\"item\":\"https:\/\/www.suno.com.br\/noticias\/\"},{\"@type\":\"ListItem\",\"position\":2,\"name\":\"FIIs\",\"item\":\"https:\/\/www.suno.com.br\/noticias\/fiis\/\"},{\"@type\":\"ListItem\",\"position\":3,\"name\":\"Fundo imobili\u00e1rio sobe em \u00faltimo dia na B3; IFIX tem queda mais acentuada do m\u00eas\"}]},{\"@type\":\"WebSite\",\"@id\":\"https:\/\/www.suno.com.br\/noticias\/#website\",\"url\":\"https:\/\/www.suno.com.br\/noticias\/\",\"name\":\"Suno Not\u00edcias\",\"description\":\"Seu portal de informa\u00e7\u00e3o sobre o mundo dos investimentos\",\"publisher\":{\"@id\":\"https:\/\/www.suno.com.br\/noticias\/#organization\"},\"potentialAction\":[{\"@type\":\"SearchAction\",\"target\":{\"@type\":\"EntryPoint\",\"urlTemplate\":\"https:\/\/www.suno.com.br\/noticias\/?s={search_term_string}\"},\"query-input\":{\"@type\":\"PropertyValueSpecification\",\"valueRequired\":true,\"valueName\":\"search_term_string\"}}],\"inLanguage\":\"pt-BR\"},{\"@type\":\"Organization\",\"@id\":\"https:\/\/www.suno.com.br\/noticias\/#organization\",\"name\":\"Suno Not\u00edcias\",\"url\":\"https:\/\/www.suno.com.br\/noticias\/\",\"logo\":{\"@type\":\"ImageObject\",\"inLanguage\":\"pt-BR\",\"@id\":\"https:\/\/www.suno.com.br\/noticias\/#\/schema\/logo\/image\/\",\"url\":\"https:\/\/files.sunoresearch.com.br\/n\/uploads\/2021\/09\/suno-logo.png\",\"contentUrl\":\"https:\/\/files.sunoresearch.com.br\/n\/uploads\/2021\/09\/suno-logo.png\",\"width\":180,\"height\":180,\"caption\":\"Suno Not\u00edcias\"},\"image\":{\"@id\":\"https:\/\/www.suno.com.br\/noticias\/#\/schema\/logo\/image\/\"},\"sameAs\":[\"https:\/\/facebook.com\/sunoresearch\",\"https:\/\/x.com\/sunoresearch\",\"https:\/\/www.instagram.com\/suno\",\"https:\/\/www.linkedin.com\/company\/suno-research\/\",\"https:\/\/www.youtube.com\/c\/sunoresearch\"]},{\"@type\":\"Person\",\"@id\":\"https:\/\/www.suno.com.br\/noticias\/#\/schema\/person\/02171f82e02ec2306ed662847e114507\",\"name\":\"Fernando Cesarotti\",\"image\":{\"@type\":\"ImageObject\",\"inLanguage\":\"pt-BR\",\"@id\":\"https:\/\/www.suno.com.br\/noticias\/#\/schema\/person\/image\/\",\"url\":\"https:\/\/secure.gravatar.com\/avatar\/fc3a37e1dd6249fd3cfdc1702d00d404?s=96&r=g\",\"contentUrl\":\"https:\/\/secure.gravatar.com\/avatar\/fc3a37e1dd6249fd3cfdc1702d00d404?s=96&r=g\",\"caption\":\"Fernando Cesarotti\"},\"description\":\"Jornalista, editor do FIIs.com.br. Graduado pela Unesp, com p\u00f3s-gradua\u00e7\u00e3o em Jornalismo Liter\u00e1rio, com mais de 20 anos de experi\u00eancia em coberturas de economia, pol\u00edtica e esportes. Passagem tamb\u00e9m pelo meio acad\u00eamico, como professor universit\u00e1rio em cursos de Comunica\u00e7\u00e3o e l\u00edder de empresa j\u00fanior.\",\"url\":\"https:\/\/www.suno.com.br\/noticias\/author\/fcesarottigmail-com\/\"}]}<\/script>\n<!-- \/ Yoast SEO plugin. -->","yoast_head_json":{"title":"Fundo imobili\u00e1rio sobe em \u00faltimo dia na B3; IFIX fecha em queda","description":"Fundo imobili\u00e1rio VTLT11 fechou em alta de 2,28% nesta quinta-feira (13), em seu \u00faltimo dia de negocia\u00e7\u00f5es na B3 antes da liquida\u00e7\u00e3o.","robots":{"index":"index","follow":"follow","max-snippet":"max-snippet:-1","max-image-preview":"max-image-preview:large","max-video-preview":"max-video-preview:-1"},"canonical":"https:\/\/www.suno.com.br\/noticias\/ifix-fechamento-131125\/","og_locale":"pt_BR","og_type":"article","og_title":"Fundo imobili\u00e1rio sobe em \u00faltimo dia na B3; IFIX fecha em queda","og_description":"Fundo imobili\u00e1rio VTLT11 fechou em alta de 2,28% nesta quinta-feira (13), em seu \u00faltimo dia de negocia\u00e7\u00f5es na B3 antes da liquida\u00e7\u00e3o.","og_url":"https:\/\/www.suno.com.br\/noticias\/ifix-fechamento-131125\/","og_site_name":"Suno Not\u00edcias","article_publisher":"https:\/\/facebook.com\/sunoresearch","og_image":[{"width":800,"height":460,"url":"https:\/\/files.sunoresearch.com.br\/n\/uploads\/2025\/11\/GGRC11-Galpao-Renault-png.webp","type":"image\/png"}],"author":"Fernando Cesarotti","twitter_card":"summary_large_image","twitter_creator":"@sunoresearch","twitter_site":"@sunoresearch","twitter_misc":{"Escrito por":"Fernando Cesarotti","Est. tempo de leitura":"4 minutos"},"schema":{"@context":"https:\/\/schema.org","@graph":[{"@type":"NewsArticle","@id":"https:\/\/www.suno.com.br\/noticias\/ifix-fechamento-131125\/#article","isPartOf":{"@id":"https:\/\/www.suno.com.br\/noticias\/ifix-fechamento-131125\/"},"author":{"name":"Fernando Cesarotti","@id":"https:\/\/www.suno.com.br\/noticias\/#\/schema\/person\/02171f82e02ec2306ed662847e114507"},"headline":"Fundo imobili\u00e1rio sobe em \u00faltimo dia na B3; IFIX tem queda mais acentuada do m\u00eas","datePublished":"2025-11-14T00:01:52+00:00","dateModified":"2025-11-14T00:15:05+00:00","mainEntityOfPage":{"@id":"https:\/\/www.suno.com.br\/noticias\/ifix-fechamento-131125\/"},"wordCount":651,"publisher":{"@id":"https:\/\/www.suno.com.br\/noticias\/#organization"},"image":{"@id":"https:\/\/www.suno.com.br\/noticias\/ifix-fechamento-131125\/#primaryimage"},"thumbnailUrl":"https:\/\/files.sunoresearch.com.br\/n\/uploads\/2025\/11\/GGRC11-Galpao-Renault-png.webp","keywords":["Fundos Imobili\u00e1rios (FIIs)","IFIX"],"articleSection":["FIIs"],"inLanguage":"pt-BR"},{"@type":"WebPage","@id":"https:\/\/www.suno.com.br\/noticias\/ifix-fechamento-131125\/","url":"https:\/\/www.suno.com.br\/noticias\/ifix-fechamento-131125\/","name":"Fundo imobili\u00e1rio sobe em \u00faltimo dia na B3; IFIX fecha em queda","isPartOf":{"@id":"https:\/\/www.suno.com.br\/noticias\/#website"},"primaryImageOfPage":{"@id":"https:\/\/www.suno.com.br\/noticias\/ifix-fechamento-131125\/#primaryimage"},"image":{"@id":"https:\/\/www.suno.com.br\/noticias\/ifix-fechamento-131125\/#primaryimage"},"thumbnailUrl":"https:\/\/files.sunoresearch.com.br\/n\/uploads\/2025\/11\/GGRC11-Galpao-Renault-png.webp","datePublished":"2025-11-14T00:01:52+00:00","dateModified":"2025-11-14T00:15:05+00:00","description":"Fundo imobili\u00e1rio VTLT11 fechou em alta de 2,28% nesta quinta-feira (13), em seu \u00faltimo dia de negocia\u00e7\u00f5es na B3 antes da liquida\u00e7\u00e3o.","breadcrumb":{"@id":"https:\/\/www.suno.com.br\/noticias\/ifix-fechamento-131125\/#breadcrumb"},"inLanguage":"pt-BR","potentialAction":[{"@type":"ReadAction","target":["https:\/\/www.suno.com.br\/noticias\/ifix-fechamento-131125\/"]}]},{"@type":"ImageObject","inLanguage":"pt-BR","@id":"https:\/\/www.suno.com.br\/noticias\/ifix-fechamento-131125\/#primaryimage","url":"https:\/\/files.sunoresearch.com.br\/n\/uploads\/2025\/11\/GGRC11-Galpao-Renault-png.webp","contentUrl":"https:\/\/files.sunoresearch.com.br\/n\/uploads\/2025\/11\/GGRC11-Galpao-Renault-png.webp","width":800,"height":460,"caption":"Im\u00f3vel em Quatro Barras (PR) vendido pelo VTLT11 ao GGRC11 - Foto: Divulga\u00e7\u00e3o"},{"@type":"BreadcrumbList","@id":"https:\/\/www.suno.com.br\/noticias\/ifix-fechamento-131125\/#breadcrumb","itemListElement":[{"@type":"ListItem","position":1,"name":"Not\u00edcias","item":"https:\/\/www.suno.com.br\/noticias\/"},{"@type":"ListItem","position":2,"name":"FIIs","item":"https:\/\/www.suno.com.br\/noticias\/fiis\/"},{"@type":"ListItem","position":3,"name":"Fundo imobili\u00e1rio sobe em \u00faltimo dia na B3; IFIX tem queda mais acentuada do m\u00eas"}]},{"@type":"WebSite","@id":"https:\/\/www.suno.com.br\/noticias\/#website","url":"https:\/\/www.suno.com.br\/noticias\/","name":"Suno Not\u00edcias","description":"Seu portal de informa\u00e7\u00e3o sobre o mundo dos investimentos","publisher":{"@id":"https:\/\/www.suno.com.br\/noticias\/#organization"},"potentialAction":[{"@type":"SearchAction","target":{"@type":"EntryPoint","urlTemplate":"https:\/\/www.suno.com.br\/noticias\/?s={search_term_string}"},"query-input":{"@type":"PropertyValueSpecification","valueRequired":true,"valueName":"search_term_string"}}],"inLanguage":"pt-BR"},{"@type":"Organization","@id":"https:\/\/www.suno.com.br\/noticias\/#organization","name":"Suno Not\u00edcias","url":"https:\/\/www.suno.com.br\/noticias\/","logo":{"@type":"ImageObject","inLanguage":"pt-BR","@id":"https:\/\/www.suno.com.br\/noticias\/#\/schema\/logo\/image\/","url":"https:\/\/files.sunoresearch.com.br\/n\/uploads\/2021\/09\/suno-logo.png","contentUrl":"https:\/\/files.sunoresearch.com.br\/n\/uploads\/2021\/09\/suno-logo.png","width":180,"height":180,"caption":"Suno Not\u00edcias"},"image":{"@id":"https:\/\/www.suno.com.br\/noticias\/#\/schema\/logo\/image\/"},"sameAs":["https:\/\/facebook.com\/sunoresearch","https:\/\/x.com\/sunoresearch","https:\/\/www.instagram.com\/suno","https:\/\/www.linkedin.com\/company\/suno-research\/","https:\/\/www.youtube.com\/c\/sunoresearch"]},{"@type":"Person","@id":"https:\/\/www.suno.com.br\/noticias\/#\/schema\/person\/02171f82e02ec2306ed662847e114507","name":"Fernando Cesarotti","image":{"@type":"ImageObject","inLanguage":"pt-BR","@id":"https:\/\/www.suno.com.br\/noticias\/#\/schema\/person\/image\/","url":"https:\/\/secure.gravatar.com\/avatar\/fc3a37e1dd6249fd3cfdc1702d00d404?s=96&r=g","contentUrl":"https:\/\/secure.gravatar.com\/avatar\/fc3a37e1dd6249fd3cfdc1702d00d404?s=96&r=g","caption":"Fernando Cesarotti"},"description":"Jornalista, editor do FIIs.com.br. Graduado pela Unesp, com p\u00f3s-gradua\u00e7\u00e3o em Jornalismo Liter\u00e1rio, com mais de 20 anos de experi\u00eancia em coberturas de economia, pol\u00edtica e esportes. Passagem tamb\u00e9m pelo meio acad\u00eamico, como professor universit\u00e1rio em cursos de Comunica\u00e7\u00e3o e l\u00edder de empresa j\u00fanior.","url":"https:\/\/www.suno.com.br\/noticias\/author\/fcesarottigmail-com\/"}]}},"default_loop_html":"<div class=\"cardsPage__listCard__boxs\"><div class=\"cardsPage__listCard__boxs__img\"><a href=\"https:\/\/www.suno.com.br\/noticias\/ifix-fechamento-131125\/\"><img class=\"mask\" src=\"https:\/\/www.suno.com.br\/noticias\/wp-content\/themes\/suno\/resources\/images\/spotlight\/spotlight1img\/bg-mask.png\" alt=\"Image Mask\"\/><img src=\"https:\/\/files.sunoresearch.com.br\/n\/uploads\/2025\/11\/GGRC11-Galpao-Renault-400x200.webp\" alt=\"Fundo imobili\u00e1rio sobe em \u00faltimo dia na B3; IFIX tem queda mais acentuada do m\u00eas\"\/><\/a><span class=\"spotlightCategory\"><a href=\"https:\/\/www.suno.com.br\/noticias\/fiis\/\">FIIs<\/a><\/span><\/div><div class=\"cardsPage__listCard__boxs__content\"><a href=\"https:\/\/www.suno.com.br\/noticias\/ifix-fechamento-131125\/\"><h2 class=\"content__title\">Fundo imobili\u00e1rio sobe em \u00faltimo dia na B3; IFIX tem queda mais acentuada do m\u00eas<\/h2><\/a><div class=\"newsContent__article__meta\"><div class=\"newsContent__article__meta__authorBox\"><a href=\"https:\/\/www.suno.com.br\/noticias\/author\/fcesarottigmail-com\/\" class=\"authorBox__avatar noMobi\"><img src=\"https:\/\/files.sunoresearch.com.br\/n\/uploads\/2024\/02\/perfil-150x150.jpg\" alt=\"Fernando Cesarotti\"><\/a><div class=\"authorBox__name\"><span>por\n\t\t\t<a href=\"https:\/\/www.suno.com.br\/noticias\/author\/fcesarottigmail-com\/\"><span itemprop=\"author\">Fernando Cesarotti<\/span><\/a><\/span><time datetime=\"2025-11-13T21:01:52-03:00\" itemprop=\"datePublished\">13\/11\/2025 21:01<\/time><\/div><\/div><\/div><\/div><\/div>","single_layout":"posts","amp_enabled":true,"_links":{"self":[{"href":"https:\/\/www.suno.com.br\/noticias\/wp-json\/wp\/v2\/posts\/632320"}],"collection":[{"href":"https:\/\/www.suno.com.br\/noticias\/wp-json\/wp\/v2\/posts"}],"about":[{"href":"https:\/\/www.suno.com.br\/noticias\/wp-json\/wp\/v2\/types\/post"}],"author":[{"embeddable":true,"href":"https:\/\/www.suno.com.br\/noticias\/wp-json\/wp\/v2\/users\/339"}],"replies":[{"embeddable":true,"href":"https:\/\/www.suno.com.br\/noticias\/wp-json\/wp\/v2\/comments?post=632320"}],"version-history":[{"count":2,"href":"https:\/\/www.suno.com.br\/noticias\/wp-json\/wp\/v2\/posts\/632320\/revisions"}],"predecessor-version":[{"id":632325,"href":"https:\/\/www.suno.com.br\/noticias\/wp-json\/wp\/v2\/posts\/632320\/revisions\/632325"}],"wp:featuredmedia":[{"embeddable":true,"href":"https:\/\/www.suno.com.br\/noticias\/wp-json\/wp\/v2\/media\/632322"}],"wp:attachment":[{"href":"https:\/\/www.suno.com.br\/noticias\/wp-json\/wp\/v2\/media?parent=632320"}],"wp:term":[{"taxonomy":"category","embeddable":true,"href":"https:\/\/www.suno.com.br\/noticias\/wp-json\/wp\/v2\/categories?post=632320"},{"taxonomy":"post_tag","embeddable":true,"href":"https:\/\/www.suno.com.br\/noticias\/wp-json\/wp\/v2\/tags?post=632320"},{"taxonomy":"suno_strategy","embeddable":true,"href":"https:\/\/www.suno.com.br\/noticias\/wp-json\/wp\/v2\/suno_strategy?post=632320"}],"curies":[{"name":"wp","href":"https:\/\/api.w.org\/{rel}","templated":true}]}}