{"id":631917,"date":"2025-11-11T15:25:11","date_gmt":"2025-11-11T18:25:11","guid":{"rendered":"https:\/\/www.suno.com.br\/noticias\/btg-ve-potencial-em-vale3-com-retomada-dos-metais-basicos-mt\/"},"modified":"2025-11-11T15:25:11","modified_gmt":"2025-11-11T18:25:11","slug":"btg-ve-potencial-em-vale3-com-retomada-dos-metais-basicos-mt","status":"publish","type":"post","link":"https:\/\/www.suno.com.br\/noticias\/btg-ve-potencial-em-vale3-com-retomada-dos-metais-basicos-mt\/","title":{"rendered":"BTG enxerga \u201ctesouro escondido\u201d em Vale (VALE3) e v\u00ea espa\u00e7o para forte valoriza\u00e7\u00e3o das a\u00e7\u00f5es"},"content":{"rendered":"<p>O BTG Pactual acredita que a Vale\u00a0(<strong><a class=\"suno-keyword\" target=\"_blank\" data-force=\"no\" data-priority=\"2\" href=\"https:\/\/www.suno.com.br\/analitica\/acoes\/vale3\/\" rel=\"noopener\">VALE3<\/a>)<\/strong>\u00a0pode estar prestes a destravar valor com a retomada da sua divis\u00e3o de metais b\u00e1sicos, \u00e1rea que o banco descreve como \u201cesquecida por anos\u201d e agora em plena recupera\u00e7\u00e3o.<\/p>\t<div class=\"wrapper-featured-image\">\n\t\t<figure class=\"spotlightImg\">\n\n\t\t\t<picture>\n\t\t\t\t<source media=\"(max-width: 768px)\" srcset=\"https:\/\/files.sunoresearch.com.br\/n\/uploads\/2025\/11\/Vale-400x200.webp\">\n\t\t\t\t<img loading=\"lazy\" decoding=\"async\" class=\"newsContent__article__imgCapa lazyloadDisabled \" src=\"https:\/\/files.sunoresearch.com.br\/n\/uploads\/2025\/11\/Vale-800x450.webp\" width=\"800\" height=\"450\" alt=\"BTG enxerga \u201ctesouro escondido\u201d em Vale (VALE3) e v\u00ea espa\u00e7o para forte valoriza\u00e7\u00e3o das a\u00e7\u00f5es\" fetchpriority=high \/>\n\t\t\t<\/picture>\n\n\t\t\t<figcaption class=\"wp-caption-text wp-caption-text--show\">Vale (VALE3) Cr\u00e9ditos: Divulga\u00e7\u00e3o<\/figcaption>\n\t\t<\/figure>\n\t<\/div>\n\n\n\n\n\n\n<p>Em relat\u00f3rio divulgado nesta segunda-feira (10), o BTG reafirmou a recomenda\u00e7\u00e3o de&nbsp;compra&nbsp;para os pap\u00e9is da mineradora e manteve o&nbsp;pre\u00e7o-alvo de US$ 15,00&nbsp;para os ADRs negociados em Nova York \u2014 o que representa um&nbsp;potencial de valoriza\u00e7\u00e3o de 31,1%&nbsp;frente \u00e0 cota\u00e7\u00e3o atual.<\/p>\n\n\n\n<p>A equipe de an\u00e1lise destacou que a divis\u00e3o&nbsp;<strong>Vale Base Metals (VBM)<\/strong>&nbsp;j\u00e1 \u00e9&nbsp;geradora de caixa, ap\u00f3s cortes de&nbsp;US$ 360 milh\u00f5es por ano&nbsp;em custos operacionais e investimentos, al\u00e9m de uma&nbsp;redu\u00e7\u00e3o de 40% nas <a class=\"suno-keyword\" target=\"_blank\" data-force=\"no\" data-priority=\"1\" href=\"https:\/\/www.suno.com.br\/artigos\/despesas-administrativas\/\" rel=\"noopener\">despesas administrativas<\/a>. O foco, segundo o banco, \u00e9 descentralizar decis\u00f5es e ampliar a efici\u00eancia.<\/p>\n\n\n\n<h2 class=\"wp-block-heading\"><strong>VALE3: crescimento guiado pelo cobre e recupera\u00e7\u00e3o do portf\u00f3lio<\/strong><\/h2>\n\n\n\n<p>O BTG ressalta que a VBM deve concentrar seus esfor\u00e7os no&nbsp;cobre, com a possibilidade de&nbsp;dobrar a capacidade de produ\u00e7\u00e3o para 700 mil toneladas por ano&nbsp;na pr\u00f3xima d\u00e9cada. J\u00e1 o&nbsp;n\u00edquel&nbsp;deixar\u00e1 de ser prioridade, mas continuar\u00e1 relevante por integrar opera\u00e7\u00f5es polimet\u00e1licas.<\/p>\n\n\n\n<p>Segundo os analistas&nbsp;Leonardo Correa&nbsp;e&nbsp;Marcelo Arazi, o mercado ainda subestima o potencial dessa frente, mas o valor da divis\u00e3o pode&nbsp;superar US$ 30 bilh\u00f5es&nbsp;se a execu\u00e7\u00e3o seguir no ritmo atual.<\/p>\n\n\n\n<p>Nas proje\u00e7\u00f5es do BTG, a mineradora deve alcan\u00e7ar&nbsp;EBITDA de US$ 15,4 bilh\u00f5es em 2025, com&nbsp;<a class=\"suno-keyword\" target=\"_blank\" data-force=\"no\" data-priority=\"1\" href=\"https:\/\/www.suno.com.br\/artigos\/lucro-liquido\/\" rel=\"noopener\">lucro l\u00edquido<\/a> estimado em US$ 8,7 bilh\u00f5es&nbsp;e&nbsp;dividend yield de 7,6%, mantendo m\u00faltiplos atrativos em rela\u00e7\u00e3o a seus pares internacionais.<\/p>\n\n\n\n<p>O relat\u00f3rio refor\u00e7a a vis\u00e3o positiva sobre a governan\u00e7a e a execu\u00e7\u00e3o do plano de <a class=\"suno-keyword\" target=\"_blank\" data-force=\"no\" data-priority=\"1\" href=\"https:\/\/www.suno.com.br\/artigos\/longo-prazo\/\" rel=\"noopener\">longo prazo<\/a> da companhia:&nbsp;\u201cCom o mercado atribuindo pouco ou nenhum valor \u00e0 divis\u00e3o de metais b\u00e1sicos da <strong>VALE3<\/strong>, acreditamos que o potencial de valoriza\u00e7\u00e3o pode ser significativo se a gest\u00e3o continuar executando\u201d, diz o documento.<\/p>\n\n\n\n<p><\/p>\n","protected":false},"excerpt":{"rendered":"<p>O BTG Pactual acredita que a Vale\u00a0(VALE3)\u00a0pode estar prestes a destravar valor com a retomada da sua divis\u00e3o de metais b\u00e1sicos, \u00e1rea que o banco descreve como \u201cesquecida por anos\u201d e agora em plena recupera\u00e7\u00e3o. Em relat\u00f3rio divulgado nesta segunda-feira (10), o BTG reafirmou a recomenda\u00e7\u00e3o de&nbsp;compra&nbsp;para os pap\u00e9is da mineradora e manteve o&nbsp;pre\u00e7o-alvo de &hellip; Continued<\/p>\n","protected":false},"author":402,"featured_media":631918,"comment_status":"closed","ping_status":"closed","sticky":false,"template":"","format":"standard","meta":[],"categories":[1],"tags":[676],"suno_strategy":[],"class_list":["post-631917","post","type-post","status-publish","format-standard","has-post-thumbnail","hentry","category-uncategorized","tag-vale-vale3"],"yoast_head":"<!-- This site is optimized with the Yoast SEO plugin v24.4 - https:\/\/yoast.com\/wordpress\/plugins\/seo\/ -->\n<title>BTG v\u00ea alto potencial em VALE3 com retomada dos metais b\u00e1sicos<\/title>\n<meta name=\"description\" content=\"BTG reafirma compra para VALE3 e v\u00ea at\u00e9 31% de alta com melhora na divis\u00e3o de metais b\u00e1sicos da Vale, agora geradora de caixa\" \/>\n<meta name=\"robots\" content=\"index, follow, max-snippet:-1, max-image-preview:large, max-video-preview:-1\" \/>\n<link rel=\"canonical\" href=\"https:\/\/www.suno.com.br\/noticias\/btg-ve-potencial-em-vale3-com-retomada-dos-metais-basicos-mt\/\" \/>\n<meta property=\"og:locale\" content=\"pt_BR\" \/>\n<meta property=\"og:type\" content=\"article\" \/>\n<meta property=\"og:title\" content=\"BTG v\u00ea alto potencial em VALE3 com retomada dos metais b\u00e1sicos\" \/>\n<meta property=\"og:description\" content=\"BTG reafirma compra para VALE3 e v\u00ea at\u00e9 31% de alta com melhora na divis\u00e3o de metais b\u00e1sicos da Vale, agora geradora de caixa\" \/>\n<meta property=\"og:url\" content=\"https:\/\/www.suno.com.br\/noticias\/btg-ve-potencial-em-vale3-com-retomada-dos-metais-basicos-mt\/\" \/>\n<meta property=\"og:site_name\" content=\"Suno Not\u00edcias\" \/>\n<meta property=\"article:publisher\" content=\"https:\/\/facebook.com\/sunoresearch\" \/>\n<meta property=\"og:image\" content=\"http:\/\/files.sunoresearch.com.br\/n\/uploads\/2025\/11\/Vale-png.webp\" \/>\n\t<meta property=\"og:image:width\" content=\"854\" \/>\n\t<meta property=\"og:image:height\" content=\"524\" \/>\n\t<meta property=\"og:image:type\" content=\"image\/png\" \/>\n<meta name=\"author\" content=\"Ma\u00edra Telles\" \/>\n<meta name=\"twitter:card\" content=\"summary_large_image\" \/>\n<meta name=\"twitter:creator\" content=\"@sunoresearch\" \/>\n<meta name=\"twitter:site\" content=\"@sunoresearch\" \/>\n<meta name=\"twitter:label1\" content=\"Escrito por\" \/>\n\t<meta name=\"twitter:data1\" content=\"Ma\u00edra Telles\" \/>\n\t<meta name=\"twitter:label2\" content=\"Est. tempo de leitura\" \/>\n\t<meta name=\"twitter:data2\" content=\"2 minutos\" \/>\n<script type=\"application\/ld+json\" class=\"yoast-schema-graph\">{\"@context\":\"https:\/\/schema.org\",\"@graph\":[{\"@type\":\"NewsArticle\",\"@id\":\"https:\/\/www.suno.com.br\/noticias\/btg-ve-potencial-em-vale3-com-retomada-dos-metais-basicos-mt\/#article\",\"isPartOf\":{\"@id\":\"https:\/\/www.suno.com.br\/noticias\/btg-ve-potencial-em-vale3-com-retomada-dos-metais-basicos-mt\/\"},\"author\":{\"name\":\"Ma\u00edra Telles\",\"@id\":\"https:\/\/www.suno.com.br\/noticias\/#\/schema\/person\/0a8b51292bb96ee5f104094c0907eaef\"},\"headline\":\"BTG enxerga \u201ctesouro escondido\u201d em Vale (VALE3) e v\u00ea espa\u00e7o para forte valoriza\u00e7\u00e3o das a\u00e7\u00f5es\",\"datePublished\":\"2025-11-11T18:25:11+00:00\",\"mainEntityOfPage\":{\"@id\":\"https:\/\/www.suno.com.br\/noticias\/btg-ve-potencial-em-vale3-com-retomada-dos-metais-basicos-mt\/\"},\"wordCount\":382,\"publisher\":{\"@id\":\"https:\/\/www.suno.com.br\/noticias\/#organization\"},\"image\":{\"@id\":\"https:\/\/www.suno.com.br\/noticias\/btg-ve-potencial-em-vale3-com-retomada-dos-metais-basicos-mt\/#primaryimage\"},\"thumbnailUrl\":\"https:\/\/files.sunoresearch.com.br\/n\/uploads\/2025\/11\/Vale-png.webp\",\"keywords\":[\"Vale (VALE3)\"],\"articleSection\":[\"Mercado Financeiro\"],\"inLanguage\":\"pt-BR\"},{\"@type\":\"WebPage\",\"@id\":\"https:\/\/www.suno.com.br\/noticias\/btg-ve-potencial-em-vale3-com-retomada-dos-metais-basicos-mt\/\",\"url\":\"https:\/\/www.suno.com.br\/noticias\/btg-ve-potencial-em-vale3-com-retomada-dos-metais-basicos-mt\/\",\"name\":\"BTG v\u00ea alto potencial em VALE3 com retomada dos metais b\u00e1sicos\",\"isPartOf\":{\"@id\":\"https:\/\/www.suno.com.br\/noticias\/#website\"},\"primaryImageOfPage\":{\"@id\":\"https:\/\/www.suno.com.br\/noticias\/btg-ve-potencial-em-vale3-com-retomada-dos-metais-basicos-mt\/#primaryimage\"},\"image\":{\"@id\":\"https:\/\/www.suno.com.br\/noticias\/btg-ve-potencial-em-vale3-com-retomada-dos-metais-basicos-mt\/#primaryimage\"},\"thumbnailUrl\":\"https:\/\/files.sunoresearch.com.br\/n\/uploads\/2025\/11\/Vale-png.webp\",\"datePublished\":\"2025-11-11T18:25:11+00:00\",\"description\":\"BTG reafirma compra para VALE3 e v\u00ea at\u00e9 31% de alta com melhora na divis\u00e3o de metais b\u00e1sicos da Vale, agora geradora de caixa\",\"breadcrumb\":{\"@id\":\"https:\/\/www.suno.com.br\/noticias\/btg-ve-potencial-em-vale3-com-retomada-dos-metais-basicos-mt\/#breadcrumb\"},\"inLanguage\":\"pt-BR\",\"potentialAction\":[{\"@type\":\"ReadAction\",\"target\":[\"https:\/\/www.suno.com.br\/noticias\/btg-ve-potencial-em-vale3-com-retomada-dos-metais-basicos-mt\/\"]}]},{\"@type\":\"ImageObject\",\"inLanguage\":\"pt-BR\",\"@id\":\"https:\/\/www.suno.com.br\/noticias\/btg-ve-potencial-em-vale3-com-retomada-dos-metais-basicos-mt\/#primaryimage\",\"url\":\"https:\/\/files.sunoresearch.com.br\/n\/uploads\/2025\/11\/Vale-png.webp\",\"contentUrl\":\"https:\/\/files.sunoresearch.com.br\/n\/uploads\/2025\/11\/Vale-png.webp\",\"width\":854,\"height\":524,\"caption\":\"Vale (VALE3) Cr\u00e9ditos: Divulga\u00e7\u00e3o\"},{\"@type\":\"BreadcrumbList\",\"@id\":\"https:\/\/www.suno.com.br\/noticias\/btg-ve-potencial-em-vale3-com-retomada-dos-metais-basicos-mt\/#breadcrumb\",\"itemListElement\":[{\"@type\":\"ListItem\",\"position\":1,\"name\":\"Not\u00edcias\",\"item\":\"https:\/\/www.suno.com.br\/noticias\/\"},{\"@type\":\"ListItem\",\"position\":2,\"name\":\"Neg\u00f3cios\",\"item\":\"https:\/\/www.suno.com.br\/noticias\/negocios\/\"},{\"@type\":\"ListItem\",\"position\":3,\"name\":\"BTG enxerga \u201ctesouro escondido\u201d em Vale (VALE3) e v\u00ea espa\u00e7o para forte valoriza\u00e7\u00e3o das a\u00e7\u00f5es\"}]},{\"@type\":\"WebSite\",\"@id\":\"https:\/\/www.suno.com.br\/noticias\/#website\",\"url\":\"https:\/\/www.suno.com.br\/noticias\/\",\"name\":\"Suno Not\u00edcias\",\"description\":\"Seu portal de informa\u00e7\u00e3o sobre o mundo dos investimentos\",\"publisher\":{\"@id\":\"https:\/\/www.suno.com.br\/noticias\/#organization\"},\"potentialAction\":[{\"@type\":\"SearchAction\",\"target\":{\"@type\":\"EntryPoint\",\"urlTemplate\":\"https:\/\/www.suno.com.br\/noticias\/?s={search_term_string}\"},\"query-input\":{\"@type\":\"PropertyValueSpecification\",\"valueRequired\":true,\"valueName\":\"search_term_string\"}}],\"inLanguage\":\"pt-BR\"},{\"@type\":\"Organization\",\"@id\":\"https:\/\/www.suno.com.br\/noticias\/#organization\",\"name\":\"Suno Not\u00edcias\",\"url\":\"https:\/\/www.suno.com.br\/noticias\/\",\"logo\":{\"@type\":\"ImageObject\",\"inLanguage\":\"pt-BR\",\"@id\":\"https:\/\/www.suno.com.br\/noticias\/#\/schema\/logo\/image\/\",\"url\":\"https:\/\/files.sunoresearch.com.br\/n\/uploads\/2021\/09\/suno-logo.png\",\"contentUrl\":\"https:\/\/files.sunoresearch.com.br\/n\/uploads\/2021\/09\/suno-logo.png\",\"width\":180,\"height\":180,\"caption\":\"Suno Not\u00edcias\"},\"image\":{\"@id\":\"https:\/\/www.suno.com.br\/noticias\/#\/schema\/logo\/image\/\"},\"sameAs\":[\"https:\/\/facebook.com\/sunoresearch\",\"https:\/\/x.com\/sunoresearch\",\"https:\/\/www.instagram.com\/suno\",\"https:\/\/www.linkedin.com\/company\/suno-research\/\",\"https:\/\/www.youtube.com\/c\/sunoresearch\"]},{\"@type\":\"Person\",\"@id\":\"https:\/\/www.suno.com.br\/noticias\/#\/schema\/person\/0a8b51292bb96ee5f104094c0907eaef\",\"name\":\"Ma\u00edra Telles\",\"image\":{\"@type\":\"ImageObject\",\"inLanguage\":\"pt-BR\",\"@id\":\"https:\/\/www.suno.com.br\/noticias\/#\/schema\/person\/image\/\",\"url\":\"https:\/\/secure.gravatar.com\/avatar\/8d13691eab6abc1d1050b62a4c2a6116?s=96&r=g\",\"contentUrl\":\"https:\/\/secure.gravatar.com\/avatar\/8d13691eab6abc1d1050b62a4c2a6116?s=96&r=g\",\"caption\":\"Ma\u00edra Telles\"},\"description\":\"Jornalista com passagem por reda\u00e7\u00f5es como ESPN, especializa\u00e7\u00e3o em marketing digital e em gest\u00e3o de crise. Com foco no mercado financeiro e no setor agropecu\u00e1rio, desenvolve conte\u00fados estrat\u00e9gicos e especializados para m\u00faltiplas plataformas, unindo an\u00e1lise de investimentos e neg\u00f3cios\",\"url\":\"https:\/\/www.suno.com.br\/noticias\/author\/mairaftellesgmail-com\/\"}]}<\/script>\n<!-- \/ Yoast SEO plugin. -->","yoast_head_json":{"title":"BTG v\u00ea alto potencial em VALE3 com retomada dos metais b\u00e1sicos","description":"BTG reafirma compra para VALE3 e v\u00ea at\u00e9 31% de alta com melhora na divis\u00e3o de metais b\u00e1sicos da Vale, agora geradora de caixa","robots":{"index":"index","follow":"follow","max-snippet":"max-snippet:-1","max-image-preview":"max-image-preview:large","max-video-preview":"max-video-preview:-1"},"canonical":"https:\/\/www.suno.com.br\/noticias\/btg-ve-potencial-em-vale3-com-retomada-dos-metais-basicos-mt\/","og_locale":"pt_BR","og_type":"article","og_title":"BTG v\u00ea alto potencial em VALE3 com retomada dos metais b\u00e1sicos","og_description":"BTG reafirma compra para VALE3 e v\u00ea at\u00e9 31% de alta com melhora na divis\u00e3o de metais b\u00e1sicos da Vale, agora geradora de caixa","og_url":"https:\/\/www.suno.com.br\/noticias\/btg-ve-potencial-em-vale3-com-retomada-dos-metais-basicos-mt\/","og_site_name":"Suno Not\u00edcias","article_publisher":"https:\/\/facebook.com\/sunoresearch","og_image":[{"width":854,"height":524,"url":"http:\/\/files.sunoresearch.com.br\/n\/uploads\/2025\/11\/Vale-png.webp","type":"image\/png"}],"author":"Ma\u00edra Telles","twitter_card":"summary_large_image","twitter_creator":"@sunoresearch","twitter_site":"@sunoresearch","twitter_misc":{"Escrito por":"Ma\u00edra Telles","Est. tempo de leitura":"2 minutos"},"schema":{"@context":"https:\/\/schema.org","@graph":[{"@type":"NewsArticle","@id":"https:\/\/www.suno.com.br\/noticias\/btg-ve-potencial-em-vale3-com-retomada-dos-metais-basicos-mt\/#article","isPartOf":{"@id":"https:\/\/www.suno.com.br\/noticias\/btg-ve-potencial-em-vale3-com-retomada-dos-metais-basicos-mt\/"},"author":{"name":"Ma\u00edra Telles","@id":"https:\/\/www.suno.com.br\/noticias\/#\/schema\/person\/0a8b51292bb96ee5f104094c0907eaef"},"headline":"BTG enxerga \u201ctesouro escondido\u201d em Vale (VALE3) e v\u00ea espa\u00e7o para forte valoriza\u00e7\u00e3o das a\u00e7\u00f5es","datePublished":"2025-11-11T18:25:11+00:00","mainEntityOfPage":{"@id":"https:\/\/www.suno.com.br\/noticias\/btg-ve-potencial-em-vale3-com-retomada-dos-metais-basicos-mt\/"},"wordCount":382,"publisher":{"@id":"https:\/\/www.suno.com.br\/noticias\/#organization"},"image":{"@id":"https:\/\/www.suno.com.br\/noticias\/btg-ve-potencial-em-vale3-com-retomada-dos-metais-basicos-mt\/#primaryimage"},"thumbnailUrl":"https:\/\/files.sunoresearch.com.br\/n\/uploads\/2025\/11\/Vale-png.webp","keywords":["Vale (VALE3)"],"articleSection":["Mercado Financeiro"],"inLanguage":"pt-BR"},{"@type":"WebPage","@id":"https:\/\/www.suno.com.br\/noticias\/btg-ve-potencial-em-vale3-com-retomada-dos-metais-basicos-mt\/","url":"https:\/\/www.suno.com.br\/noticias\/btg-ve-potencial-em-vale3-com-retomada-dos-metais-basicos-mt\/","name":"BTG v\u00ea alto potencial em VALE3 com retomada dos metais b\u00e1sicos","isPartOf":{"@id":"https:\/\/www.suno.com.br\/noticias\/#website"},"primaryImageOfPage":{"@id":"https:\/\/www.suno.com.br\/noticias\/btg-ve-potencial-em-vale3-com-retomada-dos-metais-basicos-mt\/#primaryimage"},"image":{"@id":"https:\/\/www.suno.com.br\/noticias\/btg-ve-potencial-em-vale3-com-retomada-dos-metais-basicos-mt\/#primaryimage"},"thumbnailUrl":"https:\/\/files.sunoresearch.com.br\/n\/uploads\/2025\/11\/Vale-png.webp","datePublished":"2025-11-11T18:25:11+00:00","description":"BTG reafirma compra para VALE3 e v\u00ea at\u00e9 31% de alta com melhora na divis\u00e3o de metais b\u00e1sicos da Vale, agora geradora de caixa","breadcrumb":{"@id":"https:\/\/www.suno.com.br\/noticias\/btg-ve-potencial-em-vale3-com-retomada-dos-metais-basicos-mt\/#breadcrumb"},"inLanguage":"pt-BR","potentialAction":[{"@type":"ReadAction","target":["https:\/\/www.suno.com.br\/noticias\/btg-ve-potencial-em-vale3-com-retomada-dos-metais-basicos-mt\/"]}]},{"@type":"ImageObject","inLanguage":"pt-BR","@id":"https:\/\/www.suno.com.br\/noticias\/btg-ve-potencial-em-vale3-com-retomada-dos-metais-basicos-mt\/#primaryimage","url":"https:\/\/files.sunoresearch.com.br\/n\/uploads\/2025\/11\/Vale-png.webp","contentUrl":"https:\/\/files.sunoresearch.com.br\/n\/uploads\/2025\/11\/Vale-png.webp","width":854,"height":524,"caption":"Vale (VALE3) Cr\u00e9ditos: Divulga\u00e7\u00e3o"},{"@type":"BreadcrumbList","@id":"https:\/\/www.suno.com.br\/noticias\/btg-ve-potencial-em-vale3-com-retomada-dos-metais-basicos-mt\/#breadcrumb","itemListElement":[{"@type":"ListItem","position":1,"name":"Not\u00edcias","item":"https:\/\/www.suno.com.br\/noticias\/"},{"@type":"ListItem","position":2,"name":"Neg\u00f3cios","item":"https:\/\/www.suno.com.br\/noticias\/negocios\/"},{"@type":"ListItem","position":3,"name":"BTG enxerga \u201ctesouro escondido\u201d em Vale (VALE3) e v\u00ea espa\u00e7o para forte valoriza\u00e7\u00e3o das a\u00e7\u00f5es"}]},{"@type":"WebSite","@id":"https:\/\/www.suno.com.br\/noticias\/#website","url":"https:\/\/www.suno.com.br\/noticias\/","name":"Suno Not\u00edcias","description":"Seu portal de informa\u00e7\u00e3o sobre o mundo dos investimentos","publisher":{"@id":"https:\/\/www.suno.com.br\/noticias\/#organization"},"potentialAction":[{"@type":"SearchAction","target":{"@type":"EntryPoint","urlTemplate":"https:\/\/www.suno.com.br\/noticias\/?s={search_term_string}"},"query-input":{"@type":"PropertyValueSpecification","valueRequired":true,"valueName":"search_term_string"}}],"inLanguage":"pt-BR"},{"@type":"Organization","@id":"https:\/\/www.suno.com.br\/noticias\/#organization","name":"Suno Not\u00edcias","url":"https:\/\/www.suno.com.br\/noticias\/","logo":{"@type":"ImageObject","inLanguage":"pt-BR","@id":"https:\/\/www.suno.com.br\/noticias\/#\/schema\/logo\/image\/","url":"https:\/\/files.sunoresearch.com.br\/n\/uploads\/2021\/09\/suno-logo.png","contentUrl":"https:\/\/files.sunoresearch.com.br\/n\/uploads\/2021\/09\/suno-logo.png","width":180,"height":180,"caption":"Suno Not\u00edcias"},"image":{"@id":"https:\/\/www.suno.com.br\/noticias\/#\/schema\/logo\/image\/"},"sameAs":["https:\/\/facebook.com\/sunoresearch","https:\/\/x.com\/sunoresearch","https:\/\/www.instagram.com\/suno","https:\/\/www.linkedin.com\/company\/suno-research\/","https:\/\/www.youtube.com\/c\/sunoresearch"]},{"@type":"Person","@id":"https:\/\/www.suno.com.br\/noticias\/#\/schema\/person\/0a8b51292bb96ee5f104094c0907eaef","name":"Ma\u00edra Telles","image":{"@type":"ImageObject","inLanguage":"pt-BR","@id":"https:\/\/www.suno.com.br\/noticias\/#\/schema\/person\/image\/","url":"https:\/\/secure.gravatar.com\/avatar\/8d13691eab6abc1d1050b62a4c2a6116?s=96&r=g","contentUrl":"https:\/\/secure.gravatar.com\/avatar\/8d13691eab6abc1d1050b62a4c2a6116?s=96&r=g","caption":"Ma\u00edra Telles"},"description":"Jornalista com passagem por reda\u00e7\u00f5es como ESPN, especializa\u00e7\u00e3o em marketing digital e em gest\u00e3o de crise. Com foco no mercado financeiro e no setor agropecu\u00e1rio, desenvolve conte\u00fados estrat\u00e9gicos e especializados para m\u00faltiplas plataformas, unindo an\u00e1lise de investimentos e neg\u00f3cios","url":"https:\/\/www.suno.com.br\/noticias\/author\/mairaftellesgmail-com\/"}]}},"default_loop_html":"<div class=\"cardsPage__listCard__boxs\"><div class=\"cardsPage__listCard__boxs__img\"><a href=\"https:\/\/www.suno.com.br\/noticias\/btg-ve-potencial-em-vale3-com-retomada-dos-metais-basicos-mt\/\"><img class=\"mask\" src=\"https:\/\/www.suno.com.br\/noticias\/wp-content\/themes\/suno\/resources\/images\/spotlight\/spotlight1img\/bg-mask.png\" alt=\"Image Mask\"\/><img src=\"https:\/\/files.sunoresearch.com.br\/n\/uploads\/2025\/11\/Vale-400x200.webp\" alt=\"BTG enxerga \u201ctesouro escondido\u201d em Vale (VALE3) e v\u00ea espa\u00e7o para forte valoriza\u00e7\u00e3o das a\u00e7\u00f5es\"\/><\/a><span class=\"spotlightCategory\"><a href=\"https:\/\/www.suno.com.br\/noticias\/uncategorized\/\">Mercado Financeiro<\/a><\/span><\/div><div class=\"cardsPage__listCard__boxs__content\"><a href=\"https:\/\/www.suno.com.br\/noticias\/btg-ve-potencial-em-vale3-com-retomada-dos-metais-basicos-mt\/\"><h2 class=\"content__title\">BTG enxerga \u201ctesouro escondido\u201d em Vale (VALE3) e v\u00ea espa\u00e7o para forte valoriza\u00e7\u00e3o das a\u00e7\u00f5es<\/h2><\/a><div class=\"newsContent__article__meta\"><div class=\"newsContent__article__meta__authorBox\"><a href=\"https:\/\/www.suno.com.br\/noticias\/author\/mairaftellesgmail-com\/\" class=\"authorBox__avatar noMobi\"><img src=\"https:\/\/secure.gravatar.com\/avatar\/8d13691eab6abc1d1050b62a4c2a6116?s=96&#038;r=g\" alt=\"Ma\u00edra Telles\"><\/a><div class=\"authorBox__name\"><span>por\n\t\t\t<a href=\"https:\/\/www.suno.com.br\/noticias\/author\/mairaftellesgmail-com\/\"><span itemprop=\"author\">Ma\u00edra Telles<\/span><\/a><\/span><time datetime=\"2025-11-11T15:25:11-03:00\" itemprop=\"datePublished\">11\/11\/2025 15:25<\/time><\/div><\/div><\/div><\/div><\/div>","single_layout":"posts","amp_enabled":true,"_links":{"self":[{"href":"https:\/\/www.suno.com.br\/noticias\/wp-json\/wp\/v2\/posts\/631917"}],"collection":[{"href":"https:\/\/www.suno.com.br\/noticias\/wp-json\/wp\/v2\/posts"}],"about":[{"href":"https:\/\/www.suno.com.br\/noticias\/wp-json\/wp\/v2\/types\/post"}],"author":[{"embeddable":true,"href":"https:\/\/www.suno.com.br\/noticias\/wp-json\/wp\/v2\/users\/402"}],"replies":[{"embeddable":true,"href":"https:\/\/www.suno.com.br\/noticias\/wp-json\/wp\/v2\/comments?post=631917"}],"version-history":[{"count":0,"href":"https:\/\/www.suno.com.br\/noticias\/wp-json\/wp\/v2\/posts\/631917\/revisions"}],"wp:featuredmedia":[{"embeddable":true,"href":"https:\/\/www.suno.com.br\/noticias\/wp-json\/wp\/v2\/media\/631918"}],"wp:attachment":[{"href":"https:\/\/www.suno.com.br\/noticias\/wp-json\/wp\/v2\/media?parent=631917"}],"wp:term":[{"taxonomy":"category","embeddable":true,"href":"https:\/\/www.suno.com.br\/noticias\/wp-json\/wp\/v2\/categories?post=631917"},{"taxonomy":"post_tag","embeddable":true,"href":"https:\/\/www.suno.com.br\/noticias\/wp-json\/wp\/v2\/tags?post=631917"},{"taxonomy":"suno_strategy","embeddable":true,"href":"https:\/\/www.suno.com.br\/noticias\/wp-json\/wp\/v2\/suno_strategy?post=631917"}],"curies":[{"name":"wp","href":"https:\/\/api.w.org\/{rel}","templated":true}]}}