{"id":631740,"date":"2025-11-10T15:25:11","date_gmt":"2025-11-10T18:25:11","guid":{"rendered":"https:\/\/www.suno.com.br\/noticias\/falencia-oi-oibr3-liquidacao-ativos-go\/"},"modified":"2025-11-10T20:05:34","modified_gmt":"2025-11-10T23:05:34","slug":"falencia-oi-oibr3-liquidacao-ativos-go","status":"publish","type":"post","link":"https:\/\/www.suno.com.br\/noticias\/falencia-oi-oibr3-liquidacao-ativos-go\/","title":{"rendered":"Justi\u00e7a decreta fal\u00eancia da Oi (OIBR3) e liquida\u00e7\u00e3o dos ativos"},"content":{"rendered":"<p>A 7\u00aa Vara Empresarial do Rio de Janeiro decretou nesta segunda-feira (10) a fal\u00eancia da operadora de telecomunica\u00e7\u00f5es <a class=\"suno-keyword\" target=\"_blank\" data-force=\"no\" data-priority=\"2\" href=\"https:\/\/www.suno.com.br\/analitica\/acoes\/OIBR3\/\" rel=\"noopener\"><strong>Oi (OIBR3)<\/strong><\/a>, encerrando quase uma d\u00e9cada de tentativas de recupera\u00e7\u00e3o judicial. A decis\u00e3o, assinada pela ju\u00edza Simone Gastesi Chevrand, transforma o processo de reestrutura\u00e7\u00e3o da companhia em liquida\u00e7\u00e3o judicial.<\/p>\t<div class=\"wrapper-featured-image\">\n\t\t<figure class=\"spotlightImg\">\n\n\t\t\t<picture>\n\t\t\t\t<source media=\"(max-width: 768px)\" srcset=\"https:\/\/files.sunoresearch.com.br\/n\/uploads\/2025\/11\/57f275e2-oi-jpg-400x200.webp\">\n\t\t\t\t<img loading=\"lazy\" decoding=\"async\" class=\"newsContent__article__imgCapa lazyloadDisabled \" src=\"https:\/\/files.sunoresearch.com.br\/n\/uploads\/2025\/11\/57f275e2-oi-jpg.webp\" width=\"800\" height=\"450\" alt=\"Justi\u00e7a decreta fal\u00eancia da Oi (OIBR3) e liquida\u00e7\u00e3o dos ativos\" fetchpriority=high \/>\n\t\t\t<\/picture>\n\n\t\t\t<figcaption class=\"wp-caption-text wp-caption-text--show\">Oi (OIBR3). Foto: Divulga\u00e7\u00e3o\/Oi<\/figcaption>\n\t\t<\/figure>\n\t<\/div>\n\n\n\n\n\n\n<p>Em meio ao an\u00fancio, das <strong>a\u00e7\u00f5es da Oi<\/strong> est\u00e3o despencando mais de 35%, a R$ 0,18, por volta das 14h. A decis\u00e3o marca o desfecho de uma das recupera\u00e7\u00f5es mais longas e complexas da hist\u00f3ria corporativa brasileira.<\/p>\n\n\n\n<p>A magistrada justificou que \u201cn\u00e3o h\u00e1 mais surpresas quanto ao estado do grupo em recupera\u00e7\u00e3o judicial. A Oi \u00e9 tecnicamente falida\u201d. A decis\u00e3o ocorre ap\u00f3s o interventor judicial e a pr\u00f3pria companhia apontarem, na \u00faltima sexta-feira (7), a impossibilidade de cumprir obriga\u00e7\u00f5es financeiras e de manter viabilidade operacional.<\/p>\n\n\n\n<p>A ju\u00edza tamb\u00e9m determinou a liquida\u00e7\u00e3o ordenada dos ativos da operadora, com o objetivo de maximizar o valor para o pagamento de credores. Segundo o despacho, a continuidade provis\u00f3ria das atividades est\u00e1 autorizada at\u00e9 que os servi\u00e7os sejam assumidos por outras empresas do setor.<\/p>\n\n\n\n<p>O escrit\u00f3rio Preserva-A\u00e7\u00e3o, j\u00e1 nomeado anteriormente como interventor, ser\u00e1 respons\u00e1vel pela gest\u00e3o da Oi neste per\u00edodo de transi\u00e7\u00e3o. Os outros administradores judiciais, Wald e K2, foram dispensados.<\/p>\n\n\n\n<h2 class=\"wp-block-heading\">O que acontece com a Oi (OIBR3) daqui para frente?<\/h2>\n\n\n\n<p>Com a decis\u00e3o da fal\u00eancia, o processo passa agora \u00e0 fase de liquida\u00e7\u00e3o, em que os <a class=\"suno-keyword\" target=\"_blank\" data-force=\"no\" data-priority=\"2\" href=\"https:\/\/www.suno.com.br\/artigos\/ativo\/\" rel=\"noopener\">ativos da empresa<\/a> ser\u00e3o avaliados e vendidos para quitar d\u00edvidas com credores. A Justi\u00e7a tamb\u00e9m autorizou a convoca\u00e7\u00e3o de uma assembleia para a forma\u00e7\u00e3o de um comit\u00ea que acompanhar\u00e1 esse processo.<\/p>\n\n\n\n<p>A decis\u00e3o vem ap\u00f3s sucessivas tentativas de renegocia\u00e7\u00e3o de d\u00edvidas e ajustes no plano de recupera\u00e7\u00e3o. &#8220;A despeito de todas as tentativas e esfor\u00e7os, n\u00e3o h\u00e1 m\u00ednima possibilidade de equacionamento entre o ativo e o passivo da empresa\u201d, avaliou a ju\u00edza.<\/p>\n\n\n\n<p>Em 2016, a Oi (<strong>OIBR3<\/strong>) entrou em sua primeira recupera\u00e7\u00e3o judicial com R$ 65 bilh\u00f5es em d\u00edvidas. O segundo processo, iniciado em 2023, envolvia mais de R$ 15 bilh\u00f5es em compromissos dentro e fora do processo de recupera\u00e7\u00e3o. A companhia tamb\u00e9m havia tentado flexibilizar acordos com credores e abrir um processo paralelo nos Estados Unidos, o que n\u00e3o ocorreu.<\/p>\n","protected":false},"excerpt":{"rendered":"<p>A 7\u00aa Vara Empresarial do Rio de Janeiro decretou nesta segunda-feira (10) a fal\u00eancia da operadora de telecomunica\u00e7\u00f5es Oi (OIBR3), encerrando quase uma d\u00e9cada de tentativas de recupera\u00e7\u00e3o judicial. A decis\u00e3o, assinada pela ju\u00edza Simone Gastesi Chevrand, transforma o processo de reestrutura\u00e7\u00e3o da companhia em liquida\u00e7\u00e3o judicial. Em meio ao an\u00fancio, das a\u00e7\u00f5es da Oi &hellip; Continued<\/p>\n","protected":false},"author":404,"featured_media":631741,"comment_status":"closed","ping_status":"closed","sticky":false,"template":"","format":"standard","meta":[],"categories":[64],"tags":[],"suno_strategy":[],"class_list":["post-631740","post","type-post","status-publish","format-standard","has-post-thumbnail","hentry","category-negocios"],"yoast_head":"<!-- This site is optimized with the Yoast SEO plugin v24.4 - https:\/\/yoast.com\/wordpress\/plugins\/seo\/ -->\n<title>Justi\u00e7a decreta fal\u00eancia da Oi (OIBR3) e liquida\u00e7\u00e3o dos ativos<\/title>\n<meta name=\"description\" content=\"A Justi\u00e7a decretou a fal\u00eancia da Oi (OIBR3) e determinou a liquida\u00e7\u00e3o dos ativos. Veja o que acontece com a empresa.\" \/>\n<meta name=\"robots\" content=\"index, follow, max-snippet:-1, max-image-preview:large, max-video-preview:-1\" \/>\n<link rel=\"canonical\" href=\"https:\/\/www.suno.com.br\/noticias\/falencia-oi-oibr3-liquidacao-ativos-go\/\" \/>\n<meta property=\"og:locale\" content=\"pt_BR\" \/>\n<meta property=\"og:type\" content=\"article\" \/>\n<meta property=\"og:title\" content=\"Justi\u00e7a decreta fal\u00eancia da Oi (OIBR3) e liquida\u00e7\u00e3o dos ativos\" \/>\n<meta property=\"og:description\" content=\"A Justi\u00e7a decretou a fal\u00eancia da Oi (OIBR3) e determinou a liquida\u00e7\u00e3o dos ativos. Veja o que acontece com a empresa.\" \/>\n<meta property=\"og:url\" content=\"https:\/\/www.suno.com.br\/noticias\/falencia-oi-oibr3-liquidacao-ativos-go\/\" \/>\n<meta property=\"og:site_name\" content=\"Suno Not\u00edcias\" \/>\n<meta property=\"article:publisher\" content=\"https:\/\/facebook.com\/sunoresearch\" \/>\n<meta property=\"og:image\" content=\"https:\/\/files.sunoresearch.com.br\/n\/uploads\/2025\/11\/57f275e2-oi-jpg.webp\" \/>\n\t<meta property=\"og:image:width\" content=\"640\" \/>\n\t<meta property=\"og:image:height\" content=\"360\" \/>\n\t<meta property=\"og:image:type\" content=\"image\/webp\" \/>\n<meta name=\"author\" content=\"Giovanna Oliveira\" \/>\n<meta name=\"twitter:card\" content=\"summary_large_image\" \/>\n<meta name=\"twitter:creator\" content=\"@sunoresearch\" \/>\n<meta name=\"twitter:site\" content=\"@sunoresearch\" \/>\n<meta name=\"twitter:label1\" content=\"Escrito por\" \/>\n\t<meta name=\"twitter:data1\" content=\"Giovanna Oliveira\" \/>\n\t<meta name=\"twitter:label2\" content=\"Est. tempo de leitura\" \/>\n\t<meta name=\"twitter:data2\" content=\"3 minutos\" \/>\n<script type=\"application\/ld+json\" class=\"yoast-schema-graph\">{\"@context\":\"https:\/\/schema.org\",\"@graph\":[{\"@type\":\"NewsArticle\",\"@id\":\"https:\/\/www.suno.com.br\/noticias\/falencia-oi-oibr3-liquidacao-ativos-go\/#article\",\"isPartOf\":{\"@id\":\"https:\/\/www.suno.com.br\/noticias\/falencia-oi-oibr3-liquidacao-ativos-go\/\"},\"author\":{\"name\":\"Giovanna Oliveira\",\"@id\":\"https:\/\/www.suno.com.br\/noticias\/#\/schema\/person\/506bb13f624e6983050ae5bf648c7a54\"},\"headline\":\"Justi\u00e7a decreta fal\u00eancia da Oi (OIBR3) e liquida\u00e7\u00e3o dos ativos\",\"datePublished\":\"2025-11-10T18:25:11+00:00\",\"dateModified\":\"2025-11-10T23:05:34+00:00\",\"mainEntityOfPage\":{\"@id\":\"https:\/\/www.suno.com.br\/noticias\/falencia-oi-oibr3-liquidacao-ativos-go\/\"},\"wordCount\":418,\"publisher\":{\"@id\":\"https:\/\/www.suno.com.br\/noticias\/#organization\"},\"image\":{\"@id\":\"https:\/\/www.suno.com.br\/noticias\/falencia-oi-oibr3-liquidacao-ativos-go\/#primaryimage\"},\"thumbnailUrl\":\"https:\/\/files.sunoresearch.com.br\/n\/uploads\/2025\/11\/57f275e2-oi-jpg.webp\",\"articleSection\":[\"Neg\u00f3cios\"],\"inLanguage\":\"pt-BR\"},{\"@type\":\"WebPage\",\"@id\":\"https:\/\/www.suno.com.br\/noticias\/falencia-oi-oibr3-liquidacao-ativos-go\/\",\"url\":\"https:\/\/www.suno.com.br\/noticias\/falencia-oi-oibr3-liquidacao-ativos-go\/\",\"name\":\"Justi\u00e7a decreta fal\u00eancia da Oi (OIBR3) e liquida\u00e7\u00e3o dos ativos\",\"isPartOf\":{\"@id\":\"https:\/\/www.suno.com.br\/noticias\/#website\"},\"primaryImageOfPage\":{\"@id\":\"https:\/\/www.suno.com.br\/noticias\/falencia-oi-oibr3-liquidacao-ativos-go\/#primaryimage\"},\"image\":{\"@id\":\"https:\/\/www.suno.com.br\/noticias\/falencia-oi-oibr3-liquidacao-ativos-go\/#primaryimage\"},\"thumbnailUrl\":\"https:\/\/files.sunoresearch.com.br\/n\/uploads\/2025\/11\/57f275e2-oi-jpg.webp\",\"datePublished\":\"2025-11-10T18:25:11+00:00\",\"dateModified\":\"2025-11-10T23:05:34+00:00\",\"description\":\"A Justi\u00e7a decretou a fal\u00eancia da Oi (OIBR3) e determinou a liquida\u00e7\u00e3o dos ativos. Veja o que acontece com a empresa.\",\"breadcrumb\":{\"@id\":\"https:\/\/www.suno.com.br\/noticias\/falencia-oi-oibr3-liquidacao-ativos-go\/#breadcrumb\"},\"inLanguage\":\"pt-BR\",\"potentialAction\":[{\"@type\":\"ReadAction\",\"target\":[\"https:\/\/www.suno.com.br\/noticias\/falencia-oi-oibr3-liquidacao-ativos-go\/\"]}]},{\"@type\":\"ImageObject\",\"inLanguage\":\"pt-BR\",\"@id\":\"https:\/\/www.suno.com.br\/noticias\/falencia-oi-oibr3-liquidacao-ativos-go\/#primaryimage\",\"url\":\"https:\/\/files.sunoresearch.com.br\/n\/uploads\/2025\/11\/57f275e2-oi-jpg.webp\",\"contentUrl\":\"https:\/\/files.sunoresearch.com.br\/n\/uploads\/2025\/11\/57f275e2-oi-jpg.webp\",\"width\":640,\"height\":360,\"caption\":\"Oi (OIBR3). Foto: Divulga\u00e7\u00e3o\/Oi\"},{\"@type\":\"BreadcrumbList\",\"@id\":\"https:\/\/www.suno.com.br\/noticias\/falencia-oi-oibr3-liquidacao-ativos-go\/#breadcrumb\",\"itemListElement\":[{\"@type\":\"ListItem\",\"position\":1,\"name\":\"Not\u00edcias\",\"item\":\"https:\/\/www.suno.com.br\/noticias\/\"},{\"@type\":\"ListItem\",\"position\":2,\"name\":\"Neg\u00f3cios\",\"item\":\"https:\/\/www.suno.com.br\/noticias\/negocios\/\"},{\"@type\":\"ListItem\",\"position\":3,\"name\":\"Justi\u00e7a decreta fal\u00eancia da Oi (OIBR3) e liquida\u00e7\u00e3o dos ativos\"}]},{\"@type\":\"WebSite\",\"@id\":\"https:\/\/www.suno.com.br\/noticias\/#website\",\"url\":\"https:\/\/www.suno.com.br\/noticias\/\",\"name\":\"Suno Not\u00edcias\",\"description\":\"Seu portal de informa\u00e7\u00e3o sobre o mundo dos investimentos\",\"publisher\":{\"@id\":\"https:\/\/www.suno.com.br\/noticias\/#organization\"},\"potentialAction\":[{\"@type\":\"SearchAction\",\"target\":{\"@type\":\"EntryPoint\",\"urlTemplate\":\"https:\/\/www.suno.com.br\/noticias\/?s={search_term_string}\"},\"query-input\":{\"@type\":\"PropertyValueSpecification\",\"valueRequired\":true,\"valueName\":\"search_term_string\"}}],\"inLanguage\":\"pt-BR\"},{\"@type\":\"Organization\",\"@id\":\"https:\/\/www.suno.com.br\/noticias\/#organization\",\"name\":\"Suno Not\u00edcias\",\"url\":\"https:\/\/www.suno.com.br\/noticias\/\",\"logo\":{\"@type\":\"ImageObject\",\"inLanguage\":\"pt-BR\",\"@id\":\"https:\/\/www.suno.com.br\/noticias\/#\/schema\/logo\/image\/\",\"url\":\"https:\/\/files.sunoresearch.com.br\/n\/uploads\/2021\/09\/suno-logo.png\",\"contentUrl\":\"https:\/\/files.sunoresearch.com.br\/n\/uploads\/2021\/09\/suno-logo.png\",\"width\":180,\"height\":180,\"caption\":\"Suno Not\u00edcias\"},\"image\":{\"@id\":\"https:\/\/www.suno.com.br\/noticias\/#\/schema\/logo\/image\/\"},\"sameAs\":[\"https:\/\/facebook.com\/sunoresearch\",\"https:\/\/x.com\/sunoresearch\",\"https:\/\/www.instagram.com\/suno\",\"https:\/\/www.linkedin.com\/company\/suno-research\/\",\"https:\/\/www.youtube.com\/c\/sunoresearch\"]},{\"@type\":\"Person\",\"@id\":\"https:\/\/www.suno.com.br\/noticias\/#\/schema\/person\/506bb13f624e6983050ae5bf648c7a54\",\"name\":\"Giovanna Oliveira\",\"image\":{\"@type\":\"ImageObject\",\"inLanguage\":\"pt-BR\",\"@id\":\"https:\/\/www.suno.com.br\/noticias\/#\/schema\/person\/image\/\",\"url\":\"https:\/\/secure.gravatar.com\/avatar\/8d180e5cea232a9bb3af521589b133fa?s=96&r=g\",\"contentUrl\":\"https:\/\/secure.gravatar.com\/avatar\/8d180e5cea232a9bb3af521589b133fa?s=96&r=g\",\"caption\":\"Giovanna Oliveira\"},\"description\":\"Jornalista com mais de sete anos de experi\u00eancia na cobertura de finan\u00e7as e economia. P\u00f3s-graduada em Neg\u00f3cios e Inova\u00e7\u00e3o (ESPM-SP) e mestranda em Finan\u00e7as (UADE Business School\u2013Buenos Aires).\",\"url\":\"https:\/\/www.suno.com.br\/noticias\/author\/giovannalmd-oliveiragmail-com\/\"}]}<\/script>\n<!-- \/ Yoast SEO plugin. -->","yoast_head_json":{"title":"Justi\u00e7a decreta fal\u00eancia da Oi (OIBR3) e liquida\u00e7\u00e3o dos ativos","description":"A Justi\u00e7a decretou a fal\u00eancia da Oi (OIBR3) e determinou a liquida\u00e7\u00e3o dos ativos. Veja o que acontece com a empresa.","robots":{"index":"index","follow":"follow","max-snippet":"max-snippet:-1","max-image-preview":"max-image-preview:large","max-video-preview":"max-video-preview:-1"},"canonical":"https:\/\/www.suno.com.br\/noticias\/falencia-oi-oibr3-liquidacao-ativos-go\/","og_locale":"pt_BR","og_type":"article","og_title":"Justi\u00e7a decreta fal\u00eancia da Oi (OIBR3) e liquida\u00e7\u00e3o dos ativos","og_description":"A Justi\u00e7a decretou a fal\u00eancia da Oi (OIBR3) e determinou a liquida\u00e7\u00e3o dos ativos. Veja o que acontece com a empresa.","og_url":"https:\/\/www.suno.com.br\/noticias\/falencia-oi-oibr3-liquidacao-ativos-go\/","og_site_name":"Suno Not\u00edcias","article_publisher":"https:\/\/facebook.com\/sunoresearch","og_image":[{"width":640,"height":360,"url":"https:\/\/files.sunoresearch.com.br\/n\/uploads\/2025\/11\/57f275e2-oi-jpg.webp","type":"image\/webp"}],"author":"Giovanna Oliveira","twitter_card":"summary_large_image","twitter_creator":"@sunoresearch","twitter_site":"@sunoresearch","twitter_misc":{"Escrito por":"Giovanna Oliveira","Est. tempo de leitura":"3 minutos"},"schema":{"@context":"https:\/\/schema.org","@graph":[{"@type":"NewsArticle","@id":"https:\/\/www.suno.com.br\/noticias\/falencia-oi-oibr3-liquidacao-ativos-go\/#article","isPartOf":{"@id":"https:\/\/www.suno.com.br\/noticias\/falencia-oi-oibr3-liquidacao-ativos-go\/"},"author":{"name":"Giovanna Oliveira","@id":"https:\/\/www.suno.com.br\/noticias\/#\/schema\/person\/506bb13f624e6983050ae5bf648c7a54"},"headline":"Justi\u00e7a decreta fal\u00eancia da Oi (OIBR3) e liquida\u00e7\u00e3o dos ativos","datePublished":"2025-11-10T18:25:11+00:00","dateModified":"2025-11-10T23:05:34+00:00","mainEntityOfPage":{"@id":"https:\/\/www.suno.com.br\/noticias\/falencia-oi-oibr3-liquidacao-ativos-go\/"},"wordCount":418,"publisher":{"@id":"https:\/\/www.suno.com.br\/noticias\/#organization"},"image":{"@id":"https:\/\/www.suno.com.br\/noticias\/falencia-oi-oibr3-liquidacao-ativos-go\/#primaryimage"},"thumbnailUrl":"https:\/\/files.sunoresearch.com.br\/n\/uploads\/2025\/11\/57f275e2-oi-jpg.webp","articleSection":["Neg\u00f3cios"],"inLanguage":"pt-BR"},{"@type":"WebPage","@id":"https:\/\/www.suno.com.br\/noticias\/falencia-oi-oibr3-liquidacao-ativos-go\/","url":"https:\/\/www.suno.com.br\/noticias\/falencia-oi-oibr3-liquidacao-ativos-go\/","name":"Justi\u00e7a decreta fal\u00eancia da Oi (OIBR3) e liquida\u00e7\u00e3o dos ativos","isPartOf":{"@id":"https:\/\/www.suno.com.br\/noticias\/#website"},"primaryImageOfPage":{"@id":"https:\/\/www.suno.com.br\/noticias\/falencia-oi-oibr3-liquidacao-ativos-go\/#primaryimage"},"image":{"@id":"https:\/\/www.suno.com.br\/noticias\/falencia-oi-oibr3-liquidacao-ativos-go\/#primaryimage"},"thumbnailUrl":"https:\/\/files.sunoresearch.com.br\/n\/uploads\/2025\/11\/57f275e2-oi-jpg.webp","datePublished":"2025-11-10T18:25:11+00:00","dateModified":"2025-11-10T23:05:34+00:00","description":"A Justi\u00e7a decretou a fal\u00eancia da Oi (OIBR3) e determinou a liquida\u00e7\u00e3o dos ativos. Veja o que acontece com a empresa.","breadcrumb":{"@id":"https:\/\/www.suno.com.br\/noticias\/falencia-oi-oibr3-liquidacao-ativos-go\/#breadcrumb"},"inLanguage":"pt-BR","potentialAction":[{"@type":"ReadAction","target":["https:\/\/www.suno.com.br\/noticias\/falencia-oi-oibr3-liquidacao-ativos-go\/"]}]},{"@type":"ImageObject","inLanguage":"pt-BR","@id":"https:\/\/www.suno.com.br\/noticias\/falencia-oi-oibr3-liquidacao-ativos-go\/#primaryimage","url":"https:\/\/files.sunoresearch.com.br\/n\/uploads\/2025\/11\/57f275e2-oi-jpg.webp","contentUrl":"https:\/\/files.sunoresearch.com.br\/n\/uploads\/2025\/11\/57f275e2-oi-jpg.webp","width":640,"height":360,"caption":"Oi (OIBR3). Foto: Divulga\u00e7\u00e3o\/Oi"},{"@type":"BreadcrumbList","@id":"https:\/\/www.suno.com.br\/noticias\/falencia-oi-oibr3-liquidacao-ativos-go\/#breadcrumb","itemListElement":[{"@type":"ListItem","position":1,"name":"Not\u00edcias","item":"https:\/\/www.suno.com.br\/noticias\/"},{"@type":"ListItem","position":2,"name":"Neg\u00f3cios","item":"https:\/\/www.suno.com.br\/noticias\/negocios\/"},{"@type":"ListItem","position":3,"name":"Justi\u00e7a decreta fal\u00eancia da Oi (OIBR3) e liquida\u00e7\u00e3o dos ativos"}]},{"@type":"WebSite","@id":"https:\/\/www.suno.com.br\/noticias\/#website","url":"https:\/\/www.suno.com.br\/noticias\/","name":"Suno Not\u00edcias","description":"Seu portal de informa\u00e7\u00e3o sobre o mundo dos investimentos","publisher":{"@id":"https:\/\/www.suno.com.br\/noticias\/#organization"},"potentialAction":[{"@type":"SearchAction","target":{"@type":"EntryPoint","urlTemplate":"https:\/\/www.suno.com.br\/noticias\/?s={search_term_string}"},"query-input":{"@type":"PropertyValueSpecification","valueRequired":true,"valueName":"search_term_string"}}],"inLanguage":"pt-BR"},{"@type":"Organization","@id":"https:\/\/www.suno.com.br\/noticias\/#organization","name":"Suno Not\u00edcias","url":"https:\/\/www.suno.com.br\/noticias\/","logo":{"@type":"ImageObject","inLanguage":"pt-BR","@id":"https:\/\/www.suno.com.br\/noticias\/#\/schema\/logo\/image\/","url":"https:\/\/files.sunoresearch.com.br\/n\/uploads\/2021\/09\/suno-logo.png","contentUrl":"https:\/\/files.sunoresearch.com.br\/n\/uploads\/2021\/09\/suno-logo.png","width":180,"height":180,"caption":"Suno Not\u00edcias"},"image":{"@id":"https:\/\/www.suno.com.br\/noticias\/#\/schema\/logo\/image\/"},"sameAs":["https:\/\/facebook.com\/sunoresearch","https:\/\/x.com\/sunoresearch","https:\/\/www.instagram.com\/suno","https:\/\/www.linkedin.com\/company\/suno-research\/","https:\/\/www.youtube.com\/c\/sunoresearch"]},{"@type":"Person","@id":"https:\/\/www.suno.com.br\/noticias\/#\/schema\/person\/506bb13f624e6983050ae5bf648c7a54","name":"Giovanna Oliveira","image":{"@type":"ImageObject","inLanguage":"pt-BR","@id":"https:\/\/www.suno.com.br\/noticias\/#\/schema\/person\/image\/","url":"https:\/\/secure.gravatar.com\/avatar\/8d180e5cea232a9bb3af521589b133fa?s=96&r=g","contentUrl":"https:\/\/secure.gravatar.com\/avatar\/8d180e5cea232a9bb3af521589b133fa?s=96&r=g","caption":"Giovanna Oliveira"},"description":"Jornalista com mais de sete anos de experi\u00eancia na cobertura de finan\u00e7as e economia. P\u00f3s-graduada em Neg\u00f3cios e Inova\u00e7\u00e3o (ESPM-SP) e mestranda em Finan\u00e7as (UADE Business School\u2013Buenos Aires).","url":"https:\/\/www.suno.com.br\/noticias\/author\/giovannalmd-oliveiragmail-com\/"}]}},"default_loop_html":"<div class=\"cardsPage__listCard__boxs\"><div class=\"cardsPage__listCard__boxs__img\"><a href=\"https:\/\/www.suno.com.br\/noticias\/falencia-oi-oibr3-liquidacao-ativos-go\/\"><img class=\"mask\" src=\"https:\/\/www.suno.com.br\/noticias\/wp-content\/themes\/suno\/resources\/images\/spotlight\/spotlight1img\/bg-mask.png\" alt=\"Image Mask\"\/><img src=\"https:\/\/files.sunoresearch.com.br\/n\/uploads\/2025\/11\/57f275e2-oi-jpg-400x200.webp\" alt=\"Justi\u00e7a decreta fal\u00eancia da Oi (OIBR3) e liquida\u00e7\u00e3o dos ativos\"\/><\/a><span class=\"spotlightCategory\"><a href=\"https:\/\/www.suno.com.br\/noticias\/negocios\/\">Neg\u00f3cios<\/a><\/span><\/div><div class=\"cardsPage__listCard__boxs__content\"><a href=\"https:\/\/www.suno.com.br\/noticias\/falencia-oi-oibr3-liquidacao-ativos-go\/\"><h2 class=\"content__title\">Justi\u00e7a decreta fal\u00eancia da Oi (OIBR3) e liquida\u00e7\u00e3o dos ativos<\/h2><\/a><div class=\"newsContent__article__meta\"><div class=\"newsContent__article__meta__authorBox\"><a href=\"https:\/\/www.suno.com.br\/noticias\/author\/giovannalmd-oliveiragmail-com\/\" class=\"authorBox__avatar noMobi\"><img src=\"https:\/\/secure.gravatar.com\/avatar\/8d180e5cea232a9bb3af521589b133fa?s=96&#038;r=g\" alt=\"Giovanna Oliveira\"><\/a><div class=\"authorBox__name\"><span>por\n\t\t\t<a href=\"https:\/\/www.suno.com.br\/noticias\/author\/giovannalmd-oliveiragmail-com\/\"><span itemprop=\"author\">Giovanna Oliveira<\/span><\/a><\/span><time datetime=\"2025-11-10T15:25:11-03:00\" itemprop=\"datePublished\">10\/11\/2025 15:25<\/time><\/div><\/div><\/div><\/div><\/div>","single_layout":"posts","amp_enabled":true,"_links":{"self":[{"href":"https:\/\/www.suno.com.br\/noticias\/wp-json\/wp\/v2\/posts\/631740"}],"collection":[{"href":"https:\/\/www.suno.com.br\/noticias\/wp-json\/wp\/v2\/posts"}],"about":[{"href":"https:\/\/www.suno.com.br\/noticias\/wp-json\/wp\/v2\/types\/post"}],"author":[{"embeddable":true,"href":"https:\/\/www.suno.com.br\/noticias\/wp-json\/wp\/v2\/users\/404"}],"replies":[{"embeddable":true,"href":"https:\/\/www.suno.com.br\/noticias\/wp-json\/wp\/v2\/comments?post=631740"}],"version-history":[{"count":1,"href":"https:\/\/www.suno.com.br\/noticias\/wp-json\/wp\/v2\/posts\/631740\/revisions"}],"predecessor-version":[{"id":631790,"href":"https:\/\/www.suno.com.br\/noticias\/wp-json\/wp\/v2\/posts\/631740\/revisions\/631790"}],"wp:featuredmedia":[{"embeddable":true,"href":"https:\/\/www.suno.com.br\/noticias\/wp-json\/wp\/v2\/media\/631741"}],"wp:attachment":[{"href":"https:\/\/www.suno.com.br\/noticias\/wp-json\/wp\/v2\/media?parent=631740"}],"wp:term":[{"taxonomy":"category","embeddable":true,"href":"https:\/\/www.suno.com.br\/noticias\/wp-json\/wp\/v2\/categories?post=631740"},{"taxonomy":"post_tag","embeddable":true,"href":"https:\/\/www.suno.com.br\/noticias\/wp-json\/wp\/v2\/tags?post=631740"},{"taxonomy":"suno_strategy","embeddable":true,"href":"https:\/\/www.suno.com.br\/noticias\/wp-json\/wp\/v2\/suno_strategy?post=631740"}],"curies":[{"name":"wp","href":"https:\/\/api.w.org\/{rel}","templated":true}]}}