{"id":631677,"date":"2025-11-10T08:15:08","date_gmt":"2025-11-10T11:15:08","guid":{"rendered":""},"modified":"2025-11-10T08:51:53","modified_gmt":"2025-11-10T11:51:53","slug":"trxf11-compra-7-imoveis-atacadao","status":"publish","type":"post","link":"https:\/\/www.suno.com.br\/noticias\/trxf11-compra-7-imoveis-atacadao\/","title":{"rendered":"TRXF11 fecha acordo com Atacad\u00e3o para compra de 7 im\u00f3veis de varejo"},"content":{"rendered":"<p>O fundo imobili\u00e1rio <strong>TRXF11<\/strong> anunciou um acordo com o grupo Atacad\u00e3o para a compra e loca\u00e7\u00e3o de sete im\u00f3veis operados pela rede varejista, que recentemente fechou seu capital no pa\u00eds. A transa\u00e7\u00e3o est\u00e1 estimada em cerca de R$ 297 milh\u00f5es e ser\u00e1 estruturada no modelo \u201csale and leaseback\u201d, em que o ativo \u00e9 vendido e imediatamente alugado ao propriet\u00e1rio anterior.<\/p>\t<div class=\"wrapper-featured-image\">\n\t\t<figure class=\"spotlightImg\">\n\n\t\t\t<picture>\n\t\t\t\t<source media=\"(max-width: 768px)\" srcset=\"https:\/\/files.sunoresearch.com.br\/n\/uploads\/2025\/11\/TRXF11-atacadao-400x200.webp\">\n\t\t\t\t<img loading=\"lazy\" decoding=\"async\" class=\"newsContent__article__imgCapa lazyloadDisabled \" src=\"https:\/\/files.sunoresearch.com.br\/n\/uploads\/2025\/11\/TRXF11-atacadao.webp\" width=\"800\" height=\"450\" alt=\"TRXF11 fecha acordo com Atacad\u00e3o para compra de 7 im\u00f3veis de varejo\" fetchpriority=high \/>\n\t\t\t<\/picture>\n\n\t\t\t<figcaption class=\"wp-caption-text wp-caption-text--show\">TRXF11 anunciou acordo com o Atacad\u00e3o - Foto: Divulga\u00e7\u00e3o<\/figcaption>\n\t\t<\/figure>\n\t<\/div>\n\n\n\n\n\n\t<p>\n\t\t<a href=\"https:\/\/lp.suno.com.br\/minicurso-investindo-fiis\/\" target=\"_blank\" data-element=\"shortcode-suno-banner\" title=\"Banner SUNO, clique e saiba mais\">\n\t\t\t<picture>\n\t\t\t\t<source media=\"(max-width: 500px)\" srcset=\"https:\/\/files.sunoresearch.com.br\/n\/uploads\/2023\/03\/400x300-Minicurso-FIIS.png\">\n\t\t\t\t<img class=\"newsContent__article__imgCapa newsContent__article__imgCapa--banner\"\n\t\t\t\t\tsrc=\"https:\/\/files.sunoresearch.com.br\/n\/uploads\/2023\/03\/1420x240-Minicurso-FIIS.png\"\n\t\t\t\t\tdata-promo-id=\"383125\"\t\t\t\t\t\t\t\t\t\twidth='1420' height='240'\t\t\t\t\talt=\"https:\/\/files.sunoresearch.com.br\/n\/uploads\/2023\/03\/1420x240-Minicurso-FIIS.png\"\n\t\t\t\t>\n\t\t\t<\/picture>\n\t\t<\/a>\n\t<\/p>\n\n\n\n\n\n<p>Segundo a <strong>TRX Investimentos<\/strong>, gestora do <a class=\"suno-keyword\" target=\"_blank\" data-force=\"yes\" data-priority=\"2\" href=\"https:\/\/www.suno.com.br\/fundos-imobiliarios\/trxf11\/\" rel=\"noopener\">TRXF11<\/a>, os contratos ter\u00e3o prazo de 15 anos e ser\u00e3o firmados na modalidade at\u00edpica, o que garante maior previsibilidade de receita e estabilidade ao portf\u00f3lio do fundo.&nbsp;<\/p>\n\n\n\n<p>As etapas finais da negocia\u00e7\u00e3o dependem da aprova\u00e7\u00e3o do Cade e da conclus\u00e3o das dilig\u00eancias jur\u00eddicas e t\u00e9cnicas. A expectativa \u00e9 que os contratos definitivos sejam assinados at\u00e9 19 de dezembro.<\/p>\n\n\n\n<p>\u201cTrata-se de uma transa\u00e7\u00e3o estrat\u00e9gica, que une duas companhias de refer\u00eancia e refor\u00e7a o compromisso do fundo com a gera\u00e7\u00e3o de valor sustent\u00e1vel e previs\u00edvel para os cotistas\u201d, afirma Gabriel Barbosa, s\u00f3cio e gestor da TRX Investimentos.<\/p>\n\n\n\n<h2 class=\"wp-block-heading\">TRXF11 divulga relat\u00f3rio gerencial&nbsp;<\/h2>\n\n\n\n<p>Na semana passada, o TRXF11 divulgou seu relat\u00f3rio gerencial de outubro, no qual registrou resultado operacional de R$ 25,7 milh\u00f5es no m\u00eas e anunciou a distribui\u00e7\u00e3o de R$ 0,93 por cota \u2014 valor que corresponde a um <a class=\"suno-keyword\" target=\"_blank\" data-force=\"no\" data-priority=\"2\" href=\"https:\/\/www.suno.com.br\/artigos\/dividend-yield-como-calcular\/\" rel=\"noopener\">dividend yield<\/a> anualizado de 11,03% sobre a cota de mercado de R$ 101,22. O pagamento ser\u00e1 realizado nesta sexta-feira, 14 de novembro, para os cotistas posicionados em 31 de outubro.<\/p>\n\n\n\n<p>Ao mesmo tempo, o fundo avan\u00e7ou na 12\u00aa emiss\u00e3o de cotas. O per\u00edodo de prefer\u00eancia, encerrado em 27 de outubro, resultou na capta\u00e7\u00e3o de R$ 93,9 milh\u00f5es. O exerc\u00edcio de sobras e montante adicional come\u00e7ou em 28 de outubro, com liquida\u00e7\u00e3o em 7 de novembro \u2014 data em que se abriu a fase destinada a investidores profissionais.\u00a0<\/p>\n\n\n\t<p>\n\t\t<a href=\"\" target=\"_blank\" data-element=\"shortcode-suno-banner\" title=\"Banner SUNO, clique e saiba mais\">\n\t\t\t<picture>\n\t\t\t\t<source media=\"(max-width: 500px)\" srcset=\"\">\n\t\t\t\t<img class=\"newsContent__article__imgCapa newsContent__article__imgCapa--banner\"\n\t\t\t\t\tsrc=\"\"\n\t\t\t\t\tdata-promo-id=\"494026\"\t\t\t\t\t\t\t\t\t\t\t\t\t\t\talt=\"\"\n\t\t\t\t>\n\t\t\t<\/picture>\n\t\t<\/a>\n\t<\/p>\n\n\n\n\n\n<p>A nova emiss\u00e3o tem como objetivo captar at\u00e9 R$ 2 bilh\u00f5es para financiar aquisi\u00e7\u00f5es, desenvolvimento de im\u00f3veis j\u00e1 previstos na carteira e novas opera\u00e7\u00f5es em negocia\u00e7\u00e3o. O valor pode chegar a R$ 3 bilh\u00f5es, caso haja interesse por lote adicional.<\/p>\n\n\n\n<h2 class=\"wp-block-heading\">Obras em andamento e alavancagem&nbsp;<\/h2>\n\n\n\n<p>A gest\u00e3o informou que as obras dos projetos em desenvolvimento seguem dentro do cronograma. Os destaques s\u00e3o a nova unidade do Hospital Albert Einstein, em S\u00e3o Paulo, com 85% de execu\u00e7\u00e3o, e a unidade Obramax em S\u00e3o Gon\u00e7alo (RJ), com 98% conclu\u00edda e inaugura\u00e7\u00e3o prevista para novembro.<\/p>\n\n\n\n<p>Sobre o endividamento, como informado no relat\u00f3rio de mar\u00e7o, o TRXF11 havia realizado uma opera\u00e7\u00e3o de <a class=\"suno-keyword\" target=\"_blank\" data-force=\"no\" data-priority=\"1\" href=\"https:\/\/www.suno.com.br\/artigos\/antecipacao-recebiveis\/\" rel=\"noopener\">antecipa\u00e7\u00e3o de receb\u00edveis<\/a> atrelada ao CDI, usada como empr\u00e9stimo ponte at\u00e9 a inaugura\u00e7\u00e3o da Obramax. Com a entrega da loja perto de acontecer, o fundo negocia o pr\u00e9-pagamento dessa opera\u00e7\u00e3o, substituindo-a por um CRI de <a class=\"suno-keyword\" target=\"_blank\" data-force=\"no\" data-priority=\"1\" href=\"https:\/\/www.suno.com.br\/artigos\/longo-prazo\/\" rel=\"noopener\">longo prazo<\/a> indexado ao IPCA.<\/p>\n\n\n\n<p>Para viabilizar o desembolso de aproximadamente R$ 300 milh\u00f5es at\u00e9 outubro de 2026 \u2014 referentes ao desenvolvimento e aquisi\u00e7\u00e3o do terreno do Hospital Albert Einstein \u2014 o fundo est\u00e1 estruturando novas opera\u00e7\u00f5es de antecipa\u00e7\u00e3o de receb\u00edveis. Os contratos usados como lastro pertencem a im\u00f3veis do TRXF11 que n\u00e3o possuem \u00f4nus.&nbsp;<\/p>\n\n\n\n<p>As opera\u00e7\u00f5es em negocia\u00e7\u00e3o com <a class=\"suno-keyword\" data-force=\"no\" data-priority=\"1\" href=\"https:\/\/www.suno.com.br\/artigos\/instituicoes-financeiras\/\" target=\"_blank\" rel=\"noopener\">institui\u00e7\u00f5es financeiras<\/a> e investidores institucionais buscam equilibrar essas demandas sem comprometer o guidance de <strong><a class=\"suno-keyword\" data-force=\"no\" data-priority=\"1\" href=\"https:\/\/www.suno.com.br\/guias\/dividendos\/\" target=\"_blank\" rel=\"noopener\">dividendos<\/a> do TRXF11<\/strong>, que segue entre R$ 0,90 e R$ 0,93 por cota at\u00e9 dezembro de 2025.<\/p>\n\n\n\n<p>A base de cotistas se manteve em expans\u00e3o. Em setembro, o <strong>TRXF11 <\/strong>ultrapassou a marca de 204 mil investidores, enquanto o volume m\u00e9dio di\u00e1rio negociado alcan\u00e7ou R$ 10,47 milh\u00f5es, consolidando o fundo entre os mais l\u00edquidos do setor.<\/p>\n\n\n\t<p>\n\t\t<a href=\"https:\/\/lp.suno.com.br\/4-emissao-snel11\/\" target=\"_blank\" data-element=\"shortcode-suno-banner\" title=\"Banner SUNO, clique e saiba mais\">\n\t\t\t<picture>\n\t\t\t\t<source media=\"(max-width: 500px)\" srcset=\"https:\/\/files.sunoresearch.com.br\/n\/uploads\/2025\/07\/400x300-Mobile-Artigos-7.webp\">\n\t\t\t\t<img class=\"newsContent__article__imgCapa newsContent__article__imgCapa--banner\"\n\t\t\t\t\tsrc=\"https:\/\/files.sunoresearch.com.br\/n\/uploads\/2025\/07\/1420x240-Banner-Artigos-1-_-Banner-Materias-5.webp\"\n\t\t\t\t\tdata-promo-id=\"364417\"\t\t\t\t\t\t\t\t\t\twidth='1420' height='240'\t\t\t\t\talt=\"https:\/\/files.sunoresearch.com.br\/n\/uploads\/2025\/07\/1420x240-Banner-Artigos-1-_-Banner-Materias-5.webp\"\n\t\t\t\t>\n\t\t\t<\/picture>\n\t\t<\/a>\n\t<\/p>\n\n\n","protected":false},"excerpt":{"rendered":"<p>O fundo imobili\u00e1rio TRXF11 anunciou um acordo com o Atacad\u00e3o para a compra e loca\u00e7\u00e3o de sete im\u00f3veis operados pela rede varejista, que recentemente fechou seu capital no pa\u00eds. A transa\u00e7\u00e3o est\u00e1 estimada em cerca de R$ 297 milh\u00f5es e ser\u00e1 estruturada no modelo \u201csale and leaseback\u201d, em que o ativo \u00e9 vendido e imediatamente &hellip; Continued<\/p>\n","protected":false},"author":339,"featured_media":631678,"comment_status":"closed","ping_status":"closed","sticky":false,"template":"","format":"standard","meta":[],"categories":[66],"tags":[2226,315,106608,803],"suno_strategy":[],"class_list":["post-631677","post","type-post","status-publish","format-standard","has-post-thumbnail","hentry","category-fiis","tag-atacadao","tag-fundos-imobiliarios-fiis","tag-trxf11","tag-varejo"],"yoast_head":"<!-- This site is optimized with the Yoast SEO plugin v24.4 - https:\/\/yoast.com\/wordpress\/plugins\/seo\/ -->\n<title>TRXF11 fecha acordo para compra de 7 im\u00f3veis do Atacad\u00e3o<\/title>\n<meta name=\"description\" content=\"TRXF11 anunciou acordo com o Atacad\u00e3o para a compra e loca\u00e7\u00e3o de sete im\u00f3veis operados pela rede varejista, por cerca de R$ 297 milh\u00f5es.\" \/>\n<meta name=\"robots\" content=\"index, follow, max-snippet:-1, max-image-preview:large, max-video-preview:-1\" \/>\n<link rel=\"canonical\" href=\"https:\/\/www.suno.com.br\/noticias\/trxf11-compra-7-imoveis-atacadao\/\" \/>\n<meta property=\"og:locale\" content=\"pt_BR\" \/>\n<meta property=\"og:type\" content=\"article\" \/>\n<meta property=\"og:title\" content=\"TRXF11 fecha acordo para compra de 7 im\u00f3veis do Atacad\u00e3o\" \/>\n<meta property=\"og:description\" content=\"TRXF11 anunciou acordo com o Atacad\u00e3o para a compra e loca\u00e7\u00e3o de sete im\u00f3veis operados pela rede varejista, por cerca de R$ 297 milh\u00f5es.\" \/>\n<meta property=\"og:url\" content=\"https:\/\/www.suno.com.br\/noticias\/trxf11-compra-7-imoveis-atacadao\/\" \/>\n<meta property=\"og:site_name\" content=\"Suno Not\u00edcias\" \/>\n<meta property=\"article:publisher\" content=\"https:\/\/facebook.com\/sunoresearch\" \/>\n<meta property=\"og:image\" content=\"https:\/\/files.sunoresearch.com.br\/n\/uploads\/2025\/11\/TRXF11-atacadao.webp\" \/>\n\t<meta property=\"og:image:width\" content=\"1366\" \/>\n\t<meta property=\"og:image:height\" content=\"299\" \/>\n\t<meta property=\"og:image:type\" content=\"image\/webp\" \/>\n<meta name=\"author\" content=\"Fernando Cesarotti\" \/>\n<meta name=\"twitter:card\" content=\"summary_large_image\" \/>\n<meta name=\"twitter:creator\" content=\"@sunoresearch\" \/>\n<meta name=\"twitter:site\" content=\"@sunoresearch\" \/>\n<meta name=\"twitter:label1\" content=\"Escrito por\" \/>\n\t<meta name=\"twitter:data1\" content=\"Fernando Cesarotti\" \/>\n\t<meta name=\"twitter:label2\" content=\"Est. tempo de leitura\" \/>\n\t<meta name=\"twitter:data2\" content=\"4 minutos\" \/>\n<script type=\"application\/ld+json\" class=\"yoast-schema-graph\">{\"@context\":\"https:\/\/schema.org\",\"@graph\":[{\"@type\":\"NewsArticle\",\"@id\":\"https:\/\/www.suno.com.br\/noticias\/trxf11-compra-7-imoveis-atacadao\/#article\",\"isPartOf\":{\"@id\":\"https:\/\/www.suno.com.br\/noticias\/trxf11-compra-7-imoveis-atacadao\/\"},\"author\":{\"name\":\"Fernando Cesarotti\",\"@id\":\"https:\/\/www.suno.com.br\/noticias\/#\/schema\/person\/02171f82e02ec2306ed662847e114507\"},\"headline\":\"TRXF11 fecha acordo com Atacad\u00e3o para compra de 7 im\u00f3veis de varejo\",\"datePublished\":\"2025-11-10T11:15:08+00:00\",\"dateModified\":\"2025-11-10T11:51:53+00:00\",\"mainEntityOfPage\":{\"@id\":\"https:\/\/www.suno.com.br\/noticias\/trxf11-compra-7-imoveis-atacadao\/\"},\"wordCount\":636,\"publisher\":{\"@id\":\"https:\/\/www.suno.com.br\/noticias\/#organization\"},\"image\":{\"@id\":\"https:\/\/www.suno.com.br\/noticias\/trxf11-compra-7-imoveis-atacadao\/#primaryimage\"},\"thumbnailUrl\":\"https:\/\/files.sunoresearch.com.br\/n\/uploads\/2025\/11\/TRXF11-atacadao.webp\",\"keywords\":[\"Atacad\u00e3o\",\"Fundos Imobili\u00e1rios (FIIs)\",\"TRXF11\",\"varejo\"],\"articleSection\":[\"FIIs\"],\"inLanguage\":\"pt-BR\"},{\"@type\":\"WebPage\",\"@id\":\"https:\/\/www.suno.com.br\/noticias\/trxf11-compra-7-imoveis-atacadao\/\",\"url\":\"https:\/\/www.suno.com.br\/noticias\/trxf11-compra-7-imoveis-atacadao\/\",\"name\":\"TRXF11 fecha acordo para compra de 7 im\u00f3veis do Atacad\u00e3o\",\"isPartOf\":{\"@id\":\"https:\/\/www.suno.com.br\/noticias\/#website\"},\"primaryImageOfPage\":{\"@id\":\"https:\/\/www.suno.com.br\/noticias\/trxf11-compra-7-imoveis-atacadao\/#primaryimage\"},\"image\":{\"@id\":\"https:\/\/www.suno.com.br\/noticias\/trxf11-compra-7-imoveis-atacadao\/#primaryimage\"},\"thumbnailUrl\":\"https:\/\/files.sunoresearch.com.br\/n\/uploads\/2025\/11\/TRXF11-atacadao.webp\",\"datePublished\":\"2025-11-10T11:15:08+00:00\",\"dateModified\":\"2025-11-10T11:51:53+00:00\",\"description\":\"TRXF11 anunciou acordo com o Atacad\u00e3o para a compra e loca\u00e7\u00e3o de sete im\u00f3veis operados pela rede varejista, por cerca de R$ 297 milh\u00f5es.\",\"breadcrumb\":{\"@id\":\"https:\/\/www.suno.com.br\/noticias\/trxf11-compra-7-imoveis-atacadao\/#breadcrumb\"},\"inLanguage\":\"pt-BR\",\"potentialAction\":[{\"@type\":\"ReadAction\",\"target\":[\"https:\/\/www.suno.com.br\/noticias\/trxf11-compra-7-imoveis-atacadao\/\"]}]},{\"@type\":\"ImageObject\",\"inLanguage\":\"pt-BR\",\"@id\":\"https:\/\/www.suno.com.br\/noticias\/trxf11-compra-7-imoveis-atacadao\/#primaryimage\",\"url\":\"https:\/\/files.sunoresearch.com.br\/n\/uploads\/2025\/11\/TRXF11-atacadao.webp\",\"contentUrl\":\"https:\/\/files.sunoresearch.com.br\/n\/uploads\/2025\/11\/TRXF11-atacadao.webp\",\"width\":1366,\"height\":299,\"caption\":\"TRXF11 anunciou acordo com o Atacad\u00e3o - Foto: Divulga\u00e7\u00e3o\"},{\"@type\":\"BreadcrumbList\",\"@id\":\"https:\/\/www.suno.com.br\/noticias\/trxf11-compra-7-imoveis-atacadao\/#breadcrumb\",\"itemListElement\":[{\"@type\":\"ListItem\",\"position\":1,\"name\":\"Not\u00edcias\",\"item\":\"https:\/\/www.suno.com.br\/noticias\/\"},{\"@type\":\"ListItem\",\"position\":2,\"name\":\"FIIs\",\"item\":\"https:\/\/www.suno.com.br\/noticias\/fiis\/\"},{\"@type\":\"ListItem\",\"position\":3,\"name\":\"TRXF11 fecha acordo com Atacad\u00e3o para compra de 7 im\u00f3veis de varejo\"}]},{\"@type\":\"WebSite\",\"@id\":\"https:\/\/www.suno.com.br\/noticias\/#website\",\"url\":\"https:\/\/www.suno.com.br\/noticias\/\",\"name\":\"Suno Not\u00edcias\",\"description\":\"Seu portal de informa\u00e7\u00e3o sobre o mundo dos investimentos\",\"publisher\":{\"@id\":\"https:\/\/www.suno.com.br\/noticias\/#organization\"},\"potentialAction\":[{\"@type\":\"SearchAction\",\"target\":{\"@type\":\"EntryPoint\",\"urlTemplate\":\"https:\/\/www.suno.com.br\/noticias\/?s={search_term_string}\"},\"query-input\":{\"@type\":\"PropertyValueSpecification\",\"valueRequired\":true,\"valueName\":\"search_term_string\"}}],\"inLanguage\":\"pt-BR\"},{\"@type\":\"Organization\",\"@id\":\"https:\/\/www.suno.com.br\/noticias\/#organization\",\"name\":\"Suno Not\u00edcias\",\"url\":\"https:\/\/www.suno.com.br\/noticias\/\",\"logo\":{\"@type\":\"ImageObject\",\"inLanguage\":\"pt-BR\",\"@id\":\"https:\/\/www.suno.com.br\/noticias\/#\/schema\/logo\/image\/\",\"url\":\"https:\/\/files.sunoresearch.com.br\/n\/uploads\/2021\/09\/suno-logo.png\",\"contentUrl\":\"https:\/\/files.sunoresearch.com.br\/n\/uploads\/2021\/09\/suno-logo.png\",\"width\":180,\"height\":180,\"caption\":\"Suno Not\u00edcias\"},\"image\":{\"@id\":\"https:\/\/www.suno.com.br\/noticias\/#\/schema\/logo\/image\/\"},\"sameAs\":[\"https:\/\/facebook.com\/sunoresearch\",\"https:\/\/x.com\/sunoresearch\",\"https:\/\/www.instagram.com\/suno\",\"https:\/\/www.linkedin.com\/company\/suno-research\/\",\"https:\/\/www.youtube.com\/c\/sunoresearch\"]},{\"@type\":\"Person\",\"@id\":\"https:\/\/www.suno.com.br\/noticias\/#\/schema\/person\/02171f82e02ec2306ed662847e114507\",\"name\":\"Fernando Cesarotti\",\"image\":{\"@type\":\"ImageObject\",\"inLanguage\":\"pt-BR\",\"@id\":\"https:\/\/www.suno.com.br\/noticias\/#\/schema\/person\/image\/\",\"url\":\"https:\/\/secure.gravatar.com\/avatar\/fc3a37e1dd6249fd3cfdc1702d00d404?s=96&r=g\",\"contentUrl\":\"https:\/\/secure.gravatar.com\/avatar\/fc3a37e1dd6249fd3cfdc1702d00d404?s=96&r=g\",\"caption\":\"Fernando Cesarotti\"},\"description\":\"Jornalista, editor do FIIs.com.br. Graduado pela Unesp, com p\u00f3s-gradua\u00e7\u00e3o em Jornalismo Liter\u00e1rio, com mais de 20 anos de experi\u00eancia em coberturas de economia, pol\u00edtica e esportes. Passagem tamb\u00e9m pelo meio acad\u00eamico, como professor universit\u00e1rio em cursos de Comunica\u00e7\u00e3o e l\u00edder de empresa j\u00fanior.\",\"url\":\"https:\/\/www.suno.com.br\/noticias\/author\/fcesarottigmail-com\/\"}]}<\/script>\n<!-- \/ Yoast SEO plugin. -->","yoast_head_json":{"title":"TRXF11 fecha acordo para compra de 7 im\u00f3veis do Atacad\u00e3o","description":"TRXF11 anunciou acordo com o Atacad\u00e3o para a compra e loca\u00e7\u00e3o de sete im\u00f3veis operados pela rede varejista, por cerca de R$ 297 milh\u00f5es.","robots":{"index":"index","follow":"follow","max-snippet":"max-snippet:-1","max-image-preview":"max-image-preview:large","max-video-preview":"max-video-preview:-1"},"canonical":"https:\/\/www.suno.com.br\/noticias\/trxf11-compra-7-imoveis-atacadao\/","og_locale":"pt_BR","og_type":"article","og_title":"TRXF11 fecha acordo para compra de 7 im\u00f3veis do Atacad\u00e3o","og_description":"TRXF11 anunciou acordo com o Atacad\u00e3o para a compra e loca\u00e7\u00e3o de sete im\u00f3veis operados pela rede varejista, por cerca de R$ 297 milh\u00f5es.","og_url":"https:\/\/www.suno.com.br\/noticias\/trxf11-compra-7-imoveis-atacadao\/","og_site_name":"Suno Not\u00edcias","article_publisher":"https:\/\/facebook.com\/sunoresearch","og_image":[{"width":1366,"height":299,"url":"https:\/\/files.sunoresearch.com.br\/n\/uploads\/2025\/11\/TRXF11-atacadao.webp","type":"image\/webp"}],"author":"Fernando Cesarotti","twitter_card":"summary_large_image","twitter_creator":"@sunoresearch","twitter_site":"@sunoresearch","twitter_misc":{"Escrito por":"Fernando Cesarotti","Est. tempo de leitura":"4 minutos"},"schema":{"@context":"https:\/\/schema.org","@graph":[{"@type":"NewsArticle","@id":"https:\/\/www.suno.com.br\/noticias\/trxf11-compra-7-imoveis-atacadao\/#article","isPartOf":{"@id":"https:\/\/www.suno.com.br\/noticias\/trxf11-compra-7-imoveis-atacadao\/"},"author":{"name":"Fernando Cesarotti","@id":"https:\/\/www.suno.com.br\/noticias\/#\/schema\/person\/02171f82e02ec2306ed662847e114507"},"headline":"TRXF11 fecha acordo com Atacad\u00e3o para compra de 7 im\u00f3veis de varejo","datePublished":"2025-11-10T11:15:08+00:00","dateModified":"2025-11-10T11:51:53+00:00","mainEntityOfPage":{"@id":"https:\/\/www.suno.com.br\/noticias\/trxf11-compra-7-imoveis-atacadao\/"},"wordCount":636,"publisher":{"@id":"https:\/\/www.suno.com.br\/noticias\/#organization"},"image":{"@id":"https:\/\/www.suno.com.br\/noticias\/trxf11-compra-7-imoveis-atacadao\/#primaryimage"},"thumbnailUrl":"https:\/\/files.sunoresearch.com.br\/n\/uploads\/2025\/11\/TRXF11-atacadao.webp","keywords":["Atacad\u00e3o","Fundos Imobili\u00e1rios (FIIs)","TRXF11","varejo"],"articleSection":["FIIs"],"inLanguage":"pt-BR"},{"@type":"WebPage","@id":"https:\/\/www.suno.com.br\/noticias\/trxf11-compra-7-imoveis-atacadao\/","url":"https:\/\/www.suno.com.br\/noticias\/trxf11-compra-7-imoveis-atacadao\/","name":"TRXF11 fecha acordo para compra de 7 im\u00f3veis do Atacad\u00e3o","isPartOf":{"@id":"https:\/\/www.suno.com.br\/noticias\/#website"},"primaryImageOfPage":{"@id":"https:\/\/www.suno.com.br\/noticias\/trxf11-compra-7-imoveis-atacadao\/#primaryimage"},"image":{"@id":"https:\/\/www.suno.com.br\/noticias\/trxf11-compra-7-imoveis-atacadao\/#primaryimage"},"thumbnailUrl":"https:\/\/files.sunoresearch.com.br\/n\/uploads\/2025\/11\/TRXF11-atacadao.webp","datePublished":"2025-11-10T11:15:08+00:00","dateModified":"2025-11-10T11:51:53+00:00","description":"TRXF11 anunciou acordo com o Atacad\u00e3o para a compra e loca\u00e7\u00e3o de sete im\u00f3veis operados pela rede varejista, por cerca de R$ 297 milh\u00f5es.","breadcrumb":{"@id":"https:\/\/www.suno.com.br\/noticias\/trxf11-compra-7-imoveis-atacadao\/#breadcrumb"},"inLanguage":"pt-BR","potentialAction":[{"@type":"ReadAction","target":["https:\/\/www.suno.com.br\/noticias\/trxf11-compra-7-imoveis-atacadao\/"]}]},{"@type":"ImageObject","inLanguage":"pt-BR","@id":"https:\/\/www.suno.com.br\/noticias\/trxf11-compra-7-imoveis-atacadao\/#primaryimage","url":"https:\/\/files.sunoresearch.com.br\/n\/uploads\/2025\/11\/TRXF11-atacadao.webp","contentUrl":"https:\/\/files.sunoresearch.com.br\/n\/uploads\/2025\/11\/TRXF11-atacadao.webp","width":1366,"height":299,"caption":"TRXF11 anunciou acordo com o Atacad\u00e3o - Foto: Divulga\u00e7\u00e3o"},{"@type":"BreadcrumbList","@id":"https:\/\/www.suno.com.br\/noticias\/trxf11-compra-7-imoveis-atacadao\/#breadcrumb","itemListElement":[{"@type":"ListItem","position":1,"name":"Not\u00edcias","item":"https:\/\/www.suno.com.br\/noticias\/"},{"@type":"ListItem","position":2,"name":"FIIs","item":"https:\/\/www.suno.com.br\/noticias\/fiis\/"},{"@type":"ListItem","position":3,"name":"TRXF11 fecha acordo com Atacad\u00e3o para compra de 7 im\u00f3veis de varejo"}]},{"@type":"WebSite","@id":"https:\/\/www.suno.com.br\/noticias\/#website","url":"https:\/\/www.suno.com.br\/noticias\/","name":"Suno Not\u00edcias","description":"Seu portal de informa\u00e7\u00e3o sobre o mundo dos investimentos","publisher":{"@id":"https:\/\/www.suno.com.br\/noticias\/#organization"},"potentialAction":[{"@type":"SearchAction","target":{"@type":"EntryPoint","urlTemplate":"https:\/\/www.suno.com.br\/noticias\/?s={search_term_string}"},"query-input":{"@type":"PropertyValueSpecification","valueRequired":true,"valueName":"search_term_string"}}],"inLanguage":"pt-BR"},{"@type":"Organization","@id":"https:\/\/www.suno.com.br\/noticias\/#organization","name":"Suno Not\u00edcias","url":"https:\/\/www.suno.com.br\/noticias\/","logo":{"@type":"ImageObject","inLanguage":"pt-BR","@id":"https:\/\/www.suno.com.br\/noticias\/#\/schema\/logo\/image\/","url":"https:\/\/files.sunoresearch.com.br\/n\/uploads\/2021\/09\/suno-logo.png","contentUrl":"https:\/\/files.sunoresearch.com.br\/n\/uploads\/2021\/09\/suno-logo.png","width":180,"height":180,"caption":"Suno Not\u00edcias"},"image":{"@id":"https:\/\/www.suno.com.br\/noticias\/#\/schema\/logo\/image\/"},"sameAs":["https:\/\/facebook.com\/sunoresearch","https:\/\/x.com\/sunoresearch","https:\/\/www.instagram.com\/suno","https:\/\/www.linkedin.com\/company\/suno-research\/","https:\/\/www.youtube.com\/c\/sunoresearch"]},{"@type":"Person","@id":"https:\/\/www.suno.com.br\/noticias\/#\/schema\/person\/02171f82e02ec2306ed662847e114507","name":"Fernando Cesarotti","image":{"@type":"ImageObject","inLanguage":"pt-BR","@id":"https:\/\/www.suno.com.br\/noticias\/#\/schema\/person\/image\/","url":"https:\/\/secure.gravatar.com\/avatar\/fc3a37e1dd6249fd3cfdc1702d00d404?s=96&r=g","contentUrl":"https:\/\/secure.gravatar.com\/avatar\/fc3a37e1dd6249fd3cfdc1702d00d404?s=96&r=g","caption":"Fernando Cesarotti"},"description":"Jornalista, editor do FIIs.com.br. Graduado pela Unesp, com p\u00f3s-gradua\u00e7\u00e3o em Jornalismo Liter\u00e1rio, com mais de 20 anos de experi\u00eancia em coberturas de economia, pol\u00edtica e esportes. Passagem tamb\u00e9m pelo meio acad\u00eamico, como professor universit\u00e1rio em cursos de Comunica\u00e7\u00e3o e l\u00edder de empresa j\u00fanior.","url":"https:\/\/www.suno.com.br\/noticias\/author\/fcesarottigmail-com\/"}]}},"default_loop_html":"<div class=\"cardsPage__listCard__boxs\"><div class=\"cardsPage__listCard__boxs__img\"><a href=\"https:\/\/www.suno.com.br\/noticias\/trxf11-compra-7-imoveis-atacadao\/\"><img class=\"mask\" src=\"https:\/\/www.suno.com.br\/noticias\/wp-content\/themes\/suno\/resources\/images\/spotlight\/spotlight1img\/bg-mask.png\" alt=\"Image Mask\"\/><img src=\"https:\/\/files.sunoresearch.com.br\/n\/uploads\/2025\/11\/TRXF11-atacadao-400x200.webp\" alt=\"TRXF11 fecha acordo com Atacad\u00e3o para compra de 7 im\u00f3veis de varejo\"\/><\/a><span class=\"spotlightCategory\"><a href=\"https:\/\/www.suno.com.br\/noticias\/fiis\/\">FIIs<\/a><\/span><\/div><div class=\"cardsPage__listCard__boxs__content\"><a href=\"https:\/\/www.suno.com.br\/noticias\/trxf11-compra-7-imoveis-atacadao\/\"><h2 class=\"content__title\">TRXF11 fecha acordo com Atacad\u00e3o para compra de 7 im\u00f3veis de varejo<\/h2><\/a><div class=\"newsContent__article__meta\"><div class=\"newsContent__article__meta__authorBox\"><a href=\"https:\/\/www.suno.com.br\/noticias\/author\/fcesarottigmail-com\/\" class=\"authorBox__avatar noMobi\"><img src=\"https:\/\/files.sunoresearch.com.br\/n\/uploads\/2024\/02\/perfil-150x150.jpg\" alt=\"Fernando Cesarotti\"><\/a><div class=\"authorBox__name\"><span>por\n\t\t\t<a href=\"https:\/\/www.suno.com.br\/noticias\/author\/fcesarottigmail-com\/\"><span itemprop=\"author\">Fernando Cesarotti<\/span><\/a><\/span><time datetime=\"2025-11-10T08:15:08-03:00\" itemprop=\"datePublished\">10\/11\/2025 08:15<\/time><\/div><\/div><\/div><\/div><\/div>","single_layout":"posts","amp_enabled":true,"_links":{"self":[{"href":"https:\/\/www.suno.com.br\/noticias\/wp-json\/wp\/v2\/posts\/631677"}],"collection":[{"href":"https:\/\/www.suno.com.br\/noticias\/wp-json\/wp\/v2\/posts"}],"about":[{"href":"https:\/\/www.suno.com.br\/noticias\/wp-json\/wp\/v2\/types\/post"}],"author":[{"embeddable":true,"href":"https:\/\/www.suno.com.br\/noticias\/wp-json\/wp\/v2\/users\/339"}],"replies":[{"embeddable":true,"href":"https:\/\/www.suno.com.br\/noticias\/wp-json\/wp\/v2\/comments?post=631677"}],"version-history":[{"count":1,"href":"https:\/\/www.suno.com.br\/noticias\/wp-json\/wp\/v2\/posts\/631677\/revisions"}],"predecessor-version":[{"id":631685,"href":"https:\/\/www.suno.com.br\/noticias\/wp-json\/wp\/v2\/posts\/631677\/revisions\/631685"}],"wp:featuredmedia":[{"embeddable":true,"href":"https:\/\/www.suno.com.br\/noticias\/wp-json\/wp\/v2\/media\/631678"}],"wp:attachment":[{"href":"https:\/\/www.suno.com.br\/noticias\/wp-json\/wp\/v2\/media?parent=631677"}],"wp:term":[{"taxonomy":"category","embeddable":true,"href":"https:\/\/www.suno.com.br\/noticias\/wp-json\/wp\/v2\/categories?post=631677"},{"taxonomy":"post_tag","embeddable":true,"href":"https:\/\/www.suno.com.br\/noticias\/wp-json\/wp\/v2\/tags?post=631677"},{"taxonomy":"suno_strategy","embeddable":true,"href":"https:\/\/www.suno.com.br\/noticias\/wp-json\/wp\/v2\/suno_strategy?post=631677"}],"curies":[{"name":"wp","href":"https:\/\/api.w.org\/{rel}","templated":true}]}}