{"id":63113,"date":"2020-04-29T16:51:22","date_gmt":"2020-04-29T19:51:22","guid":{"rendered":"https:\/\/www.suno.com.br\/noticias\/?p=63113"},"modified":"2020-04-29T16:51:22","modified_gmt":"2020-04-29T19:51:22","slug":"ministro-turismo-mp-credito-empresas","status":"publish","type":"post","link":"https:\/\/www.suno.com.br\/noticias\/ministro-turismo-mp-credito-empresas\/","title":{"rendered":"Governo: MP que libera cr\u00e9dito a Turismo deve estar pronta em 8 de maio"},"content":{"rendered":"<p>O ministro do Turismo, Marcelo \u00c1lvaro Ant\u00f4nio, afirmou que a Medida Provis\u00f3ria que prev\u00ea a libera\u00e7\u00e3o de R$ 5 bilh\u00f5es \u00e0 empresas de <strong>turismo<\/strong> deve estar pronta para publica\u00e7\u00e3o at\u00e9 a pr\u00f3xima semana.<\/p>\t<div class=\"wrapper-featured-image\">\n\t\t<figure class=\"spotlightImg\">\n\n\t\t\t<picture>\n\t\t\t\t<source media=\"(max-width: 768px)\" srcset=\"https:\/\/files.sunoresearch.com.br\/n\/uploads\/2020\/04\/94e285f8-\u00c1lvaro-ant\u00f4nio-400x200.webp\">\n\t\t\t\t<img loading=\"lazy\" decoding=\"async\" class=\"newsContent__article__imgCapa lazyloadDisabled newsContent__article__imgCapa--noCaption\" src=\"https:\/\/files.sunoresearch.com.br\/n\/uploads\/2020\/04\/94e285f8-\u00c1lvaro-ant\u00f4nio-800x450.webp\" width=\"800\" height=\"450\" alt=\"Governo: MP que libera cr\u00e9dito a Turismo deve estar pronta em 8 de maio\" fetchpriority=high \/>\n\t\t\t<\/picture>\n\n\t\t\t<figcaption class=\"wp-caption-text wp-caption-text--hide\">Governo: MP que libera cr\u00e9dito a Turismo deve estar pronto em 8 de maio<\/figcaption>\n\t\t<\/figure>\n\t<\/div>\n\n\n\n<p>O cr\u00e9dito para prestar suporte \u00e0s empresas afetadas pela pandemia do novo coronav\u00edrus foi anunciada pelo chefe da pasta na \u00faltima quarta-feira (22) , segundo o ministro dever\u00e1 ser liberado at\u00e9 o dia 8 de maio. O texto foi enviado ao <a href=\"https:\/\/www.suno.com.br\/artigos\/ministerio-da-fazenda\/\">Minist\u00e9rio da Economia<\/a> para avalia\u00e7\u00e3o da viabilidade da disponibiliza\u00e7\u00e3o dos recursos.<\/p>\n<p><a href=\"https:\/\/lp.suno.com.br\/suno-one\/\">Veja tamb\u00e9m: Garanta acesso gratuito \u00e0 eBooks, Minicursos, Artigos e Video Aulas com um \u00fanico cadastro. Clique para saber mais.<\/a><\/p>\n<p>&#8220;\u00c9 uma luta com a Economia. Sabemos que os gastos do Tesouro est\u00e3o alt\u00edssimos, mas as sinaliza\u00e7\u00f5es at\u00e9 aqui t\u00eam sido positivas&#8221;, afirmou o ministro do Turismo. &#8220;Eu j\u00e1 disse para o <a href=\"https:\/\/www.suno.com.br\/tudo-sobre\/paulo-guedes\/\">Guedes<\/a> que &#8216;depois que morrer n\u00e3o adianta tentar ressuscitar'&#8221;, destacou o chefe da pasta, se referindo a agiliza\u00e7\u00e3o para libera\u00e7\u00e3o do cr\u00e9dito.<\/p>\n<p>&#8220;Os R$ 5 bilh\u00f5es est\u00e3o muito bem constru\u00eddos, e a possibilidade de ser liberado em breve \u00e9 muito grande. Tenho esperan\u00e7a de que at\u00e9 sexta-feira da pr\u00f3xima semana teremos o an\u00fancio&#8221;, concluiu \u00c1lvaro Ant\u00f4nio.<\/p>\n<h2>MP prev\u00ea aux\u00edlio \u00e0 empresas do setor de turismo<\/h2>\n<p>A proposta do Minist\u00e9rio do Turismo funciona como o capital de giro para as companhias do setor de turismo e hotelaria. De acordo com \u00c1lvaro Ant\u00f4nio, 80% dos recursos ser\u00e3o destinados a empresas de pequeno e m\u00e9dio porte, enquanto os 20% restantes ir\u00e3o para m\u00e9dias e grandes.<\/p>\n<p><a href=\"https:\/\/www.suno.com.br\/noticias\/cvc-turismo-recuperacao-2023\/\">Saiba mais: CVC (CVCB3): turismo deve se recuperar apenas em 2023<\/a><\/p>\n<p>O ministro ainda defendeu que a MP 948, publicada no in\u00edcio de abril, que suspende a obriga\u00e7\u00e3o de empresas de turismo e cultura de fazer o reembolso imediato de servi\u00e7os cancelados em raz\u00e3o da pandemia. &#8220;Essa MP visa a preservar a sa\u00fade financeira das empresas e resguardar direito dos consumidores&#8221;, afirmou \u00c1lvaro Ant\u00f4nio.<\/p>\n<p>O chefe da pasta tamb\u00e9m lembrou que a MP 936, a qual permite a suspens\u00e3o dos contratos de trabalho, \u00e9 uma alternativa que pode servir de apoio ao setor de <strong>turismo,<\/strong> visto que a folha de pagamento no segmento de hotelaria corresponde a cerca de 40% do faturamento das empresas.<\/p>\n\n","protected":false},"excerpt":{"rendered":"<p>O ministro do Turismo, Marcelo \u00c1lvaro Ant\u00f4nio, afirmou que a Medida Provis\u00f3ria que prev\u00ea a libera\u00e7\u00e3o de R$ 5 bilh\u00f5es \u00e0 empresas de turismo deve estar pronta para publica\u00e7\u00e3o at\u00e9 a pr\u00f3xima semana. Governo: MP que libera cr\u00e9dito a Turismo deve estar pronto em 8 de maio O cr\u00e9dito para prestar suporte \u00e0s empresas afetadas [&hellip;]<\/p>\n","protected":false},"author":35,"featured_media":63118,"comment_status":"closed","ping_status":"closed","sticky":false,"template":"","format":"standard","meta":[],"categories":[62],"tags":[1836,909,1178],"suno_strategy":[],"class_list":["post-63113","post","type-post","status-publish","format-standard","has-post-thumbnail","hentry","category-economia","tag-medida-provisoria","tag-ministerio-da-economia","tag-ministerio-do-turismo"],"yoast_head":"<!-- This site is optimized with the Yoast SEO plugin v24.4 - https:\/\/yoast.com\/wordpress\/plugins\/seo\/ -->\n<title>Governo: MP que libera cr\u00e9dito a Turismo deve estar pronta em 8 de maio<\/title>\n<meta name=\"description\" content=\"Segundo o ministro do Turismo, a MP que prev\u00ea a cr\u00e9dito \u00e0s empresas de turismo deve estar pronta na pr\u00f3xima semana. Clique para saber mais\" \/>\n<meta name=\"robots\" content=\"index, follow, max-snippet:-1, max-image-preview:large, max-video-preview:-1\" \/>\n<link rel=\"canonical\" href=\"https:\/\/www.suno.com.br\/noticias\/ministro-turismo-mp-credito-empresas\/\" \/>\n<meta property=\"og:locale\" content=\"pt_BR\" \/>\n<meta property=\"og:type\" content=\"article\" \/>\n<meta property=\"og:title\" content=\"Governo: MP que libera cr\u00e9dito a Turismo deve estar pronta em 8 de maio\" \/>\n<meta property=\"og:description\" content=\"Segundo o ministro do Turismo, a MP que prev\u00ea a cr\u00e9dito \u00e0s empresas de turismo deve estar pronta na pr\u00f3xima semana. Clique para saber mais\" \/>\n<meta property=\"og:url\" content=\"https:\/\/www.suno.com.br\/noticias\/ministro-turismo-mp-credito-empresas\/\" \/>\n<meta property=\"og:site_name\" content=\"Suno Not\u00edcias\" \/>\n<meta property=\"article:publisher\" content=\"https:\/\/facebook.com\/sunoresearch\" \/>\n<meta property=\"og:image\" content=\"https:\/\/files.sunoresearch.com.br\/n\/uploads\/2020\/04\/94e285f8-\u00c1lvaro-ant\u00f4nio.jpg\" \/>\n\t<meta property=\"og:image:width\" content=\"1024\" \/>\n\t<meta property=\"og:image:height\" content=\"683\" \/>\n\t<meta property=\"og:image:type\" content=\"image\/jpeg\" \/>\n<meta name=\"author\" content=\"Arthur Guimar\u00e3es\" \/>\n<meta name=\"twitter:card\" content=\"summary_large_image\" \/>\n<meta name=\"twitter:creator\" content=\"@sunoresearch\" \/>\n<meta name=\"twitter:site\" content=\"@sunoresearch\" \/>\n<meta name=\"twitter:label1\" content=\"Escrito por\" \/>\n\t<meta name=\"twitter:data1\" content=\"Arthur Guimar\u00e3es\" \/>\n\t<meta name=\"twitter:label2\" content=\"Est. tempo de leitura\" \/>\n\t<meta name=\"twitter:data2\" content=\"2 minutos\" \/>\n<script type=\"application\/ld+json\" class=\"yoast-schema-graph\">{\"@context\":\"https:\/\/schema.org\",\"@graph\":[{\"@type\":\"NewsArticle\",\"@id\":\"https:\/\/www.suno.com.br\/noticias\/ministro-turismo-mp-credito-empresas\/#article\",\"isPartOf\":{\"@id\":\"https:\/\/www.suno.com.br\/noticias\/ministro-turismo-mp-credito-empresas\/\"},\"author\":{\"name\":\"Arthur Guimar\u00e3es\",\"@id\":\"https:\/\/www.suno.com.br\/noticias\/#\/schema\/person\/053a750a709a263919a20f976caae91c\"},\"headline\":\"Governo: MP que libera cr\u00e9dito a Turismo deve estar pronta em 8 de maio\",\"datePublished\":\"2020-04-29T19:51:22+00:00\",\"mainEntityOfPage\":{\"@id\":\"https:\/\/www.suno.com.br\/noticias\/ministro-turismo-mp-credito-empresas\/\"},\"wordCount\":410,\"publisher\":{\"@id\":\"https:\/\/www.suno.com.br\/noticias\/#organization\"},\"image\":{\"@id\":\"https:\/\/www.suno.com.br\/noticias\/ministro-turismo-mp-credito-empresas\/#primaryimage\"},\"thumbnailUrl\":\"https:\/\/files.sunoresearch.com.br\/n\/uploads\/2020\/04\/94e285f8-\u00c1lvaro-ant\u00f4nio-jpg.webp\",\"keywords\":[\"medida provis\u00f3ria\",\"Minist\u00e9rio da Economia\",\"Minist\u00e9rio do Turismo\"],\"articleSection\":[\"Economia\"],\"inLanguage\":\"pt-BR\"},{\"@type\":\"WebPage\",\"@id\":\"https:\/\/www.suno.com.br\/noticias\/ministro-turismo-mp-credito-empresas\/\",\"url\":\"https:\/\/www.suno.com.br\/noticias\/ministro-turismo-mp-credito-empresas\/\",\"name\":\"Governo: MP que libera cr\u00e9dito a Turismo deve estar pronta em 8 de maio\",\"isPartOf\":{\"@id\":\"https:\/\/www.suno.com.br\/noticias\/#website\"},\"primaryImageOfPage\":{\"@id\":\"https:\/\/www.suno.com.br\/noticias\/ministro-turismo-mp-credito-empresas\/#primaryimage\"},\"image\":{\"@id\":\"https:\/\/www.suno.com.br\/noticias\/ministro-turismo-mp-credito-empresas\/#primaryimage\"},\"thumbnailUrl\":\"https:\/\/files.sunoresearch.com.br\/n\/uploads\/2020\/04\/94e285f8-\u00c1lvaro-ant\u00f4nio-jpg.webp\",\"datePublished\":\"2020-04-29T19:51:22+00:00\",\"description\":\"Segundo o ministro do Turismo, a MP que prev\u00ea a cr\u00e9dito \u00e0s empresas de turismo deve estar pronta na pr\u00f3xima semana. Clique para saber mais\",\"breadcrumb\":{\"@id\":\"https:\/\/www.suno.com.br\/noticias\/ministro-turismo-mp-credito-empresas\/#breadcrumb\"},\"inLanguage\":\"pt-BR\",\"potentialAction\":[{\"@type\":\"ReadAction\",\"target\":[\"https:\/\/www.suno.com.br\/noticias\/ministro-turismo-mp-credito-empresas\/\"]}]},{\"@type\":\"ImageObject\",\"inLanguage\":\"pt-BR\",\"@id\":\"https:\/\/www.suno.com.br\/noticias\/ministro-turismo-mp-credito-empresas\/#primaryimage\",\"url\":\"https:\/\/files.sunoresearch.com.br\/n\/uploads\/2020\/04\/94e285f8-\u00c1lvaro-ant\u00f4nio-jpg.webp\",\"contentUrl\":\"https:\/\/files.sunoresearch.com.br\/n\/uploads\/2020\/04\/94e285f8-\u00c1lvaro-ant\u00f4nio-jpg.webp\",\"width\":1024,\"height\":683,\"caption\":\"Governo: MP que libera cr\u00e9dito a Turismo deve estar pronto em 8 de maio\"},{\"@type\":\"BreadcrumbList\",\"@id\":\"https:\/\/www.suno.com.br\/noticias\/ministro-turismo-mp-credito-empresas\/#breadcrumb\",\"itemListElement\":[{\"@type\":\"ListItem\",\"position\":1,\"name\":\"Not\u00edcias\",\"item\":\"https:\/\/www.suno.com.br\/noticias\/\"},{\"@type\":\"ListItem\",\"position\":2,\"name\":\"Economia\",\"item\":\"https:\/\/www.suno.com.br\/noticias\/economia\/\"},{\"@type\":\"ListItem\",\"position\":3,\"name\":\"Governo: MP que libera cr\u00e9dito a Turismo deve estar pronta em 8 de maio\"}]},{\"@type\":\"WebSite\",\"@id\":\"https:\/\/www.suno.com.br\/noticias\/#website\",\"url\":\"https:\/\/www.suno.com.br\/noticias\/\",\"name\":\"Suno Not\u00edcias\",\"description\":\"Seu portal de informa\u00e7\u00e3o sobre o mundo dos investimentos\",\"publisher\":{\"@id\":\"https:\/\/www.suno.com.br\/noticias\/#organization\"},\"potentialAction\":[{\"@type\":\"SearchAction\",\"target\":{\"@type\":\"EntryPoint\",\"urlTemplate\":\"https:\/\/www.suno.com.br\/noticias\/?s={search_term_string}\"},\"query-input\":{\"@type\":\"PropertyValueSpecification\",\"valueRequired\":true,\"valueName\":\"search_term_string\"}}],\"inLanguage\":\"pt-BR\"},{\"@type\":\"Organization\",\"@id\":\"https:\/\/www.suno.com.br\/noticias\/#organization\",\"name\":\"Suno Not\u00edcias\",\"url\":\"https:\/\/www.suno.com.br\/noticias\/\",\"logo\":{\"@type\":\"ImageObject\",\"inLanguage\":\"pt-BR\",\"@id\":\"https:\/\/www.suno.com.br\/noticias\/#\/schema\/logo\/image\/\",\"url\":\"https:\/\/files.sunoresearch.com.br\/n\/uploads\/2021\/09\/suno-logo.png\",\"contentUrl\":\"https:\/\/files.sunoresearch.com.br\/n\/uploads\/2021\/09\/suno-logo.png\",\"width\":180,\"height\":180,\"caption\":\"Suno Not\u00edcias\"},\"image\":{\"@id\":\"https:\/\/www.suno.com.br\/noticias\/#\/schema\/logo\/image\/\"},\"sameAs\":[\"https:\/\/facebook.com\/sunoresearch\",\"https:\/\/x.com\/sunoresearch\",\"https:\/\/www.instagram.com\/suno\",\"https:\/\/www.linkedin.com\/company\/suno-research\/\",\"https:\/\/www.youtube.com\/c\/sunoresearch\"]},{\"@type\":\"Person\",\"@id\":\"https:\/\/www.suno.com.br\/noticias\/#\/schema\/person\/053a750a709a263919a20f976caae91c\",\"name\":\"Arthur Guimar\u00e3es\",\"image\":{\"@type\":\"ImageObject\",\"inLanguage\":\"pt-BR\",\"@id\":\"https:\/\/www.suno.com.br\/noticias\/#\/schema\/person\/image\/\",\"url\":\"https:\/\/secure.gravatar.com\/avatar\/1affd86a11209ae09eb6dd3bcad3e96c?s=96&r=g\",\"contentUrl\":\"https:\/\/secure.gravatar.com\/avatar\/1affd86a11209ae09eb6dd3bcad3e96c?s=96&r=g\",\"caption\":\"Arthur Guimar\u00e3es\"},\"description\":\"Arthur Guimar\u00e3es escreve sobre pol\u00edtica, economia e neg\u00f3cios para o portal de not\u00edcias da Suno Research. Atualmente, \u00e9 estudante de jornalismo pela Faculdade C\u00e1sper L\u00edbero.\",\"url\":\"https:\/\/www.suno.com.br\/noticias\/author\/arthur-guimaraes\/\"}]}<\/script>\n<!-- \/ Yoast SEO plugin. -->","yoast_head_json":{"title":"Governo: MP que libera cr\u00e9dito a Turismo deve estar pronta em 8 de maio","description":"Segundo o ministro do Turismo, a MP que prev\u00ea a cr\u00e9dito \u00e0s empresas de turismo deve estar pronta na pr\u00f3xima semana. Clique para saber mais","robots":{"index":"index","follow":"follow","max-snippet":"max-snippet:-1","max-image-preview":"max-image-preview:large","max-video-preview":"max-video-preview:-1"},"canonical":"https:\/\/www.suno.com.br\/noticias\/ministro-turismo-mp-credito-empresas\/","og_locale":"pt_BR","og_type":"article","og_title":"Governo: MP que libera cr\u00e9dito a Turismo deve estar pronta em 8 de maio","og_description":"Segundo o ministro do Turismo, a MP que prev\u00ea a cr\u00e9dito \u00e0s empresas de turismo deve estar pronta na pr\u00f3xima semana. Clique para saber mais","og_url":"https:\/\/www.suno.com.br\/noticias\/ministro-turismo-mp-credito-empresas\/","og_site_name":"Suno Not\u00edcias","article_publisher":"https:\/\/facebook.com\/sunoresearch","og_image":[{"width":1024,"height":683,"url":"https:\/\/files.sunoresearch.com.br\/n\/uploads\/2020\/04\/94e285f8-\u00c1lvaro-ant\u00f4nio.jpg","type":"image\/jpeg"}],"author":"Arthur Guimar\u00e3es","twitter_card":"summary_large_image","twitter_creator":"@sunoresearch","twitter_site":"@sunoresearch","twitter_misc":{"Escrito por":"Arthur Guimar\u00e3es","Est. tempo de leitura":"2 minutos"},"schema":{"@context":"https:\/\/schema.org","@graph":[{"@type":"NewsArticle","@id":"https:\/\/www.suno.com.br\/noticias\/ministro-turismo-mp-credito-empresas\/#article","isPartOf":{"@id":"https:\/\/www.suno.com.br\/noticias\/ministro-turismo-mp-credito-empresas\/"},"author":{"name":"Arthur Guimar\u00e3es","@id":"https:\/\/www.suno.com.br\/noticias\/#\/schema\/person\/053a750a709a263919a20f976caae91c"},"headline":"Governo: MP que libera cr\u00e9dito a Turismo deve estar pronta em 8 de maio","datePublished":"2020-04-29T19:51:22+00:00","mainEntityOfPage":{"@id":"https:\/\/www.suno.com.br\/noticias\/ministro-turismo-mp-credito-empresas\/"},"wordCount":410,"publisher":{"@id":"https:\/\/www.suno.com.br\/noticias\/#organization"},"image":{"@id":"https:\/\/www.suno.com.br\/noticias\/ministro-turismo-mp-credito-empresas\/#primaryimage"},"thumbnailUrl":"https:\/\/files.sunoresearch.com.br\/n\/uploads\/2020\/04\/94e285f8-\u00c1lvaro-ant\u00f4nio-jpg.webp","keywords":["medida provis\u00f3ria","Minist\u00e9rio da Economia","Minist\u00e9rio do Turismo"],"articleSection":["Economia"],"inLanguage":"pt-BR"},{"@type":"WebPage","@id":"https:\/\/www.suno.com.br\/noticias\/ministro-turismo-mp-credito-empresas\/","url":"https:\/\/www.suno.com.br\/noticias\/ministro-turismo-mp-credito-empresas\/","name":"Governo: MP que libera cr\u00e9dito a Turismo deve estar pronta em 8 de maio","isPartOf":{"@id":"https:\/\/www.suno.com.br\/noticias\/#website"},"primaryImageOfPage":{"@id":"https:\/\/www.suno.com.br\/noticias\/ministro-turismo-mp-credito-empresas\/#primaryimage"},"image":{"@id":"https:\/\/www.suno.com.br\/noticias\/ministro-turismo-mp-credito-empresas\/#primaryimage"},"thumbnailUrl":"https:\/\/files.sunoresearch.com.br\/n\/uploads\/2020\/04\/94e285f8-\u00c1lvaro-ant\u00f4nio-jpg.webp","datePublished":"2020-04-29T19:51:22+00:00","description":"Segundo o ministro do Turismo, a MP que prev\u00ea a cr\u00e9dito \u00e0s empresas de turismo deve estar pronta na pr\u00f3xima semana. Clique para saber mais","breadcrumb":{"@id":"https:\/\/www.suno.com.br\/noticias\/ministro-turismo-mp-credito-empresas\/#breadcrumb"},"inLanguage":"pt-BR","potentialAction":[{"@type":"ReadAction","target":["https:\/\/www.suno.com.br\/noticias\/ministro-turismo-mp-credito-empresas\/"]}]},{"@type":"ImageObject","inLanguage":"pt-BR","@id":"https:\/\/www.suno.com.br\/noticias\/ministro-turismo-mp-credito-empresas\/#primaryimage","url":"https:\/\/files.sunoresearch.com.br\/n\/uploads\/2020\/04\/94e285f8-\u00c1lvaro-ant\u00f4nio-jpg.webp","contentUrl":"https:\/\/files.sunoresearch.com.br\/n\/uploads\/2020\/04\/94e285f8-\u00c1lvaro-ant\u00f4nio-jpg.webp","width":1024,"height":683,"caption":"Governo: MP que libera cr\u00e9dito a Turismo deve estar pronto em 8 de maio"},{"@type":"BreadcrumbList","@id":"https:\/\/www.suno.com.br\/noticias\/ministro-turismo-mp-credito-empresas\/#breadcrumb","itemListElement":[{"@type":"ListItem","position":1,"name":"Not\u00edcias","item":"https:\/\/www.suno.com.br\/noticias\/"},{"@type":"ListItem","position":2,"name":"Economia","item":"https:\/\/www.suno.com.br\/noticias\/economia\/"},{"@type":"ListItem","position":3,"name":"Governo: MP que libera cr\u00e9dito a Turismo deve estar pronta em 8 de maio"}]},{"@type":"WebSite","@id":"https:\/\/www.suno.com.br\/noticias\/#website","url":"https:\/\/www.suno.com.br\/noticias\/","name":"Suno Not\u00edcias","description":"Seu portal de informa\u00e7\u00e3o sobre o mundo dos investimentos","publisher":{"@id":"https:\/\/www.suno.com.br\/noticias\/#organization"},"potentialAction":[{"@type":"SearchAction","target":{"@type":"EntryPoint","urlTemplate":"https:\/\/www.suno.com.br\/noticias\/?s={search_term_string}"},"query-input":{"@type":"PropertyValueSpecification","valueRequired":true,"valueName":"search_term_string"}}],"inLanguage":"pt-BR"},{"@type":"Organization","@id":"https:\/\/www.suno.com.br\/noticias\/#organization","name":"Suno Not\u00edcias","url":"https:\/\/www.suno.com.br\/noticias\/","logo":{"@type":"ImageObject","inLanguage":"pt-BR","@id":"https:\/\/www.suno.com.br\/noticias\/#\/schema\/logo\/image\/","url":"https:\/\/files.sunoresearch.com.br\/n\/uploads\/2021\/09\/suno-logo.png","contentUrl":"https:\/\/files.sunoresearch.com.br\/n\/uploads\/2021\/09\/suno-logo.png","width":180,"height":180,"caption":"Suno Not\u00edcias"},"image":{"@id":"https:\/\/www.suno.com.br\/noticias\/#\/schema\/logo\/image\/"},"sameAs":["https:\/\/facebook.com\/sunoresearch","https:\/\/x.com\/sunoresearch","https:\/\/www.instagram.com\/suno","https:\/\/www.linkedin.com\/company\/suno-research\/","https:\/\/www.youtube.com\/c\/sunoresearch"]},{"@type":"Person","@id":"https:\/\/www.suno.com.br\/noticias\/#\/schema\/person\/053a750a709a263919a20f976caae91c","name":"Arthur Guimar\u00e3es","image":{"@type":"ImageObject","inLanguage":"pt-BR","@id":"https:\/\/www.suno.com.br\/noticias\/#\/schema\/person\/image\/","url":"https:\/\/secure.gravatar.com\/avatar\/1affd86a11209ae09eb6dd3bcad3e96c?s=96&r=g","contentUrl":"https:\/\/secure.gravatar.com\/avatar\/1affd86a11209ae09eb6dd3bcad3e96c?s=96&r=g","caption":"Arthur Guimar\u00e3es"},"description":"Arthur Guimar\u00e3es escreve sobre pol\u00edtica, economia e neg\u00f3cios para o portal de not\u00edcias da Suno Research. Atualmente, \u00e9 estudante de jornalismo pela Faculdade C\u00e1sper L\u00edbero.","url":"https:\/\/www.suno.com.br\/noticias\/author\/arthur-guimaraes\/"}]}},"default_loop_html":"<div class=\"cardsPage__listCard__boxs\"><div class=\"cardsPage__listCard__boxs__img\"><a href=\"https:\/\/www.suno.com.br\/noticias\/ministro-turismo-mp-credito-empresas\/\"><img class=\"mask\" src=\"https:\/\/www.suno.com.br\/noticias\/wp-content\/themes\/suno\/resources\/images\/spotlight\/spotlight1img\/bg-mask.png\" alt=\"Image Mask\"\/><img src=\"https:\/\/files.sunoresearch.com.br\/n\/uploads\/2020\/04\/94e285f8-\u00c1lvaro-ant\u00f4nio-400x200.webp\" alt=\"Governo: MP que libera cr\u00e9dito a Turismo deve estar pronta em 8 de maio\"\/><\/a><span class=\"spotlightCategory\"><a href=\"https:\/\/www.suno.com.br\/noticias\/economia\/\">Economia<\/a><\/span><\/div><div class=\"cardsPage__listCard__boxs__content\"><a href=\"https:\/\/www.suno.com.br\/noticias\/ministro-turismo-mp-credito-empresas\/\"><h2 class=\"content__title\">Governo: MP que libera cr\u00e9dito a Turismo deve estar pronta em 8 de maio<\/h2><\/a><div class=\"newsContent__article__meta\"><div class=\"newsContent__article__meta__authorBox\"><a href=\"https:\/\/www.suno.com.br\/noticias\/author\/arthur-guimaraes\/\" class=\"authorBox__avatar noMobi\"><img src=\"https:\/\/files.sunoresearch.com.br\/n\/uploads\/2020\/02\/dfb40897-eu-150x150.webp\" alt=\"Arthur Guimar\u00e3es\"><\/a><div class=\"authorBox__name\"><span>por\n\t\t\t<a href=\"https:\/\/www.suno.com.br\/noticias\/author\/arthur-guimaraes\/\"><span itemprop=\"author\">Arthur Guimar\u00e3es<\/span><\/a><\/span><time datetime=\"2020-04-29T16:51:22-03:00\" itemprop=\"datePublished\">29\/04\/2020 16:51<\/time><\/div><\/div><\/div><\/div><\/div>","single_layout":"posts","amp_enabled":true,"_links":{"self":[{"href":"https:\/\/www.suno.com.br\/noticias\/wp-json\/wp\/v2\/posts\/63113"}],"collection":[{"href":"https:\/\/www.suno.com.br\/noticias\/wp-json\/wp\/v2\/posts"}],"about":[{"href":"https:\/\/www.suno.com.br\/noticias\/wp-json\/wp\/v2\/types\/post"}],"author":[{"embeddable":true,"href":"https:\/\/www.suno.com.br\/noticias\/wp-json\/wp\/v2\/users\/35"}],"replies":[{"embeddable":true,"href":"https:\/\/www.suno.com.br\/noticias\/wp-json\/wp\/v2\/comments?post=63113"}],"version-history":[{"count":0,"href":"https:\/\/www.suno.com.br\/noticias\/wp-json\/wp\/v2\/posts\/63113\/revisions"}],"wp:featuredmedia":[{"embeddable":true,"href":"https:\/\/www.suno.com.br\/noticias\/wp-json\/wp\/v2\/media\/63118"}],"wp:attachment":[{"href":"https:\/\/www.suno.com.br\/noticias\/wp-json\/wp\/v2\/media?parent=63113"}],"wp:term":[{"taxonomy":"category","embeddable":true,"href":"https:\/\/www.suno.com.br\/noticias\/wp-json\/wp\/v2\/categories?post=63113"},{"taxonomy":"post_tag","embeddable":true,"href":"https:\/\/www.suno.com.br\/noticias\/wp-json\/wp\/v2\/tags?post=63113"},{"taxonomy":"suno_strategy","embeddable":true,"href":"https:\/\/www.suno.com.br\/noticias\/wp-json\/wp\/v2\/suno_strategy?post=63113"}],"curies":[{"name":"wp","href":"https:\/\/api.w.org\/{rel}","templated":true}]}}