{"id":62981,"date":"2020-04-28T19:59:41","date_gmt":"2020-04-28T22:59:41","guid":{"rendered":"https:\/\/www.suno.com.br\/noticias\/?p=62981"},"modified":"2020-04-28T19:59:41","modified_gmt":"2020-04-28T22:59:41","slug":"pfizer-vacina-pronta-testes","status":"publish","type":"post","link":"https:\/\/www.suno.com.br\/noticias\/pfizer-vacina-pronta-testes\/","title":{"rendered":"Pfizer: vacina pode estar pronta a partir do 2\u00ba semestre"},"content":{"rendered":"<p>A farmac\u00eautica <strong>Pfizer<\/strong> comunicou nesta ter\u00e7a-feira (28) que poderia ter uma vacina pronta contra o novo coronav\u00edrus (covid-19) para uso em car\u00e1ter emergencial, caso aprovada nos testes de seguran\u00e7a.<\/p>\t<div class=\"wrapper-featured-image\">\n\t\t<figure class=\"spotlightImg\">\n\n\t\t\t<picture>\n\t\t\t\t<source media=\"(max-width: 768px)\" srcset=\"https:\/\/files.sunoresearch.com.br\/n\/uploads\/2020\/04\/8fcf1aa2-pfizer-400x200.webp\">\n\t\t\t\t<img loading=\"lazy\" decoding=\"async\" class=\"newsContent__article__imgCapa lazyloadDisabled newsContent__article__imgCapa--noCaption\" src=\"https:\/\/files.sunoresearch.com.br\/n\/uploads\/2020\/04\/8fcf1aa2-pfizer-800x450.webp\" width=\"800\" height=\"450\" alt=\"Pfizer: vacina pode estar pronta a partir do 2\u00ba semestre\" fetchpriority=high \/>\n\t\t\t<\/picture>\n\n\t\t\t<figcaption class=\"wp-caption-text wp-caption-text--hide\">Pfizer: vacina pode estar pronta a partir do 2\u00ba semestre<\/figcaption>\n\t\t<\/figure>\n\t<\/div>\n\n\n\n<p>Segundo o presidente executivo da Pfizer, Albert Bourla, se os \u00f3rg\u00e3os reguladores de sa\u00fade aprovarem, os teste para vacina podem come\u00e7ar no Estado Unidos a partir da pr\u00f3xima semana. Dessa forma, os resultados do estudos poderiam chegar no pr\u00f3ximo m\u00eas, afirmou Bourla.<\/p>\n<p><a href=\"https:\/\/lp.suno.com.br\/suno-one\/\"><span data-sheets-value=\"{&quot;1&quot;:2,&quot;2&quot;:&quot;Garanta acesso ao Suno One, a central de informa\u00e7\u00f5es para quem quer aprender a investir. Acesse gratuitamente clicando aqui.&quot;}\" data-sheets-userformat=\"{&quot;2&quot;:513,&quot;3&quot;:{&quot;1&quot;:0},&quot;12&quot;:0}\">Garanta acesso ao Suno One, a central de informa\u00e7\u00f5es para quem quer aprender a investir. Acesse gratuitamente clicando aqui.<\/span><\/a><\/p>\n<p>A diretor da empresa destacou que a Pfizer precisa realizar mais testes para garantir a seguran\u00e7a do procedimento. Nesse sentido, caso todas testagens forem aprovadas, a farmac\u00eautica poder\u00e1 come\u00e7ar a distribuir a vacina em car\u00e1ter emergencial em setembro. A aprova\u00e7\u00e3o para ampla distribui\u00e7\u00e3o tamb\u00e9m poder\u00e1 sair, at\u00e9 o final do ano afirmou Bourla.<\/p>\n<p>&#8220;Esta \u00e9 uma crise emergencial e uma solu\u00e7\u00e3o \u00e9 desesperadamente necess\u00e1ria para todos, salientou o presidente da Pfizer&#8221;.<\/p>\n<h2>Alemanha aprova primeiro teste cl\u00ednico de vacina<\/h2>\n<p>O governo da Alemanha autorizou, na \u00faltima quarta-feira (22), a realiza\u00e7\u00e3o dos primeiros testes cl\u00ednicos de uma vacina contra o novo coronav\u00edrus.<\/p>\n<p>Segundo o Instituto Paul-Ehrlich, \u00f3rg\u00e3o regulamentador do pa\u00eds, a aprova\u00e7\u00e3o foi &#8220;resultado de uma cuidadosa avalia\u00e7\u00e3o&#8221; de risco e benef\u00edcio da vacina. O m\u00e9todo a ser testado faz parte de um programa global de pesquisa.<\/p>\n<p>Os testes ter\u00e3o como objetivo a dose correta a ser aplicada e avalia\u00e7\u00e3o da seguran\u00e7a e a efici\u00eancia do m\u00e9todo preventivo. Trata-se da primeira fase, a segunda ir\u00e1 incluir volunt\u00e1rios com risco maior de serem afetados mais severamente pela covid-19.<\/p>\n<p><a href=\"https:\/\/www.suno.com.br\/noticias\/coronavirus-alemanha-aprova-primeiro-teste-clinico-de-vacina\/\">Saiba mais: Coronav\u00edrus: Alemanha aprova primeiro teste cl\u00ednico de vacina<\/a><\/p>\n<p>&#8220;\u00c9 uma etapa importante no caminho para o desenvolvimento de vacinas seguras e eficazes contra o coronav\u00edrus para a popula\u00e7\u00e3o da Alemanha e fora do pa\u00eds&#8221;, informou o instituto.<\/p>\n<p>Ao todo, ser\u00e3o 200 volunt\u00e1rios saud\u00e1veis, com idades entre 18 e 55 anos, a testar o prot\u00f3tipo contra o novo coronav\u00edrus. Os testes ser\u00e3o realizados pela BioNTech e Pfizer.<\/p>\n\n","protected":false},"excerpt":{"rendered":"<p>A farmac\u00eautica Pfizer comunicou nesta ter\u00e7a-feira (28) que poderia ter uma vacina pronta contra o novo coronav\u00edrus (covid-19) para uso em car\u00e1ter emergencial, caso aprovada nos testes de seguran\u00e7a. Pfizer: vacina pode estar pronta a partir do 2\u00ba semestre Segundo o presidente executivo da Pfizer, Albert Bourla, se os \u00f3rg\u00e3os reguladores de sa\u00fade aprovarem, os [&hellip;]<\/p>\n","protected":false},"author":35,"featured_media":62982,"comment_status":"closed","ping_status":"closed","sticky":false,"template":"","format":"standard","meta":[],"categories":[64],"tags":[856,884,25002],"suno_strategy":[],"class_list":["post-62981","post","type-post","status-publish","format-standard","has-post-thumbnail","hentry","category-negocios","tag-alemanha","tag-pfizer-pfiz34","tag-vacina"],"yoast_head":"<!-- This site is optimized with the Yoast SEO plugin v24.4 - https:\/\/yoast.com\/wordpress\/plugins\/seo\/ -->\n<title>Pfizer: vacina pode estar pronta a partir do 2\u00ba semestre<\/title>\n<meta name=\"description\" content=\"A Pfizer comunicou que poderia ter uma vacina pronta contra o novo coronav\u00edrus, caso aprovada nos testes de seguran\u00e7a. Clique para saber mais\" \/>\n<meta name=\"robots\" content=\"index, follow, max-snippet:-1, max-image-preview:large, max-video-preview:-1\" \/>\n<link rel=\"canonical\" href=\"https:\/\/www.suno.com.br\/noticias\/pfizer-vacina-pronta-testes\/\" \/>\n<meta property=\"og:locale\" content=\"pt_BR\" \/>\n<meta property=\"og:type\" content=\"article\" \/>\n<meta property=\"og:title\" content=\"Pfizer: vacina pode estar pronta a partir do 2\u00ba semestre\" \/>\n<meta property=\"og:description\" content=\"A Pfizer comunicou que poderia ter uma vacina pronta contra o novo coronav\u00edrus, caso aprovada nos testes de seguran\u00e7a. Clique para saber mais\" \/>\n<meta property=\"og:url\" content=\"https:\/\/www.suno.com.br\/noticias\/pfizer-vacina-pronta-testes\/\" \/>\n<meta property=\"og:site_name\" content=\"Suno Not\u00edcias\" \/>\n<meta property=\"article:publisher\" content=\"https:\/\/facebook.com\/sunoresearch\" \/>\n<meta property=\"og:image\" content=\"https:\/\/files.sunoresearch.com.br\/n\/uploads\/2020\/04\/8fcf1aa2-pfizer.jpg\" \/>\n\t<meta property=\"og:image:width\" content=\"1280\" \/>\n\t<meta property=\"og:image:height\" content=\"850\" \/>\n\t<meta property=\"og:image:type\" content=\"image\/jpeg\" \/>\n<meta name=\"author\" content=\"Arthur Guimar\u00e3es\" \/>\n<meta name=\"twitter:card\" content=\"summary_large_image\" \/>\n<meta name=\"twitter:creator\" content=\"@sunoresearch\" \/>\n<meta name=\"twitter:site\" content=\"@sunoresearch\" \/>\n<meta name=\"twitter:label1\" content=\"Escrito por\" \/>\n\t<meta name=\"twitter:data1\" content=\"Arthur Guimar\u00e3es\" \/>\n\t<meta name=\"twitter:label2\" content=\"Est. tempo de leitura\" \/>\n\t<meta name=\"twitter:data2\" content=\"2 minutos\" \/>\n<script type=\"application\/ld+json\" class=\"yoast-schema-graph\">{\"@context\":\"https:\/\/schema.org\",\"@graph\":[{\"@type\":\"NewsArticle\",\"@id\":\"https:\/\/www.suno.com.br\/noticias\/pfizer-vacina-pronta-testes\/#article\",\"isPartOf\":{\"@id\":\"https:\/\/www.suno.com.br\/noticias\/pfizer-vacina-pronta-testes\/\"},\"author\":{\"name\":\"Arthur Guimar\u00e3es\",\"@id\":\"https:\/\/www.suno.com.br\/noticias\/#\/schema\/person\/053a750a709a263919a20f976caae91c\"},\"headline\":\"Pfizer: vacina pode estar pronta a partir do 2\u00ba semestre\",\"datePublished\":\"2020-04-28T22:59:41+00:00\",\"mainEntityOfPage\":{\"@id\":\"https:\/\/www.suno.com.br\/noticias\/pfizer-vacina-pronta-testes\/\"},\"wordCount\":390,\"publisher\":{\"@id\":\"https:\/\/www.suno.com.br\/noticias\/#organization\"},\"image\":{\"@id\":\"https:\/\/www.suno.com.br\/noticias\/pfizer-vacina-pronta-testes\/#primaryimage\"},\"thumbnailUrl\":\"https:\/\/files.sunoresearch.com.br\/n\/uploads\/2020\/04\/8fcf1aa2-pfizer-jpg.webp\",\"keywords\":[\"Alemanha\",\"Pfizer (PFIZ34)\",\"vacina\"],\"articleSection\":[\"Neg\u00f3cios\"],\"inLanguage\":\"pt-BR\"},{\"@type\":\"WebPage\",\"@id\":\"https:\/\/www.suno.com.br\/noticias\/pfizer-vacina-pronta-testes\/\",\"url\":\"https:\/\/www.suno.com.br\/noticias\/pfizer-vacina-pronta-testes\/\",\"name\":\"Pfizer: vacina pode estar pronta a partir do 2\u00ba semestre\",\"isPartOf\":{\"@id\":\"https:\/\/www.suno.com.br\/noticias\/#website\"},\"primaryImageOfPage\":{\"@id\":\"https:\/\/www.suno.com.br\/noticias\/pfizer-vacina-pronta-testes\/#primaryimage\"},\"image\":{\"@id\":\"https:\/\/www.suno.com.br\/noticias\/pfizer-vacina-pronta-testes\/#primaryimage\"},\"thumbnailUrl\":\"https:\/\/files.sunoresearch.com.br\/n\/uploads\/2020\/04\/8fcf1aa2-pfizer-jpg.webp\",\"datePublished\":\"2020-04-28T22:59:41+00:00\",\"description\":\"A Pfizer comunicou que poderia ter uma vacina pronta contra o novo coronav\u00edrus, caso aprovada nos testes de seguran\u00e7a. Clique para saber mais\",\"breadcrumb\":{\"@id\":\"https:\/\/www.suno.com.br\/noticias\/pfizer-vacina-pronta-testes\/#breadcrumb\"},\"inLanguage\":\"pt-BR\",\"potentialAction\":[{\"@type\":\"ReadAction\",\"target\":[\"https:\/\/www.suno.com.br\/noticias\/pfizer-vacina-pronta-testes\/\"]}]},{\"@type\":\"ImageObject\",\"inLanguage\":\"pt-BR\",\"@id\":\"https:\/\/www.suno.com.br\/noticias\/pfizer-vacina-pronta-testes\/#primaryimage\",\"url\":\"https:\/\/files.sunoresearch.com.br\/n\/uploads\/2020\/04\/8fcf1aa2-pfizer-jpg.webp\",\"contentUrl\":\"https:\/\/files.sunoresearch.com.br\/n\/uploads\/2020\/04\/8fcf1aa2-pfizer-jpg.webp\",\"width\":1280,\"height\":850,\"caption\":\"Pfizer: vacina pode estar pronta a partir do 2\u00ba semestre\"},{\"@type\":\"BreadcrumbList\",\"@id\":\"https:\/\/www.suno.com.br\/noticias\/pfizer-vacina-pronta-testes\/#breadcrumb\",\"itemListElement\":[{\"@type\":\"ListItem\",\"position\":1,\"name\":\"Not\u00edcias\",\"item\":\"https:\/\/www.suno.com.br\/noticias\/\"},{\"@type\":\"ListItem\",\"position\":2,\"name\":\"Neg\u00f3cios\",\"item\":\"https:\/\/www.suno.com.br\/noticias\/negocios\/\"},{\"@type\":\"ListItem\",\"position\":3,\"name\":\"Pfizer: vacina pode estar pronta a partir do 2\u00ba semestre\"}]},{\"@type\":\"WebSite\",\"@id\":\"https:\/\/www.suno.com.br\/noticias\/#website\",\"url\":\"https:\/\/www.suno.com.br\/noticias\/\",\"name\":\"Suno Not\u00edcias\",\"description\":\"Seu portal de informa\u00e7\u00e3o sobre o mundo dos investimentos\",\"publisher\":{\"@id\":\"https:\/\/www.suno.com.br\/noticias\/#organization\"},\"potentialAction\":[{\"@type\":\"SearchAction\",\"target\":{\"@type\":\"EntryPoint\",\"urlTemplate\":\"https:\/\/www.suno.com.br\/noticias\/?s={search_term_string}\"},\"query-input\":{\"@type\":\"PropertyValueSpecification\",\"valueRequired\":true,\"valueName\":\"search_term_string\"}}],\"inLanguage\":\"pt-BR\"},{\"@type\":\"Organization\",\"@id\":\"https:\/\/www.suno.com.br\/noticias\/#organization\",\"name\":\"Suno Not\u00edcias\",\"url\":\"https:\/\/www.suno.com.br\/noticias\/\",\"logo\":{\"@type\":\"ImageObject\",\"inLanguage\":\"pt-BR\",\"@id\":\"https:\/\/www.suno.com.br\/noticias\/#\/schema\/logo\/image\/\",\"url\":\"https:\/\/files.sunoresearch.com.br\/n\/uploads\/2021\/09\/suno-logo.png\",\"contentUrl\":\"https:\/\/files.sunoresearch.com.br\/n\/uploads\/2021\/09\/suno-logo.png\",\"width\":180,\"height\":180,\"caption\":\"Suno Not\u00edcias\"},\"image\":{\"@id\":\"https:\/\/www.suno.com.br\/noticias\/#\/schema\/logo\/image\/\"},\"sameAs\":[\"https:\/\/facebook.com\/sunoresearch\",\"https:\/\/x.com\/sunoresearch\",\"https:\/\/www.instagram.com\/suno\",\"https:\/\/www.linkedin.com\/company\/suno-research\/\",\"https:\/\/www.youtube.com\/c\/sunoresearch\"]},{\"@type\":\"Person\",\"@id\":\"https:\/\/www.suno.com.br\/noticias\/#\/schema\/person\/053a750a709a263919a20f976caae91c\",\"name\":\"Arthur Guimar\u00e3es\",\"image\":{\"@type\":\"ImageObject\",\"inLanguage\":\"pt-BR\",\"@id\":\"https:\/\/www.suno.com.br\/noticias\/#\/schema\/person\/image\/\",\"url\":\"https:\/\/secure.gravatar.com\/avatar\/1affd86a11209ae09eb6dd3bcad3e96c?s=96&r=g\",\"contentUrl\":\"https:\/\/secure.gravatar.com\/avatar\/1affd86a11209ae09eb6dd3bcad3e96c?s=96&r=g\",\"caption\":\"Arthur Guimar\u00e3es\"},\"description\":\"Arthur Guimar\u00e3es escreve sobre pol\u00edtica, economia e neg\u00f3cios para o portal de not\u00edcias da Suno Research. Atualmente, \u00e9 estudante de jornalismo pela Faculdade C\u00e1sper L\u00edbero.\",\"url\":\"https:\/\/www.suno.com.br\/noticias\/author\/arthur-guimaraes\/\"}]}<\/script>\n<!-- \/ Yoast SEO plugin. -->","yoast_head_json":{"title":"Pfizer: vacina pode estar pronta a partir do 2\u00ba semestre","description":"A Pfizer comunicou que poderia ter uma vacina pronta contra o novo coronav\u00edrus, caso aprovada nos testes de seguran\u00e7a. Clique para saber mais","robots":{"index":"index","follow":"follow","max-snippet":"max-snippet:-1","max-image-preview":"max-image-preview:large","max-video-preview":"max-video-preview:-1"},"canonical":"https:\/\/www.suno.com.br\/noticias\/pfizer-vacina-pronta-testes\/","og_locale":"pt_BR","og_type":"article","og_title":"Pfizer: vacina pode estar pronta a partir do 2\u00ba semestre","og_description":"A Pfizer comunicou que poderia ter uma vacina pronta contra o novo coronav\u00edrus, caso aprovada nos testes de seguran\u00e7a. Clique para saber mais","og_url":"https:\/\/www.suno.com.br\/noticias\/pfizer-vacina-pronta-testes\/","og_site_name":"Suno Not\u00edcias","article_publisher":"https:\/\/facebook.com\/sunoresearch","og_image":[{"width":1280,"height":850,"url":"https:\/\/files.sunoresearch.com.br\/n\/uploads\/2020\/04\/8fcf1aa2-pfizer.jpg","type":"image\/jpeg"}],"author":"Arthur Guimar\u00e3es","twitter_card":"summary_large_image","twitter_creator":"@sunoresearch","twitter_site":"@sunoresearch","twitter_misc":{"Escrito por":"Arthur Guimar\u00e3es","Est. tempo de leitura":"2 minutos"},"schema":{"@context":"https:\/\/schema.org","@graph":[{"@type":"NewsArticle","@id":"https:\/\/www.suno.com.br\/noticias\/pfizer-vacina-pronta-testes\/#article","isPartOf":{"@id":"https:\/\/www.suno.com.br\/noticias\/pfizer-vacina-pronta-testes\/"},"author":{"name":"Arthur Guimar\u00e3es","@id":"https:\/\/www.suno.com.br\/noticias\/#\/schema\/person\/053a750a709a263919a20f976caae91c"},"headline":"Pfizer: vacina pode estar pronta a partir do 2\u00ba semestre","datePublished":"2020-04-28T22:59:41+00:00","mainEntityOfPage":{"@id":"https:\/\/www.suno.com.br\/noticias\/pfizer-vacina-pronta-testes\/"},"wordCount":390,"publisher":{"@id":"https:\/\/www.suno.com.br\/noticias\/#organization"},"image":{"@id":"https:\/\/www.suno.com.br\/noticias\/pfizer-vacina-pronta-testes\/#primaryimage"},"thumbnailUrl":"https:\/\/files.sunoresearch.com.br\/n\/uploads\/2020\/04\/8fcf1aa2-pfizer-jpg.webp","keywords":["Alemanha","Pfizer (PFIZ34)","vacina"],"articleSection":["Neg\u00f3cios"],"inLanguage":"pt-BR"},{"@type":"WebPage","@id":"https:\/\/www.suno.com.br\/noticias\/pfizer-vacina-pronta-testes\/","url":"https:\/\/www.suno.com.br\/noticias\/pfizer-vacina-pronta-testes\/","name":"Pfizer: vacina pode estar pronta a partir do 2\u00ba semestre","isPartOf":{"@id":"https:\/\/www.suno.com.br\/noticias\/#website"},"primaryImageOfPage":{"@id":"https:\/\/www.suno.com.br\/noticias\/pfizer-vacina-pronta-testes\/#primaryimage"},"image":{"@id":"https:\/\/www.suno.com.br\/noticias\/pfizer-vacina-pronta-testes\/#primaryimage"},"thumbnailUrl":"https:\/\/files.sunoresearch.com.br\/n\/uploads\/2020\/04\/8fcf1aa2-pfizer-jpg.webp","datePublished":"2020-04-28T22:59:41+00:00","description":"A Pfizer comunicou que poderia ter uma vacina pronta contra o novo coronav\u00edrus, caso aprovada nos testes de seguran\u00e7a. Clique para saber mais","breadcrumb":{"@id":"https:\/\/www.suno.com.br\/noticias\/pfizer-vacina-pronta-testes\/#breadcrumb"},"inLanguage":"pt-BR","potentialAction":[{"@type":"ReadAction","target":["https:\/\/www.suno.com.br\/noticias\/pfizer-vacina-pronta-testes\/"]}]},{"@type":"ImageObject","inLanguage":"pt-BR","@id":"https:\/\/www.suno.com.br\/noticias\/pfizer-vacina-pronta-testes\/#primaryimage","url":"https:\/\/files.sunoresearch.com.br\/n\/uploads\/2020\/04\/8fcf1aa2-pfizer-jpg.webp","contentUrl":"https:\/\/files.sunoresearch.com.br\/n\/uploads\/2020\/04\/8fcf1aa2-pfizer-jpg.webp","width":1280,"height":850,"caption":"Pfizer: vacina pode estar pronta a partir do 2\u00ba semestre"},{"@type":"BreadcrumbList","@id":"https:\/\/www.suno.com.br\/noticias\/pfizer-vacina-pronta-testes\/#breadcrumb","itemListElement":[{"@type":"ListItem","position":1,"name":"Not\u00edcias","item":"https:\/\/www.suno.com.br\/noticias\/"},{"@type":"ListItem","position":2,"name":"Neg\u00f3cios","item":"https:\/\/www.suno.com.br\/noticias\/negocios\/"},{"@type":"ListItem","position":3,"name":"Pfizer: vacina pode estar pronta a partir do 2\u00ba semestre"}]},{"@type":"WebSite","@id":"https:\/\/www.suno.com.br\/noticias\/#website","url":"https:\/\/www.suno.com.br\/noticias\/","name":"Suno Not\u00edcias","description":"Seu portal de informa\u00e7\u00e3o sobre o mundo dos investimentos","publisher":{"@id":"https:\/\/www.suno.com.br\/noticias\/#organization"},"potentialAction":[{"@type":"SearchAction","target":{"@type":"EntryPoint","urlTemplate":"https:\/\/www.suno.com.br\/noticias\/?s={search_term_string}"},"query-input":{"@type":"PropertyValueSpecification","valueRequired":true,"valueName":"search_term_string"}}],"inLanguage":"pt-BR"},{"@type":"Organization","@id":"https:\/\/www.suno.com.br\/noticias\/#organization","name":"Suno Not\u00edcias","url":"https:\/\/www.suno.com.br\/noticias\/","logo":{"@type":"ImageObject","inLanguage":"pt-BR","@id":"https:\/\/www.suno.com.br\/noticias\/#\/schema\/logo\/image\/","url":"https:\/\/files.sunoresearch.com.br\/n\/uploads\/2021\/09\/suno-logo.png","contentUrl":"https:\/\/files.sunoresearch.com.br\/n\/uploads\/2021\/09\/suno-logo.png","width":180,"height":180,"caption":"Suno Not\u00edcias"},"image":{"@id":"https:\/\/www.suno.com.br\/noticias\/#\/schema\/logo\/image\/"},"sameAs":["https:\/\/facebook.com\/sunoresearch","https:\/\/x.com\/sunoresearch","https:\/\/www.instagram.com\/suno","https:\/\/www.linkedin.com\/company\/suno-research\/","https:\/\/www.youtube.com\/c\/sunoresearch"]},{"@type":"Person","@id":"https:\/\/www.suno.com.br\/noticias\/#\/schema\/person\/053a750a709a263919a20f976caae91c","name":"Arthur Guimar\u00e3es","image":{"@type":"ImageObject","inLanguage":"pt-BR","@id":"https:\/\/www.suno.com.br\/noticias\/#\/schema\/person\/image\/","url":"https:\/\/secure.gravatar.com\/avatar\/1affd86a11209ae09eb6dd3bcad3e96c?s=96&r=g","contentUrl":"https:\/\/secure.gravatar.com\/avatar\/1affd86a11209ae09eb6dd3bcad3e96c?s=96&r=g","caption":"Arthur Guimar\u00e3es"},"description":"Arthur Guimar\u00e3es escreve sobre pol\u00edtica, economia e neg\u00f3cios para o portal de not\u00edcias da Suno Research. Atualmente, \u00e9 estudante de jornalismo pela Faculdade C\u00e1sper L\u00edbero.","url":"https:\/\/www.suno.com.br\/noticias\/author\/arthur-guimaraes\/"}]}},"default_loop_html":"<div class=\"cardsPage__listCard__boxs\"><div class=\"cardsPage__listCard__boxs__img\"><a href=\"https:\/\/www.suno.com.br\/noticias\/pfizer-vacina-pronta-testes\/\"><img class=\"mask\" src=\"https:\/\/www.suno.com.br\/noticias\/wp-content\/themes\/suno\/resources\/images\/spotlight\/spotlight1img\/bg-mask.png\" alt=\"Image Mask\"\/><img src=\"https:\/\/files.sunoresearch.com.br\/n\/uploads\/2020\/04\/8fcf1aa2-pfizer-400x200.webp\" alt=\"Pfizer: vacina pode estar pronta a partir do 2\u00ba semestre\"\/><\/a><span class=\"spotlightCategory\"><a href=\"https:\/\/www.suno.com.br\/noticias\/negocios\/\">Neg\u00f3cios<\/a><\/span><\/div><div class=\"cardsPage__listCard__boxs__content\"><a href=\"https:\/\/www.suno.com.br\/noticias\/pfizer-vacina-pronta-testes\/\"><h2 class=\"content__title\">Pfizer: vacina pode estar pronta a partir do 2\u00ba semestre<\/h2><\/a><div class=\"newsContent__article__meta\"><div class=\"newsContent__article__meta__authorBox\"><a href=\"https:\/\/www.suno.com.br\/noticias\/author\/arthur-guimaraes\/\" class=\"authorBox__avatar noMobi\"><img src=\"https:\/\/files.sunoresearch.com.br\/n\/uploads\/2020\/02\/dfb40897-eu-150x150.webp\" alt=\"Arthur Guimar\u00e3es\"><\/a><div class=\"authorBox__name\"><span>por\n\t\t\t<a href=\"https:\/\/www.suno.com.br\/noticias\/author\/arthur-guimaraes\/\"><span itemprop=\"author\">Arthur Guimar\u00e3es<\/span><\/a><\/span><time datetime=\"2020-04-28T19:59:41-03:00\" itemprop=\"datePublished\">28\/04\/2020 19:59<\/time><\/div><\/div><\/div><\/div><\/div>","single_layout":"posts","amp_enabled":true,"_links":{"self":[{"href":"https:\/\/www.suno.com.br\/noticias\/wp-json\/wp\/v2\/posts\/62981"}],"collection":[{"href":"https:\/\/www.suno.com.br\/noticias\/wp-json\/wp\/v2\/posts"}],"about":[{"href":"https:\/\/www.suno.com.br\/noticias\/wp-json\/wp\/v2\/types\/post"}],"author":[{"embeddable":true,"href":"https:\/\/www.suno.com.br\/noticias\/wp-json\/wp\/v2\/users\/35"}],"replies":[{"embeddable":true,"href":"https:\/\/www.suno.com.br\/noticias\/wp-json\/wp\/v2\/comments?post=62981"}],"version-history":[{"count":0,"href":"https:\/\/www.suno.com.br\/noticias\/wp-json\/wp\/v2\/posts\/62981\/revisions"}],"wp:featuredmedia":[{"embeddable":true,"href":"https:\/\/www.suno.com.br\/noticias\/wp-json\/wp\/v2\/media\/62982"}],"wp:attachment":[{"href":"https:\/\/www.suno.com.br\/noticias\/wp-json\/wp\/v2\/media?parent=62981"}],"wp:term":[{"taxonomy":"category","embeddable":true,"href":"https:\/\/www.suno.com.br\/noticias\/wp-json\/wp\/v2\/categories?post=62981"},{"taxonomy":"post_tag","embeddable":true,"href":"https:\/\/www.suno.com.br\/noticias\/wp-json\/wp\/v2\/tags?post=62981"},{"taxonomy":"suno_strategy","embeddable":true,"href":"https:\/\/www.suno.com.br\/noticias\/wp-json\/wp\/v2\/suno_strategy?post=62981"}],"curies":[{"name":"wp","href":"https:\/\/api.w.org\/{rel}","templated":true}]}}