{"id":62972,"date":"2020-04-28T19:16:12","date_gmt":"2020-04-28T22:16:12","guid":{"rendered":"https:\/\/www.suno.com.br\/noticias\/?p=62972"},"modified":"2020-04-28T19:16:12","modified_gmt":"2020-04-28T22:16:12","slug":"tst-suspende-decisao-de-remuneracao-minima-a-motoristas-da-uber","status":"publish","type":"post","link":"https:\/\/www.suno.com.br\/noticias\/tst-suspende-decisao-de-remuneracao-minima-a-motoristas-da-uber\/","title":{"rendered":"TST suspende decis\u00e3o de remunera\u00e7\u00e3o m\u00ednima a motoristas da Uber"},"content":{"rendered":"<p>O <a href=\"https:\/\/www.suno.com.br\/noticias\/tags\/tst\/\">Tribunal Superior do Trabalho (TST)<\/a> suspendeu na \u00faltima sexta-feira (24) a decis\u00e3o que a Justi\u00e7a do Trabalho do Cear\u00e1 determinou no dia 13, obrigando a <strong>Uber\u00a0<\/strong>e a 99 Taxi a pagarem aos seus motoristas uma remunera\u00e7\u00e3o m\u00ednima por hora trabalhada, para auxili\u00e1-los durante o per\u00edodo de pandemia do novo <a href=\"https:\/\/www.suno.com.br\/noticias\/tags\/coronavirus\/\">coronav\u00edrus (covid-19).<\/a><\/p>\t<div class=\"wrapper-featured-image\">\n\t\t<figure class=\"spotlightImg\">\n\n\t\t\t<picture>\n\t\t\t\t<source media=\"(max-width: 768px)\" srcset=\"https:\/\/files.sunoresearch.com.br\/n\/uploads\/2019\/03\/3cc86ca7-uber-400x200.webp\">\n\t\t\t\t<img loading=\"lazy\" decoding=\"async\" class=\"newsContent__article__imgCapa lazyloadDisabled newsContent__article__imgCapa--noCaption\" src=\"https:\/\/files.sunoresearch.com.br\/n\/uploads\/2019\/03\/3cc86ca7-uber-800x450.webp\" width=\"800\" height=\"450\" alt=\"TST suspende decis\u00e3o de remunera\u00e7\u00e3o m\u00ednima a motoristas da Uber\" fetchpriority=high \/>\n\t\t\t<\/picture>\n\n\t\t\t<figcaption class=\"wp-caption-text wp-caption-text--hide\">Uber divulga resultados trimestrais<\/figcaption>\n\t\t<\/figure>\n\t<\/div>\n\n\n\n<p>Ap\u00f3s o sindicato dos Motoristas de Transporte Privado e Particulares Individual de de Passageiros por Aplicativos e Plataformas Digitais de Fortaleza e Regi\u00e3o Metropolitana (<strong>Sindiaplic<\/strong>) alegar a falta de demanda de passageiros, devido ao atual cen\u00e1rio de recome\u00e7ad\u00e3o de isolamento social, o juiz Germano Siqueira da 3\u00aa Vara do Trabalho de Fortaleza, havia determinado que a Uber e a <strong>99<\/strong> pagassem no m\u00ednimo R$ 4,75 por hora aos motoristas, enquanto estivessem a servi\u00e7o nos aplicativos.<\/p>\n<p><a href=\"https:\/\/lp.suno.com.br\/suno-one\/\">Na Suno One voc\u00ea aprende como fazer o seu dinheiro para trabalhar para voc\u00ea. Cadastre-se agora.<\/a><\/p>\n<p>Para chegar ao valor do pagamento m\u00ednimo, o sindicato se baseou no <a href=\"https:\/\/www.suno.com.br\/artigos\/salario-minimo\/\">sal\u00e1rio m\u00ednimo<\/a> mensal <a href=\"https:\/\/www.suno.com.br\/noticias\/salario-minimo-sobe-1045-a-partir-fevereiro\/\">de R$ 1045<\/a>, levando em conta que os motoristas trabalhassem entre 110 e 220 horas por m\u00eas.<\/p>\n<p><a class=\"LinkSuggestion__Link-sc-1mdih4x-2 jZPuuT\" href=\"https:\/\/www.suno.com.br\/noticias\/uber-expansao-global\/\" target=\"_blank\" rel=\"noopener noreferrer\">Saiba mais: Uber est\u00e1 concentrado na expans\u00e3o global de suas opera\u00e7\u00f5es<span class=\"A11yNotice-u1v0gg-0 dWDZbM\">(Abre numa nova aba do navegador)<\/span><\/a><\/p>\n<p>Entretanto, a liminar v\u00e1lida apenas para a regi\u00e3o de Fortaleza, foi derrubada pelo ministro <strong>Aloysio Corr\u00eaa da Veiga<\/strong>, Corregedor-geral da Justi\u00e7a do Trabalho, pois de acordo com ele &#8220;em um panorama de decis\u00f5es diversas, com solu\u00e7\u00f5es d\u00edspares em cada um dos Regionais e para cada uma das atividades envolvidas, cabe \u00e0 atividade correicional garantir que haver\u00e1 um m\u00ednimo de crit\u00e9rio uniforme, fundamentado nos normativos vigentes expedidos pelas autoridades competentes como regramentos aplic\u00e1veis \u00e0 situa\u00e7\u00e3o pand\u00eamica atual&#8221;.<\/p>\n<h2>Uber ter\u00e1 que reduzir em 15% o repasse cobrado de colaboradores<\/h2>\n<p>No in\u00edcio de abril o Senado aprovou uma proposta para que aplicativos de entregas e de transporte de passageiros, como o Uber, \u00a0reduzam em pelo menos 15% o valor de repasse cobrado de seus colaboradores, durante o per\u00edodo de pandemia do novo coronav\u00edrus.<\/p>\n<p>A proposta feita pelo senador Fabiano Contarato (Rede-ES) e obriga empresas como a <strong>Uber<\/strong> e Rappi a reduzirem o valor percentual que deve ser repassado. Ademais, essa quantia deve ser transferida ao motorista ou entregador.<\/p>\n\n","protected":false},"excerpt":{"rendered":"<p>O Tribunal Superior do Trabalho (TST) suspendeu na \u00faltima sexta-feira (24) a decis\u00e3o que a Justi\u00e7a do Trabalho do Cear\u00e1 determinou no dia 13, obrigando a Uber\u00a0e a 99 Taxi a pagarem aos seus motoristas uma remunera\u00e7\u00e3o m\u00ednima por hora trabalhada, para auxili\u00e1-los durante o per\u00edodo de pandemia do novo coronav\u00edrus (covid-19). Uber divulga resultados [&hellip;]<\/p>\n","protected":false},"author":39,"featured_media":18881,"comment_status":"closed","ping_status":"closed","sticky":false,"template":"","format":"standard","meta":[],"categories":[64],"tags":[1604,1480,954],"suno_strategy":[],"class_list":["post-62972","post","type-post","status-publish","format-standard","has-post-thumbnail","hentry","category-negocios","tag-1604","tag-tst","tag-uber-u1be34"],"yoast_head":"<!-- This site is optimized with the Yoast SEO plugin v24.4 - https:\/\/yoast.com\/wordpress\/plugins\/seo\/ -->\n<title>TST suspende decis\u00e3o de remunera\u00e7\u00e3o m\u00ednima a motoristas da Uber<\/title>\n<meta name=\"description\" content=\"O TST suspendeu a decis\u00e3o que obrigava a Uber a pagar aos motoristas uma remunera\u00e7\u00e3o m\u00ednima por hora durante. Clique aqui para saber mais\" \/>\n<meta name=\"robots\" content=\"index, follow, max-snippet:-1, max-image-preview:large, max-video-preview:-1\" \/>\n<link rel=\"canonical\" href=\"https:\/\/www.suno.com.br\/noticias\/tst-suspende-decisao-de-remuneracao-minima-a-motoristas-da-uber\/\" \/>\n<meta property=\"og:locale\" content=\"pt_BR\" \/>\n<meta property=\"og:type\" content=\"article\" \/>\n<meta property=\"og:title\" content=\"TST suspende decis\u00e3o de remunera\u00e7\u00e3o m\u00ednima a motoristas da Uber\" \/>\n<meta property=\"og:description\" content=\"O TST suspendeu a decis\u00e3o que obrigava a Uber a pagar aos motoristas uma remunera\u00e7\u00e3o m\u00ednima por hora durante. Clique aqui para saber mais\" \/>\n<meta property=\"og:url\" content=\"https:\/\/www.suno.com.br\/noticias\/tst-suspende-decisao-de-remuneracao-minima-a-motoristas-da-uber\/\" \/>\n<meta property=\"og:site_name\" content=\"Suno Not\u00edcias\" \/>\n<meta property=\"article:publisher\" content=\"https:\/\/facebook.com\/sunoresearch\" \/>\n<meta property=\"og:image\" content=\"https:\/\/files.sunoresearch.com.br\/n\/uploads\/2019\/03\/3cc86ca7-uber.jpg\" \/>\n\t<meta property=\"og:image:width\" content=\"960\" \/>\n\t<meta property=\"og:image:height\" content=\"641\" \/>\n\t<meta property=\"og:image:type\" content=\"image\/jpeg\" \/>\n<meta name=\"author\" content=\"Laura Moutinho\" \/>\n<meta name=\"twitter:card\" content=\"summary_large_image\" \/>\n<meta name=\"twitter:creator\" content=\"@sunoresearch\" \/>\n<meta name=\"twitter:site\" content=\"@sunoresearch\" \/>\n<meta name=\"twitter:label1\" content=\"Escrito por\" \/>\n\t<meta name=\"twitter:data1\" content=\"Laura Moutinho\" \/>\n\t<meta name=\"twitter:label2\" content=\"Est. tempo de leitura\" \/>\n\t<meta name=\"twitter:data2\" content=\"2 minutos\" \/>\n<script type=\"application\/ld+json\" class=\"yoast-schema-graph\">{\"@context\":\"https:\/\/schema.org\",\"@graph\":[{\"@type\":\"NewsArticle\",\"@id\":\"https:\/\/www.suno.com.br\/noticias\/tst-suspende-decisao-de-remuneracao-minima-a-motoristas-da-uber\/#article\",\"isPartOf\":{\"@id\":\"https:\/\/www.suno.com.br\/noticias\/tst-suspende-decisao-de-remuneracao-minima-a-motoristas-da-uber\/\"},\"author\":{\"name\":\"Laura Moutinho\",\"@id\":\"https:\/\/www.suno.com.br\/noticias\/#\/schema\/person\/3df0d2808748b74496efe5dbeaef2c72\"},\"headline\":\"TST suspende decis\u00e3o de remunera\u00e7\u00e3o m\u00ednima a motoristas da Uber\",\"datePublished\":\"2020-04-28T22:16:12+00:00\",\"mainEntityOfPage\":{\"@id\":\"https:\/\/www.suno.com.br\/noticias\/tst-suspende-decisao-de-remuneracao-minima-a-motoristas-da-uber\/\"},\"wordCount\":401,\"publisher\":{\"@id\":\"https:\/\/www.suno.com.br\/noticias\/#organization\"},\"image\":{\"@id\":\"https:\/\/www.suno.com.br\/noticias\/tst-suspende-decisao-de-remuneracao-minima-a-motoristas-da-uber\/#primaryimage\"},\"thumbnailUrl\":\"https:\/\/files.sunoresearch.com.br\/n\/uploads\/2019\/03\/3cc86ca7-uber-jpg.webp\",\"keywords\":[\"99\",\"TST\",\"Uber (U1BE34)\"],\"articleSection\":[\"Neg\u00f3cios\"],\"inLanguage\":\"pt-BR\"},{\"@type\":\"WebPage\",\"@id\":\"https:\/\/www.suno.com.br\/noticias\/tst-suspende-decisao-de-remuneracao-minima-a-motoristas-da-uber\/\",\"url\":\"https:\/\/www.suno.com.br\/noticias\/tst-suspende-decisao-de-remuneracao-minima-a-motoristas-da-uber\/\",\"name\":\"TST suspende decis\u00e3o de remunera\u00e7\u00e3o m\u00ednima a motoristas da Uber\",\"isPartOf\":{\"@id\":\"https:\/\/www.suno.com.br\/noticias\/#website\"},\"primaryImageOfPage\":{\"@id\":\"https:\/\/www.suno.com.br\/noticias\/tst-suspende-decisao-de-remuneracao-minima-a-motoristas-da-uber\/#primaryimage\"},\"image\":{\"@id\":\"https:\/\/www.suno.com.br\/noticias\/tst-suspende-decisao-de-remuneracao-minima-a-motoristas-da-uber\/#primaryimage\"},\"thumbnailUrl\":\"https:\/\/files.sunoresearch.com.br\/n\/uploads\/2019\/03\/3cc86ca7-uber-jpg.webp\",\"datePublished\":\"2020-04-28T22:16:12+00:00\",\"description\":\"O TST suspendeu a decis\u00e3o que obrigava a Uber a pagar aos motoristas uma remunera\u00e7\u00e3o m\u00ednima por hora durante. Clique aqui para saber mais\",\"breadcrumb\":{\"@id\":\"https:\/\/www.suno.com.br\/noticias\/tst-suspende-decisao-de-remuneracao-minima-a-motoristas-da-uber\/#breadcrumb\"},\"inLanguage\":\"pt-BR\",\"potentialAction\":[{\"@type\":\"ReadAction\",\"target\":[\"https:\/\/www.suno.com.br\/noticias\/tst-suspende-decisao-de-remuneracao-minima-a-motoristas-da-uber\/\"]}]},{\"@type\":\"ImageObject\",\"inLanguage\":\"pt-BR\",\"@id\":\"https:\/\/www.suno.com.br\/noticias\/tst-suspende-decisao-de-remuneracao-minima-a-motoristas-da-uber\/#primaryimage\",\"url\":\"https:\/\/files.sunoresearch.com.br\/n\/uploads\/2019\/03\/3cc86ca7-uber-jpg.webp\",\"contentUrl\":\"https:\/\/files.sunoresearch.com.br\/n\/uploads\/2019\/03\/3cc86ca7-uber-jpg.webp\",\"width\":960,\"height\":641,\"caption\":\"Uber divulga resultados trimestrais\"},{\"@type\":\"BreadcrumbList\",\"@id\":\"https:\/\/www.suno.com.br\/noticias\/tst-suspende-decisao-de-remuneracao-minima-a-motoristas-da-uber\/#breadcrumb\",\"itemListElement\":[{\"@type\":\"ListItem\",\"position\":1,\"name\":\"Not\u00edcias\",\"item\":\"https:\/\/www.suno.com.br\/noticias\/\"},{\"@type\":\"ListItem\",\"position\":2,\"name\":\"Neg\u00f3cios\",\"item\":\"https:\/\/www.suno.com.br\/noticias\/negocios\/\"},{\"@type\":\"ListItem\",\"position\":3,\"name\":\"TST suspende decis\u00e3o de remunera\u00e7\u00e3o m\u00ednima a motoristas da Uber\"}]},{\"@type\":\"WebSite\",\"@id\":\"https:\/\/www.suno.com.br\/noticias\/#website\",\"url\":\"https:\/\/www.suno.com.br\/noticias\/\",\"name\":\"Suno Not\u00edcias\",\"description\":\"Seu portal de informa\u00e7\u00e3o sobre o mundo dos investimentos\",\"publisher\":{\"@id\":\"https:\/\/www.suno.com.br\/noticias\/#organization\"},\"potentialAction\":[{\"@type\":\"SearchAction\",\"target\":{\"@type\":\"EntryPoint\",\"urlTemplate\":\"https:\/\/www.suno.com.br\/noticias\/?s={search_term_string}\"},\"query-input\":{\"@type\":\"PropertyValueSpecification\",\"valueRequired\":true,\"valueName\":\"search_term_string\"}}],\"inLanguage\":\"pt-BR\"},{\"@type\":\"Organization\",\"@id\":\"https:\/\/www.suno.com.br\/noticias\/#organization\",\"name\":\"Suno Not\u00edcias\",\"url\":\"https:\/\/www.suno.com.br\/noticias\/\",\"logo\":{\"@type\":\"ImageObject\",\"inLanguage\":\"pt-BR\",\"@id\":\"https:\/\/www.suno.com.br\/noticias\/#\/schema\/logo\/image\/\",\"url\":\"https:\/\/files.sunoresearch.com.br\/n\/uploads\/2021\/09\/suno-logo.png\",\"contentUrl\":\"https:\/\/files.sunoresearch.com.br\/n\/uploads\/2021\/09\/suno-logo.png\",\"width\":180,\"height\":180,\"caption\":\"Suno Not\u00edcias\"},\"image\":{\"@id\":\"https:\/\/www.suno.com.br\/noticias\/#\/schema\/logo\/image\/\"},\"sameAs\":[\"https:\/\/facebook.com\/sunoresearch\",\"https:\/\/x.com\/sunoresearch\",\"https:\/\/www.instagram.com\/suno\",\"https:\/\/www.linkedin.com\/company\/suno-research\/\",\"https:\/\/www.youtube.com\/c\/sunoresearch\"]},{\"@type\":\"Person\",\"@id\":\"https:\/\/www.suno.com.br\/noticias\/#\/schema\/person\/3df0d2808748b74496efe5dbeaef2c72\",\"name\":\"Laura Moutinho\",\"image\":{\"@type\":\"ImageObject\",\"inLanguage\":\"pt-BR\",\"@id\":\"https:\/\/www.suno.com.br\/noticias\/#\/schema\/person\/image\/\",\"url\":\"https:\/\/secure.gravatar.com\/avatar\/7571c7c8ca3a6fca5e41384ece5557ff?s=96&r=g\",\"contentUrl\":\"https:\/\/secure.gravatar.com\/avatar\/7571c7c8ca3a6fca5e41384ece5557ff?s=96&r=g\",\"caption\":\"Laura Moutinho\"},\"description\":\"Estagi\u00e1ria na Suno Not\u00edcias, escreve not\u00edcias que afetam o mercado financeiro. Estuda administra\u00e7\u00e3o na Universidade Presbiteriana Mackenzie.\",\"url\":\"https:\/\/www.suno.com.br\/noticias\/author\/laura-moutinho\/\"}]}<\/script>\n<!-- \/ Yoast SEO plugin. -->","yoast_head_json":{"title":"TST suspende decis\u00e3o de remunera\u00e7\u00e3o m\u00ednima a motoristas da Uber","description":"O TST suspendeu a decis\u00e3o que obrigava a Uber a pagar aos motoristas uma remunera\u00e7\u00e3o m\u00ednima por hora durante. Clique aqui para saber mais","robots":{"index":"index","follow":"follow","max-snippet":"max-snippet:-1","max-image-preview":"max-image-preview:large","max-video-preview":"max-video-preview:-1"},"canonical":"https:\/\/www.suno.com.br\/noticias\/tst-suspende-decisao-de-remuneracao-minima-a-motoristas-da-uber\/","og_locale":"pt_BR","og_type":"article","og_title":"TST suspende decis\u00e3o de remunera\u00e7\u00e3o m\u00ednima a motoristas da Uber","og_description":"O TST suspendeu a decis\u00e3o que obrigava a Uber a pagar aos motoristas uma remunera\u00e7\u00e3o m\u00ednima por hora durante. Clique aqui para saber mais","og_url":"https:\/\/www.suno.com.br\/noticias\/tst-suspende-decisao-de-remuneracao-minima-a-motoristas-da-uber\/","og_site_name":"Suno Not\u00edcias","article_publisher":"https:\/\/facebook.com\/sunoresearch","og_image":[{"width":960,"height":641,"url":"https:\/\/files.sunoresearch.com.br\/n\/uploads\/2019\/03\/3cc86ca7-uber.jpg","type":"image\/jpeg"}],"author":"Laura Moutinho","twitter_card":"summary_large_image","twitter_creator":"@sunoresearch","twitter_site":"@sunoresearch","twitter_misc":{"Escrito por":"Laura Moutinho","Est. tempo de leitura":"2 minutos"},"schema":{"@context":"https:\/\/schema.org","@graph":[{"@type":"NewsArticle","@id":"https:\/\/www.suno.com.br\/noticias\/tst-suspende-decisao-de-remuneracao-minima-a-motoristas-da-uber\/#article","isPartOf":{"@id":"https:\/\/www.suno.com.br\/noticias\/tst-suspende-decisao-de-remuneracao-minima-a-motoristas-da-uber\/"},"author":{"name":"Laura Moutinho","@id":"https:\/\/www.suno.com.br\/noticias\/#\/schema\/person\/3df0d2808748b74496efe5dbeaef2c72"},"headline":"TST suspende decis\u00e3o de remunera\u00e7\u00e3o m\u00ednima a motoristas da Uber","datePublished":"2020-04-28T22:16:12+00:00","mainEntityOfPage":{"@id":"https:\/\/www.suno.com.br\/noticias\/tst-suspende-decisao-de-remuneracao-minima-a-motoristas-da-uber\/"},"wordCount":401,"publisher":{"@id":"https:\/\/www.suno.com.br\/noticias\/#organization"},"image":{"@id":"https:\/\/www.suno.com.br\/noticias\/tst-suspende-decisao-de-remuneracao-minima-a-motoristas-da-uber\/#primaryimage"},"thumbnailUrl":"https:\/\/files.sunoresearch.com.br\/n\/uploads\/2019\/03\/3cc86ca7-uber-jpg.webp","keywords":["99","TST","Uber (U1BE34)"],"articleSection":["Neg\u00f3cios"],"inLanguage":"pt-BR"},{"@type":"WebPage","@id":"https:\/\/www.suno.com.br\/noticias\/tst-suspende-decisao-de-remuneracao-minima-a-motoristas-da-uber\/","url":"https:\/\/www.suno.com.br\/noticias\/tst-suspende-decisao-de-remuneracao-minima-a-motoristas-da-uber\/","name":"TST suspende decis\u00e3o de remunera\u00e7\u00e3o m\u00ednima a motoristas da Uber","isPartOf":{"@id":"https:\/\/www.suno.com.br\/noticias\/#website"},"primaryImageOfPage":{"@id":"https:\/\/www.suno.com.br\/noticias\/tst-suspende-decisao-de-remuneracao-minima-a-motoristas-da-uber\/#primaryimage"},"image":{"@id":"https:\/\/www.suno.com.br\/noticias\/tst-suspende-decisao-de-remuneracao-minima-a-motoristas-da-uber\/#primaryimage"},"thumbnailUrl":"https:\/\/files.sunoresearch.com.br\/n\/uploads\/2019\/03\/3cc86ca7-uber-jpg.webp","datePublished":"2020-04-28T22:16:12+00:00","description":"O TST suspendeu a decis\u00e3o que obrigava a Uber a pagar aos motoristas uma remunera\u00e7\u00e3o m\u00ednima por hora durante. Clique aqui para saber mais","breadcrumb":{"@id":"https:\/\/www.suno.com.br\/noticias\/tst-suspende-decisao-de-remuneracao-minima-a-motoristas-da-uber\/#breadcrumb"},"inLanguage":"pt-BR","potentialAction":[{"@type":"ReadAction","target":["https:\/\/www.suno.com.br\/noticias\/tst-suspende-decisao-de-remuneracao-minima-a-motoristas-da-uber\/"]}]},{"@type":"ImageObject","inLanguage":"pt-BR","@id":"https:\/\/www.suno.com.br\/noticias\/tst-suspende-decisao-de-remuneracao-minima-a-motoristas-da-uber\/#primaryimage","url":"https:\/\/files.sunoresearch.com.br\/n\/uploads\/2019\/03\/3cc86ca7-uber-jpg.webp","contentUrl":"https:\/\/files.sunoresearch.com.br\/n\/uploads\/2019\/03\/3cc86ca7-uber-jpg.webp","width":960,"height":641,"caption":"Uber divulga resultados trimestrais"},{"@type":"BreadcrumbList","@id":"https:\/\/www.suno.com.br\/noticias\/tst-suspende-decisao-de-remuneracao-minima-a-motoristas-da-uber\/#breadcrumb","itemListElement":[{"@type":"ListItem","position":1,"name":"Not\u00edcias","item":"https:\/\/www.suno.com.br\/noticias\/"},{"@type":"ListItem","position":2,"name":"Neg\u00f3cios","item":"https:\/\/www.suno.com.br\/noticias\/negocios\/"},{"@type":"ListItem","position":3,"name":"TST suspende decis\u00e3o de remunera\u00e7\u00e3o m\u00ednima a motoristas da Uber"}]},{"@type":"WebSite","@id":"https:\/\/www.suno.com.br\/noticias\/#website","url":"https:\/\/www.suno.com.br\/noticias\/","name":"Suno Not\u00edcias","description":"Seu portal de informa\u00e7\u00e3o sobre o mundo dos investimentos","publisher":{"@id":"https:\/\/www.suno.com.br\/noticias\/#organization"},"potentialAction":[{"@type":"SearchAction","target":{"@type":"EntryPoint","urlTemplate":"https:\/\/www.suno.com.br\/noticias\/?s={search_term_string}"},"query-input":{"@type":"PropertyValueSpecification","valueRequired":true,"valueName":"search_term_string"}}],"inLanguage":"pt-BR"},{"@type":"Organization","@id":"https:\/\/www.suno.com.br\/noticias\/#organization","name":"Suno Not\u00edcias","url":"https:\/\/www.suno.com.br\/noticias\/","logo":{"@type":"ImageObject","inLanguage":"pt-BR","@id":"https:\/\/www.suno.com.br\/noticias\/#\/schema\/logo\/image\/","url":"https:\/\/files.sunoresearch.com.br\/n\/uploads\/2021\/09\/suno-logo.png","contentUrl":"https:\/\/files.sunoresearch.com.br\/n\/uploads\/2021\/09\/suno-logo.png","width":180,"height":180,"caption":"Suno Not\u00edcias"},"image":{"@id":"https:\/\/www.suno.com.br\/noticias\/#\/schema\/logo\/image\/"},"sameAs":["https:\/\/facebook.com\/sunoresearch","https:\/\/x.com\/sunoresearch","https:\/\/www.instagram.com\/suno","https:\/\/www.linkedin.com\/company\/suno-research\/","https:\/\/www.youtube.com\/c\/sunoresearch"]},{"@type":"Person","@id":"https:\/\/www.suno.com.br\/noticias\/#\/schema\/person\/3df0d2808748b74496efe5dbeaef2c72","name":"Laura Moutinho","image":{"@type":"ImageObject","inLanguage":"pt-BR","@id":"https:\/\/www.suno.com.br\/noticias\/#\/schema\/person\/image\/","url":"https:\/\/secure.gravatar.com\/avatar\/7571c7c8ca3a6fca5e41384ece5557ff?s=96&r=g","contentUrl":"https:\/\/secure.gravatar.com\/avatar\/7571c7c8ca3a6fca5e41384ece5557ff?s=96&r=g","caption":"Laura Moutinho"},"description":"Estagi\u00e1ria na Suno Not\u00edcias, escreve not\u00edcias que afetam o mercado financeiro. Estuda administra\u00e7\u00e3o na Universidade Presbiteriana Mackenzie.","url":"https:\/\/www.suno.com.br\/noticias\/author\/laura-moutinho\/"}]}},"default_loop_html":"<div class=\"cardsPage__listCard__boxs\"><div class=\"cardsPage__listCard__boxs__img\"><a href=\"https:\/\/www.suno.com.br\/noticias\/tst-suspende-decisao-de-remuneracao-minima-a-motoristas-da-uber\/\"><img class=\"mask\" src=\"https:\/\/www.suno.com.br\/noticias\/wp-content\/themes\/suno\/resources\/images\/spotlight\/spotlight1img\/bg-mask.png\" alt=\"Image Mask\"\/><img src=\"https:\/\/files.sunoresearch.com.br\/n\/uploads\/2019\/03\/3cc86ca7-uber-400x200.webp\" alt=\"TST suspende decis\u00e3o de remunera\u00e7\u00e3o m\u00ednima a motoristas da Uber\"\/><\/a><span class=\"spotlightCategory\"><a href=\"https:\/\/www.suno.com.br\/noticias\/negocios\/\">Neg\u00f3cios<\/a><\/span><\/div><div class=\"cardsPage__listCard__boxs__content\"><a href=\"https:\/\/www.suno.com.br\/noticias\/tst-suspende-decisao-de-remuneracao-minima-a-motoristas-da-uber\/\"><h2 class=\"content__title\">TST suspende decis\u00e3o de remunera\u00e7\u00e3o m\u00ednima a motoristas da Uber<\/h2><\/a><div class=\"newsContent__article__meta\"><div class=\"newsContent__article__meta__authorBox\"><a href=\"https:\/\/www.suno.com.br\/noticias\/author\/laura-moutinho\/\" class=\"authorBox__avatar noMobi\"><img src=\"https:\/\/files.sunoresearch.com.br\/n\/uploads\/2020\/08\/531ff69d-whatsapp-image-2020-08-03-at-14.54.38-150x150.webp\" alt=\"Laura Moutinho\"><\/a><div class=\"authorBox__name\"><span>por\n\t\t\t<a href=\"https:\/\/www.suno.com.br\/noticias\/author\/laura-moutinho\/\"><span itemprop=\"author\">Laura Moutinho<\/span><\/a><\/span><time datetime=\"2020-04-28T19:16:12-03:00\" itemprop=\"datePublished\">28\/04\/2020 19:16<\/time><\/div><\/div><\/div><\/div><\/div>","single_layout":"posts","amp_enabled":true,"_links":{"self":[{"href":"https:\/\/www.suno.com.br\/noticias\/wp-json\/wp\/v2\/posts\/62972"}],"collection":[{"href":"https:\/\/www.suno.com.br\/noticias\/wp-json\/wp\/v2\/posts"}],"about":[{"href":"https:\/\/www.suno.com.br\/noticias\/wp-json\/wp\/v2\/types\/post"}],"author":[{"embeddable":true,"href":"https:\/\/www.suno.com.br\/noticias\/wp-json\/wp\/v2\/users\/39"}],"replies":[{"embeddable":true,"href":"https:\/\/www.suno.com.br\/noticias\/wp-json\/wp\/v2\/comments?post=62972"}],"version-history":[{"count":0,"href":"https:\/\/www.suno.com.br\/noticias\/wp-json\/wp\/v2\/posts\/62972\/revisions"}],"wp:featuredmedia":[{"embeddable":true,"href":"https:\/\/www.suno.com.br\/noticias\/wp-json\/wp\/v2\/media\/18881"}],"wp:attachment":[{"href":"https:\/\/www.suno.com.br\/noticias\/wp-json\/wp\/v2\/media?parent=62972"}],"wp:term":[{"taxonomy":"category","embeddable":true,"href":"https:\/\/www.suno.com.br\/noticias\/wp-json\/wp\/v2\/categories?post=62972"},{"taxonomy":"post_tag","embeddable":true,"href":"https:\/\/www.suno.com.br\/noticias\/wp-json\/wp\/v2\/tags?post=62972"},{"taxonomy":"suno_strategy","embeddable":true,"href":"https:\/\/www.suno.com.br\/noticias\/wp-json\/wp\/v2\/suno_strategy?post=62972"}],"curies":[{"name":"wp","href":"https:\/\/api.w.org\/{rel}","templated":true}]}}