{"id":629682,"date":"2025-10-23T09:42:26","date_gmt":"2025-10-23T12:42:26","guid":{"rendered":"https:\/\/www.suno.com.br\/noticias\/?p=629682"},"modified":"2025-10-23T09:43:25","modified_gmt":"2025-10-23T12:43:25","slug":"fii-experience-especialistas-gestores-investidores","status":"publish","type":"post","link":"https:\/\/www.suno.com.br\/noticias\/fii-experience-especialistas-gestores-investidores\/","title":{"rendered":"FII Experience re\u00fane especialistas, gestores e investidores para discutir o mercado"},"content":{"rendered":"<p>A Suno promoveu esta quarta-feira (22) o <strong>FII Experience <\/strong>2025, o maior evento de debates sobre o mercado de <a class=\"suno-keyword\" target=\"_blank\" data-force=\"no\" data-priority=\"2\" href=\"https:\/\/www.suno.com.br\/fundos-imobiliarios\/\" rel=\"noopener\">fundos imobili\u00e1rios<\/a>. Especialistas, investidores e representantes das maiores gestoras do pa\u00eds estiveram presentes para discutir tanto aspectos gerais e macroecon\u00f4micos como as condi\u00e7\u00f5es espec\u00edficas de cada segmento.<\/p>\t<div class=\"wrapper-featured-image\">\n\t\t<figure class=\"spotlightImg\">\n\n\t\t\t<picture>\n\t\t\t\t<source media=\"(max-width: 768px)\" srcset=\"https:\/\/files.sunoresearch.com.br\/n\/uploads\/2025\/10\/FII-Experience-21025-FIIs-papel-400x200.webp\">\n\t\t\t\t<img loading=\"lazy\" decoding=\"async\" class=\"newsContent__article__imgCapa lazyloadDisabled \" src=\"https:\/\/files.sunoresearch.com.br\/n\/uploads\/2025\/10\/FII-Experience-21025-FIIs-papel-800x450.webp\" width=\"800\" height=\"450\" alt=\"FII Experience re\u00fane especialistas, gestores e investidores para discutir o mercado\" fetchpriority=high \/>\n\t\t\t<\/picture>\n\n\t\t\t<figcaption class=\"wp-caption-text wp-caption-text--show\">FII Experience reuniu gestores, investidores e especialistas - foto: Divulga\u00e7\u00e3o\/Suno<\/figcaption>\n\t\t<\/figure>\n\t<\/div>\n\n\n\n\n\n\t<p>\n\t\t<a href=\"https:\/\/lp.suno.com.br\/minicurso-investindo-fiis\/\" target=\"_blank\" data-element=\"shortcode-suno-banner\" title=\"Banner SUNO, clique e saiba mais\">\n\t\t\t<picture>\n\t\t\t\t<source media=\"(max-width: 500px)\" srcset=\"https:\/\/files.sunoresearch.com.br\/n\/uploads\/2023\/03\/400x300-Minicurso-FIIS.png\">\n\t\t\t\t<img class=\"newsContent__article__imgCapa newsContent__article__imgCapa--banner\"\n\t\t\t\t\tsrc=\"https:\/\/files.sunoresearch.com.br\/n\/uploads\/2023\/03\/1420x240-Minicurso-FIIS.png\"\n\t\t\t\t\tdata-promo-id=\"383125\"\t\t\t\t\t\t\t\t\t\twidth='1420' height='240'\t\t\t\t\talt=\"https:\/\/files.sunoresearch.com.br\/n\/uploads\/2023\/03\/1420x240-Minicurso-FIIS.png\"\n\t\t\t\t>\n\t\t\t<\/picture>\n\t\t<\/a>\n\t<\/p>\n\n\n\n\n\n<p>Na conversa sobre os FIIs de papel, um dos temas foi o desconto dos pre\u00e7os em rela\u00e7\u00e3o ao <a class=\"suno-keyword\" target=\"_blank\" data-force=\"no\" data-priority=\"1\" href=\"https:\/\/www.suno.com.br\/artigos\/valor-patrimonial\/\" rel=\"noopener\">valor patrimonial<\/a>, mesmo num momento em que muitos dos fundos v\u00eam pagando <a class=\"suno-keyword\" target=\"_blank\" data-force=\"no\" data-priority=\"1\" href=\"https:\/\/www.suno.com.br\/guias\/dividendos\/\" rel=\"noopener\">dividendos<\/a> robustos, acima de 1% ao m\u00eas. Para Rodrigo Possenti, da <strong>Fator<\/strong>, gestora do <strong>VRTA11<\/strong>, a expans\u00e3o do mercado, a partir de 2017, tornaram mais comuns opera\u00e7\u00f5es de <a class=\"suno-keyword\" target=\"_blank\" data-force=\"no\" data-priority=\"1\" href=\"https:\/\/www.suno.com.br\/artigos\/high-yield\/\" rel=\"noopener\">high yield<\/a> que n\u00e3o tinham a estrutura\u00e7\u00e3o adequada e que come\u00e7aram a ter problemas de inadimpl\u00eancia. Isso gerou uma crise de confian\u00e7a que ainda est\u00e1 impactando as cota\u00e7\u00f5es dos fundos&nbsp; Al\u00e9m disso, a Selic elevada continua levando muitos investidores para a renda fixa\u201d, explicou o gestor.<\/p>\n\n\n\n<p>Artur Camargo, da <strong>\u00c9xes<\/strong>, gestora do <strong>EXES11<\/strong>, afirmou que as gestoras trabalham para reduzir ao m\u00e1ximo os riscos de inadimpl\u00eancia, presentes em todos os setores do mercado financeiro. Ele conta que um dos caminhos para ter mais seguran\u00e7a em suas aquisi\u00e7\u00f5es foi criar uma securitizadora pr\u00f3pria, a fim de permitir a estrutura\u00e7\u00e3o de opera\u00e7\u00f5es e, com isso, o acompanhamento mais pr\u00f3ximo e seguro dos devedores. \u201cVoc\u00ea consegue detectar e resolver eventuais problemas antes que eles fiquem grandes demais\u201d, aponta.<\/p>\n\n\n\n<p>Na conversa sobre FIIs de shopping, o portfolio manager da <strong>XP Asset<\/strong>, <a class=\"suno-keyword\" target=\"_blank\" data-force=\"no\" data-priority=\"2\" href=\"https:\/\/www.suno.com.br\/tudo-sobre\/pedro-carraz\/\" rel=\"noopener\">Pedro Carraz<\/a>, explicou que a gestora enxerga os shoppings como um ativo para investimento de <a class=\"suno-keyword\" target=\"_blank\" data-force=\"no\" data-priority=\"1\" href=\"https:\/\/www.suno.com.br\/artigos\/longo-prazo\/\" rel=\"noopener\">longo prazo<\/a>, em que os bons produtos devem ser avaliados com cuidado. Por isso, diz ele, o <strong>XPML11<\/strong> n\u00e3o hesita em realizar compras com pre\u00e7o mais caro ou <a class=\"suno-keyword\" target=\"_blank\" data-force=\"no\" data-priority=\"1\" href=\"https:\/\/www.suno.com.br\/artigos\/cap-rate\/\" rel=\"noopener\">cap rate<\/a> nominal inferior \u00e0 m\u00e9dia. \u201c\u00c0s vezes a negocia\u00e7\u00e3o vale a pena com o passar dos anos\u201d, aponta o especialista.<\/p>\n\n\n\n<p>Rafael Teixeira, gestor de Real Estate da <strong>Vinci Compass<\/strong>, que atua no mercado com o <strong>VISC11<\/strong>. Ele destacou que os resultados dos shoppings v\u00eam mostrando muita resili\u00eancia desde 2022, com o fim da pandemia de Covid-49, com dados crescentes de receita e queda de vac\u00e2ncia. \u201cCom isso, entendemos que o atual desconto das cotas de FIIs em rela\u00e7\u00e3o ao valor patrimonial uma hora vai acabar, provavelmente \u00e0 medida que a Selic for baixando\u201d, avalia o executivo.<\/p>\n\n\n\n<h2 class=\"wp-block-heading\">FII Experience debate troca de cotas por im\u00f3veis<\/h2>\n\n\n\n<p>A tend\u00eancia recente de troca de cotas de novas emiss\u00f5es por im\u00f3veis foi tema de uma conversa sobre como inovar num cen\u00e1rio de juros altos e pouca liquidez. Gabriel Barbosa, head de Asset management da <strong>TRX<\/strong>, gestora do <strong>TRXF11<\/strong>, diz que a ideia vem recebendo um bom aceite do mercado, inclusive do ponto de vista de vendedores interessados em se tornar investidores. \u201cTemos propriet\u00e1rios de im\u00f3veis que passaram a procurar a gente para oferecer novos neg\u00f3cios nesse formato\u201d, contou.<\/p>\n\n\n\t<p>\n\t\t<a href=\"\" target=\"_blank\" data-element=\"shortcode-suno-banner\" title=\"Banner SUNO, clique e saiba mais\">\n\t\t\t<picture>\n\t\t\t\t<source media=\"(max-width: 500px)\" srcset=\"\">\n\t\t\t\t<img class=\"newsContent__article__imgCapa newsContent__article__imgCapa--banner\"\n\t\t\t\t\tsrc=\"\"\n\t\t\t\t\tdata-promo-id=\"494026\"\t\t\t\t\t\t\t\t\t\t\t\t\t\t\talt=\"\"\n\t\t\t\t>\n\t\t\t<\/picture>\n\t\t<\/a>\n\t<\/p>\n\n\n\n\n\n<p>Rodrigo Abbud, head de Real Estate do <strong>Patria<\/strong>, gestora com mais de 20 FIIs no portf\u00f3lio, diz que&nbsp; a necessidade do mercado fez as gestoras buscarem solu\u00e7\u00f5es criativas para a dificuldade de captar recursos. \u201cEssas negocia\u00e7\u00f5es mostram a matura\u00e7\u00e3o do mercado, e por isso os FIIs devem se manter criteriosos na sele\u00e7\u00e3o dos ativos a serem adquiridos, n\u00e3o d\u00e1 para sair comprando qualquer coisa\u201d, explicou.<\/p>\n\n\n\n<p>Pedro Van Der Berg, CEO da <strong>Zagros Capital<\/strong>, gestora do <strong>GGRC11<\/strong>, diz que a empresa enxergou a modalidade de troca de cotas em 2022 buscando uma estrat\u00e9gia de consolida\u00e7\u00e3o de fundos, ou seja, de adquirir completamente os ativos de alguns fundos, alguns deles monoativos, com apenas um im\u00f3vel no portf\u00f3lio. \u201cS\u00e3o FIIs que tendem a perder espa\u00e7o ao longo do tempo, devido \u00e0 concentra\u00e7\u00e3o excessiva, e vemos resultados positivos com essas aquisi\u00e7\u00f5es\u201d, avaliou.<\/p>\n\n\n\n<p>No painel sobre renda urbana, os gestores destacaram a possibilidade de modifica\u00e7\u00e3o dos im\u00f3veis, que podem varias entre im\u00f3veis log\u00edsticos e grandes lojas de varejo, dependendo das necessidades do mercado e das caracter\u00edsticas da regi\u00e3o onde est\u00e3o inseridos. Alexandre Rodrigues, s\u00f3cio e gestor da <strong>Rio Bravo<\/strong>; explicou que o <strong>RBVA11<\/strong> tem enfrentado o desafio de modificar o perfil do portf\u00f3lio, que tinha muita for\u00e7a no segmento de ag\u00eancias banc\u00e1rias. \u201cTemos um im\u00f3vel que praticamente triplicou de <a class=\"suno-keyword\" target=\"_blank\" data-force=\"no\" data-priority=\"1\" href=\"https:\/\/www.suno.com.br\/artigos\/valor-de-mercado\/\" rel=\"noopener\">valor de mercado<\/a> quando deixou de ser banco, locado ao Santander, e foi convertido em supermercado\u201d, contou.<\/p>\n\n\n\n<p>Gustavo Asdourian, CEO da <strong>Guardian<\/strong>; gestora do <strong>GARE11<\/strong>, relatou que a empresa avalia a possibilidade de reaproveitar um terreno onde existe um im\u00f3vel ocupado pelo P\u00e3o de A\u00e7\u00facar, em uma incorpora\u00e7\u00e3o que poder\u00e1 dar lugar a um edif\u00edcio residencial. \u201cEssa obra poder\u00e1 ser feita sem que a loja deixe de operar, mesmo quando o edif\u00edcio estiver pronto\u201d, explicou o gestor. Segundo ele, as gestoras precisam apenas ter aten\u00e7\u00e3o \u00e0s regulamenta\u00e7\u00f5es locais.<\/p>\n\n\n\n<p>F\u00e1bio Carvalho, s\u00f3cio e diretor financeiro e de investimentos da <strong>Alianza<\/strong>, explicou que a convers\u00e3o de im\u00f3veis em Data Centers \u00e9 mais complicada. O <strong>ALZR11<\/strong> foi um dos pioneiros do setor no Brasil, com a aquisi\u00e7\u00e3o de um im\u00f3vel com esse uso em Porto Alegre (RS). Mas, segundo o executivo, im\u00f3veis voltados ao processamento de dados apresentam uma s\u00e9rie de necessidades espec\u00edficas, com forte demanda por energia e conex\u00e3o \u00e0 internet por fibra \u00f3ptica. \u201cAs empresas do setor pagam caro, mas demandam especificidades t\u00e9cnicas muito detalhadas\u201d, relatou em sua participa\u00e7\u00e3o no <strong>FII Experience<\/strong>..<\/p>\n\n\n\t<p>\n\t\t<a href=\"https:\/\/lp.suno.com.br\/4-emissao-snel11\/\" target=\"_blank\" data-element=\"shortcode-suno-banner\" title=\"Banner SUNO, clique e saiba mais\">\n\t\t\t<picture>\n\t\t\t\t<source media=\"(max-width: 500px)\" srcset=\"https:\/\/files.sunoresearch.com.br\/n\/uploads\/2025\/07\/400x300-Mobile-Artigos-7.webp\">\n\t\t\t\t<img class=\"newsContent__article__imgCapa newsContent__article__imgCapa--banner\"\n\t\t\t\t\tsrc=\"https:\/\/files.sunoresearch.com.br\/n\/uploads\/2025\/07\/1420x240-Banner-Artigos-1-_-Banner-Materias-5.webp\"\n\t\t\t\t\tdata-promo-id=\"364417\"\t\t\t\t\t\t\t\t\t\twidth='1420' height='240'\t\t\t\t\talt=\"https:\/\/files.sunoresearch.com.br\/n\/uploads\/2025\/07\/1420x240-Banner-Artigos-1-_-Banner-Materias-5.webp\"\n\t\t\t\t>\n\t\t\t<\/picture>\n\t\t<\/a>\n\t<\/p>\n\n\n","protected":false},"excerpt":{"rendered":"<p>A Suno promoveu esta quarta-feira (22) o FII Experience 2025, o maior evento de debates sobre o mercado de fundos imobili\u00e1rios. Especialistas, investidores e representantes das maiores gestoras do pa\u00eds estiveram presentes para discutir tanto aspectos gerais e macroecon\u00f4micos como as condi\u00e7\u00f5es espec\u00edficas de cada segmento. FII Experience reuniu gestores, investidores e especialistas &#8211; foto: [&hellip;]<\/p>\n","protected":false},"author":339,"featured_media":629641,"comment_status":"closed","ping_status":"closed","sticky":false,"template":"","format":"standard","meta":[],"categories":[66],"tags":[107233,315],"suno_strategy":[],"class_list":["post-629682","post","type-post","status-publish","format-standard","has-post-thumbnail","hentry","category-fiis","tag-fii-experience-2025","tag-fundos-imobiliarios-fiis"],"yoast_head":"<!-- This site is optimized with the Yoast SEO plugin v24.4 - https:\/\/yoast.com\/wordpress\/plugins\/seo\/ -->\n<title>FII Experience re\u00fane especialistas, gestores e investidores<\/title>\n<meta name=\"description\" content=\"FII Experience 2025, evento sobre o mercado de fundos imobili\u00e1rios, reuniu investidores e representantes das maiores gestoras do pa\u00eds\" \/>\n<meta name=\"robots\" content=\"index, follow, max-snippet:-1, max-image-preview:large, max-video-preview:-1\" \/>\n<link rel=\"canonical\" href=\"https:\/\/www.suno.com.br\/noticias\/fii-experience-especialistas-gestores-investidores\/\" \/>\n<meta property=\"og:locale\" content=\"pt_BR\" \/>\n<meta property=\"og:type\" content=\"article\" \/>\n<meta property=\"og:title\" content=\"FII Experience re\u00fane especialistas, gestores e investidores\" \/>\n<meta property=\"og:description\" content=\"FII Experience 2025, evento sobre o mercado de fundos imobili\u00e1rios, reuniu investidores e representantes das maiores gestoras do pa\u00eds\" \/>\n<meta property=\"og:url\" content=\"https:\/\/www.suno.com.br\/noticias\/fii-experience-especialistas-gestores-investidores\/\" \/>\n<meta property=\"og:site_name\" content=\"Suno Not\u00edcias\" \/>\n<meta property=\"article:publisher\" content=\"https:\/\/facebook.com\/sunoresearch\" \/>\n<meta property=\"og:image\" content=\"https:\/\/files.sunoresearch.com.br\/n\/uploads\/2025\/10\/FII-Experience-21025-FIIs-papel-jpg.webp\" \/>\n\t<meta property=\"og:image:width\" content=\"1300\" \/>\n\t<meta property=\"og:image:height\" content=\"866\" \/>\n\t<meta property=\"og:image:type\" content=\"image\/jpeg\" \/>\n<meta name=\"author\" content=\"Fernando Cesarotti\" \/>\n<meta name=\"twitter:card\" content=\"summary_large_image\" \/>\n<meta name=\"twitter:creator\" content=\"@sunoresearch\" \/>\n<meta name=\"twitter:site\" content=\"@sunoresearch\" \/>\n<meta name=\"twitter:label1\" content=\"Escrito por\" \/>\n\t<meta name=\"twitter:data1\" content=\"Fernando Cesarotti\" \/>\n\t<meta name=\"twitter:label2\" content=\"Est. tempo de leitura\" \/>\n\t<meta name=\"twitter:data2\" content=\"5 minutos\" \/>\n<script type=\"application\/ld+json\" class=\"yoast-schema-graph\">{\"@context\":\"https:\/\/schema.org\",\"@graph\":[{\"@type\":\"NewsArticle\",\"@id\":\"https:\/\/www.suno.com.br\/noticias\/fii-experience-especialistas-gestores-investidores\/#article\",\"isPartOf\":{\"@id\":\"https:\/\/www.suno.com.br\/noticias\/fii-experience-especialistas-gestores-investidores\/\"},\"author\":{\"name\":\"Fernando Cesarotti\",\"@id\":\"https:\/\/www.suno.com.br\/noticias\/#\/schema\/person\/02171f82e02ec2306ed662847e114507\"},\"headline\":\"FII Experience re\u00fane especialistas, gestores e investidores para discutir o mercado\",\"datePublished\":\"2025-10-23T12:42:26+00:00\",\"dateModified\":\"2025-10-23T12:43:25+00:00\",\"mainEntityOfPage\":{\"@id\":\"https:\/\/www.suno.com.br\/noticias\/fii-experience-especialistas-gestores-investidores\/\"},\"wordCount\":963,\"publisher\":{\"@id\":\"https:\/\/www.suno.com.br\/noticias\/#organization\"},\"image\":{\"@id\":\"https:\/\/www.suno.com.br\/noticias\/fii-experience-especialistas-gestores-investidores\/#primaryimage\"},\"thumbnailUrl\":\"https:\/\/files.sunoresearch.com.br\/n\/uploads\/2025\/10\/FII-Experience-21025-FIIs-papel-jpg.webp\",\"keywords\":[\"FII Experience 2025\",\"Fundos Imobili\u00e1rios (FIIs)\"],\"articleSection\":[\"FIIs\"],\"inLanguage\":\"pt-BR\"},{\"@type\":\"WebPage\",\"@id\":\"https:\/\/www.suno.com.br\/noticias\/fii-experience-especialistas-gestores-investidores\/\",\"url\":\"https:\/\/www.suno.com.br\/noticias\/fii-experience-especialistas-gestores-investidores\/\",\"name\":\"FII Experience re\u00fane especialistas, gestores e investidores\",\"isPartOf\":{\"@id\":\"https:\/\/www.suno.com.br\/noticias\/#website\"},\"primaryImageOfPage\":{\"@id\":\"https:\/\/www.suno.com.br\/noticias\/fii-experience-especialistas-gestores-investidores\/#primaryimage\"},\"image\":{\"@id\":\"https:\/\/www.suno.com.br\/noticias\/fii-experience-especialistas-gestores-investidores\/#primaryimage\"},\"thumbnailUrl\":\"https:\/\/files.sunoresearch.com.br\/n\/uploads\/2025\/10\/FII-Experience-21025-FIIs-papel-jpg.webp\",\"datePublished\":\"2025-10-23T12:42:26+00:00\",\"dateModified\":\"2025-10-23T12:43:25+00:00\",\"description\":\"FII Experience 2025, evento sobre o mercado de fundos imobili\u00e1rios, reuniu investidores e representantes das maiores gestoras do pa\u00eds\",\"breadcrumb\":{\"@id\":\"https:\/\/www.suno.com.br\/noticias\/fii-experience-especialistas-gestores-investidores\/#breadcrumb\"},\"inLanguage\":\"pt-BR\",\"potentialAction\":[{\"@type\":\"ReadAction\",\"target\":[\"https:\/\/www.suno.com.br\/noticias\/fii-experience-especialistas-gestores-investidores\/\"]}]},{\"@type\":\"ImageObject\",\"inLanguage\":\"pt-BR\",\"@id\":\"https:\/\/www.suno.com.br\/noticias\/fii-experience-especialistas-gestores-investidores\/#primaryimage\",\"url\":\"https:\/\/files.sunoresearch.com.br\/n\/uploads\/2025\/10\/FII-Experience-21025-FIIs-papel-jpg.webp\",\"contentUrl\":\"https:\/\/files.sunoresearch.com.br\/n\/uploads\/2025\/10\/FII-Experience-21025-FIIs-papel-jpg.webp\",\"width\":1300,\"height\":866,\"caption\":\"FII Experience reuniu gestores, investidores e especialistas - foto: Divulga\u00e7\u00e3o\/Suno\"},{\"@type\":\"BreadcrumbList\",\"@id\":\"https:\/\/www.suno.com.br\/noticias\/fii-experience-especialistas-gestores-investidores\/#breadcrumb\",\"itemListElement\":[{\"@type\":\"ListItem\",\"position\":1,\"name\":\"Not\u00edcias\",\"item\":\"https:\/\/www.suno.com.br\/noticias\/\"},{\"@type\":\"ListItem\",\"position\":2,\"name\":\"FIIs\",\"item\":\"https:\/\/www.suno.com.br\/noticias\/fiis\/\"},{\"@type\":\"ListItem\",\"position\":3,\"name\":\"FII Experience re\u00fane especialistas, gestores e investidores para discutir o mercado\"}]},{\"@type\":\"WebSite\",\"@id\":\"https:\/\/www.suno.com.br\/noticias\/#website\",\"url\":\"https:\/\/www.suno.com.br\/noticias\/\",\"name\":\"Suno Not\u00edcias\",\"description\":\"Seu portal de informa\u00e7\u00e3o sobre o mundo dos investimentos\",\"publisher\":{\"@id\":\"https:\/\/www.suno.com.br\/noticias\/#organization\"},\"potentialAction\":[{\"@type\":\"SearchAction\",\"target\":{\"@type\":\"EntryPoint\",\"urlTemplate\":\"https:\/\/www.suno.com.br\/noticias\/?s={search_term_string}\"},\"query-input\":{\"@type\":\"PropertyValueSpecification\",\"valueRequired\":true,\"valueName\":\"search_term_string\"}}],\"inLanguage\":\"pt-BR\"},{\"@type\":\"Organization\",\"@id\":\"https:\/\/www.suno.com.br\/noticias\/#organization\",\"name\":\"Suno Not\u00edcias\",\"url\":\"https:\/\/www.suno.com.br\/noticias\/\",\"logo\":{\"@type\":\"ImageObject\",\"inLanguage\":\"pt-BR\",\"@id\":\"https:\/\/www.suno.com.br\/noticias\/#\/schema\/logo\/image\/\",\"url\":\"https:\/\/files.sunoresearch.com.br\/n\/uploads\/2021\/09\/suno-logo.png\",\"contentUrl\":\"https:\/\/files.sunoresearch.com.br\/n\/uploads\/2021\/09\/suno-logo.png\",\"width\":180,\"height\":180,\"caption\":\"Suno Not\u00edcias\"},\"image\":{\"@id\":\"https:\/\/www.suno.com.br\/noticias\/#\/schema\/logo\/image\/\"},\"sameAs\":[\"https:\/\/facebook.com\/sunoresearch\",\"https:\/\/x.com\/sunoresearch\",\"https:\/\/www.instagram.com\/suno\",\"https:\/\/www.linkedin.com\/company\/suno-research\/\",\"https:\/\/www.youtube.com\/c\/sunoresearch\"]},{\"@type\":\"Person\",\"@id\":\"https:\/\/www.suno.com.br\/noticias\/#\/schema\/person\/02171f82e02ec2306ed662847e114507\",\"name\":\"Fernando Cesarotti\",\"image\":{\"@type\":\"ImageObject\",\"inLanguage\":\"pt-BR\",\"@id\":\"https:\/\/www.suno.com.br\/noticias\/#\/schema\/person\/image\/\",\"url\":\"https:\/\/secure.gravatar.com\/avatar\/fc3a37e1dd6249fd3cfdc1702d00d404?s=96&r=g\",\"contentUrl\":\"https:\/\/secure.gravatar.com\/avatar\/fc3a37e1dd6249fd3cfdc1702d00d404?s=96&r=g\",\"caption\":\"Fernando Cesarotti\"},\"description\":\"Jornalista, editor do FIIs.com.br. Graduado pela Unesp, com p\u00f3s-gradua\u00e7\u00e3o em Jornalismo Liter\u00e1rio, com mais de 20 anos de experi\u00eancia em coberturas de economia, pol\u00edtica e esportes. Passagem tamb\u00e9m pelo meio acad\u00eamico, como professor universit\u00e1rio em cursos de Comunica\u00e7\u00e3o e l\u00edder de empresa j\u00fanior.\",\"url\":\"https:\/\/www.suno.com.br\/noticias\/author\/fcesarottigmail-com\/\"}]}<\/script>\n<!-- \/ Yoast SEO plugin. -->","yoast_head_json":{"title":"FII Experience re\u00fane especialistas, gestores e investidores","description":"FII Experience 2025, evento sobre o mercado de fundos imobili\u00e1rios, reuniu investidores e representantes das maiores gestoras do pa\u00eds","robots":{"index":"index","follow":"follow","max-snippet":"max-snippet:-1","max-image-preview":"max-image-preview:large","max-video-preview":"max-video-preview:-1"},"canonical":"https:\/\/www.suno.com.br\/noticias\/fii-experience-especialistas-gestores-investidores\/","og_locale":"pt_BR","og_type":"article","og_title":"FII Experience re\u00fane especialistas, gestores e investidores","og_description":"FII Experience 2025, evento sobre o mercado de fundos imobili\u00e1rios, reuniu investidores e representantes das maiores gestoras do pa\u00eds","og_url":"https:\/\/www.suno.com.br\/noticias\/fii-experience-especialistas-gestores-investidores\/","og_site_name":"Suno Not\u00edcias","article_publisher":"https:\/\/facebook.com\/sunoresearch","og_image":[{"width":1300,"height":866,"url":"https:\/\/files.sunoresearch.com.br\/n\/uploads\/2025\/10\/FII-Experience-21025-FIIs-papel-jpg.webp","type":"image\/jpeg"}],"author":"Fernando Cesarotti","twitter_card":"summary_large_image","twitter_creator":"@sunoresearch","twitter_site":"@sunoresearch","twitter_misc":{"Escrito por":"Fernando Cesarotti","Est. tempo de leitura":"5 minutos"},"schema":{"@context":"https:\/\/schema.org","@graph":[{"@type":"NewsArticle","@id":"https:\/\/www.suno.com.br\/noticias\/fii-experience-especialistas-gestores-investidores\/#article","isPartOf":{"@id":"https:\/\/www.suno.com.br\/noticias\/fii-experience-especialistas-gestores-investidores\/"},"author":{"name":"Fernando Cesarotti","@id":"https:\/\/www.suno.com.br\/noticias\/#\/schema\/person\/02171f82e02ec2306ed662847e114507"},"headline":"FII Experience re\u00fane especialistas, gestores e investidores para discutir o mercado","datePublished":"2025-10-23T12:42:26+00:00","dateModified":"2025-10-23T12:43:25+00:00","mainEntityOfPage":{"@id":"https:\/\/www.suno.com.br\/noticias\/fii-experience-especialistas-gestores-investidores\/"},"wordCount":963,"publisher":{"@id":"https:\/\/www.suno.com.br\/noticias\/#organization"},"image":{"@id":"https:\/\/www.suno.com.br\/noticias\/fii-experience-especialistas-gestores-investidores\/#primaryimage"},"thumbnailUrl":"https:\/\/files.sunoresearch.com.br\/n\/uploads\/2025\/10\/FII-Experience-21025-FIIs-papel-jpg.webp","keywords":["FII Experience 2025","Fundos Imobili\u00e1rios (FIIs)"],"articleSection":["FIIs"],"inLanguage":"pt-BR"},{"@type":"WebPage","@id":"https:\/\/www.suno.com.br\/noticias\/fii-experience-especialistas-gestores-investidores\/","url":"https:\/\/www.suno.com.br\/noticias\/fii-experience-especialistas-gestores-investidores\/","name":"FII Experience re\u00fane especialistas, gestores e investidores","isPartOf":{"@id":"https:\/\/www.suno.com.br\/noticias\/#website"},"primaryImageOfPage":{"@id":"https:\/\/www.suno.com.br\/noticias\/fii-experience-especialistas-gestores-investidores\/#primaryimage"},"image":{"@id":"https:\/\/www.suno.com.br\/noticias\/fii-experience-especialistas-gestores-investidores\/#primaryimage"},"thumbnailUrl":"https:\/\/files.sunoresearch.com.br\/n\/uploads\/2025\/10\/FII-Experience-21025-FIIs-papel-jpg.webp","datePublished":"2025-10-23T12:42:26+00:00","dateModified":"2025-10-23T12:43:25+00:00","description":"FII Experience 2025, evento sobre o mercado de fundos imobili\u00e1rios, reuniu investidores e representantes das maiores gestoras do pa\u00eds","breadcrumb":{"@id":"https:\/\/www.suno.com.br\/noticias\/fii-experience-especialistas-gestores-investidores\/#breadcrumb"},"inLanguage":"pt-BR","potentialAction":[{"@type":"ReadAction","target":["https:\/\/www.suno.com.br\/noticias\/fii-experience-especialistas-gestores-investidores\/"]}]},{"@type":"ImageObject","inLanguage":"pt-BR","@id":"https:\/\/www.suno.com.br\/noticias\/fii-experience-especialistas-gestores-investidores\/#primaryimage","url":"https:\/\/files.sunoresearch.com.br\/n\/uploads\/2025\/10\/FII-Experience-21025-FIIs-papel-jpg.webp","contentUrl":"https:\/\/files.sunoresearch.com.br\/n\/uploads\/2025\/10\/FII-Experience-21025-FIIs-papel-jpg.webp","width":1300,"height":866,"caption":"FII Experience reuniu gestores, investidores e especialistas - foto: Divulga\u00e7\u00e3o\/Suno"},{"@type":"BreadcrumbList","@id":"https:\/\/www.suno.com.br\/noticias\/fii-experience-especialistas-gestores-investidores\/#breadcrumb","itemListElement":[{"@type":"ListItem","position":1,"name":"Not\u00edcias","item":"https:\/\/www.suno.com.br\/noticias\/"},{"@type":"ListItem","position":2,"name":"FIIs","item":"https:\/\/www.suno.com.br\/noticias\/fiis\/"},{"@type":"ListItem","position":3,"name":"FII Experience re\u00fane especialistas, gestores e investidores para discutir o mercado"}]},{"@type":"WebSite","@id":"https:\/\/www.suno.com.br\/noticias\/#website","url":"https:\/\/www.suno.com.br\/noticias\/","name":"Suno Not\u00edcias","description":"Seu portal de informa\u00e7\u00e3o sobre o mundo dos investimentos","publisher":{"@id":"https:\/\/www.suno.com.br\/noticias\/#organization"},"potentialAction":[{"@type":"SearchAction","target":{"@type":"EntryPoint","urlTemplate":"https:\/\/www.suno.com.br\/noticias\/?s={search_term_string}"},"query-input":{"@type":"PropertyValueSpecification","valueRequired":true,"valueName":"search_term_string"}}],"inLanguage":"pt-BR"},{"@type":"Organization","@id":"https:\/\/www.suno.com.br\/noticias\/#organization","name":"Suno Not\u00edcias","url":"https:\/\/www.suno.com.br\/noticias\/","logo":{"@type":"ImageObject","inLanguage":"pt-BR","@id":"https:\/\/www.suno.com.br\/noticias\/#\/schema\/logo\/image\/","url":"https:\/\/files.sunoresearch.com.br\/n\/uploads\/2021\/09\/suno-logo.png","contentUrl":"https:\/\/files.sunoresearch.com.br\/n\/uploads\/2021\/09\/suno-logo.png","width":180,"height":180,"caption":"Suno Not\u00edcias"},"image":{"@id":"https:\/\/www.suno.com.br\/noticias\/#\/schema\/logo\/image\/"},"sameAs":["https:\/\/facebook.com\/sunoresearch","https:\/\/x.com\/sunoresearch","https:\/\/www.instagram.com\/suno","https:\/\/www.linkedin.com\/company\/suno-research\/","https:\/\/www.youtube.com\/c\/sunoresearch"]},{"@type":"Person","@id":"https:\/\/www.suno.com.br\/noticias\/#\/schema\/person\/02171f82e02ec2306ed662847e114507","name":"Fernando Cesarotti","image":{"@type":"ImageObject","inLanguage":"pt-BR","@id":"https:\/\/www.suno.com.br\/noticias\/#\/schema\/person\/image\/","url":"https:\/\/secure.gravatar.com\/avatar\/fc3a37e1dd6249fd3cfdc1702d00d404?s=96&r=g","contentUrl":"https:\/\/secure.gravatar.com\/avatar\/fc3a37e1dd6249fd3cfdc1702d00d404?s=96&r=g","caption":"Fernando Cesarotti"},"description":"Jornalista, editor do FIIs.com.br. Graduado pela Unesp, com p\u00f3s-gradua\u00e7\u00e3o em Jornalismo Liter\u00e1rio, com mais de 20 anos de experi\u00eancia em coberturas de economia, pol\u00edtica e esportes. Passagem tamb\u00e9m pelo meio acad\u00eamico, como professor universit\u00e1rio em cursos de Comunica\u00e7\u00e3o e l\u00edder de empresa j\u00fanior.","url":"https:\/\/www.suno.com.br\/noticias\/author\/fcesarottigmail-com\/"}]}},"default_loop_html":"<div class=\"cardsPage__listCard__boxs\"><div class=\"cardsPage__listCard__boxs__img\"><a href=\"https:\/\/www.suno.com.br\/noticias\/fii-experience-especialistas-gestores-investidores\/\"><img class=\"mask\" src=\"https:\/\/www.suno.com.br\/noticias\/wp-content\/themes\/suno\/resources\/images\/spotlight\/spotlight1img\/bg-mask.png\" alt=\"Image Mask\"\/><img src=\"https:\/\/files.sunoresearch.com.br\/n\/uploads\/2025\/10\/FII-Experience-21025-FIIs-papel-400x200.webp\" alt=\"FII Experience re\u00fane especialistas, gestores e investidores para discutir o mercado\"\/><\/a><span class=\"spotlightCategory\"><a href=\"https:\/\/www.suno.com.br\/noticias\/fiis\/\">FIIs<\/a><\/span><\/div><div class=\"cardsPage__listCard__boxs__content\"><a href=\"https:\/\/www.suno.com.br\/noticias\/fii-experience-especialistas-gestores-investidores\/\"><h2 class=\"content__title\">FII Experience re\u00fane especialistas, gestores e investidores para discutir o mercado<\/h2><\/a><div class=\"newsContent__article__meta\"><div class=\"newsContent__article__meta__authorBox\"><a href=\"https:\/\/www.suno.com.br\/noticias\/author\/fcesarottigmail-com\/\" class=\"authorBox__avatar noMobi\"><img src=\"https:\/\/files.sunoresearch.com.br\/n\/uploads\/2024\/02\/perfil-150x150.jpg\" alt=\"Fernando Cesarotti\"><\/a><div class=\"authorBox__name\"><span>por\n\t\t\t<a href=\"https:\/\/www.suno.com.br\/noticias\/author\/fcesarottigmail-com\/\"><span itemprop=\"author\">Fernando Cesarotti<\/span><\/a><\/span><time datetime=\"2025-10-23T09:42:26-03:00\" itemprop=\"datePublished\">23\/10\/2025 09:42<\/time><\/div><\/div><\/div><\/div><\/div>","single_layout":"posts","amp_enabled":true,"_links":{"self":[{"href":"https:\/\/www.suno.com.br\/noticias\/wp-json\/wp\/v2\/posts\/629682"}],"collection":[{"href":"https:\/\/www.suno.com.br\/noticias\/wp-json\/wp\/v2\/posts"}],"about":[{"href":"https:\/\/www.suno.com.br\/noticias\/wp-json\/wp\/v2\/types\/post"}],"author":[{"embeddable":true,"href":"https:\/\/www.suno.com.br\/noticias\/wp-json\/wp\/v2\/users\/339"}],"replies":[{"embeddable":true,"href":"https:\/\/www.suno.com.br\/noticias\/wp-json\/wp\/v2\/comments?post=629682"}],"version-history":[{"count":2,"href":"https:\/\/www.suno.com.br\/noticias\/wp-json\/wp\/v2\/posts\/629682\/revisions"}],"predecessor-version":[{"id":629685,"href":"https:\/\/www.suno.com.br\/noticias\/wp-json\/wp\/v2\/posts\/629682\/revisions\/629685"}],"wp:featuredmedia":[{"embeddable":true,"href":"https:\/\/www.suno.com.br\/noticias\/wp-json\/wp\/v2\/media\/629641"}],"wp:attachment":[{"href":"https:\/\/www.suno.com.br\/noticias\/wp-json\/wp\/v2\/media?parent=629682"}],"wp:term":[{"taxonomy":"category","embeddable":true,"href":"https:\/\/www.suno.com.br\/noticias\/wp-json\/wp\/v2\/categories?post=629682"},{"taxonomy":"post_tag","embeddable":true,"href":"https:\/\/www.suno.com.br\/noticias\/wp-json\/wp\/v2\/tags?post=629682"},{"taxonomy":"suno_strategy","embeddable":true,"href":"https:\/\/www.suno.com.br\/noticias\/wp-json\/wp\/v2\/suno_strategy?post=629682"}],"curies":[{"name":"wp","href":"https:\/\/api.w.org\/{rel}","templated":true}]}}