{"id":629322,"date":"2025-10-21T11:07:00","date_gmt":"2025-10-21T14:07:00","guid":{"rendered":"https:\/\/www.suno.com.br\/noticias\/?p=629322"},"modified":"2025-10-21T13:14:01","modified_gmt":"2025-10-21T16:14:01","slug":"embraer-embr3-recorde-pedidos-3t25-go","status":"publish","type":"post","link":"https:\/\/www.suno.com.br\/noticias\/embraer-embr3-recorde-pedidos-3t25-go\/","title":{"rendered":"Embraer (EMBR3) tem carteira recorde de pedidos no 3T25, com US$ 31,3 bilh\u00f5es; veja detalhes"},"content":{"rendered":"<p>A <a class=\"suno-keyword\" data-force=\"yes\" data-priority=\"2\" href=\"https:\/\/www.suno.com.br\/analitica\/acoes\/EMBR3\/\" target=\"_blank\" rel=\"noopener\">Embraer (<\/a><a class=\"suno-keyword\" data-force=\"yes\" data-priority=\"2\" href=\"https:\/\/www.suno.com.br\/analitica\/acoes\/embr3\/\" target=\"_blank\" rel=\"noopener\"><strong>EMBR3<\/strong><\/a><a href=\"https:\/\/www.suno.com.br\/analitica\/acoes\/embr3\/\">)<\/a> atingiu um novo recorde na carteira de pedidos no terceiro trimestre de 2025, de acordo com os dados operacionais divulgados pela companhia na manh\u00e3 desta ter\u00e7a-feira (21). O backlog somou US$ 31,3 bilh\u00f5es, o maior valor da hist\u00f3ria da fabricante.<\/p>\t<div class=\"wrapper-featured-image\">\n\t\t<figure class=\"spotlightImg\">\n\n\t\t\t<picture>\n\t\t\t\t<source media=\"(max-width: 768px)\" srcset=\"https:\/\/files.sunoresearch.com.br\/n\/uploads\/2023\/05\/NetJets-P500-1-1200x822-0767bf3b-1e8c-49b9-b46d-2f8848122330-400x200.jpg\">\n\t\t\t\t<img loading=\"lazy\" decoding=\"async\" class=\"newsContent__article__imgCapa lazyloadDisabled \" src=\"https:\/\/files.sunoresearch.com.br\/n\/uploads\/2023\/05\/NetJets-P500-1-1200x822-0767bf3b-1e8c-49b9-b46d-2f8848122330-800x450.jpg\" width=\"800\" height=\"450\" alt=\"Embraer (EMBR3) tem carteira recorde de pedidos no 3T25, com US$ 31,3 bilh\u00f5es; veja detalhes\" fetchpriority=high \/>\n\t\t\t<\/picture>\n\n\t\t\t<figcaption class=\"wp-caption-text wp-caption-text--show\">Embraer (EMBR3). Foto: Divulga\u00e7\u00e3o<\/figcaption>\n\t\t<\/figure>\n\t<\/div>\n\n\n\n\n\n\n\n\t<p>\n\t\t<a href=\"https:\/\/lp.suno.com.br\/planilha-da-vida-financeira\/\" target=\"_blank\" data-element=\"shortcode-suno-banner\" title=\"Banner SUNO, clique e saiba mais\">\n\t\t\t<picture>\n\t\t\t\t<source media=\"(max-width: 500px)\" srcset=\"https:\/\/files.sunoresearch.com.br\/n\/uploads\/2023\/04\/400x300-Planilha-vida-financeira-true.png\">\n\t\t\t\t<img class=\"newsContent__article__imgCapa newsContent__article__imgCapa--banner\"\n\t\t\t\t\tsrc=\"https:\/\/files.sunoresearch.com.br\/n\/uploads\/2023\/04\/1420x240-Planilha-vida-financeira-true.png\"\n\t\t\t\t\tdata-promo-id=\"106682\"\t\t\t\t\t\t\t\t\t\twidth='1420' height='240'\t\t\t\t\talt=\"https:\/\/files.sunoresearch.com.br\/n\/uploads\/2023\/04\/1420x240-Planilha-vida-financeira-true.png\"\n\t\t\t\t>\n\t\t\t<\/picture>\n\t\t<\/a>\n\t<\/p>\n\n\n\n\n\n<p>Impulsionado por novos contratos nas divis\u00f5es de avia\u00e7\u00e3o comercial, executiva e defesa, o resultado representa uma alta de 38% em rela\u00e7\u00e3o ao mesmo per\u00edodo do ano anterior e de 5% frente ao segundo trimestre. Segundo a <strong>Embraer<\/strong>, os n\u00fameros refletem o forte desempenho da avia\u00e7\u00e3o comercial e a manuten\u00e7\u00e3o de um ritmo s\u00f3lido nas entregas de jatos executivos.<\/p>\n\n\n\n<p>No trimestre, foram entregues 62 aeronaves em todas as unidades de neg\u00f3cio. O n\u00famero indica um aumento de 5% em rela\u00e7\u00e3o \u00e0s 59 entregas do mesmo per\u00edodo de 2024. No acumulado do ano, o total chegou a 148 aeronaves, 16% acima do registrado entre janeiro e setembro do ano passado.<\/p>\n\n\n\n<h2 class=\"wp-block-heading\">Outros destaques operacionais da Embraer (EMBR3)<\/h2>\n\n\n\n<p>A avia\u00e7\u00e3o comercial foi o principal motor de crescimento da Embraer (EMBR3) no trimestre. A unidade registrou uma carteira de pedidos de US$ 15,2 bilh\u00f5es, o maior n\u00edvel em nove anos, com aumento de 37% em rela\u00e7\u00e3o ao 3T24 e de 16% frente ao 2T25. <\/p>\n\n\n\n<p>O indicador <em>book-to-bill<\/em>, que mede a rela\u00e7\u00e3o entre novos pedidos recebidos (\u201cbookings\u201d) e entregas realizadas (\u201cbillings\u201d) em determinado per\u00edodo, ficou em 2,7 vezes nos \u00faltimos 12 meses, indicando que a Embraer recebeu mais pedidos do que entregou no intervalo.<\/p>\n\n\n\t<p>\n\t\t<a href=\"https:\/\/lp.suno.com.br\/ebook-como-analisar-uma-acao\/\" target=\"_blank\" data-element=\"shortcode-suno-banner\" title=\"Banner SUNO, clique e saiba mais\">\n\t\t\t<picture>\n\t\t\t\t<source media=\"(max-width: 500px)\" srcset=\"https:\/\/files.sunoresearch.com.br\/n\/uploads\/2023\/03\/Ebook-Acoes-Mobile.jpg\">\n\t\t\t\t<img class=\"newsContent__article__imgCapa newsContent__article__imgCapa--banner\"\n\t\t\t\t\tsrc=\"https:\/\/files.sunoresearch.com.br\/n\/uploads\/2023\/03\/Ebook-Acoes-Desktop.jpg\"\n\t\t\t\t\tdata-promo-id=\"378302\"\t\t\t\t\t\t\t\t\t\twidth='1420' height='286'\t\t\t\t\talt=\"https:\/\/files.sunoresearch.com.br\/n\/uploads\/2023\/03\/Ebook-Acoes-Desktop.jpg\"\n\t\t\t\t>\n\t\t\t<\/picture>\n\t\t<\/a>\n\t<\/p>\n\n\n\n\n\n<blockquote class=\"wp-block-quote is-layout-flow wp-block-quote-is-layout-flow\">\n<p>Durante o trimestre, a Embraer anunciou novos contratos relevantes, incluindo o <a href=\"https:\/\/www.suno.com.br\/noticias\/embraer-embr3-acordo-bilionario-eua-go\/\"><strong>pedido da Avelo Airlines para 50 jatos E195-E2<\/strong><\/a>, com op\u00e7\u00e3o de compra de mais 50, e outro do Grupo Latam, com 24 aeronaves firmes e 50 op\u00e7\u00f5es adicionais. Os pedidos devem refor\u00e7ar a presen\u00e7a da fabricante na Am\u00e9rica do Norte e na Am\u00e9rica do Sul.<\/p>\n\n\n\n<p>A unidade de Avia\u00e7\u00e3o Executiva encerrou o trimestre com uma carteira de US$ 7,3 bilh\u00f5es, crescimento de 65% frente ao mesmo per\u00edodo de 2024. Foram 41 entregas no trimestre e 102 no acumulado do ano, o equivalente a 68% da meta anual, que varia entre 145 e 155 aeronaves.<\/p>\n\n\n\n<p>O trimestre tamb\u00e9m marcou a entrega do jato executivo de n\u00famero 2 mil na hist\u00f3ria da Embraer, um Praetor 500 destinado ao departamento de avia\u00e7\u00e3o de uma grande empresa.<\/p>\n\n\n\n<p>Na divis\u00e3o de Defesa &amp; Seguran\u00e7a, a carteira totalizou US$ 3,9 bilh\u00f5es, alta de 8% na compara\u00e7\u00e3o anual. O per\u00edodo foi marcado pela entrega do terceiro KC-390 Millennium \u00e0 For\u00e7a A\u00e9rea Portuguesa e pela assinatura de contratos com o Panam\u00e1, para quatro aeronaves A-29 Super Tucano, e com a americana SNC, que pode anteceder novas encomendas via o programa Foreign Military Sales (FMS) do governo dos Estados Unidos.<\/p>\n<\/blockquote>\n\n\n\n<p>Outro destaque da <strong>Embraer (EMBR3)<\/strong> foi o segmento de Servi\u00e7os &amp; Suporte, que tamb\u00e9m apresentou um avan\u00e7o expressivo e encerrou o trimestre com US$ 4,9 bilh\u00f5es em pedidos, alta de 40% frente ao ano anterior. O crescimento foi impulsionado pela assinatura de diversos contratos de manuten\u00e7\u00e3o e suporte log\u00edstico ao longo dos \u00faltimos meses.<\/p>\n\n\n\t<p>\n\t\t<a href=\"https:\/\/lp.suno.com.br\/planilha-da-vida-financeira\/\" target=\"_blank\" data-element=\"shortcode-suno-banner\" title=\"Banner SUNO, clique e saiba mais\">\n\t\t\t<picture>\n\t\t\t\t<source media=\"(max-width: 500px)\" srcset=\"https:\/\/files.sunoresearch.com.br\/n\/uploads\/2023\/04\/400x300-Planilha-vida-financeira-true.png\">\n\t\t\t\t<img class=\"newsContent__article__imgCapa newsContent__article__imgCapa--banner\"\n\t\t\t\t\tsrc=\"https:\/\/files.sunoresearch.com.br\/n\/uploads\/2023\/04\/1420x240-Planilha-vida-financeira-true.png\"\n\t\t\t\t\tdata-promo-id=\"383123\"\t\t\t\t\t\t\t\t\t\twidth='1420' height='240'\t\t\t\t\talt=\"https:\/\/files.sunoresearch.com.br\/n\/uploads\/2023\/04\/1420x240-Planilha-vida-financeira-true.png\"\n\t\t\t\t>\n\t\t\t<\/picture>\n\t\t<\/a>\n\t<\/p>\n\n\n","protected":false},"excerpt":{"rendered":"<p>A Embraer (EMBR3) atingiu um novo recorde na carteira de pedidos no terceiro trimestre de 2025, de acordo com os dados operacionais divulgados pela companhia na manh\u00e3 desta ter\u00e7a-feira (21). O backlog somou US$ 31,3 bilh\u00f5es, o maior valor da hist\u00f3ria da fabricante. Embraer (EMBR3). Foto: Divulga\u00e7\u00e3o Impulsionado por novos contratos nas divis\u00f5es de avia\u00e7\u00e3o [&hellip;]<\/p>\n","protected":false},"author":404,"featured_media":404258,"comment_status":"closed","ping_status":"closed","sticky":false,"template":"","format":"standard","meta":[],"categories":[64],"tags":[460],"suno_strategy":[],"class_list":["post-629322","post","type-post","status-publish","format-standard","has-post-thumbnail","hentry","category-negocios","tag-embraer-embr3"],"yoast_head":"<!-- This site is optimized with the Yoast SEO plugin v24.4 - https:\/\/yoast.com\/wordpress\/plugins\/seo\/ -->\n<title>Embraer (EMBR3) tem carteira recorde de pedidos no 3T25<\/title>\n<meta name=\"description\" content=\"A Embraer (EMBR3) atingiu um novo recorde na carteira de pedidos no terceiro trimestre, de acordo com os dados operacionais. Leia mais.\" \/>\n<meta name=\"robots\" content=\"index, follow, max-snippet:-1, max-image-preview:large, max-video-preview:-1\" \/>\n<link rel=\"canonical\" href=\"https:\/\/www.suno.com.br\/noticias\/embraer-embr3-recorde-pedidos-3t25-go\/\" \/>\n<meta property=\"og:locale\" content=\"pt_BR\" \/>\n<meta property=\"og:type\" content=\"article\" \/>\n<meta property=\"og:title\" content=\"Embraer (EMBR3) tem carteira recorde de pedidos no 3T25\" \/>\n<meta property=\"og:description\" content=\"A Embraer (EMBR3) atingiu um novo recorde na carteira de pedidos no terceiro trimestre, de acordo com os dados operacionais. Leia mais.\" \/>\n<meta property=\"og:url\" content=\"https:\/\/www.suno.com.br\/noticias\/embraer-embr3-recorde-pedidos-3t25-go\/\" \/>\n<meta property=\"og:site_name\" content=\"Suno Not\u00edcias\" \/>\n<meta property=\"article:publisher\" content=\"https:\/\/facebook.com\/sunoresearch\" \/>\n<meta property=\"og:image\" content=\"https:\/\/files.sunoresearch.com.br\/n\/uploads\/2023\/05\/NetJets-P500-1-1200x822-0767bf3b-1e8c-49b9-b46d-2f8848122330.jpg\" \/>\n\t<meta property=\"og:image:width\" content=\"1200\" \/>\n\t<meta property=\"og:image:height\" content=\"822\" \/>\n\t<meta property=\"og:image:type\" content=\"image\/jpeg\" \/>\n<meta name=\"author\" content=\"Giovanna Oliveira\" \/>\n<meta name=\"twitter:card\" content=\"summary_large_image\" \/>\n<meta name=\"twitter:creator\" content=\"@sunoresearch\" \/>\n<meta name=\"twitter:site\" content=\"@sunoresearch\" \/>\n<meta name=\"twitter:label1\" content=\"Escrito por\" \/>\n\t<meta name=\"twitter:data1\" content=\"Giovanna Oliveira\" \/>\n\t<meta name=\"twitter:label2\" content=\"Est. tempo de leitura\" \/>\n\t<meta name=\"twitter:data2\" content=\"2 minutos\" \/>\n<script type=\"application\/ld+json\" class=\"yoast-schema-graph\">{\"@context\":\"https:\/\/schema.org\",\"@graph\":[{\"@type\":\"NewsArticle\",\"@id\":\"https:\/\/www.suno.com.br\/noticias\/embraer-embr3-recorde-pedidos-3t25-go\/#article\",\"isPartOf\":{\"@id\":\"https:\/\/www.suno.com.br\/noticias\/embraer-embr3-recorde-pedidos-3t25-go\/\"},\"author\":{\"name\":\"Giovanna Oliveira\",\"@id\":\"https:\/\/www.suno.com.br\/noticias\/#\/schema\/person\/506bb13f624e6983050ae5bf648c7a54\"},\"headline\":\"Embraer (EMBR3) tem carteira recorde de pedidos no 3T25, com US$ 31,3 bilh\u00f5es; veja detalhes\",\"datePublished\":\"2025-10-21T14:07:00+00:00\",\"dateModified\":\"2025-10-21T16:14:01+00:00\",\"mainEntityOfPage\":{\"@id\":\"https:\/\/www.suno.com.br\/noticias\/embraer-embr3-recorde-pedidos-3t25-go\/\"},\"wordCount\":534,\"publisher\":{\"@id\":\"https:\/\/www.suno.com.br\/noticias\/#organization\"},\"image\":{\"@id\":\"https:\/\/www.suno.com.br\/noticias\/embraer-embr3-recorde-pedidos-3t25-go\/#primaryimage\"},\"thumbnailUrl\":\"https:\/\/files.sunoresearch.com.br\/n\/uploads\/2023\/05\/NetJets-P500-1-1200x822-0767bf3b-1e8c-49b9-b46d-2f8848122330.jpg\",\"keywords\":[\"Embraer (EMBR3)\"],\"articleSection\":[\"Neg\u00f3cios\"],\"inLanguage\":\"pt-BR\"},{\"@type\":\"WebPage\",\"@id\":\"https:\/\/www.suno.com.br\/noticias\/embraer-embr3-recorde-pedidos-3t25-go\/\",\"url\":\"https:\/\/www.suno.com.br\/noticias\/embraer-embr3-recorde-pedidos-3t25-go\/\",\"name\":\"Embraer (EMBR3) tem carteira recorde de pedidos no 3T25\",\"isPartOf\":{\"@id\":\"https:\/\/www.suno.com.br\/noticias\/#website\"},\"primaryImageOfPage\":{\"@id\":\"https:\/\/www.suno.com.br\/noticias\/embraer-embr3-recorde-pedidos-3t25-go\/#primaryimage\"},\"image\":{\"@id\":\"https:\/\/www.suno.com.br\/noticias\/embraer-embr3-recorde-pedidos-3t25-go\/#primaryimage\"},\"thumbnailUrl\":\"https:\/\/files.sunoresearch.com.br\/n\/uploads\/2023\/05\/NetJets-P500-1-1200x822-0767bf3b-1e8c-49b9-b46d-2f8848122330.jpg\",\"datePublished\":\"2025-10-21T14:07:00+00:00\",\"dateModified\":\"2025-10-21T16:14:01+00:00\",\"description\":\"A Embraer (EMBR3) atingiu um novo recorde na carteira de pedidos no terceiro trimestre, de acordo com os dados operacionais. Leia mais.\",\"breadcrumb\":{\"@id\":\"https:\/\/www.suno.com.br\/noticias\/embraer-embr3-recorde-pedidos-3t25-go\/#breadcrumb\"},\"inLanguage\":\"pt-BR\",\"potentialAction\":[{\"@type\":\"ReadAction\",\"target\":[\"https:\/\/www.suno.com.br\/noticias\/embraer-embr3-recorde-pedidos-3t25-go\/\"]}]},{\"@type\":\"ImageObject\",\"inLanguage\":\"pt-BR\",\"@id\":\"https:\/\/www.suno.com.br\/noticias\/embraer-embr3-recorde-pedidos-3t25-go\/#primaryimage\",\"url\":\"https:\/\/files.sunoresearch.com.br\/n\/uploads\/2023\/05\/NetJets-P500-1-1200x822-0767bf3b-1e8c-49b9-b46d-2f8848122330.jpg\",\"contentUrl\":\"https:\/\/files.sunoresearch.com.br\/n\/uploads\/2023\/05\/NetJets-P500-1-1200x822-0767bf3b-1e8c-49b9-b46d-2f8848122330.jpg\",\"width\":1200,\"height\":822,\"caption\":\"Embraer (EMBR3). Foto: Divulga\u00e7\u00e3o\"},{\"@type\":\"BreadcrumbList\",\"@id\":\"https:\/\/www.suno.com.br\/noticias\/embraer-embr3-recorde-pedidos-3t25-go\/#breadcrumb\",\"itemListElement\":[{\"@type\":\"ListItem\",\"position\":1,\"name\":\"Not\u00edcias\",\"item\":\"https:\/\/www.suno.com.br\/noticias\/\"},{\"@type\":\"ListItem\",\"position\":2,\"name\":\"Neg\u00f3cios\",\"item\":\"https:\/\/www.suno.com.br\/noticias\/negocios\/\"},{\"@type\":\"ListItem\",\"position\":3,\"name\":\"Embraer (EMBR3) tem carteira recorde de pedidos no 3T25, com US$ 31,3 bilh\u00f5es; veja detalhes\"}]},{\"@type\":\"WebSite\",\"@id\":\"https:\/\/www.suno.com.br\/noticias\/#website\",\"url\":\"https:\/\/www.suno.com.br\/noticias\/\",\"name\":\"Suno Not\u00edcias\",\"description\":\"Seu portal de informa\u00e7\u00e3o sobre o mundo dos investimentos\",\"publisher\":{\"@id\":\"https:\/\/www.suno.com.br\/noticias\/#organization\"},\"potentialAction\":[{\"@type\":\"SearchAction\",\"target\":{\"@type\":\"EntryPoint\",\"urlTemplate\":\"https:\/\/www.suno.com.br\/noticias\/?s={search_term_string}\"},\"query-input\":{\"@type\":\"PropertyValueSpecification\",\"valueRequired\":true,\"valueName\":\"search_term_string\"}}],\"inLanguage\":\"pt-BR\"},{\"@type\":\"Organization\",\"@id\":\"https:\/\/www.suno.com.br\/noticias\/#organization\",\"name\":\"Suno Not\u00edcias\",\"url\":\"https:\/\/www.suno.com.br\/noticias\/\",\"logo\":{\"@type\":\"ImageObject\",\"inLanguage\":\"pt-BR\",\"@id\":\"https:\/\/www.suno.com.br\/noticias\/#\/schema\/logo\/image\/\",\"url\":\"https:\/\/files.sunoresearch.com.br\/n\/uploads\/2021\/09\/suno-logo.png\",\"contentUrl\":\"https:\/\/files.sunoresearch.com.br\/n\/uploads\/2021\/09\/suno-logo.png\",\"width\":180,\"height\":180,\"caption\":\"Suno Not\u00edcias\"},\"image\":{\"@id\":\"https:\/\/www.suno.com.br\/noticias\/#\/schema\/logo\/image\/\"},\"sameAs\":[\"https:\/\/facebook.com\/sunoresearch\",\"https:\/\/x.com\/sunoresearch\",\"https:\/\/www.instagram.com\/suno\",\"https:\/\/www.linkedin.com\/company\/suno-research\/\",\"https:\/\/www.youtube.com\/c\/sunoresearch\"]},{\"@type\":\"Person\",\"@id\":\"https:\/\/www.suno.com.br\/noticias\/#\/schema\/person\/506bb13f624e6983050ae5bf648c7a54\",\"name\":\"Giovanna Oliveira\",\"image\":{\"@type\":\"ImageObject\",\"inLanguage\":\"pt-BR\",\"@id\":\"https:\/\/www.suno.com.br\/noticias\/#\/schema\/person\/image\/\",\"url\":\"https:\/\/secure.gravatar.com\/avatar\/8d180e5cea232a9bb3af521589b133fa?s=96&r=g\",\"contentUrl\":\"https:\/\/secure.gravatar.com\/avatar\/8d180e5cea232a9bb3af521589b133fa?s=96&r=g\",\"caption\":\"Giovanna Oliveira\"},\"description\":\"Jornalista com mais de sete anos de experi\u00eancia na cobertura de finan\u00e7as e economia. P\u00f3s-graduada em Neg\u00f3cios e Inova\u00e7\u00e3o (ESPM-SP) e mestranda em Finan\u00e7as (UADE Business School\u2013Buenos Aires).\",\"url\":\"https:\/\/www.suno.com.br\/noticias\/author\/giovannalmd-oliveiragmail-com\/\"}]}<\/script>\n<!-- \/ Yoast SEO plugin. -->","yoast_head_json":{"title":"Embraer (EMBR3) tem carteira recorde de pedidos no 3T25","description":"A Embraer (EMBR3) atingiu um novo recorde na carteira de pedidos no terceiro trimestre, de acordo com os dados operacionais. Leia mais.","robots":{"index":"index","follow":"follow","max-snippet":"max-snippet:-1","max-image-preview":"max-image-preview:large","max-video-preview":"max-video-preview:-1"},"canonical":"https:\/\/www.suno.com.br\/noticias\/embraer-embr3-recorde-pedidos-3t25-go\/","og_locale":"pt_BR","og_type":"article","og_title":"Embraer (EMBR3) tem carteira recorde de pedidos no 3T25","og_description":"A Embraer (EMBR3) atingiu um novo recorde na carteira de pedidos no terceiro trimestre, de acordo com os dados operacionais. Leia mais.","og_url":"https:\/\/www.suno.com.br\/noticias\/embraer-embr3-recorde-pedidos-3t25-go\/","og_site_name":"Suno Not\u00edcias","article_publisher":"https:\/\/facebook.com\/sunoresearch","og_image":[{"width":1200,"height":822,"url":"https:\/\/files.sunoresearch.com.br\/n\/uploads\/2023\/05\/NetJets-P500-1-1200x822-0767bf3b-1e8c-49b9-b46d-2f8848122330.jpg","type":"image\/jpeg"}],"author":"Giovanna Oliveira","twitter_card":"summary_large_image","twitter_creator":"@sunoresearch","twitter_site":"@sunoresearch","twitter_misc":{"Escrito por":"Giovanna Oliveira","Est. tempo de leitura":"2 minutos"},"schema":{"@context":"https:\/\/schema.org","@graph":[{"@type":"NewsArticle","@id":"https:\/\/www.suno.com.br\/noticias\/embraer-embr3-recorde-pedidos-3t25-go\/#article","isPartOf":{"@id":"https:\/\/www.suno.com.br\/noticias\/embraer-embr3-recorde-pedidos-3t25-go\/"},"author":{"name":"Giovanna Oliveira","@id":"https:\/\/www.suno.com.br\/noticias\/#\/schema\/person\/506bb13f624e6983050ae5bf648c7a54"},"headline":"Embraer (EMBR3) tem carteira recorde de pedidos no 3T25, com US$ 31,3 bilh\u00f5es; veja detalhes","datePublished":"2025-10-21T14:07:00+00:00","dateModified":"2025-10-21T16:14:01+00:00","mainEntityOfPage":{"@id":"https:\/\/www.suno.com.br\/noticias\/embraer-embr3-recorde-pedidos-3t25-go\/"},"wordCount":534,"publisher":{"@id":"https:\/\/www.suno.com.br\/noticias\/#organization"},"image":{"@id":"https:\/\/www.suno.com.br\/noticias\/embraer-embr3-recorde-pedidos-3t25-go\/#primaryimage"},"thumbnailUrl":"https:\/\/files.sunoresearch.com.br\/n\/uploads\/2023\/05\/NetJets-P500-1-1200x822-0767bf3b-1e8c-49b9-b46d-2f8848122330.jpg","keywords":["Embraer (EMBR3)"],"articleSection":["Neg\u00f3cios"],"inLanguage":"pt-BR"},{"@type":"WebPage","@id":"https:\/\/www.suno.com.br\/noticias\/embraer-embr3-recorde-pedidos-3t25-go\/","url":"https:\/\/www.suno.com.br\/noticias\/embraer-embr3-recorde-pedidos-3t25-go\/","name":"Embraer (EMBR3) tem carteira recorde de pedidos no 3T25","isPartOf":{"@id":"https:\/\/www.suno.com.br\/noticias\/#website"},"primaryImageOfPage":{"@id":"https:\/\/www.suno.com.br\/noticias\/embraer-embr3-recorde-pedidos-3t25-go\/#primaryimage"},"image":{"@id":"https:\/\/www.suno.com.br\/noticias\/embraer-embr3-recorde-pedidos-3t25-go\/#primaryimage"},"thumbnailUrl":"https:\/\/files.sunoresearch.com.br\/n\/uploads\/2023\/05\/NetJets-P500-1-1200x822-0767bf3b-1e8c-49b9-b46d-2f8848122330.jpg","datePublished":"2025-10-21T14:07:00+00:00","dateModified":"2025-10-21T16:14:01+00:00","description":"A Embraer (EMBR3) atingiu um novo recorde na carteira de pedidos no terceiro trimestre, de acordo com os dados operacionais. Leia mais.","breadcrumb":{"@id":"https:\/\/www.suno.com.br\/noticias\/embraer-embr3-recorde-pedidos-3t25-go\/#breadcrumb"},"inLanguage":"pt-BR","potentialAction":[{"@type":"ReadAction","target":["https:\/\/www.suno.com.br\/noticias\/embraer-embr3-recorde-pedidos-3t25-go\/"]}]},{"@type":"ImageObject","inLanguage":"pt-BR","@id":"https:\/\/www.suno.com.br\/noticias\/embraer-embr3-recorde-pedidos-3t25-go\/#primaryimage","url":"https:\/\/files.sunoresearch.com.br\/n\/uploads\/2023\/05\/NetJets-P500-1-1200x822-0767bf3b-1e8c-49b9-b46d-2f8848122330.jpg","contentUrl":"https:\/\/files.sunoresearch.com.br\/n\/uploads\/2023\/05\/NetJets-P500-1-1200x822-0767bf3b-1e8c-49b9-b46d-2f8848122330.jpg","width":1200,"height":822,"caption":"Embraer (EMBR3). Foto: Divulga\u00e7\u00e3o"},{"@type":"BreadcrumbList","@id":"https:\/\/www.suno.com.br\/noticias\/embraer-embr3-recorde-pedidos-3t25-go\/#breadcrumb","itemListElement":[{"@type":"ListItem","position":1,"name":"Not\u00edcias","item":"https:\/\/www.suno.com.br\/noticias\/"},{"@type":"ListItem","position":2,"name":"Neg\u00f3cios","item":"https:\/\/www.suno.com.br\/noticias\/negocios\/"},{"@type":"ListItem","position":3,"name":"Embraer (EMBR3) tem carteira recorde de pedidos no 3T25, com US$ 31,3 bilh\u00f5es; veja detalhes"}]},{"@type":"WebSite","@id":"https:\/\/www.suno.com.br\/noticias\/#website","url":"https:\/\/www.suno.com.br\/noticias\/","name":"Suno Not\u00edcias","description":"Seu portal de informa\u00e7\u00e3o sobre o mundo dos investimentos","publisher":{"@id":"https:\/\/www.suno.com.br\/noticias\/#organization"},"potentialAction":[{"@type":"SearchAction","target":{"@type":"EntryPoint","urlTemplate":"https:\/\/www.suno.com.br\/noticias\/?s={search_term_string}"},"query-input":{"@type":"PropertyValueSpecification","valueRequired":true,"valueName":"search_term_string"}}],"inLanguage":"pt-BR"},{"@type":"Organization","@id":"https:\/\/www.suno.com.br\/noticias\/#organization","name":"Suno Not\u00edcias","url":"https:\/\/www.suno.com.br\/noticias\/","logo":{"@type":"ImageObject","inLanguage":"pt-BR","@id":"https:\/\/www.suno.com.br\/noticias\/#\/schema\/logo\/image\/","url":"https:\/\/files.sunoresearch.com.br\/n\/uploads\/2021\/09\/suno-logo.png","contentUrl":"https:\/\/files.sunoresearch.com.br\/n\/uploads\/2021\/09\/suno-logo.png","width":180,"height":180,"caption":"Suno Not\u00edcias"},"image":{"@id":"https:\/\/www.suno.com.br\/noticias\/#\/schema\/logo\/image\/"},"sameAs":["https:\/\/facebook.com\/sunoresearch","https:\/\/x.com\/sunoresearch","https:\/\/www.instagram.com\/suno","https:\/\/www.linkedin.com\/company\/suno-research\/","https:\/\/www.youtube.com\/c\/sunoresearch"]},{"@type":"Person","@id":"https:\/\/www.suno.com.br\/noticias\/#\/schema\/person\/506bb13f624e6983050ae5bf648c7a54","name":"Giovanna Oliveira","image":{"@type":"ImageObject","inLanguage":"pt-BR","@id":"https:\/\/www.suno.com.br\/noticias\/#\/schema\/person\/image\/","url":"https:\/\/secure.gravatar.com\/avatar\/8d180e5cea232a9bb3af521589b133fa?s=96&r=g","contentUrl":"https:\/\/secure.gravatar.com\/avatar\/8d180e5cea232a9bb3af521589b133fa?s=96&r=g","caption":"Giovanna Oliveira"},"description":"Jornalista com mais de sete anos de experi\u00eancia na cobertura de finan\u00e7as e economia. P\u00f3s-graduada em Neg\u00f3cios e Inova\u00e7\u00e3o (ESPM-SP) e mestranda em Finan\u00e7as (UADE Business School\u2013Buenos Aires).","url":"https:\/\/www.suno.com.br\/noticias\/author\/giovannalmd-oliveiragmail-com\/"}]}},"default_loop_html":"<div class=\"cardsPage__listCard__boxs\"><div class=\"cardsPage__listCard__boxs__img\"><a href=\"https:\/\/www.suno.com.br\/noticias\/embraer-embr3-recorde-pedidos-3t25-go\/\"><img class=\"mask\" src=\"https:\/\/www.suno.com.br\/noticias\/wp-content\/themes\/suno\/resources\/images\/spotlight\/spotlight1img\/bg-mask.png\" alt=\"Image Mask\"\/><img src=\"https:\/\/files.sunoresearch.com.br\/n\/uploads\/2023\/05\/NetJets-P500-1-1200x822-0767bf3b-1e8c-49b9-b46d-2f8848122330-400x200.jpg\" alt=\"Embraer (EMBR3) tem carteira recorde de pedidos no 3T25, com US$ 31,3 bilh\u00f5es; veja detalhes\"\/><\/a><span class=\"spotlightCategory\"><a href=\"https:\/\/www.suno.com.br\/noticias\/negocios\/\">Neg\u00f3cios<\/a><\/span><\/div><div class=\"cardsPage__listCard__boxs__content\"><a href=\"https:\/\/www.suno.com.br\/noticias\/embraer-embr3-recorde-pedidos-3t25-go\/\"><h2 class=\"content__title\">Embraer (EMBR3) tem carteira recorde de pedidos no 3T25, com US$ 31,3 bilh\u00f5es; veja detalhes<\/h2><\/a><div class=\"newsContent__article__meta\"><div class=\"newsContent__article__meta__authorBox\"><a href=\"https:\/\/www.suno.com.br\/noticias\/author\/giovannalmd-oliveiragmail-com\/\" class=\"authorBox__avatar noMobi\"><img src=\"https:\/\/secure.gravatar.com\/avatar\/8d180e5cea232a9bb3af521589b133fa?s=96&#038;r=g\" alt=\"Giovanna Oliveira\"><\/a><div class=\"authorBox__name\"><span>por\n\t\t\t<a href=\"https:\/\/www.suno.com.br\/noticias\/author\/giovannalmd-oliveiragmail-com\/\"><span itemprop=\"author\">Giovanna Oliveira<\/span><\/a><\/span><time datetime=\"2025-10-21T11:07:00-03:00\" itemprop=\"datePublished\">21\/10\/2025 11:07<\/time><\/div><\/div><\/div><\/div><\/div>","single_layout":"posts","amp_enabled":true,"_links":{"self":[{"href":"https:\/\/www.suno.com.br\/noticias\/wp-json\/wp\/v2\/posts\/629322"}],"collection":[{"href":"https:\/\/www.suno.com.br\/noticias\/wp-json\/wp\/v2\/posts"}],"about":[{"href":"https:\/\/www.suno.com.br\/noticias\/wp-json\/wp\/v2\/types\/post"}],"author":[{"embeddable":true,"href":"https:\/\/www.suno.com.br\/noticias\/wp-json\/wp\/v2\/users\/404"}],"replies":[{"embeddable":true,"href":"https:\/\/www.suno.com.br\/noticias\/wp-json\/wp\/v2\/comments?post=629322"}],"version-history":[{"count":2,"href":"https:\/\/www.suno.com.br\/noticias\/wp-json\/wp\/v2\/posts\/629322\/revisions"}],"predecessor-version":[{"id":629333,"href":"https:\/\/www.suno.com.br\/noticias\/wp-json\/wp\/v2\/posts\/629322\/revisions\/629333"}],"wp:featuredmedia":[{"embeddable":true,"href":"https:\/\/www.suno.com.br\/noticias\/wp-json\/wp\/v2\/media\/404258"}],"wp:attachment":[{"href":"https:\/\/www.suno.com.br\/noticias\/wp-json\/wp\/v2\/media?parent=629322"}],"wp:term":[{"taxonomy":"category","embeddable":true,"href":"https:\/\/www.suno.com.br\/noticias\/wp-json\/wp\/v2\/categories?post=629322"},{"taxonomy":"post_tag","embeddable":true,"href":"https:\/\/www.suno.com.br\/noticias\/wp-json\/wp\/v2\/tags?post=629322"},{"taxonomy":"suno_strategy","embeddable":true,"href":"https:\/\/www.suno.com.br\/noticias\/wp-json\/wp\/v2\/suno_strategy?post=629322"}],"curies":[{"name":"wp","href":"https:\/\/api.w.org\/{rel}","templated":true}]}}