{"id":629317,"date":"2025-10-21T10:05:57","date_gmt":"2025-10-21T13:05:57","guid":{"rendered":"https:\/\/www.suno.com.br\/noticias\/?p=629317"},"modified":"2025-10-21T10:13:44","modified_gmt":"2025-10-21T13:13:44","slug":"ambipar-ambp3-recuperacao-judicial-brasil-eua-go","status":"publish","type":"post","link":"https:\/\/www.suno.com.br\/noticias\/ambipar-ambp3-recuperacao-judicial-brasil-eua-go\/","title":{"rendered":"Ambipar (AMBP3) pede recupera\u00e7\u00e3o judicial no Brasil e nos Estados Unidos"},"content":{"rendered":"<p>A <strong><a class=\"suno-keyword\" data-force=\"no\" data-priority=\"2\" href=\"https:\/\/www.suno.com.br\/analitica\/acoes\/AMBP3\/\" target=\"_blank\" rel=\"noopener\">Ambipar (AMBP3)<\/a> <\/strong>protocolou na madrugada desta ter\u00e7a-feira (21) um pedido de recupera\u00e7\u00e3o judicial no Brasil e nos Estados Unidos, ap\u00f3s uma crise de liquidez agravada por suspeitas de irregularidades em opera\u00e7\u00f5es financeiras realizadas pela antiga diretoria. O processo foi ajuizado na 3\u00aa Vara Empresarial da Comarca da Capital do Estado do Rio de Janeiro.<\/p>\t<div class=\"wrapper-featured-image\">\n\t\t<figure class=\"spotlightImg\">\n\n\t\t\t<picture>\n\t\t\t\t<source media=\"(max-width: 768px)\" srcset=\"https:\/\/files.sunoresearch.com.br\/n\/uploads\/2025\/10\/8aaddd12-ambipar-2-scaled-1-400x200.webp\">\n\t\t\t\t<img loading=\"lazy\" decoding=\"async\" class=\"newsContent__article__imgCapa lazyloadDisabled \" src=\"https:\/\/files.sunoresearch.com.br\/n\/uploads\/2025\/10\/8aaddd12-ambipar-2-scaled-1-800x450.webp\" width=\"800\" height=\"450\" alt=\"Ambipar (AMBP3) pede recupera\u00e7\u00e3o judicial no Brasil e nos Estados Unidos\" fetchpriority=high \/>\n\t\t\t<\/picture>\n\n\t\t\t<figcaption class=\"wp-caption-text wp-caption-text--show\">Ambipar (AMBP3) - Foto: Reprodu\u00e7\u00e3o\/Site<\/figcaption>\n\t\t<\/figure>\n\t<\/div>\n\n\n\n\n\n\n\n\t<p>\n\t\t<a href=\"https:\/\/lp.suno.com.br\/planilha-da-vida-financeira\/\" target=\"_blank\" data-element=\"shortcode-suno-banner\" title=\"Banner SUNO, clique e saiba mais\">\n\t\t\t<picture>\n\t\t\t\t<source media=\"(max-width: 500px)\" srcset=\"https:\/\/files.sunoresearch.com.br\/n\/uploads\/2023\/04\/400x300-Planilha-vida-financeira-true.png\">\n\t\t\t\t<img class=\"newsContent__article__imgCapa newsContent__article__imgCapa--banner\"\n\t\t\t\t\tsrc=\"https:\/\/files.sunoresearch.com.br\/n\/uploads\/2023\/04\/1420x240-Planilha-vida-financeira-true.png\"\n\t\t\t\t\tdata-promo-id=\"106682\"\t\t\t\t\t\t\t\t\t\twidth='1420' height='240'\t\t\t\t\talt=\"https:\/\/files.sunoresearch.com.br\/n\/uploads\/2023\/04\/1420x240-Planilha-vida-financeira-true.png\"\n\t\t\t\t>\n\t\t\t<\/picture>\n\t\t<\/a>\n\t<\/p>\n\n\n\n\n\n<p>O pedido tamb\u00e9m envolve outras empresas do grupo, como a Environmental ESG Participa\u00e7\u00f5es. Nos Estados Unidos, a <strong>Ambipar<\/strong> Emergency Response, subsidi\u00e1ria sediada nas Ilhas Cayman, entrou com uma a\u00e7\u00e3o de fal\u00eancia sob o <strong>Chapter 11<\/strong>, o equivalente americano \u00e0 recupera\u00e7\u00e3o judicial.<\/p>\n\n\n\n<p>De acordo com o <a class=\"suno-keyword\" data-force=\"no\" data-priority=\"1\" href=\"https:\/\/www.suno.com.br\/artigos\/fato-relevante\/\" target=\"_blank\" rel=\"noopener\">fato relevante<\/a> divulgado ao mercado, o conselho da companhia aprovou a medida em car\u00e1ter de urg\u00eancia, buscando garantir a continuidade das opera\u00e7\u00f5es e preservar contratos, empregos e servi\u00e7os prestados. A companhia afirmou que a decis\u00e3o tem como objetivo assegurar tratamento equitativo aos credores e promover uma reorganiza\u00e7\u00e3o ordenada e transparente.<\/p>\n\n\n\n<div class=\"pluginQuotation\">\n  <p class=\"ticker\">\n    Cota\u00e7\u00e3o <span>AMBP3<\/span>\n  <\/p>\n  <div class=\"info\">\n    <div class=\"leftSide\">\n      Gr\u00e1fico gerado em: 21\/10\/2025    <\/div>\n\t\t\t\t\t<div class=\"rightSide\">\n\t\t\t\t\t<span class=\"period\">\n\t\t\t\t\t\t1 M\u00eas\t\t\t\t\t<\/span>\n\t\t\t<\/div>\n\t\t  <\/div>\n\n  <div id=\"chart-252d26090157f06127705a07c75b6de2\" data-block-hash=\"252d26090157f06127705a07c75b6de2\"  class=\"chart\" style=\"width:100%;height:400px;\"><\/div>\n\n  <div class=\"pluginQuotation__footer\">\n    <div class=\"dataChart\">\n\n      <div class=\"dataChart__div1 variation\">\n        <div class=\"value-negative\">\n          -96,42 (-13,48%)        <\/div>\n        <div class=\"text\">\n          Varia\u00e7\u00e3o do per\u00edodo\n        <\/div>\n      <\/div>\n\n      <div class=\"dataChart__div2 minMax\">\n        <div class=\"value\">\n          R$\u00a00,38        <\/div>\n        <div class=\"text\">\n          M\u00ednima\n        <\/div>\n      <\/div>\n\n      <div class=\"dataChart__div3 minMax\">\n        <div class=\"value\">\n          R$\u00a013,98        <\/div>\n        <div class=\"text\">\n          M\u00e1xima\n        <\/div>\n      <\/div>\n\n\t\t\t<div class=\"dataChart__div4 rightSide\">\n\t\t\t\t<div class=\"analiticaSource\">\n\t\t\t\t\t<span>\n\t\t\t\t\t\tFonte:\n\t\t\t\t\t<\/span>\n\t\t\t\t\t<img decoding=\"async\" class=\"analiticaLogo\" src=\"https:\/\/www.suno.com.br\/noticias\/wp-content\/plugins\/suno-block-ticker-quotation\/src\/suno-analitica-logo.png\" alt=\"Logo Suno Anal\u00edtica\" \/>\n\t\t\t\t<\/div>\n\n\t\t\t\t<a href=\"https:\/\/www.suno.com.br\/analitica\/acoes\/AMBP3\" target=\"_blank\">\n\t\t\t\t\t<span>\n\t\t\t\t\t\tVer mais cota\u00e7\u00f5es\n\t\t\t\t\t<\/span>\n\t\t\t\t\t<svg xmlns=\"http:\/\/www.w3.org\/2000\/svg\" width=\"9\" height=\"8\" viewBox=\"0 0 9 8\" fill=\"none\">\n\t\t\t\t\t\t<path d=\"M4.20996 0L3.50496 0.705L6.29496 3.5H0.209961V4.5H6.29496L3.50496 7.295L4.20996 8L8.20996 4L4.20996 0Z\" fill=\"#D42126\" \/>\n\t\t\t\t\t<\/svg>\n\t\t\t\t<\/a>\n    <\/div>\n\n    <\/div>\n  <\/div>\n<\/div>\n\n\n<script type=\"text\/javascript\">\n  let chart_252d26090157f06127705a07c75b6de2 = document.getElementById('chart-252d26090157f06127705a07c75b6de2');\n  let data_json_252d26090157f06127705a07c75b6de2 = \"[{\\\"date\\\":\\\"22\\\\\\\/09\\\\\\\/25 \\\",\\\"value\\\":13.98},{\\\"date\\\":\\\"23\\\\\\\/09\\\\\\\/25 \\\",\\\"value\\\":12.3},{\\\"date\\\":\\\"24\\\\\\\/09\\\\\\\/25 \\\",\\\"value\\\":9.92},{\\\"date\\\":\\\"25\\\\\\\/09\\\\\\\/25 \\\",\\\"value\\\":7.36},{\\\"date\\\":\\\"26\\\\\\\/09\\\\\\\/25 \\\",\\\"value\\\":8.85},{\\\"date\\\":\\\"29\\\\\\\/09\\\\\\\/25 \\\",\\\"value\\\":10.65},{\\\"date\\\":\\\"30\\\\\\\/09\\\\\\\/25 \\\",\\\"value\\\":8.52},{\\\"date\\\":\\\"01\\\\\\\/10\\\\\\\/25 \\\",\\\"value\\\":7.14},{\\\"date\\\":\\\"02\\\\\\\/10\\\\\\\/25 \\\",\\\"value\\\":2.75},{\\\"date\\\":\\\"03\\\\\\\/10\\\\\\\/25 \\\",\\\"value\\\":1.42},{\\\"date\\\":\\\"06\\\\\\\/10\\\\\\\/25 \\\",\\\"value\\\":0.91},{\\\"date\\\":\\\"07\\\\\\\/10\\\\\\\/25 \\\",\\\"value\\\":0.71},{\\\"date\\\":\\\"08\\\\\\\/10\\\\\\\/25 \\\",\\\"value\\\":0.67},{\\\"date\\\":\\\"09\\\\\\\/10\\\\\\\/25 \\\",\\\"value\\\":0.72},{\\\"date\\\":\\\"10\\\\\\\/10\\\\\\\/25 \\\",\\\"value\\\":0.7},{\\\"date\\\":\\\"13\\\\\\\/10\\\\\\\/25 \\\",\\\"value\\\":0.64},{\\\"date\\\":\\\"14\\\\\\\/10\\\\\\\/25 \\\",\\\"value\\\":0.54},{\\\"date\\\":\\\"15\\\\\\\/10\\\\\\\/25 \\\",\\\"value\\\":0.56},{\\\"date\\\":\\\"16\\\\\\\/10\\\\\\\/25 \\\",\\\"value\\\":0.5},{\\\"date\\\":\\\"17\\\\\\\/10\\\\\\\/25 \\\",\\\"value\\\":0.38},{\\\"date\\\":\\\"20\\\\\\\/10\\\\\\\/25 \\\",\\\"value\\\":0.5}]\";\n  let isPositive_252d26090157f06127705a07c75b6de2 = \"\";\n\n  let color_252d26090157f06127705a07c75b6de2 = isPositive_252d26090157f06127705a07c75b6de2 ? '#3AB53A' : '#D92C2D';\n\n  let data_252d26090157f06127705a07c75b6de2 = JSON.parse(data_json_252d26090157f06127705a07c75b6de2);\n\n  const result_252d26090157f06127705a07c75b6de2 = {\n    date: [],\n    value: [],\n  };\n\n  data_252d26090157f06127705a07c75b6de2.forEach((item) => {\n    result_252d26090157f06127705a07c75b6de2.date.push(item.date);\n    result_252d26090157f06127705a07c75b6de2.value.push(Number(item.value));\n  });\n\n  let option_252d26090157f06127705a07c75b6de2 = {\n    \/\/ variavel de cor global\n    color: [color_252d26090157f06127705a07c75b6de2],\n    title: {\n      text: '',\n    },\n    tooltip: {\n      trigger: 'axis',\n      axisPointer: {\n        type: 'cross',\n        label: {\n          \/\/ cor dos valores em X e Y\n          backgroundColor: color_252d26090157f06127705a07c75b6de2,\n          formatter: (value) => {\n            if (typeof value.value === 'number') {\n              return Number(value.value).toLocaleString('pt-br', {\n                style: 'currency',\n                currency: 'BRL'\n              });\n            }\n            return value.value;\n          },\n        },\n      },\n      valueFormatter: (value) => Number(value).toLocaleString('pt-br', {\n        style: 'currency',\n        currency: 'BRL'\n      }),\n    },\n    legend: {\n      \/\/ data: ['Valor de Fechamento'],\n      show: false,\n    },\n    toolbox: {\n      feature: {\n        saveAsImage: {\n          show: false,\n        },\n      },\n    },\n    grid: {\n      left: '0px',\n      right: '0px',\n      bottom: '0px',\n      containLabel: true,\n    },\n    xAxis: [{\n      type: 'category',\n      data: result_252d26090157f06127705a07c75b6de2.date,\n      boundaryGap: true,\n    }],\n    yAxis: [{\n      type: 'value',\n      min: Math.min(...result_252d26090157f06127705a07c75b6de2.value),\n      max: Math.max(...result_252d26090157f06127705a07c75b6de2.value),\n      axisLabel: {\n        formatter: (value) => value.toLocaleString('pt-br', {\n          style: 'currency',\n          currency: 'BRL'\n        }),\n      },\n    }],\n    series: [{\n      name: 'Valor de Fechamento',\n      type: 'line',\n      stack: 'Total',\n      \/\/ cor do grafico\n      areaStyle: {},\n      emphasis: {\n        focus: 'series',\n      },\n      data: result_252d26090157f06127705a07c75b6de2.value,\n      \/\/ cor da linha\n      lineStyle: {\n        color: color_252d26090157f06127705a07c75b6de2,\n      },\n    }, ],\n  };\n\n\twindow.chart_252d26090157f06127705a07c75b6de2 = {\n\t\tel: chart_252d26090157f06127705a07c75b6de2,\n\t\toption: option_252d26090157f06127705a07c75b6de2\t};\n\n\n<\/script>\n\n\n\n<h2 class=\"wp-block-heading\"><strong>Entenda a crise da Ambipar (AMBP3)<\/strong><\/h2>\n\n\n\n<p>O pedido de <strong>recupera\u00e7\u00e3o judicial da Ambipar<\/strong> ocorre ap\u00f3s a descoberta de ind\u00edcios de irregularidades na contrata\u00e7\u00e3o de opera\u00e7\u00f5es de swap pela antiga Diretoria Financeira, comandada por Jo\u00e3o de Arruda, que renunciou ao cargo de forma repentina. <\/p>\n\n\n\n<p>A sa\u00edda do executivo abalou a confian\u00e7a do mercado e levou alguns credores a exigir o pagamento antecipado de d\u00edvidas, gerando risco de vencimento cruzado de obriga\u00e7\u00f5es do grupo.<\/p>\n\n\n\n<p>&#8220;O Pedido de Recupera\u00e7\u00e3o Judicial foi ajuizado em raz\u00e3o da sequ\u00eancia de eventos deflagrada ap\u00f3s a descoberta de ind\u00edcios de irregularidades na contrata\u00e7\u00e3o de opera\u00e7\u00f5es de swap pela Diretoria Financeira e a ren\u00fancia abrupta do antigo Diretor Financeiro, que resultou em forte abalo na confian\u00e7a do mercado em rela\u00e7\u00e3o ao Grupo Ambipar&#8221;, diz o fato relevante. <\/p>\n\n\n\t<p>\n\t\t<a href=\"https:\/\/lp.suno.com.br\/ebook-como-analisar-uma-acao\/\" target=\"_blank\" data-element=\"shortcode-suno-banner\" title=\"Banner SUNO, clique e saiba mais\">\n\t\t\t<picture>\n\t\t\t\t<source media=\"(max-width: 500px)\" srcset=\"https:\/\/files.sunoresearch.com.br\/n\/uploads\/2023\/03\/Ebook-Acoes-Mobile.jpg\">\n\t\t\t\t<img class=\"newsContent__article__imgCapa newsContent__article__imgCapa--banner\"\n\t\t\t\t\tsrc=\"https:\/\/files.sunoresearch.com.br\/n\/uploads\/2023\/03\/Ebook-Acoes-Desktop.jpg\"\n\t\t\t\t\tdata-promo-id=\"378302\"\t\t\t\t\t\t\t\t\t\twidth='1420' height='286'\t\t\t\t\talt=\"https:\/\/files.sunoresearch.com.br\/n\/uploads\/2023\/03\/Ebook-Acoes-Desktop.jpg\"\n\t\t\t\t>\n\t\t\t<\/picture>\n\t\t<\/a>\n\t<\/p>\n\n\n\n\n\n<p>A empresa informou ter d\u00edvidas totais de R$ 10,481 bilh\u00f5es, sendo R$ 10,439 bilh\u00f5es classificadas como quirograf\u00e1rias. Desse montante, R$ 35,9 milh\u00f5es correspondem a compromissos com fornecedores e R$ 6,2 milh\u00f5es a obriga\u00e7\u00f5es trabalhistas, de acordo com informa\u00e7\u00f5es do <em>Broadcast<\/em>.<\/p>\n\n\n\n<p>No documento protocolado, a Ambipar voltou a atribuir ao ex-diretor financeiro a assinatura de aditivos de derivativos contratados com o Deutsche Bank, que elevaram as garantias exigidas para cerca de R$ 170 milh\u00f5es. O n\u00e3o pagamento desses valores poderia antecipar o vencimento de uma d\u00edvida de US$ 35 milh\u00f5es com o banco alem\u00e3o, al\u00e9m de compromissos com outros credores, como o Santander.<\/p>\n\n\n\n<p>A companhia tamb\u00e9m informou que contratou a consultoria FTI Consulting para investigar o caso e apurar poss\u00edveis responsabilidades. H\u00e1 uma investiga\u00e7\u00e3o criminal em andamento para avaliar a conduta do ex-diretor e de seus aliados.<\/p>\n\n\n\n<p>Os problemas financeiros se intensificaram em setembro, quando as <strong>a\u00e7\u00f5es da Ambipar<\/strong> registraram forte queda ap\u00f3s a <a href=\"https:\/\/www.suno.com.br\/noticias\/ambp3-queda-reviravolta-diretoria-emissao-mt\/\">troca no comando da \u00e1rea financeira<\/a>. Ricardo Garcia assumiu o cargo de diretor financeiro e de <a class=\"suno-keyword\" target=\"_blank\" data-force=\"no\" data-priority=\"1\" href=\"https:\/\/www.suno.com.br\/artigos\/relacoes-com-investidores\/\" rel=\"noopener\">rela\u00e7\u00f5es com investidores<\/a> no lugar de Arruda.<\/p>\n\n\n\n<p>Em meio a este contexto, a B3 anunciou no in\u00edcio deste m\u00eas <a href=\"https:\/\/www.suno.com.br\/noticias\/ambipar-ambp3-excluida-indices-b3-crise-certificacao-verde-go\/\">a exclus\u00e3o das a\u00e7\u00f5es da Ambipar de nove \u00edndices<\/a>, al\u00e9m de informar que n\u00e3o renovar\u00e1 a designa\u00e7\u00e3o de a\u00e7\u00f5es verdes da empresa. <\/p>\n\n\n\n<p>No \u00faltimo m\u00eas, os pap\u00e9is da <strong>Ambipar (AMBP3)<\/strong> acumulam queda de mais de 95%. <\/p>\n\n\n\t<p>\n\t\t<a href=\"https:\/\/lp.suno.com.br\/planilha-da-vida-financeira\/\" target=\"_blank\" data-element=\"shortcode-suno-banner\" title=\"Banner SUNO, clique e saiba mais\">\n\t\t\t<picture>\n\t\t\t\t<source media=\"(max-width: 500px)\" srcset=\"https:\/\/files.sunoresearch.com.br\/n\/uploads\/2023\/04\/400x300-Planilha-vida-financeira-true.png\">\n\t\t\t\t<img class=\"newsContent__article__imgCapa newsContent__article__imgCapa--banner\"\n\t\t\t\t\tsrc=\"https:\/\/files.sunoresearch.com.br\/n\/uploads\/2023\/04\/1420x240-Planilha-vida-financeira-true.png\"\n\t\t\t\t\tdata-promo-id=\"383123\"\t\t\t\t\t\t\t\t\t\twidth='1420' height='240'\t\t\t\t\talt=\"https:\/\/files.sunoresearch.com.br\/n\/uploads\/2023\/04\/1420x240-Planilha-vida-financeira-true.png\"\n\t\t\t\t>\n\t\t\t<\/picture>\n\t\t<\/a>\n\t<\/p>\n\n\n","protected":false},"excerpt":{"rendered":"<p>A Ambipar (AMBP3) protocolou na madrugada desta ter\u00e7a-feira (21) um pedido de recupera\u00e7\u00e3o judicial no Brasil e nos Estados Unidos, ap\u00f3s uma crise de liquidez agravada por suspeitas de irregularidades em opera\u00e7\u00f5es financeiras realizadas pela antiga diretoria. O processo foi ajuizado na 3\u00aa Vara Empresarial da Comarca da Capital do Estado do Rio de Janeiro. [&hellip;]<\/p>\n","protected":false},"author":404,"featured_media":627493,"comment_status":"closed","ping_status":"closed","sticky":false,"template":"","format":"standard","meta":[],"categories":[64],"tags":[66864],"suno_strategy":[],"class_list":["post-629317","post","type-post","status-publish","format-standard","has-post-thumbnail","hentry","category-negocios","tag-ambipar-ambp3"],"yoast_head":"<!-- This site is optimized with the Yoast SEO plugin v24.4 - https:\/\/yoast.com\/wordpress\/plugins\/seo\/ -->\n<title>Ambipar (AMBP3) pede recupera\u00e7\u00e3o judicial no Brasil e nos EUA<\/title>\n<meta name=\"description\" content=\"A Ambipar (AMBP3) pediu recupera\u00e7\u00e3o judicial no Brasil e nos EUA ap\u00f3s crise de liquidez e suspeitas de irregularidades. Clique e saiba mais!\" \/>\n<meta name=\"robots\" content=\"index, follow, max-snippet:-1, max-image-preview:large, max-video-preview:-1\" \/>\n<link rel=\"canonical\" href=\"https:\/\/www.suno.com.br\/noticias\/ambipar-ambp3-recuperacao-judicial-brasil-eua-go\/\" \/>\n<meta property=\"og:locale\" content=\"pt_BR\" \/>\n<meta property=\"og:type\" content=\"article\" \/>\n<meta property=\"og:title\" content=\"Ambipar (AMBP3) pede recupera\u00e7\u00e3o judicial no Brasil e nos EUA\" \/>\n<meta property=\"og:description\" content=\"A Ambipar (AMBP3) pediu recupera\u00e7\u00e3o judicial no Brasil e nos EUA ap\u00f3s crise de liquidez e suspeitas de irregularidades. Clique e saiba mais!\" \/>\n<meta property=\"og:url\" content=\"https:\/\/www.suno.com.br\/noticias\/ambipar-ambp3-recuperacao-judicial-brasil-eua-go\/\" \/>\n<meta property=\"og:site_name\" content=\"Suno Not\u00edcias\" \/>\n<meta property=\"article:publisher\" content=\"https:\/\/facebook.com\/sunoresearch\" \/>\n<meta property=\"og:image\" content=\"https:\/\/files.sunoresearch.com.br\/n\/uploads\/2025\/10\/8aaddd12-ambipar-2-scaled-1.webp\" \/>\n\t<meta property=\"og:image:width\" content=\"2560\" \/>\n\t<meta property=\"og:image:height\" content=\"1641\" \/>\n\t<meta property=\"og:image:type\" content=\"image\/webp\" \/>\n<meta name=\"author\" content=\"Giovanna Oliveira\" \/>\n<meta name=\"twitter:card\" content=\"summary_large_image\" \/>\n<meta name=\"twitter:creator\" content=\"@sunoresearch\" \/>\n<meta name=\"twitter:site\" content=\"@sunoresearch\" \/>\n<meta name=\"twitter:label1\" content=\"Escrito por\" \/>\n\t<meta name=\"twitter:data1\" content=\"Giovanna Oliveira\" \/>\n\t<meta name=\"twitter:label2\" content=\"Est. tempo de leitura\" \/>\n\t<meta name=\"twitter:data2\" content=\"4 minutos\" \/>\n<script type=\"application\/ld+json\" class=\"yoast-schema-graph\">{\"@context\":\"https:\/\/schema.org\",\"@graph\":[{\"@type\":\"NewsArticle\",\"@id\":\"https:\/\/www.suno.com.br\/noticias\/ambipar-ambp3-recuperacao-judicial-brasil-eua-go\/#article\",\"isPartOf\":{\"@id\":\"https:\/\/www.suno.com.br\/noticias\/ambipar-ambp3-recuperacao-judicial-brasil-eua-go\/\"},\"author\":{\"name\":\"Giovanna Oliveira\",\"@id\":\"https:\/\/www.suno.com.br\/noticias\/#\/schema\/person\/506bb13f624e6983050ae5bf648c7a54\"},\"headline\":\"Ambipar (AMBP3) pede recupera\u00e7\u00e3o judicial no Brasil e nos Estados Unidos\",\"datePublished\":\"2025-10-21T13:05:57+00:00\",\"dateModified\":\"2025-10-21T13:13:44+00:00\",\"mainEntityOfPage\":{\"@id\":\"https:\/\/www.suno.com.br\/noticias\/ambipar-ambp3-recuperacao-judicial-brasil-eua-go\/\"},\"wordCount\":578,\"publisher\":{\"@id\":\"https:\/\/www.suno.com.br\/noticias\/#organization\"},\"image\":{\"@id\":\"https:\/\/www.suno.com.br\/noticias\/ambipar-ambp3-recuperacao-judicial-brasil-eua-go\/#primaryimage\"},\"thumbnailUrl\":\"https:\/\/files.sunoresearch.com.br\/n\/uploads\/2025\/10\/8aaddd12-ambipar-2-scaled-1.webp\",\"keywords\":[\"Ambipar (AMBP3)\"],\"articleSection\":[\"Neg\u00f3cios\"],\"inLanguage\":\"pt-BR\"},{\"@type\":\"WebPage\",\"@id\":\"https:\/\/www.suno.com.br\/noticias\/ambipar-ambp3-recuperacao-judicial-brasil-eua-go\/\",\"url\":\"https:\/\/www.suno.com.br\/noticias\/ambipar-ambp3-recuperacao-judicial-brasil-eua-go\/\",\"name\":\"Ambipar (AMBP3) pede recupera\u00e7\u00e3o judicial no Brasil e nos EUA\",\"isPartOf\":{\"@id\":\"https:\/\/www.suno.com.br\/noticias\/#website\"},\"primaryImageOfPage\":{\"@id\":\"https:\/\/www.suno.com.br\/noticias\/ambipar-ambp3-recuperacao-judicial-brasil-eua-go\/#primaryimage\"},\"image\":{\"@id\":\"https:\/\/www.suno.com.br\/noticias\/ambipar-ambp3-recuperacao-judicial-brasil-eua-go\/#primaryimage\"},\"thumbnailUrl\":\"https:\/\/files.sunoresearch.com.br\/n\/uploads\/2025\/10\/8aaddd12-ambipar-2-scaled-1.webp\",\"datePublished\":\"2025-10-21T13:05:57+00:00\",\"dateModified\":\"2025-10-21T13:13:44+00:00\",\"description\":\"A Ambipar (AMBP3) pediu recupera\u00e7\u00e3o judicial no Brasil e nos EUA ap\u00f3s crise de liquidez e suspeitas de irregularidades. Clique e saiba mais!\",\"breadcrumb\":{\"@id\":\"https:\/\/www.suno.com.br\/noticias\/ambipar-ambp3-recuperacao-judicial-brasil-eua-go\/#breadcrumb\"},\"inLanguage\":\"pt-BR\",\"potentialAction\":[{\"@type\":\"ReadAction\",\"target\":[\"https:\/\/www.suno.com.br\/noticias\/ambipar-ambp3-recuperacao-judicial-brasil-eua-go\/\"]}]},{\"@type\":\"ImageObject\",\"inLanguage\":\"pt-BR\",\"@id\":\"https:\/\/www.suno.com.br\/noticias\/ambipar-ambp3-recuperacao-judicial-brasil-eua-go\/#primaryimage\",\"url\":\"https:\/\/files.sunoresearch.com.br\/n\/uploads\/2025\/10\/8aaddd12-ambipar-2-scaled-1.webp\",\"contentUrl\":\"https:\/\/files.sunoresearch.com.br\/n\/uploads\/2025\/10\/8aaddd12-ambipar-2-scaled-1.webp\",\"width\":2560,\"height\":1641,\"caption\":\"Ambipar (AMBP3) - Foto: Reprodu\u00e7\u00e3o\/Site\"},{\"@type\":\"BreadcrumbList\",\"@id\":\"https:\/\/www.suno.com.br\/noticias\/ambipar-ambp3-recuperacao-judicial-brasil-eua-go\/#breadcrumb\",\"itemListElement\":[{\"@type\":\"ListItem\",\"position\":1,\"name\":\"Not\u00edcias\",\"item\":\"https:\/\/www.suno.com.br\/noticias\/\"},{\"@type\":\"ListItem\",\"position\":2,\"name\":\"Neg\u00f3cios\",\"item\":\"https:\/\/www.suno.com.br\/noticias\/negocios\/\"},{\"@type\":\"ListItem\",\"position\":3,\"name\":\"Ambipar (AMBP3) pede recupera\u00e7\u00e3o judicial no Brasil e nos Estados Unidos\"}]},{\"@type\":\"WebSite\",\"@id\":\"https:\/\/www.suno.com.br\/noticias\/#website\",\"url\":\"https:\/\/www.suno.com.br\/noticias\/\",\"name\":\"Suno Not\u00edcias\",\"description\":\"Seu portal de informa\u00e7\u00e3o sobre o mundo dos investimentos\",\"publisher\":{\"@id\":\"https:\/\/www.suno.com.br\/noticias\/#organization\"},\"potentialAction\":[{\"@type\":\"SearchAction\",\"target\":{\"@type\":\"EntryPoint\",\"urlTemplate\":\"https:\/\/www.suno.com.br\/noticias\/?s={search_term_string}\"},\"query-input\":{\"@type\":\"PropertyValueSpecification\",\"valueRequired\":true,\"valueName\":\"search_term_string\"}}],\"inLanguage\":\"pt-BR\"},{\"@type\":\"Organization\",\"@id\":\"https:\/\/www.suno.com.br\/noticias\/#organization\",\"name\":\"Suno Not\u00edcias\",\"url\":\"https:\/\/www.suno.com.br\/noticias\/\",\"logo\":{\"@type\":\"ImageObject\",\"inLanguage\":\"pt-BR\",\"@id\":\"https:\/\/www.suno.com.br\/noticias\/#\/schema\/logo\/image\/\",\"url\":\"https:\/\/files.sunoresearch.com.br\/n\/uploads\/2021\/09\/suno-logo.png\",\"contentUrl\":\"https:\/\/files.sunoresearch.com.br\/n\/uploads\/2021\/09\/suno-logo.png\",\"width\":180,\"height\":180,\"caption\":\"Suno Not\u00edcias\"},\"image\":{\"@id\":\"https:\/\/www.suno.com.br\/noticias\/#\/schema\/logo\/image\/\"},\"sameAs\":[\"https:\/\/facebook.com\/sunoresearch\",\"https:\/\/x.com\/sunoresearch\",\"https:\/\/www.instagram.com\/suno\",\"https:\/\/www.linkedin.com\/company\/suno-research\/\",\"https:\/\/www.youtube.com\/c\/sunoresearch\"]},{\"@type\":\"Person\",\"@id\":\"https:\/\/www.suno.com.br\/noticias\/#\/schema\/person\/506bb13f624e6983050ae5bf648c7a54\",\"name\":\"Giovanna Oliveira\",\"image\":{\"@type\":\"ImageObject\",\"inLanguage\":\"pt-BR\",\"@id\":\"https:\/\/www.suno.com.br\/noticias\/#\/schema\/person\/image\/\",\"url\":\"https:\/\/secure.gravatar.com\/avatar\/8d180e5cea232a9bb3af521589b133fa?s=96&r=g\",\"contentUrl\":\"https:\/\/secure.gravatar.com\/avatar\/8d180e5cea232a9bb3af521589b133fa?s=96&r=g\",\"caption\":\"Giovanna Oliveira\"},\"description\":\"Jornalista com mais de sete anos de experi\u00eancia na cobertura de finan\u00e7as e economia. P\u00f3s-graduada em Neg\u00f3cios e Inova\u00e7\u00e3o (ESPM-SP) e mestranda em Finan\u00e7as (UADE Business School\u2013Buenos Aires).\",\"url\":\"https:\/\/www.suno.com.br\/noticias\/author\/giovannalmd-oliveiragmail-com\/\"}]}<\/script>\n<!-- \/ Yoast SEO plugin. -->","yoast_head_json":{"title":"Ambipar (AMBP3) pede recupera\u00e7\u00e3o judicial no Brasil e nos EUA","description":"A Ambipar (AMBP3) pediu recupera\u00e7\u00e3o judicial no Brasil e nos EUA ap\u00f3s crise de liquidez e suspeitas de irregularidades. Clique e saiba mais!","robots":{"index":"index","follow":"follow","max-snippet":"max-snippet:-1","max-image-preview":"max-image-preview:large","max-video-preview":"max-video-preview:-1"},"canonical":"https:\/\/www.suno.com.br\/noticias\/ambipar-ambp3-recuperacao-judicial-brasil-eua-go\/","og_locale":"pt_BR","og_type":"article","og_title":"Ambipar (AMBP3) pede recupera\u00e7\u00e3o judicial no Brasil e nos EUA","og_description":"A Ambipar (AMBP3) pediu recupera\u00e7\u00e3o judicial no Brasil e nos EUA ap\u00f3s crise de liquidez e suspeitas de irregularidades. Clique e saiba mais!","og_url":"https:\/\/www.suno.com.br\/noticias\/ambipar-ambp3-recuperacao-judicial-brasil-eua-go\/","og_site_name":"Suno Not\u00edcias","article_publisher":"https:\/\/facebook.com\/sunoresearch","og_image":[{"width":2560,"height":1641,"url":"https:\/\/files.sunoresearch.com.br\/n\/uploads\/2025\/10\/8aaddd12-ambipar-2-scaled-1.webp","type":"image\/webp"}],"author":"Giovanna Oliveira","twitter_card":"summary_large_image","twitter_creator":"@sunoresearch","twitter_site":"@sunoresearch","twitter_misc":{"Escrito por":"Giovanna Oliveira","Est. tempo de leitura":"4 minutos"},"schema":{"@context":"https:\/\/schema.org","@graph":[{"@type":"NewsArticle","@id":"https:\/\/www.suno.com.br\/noticias\/ambipar-ambp3-recuperacao-judicial-brasil-eua-go\/#article","isPartOf":{"@id":"https:\/\/www.suno.com.br\/noticias\/ambipar-ambp3-recuperacao-judicial-brasil-eua-go\/"},"author":{"name":"Giovanna Oliveira","@id":"https:\/\/www.suno.com.br\/noticias\/#\/schema\/person\/506bb13f624e6983050ae5bf648c7a54"},"headline":"Ambipar (AMBP3) pede recupera\u00e7\u00e3o judicial no Brasil e nos Estados Unidos","datePublished":"2025-10-21T13:05:57+00:00","dateModified":"2025-10-21T13:13:44+00:00","mainEntityOfPage":{"@id":"https:\/\/www.suno.com.br\/noticias\/ambipar-ambp3-recuperacao-judicial-brasil-eua-go\/"},"wordCount":578,"publisher":{"@id":"https:\/\/www.suno.com.br\/noticias\/#organization"},"image":{"@id":"https:\/\/www.suno.com.br\/noticias\/ambipar-ambp3-recuperacao-judicial-brasil-eua-go\/#primaryimage"},"thumbnailUrl":"https:\/\/files.sunoresearch.com.br\/n\/uploads\/2025\/10\/8aaddd12-ambipar-2-scaled-1.webp","keywords":["Ambipar (AMBP3)"],"articleSection":["Neg\u00f3cios"],"inLanguage":"pt-BR"},{"@type":"WebPage","@id":"https:\/\/www.suno.com.br\/noticias\/ambipar-ambp3-recuperacao-judicial-brasil-eua-go\/","url":"https:\/\/www.suno.com.br\/noticias\/ambipar-ambp3-recuperacao-judicial-brasil-eua-go\/","name":"Ambipar (AMBP3) pede recupera\u00e7\u00e3o judicial no Brasil e nos EUA","isPartOf":{"@id":"https:\/\/www.suno.com.br\/noticias\/#website"},"primaryImageOfPage":{"@id":"https:\/\/www.suno.com.br\/noticias\/ambipar-ambp3-recuperacao-judicial-brasil-eua-go\/#primaryimage"},"image":{"@id":"https:\/\/www.suno.com.br\/noticias\/ambipar-ambp3-recuperacao-judicial-brasil-eua-go\/#primaryimage"},"thumbnailUrl":"https:\/\/files.sunoresearch.com.br\/n\/uploads\/2025\/10\/8aaddd12-ambipar-2-scaled-1.webp","datePublished":"2025-10-21T13:05:57+00:00","dateModified":"2025-10-21T13:13:44+00:00","description":"A Ambipar (AMBP3) pediu recupera\u00e7\u00e3o judicial no Brasil e nos EUA ap\u00f3s crise de liquidez e suspeitas de irregularidades. Clique e saiba mais!","breadcrumb":{"@id":"https:\/\/www.suno.com.br\/noticias\/ambipar-ambp3-recuperacao-judicial-brasil-eua-go\/#breadcrumb"},"inLanguage":"pt-BR","potentialAction":[{"@type":"ReadAction","target":["https:\/\/www.suno.com.br\/noticias\/ambipar-ambp3-recuperacao-judicial-brasil-eua-go\/"]}]},{"@type":"ImageObject","inLanguage":"pt-BR","@id":"https:\/\/www.suno.com.br\/noticias\/ambipar-ambp3-recuperacao-judicial-brasil-eua-go\/#primaryimage","url":"https:\/\/files.sunoresearch.com.br\/n\/uploads\/2025\/10\/8aaddd12-ambipar-2-scaled-1.webp","contentUrl":"https:\/\/files.sunoresearch.com.br\/n\/uploads\/2025\/10\/8aaddd12-ambipar-2-scaled-1.webp","width":2560,"height":1641,"caption":"Ambipar (AMBP3) - Foto: Reprodu\u00e7\u00e3o\/Site"},{"@type":"BreadcrumbList","@id":"https:\/\/www.suno.com.br\/noticias\/ambipar-ambp3-recuperacao-judicial-brasil-eua-go\/#breadcrumb","itemListElement":[{"@type":"ListItem","position":1,"name":"Not\u00edcias","item":"https:\/\/www.suno.com.br\/noticias\/"},{"@type":"ListItem","position":2,"name":"Neg\u00f3cios","item":"https:\/\/www.suno.com.br\/noticias\/negocios\/"},{"@type":"ListItem","position":3,"name":"Ambipar (AMBP3) pede recupera\u00e7\u00e3o judicial no Brasil e nos Estados Unidos"}]},{"@type":"WebSite","@id":"https:\/\/www.suno.com.br\/noticias\/#website","url":"https:\/\/www.suno.com.br\/noticias\/","name":"Suno Not\u00edcias","description":"Seu portal de informa\u00e7\u00e3o sobre o mundo dos investimentos","publisher":{"@id":"https:\/\/www.suno.com.br\/noticias\/#organization"},"potentialAction":[{"@type":"SearchAction","target":{"@type":"EntryPoint","urlTemplate":"https:\/\/www.suno.com.br\/noticias\/?s={search_term_string}"},"query-input":{"@type":"PropertyValueSpecification","valueRequired":true,"valueName":"search_term_string"}}],"inLanguage":"pt-BR"},{"@type":"Organization","@id":"https:\/\/www.suno.com.br\/noticias\/#organization","name":"Suno Not\u00edcias","url":"https:\/\/www.suno.com.br\/noticias\/","logo":{"@type":"ImageObject","inLanguage":"pt-BR","@id":"https:\/\/www.suno.com.br\/noticias\/#\/schema\/logo\/image\/","url":"https:\/\/files.sunoresearch.com.br\/n\/uploads\/2021\/09\/suno-logo.png","contentUrl":"https:\/\/files.sunoresearch.com.br\/n\/uploads\/2021\/09\/suno-logo.png","width":180,"height":180,"caption":"Suno Not\u00edcias"},"image":{"@id":"https:\/\/www.suno.com.br\/noticias\/#\/schema\/logo\/image\/"},"sameAs":["https:\/\/facebook.com\/sunoresearch","https:\/\/x.com\/sunoresearch","https:\/\/www.instagram.com\/suno","https:\/\/www.linkedin.com\/company\/suno-research\/","https:\/\/www.youtube.com\/c\/sunoresearch"]},{"@type":"Person","@id":"https:\/\/www.suno.com.br\/noticias\/#\/schema\/person\/506bb13f624e6983050ae5bf648c7a54","name":"Giovanna Oliveira","image":{"@type":"ImageObject","inLanguage":"pt-BR","@id":"https:\/\/www.suno.com.br\/noticias\/#\/schema\/person\/image\/","url":"https:\/\/secure.gravatar.com\/avatar\/8d180e5cea232a9bb3af521589b133fa?s=96&r=g","contentUrl":"https:\/\/secure.gravatar.com\/avatar\/8d180e5cea232a9bb3af521589b133fa?s=96&r=g","caption":"Giovanna Oliveira"},"description":"Jornalista com mais de sete anos de experi\u00eancia na cobertura de finan\u00e7as e economia. P\u00f3s-graduada em Neg\u00f3cios e Inova\u00e7\u00e3o (ESPM-SP) e mestranda em Finan\u00e7as (UADE Business School\u2013Buenos Aires).","url":"https:\/\/www.suno.com.br\/noticias\/author\/giovannalmd-oliveiragmail-com\/"}]}},"default_loop_html":"<div class=\"cardsPage__listCard__boxs\"><div class=\"cardsPage__listCard__boxs__img\"><a href=\"https:\/\/www.suno.com.br\/noticias\/ambipar-ambp3-recuperacao-judicial-brasil-eua-go\/\"><img class=\"mask\" src=\"https:\/\/www.suno.com.br\/noticias\/wp-content\/themes\/suno\/resources\/images\/spotlight\/spotlight1img\/bg-mask.png\" alt=\"Image Mask\"\/><img src=\"https:\/\/files.sunoresearch.com.br\/n\/uploads\/2025\/10\/8aaddd12-ambipar-2-scaled-1-400x200.webp\" alt=\"Ambipar (AMBP3) pede recupera\u00e7\u00e3o judicial no Brasil e nos Estados Unidos\"\/><\/a><span class=\"spotlightCategory\"><a href=\"https:\/\/www.suno.com.br\/noticias\/negocios\/\">Neg\u00f3cios<\/a><\/span><\/div><div class=\"cardsPage__listCard__boxs__content\"><a href=\"https:\/\/www.suno.com.br\/noticias\/ambipar-ambp3-recuperacao-judicial-brasil-eua-go\/\"><h2 class=\"content__title\">Ambipar (AMBP3) pede recupera\u00e7\u00e3o judicial no Brasil e nos Estados Unidos<\/h2><\/a><div class=\"newsContent__article__meta\"><div class=\"newsContent__article__meta__authorBox\"><a href=\"https:\/\/www.suno.com.br\/noticias\/author\/giovannalmd-oliveiragmail-com\/\" class=\"authorBox__avatar noMobi\"><img src=\"https:\/\/secure.gravatar.com\/avatar\/8d180e5cea232a9bb3af521589b133fa?s=96&#038;r=g\" alt=\"Giovanna Oliveira\"><\/a><div class=\"authorBox__name\"><span>por\n\t\t\t<a href=\"https:\/\/www.suno.com.br\/noticias\/author\/giovannalmd-oliveiragmail-com\/\"><span itemprop=\"author\">Giovanna Oliveira<\/span><\/a><\/span><time datetime=\"2025-10-21T10:05:57-03:00\" itemprop=\"datePublished\">21\/10\/2025 10:05<\/time><\/div><\/div><\/div><\/div><\/div>","single_layout":"posts","amp_enabled":true,"_links":{"self":[{"href":"https:\/\/www.suno.com.br\/noticias\/wp-json\/wp\/v2\/posts\/629317"}],"collection":[{"href":"https:\/\/www.suno.com.br\/noticias\/wp-json\/wp\/v2\/posts"}],"about":[{"href":"https:\/\/www.suno.com.br\/noticias\/wp-json\/wp\/v2\/types\/post"}],"author":[{"embeddable":true,"href":"https:\/\/www.suno.com.br\/noticias\/wp-json\/wp\/v2\/users\/404"}],"replies":[{"embeddable":true,"href":"https:\/\/www.suno.com.br\/noticias\/wp-json\/wp\/v2\/comments?post=629317"}],"version-history":[{"count":3,"href":"https:\/\/www.suno.com.br\/noticias\/wp-json\/wp\/v2\/posts\/629317\/revisions"}],"predecessor-version":[{"id":629327,"href":"https:\/\/www.suno.com.br\/noticias\/wp-json\/wp\/v2\/posts\/629317\/revisions\/629327"}],"wp:featuredmedia":[{"embeddable":true,"href":"https:\/\/www.suno.com.br\/noticias\/wp-json\/wp\/v2\/media\/627493"}],"wp:attachment":[{"href":"https:\/\/www.suno.com.br\/noticias\/wp-json\/wp\/v2\/media?parent=629317"}],"wp:term":[{"taxonomy":"category","embeddable":true,"href":"https:\/\/www.suno.com.br\/noticias\/wp-json\/wp\/v2\/categories?post=629317"},{"taxonomy":"post_tag","embeddable":true,"href":"https:\/\/www.suno.com.br\/noticias\/wp-json\/wp\/v2\/tags?post=629317"},{"taxonomy":"suno_strategy","embeddable":true,"href":"https:\/\/www.suno.com.br\/noticias\/wp-json\/wp\/v2\/suno_strategy?post=629317"}],"curies":[{"name":"wp","href":"https:\/\/api.w.org\/{rel}","templated":true}]}}