{"id":62902,"date":"2020-04-28T12:36:29","date_gmt":"2020-04-28T15:36:29","guid":{"rendered":"https:\/\/www.suno.com.br\/noticias\/?p=62902"},"modified":"2020-04-28T12:36:29","modified_gmt":"2020-04-28T15:36:29","slug":"suzano-suzb3-eleva-preco-celulose","status":"publish","type":"post","link":"https:\/\/www.suno.com.br\/noticias\/suzano-suzb3-eleva-preco-celulose\/","title":{"rendered":"Suzano (SUZB3) eleva pre\u00e7o da celulose na Am\u00e9rica do Norte e Europa"},"content":{"rendered":"<p>A partir de 1\u00ba de maio, a <a href=\"https:\/\/www.suno.com.br\/acoes\/suzb3\/\"><strong>Suzano<\/strong> (SUZB3)<\/a> ir\u00e1 aumentar em US$ 30 (cerca de R$ 167,21) o pre\u00e7o da tonelada da celulose de eucalipto para a Am\u00e9rica do Norte e Europa. A companhia j\u00e1 havia ajustado o pre\u00e7o do produto para a China neste m\u00eas. Essa \u00e9 a primeira vez, em mais de um ano, que a empresa aplicou um aumento do pre\u00e7o de seus produtos.<\/p>\t<div class=\"wrapper-featured-image\">\n\t\t<figure class=\"spotlightImg\">\n\n\t\t\t<picture>\n\t\t\t\t<source media=\"(max-width: 768px)\" srcset=\"https:\/\/files.sunoresearch.com.br\/n\/uploads\/2019\/02\/5d4d6543-suzano-400x200.webp\">\n\t\t\t\t<img loading=\"lazy\" decoding=\"async\" class=\"newsContent__article__imgCapa lazyloadDisabled newsContent__article__imgCapa--noCaption\" src=\"https:\/\/files.sunoresearch.com.br\/n\/uploads\/2019\/02\/5d4d6543-suzano-800x450.webp\" width=\"800\" height=\"450\" alt=\"Suzano (SUZB3) eleva pre\u00e7o da celulose na Am\u00e9rica do Norte e Europa\" fetchpriority=high \/>\n\t\t\t<\/picture>\n\n\t\t\t<figcaption class=\"wp-caption-text wp-caption-text--hide\">A Suzano (SUSB3) e a Klabin (KLBN11) tiveram a recomenda\u00e7\u00e3o para seus pap\u00e9is reduzidas pelo Bradesco BBI.<\/figcaption>\n\t\t<\/figure>\n\t<\/div>\n\n\n\n<p>Dessa forma, o pre\u00e7o de refer\u00eancia da <strong>celulose<\/strong> entregue pela Suzano \u00e0 Europa passa a ser de US$ 710 por tonelada, enquanto para a Am\u00e9rica do Norte \u00e9 de US$ 920, segundo reportou o jornal &#8220;Valor Econ\u00f4mico&#8221; na noite da \u00faltima segunda-feira (27).<\/p>\n<p><a href=\"https:\/\/lp.suno.com.br\/suno-one\/\">Na Suno One voc\u00ea aprende como fazer o seu dinheiro para trabalhar para voc\u00ea. Cadastre-se agora!<\/a><\/p>\n<p>No \u00faltimo ano, a empresa esteve focada na redu\u00e7\u00e3o de <strong>estoques<\/strong> no sistema, ap\u00f3s atingirem um patamar recorde ap\u00f3s os chineses se retirarem do mercado, o que pressionou as cota\u00e7\u00f5es da mat\u00e9ria-prima.<\/p>\n<h2>Suzano antecipou US$ 189 milh\u00f5es em bonds<\/h2>\n<p>A Suzano informou que antecipou o resgate de US$ 189 milh\u00f5es (cerca de R$ 1,5 bilh\u00f5es) em <strong><a href=\"https:\/\/www.suno.com.br\/artigos\/bonds\/\">bonds<\/a><\/strong>. A informa\u00e7\u00e3o foi divulgada em fevereiro por meio de um comunicado ao mercado.<\/p>\n<p>No comunicado assinado, pelo Diretor Executivo de Finan\u00e7as e Rela\u00e7\u00f5es com Investidores da Suzano, Marcelo Feriozzi Bacci, a empresa informou que resgataria a totalidade dos t\u00edtulos de d\u00edvida emitidos no dia 30 de mar\u00e7o. O vencimento das bonds, que possuem um cupom de 5,875% ao ano, estava agendado para 2021.<\/p>\n<p>&#8220;A Suzano Trading notificou, na presente data, os detentores dos Bonds 2021 de sua inten\u00e7\u00e3o de resgatar a totalidade dos bonds em circula\u00e7\u00e3o e de realizar o pagamento do montante do pr\u00eamio calculado nos termos da escritura de emiss\u00e3o dos Bonds 2021&#8221;, informou a empresa.<\/p>\n<p>De acordo com a <strong>Suzano<\/strong>, a opera\u00e7\u00e3o est\u00e1 alinhada com sua estrat\u00e9gia de gest\u00e3o de responsabilidades. O objetivo da antecipa\u00e7\u00e3o \u00e9 reduzir o custo da d\u00edvida da companhia e o alongamento de seu prazo m\u00e9dio.<\/p>\n\n","protected":false},"excerpt":{"rendered":"<p>A partir de 1\u00ba de maio, a Suzano (SUZB3) ir\u00e1 aumentar em US$ 30 (cerca de R$ 167,21) o pre\u00e7o da tonelada da celulose de eucalipto para a Am\u00e9rica do Norte e Europa. A companhia j\u00e1 havia ajustado o pre\u00e7o do produto para a China neste m\u00eas. Essa \u00e9 a primeira vez, em mais de [&hellip;]<\/p>\n","protected":false},"author":24,"featured_media":16274,"comment_status":"closed","ping_status":"closed","sticky":false,"template":"","format":"standard","meta":[],"categories":[64],"tags":[1499,648],"suno_strategy":[],"class_list":["post-62902","post","type-post","status-publish","format-standard","has-post-thumbnail","hentry","category-negocios","tag-celulose","tag-suzano-suzb3"],"yoast_head":"<!-- This site is optimized with the Yoast SEO plugin v24.4 - https:\/\/yoast.com\/wordpress\/plugins\/seo\/ -->\n<title>Suzano (SUZB3) eleva pre\u00e7o da celulose na Am\u00e9rica do Norte e Europa<\/title>\n<meta name=\"description\" content=\"A partir de maio, a Suzano ir\u00e1 aumentar em US$ 30 o pre\u00e7o da tonelada da celulose de eucalipto para a Am\u00e9rica do Norte e Europa. Saiba mais.\" \/>\n<meta name=\"robots\" content=\"index, follow, max-snippet:-1, max-image-preview:large, max-video-preview:-1\" \/>\n<link rel=\"canonical\" href=\"https:\/\/www.suno.com.br\/noticias\/suzano-suzb3-eleva-preco-celulose\/\" \/>\n<meta property=\"og:locale\" content=\"pt_BR\" \/>\n<meta property=\"og:type\" content=\"article\" \/>\n<meta property=\"og:title\" content=\"Suzano (SUZB3) eleva pre\u00e7o da celulose na Am\u00e9rica do Norte e Europa\" \/>\n<meta property=\"og:description\" content=\"A partir de maio, a Suzano ir\u00e1 aumentar em US$ 30 o pre\u00e7o da tonelada da celulose de eucalipto para a Am\u00e9rica do Norte e Europa. Saiba mais.\" \/>\n<meta property=\"og:url\" content=\"https:\/\/www.suno.com.br\/noticias\/suzano-suzb3-eleva-preco-celulose\/\" \/>\n<meta property=\"og:site_name\" content=\"Suno Not\u00edcias\" \/>\n<meta property=\"article:publisher\" content=\"https:\/\/facebook.com\/sunoresearch\" \/>\n<meta property=\"og:image\" content=\"https:\/\/files.sunoresearch.com.br\/n\/uploads\/2019\/02\/5d4d6543-suzano.jpg\" \/>\n\t<meta property=\"og:image:width\" content=\"1024\" \/>\n\t<meta property=\"og:image:height\" content=\"682\" \/>\n\t<meta property=\"og:image:type\" content=\"image\/jpeg\" \/>\n<meta name=\"author\" content=\"Jader Lazarini\" \/>\n<meta name=\"twitter:card\" content=\"summary_large_image\" \/>\n<meta name=\"twitter:creator\" content=\"@sunoresearch\" \/>\n<meta name=\"twitter:site\" content=\"@sunoresearch\" \/>\n<meta name=\"twitter:label1\" content=\"Escrito por\" \/>\n\t<meta name=\"twitter:data1\" content=\"Jader Lazarini\" \/>\n\t<meta name=\"twitter:label2\" content=\"Est. tempo de leitura\" \/>\n\t<meta name=\"twitter:data2\" content=\"2 minutos\" \/>\n<script type=\"application\/ld+json\" class=\"yoast-schema-graph\">{\"@context\":\"https:\/\/schema.org\",\"@graph\":[{\"@type\":\"NewsArticle\",\"@id\":\"https:\/\/www.suno.com.br\/noticias\/suzano-suzb3-eleva-preco-celulose\/#article\",\"isPartOf\":{\"@id\":\"https:\/\/www.suno.com.br\/noticias\/suzano-suzb3-eleva-preco-celulose\/\"},\"author\":{\"name\":\"Jader Lazarini\",\"@id\":\"https:\/\/www.suno.com.br\/noticias\/#\/schema\/person\/918d79de1f0281f01599b93f9ea6e23f\"},\"headline\":\"Suzano (SUZB3) eleva pre\u00e7o da celulose na Am\u00e9rica do Norte e Europa\",\"datePublished\":\"2020-04-28T15:36:29+00:00\",\"mainEntityOfPage\":{\"@id\":\"https:\/\/www.suno.com.br\/noticias\/suzano-suzb3-eleva-preco-celulose\/\"},\"wordCount\":364,\"publisher\":{\"@id\":\"https:\/\/www.suno.com.br\/noticias\/#organization\"},\"image\":{\"@id\":\"https:\/\/www.suno.com.br\/noticias\/suzano-suzb3-eleva-preco-celulose\/#primaryimage\"},\"thumbnailUrl\":\"https:\/\/files.sunoresearch.com.br\/n\/uploads\/2019\/02\/5d4d6543-suzano-jpg.webp\",\"keywords\":[\"celulose\",\"Suzano (SUZB3)\"],\"articleSection\":[\"Neg\u00f3cios\"],\"inLanguage\":\"pt-BR\"},{\"@type\":\"WebPage\",\"@id\":\"https:\/\/www.suno.com.br\/noticias\/suzano-suzb3-eleva-preco-celulose\/\",\"url\":\"https:\/\/www.suno.com.br\/noticias\/suzano-suzb3-eleva-preco-celulose\/\",\"name\":\"Suzano (SUZB3) eleva pre\u00e7o da celulose na Am\u00e9rica do Norte e Europa\",\"isPartOf\":{\"@id\":\"https:\/\/www.suno.com.br\/noticias\/#website\"},\"primaryImageOfPage\":{\"@id\":\"https:\/\/www.suno.com.br\/noticias\/suzano-suzb3-eleva-preco-celulose\/#primaryimage\"},\"image\":{\"@id\":\"https:\/\/www.suno.com.br\/noticias\/suzano-suzb3-eleva-preco-celulose\/#primaryimage\"},\"thumbnailUrl\":\"https:\/\/files.sunoresearch.com.br\/n\/uploads\/2019\/02\/5d4d6543-suzano-jpg.webp\",\"datePublished\":\"2020-04-28T15:36:29+00:00\",\"description\":\"A partir de maio, a Suzano ir\u00e1 aumentar em US$ 30 o pre\u00e7o da tonelada da celulose de eucalipto para a Am\u00e9rica do Norte e Europa. Saiba mais.\",\"breadcrumb\":{\"@id\":\"https:\/\/www.suno.com.br\/noticias\/suzano-suzb3-eleva-preco-celulose\/#breadcrumb\"},\"inLanguage\":\"pt-BR\",\"potentialAction\":[{\"@type\":\"ReadAction\",\"target\":[\"https:\/\/www.suno.com.br\/noticias\/suzano-suzb3-eleva-preco-celulose\/\"]}]},{\"@type\":\"ImageObject\",\"inLanguage\":\"pt-BR\",\"@id\":\"https:\/\/www.suno.com.br\/noticias\/suzano-suzb3-eleva-preco-celulose\/#primaryimage\",\"url\":\"https:\/\/files.sunoresearch.com.br\/n\/uploads\/2019\/02\/5d4d6543-suzano-jpg.webp\",\"contentUrl\":\"https:\/\/files.sunoresearch.com.br\/n\/uploads\/2019\/02\/5d4d6543-suzano-jpg.webp\",\"width\":1024,\"height\":682,\"caption\":\"A Suzano (SUSB3) e a Klabin (KLBN11) tiveram a recomenda\u00e7\u00e3o para seus pap\u00e9is reduzidas pelo Bradesco BBI.\"},{\"@type\":\"BreadcrumbList\",\"@id\":\"https:\/\/www.suno.com.br\/noticias\/suzano-suzb3-eleva-preco-celulose\/#breadcrumb\",\"itemListElement\":[{\"@type\":\"ListItem\",\"position\":1,\"name\":\"Not\u00edcias\",\"item\":\"https:\/\/www.suno.com.br\/noticias\/\"},{\"@type\":\"ListItem\",\"position\":2,\"name\":\"Neg\u00f3cios\",\"item\":\"https:\/\/www.suno.com.br\/noticias\/negocios\/\"},{\"@type\":\"ListItem\",\"position\":3,\"name\":\"Suzano (SUZB3) eleva pre\u00e7o da celulose na Am\u00e9rica do Norte e Europa\"}]},{\"@type\":\"WebSite\",\"@id\":\"https:\/\/www.suno.com.br\/noticias\/#website\",\"url\":\"https:\/\/www.suno.com.br\/noticias\/\",\"name\":\"Suno Not\u00edcias\",\"description\":\"Seu portal de informa\u00e7\u00e3o sobre o mundo dos investimentos\",\"publisher\":{\"@id\":\"https:\/\/www.suno.com.br\/noticias\/#organization\"},\"potentialAction\":[{\"@type\":\"SearchAction\",\"target\":{\"@type\":\"EntryPoint\",\"urlTemplate\":\"https:\/\/www.suno.com.br\/noticias\/?s={search_term_string}\"},\"query-input\":{\"@type\":\"PropertyValueSpecification\",\"valueRequired\":true,\"valueName\":\"search_term_string\"}}],\"inLanguage\":\"pt-BR\"},{\"@type\":\"Organization\",\"@id\":\"https:\/\/www.suno.com.br\/noticias\/#organization\",\"name\":\"Suno Not\u00edcias\",\"url\":\"https:\/\/www.suno.com.br\/noticias\/\",\"logo\":{\"@type\":\"ImageObject\",\"inLanguage\":\"pt-BR\",\"@id\":\"https:\/\/www.suno.com.br\/noticias\/#\/schema\/logo\/image\/\",\"url\":\"https:\/\/files.sunoresearch.com.br\/n\/uploads\/2021\/09\/suno-logo.png\",\"contentUrl\":\"https:\/\/files.sunoresearch.com.br\/n\/uploads\/2021\/09\/suno-logo.png\",\"width\":180,\"height\":180,\"caption\":\"Suno Not\u00edcias\"},\"image\":{\"@id\":\"https:\/\/www.suno.com.br\/noticias\/#\/schema\/logo\/image\/\"},\"sameAs\":[\"https:\/\/facebook.com\/sunoresearch\",\"https:\/\/x.com\/sunoresearch\",\"https:\/\/www.instagram.com\/suno\",\"https:\/\/www.linkedin.com\/company\/suno-research\/\",\"https:\/\/www.youtube.com\/c\/sunoresearch\"]},{\"@type\":\"Person\",\"@id\":\"https:\/\/www.suno.com.br\/noticias\/#\/schema\/person\/918d79de1f0281f01599b93f9ea6e23f\",\"name\":\"Jader Lazarini\",\"image\":{\"@type\":\"ImageObject\",\"inLanguage\":\"pt-BR\",\"@id\":\"https:\/\/www.suno.com.br\/noticias\/#\/schema\/person\/image\/\",\"url\":\"https:\/\/secure.gravatar.com\/avatar\/3c1ad8caa51589841baeb923fcddea97?s=96&r=g\",\"contentUrl\":\"https:\/\/secure.gravatar.com\/avatar\/3c1ad8caa51589841baeb923fcddea97?s=96&r=g\",\"caption\":\"Jader Lazarini\"},\"description\":\"Jader Lazarini escreve sobre investimentos, finan\u00e7as, economia e neg\u00f3cios. \u00c9 bacharel em Rela\u00e7\u00f5es Internacionais e analista CNPI (2619).\",\"url\":\"https:\/\/www.suno.com.br\/noticias\/author\/jader-lazarini\/\"}]}<\/script>\n<!-- \/ Yoast SEO plugin. -->","yoast_head_json":{"title":"Suzano (SUZB3) eleva pre\u00e7o da celulose na Am\u00e9rica do Norte e Europa","description":"A partir de maio, a Suzano ir\u00e1 aumentar em US$ 30 o pre\u00e7o da tonelada da celulose de eucalipto para a Am\u00e9rica do Norte e Europa. Saiba mais.","robots":{"index":"index","follow":"follow","max-snippet":"max-snippet:-1","max-image-preview":"max-image-preview:large","max-video-preview":"max-video-preview:-1"},"canonical":"https:\/\/www.suno.com.br\/noticias\/suzano-suzb3-eleva-preco-celulose\/","og_locale":"pt_BR","og_type":"article","og_title":"Suzano (SUZB3) eleva pre\u00e7o da celulose na Am\u00e9rica do Norte e Europa","og_description":"A partir de maio, a Suzano ir\u00e1 aumentar em US$ 30 o pre\u00e7o da tonelada da celulose de eucalipto para a Am\u00e9rica do Norte e Europa. Saiba mais.","og_url":"https:\/\/www.suno.com.br\/noticias\/suzano-suzb3-eleva-preco-celulose\/","og_site_name":"Suno Not\u00edcias","article_publisher":"https:\/\/facebook.com\/sunoresearch","og_image":[{"width":1024,"height":682,"url":"https:\/\/files.sunoresearch.com.br\/n\/uploads\/2019\/02\/5d4d6543-suzano.jpg","type":"image\/jpeg"}],"author":"Jader Lazarini","twitter_card":"summary_large_image","twitter_creator":"@sunoresearch","twitter_site":"@sunoresearch","twitter_misc":{"Escrito por":"Jader Lazarini","Est. tempo de leitura":"2 minutos"},"schema":{"@context":"https:\/\/schema.org","@graph":[{"@type":"NewsArticle","@id":"https:\/\/www.suno.com.br\/noticias\/suzano-suzb3-eleva-preco-celulose\/#article","isPartOf":{"@id":"https:\/\/www.suno.com.br\/noticias\/suzano-suzb3-eleva-preco-celulose\/"},"author":{"name":"Jader Lazarini","@id":"https:\/\/www.suno.com.br\/noticias\/#\/schema\/person\/918d79de1f0281f01599b93f9ea6e23f"},"headline":"Suzano (SUZB3) eleva pre\u00e7o da celulose na Am\u00e9rica do Norte e Europa","datePublished":"2020-04-28T15:36:29+00:00","mainEntityOfPage":{"@id":"https:\/\/www.suno.com.br\/noticias\/suzano-suzb3-eleva-preco-celulose\/"},"wordCount":364,"publisher":{"@id":"https:\/\/www.suno.com.br\/noticias\/#organization"},"image":{"@id":"https:\/\/www.suno.com.br\/noticias\/suzano-suzb3-eleva-preco-celulose\/#primaryimage"},"thumbnailUrl":"https:\/\/files.sunoresearch.com.br\/n\/uploads\/2019\/02\/5d4d6543-suzano-jpg.webp","keywords":["celulose","Suzano (SUZB3)"],"articleSection":["Neg\u00f3cios"],"inLanguage":"pt-BR"},{"@type":"WebPage","@id":"https:\/\/www.suno.com.br\/noticias\/suzano-suzb3-eleva-preco-celulose\/","url":"https:\/\/www.suno.com.br\/noticias\/suzano-suzb3-eleva-preco-celulose\/","name":"Suzano (SUZB3) eleva pre\u00e7o da celulose na Am\u00e9rica do Norte e Europa","isPartOf":{"@id":"https:\/\/www.suno.com.br\/noticias\/#website"},"primaryImageOfPage":{"@id":"https:\/\/www.suno.com.br\/noticias\/suzano-suzb3-eleva-preco-celulose\/#primaryimage"},"image":{"@id":"https:\/\/www.suno.com.br\/noticias\/suzano-suzb3-eleva-preco-celulose\/#primaryimage"},"thumbnailUrl":"https:\/\/files.sunoresearch.com.br\/n\/uploads\/2019\/02\/5d4d6543-suzano-jpg.webp","datePublished":"2020-04-28T15:36:29+00:00","description":"A partir de maio, a Suzano ir\u00e1 aumentar em US$ 30 o pre\u00e7o da tonelada da celulose de eucalipto para a Am\u00e9rica do Norte e Europa. Saiba mais.","breadcrumb":{"@id":"https:\/\/www.suno.com.br\/noticias\/suzano-suzb3-eleva-preco-celulose\/#breadcrumb"},"inLanguage":"pt-BR","potentialAction":[{"@type":"ReadAction","target":["https:\/\/www.suno.com.br\/noticias\/suzano-suzb3-eleva-preco-celulose\/"]}]},{"@type":"ImageObject","inLanguage":"pt-BR","@id":"https:\/\/www.suno.com.br\/noticias\/suzano-suzb3-eleva-preco-celulose\/#primaryimage","url":"https:\/\/files.sunoresearch.com.br\/n\/uploads\/2019\/02\/5d4d6543-suzano-jpg.webp","contentUrl":"https:\/\/files.sunoresearch.com.br\/n\/uploads\/2019\/02\/5d4d6543-suzano-jpg.webp","width":1024,"height":682,"caption":"A Suzano (SUSB3) e a Klabin (KLBN11) tiveram a recomenda\u00e7\u00e3o para seus pap\u00e9is reduzidas pelo Bradesco BBI."},{"@type":"BreadcrumbList","@id":"https:\/\/www.suno.com.br\/noticias\/suzano-suzb3-eleva-preco-celulose\/#breadcrumb","itemListElement":[{"@type":"ListItem","position":1,"name":"Not\u00edcias","item":"https:\/\/www.suno.com.br\/noticias\/"},{"@type":"ListItem","position":2,"name":"Neg\u00f3cios","item":"https:\/\/www.suno.com.br\/noticias\/negocios\/"},{"@type":"ListItem","position":3,"name":"Suzano (SUZB3) eleva pre\u00e7o da celulose na Am\u00e9rica do Norte e Europa"}]},{"@type":"WebSite","@id":"https:\/\/www.suno.com.br\/noticias\/#website","url":"https:\/\/www.suno.com.br\/noticias\/","name":"Suno Not\u00edcias","description":"Seu portal de informa\u00e7\u00e3o sobre o mundo dos investimentos","publisher":{"@id":"https:\/\/www.suno.com.br\/noticias\/#organization"},"potentialAction":[{"@type":"SearchAction","target":{"@type":"EntryPoint","urlTemplate":"https:\/\/www.suno.com.br\/noticias\/?s={search_term_string}"},"query-input":{"@type":"PropertyValueSpecification","valueRequired":true,"valueName":"search_term_string"}}],"inLanguage":"pt-BR"},{"@type":"Organization","@id":"https:\/\/www.suno.com.br\/noticias\/#organization","name":"Suno Not\u00edcias","url":"https:\/\/www.suno.com.br\/noticias\/","logo":{"@type":"ImageObject","inLanguage":"pt-BR","@id":"https:\/\/www.suno.com.br\/noticias\/#\/schema\/logo\/image\/","url":"https:\/\/files.sunoresearch.com.br\/n\/uploads\/2021\/09\/suno-logo.png","contentUrl":"https:\/\/files.sunoresearch.com.br\/n\/uploads\/2021\/09\/suno-logo.png","width":180,"height":180,"caption":"Suno Not\u00edcias"},"image":{"@id":"https:\/\/www.suno.com.br\/noticias\/#\/schema\/logo\/image\/"},"sameAs":["https:\/\/facebook.com\/sunoresearch","https:\/\/x.com\/sunoresearch","https:\/\/www.instagram.com\/suno","https:\/\/www.linkedin.com\/company\/suno-research\/","https:\/\/www.youtube.com\/c\/sunoresearch"]},{"@type":"Person","@id":"https:\/\/www.suno.com.br\/noticias\/#\/schema\/person\/918d79de1f0281f01599b93f9ea6e23f","name":"Jader Lazarini","image":{"@type":"ImageObject","inLanguage":"pt-BR","@id":"https:\/\/www.suno.com.br\/noticias\/#\/schema\/person\/image\/","url":"https:\/\/secure.gravatar.com\/avatar\/3c1ad8caa51589841baeb923fcddea97?s=96&r=g","contentUrl":"https:\/\/secure.gravatar.com\/avatar\/3c1ad8caa51589841baeb923fcddea97?s=96&r=g","caption":"Jader Lazarini"},"description":"Jader Lazarini escreve sobre investimentos, finan\u00e7as, economia e neg\u00f3cios. \u00c9 bacharel em Rela\u00e7\u00f5es Internacionais e analista CNPI (2619).","url":"https:\/\/www.suno.com.br\/noticias\/author\/jader-lazarini\/"}]}},"default_loop_html":"<div class=\"cardsPage__listCard__boxs\"><div class=\"cardsPage__listCard__boxs__img\"><a href=\"https:\/\/www.suno.com.br\/noticias\/suzano-suzb3-eleva-preco-celulose\/\"><img class=\"mask\" src=\"https:\/\/www.suno.com.br\/noticias\/wp-content\/themes\/suno\/resources\/images\/spotlight\/spotlight1img\/bg-mask.png\" alt=\"Image Mask\"\/><img src=\"https:\/\/files.sunoresearch.com.br\/n\/uploads\/2019\/02\/5d4d6543-suzano-400x200.webp\" alt=\"Suzano (SUZB3) eleva pre\u00e7o da celulose na Am\u00e9rica do Norte e Europa\"\/><\/a><span class=\"spotlightCategory\"><a href=\"https:\/\/www.suno.com.br\/noticias\/negocios\/\">Neg\u00f3cios<\/a><\/span><\/div><div class=\"cardsPage__listCard__boxs__content\"><a href=\"https:\/\/www.suno.com.br\/noticias\/suzano-suzb3-eleva-preco-celulose\/\"><h2 class=\"content__title\">Suzano (SUZB3) eleva pre\u00e7o da celulose na Am\u00e9rica do Norte e Europa<\/h2><\/a><div class=\"newsContent__article__meta\"><div class=\"newsContent__article__meta__authorBox\"><a href=\"https:\/\/www.suno.com.br\/noticias\/author\/jader-lazarini\/\" class=\"authorBox__avatar noMobi\"><img src=\"https:\/\/files.sunoresearch.com.br\/n\/uploads\/2021\/01\/178e6598-foto-perfil-2-150x150.jpg\" alt=\"Jader Lazarini\"><\/a><div class=\"authorBox__name\"><span>por\n\t\t\t<a href=\"https:\/\/www.suno.com.br\/noticias\/author\/jader-lazarini\/\"><span itemprop=\"author\">Jader Lazarini<\/span><\/a><\/span><time datetime=\"2020-04-28T12:36:29-03:00\" itemprop=\"datePublished\">28\/04\/2020 12:36<\/time><\/div><\/div><\/div><\/div><\/div>","single_layout":"posts","amp_enabled":true,"_links":{"self":[{"href":"https:\/\/www.suno.com.br\/noticias\/wp-json\/wp\/v2\/posts\/62902"}],"collection":[{"href":"https:\/\/www.suno.com.br\/noticias\/wp-json\/wp\/v2\/posts"}],"about":[{"href":"https:\/\/www.suno.com.br\/noticias\/wp-json\/wp\/v2\/types\/post"}],"author":[{"embeddable":true,"href":"https:\/\/www.suno.com.br\/noticias\/wp-json\/wp\/v2\/users\/24"}],"replies":[{"embeddable":true,"href":"https:\/\/www.suno.com.br\/noticias\/wp-json\/wp\/v2\/comments?post=62902"}],"version-history":[{"count":0,"href":"https:\/\/www.suno.com.br\/noticias\/wp-json\/wp\/v2\/posts\/62902\/revisions"}],"wp:featuredmedia":[{"embeddable":true,"href":"https:\/\/www.suno.com.br\/noticias\/wp-json\/wp\/v2\/media\/16274"}],"wp:attachment":[{"href":"https:\/\/www.suno.com.br\/noticias\/wp-json\/wp\/v2\/media?parent=62902"}],"wp:term":[{"taxonomy":"category","embeddable":true,"href":"https:\/\/www.suno.com.br\/noticias\/wp-json\/wp\/v2\/categories?post=62902"},{"taxonomy":"post_tag","embeddable":true,"href":"https:\/\/www.suno.com.br\/noticias\/wp-json\/wp\/v2\/tags?post=62902"},{"taxonomy":"suno_strategy","embeddable":true,"href":"https:\/\/www.suno.com.br\/noticias\/wp-json\/wp\/v2\/suno_strategy?post=62902"}],"curies":[{"name":"wp","href":"https:\/\/api.w.org\/{rel}","templated":true}]}}