{"id":628371,"date":"2025-10-10T17:36:00","date_gmt":"2025-10-10T20:36:00","guid":{"rendered":"https:\/\/www.suno.com.br\/noticias\/?p=628371"},"modified":"2025-10-10T18:06:56","modified_gmt":"2025-10-10T21:06:56","slug":"mitre-mtre3-acoes-caem-apos-previa-operacional-terceiro-go","status":"publish","type":"post","link":"https:\/\/www.suno.com.br\/noticias\/mitre-mtre3-acoes-caem-apos-previa-operacional-terceiro-go\/","title":{"rendered":"Entenda por que as a\u00e7\u00f5es da Mitre (MTRE3) recuaram 5% hoje"},"content":{"rendered":"<p>As a\u00e7\u00f5es da<strong> <a href=\"https:\/\/www.suno.com.br\/analitica\/acoes\/mtre3\/\">Mitre (MTRE3)<\/a><\/strong> fecharam em queda de 5,51% nesta sexta-feira (10), cotadas a R$ 3,43, enquanto o mercado repercutia a pr\u00e9via operacional do terceiro trimestre de 2025. O desempenho negativo reflete resultados abaixo das expectativas e um cen\u00e1rio mais desafiador para o setor imobili\u00e1rio de m\u00e9dia e alta renda.<\/p>\t<div class=\"wrapper-featured-image\">\n\t\t<figure class=\"spotlightImg\">\n\n\t\t\t<picture>\n\t\t\t\t<source media=\"(max-width: 768px)\" srcset=\"https:\/\/files.sunoresearch.com.br\/n\/uploads\/2022\/04\/mitre-400x200.jpg\">\n\t\t\t\t<img loading=\"lazy\" decoding=\"async\" class=\"newsContent__article__imgCapa lazyloadDisabled \" src=\"https:\/\/files.sunoresearch.com.br\/n\/uploads\/2022\/04\/mitre-800x450.jpg\" width=\"800\" height=\"450\" alt=\"Entenda por que as a\u00e7\u00f5es da Mitre (MTRE3) recuaram 5% hoje\" fetchpriority=high \/>\n\t\t\t<\/picture>\n\n\t\t\t<figcaption class=\"wp-caption-text wp-caption-text--show\">Mitre (MTRE3) . Foto: Reprodu\u00e7\u00e3o\/ Lopes <\/figcaption>\n\t\t<\/figure>\n\t<\/div>\n\n\n\n\n\n\n\n\t<p>\n\t\t<a href=\"https:\/\/lp.suno.com.br\/planilha-da-vida-financeira\/\" target=\"_blank\" data-element=\"shortcode-suno-banner\" title=\"Banner SUNO, clique e saiba mais\">\n\t\t\t<picture>\n\t\t\t\t<source media=\"(max-width: 500px)\" srcset=\"https:\/\/files.sunoresearch.com.br\/n\/uploads\/2023\/04\/400x300-Planilha-vida-financeira-true.png\">\n\t\t\t\t<img class=\"newsContent__article__imgCapa newsContent__article__imgCapa--banner\"\n\t\t\t\t\tsrc=\"https:\/\/files.sunoresearch.com.br\/n\/uploads\/2023\/04\/1420x240-Planilha-vida-financeira-true.png\"\n\t\t\t\t\tdata-promo-id=\"106682\"\t\t\t\t\t\t\t\t\t\twidth='1420' height='240'\t\t\t\t\talt=\"https:\/\/files.sunoresearch.com.br\/n\/uploads\/2023\/04\/1420x240-Planilha-vida-financeira-true.png\"\n\t\t\t\t>\n\t\t\t<\/picture>\n\t\t<\/a>\n\t<\/p>\n\n\n\n\n\n<p>Segundo dados divulgados pela <strong>Mitre<\/strong>, o Valor Geral de Vendas (VGV) dos lan\u00e7amentos somou R$ 520,8 milh\u00f5es no trimestre, totalizando R$ 831,3 milh\u00f5es no acumulado do ano, alta de 85,7% em rela\u00e7\u00e3o ao mesmo per\u00edodo de 2024. Apesar disso, as vendas l\u00edquidas e o ritmo de comercializa\u00e7\u00e3o ficaram aqu\u00e9m do esperado.<\/p>\n\n\n\n<p>A companhia reportou ainda Vendas Sobre Oferta (VSO) de 13,3% no trimestre, frente aos 17,4% do terceiro trimestre de 2024. Nos \u00faltimos 12 meses, a taxa ficou em 40,7%, queda de tr\u00eas pontos percentuais na compara\u00e7\u00e3o anual. J\u00e1 as vendas l\u00edquidas atingiram R$ 279,7 milh\u00f5es, retra\u00e7\u00e3o de 13% ante os R$ 321,7 milh\u00f5es registrados no mesmo trimestre do ano passado.<\/p>\n\n\n\n<h2 class=\"wp-block-heading\"><strong>Resultados da Mitre (MTRE3) abaixo do esperado<\/strong><\/h2>\n\n\n\n<p>O relat\u00f3rio do BTG Pactual destacou que as vendas l\u00edquidas da Mitre ficaram \u201cligeiramente abaixo do esperado\u201d, com ritmo de comercializa\u00e7\u00e3o de 13% no trimestre, diante de um cen\u00e1rio mais fraco para o segmento de m\u00e9dia e alta renda. <\/p>\n\n\n\t<p>\n\t\t<a href=\"https:\/\/lp.suno.com.br\/ebook-como-analisar-uma-acao\/\" target=\"_blank\" data-element=\"shortcode-suno-banner\" title=\"Banner SUNO, clique e saiba mais\">\n\t\t\t<picture>\n\t\t\t\t<source media=\"(max-width: 500px)\" srcset=\"https:\/\/files.sunoresearch.com.br\/n\/uploads\/2023\/03\/Ebook-Acoes-Mobile.jpg\">\n\t\t\t\t<img class=\"newsContent__article__imgCapa newsContent__article__imgCapa--banner\"\n\t\t\t\t\tsrc=\"https:\/\/files.sunoresearch.com.br\/n\/uploads\/2023\/03\/Ebook-Acoes-Desktop.jpg\"\n\t\t\t\t\tdata-promo-id=\"378302\"\t\t\t\t\t\t\t\t\t\twidth='1420' height='286'\t\t\t\t\talt=\"https:\/\/files.sunoresearch.com.br\/n\/uploads\/2023\/03\/Ebook-Acoes-Desktop.jpg\"\n\t\t\t\t>\n\t\t\t<\/picture>\n\t\t<\/a>\n\t<\/p>\n\n\n\n\n\n<p>O banco ressaltou ainda que as vendas de estoque tiveram uma \u201cqueda de 54% na compara\u00e7\u00e3o anual e de 49% frente ao trimestre anterior\u201d, refletindo o ambiente macroecon\u00f4mico mais restritivo para o p\u00fablico-alvo da companhia.<\/p>\n\n\n\n<p>Ainda segundo o BTG, a Mitre lan\u00e7ou um \u00fanico projeto no trimestre, o Haus Mitre Moema, com Valor Geral de Vendas de R$ 521 milh\u00f5es, dos quais 26% foram vendidos em apenas um m\u00eas. Al\u00e9m disso, a empresa entregou tr\u00eas empreendimentos, totalizando R$ 655 milh\u00f5es em VGV, o que deve contribuir positivamente para o <a class=\"suno-keyword\" target=\"_blank\" data-force=\"no\" data-priority=\"2\" href=\"https:\/\/www.suno.com.br\/artigos\/fluxo-de-caixa\/\" rel=\"noopener\">fluxo de caixa<\/a> nos pr\u00f3ximos meses.<\/p>\n\n\n\n<p>O banco manteve recomenda\u00e7\u00e3o neutra para as a\u00e7\u00f5es da <strong>Mitre (MTRE3)<\/strong>. &#8220;Mantemos nossa recomenda\u00e7\u00e3o neutra para Mitre, apesar da avalia\u00e7\u00e3o descontada (0,4x P\/TBV)\u201d, diz o relat\u00f3rio divulgado pelo BTG. O pre\u00e7o-alvo de 12 meses foi reiterado em R$ 7,00 por a\u00e7\u00e3o, mais que o dobro do valor atual em bolsa.<\/p>\n\n\n\t<p>\n\t\t<a href=\"https:\/\/lp.suno.com.br\/planilha-da-vida-financeira\/\" target=\"_blank\" data-element=\"shortcode-suno-banner\" title=\"Banner SUNO, clique e saiba mais\">\n\t\t\t<picture>\n\t\t\t\t<source media=\"(max-width: 500px)\" srcset=\"https:\/\/files.sunoresearch.com.br\/n\/uploads\/2023\/04\/400x300-Planilha-vida-financeira-true.png\">\n\t\t\t\t<img class=\"newsContent__article__imgCapa newsContent__article__imgCapa--banner\"\n\t\t\t\t\tsrc=\"https:\/\/files.sunoresearch.com.br\/n\/uploads\/2023\/04\/1420x240-Planilha-vida-financeira-true.png\"\n\t\t\t\t\tdata-promo-id=\"383123\"\t\t\t\t\t\t\t\t\t\twidth='1420' height='240'\t\t\t\t\talt=\"https:\/\/files.sunoresearch.com.br\/n\/uploads\/2023\/04\/1420x240-Planilha-vida-financeira-true.png\"\n\t\t\t\t>\n\t\t\t<\/picture>\n\t\t<\/a>\n\t<\/p>\n\n\n","protected":false},"excerpt":{"rendered":"<p>As a\u00e7\u00f5es da Mitre (MTRE3) fecharam em queda de 5,51% nesta sexta-feira (10), cotadas a R$ 3,43, enquanto o mercado repercutia a pr\u00e9via operacional do terceiro trimestre de 2025. O desempenho negativo reflete resultados abaixo das expectativas e um cen\u00e1rio mais desafiador para o setor imobili\u00e1rio de m\u00e9dia e alta renda. Mitre (MTRE3) . Foto: [&hellip;]<\/p>\n","protected":false},"author":404,"featured_media":252627,"comment_status":"closed","ping_status":"closed","sticky":false,"template":"","format":"standard","meta":[],"categories":[64],"tags":[2315],"suno_strategy":[],"class_list":["post-628371","post","type-post","status-publish","format-standard","has-post-thumbnail","hentry","category-negocios","tag-mitre-mtre3"],"yoast_head":"<!-- This site is optimized with the Yoast SEO plugin v24.4 - https:\/\/yoast.com\/wordpress\/plugins\/seo\/ -->\n<title>Mitre (MTRE3) cai 5% ap\u00f3s pr\u00e9via operacional abaixo do esperado<\/title>\n<meta name=\"description\" content=\"As a\u00e7\u00f5es da Mitre (MTRE3) ca\u00edram 5,51% nesta sexta-feira ap\u00f3s a divulga\u00e7\u00e3o da pr\u00e9via operacional do 3\u00ba trimestre. Clique e saiba mais!\" \/>\n<meta name=\"robots\" content=\"index, follow, max-snippet:-1, max-image-preview:large, max-video-preview:-1\" \/>\n<link rel=\"canonical\" href=\"https:\/\/www.suno.com.br\/noticias\/mitre-mtre3-acoes-caem-apos-previa-operacional-terceiro-go\/\" \/>\n<meta property=\"og:locale\" content=\"pt_BR\" \/>\n<meta property=\"og:type\" content=\"article\" \/>\n<meta property=\"og:title\" content=\"Mitre (MTRE3) cai 5% ap\u00f3s pr\u00e9via operacional abaixo do esperado\" \/>\n<meta property=\"og:description\" content=\"As a\u00e7\u00f5es da Mitre (MTRE3) ca\u00edram 5,51% nesta sexta-feira ap\u00f3s a divulga\u00e7\u00e3o da pr\u00e9via operacional do 3\u00ba trimestre. Clique e saiba mais!\" \/>\n<meta property=\"og:url\" content=\"https:\/\/www.suno.com.br\/noticias\/mitre-mtre3-acoes-caem-apos-previa-operacional-terceiro-go\/\" \/>\n<meta property=\"og:site_name\" content=\"Suno Not\u00edcias\" \/>\n<meta property=\"article:publisher\" content=\"https:\/\/facebook.com\/sunoresearch\" \/>\n<meta property=\"og:image\" content=\"https:\/\/files.sunoresearch.com.br\/n\/uploads\/2022\/04\/mitre.jpg\" \/>\n\t<meta property=\"og:image:width\" content=\"1600\" \/>\n\t<meta property=\"og:image:height\" content=\"964\" \/>\n\t<meta property=\"og:image:type\" content=\"image\/jpeg\" \/>\n<meta name=\"author\" content=\"Giovanna Oliveira\" \/>\n<meta name=\"twitter:card\" content=\"summary_large_image\" \/>\n<meta name=\"twitter:creator\" content=\"@sunoresearch\" \/>\n<meta name=\"twitter:site\" content=\"@sunoresearch\" \/>\n<meta name=\"twitter:label1\" content=\"Escrito por\" \/>\n\t<meta name=\"twitter:data1\" content=\"Giovanna Oliveira\" \/>\n\t<meta name=\"twitter:label2\" content=\"Est. tempo de leitura\" \/>\n\t<meta name=\"twitter:data2\" content=\"3 minutos\" \/>\n<script type=\"application\/ld+json\" class=\"yoast-schema-graph\">{\"@context\":\"https:\/\/schema.org\",\"@graph\":[{\"@type\":\"NewsArticle\",\"@id\":\"https:\/\/www.suno.com.br\/noticias\/mitre-mtre3-acoes-caem-apos-previa-operacional-terceiro-go\/#article\",\"isPartOf\":{\"@id\":\"https:\/\/www.suno.com.br\/noticias\/mitre-mtre3-acoes-caem-apos-previa-operacional-terceiro-go\/\"},\"author\":{\"name\":\"Giovanna Oliveira\",\"@id\":\"https:\/\/www.suno.com.br\/noticias\/#\/schema\/person\/506bb13f624e6983050ae5bf648c7a54\"},\"headline\":\"Entenda por que as a\u00e7\u00f5es da Mitre (MTRE3) recuaram 5% hoje\",\"datePublished\":\"2025-10-10T20:36:00+00:00\",\"dateModified\":\"2025-10-10T21:06:56+00:00\",\"mainEntityOfPage\":{\"@id\":\"https:\/\/www.suno.com.br\/noticias\/mitre-mtre3-acoes-caem-apos-previa-operacional-terceiro-go\/\"},\"wordCount\":391,\"publisher\":{\"@id\":\"https:\/\/www.suno.com.br\/noticias\/#organization\"},\"image\":{\"@id\":\"https:\/\/www.suno.com.br\/noticias\/mitre-mtre3-acoes-caem-apos-previa-operacional-terceiro-go\/#primaryimage\"},\"thumbnailUrl\":\"https:\/\/files.sunoresearch.com.br\/n\/uploads\/2022\/04\/mitre.jpg\",\"keywords\":[\"Mitre (MTRE3)\"],\"articleSection\":[\"Neg\u00f3cios\"],\"inLanguage\":\"pt-BR\"},{\"@type\":\"WebPage\",\"@id\":\"https:\/\/www.suno.com.br\/noticias\/mitre-mtre3-acoes-caem-apos-previa-operacional-terceiro-go\/\",\"url\":\"https:\/\/www.suno.com.br\/noticias\/mitre-mtre3-acoes-caem-apos-previa-operacional-terceiro-go\/\",\"name\":\"Mitre (MTRE3) cai 5% ap\u00f3s pr\u00e9via operacional abaixo do esperado\",\"isPartOf\":{\"@id\":\"https:\/\/www.suno.com.br\/noticias\/#website\"},\"primaryImageOfPage\":{\"@id\":\"https:\/\/www.suno.com.br\/noticias\/mitre-mtre3-acoes-caem-apos-previa-operacional-terceiro-go\/#primaryimage\"},\"image\":{\"@id\":\"https:\/\/www.suno.com.br\/noticias\/mitre-mtre3-acoes-caem-apos-previa-operacional-terceiro-go\/#primaryimage\"},\"thumbnailUrl\":\"https:\/\/files.sunoresearch.com.br\/n\/uploads\/2022\/04\/mitre.jpg\",\"datePublished\":\"2025-10-10T20:36:00+00:00\",\"dateModified\":\"2025-10-10T21:06:56+00:00\",\"description\":\"As a\u00e7\u00f5es da Mitre (MTRE3) ca\u00edram 5,51% nesta sexta-feira ap\u00f3s a divulga\u00e7\u00e3o da pr\u00e9via operacional do 3\u00ba trimestre. Clique e saiba mais!\",\"breadcrumb\":{\"@id\":\"https:\/\/www.suno.com.br\/noticias\/mitre-mtre3-acoes-caem-apos-previa-operacional-terceiro-go\/#breadcrumb\"},\"inLanguage\":\"pt-BR\",\"potentialAction\":[{\"@type\":\"ReadAction\",\"target\":[\"https:\/\/www.suno.com.br\/noticias\/mitre-mtre3-acoes-caem-apos-previa-operacional-terceiro-go\/\"]}]},{\"@type\":\"ImageObject\",\"inLanguage\":\"pt-BR\",\"@id\":\"https:\/\/www.suno.com.br\/noticias\/mitre-mtre3-acoes-caem-apos-previa-operacional-terceiro-go\/#primaryimage\",\"url\":\"https:\/\/files.sunoresearch.com.br\/n\/uploads\/2022\/04\/mitre.jpg\",\"contentUrl\":\"https:\/\/files.sunoresearch.com.br\/n\/uploads\/2022\/04\/mitre.jpg\",\"width\":1600,\"height\":964,\"caption\":\"Mitre (MTRE3) . Foto: Reprodu\u00e7\u00e3o\/ Lopes\"},{\"@type\":\"BreadcrumbList\",\"@id\":\"https:\/\/www.suno.com.br\/noticias\/mitre-mtre3-acoes-caem-apos-previa-operacional-terceiro-go\/#breadcrumb\",\"itemListElement\":[{\"@type\":\"ListItem\",\"position\":1,\"name\":\"Not\u00edcias\",\"item\":\"https:\/\/www.suno.com.br\/noticias\/\"},{\"@type\":\"ListItem\",\"position\":2,\"name\":\"Neg\u00f3cios\",\"item\":\"https:\/\/www.suno.com.br\/noticias\/negocios\/\"},{\"@type\":\"ListItem\",\"position\":3,\"name\":\"Entenda por que as a\u00e7\u00f5es da Mitre (MTRE3) recuaram 5% hoje\"}]},{\"@type\":\"WebSite\",\"@id\":\"https:\/\/www.suno.com.br\/noticias\/#website\",\"url\":\"https:\/\/www.suno.com.br\/noticias\/\",\"name\":\"Suno Not\u00edcias\",\"description\":\"Seu portal de informa\u00e7\u00e3o sobre o mundo dos investimentos\",\"publisher\":{\"@id\":\"https:\/\/www.suno.com.br\/noticias\/#organization\"},\"potentialAction\":[{\"@type\":\"SearchAction\",\"target\":{\"@type\":\"EntryPoint\",\"urlTemplate\":\"https:\/\/www.suno.com.br\/noticias\/?s={search_term_string}\"},\"query-input\":{\"@type\":\"PropertyValueSpecification\",\"valueRequired\":true,\"valueName\":\"search_term_string\"}}],\"inLanguage\":\"pt-BR\"},{\"@type\":\"Organization\",\"@id\":\"https:\/\/www.suno.com.br\/noticias\/#organization\",\"name\":\"Suno Not\u00edcias\",\"url\":\"https:\/\/www.suno.com.br\/noticias\/\",\"logo\":{\"@type\":\"ImageObject\",\"inLanguage\":\"pt-BR\",\"@id\":\"https:\/\/www.suno.com.br\/noticias\/#\/schema\/logo\/image\/\",\"url\":\"https:\/\/files.sunoresearch.com.br\/n\/uploads\/2021\/09\/suno-logo.png\",\"contentUrl\":\"https:\/\/files.sunoresearch.com.br\/n\/uploads\/2021\/09\/suno-logo.png\",\"width\":180,\"height\":180,\"caption\":\"Suno Not\u00edcias\"},\"image\":{\"@id\":\"https:\/\/www.suno.com.br\/noticias\/#\/schema\/logo\/image\/\"},\"sameAs\":[\"https:\/\/facebook.com\/sunoresearch\",\"https:\/\/x.com\/sunoresearch\",\"https:\/\/www.instagram.com\/suno\",\"https:\/\/www.linkedin.com\/company\/suno-research\/\",\"https:\/\/www.youtube.com\/c\/sunoresearch\"]},{\"@type\":\"Person\",\"@id\":\"https:\/\/www.suno.com.br\/noticias\/#\/schema\/person\/506bb13f624e6983050ae5bf648c7a54\",\"name\":\"Giovanna Oliveira\",\"image\":{\"@type\":\"ImageObject\",\"inLanguage\":\"pt-BR\",\"@id\":\"https:\/\/www.suno.com.br\/noticias\/#\/schema\/person\/image\/\",\"url\":\"https:\/\/secure.gravatar.com\/avatar\/8d180e5cea232a9bb3af521589b133fa?s=96&r=g\",\"contentUrl\":\"https:\/\/secure.gravatar.com\/avatar\/8d180e5cea232a9bb3af521589b133fa?s=96&r=g\",\"caption\":\"Giovanna Oliveira\"},\"description\":\"Jornalista com mais de sete anos de experi\u00eancia na cobertura de finan\u00e7as e economia. P\u00f3s-graduada em Neg\u00f3cios e Inova\u00e7\u00e3o (ESPM-SP) e mestranda em Finan\u00e7as (UADE Business School\u2013Buenos Aires).\",\"url\":\"https:\/\/www.suno.com.br\/noticias\/author\/giovannalmd-oliveiragmail-com\/\"}]}<\/script>\n<!-- \/ Yoast SEO plugin. -->","yoast_head_json":{"title":"Mitre (MTRE3) cai 5% ap\u00f3s pr\u00e9via operacional abaixo do esperado","description":"As a\u00e7\u00f5es da Mitre (MTRE3) ca\u00edram 5,51% nesta sexta-feira ap\u00f3s a divulga\u00e7\u00e3o da pr\u00e9via operacional do 3\u00ba trimestre. Clique e saiba mais!","robots":{"index":"index","follow":"follow","max-snippet":"max-snippet:-1","max-image-preview":"max-image-preview:large","max-video-preview":"max-video-preview:-1"},"canonical":"https:\/\/www.suno.com.br\/noticias\/mitre-mtre3-acoes-caem-apos-previa-operacional-terceiro-go\/","og_locale":"pt_BR","og_type":"article","og_title":"Mitre (MTRE3) cai 5% ap\u00f3s pr\u00e9via operacional abaixo do esperado","og_description":"As a\u00e7\u00f5es da Mitre (MTRE3) ca\u00edram 5,51% nesta sexta-feira ap\u00f3s a divulga\u00e7\u00e3o da pr\u00e9via operacional do 3\u00ba trimestre. Clique e saiba mais!","og_url":"https:\/\/www.suno.com.br\/noticias\/mitre-mtre3-acoes-caem-apos-previa-operacional-terceiro-go\/","og_site_name":"Suno Not\u00edcias","article_publisher":"https:\/\/facebook.com\/sunoresearch","og_image":[{"width":1600,"height":964,"url":"https:\/\/files.sunoresearch.com.br\/n\/uploads\/2022\/04\/mitre.jpg","type":"image\/jpeg"}],"author":"Giovanna Oliveira","twitter_card":"summary_large_image","twitter_creator":"@sunoresearch","twitter_site":"@sunoresearch","twitter_misc":{"Escrito por":"Giovanna Oliveira","Est. tempo de leitura":"3 minutos"},"schema":{"@context":"https:\/\/schema.org","@graph":[{"@type":"NewsArticle","@id":"https:\/\/www.suno.com.br\/noticias\/mitre-mtre3-acoes-caem-apos-previa-operacional-terceiro-go\/#article","isPartOf":{"@id":"https:\/\/www.suno.com.br\/noticias\/mitre-mtre3-acoes-caem-apos-previa-operacional-terceiro-go\/"},"author":{"name":"Giovanna Oliveira","@id":"https:\/\/www.suno.com.br\/noticias\/#\/schema\/person\/506bb13f624e6983050ae5bf648c7a54"},"headline":"Entenda por que as a\u00e7\u00f5es da Mitre (MTRE3) recuaram 5% hoje","datePublished":"2025-10-10T20:36:00+00:00","dateModified":"2025-10-10T21:06:56+00:00","mainEntityOfPage":{"@id":"https:\/\/www.suno.com.br\/noticias\/mitre-mtre3-acoes-caem-apos-previa-operacional-terceiro-go\/"},"wordCount":391,"publisher":{"@id":"https:\/\/www.suno.com.br\/noticias\/#organization"},"image":{"@id":"https:\/\/www.suno.com.br\/noticias\/mitre-mtre3-acoes-caem-apos-previa-operacional-terceiro-go\/#primaryimage"},"thumbnailUrl":"https:\/\/files.sunoresearch.com.br\/n\/uploads\/2022\/04\/mitre.jpg","keywords":["Mitre (MTRE3)"],"articleSection":["Neg\u00f3cios"],"inLanguage":"pt-BR"},{"@type":"WebPage","@id":"https:\/\/www.suno.com.br\/noticias\/mitre-mtre3-acoes-caem-apos-previa-operacional-terceiro-go\/","url":"https:\/\/www.suno.com.br\/noticias\/mitre-mtre3-acoes-caem-apos-previa-operacional-terceiro-go\/","name":"Mitre (MTRE3) cai 5% ap\u00f3s pr\u00e9via operacional abaixo do esperado","isPartOf":{"@id":"https:\/\/www.suno.com.br\/noticias\/#website"},"primaryImageOfPage":{"@id":"https:\/\/www.suno.com.br\/noticias\/mitre-mtre3-acoes-caem-apos-previa-operacional-terceiro-go\/#primaryimage"},"image":{"@id":"https:\/\/www.suno.com.br\/noticias\/mitre-mtre3-acoes-caem-apos-previa-operacional-terceiro-go\/#primaryimage"},"thumbnailUrl":"https:\/\/files.sunoresearch.com.br\/n\/uploads\/2022\/04\/mitre.jpg","datePublished":"2025-10-10T20:36:00+00:00","dateModified":"2025-10-10T21:06:56+00:00","description":"As a\u00e7\u00f5es da Mitre (MTRE3) ca\u00edram 5,51% nesta sexta-feira ap\u00f3s a divulga\u00e7\u00e3o da pr\u00e9via operacional do 3\u00ba trimestre. Clique e saiba mais!","breadcrumb":{"@id":"https:\/\/www.suno.com.br\/noticias\/mitre-mtre3-acoes-caem-apos-previa-operacional-terceiro-go\/#breadcrumb"},"inLanguage":"pt-BR","potentialAction":[{"@type":"ReadAction","target":["https:\/\/www.suno.com.br\/noticias\/mitre-mtre3-acoes-caem-apos-previa-operacional-terceiro-go\/"]}]},{"@type":"ImageObject","inLanguage":"pt-BR","@id":"https:\/\/www.suno.com.br\/noticias\/mitre-mtre3-acoes-caem-apos-previa-operacional-terceiro-go\/#primaryimage","url":"https:\/\/files.sunoresearch.com.br\/n\/uploads\/2022\/04\/mitre.jpg","contentUrl":"https:\/\/files.sunoresearch.com.br\/n\/uploads\/2022\/04\/mitre.jpg","width":1600,"height":964,"caption":"Mitre (MTRE3) . Foto: Reprodu\u00e7\u00e3o\/ Lopes"},{"@type":"BreadcrumbList","@id":"https:\/\/www.suno.com.br\/noticias\/mitre-mtre3-acoes-caem-apos-previa-operacional-terceiro-go\/#breadcrumb","itemListElement":[{"@type":"ListItem","position":1,"name":"Not\u00edcias","item":"https:\/\/www.suno.com.br\/noticias\/"},{"@type":"ListItem","position":2,"name":"Neg\u00f3cios","item":"https:\/\/www.suno.com.br\/noticias\/negocios\/"},{"@type":"ListItem","position":3,"name":"Entenda por que as a\u00e7\u00f5es da Mitre (MTRE3) recuaram 5% hoje"}]},{"@type":"WebSite","@id":"https:\/\/www.suno.com.br\/noticias\/#website","url":"https:\/\/www.suno.com.br\/noticias\/","name":"Suno Not\u00edcias","description":"Seu portal de informa\u00e7\u00e3o sobre o mundo dos investimentos","publisher":{"@id":"https:\/\/www.suno.com.br\/noticias\/#organization"},"potentialAction":[{"@type":"SearchAction","target":{"@type":"EntryPoint","urlTemplate":"https:\/\/www.suno.com.br\/noticias\/?s={search_term_string}"},"query-input":{"@type":"PropertyValueSpecification","valueRequired":true,"valueName":"search_term_string"}}],"inLanguage":"pt-BR"},{"@type":"Organization","@id":"https:\/\/www.suno.com.br\/noticias\/#organization","name":"Suno Not\u00edcias","url":"https:\/\/www.suno.com.br\/noticias\/","logo":{"@type":"ImageObject","inLanguage":"pt-BR","@id":"https:\/\/www.suno.com.br\/noticias\/#\/schema\/logo\/image\/","url":"https:\/\/files.sunoresearch.com.br\/n\/uploads\/2021\/09\/suno-logo.png","contentUrl":"https:\/\/files.sunoresearch.com.br\/n\/uploads\/2021\/09\/suno-logo.png","width":180,"height":180,"caption":"Suno Not\u00edcias"},"image":{"@id":"https:\/\/www.suno.com.br\/noticias\/#\/schema\/logo\/image\/"},"sameAs":["https:\/\/facebook.com\/sunoresearch","https:\/\/x.com\/sunoresearch","https:\/\/www.instagram.com\/suno","https:\/\/www.linkedin.com\/company\/suno-research\/","https:\/\/www.youtube.com\/c\/sunoresearch"]},{"@type":"Person","@id":"https:\/\/www.suno.com.br\/noticias\/#\/schema\/person\/506bb13f624e6983050ae5bf648c7a54","name":"Giovanna Oliveira","image":{"@type":"ImageObject","inLanguage":"pt-BR","@id":"https:\/\/www.suno.com.br\/noticias\/#\/schema\/person\/image\/","url":"https:\/\/secure.gravatar.com\/avatar\/8d180e5cea232a9bb3af521589b133fa?s=96&r=g","contentUrl":"https:\/\/secure.gravatar.com\/avatar\/8d180e5cea232a9bb3af521589b133fa?s=96&r=g","caption":"Giovanna Oliveira"},"description":"Jornalista com mais de sete anos de experi\u00eancia na cobertura de finan\u00e7as e economia. P\u00f3s-graduada em Neg\u00f3cios e Inova\u00e7\u00e3o (ESPM-SP) e mestranda em Finan\u00e7as (UADE Business School\u2013Buenos Aires).","url":"https:\/\/www.suno.com.br\/noticias\/author\/giovannalmd-oliveiragmail-com\/"}]}},"default_loop_html":"<div class=\"cardsPage__listCard__boxs\"><div class=\"cardsPage__listCard__boxs__img\"><a href=\"https:\/\/www.suno.com.br\/noticias\/mitre-mtre3-acoes-caem-apos-previa-operacional-terceiro-go\/\"><img class=\"mask\" src=\"https:\/\/www.suno.com.br\/noticias\/wp-content\/themes\/suno\/resources\/images\/spotlight\/spotlight1img\/bg-mask.png\" alt=\"Image Mask\"\/><img src=\"https:\/\/files.sunoresearch.com.br\/n\/uploads\/2022\/04\/mitre-400x200.jpg\" alt=\"Entenda por que as a\u00e7\u00f5es da Mitre (MTRE3) recuaram 5% hoje\"\/><\/a><span class=\"spotlightCategory\"><a href=\"https:\/\/www.suno.com.br\/noticias\/negocios\/\">Neg\u00f3cios<\/a><\/span><\/div><div class=\"cardsPage__listCard__boxs__content\"><a href=\"https:\/\/www.suno.com.br\/noticias\/mitre-mtre3-acoes-caem-apos-previa-operacional-terceiro-go\/\"><h2 class=\"content__title\">Entenda por que as a\u00e7\u00f5es da Mitre (MTRE3) recuaram 5% hoje<\/h2><\/a><div class=\"newsContent__article__meta\"><div class=\"newsContent__article__meta__authorBox\"><a href=\"https:\/\/www.suno.com.br\/noticias\/author\/giovannalmd-oliveiragmail-com\/\" class=\"authorBox__avatar noMobi\"><img src=\"https:\/\/secure.gravatar.com\/avatar\/8d180e5cea232a9bb3af521589b133fa?s=96&#038;r=g\" alt=\"Giovanna Oliveira\"><\/a><div class=\"authorBox__name\"><span>por\n\t\t\t<a href=\"https:\/\/www.suno.com.br\/noticias\/author\/giovannalmd-oliveiragmail-com\/\"><span itemprop=\"author\">Giovanna Oliveira<\/span><\/a><\/span><time datetime=\"2025-10-10T17:36:00-03:00\" itemprop=\"datePublished\">10\/10\/2025 17:36<\/time><\/div><\/div><\/div><\/div><\/div>","single_layout":"posts","amp_enabled":true,"_links":{"self":[{"href":"https:\/\/www.suno.com.br\/noticias\/wp-json\/wp\/v2\/posts\/628371"}],"collection":[{"href":"https:\/\/www.suno.com.br\/noticias\/wp-json\/wp\/v2\/posts"}],"about":[{"href":"https:\/\/www.suno.com.br\/noticias\/wp-json\/wp\/v2\/types\/post"}],"author":[{"embeddable":true,"href":"https:\/\/www.suno.com.br\/noticias\/wp-json\/wp\/v2\/users\/404"}],"replies":[{"embeddable":true,"href":"https:\/\/www.suno.com.br\/noticias\/wp-json\/wp\/v2\/comments?post=628371"}],"version-history":[{"count":3,"href":"https:\/\/www.suno.com.br\/noticias\/wp-json\/wp\/v2\/posts\/628371\/revisions"}],"predecessor-version":[{"id":628382,"href":"https:\/\/www.suno.com.br\/noticias\/wp-json\/wp\/v2\/posts\/628371\/revisions\/628382"}],"wp:featuredmedia":[{"embeddable":true,"href":"https:\/\/www.suno.com.br\/noticias\/wp-json\/wp\/v2\/media\/252627"}],"wp:attachment":[{"href":"https:\/\/www.suno.com.br\/noticias\/wp-json\/wp\/v2\/media?parent=628371"}],"wp:term":[{"taxonomy":"category","embeddable":true,"href":"https:\/\/www.suno.com.br\/noticias\/wp-json\/wp\/v2\/categories?post=628371"},{"taxonomy":"post_tag","embeddable":true,"href":"https:\/\/www.suno.com.br\/noticias\/wp-json\/wp\/v2\/tags?post=628371"},{"taxonomy":"suno_strategy","embeddable":true,"href":"https:\/\/www.suno.com.br\/noticias\/wp-json\/wp\/v2\/suno_strategy?post=628371"}],"curies":[{"name":"wp","href":"https:\/\/api.w.org\/{rel}","templated":true}]}}