{"id":628176,"date":"2025-10-09T15:01:00","date_gmt":"2025-10-09T18:01:00","guid":{"rendered":"https:\/\/www.suno.com.br\/noticias\/?p=628176"},"modified":"2025-10-10T09:00:27","modified_gmt":"2025-10-10T12:00:27","slug":"ambipar-ambp3-excluida-indices-b3-crise-certificacao-verde-go","status":"publish","type":"post","link":"https:\/\/www.suno.com.br\/noticias\/ambipar-ambp3-excluida-indices-b3-crise-certificacao-verde-go\/","title":{"rendered":"Ambipar (AMBP3) \u00e9 exclu\u00edda dos \u00edndices da B3 e perder\u00e1 certifica\u00e7\u00f5es verdes; entenda por que"},"content":{"rendered":"<p>A B3 comunicou nesta quinta-feira (9) que a <strong>Ambipar (<a class=\"suno-keyword\" data-force=\"yes\" data-priority=\"2\" href=\"https:\/\/www.suno.com.br\/analitica\/acoes\/ambp3\/\" target=\"_blank\" rel=\"noopener\">AMBP3<\/a>)<\/strong> ser\u00e1 exclu\u00edda dos nove \u00edndices dos quais faz parte e n\u00e3o ter\u00e1 renovada a designa\u00e7\u00e3o de a\u00e7\u00f5es verdes.<\/p>\t<div class=\"wrapper-featured-image\">\n\t\t<figure class=\"spotlightImg\">\n\n\t\t\t<picture>\n\t\t\t\t<source media=\"(max-width: 768px)\" srcset=\"https:\/\/files.sunoresearch.com.br\/n\/uploads\/2022\/03\/Ambipar-400x200.jpg\">\n\t\t\t\t<img loading=\"lazy\" decoding=\"async\" class=\"newsContent__article__imgCapa lazyloadDisabled \" src=\"https:\/\/files.sunoresearch.com.br\/n\/uploads\/2022\/03\/Ambipar-800x450.jpg\" width=\"800\" height=\"450\" alt=\"Ambipar (AMBP3) \u00e9 exclu\u00edda dos \u00edndices da B3 e perder\u00e1 certifica\u00e7\u00f5es verdes; entenda por que\" fetchpriority=high \/>\n\t\t\t<\/picture>\n\n\t\t\t<figcaption class=\"wp-caption-text wp-caption-text--show\">Ambipar (AMBP3). Cr\u00e9ditos: Ambipar\/divulga\u00e7\u00e3o<\/figcaption>\n\t\t<\/figure>\n\t<\/div>\n\n\n\n\n\n\n\n\t<p>\n\t\t<a href=\"https:\/\/lp.suno.com.br\/planilha-da-vida-financeira\/\" target=\"_blank\" data-element=\"shortcode-suno-banner\" title=\"Banner SUNO, clique e saiba mais\">\n\t\t\t<picture>\n\t\t\t\t<source media=\"(max-width: 500px)\" srcset=\"https:\/\/files.sunoresearch.com.br\/n\/uploads\/2023\/04\/400x300-Planilha-vida-financeira-true.png\">\n\t\t\t\t<img class=\"newsContent__article__imgCapa newsContent__article__imgCapa--banner\"\n\t\t\t\t\tsrc=\"https:\/\/files.sunoresearch.com.br\/n\/uploads\/2023\/04\/1420x240-Planilha-vida-financeira-true.png\"\n\t\t\t\t\tdata-promo-id=\"106682\"\t\t\t\t\t\t\t\t\t\twidth='1420' height='240'\t\t\t\t\talt=\"https:\/\/files.sunoresearch.com.br\/n\/uploads\/2023\/04\/1420x240-Planilha-vida-financeira-true.png\"\n\t\t\t\t>\n\t\t\t<\/picture>\n\t\t<\/a>\n\t<\/p>\n\n\n\n\n\n<p>A decis\u00e3o ocorre em meio \u00e0 <strong>crise da Ambipar<\/strong>, marcada por preocupa\u00e7\u00f5es com liquidez e governan\u00e7a, que fizeram as a\u00e7\u00f5es da companhia despencarem nas \u00faltimas semanas.<\/p>\n\n\n\n<p>Atualmente, os pap\u00e9is da empresa de gest\u00e3o de res\u00edduos est\u00e3o inclu\u00eddos nos \u00edndices Brasil Amplo, de Diversidade, de <a class=\"suno-keyword\" target=\"_blank\" data-force=\"no\" data-priority=\"2\" href=\"https:\/\/www.suno.com.br\/artigos\/governanca-corporativa\/\" rel=\"noopener\">Governan\u00e7a Corporativa<\/a> Trade, de A\u00e7\u00f5es com Governan\u00e7a Corporativa Diferenciada, de Governan\u00e7a Corporativa <a class=\"suno-keyword\" target=\"_blank\" data-force=\"no\" data-priority=\"1\" href=\"https:\/\/www.suno.com.br\/artigos\/novo-mercado\/\" rel=\"noopener\">Novo Mercado<\/a>, de <a class=\"suno-keyword\" target=\"_blank\" data-force=\"no\" data-priority=\"1\" href=\"https:\/\/www.suno.com.br\/artigos\/sustentabilidade-empresarial\/\" rel=\"noopener\">Sustentabilidade Empresarial<\/a>, de A\u00e7\u00f5es com <a class=\"suno-keyword\" target=\"_blank\" data-force=\"no\" data-priority=\"1\" href=\"https:\/\/www.suno.com.br\/artigos\/tag-along\/\" rel=\"noopener\">Tag Along<\/a> Diferenciado, MidLarge Cap e Utilidade P\u00fablica.<\/p>\n\n\n\n<p>Segundo o comunicado da bolsa, as a\u00e7\u00f5es deixar\u00e3o de fazer parte dessas carteiras ao pre\u00e7o de fechamento de 15 de outubro. A participa\u00e7\u00e3o ser\u00e1 redistribu\u00edda proporcionalmente entre os demais ativos que comp\u00f5em os \u00edndices.<\/p>\n\n\n\n<h2 class=\"wp-block-heading\">Por que as a\u00e7\u00f5es da Ambipar (AMBP3) foram exclu\u00eddas?<\/h2>\n\n\n\n<p>A exclus\u00e3o foi baseada em dispositivo do manual de defini\u00e7\u00f5es e procedimentos da B3, que permite a retirada de um ativo quando h\u00e1 risco \u00e0 continuidade, \u00e0 representatividade ou \u00e0 integridade do \u00edndice.<\/p>\n\n\n\n<p>Al\u00e9m disso, a bolsa informou que a <strong>Ambipar<\/strong> n\u00e3o ter\u00e1 renovada a certifica\u00e7\u00e3o \u201cB3 A\u00e7\u00f5es Verdes\u201d. De acordo com o documento, a metodologia da designa\u00e7\u00e3o prev\u00ea que, se uma companhia, seus diretores ou administradores tiverem a imagem associada a incidentes ambientais, sociais ou de governan\u00e7a (ASG) que gerem risco reputacional, a titula\u00e7\u00e3o pode ser retirada.<\/p>\n\n\n\t<p>\n\t\t<a href=\"https:\/\/lp.suno.com.br\/ebook-como-analisar-uma-acao\/\" target=\"_blank\" data-element=\"shortcode-suno-banner\" title=\"Banner SUNO, clique e saiba mais\">\n\t\t\t<picture>\n\t\t\t\t<source media=\"(max-width: 500px)\" srcset=\"https:\/\/files.sunoresearch.com.br\/n\/uploads\/2023\/03\/Ebook-Acoes-Mobile.jpg\">\n\t\t\t\t<img class=\"newsContent__article__imgCapa newsContent__article__imgCapa--banner\"\n\t\t\t\t\tsrc=\"https:\/\/files.sunoresearch.com.br\/n\/uploads\/2023\/03\/Ebook-Acoes-Desktop.jpg\"\n\t\t\t\t\tdata-promo-id=\"378302\"\t\t\t\t\t\t\t\t\t\twidth='1420' height='286'\t\t\t\t\talt=\"https:\/\/files.sunoresearch.com.br\/n\/uploads\/2023\/03\/Ebook-Acoes-Desktop.jpg\"\n\t\t\t\t>\n\t\t\t<\/picture>\n\t\t<\/a>\n\t<\/p>\n\n\n\n\n\n<p>O epis\u00f3dio ocorre ap\u00f3s a companhia obter, no fim de setembro, uma medida cautelar da Justi\u00e7a do Rio de Janeiro que suspendeu cl\u00e1usulas contratuais que poderiam acelerar o vencimento de d\u00edvidas do grupo. A opera\u00e7\u00e3o teve origem em um cr\u00e9dito contratado junto ao Deutsche Bank, que exigiu garantias adicionais e pressionou o caixa da empresa.<\/p>\n\n\n\n<p>No pedido \u00e0 Justi\u00e7a, a companhia citou risco de cl\u00e1usulas de vencimento cruzado (cross-default) que poderiam resultar em um impacto de at\u00e9 R$ 10 bilh\u00f5es, o que representaria um grave risco de insolv\u00eancia. <\/p>\n\n\n\n<p>Desde ent\u00e3o, as <strong>a\u00e7\u00f5es da Ambipar<\/strong> acumularam perdas expressivas, com queda de cerca de 93% no \u00faltimo m\u00eas. <\/p>\n\n\n\n<div class=\"pluginQuotation\">\n  <p class=\"ticker\">\n    Cota\u00e7\u00e3o <span>AMBP3<\/span>\n  <\/p>\n  <div class=\"info\">\n    <div class=\"leftSide\">\n      Gr\u00e1fico gerado em: 09\/10\/2025    <\/div>\n\t\t\t\t\t<div class=\"rightSide\">\n\t\t\t\t\t<span class=\"period\">\n\t\t\t\t\t\t1 M\u00eas\t\t\t\t\t<\/span>\n\t\t\t<\/div>\n\t\t  <\/div>\n\n  <div id=\"chart-e4e7ddb53bbee757a6653c8cbf79af35\" data-block-hash=\"e4e7ddb53bbee757a6653c8cbf79af35\"  class=\"chart\" style=\"width:100%;height:400px;\"><\/div>\n\n  <div class=\"pluginQuotation__footer\">\n    <div class=\"dataChart\">\n\n      <div class=\"dataChart__div1 variation\">\n        <div class=\"value-negative\">\n          -93,07 (-11,82%)        <\/div>\n        <div class=\"text\">\n          Varia\u00e7\u00e3o do per\u00edodo\n        <\/div>\n      <\/div>\n\n      <div class=\"dataChart__div2 minMax\">\n        <div class=\"value\">\n          R$\u00a00,67        <\/div>\n        <div class=\"text\">\n          M\u00ednima\n        <\/div>\n      <\/div>\n\n      <div class=\"dataChart__div3 minMax\">\n        <div class=\"value\">\n          R$\u00a014,25        <\/div>\n        <div class=\"text\">\n          M\u00e1xima\n        <\/div>\n      <\/div>\n\n\t\t\t<div class=\"dataChart__div4 rightSide\">\n\t\t\t\t<div class=\"analiticaSource\">\n\t\t\t\t\t<span>\n\t\t\t\t\t\tFonte:\n\t\t\t\t\t<\/span>\n\t\t\t\t\t<img decoding=\"async\" class=\"analiticaLogo\" src=\"https:\/\/www.suno.com.br\/noticias\/wp-content\/plugins\/suno-block-ticker-quotation\/src\/suno-analitica-logo.png\" alt=\"Logo Suno Anal\u00edtica\" \/>\n\t\t\t\t<\/div>\n\n\t\t\t\t<a href=\"https:\/\/www.suno.com.br\/analitica\/acoes\/AMBP3\" target=\"_blank\">\n\t\t\t\t\t<span>\n\t\t\t\t\t\tVer mais cota\u00e7\u00f5es\n\t\t\t\t\t<\/span>\n\t\t\t\t\t<svg xmlns=\"http:\/\/www.w3.org\/2000\/svg\" width=\"9\" height=\"8\" viewBox=\"0 0 9 8\" fill=\"none\">\n\t\t\t\t\t\t<path d=\"M4.20996 0L3.50496 0.705L6.29496 3.5H0.209961V4.5H6.29496L3.50496 7.295L4.20996 8L8.20996 4L4.20996 0Z\" fill=\"#D42126\" \/>\n\t\t\t\t\t<\/svg>\n\t\t\t\t<\/a>\n    <\/div>\n\n    <\/div>\n  <\/div>\n<\/div>\n\n\n<script type=\"text\/javascript\">\n  let chart_e4e7ddb53bbee757a6653c8cbf79af35 = document.getElementById('chart-e4e7ddb53bbee757a6653c8cbf79af35');\n  let data_json_e4e7ddb53bbee757a6653c8cbf79af35 = \"[{\\\"date\\\":\\\"09\\\\\\\/09\\\\\\\/25 \\\",\\\"value\\\":12.7},{\\\"date\\\":\\\"10\\\\\\\/09\\\\\\\/25 \\\",\\\"value\\\":12.45},{\\\"date\\\":\\\"11\\\\\\\/09\\\\\\\/25 \\\",\\\"value\\\":12.41},{\\\"date\\\":\\\"12\\\\\\\/09\\\\\\\/25 \\\",\\\"value\\\":12.7},{\\\"date\\\":\\\"15\\\\\\\/09\\\\\\\/25 \\\",\\\"value\\\":13.2},{\\\"date\\\":\\\"16\\\\\\\/09\\\\\\\/25 \\\",\\\"value\\\":13.33},{\\\"date\\\":\\\"17\\\\\\\/09\\\\\\\/25 \\\",\\\"value\\\":14.01},{\\\"date\\\":\\\"18\\\\\\\/09\\\\\\\/25 \\\",\\\"value\\\":13.7},{\\\"date\\\":\\\"19\\\\\\\/09\\\\\\\/25 \\\",\\\"value\\\":14.25},{\\\"date\\\":\\\"22\\\\\\\/09\\\\\\\/25 \\\",\\\"value\\\":13.98},{\\\"date\\\":\\\"23\\\\\\\/09\\\\\\\/25 \\\",\\\"value\\\":12.3},{\\\"date\\\":\\\"24\\\\\\\/09\\\\\\\/25 \\\",\\\"value\\\":9.92},{\\\"date\\\":\\\"25\\\\\\\/09\\\\\\\/25 \\\",\\\"value\\\":7.36},{\\\"date\\\":\\\"26\\\\\\\/09\\\\\\\/25 \\\",\\\"value\\\":8.85},{\\\"date\\\":\\\"29\\\\\\\/09\\\\\\\/25 \\\",\\\"value\\\":10.65},{\\\"date\\\":\\\"30\\\\\\\/09\\\\\\\/25 \\\",\\\"value\\\":8.52},{\\\"date\\\":\\\"01\\\\\\\/10\\\\\\\/25 \\\",\\\"value\\\":7.14},{\\\"date\\\":\\\"02\\\\\\\/10\\\\\\\/25 \\\",\\\"value\\\":2.75},{\\\"date\\\":\\\"03\\\\\\\/10\\\\\\\/25 \\\",\\\"value\\\":1.42},{\\\"date\\\":\\\"06\\\\\\\/10\\\\\\\/25 \\\",\\\"value\\\":0.91},{\\\"date\\\":\\\"07\\\\\\\/10\\\\\\\/25 \\\",\\\"value\\\":0.71},{\\\"date\\\":\\\"08\\\\\\\/10\\\\\\\/25 \\\",\\\"value\\\":0.67},{\\\"date\\\":\\\"09\\\\\\\/10\\\\\\\/25 \\\",\\\"value\\\":0.88}]\";\n  let isPositive_e4e7ddb53bbee757a6653c8cbf79af35 = \"\";\n\n  let color_e4e7ddb53bbee757a6653c8cbf79af35 = isPositive_e4e7ddb53bbee757a6653c8cbf79af35 ? '#3AB53A' : '#D92C2D';\n\n  let data_e4e7ddb53bbee757a6653c8cbf79af35 = JSON.parse(data_json_e4e7ddb53bbee757a6653c8cbf79af35);\n\n  const result_e4e7ddb53bbee757a6653c8cbf79af35 = {\n    date: [],\n    value: [],\n  };\n\n  data_e4e7ddb53bbee757a6653c8cbf79af35.forEach((item) => {\n    result_e4e7ddb53bbee757a6653c8cbf79af35.date.push(item.date);\n    result_e4e7ddb53bbee757a6653c8cbf79af35.value.push(Number(item.value));\n  });\n\n  let option_e4e7ddb53bbee757a6653c8cbf79af35 = {\n    \/\/ variavel de cor global\n    color: [color_e4e7ddb53bbee757a6653c8cbf79af35],\n    title: {\n      text: '',\n    },\n    tooltip: {\n      trigger: 'axis',\n      axisPointer: {\n        type: 'cross',\n        label: {\n          \/\/ cor dos valores em X e Y\n          backgroundColor: color_e4e7ddb53bbee757a6653c8cbf79af35,\n          formatter: (value) => {\n            if (typeof value.value === 'number') {\n              return Number(value.value).toLocaleString('pt-br', {\n                style: 'currency',\n                currency: 'BRL'\n              });\n            }\n            return value.value;\n          },\n        },\n      },\n      valueFormatter: (value) => Number(value).toLocaleString('pt-br', {\n        style: 'currency',\n        currency: 'BRL'\n      }),\n    },\n    legend: {\n      \/\/ data: ['Valor de Fechamento'],\n      show: false,\n    },\n    toolbox: {\n      feature: {\n        saveAsImage: {\n          show: false,\n        },\n      },\n    },\n    grid: {\n      left: '0px',\n      right: '0px',\n      bottom: '0px',\n      containLabel: true,\n    },\n    xAxis: [{\n      type: 'category',\n      data: result_e4e7ddb53bbee757a6653c8cbf79af35.date,\n      boundaryGap: true,\n    }],\n    yAxis: [{\n      type: 'value',\n      min: Math.min(...result_e4e7ddb53bbee757a6653c8cbf79af35.value),\n      max: Math.max(...result_e4e7ddb53bbee757a6653c8cbf79af35.value),\n      axisLabel: {\n        formatter: (value) => value.toLocaleString('pt-br', {\n          style: 'currency',\n          currency: 'BRL'\n        }),\n      },\n    }],\n    series: [{\n      name: 'Valor de Fechamento',\n      type: 'line',\n      stack: 'Total',\n      \/\/ cor do grafico\n      areaStyle: {},\n      emphasis: {\n        focus: 'series',\n      },\n      data: result_e4e7ddb53bbee757a6653c8cbf79af35.value,\n      \/\/ cor da linha\n      lineStyle: {\n        color: color_e4e7ddb53bbee757a6653c8cbf79af35,\n      },\n    }, ],\n  };\n\n\twindow.chart_e4e7ddb53bbee757a6653c8cbf79af35 = {\n\t\tel: chart_e4e7ddb53bbee757a6653c8cbf79af35,\n\t\toption: option_e4e7ddb53bbee757a6653c8cbf79af35\t};\n\n\n<\/script>\n\n\n\n<p>Nesta quinta-feira, os pap\u00e9is da <strong>Ambipar (AMBP3) <\/strong>est\u00e3o operando em forte alta, com ganhos de mais de 17%. <\/p>\n\n\n\t<p>\n\t\t<a href=\"https:\/\/lp.suno.com.br\/planilha-da-vida-financeira\/\" target=\"_blank\" data-element=\"shortcode-suno-banner\" title=\"Banner SUNO, clique e saiba mais\">\n\t\t\t<picture>\n\t\t\t\t<source media=\"(max-width: 500px)\" srcset=\"https:\/\/files.sunoresearch.com.br\/n\/uploads\/2023\/04\/400x300-Planilha-vida-financeira-true.png\">\n\t\t\t\t<img class=\"newsContent__article__imgCapa newsContent__article__imgCapa--banner\"\n\t\t\t\t\tsrc=\"https:\/\/files.sunoresearch.com.br\/n\/uploads\/2023\/04\/1420x240-Planilha-vida-financeira-true.png\"\n\t\t\t\t\tdata-promo-id=\"383123\"\t\t\t\t\t\t\t\t\t\twidth='1420' height='240'\t\t\t\t\talt=\"https:\/\/files.sunoresearch.com.br\/n\/uploads\/2023\/04\/1420x240-Planilha-vida-financeira-true.png\"\n\t\t\t\t>\n\t\t\t<\/picture>\n\t\t<\/a>\n\t<\/p>\n\n\n","protected":false},"excerpt":{"rendered":"<p>A B3 comunicou nesta quinta-feira (9) que a Ambipar (AMBP3) ser\u00e1 exclu\u00edda dos nove \u00edndices dos quais faz parte e n\u00e3o ter\u00e1 renovada a designa\u00e7\u00e3o de a\u00e7\u00f5es verdes. Ambipar (AMBP3). Cr\u00e9ditos: Ambipar\/divulga\u00e7\u00e3o A decis\u00e3o ocorre em meio \u00e0 crise da Ambipar, marcada por preocupa\u00e7\u00f5es com liquidez e governan\u00e7a, que fizeram as a\u00e7\u00f5es da companhia despencarem [&hellip;]<\/p>\n","protected":false},"author":404,"featured_media":242401,"comment_status":"closed","ping_status":"closed","sticky":false,"template":"","format":"standard","meta":[],"categories":[64],"tags":[66864],"suno_strategy":[],"class_list":["post-628176","post","type-post","status-publish","format-standard","has-post-thumbnail","hentry","category-negocios","tag-ambipar-ambp3"],"yoast_head":"<!-- This site is optimized with the Yoast SEO plugin v24.4 - https:\/\/yoast.com\/wordpress\/plugins\/seo\/ -->\n<title>Ambipar (AMBP3) \u00e9 exclu\u00edda dos nove \u00edndices da B3; entenda<\/title>\n<meta name=\"description\" content=\"A B3 anunciou a exclus\u00e3o da Ambipar (AMBP3) de nove \u00edndices e o fim da certifica\u00e7\u00e3o de a\u00e7\u00f5es verdes. Leia mais.\" \/>\n<meta name=\"robots\" content=\"index, follow, max-snippet:-1, max-image-preview:large, max-video-preview:-1\" \/>\n<link rel=\"canonical\" href=\"https:\/\/www.suno.com.br\/noticias\/ambipar-ambp3-excluida-indices-b3-crise-certificacao-verde-go\/\" \/>\n<meta property=\"og:locale\" content=\"pt_BR\" \/>\n<meta property=\"og:type\" content=\"article\" \/>\n<meta property=\"og:title\" content=\"Ambipar (AMBP3) \u00e9 exclu\u00edda dos nove \u00edndices da B3; entenda\" \/>\n<meta property=\"og:description\" content=\"A B3 anunciou a exclus\u00e3o da Ambipar (AMBP3) de nove \u00edndices e o fim da certifica\u00e7\u00e3o de a\u00e7\u00f5es verdes. Leia mais.\" \/>\n<meta property=\"og:url\" content=\"https:\/\/www.suno.com.br\/noticias\/ambipar-ambp3-excluida-indices-b3-crise-certificacao-verde-go\/\" \/>\n<meta property=\"og:site_name\" content=\"Suno Not\u00edcias\" \/>\n<meta property=\"article:publisher\" content=\"https:\/\/facebook.com\/sunoresearch\" \/>\n<meta property=\"og:image\" content=\"https:\/\/files.sunoresearch.com.br\/n\/uploads\/2022\/03\/Ambipar.jpg\" \/>\n\t<meta property=\"og:image:width\" content=\"1935\" \/>\n\t<meta property=\"og:image:height\" content=\"1290\" \/>\n\t<meta property=\"og:image:type\" content=\"image\/jpeg\" \/>\n<meta name=\"author\" content=\"Giovanna Oliveira\" \/>\n<meta name=\"twitter:card\" content=\"summary_large_image\" \/>\n<meta name=\"twitter:creator\" content=\"@sunoresearch\" \/>\n<meta name=\"twitter:site\" content=\"@sunoresearch\" \/>\n<meta name=\"twitter:label1\" content=\"Escrito por\" \/>\n\t<meta name=\"twitter:data1\" content=\"Giovanna Oliveira\" \/>\n\t<meta name=\"twitter:label2\" content=\"Est. tempo de leitura\" \/>\n\t<meta name=\"twitter:data2\" content=\"3 minutos\" \/>\n<script type=\"application\/ld+json\" class=\"yoast-schema-graph\">{\"@context\":\"https:\/\/schema.org\",\"@graph\":[{\"@type\":\"NewsArticle\",\"@id\":\"https:\/\/www.suno.com.br\/noticias\/ambipar-ambp3-excluida-indices-b3-crise-certificacao-verde-go\/#article\",\"isPartOf\":{\"@id\":\"https:\/\/www.suno.com.br\/noticias\/ambipar-ambp3-excluida-indices-b3-crise-certificacao-verde-go\/\"},\"author\":{\"name\":\"Giovanna Oliveira\",\"@id\":\"https:\/\/www.suno.com.br\/noticias\/#\/schema\/person\/506bb13f624e6983050ae5bf648c7a54\"},\"headline\":\"Ambipar (AMBP3) \u00e9 exclu\u00edda dos \u00edndices da B3 e perder\u00e1 certifica\u00e7\u00f5es verdes; entenda por que\",\"datePublished\":\"2025-10-09T18:01:00+00:00\",\"dateModified\":\"2025-10-10T12:00:27+00:00\",\"mainEntityOfPage\":{\"@id\":\"https:\/\/www.suno.com.br\/noticias\/ambipar-ambp3-excluida-indices-b3-crise-certificacao-verde-go\/\"},\"wordCount\":422,\"publisher\":{\"@id\":\"https:\/\/www.suno.com.br\/noticias\/#organization\"},\"image\":{\"@id\":\"https:\/\/www.suno.com.br\/noticias\/ambipar-ambp3-excluida-indices-b3-crise-certificacao-verde-go\/#primaryimage\"},\"thumbnailUrl\":\"https:\/\/files.sunoresearch.com.br\/n\/uploads\/2022\/03\/Ambipar.jpg\",\"keywords\":[\"Ambipar (AMBP3)\"],\"articleSection\":[\"Neg\u00f3cios\"],\"inLanguage\":\"pt-BR\"},{\"@type\":\"WebPage\",\"@id\":\"https:\/\/www.suno.com.br\/noticias\/ambipar-ambp3-excluida-indices-b3-crise-certificacao-verde-go\/\",\"url\":\"https:\/\/www.suno.com.br\/noticias\/ambipar-ambp3-excluida-indices-b3-crise-certificacao-verde-go\/\",\"name\":\"Ambipar (AMBP3) \u00e9 exclu\u00edda dos nove \u00edndices da B3; entenda\",\"isPartOf\":{\"@id\":\"https:\/\/www.suno.com.br\/noticias\/#website\"},\"primaryImageOfPage\":{\"@id\":\"https:\/\/www.suno.com.br\/noticias\/ambipar-ambp3-excluida-indices-b3-crise-certificacao-verde-go\/#primaryimage\"},\"image\":{\"@id\":\"https:\/\/www.suno.com.br\/noticias\/ambipar-ambp3-excluida-indices-b3-crise-certificacao-verde-go\/#primaryimage\"},\"thumbnailUrl\":\"https:\/\/files.sunoresearch.com.br\/n\/uploads\/2022\/03\/Ambipar.jpg\",\"datePublished\":\"2025-10-09T18:01:00+00:00\",\"dateModified\":\"2025-10-10T12:00:27+00:00\",\"description\":\"A B3 anunciou a exclus\u00e3o da Ambipar (AMBP3) de nove \u00edndices e o fim da certifica\u00e7\u00e3o de a\u00e7\u00f5es verdes. Leia mais.\",\"breadcrumb\":{\"@id\":\"https:\/\/www.suno.com.br\/noticias\/ambipar-ambp3-excluida-indices-b3-crise-certificacao-verde-go\/#breadcrumb\"},\"inLanguage\":\"pt-BR\",\"potentialAction\":[{\"@type\":\"ReadAction\",\"target\":[\"https:\/\/www.suno.com.br\/noticias\/ambipar-ambp3-excluida-indices-b3-crise-certificacao-verde-go\/\"]}]},{\"@type\":\"ImageObject\",\"inLanguage\":\"pt-BR\",\"@id\":\"https:\/\/www.suno.com.br\/noticias\/ambipar-ambp3-excluida-indices-b3-crise-certificacao-verde-go\/#primaryimage\",\"url\":\"https:\/\/files.sunoresearch.com.br\/n\/uploads\/2022\/03\/Ambipar.jpg\",\"contentUrl\":\"https:\/\/files.sunoresearch.com.br\/n\/uploads\/2022\/03\/Ambipar.jpg\",\"width\":1935,\"height\":1290,\"caption\":\"Ambipar (AMBP3). Cr\u00e9ditos: Ambipar\/divulga\u00e7\u00e3o\"},{\"@type\":\"BreadcrumbList\",\"@id\":\"https:\/\/www.suno.com.br\/noticias\/ambipar-ambp3-excluida-indices-b3-crise-certificacao-verde-go\/#breadcrumb\",\"itemListElement\":[{\"@type\":\"ListItem\",\"position\":1,\"name\":\"Not\u00edcias\",\"item\":\"https:\/\/www.suno.com.br\/noticias\/\"},{\"@type\":\"ListItem\",\"position\":2,\"name\":\"Neg\u00f3cios\",\"item\":\"https:\/\/www.suno.com.br\/noticias\/negocios\/\"},{\"@type\":\"ListItem\",\"position\":3,\"name\":\"Ambipar (AMBP3) \u00e9 exclu\u00edda dos \u00edndices da B3 e perder\u00e1 certifica\u00e7\u00f5es verdes; entenda por que\"}]},{\"@type\":\"WebSite\",\"@id\":\"https:\/\/www.suno.com.br\/noticias\/#website\",\"url\":\"https:\/\/www.suno.com.br\/noticias\/\",\"name\":\"Suno Not\u00edcias\",\"description\":\"Seu portal de informa\u00e7\u00e3o sobre o mundo dos investimentos\",\"publisher\":{\"@id\":\"https:\/\/www.suno.com.br\/noticias\/#organization\"},\"potentialAction\":[{\"@type\":\"SearchAction\",\"target\":{\"@type\":\"EntryPoint\",\"urlTemplate\":\"https:\/\/www.suno.com.br\/noticias\/?s={search_term_string}\"},\"query-input\":{\"@type\":\"PropertyValueSpecification\",\"valueRequired\":true,\"valueName\":\"search_term_string\"}}],\"inLanguage\":\"pt-BR\"},{\"@type\":\"Organization\",\"@id\":\"https:\/\/www.suno.com.br\/noticias\/#organization\",\"name\":\"Suno Not\u00edcias\",\"url\":\"https:\/\/www.suno.com.br\/noticias\/\",\"logo\":{\"@type\":\"ImageObject\",\"inLanguage\":\"pt-BR\",\"@id\":\"https:\/\/www.suno.com.br\/noticias\/#\/schema\/logo\/image\/\",\"url\":\"https:\/\/files.sunoresearch.com.br\/n\/uploads\/2021\/09\/suno-logo.png\",\"contentUrl\":\"https:\/\/files.sunoresearch.com.br\/n\/uploads\/2021\/09\/suno-logo.png\",\"width\":180,\"height\":180,\"caption\":\"Suno Not\u00edcias\"},\"image\":{\"@id\":\"https:\/\/www.suno.com.br\/noticias\/#\/schema\/logo\/image\/\"},\"sameAs\":[\"https:\/\/facebook.com\/sunoresearch\",\"https:\/\/x.com\/sunoresearch\",\"https:\/\/www.instagram.com\/suno\",\"https:\/\/www.linkedin.com\/company\/suno-research\/\",\"https:\/\/www.youtube.com\/c\/sunoresearch\"]},{\"@type\":\"Person\",\"@id\":\"https:\/\/www.suno.com.br\/noticias\/#\/schema\/person\/506bb13f624e6983050ae5bf648c7a54\",\"name\":\"Giovanna Oliveira\",\"image\":{\"@type\":\"ImageObject\",\"inLanguage\":\"pt-BR\",\"@id\":\"https:\/\/www.suno.com.br\/noticias\/#\/schema\/person\/image\/\",\"url\":\"https:\/\/secure.gravatar.com\/avatar\/8d180e5cea232a9bb3af521589b133fa?s=96&r=g\",\"contentUrl\":\"https:\/\/secure.gravatar.com\/avatar\/8d180e5cea232a9bb3af521589b133fa?s=96&r=g\",\"caption\":\"Giovanna Oliveira\"},\"description\":\"Jornalista com mais de sete anos de experi\u00eancia na cobertura de finan\u00e7as e economia. P\u00f3s-graduada em Neg\u00f3cios e Inova\u00e7\u00e3o (ESPM-SP) e mestranda em Finan\u00e7as (UADE Business School\u2013Buenos Aires).\",\"url\":\"https:\/\/www.suno.com.br\/noticias\/author\/giovannalmd-oliveiragmail-com\/\"}]}<\/script>\n<!-- \/ Yoast SEO plugin. -->","yoast_head_json":{"title":"Ambipar (AMBP3) \u00e9 exclu\u00edda dos nove \u00edndices da B3; entenda","description":"A B3 anunciou a exclus\u00e3o da Ambipar (AMBP3) de nove \u00edndices e o fim da certifica\u00e7\u00e3o de a\u00e7\u00f5es verdes. Leia mais.","robots":{"index":"index","follow":"follow","max-snippet":"max-snippet:-1","max-image-preview":"max-image-preview:large","max-video-preview":"max-video-preview:-1"},"canonical":"https:\/\/www.suno.com.br\/noticias\/ambipar-ambp3-excluida-indices-b3-crise-certificacao-verde-go\/","og_locale":"pt_BR","og_type":"article","og_title":"Ambipar (AMBP3) \u00e9 exclu\u00edda dos nove \u00edndices da B3; entenda","og_description":"A B3 anunciou a exclus\u00e3o da Ambipar (AMBP3) de nove \u00edndices e o fim da certifica\u00e7\u00e3o de a\u00e7\u00f5es verdes. Leia mais.","og_url":"https:\/\/www.suno.com.br\/noticias\/ambipar-ambp3-excluida-indices-b3-crise-certificacao-verde-go\/","og_site_name":"Suno Not\u00edcias","article_publisher":"https:\/\/facebook.com\/sunoresearch","og_image":[{"width":1935,"height":1290,"url":"https:\/\/files.sunoresearch.com.br\/n\/uploads\/2022\/03\/Ambipar.jpg","type":"image\/jpeg"}],"author":"Giovanna Oliveira","twitter_card":"summary_large_image","twitter_creator":"@sunoresearch","twitter_site":"@sunoresearch","twitter_misc":{"Escrito por":"Giovanna Oliveira","Est. tempo de leitura":"3 minutos"},"schema":{"@context":"https:\/\/schema.org","@graph":[{"@type":"NewsArticle","@id":"https:\/\/www.suno.com.br\/noticias\/ambipar-ambp3-excluida-indices-b3-crise-certificacao-verde-go\/#article","isPartOf":{"@id":"https:\/\/www.suno.com.br\/noticias\/ambipar-ambp3-excluida-indices-b3-crise-certificacao-verde-go\/"},"author":{"name":"Giovanna Oliveira","@id":"https:\/\/www.suno.com.br\/noticias\/#\/schema\/person\/506bb13f624e6983050ae5bf648c7a54"},"headline":"Ambipar (AMBP3) \u00e9 exclu\u00edda dos \u00edndices da B3 e perder\u00e1 certifica\u00e7\u00f5es verdes; entenda por que","datePublished":"2025-10-09T18:01:00+00:00","dateModified":"2025-10-10T12:00:27+00:00","mainEntityOfPage":{"@id":"https:\/\/www.suno.com.br\/noticias\/ambipar-ambp3-excluida-indices-b3-crise-certificacao-verde-go\/"},"wordCount":422,"publisher":{"@id":"https:\/\/www.suno.com.br\/noticias\/#organization"},"image":{"@id":"https:\/\/www.suno.com.br\/noticias\/ambipar-ambp3-excluida-indices-b3-crise-certificacao-verde-go\/#primaryimage"},"thumbnailUrl":"https:\/\/files.sunoresearch.com.br\/n\/uploads\/2022\/03\/Ambipar.jpg","keywords":["Ambipar (AMBP3)"],"articleSection":["Neg\u00f3cios"],"inLanguage":"pt-BR"},{"@type":"WebPage","@id":"https:\/\/www.suno.com.br\/noticias\/ambipar-ambp3-excluida-indices-b3-crise-certificacao-verde-go\/","url":"https:\/\/www.suno.com.br\/noticias\/ambipar-ambp3-excluida-indices-b3-crise-certificacao-verde-go\/","name":"Ambipar (AMBP3) \u00e9 exclu\u00edda dos nove \u00edndices da B3; entenda","isPartOf":{"@id":"https:\/\/www.suno.com.br\/noticias\/#website"},"primaryImageOfPage":{"@id":"https:\/\/www.suno.com.br\/noticias\/ambipar-ambp3-excluida-indices-b3-crise-certificacao-verde-go\/#primaryimage"},"image":{"@id":"https:\/\/www.suno.com.br\/noticias\/ambipar-ambp3-excluida-indices-b3-crise-certificacao-verde-go\/#primaryimage"},"thumbnailUrl":"https:\/\/files.sunoresearch.com.br\/n\/uploads\/2022\/03\/Ambipar.jpg","datePublished":"2025-10-09T18:01:00+00:00","dateModified":"2025-10-10T12:00:27+00:00","description":"A B3 anunciou a exclus\u00e3o da Ambipar (AMBP3) de nove \u00edndices e o fim da certifica\u00e7\u00e3o de a\u00e7\u00f5es verdes. Leia mais.","breadcrumb":{"@id":"https:\/\/www.suno.com.br\/noticias\/ambipar-ambp3-excluida-indices-b3-crise-certificacao-verde-go\/#breadcrumb"},"inLanguage":"pt-BR","potentialAction":[{"@type":"ReadAction","target":["https:\/\/www.suno.com.br\/noticias\/ambipar-ambp3-excluida-indices-b3-crise-certificacao-verde-go\/"]}]},{"@type":"ImageObject","inLanguage":"pt-BR","@id":"https:\/\/www.suno.com.br\/noticias\/ambipar-ambp3-excluida-indices-b3-crise-certificacao-verde-go\/#primaryimage","url":"https:\/\/files.sunoresearch.com.br\/n\/uploads\/2022\/03\/Ambipar.jpg","contentUrl":"https:\/\/files.sunoresearch.com.br\/n\/uploads\/2022\/03\/Ambipar.jpg","width":1935,"height":1290,"caption":"Ambipar (AMBP3). Cr\u00e9ditos: Ambipar\/divulga\u00e7\u00e3o"},{"@type":"BreadcrumbList","@id":"https:\/\/www.suno.com.br\/noticias\/ambipar-ambp3-excluida-indices-b3-crise-certificacao-verde-go\/#breadcrumb","itemListElement":[{"@type":"ListItem","position":1,"name":"Not\u00edcias","item":"https:\/\/www.suno.com.br\/noticias\/"},{"@type":"ListItem","position":2,"name":"Neg\u00f3cios","item":"https:\/\/www.suno.com.br\/noticias\/negocios\/"},{"@type":"ListItem","position":3,"name":"Ambipar (AMBP3) \u00e9 exclu\u00edda dos \u00edndices da B3 e perder\u00e1 certifica\u00e7\u00f5es verdes; entenda por que"}]},{"@type":"WebSite","@id":"https:\/\/www.suno.com.br\/noticias\/#website","url":"https:\/\/www.suno.com.br\/noticias\/","name":"Suno Not\u00edcias","description":"Seu portal de informa\u00e7\u00e3o sobre o mundo dos investimentos","publisher":{"@id":"https:\/\/www.suno.com.br\/noticias\/#organization"},"potentialAction":[{"@type":"SearchAction","target":{"@type":"EntryPoint","urlTemplate":"https:\/\/www.suno.com.br\/noticias\/?s={search_term_string}"},"query-input":{"@type":"PropertyValueSpecification","valueRequired":true,"valueName":"search_term_string"}}],"inLanguage":"pt-BR"},{"@type":"Organization","@id":"https:\/\/www.suno.com.br\/noticias\/#organization","name":"Suno Not\u00edcias","url":"https:\/\/www.suno.com.br\/noticias\/","logo":{"@type":"ImageObject","inLanguage":"pt-BR","@id":"https:\/\/www.suno.com.br\/noticias\/#\/schema\/logo\/image\/","url":"https:\/\/files.sunoresearch.com.br\/n\/uploads\/2021\/09\/suno-logo.png","contentUrl":"https:\/\/files.sunoresearch.com.br\/n\/uploads\/2021\/09\/suno-logo.png","width":180,"height":180,"caption":"Suno Not\u00edcias"},"image":{"@id":"https:\/\/www.suno.com.br\/noticias\/#\/schema\/logo\/image\/"},"sameAs":["https:\/\/facebook.com\/sunoresearch","https:\/\/x.com\/sunoresearch","https:\/\/www.instagram.com\/suno","https:\/\/www.linkedin.com\/company\/suno-research\/","https:\/\/www.youtube.com\/c\/sunoresearch"]},{"@type":"Person","@id":"https:\/\/www.suno.com.br\/noticias\/#\/schema\/person\/506bb13f624e6983050ae5bf648c7a54","name":"Giovanna Oliveira","image":{"@type":"ImageObject","inLanguage":"pt-BR","@id":"https:\/\/www.suno.com.br\/noticias\/#\/schema\/person\/image\/","url":"https:\/\/secure.gravatar.com\/avatar\/8d180e5cea232a9bb3af521589b133fa?s=96&r=g","contentUrl":"https:\/\/secure.gravatar.com\/avatar\/8d180e5cea232a9bb3af521589b133fa?s=96&r=g","caption":"Giovanna Oliveira"},"description":"Jornalista com mais de sete anos de experi\u00eancia na cobertura de finan\u00e7as e economia. P\u00f3s-graduada em Neg\u00f3cios e Inova\u00e7\u00e3o (ESPM-SP) e mestranda em Finan\u00e7as (UADE Business School\u2013Buenos Aires).","url":"https:\/\/www.suno.com.br\/noticias\/author\/giovannalmd-oliveiragmail-com\/"}]}},"default_loop_html":"<div class=\"cardsPage__listCard__boxs\"><div class=\"cardsPage__listCard__boxs__img\"><a href=\"https:\/\/www.suno.com.br\/noticias\/ambipar-ambp3-excluida-indices-b3-crise-certificacao-verde-go\/\"><img class=\"mask\" src=\"https:\/\/www.suno.com.br\/noticias\/wp-content\/themes\/suno\/resources\/images\/spotlight\/spotlight1img\/bg-mask.png\" alt=\"Image Mask\"\/><img src=\"https:\/\/files.sunoresearch.com.br\/n\/uploads\/2022\/03\/Ambipar-400x200.jpg\" alt=\"Ambipar (AMBP3) \u00e9 exclu\u00edda dos \u00edndices da B3 e perder\u00e1 certifica\u00e7\u00f5es verdes; entenda por que\"\/><\/a><span class=\"spotlightCategory\"><a href=\"https:\/\/www.suno.com.br\/noticias\/negocios\/\">Neg\u00f3cios<\/a><\/span><\/div><div class=\"cardsPage__listCard__boxs__content\"><a href=\"https:\/\/www.suno.com.br\/noticias\/ambipar-ambp3-excluida-indices-b3-crise-certificacao-verde-go\/\"><h2 class=\"content__title\">Ambipar (AMBP3) \u00e9 exclu\u00edda dos \u00edndices da B3 e perder\u00e1 certifica\u00e7\u00f5es verdes; entenda por que<\/h2><\/a><div class=\"newsContent__article__meta\"><div class=\"newsContent__article__meta__authorBox\"><a href=\"https:\/\/www.suno.com.br\/noticias\/author\/giovannalmd-oliveiragmail-com\/\" class=\"authorBox__avatar noMobi\"><img src=\"https:\/\/secure.gravatar.com\/avatar\/8d180e5cea232a9bb3af521589b133fa?s=96&#038;r=g\" alt=\"Giovanna Oliveira\"><\/a><div class=\"authorBox__name\"><span>por\n\t\t\t<a href=\"https:\/\/www.suno.com.br\/noticias\/author\/giovannalmd-oliveiragmail-com\/\"><span itemprop=\"author\">Giovanna Oliveira<\/span><\/a><\/span><time datetime=\"2025-10-09T15:01:00-03:00\" itemprop=\"datePublished\">09\/10\/2025 15:01<\/time><\/div><\/div><\/div><\/div><\/div>","single_layout":"posts","amp_enabled":true,"_links":{"self":[{"href":"https:\/\/www.suno.com.br\/noticias\/wp-json\/wp\/v2\/posts\/628176"}],"collection":[{"href":"https:\/\/www.suno.com.br\/noticias\/wp-json\/wp\/v2\/posts"}],"about":[{"href":"https:\/\/www.suno.com.br\/noticias\/wp-json\/wp\/v2\/types\/post"}],"author":[{"embeddable":true,"href":"https:\/\/www.suno.com.br\/noticias\/wp-json\/wp\/v2\/users\/404"}],"replies":[{"embeddable":true,"href":"https:\/\/www.suno.com.br\/noticias\/wp-json\/wp\/v2\/comments?post=628176"}],"version-history":[{"count":3,"href":"https:\/\/www.suno.com.br\/noticias\/wp-json\/wp\/v2\/posts\/628176\/revisions"}],"predecessor-version":[{"id":628279,"href":"https:\/\/www.suno.com.br\/noticias\/wp-json\/wp\/v2\/posts\/628176\/revisions\/628279"}],"wp:featuredmedia":[{"embeddable":true,"href":"https:\/\/www.suno.com.br\/noticias\/wp-json\/wp\/v2\/media\/242401"}],"wp:attachment":[{"href":"https:\/\/www.suno.com.br\/noticias\/wp-json\/wp\/v2\/media?parent=628176"}],"wp:term":[{"taxonomy":"category","embeddable":true,"href":"https:\/\/www.suno.com.br\/noticias\/wp-json\/wp\/v2\/categories?post=628176"},{"taxonomy":"post_tag","embeddable":true,"href":"https:\/\/www.suno.com.br\/noticias\/wp-json\/wp\/v2\/tags?post=628176"},{"taxonomy":"suno_strategy","embeddable":true,"href":"https:\/\/www.suno.com.br\/noticias\/wp-json\/wp\/v2\/suno_strategy?post=628176"}],"curies":[{"name":"wp","href":"https:\/\/api.w.org\/{rel}","templated":true}]}}