{"id":628017,"date":"2025-10-10T09:42:36","date_gmt":"2025-10-10T12:42:36","guid":{"rendered":"https:\/\/www.suno.com.br\/noticias\/?p=628017"},"modified":"2025-10-17T08:43:26","modified_gmt":"2025-10-17T11:43:26","slug":"dividendos-taxacao-pl-1087-25-como-se-preparar-go","status":"publish","type":"post","link":"https:\/\/www.suno.com.br\/noticias\/dividendos-taxacao-pl-1087-25-como-se-preparar-go\/","title":{"rendered":"Dividendos taxados em 2026? Veja impactos e saiba como proteger o portf\u00f3lio"},"content":{"rendered":"<p>O avan\u00e7o do PL 1087\/25, que amplia a faixa de isen\u00e7\u00e3o do Imposto de Renda, tem gerado preocupa\u00e7\u00e3o entre investidores que focam em <strong>dividendos<\/strong>. A proposta aprovada pela C\u00e2mara dos Deputados cria uma tributa\u00e7\u00e3o sobre lucros distribu\u00eddos por empresas, medida que pode reduzir o rendimento l\u00edquido de alguns investidores e alterar a atratividade das a\u00e7\u00f5es frente a outros ativos.<\/p>\t<div class=\"wrapper-featured-image\">\n\t\t<figure class=\"spotlightImg\">\n\n\t\t\t<picture>\n\t\t\t\t<source media=\"(max-width: 768px)\" srcset=\"https:\/\/files.sunoresearch.com.br\/n\/uploads\/2024\/08\/iStock-2158681124-400x200.jpg\">\n\t\t\t\t<img loading=\"lazy\" decoding=\"async\" class=\"newsContent__article__imgCapa lazyloadDisabled \" src=\"https:\/\/files.sunoresearch.com.br\/n\/uploads\/2024\/08\/iStock-2158681124-800x450.jpg\" width=\"800\" height=\"450\" alt=\"Dividendos taxados em 2026? Veja impactos e saiba como proteger o portf\u00f3lio\" fetchpriority=high \/>\n\t\t\t<\/picture>\n\n\t\t\t<figcaption class=\"wp-caption-text wp-caption-text--show\">Dividendos. Foto: iStock<\/figcaption>\n\t\t<\/figure>\n\t<\/div>\n\n\n\n\n\n\n<p>Atualmente, os <strong>dividendos<\/strong> recebidos por pessoas f\u00edsicas s\u00e3o isentos de Imposto de Renda. Com a aprova\u00e7\u00e3o do projeto, essa situa\u00e7\u00e3o muda para quem recebe acima de R$ 50 mil mensais de uma mesma empresa, quando passa a incidir uma al\u00edquota de 10%. A medida ainda precisa ser aprovada pelo Senado e, depois, sancionada pelo presidente, mas j\u00e1 movimenta o mercado.<\/p>\n\n\n\n<p>A discuss\u00e3o envolve tamb\u00e9m outras mudan\u00e7as na reforma tribut\u00e1ria, como a amplia\u00e7\u00e3o da faixa de isen\u00e7\u00e3o do IR para quem recebe at\u00e9 R$ 5 mil por m\u00eas, beneficiando cerca de 16 milh\u00f5es de brasileiros a partir de 2026. Paralelamente, o projeto mant\u00e9m um imposto m\u00ednimo de 10% sobre rendimentos elevados e medidas para compensar a perda de arrecada\u00e7\u00e3o estimada em R$ 25,8 bilh\u00f5es j\u00e1 no primeiro ano.<\/p>\n\n\n\n<h2 class=\"wp-block-heading\">Entenda o PL 1087\/25<\/h2>\n\n\n\n<p>O <strong>PL 1087\/25<\/strong> estabelece regras espec\u00edficas para a tributa\u00e7\u00e3o de dividendos e outros rendimentos de alto valor. O objetivo \u00e9 aumentar a arrecada\u00e7\u00e3o sem afetar significativamente os investidores de menor renda.<\/p>\n\n\n\n<p>&#8220;Com a aprova\u00e7\u00e3o do PL ser\u00e3o tributados em 10% os lucros e dividendos que somados no m\u00eas fiquem acima de 50 mil, e esse limite se aplica aos valores distribu\u00eddos por uma mesma empresa\u201d, explica Lucas Castilho, consultor da Suno Consultoria.<\/p>\n\n\n\n<p>Isso significa que investidores que recebem dividendos menores que o teto mensal continuam isentos, enquanto aqueles com rendimentos elevados ter\u00e3o reten\u00e7\u00e3o na fonte, que pode ser deduzida do c\u00e1lculo do imposto anual. Em outras palavras, o imposto pago no momento do recebimento funciona como um adiantamento, podendo ser ajustado na declara\u00e7\u00e3o de IR, dependendo do total de rendimentos do ano.<\/p>\n\n\n\n<p>A proposta ainda visa manter o equil\u00edbrio fiscal. O imposto sobre dividendos n\u00e3o afetar\u00e1 todos os investidores, mas sim aqueles com renda mais elevada, permitindo que o governo aumente a arrecada\u00e7\u00e3o sem alterar a atratividade do mercado de a\u00e7\u00f5es para a maioria.<\/p>\n\n\n\n\t<p>\n\t\t<a href=\"https:\/\/lp.suno.com.br\/ao\/sessao-estrategica-consultoria-c\/?utm_source=suno-noticias&#038;utm_medium=banner&#038;utm_campaing=dividendos-taxacao-pl\" target=\"_blank\" data-element=\"shortcode-suno-banner\" title=\"Banner SUNO, clique e saiba mais\">\n\t\t\t<picture>\n\t\t\t\t<source media=\"(max-width: 500px)\" srcset=\"https:\/\/files.sunoresearch.com.br\/n\/uploads\/2025\/09\/300x400.webp\">\n\t\t\t\t<img class=\"newsContent__article__imgCapa newsContent__article__imgCapa--banner\"\n\t\t\t\t\tsrc=\"https:\/\/files.sunoresearch.com.br\/n\/uploads\/2025\/09\/SN-DT-1420x240-1.webp\"\n\t\t\t\t\tdata-promo-id=\"628283\"\t\t\t\t\t\t\t\t\t\twidth='1420' height='240'\t\t\t\t\talt=\"https:\/\/files.sunoresearch.com.br\/n\/uploads\/2025\/09\/SN-DT-1420x240-1.webp\"\n\t\t\t\t>\n\t\t\t<\/picture>\n\t\t<\/a>\n\t<\/p>\n\n\n\n\n\n<h2 class=\"wp-block-heading\">Os dividendos ser\u00e3o taxados?<\/h2>\n\n\n\n<p>Para entender o efeito pr\u00e1tico, Castilho desenhou distintos cen\u00e1rios. Se um investidor recebe R$ 100 mil em dividendos de uma \u00fanica empresa, haver\u00e1 reten\u00e7\u00e3o de R$ 10 mil no m\u00eas, reduzindo o rendimento l\u00edquido. \u201cSempre que voc\u00ea receber mais de R$ 50 mil no m\u00eas de uma mesma empresa, o dividendo l\u00edquido cai 10% naquele pagamento (R$ 100 mil viram R$ 90 mil)\u201d, explicou o especialista.<\/p>\n\n\n\n<p>No entanto, se os dividendos forem distribu\u00eddos entre v\u00e1rias empresas, de modo que cada pagamento fique abaixo do teto de R$ 50 mil, n\u00e3o haver\u00e1 reten\u00e7\u00e3o imediata. <\/p>\n\n\n\n<p>Ainda assim, no ajuste anual, a tributa\u00e7\u00e3o poder\u00e1 ser aplicada caso o total de rendimentos ultrapasse os limites da al\u00edquota m\u00ednima de 10%. Isso significa que o efeito final tende a ser equivalente, mas o momento do desembolso do imposto muda, impactando o fluxo de caixa do investidor.<\/p>\n\n\n\n<p>Para quem recebe valores mais modestos, abaixo do teto, a tributa\u00e7\u00e3o n\u00e3o ter\u00e1 efeito. \u201cA depender do tamanho do patrim\u00f4nio, nada muda\u201d, refor\u00e7a Castilho, destacando que a maioria dos investidores individuais n\u00e3o ter\u00e1 altera\u00e7\u00e3o significativa no rendimento l\u00edquido.<\/p>\n\n\n\n<h2 class=\"wp-block-heading\"><strong>FIIs podem ganhar mais atratividade<\/strong><\/h2>\n\n\n\n<p>A expectativa \u00e9 que a taxa\u00e7\u00e3o de <strong>dividendos<\/strong> torne os fundos imobili\u00e1rios (FIIs) mais competitivos. Diferentemente das a\u00e7\u00f5es, os FIIs continuam isentos de IR sobre a distribui\u00e7\u00e3o de rendimentos, podendo se tornar alternativas mais interessantes para investidores que buscam renda passiva.<\/p>\n\n\n\n<p>Castilho explica que, apesar de reduzir a atratividade relativa das a\u00e7\u00f5es para investidores de alto rendimento, a medida n\u00e3o compromete a rentabilidade de longo prazo. \u201cSegue sendo uma \u00f3tima op\u00e7\u00e3o para renda passiva e pode, \u00e9 claro, ser complementada por outras estrat\u00e9gias como FIIs e demais investimentos isentos\u201d, disse.<\/p>\n\n\n\n<p>Para quem planeja manter ou aumentar a exposi\u00e7\u00e3o em a\u00e7\u00f5es, ser\u00e1 importante avaliar o impacto da tributa\u00e7\u00e3o sobre os dividendos no retorno l\u00edquido, comparando-o com outros ativos dispon\u00edveis no mercado.<\/p>\n\n\n\n<p>Em meio a este contexto, Castilho orienta que os investidores mantenham a calma e evitem decis\u00f5es precipitadas, lembrando que a medida s\u00f3 passar\u00e1 a valer em 2026. Ele destaca que contar com uma consultoria financeira pode ser estrat\u00e9gico, ajudando a analisar os impactos, reequilibrar carteiras e combinar a\u00e7\u00f5es, FIIs e outros ativos de forma a manter a gera\u00e7\u00e3o de renda passiva eficiente.<\/p>\n\n\n\n<h2 class=\"wp-block-heading\">Conhe\u00e7a a Suno Consultoria <\/h2>\n\n\n\n<p>Quer estruturar uma&nbsp;<a href=\"https:\/\/www.suno.com.br\/guias\/carteira-de-investimentos\/\" target=\"_blank\" rel=\"noreferrer noopener\">carteira de investimentos<\/a>&nbsp;estrat\u00e9gica e alinhada com seus objetivos, mesmo em meio ao avan\u00e7o da proposta de taxa\u00e7\u00e3o de <strong>dividendos<\/strong>? A&nbsp;<strong>Suno Consultoria<\/strong>&nbsp;pode ajudar nesse e em outros assuntos.&nbsp;<a href=\"https:\/\/lp.suno.com.br\/ao\/servico-especializado-suno-tf\/?utm_source=suno-noticias&amp;utm_medium=pltributacaodividendos\">Clique no link e entre em contato<\/a>.<\/p>\n","protected":false},"excerpt":{"rendered":"<p>O avan\u00e7o do PL 1087\/25, que amplia a faixa de isen\u00e7\u00e3o do Imposto de Renda, tem gerado preocupa\u00e7\u00e3o entre investidores que focam em dividendos. A proposta aprovada pela C\u00e2mara dos Deputados cria uma tributa\u00e7\u00e3o sobre lucros distribu\u00eddos por empresas, medida que pode reduzir o rendimento l\u00edquido de alguns investidores e alterar a atratividade das a\u00e7\u00f5es [&hellip;]<\/p>\n","protected":false},"author":404,"featured_media":568993,"comment_status":"closed","ping_status":"closed","sticky":false,"template":"","format":"standard","meta":[],"categories":[64],"tags":[295,107166],"suno_strategy":[],"class_list":["post-628017","post","type-post","status-publish","format-standard","has-post-thumbnail","hentry","category-negocios","tag-dividendos","tag-suno-consultoria"],"yoast_head":"<!-- This site is optimized with the Yoast SEO plugin v24.4 - https:\/\/yoast.com\/wordpress\/plugins\/seo\/ -->\n<title>Dividendos taxados em 2026? Veja como proteger o portf\u00f3lio<\/title>\n<meta name=\"description\" content=\"O avan\u00e7o do PL 1087\/25, que amplia a faixa de isen\u00e7\u00e3o do IR, tem gerado preocupa\u00e7\u00e3o entre investidores que focam em dividendos. Entenda.\" \/>\n<meta name=\"robots\" content=\"index, follow, max-snippet:-1, max-image-preview:large, max-video-preview:-1\" \/>\n<link rel=\"canonical\" href=\"https:\/\/www.suno.com.br\/noticias\/dividendos-taxacao-pl-1087-25-como-se-preparar-go\/\" \/>\n<meta property=\"og:locale\" content=\"pt_BR\" \/>\n<meta property=\"og:type\" content=\"article\" \/>\n<meta property=\"og:title\" content=\"Dividendos taxados em 2026? Veja como proteger o portf\u00f3lio\" \/>\n<meta property=\"og:description\" content=\"O avan\u00e7o do PL 1087\/25, que amplia a faixa de isen\u00e7\u00e3o do IR, tem gerado preocupa\u00e7\u00e3o entre investidores que focam em dividendos. Entenda.\" \/>\n<meta property=\"og:url\" content=\"https:\/\/www.suno.com.br\/noticias\/dividendos-taxacao-pl-1087-25-como-se-preparar-go\/\" \/>\n<meta property=\"og:site_name\" content=\"Suno Not\u00edcias\" \/>\n<meta property=\"article:publisher\" content=\"https:\/\/facebook.com\/sunoresearch\" \/>\n<meta property=\"og:image\" content=\"https:\/\/files.sunoresearch.com.br\/n\/uploads\/2024\/08\/iStock-2158681124.jpg\" \/>\n\t<meta property=\"og:image:width\" content=\"1254\" \/>\n\t<meta property=\"og:image:height\" content=\"837\" \/>\n\t<meta property=\"og:image:type\" content=\"image\/jpeg\" \/>\n<meta name=\"author\" content=\"Giovanna Oliveira\" \/>\n<meta name=\"twitter:card\" content=\"summary_large_image\" \/>\n<meta name=\"twitter:creator\" content=\"@sunoresearch\" \/>\n<meta name=\"twitter:site\" content=\"@sunoresearch\" \/>\n<meta name=\"twitter:label1\" content=\"Escrito por\" \/>\n\t<meta name=\"twitter:data1\" content=\"Giovanna Oliveira\" \/>\n\t<meta name=\"twitter:label2\" content=\"Est. tempo de leitura\" \/>\n\t<meta name=\"twitter:data2\" content=\"5 minutos\" \/>\n<script type=\"application\/ld+json\" class=\"yoast-schema-graph\">{\"@context\":\"https:\/\/schema.org\",\"@graph\":[{\"@type\":\"NewsArticle\",\"@id\":\"https:\/\/www.suno.com.br\/noticias\/dividendos-taxacao-pl-1087-25-como-se-preparar-go\/#article\",\"isPartOf\":{\"@id\":\"https:\/\/www.suno.com.br\/noticias\/dividendos-taxacao-pl-1087-25-como-se-preparar-go\/\"},\"author\":{\"name\":\"Giovanna Oliveira\",\"@id\":\"https:\/\/www.suno.com.br\/noticias\/#\/schema\/person\/506bb13f624e6983050ae5bf648c7a54\"},\"headline\":\"Dividendos taxados em 2026? Veja impactos e saiba como proteger o portf\u00f3lio\",\"datePublished\":\"2025-10-10T12:42:36+00:00\",\"dateModified\":\"2025-10-17T11:43:26+00:00\",\"mainEntityOfPage\":{\"@id\":\"https:\/\/www.suno.com.br\/noticias\/dividendos-taxacao-pl-1087-25-como-se-preparar-go\/\"},\"wordCount\":857,\"publisher\":{\"@id\":\"https:\/\/www.suno.com.br\/noticias\/#organization\"},\"image\":{\"@id\":\"https:\/\/www.suno.com.br\/noticias\/dividendos-taxacao-pl-1087-25-como-se-preparar-go\/#primaryimage\"},\"thumbnailUrl\":\"https:\/\/files.sunoresearch.com.br\/n\/uploads\/2024\/08\/iStock-2158681124.jpg\",\"keywords\":[\"dividendos\",\"Suno Consultoria\"],\"articleSection\":[\"Neg\u00f3cios\"],\"inLanguage\":\"pt-BR\"},{\"@type\":\"WebPage\",\"@id\":\"https:\/\/www.suno.com.br\/noticias\/dividendos-taxacao-pl-1087-25-como-se-preparar-go\/\",\"url\":\"https:\/\/www.suno.com.br\/noticias\/dividendos-taxacao-pl-1087-25-como-se-preparar-go\/\",\"name\":\"Dividendos taxados em 2026? Veja como proteger o portf\u00f3lio\",\"isPartOf\":{\"@id\":\"https:\/\/www.suno.com.br\/noticias\/#website\"},\"primaryImageOfPage\":{\"@id\":\"https:\/\/www.suno.com.br\/noticias\/dividendos-taxacao-pl-1087-25-como-se-preparar-go\/#primaryimage\"},\"image\":{\"@id\":\"https:\/\/www.suno.com.br\/noticias\/dividendos-taxacao-pl-1087-25-como-se-preparar-go\/#primaryimage\"},\"thumbnailUrl\":\"https:\/\/files.sunoresearch.com.br\/n\/uploads\/2024\/08\/iStock-2158681124.jpg\",\"datePublished\":\"2025-10-10T12:42:36+00:00\",\"dateModified\":\"2025-10-17T11:43:26+00:00\",\"description\":\"O avan\u00e7o do PL 1087\/25, que amplia a faixa de isen\u00e7\u00e3o do IR, tem gerado preocupa\u00e7\u00e3o entre investidores que focam em dividendos. Entenda.\",\"breadcrumb\":{\"@id\":\"https:\/\/www.suno.com.br\/noticias\/dividendos-taxacao-pl-1087-25-como-se-preparar-go\/#breadcrumb\"},\"inLanguage\":\"pt-BR\",\"potentialAction\":[{\"@type\":\"ReadAction\",\"target\":[\"https:\/\/www.suno.com.br\/noticias\/dividendos-taxacao-pl-1087-25-como-se-preparar-go\/\"]}]},{\"@type\":\"ImageObject\",\"inLanguage\":\"pt-BR\",\"@id\":\"https:\/\/www.suno.com.br\/noticias\/dividendos-taxacao-pl-1087-25-como-se-preparar-go\/#primaryimage\",\"url\":\"https:\/\/files.sunoresearch.com.br\/n\/uploads\/2024\/08\/iStock-2158681124.jpg\",\"contentUrl\":\"https:\/\/files.sunoresearch.com.br\/n\/uploads\/2024\/08\/iStock-2158681124.jpg\",\"width\":1254,\"height\":837,\"caption\":\"Dividendos. Foto: iStock\"},{\"@type\":\"BreadcrumbList\",\"@id\":\"https:\/\/www.suno.com.br\/noticias\/dividendos-taxacao-pl-1087-25-como-se-preparar-go\/#breadcrumb\",\"itemListElement\":[{\"@type\":\"ListItem\",\"position\":1,\"name\":\"Not\u00edcias\",\"item\":\"https:\/\/www.suno.com.br\/noticias\/\"},{\"@type\":\"ListItem\",\"position\":2,\"name\":\"Neg\u00f3cios\",\"item\":\"https:\/\/www.suno.com.br\/noticias\/negocios\/\"},{\"@type\":\"ListItem\",\"position\":3,\"name\":\"Dividendos taxados em 2026? Veja impactos e saiba como proteger o portf\u00f3lio\"}]},{\"@type\":\"WebSite\",\"@id\":\"https:\/\/www.suno.com.br\/noticias\/#website\",\"url\":\"https:\/\/www.suno.com.br\/noticias\/\",\"name\":\"Suno Not\u00edcias\",\"description\":\"Seu portal de informa\u00e7\u00e3o sobre o mundo dos investimentos\",\"publisher\":{\"@id\":\"https:\/\/www.suno.com.br\/noticias\/#organization\"},\"potentialAction\":[{\"@type\":\"SearchAction\",\"target\":{\"@type\":\"EntryPoint\",\"urlTemplate\":\"https:\/\/www.suno.com.br\/noticias\/?s={search_term_string}\"},\"query-input\":{\"@type\":\"PropertyValueSpecification\",\"valueRequired\":true,\"valueName\":\"search_term_string\"}}],\"inLanguage\":\"pt-BR\"},{\"@type\":\"Organization\",\"@id\":\"https:\/\/www.suno.com.br\/noticias\/#organization\",\"name\":\"Suno Not\u00edcias\",\"url\":\"https:\/\/www.suno.com.br\/noticias\/\",\"logo\":{\"@type\":\"ImageObject\",\"inLanguage\":\"pt-BR\",\"@id\":\"https:\/\/www.suno.com.br\/noticias\/#\/schema\/logo\/image\/\",\"url\":\"https:\/\/files.sunoresearch.com.br\/n\/uploads\/2021\/09\/suno-logo.png\",\"contentUrl\":\"https:\/\/files.sunoresearch.com.br\/n\/uploads\/2021\/09\/suno-logo.png\",\"width\":180,\"height\":180,\"caption\":\"Suno Not\u00edcias\"},\"image\":{\"@id\":\"https:\/\/www.suno.com.br\/noticias\/#\/schema\/logo\/image\/\"},\"sameAs\":[\"https:\/\/facebook.com\/sunoresearch\",\"https:\/\/x.com\/sunoresearch\",\"https:\/\/www.instagram.com\/suno\",\"https:\/\/www.linkedin.com\/company\/suno-research\/\",\"https:\/\/www.youtube.com\/c\/sunoresearch\"]},{\"@type\":\"Person\",\"@id\":\"https:\/\/www.suno.com.br\/noticias\/#\/schema\/person\/506bb13f624e6983050ae5bf648c7a54\",\"name\":\"Giovanna Oliveira\",\"image\":{\"@type\":\"ImageObject\",\"inLanguage\":\"pt-BR\",\"@id\":\"https:\/\/www.suno.com.br\/noticias\/#\/schema\/person\/image\/\",\"url\":\"https:\/\/secure.gravatar.com\/avatar\/8d180e5cea232a9bb3af521589b133fa?s=96&r=g\",\"contentUrl\":\"https:\/\/secure.gravatar.com\/avatar\/8d180e5cea232a9bb3af521589b133fa?s=96&r=g\",\"caption\":\"Giovanna Oliveira\"},\"description\":\"Jornalista com mais de sete anos de experi\u00eancia na cobertura de finan\u00e7as e economia. P\u00f3s-graduada em Neg\u00f3cios e Inova\u00e7\u00e3o (ESPM-SP) e mestranda em Finan\u00e7as (UADE Business School\u2013Buenos Aires).\",\"url\":\"https:\/\/www.suno.com.br\/noticias\/author\/giovannalmd-oliveiragmail-com\/\"}]}<\/script>\n<!-- \/ Yoast SEO plugin. -->","yoast_head_json":{"title":"Dividendos taxados em 2026? Veja como proteger o portf\u00f3lio","description":"O avan\u00e7o do PL 1087\/25, que amplia a faixa de isen\u00e7\u00e3o do IR, tem gerado preocupa\u00e7\u00e3o entre investidores que focam em dividendos. Entenda.","robots":{"index":"index","follow":"follow","max-snippet":"max-snippet:-1","max-image-preview":"max-image-preview:large","max-video-preview":"max-video-preview:-1"},"canonical":"https:\/\/www.suno.com.br\/noticias\/dividendos-taxacao-pl-1087-25-como-se-preparar-go\/","og_locale":"pt_BR","og_type":"article","og_title":"Dividendos taxados em 2026? Veja como proteger o portf\u00f3lio","og_description":"O avan\u00e7o do PL 1087\/25, que amplia a faixa de isen\u00e7\u00e3o do IR, tem gerado preocupa\u00e7\u00e3o entre investidores que focam em dividendos. Entenda.","og_url":"https:\/\/www.suno.com.br\/noticias\/dividendos-taxacao-pl-1087-25-como-se-preparar-go\/","og_site_name":"Suno Not\u00edcias","article_publisher":"https:\/\/facebook.com\/sunoresearch","og_image":[{"width":1254,"height":837,"url":"https:\/\/files.sunoresearch.com.br\/n\/uploads\/2024\/08\/iStock-2158681124.jpg","type":"image\/jpeg"}],"author":"Giovanna Oliveira","twitter_card":"summary_large_image","twitter_creator":"@sunoresearch","twitter_site":"@sunoresearch","twitter_misc":{"Escrito por":"Giovanna Oliveira","Est. tempo de leitura":"5 minutos"},"schema":{"@context":"https:\/\/schema.org","@graph":[{"@type":"NewsArticle","@id":"https:\/\/www.suno.com.br\/noticias\/dividendos-taxacao-pl-1087-25-como-se-preparar-go\/#article","isPartOf":{"@id":"https:\/\/www.suno.com.br\/noticias\/dividendos-taxacao-pl-1087-25-como-se-preparar-go\/"},"author":{"name":"Giovanna Oliveira","@id":"https:\/\/www.suno.com.br\/noticias\/#\/schema\/person\/506bb13f624e6983050ae5bf648c7a54"},"headline":"Dividendos taxados em 2026? Veja impactos e saiba como proteger o portf\u00f3lio","datePublished":"2025-10-10T12:42:36+00:00","dateModified":"2025-10-17T11:43:26+00:00","mainEntityOfPage":{"@id":"https:\/\/www.suno.com.br\/noticias\/dividendos-taxacao-pl-1087-25-como-se-preparar-go\/"},"wordCount":857,"publisher":{"@id":"https:\/\/www.suno.com.br\/noticias\/#organization"},"image":{"@id":"https:\/\/www.suno.com.br\/noticias\/dividendos-taxacao-pl-1087-25-como-se-preparar-go\/#primaryimage"},"thumbnailUrl":"https:\/\/files.sunoresearch.com.br\/n\/uploads\/2024\/08\/iStock-2158681124.jpg","keywords":["dividendos","Suno Consultoria"],"articleSection":["Neg\u00f3cios"],"inLanguage":"pt-BR"},{"@type":"WebPage","@id":"https:\/\/www.suno.com.br\/noticias\/dividendos-taxacao-pl-1087-25-como-se-preparar-go\/","url":"https:\/\/www.suno.com.br\/noticias\/dividendos-taxacao-pl-1087-25-como-se-preparar-go\/","name":"Dividendos taxados em 2026? Veja como proteger o portf\u00f3lio","isPartOf":{"@id":"https:\/\/www.suno.com.br\/noticias\/#website"},"primaryImageOfPage":{"@id":"https:\/\/www.suno.com.br\/noticias\/dividendos-taxacao-pl-1087-25-como-se-preparar-go\/#primaryimage"},"image":{"@id":"https:\/\/www.suno.com.br\/noticias\/dividendos-taxacao-pl-1087-25-como-se-preparar-go\/#primaryimage"},"thumbnailUrl":"https:\/\/files.sunoresearch.com.br\/n\/uploads\/2024\/08\/iStock-2158681124.jpg","datePublished":"2025-10-10T12:42:36+00:00","dateModified":"2025-10-17T11:43:26+00:00","description":"O avan\u00e7o do PL 1087\/25, que amplia a faixa de isen\u00e7\u00e3o do IR, tem gerado preocupa\u00e7\u00e3o entre investidores que focam em dividendos. Entenda.","breadcrumb":{"@id":"https:\/\/www.suno.com.br\/noticias\/dividendos-taxacao-pl-1087-25-como-se-preparar-go\/#breadcrumb"},"inLanguage":"pt-BR","potentialAction":[{"@type":"ReadAction","target":["https:\/\/www.suno.com.br\/noticias\/dividendos-taxacao-pl-1087-25-como-se-preparar-go\/"]}]},{"@type":"ImageObject","inLanguage":"pt-BR","@id":"https:\/\/www.suno.com.br\/noticias\/dividendos-taxacao-pl-1087-25-como-se-preparar-go\/#primaryimage","url":"https:\/\/files.sunoresearch.com.br\/n\/uploads\/2024\/08\/iStock-2158681124.jpg","contentUrl":"https:\/\/files.sunoresearch.com.br\/n\/uploads\/2024\/08\/iStock-2158681124.jpg","width":1254,"height":837,"caption":"Dividendos. Foto: iStock"},{"@type":"BreadcrumbList","@id":"https:\/\/www.suno.com.br\/noticias\/dividendos-taxacao-pl-1087-25-como-se-preparar-go\/#breadcrumb","itemListElement":[{"@type":"ListItem","position":1,"name":"Not\u00edcias","item":"https:\/\/www.suno.com.br\/noticias\/"},{"@type":"ListItem","position":2,"name":"Neg\u00f3cios","item":"https:\/\/www.suno.com.br\/noticias\/negocios\/"},{"@type":"ListItem","position":3,"name":"Dividendos taxados em 2026? Veja impactos e saiba como proteger o portf\u00f3lio"}]},{"@type":"WebSite","@id":"https:\/\/www.suno.com.br\/noticias\/#website","url":"https:\/\/www.suno.com.br\/noticias\/","name":"Suno Not\u00edcias","description":"Seu portal de informa\u00e7\u00e3o sobre o mundo dos investimentos","publisher":{"@id":"https:\/\/www.suno.com.br\/noticias\/#organization"},"potentialAction":[{"@type":"SearchAction","target":{"@type":"EntryPoint","urlTemplate":"https:\/\/www.suno.com.br\/noticias\/?s={search_term_string}"},"query-input":{"@type":"PropertyValueSpecification","valueRequired":true,"valueName":"search_term_string"}}],"inLanguage":"pt-BR"},{"@type":"Organization","@id":"https:\/\/www.suno.com.br\/noticias\/#organization","name":"Suno Not\u00edcias","url":"https:\/\/www.suno.com.br\/noticias\/","logo":{"@type":"ImageObject","inLanguage":"pt-BR","@id":"https:\/\/www.suno.com.br\/noticias\/#\/schema\/logo\/image\/","url":"https:\/\/files.sunoresearch.com.br\/n\/uploads\/2021\/09\/suno-logo.png","contentUrl":"https:\/\/files.sunoresearch.com.br\/n\/uploads\/2021\/09\/suno-logo.png","width":180,"height":180,"caption":"Suno Not\u00edcias"},"image":{"@id":"https:\/\/www.suno.com.br\/noticias\/#\/schema\/logo\/image\/"},"sameAs":["https:\/\/facebook.com\/sunoresearch","https:\/\/x.com\/sunoresearch","https:\/\/www.instagram.com\/suno","https:\/\/www.linkedin.com\/company\/suno-research\/","https:\/\/www.youtube.com\/c\/sunoresearch"]},{"@type":"Person","@id":"https:\/\/www.suno.com.br\/noticias\/#\/schema\/person\/506bb13f624e6983050ae5bf648c7a54","name":"Giovanna Oliveira","image":{"@type":"ImageObject","inLanguage":"pt-BR","@id":"https:\/\/www.suno.com.br\/noticias\/#\/schema\/person\/image\/","url":"https:\/\/secure.gravatar.com\/avatar\/8d180e5cea232a9bb3af521589b133fa?s=96&r=g","contentUrl":"https:\/\/secure.gravatar.com\/avatar\/8d180e5cea232a9bb3af521589b133fa?s=96&r=g","caption":"Giovanna Oliveira"},"description":"Jornalista com mais de sete anos de experi\u00eancia na cobertura de finan\u00e7as e economia. P\u00f3s-graduada em Neg\u00f3cios e Inova\u00e7\u00e3o (ESPM-SP) e mestranda em Finan\u00e7as (UADE Business School\u2013Buenos Aires).","url":"https:\/\/www.suno.com.br\/noticias\/author\/giovannalmd-oliveiragmail-com\/"}]}},"default_loop_html":"<div class=\"cardsPage__listCard__boxs\"><div class=\"cardsPage__listCard__boxs__img\"><a href=\"https:\/\/www.suno.com.br\/noticias\/dividendos-taxacao-pl-1087-25-como-se-preparar-go\/\"><img class=\"mask\" src=\"https:\/\/www.suno.com.br\/noticias\/wp-content\/themes\/suno\/resources\/images\/spotlight\/spotlight1img\/bg-mask.png\" alt=\"Image Mask\"\/><img src=\"https:\/\/files.sunoresearch.com.br\/n\/uploads\/2024\/08\/iStock-2158681124-400x200.jpg\" alt=\"Dividendos taxados em 2026? Veja impactos e saiba como proteger o portf\u00f3lio\"\/><\/a><span class=\"spotlightCategory\"><a href=\"https:\/\/www.suno.com.br\/noticias\/negocios\/\">Neg\u00f3cios<\/a><\/span><\/div><div class=\"cardsPage__listCard__boxs__content\"><a href=\"https:\/\/www.suno.com.br\/noticias\/dividendos-taxacao-pl-1087-25-como-se-preparar-go\/\"><h2 class=\"content__title\">Dividendos taxados em 2026? Veja impactos e saiba como proteger o portf\u00f3lio<\/h2><\/a><div class=\"newsContent__article__meta\"><div class=\"newsContent__article__meta__authorBox\"><a href=\"https:\/\/www.suno.com.br\/noticias\/author\/giovannalmd-oliveiragmail-com\/\" class=\"authorBox__avatar noMobi\"><img src=\"https:\/\/secure.gravatar.com\/avatar\/8d180e5cea232a9bb3af521589b133fa?s=96&#038;r=g\" alt=\"Giovanna Oliveira\"><\/a><div class=\"authorBox__name\"><span>por\n\t\t\t<a href=\"https:\/\/www.suno.com.br\/noticias\/author\/giovannalmd-oliveiragmail-com\/\"><span itemprop=\"author\">Giovanna Oliveira<\/span><\/a><\/span><time datetime=\"2025-10-10T09:42:36-03:00\" itemprop=\"datePublished\">10\/10\/2025 09:42<\/time><\/div><\/div><\/div><\/div><\/div>","single_layout":"posts","amp_enabled":true,"_links":{"self":[{"href":"https:\/\/www.suno.com.br\/noticias\/wp-json\/wp\/v2\/posts\/628017"}],"collection":[{"href":"https:\/\/www.suno.com.br\/noticias\/wp-json\/wp\/v2\/posts"}],"about":[{"href":"https:\/\/www.suno.com.br\/noticias\/wp-json\/wp\/v2\/types\/post"}],"author":[{"embeddable":true,"href":"https:\/\/www.suno.com.br\/noticias\/wp-json\/wp\/v2\/users\/404"}],"replies":[{"embeddable":true,"href":"https:\/\/www.suno.com.br\/noticias\/wp-json\/wp\/v2\/comments?post=628017"}],"version-history":[{"count":2,"href":"https:\/\/www.suno.com.br\/noticias\/wp-json\/wp\/v2\/posts\/628017\/revisions"}],"predecessor-version":[{"id":628287,"href":"https:\/\/www.suno.com.br\/noticias\/wp-json\/wp\/v2\/posts\/628017\/revisions\/628287"}],"wp:featuredmedia":[{"embeddable":true,"href":"https:\/\/www.suno.com.br\/noticias\/wp-json\/wp\/v2\/media\/568993"}],"wp:attachment":[{"href":"https:\/\/www.suno.com.br\/noticias\/wp-json\/wp\/v2\/media?parent=628017"}],"wp:term":[{"taxonomy":"category","embeddable":true,"href":"https:\/\/www.suno.com.br\/noticias\/wp-json\/wp\/v2\/categories?post=628017"},{"taxonomy":"post_tag","embeddable":true,"href":"https:\/\/www.suno.com.br\/noticias\/wp-json\/wp\/v2\/tags?post=628017"},{"taxonomy":"suno_strategy","embeddable":true,"href":"https:\/\/www.suno.com.br\/noticias\/wp-json\/wp\/v2\/suno_strategy?post=628017"}],"curies":[{"name":"wp","href":"https:\/\/api.w.org\/{rel}","templated":true}]}}