{"id":628002,"date":"2025-10-08T17:08:10","date_gmt":"2025-10-08T20:08:10","guid":{"rendered":"https:\/\/www.suno.com.br\/noticias\/?p=628002"},"modified":"2025-10-09T08:55:14","modified_gmt":"2025-10-09T11:55:14","slug":"desktop-desk3-negociacao-claro-compra-empresa-go","status":"publish","type":"post","link":"https:\/\/www.suno.com.br\/noticias\/desktop-desk3-negociacao-claro-compra-empresa-go\/","title":{"rendered":"Entenda a negocia\u00e7\u00e3o entre Desktop (DESK3) e Claro; a\u00e7\u00f5es da companhia disparam"},"content":{"rendered":"<p>As a\u00e7\u00f5es da <strong>Desktop (DESK3)<\/strong> dispararam mais de 10% nesta quarta-feira (8), impulsionadas por novas informa\u00e7\u00f5es sobre as negocia\u00e7\u00f5es com a Claro para uma poss\u00edvel aquisi\u00e7\u00e3o da operadora de infraestrutura de banda larga. O movimento pode levar \u00e0 sa\u00edda da empresa da B3.<\/p>\t<div class=\"wrapper-featured-image\">\n\t\t<figure class=\"spotlightImg\">\n\n\t\t\t<picture>\n\t\t\t\t<source media=\"(max-width: 768px)\" srcset=\"https:\/\/files.sunoresearch.com.br\/n\/uploads\/2021\/06\/d7715dfd-antenna-543431_1920-400x200.webp\">\n\t\t\t\t<img loading=\"lazy\" decoding=\"async\" class=\"newsContent__article__imgCapa lazyloadDisabled \" src=\"https:\/\/files.sunoresearch.com.br\/n\/uploads\/2021\/06\/d7715dfd-antenna-543431_1920-800x450.webp\" width=\"800\" height=\"450\" alt=\"Entenda a negocia\u00e7\u00e3o entre Desktop (DESK3) e Claro; a\u00e7\u00f5es da companhia disparam\" fetchpriority=high \/>\n\t\t\t<\/picture>\n\n\t\t\t<figcaption class=\"wp-caption-text wp-caption-text--show\">Claro e Desktop (DESK3). Foto: Pixabay<\/figcaption>\n\t\t<\/figure>\n\t<\/div>\n\n\n\n\n\n\n\n\t<p>\n\t\t<a href=\"https:\/\/lp.suno.com.br\/planilha-da-vida-financeira\/\" target=\"_blank\" data-element=\"shortcode-suno-banner\" title=\"Banner SUNO, clique e saiba mais\">\n\t\t\t<picture>\n\t\t\t\t<source media=\"(max-width: 500px)\" srcset=\"https:\/\/files.sunoresearch.com.br\/n\/uploads\/2023\/04\/400x300-Planilha-vida-financeira-true.png\">\n\t\t\t\t<img class=\"newsContent__article__imgCapa newsContent__article__imgCapa--banner\"\n\t\t\t\t\tsrc=\"https:\/\/files.sunoresearch.com.br\/n\/uploads\/2023\/04\/1420x240-Planilha-vida-financeira-true.png\"\n\t\t\t\t\tdata-promo-id=\"106682\"\t\t\t\t\t\t\t\t\t\twidth='1420' height='240'\t\t\t\t\talt=\"https:\/\/files.sunoresearch.com.br\/n\/uploads\/2023\/04\/1420x240-Planilha-vida-financeira-true.png\"\n\t\t\t\t>\n\t\t\t<\/picture>\n\t\t<\/a>\n\t<\/p>\n\n\n\n\n\n<p>Na v\u00e9spera, ap\u00f3s o <a class=\"suno-keyword\" target=\"_blank\" data-force=\"no\" data-priority=\"1\" href=\"https:\/\/www.suno.com.br\/artigos\/fechamento-do-mercado\/\" rel=\"noopener\">fechamento do mercado<\/a>, a Desktop confirmou que manteve conversas preliminares e n\u00e3o vinculantes com a <strong>Claro<\/strong> sobre uma potencial opera\u00e7\u00e3o de compra. A companhia afirmou que, at\u00e9 o momento, n\u00e3o h\u00e1 acordo sobre pre\u00e7o, estrutura ou demais condi\u00e7\u00f5es.<\/p>\n\n\n\n<p>De acordo com o <em>Brazil Journal<\/em>, a negocia\u00e7\u00e3o entre <strong>Desktop e Claro<\/strong> envolve a aquisi\u00e7\u00e3o total da provedora de banda larga, o que poderia resultar no fechamento de capital da empresa. A transa\u00e7\u00e3o ainda est\u00e1 em fase de <em>due diligence<\/em>, etapa que antecede uma proposta formal.<\/p>\n\n\n\n<h2 class=\"wp-block-heading\"><strong>Entenda a poss\u00edvel venda da Desktop (DESK3) para a Claro<\/strong><\/h2>\n\n\n\n<p>Se concretizada, esta seria a primeira vez que uma das tr\u00eas maiores operadoras de telecomunica\u00e7\u00f5es do pa\u00eds adquire um provedor independente de internet (ISP). O <strong>BTG Pactual<\/strong> avalia que a compra faria sentido estrat\u00e9gico para a <strong>Claro<\/strong>, j\u00e1 que aceleraria a migra\u00e7\u00e3o da base de clientes de cabo (HFC) para fibra \u00f3ptica e fortaleceria a presen\u00e7a da companhia no estado de S\u00e3o Paulo.<\/p>\n\n\n\t<p>\n\t\t<a href=\"https:\/\/lp.suno.com.br\/ebook-como-analisar-uma-acao\/\" target=\"_blank\" data-element=\"shortcode-suno-banner\" title=\"Banner SUNO, clique e saiba mais\">\n\t\t\t<picture>\n\t\t\t\t<source media=\"(max-width: 500px)\" srcset=\"https:\/\/files.sunoresearch.com.br\/n\/uploads\/2023\/03\/Ebook-Acoes-Mobile.jpg\">\n\t\t\t\t<img class=\"newsContent__article__imgCapa newsContent__article__imgCapa--banner\"\n\t\t\t\t\tsrc=\"https:\/\/files.sunoresearch.com.br\/n\/uploads\/2023\/03\/Ebook-Acoes-Desktop.jpg\"\n\t\t\t\t\tdata-promo-id=\"378302\"\t\t\t\t\t\t\t\t\t\twidth='1420' height='286'\t\t\t\t\talt=\"https:\/\/files.sunoresearch.com.br\/n\/uploads\/2023\/03\/Ebook-Acoes-Desktop.jpg\"\n\t\t\t\t>\n\t\t\t<\/picture>\n\t\t<\/a>\n\t<\/p>\n\n\n\n\n\n<p>O banco destaca ainda que a Desktop possui cerca de R$ 801 milh\u00f5es em \u00e1gio cont\u00e1bil, que poderiam ser usados como benef\u00edcio fiscal, tornando o neg\u00f3cio mais atrativo. Al\u00e9m disso, o impacto financeiro seria limitado para a controladora mexicana Am\u00e9rica M\u00f3vil, que continuaria com folga para remunerar seus acionistas.<\/p>\n\n\n\n<p>A Desktop (DESK3) tem cerca de 1,2 milh\u00e3o de clientes conectados por fibra \u00f3ptica, o que facilitaria o avan\u00e7o da Claro no segmento. Para o Bradesco BBI, a opera\u00e7\u00e3o tamb\u00e9m apresenta uma l\u00f3gica estrat\u00e9gica convincente, especialmente em regi\u00f5es onde a Desktop tem forte atua\u00e7\u00e3o, mas vem perdendo participa\u00e7\u00e3o de mercado.<\/p>\n\n\n\n<p>&#8220;Atuando no estado de S\u00e3o Paulo, a Desktop tem cerca de 1,2 milh\u00e3o de clientes de banda larga, tendo auferido um EBITDA ajustado de R$ 604,6 milh\u00f5es nos \u00faltimos doze meses. Considerando a m\u00e9dia de 7,5 vezes em que eles estariam se avaliando e descontando a d\u00edvida l\u00edquida ajustada do neg\u00f3cio (R$ 1,6 bilh\u00e3o), a Desktop se coloca em um valor de mercado 123% superior ao atual (R$ 2,9 bilh\u00f5es e R$ 2,5 mil por acesso)&#8221;, comenta Bernardo Viero, analista da Suno Research.<\/p>\n\n\n\n<p>Na vis\u00e3o de Viero, ainda n\u00e3o \u00e9 poss\u00edvel determinar em que est\u00e1gio est\u00e3o as negocia\u00e7\u00f5es nem se a Claro aceitaria a avalia\u00e7\u00e3o apresentada pela <strong>Desktop (DESK3)<\/strong>. O especialista avalia que o movimento refor\u00e7a a percep\u00e7\u00e3o de que algumas empresas de internet regionais est\u00e3o subavaliadas na bolsa, e que novas transa\u00e7\u00f5es no setor podem servir de gatilho para o mercado reprecificar essas companhias.<\/p>\n\n\n\t<p>\n\t\t<a href=\"https:\/\/lp.suno.com.br\/planilha-da-vida-financeira\/\" target=\"_blank\" data-element=\"shortcode-suno-banner\" title=\"Banner SUNO, clique e saiba mais\">\n\t\t\t<picture>\n\t\t\t\t<source media=\"(max-width: 500px)\" srcset=\"https:\/\/files.sunoresearch.com.br\/n\/uploads\/2023\/04\/400x300-Planilha-vida-financeira-true.png\">\n\t\t\t\t<img class=\"newsContent__article__imgCapa newsContent__article__imgCapa--banner\"\n\t\t\t\t\tsrc=\"https:\/\/files.sunoresearch.com.br\/n\/uploads\/2023\/04\/1420x240-Planilha-vida-financeira-true.png\"\n\t\t\t\t\tdata-promo-id=\"383123\"\t\t\t\t\t\t\t\t\t\twidth='1420' height='240'\t\t\t\t\talt=\"https:\/\/files.sunoresearch.com.br\/n\/uploads\/2023\/04\/1420x240-Planilha-vida-financeira-true.png\"\n\t\t\t\t>\n\t\t\t<\/picture>\n\t\t<\/a>\n\t<\/p>\n\n\n","protected":false},"excerpt":{"rendered":"<p>As a\u00e7\u00f5es da Desktop (DESK3) dispararam mais de 10% nesta quarta-feira (8), impulsionadas por novas informa\u00e7\u00f5es sobre as negocia\u00e7\u00f5es com a Claro para uma poss\u00edvel aquisi\u00e7\u00e3o da operadora de infraestrutura de banda larga. O movimento pode levar \u00e0 sa\u00edda da empresa da B3. Claro e Desktop (DESK3). Foto: Pixabay Na v\u00e9spera, ap\u00f3s o fechamento do [&hellip;]<\/p>\n","protected":false},"author":404,"featured_media":156416,"comment_status":"closed","ping_status":"closed","sticky":false,"template":"","format":"standard","meta":[],"categories":[64],"tags":[106324],"suno_strategy":[],"class_list":["post-628002","post","type-post","status-publish","format-standard","has-post-thumbnail","hentry","category-negocios","tag-desktop-desk3"],"yoast_head":"<!-- This site is optimized with the Yoast SEO plugin v24.4 - https:\/\/yoast.com\/wordpress\/plugins\/seo\/ -->\n<title>Desktop (DESK3) dispara com negocia\u00e7\u00e3o de venda para a Claro<\/title>\n<meta name=\"description\" content=\"A\u00e7\u00f5es da Desktop (DESK3) sobem com negocia\u00e7\u00f5es avan\u00e7adas da Claro para comprar a empresa. Clique e saiba mais!\" \/>\n<meta name=\"robots\" content=\"index, follow, max-snippet:-1, max-image-preview:large, max-video-preview:-1\" \/>\n<link rel=\"canonical\" href=\"https:\/\/www.suno.com.br\/noticias\/desktop-desk3-negociacao-claro-compra-empresa-go\/\" \/>\n<meta property=\"og:locale\" content=\"pt_BR\" \/>\n<meta property=\"og:type\" content=\"article\" \/>\n<meta property=\"og:title\" content=\"Desktop (DESK3) dispara com negocia\u00e7\u00e3o de venda para a Claro\" \/>\n<meta property=\"og:description\" content=\"A\u00e7\u00f5es da Desktop (DESK3) sobem com negocia\u00e7\u00f5es avan\u00e7adas da Claro para comprar a empresa. Clique e saiba mais!\" \/>\n<meta property=\"og:url\" content=\"https:\/\/www.suno.com.br\/noticias\/desktop-desk3-negociacao-claro-compra-empresa-go\/\" \/>\n<meta property=\"og:site_name\" content=\"Suno Not\u00edcias\" \/>\n<meta property=\"article:publisher\" content=\"https:\/\/facebook.com\/sunoresearch\" \/>\n<meta property=\"og:image\" content=\"https:\/\/files.sunoresearch.com.br\/n\/uploads\/2021\/06\/d7715dfd-antenna-543431_1920-jpg.webp\" \/>\n\t<meta property=\"og:image:width\" content=\"1920\" \/>\n\t<meta property=\"og:image:height\" content=\"1440\" \/>\n\t<meta property=\"og:image:type\" content=\"image\/jpeg\" \/>\n<meta name=\"author\" content=\"Giovanna Oliveira\" \/>\n<meta name=\"twitter:card\" content=\"summary_large_image\" \/>\n<meta name=\"twitter:creator\" content=\"@sunoresearch\" \/>\n<meta name=\"twitter:site\" content=\"@sunoresearch\" \/>\n<meta name=\"twitter:label1\" content=\"Escrito por\" \/>\n\t<meta name=\"twitter:data1\" content=\"Giovanna Oliveira\" \/>\n\t<meta name=\"twitter:label2\" content=\"Est. tempo de leitura\" \/>\n\t<meta name=\"twitter:data2\" content=\"3 minutos\" \/>\n<script type=\"application\/ld+json\" class=\"yoast-schema-graph\">{\"@context\":\"https:\/\/schema.org\",\"@graph\":[{\"@type\":\"NewsArticle\",\"@id\":\"https:\/\/www.suno.com.br\/noticias\/desktop-desk3-negociacao-claro-compra-empresa-go\/#article\",\"isPartOf\":{\"@id\":\"https:\/\/www.suno.com.br\/noticias\/desktop-desk3-negociacao-claro-compra-empresa-go\/\"},\"author\":{\"name\":\"Giovanna Oliveira\",\"@id\":\"https:\/\/www.suno.com.br\/noticias\/#\/schema\/person\/506bb13f624e6983050ae5bf648c7a54\"},\"headline\":\"Entenda a negocia\u00e7\u00e3o entre Desktop (DESK3) e Claro; a\u00e7\u00f5es da companhia disparam\",\"datePublished\":\"2025-10-08T20:08:10+00:00\",\"dateModified\":\"2025-10-09T11:55:14+00:00\",\"mainEntityOfPage\":{\"@id\":\"https:\/\/www.suno.com.br\/noticias\/desktop-desk3-negociacao-claro-compra-empresa-go\/\"},\"wordCount\":518,\"publisher\":{\"@id\":\"https:\/\/www.suno.com.br\/noticias\/#organization\"},\"image\":{\"@id\":\"https:\/\/www.suno.com.br\/noticias\/desktop-desk3-negociacao-claro-compra-empresa-go\/#primaryimage\"},\"thumbnailUrl\":\"https:\/\/files.sunoresearch.com.br\/n\/uploads\/2021\/06\/d7715dfd-antenna-543431_1920-jpg.webp\",\"keywords\":[\"Desktop (DESK3)\"],\"articleSection\":[\"Neg\u00f3cios\"],\"inLanguage\":\"pt-BR\"},{\"@type\":\"WebPage\",\"@id\":\"https:\/\/www.suno.com.br\/noticias\/desktop-desk3-negociacao-claro-compra-empresa-go\/\",\"url\":\"https:\/\/www.suno.com.br\/noticias\/desktop-desk3-negociacao-claro-compra-empresa-go\/\",\"name\":\"Desktop (DESK3) dispara com negocia\u00e7\u00e3o de venda para a Claro\",\"isPartOf\":{\"@id\":\"https:\/\/www.suno.com.br\/noticias\/#website\"},\"primaryImageOfPage\":{\"@id\":\"https:\/\/www.suno.com.br\/noticias\/desktop-desk3-negociacao-claro-compra-empresa-go\/#primaryimage\"},\"image\":{\"@id\":\"https:\/\/www.suno.com.br\/noticias\/desktop-desk3-negociacao-claro-compra-empresa-go\/#primaryimage\"},\"thumbnailUrl\":\"https:\/\/files.sunoresearch.com.br\/n\/uploads\/2021\/06\/d7715dfd-antenna-543431_1920-jpg.webp\",\"datePublished\":\"2025-10-08T20:08:10+00:00\",\"dateModified\":\"2025-10-09T11:55:14+00:00\",\"description\":\"A\u00e7\u00f5es da Desktop (DESK3) sobem com negocia\u00e7\u00f5es avan\u00e7adas da Claro para comprar a empresa. Clique e saiba mais!\",\"breadcrumb\":{\"@id\":\"https:\/\/www.suno.com.br\/noticias\/desktop-desk3-negociacao-claro-compra-empresa-go\/#breadcrumb\"},\"inLanguage\":\"pt-BR\",\"potentialAction\":[{\"@type\":\"ReadAction\",\"target\":[\"https:\/\/www.suno.com.br\/noticias\/desktop-desk3-negociacao-claro-compra-empresa-go\/\"]}]},{\"@type\":\"ImageObject\",\"inLanguage\":\"pt-BR\",\"@id\":\"https:\/\/www.suno.com.br\/noticias\/desktop-desk3-negociacao-claro-compra-empresa-go\/#primaryimage\",\"url\":\"https:\/\/files.sunoresearch.com.br\/n\/uploads\/2021\/06\/d7715dfd-antenna-543431_1920-jpg.webp\",\"contentUrl\":\"https:\/\/files.sunoresearch.com.br\/n\/uploads\/2021\/06\/d7715dfd-antenna-543431_1920-jpg.webp\",\"width\":1920,\"height\":1440,\"caption\":\"Claro e Desktop (DESK3). Foto: Pixabay\"},{\"@type\":\"BreadcrumbList\",\"@id\":\"https:\/\/www.suno.com.br\/noticias\/desktop-desk3-negociacao-claro-compra-empresa-go\/#breadcrumb\",\"itemListElement\":[{\"@type\":\"ListItem\",\"position\":1,\"name\":\"Not\u00edcias\",\"item\":\"https:\/\/www.suno.com.br\/noticias\/\"},{\"@type\":\"ListItem\",\"position\":2,\"name\":\"Neg\u00f3cios\",\"item\":\"https:\/\/www.suno.com.br\/noticias\/negocios\/\"},{\"@type\":\"ListItem\",\"position\":3,\"name\":\"Entenda a negocia\u00e7\u00e3o entre Desktop (DESK3) e Claro; a\u00e7\u00f5es da companhia disparam\"}]},{\"@type\":\"WebSite\",\"@id\":\"https:\/\/www.suno.com.br\/noticias\/#website\",\"url\":\"https:\/\/www.suno.com.br\/noticias\/\",\"name\":\"Suno Not\u00edcias\",\"description\":\"Seu portal de informa\u00e7\u00e3o sobre o mundo dos investimentos\",\"publisher\":{\"@id\":\"https:\/\/www.suno.com.br\/noticias\/#organization\"},\"potentialAction\":[{\"@type\":\"SearchAction\",\"target\":{\"@type\":\"EntryPoint\",\"urlTemplate\":\"https:\/\/www.suno.com.br\/noticias\/?s={search_term_string}\"},\"query-input\":{\"@type\":\"PropertyValueSpecification\",\"valueRequired\":true,\"valueName\":\"search_term_string\"}}],\"inLanguage\":\"pt-BR\"},{\"@type\":\"Organization\",\"@id\":\"https:\/\/www.suno.com.br\/noticias\/#organization\",\"name\":\"Suno Not\u00edcias\",\"url\":\"https:\/\/www.suno.com.br\/noticias\/\",\"logo\":{\"@type\":\"ImageObject\",\"inLanguage\":\"pt-BR\",\"@id\":\"https:\/\/www.suno.com.br\/noticias\/#\/schema\/logo\/image\/\",\"url\":\"https:\/\/files.sunoresearch.com.br\/n\/uploads\/2021\/09\/suno-logo.png\",\"contentUrl\":\"https:\/\/files.sunoresearch.com.br\/n\/uploads\/2021\/09\/suno-logo.png\",\"width\":180,\"height\":180,\"caption\":\"Suno Not\u00edcias\"},\"image\":{\"@id\":\"https:\/\/www.suno.com.br\/noticias\/#\/schema\/logo\/image\/\"},\"sameAs\":[\"https:\/\/facebook.com\/sunoresearch\",\"https:\/\/x.com\/sunoresearch\",\"https:\/\/www.instagram.com\/suno\",\"https:\/\/www.linkedin.com\/company\/suno-research\/\",\"https:\/\/www.youtube.com\/c\/sunoresearch\"]},{\"@type\":\"Person\",\"@id\":\"https:\/\/www.suno.com.br\/noticias\/#\/schema\/person\/506bb13f624e6983050ae5bf648c7a54\",\"name\":\"Giovanna Oliveira\",\"image\":{\"@type\":\"ImageObject\",\"inLanguage\":\"pt-BR\",\"@id\":\"https:\/\/www.suno.com.br\/noticias\/#\/schema\/person\/image\/\",\"url\":\"https:\/\/secure.gravatar.com\/avatar\/8d180e5cea232a9bb3af521589b133fa?s=96&r=g\",\"contentUrl\":\"https:\/\/secure.gravatar.com\/avatar\/8d180e5cea232a9bb3af521589b133fa?s=96&r=g\",\"caption\":\"Giovanna Oliveira\"},\"description\":\"Jornalista com mais de sete anos de experi\u00eancia na cobertura de finan\u00e7as e economia. P\u00f3s-graduada em Neg\u00f3cios e Inova\u00e7\u00e3o (ESPM-SP) e mestranda em Finan\u00e7as (UADE Business School\u2013Buenos Aires).\",\"url\":\"https:\/\/www.suno.com.br\/noticias\/author\/giovannalmd-oliveiragmail-com\/\"}]}<\/script>\n<!-- \/ Yoast SEO plugin. -->","yoast_head_json":{"title":"Desktop (DESK3) dispara com negocia\u00e7\u00e3o de venda para a Claro","description":"A\u00e7\u00f5es da Desktop (DESK3) sobem com negocia\u00e7\u00f5es avan\u00e7adas da Claro para comprar a empresa. Clique e saiba mais!","robots":{"index":"index","follow":"follow","max-snippet":"max-snippet:-1","max-image-preview":"max-image-preview:large","max-video-preview":"max-video-preview:-1"},"canonical":"https:\/\/www.suno.com.br\/noticias\/desktop-desk3-negociacao-claro-compra-empresa-go\/","og_locale":"pt_BR","og_type":"article","og_title":"Desktop (DESK3) dispara com negocia\u00e7\u00e3o de venda para a Claro","og_description":"A\u00e7\u00f5es da Desktop (DESK3) sobem com negocia\u00e7\u00f5es avan\u00e7adas da Claro para comprar a empresa. Clique e saiba mais!","og_url":"https:\/\/www.suno.com.br\/noticias\/desktop-desk3-negociacao-claro-compra-empresa-go\/","og_site_name":"Suno Not\u00edcias","article_publisher":"https:\/\/facebook.com\/sunoresearch","og_image":[{"width":1920,"height":1440,"url":"https:\/\/files.sunoresearch.com.br\/n\/uploads\/2021\/06\/d7715dfd-antenna-543431_1920-jpg.webp","type":"image\/jpeg"}],"author":"Giovanna Oliveira","twitter_card":"summary_large_image","twitter_creator":"@sunoresearch","twitter_site":"@sunoresearch","twitter_misc":{"Escrito por":"Giovanna Oliveira","Est. tempo de leitura":"3 minutos"},"schema":{"@context":"https:\/\/schema.org","@graph":[{"@type":"NewsArticle","@id":"https:\/\/www.suno.com.br\/noticias\/desktop-desk3-negociacao-claro-compra-empresa-go\/#article","isPartOf":{"@id":"https:\/\/www.suno.com.br\/noticias\/desktop-desk3-negociacao-claro-compra-empresa-go\/"},"author":{"name":"Giovanna Oliveira","@id":"https:\/\/www.suno.com.br\/noticias\/#\/schema\/person\/506bb13f624e6983050ae5bf648c7a54"},"headline":"Entenda a negocia\u00e7\u00e3o entre Desktop (DESK3) e Claro; a\u00e7\u00f5es da companhia disparam","datePublished":"2025-10-08T20:08:10+00:00","dateModified":"2025-10-09T11:55:14+00:00","mainEntityOfPage":{"@id":"https:\/\/www.suno.com.br\/noticias\/desktop-desk3-negociacao-claro-compra-empresa-go\/"},"wordCount":518,"publisher":{"@id":"https:\/\/www.suno.com.br\/noticias\/#organization"},"image":{"@id":"https:\/\/www.suno.com.br\/noticias\/desktop-desk3-negociacao-claro-compra-empresa-go\/#primaryimage"},"thumbnailUrl":"https:\/\/files.sunoresearch.com.br\/n\/uploads\/2021\/06\/d7715dfd-antenna-543431_1920-jpg.webp","keywords":["Desktop (DESK3)"],"articleSection":["Neg\u00f3cios"],"inLanguage":"pt-BR"},{"@type":"WebPage","@id":"https:\/\/www.suno.com.br\/noticias\/desktop-desk3-negociacao-claro-compra-empresa-go\/","url":"https:\/\/www.suno.com.br\/noticias\/desktop-desk3-negociacao-claro-compra-empresa-go\/","name":"Desktop (DESK3) dispara com negocia\u00e7\u00e3o de venda para a Claro","isPartOf":{"@id":"https:\/\/www.suno.com.br\/noticias\/#website"},"primaryImageOfPage":{"@id":"https:\/\/www.suno.com.br\/noticias\/desktop-desk3-negociacao-claro-compra-empresa-go\/#primaryimage"},"image":{"@id":"https:\/\/www.suno.com.br\/noticias\/desktop-desk3-negociacao-claro-compra-empresa-go\/#primaryimage"},"thumbnailUrl":"https:\/\/files.sunoresearch.com.br\/n\/uploads\/2021\/06\/d7715dfd-antenna-543431_1920-jpg.webp","datePublished":"2025-10-08T20:08:10+00:00","dateModified":"2025-10-09T11:55:14+00:00","description":"A\u00e7\u00f5es da Desktop (DESK3) sobem com negocia\u00e7\u00f5es avan\u00e7adas da Claro para comprar a empresa. Clique e saiba mais!","breadcrumb":{"@id":"https:\/\/www.suno.com.br\/noticias\/desktop-desk3-negociacao-claro-compra-empresa-go\/#breadcrumb"},"inLanguage":"pt-BR","potentialAction":[{"@type":"ReadAction","target":["https:\/\/www.suno.com.br\/noticias\/desktop-desk3-negociacao-claro-compra-empresa-go\/"]}]},{"@type":"ImageObject","inLanguage":"pt-BR","@id":"https:\/\/www.suno.com.br\/noticias\/desktop-desk3-negociacao-claro-compra-empresa-go\/#primaryimage","url":"https:\/\/files.sunoresearch.com.br\/n\/uploads\/2021\/06\/d7715dfd-antenna-543431_1920-jpg.webp","contentUrl":"https:\/\/files.sunoresearch.com.br\/n\/uploads\/2021\/06\/d7715dfd-antenna-543431_1920-jpg.webp","width":1920,"height":1440,"caption":"Claro e Desktop (DESK3). Foto: Pixabay"},{"@type":"BreadcrumbList","@id":"https:\/\/www.suno.com.br\/noticias\/desktop-desk3-negociacao-claro-compra-empresa-go\/#breadcrumb","itemListElement":[{"@type":"ListItem","position":1,"name":"Not\u00edcias","item":"https:\/\/www.suno.com.br\/noticias\/"},{"@type":"ListItem","position":2,"name":"Neg\u00f3cios","item":"https:\/\/www.suno.com.br\/noticias\/negocios\/"},{"@type":"ListItem","position":3,"name":"Entenda a negocia\u00e7\u00e3o entre Desktop (DESK3) e Claro; a\u00e7\u00f5es da companhia disparam"}]},{"@type":"WebSite","@id":"https:\/\/www.suno.com.br\/noticias\/#website","url":"https:\/\/www.suno.com.br\/noticias\/","name":"Suno Not\u00edcias","description":"Seu portal de informa\u00e7\u00e3o sobre o mundo dos investimentos","publisher":{"@id":"https:\/\/www.suno.com.br\/noticias\/#organization"},"potentialAction":[{"@type":"SearchAction","target":{"@type":"EntryPoint","urlTemplate":"https:\/\/www.suno.com.br\/noticias\/?s={search_term_string}"},"query-input":{"@type":"PropertyValueSpecification","valueRequired":true,"valueName":"search_term_string"}}],"inLanguage":"pt-BR"},{"@type":"Organization","@id":"https:\/\/www.suno.com.br\/noticias\/#organization","name":"Suno Not\u00edcias","url":"https:\/\/www.suno.com.br\/noticias\/","logo":{"@type":"ImageObject","inLanguage":"pt-BR","@id":"https:\/\/www.suno.com.br\/noticias\/#\/schema\/logo\/image\/","url":"https:\/\/files.sunoresearch.com.br\/n\/uploads\/2021\/09\/suno-logo.png","contentUrl":"https:\/\/files.sunoresearch.com.br\/n\/uploads\/2021\/09\/suno-logo.png","width":180,"height":180,"caption":"Suno Not\u00edcias"},"image":{"@id":"https:\/\/www.suno.com.br\/noticias\/#\/schema\/logo\/image\/"},"sameAs":["https:\/\/facebook.com\/sunoresearch","https:\/\/x.com\/sunoresearch","https:\/\/www.instagram.com\/suno","https:\/\/www.linkedin.com\/company\/suno-research\/","https:\/\/www.youtube.com\/c\/sunoresearch"]},{"@type":"Person","@id":"https:\/\/www.suno.com.br\/noticias\/#\/schema\/person\/506bb13f624e6983050ae5bf648c7a54","name":"Giovanna Oliveira","image":{"@type":"ImageObject","inLanguage":"pt-BR","@id":"https:\/\/www.suno.com.br\/noticias\/#\/schema\/person\/image\/","url":"https:\/\/secure.gravatar.com\/avatar\/8d180e5cea232a9bb3af521589b133fa?s=96&r=g","contentUrl":"https:\/\/secure.gravatar.com\/avatar\/8d180e5cea232a9bb3af521589b133fa?s=96&r=g","caption":"Giovanna Oliveira"},"description":"Jornalista com mais de sete anos de experi\u00eancia na cobertura de finan\u00e7as e economia. P\u00f3s-graduada em Neg\u00f3cios e Inova\u00e7\u00e3o (ESPM-SP) e mestranda em Finan\u00e7as (UADE Business School\u2013Buenos Aires).","url":"https:\/\/www.suno.com.br\/noticias\/author\/giovannalmd-oliveiragmail-com\/"}]}},"default_loop_html":"<div class=\"cardsPage__listCard__boxs\"><div class=\"cardsPage__listCard__boxs__img\"><a href=\"https:\/\/www.suno.com.br\/noticias\/desktop-desk3-negociacao-claro-compra-empresa-go\/\"><img class=\"mask\" src=\"https:\/\/www.suno.com.br\/noticias\/wp-content\/themes\/suno\/resources\/images\/spotlight\/spotlight1img\/bg-mask.png\" alt=\"Image Mask\"\/><img src=\"https:\/\/files.sunoresearch.com.br\/n\/uploads\/2021\/06\/d7715dfd-antenna-543431_1920-400x200.webp\" alt=\"Entenda a negocia\u00e7\u00e3o entre Desktop (DESK3) e Claro; a\u00e7\u00f5es da companhia disparam\"\/><\/a><span class=\"spotlightCategory\"><a href=\"https:\/\/www.suno.com.br\/noticias\/negocios\/\">Neg\u00f3cios<\/a><\/span><\/div><div class=\"cardsPage__listCard__boxs__content\"><a href=\"https:\/\/www.suno.com.br\/noticias\/desktop-desk3-negociacao-claro-compra-empresa-go\/\"><h2 class=\"content__title\">Entenda a negocia\u00e7\u00e3o entre Desktop (DESK3) e Claro; a\u00e7\u00f5es da companhia disparam<\/h2><\/a><div class=\"newsContent__article__meta\"><div class=\"newsContent__article__meta__authorBox\"><a href=\"https:\/\/www.suno.com.br\/noticias\/author\/giovannalmd-oliveiragmail-com\/\" class=\"authorBox__avatar noMobi\"><img src=\"https:\/\/secure.gravatar.com\/avatar\/8d180e5cea232a9bb3af521589b133fa?s=96&#038;r=g\" alt=\"Giovanna Oliveira\"><\/a><div class=\"authorBox__name\"><span>por\n\t\t\t<a href=\"https:\/\/www.suno.com.br\/noticias\/author\/giovannalmd-oliveiragmail-com\/\"><span itemprop=\"author\">Giovanna Oliveira<\/span><\/a><\/span><time datetime=\"2025-10-08T17:08:10-03:00\" itemprop=\"datePublished\">08\/10\/2025 17:08<\/time><\/div><\/div><\/div><\/div><\/div>","single_layout":"posts","amp_enabled":true,"_links":{"self":[{"href":"https:\/\/www.suno.com.br\/noticias\/wp-json\/wp\/v2\/posts\/628002"}],"collection":[{"href":"https:\/\/www.suno.com.br\/noticias\/wp-json\/wp\/v2\/posts"}],"about":[{"href":"https:\/\/www.suno.com.br\/noticias\/wp-json\/wp\/v2\/types\/post"}],"author":[{"embeddable":true,"href":"https:\/\/www.suno.com.br\/noticias\/wp-json\/wp\/v2\/users\/404"}],"replies":[{"embeddable":true,"href":"https:\/\/www.suno.com.br\/noticias\/wp-json\/wp\/v2\/comments?post=628002"}],"version-history":[{"count":2,"href":"https:\/\/www.suno.com.br\/noticias\/wp-json\/wp\/v2\/posts\/628002\/revisions"}],"predecessor-version":[{"id":628100,"href":"https:\/\/www.suno.com.br\/noticias\/wp-json\/wp\/v2\/posts\/628002\/revisions\/628100"}],"wp:featuredmedia":[{"embeddable":true,"href":"https:\/\/www.suno.com.br\/noticias\/wp-json\/wp\/v2\/media\/156416"}],"wp:attachment":[{"href":"https:\/\/www.suno.com.br\/noticias\/wp-json\/wp\/v2\/media?parent=628002"}],"wp:term":[{"taxonomy":"category","embeddable":true,"href":"https:\/\/www.suno.com.br\/noticias\/wp-json\/wp\/v2\/categories?post=628002"},{"taxonomy":"post_tag","embeddable":true,"href":"https:\/\/www.suno.com.br\/noticias\/wp-json\/wp\/v2\/tags?post=628002"},{"taxonomy":"suno_strategy","embeddable":true,"href":"https:\/\/www.suno.com.br\/noticias\/wp-json\/wp\/v2\/suno_strategy?post=628002"}],"curies":[{"name":"wp","href":"https:\/\/api.w.org\/{rel}","templated":true}]}}