{"id":62800,"date":"2020-04-27T15:47:06","date_gmt":"2020-04-27T18:47:06","guid":{"rendered":"https:\/\/www.suno.com.br\/noticias\/?p=62800"},"modified":"2020-04-27T18:57:17","modified_gmt":"2020-04-27T21:57:17","slug":"embraer-processo-arbitragem-boeing","status":"publish","type":"post","link":"https:\/\/www.suno.com.br\/noticias\/embraer-processo-arbitragem-boeing\/","title":{"rendered":"Embraer (EMBR3) abre processo de arbitragem contra Boeing"},"content":{"rendered":"<p>A <strong><a href=\"https:\/\/www.suno.com.br\/acoes\/embr3\/\">Embraer (EMBR3)<\/a><\/strong> anunciou nesta segunda-feira (27) que iniciou o processo de arbitragem com Boieng (<a href=\"https:\/\/www.suno.com.br\/artigos\/nyse\/\">NYSE<\/a>: BA), ap\u00f3s a fabricante estadunidense rescindir o acordo de joint-venture no \u00faltimo s\u00e1bado (25).<\/p>\t<div class=\"wrapper-featured-image\">\n\t\t<figure class=\"spotlightImg\">\n\n\t\t\t<picture>\n\t\t\t\t<source media=\"(max-width: 768px)\" srcset=\"https:\/\/files.sunoresearch.com.br\/n\/uploads\/2018\/12\/6008c6d2-boeing-embraer-400x200.webp\">\n\t\t\t\t<img loading=\"lazy\" decoding=\"async\" class=\"newsContent__article__imgCapa lazyloadDisabled newsContent__article__imgCapa--noCaption\" src=\"https:\/\/files.sunoresearch.com.br\/n\/uploads\/2018\/12\/6008c6d2-boeing-embraer-800x450.webp\" width=\"800\" height=\"450\" alt=\"Embraer (EMBR3) abre processo de arbitragem contra Boeing\" fetchpriority=high \/>\n\t\t\t<\/picture>\n\n\t\t\t<figcaption class=\"wp-caption-text wp-caption-text--hide\">Embraer (EMBR3) abre processo de arbitragem contra Boeing<\/figcaption>\n\t\t<\/figure>\n\t<\/div>\n\n\n\n<p>A companhia norte-americana cancelou a compra do controle da divis\u00e3o de avia\u00e7\u00e3o da Embraer. O acordo entre as duas fabricantes de aeronaves foi anunciado em 2018 e estava avaliado em US$ 4,2 bilh\u00f5es (cerca de R$ 23,5 bilh\u00f5es).<\/p>\n<p><a href=\"https:\/\/lp.suno.com.br\/suno-one\/\">Garanta acesso gratuito \u00e0 eBooks, Minicursos, Artigos e Video Aulas com um \u00fanico cadastro. Clique para saber mais!<\/a><\/p>\n<p>O presidente-executivo da Embraer, Francisco Gomes Neto, n\u00e3o deu maiores detalhes sobre o processo, durante a teleconfer\u00eancia realizada nesta segunda-feira. O diretor tamb\u00e9m n\u00e3o informou se a companhia poder\u00e1 abrir uma a\u00e7\u00e3o na Justi\u00e7a brasileira ou estadunidense.<\/p>\n<p><a href=\"https:\/\/www.suno.com.br\/noticias\/boeing-desiste-de-coprar-embraer-coronavirus\/\">Confira: Boeing desiste de acordo bilion\u00e1rio com a Embraer<\/a><\/p>\n<p>Os executivos da Embraer procuraram assegurar aos investidores a solidez da fabricante. Nesse sentido, os diretores comunicaram que a companhia encontrou US$ 1 bilh\u00f5es em economia de custo neste ano. Al\u00e9m disso, n\u00e3o houve cancelamento de nenhuma encomenda de aeronaves em raz\u00e3o da pandemia do novo coronav\u00edrus.<\/p>\n<p>N\u00e3o obstante, o presidente da fabricante brasileira declarou que o ano de 2020 ser\u00e1 &#8220;dif\u00edcil&#8221; e ainda o ano de 2021 dever\u00e1 ser &#8220;pior do que esper\u00e1vamos&#8221;.<\/p>\n<p>A Boeing tencionava comprar a divis\u00e3o de avia\u00e7\u00e3o comercial da Embraer, com o objetivo de aumentar a capacidade de competi\u00e7\u00e3o com a Airbus, atual l\u00edder do setor. Ao mesmo tempo,a\u00a0 fabricante brasileira esperava se beneficiar com o poder da m\u00e1quina de marketing da estadunidense na venda de aeronaves regionais.<\/p>\n<h2>Bolsonaro: Embraer poder\u00e1 negociar com outras empresas<\/h2>\n<p>O presidente da Rep\u00fablica, Jair Bolsonaro, afirmou nesta segunda-feira que a Embraer poder\u00e1 negociar com outras empresas devido ao fim das negocia\u00e7\u00f5es junto \u00e0 Boeing.<\/p>\n<p><a href=\"https:\/\/www.suno.com.br\/noticias\/embraer-embr3-podera-negociar-com-outras-empresas\/\">Saiba mais: Embraer (EMBR3) poder\u00e1 negociar com outras empresas, diz Bolsonaro<\/a><\/p>\n<p>\u201cEstamos avaliando. Tem <a href=\"https:\/\/www.suno.com.br\/artigos\/golden-share\/\"><em>golden share<\/em><\/a>, \u00e9 minha, eu assino. Se o neg\u00f3cio for desfeito, talvez se recomece uma nova negocia\u00e7\u00e3o com outra empresa\u201d, afirmou Bolsonaro em entrevista coletiva no Pal\u00e1cio da Alvorada, ao lado do ministro da economia, <a href=\"https:\/\/www.suno.com.br\/tudo-sobre\/paulo-guedes\/\">Paulo Guedes<\/a>.<\/p>\n<p>Gomes Neto gravou um v\u00eddeo dando sua vers\u00e3o dos fatos, salientando que &#8220;lamenta a decis\u00e3o&#8221;, mas que a <strong>Embraer<\/strong> j\u00e1 superou crises anteriormente. &#8220;Vamos buscar compensa\u00e7\u00e3o&#8221;, declarou o executivo.<\/p>\n\n","protected":false},"excerpt":{"rendered":"<p>A Embraer (EMBR3) anunciou nesta segunda-feira (27) que iniciou o processo de arbitragem com Boieng (NYSE: BA), ap\u00f3s a fabricante estadunidense rescindir o acordo de joint-venture no \u00faltimo s\u00e1bado (25). Embraer (EMBR3) abre processo de arbitragem contra Boeing A companhia norte-americana cancelou a compra do controle da divis\u00e3o de avia\u00e7\u00e3o da Embraer. O acordo entre [&hellip;]<\/p>\n","protected":false},"author":35,"featured_media":8035,"comment_status":"closed","ping_status":"closed","sticky":false,"template":"","format":"standard","meta":[],"categories":[64],"tags":[828,460],"suno_strategy":[],"class_list":["post-62800","post","type-post","status-publish","format-standard","has-post-thumbnail","hentry","category-negocios","tag-boeing-boei34","tag-embraer-embr3"],"yoast_head":"<!-- This site is optimized with the Yoast SEO plugin v24.4 - https:\/\/yoast.com\/wordpress\/plugins\/seo\/ -->\n<title>Embraer (EMBR3) abre processo de arbitragem contra Boeing<\/title>\n<meta name=\"description\" content=\"A Embraer (EMBR3) anunciou que iniciou o o processo de arbitragem com Boieng, ap\u00f3s rescindir o acordo no s\u00e1bado (25). Clique para saber mais\" \/>\n<meta name=\"robots\" content=\"index, follow, max-snippet:-1, max-image-preview:large, max-video-preview:-1\" \/>\n<link rel=\"canonical\" href=\"https:\/\/www.suno.com.br\/noticias\/embraer-processo-arbitragem-boeing\/\" \/>\n<meta property=\"og:locale\" content=\"pt_BR\" \/>\n<meta property=\"og:type\" content=\"article\" \/>\n<meta property=\"og:title\" content=\"Embraer (EMBR3) abre processo de arbitragem contra Boeing\" \/>\n<meta property=\"og:description\" content=\"A Embraer (EMBR3) anunciou que iniciou o o processo de arbitragem com Boieng, ap\u00f3s rescindir o acordo no s\u00e1bado (25). Clique para saber mais\" \/>\n<meta property=\"og:url\" content=\"https:\/\/www.suno.com.br\/noticias\/embraer-processo-arbitragem-boeing\/\" \/>\n<meta property=\"og:site_name\" content=\"Suno Not\u00edcias\" \/>\n<meta property=\"article:publisher\" content=\"https:\/\/facebook.com\/sunoresearch\" \/>\n<meta property=\"og:image\" content=\"https:\/\/files.sunoresearch.com.br\/n\/uploads\/2018\/12\/6008c6d2-boeing-embraer.jpg\" \/>\n\t<meta property=\"og:image:width\" content=\"960\" \/>\n\t<meta property=\"og:image:height\" content=\"640\" \/>\n\t<meta property=\"og:image:type\" content=\"image\/jpeg\" \/>\n<meta name=\"author\" content=\"Arthur Guimar\u00e3es\" \/>\n<meta name=\"twitter:card\" content=\"summary_large_image\" \/>\n<meta name=\"twitter:creator\" content=\"@sunoresearch\" \/>\n<meta name=\"twitter:site\" content=\"@sunoresearch\" \/>\n<meta name=\"twitter:label1\" content=\"Escrito por\" \/>\n\t<meta name=\"twitter:data1\" content=\"Arthur Guimar\u00e3es\" \/>\n\t<meta name=\"twitter:label2\" content=\"Est. tempo de leitura\" \/>\n\t<meta name=\"twitter:data2\" content=\"2 minutos\" \/>\n<script type=\"application\/ld+json\" class=\"yoast-schema-graph\">{\"@context\":\"https:\/\/schema.org\",\"@graph\":[{\"@type\":\"NewsArticle\",\"@id\":\"https:\/\/www.suno.com.br\/noticias\/embraer-processo-arbitragem-boeing\/#article\",\"isPartOf\":{\"@id\":\"https:\/\/www.suno.com.br\/noticias\/embraer-processo-arbitragem-boeing\/\"},\"author\":{\"name\":\"Arthur Guimar\u00e3es\",\"@id\":\"https:\/\/www.suno.com.br\/noticias\/#\/schema\/person\/053a750a709a263919a20f976caae91c\"},\"headline\":\"Embraer (EMBR3) abre processo de arbitragem contra Boeing\",\"datePublished\":\"2020-04-27T18:47:06+00:00\",\"dateModified\":\"2020-04-27T21:57:17+00:00\",\"mainEntityOfPage\":{\"@id\":\"https:\/\/www.suno.com.br\/noticias\/embraer-processo-arbitragem-boeing\/\"},\"wordCount\":408,\"publisher\":{\"@id\":\"https:\/\/www.suno.com.br\/noticias\/#organization\"},\"image\":{\"@id\":\"https:\/\/www.suno.com.br\/noticias\/embraer-processo-arbitragem-boeing\/#primaryimage\"},\"thumbnailUrl\":\"https:\/\/files.sunoresearch.com.br\/n\/uploads\/2018\/12\/6008c6d2-boeing-embraer-jpg.webp\",\"keywords\":[\"Boeing (BOEI34)\",\"Embraer (EMBR3)\"],\"articleSection\":[\"Neg\u00f3cios\"],\"inLanguage\":\"pt-BR\"},{\"@type\":\"WebPage\",\"@id\":\"https:\/\/www.suno.com.br\/noticias\/embraer-processo-arbitragem-boeing\/\",\"url\":\"https:\/\/www.suno.com.br\/noticias\/embraer-processo-arbitragem-boeing\/\",\"name\":\"Embraer (EMBR3) abre processo de arbitragem contra Boeing\",\"isPartOf\":{\"@id\":\"https:\/\/www.suno.com.br\/noticias\/#website\"},\"primaryImageOfPage\":{\"@id\":\"https:\/\/www.suno.com.br\/noticias\/embraer-processo-arbitragem-boeing\/#primaryimage\"},\"image\":{\"@id\":\"https:\/\/www.suno.com.br\/noticias\/embraer-processo-arbitragem-boeing\/#primaryimage\"},\"thumbnailUrl\":\"https:\/\/files.sunoresearch.com.br\/n\/uploads\/2018\/12\/6008c6d2-boeing-embraer-jpg.webp\",\"datePublished\":\"2020-04-27T18:47:06+00:00\",\"dateModified\":\"2020-04-27T21:57:17+00:00\",\"description\":\"A Embraer (EMBR3) anunciou que iniciou o o processo de arbitragem com Boieng, ap\u00f3s rescindir o acordo no s\u00e1bado (25). Clique para saber mais\",\"breadcrumb\":{\"@id\":\"https:\/\/www.suno.com.br\/noticias\/embraer-processo-arbitragem-boeing\/#breadcrumb\"},\"inLanguage\":\"pt-BR\",\"potentialAction\":[{\"@type\":\"ReadAction\",\"target\":[\"https:\/\/www.suno.com.br\/noticias\/embraer-processo-arbitragem-boeing\/\"]}]},{\"@type\":\"ImageObject\",\"inLanguage\":\"pt-BR\",\"@id\":\"https:\/\/www.suno.com.br\/noticias\/embraer-processo-arbitragem-boeing\/#primaryimage\",\"url\":\"https:\/\/files.sunoresearch.com.br\/n\/uploads\/2018\/12\/6008c6d2-boeing-embraer-jpg.webp\",\"contentUrl\":\"https:\/\/files.sunoresearch.com.br\/n\/uploads\/2018\/12\/6008c6d2-boeing-embraer-jpg.webp\",\"width\":960,\"height\":640,\"caption\":\"Embraer (EMBR3) abre processo de arbitragem contra Boeing\"},{\"@type\":\"BreadcrumbList\",\"@id\":\"https:\/\/www.suno.com.br\/noticias\/embraer-processo-arbitragem-boeing\/#breadcrumb\",\"itemListElement\":[{\"@type\":\"ListItem\",\"position\":1,\"name\":\"Not\u00edcias\",\"item\":\"https:\/\/www.suno.com.br\/noticias\/\"},{\"@type\":\"ListItem\",\"position\":2,\"name\":\"Neg\u00f3cios\",\"item\":\"https:\/\/www.suno.com.br\/noticias\/negocios\/\"},{\"@type\":\"ListItem\",\"position\":3,\"name\":\"Embraer (EMBR3) abre processo de arbitragem contra Boeing\"}]},{\"@type\":\"WebSite\",\"@id\":\"https:\/\/www.suno.com.br\/noticias\/#website\",\"url\":\"https:\/\/www.suno.com.br\/noticias\/\",\"name\":\"Suno Not\u00edcias\",\"description\":\"Seu portal de informa\u00e7\u00e3o sobre o mundo dos investimentos\",\"publisher\":{\"@id\":\"https:\/\/www.suno.com.br\/noticias\/#organization\"},\"potentialAction\":[{\"@type\":\"SearchAction\",\"target\":{\"@type\":\"EntryPoint\",\"urlTemplate\":\"https:\/\/www.suno.com.br\/noticias\/?s={search_term_string}\"},\"query-input\":{\"@type\":\"PropertyValueSpecification\",\"valueRequired\":true,\"valueName\":\"search_term_string\"}}],\"inLanguage\":\"pt-BR\"},{\"@type\":\"Organization\",\"@id\":\"https:\/\/www.suno.com.br\/noticias\/#organization\",\"name\":\"Suno Not\u00edcias\",\"url\":\"https:\/\/www.suno.com.br\/noticias\/\",\"logo\":{\"@type\":\"ImageObject\",\"inLanguage\":\"pt-BR\",\"@id\":\"https:\/\/www.suno.com.br\/noticias\/#\/schema\/logo\/image\/\",\"url\":\"https:\/\/files.sunoresearch.com.br\/n\/uploads\/2021\/09\/suno-logo.png\",\"contentUrl\":\"https:\/\/files.sunoresearch.com.br\/n\/uploads\/2021\/09\/suno-logo.png\",\"width\":180,\"height\":180,\"caption\":\"Suno Not\u00edcias\"},\"image\":{\"@id\":\"https:\/\/www.suno.com.br\/noticias\/#\/schema\/logo\/image\/\"},\"sameAs\":[\"https:\/\/facebook.com\/sunoresearch\",\"https:\/\/x.com\/sunoresearch\",\"https:\/\/www.instagram.com\/suno\",\"https:\/\/www.linkedin.com\/company\/suno-research\/\",\"https:\/\/www.youtube.com\/c\/sunoresearch\"]},{\"@type\":\"Person\",\"@id\":\"https:\/\/www.suno.com.br\/noticias\/#\/schema\/person\/053a750a709a263919a20f976caae91c\",\"name\":\"Arthur Guimar\u00e3es\",\"image\":{\"@type\":\"ImageObject\",\"inLanguage\":\"pt-BR\",\"@id\":\"https:\/\/www.suno.com.br\/noticias\/#\/schema\/person\/image\/\",\"url\":\"https:\/\/secure.gravatar.com\/avatar\/1affd86a11209ae09eb6dd3bcad3e96c?s=96&r=g\",\"contentUrl\":\"https:\/\/secure.gravatar.com\/avatar\/1affd86a11209ae09eb6dd3bcad3e96c?s=96&r=g\",\"caption\":\"Arthur Guimar\u00e3es\"},\"description\":\"Arthur Guimar\u00e3es escreve sobre pol\u00edtica, economia e neg\u00f3cios para o portal de not\u00edcias da Suno Research. Atualmente, \u00e9 estudante de jornalismo pela Faculdade C\u00e1sper L\u00edbero.\",\"url\":\"https:\/\/www.suno.com.br\/noticias\/author\/arthur-guimaraes\/\"}]}<\/script>\n<!-- \/ Yoast SEO plugin. -->","yoast_head_json":{"title":"Embraer (EMBR3) abre processo de arbitragem contra Boeing","description":"A Embraer (EMBR3) anunciou que iniciou o o processo de arbitragem com Boieng, ap\u00f3s rescindir o acordo no s\u00e1bado (25). Clique para saber mais","robots":{"index":"index","follow":"follow","max-snippet":"max-snippet:-1","max-image-preview":"max-image-preview:large","max-video-preview":"max-video-preview:-1"},"canonical":"https:\/\/www.suno.com.br\/noticias\/embraer-processo-arbitragem-boeing\/","og_locale":"pt_BR","og_type":"article","og_title":"Embraer (EMBR3) abre processo de arbitragem contra Boeing","og_description":"A Embraer (EMBR3) anunciou que iniciou o o processo de arbitragem com Boieng, ap\u00f3s rescindir o acordo no s\u00e1bado (25). Clique para saber mais","og_url":"https:\/\/www.suno.com.br\/noticias\/embraer-processo-arbitragem-boeing\/","og_site_name":"Suno Not\u00edcias","article_publisher":"https:\/\/facebook.com\/sunoresearch","og_image":[{"width":960,"height":640,"url":"https:\/\/files.sunoresearch.com.br\/n\/uploads\/2018\/12\/6008c6d2-boeing-embraer.jpg","type":"image\/jpeg"}],"author":"Arthur Guimar\u00e3es","twitter_card":"summary_large_image","twitter_creator":"@sunoresearch","twitter_site":"@sunoresearch","twitter_misc":{"Escrito por":"Arthur Guimar\u00e3es","Est. tempo de leitura":"2 minutos"},"schema":{"@context":"https:\/\/schema.org","@graph":[{"@type":"NewsArticle","@id":"https:\/\/www.suno.com.br\/noticias\/embraer-processo-arbitragem-boeing\/#article","isPartOf":{"@id":"https:\/\/www.suno.com.br\/noticias\/embraer-processo-arbitragem-boeing\/"},"author":{"name":"Arthur Guimar\u00e3es","@id":"https:\/\/www.suno.com.br\/noticias\/#\/schema\/person\/053a750a709a263919a20f976caae91c"},"headline":"Embraer (EMBR3) abre processo de arbitragem contra Boeing","datePublished":"2020-04-27T18:47:06+00:00","dateModified":"2020-04-27T21:57:17+00:00","mainEntityOfPage":{"@id":"https:\/\/www.suno.com.br\/noticias\/embraer-processo-arbitragem-boeing\/"},"wordCount":408,"publisher":{"@id":"https:\/\/www.suno.com.br\/noticias\/#organization"},"image":{"@id":"https:\/\/www.suno.com.br\/noticias\/embraer-processo-arbitragem-boeing\/#primaryimage"},"thumbnailUrl":"https:\/\/files.sunoresearch.com.br\/n\/uploads\/2018\/12\/6008c6d2-boeing-embraer-jpg.webp","keywords":["Boeing (BOEI34)","Embraer (EMBR3)"],"articleSection":["Neg\u00f3cios"],"inLanguage":"pt-BR"},{"@type":"WebPage","@id":"https:\/\/www.suno.com.br\/noticias\/embraer-processo-arbitragem-boeing\/","url":"https:\/\/www.suno.com.br\/noticias\/embraer-processo-arbitragem-boeing\/","name":"Embraer (EMBR3) abre processo de arbitragem contra Boeing","isPartOf":{"@id":"https:\/\/www.suno.com.br\/noticias\/#website"},"primaryImageOfPage":{"@id":"https:\/\/www.suno.com.br\/noticias\/embraer-processo-arbitragem-boeing\/#primaryimage"},"image":{"@id":"https:\/\/www.suno.com.br\/noticias\/embraer-processo-arbitragem-boeing\/#primaryimage"},"thumbnailUrl":"https:\/\/files.sunoresearch.com.br\/n\/uploads\/2018\/12\/6008c6d2-boeing-embraer-jpg.webp","datePublished":"2020-04-27T18:47:06+00:00","dateModified":"2020-04-27T21:57:17+00:00","description":"A Embraer (EMBR3) anunciou que iniciou o o processo de arbitragem com Boieng, ap\u00f3s rescindir o acordo no s\u00e1bado (25). Clique para saber mais","breadcrumb":{"@id":"https:\/\/www.suno.com.br\/noticias\/embraer-processo-arbitragem-boeing\/#breadcrumb"},"inLanguage":"pt-BR","potentialAction":[{"@type":"ReadAction","target":["https:\/\/www.suno.com.br\/noticias\/embraer-processo-arbitragem-boeing\/"]}]},{"@type":"ImageObject","inLanguage":"pt-BR","@id":"https:\/\/www.suno.com.br\/noticias\/embraer-processo-arbitragem-boeing\/#primaryimage","url":"https:\/\/files.sunoresearch.com.br\/n\/uploads\/2018\/12\/6008c6d2-boeing-embraer-jpg.webp","contentUrl":"https:\/\/files.sunoresearch.com.br\/n\/uploads\/2018\/12\/6008c6d2-boeing-embraer-jpg.webp","width":960,"height":640,"caption":"Embraer (EMBR3) abre processo de arbitragem contra Boeing"},{"@type":"BreadcrumbList","@id":"https:\/\/www.suno.com.br\/noticias\/embraer-processo-arbitragem-boeing\/#breadcrumb","itemListElement":[{"@type":"ListItem","position":1,"name":"Not\u00edcias","item":"https:\/\/www.suno.com.br\/noticias\/"},{"@type":"ListItem","position":2,"name":"Neg\u00f3cios","item":"https:\/\/www.suno.com.br\/noticias\/negocios\/"},{"@type":"ListItem","position":3,"name":"Embraer (EMBR3) abre processo de arbitragem contra Boeing"}]},{"@type":"WebSite","@id":"https:\/\/www.suno.com.br\/noticias\/#website","url":"https:\/\/www.suno.com.br\/noticias\/","name":"Suno Not\u00edcias","description":"Seu portal de informa\u00e7\u00e3o sobre o mundo dos investimentos","publisher":{"@id":"https:\/\/www.suno.com.br\/noticias\/#organization"},"potentialAction":[{"@type":"SearchAction","target":{"@type":"EntryPoint","urlTemplate":"https:\/\/www.suno.com.br\/noticias\/?s={search_term_string}"},"query-input":{"@type":"PropertyValueSpecification","valueRequired":true,"valueName":"search_term_string"}}],"inLanguage":"pt-BR"},{"@type":"Organization","@id":"https:\/\/www.suno.com.br\/noticias\/#organization","name":"Suno Not\u00edcias","url":"https:\/\/www.suno.com.br\/noticias\/","logo":{"@type":"ImageObject","inLanguage":"pt-BR","@id":"https:\/\/www.suno.com.br\/noticias\/#\/schema\/logo\/image\/","url":"https:\/\/files.sunoresearch.com.br\/n\/uploads\/2021\/09\/suno-logo.png","contentUrl":"https:\/\/files.sunoresearch.com.br\/n\/uploads\/2021\/09\/suno-logo.png","width":180,"height":180,"caption":"Suno Not\u00edcias"},"image":{"@id":"https:\/\/www.suno.com.br\/noticias\/#\/schema\/logo\/image\/"},"sameAs":["https:\/\/facebook.com\/sunoresearch","https:\/\/x.com\/sunoresearch","https:\/\/www.instagram.com\/suno","https:\/\/www.linkedin.com\/company\/suno-research\/","https:\/\/www.youtube.com\/c\/sunoresearch"]},{"@type":"Person","@id":"https:\/\/www.suno.com.br\/noticias\/#\/schema\/person\/053a750a709a263919a20f976caae91c","name":"Arthur Guimar\u00e3es","image":{"@type":"ImageObject","inLanguage":"pt-BR","@id":"https:\/\/www.suno.com.br\/noticias\/#\/schema\/person\/image\/","url":"https:\/\/secure.gravatar.com\/avatar\/1affd86a11209ae09eb6dd3bcad3e96c?s=96&r=g","contentUrl":"https:\/\/secure.gravatar.com\/avatar\/1affd86a11209ae09eb6dd3bcad3e96c?s=96&r=g","caption":"Arthur Guimar\u00e3es"},"description":"Arthur Guimar\u00e3es escreve sobre pol\u00edtica, economia e neg\u00f3cios para o portal de not\u00edcias da Suno Research. Atualmente, \u00e9 estudante de jornalismo pela Faculdade C\u00e1sper L\u00edbero.","url":"https:\/\/www.suno.com.br\/noticias\/author\/arthur-guimaraes\/"}]}},"default_loop_html":"<div class=\"cardsPage__listCard__boxs\"><div class=\"cardsPage__listCard__boxs__img\"><a href=\"https:\/\/www.suno.com.br\/noticias\/embraer-processo-arbitragem-boeing\/\"><img class=\"mask\" src=\"https:\/\/www.suno.com.br\/noticias\/wp-content\/themes\/suno\/resources\/images\/spotlight\/spotlight1img\/bg-mask.png\" alt=\"Image Mask\"\/><img src=\"https:\/\/files.sunoresearch.com.br\/n\/uploads\/2018\/12\/6008c6d2-boeing-embraer-400x200.webp\" alt=\"Embraer (EMBR3) abre processo de arbitragem contra Boeing\"\/><\/a><span class=\"spotlightCategory\"><a href=\"https:\/\/www.suno.com.br\/noticias\/negocios\/\">Neg\u00f3cios<\/a><\/span><\/div><div class=\"cardsPage__listCard__boxs__content\"><a href=\"https:\/\/www.suno.com.br\/noticias\/embraer-processo-arbitragem-boeing\/\"><h2 class=\"content__title\">Embraer (EMBR3) abre processo de arbitragem contra Boeing<\/h2><\/a><div class=\"newsContent__article__meta\"><div class=\"newsContent__article__meta__authorBox\"><a href=\"https:\/\/www.suno.com.br\/noticias\/author\/arthur-guimaraes\/\" class=\"authorBox__avatar noMobi\"><img src=\"https:\/\/files.sunoresearch.com.br\/n\/uploads\/2020\/02\/dfb40897-eu-150x150.webp\" alt=\"Arthur Guimar\u00e3es\"><\/a><div class=\"authorBox__name\"><span>por\n\t\t\t<a href=\"https:\/\/www.suno.com.br\/noticias\/author\/arthur-guimaraes\/\"><span itemprop=\"author\">Arthur Guimar\u00e3es<\/span><\/a><\/span><time datetime=\"2020-04-27T15:47:06-03:00\" itemprop=\"datePublished\">27\/04\/2020 15:47<\/time><\/div><\/div><\/div><\/div><\/div>","single_layout":"posts","amp_enabled":true,"_links":{"self":[{"href":"https:\/\/www.suno.com.br\/noticias\/wp-json\/wp\/v2\/posts\/62800"}],"collection":[{"href":"https:\/\/www.suno.com.br\/noticias\/wp-json\/wp\/v2\/posts"}],"about":[{"href":"https:\/\/www.suno.com.br\/noticias\/wp-json\/wp\/v2\/types\/post"}],"author":[{"embeddable":true,"href":"https:\/\/www.suno.com.br\/noticias\/wp-json\/wp\/v2\/users\/35"}],"replies":[{"embeddable":true,"href":"https:\/\/www.suno.com.br\/noticias\/wp-json\/wp\/v2\/comments?post=62800"}],"version-history":[{"count":0,"href":"https:\/\/www.suno.com.br\/noticias\/wp-json\/wp\/v2\/posts\/62800\/revisions"}],"wp:featuredmedia":[{"embeddable":true,"href":"https:\/\/www.suno.com.br\/noticias\/wp-json\/wp\/v2\/media\/8035"}],"wp:attachment":[{"href":"https:\/\/www.suno.com.br\/noticias\/wp-json\/wp\/v2\/media?parent=62800"}],"wp:term":[{"taxonomy":"category","embeddable":true,"href":"https:\/\/www.suno.com.br\/noticias\/wp-json\/wp\/v2\/categories?post=62800"},{"taxonomy":"post_tag","embeddable":true,"href":"https:\/\/www.suno.com.br\/noticias\/wp-json\/wp\/v2\/tags?post=62800"},{"taxonomy":"suno_strategy","embeddable":true,"href":"https:\/\/www.suno.com.br\/noticias\/wp-json\/wp\/v2\/suno_strategy?post=62800"}],"curies":[{"name":"wp","href":"https:\/\/api.w.org\/{rel}","templated":true}]}}