{"id":62784,"date":"2020-04-27T13:35:59","date_gmt":"2020-04-27T16:35:59","guid":{"rendered":"https:\/\/www.suno.com.br\/noticias\/?p=62784"},"modified":"2020-04-27T13:43:20","modified_gmt":"2020-04-27T16:43:20","slug":"coronavoucher-nao-ampliacao-auxilio-bolsonaro","status":"publish","type":"post","link":"https:\/\/www.suno.com.br\/noticias\/coronavoucher-nao-ampliacao-auxilio-bolsonaro\/","title":{"rendered":"Coronavoucher: N\u00e3o est\u00e1 prevista amplia\u00e7\u00e3o do aux\u00edlio, diz Bolsonaro"},"content":{"rendered":"<p>O presidente Jair Bolsonaro afirmou que a amplia\u00e7\u00e3o do pagamento do aux\u00edlio emergencial, apelidado de &#8220;<strong>coronavoucher<\/strong>&#8220;, n\u00e3o est\u00e1 prevista. O valor atual do aux\u00edlio \u00e9 de R$ 600 e, atualmente, ele \u00e9 destinado a trabalhadores informais que est\u00e3o com dificuldades devido a perda de renda em decorr\u00eancia da crise provocada pelo <a href=\"https:\/\/www.suno.com.br\/noticias\/tags\/covid-19\/\">coronav\u00edrus (Covid-19)<\/a>. A fala do mandat\u00e1rio foi proferida nesta segunda-feira (27).<\/p>\t<div class=\"wrapper-featured-image\">\n\t\t<figure class=\"spotlightImg\">\n\n\t\t\t<picture>\n\t\t\t\t<source media=\"(max-width: 768px)\" srcset=\"https:\/\/files.sunoresearch.com.br\/n\/uploads\/2019\/08\/3e67fec1-jair-bolsonaro-400x200.webp\">\n\t\t\t\t<img loading=\"lazy\" decoding=\"async\" class=\"newsContent__article__imgCapa lazyloadDisabled newsContent__article__imgCapa--noCaption\" src=\"https:\/\/files.sunoresearch.com.br\/n\/uploads\/2019\/08\/3e67fec1-jair-bolsonaro-jpg.webp\" width=\"800\" height=\"450\" alt=\"Coronavoucher: N\u00e3o est\u00e1 prevista amplia\u00e7\u00e3o do aux\u00edlio, diz Bolsonaro\" fetchpriority=high \/>\n\t\t\t<\/picture>\n\n\t\t\t<figcaption class=\"wp-caption-text wp-caption-text--hide\">Bolsonaro assina decreto para estudos de privatiza\u00e7\u00e3o do SUS<\/figcaption>\n\t\t<\/figure>\n\t<\/div>\n\n\n\n<p>\u201cS\u00e3o tr\u00eas parcelas de R$ 600. N\u00e3o est\u00e1 prevista amplia\u00e7\u00e3o at\u00e9 porque cada parcela est\u00e1 na casa um pouco acima de R$ 30 bilh\u00f5es\u201d, afirmou o presidente sobre o &#8216;coronavoucher&#8217;.<\/p>\n<p><a href=\"https:\/\/www.suno.com.br\/noticias\/coronavoucher-caixa-suspende-antecipacao-da-segunda-parcela\/\">Veja tamb\u00e9m: Coronavoucher: Caixa suspende antecipa\u00e7\u00e3o da segunda parcela<\/a><\/p>\n<p><strong>Bolsonaro<\/strong> tamb\u00e9m disse que para que outras categorias sejam inclu\u00eddas no aux\u00edlio, ele precisa ser convencido para ainda estudar a medida. Ele ainda acrescentou que o governo precisar\u00e1 ter recursos para que isso aconte\u00e7a.<\/p>\n<p><a href=\"https:\/\/lp.suno.com.br\/suno-one\/\">Garanta acesso gratuito \u00e0 eBooks, Minicursos, Artigos e Video Aulas com um \u00fanico cadastro. Clique para saber mais.<\/a><\/p>\n<p>No dia 22 de abril, o Congresso aprovou o projeto que estende o aux\u00edlio a m\u00e3es adolescentes e pais solteiros (que ganhariam o valor em dobro).<\/p>\n<p>Bolsonaro pode sancionar o texto de forma integral, parcial ou vet\u00e1-lo. \u201cIsso da\u00ed por enquanto n\u00e3o est\u00e1 previsto. Se houver necessidade, se nos convencerem e se tiver recursos para tal, a gente estuda e defere ou n\u00e3o\u201d, disse o presidente.<\/p>\n<h2>Coronavoucher: saques do aux\u00edlio come\u00e7am nesta segunda<\/h2>\n<p>O Governo Federal come\u00e7ou a liberar os saques do aux\u00edlio emergencial de R$ 600, para trabalhadores informais, conhecido como coronavoucher, nesta segunda-feira (27).\u00a0 At\u00e9 ent\u00e3o, o dinheiro vinha sendo disponibilizado apenas na forma de cr\u00e9dito em contas.<\/p>\n<p>Os pagamentos do <strong>coronavoucher<\/strong> ser\u00e3o escalonados, ou seja, o trabalhador poder\u00e1 sacar conforme a data de seu nascimento. O objetivo \u00e9 evitar aglomera\u00e7\u00f5es nas portas das ag\u00eancias e das casas lot\u00e9ricas.<\/p>\n\n","protected":false},"excerpt":{"rendered":"<p>O presidente Jair Bolsonaro afirmou que a amplia\u00e7\u00e3o do pagamento do aux\u00edlio emergencial, apelidado de &#8220;coronavoucher&#8220;, n\u00e3o est\u00e1 prevista. O valor atual do aux\u00edlio \u00e9 de R$ 600 e, atualmente, ele \u00e9 destinado a trabalhadores informais que est\u00e3o com dificuldades devido a perda de renda em decorr\u00eancia da crise provocada pelo coronav\u00edrus (Covid-19). A fala [&hellip;]<\/p>\n","protected":false},"author":19,"featured_media":34394,"comment_status":"closed","ping_status":"closed","sticky":false,"template":"","format":"standard","meta":[],"categories":[62],"tags":[12737,719],"suno_strategy":[],"class_list":["post-62784","post","type-post","status-publish","format-standard","has-post-thumbnail","hentry","category-economia","tag-coronavoucher","tag-jair-bolsonaro"],"yoast_head":"<!-- This site is optimized with the Yoast SEO plugin v24.4 - https:\/\/yoast.com\/wordpress\/plugins\/seo\/ -->\n<title>Coronavoucher: N\u00e3o est\u00e1 prevista amplia\u00e7\u00e3o do aux\u00edlio, diz Bolsonaro<\/title>\n<meta name=\"description\" content=\"O presidente Jair Bolsonaro afirmou que a amplia\u00e7\u00e3o do pagamento do aux\u00edlio emergencial, apelidado de &quot;coronavoucher&quot;, n\u00e3o est\u00e1 prevista.\" \/>\n<meta name=\"robots\" content=\"index, follow, max-snippet:-1, max-image-preview:large, max-video-preview:-1\" \/>\n<link rel=\"canonical\" href=\"https:\/\/www.suno.com.br\/noticias\/coronavoucher-nao-ampliacao-auxilio-bolsonaro\/\" \/>\n<meta property=\"og:locale\" content=\"pt_BR\" \/>\n<meta property=\"og:type\" content=\"article\" \/>\n<meta property=\"og:title\" content=\"Coronavoucher: N\u00e3o est\u00e1 prevista amplia\u00e7\u00e3o do aux\u00edlio, diz Bolsonaro\" \/>\n<meta property=\"og:description\" content=\"O presidente Jair Bolsonaro afirmou que a amplia\u00e7\u00e3o do pagamento do aux\u00edlio emergencial, apelidado de &quot;coronavoucher&quot;, n\u00e3o est\u00e1 prevista.\" \/>\n<meta property=\"og:url\" content=\"https:\/\/www.suno.com.br\/noticias\/coronavoucher-nao-ampliacao-auxilio-bolsonaro\/\" \/>\n<meta property=\"og:site_name\" content=\"Suno Not\u00edcias\" \/>\n<meta property=\"article:publisher\" content=\"https:\/\/facebook.com\/sunoresearch\" \/>\n<meta property=\"og:image\" content=\"https:\/\/files.sunoresearch.com.br\/n\/uploads\/2019\/08\/3e67fec1-jair-bolsonaro.jpg\" \/>\n\t<meta property=\"og:image:width\" content=\"675\" \/>\n\t<meta property=\"og:image:height\" content=\"450\" \/>\n\t<meta property=\"og:image:type\" content=\"image\/jpeg\" \/>\n<meta name=\"author\" content=\"Juliano Passaro\" \/>\n<meta name=\"twitter:card\" content=\"summary_large_image\" \/>\n<meta name=\"twitter:creator\" content=\"@sunoresearch\" \/>\n<meta name=\"twitter:site\" content=\"@sunoresearch\" \/>\n<meta name=\"twitter:label1\" content=\"Escrito por\" \/>\n\t<meta name=\"twitter:data1\" content=\"Juliano Passaro\" \/>\n\t<meta name=\"twitter:label2\" content=\"Est. tempo de leitura\" \/>\n\t<meta name=\"twitter:data2\" content=\"2 minutos\" \/>\n<script type=\"application\/ld+json\" class=\"yoast-schema-graph\">{\"@context\":\"https:\/\/schema.org\",\"@graph\":[{\"@type\":\"NewsArticle\",\"@id\":\"https:\/\/www.suno.com.br\/noticias\/coronavoucher-nao-ampliacao-auxilio-bolsonaro\/#article\",\"isPartOf\":{\"@id\":\"https:\/\/www.suno.com.br\/noticias\/coronavoucher-nao-ampliacao-auxilio-bolsonaro\/\"},\"author\":{\"name\":\"Juliano Passaro\",\"@id\":\"https:\/\/www.suno.com.br\/noticias\/#\/schema\/person\/1db762f78ffd8919a648a63e425953e3\"},\"headline\":\"Coronavoucher: N\u00e3o est\u00e1 prevista amplia\u00e7\u00e3o do aux\u00edlio, diz Bolsonaro\",\"datePublished\":\"2020-04-27T16:35:59+00:00\",\"dateModified\":\"2020-04-27T16:43:20+00:00\",\"mainEntityOfPage\":{\"@id\":\"https:\/\/www.suno.com.br\/noticias\/coronavoucher-nao-ampliacao-auxilio-bolsonaro\/\"},\"wordCount\":337,\"publisher\":{\"@id\":\"https:\/\/www.suno.com.br\/noticias\/#organization\"},\"image\":{\"@id\":\"https:\/\/www.suno.com.br\/noticias\/coronavoucher-nao-ampliacao-auxilio-bolsonaro\/#primaryimage\"},\"thumbnailUrl\":\"https:\/\/files.sunoresearch.com.br\/n\/uploads\/2019\/08\/3e67fec1-jair-bolsonaro-jpg.webp\",\"keywords\":[\"coronavoucher\",\"Jair Bolsonaro\"],\"articleSection\":[\"Economia\"],\"inLanguage\":\"pt-BR\"},{\"@type\":\"WebPage\",\"@id\":\"https:\/\/www.suno.com.br\/noticias\/coronavoucher-nao-ampliacao-auxilio-bolsonaro\/\",\"url\":\"https:\/\/www.suno.com.br\/noticias\/coronavoucher-nao-ampliacao-auxilio-bolsonaro\/\",\"name\":\"Coronavoucher: N\u00e3o est\u00e1 prevista amplia\u00e7\u00e3o do aux\u00edlio, diz Bolsonaro\",\"isPartOf\":{\"@id\":\"https:\/\/www.suno.com.br\/noticias\/#website\"},\"primaryImageOfPage\":{\"@id\":\"https:\/\/www.suno.com.br\/noticias\/coronavoucher-nao-ampliacao-auxilio-bolsonaro\/#primaryimage\"},\"image\":{\"@id\":\"https:\/\/www.suno.com.br\/noticias\/coronavoucher-nao-ampliacao-auxilio-bolsonaro\/#primaryimage\"},\"thumbnailUrl\":\"https:\/\/files.sunoresearch.com.br\/n\/uploads\/2019\/08\/3e67fec1-jair-bolsonaro-jpg.webp\",\"datePublished\":\"2020-04-27T16:35:59+00:00\",\"dateModified\":\"2020-04-27T16:43:20+00:00\",\"description\":\"O presidente Jair Bolsonaro afirmou que a amplia\u00e7\u00e3o do pagamento do aux\u00edlio emergencial, apelidado de \\\"coronavoucher\\\", n\u00e3o est\u00e1 prevista.\",\"breadcrumb\":{\"@id\":\"https:\/\/www.suno.com.br\/noticias\/coronavoucher-nao-ampliacao-auxilio-bolsonaro\/#breadcrumb\"},\"inLanguage\":\"pt-BR\",\"potentialAction\":[{\"@type\":\"ReadAction\",\"target\":[\"https:\/\/www.suno.com.br\/noticias\/coronavoucher-nao-ampliacao-auxilio-bolsonaro\/\"]}]},{\"@type\":\"ImageObject\",\"inLanguage\":\"pt-BR\",\"@id\":\"https:\/\/www.suno.com.br\/noticias\/coronavoucher-nao-ampliacao-auxilio-bolsonaro\/#primaryimage\",\"url\":\"https:\/\/files.sunoresearch.com.br\/n\/uploads\/2019\/08\/3e67fec1-jair-bolsonaro-jpg.webp\",\"contentUrl\":\"https:\/\/files.sunoresearch.com.br\/n\/uploads\/2019\/08\/3e67fec1-jair-bolsonaro-jpg.webp\",\"width\":675,\"height\":450,\"caption\":\"Bolsonaro assina decreto para estudos de privatiza\u00e7\u00e3o do SUS\"},{\"@type\":\"BreadcrumbList\",\"@id\":\"https:\/\/www.suno.com.br\/noticias\/coronavoucher-nao-ampliacao-auxilio-bolsonaro\/#breadcrumb\",\"itemListElement\":[{\"@type\":\"ListItem\",\"position\":1,\"name\":\"Not\u00edcias\",\"item\":\"https:\/\/www.suno.com.br\/noticias\/\"},{\"@type\":\"ListItem\",\"position\":2,\"name\":\"Economia\",\"item\":\"https:\/\/www.suno.com.br\/noticias\/economia\/\"},{\"@type\":\"ListItem\",\"position\":3,\"name\":\"Coronavoucher: N\u00e3o est\u00e1 prevista amplia\u00e7\u00e3o do aux\u00edlio, diz Bolsonaro\"}]},{\"@type\":\"WebSite\",\"@id\":\"https:\/\/www.suno.com.br\/noticias\/#website\",\"url\":\"https:\/\/www.suno.com.br\/noticias\/\",\"name\":\"Suno Not\u00edcias\",\"description\":\"Seu portal de informa\u00e7\u00e3o sobre o mundo dos investimentos\",\"publisher\":{\"@id\":\"https:\/\/www.suno.com.br\/noticias\/#organization\"},\"potentialAction\":[{\"@type\":\"SearchAction\",\"target\":{\"@type\":\"EntryPoint\",\"urlTemplate\":\"https:\/\/www.suno.com.br\/noticias\/?s={search_term_string}\"},\"query-input\":{\"@type\":\"PropertyValueSpecification\",\"valueRequired\":true,\"valueName\":\"search_term_string\"}}],\"inLanguage\":\"pt-BR\"},{\"@type\":\"Organization\",\"@id\":\"https:\/\/www.suno.com.br\/noticias\/#organization\",\"name\":\"Suno Not\u00edcias\",\"url\":\"https:\/\/www.suno.com.br\/noticias\/\",\"logo\":{\"@type\":\"ImageObject\",\"inLanguage\":\"pt-BR\",\"@id\":\"https:\/\/www.suno.com.br\/noticias\/#\/schema\/logo\/image\/\",\"url\":\"https:\/\/files.sunoresearch.com.br\/n\/uploads\/2021\/09\/suno-logo.png\",\"contentUrl\":\"https:\/\/files.sunoresearch.com.br\/n\/uploads\/2021\/09\/suno-logo.png\",\"width\":180,\"height\":180,\"caption\":\"Suno Not\u00edcias\"},\"image\":{\"@id\":\"https:\/\/www.suno.com.br\/noticias\/#\/schema\/logo\/image\/\"},\"sameAs\":[\"https:\/\/facebook.com\/sunoresearch\",\"https:\/\/x.com\/sunoresearch\",\"https:\/\/www.instagram.com\/suno\",\"https:\/\/www.linkedin.com\/company\/suno-research\/\",\"https:\/\/www.youtube.com\/c\/sunoresearch\"]},{\"@type\":\"Person\",\"@id\":\"https:\/\/www.suno.com.br\/noticias\/#\/schema\/person\/1db762f78ffd8919a648a63e425953e3\",\"name\":\"Juliano Passaro\",\"image\":{\"@type\":\"ImageObject\",\"inLanguage\":\"pt-BR\",\"@id\":\"https:\/\/www.suno.com.br\/noticias\/#\/schema\/person\/image\/\",\"url\":\"https:\/\/secure.gravatar.com\/avatar\/743d4df28eebf6dcc46b4ad03c319e92?s=96&r=g\",\"contentUrl\":\"https:\/\/secure.gravatar.com\/avatar\/743d4df28eebf6dcc46b4ad03c319e92?s=96&r=g\",\"caption\":\"Juliano Passaro\"},\"description\":\"Juliano Passaro escreve sobre pol\u00edtica, economia e neg\u00f3cios para o portal da Suno Research. Antes da Suno, trabalhou no Portal da Band. \u00c9 formado em jornalismo pela Universidade Presbiteriana Mackenzie.\",\"url\":\"https:\/\/www.suno.com.br\/noticias\/author\/juliano\/\"}]}<\/script>\n<!-- \/ Yoast SEO plugin. -->","yoast_head_json":{"title":"Coronavoucher: N\u00e3o est\u00e1 prevista amplia\u00e7\u00e3o do aux\u00edlio, diz Bolsonaro","description":"O presidente Jair Bolsonaro afirmou que a amplia\u00e7\u00e3o do pagamento do aux\u00edlio emergencial, apelidado de \"coronavoucher\", n\u00e3o est\u00e1 prevista.","robots":{"index":"index","follow":"follow","max-snippet":"max-snippet:-1","max-image-preview":"max-image-preview:large","max-video-preview":"max-video-preview:-1"},"canonical":"https:\/\/www.suno.com.br\/noticias\/coronavoucher-nao-ampliacao-auxilio-bolsonaro\/","og_locale":"pt_BR","og_type":"article","og_title":"Coronavoucher: N\u00e3o est\u00e1 prevista amplia\u00e7\u00e3o do aux\u00edlio, diz Bolsonaro","og_description":"O presidente Jair Bolsonaro afirmou que a amplia\u00e7\u00e3o do pagamento do aux\u00edlio emergencial, apelidado de \"coronavoucher\", n\u00e3o est\u00e1 prevista.","og_url":"https:\/\/www.suno.com.br\/noticias\/coronavoucher-nao-ampliacao-auxilio-bolsonaro\/","og_site_name":"Suno Not\u00edcias","article_publisher":"https:\/\/facebook.com\/sunoresearch","og_image":[{"width":675,"height":450,"url":"https:\/\/files.sunoresearch.com.br\/n\/uploads\/2019\/08\/3e67fec1-jair-bolsonaro.jpg","type":"image\/jpeg"}],"author":"Juliano Passaro","twitter_card":"summary_large_image","twitter_creator":"@sunoresearch","twitter_site":"@sunoresearch","twitter_misc":{"Escrito por":"Juliano Passaro","Est. tempo de leitura":"2 minutos"},"schema":{"@context":"https:\/\/schema.org","@graph":[{"@type":"NewsArticle","@id":"https:\/\/www.suno.com.br\/noticias\/coronavoucher-nao-ampliacao-auxilio-bolsonaro\/#article","isPartOf":{"@id":"https:\/\/www.suno.com.br\/noticias\/coronavoucher-nao-ampliacao-auxilio-bolsonaro\/"},"author":{"name":"Juliano Passaro","@id":"https:\/\/www.suno.com.br\/noticias\/#\/schema\/person\/1db762f78ffd8919a648a63e425953e3"},"headline":"Coronavoucher: N\u00e3o est\u00e1 prevista amplia\u00e7\u00e3o do aux\u00edlio, diz Bolsonaro","datePublished":"2020-04-27T16:35:59+00:00","dateModified":"2020-04-27T16:43:20+00:00","mainEntityOfPage":{"@id":"https:\/\/www.suno.com.br\/noticias\/coronavoucher-nao-ampliacao-auxilio-bolsonaro\/"},"wordCount":337,"publisher":{"@id":"https:\/\/www.suno.com.br\/noticias\/#organization"},"image":{"@id":"https:\/\/www.suno.com.br\/noticias\/coronavoucher-nao-ampliacao-auxilio-bolsonaro\/#primaryimage"},"thumbnailUrl":"https:\/\/files.sunoresearch.com.br\/n\/uploads\/2019\/08\/3e67fec1-jair-bolsonaro-jpg.webp","keywords":["coronavoucher","Jair Bolsonaro"],"articleSection":["Economia"],"inLanguage":"pt-BR"},{"@type":"WebPage","@id":"https:\/\/www.suno.com.br\/noticias\/coronavoucher-nao-ampliacao-auxilio-bolsonaro\/","url":"https:\/\/www.suno.com.br\/noticias\/coronavoucher-nao-ampliacao-auxilio-bolsonaro\/","name":"Coronavoucher: N\u00e3o est\u00e1 prevista amplia\u00e7\u00e3o do aux\u00edlio, diz Bolsonaro","isPartOf":{"@id":"https:\/\/www.suno.com.br\/noticias\/#website"},"primaryImageOfPage":{"@id":"https:\/\/www.suno.com.br\/noticias\/coronavoucher-nao-ampliacao-auxilio-bolsonaro\/#primaryimage"},"image":{"@id":"https:\/\/www.suno.com.br\/noticias\/coronavoucher-nao-ampliacao-auxilio-bolsonaro\/#primaryimage"},"thumbnailUrl":"https:\/\/files.sunoresearch.com.br\/n\/uploads\/2019\/08\/3e67fec1-jair-bolsonaro-jpg.webp","datePublished":"2020-04-27T16:35:59+00:00","dateModified":"2020-04-27T16:43:20+00:00","description":"O presidente Jair Bolsonaro afirmou que a amplia\u00e7\u00e3o do pagamento do aux\u00edlio emergencial, apelidado de \"coronavoucher\", n\u00e3o est\u00e1 prevista.","breadcrumb":{"@id":"https:\/\/www.suno.com.br\/noticias\/coronavoucher-nao-ampliacao-auxilio-bolsonaro\/#breadcrumb"},"inLanguage":"pt-BR","potentialAction":[{"@type":"ReadAction","target":["https:\/\/www.suno.com.br\/noticias\/coronavoucher-nao-ampliacao-auxilio-bolsonaro\/"]}]},{"@type":"ImageObject","inLanguage":"pt-BR","@id":"https:\/\/www.suno.com.br\/noticias\/coronavoucher-nao-ampliacao-auxilio-bolsonaro\/#primaryimage","url":"https:\/\/files.sunoresearch.com.br\/n\/uploads\/2019\/08\/3e67fec1-jair-bolsonaro-jpg.webp","contentUrl":"https:\/\/files.sunoresearch.com.br\/n\/uploads\/2019\/08\/3e67fec1-jair-bolsonaro-jpg.webp","width":675,"height":450,"caption":"Bolsonaro assina decreto para estudos de privatiza\u00e7\u00e3o do SUS"},{"@type":"BreadcrumbList","@id":"https:\/\/www.suno.com.br\/noticias\/coronavoucher-nao-ampliacao-auxilio-bolsonaro\/#breadcrumb","itemListElement":[{"@type":"ListItem","position":1,"name":"Not\u00edcias","item":"https:\/\/www.suno.com.br\/noticias\/"},{"@type":"ListItem","position":2,"name":"Economia","item":"https:\/\/www.suno.com.br\/noticias\/economia\/"},{"@type":"ListItem","position":3,"name":"Coronavoucher: N\u00e3o est\u00e1 prevista amplia\u00e7\u00e3o do aux\u00edlio, diz Bolsonaro"}]},{"@type":"WebSite","@id":"https:\/\/www.suno.com.br\/noticias\/#website","url":"https:\/\/www.suno.com.br\/noticias\/","name":"Suno Not\u00edcias","description":"Seu portal de informa\u00e7\u00e3o sobre o mundo dos investimentos","publisher":{"@id":"https:\/\/www.suno.com.br\/noticias\/#organization"},"potentialAction":[{"@type":"SearchAction","target":{"@type":"EntryPoint","urlTemplate":"https:\/\/www.suno.com.br\/noticias\/?s={search_term_string}"},"query-input":{"@type":"PropertyValueSpecification","valueRequired":true,"valueName":"search_term_string"}}],"inLanguage":"pt-BR"},{"@type":"Organization","@id":"https:\/\/www.suno.com.br\/noticias\/#organization","name":"Suno Not\u00edcias","url":"https:\/\/www.suno.com.br\/noticias\/","logo":{"@type":"ImageObject","inLanguage":"pt-BR","@id":"https:\/\/www.suno.com.br\/noticias\/#\/schema\/logo\/image\/","url":"https:\/\/files.sunoresearch.com.br\/n\/uploads\/2021\/09\/suno-logo.png","contentUrl":"https:\/\/files.sunoresearch.com.br\/n\/uploads\/2021\/09\/suno-logo.png","width":180,"height":180,"caption":"Suno Not\u00edcias"},"image":{"@id":"https:\/\/www.suno.com.br\/noticias\/#\/schema\/logo\/image\/"},"sameAs":["https:\/\/facebook.com\/sunoresearch","https:\/\/x.com\/sunoresearch","https:\/\/www.instagram.com\/suno","https:\/\/www.linkedin.com\/company\/suno-research\/","https:\/\/www.youtube.com\/c\/sunoresearch"]},{"@type":"Person","@id":"https:\/\/www.suno.com.br\/noticias\/#\/schema\/person\/1db762f78ffd8919a648a63e425953e3","name":"Juliano Passaro","image":{"@type":"ImageObject","inLanguage":"pt-BR","@id":"https:\/\/www.suno.com.br\/noticias\/#\/schema\/person\/image\/","url":"https:\/\/secure.gravatar.com\/avatar\/743d4df28eebf6dcc46b4ad03c319e92?s=96&r=g","contentUrl":"https:\/\/secure.gravatar.com\/avatar\/743d4df28eebf6dcc46b4ad03c319e92?s=96&r=g","caption":"Juliano Passaro"},"description":"Juliano Passaro escreve sobre pol\u00edtica, economia e neg\u00f3cios para o portal da Suno Research. Antes da Suno, trabalhou no Portal da Band. \u00c9 formado em jornalismo pela Universidade Presbiteriana Mackenzie.","url":"https:\/\/www.suno.com.br\/noticias\/author\/juliano\/"}]}},"default_loop_html":"<div class=\"cardsPage__listCard__boxs\"><div class=\"cardsPage__listCard__boxs__img\"><a href=\"https:\/\/www.suno.com.br\/noticias\/coronavoucher-nao-ampliacao-auxilio-bolsonaro\/\"><img class=\"mask\" src=\"https:\/\/www.suno.com.br\/noticias\/wp-content\/themes\/suno\/resources\/images\/spotlight\/spotlight1img\/bg-mask.png\" alt=\"Image Mask\"\/><img src=\"https:\/\/files.sunoresearch.com.br\/n\/uploads\/2019\/08\/3e67fec1-jair-bolsonaro-400x200.webp\" alt=\"Coronavoucher: N\u00e3o est\u00e1 prevista amplia\u00e7\u00e3o do aux\u00edlio, diz Bolsonaro\"\/><\/a><span class=\"spotlightCategory\"><a href=\"https:\/\/www.suno.com.br\/noticias\/economia\/\">Economia<\/a><\/span><\/div><div class=\"cardsPage__listCard__boxs__content\"><a href=\"https:\/\/www.suno.com.br\/noticias\/coronavoucher-nao-ampliacao-auxilio-bolsonaro\/\"><h2 class=\"content__title\">Coronavoucher: N\u00e3o est\u00e1 prevista amplia\u00e7\u00e3o do aux\u00edlio, diz Bolsonaro<\/h2><\/a><div class=\"newsContent__article__meta\"><div class=\"newsContent__article__meta__authorBox\"><a href=\"https:\/\/www.suno.com.br\/noticias\/author\/juliano\/\" class=\"authorBox__avatar noMobi\"><img src=\"https:\/\/files.sunoresearch.com.br\/n\/uploads\/2019\/06\/7cc3efea-whatsapp-image-2019-07-18-at-21.59.33-e1563499821209-150x150.webp\" alt=\"Juliano Passaro\"><\/a><div class=\"authorBox__name\"><span>por\n\t\t\t<a href=\"https:\/\/www.suno.com.br\/noticias\/author\/juliano\/\"><span itemprop=\"author\">Juliano Passaro<\/span><\/a><\/span><time datetime=\"2020-04-27T13:35:59-03:00\" itemprop=\"datePublished\">27\/04\/2020 13:35<\/time><\/div><\/div><\/div><\/div><\/div>","single_layout":"posts","amp_enabled":true,"_links":{"self":[{"href":"https:\/\/www.suno.com.br\/noticias\/wp-json\/wp\/v2\/posts\/62784"}],"collection":[{"href":"https:\/\/www.suno.com.br\/noticias\/wp-json\/wp\/v2\/posts"}],"about":[{"href":"https:\/\/www.suno.com.br\/noticias\/wp-json\/wp\/v2\/types\/post"}],"author":[{"embeddable":true,"href":"https:\/\/www.suno.com.br\/noticias\/wp-json\/wp\/v2\/users\/19"}],"replies":[{"embeddable":true,"href":"https:\/\/www.suno.com.br\/noticias\/wp-json\/wp\/v2\/comments?post=62784"}],"version-history":[{"count":0,"href":"https:\/\/www.suno.com.br\/noticias\/wp-json\/wp\/v2\/posts\/62784\/revisions"}],"wp:featuredmedia":[{"embeddable":true,"href":"https:\/\/www.suno.com.br\/noticias\/wp-json\/wp\/v2\/media\/34394"}],"wp:attachment":[{"href":"https:\/\/www.suno.com.br\/noticias\/wp-json\/wp\/v2\/media?parent=62784"}],"wp:term":[{"taxonomy":"category","embeddable":true,"href":"https:\/\/www.suno.com.br\/noticias\/wp-json\/wp\/v2\/categories?post=62784"},{"taxonomy":"post_tag","embeddable":true,"href":"https:\/\/www.suno.com.br\/noticias\/wp-json\/wp\/v2\/tags?post=62784"},{"taxonomy":"suno_strategy","embeddable":true,"href":"https:\/\/www.suno.com.br\/noticias\/wp-json\/wp\/v2\/suno_strategy?post=62784"}],"curies":[{"name":"wp","href":"https:\/\/api.w.org\/{rel}","templated":true}]}}