{"id":62769,"date":"2020-04-27T11:48:57","date_gmt":"2020-04-27T14:48:57","guid":{"rendered":"https:\/\/www.suno.com.br\/noticias\/?p=62769"},"modified":"2020-04-27T11:48:57","modified_gmt":"2020-04-27T14:48:57","slug":"embraer-embr3-podera-negociar-com-outras-empresas","status":"publish","type":"post","link":"https:\/\/www.suno.com.br\/noticias\/embraer-embr3-podera-negociar-com-outras-empresas\/","title":{"rendered":"Embraer (EMBR3) poder\u00e1 negociar com outras empresas, diz Bolsonaro"},"content":{"rendered":"<p>O presidente Jair Bolsonaro afirmou, nesta segunda-feira (27), que a <a href=\"https:\/\/www.suno.com.br\/acoes\/embr3\/\"><strong>Embraer<\/strong> (EMBR3)<\/a> poder\u00e1 negociar com outras empresas devido ao fim das negocia\u00e7\u00f5es junto \u00e0 Boieng (<a href=\"https:\/\/www.suno.com.br\/artigos\/nyse\/\">NYSE<\/a>: BA). A negocia\u00e7\u00e3o com a fabricante norte-americana de US$ 4,2 bilh\u00f5es (R$ 23,8 bilh\u00f5es) consistia na fus\u00e3o das duas empresas, com participa\u00e7\u00e3o de 80% da Boeing.<\/p>\t<div class=\"wrapper-featured-image\">\n\t\t<figure class=\"spotlightImg\">\n\n\t\t\t<picture>\n\t\t\t\t<source media=\"(max-width: 768px)\" srcset=\"https:\/\/files.sunoresearch.com.br\/n\/uploads\/2019\/11\/e69fc594-embraer_foto_divulgacao-400x200.webp\">\n\t\t\t\t<img loading=\"lazy\" decoding=\"async\" class=\"newsContent__article__imgCapa lazyloadDisabled newsContent__article__imgCapa--noCaption\" src=\"https:\/\/files.sunoresearch.com.br\/n\/uploads\/2019\/11\/e69fc594-embraer_foto_divulgacao-800x450.webp\" width=\"800\" height=\"450\" alt=\"Embraer (EMBR3) poder\u00e1 negociar com outras empresas, diz Bolsonaro\" fetchpriority=high \/>\n\t\t\t<\/picture>\n\n\t\t\t<figcaption class=\"wp-caption-text wp-caption-text--hide\">A Embraer (EMBR3) apresentou, na manh\u00e3 desta ter\u00e7a-feira, um preju\u00edzo l\u00edquido de R$ 797,5 milh\u00f5es auferido no terceiro trimestre. <\/figcaption>\n\t\t<\/figure>\n\t<\/div>\n\n\n\n<p>\u201cEstamos avaliando. Tem <a href=\"https:\/\/www.suno.com.br\/artigos\/golden-share\/\"><em>golden share<\/em><\/a>, \u00e9 minha, eu assino. Se o neg\u00f3cio for desfeito, talvez se recomece uma nova negocia\u00e7\u00e3o com outra empresa\u201d, disse Bolsonaro em entrevista coletiva no Pal\u00e1cio da Alvorada, ao lado do ministro da economia, Paulo Guedes.<\/p>\n<p><a href=\"https:\/\/lp.suno.com.br\/suno-one\/\">Garanta acesso gratuito \u00e0 eBooks, Minicursos, Artigos e Video Aulas com um \u00fanico cadastro. Clique para saber mais!<\/a><\/p>\n<p>O an\u00fancio do acordo entre as companhias, divulgado em 2017, foi desfeito na manh\u00e3 do \u00faltimo s\u00e1bado (25) pela <strong>Boeing<\/strong>, alegando que a Embraer n\u00e3o cumpriu as etapas estabelecidas em contrato para separar a sua linha de avi\u00f5es regionais, com o intuito de formatar a nova empresa. As partes tinham at\u00e9 a meia-noite da \u00faltima sexta-feira (24) para fechar o acordo em termos t\u00e9cnicos, o que n\u00e3o ocorreu.<\/p>\n<p>A companhia brasileira acusou a gigante norte-americana de deslealdade e prometeu ir \u00e0 Justi\u00e7a. No mesmo dia, em nota, a Embraer disse que &#8220;acredita firmemente que a Boeing rescindiu indevidamente o <strong>Acordo Global da Opera\u00e7\u00e3o (MTA<\/strong>, na sigla em ingl\u00eas) e fabricou falsas alega\u00e7\u00f5es&#8221;.<\/p>\n<p>Francisco Gomes Neto, presidente da Embraer, gravou um v\u00eddeo dando sua vers\u00e3o dos fatos, salientando que &#8220;lamenta a decis\u00e3o&#8221;, mas que a companhia j\u00e1 superou crises anteriormente. &#8220;Vamos buscar compensa\u00e7\u00e3o&#8221;, disse o CEO.<\/p>\n<p>Al\u00e9m disso, a Embraer anunciou, nesta segunda-feira, um processo de arbitragem contra a estadunidense para resolver o que &#8220;considera pend\u00eancias no rompimento do contrato&#8221;.<\/p>\n<p>A companhia paulista acusa a Boeing de ter for\u00e7ado o encerramento do contrato por estar enfrentando problemas financeiros.<\/p>\n<p><a href=\"https:\/\/www.suno.com.br\/noticias\/boeing-desiste-de-coprar-embraer-coronavirus\/\">Confira: Boeing desiste de acordo bilion\u00e1rio com a Embraer<\/a><\/p>\n<p>Os norte-americanos vivem duas crises. Uma \u00e9 referente \u00e0 paralisa\u00e7\u00e3o da produ\u00e7\u00e3o do<strong> 737 MAX<\/strong> por problemas t\u00e9cnicos. Al\u00e9m disso, a <a href=\"https:\/\/www.suno.com.br\/noticias\/?s=coronav%C3%ADrus\">pandemia do novo <strong>coronav\u00edrus<\/strong> (Covid-19)<\/a> piorou a situa\u00e7\u00e3o da fabricante devido \u00e0 queda na demanda do setor a\u00e9reo.<\/p>\n<p>A <strong>Embraer<\/strong> reitera que agir\u00e1 legalmente para reaver perdas financeiras ocasionadas pelo rompimento unilateral do acordo. Apenas em 2019, o processo de fus\u00e3o custou R$ 485,5 milh\u00f5es \u00e0 empresa.<\/p>\n\n","protected":false},"excerpt":{"rendered":"<p>O presidente Jair Bolsonaro afirmou, nesta segunda-feira (27), que a Embraer (EMBR3) poder\u00e1 negociar com outras empresas devido ao fim das negocia\u00e7\u00f5es junto \u00e0 Boieng (NYSE: BA). A negocia\u00e7\u00e3o com a fabricante norte-americana de US$ 4,2 bilh\u00f5es (R$ 23,8 bilh\u00f5es) consistia na fus\u00e3o das duas empresas, com participa\u00e7\u00e3o de 80% da Boeing. A Embraer (EMBR3) [&hellip;]<\/p>\n","protected":false},"author":24,"featured_media":44529,"comment_status":"closed","ping_status":"closed","sticky":false,"template":"","format":"standard","meta":[],"categories":[64],"tags":[460,719],"suno_strategy":[],"class_list":["post-62769","post","type-post","status-publish","format-standard","has-post-thumbnail","hentry","category-negocios","tag-embraer-embr3","tag-jair-bolsonaro"],"yoast_head":"<!-- This site is optimized with the Yoast SEO plugin v24.4 - https:\/\/yoast.com\/wordpress\/plugins\/seo\/ -->\n<title>Embraer (EMBR3) poder\u00e1 negociar com outras empresas, diz Bolsonaro<\/title>\n<meta name=\"description\" content=\"O presidente Bolsonaro afirmou que a Embraer poder\u00e1 negociar com outras empresas devido ao fim das negocia\u00e7\u00f5es junto \u00e0 Boieng. Saiba mais.\" \/>\n<meta name=\"robots\" content=\"index, follow, max-snippet:-1, max-image-preview:large, max-video-preview:-1\" \/>\n<link rel=\"canonical\" href=\"https:\/\/www.suno.com.br\/noticias\/embraer-embr3-podera-negociar-com-outras-empresas\/\" \/>\n<meta property=\"og:locale\" content=\"pt_BR\" \/>\n<meta property=\"og:type\" content=\"article\" \/>\n<meta property=\"og:title\" content=\"Embraer (EMBR3) poder\u00e1 negociar com outras empresas, diz Bolsonaro\" \/>\n<meta property=\"og:description\" content=\"O presidente Bolsonaro afirmou que a Embraer poder\u00e1 negociar com outras empresas devido ao fim das negocia\u00e7\u00f5es junto \u00e0 Boieng. Saiba mais.\" \/>\n<meta property=\"og:url\" content=\"https:\/\/www.suno.com.br\/noticias\/embraer-embr3-podera-negociar-com-outras-empresas\/\" \/>\n<meta property=\"og:site_name\" content=\"Suno Not\u00edcias\" \/>\n<meta property=\"article:publisher\" content=\"https:\/\/facebook.com\/sunoresearch\" \/>\n<meta property=\"og:image\" content=\"https:\/\/files.sunoresearch.com.br\/n\/uploads\/2019\/11\/e69fc594-embraer_foto_divulgacao.jpg\" \/>\n\t<meta property=\"og:image:width\" content=\"1214\" \/>\n\t<meta property=\"og:image:height\" content=\"677\" \/>\n\t<meta property=\"og:image:type\" content=\"image\/jpeg\" \/>\n<meta name=\"author\" content=\"Jader Lazarini\" \/>\n<meta name=\"twitter:card\" content=\"summary_large_image\" \/>\n<meta name=\"twitter:creator\" content=\"@sunoresearch\" \/>\n<meta name=\"twitter:site\" content=\"@sunoresearch\" \/>\n<meta name=\"twitter:label1\" content=\"Escrito por\" \/>\n\t<meta name=\"twitter:data1\" content=\"Jader Lazarini\" \/>\n\t<meta name=\"twitter:label2\" content=\"Est. tempo de leitura\" \/>\n\t<meta name=\"twitter:data2\" content=\"2 minutos\" \/>\n<script type=\"application\/ld+json\" class=\"yoast-schema-graph\">{\"@context\":\"https:\/\/schema.org\",\"@graph\":[{\"@type\":\"NewsArticle\",\"@id\":\"https:\/\/www.suno.com.br\/noticias\/embraer-embr3-podera-negociar-com-outras-empresas\/#article\",\"isPartOf\":{\"@id\":\"https:\/\/www.suno.com.br\/noticias\/embraer-embr3-podera-negociar-com-outras-empresas\/\"},\"author\":{\"name\":\"Jader Lazarini\",\"@id\":\"https:\/\/www.suno.com.br\/noticias\/#\/schema\/person\/918d79de1f0281f01599b93f9ea6e23f\"},\"headline\":\"Embraer (EMBR3) poder\u00e1 negociar com outras empresas, diz Bolsonaro\",\"datePublished\":\"2020-04-27T14:48:57+00:00\",\"mainEntityOfPage\":{\"@id\":\"https:\/\/www.suno.com.br\/noticias\/embraer-embr3-podera-negociar-com-outras-empresas\/\"},\"wordCount\":409,\"publisher\":{\"@id\":\"https:\/\/www.suno.com.br\/noticias\/#organization\"},\"image\":{\"@id\":\"https:\/\/www.suno.com.br\/noticias\/embraer-embr3-podera-negociar-com-outras-empresas\/#primaryimage\"},\"thumbnailUrl\":\"https:\/\/files.sunoresearch.com.br\/n\/uploads\/2019\/11\/e69fc594-embraer_foto_divulgacao.jpg\",\"keywords\":[\"Embraer (EMBR3)\",\"Jair Bolsonaro\"],\"articleSection\":[\"Neg\u00f3cios\"],\"inLanguage\":\"pt-BR\"},{\"@type\":\"WebPage\",\"@id\":\"https:\/\/www.suno.com.br\/noticias\/embraer-embr3-podera-negociar-com-outras-empresas\/\",\"url\":\"https:\/\/www.suno.com.br\/noticias\/embraer-embr3-podera-negociar-com-outras-empresas\/\",\"name\":\"Embraer (EMBR3) poder\u00e1 negociar com outras empresas, diz Bolsonaro\",\"isPartOf\":{\"@id\":\"https:\/\/www.suno.com.br\/noticias\/#website\"},\"primaryImageOfPage\":{\"@id\":\"https:\/\/www.suno.com.br\/noticias\/embraer-embr3-podera-negociar-com-outras-empresas\/#primaryimage\"},\"image\":{\"@id\":\"https:\/\/www.suno.com.br\/noticias\/embraer-embr3-podera-negociar-com-outras-empresas\/#primaryimage\"},\"thumbnailUrl\":\"https:\/\/files.sunoresearch.com.br\/n\/uploads\/2019\/11\/e69fc594-embraer_foto_divulgacao.jpg\",\"datePublished\":\"2020-04-27T14:48:57+00:00\",\"description\":\"O presidente Bolsonaro afirmou que a Embraer poder\u00e1 negociar com outras empresas devido ao fim das negocia\u00e7\u00f5es junto \u00e0 Boieng. Saiba mais.\",\"breadcrumb\":{\"@id\":\"https:\/\/www.suno.com.br\/noticias\/embraer-embr3-podera-negociar-com-outras-empresas\/#breadcrumb\"},\"inLanguage\":\"pt-BR\",\"potentialAction\":[{\"@type\":\"ReadAction\",\"target\":[\"https:\/\/www.suno.com.br\/noticias\/embraer-embr3-podera-negociar-com-outras-empresas\/\"]}]},{\"@type\":\"ImageObject\",\"inLanguage\":\"pt-BR\",\"@id\":\"https:\/\/www.suno.com.br\/noticias\/embraer-embr3-podera-negociar-com-outras-empresas\/#primaryimage\",\"url\":\"https:\/\/files.sunoresearch.com.br\/n\/uploads\/2019\/11\/e69fc594-embraer_foto_divulgacao.jpg\",\"contentUrl\":\"https:\/\/files.sunoresearch.com.br\/n\/uploads\/2019\/11\/e69fc594-embraer_foto_divulgacao.jpg\",\"width\":1214,\"height\":677,\"caption\":\"A Embraer (EMBR3) apresentou, na manh\u00e3 desta ter\u00e7a-feira, um preju\u00edzo l\u00edquido de R$ 797,5 milh\u00f5es auferido no terceiro trimestre.\"},{\"@type\":\"BreadcrumbList\",\"@id\":\"https:\/\/www.suno.com.br\/noticias\/embraer-embr3-podera-negociar-com-outras-empresas\/#breadcrumb\",\"itemListElement\":[{\"@type\":\"ListItem\",\"position\":1,\"name\":\"Not\u00edcias\",\"item\":\"https:\/\/www.suno.com.br\/noticias\/\"},{\"@type\":\"ListItem\",\"position\":2,\"name\":\"Neg\u00f3cios\",\"item\":\"https:\/\/www.suno.com.br\/noticias\/negocios\/\"},{\"@type\":\"ListItem\",\"position\":3,\"name\":\"Embraer (EMBR3) poder\u00e1 negociar com outras empresas, diz Bolsonaro\"}]},{\"@type\":\"WebSite\",\"@id\":\"https:\/\/www.suno.com.br\/noticias\/#website\",\"url\":\"https:\/\/www.suno.com.br\/noticias\/\",\"name\":\"Suno Not\u00edcias\",\"description\":\"Seu portal de informa\u00e7\u00e3o sobre o mundo dos investimentos\",\"publisher\":{\"@id\":\"https:\/\/www.suno.com.br\/noticias\/#organization\"},\"potentialAction\":[{\"@type\":\"SearchAction\",\"target\":{\"@type\":\"EntryPoint\",\"urlTemplate\":\"https:\/\/www.suno.com.br\/noticias\/?s={search_term_string}\"},\"query-input\":{\"@type\":\"PropertyValueSpecification\",\"valueRequired\":true,\"valueName\":\"search_term_string\"}}],\"inLanguage\":\"pt-BR\"},{\"@type\":\"Organization\",\"@id\":\"https:\/\/www.suno.com.br\/noticias\/#organization\",\"name\":\"Suno Not\u00edcias\",\"url\":\"https:\/\/www.suno.com.br\/noticias\/\",\"logo\":{\"@type\":\"ImageObject\",\"inLanguage\":\"pt-BR\",\"@id\":\"https:\/\/www.suno.com.br\/noticias\/#\/schema\/logo\/image\/\",\"url\":\"https:\/\/files.sunoresearch.com.br\/n\/uploads\/2021\/09\/suno-logo.png\",\"contentUrl\":\"https:\/\/files.sunoresearch.com.br\/n\/uploads\/2021\/09\/suno-logo.png\",\"width\":180,\"height\":180,\"caption\":\"Suno Not\u00edcias\"},\"image\":{\"@id\":\"https:\/\/www.suno.com.br\/noticias\/#\/schema\/logo\/image\/\"},\"sameAs\":[\"https:\/\/facebook.com\/sunoresearch\",\"https:\/\/x.com\/sunoresearch\",\"https:\/\/www.instagram.com\/suno\",\"https:\/\/www.linkedin.com\/company\/suno-research\/\",\"https:\/\/www.youtube.com\/c\/sunoresearch\"]},{\"@type\":\"Person\",\"@id\":\"https:\/\/www.suno.com.br\/noticias\/#\/schema\/person\/918d79de1f0281f01599b93f9ea6e23f\",\"name\":\"Jader Lazarini\",\"image\":{\"@type\":\"ImageObject\",\"inLanguage\":\"pt-BR\",\"@id\":\"https:\/\/www.suno.com.br\/noticias\/#\/schema\/person\/image\/\",\"url\":\"https:\/\/secure.gravatar.com\/avatar\/3c1ad8caa51589841baeb923fcddea97?s=96&r=g\",\"contentUrl\":\"https:\/\/secure.gravatar.com\/avatar\/3c1ad8caa51589841baeb923fcddea97?s=96&r=g\",\"caption\":\"Jader Lazarini\"},\"description\":\"Jader Lazarini escreve sobre investimentos, finan\u00e7as, economia e neg\u00f3cios. \u00c9 bacharel em Rela\u00e7\u00f5es Internacionais e analista CNPI (2619).\",\"url\":\"https:\/\/www.suno.com.br\/noticias\/author\/jader-lazarini\/\"}]}<\/script>\n<!-- \/ Yoast SEO plugin. -->","yoast_head_json":{"title":"Embraer (EMBR3) poder\u00e1 negociar com outras empresas, diz Bolsonaro","description":"O presidente Bolsonaro afirmou que a Embraer poder\u00e1 negociar com outras empresas devido ao fim das negocia\u00e7\u00f5es junto \u00e0 Boieng. Saiba mais.","robots":{"index":"index","follow":"follow","max-snippet":"max-snippet:-1","max-image-preview":"max-image-preview:large","max-video-preview":"max-video-preview:-1"},"canonical":"https:\/\/www.suno.com.br\/noticias\/embraer-embr3-podera-negociar-com-outras-empresas\/","og_locale":"pt_BR","og_type":"article","og_title":"Embraer (EMBR3) poder\u00e1 negociar com outras empresas, diz Bolsonaro","og_description":"O presidente Bolsonaro afirmou que a Embraer poder\u00e1 negociar com outras empresas devido ao fim das negocia\u00e7\u00f5es junto \u00e0 Boieng. Saiba mais.","og_url":"https:\/\/www.suno.com.br\/noticias\/embraer-embr3-podera-negociar-com-outras-empresas\/","og_site_name":"Suno Not\u00edcias","article_publisher":"https:\/\/facebook.com\/sunoresearch","og_image":[{"width":1214,"height":677,"url":"https:\/\/files.sunoresearch.com.br\/n\/uploads\/2019\/11\/e69fc594-embraer_foto_divulgacao.jpg","type":"image\/jpeg"}],"author":"Jader Lazarini","twitter_card":"summary_large_image","twitter_creator":"@sunoresearch","twitter_site":"@sunoresearch","twitter_misc":{"Escrito por":"Jader Lazarini","Est. tempo de leitura":"2 minutos"},"schema":{"@context":"https:\/\/schema.org","@graph":[{"@type":"NewsArticle","@id":"https:\/\/www.suno.com.br\/noticias\/embraer-embr3-podera-negociar-com-outras-empresas\/#article","isPartOf":{"@id":"https:\/\/www.suno.com.br\/noticias\/embraer-embr3-podera-negociar-com-outras-empresas\/"},"author":{"name":"Jader Lazarini","@id":"https:\/\/www.suno.com.br\/noticias\/#\/schema\/person\/918d79de1f0281f01599b93f9ea6e23f"},"headline":"Embraer (EMBR3) poder\u00e1 negociar com outras empresas, diz Bolsonaro","datePublished":"2020-04-27T14:48:57+00:00","mainEntityOfPage":{"@id":"https:\/\/www.suno.com.br\/noticias\/embraer-embr3-podera-negociar-com-outras-empresas\/"},"wordCount":409,"publisher":{"@id":"https:\/\/www.suno.com.br\/noticias\/#organization"},"image":{"@id":"https:\/\/www.suno.com.br\/noticias\/embraer-embr3-podera-negociar-com-outras-empresas\/#primaryimage"},"thumbnailUrl":"https:\/\/files.sunoresearch.com.br\/n\/uploads\/2019\/11\/e69fc594-embraer_foto_divulgacao.jpg","keywords":["Embraer (EMBR3)","Jair Bolsonaro"],"articleSection":["Neg\u00f3cios"],"inLanguage":"pt-BR"},{"@type":"WebPage","@id":"https:\/\/www.suno.com.br\/noticias\/embraer-embr3-podera-negociar-com-outras-empresas\/","url":"https:\/\/www.suno.com.br\/noticias\/embraer-embr3-podera-negociar-com-outras-empresas\/","name":"Embraer (EMBR3) poder\u00e1 negociar com outras empresas, diz Bolsonaro","isPartOf":{"@id":"https:\/\/www.suno.com.br\/noticias\/#website"},"primaryImageOfPage":{"@id":"https:\/\/www.suno.com.br\/noticias\/embraer-embr3-podera-negociar-com-outras-empresas\/#primaryimage"},"image":{"@id":"https:\/\/www.suno.com.br\/noticias\/embraer-embr3-podera-negociar-com-outras-empresas\/#primaryimage"},"thumbnailUrl":"https:\/\/files.sunoresearch.com.br\/n\/uploads\/2019\/11\/e69fc594-embraer_foto_divulgacao.jpg","datePublished":"2020-04-27T14:48:57+00:00","description":"O presidente Bolsonaro afirmou que a Embraer poder\u00e1 negociar com outras empresas devido ao fim das negocia\u00e7\u00f5es junto \u00e0 Boieng. Saiba mais.","breadcrumb":{"@id":"https:\/\/www.suno.com.br\/noticias\/embraer-embr3-podera-negociar-com-outras-empresas\/#breadcrumb"},"inLanguage":"pt-BR","potentialAction":[{"@type":"ReadAction","target":["https:\/\/www.suno.com.br\/noticias\/embraer-embr3-podera-negociar-com-outras-empresas\/"]}]},{"@type":"ImageObject","inLanguage":"pt-BR","@id":"https:\/\/www.suno.com.br\/noticias\/embraer-embr3-podera-negociar-com-outras-empresas\/#primaryimage","url":"https:\/\/files.sunoresearch.com.br\/n\/uploads\/2019\/11\/e69fc594-embraer_foto_divulgacao.jpg","contentUrl":"https:\/\/files.sunoresearch.com.br\/n\/uploads\/2019\/11\/e69fc594-embraer_foto_divulgacao.jpg","width":1214,"height":677,"caption":"A Embraer (EMBR3) apresentou, na manh\u00e3 desta ter\u00e7a-feira, um preju\u00edzo l\u00edquido de R$ 797,5 milh\u00f5es auferido no terceiro trimestre."},{"@type":"BreadcrumbList","@id":"https:\/\/www.suno.com.br\/noticias\/embraer-embr3-podera-negociar-com-outras-empresas\/#breadcrumb","itemListElement":[{"@type":"ListItem","position":1,"name":"Not\u00edcias","item":"https:\/\/www.suno.com.br\/noticias\/"},{"@type":"ListItem","position":2,"name":"Neg\u00f3cios","item":"https:\/\/www.suno.com.br\/noticias\/negocios\/"},{"@type":"ListItem","position":3,"name":"Embraer (EMBR3) poder\u00e1 negociar com outras empresas, diz Bolsonaro"}]},{"@type":"WebSite","@id":"https:\/\/www.suno.com.br\/noticias\/#website","url":"https:\/\/www.suno.com.br\/noticias\/","name":"Suno Not\u00edcias","description":"Seu portal de informa\u00e7\u00e3o sobre o mundo dos investimentos","publisher":{"@id":"https:\/\/www.suno.com.br\/noticias\/#organization"},"potentialAction":[{"@type":"SearchAction","target":{"@type":"EntryPoint","urlTemplate":"https:\/\/www.suno.com.br\/noticias\/?s={search_term_string}"},"query-input":{"@type":"PropertyValueSpecification","valueRequired":true,"valueName":"search_term_string"}}],"inLanguage":"pt-BR"},{"@type":"Organization","@id":"https:\/\/www.suno.com.br\/noticias\/#organization","name":"Suno Not\u00edcias","url":"https:\/\/www.suno.com.br\/noticias\/","logo":{"@type":"ImageObject","inLanguage":"pt-BR","@id":"https:\/\/www.suno.com.br\/noticias\/#\/schema\/logo\/image\/","url":"https:\/\/files.sunoresearch.com.br\/n\/uploads\/2021\/09\/suno-logo.png","contentUrl":"https:\/\/files.sunoresearch.com.br\/n\/uploads\/2021\/09\/suno-logo.png","width":180,"height":180,"caption":"Suno Not\u00edcias"},"image":{"@id":"https:\/\/www.suno.com.br\/noticias\/#\/schema\/logo\/image\/"},"sameAs":["https:\/\/facebook.com\/sunoresearch","https:\/\/x.com\/sunoresearch","https:\/\/www.instagram.com\/suno","https:\/\/www.linkedin.com\/company\/suno-research\/","https:\/\/www.youtube.com\/c\/sunoresearch"]},{"@type":"Person","@id":"https:\/\/www.suno.com.br\/noticias\/#\/schema\/person\/918d79de1f0281f01599b93f9ea6e23f","name":"Jader Lazarini","image":{"@type":"ImageObject","inLanguage":"pt-BR","@id":"https:\/\/www.suno.com.br\/noticias\/#\/schema\/person\/image\/","url":"https:\/\/secure.gravatar.com\/avatar\/3c1ad8caa51589841baeb923fcddea97?s=96&r=g","contentUrl":"https:\/\/secure.gravatar.com\/avatar\/3c1ad8caa51589841baeb923fcddea97?s=96&r=g","caption":"Jader Lazarini"},"description":"Jader Lazarini escreve sobre investimentos, finan\u00e7as, economia e neg\u00f3cios. \u00c9 bacharel em Rela\u00e7\u00f5es Internacionais e analista CNPI (2619).","url":"https:\/\/www.suno.com.br\/noticias\/author\/jader-lazarini\/"}]}},"default_loop_html":"<div class=\"cardsPage__listCard__boxs\"><div class=\"cardsPage__listCard__boxs__img\"><a href=\"https:\/\/www.suno.com.br\/noticias\/embraer-embr3-podera-negociar-com-outras-empresas\/\"><img class=\"mask\" src=\"https:\/\/www.suno.com.br\/noticias\/wp-content\/themes\/suno\/resources\/images\/spotlight\/spotlight1img\/bg-mask.png\" alt=\"Image Mask\"\/><img src=\"https:\/\/files.sunoresearch.com.br\/n\/uploads\/2019\/11\/e69fc594-embraer_foto_divulgacao-400x200.webp\" alt=\"Embraer (EMBR3) poder\u00e1 negociar com outras empresas, diz Bolsonaro\"\/><\/a><span class=\"spotlightCategory\"><a href=\"https:\/\/www.suno.com.br\/noticias\/negocios\/\">Neg\u00f3cios<\/a><\/span><\/div><div class=\"cardsPage__listCard__boxs__content\"><a href=\"https:\/\/www.suno.com.br\/noticias\/embraer-embr3-podera-negociar-com-outras-empresas\/\"><h2 class=\"content__title\">Embraer (EMBR3) poder\u00e1 negociar com outras empresas, diz Bolsonaro<\/h2><\/a><div class=\"newsContent__article__meta\"><div class=\"newsContent__article__meta__authorBox\"><a href=\"https:\/\/www.suno.com.br\/noticias\/author\/jader-lazarini\/\" class=\"authorBox__avatar noMobi\"><img src=\"https:\/\/files.sunoresearch.com.br\/n\/uploads\/2021\/01\/178e6598-foto-perfil-2-150x150.jpg\" alt=\"Jader Lazarini\"><\/a><div class=\"authorBox__name\"><span>por\n\t\t\t<a href=\"https:\/\/www.suno.com.br\/noticias\/author\/jader-lazarini\/\"><span itemprop=\"author\">Jader Lazarini<\/span><\/a><\/span><time datetime=\"2020-04-27T11:48:57-03:00\" itemprop=\"datePublished\">27\/04\/2020 11:48<\/time><\/div><\/div><\/div><\/div><\/div>","single_layout":"posts","amp_enabled":true,"_links":{"self":[{"href":"https:\/\/www.suno.com.br\/noticias\/wp-json\/wp\/v2\/posts\/62769"}],"collection":[{"href":"https:\/\/www.suno.com.br\/noticias\/wp-json\/wp\/v2\/posts"}],"about":[{"href":"https:\/\/www.suno.com.br\/noticias\/wp-json\/wp\/v2\/types\/post"}],"author":[{"embeddable":true,"href":"https:\/\/www.suno.com.br\/noticias\/wp-json\/wp\/v2\/users\/24"}],"replies":[{"embeddable":true,"href":"https:\/\/www.suno.com.br\/noticias\/wp-json\/wp\/v2\/comments?post=62769"}],"version-history":[{"count":0,"href":"https:\/\/www.suno.com.br\/noticias\/wp-json\/wp\/v2\/posts\/62769\/revisions"}],"wp:featuredmedia":[{"embeddable":true,"href":"https:\/\/www.suno.com.br\/noticias\/wp-json\/wp\/v2\/media\/44529"}],"wp:attachment":[{"href":"https:\/\/www.suno.com.br\/noticias\/wp-json\/wp\/v2\/media?parent=62769"}],"wp:term":[{"taxonomy":"category","embeddable":true,"href":"https:\/\/www.suno.com.br\/noticias\/wp-json\/wp\/v2\/categories?post=62769"},{"taxonomy":"post_tag","embeddable":true,"href":"https:\/\/www.suno.com.br\/noticias\/wp-json\/wp\/v2\/tags?post=62769"},{"taxonomy":"suno_strategy","embeddable":true,"href":"https:\/\/www.suno.com.br\/noticias\/wp-json\/wp\/v2\/suno_strategy?post=62769"}],"curies":[{"name":"wp","href":"https:\/\/api.w.org\/{rel}","templated":true}]}}