{"id":627607,"date":"2025-10-06T11:41:44","date_gmt":"2025-10-06T14:41:44","guid":{"rendered":"https:\/\/www.suno.com.br\/noticias\/?p=627607"},"modified":"2025-10-06T11:41:52","modified_gmt":"2025-10-06T14:41:52","slug":"etfs-ganham-espaco-no-brasil-gb","status":"publish","type":"post","link":"https:\/\/www.suno.com.br\/noticias\/etfs-ganham-espaco-no-brasil-gb\/","title":{"rendered":"ETFs ganham espa\u00e7o no Brasil: veja as perspectivas do segmento"},"content":{"rendered":"<p>Muito difundidos nos Estados Unidos, os <strong><a href=\"https:\/\/www.suno.com.br\/guias\/etf-fundos-de-indice\/\">ETFs<\/a> <\/strong>(fundos de \u00edndice) come\u00e7am a ganhar relev\u00e2ncia tamb\u00e9m no Brasil. Com custos inferiores aos de fundos tradicionais e maior liquidez, eles trazem benef\u00edcios para o investidor e foram destaque no ETF Week 2025, evento realizado na B3 que reuniu reguladores, executivos e gestores para debater o futuro do setor.<\/p>\t<div class=\"wrapper-featured-image\">\n\t\t<figure class=\"spotlightImg\">\n\n\t\t\t<picture>\n\t\t\t\t<source media=\"(max-width: 768px)\" srcset=\"https:\/\/files.sunoresearch.com.br\/n\/uploads\/2020\/06\/2d15c3ea-etf-e1727352999315-400x200.webp\">\n\t\t\t\t<img loading=\"lazy\" decoding=\"async\" class=\"newsContent__article__imgCapa lazyloadDisabled \" src=\"https:\/\/files.sunoresearch.com.br\/n\/uploads\/2020\/06\/2d15c3ea-etf-e1727352999315-800x450.webp\" width=\"800\" height=\"450\" alt=\"ETFs ganham espa\u00e7o no Brasil: veja as perspectivas do segmento\" fetchpriority=high \/>\n\t\t\t<\/picture>\n\n\t\t\t<figcaption class=\"wp-caption-text wp-caption-text--show\"> ETFs. Foto: Unsplash<\/figcaption>\n\t\t<\/figure>\n\t<\/div>\n\n\n\n\n\n\t<p>\n\t\t<a href=\"https:\/\/lp.suno.com.br\/planilha-da-vida-financeira\/\" target=\"_blank\" data-element=\"shortcode-suno-banner\" title=\"Banner SUNO, clique e saiba mais\">\n\t\t\t<picture>\n\t\t\t\t<source media=\"(max-width: 500px)\" srcset=\"https:\/\/files.sunoresearch.com.br\/n\/uploads\/2023\/04\/400x300-Planilha-vida-financeira-true.png\">\n\t\t\t\t<img class=\"newsContent__article__imgCapa newsContent__article__imgCapa--banner\"\n\t\t\t\t\tsrc=\"https:\/\/files.sunoresearch.com.br\/n\/uploads\/2023\/04\/1420x240-Planilha-vida-financeira-true.png\"\n\t\t\t\t\tdata-promo-id=\"106682\"\t\t\t\t\t\t\t\t\t\twidth='1420' height='240'\t\t\t\t\talt=\"https:\/\/files.sunoresearch.com.br\/n\/uploads\/2023\/04\/1420x240-Planilha-vida-financeira-true.png\"\n\t\t\t\t>\n\t\t\t<\/picture>\n\t\t<\/a>\n\t<\/p>\n\n\n\n\n\n<p>Nos EUA, os ETFs j\u00e1 representam um dos pilares da ind\u00fastria de investimentos, com patrim\u00f4nio que supera o dos fundos convencionais. O <strong>n\u00famero de ETFs listados<\/strong> por l\u00e1 j\u00e1 ultrapassa o de a\u00e7\u00f5es individuais.\u00a0<\/p>\n\n\n\n<p>No Brasil, embora ainda em amadurecimento, esse mercado se expande e se torna mais sofisticado a cada ano. Com facilidade de negocia\u00e7\u00e3o e acesso a diferentes classes de ativos \u2014 de<strong> renda fixa<\/strong> a cripto \u2014, os ETFs despontam como instrumentos centrais na nova fase do mercado financeiro nacional.<\/p>\n\n\n\n\t<div data-element=\"shortcode-read-more\" class=\"readToo\">\n\t\t\t\t<span class=\"readToo__title\">Leia mais<\/span>\n\t\t\t\t<ul class=\"readToo__list\">\n\t\t\t<li><a href=\"https:\/\/www.suno.com.br\/noticias\/etfs-batem-cdi-vejam-os-mais-recomendados\/\">ETFs batem CDI em setembro: veja os mais recomendados<\/a><\/li><li><a href=\"https:\/\/www.suno.com.br\/noticias\/conheca-os-etfs-mais-dividendos-2025-nos-12-meses\/\">Veja os ETFs com mais dividendos em 2025 e nos \u00faltimos 12 meses<\/a><\/li>\t\t<\/ul>\n\t<\/div>\n\n\n\n\n<h2 class=\"wp-block-heading\"><strong>Cen\u00e1rio global e perspectivas para o Brasil<\/strong><\/h2>\n\n\n\n<p>A ind\u00fastria de ETFs j\u00e1 movimenta trilh\u00f5es de d\u00f3lares no mundo e deve se tornar ainda mais dominante nos pr\u00f3ximos anos. \u201c<strong>Os ETFs v\u00e3o dominar a ind\u00fastria de investimentos<\/strong>\u201d, afirmou Renato Nobile, CEO da Buena Vista. Ele ressaltou que esse ve\u00edculo hoje concentra grande parte da inova\u00e7\u00e3o financeira, pela flexibilidade e pelo custo competitivo.<\/p>\n\n\n\n<p>\u201cO Pix foi uma revolu\u00e7\u00e3o nos pagamentos. <strong>Os ETFs ter\u00e3o efeito parecido para os investimentos<\/strong>\u201d, comparou Andr\u00e9s Kikuchi, da Nu Asset.<\/p>\n\n\n\n<p>No Brasil, o setor ainda \u00e9 jovem, mas cresce rapidamente. De acordo com Thalita Forne, superintendente de Equities da B3, o volume m\u00e9dio di\u00e1rio de negocia\u00e7\u00e3o subiu de R$ 300 milh\u00f5es em 2018 para R$ 1,8 bilh\u00e3o em 2025, com taxa de expans\u00e3o m\u00e9dia de 20% ao ano. \u201cJ\u00e1 s\u00e3o mais de 650 mil investidores pessoa f\u00edsica posicionados em ETFs\u201d, destacou.<\/p>\n\n\n\n<p>Rog\u00e9rio Santana, diretor de relacionamento da B3, refor\u00e7ou que a tend\u00eancia \u00e9 irrevers\u00edvel: \u201cOs ETFs se tornaram extremamente relevantes no mundo, em alguns pa\u00edses j\u00e1 superam a ind\u00fastria tradicional de fundos. No Brasil, o processo est\u00e1 em pleno avan\u00e7o, com crescimento acelerado\u201d.<\/p>\n\n\n\n<p>Cau\u00ea Man\u00e7anares, CEO da Investo, lembrou que <strong>o Brasil segue os passos do exterior<\/strong>. \u201cNos EUA, levou 10 anos para atingir o est\u00e1gio atual e outros 10 para acelerar exponencialmente. Aqui ainda estamos no come\u00e7o, mas espero que n\u00e3o leve tanto tempo.\u201d<\/p>\n\n\n\n<h2 class=\"wp-block-heading\"><strong>Diversifica\u00e7\u00e3o e acesso internacional<\/strong><\/h2>\n\n\n\n<p>Um dos principais atrativos debatidos no evento foi o uso dos ETFs como porta de entrada para investimentos globais. Keegan Ball, da J.P. Morgan, destacou que os BDRs de ETFs eliminam barreiras: \u201cA aplica\u00e7\u00e3o em ETFs globais facilita a exposi\u00e7\u00e3o internacional, sem necessidade de abrir conta fora do pa\u00eds e com negocia\u00e7\u00e3o em reais\u201d.<\/p>\n\n\n\n<p>A <strong>BlackRock<\/strong>, que recentemente ampliou para <strong>181 o n\u00famero de ETFs listados na B3<\/strong>, refor\u00e7ou a import\u00e2ncia da diversifica\u00e7\u00e3o internacional. Cindy Shimoide lembrou que esperar pelo \u201cmomento certo\u201d para diversificar no exterior raramente gera melhores resultados. \u201cA ideia parece intuitiva, mas os dados mostram que n\u00e3o \u00e9 bem assim\u201d, afirmou.<\/p>\n\n\n\n<p>Nobile refor\u00e7ou que os ETFs j\u00e1 s\u00e3o vistos como instrumentos vers\u00e1teis. \u201cS\u00e3o ve\u00edculos que permitem qualquer tipo de aloca\u00e7\u00e3o em qualquer classe de ativo.\u201d<\/p>\n\n\n\n<p>Flavio Vegas, da Global X, acrescentou: \u201cCom um ETF internacional listado na B3, o investidor n\u00e3o precisa abrir conta no exterior nem lidar com remessas cambiais\u201d.<\/p>\n\n\n\n<h2 class=\"wp-block-heading\"><strong>Inova\u00e7\u00e3o: cripto e smart beta<\/strong><\/h2>\n\n\n\n<p>Al\u00e9m de a\u00e7\u00f5es e renda fixa, os ETFs v\u00eam expandindo fronteiras. No Brasil, j\u00e1 s\u00e3o 24 fundos listados que acompanham \u00edndices de criptoativos, movimentando em m\u00e9dia R$ 100 milh\u00f5es por dia. Para Jo\u00e3o Piccioni, da Empiricus Asset, ignorar esse setor pode custar caro: \u201cQuem deixar de lado essa classe nos pr\u00f3ximos anos vai perder um grande vetor de retorno\u201d.<\/p>\n\n\n\n<p>Theodoro Fleury, da QR Asset, concorda: \u201cO bitcoin tem correla\u00e7\u00e3o baixa com outras classes de ativos e ainda funciona como diversifica\u00e7\u00e3o cambial\u201d. J\u00e1 Henry Oyama, da Hashdex, enfatizou que o desempenho desses ativos depende mais da ado\u00e7\u00e3o tecnol\u00f3gica do que de fatores macroecon\u00f4micos.<\/p>\n\n\n\n<p>Outra vertente em ascens\u00e3o s\u00e3o os<strong> ETFs smart beta<\/strong>, que buscam capturar fatores espec\u00edficos como baixa volatilidade ou dividendos. Andr\u00e9s Kikuchi, CEO da Nu Asset, explicou: \u201cO processo de estruturar smart beta \u00e9 parecido com o de um gestor ativo: voc\u00ea seleciona um universo de a\u00e7\u00f5es, filtra e aplica crit\u00e9rios para gerar valor\u201d.<\/p>\n\n\n\n<h2 class=\"wp-block-heading\"><strong>O que s\u00e3o ETFs<\/strong><\/h2>\n\n\n\n<p>Os ETFs (Exchange Traded Funds) s\u00e3o fundos negociados em bolsa que acompanham \u00edndices de mercado, como o Ibovespa B3, ou carteiras tem\u00e1ticas de ativos.&nbsp;<\/p>\n\n\n\n<p>Eles permitem ao investidor, em apenas uma opera\u00e7\u00e3o, acessar um portf\u00f3lio diversificado de a\u00e7\u00f5es, t\u00edtulos de renda fixa ou at\u00e9 mesmo criptoativos. Com taxas mais competitivas e maior liquidez que fundos tradicionais, v\u00eam se consolidando como alternativa pr\u00e1tica de aloca\u00e7\u00e3o no Brasil e no exterior.<\/p>\n\n\n\n<p>\u201cETF \u00e9 um produto supersimples, apesar da sopa de letrinhas\u201d, disse Ricardo Eleut\u00e9rio, da Bradesco Asset Management. Segundo ele, a simplicidade e a vantagem tribut\u00e1ria ajudam a explicar a expans\u00e3o no mercado brasileiro.<\/p>\n\n\n\n<p>Confira todos os ETFs listados na B3 e <a href=\"https:\/\/borainvestir.b3.com.br\/tipos-de-investimentos\/renda-variavel\/etfs\/?utm_source=suno&amp;utm_medium=organic&amp;utm_campaign=suno_parceria\"><strong>compare as op\u00e7\u00f5es dispon\u00edveis<\/strong><\/a>.<\/p>\n\n\n\n\n\t<p>\n\t\t<a href=\"https:\/\/lp.suno.com.br\/planilha-da-vida-financeira\/\" target=\"_blank\" data-element=\"shortcode-suno-banner\" title=\"Banner SUNO, clique e saiba mais\">\n\t\t\t<picture>\n\t\t\t\t<source media=\"(max-width: 500px)\" srcset=\"https:\/\/files.sunoresearch.com.br\/n\/uploads\/2023\/04\/400x300-Planilha-vida-financeira-true.png\">\n\t\t\t\t<img class=\"newsContent__article__imgCapa newsContent__article__imgCapa--banner\"\n\t\t\t\t\tsrc=\"https:\/\/files.sunoresearch.com.br\/n\/uploads\/2023\/04\/1420x240-Planilha-vida-financeira-true.png\"\n\t\t\t\t\tdata-promo-id=\"383123\"\t\t\t\t\t\t\t\t\t\twidth='1420' height='240'\t\t\t\t\talt=\"https:\/\/files.sunoresearch.com.br\/n\/uploads\/2023\/04\/1420x240-Planilha-vida-financeira-true.png\"\n\t\t\t\t>\n\t\t\t<\/picture>\n\t\t<\/a>\n\t<\/p>\n\n\n","protected":false},"excerpt":{"rendered":"<p>Muito difundidos nos Estados Unidos, os ETFs (fundos de \u00edndice) come\u00e7am a ganhar relev\u00e2ncia tamb\u00e9m no Brasil. Com custos inferiores aos de fundos tradicionais e maior liquidez, eles trazem benef\u00edcios para o investidor e foram destaque no ETF Week 2025, evento realizado na B3 que reuniu reguladores, executivos e gestores para debater o futuro do [&hellip;]<\/p>\n","protected":false},"author":407,"featured_media":68483,"comment_status":"closed","ping_status":"closed","sticky":false,"template":"","format":"standard","meta":[],"categories":[64],"tags":[1270],"suno_strategy":[],"class_list":["post-627607","post","type-post","status-publish","format-standard","has-post-thumbnail","hentry","category-negocios","tag-etfs"],"yoast_head":"<!-- This site is optimized with the Yoast SEO plugin v24.4 - https:\/\/yoast.com\/wordpress\/plugins\/seo\/ -->\n<title>ETFs ganham espa\u00e7o no Brasil: veja as perspectivas do segmento<\/title>\n<meta name=\"description\" content=\"Com custos acess\u00edveis e retornos para diferentes perfis de risco, os ETFs crescem no Brasil. Saiba quais as perspecitvas do segmento.\" \/>\n<meta name=\"robots\" content=\"index, follow, max-snippet:-1, max-image-preview:large, max-video-preview:-1\" \/>\n<link rel=\"canonical\" href=\"https:\/\/www.suno.com.br\/noticias\/etfs-ganham-espaco-no-brasil-gb\/\" \/>\n<meta property=\"og:locale\" content=\"pt_BR\" \/>\n<meta property=\"og:type\" content=\"article\" \/>\n<meta property=\"og:title\" content=\"ETFs ganham espa\u00e7o no Brasil: veja as perspectivas do segmento\" \/>\n<meta property=\"og:description\" content=\"Com custos acess\u00edveis e retornos para diferentes perfis de risco, os ETFs crescem no Brasil. Saiba quais as perspecitvas do segmento.\" \/>\n<meta property=\"og:url\" content=\"https:\/\/www.suno.com.br\/noticias\/etfs-ganham-espaco-no-brasil-gb\/\" \/>\n<meta property=\"og:site_name\" content=\"Suno Not\u00edcias\" \/>\n<meta property=\"article:publisher\" content=\"https:\/\/facebook.com\/sunoresearch\" \/>\n<meta property=\"og:image\" content=\"https:\/\/files.sunoresearch.com.br\/n\/uploads\/2020\/06\/2d15c3ea-etf-e1727352999315-jpg.webp\" \/>\n\t<meta property=\"og:image:width\" content=\"1300\" \/>\n\t<meta property=\"og:image:height\" content=\"867\" \/>\n\t<meta property=\"og:image:type\" content=\"image\/jpeg\" \/>\n<meta name=\"author\" content=\"B3\" \/>\n<meta name=\"twitter:card\" content=\"summary_large_image\" \/>\n<meta name=\"twitter:creator\" content=\"@sunoresearch\" \/>\n<meta name=\"twitter:site\" content=\"@sunoresearch\" \/>\n<meta name=\"twitter:label1\" content=\"Escrito por\" \/>\n\t<meta name=\"twitter:data1\" content=\"B3\" \/>\n\t<meta name=\"twitter:label2\" content=\"Est. tempo de leitura\" \/>\n\t<meta name=\"twitter:data2\" content=\"5 minutos\" \/>\n<script type=\"application\/ld+json\" class=\"yoast-schema-graph\">{\"@context\":\"https:\/\/schema.org\",\"@graph\":[{\"@type\":\"NewsArticle\",\"@id\":\"https:\/\/www.suno.com.br\/noticias\/etfs-ganham-espaco-no-brasil-gb\/#article\",\"isPartOf\":{\"@id\":\"https:\/\/www.suno.com.br\/noticias\/etfs-ganham-espaco-no-brasil-gb\/\"},\"author\":{\"name\":\"B3\",\"@id\":\"https:\/\/www.suno.com.br\/noticias\/#\/schema\/person\/adafa3cee9ad9fb84b462b523db43c34\"},\"headline\":\"ETFs ganham espa\u00e7o no Brasil: veja as perspectivas do segmento\",\"datePublished\":\"2025-10-06T14:41:44+00:00\",\"dateModified\":\"2025-10-06T14:41:52+00:00\",\"mainEntityOfPage\":{\"@id\":\"https:\/\/www.suno.com.br\/noticias\/etfs-ganham-espaco-no-brasil-gb\/\"},\"wordCount\":895,\"publisher\":{\"@id\":\"https:\/\/www.suno.com.br\/noticias\/#organization\"},\"image\":{\"@id\":\"https:\/\/www.suno.com.br\/noticias\/etfs-ganham-espaco-no-brasil-gb\/#primaryimage\"},\"thumbnailUrl\":\"https:\/\/files.sunoresearch.com.br\/n\/uploads\/2020\/06\/2d15c3ea-etf-e1727352999315-jpg.webp\",\"keywords\":[\"ETFs\"],\"articleSection\":[\"Neg\u00f3cios\"],\"inLanguage\":\"pt-BR\"},{\"@type\":\"WebPage\",\"@id\":\"https:\/\/www.suno.com.br\/noticias\/etfs-ganham-espaco-no-brasil-gb\/\",\"url\":\"https:\/\/www.suno.com.br\/noticias\/etfs-ganham-espaco-no-brasil-gb\/\",\"name\":\"ETFs ganham espa\u00e7o no Brasil: veja as perspectivas do segmento\",\"isPartOf\":{\"@id\":\"https:\/\/www.suno.com.br\/noticias\/#website\"},\"primaryImageOfPage\":{\"@id\":\"https:\/\/www.suno.com.br\/noticias\/etfs-ganham-espaco-no-brasil-gb\/#primaryimage\"},\"image\":{\"@id\":\"https:\/\/www.suno.com.br\/noticias\/etfs-ganham-espaco-no-brasil-gb\/#primaryimage\"},\"thumbnailUrl\":\"https:\/\/files.sunoresearch.com.br\/n\/uploads\/2020\/06\/2d15c3ea-etf-e1727352999315-jpg.webp\",\"datePublished\":\"2025-10-06T14:41:44+00:00\",\"dateModified\":\"2025-10-06T14:41:52+00:00\",\"description\":\"Com custos acess\u00edveis e retornos para diferentes perfis de risco, os ETFs crescem no Brasil. Saiba quais as perspecitvas do segmento.\",\"breadcrumb\":{\"@id\":\"https:\/\/www.suno.com.br\/noticias\/etfs-ganham-espaco-no-brasil-gb\/#breadcrumb\"},\"inLanguage\":\"pt-BR\",\"potentialAction\":[{\"@type\":\"ReadAction\",\"target\":[\"https:\/\/www.suno.com.br\/noticias\/etfs-ganham-espaco-no-brasil-gb\/\"]}]},{\"@type\":\"ImageObject\",\"inLanguage\":\"pt-BR\",\"@id\":\"https:\/\/www.suno.com.br\/noticias\/etfs-ganham-espaco-no-brasil-gb\/#primaryimage\",\"url\":\"https:\/\/files.sunoresearch.com.br\/n\/uploads\/2020\/06\/2d15c3ea-etf-e1727352999315-jpg.webp\",\"contentUrl\":\"https:\/\/files.sunoresearch.com.br\/n\/uploads\/2020\/06\/2d15c3ea-etf-e1727352999315-jpg.webp\",\"width\":1300,\"height\":867,\"caption\":\"ETFs. Foto: Unsplash\"},{\"@type\":\"BreadcrumbList\",\"@id\":\"https:\/\/www.suno.com.br\/noticias\/etfs-ganham-espaco-no-brasil-gb\/#breadcrumb\",\"itemListElement\":[{\"@type\":\"ListItem\",\"position\":1,\"name\":\"Not\u00edcias\",\"item\":\"https:\/\/www.suno.com.br\/noticias\/\"},{\"@type\":\"ListItem\",\"position\":2,\"name\":\"Neg\u00f3cios\",\"item\":\"https:\/\/www.suno.com.br\/noticias\/negocios\/\"},{\"@type\":\"ListItem\",\"position\":3,\"name\":\"ETFs ganham espa\u00e7o no Brasil: veja as perspectivas do segmento\"}]},{\"@type\":\"WebSite\",\"@id\":\"https:\/\/www.suno.com.br\/noticias\/#website\",\"url\":\"https:\/\/www.suno.com.br\/noticias\/\",\"name\":\"Suno Not\u00edcias\",\"description\":\"Seu portal de informa\u00e7\u00e3o sobre o mundo dos investimentos\",\"publisher\":{\"@id\":\"https:\/\/www.suno.com.br\/noticias\/#organization\"},\"potentialAction\":[{\"@type\":\"SearchAction\",\"target\":{\"@type\":\"EntryPoint\",\"urlTemplate\":\"https:\/\/www.suno.com.br\/noticias\/?s={search_term_string}\"},\"query-input\":{\"@type\":\"PropertyValueSpecification\",\"valueRequired\":true,\"valueName\":\"search_term_string\"}}],\"inLanguage\":\"pt-BR\"},{\"@type\":\"Organization\",\"@id\":\"https:\/\/www.suno.com.br\/noticias\/#organization\",\"name\":\"Suno Not\u00edcias\",\"url\":\"https:\/\/www.suno.com.br\/noticias\/\",\"logo\":{\"@type\":\"ImageObject\",\"inLanguage\":\"pt-BR\",\"@id\":\"https:\/\/www.suno.com.br\/noticias\/#\/schema\/logo\/image\/\",\"url\":\"https:\/\/files.sunoresearch.com.br\/n\/uploads\/2021\/09\/suno-logo.png\",\"contentUrl\":\"https:\/\/files.sunoresearch.com.br\/n\/uploads\/2021\/09\/suno-logo.png\",\"width\":180,\"height\":180,\"caption\":\"Suno Not\u00edcias\"},\"image\":{\"@id\":\"https:\/\/www.suno.com.br\/noticias\/#\/schema\/logo\/image\/\"},\"sameAs\":[\"https:\/\/facebook.com\/sunoresearch\",\"https:\/\/x.com\/sunoresearch\",\"https:\/\/www.instagram.com\/suno\",\"https:\/\/www.linkedin.com\/company\/suno-research\/\",\"https:\/\/www.youtube.com\/c\/sunoresearch\"]},{\"@type\":\"Person\",\"@id\":\"https:\/\/www.suno.com.br\/noticias\/#\/schema\/person\/adafa3cee9ad9fb84b462b523db43c34\",\"name\":\"B3\",\"image\":{\"@type\":\"ImageObject\",\"inLanguage\":\"pt-BR\",\"@id\":\"https:\/\/www.suno.com.br\/noticias\/#\/schema\/person\/image\/\",\"url\":\"https:\/\/secure.gravatar.com\/avatar\/d45cb5f23e01b818a1125970230cb844?s=96&r=g\",\"contentUrl\":\"https:\/\/secure.gravatar.com\/avatar\/d45cb5f23e01b818a1125970230cb844?s=96&r=g\",\"caption\":\"B3\"},\"description\":\"A B3 \u00e9 uma bolsa de valores brasileira sediada na cidade de S\u00e3o Paulo. Funciona de forma autorregulada sob a supervis\u00e3o da Comiss\u00e3o de Valores Mobili\u00e1rios.\",\"url\":\"https:\/\/www.suno.com.br\/noticias\/author\/b3-wpsuno-com-br\/\"}]}<\/script>\n<!-- \/ Yoast SEO plugin. -->","yoast_head_json":{"title":"ETFs ganham espa\u00e7o no Brasil: veja as perspectivas do segmento","description":"Com custos acess\u00edveis e retornos para diferentes perfis de risco, os ETFs crescem no Brasil. Saiba quais as perspecitvas do segmento.","robots":{"index":"index","follow":"follow","max-snippet":"max-snippet:-1","max-image-preview":"max-image-preview:large","max-video-preview":"max-video-preview:-1"},"canonical":"https:\/\/www.suno.com.br\/noticias\/etfs-ganham-espaco-no-brasil-gb\/","og_locale":"pt_BR","og_type":"article","og_title":"ETFs ganham espa\u00e7o no Brasil: veja as perspectivas do segmento","og_description":"Com custos acess\u00edveis e retornos para diferentes perfis de risco, os ETFs crescem no Brasil. Saiba quais as perspecitvas do segmento.","og_url":"https:\/\/www.suno.com.br\/noticias\/etfs-ganham-espaco-no-brasil-gb\/","og_site_name":"Suno Not\u00edcias","article_publisher":"https:\/\/facebook.com\/sunoresearch","og_image":[{"width":1300,"height":867,"url":"https:\/\/files.sunoresearch.com.br\/n\/uploads\/2020\/06\/2d15c3ea-etf-e1727352999315-jpg.webp","type":"image\/jpeg"}],"author":"B3","twitter_card":"summary_large_image","twitter_creator":"@sunoresearch","twitter_site":"@sunoresearch","twitter_misc":{"Escrito por":"B3","Est. tempo de leitura":"5 minutos"},"schema":{"@context":"https:\/\/schema.org","@graph":[{"@type":"NewsArticle","@id":"https:\/\/www.suno.com.br\/noticias\/etfs-ganham-espaco-no-brasil-gb\/#article","isPartOf":{"@id":"https:\/\/www.suno.com.br\/noticias\/etfs-ganham-espaco-no-brasil-gb\/"},"author":{"name":"B3","@id":"https:\/\/www.suno.com.br\/noticias\/#\/schema\/person\/adafa3cee9ad9fb84b462b523db43c34"},"headline":"ETFs ganham espa\u00e7o no Brasil: veja as perspectivas do segmento","datePublished":"2025-10-06T14:41:44+00:00","dateModified":"2025-10-06T14:41:52+00:00","mainEntityOfPage":{"@id":"https:\/\/www.suno.com.br\/noticias\/etfs-ganham-espaco-no-brasil-gb\/"},"wordCount":895,"publisher":{"@id":"https:\/\/www.suno.com.br\/noticias\/#organization"},"image":{"@id":"https:\/\/www.suno.com.br\/noticias\/etfs-ganham-espaco-no-brasil-gb\/#primaryimage"},"thumbnailUrl":"https:\/\/files.sunoresearch.com.br\/n\/uploads\/2020\/06\/2d15c3ea-etf-e1727352999315-jpg.webp","keywords":["ETFs"],"articleSection":["Neg\u00f3cios"],"inLanguage":"pt-BR"},{"@type":"WebPage","@id":"https:\/\/www.suno.com.br\/noticias\/etfs-ganham-espaco-no-brasil-gb\/","url":"https:\/\/www.suno.com.br\/noticias\/etfs-ganham-espaco-no-brasil-gb\/","name":"ETFs ganham espa\u00e7o no Brasil: veja as perspectivas do segmento","isPartOf":{"@id":"https:\/\/www.suno.com.br\/noticias\/#website"},"primaryImageOfPage":{"@id":"https:\/\/www.suno.com.br\/noticias\/etfs-ganham-espaco-no-brasil-gb\/#primaryimage"},"image":{"@id":"https:\/\/www.suno.com.br\/noticias\/etfs-ganham-espaco-no-brasil-gb\/#primaryimage"},"thumbnailUrl":"https:\/\/files.sunoresearch.com.br\/n\/uploads\/2020\/06\/2d15c3ea-etf-e1727352999315-jpg.webp","datePublished":"2025-10-06T14:41:44+00:00","dateModified":"2025-10-06T14:41:52+00:00","description":"Com custos acess\u00edveis e retornos para diferentes perfis de risco, os ETFs crescem no Brasil. Saiba quais as perspecitvas do segmento.","breadcrumb":{"@id":"https:\/\/www.suno.com.br\/noticias\/etfs-ganham-espaco-no-brasil-gb\/#breadcrumb"},"inLanguage":"pt-BR","potentialAction":[{"@type":"ReadAction","target":["https:\/\/www.suno.com.br\/noticias\/etfs-ganham-espaco-no-brasil-gb\/"]}]},{"@type":"ImageObject","inLanguage":"pt-BR","@id":"https:\/\/www.suno.com.br\/noticias\/etfs-ganham-espaco-no-brasil-gb\/#primaryimage","url":"https:\/\/files.sunoresearch.com.br\/n\/uploads\/2020\/06\/2d15c3ea-etf-e1727352999315-jpg.webp","contentUrl":"https:\/\/files.sunoresearch.com.br\/n\/uploads\/2020\/06\/2d15c3ea-etf-e1727352999315-jpg.webp","width":1300,"height":867,"caption":"ETFs. Foto: Unsplash"},{"@type":"BreadcrumbList","@id":"https:\/\/www.suno.com.br\/noticias\/etfs-ganham-espaco-no-brasil-gb\/#breadcrumb","itemListElement":[{"@type":"ListItem","position":1,"name":"Not\u00edcias","item":"https:\/\/www.suno.com.br\/noticias\/"},{"@type":"ListItem","position":2,"name":"Neg\u00f3cios","item":"https:\/\/www.suno.com.br\/noticias\/negocios\/"},{"@type":"ListItem","position":3,"name":"ETFs ganham espa\u00e7o no Brasil: veja as perspectivas do segmento"}]},{"@type":"WebSite","@id":"https:\/\/www.suno.com.br\/noticias\/#website","url":"https:\/\/www.suno.com.br\/noticias\/","name":"Suno Not\u00edcias","description":"Seu portal de informa\u00e7\u00e3o sobre o mundo dos investimentos","publisher":{"@id":"https:\/\/www.suno.com.br\/noticias\/#organization"},"potentialAction":[{"@type":"SearchAction","target":{"@type":"EntryPoint","urlTemplate":"https:\/\/www.suno.com.br\/noticias\/?s={search_term_string}"},"query-input":{"@type":"PropertyValueSpecification","valueRequired":true,"valueName":"search_term_string"}}],"inLanguage":"pt-BR"},{"@type":"Organization","@id":"https:\/\/www.suno.com.br\/noticias\/#organization","name":"Suno Not\u00edcias","url":"https:\/\/www.suno.com.br\/noticias\/","logo":{"@type":"ImageObject","inLanguage":"pt-BR","@id":"https:\/\/www.suno.com.br\/noticias\/#\/schema\/logo\/image\/","url":"https:\/\/files.sunoresearch.com.br\/n\/uploads\/2021\/09\/suno-logo.png","contentUrl":"https:\/\/files.sunoresearch.com.br\/n\/uploads\/2021\/09\/suno-logo.png","width":180,"height":180,"caption":"Suno Not\u00edcias"},"image":{"@id":"https:\/\/www.suno.com.br\/noticias\/#\/schema\/logo\/image\/"},"sameAs":["https:\/\/facebook.com\/sunoresearch","https:\/\/x.com\/sunoresearch","https:\/\/www.instagram.com\/suno","https:\/\/www.linkedin.com\/company\/suno-research\/","https:\/\/www.youtube.com\/c\/sunoresearch"]},{"@type":"Person","@id":"https:\/\/www.suno.com.br\/noticias\/#\/schema\/person\/adafa3cee9ad9fb84b462b523db43c34","name":"B3","image":{"@type":"ImageObject","inLanguage":"pt-BR","@id":"https:\/\/www.suno.com.br\/noticias\/#\/schema\/person\/image\/","url":"https:\/\/secure.gravatar.com\/avatar\/d45cb5f23e01b818a1125970230cb844?s=96&r=g","contentUrl":"https:\/\/secure.gravatar.com\/avatar\/d45cb5f23e01b818a1125970230cb844?s=96&r=g","caption":"B3"},"description":"A B3 \u00e9 uma bolsa de valores brasileira sediada na cidade de S\u00e3o Paulo. Funciona de forma autorregulada sob a supervis\u00e3o da Comiss\u00e3o de Valores Mobili\u00e1rios.","url":"https:\/\/www.suno.com.br\/noticias\/author\/b3-wpsuno-com-br\/"}]}},"default_loop_html":"<div class=\"cardsPage__listCard__boxs\"><div class=\"cardsPage__listCard__boxs__img\"><a href=\"https:\/\/www.suno.com.br\/noticias\/etfs-ganham-espaco-no-brasil-gb\/\"><img class=\"mask\" src=\"https:\/\/www.suno.com.br\/noticias\/wp-content\/themes\/suno\/resources\/images\/spotlight\/spotlight1img\/bg-mask.png\" alt=\"Image Mask\"\/><img src=\"https:\/\/files.sunoresearch.com.br\/n\/uploads\/2020\/06\/2d15c3ea-etf-e1727352999315-400x200.webp\" alt=\"ETFs ganham espa\u00e7o no Brasil: veja as perspectivas do segmento\"\/><\/a><span class=\"spotlightCategory\"><a href=\"https:\/\/www.suno.com.br\/noticias\/negocios\/\">Neg\u00f3cios<\/a><\/span><\/div><div class=\"cardsPage__listCard__boxs__content\"><a href=\"https:\/\/www.suno.com.br\/noticias\/etfs-ganham-espaco-no-brasil-gb\/\"><h2 class=\"content__title\">ETFs ganham espa\u00e7o no Brasil: veja as perspectivas do segmento<\/h2><\/a><div class=\"newsContent__article__meta\"><div class=\"newsContent__article__meta__authorBox\"><a href=\"https:\/\/www.suno.com.br\/noticias\/author\/b3-wpsuno-com-br\/\" class=\"authorBox__avatar noMobi\"><img src=\"https:\/\/files.sunoresearch.com.br\/n\/uploads\/2025\/09\/B3_Logo_Azul-150x150.webp\" alt=\"B3\"><\/a><div class=\"authorBox__name\"><span>por\n\t\t\t<a href=\"https:\/\/www.suno.com.br\/noticias\/author\/b3-wpsuno-com-br\/\"><span itemprop=\"author\">B3<\/span><\/a><\/span><time datetime=\"2025-10-06T11:41:44-03:00\" itemprop=\"datePublished\">06\/10\/2025 11:41<\/time><\/div><\/div><\/div><\/div><\/div>","single_layout":"posts","amp_enabled":true,"_links":{"self":[{"href":"https:\/\/www.suno.com.br\/noticias\/wp-json\/wp\/v2\/posts\/627607"}],"collection":[{"href":"https:\/\/www.suno.com.br\/noticias\/wp-json\/wp\/v2\/posts"}],"about":[{"href":"https:\/\/www.suno.com.br\/noticias\/wp-json\/wp\/v2\/types\/post"}],"author":[{"embeddable":true,"href":"https:\/\/www.suno.com.br\/noticias\/wp-json\/wp\/v2\/users\/407"}],"replies":[{"embeddable":true,"href":"https:\/\/www.suno.com.br\/noticias\/wp-json\/wp\/v2\/comments?post=627607"}],"version-history":[{"count":3,"href":"https:\/\/www.suno.com.br\/noticias\/wp-json\/wp\/v2\/posts\/627607\/revisions"}],"predecessor-version":[{"id":627615,"href":"https:\/\/www.suno.com.br\/noticias\/wp-json\/wp\/v2\/posts\/627607\/revisions\/627615"}],"wp:featuredmedia":[{"embeddable":true,"href":"https:\/\/www.suno.com.br\/noticias\/wp-json\/wp\/v2\/media\/68483"}],"wp:attachment":[{"href":"https:\/\/www.suno.com.br\/noticias\/wp-json\/wp\/v2\/media?parent=627607"}],"wp:term":[{"taxonomy":"category","embeddable":true,"href":"https:\/\/www.suno.com.br\/noticias\/wp-json\/wp\/v2\/categories?post=627607"},{"taxonomy":"post_tag","embeddable":true,"href":"https:\/\/www.suno.com.br\/noticias\/wp-json\/wp\/v2\/tags?post=627607"},{"taxonomy":"suno_strategy","embeddable":true,"href":"https:\/\/www.suno.com.br\/noticias\/wp-json\/wp\/v2\/suno_strategy?post=627607"}],"curies":[{"name":"wp","href":"https:\/\/api.w.org\/{rel}","templated":true}]}}