{"id":627391,"date":"2025-10-03T13:55:53","date_gmt":"2025-10-03T16:55:53","guid":{"rendered":"https:\/\/www.suno.com.br\/noticias\/?p=627391"},"modified":"2025-10-03T13:56:00","modified_gmt":"2025-10-03T16:56:00","slug":"etfs-batem-cdi-vejam-os-mais-recomendados","status":"publish","type":"post","link":"https:\/\/www.suno.com.br\/noticias\/etfs-batem-cdi-vejam-os-mais-recomendados\/","title":{"rendered":"ETFs batem CDI em setembro: veja os mais recomendados"},"content":{"rendered":"<p>As carteiras de <strong>ETFs<\/strong> recomendadas pela Genial fecharam setembro de 2025 com desempenho positivo em alguns segmentos, acompanhados de mudan\u00e7as relevantes em suas composi\u00e7\u00f5es para outubro. <\/p>\t<div class=\"wrapper-featured-image\">\n\t\t<figure class=\"spotlightImg\">\n\n\t\t\t<picture>\n\t\t\t\t<source media=\"(max-width: 768px)\" srcset=\"https:\/\/files.sunoresearch.com.br\/n\/uploads\/2025\/02\/image_fx_-1-400x200.png\">\n\t\t\t\t<img loading=\"lazy\" decoding=\"async\" class=\"newsContent__article__imgCapa lazyloadDisabled \" src=\"https:\/\/files.sunoresearch.com.br\/n\/uploads\/2025\/02\/image_fx_-1-800x450.png\" width=\"800\" height=\"450\" alt=\"ETFs batem CDI em setembro: veja os mais recomendados\" fetchpriority=high \/>\n\t\t\t<\/picture>\n\n\t\t\t<figcaption class=\"wp-caption-text wp-caption-text--show\">Foto: ImageFX<\/figcaption>\n\t\t<\/figure>\n\t<\/div>\n\n\n\n\n\n\t<p>\n\t\t<a href=\"https:\/\/lp.suno.com.br\/planilha-da-vida-financeira\/\" target=\"_blank\" data-element=\"shortcode-suno-banner\" title=\"Banner SUNO, clique e saiba mais\">\n\t\t\t<picture>\n\t\t\t\t<source media=\"(max-width: 500px)\" srcset=\"https:\/\/files.sunoresearch.com.br\/n\/uploads\/2023\/04\/400x300-Planilha-vida-financeira-true.png\">\n\t\t\t\t<img class=\"newsContent__article__imgCapa newsContent__article__imgCapa--banner\"\n\t\t\t\t\tsrc=\"https:\/\/files.sunoresearch.com.br\/n\/uploads\/2023\/04\/1420x240-Planilha-vida-financeira-true.png\"\n\t\t\t\t\tdata-promo-id=\"106682\"\t\t\t\t\t\t\t\t\t\twidth='1420' height='240'\t\t\t\t\talt=\"https:\/\/files.sunoresearch.com.br\/n\/uploads\/2023\/04\/1420x240-Planilha-vida-financeira-true.png\"\n\t\t\t\t>\n\t\t\t<\/picture>\n\t\t<\/a>\n\t<\/p>\n\n\n\n\n\n<p>Enquanto a Carteira ETF Macro manteve forte diversifica\u00e7\u00e3o internacional e criptoativos, a Carteira RF+ incorporou um novo ativo de infla\u00e7\u00e3o de <a class=\"suno-keyword\" target=\"_blank\" data-force=\"no\" data-priority=\"1\" href=\"https:\/\/www.suno.com.br\/artigos\/longo-prazo\/\" rel=\"noopener\">longo prazo<\/a>, e a Carteira Cripto++ realizou ajustes significativos na exposi\u00e7\u00e3o a moedas digitais.<\/p>\n\n\n\n<p>A <strong>Carteira ETF Macro <\/strong>encerrou setembro com alta de 3,51%, superando o CDI no per\u00edodo, que avan\u00e7ou 1,16%. O Ibovespa, principal \u00edndice de a\u00e7\u00f5es da bolsa, fechou em 3,4%. <\/p>\n\n\n\n<p>O ETF de renda vari\u00e1vel global e com ativos de renda fixa (GOAT11), da Ita\u00fa Asset, permance na carteira, juntamente com fundos de bitcoin e empresas da China. <\/p>\n\n\n<div class=\"wp-block-image\">\n<figure class=\"aligncenter size-large is-resized\"><img loading=\"lazy\" decoding=\"async\" width=\"1024\" height=\"463\" src=\"https:\/\/files.sunoresearch.com.br\/n\/uploads\/2025\/10\/Captura-de-Tela-2025-10-03-as-00.21.28-1024x463.webp\" alt=\"Carteira ETF Macro. Foto: Genial.\" class=\"wp-image-627392\" style=\"width:836px;height:auto\" srcset=\"https:\/\/files.sunoresearch.com.br\/n\/uploads\/2025\/10\/Captura-de-Tela-2025-10-03-as-00.21.28-1024x463.webp 1024w, https:\/\/files.sunoresearch.com.br\/n\/uploads\/2025\/10\/Captura-de-Tela-2025-10-03-as-00.21.28-300x136.webp 300w, https:\/\/files.sunoresearch.com.br\/n\/uploads\/2025\/10\/Captura-de-Tela-2025-10-03-as-00.21.28-768x347.webp 768w, https:\/\/files.sunoresearch.com.br\/n\/uploads\/2025\/10\/Captura-de-Tela-2025-10-03-as-00.21.28-1536x695.webp 1536w, https:\/\/files.sunoresearch.com.br\/n\/uploads\/2025\/10\/Captura-de-Tela-2025-10-03-as-00.21.28-2048x926.webp 2048w, https:\/\/files.sunoresearch.com.br\/n\/uploads\/2025\/10\/Captura-de-Tela-2025-10-03-as-00.21.28-150x68.webp 150w\" sizes=\"(max-width: 1024px) 100vw, 1024px\" \/><figcaption class=\"wp-element-caption\">Carteira ETF Macro. Foto: Genial.<\/figcaption><\/figure><\/div>\n\n\n<p>Para outubro, a recomenda\u00e7\u00e3o de aloca\u00e7\u00e3o foi dividida igualmente entre cinco ETFs: XINA11 (China), GBTC11 (Ouro &amp; Bitcoin), GOAT11 (S&amp;P500 + IMA-B), NASD11 (Nasdaq) e SMAC11 (Small Caps), cada um com peso de 20% na carteira.<\/p>\n\n\n\n<p>J\u00e1 a <strong>Carteira RF+<\/strong> registrou desempenho de 1,22% em setembro, praticamente em linha com o CDI (1,21%). <\/p>\n\n\n\n<p>No acumulado de 2025, a carteira soma valoriza\u00e7\u00e3o de 10,78%, levemente acima do CDI (10,35%). A novidade foi a inclus\u00e3o do ETF Infla\u00e7\u00e3o Longo Prazo (IB5M11), compondo junto com o LFTS11 da Investo, que segue como posi\u00e7\u00e3o majorit\u00e1ria.<\/p>\n\n\n<div class=\"wp-block-image\">\n<figure class=\"aligncenter size-large\"><img loading=\"lazy\" decoding=\"async\" width=\"1024\" height=\"484\" src=\"https:\/\/files.sunoresearch.com.br\/n\/uploads\/2025\/10\/Captura-de-Tela-2025-10-03-as-00.22.22-1024x484.webp\" alt=\"Carteira RF+. Foto: Genial.\" class=\"wp-image-627393\" srcset=\"https:\/\/files.sunoresearch.com.br\/n\/uploads\/2025\/10\/Captura-de-Tela-2025-10-03-as-00.22.22-1024x484.webp 1024w, https:\/\/files.sunoresearch.com.br\/n\/uploads\/2025\/10\/Captura-de-Tela-2025-10-03-as-00.22.22-300x142.webp 300w, https:\/\/files.sunoresearch.com.br\/n\/uploads\/2025\/10\/Captura-de-Tela-2025-10-03-as-00.22.22-768x363.webp 768w, https:\/\/files.sunoresearch.com.br\/n\/uploads\/2025\/10\/Captura-de-Tela-2025-10-03-as-00.22.22-1536x727.webp 1536w, https:\/\/files.sunoresearch.com.br\/n\/uploads\/2025\/10\/Captura-de-Tela-2025-10-03-as-00.22.22-2048x969.webp 2048w, https:\/\/files.sunoresearch.com.br\/n\/uploads\/2025\/10\/Captura-de-Tela-2025-10-03-as-00.22.22-150x71.webp 150w\" sizes=\"(max-width: 1024px) 100vw, 1024px\" \/><figcaption class=\"wp-element-caption\">Carteira RF+. Foto: Genial.<\/figcaption><\/figure><\/div>\n\n\n<p>No universo cripto, a <strong>Carteira Cripto++<\/strong> avan\u00e7ou 0,10% em setembro, mas ainda acumula queda de -2,81% em 2025, contra alta de 10,30% do CDI. <\/p>\n\n\n\n<p>A principal mudan\u00e7a foi a sa\u00edda do ETHE11 (Ethereum) e a entrada do BITH11 (Bitcoin), que passou a representar 30% da carteira. Al\u00e9m disso, o GBTC11 teve aumento de participa\u00e7\u00e3o para 30%, enquanto SOLH11 (15%) e HASH11 (20%) foram mantidos.<\/p>\n\n\n\n\t<div data-element=\"shortcode-read-more\" class=\"readToo\">\n\t\t\t\t<span class=\"readToo__title\">Leia mais<\/span>\n\t\t\t\t<ul class=\"readToo__list\">\n\t\t\t<li><a href=\"https:\/\/www.suno.com.br\/noticias\/melhores-acoes-para-investir-dividendos-btg-outubro-go\/\">As melhores a\u00e7\u00f5es para investir em outubro e receber dividendos, segundo BTG<\/a><\/li><li><a href=\"https:\/\/www.suno.com.br\/noticias\/snag11-liquidez-setembro\/\">SNAG11 salta em liquidez ap\u00f3s pagar maiores dividendos em 2 anos<\/a><\/li>\t\t<\/ul>\n\t<\/div>\n\n\n\n\n<h2 class=\"wp-block-heading\">Rendimentos das carteiras de ETFs da Genial<\/h2>\n\n\n\n<h2 class=\"wp-block-heading\">Carteira ETF Macro<\/h2>\n\n\n\n<p>Alta de 3,51% em setembro, superando o CDI, com aloca\u00e7\u00e3o equilibrada entre China, Nasdaq, S&amp;P500+IMA-B, Small Caps e criptoativos.<\/p>\n\n\n\n<h2 class=\"wp-block-heading\">Carteira RF+<\/h2>\n\n\n\n<p>Rentabilidade de 1,22% no m\u00eas e 10,78% no ano, com inclus\u00e3o do <a class=\"suno-keyword\" target=\"_blank\" data-force=\"no\" data-priority=\"1\" href=\"https:\/\/www.suno.com.br\/artigos\/etf-ib5m11\/\" rel=\"noopener\">ETF IB5M11<\/a> para ampliar prote\u00e7\u00e3o contra infla\u00e7\u00e3o.<\/p>\n\n\n\n<h2 class=\"wp-block-heading\">Carteira Cripto++<\/h2>\n\n\n\n<p>Leve alta em setembro, mas desempenho negativo no ano; destaque para substitui\u00e7\u00e3o do Ethereum pelo Bitcoin como ativo principal.<\/p>\n\n\n\n<h2 class=\"wp-block-heading\">Por que investir em um ETFs?<\/h2>\n\n\n\n<p>O ETF \u00e9 uma op\u00e7\u00e3o de investimento cada vez mais popular devido \u00e0s suas diversas vantagens.<\/p>\n\n\n\n<p>Uma das principais raz\u00f5es para investir em <strong>ETFs<\/strong> \u00e9 a diversifica\u00e7\u00e3o que eles proporcionam. Ao investir em um ETF, o investidor est\u00e1 adquirindo uma cesta de ativos que pode incluir a\u00e7\u00f5es, t\u00edtulos de&nbsp;<a href=\"https:\/\/www.suno.com.br\/guias\/investimento-renda-fixa\/\" target=\"_blank\" rel=\"noreferrer noopener\">renda fixa<\/a>, commodities, entre outros, o que ajuda a reduzir o risco em compara\u00e7\u00e3o com investimentos individuais.<\/p>\n\n\n\n\n\t<p>\n\t\t<a href=\"https:\/\/lp.suno.com.br\/planilha-da-vida-financeira\/\" target=\"_blank\" data-element=\"shortcode-suno-banner\" title=\"Banner SUNO, clique e saiba mais\">\n\t\t\t<picture>\n\t\t\t\t<source media=\"(max-width: 500px)\" srcset=\"https:\/\/files.sunoresearch.com.br\/n\/uploads\/2023\/04\/400x300-Planilha-vida-financeira-true.png\">\n\t\t\t\t<img class=\"newsContent__article__imgCapa newsContent__article__imgCapa--banner\"\n\t\t\t\t\tsrc=\"https:\/\/files.sunoresearch.com.br\/n\/uploads\/2023\/04\/1420x240-Planilha-vida-financeira-true.png\"\n\t\t\t\t\tdata-promo-id=\"383123\"\t\t\t\t\t\t\t\t\t\twidth='1420' height='240'\t\t\t\t\talt=\"https:\/\/files.sunoresearch.com.br\/n\/uploads\/2023\/04\/1420x240-Planilha-vida-financeira-true.png\"\n\t\t\t\t>\n\t\t\t<\/picture>\n\t\t<\/a>\n\t<\/p>\n\n\n","protected":false},"excerpt":{"rendered":"<p>As carteiras de ETFs recomendadas pela Genial fecharam setembro de 2025 com desempenho positivo em alguns segmentos, acompanhados de mudan\u00e7as relevantes em suas composi\u00e7\u00f5es para outubro. Foto: ImageFX Enquanto a Carteira ETF Macro manteve forte diversifica\u00e7\u00e3o internacional e criptoativos, a Carteira RF+ incorporou um novo ativo de infla\u00e7\u00e3o de longo prazo, e a Carteira Cripto++ [&hellip;]<\/p>\n","protected":false},"author":301,"featured_media":595516,"comment_status":"closed","ping_status":"closed","sticky":false,"template":"","format":"standard","meta":[],"categories":[64],"tags":[1270,105130],"suno_strategy":[],"class_list":["post-627391","post","type-post","status-publish","format-standard","has-post-thumbnail","hentry","category-negocios","tag-etfs","tag-genial-investimentos"],"yoast_head":"<!-- This site is optimized with the Yoast SEO plugin v24.4 - https:\/\/yoast.com\/wordpress\/plugins\/seo\/ -->\n<title>ETFs batem CDI em setembro: veja os mais recomendados<\/title>\n<meta name=\"description\" content=\"As carteiras de ETFs recomendadas pela Genial fecharam setembro de 2025 com desempenho positivo em alguns segmentos.\" \/>\n<meta name=\"robots\" content=\"index, follow, max-snippet:-1, max-image-preview:large, max-video-preview:-1\" \/>\n<link rel=\"canonical\" href=\"https:\/\/www.suno.com.br\/noticias\/etfs-batem-cdi-vejam-os-mais-recomendados\/\" \/>\n<meta property=\"og:locale\" content=\"pt_BR\" \/>\n<meta property=\"og:type\" content=\"article\" \/>\n<meta property=\"og:title\" content=\"ETFs batem CDI em setembro: veja os mais recomendados\" \/>\n<meta property=\"og:description\" content=\"As carteiras de ETFs recomendadas pela Genial fecharam setembro de 2025 com desempenho positivo em alguns segmentos.\" \/>\n<meta property=\"og:url\" content=\"https:\/\/www.suno.com.br\/noticias\/etfs-batem-cdi-vejam-os-mais-recomendados\/\" \/>\n<meta property=\"og:site_name\" content=\"Suno Not\u00edcias\" \/>\n<meta property=\"article:publisher\" content=\"https:\/\/facebook.com\/sunoresearch\" \/>\n<meta property=\"og:image\" content=\"https:\/\/files.sunoresearch.com.br\/n\/uploads\/2025\/02\/image_fx_-1.png\" \/>\n\t<meta property=\"og:image:width\" content=\"1408\" \/>\n\t<meta property=\"og:image:height\" content=\"768\" \/>\n\t<meta property=\"og:image:type\" content=\"image\/png\" \/>\n<meta name=\"author\" content=\"Vin\u00edcius Alves\" \/>\n<meta name=\"twitter:card\" content=\"summary_large_image\" \/>\n<meta name=\"twitter:creator\" content=\"@sunoresearch\" \/>\n<meta name=\"twitter:site\" content=\"@sunoresearch\" \/>\n<meta name=\"twitter:label1\" content=\"Escrito por\" \/>\n\t<meta name=\"twitter:data1\" content=\"Vin\u00edcius Alves\" \/>\n\t<meta name=\"twitter:label2\" content=\"Est. tempo de leitura\" \/>\n\t<meta name=\"twitter:data2\" content=\"3 minutos\" \/>\n<script type=\"application\/ld+json\" class=\"yoast-schema-graph\">{\"@context\":\"https:\/\/schema.org\",\"@graph\":[{\"@type\":\"NewsArticle\",\"@id\":\"https:\/\/www.suno.com.br\/noticias\/etfs-batem-cdi-vejam-os-mais-recomendados\/#article\",\"isPartOf\":{\"@id\":\"https:\/\/www.suno.com.br\/noticias\/etfs-batem-cdi-vejam-os-mais-recomendados\/\"},\"author\":{\"name\":\"Vin\u00edcius Alves\",\"@id\":\"https:\/\/www.suno.com.br\/noticias\/#\/schema\/person\/4a180549702d0e236b3e420862bcded3\"},\"headline\":\"ETFs batem CDI em setembro: veja os mais recomendados\",\"datePublished\":\"2025-10-03T16:55:53+00:00\",\"dateModified\":\"2025-10-03T16:56:00+00:00\",\"mainEntityOfPage\":{\"@id\":\"https:\/\/www.suno.com.br\/noticias\/etfs-batem-cdi-vejam-os-mais-recomendados\/\"},\"wordCount\":458,\"publisher\":{\"@id\":\"https:\/\/www.suno.com.br\/noticias\/#organization\"},\"image\":{\"@id\":\"https:\/\/www.suno.com.br\/noticias\/etfs-batem-cdi-vejam-os-mais-recomendados\/#primaryimage\"},\"thumbnailUrl\":\"https:\/\/files.sunoresearch.com.br\/n\/uploads\/2025\/02\/image_fx_-1.png\",\"keywords\":[\"ETFs\",\"Genial Investimentos\"],\"articleSection\":[\"Neg\u00f3cios\"],\"inLanguage\":\"pt-BR\"},{\"@type\":\"WebPage\",\"@id\":\"https:\/\/www.suno.com.br\/noticias\/etfs-batem-cdi-vejam-os-mais-recomendados\/\",\"url\":\"https:\/\/www.suno.com.br\/noticias\/etfs-batem-cdi-vejam-os-mais-recomendados\/\",\"name\":\"ETFs batem CDI em setembro: veja os mais recomendados\",\"isPartOf\":{\"@id\":\"https:\/\/www.suno.com.br\/noticias\/#website\"},\"primaryImageOfPage\":{\"@id\":\"https:\/\/www.suno.com.br\/noticias\/etfs-batem-cdi-vejam-os-mais-recomendados\/#primaryimage\"},\"image\":{\"@id\":\"https:\/\/www.suno.com.br\/noticias\/etfs-batem-cdi-vejam-os-mais-recomendados\/#primaryimage\"},\"thumbnailUrl\":\"https:\/\/files.sunoresearch.com.br\/n\/uploads\/2025\/02\/image_fx_-1.png\",\"datePublished\":\"2025-10-03T16:55:53+00:00\",\"dateModified\":\"2025-10-03T16:56:00+00:00\",\"description\":\"As carteiras de ETFs recomendadas pela Genial fecharam setembro de 2025 com desempenho positivo em alguns segmentos.\",\"breadcrumb\":{\"@id\":\"https:\/\/www.suno.com.br\/noticias\/etfs-batem-cdi-vejam-os-mais-recomendados\/#breadcrumb\"},\"inLanguage\":\"pt-BR\",\"potentialAction\":[{\"@type\":\"ReadAction\",\"target\":[\"https:\/\/www.suno.com.br\/noticias\/etfs-batem-cdi-vejam-os-mais-recomendados\/\"]}]},{\"@type\":\"ImageObject\",\"inLanguage\":\"pt-BR\",\"@id\":\"https:\/\/www.suno.com.br\/noticias\/etfs-batem-cdi-vejam-os-mais-recomendados\/#primaryimage\",\"url\":\"https:\/\/files.sunoresearch.com.br\/n\/uploads\/2025\/02\/image_fx_-1.png\",\"contentUrl\":\"https:\/\/files.sunoresearch.com.br\/n\/uploads\/2025\/02\/image_fx_-1.png\",\"width\":1408,\"height\":768,\"caption\":\"Foto: ImageFX\"},{\"@type\":\"BreadcrumbList\",\"@id\":\"https:\/\/www.suno.com.br\/noticias\/etfs-batem-cdi-vejam-os-mais-recomendados\/#breadcrumb\",\"itemListElement\":[{\"@type\":\"ListItem\",\"position\":1,\"name\":\"Not\u00edcias\",\"item\":\"https:\/\/www.suno.com.br\/noticias\/\"},{\"@type\":\"ListItem\",\"position\":2,\"name\":\"Neg\u00f3cios\",\"item\":\"https:\/\/www.suno.com.br\/noticias\/negocios\/\"},{\"@type\":\"ListItem\",\"position\":3,\"name\":\"ETFs batem CDI em setembro: veja os mais recomendados\"}]},{\"@type\":\"WebSite\",\"@id\":\"https:\/\/www.suno.com.br\/noticias\/#website\",\"url\":\"https:\/\/www.suno.com.br\/noticias\/\",\"name\":\"Suno Not\u00edcias\",\"description\":\"Seu portal de informa\u00e7\u00e3o sobre o mundo dos investimentos\",\"publisher\":{\"@id\":\"https:\/\/www.suno.com.br\/noticias\/#organization\"},\"potentialAction\":[{\"@type\":\"SearchAction\",\"target\":{\"@type\":\"EntryPoint\",\"urlTemplate\":\"https:\/\/www.suno.com.br\/noticias\/?s={search_term_string}\"},\"query-input\":{\"@type\":\"PropertyValueSpecification\",\"valueRequired\":true,\"valueName\":\"search_term_string\"}}],\"inLanguage\":\"pt-BR\"},{\"@type\":\"Organization\",\"@id\":\"https:\/\/www.suno.com.br\/noticias\/#organization\",\"name\":\"Suno Not\u00edcias\",\"url\":\"https:\/\/www.suno.com.br\/noticias\/\",\"logo\":{\"@type\":\"ImageObject\",\"inLanguage\":\"pt-BR\",\"@id\":\"https:\/\/www.suno.com.br\/noticias\/#\/schema\/logo\/image\/\",\"url\":\"https:\/\/files.sunoresearch.com.br\/n\/uploads\/2021\/09\/suno-logo.png\",\"contentUrl\":\"https:\/\/files.sunoresearch.com.br\/n\/uploads\/2021\/09\/suno-logo.png\",\"width\":180,\"height\":180,\"caption\":\"Suno Not\u00edcias\"},\"image\":{\"@id\":\"https:\/\/www.suno.com.br\/noticias\/#\/schema\/logo\/image\/\"},\"sameAs\":[\"https:\/\/facebook.com\/sunoresearch\",\"https:\/\/x.com\/sunoresearch\",\"https:\/\/www.instagram.com\/suno\",\"https:\/\/www.linkedin.com\/company\/suno-research\/\",\"https:\/\/www.youtube.com\/c\/sunoresearch\"]},{\"@type\":\"Person\",\"@id\":\"https:\/\/www.suno.com.br\/noticias\/#\/schema\/person\/4a180549702d0e236b3e420862bcded3\",\"name\":\"Vin\u00edcius Alves\",\"image\":{\"@type\":\"ImageObject\",\"inLanguage\":\"pt-BR\",\"@id\":\"https:\/\/www.suno.com.br\/noticias\/#\/schema\/person\/image\/\",\"url\":\"https:\/\/secure.gravatar.com\/avatar\/a95b7fe6d1b813f7907d4f476d5a39e1?s=96&r=g\",\"contentUrl\":\"https:\/\/secure.gravatar.com\/avatar\/a95b7fe6d1b813f7907d4f476d5a39e1?s=96&r=g\",\"caption\":\"Vin\u00edcius Alves\"},\"description\":\"Jornalista formado na Faculdade C\u00e1sper L\u00edbero. Com passagens pela Ag\u00eancia Estado, InfoMoney e Editora Globo.\",\"url\":\"https:\/\/www.suno.com.br\/noticias\/author\/vini08correiagmail-com\/\"}]}<\/script>\n<!-- \/ Yoast SEO plugin. -->","yoast_head_json":{"title":"ETFs batem CDI em setembro: veja os mais recomendados","description":"As carteiras de ETFs recomendadas pela Genial fecharam setembro de 2025 com desempenho positivo em alguns segmentos.","robots":{"index":"index","follow":"follow","max-snippet":"max-snippet:-1","max-image-preview":"max-image-preview:large","max-video-preview":"max-video-preview:-1"},"canonical":"https:\/\/www.suno.com.br\/noticias\/etfs-batem-cdi-vejam-os-mais-recomendados\/","og_locale":"pt_BR","og_type":"article","og_title":"ETFs batem CDI em setembro: veja os mais recomendados","og_description":"As carteiras de ETFs recomendadas pela Genial fecharam setembro de 2025 com desempenho positivo em alguns segmentos.","og_url":"https:\/\/www.suno.com.br\/noticias\/etfs-batem-cdi-vejam-os-mais-recomendados\/","og_site_name":"Suno Not\u00edcias","article_publisher":"https:\/\/facebook.com\/sunoresearch","og_image":[{"width":1408,"height":768,"url":"https:\/\/files.sunoresearch.com.br\/n\/uploads\/2025\/02\/image_fx_-1.png","type":"image\/png"}],"author":"Vin\u00edcius Alves","twitter_card":"summary_large_image","twitter_creator":"@sunoresearch","twitter_site":"@sunoresearch","twitter_misc":{"Escrito por":"Vin\u00edcius Alves","Est. tempo de leitura":"3 minutos"},"schema":{"@context":"https:\/\/schema.org","@graph":[{"@type":"NewsArticle","@id":"https:\/\/www.suno.com.br\/noticias\/etfs-batem-cdi-vejam-os-mais-recomendados\/#article","isPartOf":{"@id":"https:\/\/www.suno.com.br\/noticias\/etfs-batem-cdi-vejam-os-mais-recomendados\/"},"author":{"name":"Vin\u00edcius Alves","@id":"https:\/\/www.suno.com.br\/noticias\/#\/schema\/person\/4a180549702d0e236b3e420862bcded3"},"headline":"ETFs batem CDI em setembro: veja os mais recomendados","datePublished":"2025-10-03T16:55:53+00:00","dateModified":"2025-10-03T16:56:00+00:00","mainEntityOfPage":{"@id":"https:\/\/www.suno.com.br\/noticias\/etfs-batem-cdi-vejam-os-mais-recomendados\/"},"wordCount":458,"publisher":{"@id":"https:\/\/www.suno.com.br\/noticias\/#organization"},"image":{"@id":"https:\/\/www.suno.com.br\/noticias\/etfs-batem-cdi-vejam-os-mais-recomendados\/#primaryimage"},"thumbnailUrl":"https:\/\/files.sunoresearch.com.br\/n\/uploads\/2025\/02\/image_fx_-1.png","keywords":["ETFs","Genial Investimentos"],"articleSection":["Neg\u00f3cios"],"inLanguage":"pt-BR"},{"@type":"WebPage","@id":"https:\/\/www.suno.com.br\/noticias\/etfs-batem-cdi-vejam-os-mais-recomendados\/","url":"https:\/\/www.suno.com.br\/noticias\/etfs-batem-cdi-vejam-os-mais-recomendados\/","name":"ETFs batem CDI em setembro: veja os mais recomendados","isPartOf":{"@id":"https:\/\/www.suno.com.br\/noticias\/#website"},"primaryImageOfPage":{"@id":"https:\/\/www.suno.com.br\/noticias\/etfs-batem-cdi-vejam-os-mais-recomendados\/#primaryimage"},"image":{"@id":"https:\/\/www.suno.com.br\/noticias\/etfs-batem-cdi-vejam-os-mais-recomendados\/#primaryimage"},"thumbnailUrl":"https:\/\/files.sunoresearch.com.br\/n\/uploads\/2025\/02\/image_fx_-1.png","datePublished":"2025-10-03T16:55:53+00:00","dateModified":"2025-10-03T16:56:00+00:00","description":"As carteiras de ETFs recomendadas pela Genial fecharam setembro de 2025 com desempenho positivo em alguns segmentos.","breadcrumb":{"@id":"https:\/\/www.suno.com.br\/noticias\/etfs-batem-cdi-vejam-os-mais-recomendados\/#breadcrumb"},"inLanguage":"pt-BR","potentialAction":[{"@type":"ReadAction","target":["https:\/\/www.suno.com.br\/noticias\/etfs-batem-cdi-vejam-os-mais-recomendados\/"]}]},{"@type":"ImageObject","inLanguage":"pt-BR","@id":"https:\/\/www.suno.com.br\/noticias\/etfs-batem-cdi-vejam-os-mais-recomendados\/#primaryimage","url":"https:\/\/files.sunoresearch.com.br\/n\/uploads\/2025\/02\/image_fx_-1.png","contentUrl":"https:\/\/files.sunoresearch.com.br\/n\/uploads\/2025\/02\/image_fx_-1.png","width":1408,"height":768,"caption":"Foto: ImageFX"},{"@type":"BreadcrumbList","@id":"https:\/\/www.suno.com.br\/noticias\/etfs-batem-cdi-vejam-os-mais-recomendados\/#breadcrumb","itemListElement":[{"@type":"ListItem","position":1,"name":"Not\u00edcias","item":"https:\/\/www.suno.com.br\/noticias\/"},{"@type":"ListItem","position":2,"name":"Neg\u00f3cios","item":"https:\/\/www.suno.com.br\/noticias\/negocios\/"},{"@type":"ListItem","position":3,"name":"ETFs batem CDI em setembro: veja os mais recomendados"}]},{"@type":"WebSite","@id":"https:\/\/www.suno.com.br\/noticias\/#website","url":"https:\/\/www.suno.com.br\/noticias\/","name":"Suno Not\u00edcias","description":"Seu portal de informa\u00e7\u00e3o sobre o mundo dos investimentos","publisher":{"@id":"https:\/\/www.suno.com.br\/noticias\/#organization"},"potentialAction":[{"@type":"SearchAction","target":{"@type":"EntryPoint","urlTemplate":"https:\/\/www.suno.com.br\/noticias\/?s={search_term_string}"},"query-input":{"@type":"PropertyValueSpecification","valueRequired":true,"valueName":"search_term_string"}}],"inLanguage":"pt-BR"},{"@type":"Organization","@id":"https:\/\/www.suno.com.br\/noticias\/#organization","name":"Suno Not\u00edcias","url":"https:\/\/www.suno.com.br\/noticias\/","logo":{"@type":"ImageObject","inLanguage":"pt-BR","@id":"https:\/\/www.suno.com.br\/noticias\/#\/schema\/logo\/image\/","url":"https:\/\/files.sunoresearch.com.br\/n\/uploads\/2021\/09\/suno-logo.png","contentUrl":"https:\/\/files.sunoresearch.com.br\/n\/uploads\/2021\/09\/suno-logo.png","width":180,"height":180,"caption":"Suno Not\u00edcias"},"image":{"@id":"https:\/\/www.suno.com.br\/noticias\/#\/schema\/logo\/image\/"},"sameAs":["https:\/\/facebook.com\/sunoresearch","https:\/\/x.com\/sunoresearch","https:\/\/www.instagram.com\/suno","https:\/\/www.linkedin.com\/company\/suno-research\/","https:\/\/www.youtube.com\/c\/sunoresearch"]},{"@type":"Person","@id":"https:\/\/www.suno.com.br\/noticias\/#\/schema\/person\/4a180549702d0e236b3e420862bcded3","name":"Vin\u00edcius Alves","image":{"@type":"ImageObject","inLanguage":"pt-BR","@id":"https:\/\/www.suno.com.br\/noticias\/#\/schema\/person\/image\/","url":"https:\/\/secure.gravatar.com\/avatar\/a95b7fe6d1b813f7907d4f476d5a39e1?s=96&r=g","contentUrl":"https:\/\/secure.gravatar.com\/avatar\/a95b7fe6d1b813f7907d4f476d5a39e1?s=96&r=g","caption":"Vin\u00edcius Alves"},"description":"Jornalista formado na Faculdade C\u00e1sper L\u00edbero. Com passagens pela Ag\u00eancia Estado, InfoMoney e Editora Globo.","url":"https:\/\/www.suno.com.br\/noticias\/author\/vini08correiagmail-com\/"}]}},"default_loop_html":"<div class=\"cardsPage__listCard__boxs\"><div class=\"cardsPage__listCard__boxs__img\"><a href=\"https:\/\/www.suno.com.br\/noticias\/etfs-batem-cdi-vejam-os-mais-recomendados\/\"><img class=\"mask\" src=\"https:\/\/www.suno.com.br\/noticias\/wp-content\/themes\/suno\/resources\/images\/spotlight\/spotlight1img\/bg-mask.png\" alt=\"Image Mask\"\/><img src=\"https:\/\/files.sunoresearch.com.br\/n\/uploads\/2025\/02\/image_fx_-1-400x200.png\" alt=\"ETFs batem CDI em setembro: veja os mais recomendados\"\/><\/a><span class=\"spotlightCategory\"><a href=\"https:\/\/www.suno.com.br\/noticias\/negocios\/\">Neg\u00f3cios<\/a><\/span><\/div><div class=\"cardsPage__listCard__boxs__content\"><a href=\"https:\/\/www.suno.com.br\/noticias\/etfs-batem-cdi-vejam-os-mais-recomendados\/\"><h2 class=\"content__title\">ETFs batem CDI em setembro: veja os mais recomendados<\/h2><\/a><div class=\"newsContent__article__meta\"><div class=\"newsContent__article__meta__authorBox\"><a href=\"https:\/\/www.suno.com.br\/noticias\/author\/fcesarottigmail-com\/\" class=\"authorBox__avatar noMobi\"><img src=\"https:\/\/files.sunoresearch.com.br\/n\/uploads\/2024\/02\/perfil-150x150.jpg\" alt=\"Fernando Cesarotti\"><\/a><div class=\"authorBox__name\"><span>por\n\t\t\t<a href=\"https:\/\/www.suno.com.br\/noticias\/author\/fcesarottigmail-com\/\"><span itemprop=\"author\">Fernando Cesarotti<\/span><\/a><\/span><time datetime=\"2025-10-03T13:55:53-03:00\" itemprop=\"datePublished\">03\/10\/2025 13:55<\/time><\/div><\/div><\/div><\/div><\/div>","single_layout":"posts","amp_enabled":true,"_links":{"self":[{"href":"https:\/\/www.suno.com.br\/noticias\/wp-json\/wp\/v2\/posts\/627391"}],"collection":[{"href":"https:\/\/www.suno.com.br\/noticias\/wp-json\/wp\/v2\/posts"}],"about":[{"href":"https:\/\/www.suno.com.br\/noticias\/wp-json\/wp\/v2\/types\/post"}],"author":[{"embeddable":true,"href":"https:\/\/www.suno.com.br\/noticias\/wp-json\/wp\/v2\/users\/301"}],"replies":[{"embeddable":true,"href":"https:\/\/www.suno.com.br\/noticias\/wp-json\/wp\/v2\/comments?post=627391"}],"version-history":[{"count":2,"href":"https:\/\/www.suno.com.br\/noticias\/wp-json\/wp\/v2\/posts\/627391\/revisions"}],"predecessor-version":[{"id":627473,"href":"https:\/\/www.suno.com.br\/noticias\/wp-json\/wp\/v2\/posts\/627391\/revisions\/627473"}],"wp:featuredmedia":[{"embeddable":true,"href":"https:\/\/www.suno.com.br\/noticias\/wp-json\/wp\/v2\/media\/595516"}],"wp:attachment":[{"href":"https:\/\/www.suno.com.br\/noticias\/wp-json\/wp\/v2\/media?parent=627391"}],"wp:term":[{"taxonomy":"category","embeddable":true,"href":"https:\/\/www.suno.com.br\/noticias\/wp-json\/wp\/v2\/categories?post=627391"},{"taxonomy":"post_tag","embeddable":true,"href":"https:\/\/www.suno.com.br\/noticias\/wp-json\/wp\/v2\/tags?post=627391"},{"taxonomy":"suno_strategy","embeddable":true,"href":"https:\/\/www.suno.com.br\/noticias\/wp-json\/wp\/v2\/suno_strategy?post=627391"}],"curies":[{"name":"wp","href":"https:\/\/api.w.org\/{rel}","templated":true}]}}