{"id":6273,"date":"2018-11-13T08:49:14","date_gmt":"2018-11-13T10:49:14","guid":{"rendered":"https:\/\/www.suno.com.br\/noticias\/?p=6273"},"modified":"2021-02-18T17:56:18","modified_gmt":"2021-02-18T20:56:18","slug":"saber-politica-e-negocios-1311","status":"publish","type":"post","link":"https:\/\/www.suno.com.br\/noticias\/saber-politica-e-negocios-1311\/","title":{"rendered":"O que saber nesta ter\u00e7a-feira sobre pol\u00edtica e neg\u00f3cios"},"content":{"rendered":"<p>Fique de olho em alguns assuntos ligados a <strong>pol\u00edtica e neg\u00f3cios<\/strong> nesta ter\u00e7a-feira, 13 de novembro.<\/p>\t<div class=\"wrapper-featured-image\">\n\t\t<figure class=\"spotlightImg\">\n\n\t\t\t<picture>\n\t\t\t\t<source media=\"(max-width: 768px)\" srcset=\"https:\/\/files.sunoresearch.com.br\/n\/uploads\/2018\/10\/bcc38fc1-politica-e-negocios-3-400x200.webp\">\n\t\t\t\t<img loading=\"lazy\" decoding=\"async\" class=\"newsContent__article__imgCapa lazyloadDisabled newsContent__article__imgCapa--noCaption\" src=\"https:\/\/files.sunoresearch.com.br\/n\/uploads\/2018\/10\/bcc38fc1-politica-e-negocios-3-800x450.webp\" width=\"800\" height=\"450\" alt=\"O que saber nesta ter\u00e7a-feira sobre pol\u00edtica e neg\u00f3cios\" fetchpriority=high \/>\n\t\t\t<\/picture>\n\n\t\t\t<figcaption class=\"wp-caption-text wp-caption-text--hide\"><\/figcaption>\n\t\t<\/figure>\n\t<\/div>\n\n\n<p>Vale ficar atento a forma\u00e7\u00e3o da equipe econ\u00f4mica de Jair Bolsonaro, al\u00e9m dos pr\u00f3ximos passos referentes a reforma da previd\u00eancia.<\/p>\n<p>Se informe tamb\u00e9m sobre a reta final da temporada de balan\u00e7os.<\/p>\n<p><strong>Pol\u00edtica<\/strong><\/p>\n<p>Ap\u00f3s mais de duas semanas se discutindo a reforma da previd\u00eancia, o ministro da Casa Civil de Jair Bolsonaro, Onyx Lorenzoni, indicou que a reforma deve ficar apenas para 2019.<\/p>\n<p>A decis\u00e3o acontece mesmo ap\u00f3s a press\u00e3o do futuro ministro da Fazenda, Paulo Guedes, que chegou a afirmar que o congresso merecia uma &#8220;prensa&#8221;.<\/p>\n<p>Outro destaque no campo da pol\u00edtica foi o <a href=\"https:\/\/www.suno.com.br\/noticias\/joaquim-levy-aceita-convite-para-ser-o-novo-presidente-do-bndes\/\">an\u00fancio,\u00a0ontem (12), de Joaquim Levy para presidir o BNDES.<\/a><\/p>\n<p>Anteriormente Levy j\u00e1 era conhecido por ter sido ministro da Fazenda de Dilma Rousseff.<\/p>\n<p>S\u00e3o esperados, ainda esta semana, os an\u00fancios de mais nomes para compor a equipe econ\u00f4mica do capit\u00e3o reformado.<\/p>\n<p><strong>Temporada de balan\u00e7os e\u00a0<\/strong><b>agenda<\/b><\/p>\n<p>Na temporada de balan\u00e7os, destaque, principalmente, para o <a href=\"https:\/\/www.suno.com.br\/noticias\/balanco-da-eletrobras-trimestre\/\">an\u00fancio do balan\u00e7o da Eletrobras<\/a> que aconteceu ontem (12) no final do dia.<\/p>\n<p>A companhia registrou um preju\u00edzo l\u00edquido de R$ 1,62 bilh\u00e3o no terceiro trimestre de 2018.<\/p>\n<p>J\u00e1 em rela\u00e7\u00e3o a agenda econ\u00f4mica de hoje, o destaque \u00e9, principalmente, para o an\u00fancio do IBGE sobre os dados de vendas do varejo referente a setembro.<\/p>\n<p><strong>Bolsas\u00a0<\/strong><b>internacionais<\/b><\/p>\n<p>As bolsas asi\u00e1ticas encerraram o dia oscilando pr\u00f3ximas de zero, os \u00edndices negativos vindos de Wall Street influenciaram tal instabilidade.<\/p>\n<p>Enquanto as bolsas europeias foram menos afetadas com a instabilidade vinda dos Estados Unidos.<\/p>\n<p>Operando em alta e impulsionadas, principalmente, pelas declara\u00e7\u00f5es de Donald Trump sobre a Opep.<\/p>\n<p>Enquanto nos EUA a expectativa \u00e9 sobre como o mercado vai reagir ap\u00f3s encerrar o dia com o pior preg\u00e3o do m\u00eas.<\/p>\n","protected":false},"excerpt":{"rendered":"<p>Fique de olho em alguns assuntos ligados a pol\u00edtica e neg\u00f3cios nesta ter\u00e7a-feira, 13 de novembro. Vale ficar atento a forma\u00e7\u00e3o da equipe econ\u00f4mica de Jair Bolsonaro, al\u00e9m dos pr\u00f3ximos passos referentes a reforma da previd\u00eancia. Se informe tamb\u00e9m sobre a reta final da temporada de balan\u00e7os. Pol\u00edtica Ap\u00f3s mais de duas semanas se discutindo [&hellip;]<\/p>\n","protected":false},"author":7,"featured_media":5065,"comment_status":"closed","ping_status":"closed","sticky":false,"template":"","format":"standard","meta":[],"categories":[62],"tags":[309,740,455,793,719],"suno_strategy":[],"class_list":["post-6273","post","type-post","status-publish","format-standard","has-post-thumbnail","hentry","category-economia","tag-bolsa-de-valores","tag-economia","tag-eletrobras-elet3-elet5-elet6","tag-estados-unidos-eua","tag-jair-bolsonaro"],"yoast_head":"<!-- This site is optimized with the Yoast SEO plugin v24.4 - https:\/\/yoast.com\/wordpress\/plugins\/seo\/ -->\n<title>O que saber nesta ter\u00e7a-feira sobre pol\u00edtica e neg\u00f3cios<\/title>\n<meta name=\"description\" content=\"Em pol\u00edtica e neg\u00f3cios nesta quarta fique etento a: reta final da temporada de balan\u00e7os. Clique para saber mais.\" \/>\n<meta name=\"robots\" content=\"index, follow, max-snippet:-1, max-image-preview:large, max-video-preview:-1\" \/>\n<link rel=\"canonical\" href=\"https:\/\/www.suno.com.br\/noticias\/saber-politica-e-negocios-1311\/\" \/>\n<meta property=\"og:locale\" content=\"pt_BR\" \/>\n<meta property=\"og:type\" content=\"article\" \/>\n<meta property=\"og:title\" content=\"O que saber nesta ter\u00e7a-feira sobre pol\u00edtica e neg\u00f3cios\" \/>\n<meta property=\"og:description\" content=\"Em pol\u00edtica e neg\u00f3cios nesta quarta fique etento a: reta final da temporada de balan\u00e7os. Clique para saber mais.\" \/>\n<meta property=\"og:url\" content=\"https:\/\/www.suno.com.br\/noticias\/saber-politica-e-negocios-1311\/\" \/>\n<meta property=\"og:site_name\" content=\"Suno Not\u00edcias\" \/>\n<meta property=\"article:publisher\" content=\"https:\/\/facebook.com\/sunoresearch\" \/>\n<meta property=\"article:author\" content=\"https:\/\/www.linkedin.com\/in\/mateus-vasconcellos-4b3542123\/\" \/>\n<meta property=\"og:image\" content=\"https:\/\/files.sunoresearch.com.br\/n\/uploads\/2018\/10\/bcc38fc1-politica-e-negocios-3.jpg\" \/>\n\t<meta property=\"og:image:width\" content=\"1920\" \/>\n\t<meta property=\"og:image:height\" content=\"1440\" \/>\n\t<meta property=\"og:image:type\" content=\"image\/jpeg\" \/>\n<meta name=\"author\" content=\"Mateus Vasconcellos\" \/>\n<meta name=\"twitter:card\" content=\"summary_large_image\" \/>\n<meta name=\"twitter:creator\" content=\"@sunoresearch\" \/>\n<meta name=\"twitter:site\" content=\"@sunoresearch\" \/>\n<meta name=\"twitter:label1\" content=\"Escrito por\" \/>\n\t<meta name=\"twitter:data1\" content=\"Mateus Vasconcellos\" \/>\n\t<meta name=\"twitter:label2\" content=\"Est. tempo de leitura\" \/>\n\t<meta name=\"twitter:data2\" content=\"2 minutos\" \/>\n<script type=\"application\/ld+json\" class=\"yoast-schema-graph\">{\"@context\":\"https:\/\/schema.org\",\"@graph\":[{\"@type\":\"NewsArticle\",\"@id\":\"https:\/\/www.suno.com.br\/noticias\/saber-politica-e-negocios-1311\/#article\",\"isPartOf\":{\"@id\":\"https:\/\/www.suno.com.br\/noticias\/saber-politica-e-negocios-1311\/\"},\"author\":{\"name\":\"Mateus Vasconcellos\",\"@id\":\"https:\/\/www.suno.com.br\/noticias\/#\/schema\/person\/ff5cc30ec6c0b55b6d3f3cfc4378b74e\"},\"headline\":\"O que saber nesta ter\u00e7a-feira sobre pol\u00edtica e neg\u00f3cios\",\"datePublished\":\"2018-11-13T10:49:14+00:00\",\"dateModified\":\"2021-02-18T20:56:18+00:00\",\"mainEntityOfPage\":{\"@id\":\"https:\/\/www.suno.com.br\/noticias\/saber-politica-e-negocios-1311\/\"},\"wordCount\":334,\"publisher\":{\"@id\":\"https:\/\/www.suno.com.br\/noticias\/#organization\"},\"image\":{\"@id\":\"https:\/\/www.suno.com.br\/noticias\/saber-politica-e-negocios-1311\/#primaryimage\"},\"thumbnailUrl\":\"https:\/\/files.sunoresearch.com.br\/n\/uploads\/2018\/10\/bcc38fc1-politica-e-negocios-3-jpg.webp\",\"keywords\":[\"Bolsa de Valores\",\"Economia\",\"Eletrobras (ELET3\/ELET5\/ELET6)\",\"Estados Unidos (EUA)\",\"Jair Bolsonaro\"],\"articleSection\":[\"Economia\"],\"inLanguage\":\"pt-BR\"},{\"@type\":\"WebPage\",\"@id\":\"https:\/\/www.suno.com.br\/noticias\/saber-politica-e-negocios-1311\/\",\"url\":\"https:\/\/www.suno.com.br\/noticias\/saber-politica-e-negocios-1311\/\",\"name\":\"O que saber nesta ter\u00e7a-feira sobre pol\u00edtica e neg\u00f3cios\",\"isPartOf\":{\"@id\":\"https:\/\/www.suno.com.br\/noticias\/#website\"},\"primaryImageOfPage\":{\"@id\":\"https:\/\/www.suno.com.br\/noticias\/saber-politica-e-negocios-1311\/#primaryimage\"},\"image\":{\"@id\":\"https:\/\/www.suno.com.br\/noticias\/saber-politica-e-negocios-1311\/#primaryimage\"},\"thumbnailUrl\":\"https:\/\/files.sunoresearch.com.br\/n\/uploads\/2018\/10\/bcc38fc1-politica-e-negocios-3-jpg.webp\",\"datePublished\":\"2018-11-13T10:49:14+00:00\",\"dateModified\":\"2021-02-18T20:56:18+00:00\",\"description\":\"Em pol\u00edtica e neg\u00f3cios nesta quarta fique etento a: reta final da temporada de balan\u00e7os. Clique para saber mais.\",\"breadcrumb\":{\"@id\":\"https:\/\/www.suno.com.br\/noticias\/saber-politica-e-negocios-1311\/#breadcrumb\"},\"inLanguage\":\"pt-BR\",\"potentialAction\":[{\"@type\":\"ReadAction\",\"target\":[\"https:\/\/www.suno.com.br\/noticias\/saber-politica-e-negocios-1311\/\"]}]},{\"@type\":\"ImageObject\",\"inLanguage\":\"pt-BR\",\"@id\":\"https:\/\/www.suno.com.br\/noticias\/saber-politica-e-negocios-1311\/#primaryimage\",\"url\":\"https:\/\/files.sunoresearch.com.br\/n\/uploads\/2018\/10\/bcc38fc1-politica-e-negocios-3-jpg.webp\",\"contentUrl\":\"https:\/\/files.sunoresearch.com.br\/n\/uploads\/2018\/10\/bcc38fc1-politica-e-negocios-3-jpg.webp\",\"width\":1920,\"height\":1440,\"caption\":\"Pol\u00edtica e neg\u00f3cios\"},{\"@type\":\"BreadcrumbList\",\"@id\":\"https:\/\/www.suno.com.br\/noticias\/saber-politica-e-negocios-1311\/#breadcrumb\",\"itemListElement\":[{\"@type\":\"ListItem\",\"position\":1,\"name\":\"Not\u00edcias\",\"item\":\"https:\/\/www.suno.com.br\/noticias\/\"},{\"@type\":\"ListItem\",\"position\":2,\"name\":\"Economia\",\"item\":\"https:\/\/www.suno.com.br\/noticias\/economia\/\"},{\"@type\":\"ListItem\",\"position\":3,\"name\":\"O que saber nesta ter\u00e7a-feira sobre pol\u00edtica e neg\u00f3cios\"}]},{\"@type\":\"WebSite\",\"@id\":\"https:\/\/www.suno.com.br\/noticias\/#website\",\"url\":\"https:\/\/www.suno.com.br\/noticias\/\",\"name\":\"Suno Not\u00edcias\",\"description\":\"Seu portal de informa\u00e7\u00e3o sobre o mundo dos investimentos\",\"publisher\":{\"@id\":\"https:\/\/www.suno.com.br\/noticias\/#organization\"},\"potentialAction\":[{\"@type\":\"SearchAction\",\"target\":{\"@type\":\"EntryPoint\",\"urlTemplate\":\"https:\/\/www.suno.com.br\/noticias\/?s={search_term_string}\"},\"query-input\":{\"@type\":\"PropertyValueSpecification\",\"valueRequired\":true,\"valueName\":\"search_term_string\"}}],\"inLanguage\":\"pt-BR\"},{\"@type\":\"Organization\",\"@id\":\"https:\/\/www.suno.com.br\/noticias\/#organization\",\"name\":\"Suno Not\u00edcias\",\"url\":\"https:\/\/www.suno.com.br\/noticias\/\",\"logo\":{\"@type\":\"ImageObject\",\"inLanguage\":\"pt-BR\",\"@id\":\"https:\/\/www.suno.com.br\/noticias\/#\/schema\/logo\/image\/\",\"url\":\"https:\/\/files.sunoresearch.com.br\/n\/uploads\/2021\/09\/suno-logo.png\",\"contentUrl\":\"https:\/\/files.sunoresearch.com.br\/n\/uploads\/2021\/09\/suno-logo.png\",\"width\":180,\"height\":180,\"caption\":\"Suno Not\u00edcias\"},\"image\":{\"@id\":\"https:\/\/www.suno.com.br\/noticias\/#\/schema\/logo\/image\/\"},\"sameAs\":[\"https:\/\/facebook.com\/sunoresearch\",\"https:\/\/x.com\/sunoresearch\",\"https:\/\/www.instagram.com\/suno\",\"https:\/\/www.linkedin.com\/company\/suno-research\/\",\"https:\/\/www.youtube.com\/c\/sunoresearch\"]},{\"@type\":\"Person\",\"@id\":\"https:\/\/www.suno.com.br\/noticias\/#\/schema\/person\/ff5cc30ec6c0b55b6d3f3cfc4378b74e\",\"name\":\"Mateus Vasconcellos\",\"image\":{\"@type\":\"ImageObject\",\"inLanguage\":\"pt-BR\",\"@id\":\"https:\/\/www.suno.com.br\/noticias\/#\/schema\/person\/image\/\",\"url\":\"https:\/\/secure.gravatar.com\/avatar\/8d725238a0ef7530bdf58578a222f948?s=96&r=g\",\"contentUrl\":\"https:\/\/secure.gravatar.com\/avatar\/8d725238a0ef7530bdf58578a222f948?s=96&r=g\",\"caption\":\"Mateus Vasconcellos\"},\"description\":\"Formado em jornalismo pela Universidade Presbiteriana Mackenzie, Mateus Vasconcellos escreve sobre o mercado financeiro para o portal de not\u00edcias da Suno Research. Antes da Suno, teve passagem pelo Observat\u00f3rio do Terceiro Setor e \u00e9 vencedor do 7\u00b0 Pr\u00eamio Jovem Jornalista Fernando Pacheco Jord\u00e3o.\",\"sameAs\":[\"https:\/\/www.suno.com.br\",\"https:\/\/www.linkedin.com\/in\/mateus-vasconcellos-4b3542123\/\"],\"url\":\"https:\/\/www.suno.com.br\/noticias\/author\/mateus-vasconcellos\/\"}]}<\/script>\n<!-- \/ Yoast SEO plugin. -->","yoast_head_json":{"title":"O que saber nesta ter\u00e7a-feira sobre pol\u00edtica e neg\u00f3cios","description":"Em pol\u00edtica e neg\u00f3cios nesta quarta fique etento a: reta final da temporada de balan\u00e7os. Clique para saber mais.","robots":{"index":"index","follow":"follow","max-snippet":"max-snippet:-1","max-image-preview":"max-image-preview:large","max-video-preview":"max-video-preview:-1"},"canonical":"https:\/\/www.suno.com.br\/noticias\/saber-politica-e-negocios-1311\/","og_locale":"pt_BR","og_type":"article","og_title":"O que saber nesta ter\u00e7a-feira sobre pol\u00edtica e neg\u00f3cios","og_description":"Em pol\u00edtica e neg\u00f3cios nesta quarta fique etento a: reta final da temporada de balan\u00e7os. Clique para saber mais.","og_url":"https:\/\/www.suno.com.br\/noticias\/saber-politica-e-negocios-1311\/","og_site_name":"Suno Not\u00edcias","article_publisher":"https:\/\/facebook.com\/sunoresearch","article_author":"https:\/\/www.linkedin.com\/in\/mateus-vasconcellos-4b3542123\/","og_image":[{"width":1920,"height":1440,"url":"https:\/\/files.sunoresearch.com.br\/n\/uploads\/2018\/10\/bcc38fc1-politica-e-negocios-3.jpg","type":"image\/jpeg"}],"author":"Mateus Vasconcellos","twitter_card":"summary_large_image","twitter_creator":"@sunoresearch","twitter_site":"@sunoresearch","twitter_misc":{"Escrito por":"Mateus Vasconcellos","Est. tempo de leitura":"2 minutos"},"schema":{"@context":"https:\/\/schema.org","@graph":[{"@type":"NewsArticle","@id":"https:\/\/www.suno.com.br\/noticias\/saber-politica-e-negocios-1311\/#article","isPartOf":{"@id":"https:\/\/www.suno.com.br\/noticias\/saber-politica-e-negocios-1311\/"},"author":{"name":"Mateus Vasconcellos","@id":"https:\/\/www.suno.com.br\/noticias\/#\/schema\/person\/ff5cc30ec6c0b55b6d3f3cfc4378b74e"},"headline":"O que saber nesta ter\u00e7a-feira sobre pol\u00edtica e neg\u00f3cios","datePublished":"2018-11-13T10:49:14+00:00","dateModified":"2021-02-18T20:56:18+00:00","mainEntityOfPage":{"@id":"https:\/\/www.suno.com.br\/noticias\/saber-politica-e-negocios-1311\/"},"wordCount":334,"publisher":{"@id":"https:\/\/www.suno.com.br\/noticias\/#organization"},"image":{"@id":"https:\/\/www.suno.com.br\/noticias\/saber-politica-e-negocios-1311\/#primaryimage"},"thumbnailUrl":"https:\/\/files.sunoresearch.com.br\/n\/uploads\/2018\/10\/bcc38fc1-politica-e-negocios-3-jpg.webp","keywords":["Bolsa de Valores","Economia","Eletrobras (ELET3\/ELET5\/ELET6)","Estados Unidos (EUA)","Jair Bolsonaro"],"articleSection":["Economia"],"inLanguage":"pt-BR"},{"@type":"WebPage","@id":"https:\/\/www.suno.com.br\/noticias\/saber-politica-e-negocios-1311\/","url":"https:\/\/www.suno.com.br\/noticias\/saber-politica-e-negocios-1311\/","name":"O que saber nesta ter\u00e7a-feira sobre pol\u00edtica e neg\u00f3cios","isPartOf":{"@id":"https:\/\/www.suno.com.br\/noticias\/#website"},"primaryImageOfPage":{"@id":"https:\/\/www.suno.com.br\/noticias\/saber-politica-e-negocios-1311\/#primaryimage"},"image":{"@id":"https:\/\/www.suno.com.br\/noticias\/saber-politica-e-negocios-1311\/#primaryimage"},"thumbnailUrl":"https:\/\/files.sunoresearch.com.br\/n\/uploads\/2018\/10\/bcc38fc1-politica-e-negocios-3-jpg.webp","datePublished":"2018-11-13T10:49:14+00:00","dateModified":"2021-02-18T20:56:18+00:00","description":"Em pol\u00edtica e neg\u00f3cios nesta quarta fique etento a: reta final da temporada de balan\u00e7os. Clique para saber mais.","breadcrumb":{"@id":"https:\/\/www.suno.com.br\/noticias\/saber-politica-e-negocios-1311\/#breadcrumb"},"inLanguage":"pt-BR","potentialAction":[{"@type":"ReadAction","target":["https:\/\/www.suno.com.br\/noticias\/saber-politica-e-negocios-1311\/"]}]},{"@type":"ImageObject","inLanguage":"pt-BR","@id":"https:\/\/www.suno.com.br\/noticias\/saber-politica-e-negocios-1311\/#primaryimage","url":"https:\/\/files.sunoresearch.com.br\/n\/uploads\/2018\/10\/bcc38fc1-politica-e-negocios-3-jpg.webp","contentUrl":"https:\/\/files.sunoresearch.com.br\/n\/uploads\/2018\/10\/bcc38fc1-politica-e-negocios-3-jpg.webp","width":1920,"height":1440,"caption":"Pol\u00edtica e neg\u00f3cios"},{"@type":"BreadcrumbList","@id":"https:\/\/www.suno.com.br\/noticias\/saber-politica-e-negocios-1311\/#breadcrumb","itemListElement":[{"@type":"ListItem","position":1,"name":"Not\u00edcias","item":"https:\/\/www.suno.com.br\/noticias\/"},{"@type":"ListItem","position":2,"name":"Economia","item":"https:\/\/www.suno.com.br\/noticias\/economia\/"},{"@type":"ListItem","position":3,"name":"O que saber nesta ter\u00e7a-feira sobre pol\u00edtica e neg\u00f3cios"}]},{"@type":"WebSite","@id":"https:\/\/www.suno.com.br\/noticias\/#website","url":"https:\/\/www.suno.com.br\/noticias\/","name":"Suno Not\u00edcias","description":"Seu portal de informa\u00e7\u00e3o sobre o mundo dos investimentos","publisher":{"@id":"https:\/\/www.suno.com.br\/noticias\/#organization"},"potentialAction":[{"@type":"SearchAction","target":{"@type":"EntryPoint","urlTemplate":"https:\/\/www.suno.com.br\/noticias\/?s={search_term_string}"},"query-input":{"@type":"PropertyValueSpecification","valueRequired":true,"valueName":"search_term_string"}}],"inLanguage":"pt-BR"},{"@type":"Organization","@id":"https:\/\/www.suno.com.br\/noticias\/#organization","name":"Suno Not\u00edcias","url":"https:\/\/www.suno.com.br\/noticias\/","logo":{"@type":"ImageObject","inLanguage":"pt-BR","@id":"https:\/\/www.suno.com.br\/noticias\/#\/schema\/logo\/image\/","url":"https:\/\/files.sunoresearch.com.br\/n\/uploads\/2021\/09\/suno-logo.png","contentUrl":"https:\/\/files.sunoresearch.com.br\/n\/uploads\/2021\/09\/suno-logo.png","width":180,"height":180,"caption":"Suno Not\u00edcias"},"image":{"@id":"https:\/\/www.suno.com.br\/noticias\/#\/schema\/logo\/image\/"},"sameAs":["https:\/\/facebook.com\/sunoresearch","https:\/\/x.com\/sunoresearch","https:\/\/www.instagram.com\/suno","https:\/\/www.linkedin.com\/company\/suno-research\/","https:\/\/www.youtube.com\/c\/sunoresearch"]},{"@type":"Person","@id":"https:\/\/www.suno.com.br\/noticias\/#\/schema\/person\/ff5cc30ec6c0b55b6d3f3cfc4378b74e","name":"Mateus Vasconcellos","image":{"@type":"ImageObject","inLanguage":"pt-BR","@id":"https:\/\/www.suno.com.br\/noticias\/#\/schema\/person\/image\/","url":"https:\/\/secure.gravatar.com\/avatar\/8d725238a0ef7530bdf58578a222f948?s=96&r=g","contentUrl":"https:\/\/secure.gravatar.com\/avatar\/8d725238a0ef7530bdf58578a222f948?s=96&r=g","caption":"Mateus Vasconcellos"},"description":"Formado em jornalismo pela Universidade Presbiteriana Mackenzie, Mateus Vasconcellos escreve sobre o mercado financeiro para o portal de not\u00edcias da Suno Research. Antes da Suno, teve passagem pelo Observat\u00f3rio do Terceiro Setor e \u00e9 vencedor do 7\u00b0 Pr\u00eamio Jovem Jornalista Fernando Pacheco Jord\u00e3o.","sameAs":["https:\/\/www.suno.com.br","https:\/\/www.linkedin.com\/in\/mateus-vasconcellos-4b3542123\/"],"url":"https:\/\/www.suno.com.br\/noticias\/author\/mateus-vasconcellos\/"}]}},"default_loop_html":"<div class=\"cardsPage__listCard__boxs\"><div class=\"cardsPage__listCard__boxs__img\"><a href=\"https:\/\/www.suno.com.br\/noticias\/saber-politica-e-negocios-1311\/\"><img class=\"mask\" src=\"https:\/\/www.suno.com.br\/noticias\/wp-content\/themes\/suno\/resources\/images\/spotlight\/spotlight1img\/bg-mask.png\" alt=\"Image Mask\"\/><img src=\"https:\/\/files.sunoresearch.com.br\/n\/uploads\/2018\/10\/bcc38fc1-politica-e-negocios-3-400x200.webp\" alt=\"O que saber nesta ter\u00e7a-feira sobre pol\u00edtica e neg\u00f3cios\"\/><\/a><span class=\"spotlightCategory\"><a href=\"https:\/\/www.suno.com.br\/noticias\/economia\/\">Economia<\/a><\/span><\/div><div class=\"cardsPage__listCard__boxs__content\"><a href=\"https:\/\/www.suno.com.br\/noticias\/saber-politica-e-negocios-1311\/\"><h2 class=\"content__title\">O que saber nesta ter\u00e7a-feira sobre pol\u00edtica e neg\u00f3cios<\/h2><\/a><div class=\"newsContent__article__meta\"><div class=\"newsContent__article__meta__authorBox\"><a href=\"https:\/\/www.suno.com.br\/noticias\/author\/mateus-vasconcellos\/\" class=\"authorBox__avatar noMobi\"><img src=\"https:\/\/secure.gravatar.com\/avatar\/8d725238a0ef7530bdf58578a222f948?s=96&#038;r=g\" alt=\"Mateus Vasconcellos\"><\/a><div class=\"authorBox__name\"><span>por\n\t\t\t<a href=\"https:\/\/www.suno.com.br\/noticias\/author\/mateus-vasconcellos\/\"><span itemprop=\"author\">Mateus Vasconcellos<\/span><\/a><\/span><time datetime=\"2018-11-13T08:49:14-02:00\" itemprop=\"datePublished\">13\/11\/2018 08:49<\/time><\/div><\/div><\/div><\/div><\/div>","single_layout":"posts","amp_enabled":true,"_links":{"self":[{"href":"https:\/\/www.suno.com.br\/noticias\/wp-json\/wp\/v2\/posts\/6273"}],"collection":[{"href":"https:\/\/www.suno.com.br\/noticias\/wp-json\/wp\/v2\/posts"}],"about":[{"href":"https:\/\/www.suno.com.br\/noticias\/wp-json\/wp\/v2\/types\/post"}],"author":[{"embeddable":true,"href":"https:\/\/www.suno.com.br\/noticias\/wp-json\/wp\/v2\/users\/7"}],"replies":[{"embeddable":true,"href":"https:\/\/www.suno.com.br\/noticias\/wp-json\/wp\/v2\/comments?post=6273"}],"version-history":[{"count":0,"href":"https:\/\/www.suno.com.br\/noticias\/wp-json\/wp\/v2\/posts\/6273\/revisions"}],"wp:featuredmedia":[{"embeddable":true,"href":"https:\/\/www.suno.com.br\/noticias\/wp-json\/wp\/v2\/media\/5065"}],"wp:attachment":[{"href":"https:\/\/www.suno.com.br\/noticias\/wp-json\/wp\/v2\/media?parent=6273"}],"wp:term":[{"taxonomy":"category","embeddable":true,"href":"https:\/\/www.suno.com.br\/noticias\/wp-json\/wp\/v2\/categories?post=6273"},{"taxonomy":"post_tag","embeddable":true,"href":"https:\/\/www.suno.com.br\/noticias\/wp-json\/wp\/v2\/tags?post=6273"},{"taxonomy":"suno_strategy","embeddable":true,"href":"https:\/\/www.suno.com.br\/noticias\/wp-json\/wp\/v2\/suno_strategy?post=6273"}],"curies":[{"name":"wp","href":"https:\/\/api.w.org\/{rel}","templated":true}]}}