{"id":626846,"date":"2025-09-30T16:37:59","date_gmt":"2025-09-30T19:37:59","guid":{"rendered":"https:\/\/www.suno.com.br\/noticias\/?p=626846"},"modified":"2025-09-30T16:38:05","modified_gmt":"2025-09-30T19:38:05","slug":"moratoria-soja-cade-2026-mtae","status":"publish","type":"post","link":"https:\/\/www.suno.com.br\/noticias\/moratoria-soja-cade-2026-mtae\/","title":{"rendered":"Cade adia suspens\u00e3o da morat\u00f3ria da soja e reacende disputa entre mercado e governo"},"content":{"rendered":"<\/p>\t<div class=\"wrapper-featured-image\">\n\t\t<figure class=\"spotlightImg\">\n\n\t\t\t<picture>\n\t\t\t\t<source media=\"(max-width: 768px)\" srcset=\"https:\/\/files.sunoresearch.com.br\/n\/uploads\/2021\/05\/1d2c1cdf-soybeans-1543071_1280-e1696874087103-400x200.jpg\">\n\t\t\t\t<img loading=\"lazy\" decoding=\"async\" class=\"newsContent__article__imgCapa lazyloadDisabled \" src=\"https:\/\/files.sunoresearch.com.br\/n\/uploads\/2021\/05\/1d2c1cdf-soybeans-1543071_1280-e1696874087103-800x450.jpg\" width=\"800\" height=\"450\" alt=\"Cade adia suspens\u00e3o da morat\u00f3ria da soja e reacende disputa entre mercado e governo\" fetchpriority=high \/>\n\t\t\t<\/picture>\n\n\t\t\t<figcaption class=\"wp-caption-text wp-caption-text--show\">Colheita de soja. Foto: Pixabay<\/figcaption>\n\t\t<\/figure>\n\t<\/div>\n\n\n\n\n\n\n<p>Por maioria, o plen\u00e1rio do <a class=\"suno-keyword\" target=\"_blank\" data-force=\"no\" data-priority=\"2\" href=\"https:\/\/www.suno.com.br\/artigos\/cade\/\" rel=\"noopener\">Conselho Administrativo de Defesa Econ\u00f4mica (Cade)<\/a> decidiu aplicar a medida preventiva que suspende a morat\u00f3ria da soja apenas a partir de 1\u00ba janeiro de 2026.<\/p>\n\n\n\t<p>\n\t\t<a href=\"\" target=\"_blank\" data-element=\"shortcode-suno-banner\" title=\"Banner SUNO, clique e saiba mais\">\n\t\t\t<picture>\n\t\t\t\t<source media=\"(max-width: 500px)\" srcset=\"\">\n\t\t\t\t<img class=\"newsContent__article__imgCapa newsContent__article__imgCapa--banner\"\n\t\t\t\t\tsrc=\"\"\n\t\t\t\t\tdata-promo-id=\"285519\"\t\t\t\t\t\t\t\t\t\t\t\t\t\t\talt=\"\"\n\t\t\t\t>\n\t\t\t<\/picture>\n\t\t<\/a>\n\t<\/p>\n\n\n\n\n\n<p>O relator, conselheiro Carlos Jacques, e o presidente da autoridade da concorr\u00eancia, Gustavo Augusto Freitas de Lima, foram os \u00fanicos dos seis integrantes do Cade a defenderem a retomada da vig\u00eancia da medida preventiva. Jacques acompanhou a manifesta\u00e7\u00e3o de 18 de agosto da Superintend\u00eancia Geral (SG) do Cade, \u00e1rea t\u00e9cnica do \u00f3rg\u00e3o, e votou para manter a preventiva.<\/p>\n\n\n\n<p>Em 18 de agosto, a SG imp\u00f4s a medida preventiva e instaurou processo administrativo contra as associa\u00e7\u00f5es e empresas integrantes do Grupo de Trabalho da Soja (GTS), que s\u00e3o signat\u00e1rias do acordo conhecido como morat\u00f3ria da soja, por considerar um acordo anticompetitivo entre concorrentes que prejudica a exporta\u00e7\u00e3o de soja.<\/p>\n\n\n\n<p>A medida preventiva determina que o Grupo de Trabalho da Soja se abstenha de coletar, armazenar, compartilhar ou disseminar informa\u00e7\u00f5es comerciais referentes \u00e0 venda, produ\u00e7\u00e3o ou aquisi\u00e7\u00e3o de soja, bem como que se abstenha de contratar processos de auditoria. Seus membros devem tamb\u00e9m se abster de compartilhar relat\u00f3rios listas e documentos que instrumentalizem o acordo, bem como retirar a divulga\u00e7\u00e3o de documentos relacionados \u00e0 morat\u00f3ria de seus s\u00edtios eletr\u00f4nicos. A penaliza\u00e7\u00e3o pelo descumprimento da medida preventiva \u00e9 multa di\u00e1ria no valor de R$ 250 mil.<\/p>\n\n\n\n<p>Dias depois dessa decis\u00e3o da \u00e1rea t\u00e9cnica do Cade, em 20 de agosto, a Justi\u00e7a Federal suspendeu, por meio de uma liminar, a decis\u00e3o preliminar e que determinou a paralisa\u00e7\u00e3o da morat\u00f3ria da soja n\u00e3o poderia ocorrer at\u00e9 que houvesse o julgamento do recurso administrativo apresentado pela Associa\u00e7\u00e3o Brasileira das Ind\u00fastrias de \u00d3leos Vegetais (Abiove) pelo tribunal do \u00f3rg\u00e3o concorrencial &#8211; o que ocorreu nesta ter\u00e7a-feira.<\/p>\n\n\n\n<p>O pacto multissetorial firmado entre setor privado (tradings e compradores de gr\u00e3os), organiza\u00e7\u00f5es n\u00e3o governamentais e \u00f3rg\u00e3os do governo, prev\u00ea a n\u00e3o comercializa\u00e7\u00e3o, o n\u00e3o financiamento ou a aquisi\u00e7\u00e3o de soja produzida em \u00e1reas desmatadas na Amaz\u00f4nia.<\/p>\n\n\n\n<p>A sess\u00e3o de julgamento que analisa a morat\u00f3ria da soja foi acompanhada presencialmente pelas diversas partes interessadas e tamb\u00e9m pelo superintendente-geral do Cade, Alexandre Barreto. Excepcionalmente hoje, o \u00f3rg\u00e3o instalou detectores de metais na entrada do audit\u00f3rio onde aconteceu a sess\u00e3o.<\/p>\n\n\n\n<p><b>Os votos<\/b><\/p>\n\n\n\n<p>O relator Carlos Jacques apontou ind\u00edcios de uma infra\u00e7\u00e3o da ordem econ\u00f4mica, por se tratar de um acordo entre concorrentes, que versa sobre vari\u00e1vel competitiva relevante, com n\u00famero elevado de tradings. &#8220;Mas isso n\u00e3o \u00e9 necessariamente um cartel, muito longe, ali\u00e1s, de ser um cartel. \u00c9 uma coopera\u00e7\u00e3o, provavelmente&#8221;, ponderou.<\/p>\n\n\n\n<p>Ele sustentou que a n\u00e3o ado\u00e7\u00e3o da medida preventiva \u00e9 prejudicial \u00e0 concorr\u00eancia. &#8220;N\u00e3o h\u00e1 d\u00favidas de que a morat\u00f3ria da soja possui o cond\u00e3o de operar s\u00e9rios efeitos anticompetitivos no mercado&#8221;, destacou o voto do relator.<\/p>\n\n\n\n<p>Em seguida, o conselheiro Jos\u00e9 Levi do Amaral J\u00fanior abriu diverg\u00eancia e foi acompanhado pelos conselheiros Victor Fernandes, Diogo Thomson e Camila Cabral.<\/p>\n\n\n\n<p>Em seu voto, Jos\u00e9 Levi citou a liminar da Justi\u00e7a Federal e a decis\u00e3o vigente do Supremo Tribunal Federal (STF) que suspende at\u00e9 31 de dezembro de 2025 norma estadual que veda benef\u00edcios para empresas participantes de acordos da esp\u00e9cie da morat\u00f3ria da soja. Ele frisou que a morat\u00f3ria da soja possui natureza privada, \u00e9 integrada por diversos entes p\u00fablicos e privados e vem sendo reconhecida como instrumento de fomento ao desenvolvimento sustent\u00e1vel.<\/p>\n\n\n\n<p>O conselheiro afirmou que, para fazer valer a decis\u00e3o vigente e vinculante do STF, seria adequado manter suspensa a efic\u00e1cia da medida preventiva adotada pela SG at\u00e9 31 de dezembro de 2025. Esse tempo ser\u00e1 destinado para di\u00e1logo entre as partes privadas e os agentes p\u00fablicos, como colocou o ministro do STF Fl\u00e1vio Dino. &#8220;Nestes termos, penso eu, a decis\u00e3o do Cade fica rigorosamente alinhada ao quanto se tem, at\u00e9 aqui, do Supremo Tribunal Federal.&#8221;<\/p>\n\n\n\n<p>Por sua vez, o conselheiro Fernandes ressaltou que esse \u00e9 um tema que est\u00e1 em voga no mundo todo, com autoridades antitrustes de v\u00e1rios pa\u00edses publicando guias sobre acordos de sustentabilidade, mas com diverg\u00eancias sobre a forma de compatibilizar os acordos com a defesa da concorr\u00eancia. &#8220;Entendo que o papel central que o Cade pode ter neste momento \u00e9 o de identificar os casos de acordo de sustentabilidade que, a princ\u00edpio, n\u00e3o geram preocupa\u00e7\u00f5es concorrenciais relevantes&#8221;, sustentou.<\/p>\n\n\n\n<p>Thomson pontuou que a complexidade do arranjo e suas especificidades demandam an\u00e1lise mais aprofundada pelo \u00f3rg\u00e3o antitruste.<\/p>\n\n\n\n<p>&#8220;No presente caso, os elementos que caracterizam cartel de compra ou n\u00e3o foram observados ou permanecem inadequadamente explorados nos autos, dado inclusive o car\u00e1ter inicial do processo administrativo&#8221;, observou.<\/p>\n\n\n\n<p>Por sua vez, a conselheira Camila Cabral ressaltou que a ades\u00e3o ao pacto \u00e9 volunt\u00e1ria e possui metodologias p\u00fablicas. &#8220;A posi\u00e7\u00e3o mais cautelosa neste momento \u00e9 reconhecer a insufici\u00eancia de ind\u00edcios de danos concorrenciais&#8221;, defendeu ela, frisando que \u00e9 preciso completar a instru\u00e7\u00e3o probat\u00f3ria.<\/p>\n\n\n\n<p>Ao proclamar o resultado, Gustavo Augusto, que votou com o relator, defendeu que o prazo adicional para a aplica\u00e7\u00e3o da preventiva, de tr\u00eas meses, dar\u00e1 tempo para as empresas entrarem em concilia\u00e7\u00e3o e eventualmente se adequarem. Mas ele observou que n\u00e3o tem visto esse cen\u00e1rio acontecer. &#8220;Eu estou vendo as empresas partindo para a briga.&#8221;<\/p>\n\n\n\t<p>\n\t\t<a href=\"\" target=\"_blank\" data-element=\"shortcode-suno-banner\" title=\"Banner SUNO, clique e saiba mais\">\n\t\t\t<picture>\n\t\t\t\t<source media=\"(max-width: 500px)\" srcset=\"\">\n\t\t\t\t<img class=\"newsContent__article__imgCapa newsContent__article__imgCapa--banner\"\n\t\t\t\t\tsrc=\"\"\n\t\t\t\t\tdata-promo-id=\"526845\"\t\t\t\t\t\t\t\t\t\t\t\t\t\t\talt=\"\"\n\t\t\t\t>\n\t\t\t<\/picture>\n\t\t<\/a>\n\t<\/p>\n\n\n\n\n\n<p>O presidente indicou ainda que, at\u00e9 o final de 2025, os \u00f3rg\u00e3os ambientais podem normatizar essa pol\u00edtica p\u00fablica atrav\u00e9s de medida provis\u00f3ria, decreto, resolu\u00e7\u00e3o do Conselho Nacional do Meio Ambiente (Conama) ou outro instrumento. &#8220;Eu n\u00e3o vou dizer qual o instrumento, porque isso n\u00e3o me cabe, mas faz-se um normativo, garantindo que seja de uma forma n\u00e3o discriminat\u00f3ria&#8221;, defendeu.<\/p>\n\n\n\n<p>Recentemente, a Uni\u00e3o entrou como terceira interessada no processo administrativo que analisa a morat\u00f3ria da soja, por interm\u00e9dio do Minist\u00e9rio do Meio Ambiente (MMA) e do Instituto Brasileiro do Meio Ambiente e dos Recursos Naturais Renov\u00e1veis (Ibama).<\/p>\n\n\n\n<p>O governo federal \u00e9 apoiador da morat\u00f3ria e representantes dos \u00f3rg\u00e3os envolvidos se reuniram nos \u00faltimos dias com o relator e outros conselheiros para apresentar a posi\u00e7\u00e3o favor\u00e1vel ao pacto como &#8220;pol\u00edtica p\u00fablica consolidada de combate ao desmatamento ambiental&#8221; e pelo reconhecimento da legalidade do acordo.<\/p>\n\n\n\n<p>Havia preocupa\u00e7\u00e3o dentro do governo Lula de que o acordo fosse suspenso \u00e0s v\u00e9speras da Confer\u00eancia das Na\u00e7\u00f5es Unidas sobre as Mudan\u00e7as Clim\u00e1ticas de 2025 (COP30), que ser\u00e1 sediada em Bel\u00e9m (PA) no pr\u00f3ximo m\u00eas de novembro. A suspens\u00e3o da morat\u00f3ria da soja neste momento poderia respingar de forma negativa sobre o governo perante a comunidade internacional.<\/p>\n\n\n\n<p class=\"newsProviderSignature\">Com Estad\u00e3o Conte\u00fado<\/p>\n\n\n\n\n\t<p>\n\t\t<a href=\"https:\/\/lp.suno.com.br\/asset\/fundos\/suno-fiagro-snag11\/\" target=\"_blank\" data-element=\"shortcode-suno-banner\" title=\"Banner SUNO, clique e saiba mais\">\n\t\t\t<picture>\n\t\t\t\t<source media=\"(max-width: 500px)\" srcset=\"https:\/\/files.sunoresearch.com.br\/n\/uploads\/2024\/03\/400x300-Mobile-Artigos-1_SNAG.png\">\n\t\t\t\t<img class=\"newsContent__article__imgCapa newsContent__article__imgCapa--banner\"\n\t\t\t\t\tsrc=\"https:\/\/files.sunoresearch.com.br\/n\/uploads\/2024\/03\/1420x240-Banner-Artigos-1-_-Banner-Materias-1_SNAG.png\"\n\t\t\t\t\tdata-promo-id=\"364416\"\t\t\t\t\t\t\t\t\t\twidth='1420' height='240'\t\t\t\t\talt=\"https:\/\/files.sunoresearch.com.br\/n\/uploads\/2024\/03\/1420x240-Banner-Artigos-1-_-Banner-Materias-1_SNAG.png\"\n\t\t\t\t>\n\t\t\t<\/picture>\n\t\t<\/a>\n\t<\/p>\n\n\n","protected":false},"excerpt":{"rendered":"<p>Colheita de soja. Foto: Pixabay Por maioria, o plen\u00e1rio do Conselho Administrativo de Defesa Econ\u00f4mica (Cade) decidiu aplicar a medida preventiva que suspende a morat\u00f3ria da soja apenas a partir de 1\u00ba janeiro de 2026. O relator, conselheiro Carlos Jacques, e o presidente da autoridade da concorr\u00eancia, Gustavo Augusto Freitas de Lima, foram os \u00fanicos [&hellip;]<\/p>\n","protected":false},"author":43,"featured_media":151099,"comment_status":"closed","ping_status":"closed","sticky":false,"template":"","format":"standard","meta":[],"categories":[107088],"tags":[851,917],"suno_strategy":[],"class_list":["post-626846","post","type-post","status-publish","format-standard","has-post-thumbnail","hentry","category-agro","tag-cade","tag-soja"],"yoast_head":"<!-- This site is optimized with the Yoast SEO plugin v24.4 - https:\/\/yoast.com\/wordpress\/plugins\/seo\/ -->\n<title>Morat\u00f3ria da soja segue v\u00e1lida at\u00e9 2026, decide Cade<\/title>\n<meta name=\"description\" content=\"Cade decide adiar suspens\u00e3o da morat\u00f3ria da soja para 2026, em meio a disputa sobre concorr\u00eancia e press\u00f5es ambientais.\" \/>\n<meta name=\"robots\" content=\"index, follow, max-snippet:-1, max-image-preview:large, max-video-preview:-1\" \/>\n<link rel=\"canonical\" href=\"https:\/\/www.suno.com.br\/noticias\/moratoria-soja-cade-2026-mtae\/\" \/>\n<meta property=\"og:locale\" content=\"pt_BR\" \/>\n<meta property=\"og:type\" content=\"article\" \/>\n<meta property=\"og:title\" content=\"Morat\u00f3ria da soja segue v\u00e1lida at\u00e9 2026, decide Cade\" \/>\n<meta property=\"og:description\" content=\"Cade decide adiar suspens\u00e3o da morat\u00f3ria da soja para 2026, em meio a disputa sobre concorr\u00eancia e press\u00f5es ambientais.\" \/>\n<meta property=\"og:url\" content=\"https:\/\/www.suno.com.br\/noticias\/moratoria-soja-cade-2026-mtae\/\" \/>\n<meta property=\"og:site_name\" content=\"Suno Not\u00edcias\" \/>\n<meta property=\"article:publisher\" content=\"https:\/\/facebook.com\/sunoresearch\" \/>\n<meta property=\"article:author\" content=\"https:\/\/www.facebook.com\/sunonoticias\/\" \/>\n<meta property=\"og:image\" content=\"https:\/\/files.sunoresearch.com.br\/n\/uploads\/2021\/05\/1d2c1cdf-soybeans-1543071_1280-e1696874087103.jpg\" \/>\n\t<meta property=\"og:image:width\" content=\"1200\" \/>\n\t<meta property=\"og:image:height\" content=\"797\" \/>\n\t<meta property=\"og:image:type\" content=\"image\/jpeg\" \/>\n<meta name=\"author\" content=\"Reda\u00e7\u00e3o Suno Not\u00edcias\" \/>\n<meta name=\"twitter:card\" content=\"summary_large_image\" \/>\n<meta name=\"twitter:creator\" content=\"@https:\/\/twitter.com\/sunoresearch\" \/>\n<meta name=\"twitter:site\" content=\"@sunoresearch\" \/>\n<meta name=\"twitter:label1\" content=\"Escrito por\" \/>\n\t<meta name=\"twitter:data1\" content=\"Reda\u00e7\u00e3o Suno Not\u00edcias\" \/>\n\t<meta name=\"twitter:label2\" content=\"Est. tempo de leitura\" \/>\n\t<meta name=\"twitter:data2\" content=\"7 minutos\" \/>\n<script type=\"application\/ld+json\" class=\"yoast-schema-graph\">{\"@context\":\"https:\/\/schema.org\",\"@graph\":[{\"@type\":\"NewsArticle\",\"@id\":\"https:\/\/www.suno.com.br\/noticias\/moratoria-soja-cade-2026-mtae\/#article\",\"isPartOf\":{\"@id\":\"https:\/\/www.suno.com.br\/noticias\/moratoria-soja-cade-2026-mtae\/\"},\"author\":{\"name\":\"Reda\u00e7\u00e3o Suno Not\u00edcias\",\"@id\":\"https:\/\/www.suno.com.br\/noticias\/#\/schema\/person\/c1b1bd3727fa852bd045e9dbff3673ea\"},\"headline\":\"Cade adia suspens\u00e3o da morat\u00f3ria da soja e reacende disputa entre mercado e governo\",\"datePublished\":\"2025-09-30T19:37:59+00:00\",\"dateModified\":\"2025-09-30T19:38:05+00:00\",\"mainEntityOfPage\":{\"@id\":\"https:\/\/www.suno.com.br\/noticias\/moratoria-soja-cade-2026-mtae\/\"},\"wordCount\":1192,\"publisher\":{\"@id\":\"https:\/\/www.suno.com.br\/noticias\/#organization\"},\"image\":{\"@id\":\"https:\/\/www.suno.com.br\/noticias\/moratoria-soja-cade-2026-mtae\/#primaryimage\"},\"thumbnailUrl\":\"https:\/\/files.sunoresearch.com.br\/n\/uploads\/2021\/05\/1d2c1cdf-soybeans-1543071_1280-e1696874087103.jpg\",\"keywords\":[\"CADE\",\"soja\"],\"articleSection\":[\"Agro\"],\"inLanguage\":\"pt-BR\"},{\"@type\":\"WebPage\",\"@id\":\"https:\/\/www.suno.com.br\/noticias\/moratoria-soja-cade-2026-mtae\/\",\"url\":\"https:\/\/www.suno.com.br\/noticias\/moratoria-soja-cade-2026-mtae\/\",\"name\":\"Morat\u00f3ria da soja segue v\u00e1lida at\u00e9 2026, decide Cade\",\"isPartOf\":{\"@id\":\"https:\/\/www.suno.com.br\/noticias\/#website\"},\"primaryImageOfPage\":{\"@id\":\"https:\/\/www.suno.com.br\/noticias\/moratoria-soja-cade-2026-mtae\/#primaryimage\"},\"image\":{\"@id\":\"https:\/\/www.suno.com.br\/noticias\/moratoria-soja-cade-2026-mtae\/#primaryimage\"},\"thumbnailUrl\":\"https:\/\/files.sunoresearch.com.br\/n\/uploads\/2021\/05\/1d2c1cdf-soybeans-1543071_1280-e1696874087103.jpg\",\"datePublished\":\"2025-09-30T19:37:59+00:00\",\"dateModified\":\"2025-09-30T19:38:05+00:00\",\"description\":\"Cade decide adiar suspens\u00e3o da morat\u00f3ria da soja para 2026, em meio a disputa sobre concorr\u00eancia e press\u00f5es ambientais.\",\"breadcrumb\":{\"@id\":\"https:\/\/www.suno.com.br\/noticias\/moratoria-soja-cade-2026-mtae\/#breadcrumb\"},\"inLanguage\":\"pt-BR\",\"potentialAction\":[{\"@type\":\"ReadAction\",\"target\":[\"https:\/\/www.suno.com.br\/noticias\/moratoria-soja-cade-2026-mtae\/\"]}]},{\"@type\":\"ImageObject\",\"inLanguage\":\"pt-BR\",\"@id\":\"https:\/\/www.suno.com.br\/noticias\/moratoria-soja-cade-2026-mtae\/#primaryimage\",\"url\":\"https:\/\/files.sunoresearch.com.br\/n\/uploads\/2021\/05\/1d2c1cdf-soybeans-1543071_1280-e1696874087103.jpg\",\"contentUrl\":\"https:\/\/files.sunoresearch.com.br\/n\/uploads\/2021\/05\/1d2c1cdf-soybeans-1543071_1280-e1696874087103.jpg\",\"width\":1200,\"height\":797,\"caption\":\"Colheita de soja. Foto: Pixabay\"},{\"@type\":\"BreadcrumbList\",\"@id\":\"https:\/\/www.suno.com.br\/noticias\/moratoria-soja-cade-2026-mtae\/#breadcrumb\",\"itemListElement\":[{\"@type\":\"ListItem\",\"position\":1,\"name\":\"Not\u00edcias\",\"item\":\"https:\/\/www.suno.com.br\/noticias\/\"},{\"@type\":\"ListItem\",\"position\":2,\"name\":\"Agro\",\"item\":\"https:\/\/www.suno.com.br\/noticias\/agro\/\"},{\"@type\":\"ListItem\",\"position\":3,\"name\":\"Cade adia suspens\u00e3o da morat\u00f3ria da soja e reacende disputa entre mercado e governo\"}]},{\"@type\":\"WebSite\",\"@id\":\"https:\/\/www.suno.com.br\/noticias\/#website\",\"url\":\"https:\/\/www.suno.com.br\/noticias\/\",\"name\":\"Suno Not\u00edcias\",\"description\":\"Seu portal de informa\u00e7\u00e3o sobre o mundo dos investimentos\",\"publisher\":{\"@id\":\"https:\/\/www.suno.com.br\/noticias\/#organization\"},\"potentialAction\":[{\"@type\":\"SearchAction\",\"target\":{\"@type\":\"EntryPoint\",\"urlTemplate\":\"https:\/\/www.suno.com.br\/noticias\/?s={search_term_string}\"},\"query-input\":{\"@type\":\"PropertyValueSpecification\",\"valueRequired\":true,\"valueName\":\"search_term_string\"}}],\"inLanguage\":\"pt-BR\"},{\"@type\":\"Organization\",\"@id\":\"https:\/\/www.suno.com.br\/noticias\/#organization\",\"name\":\"Suno Not\u00edcias\",\"url\":\"https:\/\/www.suno.com.br\/noticias\/\",\"logo\":{\"@type\":\"ImageObject\",\"inLanguage\":\"pt-BR\",\"@id\":\"https:\/\/www.suno.com.br\/noticias\/#\/schema\/logo\/image\/\",\"url\":\"https:\/\/files.sunoresearch.com.br\/n\/uploads\/2021\/09\/suno-logo.png\",\"contentUrl\":\"https:\/\/files.sunoresearch.com.br\/n\/uploads\/2021\/09\/suno-logo.png\",\"width\":180,\"height\":180,\"caption\":\"Suno Not\u00edcias\"},\"image\":{\"@id\":\"https:\/\/www.suno.com.br\/noticias\/#\/schema\/logo\/image\/\"},\"sameAs\":[\"https:\/\/facebook.com\/sunoresearch\",\"https:\/\/x.com\/sunoresearch\",\"https:\/\/www.instagram.com\/suno\",\"https:\/\/www.linkedin.com\/company\/suno-research\/\",\"https:\/\/www.youtube.com\/c\/sunoresearch\"]},{\"@type\":\"Person\",\"@id\":\"https:\/\/www.suno.com.br\/noticias\/#\/schema\/person\/c1b1bd3727fa852bd045e9dbff3673ea\",\"name\":\"Reda\u00e7\u00e3o Suno Not\u00edcias\",\"image\":{\"@type\":\"ImageObject\",\"inLanguage\":\"pt-BR\",\"@id\":\"https:\/\/www.suno.com.br\/noticias\/#\/schema\/person\/image\/\",\"url\":\"https:\/\/secure.gravatar.com\/avatar\/b8104b9b5a71985d5238ee59fbe418af?s=96&r=g\",\"contentUrl\":\"https:\/\/secure.gravatar.com\/avatar\/b8104b9b5a71985d5238ee59fbe418af?s=96&r=g\",\"caption\":\"Reda\u00e7\u00e3o Suno Not\u00edcias\"},\"description\":\"O Suno Not\u00edcias \u00e9 um portal de informa\u00e7\u00f5es sobre Mercado Financeiro, Pol\u00edtica, Neg\u00f3cios, Economia e Finan\u00e7as Pessoais.\",\"sameAs\":[\"https:\/\/www.suno.com.br\/noticias\",\"https:\/\/www.facebook.com\/sunonoticias\/\",\"https:\/\/www.instagram.com\/sunonoticias\/\",\"https:\/\/x.com\/https:\/\/twitter.com\/sunoresearch\",\"https:\/\/www.youtube.com\/sunonoticias\"],\"url\":\"https:\/\/www.suno.com.br\/noticias\/author\/redacao-suno\/\"}]}<\/script>\n<!-- \/ Yoast SEO plugin. -->","yoast_head_json":{"title":"Morat\u00f3ria da soja segue v\u00e1lida at\u00e9 2026, decide Cade","description":"Cade decide adiar suspens\u00e3o da morat\u00f3ria da soja para 2026, em meio a disputa sobre concorr\u00eancia e press\u00f5es ambientais.","robots":{"index":"index","follow":"follow","max-snippet":"max-snippet:-1","max-image-preview":"max-image-preview:large","max-video-preview":"max-video-preview:-1"},"canonical":"https:\/\/www.suno.com.br\/noticias\/moratoria-soja-cade-2026-mtae\/","og_locale":"pt_BR","og_type":"article","og_title":"Morat\u00f3ria da soja segue v\u00e1lida at\u00e9 2026, decide Cade","og_description":"Cade decide adiar suspens\u00e3o da morat\u00f3ria da soja para 2026, em meio a disputa sobre concorr\u00eancia e press\u00f5es ambientais.","og_url":"https:\/\/www.suno.com.br\/noticias\/moratoria-soja-cade-2026-mtae\/","og_site_name":"Suno Not\u00edcias","article_publisher":"https:\/\/facebook.com\/sunoresearch","article_author":"https:\/\/www.facebook.com\/sunonoticias\/","og_image":[{"width":1200,"height":797,"url":"https:\/\/files.sunoresearch.com.br\/n\/uploads\/2021\/05\/1d2c1cdf-soybeans-1543071_1280-e1696874087103.jpg","type":"image\/jpeg"}],"author":"Reda\u00e7\u00e3o Suno Not\u00edcias","twitter_card":"summary_large_image","twitter_creator":"@https:\/\/twitter.com\/sunoresearch","twitter_site":"@sunoresearch","twitter_misc":{"Escrito por":"Reda\u00e7\u00e3o Suno Not\u00edcias","Est. tempo de leitura":"7 minutos"},"schema":{"@context":"https:\/\/schema.org","@graph":[{"@type":"NewsArticle","@id":"https:\/\/www.suno.com.br\/noticias\/moratoria-soja-cade-2026-mtae\/#article","isPartOf":{"@id":"https:\/\/www.suno.com.br\/noticias\/moratoria-soja-cade-2026-mtae\/"},"author":{"name":"Reda\u00e7\u00e3o Suno Not\u00edcias","@id":"https:\/\/www.suno.com.br\/noticias\/#\/schema\/person\/c1b1bd3727fa852bd045e9dbff3673ea"},"headline":"Cade adia suspens\u00e3o da morat\u00f3ria da soja e reacende disputa entre mercado e governo","datePublished":"2025-09-30T19:37:59+00:00","dateModified":"2025-09-30T19:38:05+00:00","mainEntityOfPage":{"@id":"https:\/\/www.suno.com.br\/noticias\/moratoria-soja-cade-2026-mtae\/"},"wordCount":1192,"publisher":{"@id":"https:\/\/www.suno.com.br\/noticias\/#organization"},"image":{"@id":"https:\/\/www.suno.com.br\/noticias\/moratoria-soja-cade-2026-mtae\/#primaryimage"},"thumbnailUrl":"https:\/\/files.sunoresearch.com.br\/n\/uploads\/2021\/05\/1d2c1cdf-soybeans-1543071_1280-e1696874087103.jpg","keywords":["CADE","soja"],"articleSection":["Agro"],"inLanguage":"pt-BR"},{"@type":"WebPage","@id":"https:\/\/www.suno.com.br\/noticias\/moratoria-soja-cade-2026-mtae\/","url":"https:\/\/www.suno.com.br\/noticias\/moratoria-soja-cade-2026-mtae\/","name":"Morat\u00f3ria da soja segue v\u00e1lida at\u00e9 2026, decide Cade","isPartOf":{"@id":"https:\/\/www.suno.com.br\/noticias\/#website"},"primaryImageOfPage":{"@id":"https:\/\/www.suno.com.br\/noticias\/moratoria-soja-cade-2026-mtae\/#primaryimage"},"image":{"@id":"https:\/\/www.suno.com.br\/noticias\/moratoria-soja-cade-2026-mtae\/#primaryimage"},"thumbnailUrl":"https:\/\/files.sunoresearch.com.br\/n\/uploads\/2021\/05\/1d2c1cdf-soybeans-1543071_1280-e1696874087103.jpg","datePublished":"2025-09-30T19:37:59+00:00","dateModified":"2025-09-30T19:38:05+00:00","description":"Cade decide adiar suspens\u00e3o da morat\u00f3ria da soja para 2026, em meio a disputa sobre concorr\u00eancia e press\u00f5es ambientais.","breadcrumb":{"@id":"https:\/\/www.suno.com.br\/noticias\/moratoria-soja-cade-2026-mtae\/#breadcrumb"},"inLanguage":"pt-BR","potentialAction":[{"@type":"ReadAction","target":["https:\/\/www.suno.com.br\/noticias\/moratoria-soja-cade-2026-mtae\/"]}]},{"@type":"ImageObject","inLanguage":"pt-BR","@id":"https:\/\/www.suno.com.br\/noticias\/moratoria-soja-cade-2026-mtae\/#primaryimage","url":"https:\/\/files.sunoresearch.com.br\/n\/uploads\/2021\/05\/1d2c1cdf-soybeans-1543071_1280-e1696874087103.jpg","contentUrl":"https:\/\/files.sunoresearch.com.br\/n\/uploads\/2021\/05\/1d2c1cdf-soybeans-1543071_1280-e1696874087103.jpg","width":1200,"height":797,"caption":"Colheita de soja. Foto: Pixabay"},{"@type":"BreadcrumbList","@id":"https:\/\/www.suno.com.br\/noticias\/moratoria-soja-cade-2026-mtae\/#breadcrumb","itemListElement":[{"@type":"ListItem","position":1,"name":"Not\u00edcias","item":"https:\/\/www.suno.com.br\/noticias\/"},{"@type":"ListItem","position":2,"name":"Agro","item":"https:\/\/www.suno.com.br\/noticias\/agro\/"},{"@type":"ListItem","position":3,"name":"Cade adia suspens\u00e3o da morat\u00f3ria da soja e reacende disputa entre mercado e governo"}]},{"@type":"WebSite","@id":"https:\/\/www.suno.com.br\/noticias\/#website","url":"https:\/\/www.suno.com.br\/noticias\/","name":"Suno Not\u00edcias","description":"Seu portal de informa\u00e7\u00e3o sobre o mundo dos investimentos","publisher":{"@id":"https:\/\/www.suno.com.br\/noticias\/#organization"},"potentialAction":[{"@type":"SearchAction","target":{"@type":"EntryPoint","urlTemplate":"https:\/\/www.suno.com.br\/noticias\/?s={search_term_string}"},"query-input":{"@type":"PropertyValueSpecification","valueRequired":true,"valueName":"search_term_string"}}],"inLanguage":"pt-BR"},{"@type":"Organization","@id":"https:\/\/www.suno.com.br\/noticias\/#organization","name":"Suno Not\u00edcias","url":"https:\/\/www.suno.com.br\/noticias\/","logo":{"@type":"ImageObject","inLanguage":"pt-BR","@id":"https:\/\/www.suno.com.br\/noticias\/#\/schema\/logo\/image\/","url":"https:\/\/files.sunoresearch.com.br\/n\/uploads\/2021\/09\/suno-logo.png","contentUrl":"https:\/\/files.sunoresearch.com.br\/n\/uploads\/2021\/09\/suno-logo.png","width":180,"height":180,"caption":"Suno Not\u00edcias"},"image":{"@id":"https:\/\/www.suno.com.br\/noticias\/#\/schema\/logo\/image\/"},"sameAs":["https:\/\/facebook.com\/sunoresearch","https:\/\/x.com\/sunoresearch","https:\/\/www.instagram.com\/suno","https:\/\/www.linkedin.com\/company\/suno-research\/","https:\/\/www.youtube.com\/c\/sunoresearch"]},{"@type":"Person","@id":"https:\/\/www.suno.com.br\/noticias\/#\/schema\/person\/c1b1bd3727fa852bd045e9dbff3673ea","name":"Reda\u00e7\u00e3o Suno Not\u00edcias","image":{"@type":"ImageObject","inLanguage":"pt-BR","@id":"https:\/\/www.suno.com.br\/noticias\/#\/schema\/person\/image\/","url":"https:\/\/secure.gravatar.com\/avatar\/b8104b9b5a71985d5238ee59fbe418af?s=96&r=g","contentUrl":"https:\/\/secure.gravatar.com\/avatar\/b8104b9b5a71985d5238ee59fbe418af?s=96&r=g","caption":"Reda\u00e7\u00e3o Suno Not\u00edcias"},"description":"O Suno Not\u00edcias \u00e9 um portal de informa\u00e7\u00f5es sobre Mercado Financeiro, Pol\u00edtica, Neg\u00f3cios, Economia e Finan\u00e7as Pessoais.","sameAs":["https:\/\/www.suno.com.br\/noticias","https:\/\/www.facebook.com\/sunonoticias\/","https:\/\/www.instagram.com\/sunonoticias\/","https:\/\/x.com\/https:\/\/twitter.com\/sunoresearch","https:\/\/www.youtube.com\/sunonoticias"],"url":"https:\/\/www.suno.com.br\/noticias\/author\/redacao-suno\/"}]}},"default_loop_html":"<div class=\"cardsPage__listCard__boxs\"><div class=\"cardsPage__listCard__boxs__img\"><a href=\"https:\/\/www.suno.com.br\/noticias\/moratoria-soja-cade-2026-mtae\/\"><img class=\"mask\" src=\"https:\/\/www.suno.com.br\/noticias\/wp-content\/themes\/suno\/resources\/images\/spotlight\/spotlight1img\/bg-mask.png\" alt=\"Image Mask\"\/><img src=\"https:\/\/files.sunoresearch.com.br\/n\/uploads\/2021\/05\/1d2c1cdf-soybeans-1543071_1280-e1696874087103-400x200.jpg\" alt=\"Cade adia suspens\u00e3o da morat\u00f3ria da soja e reacende disputa entre mercado e governo\"\/><\/a><span class=\"spotlightCategory\"><a href=\"https:\/\/www.suno.com.br\/noticias\/agro\/\">Agro<\/a><\/span><\/div><div class=\"cardsPage__listCard__boxs__content\"><a href=\"https:\/\/www.suno.com.br\/noticias\/moratoria-soja-cade-2026-mtae\/\"><h2 class=\"content__title\">Cade adia suspens\u00e3o da morat\u00f3ria da soja e reacende disputa entre mercado e governo<\/h2><\/a><div class=\"newsContent__article__meta\"><div class=\"newsContent__article__meta__authorBox\"><a href=\"https:\/\/www.suno.com.br\/noticias\/author\/redacao-suno\/\" class=\"authorBox__avatar noMobi\"><img src=\"https:\/\/files.sunoresearch.com.br\/n\/uploads\/2020\/08\/0ace682d-redacao-1-150x150.webp\" alt=\"Reda\u00e7\u00e3o Suno Not\u00edcias\"><\/a><div class=\"authorBox__name\"><span>por\n\t\t\t<a href=\"https:\/\/www.suno.com.br\/noticias\/author\/redacao-suno\/\"><span itemprop=\"author\">Reda\u00e7\u00e3o Suno Not\u00edcias<\/span><\/a><\/span><time datetime=\"2025-09-30T16:37:59-03:00\" itemprop=\"datePublished\">30\/09\/2025 16:37<\/time><\/div><\/div><\/div><\/div><\/div>","single_layout":"posts","amp_enabled":true,"_links":{"self":[{"href":"https:\/\/www.suno.com.br\/noticias\/wp-json\/wp\/v2\/posts\/626846"}],"collection":[{"href":"https:\/\/www.suno.com.br\/noticias\/wp-json\/wp\/v2\/posts"}],"about":[{"href":"https:\/\/www.suno.com.br\/noticias\/wp-json\/wp\/v2\/types\/post"}],"author":[{"embeddable":true,"href":"https:\/\/www.suno.com.br\/noticias\/wp-json\/wp\/v2\/users\/43"}],"replies":[{"embeddable":true,"href":"https:\/\/www.suno.com.br\/noticias\/wp-json\/wp\/v2\/comments?post=626846"}],"version-history":[{"count":1,"href":"https:\/\/www.suno.com.br\/noticias\/wp-json\/wp\/v2\/posts\/626846\/revisions"}],"predecessor-version":[{"id":626850,"href":"https:\/\/www.suno.com.br\/noticias\/wp-json\/wp\/v2\/posts\/626846\/revisions\/626850"}],"wp:featuredmedia":[{"embeddable":true,"href":"https:\/\/www.suno.com.br\/noticias\/wp-json\/wp\/v2\/media\/151099"}],"wp:attachment":[{"href":"https:\/\/www.suno.com.br\/noticias\/wp-json\/wp\/v2\/media?parent=626846"}],"wp:term":[{"taxonomy":"category","embeddable":true,"href":"https:\/\/www.suno.com.br\/noticias\/wp-json\/wp\/v2\/categories?post=626846"},{"taxonomy":"post_tag","embeddable":true,"href":"https:\/\/www.suno.com.br\/noticias\/wp-json\/wp\/v2\/tags?post=626846"},{"taxonomy":"suno_strategy","embeddable":true,"href":"https:\/\/www.suno.com.br\/noticias\/wp-json\/wp\/v2\/suno_strategy?post=626846"}],"curies":[{"name":"wp","href":"https:\/\/api.w.org\/{rel}","templated":true}]}}