{"id":62607,"date":"2020-04-24T18:58:52","date_gmt":"2020-04-24T21:58:52","guid":{"rendered":"https:\/\/www.suno.com.br\/noticias\/?p=62607"},"modified":"2020-04-24T18:58:52","modified_gmt":"2020-04-24T21:58:52","slug":"coronavoucher-caixa-suspende-antecipacao-da-segunda-parcela","status":"publish","type":"post","link":"https:\/\/www.suno.com.br\/noticias\/coronavoucher-caixa-suspende-antecipacao-da-segunda-parcela\/","title":{"rendered":"Coronavoucher: Caixa suspende antecipa\u00e7\u00e3o da segunda parcela"},"content":{"rendered":"<p>A Caixa Econ\u00f4mica Federal suspendeu a antecipa\u00e7\u00e3o da segunda parcela do aux\u00edlio emergencial de R$ 600 conhecido como <strong>coronavoucher<\/strong>, para n\u00e3o cometer pedalada fiscal.<\/p>\t<div class=\"wrapper-featured-image\">\n\t\t<figure class=\"spotlightImg\">\n\n\t\t\t<picture>\n\t\t\t\t<source media=\"(max-width: 768px)\" srcset=\"https:\/\/files.sunoresearch.com.br\/n\/uploads\/2019\/01\/d2eba76a-caixa-400x200.webp\">\n\t\t\t\t<img loading=\"lazy\" decoding=\"async\" class=\"newsContent__article__imgCapa lazyloadDisabled newsContent__article__imgCapa--noCaption\" src=\"https:\/\/files.sunoresearch.com.br\/n\/uploads\/2019\/01\/d2eba76a-caixa-jpg.webp\" width=\"800\" height=\"450\" alt=\"Coronavoucher: Caixa suspende antecipa\u00e7\u00e3o da segunda parcela\" fetchpriority=high \/>\n\t\t\t<\/picture>\n\n\t\t\t<figcaption class=\"wp-caption-text wp-caption-text--hide\">Coronavoucher:<\/figcaption>\n\t\t<\/figure>\n\t<\/div>\n\n\n\n<p>Na \u00faltima quinta-feira (24) o Minist\u00e9rio da Cidadania calculou que o valor at\u00e9 ent\u00e3o liberado para efetuara o pagamento do coronavoucher n\u00e3o seria suficiente para pagar os benefici\u00e1rios, ent\u00e3o solicitou mais R$ 25,7 bilh\u00f5es para cumprir com o compromisso.<\/p>\n<p><a href=\"https:\/\/lp.suno.com.br\/suno-one\/\">Garanta acesso gratuito \u00e0 eBooks, Minicursos, Artigos e Video Aulas com um \u00fanico cadastro. Clique para saber mais.<\/a><\/p>\n<p>De acordo com o Estad\u00e3o, t\u00e9cnicos do Minist\u00e9rio da Economia indicaram que se o banco pagar o aux\u00edlio sem ter dinheiro suficiente, ser\u00e1 considerada uma &#8216;superpedalada&#8217; que certamente seria notada pela fiscaliza\u00e7\u00e3o do <a href=\"https:\/\/www.suno.com.br\/noticias\/tags\/tcu\/\">Tribunal de Contas (TCU).<\/a><\/p>\n<p>Entretanto, o presidente da Caixa, <a href=\"https:\/\/www.suno.com.br\/tudo-sobre\/pedro-guimaraes\/\"><strong>Pedro Guimar\u00e3es<\/strong><\/a>, tenta convencer o presidente<strong><a href=\"https:\/\/www.suno.com.br\/noticias\/tags\/bolsonaro\/\"> Jair Bolsonaro<\/a><\/strong> de que \u00e9 poss\u00edvel manter a antecipa\u00e7\u00e3o da segunda parcela do benef\u00edcio e pressiona pelos recursos, culpando o ministro da Cidadania, <a href=\"https:\/\/www.suno.com.br\/noticias\/tags\/onyx-lorenzoni\/page\/2\/\">Onyx Lorenzoni<\/a> pela confus\u00e3o, conforme apurou o Estad\u00e3o.<\/p>\n<p>Na \u00faltima segunda-feira (20) Lorenzoni, e Guimar\u00e3es informaram que antecipariam o pagamento do recurso.<\/p>\n<p>Contudo, Jair Bolsonaro publicou ontem em suas redes sociais que &#8220;um ministro anunciou sem estar autorizado que iria antecipar a segunda parcela. Primeiro se deve pagar a todos a primeira parcela, depois o dinheiro depende de cr\u00e9dito suplementar&#8221;.<\/p>\n<p>Ainda na \u00faltima quinta-feira, Guimar\u00e3es, informou que o governo n\u00e3o pagaria o aux\u00edlio sem ter os recursos . &#8220;Precisa de poucos dias, est\u00e1 praticamente resolvido, para que tenha uma complementa\u00e7\u00e3o, ou seja, vai aumentar o valor do or\u00e7amento&#8221;, informou ele.<\/p>\n<p><a href=\"https:\/\/www.suno.com.br\/noticias\/coronavoucher-brasileiros-fora-do-cadunico-recebem-a-segunda-parecela\/\">Saiba mais: Coronavoucher: brasileiros fora do Cad\u00danico recebem a segunda parcela<\/a><\/p>\n<p>Mesmo que Guimar\u00e3es queira antecipar o pagamento, t\u00e9cnicos indicam que seria melhor esperar ter o dinheiro, para evitar problemas com os \u00f3rg\u00e3os de controle.<\/p>\n<h2>Medidas para reduzir filas formadas por causa do coronavoucher<\/h2>\n<p>A Caixa Econ\u00f4mica Federal informou que abrir\u00e1 799 ag\u00eancias no pr\u00f3ximo s\u00e1bado (25) das 8h \u00e0s 12h. A medida anunciada nessa sexta-feira (24) visa reduzir as filas formadas por causa do aux\u00edlio emergencial.<\/p>\n<div>\n<div id=\"5e600b2b5e5c7d489cb6d706\" class=\"op-interactive\" data-url=\"https:\/\/sunoresearch289.outgrow.us\/5e600b2b5e5c7d489cb6d706?vHeight=1\" data-width=\"100%\"><\/div>\n<p><script src='\/\/dyv6f9ner1ir9.cloudfront.net\/assets\/js\/nloader.js'><\/script><script>initIframe('5e600b2b5e5c7d489cb6d706');<\/script><\/p>\n<\/div>\n<p>A institui\u00e7\u00e3o j\u00e1 vinha trabalhando em medidas para reduzir as filas formadas por causa do <strong>coronavoucher<\/strong>, e desde a \u00faltima quarta-feira (22) 1,102 ag\u00eancias espalhadas pelo Brasil estavam abrindo duas horas antes do que de costume,\u00a0 funcionando das 8h \u00e0s 14h.<\/p>\n\n","protected":false},"excerpt":{"rendered":"<p>A Caixa Econ\u00f4mica Federal suspendeu a antecipa\u00e7\u00e3o da segunda parcela do aux\u00edlio emergencial de R$ 600 conhecido como coronavoucher, para n\u00e3o cometer pedalada fiscal. Coronavoucher: Na \u00faltima quinta-feira (24) o Minist\u00e9rio da Cidadania calculou que o valor at\u00e9 ent\u00e3o liberado para efetuara o pagamento do coronavoucher n\u00e3o seria suficiente para pagar os benefici\u00e1rios, ent\u00e3o solicitou [&hellip;]<\/p>\n","protected":false},"author":39,"featured_media":11054,"comment_status":"closed","ping_status":"closed","sticky":false,"template":"","format":"standard","meta":[],"categories":[65],"tags":[1199,12737],"suno_strategy":[],"class_list":["post-62607","post","type-post","status-publish","format-standard","has-post-thumbnail","hentry","category-financas-pessoais","tag-caixa-economica-federal-cef","tag-coronavoucher"],"yoast_head":"<!-- This site is optimized with the Yoast SEO plugin v24.4 - https:\/\/yoast.com\/wordpress\/plugins\/seo\/ -->\n<title>Coronavoucher: Caixa suspende antecipa\u00e7\u00e3o da segunda parcela<\/title>\n<meta name=\"description\" content=\"A Caixa suspendeu a antecipa\u00e7\u00e3o da segunda parcela do coronavoucher, para n\u00e3o cometer pedalada fiscal. Clique aqui para saber mais.\" \/>\n<meta name=\"robots\" content=\"index, follow, max-snippet:-1, max-image-preview:large, max-video-preview:-1\" \/>\n<link rel=\"canonical\" href=\"https:\/\/www.suno.com.br\/noticias\/coronavoucher-caixa-suspende-antecipacao-da-segunda-parcela\/\" \/>\n<meta property=\"og:locale\" content=\"pt_BR\" \/>\n<meta property=\"og:type\" content=\"article\" \/>\n<meta property=\"og:title\" content=\"Coronavoucher: Caixa suspende antecipa\u00e7\u00e3o da segunda parcela\" \/>\n<meta property=\"og:description\" content=\"A Caixa suspendeu a antecipa\u00e7\u00e3o da segunda parcela do coronavoucher, para n\u00e3o cometer pedalada fiscal. Clique aqui para saber mais.\" \/>\n<meta property=\"og:url\" content=\"https:\/\/www.suno.com.br\/noticias\/coronavoucher-caixa-suspende-antecipacao-da-segunda-parcela\/\" \/>\n<meta property=\"og:site_name\" content=\"Suno Not\u00edcias\" \/>\n<meta property=\"article:publisher\" content=\"https:\/\/facebook.com\/sunoresearch\" \/>\n<meta property=\"og:image\" content=\"https:\/\/files.sunoresearch.com.br\/n\/uploads\/2019\/01\/d2eba76a-caixa.jpg\" \/>\n\t<meta property=\"og:image:width\" content=\"1100\" \/>\n\t<meta property=\"og:image:height\" content=\"370\" \/>\n\t<meta property=\"og:image:type\" content=\"image\/jpeg\" \/>\n<meta name=\"author\" content=\"Laura Moutinho\" \/>\n<meta name=\"twitter:card\" content=\"summary_large_image\" \/>\n<meta name=\"twitter:creator\" content=\"@sunoresearch\" \/>\n<meta name=\"twitter:site\" content=\"@sunoresearch\" \/>\n<meta name=\"twitter:label1\" content=\"Escrito por\" \/>\n\t<meta name=\"twitter:data1\" content=\"Laura Moutinho\" \/>\n\t<meta name=\"twitter:label2\" content=\"Est. tempo de leitura\" \/>\n\t<meta name=\"twitter:data2\" content=\"2 minutos\" \/>\n<script type=\"application\/ld+json\" class=\"yoast-schema-graph\">{\"@context\":\"https:\/\/schema.org\",\"@graph\":[{\"@type\":\"NewsArticle\",\"@id\":\"https:\/\/www.suno.com.br\/noticias\/coronavoucher-caixa-suspende-antecipacao-da-segunda-parcela\/#article\",\"isPartOf\":{\"@id\":\"https:\/\/www.suno.com.br\/noticias\/coronavoucher-caixa-suspende-antecipacao-da-segunda-parcela\/\"},\"author\":{\"name\":\"Laura Moutinho\",\"@id\":\"https:\/\/www.suno.com.br\/noticias\/#\/schema\/person\/3df0d2808748b74496efe5dbeaef2c72\"},\"headline\":\"Coronavoucher: Caixa suspende antecipa\u00e7\u00e3o da segunda parcela\",\"datePublished\":\"2020-04-24T21:58:52+00:00\",\"mainEntityOfPage\":{\"@id\":\"https:\/\/www.suno.com.br\/noticias\/coronavoucher-caixa-suspende-antecipacao-da-segunda-parcela\/\"},\"wordCount\":413,\"publisher\":{\"@id\":\"https:\/\/www.suno.com.br\/noticias\/#organization\"},\"image\":{\"@id\":\"https:\/\/www.suno.com.br\/noticias\/coronavoucher-caixa-suspende-antecipacao-da-segunda-parcela\/#primaryimage\"},\"thumbnailUrl\":\"https:\/\/files.sunoresearch.com.br\/n\/uploads\/2019\/01\/d2eba76a-caixa-jpg.webp\",\"keywords\":[\"Caixa Econ\u00f4mica Federal (CEF)\",\"coronavoucher\"],\"articleSection\":[\"Finan\u00e7as Pessoais\"],\"inLanguage\":\"pt-BR\"},{\"@type\":\"WebPage\",\"@id\":\"https:\/\/www.suno.com.br\/noticias\/coronavoucher-caixa-suspende-antecipacao-da-segunda-parcela\/\",\"url\":\"https:\/\/www.suno.com.br\/noticias\/coronavoucher-caixa-suspende-antecipacao-da-segunda-parcela\/\",\"name\":\"Coronavoucher: Caixa suspende antecipa\u00e7\u00e3o da segunda parcela\",\"isPartOf\":{\"@id\":\"https:\/\/www.suno.com.br\/noticias\/#website\"},\"primaryImageOfPage\":{\"@id\":\"https:\/\/www.suno.com.br\/noticias\/coronavoucher-caixa-suspende-antecipacao-da-segunda-parcela\/#primaryimage\"},\"image\":{\"@id\":\"https:\/\/www.suno.com.br\/noticias\/coronavoucher-caixa-suspende-antecipacao-da-segunda-parcela\/#primaryimage\"},\"thumbnailUrl\":\"https:\/\/files.sunoresearch.com.br\/n\/uploads\/2019\/01\/d2eba76a-caixa-jpg.webp\",\"datePublished\":\"2020-04-24T21:58:52+00:00\",\"description\":\"A Caixa suspendeu a antecipa\u00e7\u00e3o da segunda parcela do coronavoucher, para n\u00e3o cometer pedalada fiscal. Clique aqui para saber mais.\",\"breadcrumb\":{\"@id\":\"https:\/\/www.suno.com.br\/noticias\/coronavoucher-caixa-suspende-antecipacao-da-segunda-parcela\/#breadcrumb\"},\"inLanguage\":\"pt-BR\",\"potentialAction\":[{\"@type\":\"ReadAction\",\"target\":[\"https:\/\/www.suno.com.br\/noticias\/coronavoucher-caixa-suspende-antecipacao-da-segunda-parcela\/\"]}]},{\"@type\":\"ImageObject\",\"inLanguage\":\"pt-BR\",\"@id\":\"https:\/\/www.suno.com.br\/noticias\/coronavoucher-caixa-suspende-antecipacao-da-segunda-parcela\/#primaryimage\",\"url\":\"https:\/\/files.sunoresearch.com.br\/n\/uploads\/2019\/01\/d2eba76a-caixa-jpg.webp\",\"contentUrl\":\"https:\/\/files.sunoresearch.com.br\/n\/uploads\/2019\/01\/d2eba76a-caixa-jpg.webp\",\"width\":1100,\"height\":370,\"caption\":\"Coronavoucher:\"},{\"@type\":\"BreadcrumbList\",\"@id\":\"https:\/\/www.suno.com.br\/noticias\/coronavoucher-caixa-suspende-antecipacao-da-segunda-parcela\/#breadcrumb\",\"itemListElement\":[{\"@type\":\"ListItem\",\"position\":1,\"name\":\"Not\u00edcias\",\"item\":\"https:\/\/www.suno.com.br\/noticias\/\"},{\"@type\":\"ListItem\",\"position\":2,\"name\":\"Finan\u00e7as Pessoais\",\"item\":\"https:\/\/www.suno.com.br\/noticias\/financas-pessoais\/\"},{\"@type\":\"ListItem\",\"position\":3,\"name\":\"Coronavoucher: Caixa suspende antecipa\u00e7\u00e3o da segunda parcela\"}]},{\"@type\":\"WebSite\",\"@id\":\"https:\/\/www.suno.com.br\/noticias\/#website\",\"url\":\"https:\/\/www.suno.com.br\/noticias\/\",\"name\":\"Suno Not\u00edcias\",\"description\":\"Seu portal de informa\u00e7\u00e3o sobre o mundo dos investimentos\",\"publisher\":{\"@id\":\"https:\/\/www.suno.com.br\/noticias\/#organization\"},\"potentialAction\":[{\"@type\":\"SearchAction\",\"target\":{\"@type\":\"EntryPoint\",\"urlTemplate\":\"https:\/\/www.suno.com.br\/noticias\/?s={search_term_string}\"},\"query-input\":{\"@type\":\"PropertyValueSpecification\",\"valueRequired\":true,\"valueName\":\"search_term_string\"}}],\"inLanguage\":\"pt-BR\"},{\"@type\":\"Organization\",\"@id\":\"https:\/\/www.suno.com.br\/noticias\/#organization\",\"name\":\"Suno Not\u00edcias\",\"url\":\"https:\/\/www.suno.com.br\/noticias\/\",\"logo\":{\"@type\":\"ImageObject\",\"inLanguage\":\"pt-BR\",\"@id\":\"https:\/\/www.suno.com.br\/noticias\/#\/schema\/logo\/image\/\",\"url\":\"https:\/\/files.sunoresearch.com.br\/n\/uploads\/2021\/09\/suno-logo.png\",\"contentUrl\":\"https:\/\/files.sunoresearch.com.br\/n\/uploads\/2021\/09\/suno-logo.png\",\"width\":180,\"height\":180,\"caption\":\"Suno Not\u00edcias\"},\"image\":{\"@id\":\"https:\/\/www.suno.com.br\/noticias\/#\/schema\/logo\/image\/\"},\"sameAs\":[\"https:\/\/facebook.com\/sunoresearch\",\"https:\/\/x.com\/sunoresearch\",\"https:\/\/www.instagram.com\/suno\",\"https:\/\/www.linkedin.com\/company\/suno-research\/\",\"https:\/\/www.youtube.com\/c\/sunoresearch\"]},{\"@type\":\"Person\",\"@id\":\"https:\/\/www.suno.com.br\/noticias\/#\/schema\/person\/3df0d2808748b74496efe5dbeaef2c72\",\"name\":\"Laura Moutinho\",\"image\":{\"@type\":\"ImageObject\",\"inLanguage\":\"pt-BR\",\"@id\":\"https:\/\/www.suno.com.br\/noticias\/#\/schema\/person\/image\/\",\"url\":\"https:\/\/secure.gravatar.com\/avatar\/7571c7c8ca3a6fca5e41384ece5557ff?s=96&r=g\",\"contentUrl\":\"https:\/\/secure.gravatar.com\/avatar\/7571c7c8ca3a6fca5e41384ece5557ff?s=96&r=g\",\"caption\":\"Laura Moutinho\"},\"description\":\"Estagi\u00e1ria na Suno Not\u00edcias, escreve not\u00edcias que afetam o mercado financeiro. Estuda administra\u00e7\u00e3o na Universidade Presbiteriana Mackenzie.\",\"url\":\"https:\/\/www.suno.com.br\/noticias\/author\/laura-moutinho\/\"}]}<\/script>\n<!-- \/ Yoast SEO plugin. -->","yoast_head_json":{"title":"Coronavoucher: Caixa suspende antecipa\u00e7\u00e3o da segunda parcela","description":"A Caixa suspendeu a antecipa\u00e7\u00e3o da segunda parcela do coronavoucher, para n\u00e3o cometer pedalada fiscal. Clique aqui para saber mais.","robots":{"index":"index","follow":"follow","max-snippet":"max-snippet:-1","max-image-preview":"max-image-preview:large","max-video-preview":"max-video-preview:-1"},"canonical":"https:\/\/www.suno.com.br\/noticias\/coronavoucher-caixa-suspende-antecipacao-da-segunda-parcela\/","og_locale":"pt_BR","og_type":"article","og_title":"Coronavoucher: Caixa suspende antecipa\u00e7\u00e3o da segunda parcela","og_description":"A Caixa suspendeu a antecipa\u00e7\u00e3o da segunda parcela do coronavoucher, para n\u00e3o cometer pedalada fiscal. Clique aqui para saber mais.","og_url":"https:\/\/www.suno.com.br\/noticias\/coronavoucher-caixa-suspende-antecipacao-da-segunda-parcela\/","og_site_name":"Suno Not\u00edcias","article_publisher":"https:\/\/facebook.com\/sunoresearch","og_image":[{"width":1100,"height":370,"url":"https:\/\/files.sunoresearch.com.br\/n\/uploads\/2019\/01\/d2eba76a-caixa.jpg","type":"image\/jpeg"}],"author":"Laura Moutinho","twitter_card":"summary_large_image","twitter_creator":"@sunoresearch","twitter_site":"@sunoresearch","twitter_misc":{"Escrito por":"Laura Moutinho","Est. tempo de leitura":"2 minutos"},"schema":{"@context":"https:\/\/schema.org","@graph":[{"@type":"NewsArticle","@id":"https:\/\/www.suno.com.br\/noticias\/coronavoucher-caixa-suspende-antecipacao-da-segunda-parcela\/#article","isPartOf":{"@id":"https:\/\/www.suno.com.br\/noticias\/coronavoucher-caixa-suspende-antecipacao-da-segunda-parcela\/"},"author":{"name":"Laura Moutinho","@id":"https:\/\/www.suno.com.br\/noticias\/#\/schema\/person\/3df0d2808748b74496efe5dbeaef2c72"},"headline":"Coronavoucher: Caixa suspende antecipa\u00e7\u00e3o da segunda parcela","datePublished":"2020-04-24T21:58:52+00:00","mainEntityOfPage":{"@id":"https:\/\/www.suno.com.br\/noticias\/coronavoucher-caixa-suspende-antecipacao-da-segunda-parcela\/"},"wordCount":413,"publisher":{"@id":"https:\/\/www.suno.com.br\/noticias\/#organization"},"image":{"@id":"https:\/\/www.suno.com.br\/noticias\/coronavoucher-caixa-suspende-antecipacao-da-segunda-parcela\/#primaryimage"},"thumbnailUrl":"https:\/\/files.sunoresearch.com.br\/n\/uploads\/2019\/01\/d2eba76a-caixa-jpg.webp","keywords":["Caixa Econ\u00f4mica Federal (CEF)","coronavoucher"],"articleSection":["Finan\u00e7as Pessoais"],"inLanguage":"pt-BR"},{"@type":"WebPage","@id":"https:\/\/www.suno.com.br\/noticias\/coronavoucher-caixa-suspende-antecipacao-da-segunda-parcela\/","url":"https:\/\/www.suno.com.br\/noticias\/coronavoucher-caixa-suspende-antecipacao-da-segunda-parcela\/","name":"Coronavoucher: Caixa suspende antecipa\u00e7\u00e3o da segunda parcela","isPartOf":{"@id":"https:\/\/www.suno.com.br\/noticias\/#website"},"primaryImageOfPage":{"@id":"https:\/\/www.suno.com.br\/noticias\/coronavoucher-caixa-suspende-antecipacao-da-segunda-parcela\/#primaryimage"},"image":{"@id":"https:\/\/www.suno.com.br\/noticias\/coronavoucher-caixa-suspende-antecipacao-da-segunda-parcela\/#primaryimage"},"thumbnailUrl":"https:\/\/files.sunoresearch.com.br\/n\/uploads\/2019\/01\/d2eba76a-caixa-jpg.webp","datePublished":"2020-04-24T21:58:52+00:00","description":"A Caixa suspendeu a antecipa\u00e7\u00e3o da segunda parcela do coronavoucher, para n\u00e3o cometer pedalada fiscal. Clique aqui para saber mais.","breadcrumb":{"@id":"https:\/\/www.suno.com.br\/noticias\/coronavoucher-caixa-suspende-antecipacao-da-segunda-parcela\/#breadcrumb"},"inLanguage":"pt-BR","potentialAction":[{"@type":"ReadAction","target":["https:\/\/www.suno.com.br\/noticias\/coronavoucher-caixa-suspende-antecipacao-da-segunda-parcela\/"]}]},{"@type":"ImageObject","inLanguage":"pt-BR","@id":"https:\/\/www.suno.com.br\/noticias\/coronavoucher-caixa-suspende-antecipacao-da-segunda-parcela\/#primaryimage","url":"https:\/\/files.sunoresearch.com.br\/n\/uploads\/2019\/01\/d2eba76a-caixa-jpg.webp","contentUrl":"https:\/\/files.sunoresearch.com.br\/n\/uploads\/2019\/01\/d2eba76a-caixa-jpg.webp","width":1100,"height":370,"caption":"Coronavoucher:"},{"@type":"BreadcrumbList","@id":"https:\/\/www.suno.com.br\/noticias\/coronavoucher-caixa-suspende-antecipacao-da-segunda-parcela\/#breadcrumb","itemListElement":[{"@type":"ListItem","position":1,"name":"Not\u00edcias","item":"https:\/\/www.suno.com.br\/noticias\/"},{"@type":"ListItem","position":2,"name":"Finan\u00e7as Pessoais","item":"https:\/\/www.suno.com.br\/noticias\/financas-pessoais\/"},{"@type":"ListItem","position":3,"name":"Coronavoucher: Caixa suspende antecipa\u00e7\u00e3o da segunda parcela"}]},{"@type":"WebSite","@id":"https:\/\/www.suno.com.br\/noticias\/#website","url":"https:\/\/www.suno.com.br\/noticias\/","name":"Suno Not\u00edcias","description":"Seu portal de informa\u00e7\u00e3o sobre o mundo dos investimentos","publisher":{"@id":"https:\/\/www.suno.com.br\/noticias\/#organization"},"potentialAction":[{"@type":"SearchAction","target":{"@type":"EntryPoint","urlTemplate":"https:\/\/www.suno.com.br\/noticias\/?s={search_term_string}"},"query-input":{"@type":"PropertyValueSpecification","valueRequired":true,"valueName":"search_term_string"}}],"inLanguage":"pt-BR"},{"@type":"Organization","@id":"https:\/\/www.suno.com.br\/noticias\/#organization","name":"Suno Not\u00edcias","url":"https:\/\/www.suno.com.br\/noticias\/","logo":{"@type":"ImageObject","inLanguage":"pt-BR","@id":"https:\/\/www.suno.com.br\/noticias\/#\/schema\/logo\/image\/","url":"https:\/\/files.sunoresearch.com.br\/n\/uploads\/2021\/09\/suno-logo.png","contentUrl":"https:\/\/files.sunoresearch.com.br\/n\/uploads\/2021\/09\/suno-logo.png","width":180,"height":180,"caption":"Suno Not\u00edcias"},"image":{"@id":"https:\/\/www.suno.com.br\/noticias\/#\/schema\/logo\/image\/"},"sameAs":["https:\/\/facebook.com\/sunoresearch","https:\/\/x.com\/sunoresearch","https:\/\/www.instagram.com\/suno","https:\/\/www.linkedin.com\/company\/suno-research\/","https:\/\/www.youtube.com\/c\/sunoresearch"]},{"@type":"Person","@id":"https:\/\/www.suno.com.br\/noticias\/#\/schema\/person\/3df0d2808748b74496efe5dbeaef2c72","name":"Laura Moutinho","image":{"@type":"ImageObject","inLanguage":"pt-BR","@id":"https:\/\/www.suno.com.br\/noticias\/#\/schema\/person\/image\/","url":"https:\/\/secure.gravatar.com\/avatar\/7571c7c8ca3a6fca5e41384ece5557ff?s=96&r=g","contentUrl":"https:\/\/secure.gravatar.com\/avatar\/7571c7c8ca3a6fca5e41384ece5557ff?s=96&r=g","caption":"Laura Moutinho"},"description":"Estagi\u00e1ria na Suno Not\u00edcias, escreve not\u00edcias que afetam o mercado financeiro. Estuda administra\u00e7\u00e3o na Universidade Presbiteriana Mackenzie.","url":"https:\/\/www.suno.com.br\/noticias\/author\/laura-moutinho\/"}]}},"default_loop_html":"<div class=\"cardsPage__listCard__boxs\"><div class=\"cardsPage__listCard__boxs__img\"><a href=\"https:\/\/www.suno.com.br\/noticias\/coronavoucher-caixa-suspende-antecipacao-da-segunda-parcela\/\"><img class=\"mask\" src=\"https:\/\/www.suno.com.br\/noticias\/wp-content\/themes\/suno\/resources\/images\/spotlight\/spotlight1img\/bg-mask.png\" alt=\"Image Mask\"\/><img src=\"https:\/\/files.sunoresearch.com.br\/n\/uploads\/2019\/01\/d2eba76a-caixa-400x200.webp\" alt=\"Coronavoucher: Caixa suspende antecipa\u00e7\u00e3o da segunda parcela\"\/><\/a><span class=\"spotlightCategory\"><a href=\"https:\/\/www.suno.com.br\/noticias\/financas-pessoais\/\">Finan\u00e7as Pessoais<\/a><\/span><\/div><div class=\"cardsPage__listCard__boxs__content\"><a href=\"https:\/\/www.suno.com.br\/noticias\/coronavoucher-caixa-suspende-antecipacao-da-segunda-parcela\/\"><h2 class=\"content__title\">Coronavoucher: Caixa suspende antecipa\u00e7\u00e3o da segunda parcela<\/h2><\/a><div class=\"newsContent__article__meta\"><div class=\"newsContent__article__meta__authorBox\"><a href=\"https:\/\/www.suno.com.br\/noticias\/author\/laura-moutinho\/\" class=\"authorBox__avatar noMobi\"><img src=\"https:\/\/files.sunoresearch.com.br\/n\/uploads\/2020\/08\/531ff69d-whatsapp-image-2020-08-03-at-14.54.38-150x150.webp\" alt=\"Laura Moutinho\"><\/a><div class=\"authorBox__name\"><span>por\n\t\t\t<a href=\"https:\/\/www.suno.com.br\/noticias\/author\/laura-moutinho\/\"><span itemprop=\"author\">Laura Moutinho<\/span><\/a><\/span><time datetime=\"2020-04-24T18:58:52-03:00\" itemprop=\"datePublished\">24\/04\/2020 18:58<\/time><\/div><\/div><\/div><\/div><\/div>","single_layout":"posts","amp_enabled":true,"_links":{"self":[{"href":"https:\/\/www.suno.com.br\/noticias\/wp-json\/wp\/v2\/posts\/62607"}],"collection":[{"href":"https:\/\/www.suno.com.br\/noticias\/wp-json\/wp\/v2\/posts"}],"about":[{"href":"https:\/\/www.suno.com.br\/noticias\/wp-json\/wp\/v2\/types\/post"}],"author":[{"embeddable":true,"href":"https:\/\/www.suno.com.br\/noticias\/wp-json\/wp\/v2\/users\/39"}],"replies":[{"embeddable":true,"href":"https:\/\/www.suno.com.br\/noticias\/wp-json\/wp\/v2\/comments?post=62607"}],"version-history":[{"count":0,"href":"https:\/\/www.suno.com.br\/noticias\/wp-json\/wp\/v2\/posts\/62607\/revisions"}],"wp:featuredmedia":[{"embeddable":true,"href":"https:\/\/www.suno.com.br\/noticias\/wp-json\/wp\/v2\/media\/11054"}],"wp:attachment":[{"href":"https:\/\/www.suno.com.br\/noticias\/wp-json\/wp\/v2\/media?parent=62607"}],"wp:term":[{"taxonomy":"category","embeddable":true,"href":"https:\/\/www.suno.com.br\/noticias\/wp-json\/wp\/v2\/categories?post=62607"},{"taxonomy":"post_tag","embeddable":true,"href":"https:\/\/www.suno.com.br\/noticias\/wp-json\/wp\/v2\/tags?post=62607"},{"taxonomy":"suno_strategy","embeddable":true,"href":"https:\/\/www.suno.com.br\/noticias\/wp-json\/wp\/v2\/suno_strategy?post=62607"}],"curies":[{"name":"wp","href":"https:\/\/api.w.org\/{rel}","templated":true}]}}