{"id":625869,"date":"2025-09-23T17:15:41","date_gmt":"2025-09-23T20:15:41","guid":{"rendered":"https:\/\/www.suno.com.br\/noticias\/?p=625869"},"modified":"2025-09-24T08:51:06","modified_gmt":"2025-09-24T11:51:06","slug":"ambp3-queda-reviravolta-diretoria-emissao-mt","status":"publish","type":"post","link":"https:\/\/www.suno.com.br\/noticias\/ambp3-queda-reviravolta-diretoria-emissao-mt\/","title":{"rendered":"A\u00e7\u00f5es da Ambipar (AMBP3) despencam 13,55% ap\u00f3s reviravolta na diretoria"},"content":{"rendered":"<p>As a\u00e7\u00f5es da Ambipar (<strong>AMBP3<\/strong>) ca\u00edram 13,55% nesta ter\u00e7a-feira, 23, ap\u00f3s a inesperada sa\u00edda do <a class=\"suno-keyword\" data-force=\"no\" data-priority=\"2\" href=\"https:\/\/www.suno.com.br\/artigos\/cfo\/\" target=\"_blank\" rel=\"noopener\">diretor financeiro (CFO)<\/a>, Jo\u00e3o Daniel Piran de Arruda. A queda abrupta nas a\u00e7\u00f5es reflete um momento de incerteza para a companhia, que viu um dos seus executivos-chave deixar o cargo ap\u00f3s menos de um ano \u00e0 frente da \u00e1rea financeira.<\/p>\t<div class=\"wrapper-featured-image\">\n\t\t<figure class=\"spotlightImg\">\n\n\t\t\t<picture>\n\t\t\t\t<source media=\"(max-width: 768px)\" srcset=\"https:\/\/files.sunoresearch.com.br\/n\/uploads\/2025\/09\/Politica_Residuos_destaque-700x271-1-400x200.webp\">\n\t\t\t\t<img loading=\"lazy\" decoding=\"async\" class=\"newsContent__article__imgCapa lazyloadDisabled \" src=\"https:\/\/files.sunoresearch.com.br\/n\/uploads\/2025\/09\/Politica_Residuos_destaque-700x271-1-jpg.webp\" width=\"800\" height=\"450\" alt=\"A\u00e7\u00f5es da Ambipar (AMBP3) despencam 13,55% ap\u00f3s reviravolta na diretoria\" fetchpriority=high \/>\n\t\t\t<\/picture>\n\n\t\t\t<figcaption class=\"wp-caption-text wp-caption-text--show\">Ambipar (AMBP3) <\/figcaption>\n\t\t<\/figure>\n\t<\/div>\n\n\n\n\n\n\t<p>\n\t\t<a href=\"https:\/\/lp.suno.com.br\/planilha-da-vida-financeira\/\" target=\"_blank\" data-element=\"shortcode-suno-banner\" title=\"Banner SUNO, clique e saiba mais\">\n\t\t\t<picture>\n\t\t\t\t<source media=\"(max-width: 500px)\" srcset=\"https:\/\/files.sunoresearch.com.br\/n\/uploads\/2023\/04\/400x300-Planilha-vida-financeira-true.png\">\n\t\t\t\t<img class=\"newsContent__article__imgCapa newsContent__article__imgCapa--banner\"\n\t\t\t\t\tsrc=\"https:\/\/files.sunoresearch.com.br\/n\/uploads\/2023\/04\/1420x240-Planilha-vida-financeira-true.png\"\n\t\t\t\t\tdata-promo-id=\"383123\"\t\t\t\t\t\t\t\t\t\twidth='1420' height='240'\t\t\t\t\talt=\"https:\/\/files.sunoresearch.com.br\/n\/uploads\/2023\/04\/1420x240-Planilha-vida-financeira-true.png\"\n\t\t\t\t>\n\t\t\t<\/picture>\n\t\t<\/a>\n\t<\/p>\n\n\n\n\n\n<p>A mudan\u00e7a no alto escal\u00e3o coincide com o an\u00fancio de uma nova emiss\u00e3o de deb\u00eantures, no valor de R$ 3 bilh\u00f5es. Embora a empresa tenha afirmado que os recursos ser\u00e3o usados para o resgate de d\u00edvidas existentes e o fortalecimento da <a class=\"suno-keyword\" target=\"_blank\" data-force=\"no\" data-priority=\"1\" href=\"https:\/\/www.suno.com.br\/artigos\/indicadores-estrutura-capital\/\" rel=\"noopener\">estrutura de capital<\/a>, o impacto imediato foi uma queda acentuada nas a\u00e7\u00f5es.<\/p>\n\n\n\n<h2 class=\"wp-block-heading\">Emiss\u00e3o de deb\u00eantures para resgatar d\u00edvidas<\/h2>\n\n\n\n<p>A Ambipar revelou que a s\u00e9tima emiss\u00e3o de deb\u00eantures visa quitar os d\u00e9bitos das emiss\u00f5es anteriores, mas a d\u00favida do mercado persiste sobre as reais inten\u00e7\u00f5es da companhia ao fazer esta movimenta\u00e7\u00e3o no momento de tanta volatilidade. A opera\u00e7\u00e3o ser\u00e1 supervisionada pela institui\u00e7\u00e3o contratada para intermediar a oferta, mas a rea\u00e7\u00e3o dos investidores n\u00e3o foi positiva at\u00e9 agora.<\/p>\n\n\n\n<p>\u201cOs recursos captados ser\u00e3o utilizados para o pagamento do resgate antecipado das deb\u00eantures existentes e para fortalecer a estrutura de capital da companhia,\u201d afirmou a empresa no comunicado.<\/p>\n\n\n\t<p>\n\t\t<a href=\"https:\/\/lp.suno.com.br\/planilha-da-vida-financeira\/\" target=\"_blank\" data-element=\"shortcode-suno-banner\" title=\"Banner SUNO, clique e saiba mais\">\n\t\t\t<picture>\n\t\t\t\t<source media=\"(max-width: 500px)\" srcset=\"https:\/\/files.sunoresearch.com.br\/n\/uploads\/2023\/04\/400x300-Planilha-vida-financeira-true.png\">\n\t\t\t\t<img class=\"newsContent__article__imgCapa newsContent__article__imgCapa--banner\"\n\t\t\t\t\tsrc=\"https:\/\/files.sunoresearch.com.br\/n\/uploads\/2023\/04\/1420x240-Planilha-vida-financeira-true.png\"\n\t\t\t\t\tdata-promo-id=\"106682\"\t\t\t\t\t\t\t\t\t\twidth='1420' height='240'\t\t\t\t\talt=\"https:\/\/files.sunoresearch.com.br\/n\/uploads\/2023\/04\/1420x240-Planilha-vida-financeira-true.png\"\n\t\t\t\t>\n\t\t\t<\/picture>\n\t\t<\/a>\n\t<\/p>\n\n\n\n\n\n<h3 class=\"wp-block-heading\">Mudan\u00e7as no alto escal\u00e3o e novos desafios<\/h3>\n\n\n\n<p>Al\u00e9m da sa\u00edda de Arruda, a Ambipar tamb\u00e9m est\u00e1 enfrentando outras mudan\u00e7as importantes, incluindo a sa\u00edda de Pedro Borges Petersen de seu cargo de diretor de <a class=\"suno-keyword\" target=\"_blank\" data-force=\"no\" data-priority=\"1\" href=\"https:\/\/www.suno.com.br\/artigos\/relacoes-com-investidores\/\" rel=\"noopener\">Rela\u00e7\u00f5es com Investidores<\/a>. A reestrutura\u00e7\u00e3o ocorre em meio a uma investiga\u00e7\u00e3o da Comiss\u00e3o de Valores Mobili\u00e1rios (CVM), que apura poss\u00edveis irregularidades em recompras de a\u00e7\u00f5es, intensificando a press\u00e3o sobre as a\u00e7\u00f5es da <strong>Ambipar (AMBP3).<\/strong><\/p>\n\n\n\n<p>Ricardo Rosanova Garcia, que agora acumula as fun\u00e7\u00f5es de CFO e de diretor de Rela\u00e7\u00f5es com Investidores da Ambipar (<strong>AMBP3<\/strong>), ter\u00e1 a miss\u00e3o de tentar estabilizar a empresa em um cen\u00e1rio incerto. <\/p>\n\n\n\n\n\t<p>\n\t\t<a href=\"https:\/\/lp.suno.com.br\/ebook-como-analisar-uma-acao\/\" target=\"_blank\" data-element=\"shortcode-suno-banner\" title=\"Banner SUNO, clique e saiba mais\">\n\t\t\t<picture>\n\t\t\t\t<source media=\"(max-width: 500px)\" srcset=\"https:\/\/files.sunoresearch.com.br\/n\/uploads\/2023\/03\/Ebook-Acoes-Mobile.jpg\">\n\t\t\t\t<img class=\"newsContent__article__imgCapa newsContent__article__imgCapa--banner\"\n\t\t\t\t\tsrc=\"https:\/\/files.sunoresearch.com.br\/n\/uploads\/2023\/03\/Ebook-Acoes-Desktop.jpg\"\n\t\t\t\t\tdata-promo-id=\"378302\"\t\t\t\t\t\t\t\t\t\twidth='1420' height='286'\t\t\t\t\talt=\"https:\/\/files.sunoresearch.com.br\/n\/uploads\/2023\/03\/Ebook-Acoes-Desktop.jpg\"\n\t\t\t\t>\n\t\t\t<\/picture>\n\t\t<\/a>\n\t<\/p>\n\n\n","protected":false},"excerpt":{"rendered":"<p>As a\u00e7\u00f5es da Ambipar (AMBP3) ca\u00edram 13,55% nesta ter\u00e7a-feira, 23, ap\u00f3s a inesperada sa\u00edda do diretor financeiro (CFO), Jo\u00e3o Daniel Piran de Arruda. A queda abrupta nas a\u00e7\u00f5es reflete um momento de incerteza para a companhia, que viu um dos seus executivos-chave deixar o cargo ap\u00f3s menos de um ano \u00e0 frente da \u00e1rea financeira. [&hellip;]<\/p>\n","protected":false},"author":402,"featured_media":625870,"comment_status":"closed","ping_status":"closed","sticky":false,"template":"","format":"standard","meta":[],"categories":[60],"tags":[66864],"suno_strategy":[],"class_list":["post-625869","post","type-post","status-publish","format-standard","has-post-thumbnail","hentry","category-mercado","tag-ambipar-ambp3"],"yoast_head":"<!-- This site is optimized with the Yoast SEO plugin v24.4 - https:\/\/yoast.com\/wordpress\/plugins\/seo\/ -->\n<title>AMBP3: A\u00e7\u00f5es despencam 13,55% ap\u00f3s reviravolta na diretoria<\/title>\n<meta name=\"description\" content=\"A\u00e7\u00f5es da Ambipar (AMBP3) caem 13,55% ap\u00f3s sa\u00edda de CFO e emiss\u00e3o de R$ 3 bilh\u00f5es em deb\u00eantures. O que est\u00e1 por tr\u00e1s da queda?\" \/>\n<meta name=\"robots\" content=\"index, follow, max-snippet:-1, max-image-preview:large, max-video-preview:-1\" \/>\n<link rel=\"canonical\" href=\"https:\/\/www.suno.com.br\/noticias\/ambp3-queda-reviravolta-diretoria-emissao-mt\/\" \/>\n<meta property=\"og:locale\" content=\"pt_BR\" \/>\n<meta property=\"og:type\" content=\"article\" \/>\n<meta property=\"og:title\" content=\"AMBP3: A\u00e7\u00f5es despencam 13,55% ap\u00f3s reviravolta na diretoria\" \/>\n<meta property=\"og:description\" content=\"A\u00e7\u00f5es da Ambipar (AMBP3) caem 13,55% ap\u00f3s sa\u00edda de CFO e emiss\u00e3o de R$ 3 bilh\u00f5es em deb\u00eantures. O que est\u00e1 por tr\u00e1s da queda?\" \/>\n<meta property=\"og:url\" content=\"https:\/\/www.suno.com.br\/noticias\/ambp3-queda-reviravolta-diretoria-emissao-mt\/\" \/>\n<meta property=\"og:site_name\" content=\"Suno Not\u00edcias\" \/>\n<meta property=\"article:publisher\" content=\"https:\/\/facebook.com\/sunoresearch\" \/>\n<meta property=\"og:image\" content=\"https:\/\/files.sunoresearch.com.br\/n\/uploads\/2025\/09\/Politica_Residuos_destaque-700x271-1-jpg.webp\" \/>\n\t<meta property=\"og:image:width\" content=\"700\" \/>\n\t<meta property=\"og:image:height\" content=\"271\" \/>\n\t<meta property=\"og:image:type\" content=\"image\/jpeg\" \/>\n<meta name=\"author\" content=\"Ma\u00edra Telles\" \/>\n<meta name=\"twitter:card\" content=\"summary_large_image\" \/>\n<meta name=\"twitter:creator\" content=\"@sunoresearch\" \/>\n<meta name=\"twitter:site\" content=\"@sunoresearch\" \/>\n<meta name=\"twitter:label1\" content=\"Escrito por\" \/>\n\t<meta name=\"twitter:data1\" content=\"Ma\u00edra Telles\" \/>\n\t<meta name=\"twitter:label2\" content=\"Est. tempo de leitura\" \/>\n\t<meta name=\"twitter:data2\" content=\"2 minutos\" \/>\n<script type=\"application\/ld+json\" class=\"yoast-schema-graph\">{\"@context\":\"https:\/\/schema.org\",\"@graph\":[{\"@type\":\"NewsArticle\",\"@id\":\"https:\/\/www.suno.com.br\/noticias\/ambp3-queda-reviravolta-diretoria-emissao-mt\/#article\",\"isPartOf\":{\"@id\":\"https:\/\/www.suno.com.br\/noticias\/ambp3-queda-reviravolta-diretoria-emissao-mt\/\"},\"author\":{\"name\":\"Ma\u00edra Telles\",\"@id\":\"https:\/\/www.suno.com.br\/noticias\/#\/schema\/person\/0a8b51292bb96ee5f104094c0907eaef\"},\"headline\":\"A\u00e7\u00f5es da Ambipar (AMBP3) despencam 13,55% ap\u00f3s reviravolta na diretoria\",\"datePublished\":\"2025-09-23T20:15:41+00:00\",\"dateModified\":\"2025-09-24T11:51:06+00:00\",\"mainEntityOfPage\":{\"@id\":\"https:\/\/www.suno.com.br\/noticias\/ambp3-queda-reviravolta-diretoria-emissao-mt\/\"},\"wordCount\":369,\"publisher\":{\"@id\":\"https:\/\/www.suno.com.br\/noticias\/#organization\"},\"image\":{\"@id\":\"https:\/\/www.suno.com.br\/noticias\/ambp3-queda-reviravolta-diretoria-emissao-mt\/#primaryimage\"},\"thumbnailUrl\":\"https:\/\/files.sunoresearch.com.br\/n\/uploads\/2025\/09\/Politica_Residuos_destaque-700x271-1-jpg.webp\",\"keywords\":[\"Ambipar (AMBP3)\"],\"articleSection\":[\"Mercado\"],\"inLanguage\":\"pt-BR\"},{\"@type\":\"WebPage\",\"@id\":\"https:\/\/www.suno.com.br\/noticias\/ambp3-queda-reviravolta-diretoria-emissao-mt\/\",\"url\":\"https:\/\/www.suno.com.br\/noticias\/ambp3-queda-reviravolta-diretoria-emissao-mt\/\",\"name\":\"AMBP3: A\u00e7\u00f5es despencam 13,55% ap\u00f3s reviravolta na diretoria\",\"isPartOf\":{\"@id\":\"https:\/\/www.suno.com.br\/noticias\/#website\"},\"primaryImageOfPage\":{\"@id\":\"https:\/\/www.suno.com.br\/noticias\/ambp3-queda-reviravolta-diretoria-emissao-mt\/#primaryimage\"},\"image\":{\"@id\":\"https:\/\/www.suno.com.br\/noticias\/ambp3-queda-reviravolta-diretoria-emissao-mt\/#primaryimage\"},\"thumbnailUrl\":\"https:\/\/files.sunoresearch.com.br\/n\/uploads\/2025\/09\/Politica_Residuos_destaque-700x271-1-jpg.webp\",\"datePublished\":\"2025-09-23T20:15:41+00:00\",\"dateModified\":\"2025-09-24T11:51:06+00:00\",\"description\":\"A\u00e7\u00f5es da Ambipar (AMBP3) caem 13,55% ap\u00f3s sa\u00edda de CFO e emiss\u00e3o de R$ 3 bilh\u00f5es em deb\u00eantures. O que est\u00e1 por tr\u00e1s da queda?\",\"breadcrumb\":{\"@id\":\"https:\/\/www.suno.com.br\/noticias\/ambp3-queda-reviravolta-diretoria-emissao-mt\/#breadcrumb\"},\"inLanguage\":\"pt-BR\",\"potentialAction\":[{\"@type\":\"ReadAction\",\"target\":[\"https:\/\/www.suno.com.br\/noticias\/ambp3-queda-reviravolta-diretoria-emissao-mt\/\"]}]},{\"@type\":\"ImageObject\",\"inLanguage\":\"pt-BR\",\"@id\":\"https:\/\/www.suno.com.br\/noticias\/ambp3-queda-reviravolta-diretoria-emissao-mt\/#primaryimage\",\"url\":\"https:\/\/files.sunoresearch.com.br\/n\/uploads\/2025\/09\/Politica_Residuos_destaque-700x271-1-jpg.webp\",\"contentUrl\":\"https:\/\/files.sunoresearch.com.br\/n\/uploads\/2025\/09\/Politica_Residuos_destaque-700x271-1-jpg.webp\",\"width\":700,\"height\":271,\"caption\":\"Ambipar (AMBP3)\"},{\"@type\":\"BreadcrumbList\",\"@id\":\"https:\/\/www.suno.com.br\/noticias\/ambp3-queda-reviravolta-diretoria-emissao-mt\/#breadcrumb\",\"itemListElement\":[{\"@type\":\"ListItem\",\"position\":1,\"name\":\"Not\u00edcias\",\"item\":\"https:\/\/www.suno.com.br\/noticias\/\"},{\"@type\":\"ListItem\",\"position\":2,\"name\":\"Mercado\",\"item\":\"https:\/\/www.suno.com.br\/noticias\/mercado\/\"},{\"@type\":\"ListItem\",\"position\":3,\"name\":\"A\u00e7\u00f5es da Ambipar (AMBP3) despencam 13,55% ap\u00f3s reviravolta na diretoria\"}]},{\"@type\":\"WebSite\",\"@id\":\"https:\/\/www.suno.com.br\/noticias\/#website\",\"url\":\"https:\/\/www.suno.com.br\/noticias\/\",\"name\":\"Suno Not\u00edcias\",\"description\":\"Seu portal de informa\u00e7\u00e3o sobre o mundo dos investimentos\",\"publisher\":{\"@id\":\"https:\/\/www.suno.com.br\/noticias\/#organization\"},\"potentialAction\":[{\"@type\":\"SearchAction\",\"target\":{\"@type\":\"EntryPoint\",\"urlTemplate\":\"https:\/\/www.suno.com.br\/noticias\/?s={search_term_string}\"},\"query-input\":{\"@type\":\"PropertyValueSpecification\",\"valueRequired\":true,\"valueName\":\"search_term_string\"}}],\"inLanguage\":\"pt-BR\"},{\"@type\":\"Organization\",\"@id\":\"https:\/\/www.suno.com.br\/noticias\/#organization\",\"name\":\"Suno Not\u00edcias\",\"url\":\"https:\/\/www.suno.com.br\/noticias\/\",\"logo\":{\"@type\":\"ImageObject\",\"inLanguage\":\"pt-BR\",\"@id\":\"https:\/\/www.suno.com.br\/noticias\/#\/schema\/logo\/image\/\",\"url\":\"https:\/\/files.sunoresearch.com.br\/n\/uploads\/2021\/09\/suno-logo.png\",\"contentUrl\":\"https:\/\/files.sunoresearch.com.br\/n\/uploads\/2021\/09\/suno-logo.png\",\"width\":180,\"height\":180,\"caption\":\"Suno Not\u00edcias\"},\"image\":{\"@id\":\"https:\/\/www.suno.com.br\/noticias\/#\/schema\/logo\/image\/\"},\"sameAs\":[\"https:\/\/facebook.com\/sunoresearch\",\"https:\/\/x.com\/sunoresearch\",\"https:\/\/www.instagram.com\/suno\",\"https:\/\/www.linkedin.com\/company\/suno-research\/\",\"https:\/\/www.youtube.com\/c\/sunoresearch\"]},{\"@type\":\"Person\",\"@id\":\"https:\/\/www.suno.com.br\/noticias\/#\/schema\/person\/0a8b51292bb96ee5f104094c0907eaef\",\"name\":\"Ma\u00edra Telles\",\"image\":{\"@type\":\"ImageObject\",\"inLanguage\":\"pt-BR\",\"@id\":\"https:\/\/www.suno.com.br\/noticias\/#\/schema\/person\/image\/\",\"url\":\"https:\/\/secure.gravatar.com\/avatar\/8d13691eab6abc1d1050b62a4c2a6116?s=96&r=g\",\"contentUrl\":\"https:\/\/secure.gravatar.com\/avatar\/8d13691eab6abc1d1050b62a4c2a6116?s=96&r=g\",\"caption\":\"Ma\u00edra Telles\"},\"description\":\"Jornalista com passagem por reda\u00e7\u00f5es como ESPN, especializa\u00e7\u00e3o em marketing digital e em gest\u00e3o de crise. Com foco no mercado financeiro e no setor agropecu\u00e1rio, desenvolve conte\u00fados estrat\u00e9gicos e especializados para m\u00faltiplas plataformas, unindo an\u00e1lise de investimentos e neg\u00f3cios\",\"url\":\"https:\/\/www.suno.com.br\/noticias\/author\/mairaftellesgmail-com\/\"}]}<\/script>\n<!-- \/ Yoast SEO plugin. -->","yoast_head_json":{"title":"AMBP3: A\u00e7\u00f5es despencam 13,55% ap\u00f3s reviravolta na diretoria","description":"A\u00e7\u00f5es da Ambipar (AMBP3) caem 13,55% ap\u00f3s sa\u00edda de CFO e emiss\u00e3o de R$ 3 bilh\u00f5es em deb\u00eantures. O que est\u00e1 por tr\u00e1s da queda?","robots":{"index":"index","follow":"follow","max-snippet":"max-snippet:-1","max-image-preview":"max-image-preview:large","max-video-preview":"max-video-preview:-1"},"canonical":"https:\/\/www.suno.com.br\/noticias\/ambp3-queda-reviravolta-diretoria-emissao-mt\/","og_locale":"pt_BR","og_type":"article","og_title":"AMBP3: A\u00e7\u00f5es despencam 13,55% ap\u00f3s reviravolta na diretoria","og_description":"A\u00e7\u00f5es da Ambipar (AMBP3) caem 13,55% ap\u00f3s sa\u00edda de CFO e emiss\u00e3o de R$ 3 bilh\u00f5es em deb\u00eantures. O que est\u00e1 por tr\u00e1s da queda?","og_url":"https:\/\/www.suno.com.br\/noticias\/ambp3-queda-reviravolta-diretoria-emissao-mt\/","og_site_name":"Suno Not\u00edcias","article_publisher":"https:\/\/facebook.com\/sunoresearch","og_image":[{"width":700,"height":271,"url":"https:\/\/files.sunoresearch.com.br\/n\/uploads\/2025\/09\/Politica_Residuos_destaque-700x271-1-jpg.webp","type":"image\/jpeg"}],"author":"Ma\u00edra Telles","twitter_card":"summary_large_image","twitter_creator":"@sunoresearch","twitter_site":"@sunoresearch","twitter_misc":{"Escrito por":"Ma\u00edra Telles","Est. tempo de leitura":"2 minutos"},"schema":{"@context":"https:\/\/schema.org","@graph":[{"@type":"NewsArticle","@id":"https:\/\/www.suno.com.br\/noticias\/ambp3-queda-reviravolta-diretoria-emissao-mt\/#article","isPartOf":{"@id":"https:\/\/www.suno.com.br\/noticias\/ambp3-queda-reviravolta-diretoria-emissao-mt\/"},"author":{"name":"Ma\u00edra Telles","@id":"https:\/\/www.suno.com.br\/noticias\/#\/schema\/person\/0a8b51292bb96ee5f104094c0907eaef"},"headline":"A\u00e7\u00f5es da Ambipar (AMBP3) despencam 13,55% ap\u00f3s reviravolta na diretoria","datePublished":"2025-09-23T20:15:41+00:00","dateModified":"2025-09-24T11:51:06+00:00","mainEntityOfPage":{"@id":"https:\/\/www.suno.com.br\/noticias\/ambp3-queda-reviravolta-diretoria-emissao-mt\/"},"wordCount":369,"publisher":{"@id":"https:\/\/www.suno.com.br\/noticias\/#organization"},"image":{"@id":"https:\/\/www.suno.com.br\/noticias\/ambp3-queda-reviravolta-diretoria-emissao-mt\/#primaryimage"},"thumbnailUrl":"https:\/\/files.sunoresearch.com.br\/n\/uploads\/2025\/09\/Politica_Residuos_destaque-700x271-1-jpg.webp","keywords":["Ambipar (AMBP3)"],"articleSection":["Mercado"],"inLanguage":"pt-BR"},{"@type":"WebPage","@id":"https:\/\/www.suno.com.br\/noticias\/ambp3-queda-reviravolta-diretoria-emissao-mt\/","url":"https:\/\/www.suno.com.br\/noticias\/ambp3-queda-reviravolta-diretoria-emissao-mt\/","name":"AMBP3: A\u00e7\u00f5es despencam 13,55% ap\u00f3s reviravolta na diretoria","isPartOf":{"@id":"https:\/\/www.suno.com.br\/noticias\/#website"},"primaryImageOfPage":{"@id":"https:\/\/www.suno.com.br\/noticias\/ambp3-queda-reviravolta-diretoria-emissao-mt\/#primaryimage"},"image":{"@id":"https:\/\/www.suno.com.br\/noticias\/ambp3-queda-reviravolta-diretoria-emissao-mt\/#primaryimage"},"thumbnailUrl":"https:\/\/files.sunoresearch.com.br\/n\/uploads\/2025\/09\/Politica_Residuos_destaque-700x271-1-jpg.webp","datePublished":"2025-09-23T20:15:41+00:00","dateModified":"2025-09-24T11:51:06+00:00","description":"A\u00e7\u00f5es da Ambipar (AMBP3) caem 13,55% ap\u00f3s sa\u00edda de CFO e emiss\u00e3o de R$ 3 bilh\u00f5es em deb\u00eantures. O que est\u00e1 por tr\u00e1s da queda?","breadcrumb":{"@id":"https:\/\/www.suno.com.br\/noticias\/ambp3-queda-reviravolta-diretoria-emissao-mt\/#breadcrumb"},"inLanguage":"pt-BR","potentialAction":[{"@type":"ReadAction","target":["https:\/\/www.suno.com.br\/noticias\/ambp3-queda-reviravolta-diretoria-emissao-mt\/"]}]},{"@type":"ImageObject","inLanguage":"pt-BR","@id":"https:\/\/www.suno.com.br\/noticias\/ambp3-queda-reviravolta-diretoria-emissao-mt\/#primaryimage","url":"https:\/\/files.sunoresearch.com.br\/n\/uploads\/2025\/09\/Politica_Residuos_destaque-700x271-1-jpg.webp","contentUrl":"https:\/\/files.sunoresearch.com.br\/n\/uploads\/2025\/09\/Politica_Residuos_destaque-700x271-1-jpg.webp","width":700,"height":271,"caption":"Ambipar (AMBP3)"},{"@type":"BreadcrumbList","@id":"https:\/\/www.suno.com.br\/noticias\/ambp3-queda-reviravolta-diretoria-emissao-mt\/#breadcrumb","itemListElement":[{"@type":"ListItem","position":1,"name":"Not\u00edcias","item":"https:\/\/www.suno.com.br\/noticias\/"},{"@type":"ListItem","position":2,"name":"Mercado","item":"https:\/\/www.suno.com.br\/noticias\/mercado\/"},{"@type":"ListItem","position":3,"name":"A\u00e7\u00f5es da Ambipar (AMBP3) despencam 13,55% ap\u00f3s reviravolta na diretoria"}]},{"@type":"WebSite","@id":"https:\/\/www.suno.com.br\/noticias\/#website","url":"https:\/\/www.suno.com.br\/noticias\/","name":"Suno Not\u00edcias","description":"Seu portal de informa\u00e7\u00e3o sobre o mundo dos investimentos","publisher":{"@id":"https:\/\/www.suno.com.br\/noticias\/#organization"},"potentialAction":[{"@type":"SearchAction","target":{"@type":"EntryPoint","urlTemplate":"https:\/\/www.suno.com.br\/noticias\/?s={search_term_string}"},"query-input":{"@type":"PropertyValueSpecification","valueRequired":true,"valueName":"search_term_string"}}],"inLanguage":"pt-BR"},{"@type":"Organization","@id":"https:\/\/www.suno.com.br\/noticias\/#organization","name":"Suno Not\u00edcias","url":"https:\/\/www.suno.com.br\/noticias\/","logo":{"@type":"ImageObject","inLanguage":"pt-BR","@id":"https:\/\/www.suno.com.br\/noticias\/#\/schema\/logo\/image\/","url":"https:\/\/files.sunoresearch.com.br\/n\/uploads\/2021\/09\/suno-logo.png","contentUrl":"https:\/\/files.sunoresearch.com.br\/n\/uploads\/2021\/09\/suno-logo.png","width":180,"height":180,"caption":"Suno Not\u00edcias"},"image":{"@id":"https:\/\/www.suno.com.br\/noticias\/#\/schema\/logo\/image\/"},"sameAs":["https:\/\/facebook.com\/sunoresearch","https:\/\/x.com\/sunoresearch","https:\/\/www.instagram.com\/suno","https:\/\/www.linkedin.com\/company\/suno-research\/","https:\/\/www.youtube.com\/c\/sunoresearch"]},{"@type":"Person","@id":"https:\/\/www.suno.com.br\/noticias\/#\/schema\/person\/0a8b51292bb96ee5f104094c0907eaef","name":"Ma\u00edra Telles","image":{"@type":"ImageObject","inLanguage":"pt-BR","@id":"https:\/\/www.suno.com.br\/noticias\/#\/schema\/person\/image\/","url":"https:\/\/secure.gravatar.com\/avatar\/8d13691eab6abc1d1050b62a4c2a6116?s=96&r=g","contentUrl":"https:\/\/secure.gravatar.com\/avatar\/8d13691eab6abc1d1050b62a4c2a6116?s=96&r=g","caption":"Ma\u00edra Telles"},"description":"Jornalista com passagem por reda\u00e7\u00f5es como ESPN, especializa\u00e7\u00e3o em marketing digital e em gest\u00e3o de crise. Com foco no mercado financeiro e no setor agropecu\u00e1rio, desenvolve conte\u00fados estrat\u00e9gicos e especializados para m\u00faltiplas plataformas, unindo an\u00e1lise de investimentos e neg\u00f3cios","url":"https:\/\/www.suno.com.br\/noticias\/author\/mairaftellesgmail-com\/"}]}},"default_loop_html":"<div class=\"cardsPage__listCard__boxs\"><div class=\"cardsPage__listCard__boxs__img\"><a href=\"https:\/\/www.suno.com.br\/noticias\/ambp3-queda-reviravolta-diretoria-emissao-mt\/\"><img class=\"mask\" src=\"https:\/\/www.suno.com.br\/noticias\/wp-content\/themes\/suno\/resources\/images\/spotlight\/spotlight1img\/bg-mask.png\" alt=\"Image Mask\"\/><img src=\"https:\/\/files.sunoresearch.com.br\/n\/uploads\/2025\/09\/Politica_Residuos_destaque-700x271-1-400x200.webp\" alt=\"A\u00e7\u00f5es da Ambipar (AMBP3) despencam 13,55% ap\u00f3s reviravolta na diretoria\"\/><\/a><span class=\"spotlightCategory\"><a href=\"https:\/\/www.suno.com.br\/noticias\/mercado\/\">Mercado<\/a><\/span><\/div><div class=\"cardsPage__listCard__boxs__content\"><a href=\"https:\/\/www.suno.com.br\/noticias\/ambp3-queda-reviravolta-diretoria-emissao-mt\/\"><h2 class=\"content__title\">A\u00e7\u00f5es da Ambipar (AMBP3) despencam 13,55% ap\u00f3s reviravolta na diretoria<\/h2><\/a><div class=\"newsContent__article__meta\"><div class=\"newsContent__article__meta__authorBox\"><a href=\"https:\/\/www.suno.com.br\/noticias\/author\/mairaftellesgmail-com\/\" class=\"authorBox__avatar noMobi\"><img src=\"https:\/\/secure.gravatar.com\/avatar\/8d13691eab6abc1d1050b62a4c2a6116?s=96&#038;r=g\" alt=\"Ma\u00edra Telles\"><\/a><div class=\"authorBox__name\"><span>por\n\t\t\t<a href=\"https:\/\/www.suno.com.br\/noticias\/author\/mairaftellesgmail-com\/\"><span itemprop=\"author\">Ma\u00edra Telles<\/span><\/a><\/span><time datetime=\"2025-09-23T17:15:41-03:00\" itemprop=\"datePublished\">23\/09\/2025 17:15<\/time><\/div><\/div><\/div><\/div><\/div>","single_layout":"posts","amp_enabled":true,"_links":{"self":[{"href":"https:\/\/www.suno.com.br\/noticias\/wp-json\/wp\/v2\/posts\/625869"}],"collection":[{"href":"https:\/\/www.suno.com.br\/noticias\/wp-json\/wp\/v2\/posts"}],"about":[{"href":"https:\/\/www.suno.com.br\/noticias\/wp-json\/wp\/v2\/types\/post"}],"author":[{"embeddable":true,"href":"https:\/\/www.suno.com.br\/noticias\/wp-json\/wp\/v2\/users\/402"}],"replies":[{"embeddable":true,"href":"https:\/\/www.suno.com.br\/noticias\/wp-json\/wp\/v2\/comments?post=625869"}],"version-history":[{"count":3,"href":"https:\/\/www.suno.com.br\/noticias\/wp-json\/wp\/v2\/posts\/625869\/revisions"}],"predecessor-version":[{"id":625933,"href":"https:\/\/www.suno.com.br\/noticias\/wp-json\/wp\/v2\/posts\/625869\/revisions\/625933"}],"wp:featuredmedia":[{"embeddable":true,"href":"https:\/\/www.suno.com.br\/noticias\/wp-json\/wp\/v2\/media\/625870"}],"wp:attachment":[{"href":"https:\/\/www.suno.com.br\/noticias\/wp-json\/wp\/v2\/media?parent=625869"}],"wp:term":[{"taxonomy":"category","embeddable":true,"href":"https:\/\/www.suno.com.br\/noticias\/wp-json\/wp\/v2\/categories?post=625869"},{"taxonomy":"post_tag","embeddable":true,"href":"https:\/\/www.suno.com.br\/noticias\/wp-json\/wp\/v2\/tags?post=625869"},{"taxonomy":"suno_strategy","embeddable":true,"href":"https:\/\/www.suno.com.br\/noticias\/wp-json\/wp\/v2\/suno_strategy?post=625869"}],"curies":[{"name":"wp","href":"https:\/\/api.w.org\/{rel}","templated":true}]}}