{"id":62577,"date":"2020-04-24T14:48:15","date_gmt":"2020-04-24T17:48:15","guid":{"rendered":"https:\/\/www.suno.com.br\/noticias\/?p=62577"},"modified":"2020-04-24T14:48:15","modified_gmt":"2020-04-24T17:48:15","slug":"fmi-omc-alerta-restricoes-exportacao","status":"publish","type":"post","link":"https:\/\/www.suno.com.br\/noticias\/fmi-omc-alerta-restricoes-exportacao\/","title":{"rendered":"FMI e OMC fazem alerta sobre restri\u00e7\u00f5es de exporta\u00e7\u00e3o em meio \u00e0 pandemia"},"content":{"rendered":"<p>O <strong><a href=\"https:\/\/www.suno.com.br\/artigos\/fmi\/\">Fundo Monet\u00e1rio Internacional (FMI)<\/a> <\/strong>e a <a href=\"https:\/\/www.suno.com.br\/artigos\/omc-organizacao-mundial-do-comercio\/\">Organiza\u00e7\u00e3o Mundial do Com\u00e9rcio (OMC)<\/a> pediram cautela em rela\u00e7\u00e3o as restri\u00e7\u00f5es sobre exporta\u00e7\u00f5es de suprimentos m\u00e9dicos e alimentos. Isso porque muitos pa\u00edses est\u00e3o sofrendo com a crise desencadeada pelo novo <a href=\"https:\/\/www.suno.com.br\/noticias\/tags\/covid-19\/\">coronav\u00edrus (Covid-19)<\/a> e essa medida &#8220;pode ser prejudicial&#8221;. O comunicado foi feito nesta sexta-feira (24).<\/p>\t<div class=\"wrapper-featured-image\">\n\t\t<figure class=\"spotlightImg\">\n\n\t\t\t<picture>\n\t\t\t\t<source media=\"(max-width: 768px)\" srcset=\"https:\/\/files.sunoresearch.com.br\/n\/uploads\/2019\/10\/b98fa605-fmi-400x200.webp\">\n\t\t\t\t<img loading=\"lazy\" decoding=\"async\" class=\"newsContent__article__imgCapa lazyloadDisabled newsContent__article__imgCapa--noCaption\" src=\"https:\/\/files.sunoresearch.com.br\/n\/uploads\/2019\/10\/b98fa605-fmi-800x450.webp\" width=\"800\" height=\"450\" alt=\"FMI e OMC fazem alerta sobre restri\u00e7\u00f5es de exporta\u00e7\u00e3o em meio \u00e0 pandemia\" fetchpriority=high \/>\n\t\t\t<\/picture>\n\n\t\t\t<figcaption class=\"wp-caption-text wp-caption-text--hide\">FMI revisou para cima proje\u00e7\u00e3o do PIB brasileiro -  Foto: reprodu\u00e7\u00e3o<\/figcaption>\n\t\t<\/figure>\n\t<\/div>\n\n\n\n<p>Em um comunicado realizado pelas duas institui\u00e7\u00f5es, foi afirmado que h\u00e1 uma preocupa\u00e7\u00e3o com o decl\u00ednio do financiamento comercial. &#8220;Estamos preocupados com interrup\u00e7\u00f5es no fornecimento devido ao crescente uso de restri\u00e7\u00f5es \u00e0 exporta\u00e7\u00e3o e outras a\u00e7\u00f5es que limitam o com\u00e9rcio de suprimentos m\u00e9dicos fundamentais e de comida&#8221;, informaram as organiza\u00e7\u00f5es.<\/p>\n<p><a href=\"https:\/\/lp.suno.com.br\/suno-one\/\">Garanta acesso gratuito \u00e0 eBooks, Minicursos, Artigos e Video Aulas com um \u00fanico cadastro. Clique para saber mais.<\/a><\/p>\n<p>De acordo com a OMC, as restri\u00e7\u00f5es tempor\u00e1rias de exporta\u00e7\u00e3o s\u00e3o autorizadas somente para a preven\u00e7\u00e3o ou al\u00edvio da escassez nos pa\u00edses que fazem as vendas.<\/p>\n<p>As organiza\u00e7\u00f5es tamb\u00e9m pediram para que os pa\u00edses tenham cuidado ao implementar essas medidas. O FMI e a OMC disseram que as restri\u00e7\u00f5es \u00e0 exporta\u00e7\u00e3o &#8220;interrompem as cadeias de suprimentos, deprimem a produ\u00e7\u00e3o e desviam produtos e trabalhadores escassos e cr\u00edticos para longe de onde eles s\u00e3o mais necess\u00e1rios. Outros governos respondem com suas pr\u00f3prias restri\u00e7\u00f5es.&#8221;<\/p>\n<h2>FMI diz que coronav\u00edrus reduz atividade global ao pior n\u00edvel desde 1929<\/h2>\n<p>A diretora-gerente do Fundo Monet\u00e1rio Internacional, Kristalina Georgieva, afirmou, na \u00faltima segunda-feira (20), que a pandemia do novo coronav\u00edrus\u00a0levar\u00e1 a economia global ao menor n\u00edvel desde a <a href=\"https:\/\/www.suno.com.br\/artigos\/a-grande-depressao\/\">Grande Depress\u00e3o<\/a>.<\/p>\n<p>A dirigente da entidade relembrou que &#8220;j\u00e1 h\u00e1 algum tempo que esta \u00e9 uma crise como nenhuma outra&#8221;. De acordo com Georgieva, devido ao coronav\u00edrus, o FMI estima que cerca de 170 pa\u00edses v\u00e3o reduzir sua renda per capita. &#8220;Apenas alguns meses atr\u00e1s nossas proje\u00e7\u00f5es mostravam 160 economias com um crescimento na renda per capita&#8221;, afirmou.<\/p>\n<p>A diretora do <strong>FMI<\/strong> reiterou que a situa\u00e7\u00e3o causada pela pandemia \u00e9 muito mais complexa em rela\u00e7\u00e3o \u00e0s outras crises, uma vez que lida com os campos de sa\u00fade e economia diretamente interligados. A diretora declarou ainda que o n\u00edvel de incertezas sobre o futuro ainda \u00e9 alto. &#8220;H\u00e1 mais incertezas na medida em que n\u00f3s aprendemos gradualmente como enfrentar o novo v\u00edrus, tornar a conten\u00e7\u00e3o mais efetiva e restaurar as nossas economias&#8221;, afirmou.<\/p>\n\n","protected":false},"excerpt":{"rendered":"<p>O Fundo Monet\u00e1rio Internacional (FMI) e a Organiza\u00e7\u00e3o Mundial do Com\u00e9rcio (OMC) pediram cautela em rela\u00e7\u00e3o as restri\u00e7\u00f5es sobre exporta\u00e7\u00f5es de suprimentos m\u00e9dicos e alimentos. Isso porque muitos pa\u00edses est\u00e3o sofrendo com a crise desencadeada pelo novo coronav\u00edrus (Covid-19) e essa medida &#8220;pode ser prejudicial&#8221;. O comunicado foi feito nesta sexta-feira (24). FMI revisou para [&hellip;]<\/p>\n","protected":false},"author":19,"featured_media":41128,"comment_status":"closed","ping_status":"closed","sticky":false,"template":"","format":"standard","meta":[],"categories":[63],"tags":[806,813],"suno_strategy":[],"class_list":["post-62577","post","type-post","status-publish","format-standard","has-post-thumbnail","hentry","category-internacional","tag-fundo-monetario-internacional-fmi","tag-omc"],"yoast_head":"<!-- This site is optimized with the Yoast SEO plugin v24.4 - https:\/\/yoast.com\/wordpress\/plugins\/seo\/ -->\n<title>FMI e OMC fazem alerta sobre restri\u00e7\u00f5es de exporta\u00e7\u00e3o<\/title>\n<meta name=\"description\" content=\"O Fundo Monet\u00e1rio Internacional (FMI) e a OMC pediram cautela em rela\u00e7\u00e3o as restri\u00e7\u00f5es sobre exporta\u00e7\u00f5es de suprimentos m\u00e9dicos e alimentos.\" \/>\n<meta name=\"robots\" content=\"index, follow, max-snippet:-1, max-image-preview:large, max-video-preview:-1\" \/>\n<link rel=\"canonical\" href=\"https:\/\/www.suno.com.br\/noticias\/fmi-omc-alerta-restricoes-exportacao\/\" \/>\n<meta property=\"og:locale\" content=\"pt_BR\" \/>\n<meta property=\"og:type\" content=\"article\" \/>\n<meta property=\"og:title\" content=\"FMI e OMC fazem alerta sobre restri\u00e7\u00f5es de exporta\u00e7\u00e3o\" \/>\n<meta property=\"og:description\" content=\"O Fundo Monet\u00e1rio Internacional (FMI) e a OMC pediram cautela em rela\u00e7\u00e3o as restri\u00e7\u00f5es sobre exporta\u00e7\u00f5es de suprimentos m\u00e9dicos e alimentos.\" \/>\n<meta property=\"og:url\" content=\"https:\/\/www.suno.com.br\/noticias\/fmi-omc-alerta-restricoes-exportacao\/\" \/>\n<meta property=\"og:site_name\" content=\"Suno Not\u00edcias\" \/>\n<meta property=\"article:publisher\" content=\"https:\/\/facebook.com\/sunoresearch\" \/>\n<meta property=\"og:image\" content=\"https:\/\/files.sunoresearch.com.br\/n\/uploads\/2019\/10\/b98fa605-fmi.jpg\" \/>\n\t<meta property=\"og:image:width\" content=\"1520\" \/>\n\t<meta property=\"og:image:height\" content=\"855\" \/>\n\t<meta property=\"og:image:type\" content=\"image\/jpeg\" \/>\n<meta name=\"author\" content=\"Juliano Passaro\" \/>\n<meta name=\"twitter:card\" content=\"summary_large_image\" \/>\n<meta name=\"twitter:creator\" content=\"@sunoresearch\" \/>\n<meta name=\"twitter:site\" content=\"@sunoresearch\" \/>\n<meta name=\"twitter:label1\" content=\"Escrito por\" \/>\n\t<meta name=\"twitter:data1\" content=\"Juliano Passaro\" \/>\n\t<meta name=\"twitter:label2\" content=\"Est. tempo de leitura\" \/>\n\t<meta name=\"twitter:data2\" content=\"2 minutos\" \/>\n<script type=\"application\/ld+json\" class=\"yoast-schema-graph\">{\"@context\":\"https:\/\/schema.org\",\"@graph\":[{\"@type\":\"NewsArticle\",\"@id\":\"https:\/\/www.suno.com.br\/noticias\/fmi-omc-alerta-restricoes-exportacao\/#article\",\"isPartOf\":{\"@id\":\"https:\/\/www.suno.com.br\/noticias\/fmi-omc-alerta-restricoes-exportacao\/\"},\"author\":{\"name\":\"Juliano Passaro\",\"@id\":\"https:\/\/www.suno.com.br\/noticias\/#\/schema\/person\/1db762f78ffd8919a648a63e425953e3\"},\"headline\":\"FMI e OMC fazem alerta sobre restri\u00e7\u00f5es de exporta\u00e7\u00e3o em meio \u00e0 pandemia\",\"datePublished\":\"2020-04-24T17:48:15+00:00\",\"mainEntityOfPage\":{\"@id\":\"https:\/\/www.suno.com.br\/noticias\/fmi-omc-alerta-restricoes-exportacao\/\"},\"wordCount\":441,\"publisher\":{\"@id\":\"https:\/\/www.suno.com.br\/noticias\/#organization\"},\"image\":{\"@id\":\"https:\/\/www.suno.com.br\/noticias\/fmi-omc-alerta-restricoes-exportacao\/#primaryimage\"},\"thumbnailUrl\":\"https:\/\/files.sunoresearch.com.br\/n\/uploads\/2019\/10\/b98fa605-fmi-jpg.webp\",\"keywords\":[\"Fundo Monet\u00e1rio Internacional (FMI)\",\"OMC\"],\"articleSection\":[\"Internacional\"],\"inLanguage\":\"pt-BR\"},{\"@type\":\"WebPage\",\"@id\":\"https:\/\/www.suno.com.br\/noticias\/fmi-omc-alerta-restricoes-exportacao\/\",\"url\":\"https:\/\/www.suno.com.br\/noticias\/fmi-omc-alerta-restricoes-exportacao\/\",\"name\":\"FMI e OMC fazem alerta sobre restri\u00e7\u00f5es de exporta\u00e7\u00e3o\",\"isPartOf\":{\"@id\":\"https:\/\/www.suno.com.br\/noticias\/#website\"},\"primaryImageOfPage\":{\"@id\":\"https:\/\/www.suno.com.br\/noticias\/fmi-omc-alerta-restricoes-exportacao\/#primaryimage\"},\"image\":{\"@id\":\"https:\/\/www.suno.com.br\/noticias\/fmi-omc-alerta-restricoes-exportacao\/#primaryimage\"},\"thumbnailUrl\":\"https:\/\/files.sunoresearch.com.br\/n\/uploads\/2019\/10\/b98fa605-fmi-jpg.webp\",\"datePublished\":\"2020-04-24T17:48:15+00:00\",\"description\":\"O Fundo Monet\u00e1rio Internacional (FMI) e a OMC pediram cautela em rela\u00e7\u00e3o as restri\u00e7\u00f5es sobre exporta\u00e7\u00f5es de suprimentos m\u00e9dicos e alimentos.\",\"breadcrumb\":{\"@id\":\"https:\/\/www.suno.com.br\/noticias\/fmi-omc-alerta-restricoes-exportacao\/#breadcrumb\"},\"inLanguage\":\"pt-BR\",\"potentialAction\":[{\"@type\":\"ReadAction\",\"target\":[\"https:\/\/www.suno.com.br\/noticias\/fmi-omc-alerta-restricoes-exportacao\/\"]}]},{\"@type\":\"ImageObject\",\"inLanguage\":\"pt-BR\",\"@id\":\"https:\/\/www.suno.com.br\/noticias\/fmi-omc-alerta-restricoes-exportacao\/#primaryimage\",\"url\":\"https:\/\/files.sunoresearch.com.br\/n\/uploads\/2019\/10\/b98fa605-fmi-jpg.webp\",\"contentUrl\":\"https:\/\/files.sunoresearch.com.br\/n\/uploads\/2019\/10\/b98fa605-fmi-jpg.webp\",\"width\":1520,\"height\":855,\"caption\":\"FMI revisou para cima proje\u00e7\u00e3o do PIB brasileiro - Foto: reprodu\u00e7\u00e3o\"},{\"@type\":\"BreadcrumbList\",\"@id\":\"https:\/\/www.suno.com.br\/noticias\/fmi-omc-alerta-restricoes-exportacao\/#breadcrumb\",\"itemListElement\":[{\"@type\":\"ListItem\",\"position\":1,\"name\":\"Not\u00edcias\",\"item\":\"https:\/\/www.suno.com.br\/noticias\/\"},{\"@type\":\"ListItem\",\"position\":2,\"name\":\"Internacional\",\"item\":\"https:\/\/www.suno.com.br\/noticias\/internacional\/\"},{\"@type\":\"ListItem\",\"position\":3,\"name\":\"FMI e OMC fazem alerta sobre restri\u00e7\u00f5es de exporta\u00e7\u00e3o em meio \u00e0 pandemia\"}]},{\"@type\":\"WebSite\",\"@id\":\"https:\/\/www.suno.com.br\/noticias\/#website\",\"url\":\"https:\/\/www.suno.com.br\/noticias\/\",\"name\":\"Suno Not\u00edcias\",\"description\":\"Seu portal de informa\u00e7\u00e3o sobre o mundo dos investimentos\",\"publisher\":{\"@id\":\"https:\/\/www.suno.com.br\/noticias\/#organization\"},\"potentialAction\":[{\"@type\":\"SearchAction\",\"target\":{\"@type\":\"EntryPoint\",\"urlTemplate\":\"https:\/\/www.suno.com.br\/noticias\/?s={search_term_string}\"},\"query-input\":{\"@type\":\"PropertyValueSpecification\",\"valueRequired\":true,\"valueName\":\"search_term_string\"}}],\"inLanguage\":\"pt-BR\"},{\"@type\":\"Organization\",\"@id\":\"https:\/\/www.suno.com.br\/noticias\/#organization\",\"name\":\"Suno Not\u00edcias\",\"url\":\"https:\/\/www.suno.com.br\/noticias\/\",\"logo\":{\"@type\":\"ImageObject\",\"inLanguage\":\"pt-BR\",\"@id\":\"https:\/\/www.suno.com.br\/noticias\/#\/schema\/logo\/image\/\",\"url\":\"https:\/\/files.sunoresearch.com.br\/n\/uploads\/2021\/09\/suno-logo.png\",\"contentUrl\":\"https:\/\/files.sunoresearch.com.br\/n\/uploads\/2021\/09\/suno-logo.png\",\"width\":180,\"height\":180,\"caption\":\"Suno Not\u00edcias\"},\"image\":{\"@id\":\"https:\/\/www.suno.com.br\/noticias\/#\/schema\/logo\/image\/\"},\"sameAs\":[\"https:\/\/facebook.com\/sunoresearch\",\"https:\/\/x.com\/sunoresearch\",\"https:\/\/www.instagram.com\/suno\",\"https:\/\/www.linkedin.com\/company\/suno-research\/\",\"https:\/\/www.youtube.com\/c\/sunoresearch\"]},{\"@type\":\"Person\",\"@id\":\"https:\/\/www.suno.com.br\/noticias\/#\/schema\/person\/1db762f78ffd8919a648a63e425953e3\",\"name\":\"Juliano Passaro\",\"image\":{\"@type\":\"ImageObject\",\"inLanguage\":\"pt-BR\",\"@id\":\"https:\/\/www.suno.com.br\/noticias\/#\/schema\/person\/image\/\",\"url\":\"https:\/\/secure.gravatar.com\/avatar\/743d4df28eebf6dcc46b4ad03c319e92?s=96&r=g\",\"contentUrl\":\"https:\/\/secure.gravatar.com\/avatar\/743d4df28eebf6dcc46b4ad03c319e92?s=96&r=g\",\"caption\":\"Juliano Passaro\"},\"description\":\"Juliano Passaro escreve sobre pol\u00edtica, economia e neg\u00f3cios para o portal da Suno Research. Antes da Suno, trabalhou no Portal da Band. \u00c9 formado em jornalismo pela Universidade Presbiteriana Mackenzie.\",\"url\":\"https:\/\/www.suno.com.br\/noticias\/author\/juliano\/\"}]}<\/script>\n<!-- \/ Yoast SEO plugin. -->","yoast_head_json":{"title":"FMI e OMC fazem alerta sobre restri\u00e7\u00f5es de exporta\u00e7\u00e3o","description":"O Fundo Monet\u00e1rio Internacional (FMI) e a OMC pediram cautela em rela\u00e7\u00e3o as restri\u00e7\u00f5es sobre exporta\u00e7\u00f5es de suprimentos m\u00e9dicos e alimentos.","robots":{"index":"index","follow":"follow","max-snippet":"max-snippet:-1","max-image-preview":"max-image-preview:large","max-video-preview":"max-video-preview:-1"},"canonical":"https:\/\/www.suno.com.br\/noticias\/fmi-omc-alerta-restricoes-exportacao\/","og_locale":"pt_BR","og_type":"article","og_title":"FMI e OMC fazem alerta sobre restri\u00e7\u00f5es de exporta\u00e7\u00e3o","og_description":"O Fundo Monet\u00e1rio Internacional (FMI) e a OMC pediram cautela em rela\u00e7\u00e3o as restri\u00e7\u00f5es sobre exporta\u00e7\u00f5es de suprimentos m\u00e9dicos e alimentos.","og_url":"https:\/\/www.suno.com.br\/noticias\/fmi-omc-alerta-restricoes-exportacao\/","og_site_name":"Suno Not\u00edcias","article_publisher":"https:\/\/facebook.com\/sunoresearch","og_image":[{"width":1520,"height":855,"url":"https:\/\/files.sunoresearch.com.br\/n\/uploads\/2019\/10\/b98fa605-fmi.jpg","type":"image\/jpeg"}],"author":"Juliano Passaro","twitter_card":"summary_large_image","twitter_creator":"@sunoresearch","twitter_site":"@sunoresearch","twitter_misc":{"Escrito por":"Juliano Passaro","Est. tempo de leitura":"2 minutos"},"schema":{"@context":"https:\/\/schema.org","@graph":[{"@type":"NewsArticle","@id":"https:\/\/www.suno.com.br\/noticias\/fmi-omc-alerta-restricoes-exportacao\/#article","isPartOf":{"@id":"https:\/\/www.suno.com.br\/noticias\/fmi-omc-alerta-restricoes-exportacao\/"},"author":{"name":"Juliano Passaro","@id":"https:\/\/www.suno.com.br\/noticias\/#\/schema\/person\/1db762f78ffd8919a648a63e425953e3"},"headline":"FMI e OMC fazem alerta sobre restri\u00e7\u00f5es de exporta\u00e7\u00e3o em meio \u00e0 pandemia","datePublished":"2020-04-24T17:48:15+00:00","mainEntityOfPage":{"@id":"https:\/\/www.suno.com.br\/noticias\/fmi-omc-alerta-restricoes-exportacao\/"},"wordCount":441,"publisher":{"@id":"https:\/\/www.suno.com.br\/noticias\/#organization"},"image":{"@id":"https:\/\/www.suno.com.br\/noticias\/fmi-omc-alerta-restricoes-exportacao\/#primaryimage"},"thumbnailUrl":"https:\/\/files.sunoresearch.com.br\/n\/uploads\/2019\/10\/b98fa605-fmi-jpg.webp","keywords":["Fundo Monet\u00e1rio Internacional (FMI)","OMC"],"articleSection":["Internacional"],"inLanguage":"pt-BR"},{"@type":"WebPage","@id":"https:\/\/www.suno.com.br\/noticias\/fmi-omc-alerta-restricoes-exportacao\/","url":"https:\/\/www.suno.com.br\/noticias\/fmi-omc-alerta-restricoes-exportacao\/","name":"FMI e OMC fazem alerta sobre restri\u00e7\u00f5es de exporta\u00e7\u00e3o","isPartOf":{"@id":"https:\/\/www.suno.com.br\/noticias\/#website"},"primaryImageOfPage":{"@id":"https:\/\/www.suno.com.br\/noticias\/fmi-omc-alerta-restricoes-exportacao\/#primaryimage"},"image":{"@id":"https:\/\/www.suno.com.br\/noticias\/fmi-omc-alerta-restricoes-exportacao\/#primaryimage"},"thumbnailUrl":"https:\/\/files.sunoresearch.com.br\/n\/uploads\/2019\/10\/b98fa605-fmi-jpg.webp","datePublished":"2020-04-24T17:48:15+00:00","description":"O Fundo Monet\u00e1rio Internacional (FMI) e a OMC pediram cautela em rela\u00e7\u00e3o as restri\u00e7\u00f5es sobre exporta\u00e7\u00f5es de suprimentos m\u00e9dicos e alimentos.","breadcrumb":{"@id":"https:\/\/www.suno.com.br\/noticias\/fmi-omc-alerta-restricoes-exportacao\/#breadcrumb"},"inLanguage":"pt-BR","potentialAction":[{"@type":"ReadAction","target":["https:\/\/www.suno.com.br\/noticias\/fmi-omc-alerta-restricoes-exportacao\/"]}]},{"@type":"ImageObject","inLanguage":"pt-BR","@id":"https:\/\/www.suno.com.br\/noticias\/fmi-omc-alerta-restricoes-exportacao\/#primaryimage","url":"https:\/\/files.sunoresearch.com.br\/n\/uploads\/2019\/10\/b98fa605-fmi-jpg.webp","contentUrl":"https:\/\/files.sunoresearch.com.br\/n\/uploads\/2019\/10\/b98fa605-fmi-jpg.webp","width":1520,"height":855,"caption":"FMI revisou para cima proje\u00e7\u00e3o do PIB brasileiro - Foto: reprodu\u00e7\u00e3o"},{"@type":"BreadcrumbList","@id":"https:\/\/www.suno.com.br\/noticias\/fmi-omc-alerta-restricoes-exportacao\/#breadcrumb","itemListElement":[{"@type":"ListItem","position":1,"name":"Not\u00edcias","item":"https:\/\/www.suno.com.br\/noticias\/"},{"@type":"ListItem","position":2,"name":"Internacional","item":"https:\/\/www.suno.com.br\/noticias\/internacional\/"},{"@type":"ListItem","position":3,"name":"FMI e OMC fazem alerta sobre restri\u00e7\u00f5es de exporta\u00e7\u00e3o em meio \u00e0 pandemia"}]},{"@type":"WebSite","@id":"https:\/\/www.suno.com.br\/noticias\/#website","url":"https:\/\/www.suno.com.br\/noticias\/","name":"Suno Not\u00edcias","description":"Seu portal de informa\u00e7\u00e3o sobre o mundo dos investimentos","publisher":{"@id":"https:\/\/www.suno.com.br\/noticias\/#organization"},"potentialAction":[{"@type":"SearchAction","target":{"@type":"EntryPoint","urlTemplate":"https:\/\/www.suno.com.br\/noticias\/?s={search_term_string}"},"query-input":{"@type":"PropertyValueSpecification","valueRequired":true,"valueName":"search_term_string"}}],"inLanguage":"pt-BR"},{"@type":"Organization","@id":"https:\/\/www.suno.com.br\/noticias\/#organization","name":"Suno Not\u00edcias","url":"https:\/\/www.suno.com.br\/noticias\/","logo":{"@type":"ImageObject","inLanguage":"pt-BR","@id":"https:\/\/www.suno.com.br\/noticias\/#\/schema\/logo\/image\/","url":"https:\/\/files.sunoresearch.com.br\/n\/uploads\/2021\/09\/suno-logo.png","contentUrl":"https:\/\/files.sunoresearch.com.br\/n\/uploads\/2021\/09\/suno-logo.png","width":180,"height":180,"caption":"Suno Not\u00edcias"},"image":{"@id":"https:\/\/www.suno.com.br\/noticias\/#\/schema\/logo\/image\/"},"sameAs":["https:\/\/facebook.com\/sunoresearch","https:\/\/x.com\/sunoresearch","https:\/\/www.instagram.com\/suno","https:\/\/www.linkedin.com\/company\/suno-research\/","https:\/\/www.youtube.com\/c\/sunoresearch"]},{"@type":"Person","@id":"https:\/\/www.suno.com.br\/noticias\/#\/schema\/person\/1db762f78ffd8919a648a63e425953e3","name":"Juliano Passaro","image":{"@type":"ImageObject","inLanguage":"pt-BR","@id":"https:\/\/www.suno.com.br\/noticias\/#\/schema\/person\/image\/","url":"https:\/\/secure.gravatar.com\/avatar\/743d4df28eebf6dcc46b4ad03c319e92?s=96&r=g","contentUrl":"https:\/\/secure.gravatar.com\/avatar\/743d4df28eebf6dcc46b4ad03c319e92?s=96&r=g","caption":"Juliano Passaro"},"description":"Juliano Passaro escreve sobre pol\u00edtica, economia e neg\u00f3cios para o portal da Suno Research. Antes da Suno, trabalhou no Portal da Band. \u00c9 formado em jornalismo pela Universidade Presbiteriana Mackenzie.","url":"https:\/\/www.suno.com.br\/noticias\/author\/juliano\/"}]}},"default_loop_html":"<div class=\"cardsPage__listCard__boxs\"><div class=\"cardsPage__listCard__boxs__img\"><a href=\"https:\/\/www.suno.com.br\/noticias\/fmi-omc-alerta-restricoes-exportacao\/\"><img class=\"mask\" src=\"https:\/\/www.suno.com.br\/noticias\/wp-content\/themes\/suno\/resources\/images\/spotlight\/spotlight1img\/bg-mask.png\" alt=\"Image Mask\"\/><img src=\"https:\/\/files.sunoresearch.com.br\/n\/uploads\/2019\/10\/b98fa605-fmi-400x200.webp\" alt=\"FMI e OMC fazem alerta sobre restri\u00e7\u00f5es de exporta\u00e7\u00e3o em meio \u00e0 pandemia\"\/><\/a><span class=\"spotlightCategory\"><a href=\"https:\/\/www.suno.com.br\/noticias\/internacional\/\">Internacional<\/a><\/span><\/div><div class=\"cardsPage__listCard__boxs__content\"><a href=\"https:\/\/www.suno.com.br\/noticias\/fmi-omc-alerta-restricoes-exportacao\/\"><h2 class=\"content__title\">FMI e OMC fazem alerta sobre restri\u00e7\u00f5es de exporta\u00e7\u00e3o em meio \u00e0 pandemia<\/h2><\/a><div class=\"newsContent__article__meta\"><div class=\"newsContent__article__meta__authorBox\"><a href=\"https:\/\/www.suno.com.br\/noticias\/author\/juliano\/\" class=\"authorBox__avatar noMobi\"><img src=\"https:\/\/files.sunoresearch.com.br\/n\/uploads\/2019\/06\/7cc3efea-whatsapp-image-2019-07-18-at-21.59.33-e1563499821209-150x150.webp\" alt=\"Juliano Passaro\"><\/a><div class=\"authorBox__name\"><span>por\n\t\t\t<a href=\"https:\/\/www.suno.com.br\/noticias\/author\/juliano\/\"><span itemprop=\"author\">Juliano Passaro<\/span><\/a><\/span><time datetime=\"2020-04-24T14:48:15-03:00\" itemprop=\"datePublished\">24\/04\/2020 14:48<\/time><\/div><\/div><\/div><\/div><\/div>","single_layout":"posts","amp_enabled":true,"_links":{"self":[{"href":"https:\/\/www.suno.com.br\/noticias\/wp-json\/wp\/v2\/posts\/62577"}],"collection":[{"href":"https:\/\/www.suno.com.br\/noticias\/wp-json\/wp\/v2\/posts"}],"about":[{"href":"https:\/\/www.suno.com.br\/noticias\/wp-json\/wp\/v2\/types\/post"}],"author":[{"embeddable":true,"href":"https:\/\/www.suno.com.br\/noticias\/wp-json\/wp\/v2\/users\/19"}],"replies":[{"embeddable":true,"href":"https:\/\/www.suno.com.br\/noticias\/wp-json\/wp\/v2\/comments?post=62577"}],"version-history":[{"count":0,"href":"https:\/\/www.suno.com.br\/noticias\/wp-json\/wp\/v2\/posts\/62577\/revisions"}],"wp:featuredmedia":[{"embeddable":true,"href":"https:\/\/www.suno.com.br\/noticias\/wp-json\/wp\/v2\/media\/41128"}],"wp:attachment":[{"href":"https:\/\/www.suno.com.br\/noticias\/wp-json\/wp\/v2\/media?parent=62577"}],"wp:term":[{"taxonomy":"category","embeddable":true,"href":"https:\/\/www.suno.com.br\/noticias\/wp-json\/wp\/v2\/categories?post=62577"},{"taxonomy":"post_tag","embeddable":true,"href":"https:\/\/www.suno.com.br\/noticias\/wp-json\/wp\/v2\/tags?post=62577"},{"taxonomy":"suno_strategy","embeddable":true,"href":"https:\/\/www.suno.com.br\/noticias\/wp-json\/wp\/v2\/suno_strategy?post=62577"}],"curies":[{"name":"wp","href":"https:\/\/api.w.org\/{rel}","templated":true}]}}