{"id":62503,"date":"2020-04-24T07:45:28","date_gmt":"2020-04-24T10:45:28","guid":{"rendered":"https:\/\/www.suno.com.br\/noticias\/?p=62503"},"modified":"2020-04-24T07:45:28","modified_gmt":"2020-04-24T10:45:28","slug":"arezzo-arzz3-anuncia-retorna-retoma-atividade-loja","status":"publish","type":"post","link":"https:\/\/www.suno.com.br\/noticias\/arezzo-arzz3-anuncia-retorna-retoma-atividade-loja\/","title":{"rendered":"Arezzo (ARZZ3) anuncia retomada de atividade da loja em Campo Bom"},"content":{"rendered":"<p>A <a href=\"https:\/\/www.suno.com.br\/acoes\/arzz3\/\"><strong>Arezzo<\/strong> (ARZZ3)<\/a> comunicou ao mercado, na \u00faltima quinta-feira (23), que retomou as atividades de sua unidade localizada em Campo Bom (RS).<\/p>\t<div class=\"wrapper-featured-image\">\n\t\t<figure class=\"spotlightImg\">\n\n\t\t\t<picture>\n\t\t\t\t<source media=\"(max-width: 768px)\" srcset=\"https:\/\/files.sunoresearch.com.br\/n\/uploads\/2019\/08\/9498f91e-arezzo_2_novarejo-400x200.webp\">\n\t\t\t\t<img loading=\"lazy\" decoding=\"async\" class=\"newsContent__article__imgCapa lazyloadDisabled newsContent__article__imgCapa--noCaption\" src=\"https:\/\/files.sunoresearch.com.br\/n\/uploads\/2019\/08\/9498f91e-arezzo_2_novarejo-jpg.webp\" width=\"800\" height=\"450\" alt=\"Arezzo (ARZZ3) anuncia retomada de atividade da loja em Campo Bom\" fetchpriority=high \/>\n\t\t\t<\/picture>\n\n\t\t\t<figcaption class=\"wp-caption-text wp-caption-text--hide\">Arezzo (ARZZ3) registra queda de 21,3% no lucro l\u00edquido do 3T20  <\/figcaption>\n\t\t<\/figure>\n\t<\/div>\n\n\n\n<p>Segundo a companhia de cal\u00e7ados, houve uma avalia\u00e7\u00e3o criteriosa de dados e ado\u00e7\u00e3o de uma s\u00e9rie de medidas, como uso de m\u00e1scaras e medi\u00e7\u00e3o de temperatura de seus funcion\u00e1rios. A Arezzo salientou que o munic\u00edpio de Campo Bom j\u00e1 permitiu a retomada de atividades comerciais.<\/p>\n<p><a href=\"https:\/\/lp.suno.com.br\/suno-one\/\">Garanta acesso gratuito \u00e0 eBooks, Minicursos, Artigos e Video Aulas com um \u00fanico cadastro. Clique para saber mais.<\/a><\/p>\n<p>&#8220;O munic\u00edpio de Campo Bom contou com apenas 4 casos de covid-19, sendo que nenhum deles necessitou de interna\u00e7\u00e3o hospitalar&#8221;, afirmou a companhia em seu comunicado.<\/p>\n<p>Al\u00e9m disso, a empresa informou que o centro de distribui\u00e7\u00e3o em Cariacica (ES), que permaneceu operando normalmente desde mar\u00e7o, passar\u00e1 a operar em regime de turno adicional. Segundo a Arezzo, essa medida \u00e9 em raz\u00e3o ao aumento da demanda no e-commerce.<\/p>\n<p>&#8220;Aproximadamente 15% de nossa loja (106 lojas) j\u00e1 retomaram suas atividades comerciais e encontram-se abertas, seguindo os decretos municipais ou governamentais locais, al\u00e9m de todas as medidas necess\u00e1rias de higiene e distanciamento social, de modo a garantir a seguran\u00e7a de todos os envolvidos&#8221;.<\/p>\n<h2>Arezzo reduz sal\u00e1rios e paralisa f\u00e1bricas e meio a pandemia<\/h2>\n<p>A Arezzo informou, via fato relevante, no dia 23 de mar\u00e7o, que a empresa iria cortar em 30% o sal\u00e1rio de diretores, conselheiros e de seu CEO, <a href=\"https:\/\/www.suno.com.br\/tudo-sobre\/alexandre-birman\/\">Alexandre Birman<\/a>. Al\u00e9m disso a empresa suspendeu as atividades fabris.<\/p>\n<p><a href=\"\/\/www.suno.com.br\/noticias\/arezzo-arzz3-anuncia-recompra-de-ate-44-milhoes-de-acoes\/\">Veja Tamb\u00e9m: Arezzo (ARZZ3) anuncia recompra de at\u00e9 4,4 milh\u00f5es de a\u00e7\u00f5es<\/a><\/p>\n<p>As medidas tomadas fazem parte do plano para ajudar no combate a dissemina\u00e7\u00e3o do <a href=\"https:\/\/www.youtube.com\/watch?v=-wINSkqb520\">Covid-19<\/a>.\u00a0A Arezzo j\u00e1 havia adotado o trabalho remoto h\u00e1 uma semana.<\/p>\n<p>A companhia tamb\u00e9m anunciou que criou um comit\u00ea de crise, formado por sua administra\u00e7\u00e3o, para definir as a\u00e7\u00f5es que seriam adotadas para ajudar no combate ao coronav\u00edrus. A empresa tamb\u00e9m suspendeu viagens, reuni\u00f5es e treinamentos presenciais como algumas de suas medidas para a preven\u00e7\u00e3o da dissemina\u00e7\u00e3o da doen\u00e7a.<\/p>\n<p>A <strong>Arezzo<\/strong> tamb\u00e9m comunicou que estava diminuindo as despesas da empresa nos Estados Unidos e no Brasil. Para gerar receita, em meio a esse momento at\u00edpico que estamos passando, a companhia informou que ir\u00e1 migrar as vendas f\u00edsicas para o com\u00e9rcio online e pensar\u00e1 em maneiras criativas para promover a\u00e7\u00f5es de vendas remotas.<\/p>\n\n","protected":false},"excerpt":{"rendered":"<p>A Arezzo (ARZZ3) comunicou ao mercado, na \u00faltima quinta-feira (23), que retomou as atividades de sua unidade localizada em Campo Bom (RS). Arezzo (ARZZ3) registra queda de 21,3% no lucro l\u00edquido do 3T20 Segundo a companhia de cal\u00e7ados, houve uma avalia\u00e7\u00e3o criteriosa de dados e ado\u00e7\u00e3o de uma s\u00e9rie de medidas, como uso de m\u00e1scaras [&hellip;]<\/p>\n","protected":false},"author":15,"featured_media":33316,"comment_status":"closed","ping_status":"closed","sticky":false,"template":"","format":"standard","meta":[],"categories":[64],"tags":[362,2487],"suno_strategy":[],"class_list":["post-62503","post","type-post","status-publish","format-standard","has-post-thumbnail","hentry","category-negocios","tag-arezzo-arzz3","tag-coronavirus"],"yoast_head":"<!-- This site is optimized with the Yoast SEO plugin v24.4 - https:\/\/yoast.com\/wordpress\/plugins\/seo\/ -->\n<title>Arezzo (ARZZ3) anuncia retomada de atividade da loja em Campo Bom<\/title>\n<meta name=\"description\" content=\"A Arezzo (ARZZ3) comunicou ao mercado que retomou as atividades de sua unidade localizada em Campo Bom (RS).\u00a0Clique aqui e saiba mais\" \/>\n<meta name=\"robots\" content=\"index, follow, max-snippet:-1, max-image-preview:large, max-video-preview:-1\" \/>\n<link rel=\"canonical\" href=\"https:\/\/www.suno.com.br\/noticias\/arezzo-arzz3-anuncia-retorna-retoma-atividade-loja\/\" \/>\n<meta property=\"og:locale\" content=\"pt_BR\" \/>\n<meta property=\"og:type\" content=\"article\" \/>\n<meta property=\"og:title\" content=\"Arezzo (ARZZ3) anuncia retomada de atividade da loja em Campo Bom\" \/>\n<meta property=\"og:description\" content=\"A Arezzo (ARZZ3) comunicou ao mercado que retomou as atividades de sua unidade localizada em Campo Bom (RS).\u00a0Clique aqui e saiba mais\" \/>\n<meta property=\"og:url\" content=\"https:\/\/www.suno.com.br\/noticias\/arezzo-arzz3-anuncia-retorna-retoma-atividade-loja\/\" \/>\n<meta property=\"og:site_name\" content=\"Suno Not\u00edcias\" \/>\n<meta property=\"article:publisher\" content=\"https:\/\/facebook.com\/sunoresearch\" \/>\n<meta property=\"og:image\" content=\"https:\/\/files.sunoresearch.com.br\/n\/uploads\/2019\/08\/9498f91e-arezzo_2_novarejo.jpg\" \/>\n\t<meta property=\"og:image:width\" content=\"615\" \/>\n\t<meta property=\"og:image:height\" content=\"422\" \/>\n\t<meta property=\"og:image:type\" content=\"image\/jpeg\" \/>\n<meta name=\"author\" content=\"Poliana Santos\" \/>\n<meta name=\"twitter:card\" content=\"summary_large_image\" \/>\n<meta name=\"twitter:creator\" content=\"@sunoresearch\" \/>\n<meta name=\"twitter:site\" content=\"@sunoresearch\" \/>\n<meta name=\"twitter:label1\" content=\"Escrito por\" \/>\n\t<meta name=\"twitter:data1\" content=\"Poliana Santos\" \/>\n\t<meta name=\"twitter:label2\" content=\"Est. tempo de leitura\" \/>\n\t<meta name=\"twitter:data2\" content=\"2 minutos\" \/>\n<script type=\"application\/ld+json\" class=\"yoast-schema-graph\">{\"@context\":\"https:\/\/schema.org\",\"@graph\":[{\"@type\":\"NewsArticle\",\"@id\":\"https:\/\/www.suno.com.br\/noticias\/arezzo-arzz3-anuncia-retorna-retoma-atividade-loja\/#article\",\"isPartOf\":{\"@id\":\"https:\/\/www.suno.com.br\/noticias\/arezzo-arzz3-anuncia-retorna-retoma-atividade-loja\/\"},\"author\":{\"name\":\"Poliana Santos\",\"@id\":\"https:\/\/www.suno.com.br\/noticias\/#\/schema\/person\/02ec1f752758247878a2bf4abee1aeda\"},\"headline\":\"Arezzo (ARZZ3) anuncia retomada de atividade da loja em Campo Bom\",\"datePublished\":\"2020-04-24T10:45:28+00:00\",\"mainEntityOfPage\":{\"@id\":\"https:\/\/www.suno.com.br\/noticias\/arezzo-arzz3-anuncia-retorna-retoma-atividade-loja\/\"},\"wordCount\":431,\"publisher\":{\"@id\":\"https:\/\/www.suno.com.br\/noticias\/#organization\"},\"image\":{\"@id\":\"https:\/\/www.suno.com.br\/noticias\/arezzo-arzz3-anuncia-retorna-retoma-atividade-loja\/#primaryimage\"},\"thumbnailUrl\":\"https:\/\/files.sunoresearch.com.br\/n\/uploads\/2019\/08\/9498f91e-arezzo_2_novarejo-jpg.webp\",\"keywords\":[\"Arezzo (ARZZ3)\",\"coronav\u00edrus\"],\"articleSection\":[\"Neg\u00f3cios\"],\"inLanguage\":\"pt-BR\"},{\"@type\":\"WebPage\",\"@id\":\"https:\/\/www.suno.com.br\/noticias\/arezzo-arzz3-anuncia-retorna-retoma-atividade-loja\/\",\"url\":\"https:\/\/www.suno.com.br\/noticias\/arezzo-arzz3-anuncia-retorna-retoma-atividade-loja\/\",\"name\":\"Arezzo (ARZZ3) anuncia retomada de atividade da loja em Campo Bom\",\"isPartOf\":{\"@id\":\"https:\/\/www.suno.com.br\/noticias\/#website\"},\"primaryImageOfPage\":{\"@id\":\"https:\/\/www.suno.com.br\/noticias\/arezzo-arzz3-anuncia-retorna-retoma-atividade-loja\/#primaryimage\"},\"image\":{\"@id\":\"https:\/\/www.suno.com.br\/noticias\/arezzo-arzz3-anuncia-retorna-retoma-atividade-loja\/#primaryimage\"},\"thumbnailUrl\":\"https:\/\/files.sunoresearch.com.br\/n\/uploads\/2019\/08\/9498f91e-arezzo_2_novarejo-jpg.webp\",\"datePublished\":\"2020-04-24T10:45:28+00:00\",\"description\":\"A Arezzo (ARZZ3) comunicou ao mercado que retomou as atividades de sua unidade localizada em Campo Bom (RS).\u00a0Clique aqui e saiba mais\",\"breadcrumb\":{\"@id\":\"https:\/\/www.suno.com.br\/noticias\/arezzo-arzz3-anuncia-retorna-retoma-atividade-loja\/#breadcrumb\"},\"inLanguage\":\"pt-BR\",\"potentialAction\":[{\"@type\":\"ReadAction\",\"target\":[\"https:\/\/www.suno.com.br\/noticias\/arezzo-arzz3-anuncia-retorna-retoma-atividade-loja\/\"]}]},{\"@type\":\"ImageObject\",\"inLanguage\":\"pt-BR\",\"@id\":\"https:\/\/www.suno.com.br\/noticias\/arezzo-arzz3-anuncia-retorna-retoma-atividade-loja\/#primaryimage\",\"url\":\"https:\/\/files.sunoresearch.com.br\/n\/uploads\/2019\/08\/9498f91e-arezzo_2_novarejo-jpg.webp\",\"contentUrl\":\"https:\/\/files.sunoresearch.com.br\/n\/uploads\/2019\/08\/9498f91e-arezzo_2_novarejo-jpg.webp\",\"width\":615,\"height\":422,\"caption\":\"Arezzo (ARZZ3) registra queda de 21,3% no lucro l\u00edquido do 3T20\"},{\"@type\":\"BreadcrumbList\",\"@id\":\"https:\/\/www.suno.com.br\/noticias\/arezzo-arzz3-anuncia-retorna-retoma-atividade-loja\/#breadcrumb\",\"itemListElement\":[{\"@type\":\"ListItem\",\"position\":1,\"name\":\"Not\u00edcias\",\"item\":\"https:\/\/www.suno.com.br\/noticias\/\"},{\"@type\":\"ListItem\",\"position\":2,\"name\":\"Neg\u00f3cios\",\"item\":\"https:\/\/www.suno.com.br\/noticias\/negocios\/\"},{\"@type\":\"ListItem\",\"position\":3,\"name\":\"Arezzo (ARZZ3) anuncia retomada de atividade da loja em Campo Bom\"}]},{\"@type\":\"WebSite\",\"@id\":\"https:\/\/www.suno.com.br\/noticias\/#website\",\"url\":\"https:\/\/www.suno.com.br\/noticias\/\",\"name\":\"Suno Not\u00edcias\",\"description\":\"Seu portal de informa\u00e7\u00e3o sobre o mundo dos investimentos\",\"publisher\":{\"@id\":\"https:\/\/www.suno.com.br\/noticias\/#organization\"},\"potentialAction\":[{\"@type\":\"SearchAction\",\"target\":{\"@type\":\"EntryPoint\",\"urlTemplate\":\"https:\/\/www.suno.com.br\/noticias\/?s={search_term_string}\"},\"query-input\":{\"@type\":\"PropertyValueSpecification\",\"valueRequired\":true,\"valueName\":\"search_term_string\"}}],\"inLanguage\":\"pt-BR\"},{\"@type\":\"Organization\",\"@id\":\"https:\/\/www.suno.com.br\/noticias\/#organization\",\"name\":\"Suno Not\u00edcias\",\"url\":\"https:\/\/www.suno.com.br\/noticias\/\",\"logo\":{\"@type\":\"ImageObject\",\"inLanguage\":\"pt-BR\",\"@id\":\"https:\/\/www.suno.com.br\/noticias\/#\/schema\/logo\/image\/\",\"url\":\"https:\/\/files.sunoresearch.com.br\/n\/uploads\/2021\/09\/suno-logo.png\",\"contentUrl\":\"https:\/\/files.sunoresearch.com.br\/n\/uploads\/2021\/09\/suno-logo.png\",\"width\":180,\"height\":180,\"caption\":\"Suno Not\u00edcias\"},\"image\":{\"@id\":\"https:\/\/www.suno.com.br\/noticias\/#\/schema\/logo\/image\/\"},\"sameAs\":[\"https:\/\/facebook.com\/sunoresearch\",\"https:\/\/x.com\/sunoresearch\",\"https:\/\/www.instagram.com\/suno\",\"https:\/\/www.linkedin.com\/company\/suno-research\/\",\"https:\/\/www.youtube.com\/c\/sunoresearch\"]},{\"@type\":\"Person\",\"@id\":\"https:\/\/www.suno.com.br\/noticias\/#\/schema\/person\/02ec1f752758247878a2bf4abee1aeda\",\"name\":\"Poliana Santos\",\"image\":{\"@type\":\"ImageObject\",\"inLanguage\":\"pt-BR\",\"@id\":\"https:\/\/www.suno.com.br\/noticias\/#\/schema\/person\/image\/\",\"url\":\"https:\/\/secure.gravatar.com\/avatar\/0645bd32f23d87b2130f2b2dff1d3f8d?s=96&r=g\",\"contentUrl\":\"https:\/\/secure.gravatar.com\/avatar\/0645bd32f23d87b2130f2b2dff1d3f8d?s=96&r=g\",\"caption\":\"Poliana Santos\"},\"description\":\"Rep\u00f3rter no Suno Not\u00edcias, com cobertura em mercado financeiro, economia, finan\u00e7as pessoais, renda fixa e varejo. Jornalista formada pela Faculdade C\u00e1sper L\u00edbero e possui passagem na R\u00e1dio Gazeta AM com a produ\u00e7\u00e3o de conte\u00fado sobre economia, pol\u00edtica, sa\u00fade, moda e m\u00fasica. Possui certificado de conclus\u00e3o do curso de An\u00e1lise de Balan\u00e7os pela Funda\u00e7\u00e3o Bradesco, Agenda Brasil pela FAAP, Educa\u00e7\u00e3o Pol\u00edtica por Alexandre Garcia e do Tesouro Direto e Mercado de A\u00e7\u00f5es pela B3.\",\"url\":\"https:\/\/www.suno.com.br\/noticias\/author\/poliana-santos\/\"}]}<\/script>\n<!-- \/ Yoast SEO plugin. -->","yoast_head_json":{"title":"Arezzo (ARZZ3) anuncia retomada de atividade da loja em Campo Bom","description":"A Arezzo (ARZZ3) comunicou ao mercado que retomou as atividades de sua unidade localizada em Campo Bom (RS).\u00a0Clique aqui e saiba mais","robots":{"index":"index","follow":"follow","max-snippet":"max-snippet:-1","max-image-preview":"max-image-preview:large","max-video-preview":"max-video-preview:-1"},"canonical":"https:\/\/www.suno.com.br\/noticias\/arezzo-arzz3-anuncia-retorna-retoma-atividade-loja\/","og_locale":"pt_BR","og_type":"article","og_title":"Arezzo (ARZZ3) anuncia retomada de atividade da loja em Campo Bom","og_description":"A Arezzo (ARZZ3) comunicou ao mercado que retomou as atividades de sua unidade localizada em Campo Bom (RS).\u00a0Clique aqui e saiba mais","og_url":"https:\/\/www.suno.com.br\/noticias\/arezzo-arzz3-anuncia-retorna-retoma-atividade-loja\/","og_site_name":"Suno Not\u00edcias","article_publisher":"https:\/\/facebook.com\/sunoresearch","og_image":[{"width":615,"height":422,"url":"https:\/\/files.sunoresearch.com.br\/n\/uploads\/2019\/08\/9498f91e-arezzo_2_novarejo.jpg","type":"image\/jpeg"}],"author":"Poliana Santos","twitter_card":"summary_large_image","twitter_creator":"@sunoresearch","twitter_site":"@sunoresearch","twitter_misc":{"Escrito por":"Poliana Santos","Est. tempo de leitura":"2 minutos"},"schema":{"@context":"https:\/\/schema.org","@graph":[{"@type":"NewsArticle","@id":"https:\/\/www.suno.com.br\/noticias\/arezzo-arzz3-anuncia-retorna-retoma-atividade-loja\/#article","isPartOf":{"@id":"https:\/\/www.suno.com.br\/noticias\/arezzo-arzz3-anuncia-retorna-retoma-atividade-loja\/"},"author":{"name":"Poliana Santos","@id":"https:\/\/www.suno.com.br\/noticias\/#\/schema\/person\/02ec1f752758247878a2bf4abee1aeda"},"headline":"Arezzo (ARZZ3) anuncia retomada de atividade da loja em Campo Bom","datePublished":"2020-04-24T10:45:28+00:00","mainEntityOfPage":{"@id":"https:\/\/www.suno.com.br\/noticias\/arezzo-arzz3-anuncia-retorna-retoma-atividade-loja\/"},"wordCount":431,"publisher":{"@id":"https:\/\/www.suno.com.br\/noticias\/#organization"},"image":{"@id":"https:\/\/www.suno.com.br\/noticias\/arezzo-arzz3-anuncia-retorna-retoma-atividade-loja\/#primaryimage"},"thumbnailUrl":"https:\/\/files.sunoresearch.com.br\/n\/uploads\/2019\/08\/9498f91e-arezzo_2_novarejo-jpg.webp","keywords":["Arezzo (ARZZ3)","coronav\u00edrus"],"articleSection":["Neg\u00f3cios"],"inLanguage":"pt-BR"},{"@type":"WebPage","@id":"https:\/\/www.suno.com.br\/noticias\/arezzo-arzz3-anuncia-retorna-retoma-atividade-loja\/","url":"https:\/\/www.suno.com.br\/noticias\/arezzo-arzz3-anuncia-retorna-retoma-atividade-loja\/","name":"Arezzo (ARZZ3) anuncia retomada de atividade da loja em Campo Bom","isPartOf":{"@id":"https:\/\/www.suno.com.br\/noticias\/#website"},"primaryImageOfPage":{"@id":"https:\/\/www.suno.com.br\/noticias\/arezzo-arzz3-anuncia-retorna-retoma-atividade-loja\/#primaryimage"},"image":{"@id":"https:\/\/www.suno.com.br\/noticias\/arezzo-arzz3-anuncia-retorna-retoma-atividade-loja\/#primaryimage"},"thumbnailUrl":"https:\/\/files.sunoresearch.com.br\/n\/uploads\/2019\/08\/9498f91e-arezzo_2_novarejo-jpg.webp","datePublished":"2020-04-24T10:45:28+00:00","description":"A Arezzo (ARZZ3) comunicou ao mercado que retomou as atividades de sua unidade localizada em Campo Bom (RS).\u00a0Clique aqui e saiba mais","breadcrumb":{"@id":"https:\/\/www.suno.com.br\/noticias\/arezzo-arzz3-anuncia-retorna-retoma-atividade-loja\/#breadcrumb"},"inLanguage":"pt-BR","potentialAction":[{"@type":"ReadAction","target":["https:\/\/www.suno.com.br\/noticias\/arezzo-arzz3-anuncia-retorna-retoma-atividade-loja\/"]}]},{"@type":"ImageObject","inLanguage":"pt-BR","@id":"https:\/\/www.suno.com.br\/noticias\/arezzo-arzz3-anuncia-retorna-retoma-atividade-loja\/#primaryimage","url":"https:\/\/files.sunoresearch.com.br\/n\/uploads\/2019\/08\/9498f91e-arezzo_2_novarejo-jpg.webp","contentUrl":"https:\/\/files.sunoresearch.com.br\/n\/uploads\/2019\/08\/9498f91e-arezzo_2_novarejo-jpg.webp","width":615,"height":422,"caption":"Arezzo (ARZZ3) registra queda de 21,3% no lucro l\u00edquido do 3T20"},{"@type":"BreadcrumbList","@id":"https:\/\/www.suno.com.br\/noticias\/arezzo-arzz3-anuncia-retorna-retoma-atividade-loja\/#breadcrumb","itemListElement":[{"@type":"ListItem","position":1,"name":"Not\u00edcias","item":"https:\/\/www.suno.com.br\/noticias\/"},{"@type":"ListItem","position":2,"name":"Neg\u00f3cios","item":"https:\/\/www.suno.com.br\/noticias\/negocios\/"},{"@type":"ListItem","position":3,"name":"Arezzo (ARZZ3) anuncia retomada de atividade da loja em Campo Bom"}]},{"@type":"WebSite","@id":"https:\/\/www.suno.com.br\/noticias\/#website","url":"https:\/\/www.suno.com.br\/noticias\/","name":"Suno Not\u00edcias","description":"Seu portal de informa\u00e7\u00e3o sobre o mundo dos investimentos","publisher":{"@id":"https:\/\/www.suno.com.br\/noticias\/#organization"},"potentialAction":[{"@type":"SearchAction","target":{"@type":"EntryPoint","urlTemplate":"https:\/\/www.suno.com.br\/noticias\/?s={search_term_string}"},"query-input":{"@type":"PropertyValueSpecification","valueRequired":true,"valueName":"search_term_string"}}],"inLanguage":"pt-BR"},{"@type":"Organization","@id":"https:\/\/www.suno.com.br\/noticias\/#organization","name":"Suno Not\u00edcias","url":"https:\/\/www.suno.com.br\/noticias\/","logo":{"@type":"ImageObject","inLanguage":"pt-BR","@id":"https:\/\/www.suno.com.br\/noticias\/#\/schema\/logo\/image\/","url":"https:\/\/files.sunoresearch.com.br\/n\/uploads\/2021\/09\/suno-logo.png","contentUrl":"https:\/\/files.sunoresearch.com.br\/n\/uploads\/2021\/09\/suno-logo.png","width":180,"height":180,"caption":"Suno Not\u00edcias"},"image":{"@id":"https:\/\/www.suno.com.br\/noticias\/#\/schema\/logo\/image\/"},"sameAs":["https:\/\/facebook.com\/sunoresearch","https:\/\/x.com\/sunoresearch","https:\/\/www.instagram.com\/suno","https:\/\/www.linkedin.com\/company\/suno-research\/","https:\/\/www.youtube.com\/c\/sunoresearch"]},{"@type":"Person","@id":"https:\/\/www.suno.com.br\/noticias\/#\/schema\/person\/02ec1f752758247878a2bf4abee1aeda","name":"Poliana Santos","image":{"@type":"ImageObject","inLanguage":"pt-BR","@id":"https:\/\/www.suno.com.br\/noticias\/#\/schema\/person\/image\/","url":"https:\/\/secure.gravatar.com\/avatar\/0645bd32f23d87b2130f2b2dff1d3f8d?s=96&r=g","contentUrl":"https:\/\/secure.gravatar.com\/avatar\/0645bd32f23d87b2130f2b2dff1d3f8d?s=96&r=g","caption":"Poliana Santos"},"description":"Rep\u00f3rter no Suno Not\u00edcias, com cobertura em mercado financeiro, economia, finan\u00e7as pessoais, renda fixa e varejo. Jornalista formada pela Faculdade C\u00e1sper L\u00edbero e possui passagem na R\u00e1dio Gazeta AM com a produ\u00e7\u00e3o de conte\u00fado sobre economia, pol\u00edtica, sa\u00fade, moda e m\u00fasica. Possui certificado de conclus\u00e3o do curso de An\u00e1lise de Balan\u00e7os pela Funda\u00e7\u00e3o Bradesco, Agenda Brasil pela FAAP, Educa\u00e7\u00e3o Pol\u00edtica por Alexandre Garcia e do Tesouro Direto e Mercado de A\u00e7\u00f5es pela B3.","url":"https:\/\/www.suno.com.br\/noticias\/author\/poliana-santos\/"}]}},"default_loop_html":"<div class=\"cardsPage__listCard__boxs\"><div class=\"cardsPage__listCard__boxs__img\"><a href=\"https:\/\/www.suno.com.br\/noticias\/arezzo-arzz3-anuncia-retorna-retoma-atividade-loja\/\"><img class=\"mask\" src=\"https:\/\/www.suno.com.br\/noticias\/wp-content\/themes\/suno\/resources\/images\/spotlight\/spotlight1img\/bg-mask.png\" alt=\"Image Mask\"\/><img src=\"https:\/\/files.sunoresearch.com.br\/n\/uploads\/2019\/08\/9498f91e-arezzo_2_novarejo-400x200.webp\" alt=\"Arezzo (ARZZ3) anuncia retomada de atividade da loja em Campo Bom\"\/><\/a><span class=\"spotlightCategory\"><a href=\"https:\/\/www.suno.com.br\/noticias\/negocios\/\">Neg\u00f3cios<\/a><\/span><\/div><div class=\"cardsPage__listCard__boxs__content\"><a href=\"https:\/\/www.suno.com.br\/noticias\/arezzo-arzz3-anuncia-retorna-retoma-atividade-loja\/\"><h2 class=\"content__title\">Arezzo (ARZZ3) anuncia retomada de atividade da loja em Campo Bom<\/h2><\/a><div class=\"newsContent__article__meta\"><div class=\"newsContent__article__meta__authorBox\"><a href=\"https:\/\/www.suno.com.br\/noticias\/author\/poliana-santos\/\" class=\"authorBox__avatar noMobi\"><img src=\"https:\/\/files.sunoresearch.com.br\/n\/uploads\/2020\/08\/7ef34026-whatsapp-image-2020-08-03-at-12.37.57-150x150.webp\" alt=\"Poliana Santos\"><\/a><div class=\"authorBox__name\"><span>por\n\t\t\t<a href=\"https:\/\/www.suno.com.br\/noticias\/author\/poliana-santos\/\"><span itemprop=\"author\">Poliana Santos<\/span><\/a><\/span><time datetime=\"2020-04-24T07:45:28-03:00\" itemprop=\"datePublished\">24\/04\/2020 07:45<\/time><\/div><\/div><\/div><\/div><\/div>","single_layout":"posts","amp_enabled":true,"_links":{"self":[{"href":"https:\/\/www.suno.com.br\/noticias\/wp-json\/wp\/v2\/posts\/62503"}],"collection":[{"href":"https:\/\/www.suno.com.br\/noticias\/wp-json\/wp\/v2\/posts"}],"about":[{"href":"https:\/\/www.suno.com.br\/noticias\/wp-json\/wp\/v2\/types\/post"}],"author":[{"embeddable":true,"href":"https:\/\/www.suno.com.br\/noticias\/wp-json\/wp\/v2\/users\/15"}],"replies":[{"embeddable":true,"href":"https:\/\/www.suno.com.br\/noticias\/wp-json\/wp\/v2\/comments?post=62503"}],"version-history":[{"count":0,"href":"https:\/\/www.suno.com.br\/noticias\/wp-json\/wp\/v2\/posts\/62503\/revisions"}],"wp:featuredmedia":[{"embeddable":true,"href":"https:\/\/www.suno.com.br\/noticias\/wp-json\/wp\/v2\/media\/33316"}],"wp:attachment":[{"href":"https:\/\/www.suno.com.br\/noticias\/wp-json\/wp\/v2\/media?parent=62503"}],"wp:term":[{"taxonomy":"category","embeddable":true,"href":"https:\/\/www.suno.com.br\/noticias\/wp-json\/wp\/v2\/categories?post=62503"},{"taxonomy":"post_tag","embeddable":true,"href":"https:\/\/www.suno.com.br\/noticias\/wp-json\/wp\/v2\/tags?post=62503"},{"taxonomy":"suno_strategy","embeddable":true,"href":"https:\/\/www.suno.com.br\/noticias\/wp-json\/wp\/v2\/suno_strategy?post=62503"}],"curies":[{"name":"wp","href":"https:\/\/api.w.org\/{rel}","templated":true}]}}