{"id":62490,"date":"2020-04-23T20:46:07","date_gmt":"2020-04-23T23:46:07","guid":{"rendered":"https:\/\/www.suno.com.br\/noticias\/?p=62490"},"modified":"2020-04-23T20:46:07","modified_gmt":"2020-04-23T23:46:07","slug":"grendene-retomada-parcial-fabricas","status":"publish","type":"post","link":"https:\/\/www.suno.com.br\/noticias\/grendene-retomada-parcial-fabricas\/","title":{"rendered":"Grendene (GRND3) anuncia retomada parcial da produ\u00e7\u00e3o"},"content":{"rendered":"<p>A <a href=\"https:\/\/www.suno.com.br\/acoes\/grnd3\/\"><strong>Grendene (GRND3)<\/strong><\/a> informou nesta quinta-feira (22) que ir\u00e1 retomar parcialmente as atividades nas f\u00e1bricas de Crato e Sobral, no estado do Cear\u00e1, a partir do dia 27 de abril.<\/p>\t<div class=\"wrapper-featured-image\">\n\t\t<figure class=\"spotlightImg\">\n\n\t\t\t<picture>\n\t\t\t\t<source media=\"(max-width: 768px)\" srcset=\"https:\/\/files.sunoresearch.com.br\/n\/uploads\/2019\/08\/7e86476d-grendene-400x200.webp\">\n\t\t\t\t<img loading=\"lazy\" decoding=\"async\" class=\"newsContent__article__imgCapa lazyloadDisabled newsContent__article__imgCapa--noCaption\" src=\"https:\/\/files.sunoresearch.com.br\/n\/uploads\/2019\/08\/7e86476d-grendene.jpg\" width=\"800\" height=\"450\" alt=\"Grendene (GRND3) anuncia retomada parcial da produ\u00e7\u00e3o\" fetchpriority=high \/>\n\t\t\t<\/picture>\n\n\t\t\t<figcaption class=\"wp-caption-text wp-caption-text--hide\">Grendene (GRND3) anuncia retomada parcial de f\u00e1bricas<\/figcaption>\n\t\t<\/figure>\n\t<\/div>\n\n\n\n<p>A empresa do setor cal\u00e7adista havia anunciado f\u00e9rias coletivas de 21 dias para todas as opera\u00e7\u00f5es, a partir do dia 23 de mar\u00e7o. No dia 9 de abril, a companhia comunicou que manteria as duas f\u00e1bricas fechadas at\u00e9 o dia 26 de abril.<\/p>\n<p><a href=\"https:\/\/lp.suno.com.br\/suno-one\/\">Veja tamb\u00e9m: <span data-sheets-value=\"{&quot;1&quot;:2,&quot;2&quot;:&quot;Suno One: O primeiro passo para alcan\u00e7ar a sua independ\u00eancia financeira&quot;}\" data-sheets-userformat=\"{&quot;2&quot;:513,&quot;3&quot;:{&quot;1&quot;:0},&quot;12&quot;:0}\">Suno One: O primeiro passo para alcan\u00e7ar a sua independ\u00eancia financeira<\/span><\/a><\/p>\n<p>Al\u00e9m disso, as atividades da planta em Farroupilha, no Rio Grande do Sul, foi retomada no dia 14 de abril. De acordo com a Grendene, o retorno das opera\u00e7\u00f5es ser\u00e1 parcial, com redu\u00e7\u00e3o da jornada de 70%, assim como os sal\u00e1rios.<\/p>\n<p>Dessa forma, conforme acordo com o Sindicato dos Empregados de Sobral e Crato, o in\u00edcio das atividades se dar\u00e1 em duas etapas. Em um primeiro momento, no per\u00edodo de 27 de abril at\u00e9 5 de maio, estar\u00e3o dispensados os funcion\u00e1rios que tenham cr\u00e9dito no banco de horas. Na sequ\u00eancia, a partir de 6 de maio, as opera\u00e7\u00f5es ser\u00e3o retomadas de maneira parcial, com uma redu\u00e7\u00e3o de 70%<\/p>\n<h2>Grendene concede f\u00e9rias coletivas<\/h2>\n<p>A Grendene decidiu dar f\u00e9rias coletivas aos seus funcion\u00e1rios de todas unidades no Pa\u00eds. A medida foi tomada para prevenir a dissemina\u00e7\u00e3o do <strong>coronav\u00edrus<\/strong> em suas instala\u00e7\u00f5es e anunciada no final de mar\u00e7o. A doen\u00e7a se tornou uma pandemia e o n\u00famero de casos cresce em larga escala a cada dia no Brasil.<\/p>\n<p><a href=\"https:\/\/www.suno.com.br\/noticias\/grendene-concede-ferias-coletivas-causa-pandemia-coronavirus\/\">Saiba mais: Grendene concede f\u00e9rias coletivas por causa da pandemia de coronav\u00edrus<\/a><\/p>\n<p>A companhia do setor de cal\u00e7ados informou que todas as atividades relacionadas as suas fabricas e tamb\u00e9m as administrativas ser\u00e3o paralisadas pelo per\u00edodo de 21 dias, come\u00e7ando na 23 de mar\u00e7o.<\/p>\n<p><a href=\"https:\/\/www.suno.com.br\/noticias\/grendene-registra-queda-lucro-liquido-2019\/\">Saiba mais: Grendene registra queda de 15,5% em lucro l\u00edquido em 2019<\/a><\/p>\n<p>A <strong>Grendene <\/strong>diz que n\u00e3o \u00e9 poss\u00edvel prever o impacto financeiro que a empresa sofrer\u00e1 por conta do covid-19.<\/p>\n\n","protected":false},"excerpt":{"rendered":"<p>A Grendene (GRND3) informou nesta quinta-feira (22) que ir\u00e1 retomar parcialmente as atividades nas f\u00e1bricas de Crato e Sobral, no estado do Cear\u00e1, a partir do dia 27 de abril. Grendene (GRND3) anuncia retomada parcial de f\u00e1bricas A empresa do setor cal\u00e7adista havia anunciado f\u00e9rias coletivas de 21 dias para todas as opera\u00e7\u00f5es, a partir [&hellip;]<\/p>\n","protected":false},"author":35,"featured_media":32914,"comment_status":"closed","ping_status":"closed","sticky":false,"template":"","format":"standard","meta":[],"categories":[64],"tags":[493],"suno_strategy":[],"class_list":["post-62490","post","type-post","status-publish","format-standard","has-post-thumbnail","hentry","category-negocios","tag-grendene-grnd3"],"yoast_head":"<!-- This site is optimized with the Yoast SEO plugin v24.4 - https:\/\/yoast.com\/wordpress\/plugins\/seo\/ -->\n<title>Grendene (GRND3) anuncia retomada parcial da produ\u00e7\u00e3o<\/title>\n<meta name=\"description\" content=\"A Grendene (GRND3) retomar\u00e1 parcialmente as atividades nas f\u00e1bricas de Crato e Sobral, a partir de 27 de abril. Clique para saber mais\" \/>\n<meta name=\"robots\" content=\"index, follow, max-snippet:-1, max-image-preview:large, max-video-preview:-1\" \/>\n<link rel=\"canonical\" href=\"https:\/\/www.suno.com.br\/noticias\/grendene-retomada-parcial-fabricas\/\" \/>\n<meta property=\"og:locale\" content=\"pt_BR\" \/>\n<meta property=\"og:type\" content=\"article\" \/>\n<meta property=\"og:title\" content=\"Grendene (GRND3) anuncia retomada parcial da produ\u00e7\u00e3o\" \/>\n<meta property=\"og:description\" content=\"A Grendene (GRND3) retomar\u00e1 parcialmente as atividades nas f\u00e1bricas de Crato e Sobral, a partir de 27 de abril. Clique para saber mais\" \/>\n<meta property=\"og:url\" content=\"https:\/\/www.suno.com.br\/noticias\/grendene-retomada-parcial-fabricas\/\" \/>\n<meta property=\"og:site_name\" content=\"Suno Not\u00edcias\" \/>\n<meta property=\"article:publisher\" content=\"https:\/\/facebook.com\/sunoresearch\" \/>\n<meta property=\"og:image\" content=\"https:\/\/files.sunoresearch.com.br\/n\/uploads\/2019\/08\/7e86476d-grendene.jpg\" \/>\n\t<meta property=\"og:image:width\" content=\"690\" \/>\n\t<meta property=\"og:image:height\" content=\"384\" \/>\n\t<meta property=\"og:image:type\" content=\"image\/jpeg\" \/>\n<meta name=\"author\" content=\"Arthur Guimar\u00e3es\" \/>\n<meta name=\"twitter:card\" content=\"summary_large_image\" \/>\n<meta name=\"twitter:creator\" content=\"@sunoresearch\" \/>\n<meta name=\"twitter:site\" content=\"@sunoresearch\" \/>\n<meta name=\"twitter:label1\" content=\"Escrito por\" \/>\n\t<meta name=\"twitter:data1\" content=\"Arthur Guimar\u00e3es\" \/>\n\t<meta name=\"twitter:label2\" content=\"Est. tempo de leitura\" \/>\n\t<meta name=\"twitter:data2\" content=\"2 minutos\" \/>\n<script type=\"application\/ld+json\" class=\"yoast-schema-graph\">{\"@context\":\"https:\/\/schema.org\",\"@graph\":[{\"@type\":\"NewsArticle\",\"@id\":\"https:\/\/www.suno.com.br\/noticias\/grendene-retomada-parcial-fabricas\/#article\",\"isPartOf\":{\"@id\":\"https:\/\/www.suno.com.br\/noticias\/grendene-retomada-parcial-fabricas\/\"},\"author\":{\"name\":\"Arthur Guimar\u00e3es\",\"@id\":\"https:\/\/www.suno.com.br\/noticias\/#\/schema\/person\/053a750a709a263919a20f976caae91c\"},\"headline\":\"Grendene (GRND3) anuncia retomada parcial da produ\u00e7\u00e3o\",\"datePublished\":\"2020-04-23T23:46:07+00:00\",\"mainEntityOfPage\":{\"@id\":\"https:\/\/www.suno.com.br\/noticias\/grendene-retomada-parcial-fabricas\/\"},\"wordCount\":367,\"publisher\":{\"@id\":\"https:\/\/www.suno.com.br\/noticias\/#organization\"},\"image\":{\"@id\":\"https:\/\/www.suno.com.br\/noticias\/grendene-retomada-parcial-fabricas\/#primaryimage\"},\"thumbnailUrl\":\"https:\/\/files.sunoresearch.com.br\/n\/uploads\/2019\/08\/7e86476d-grendene.jpg\",\"keywords\":[\"Grendene (GRND3)\"],\"articleSection\":[\"Neg\u00f3cios\"],\"inLanguage\":\"pt-BR\"},{\"@type\":\"WebPage\",\"@id\":\"https:\/\/www.suno.com.br\/noticias\/grendene-retomada-parcial-fabricas\/\",\"url\":\"https:\/\/www.suno.com.br\/noticias\/grendene-retomada-parcial-fabricas\/\",\"name\":\"Grendene (GRND3) anuncia retomada parcial da produ\u00e7\u00e3o\",\"isPartOf\":{\"@id\":\"https:\/\/www.suno.com.br\/noticias\/#website\"},\"primaryImageOfPage\":{\"@id\":\"https:\/\/www.suno.com.br\/noticias\/grendene-retomada-parcial-fabricas\/#primaryimage\"},\"image\":{\"@id\":\"https:\/\/www.suno.com.br\/noticias\/grendene-retomada-parcial-fabricas\/#primaryimage\"},\"thumbnailUrl\":\"https:\/\/files.sunoresearch.com.br\/n\/uploads\/2019\/08\/7e86476d-grendene.jpg\",\"datePublished\":\"2020-04-23T23:46:07+00:00\",\"description\":\"A Grendene (GRND3) retomar\u00e1 parcialmente as atividades nas f\u00e1bricas de Crato e Sobral, a partir de 27 de abril. Clique para saber mais\",\"breadcrumb\":{\"@id\":\"https:\/\/www.suno.com.br\/noticias\/grendene-retomada-parcial-fabricas\/#breadcrumb\"},\"inLanguage\":\"pt-BR\",\"potentialAction\":[{\"@type\":\"ReadAction\",\"target\":[\"https:\/\/www.suno.com.br\/noticias\/grendene-retomada-parcial-fabricas\/\"]}]},{\"@type\":\"ImageObject\",\"inLanguage\":\"pt-BR\",\"@id\":\"https:\/\/www.suno.com.br\/noticias\/grendene-retomada-parcial-fabricas\/#primaryimage\",\"url\":\"https:\/\/files.sunoresearch.com.br\/n\/uploads\/2019\/08\/7e86476d-grendene.jpg\",\"contentUrl\":\"https:\/\/files.sunoresearch.com.br\/n\/uploads\/2019\/08\/7e86476d-grendene.jpg\",\"width\":690,\"height\":384,\"caption\":\"Grendene (GRND3) anuncia retomada parcial de f\u00e1bricas\"},{\"@type\":\"BreadcrumbList\",\"@id\":\"https:\/\/www.suno.com.br\/noticias\/grendene-retomada-parcial-fabricas\/#breadcrumb\",\"itemListElement\":[{\"@type\":\"ListItem\",\"position\":1,\"name\":\"Not\u00edcias\",\"item\":\"https:\/\/www.suno.com.br\/noticias\/\"},{\"@type\":\"ListItem\",\"position\":2,\"name\":\"Neg\u00f3cios\",\"item\":\"https:\/\/www.suno.com.br\/noticias\/negocios\/\"},{\"@type\":\"ListItem\",\"position\":3,\"name\":\"Grendene (GRND3) anuncia retomada parcial da produ\u00e7\u00e3o\"}]},{\"@type\":\"WebSite\",\"@id\":\"https:\/\/www.suno.com.br\/noticias\/#website\",\"url\":\"https:\/\/www.suno.com.br\/noticias\/\",\"name\":\"Suno Not\u00edcias\",\"description\":\"Seu portal de informa\u00e7\u00e3o sobre o mundo dos investimentos\",\"publisher\":{\"@id\":\"https:\/\/www.suno.com.br\/noticias\/#organization\"},\"potentialAction\":[{\"@type\":\"SearchAction\",\"target\":{\"@type\":\"EntryPoint\",\"urlTemplate\":\"https:\/\/www.suno.com.br\/noticias\/?s={search_term_string}\"},\"query-input\":{\"@type\":\"PropertyValueSpecification\",\"valueRequired\":true,\"valueName\":\"search_term_string\"}}],\"inLanguage\":\"pt-BR\"},{\"@type\":\"Organization\",\"@id\":\"https:\/\/www.suno.com.br\/noticias\/#organization\",\"name\":\"Suno Not\u00edcias\",\"url\":\"https:\/\/www.suno.com.br\/noticias\/\",\"logo\":{\"@type\":\"ImageObject\",\"inLanguage\":\"pt-BR\",\"@id\":\"https:\/\/www.suno.com.br\/noticias\/#\/schema\/logo\/image\/\",\"url\":\"https:\/\/files.sunoresearch.com.br\/n\/uploads\/2021\/09\/suno-logo.png\",\"contentUrl\":\"https:\/\/files.sunoresearch.com.br\/n\/uploads\/2021\/09\/suno-logo.png\",\"width\":180,\"height\":180,\"caption\":\"Suno Not\u00edcias\"},\"image\":{\"@id\":\"https:\/\/www.suno.com.br\/noticias\/#\/schema\/logo\/image\/\"},\"sameAs\":[\"https:\/\/facebook.com\/sunoresearch\",\"https:\/\/x.com\/sunoresearch\",\"https:\/\/www.instagram.com\/suno\",\"https:\/\/www.linkedin.com\/company\/suno-research\/\",\"https:\/\/www.youtube.com\/c\/sunoresearch\"]},{\"@type\":\"Person\",\"@id\":\"https:\/\/www.suno.com.br\/noticias\/#\/schema\/person\/053a750a709a263919a20f976caae91c\",\"name\":\"Arthur Guimar\u00e3es\",\"image\":{\"@type\":\"ImageObject\",\"inLanguage\":\"pt-BR\",\"@id\":\"https:\/\/www.suno.com.br\/noticias\/#\/schema\/person\/image\/\",\"url\":\"https:\/\/secure.gravatar.com\/avatar\/1affd86a11209ae09eb6dd3bcad3e96c?s=96&r=g\",\"contentUrl\":\"https:\/\/secure.gravatar.com\/avatar\/1affd86a11209ae09eb6dd3bcad3e96c?s=96&r=g\",\"caption\":\"Arthur Guimar\u00e3es\"},\"description\":\"Arthur Guimar\u00e3es escreve sobre pol\u00edtica, economia e neg\u00f3cios para o portal de not\u00edcias da Suno Research. Atualmente, \u00e9 estudante de jornalismo pela Faculdade C\u00e1sper L\u00edbero.\",\"url\":\"https:\/\/www.suno.com.br\/noticias\/author\/arthur-guimaraes\/\"}]}<\/script>\n<!-- \/ Yoast SEO plugin. -->","yoast_head_json":{"title":"Grendene (GRND3) anuncia retomada parcial da produ\u00e7\u00e3o","description":"A Grendene (GRND3) retomar\u00e1 parcialmente as atividades nas f\u00e1bricas de Crato e Sobral, a partir de 27 de abril. Clique para saber mais","robots":{"index":"index","follow":"follow","max-snippet":"max-snippet:-1","max-image-preview":"max-image-preview:large","max-video-preview":"max-video-preview:-1"},"canonical":"https:\/\/www.suno.com.br\/noticias\/grendene-retomada-parcial-fabricas\/","og_locale":"pt_BR","og_type":"article","og_title":"Grendene (GRND3) anuncia retomada parcial da produ\u00e7\u00e3o","og_description":"A Grendene (GRND3) retomar\u00e1 parcialmente as atividades nas f\u00e1bricas de Crato e Sobral, a partir de 27 de abril. Clique para saber mais","og_url":"https:\/\/www.suno.com.br\/noticias\/grendene-retomada-parcial-fabricas\/","og_site_name":"Suno Not\u00edcias","article_publisher":"https:\/\/facebook.com\/sunoresearch","og_image":[{"width":690,"height":384,"url":"https:\/\/files.sunoresearch.com.br\/n\/uploads\/2019\/08\/7e86476d-grendene.jpg","type":"image\/jpeg"}],"author":"Arthur Guimar\u00e3es","twitter_card":"summary_large_image","twitter_creator":"@sunoresearch","twitter_site":"@sunoresearch","twitter_misc":{"Escrito por":"Arthur Guimar\u00e3es","Est. tempo de leitura":"2 minutos"},"schema":{"@context":"https:\/\/schema.org","@graph":[{"@type":"NewsArticle","@id":"https:\/\/www.suno.com.br\/noticias\/grendene-retomada-parcial-fabricas\/#article","isPartOf":{"@id":"https:\/\/www.suno.com.br\/noticias\/grendene-retomada-parcial-fabricas\/"},"author":{"name":"Arthur Guimar\u00e3es","@id":"https:\/\/www.suno.com.br\/noticias\/#\/schema\/person\/053a750a709a263919a20f976caae91c"},"headline":"Grendene (GRND3) anuncia retomada parcial da produ\u00e7\u00e3o","datePublished":"2020-04-23T23:46:07+00:00","mainEntityOfPage":{"@id":"https:\/\/www.suno.com.br\/noticias\/grendene-retomada-parcial-fabricas\/"},"wordCount":367,"publisher":{"@id":"https:\/\/www.suno.com.br\/noticias\/#organization"},"image":{"@id":"https:\/\/www.suno.com.br\/noticias\/grendene-retomada-parcial-fabricas\/#primaryimage"},"thumbnailUrl":"https:\/\/files.sunoresearch.com.br\/n\/uploads\/2019\/08\/7e86476d-grendene.jpg","keywords":["Grendene (GRND3)"],"articleSection":["Neg\u00f3cios"],"inLanguage":"pt-BR"},{"@type":"WebPage","@id":"https:\/\/www.suno.com.br\/noticias\/grendene-retomada-parcial-fabricas\/","url":"https:\/\/www.suno.com.br\/noticias\/grendene-retomada-parcial-fabricas\/","name":"Grendene (GRND3) anuncia retomada parcial da produ\u00e7\u00e3o","isPartOf":{"@id":"https:\/\/www.suno.com.br\/noticias\/#website"},"primaryImageOfPage":{"@id":"https:\/\/www.suno.com.br\/noticias\/grendene-retomada-parcial-fabricas\/#primaryimage"},"image":{"@id":"https:\/\/www.suno.com.br\/noticias\/grendene-retomada-parcial-fabricas\/#primaryimage"},"thumbnailUrl":"https:\/\/files.sunoresearch.com.br\/n\/uploads\/2019\/08\/7e86476d-grendene.jpg","datePublished":"2020-04-23T23:46:07+00:00","description":"A Grendene (GRND3) retomar\u00e1 parcialmente as atividades nas f\u00e1bricas de Crato e Sobral, a partir de 27 de abril. Clique para saber mais","breadcrumb":{"@id":"https:\/\/www.suno.com.br\/noticias\/grendene-retomada-parcial-fabricas\/#breadcrumb"},"inLanguage":"pt-BR","potentialAction":[{"@type":"ReadAction","target":["https:\/\/www.suno.com.br\/noticias\/grendene-retomada-parcial-fabricas\/"]}]},{"@type":"ImageObject","inLanguage":"pt-BR","@id":"https:\/\/www.suno.com.br\/noticias\/grendene-retomada-parcial-fabricas\/#primaryimage","url":"https:\/\/files.sunoresearch.com.br\/n\/uploads\/2019\/08\/7e86476d-grendene.jpg","contentUrl":"https:\/\/files.sunoresearch.com.br\/n\/uploads\/2019\/08\/7e86476d-grendene.jpg","width":690,"height":384,"caption":"Grendene (GRND3) anuncia retomada parcial de f\u00e1bricas"},{"@type":"BreadcrumbList","@id":"https:\/\/www.suno.com.br\/noticias\/grendene-retomada-parcial-fabricas\/#breadcrumb","itemListElement":[{"@type":"ListItem","position":1,"name":"Not\u00edcias","item":"https:\/\/www.suno.com.br\/noticias\/"},{"@type":"ListItem","position":2,"name":"Neg\u00f3cios","item":"https:\/\/www.suno.com.br\/noticias\/negocios\/"},{"@type":"ListItem","position":3,"name":"Grendene (GRND3) anuncia retomada parcial da produ\u00e7\u00e3o"}]},{"@type":"WebSite","@id":"https:\/\/www.suno.com.br\/noticias\/#website","url":"https:\/\/www.suno.com.br\/noticias\/","name":"Suno Not\u00edcias","description":"Seu portal de informa\u00e7\u00e3o sobre o mundo dos investimentos","publisher":{"@id":"https:\/\/www.suno.com.br\/noticias\/#organization"},"potentialAction":[{"@type":"SearchAction","target":{"@type":"EntryPoint","urlTemplate":"https:\/\/www.suno.com.br\/noticias\/?s={search_term_string}"},"query-input":{"@type":"PropertyValueSpecification","valueRequired":true,"valueName":"search_term_string"}}],"inLanguage":"pt-BR"},{"@type":"Organization","@id":"https:\/\/www.suno.com.br\/noticias\/#organization","name":"Suno Not\u00edcias","url":"https:\/\/www.suno.com.br\/noticias\/","logo":{"@type":"ImageObject","inLanguage":"pt-BR","@id":"https:\/\/www.suno.com.br\/noticias\/#\/schema\/logo\/image\/","url":"https:\/\/files.sunoresearch.com.br\/n\/uploads\/2021\/09\/suno-logo.png","contentUrl":"https:\/\/files.sunoresearch.com.br\/n\/uploads\/2021\/09\/suno-logo.png","width":180,"height":180,"caption":"Suno Not\u00edcias"},"image":{"@id":"https:\/\/www.suno.com.br\/noticias\/#\/schema\/logo\/image\/"},"sameAs":["https:\/\/facebook.com\/sunoresearch","https:\/\/x.com\/sunoresearch","https:\/\/www.instagram.com\/suno","https:\/\/www.linkedin.com\/company\/suno-research\/","https:\/\/www.youtube.com\/c\/sunoresearch"]},{"@type":"Person","@id":"https:\/\/www.suno.com.br\/noticias\/#\/schema\/person\/053a750a709a263919a20f976caae91c","name":"Arthur Guimar\u00e3es","image":{"@type":"ImageObject","inLanguage":"pt-BR","@id":"https:\/\/www.suno.com.br\/noticias\/#\/schema\/person\/image\/","url":"https:\/\/secure.gravatar.com\/avatar\/1affd86a11209ae09eb6dd3bcad3e96c?s=96&r=g","contentUrl":"https:\/\/secure.gravatar.com\/avatar\/1affd86a11209ae09eb6dd3bcad3e96c?s=96&r=g","caption":"Arthur Guimar\u00e3es"},"description":"Arthur Guimar\u00e3es escreve sobre pol\u00edtica, economia e neg\u00f3cios para o portal de not\u00edcias da Suno Research. Atualmente, \u00e9 estudante de jornalismo pela Faculdade C\u00e1sper L\u00edbero.","url":"https:\/\/www.suno.com.br\/noticias\/author\/arthur-guimaraes\/"}]}},"default_loop_html":"<div class=\"cardsPage__listCard__boxs\"><div class=\"cardsPage__listCard__boxs__img\"><a href=\"https:\/\/www.suno.com.br\/noticias\/grendene-retomada-parcial-fabricas\/\"><img class=\"mask\" src=\"https:\/\/www.suno.com.br\/noticias\/wp-content\/themes\/suno\/resources\/images\/spotlight\/spotlight1img\/bg-mask.png\" alt=\"Image Mask\"\/><img src=\"https:\/\/files.sunoresearch.com.br\/n\/uploads\/2019\/08\/7e86476d-grendene-400x200.webp\" alt=\"Grendene (GRND3) anuncia retomada parcial da produ\u00e7\u00e3o\"\/><\/a><span class=\"spotlightCategory\"><a href=\"https:\/\/www.suno.com.br\/noticias\/negocios\/\">Neg\u00f3cios<\/a><\/span><\/div><div class=\"cardsPage__listCard__boxs__content\"><a href=\"https:\/\/www.suno.com.br\/noticias\/grendene-retomada-parcial-fabricas\/\"><h2 class=\"content__title\">Grendene (GRND3) anuncia retomada parcial da produ\u00e7\u00e3o<\/h2><\/a><div class=\"newsContent__article__meta\"><div class=\"newsContent__article__meta__authorBox\"><a href=\"https:\/\/www.suno.com.br\/noticias\/author\/arthur-guimaraes\/\" class=\"authorBox__avatar noMobi\"><img src=\"https:\/\/files.sunoresearch.com.br\/n\/uploads\/2020\/02\/dfb40897-eu-150x150.webp\" alt=\"Arthur Guimar\u00e3es\"><\/a><div class=\"authorBox__name\"><span>por\n\t\t\t<a href=\"https:\/\/www.suno.com.br\/noticias\/author\/arthur-guimaraes\/\"><span itemprop=\"author\">Arthur Guimar\u00e3es<\/span><\/a><\/span><time datetime=\"2020-04-23T20:46:07-03:00\" itemprop=\"datePublished\">23\/04\/2020 20:46<\/time><\/div><\/div><\/div><\/div><\/div>","single_layout":"posts","amp_enabled":true,"_links":{"self":[{"href":"https:\/\/www.suno.com.br\/noticias\/wp-json\/wp\/v2\/posts\/62490"}],"collection":[{"href":"https:\/\/www.suno.com.br\/noticias\/wp-json\/wp\/v2\/posts"}],"about":[{"href":"https:\/\/www.suno.com.br\/noticias\/wp-json\/wp\/v2\/types\/post"}],"author":[{"embeddable":true,"href":"https:\/\/www.suno.com.br\/noticias\/wp-json\/wp\/v2\/users\/35"}],"replies":[{"embeddable":true,"href":"https:\/\/www.suno.com.br\/noticias\/wp-json\/wp\/v2\/comments?post=62490"}],"version-history":[{"count":0,"href":"https:\/\/www.suno.com.br\/noticias\/wp-json\/wp\/v2\/posts\/62490\/revisions"}],"wp:featuredmedia":[{"embeddable":true,"href":"https:\/\/www.suno.com.br\/noticias\/wp-json\/wp\/v2\/media\/32914"}],"wp:attachment":[{"href":"https:\/\/www.suno.com.br\/noticias\/wp-json\/wp\/v2\/media?parent=62490"}],"wp:term":[{"taxonomy":"category","embeddable":true,"href":"https:\/\/www.suno.com.br\/noticias\/wp-json\/wp\/v2\/categories?post=62490"},{"taxonomy":"post_tag","embeddable":true,"href":"https:\/\/www.suno.com.br\/noticias\/wp-json\/wp\/v2\/tags?post=62490"},{"taxonomy":"suno_strategy","embeddable":true,"href":"https:\/\/www.suno.com.br\/noticias\/wp-json\/wp\/v2\/suno_strategy?post=62490"}],"curies":[{"name":"wp","href":"https:\/\/api.w.org\/{rel}","templated":true}]}}