{"id":624441,"date":"2025-09-15T14:00:12","date_gmt":"2025-09-15T17:00:12","guid":{"rendered":"https:\/\/www.suno.com.br\/noticias\/?p=624441"},"modified":"2025-09-15T14:07:37","modified_gmt":"2025-09-15T17:07:37","slug":"cafe-especial-despenca-eua-tarifaco-trump-mtae","status":"publish","type":"post","link":"https:\/\/www.suno.com.br\/noticias\/cafe-especial-despenca-eua-tarifaco-trump-mtae\/","title":{"rendered":"Exporta\u00e7\u00e3o de caf\u00e9s especiais do Brasil aos EUA despenca com tarifa\u00e7o"},"content":{"rendered":"<p>A exporta\u00e7\u00e3o brasileira de <strong>caf\u00e9<\/strong> especial aos Estados Unidos despencou no m\u00eas de agosto, ap\u00f3s a entrada em vig\u00eancia do tarifa\u00e7o de 50% imposto pelo governo norte-americano de <a class=\"suno-keyword\" data-force=\"no\" data-priority=\"2\" href=\"https:\/\/www.suno.com.br\/tudo-sobre\/donald-trump\/\" target=\"_blank\" rel=\"noopener\">Donald Trump<\/a> sobre o produto a ser exportado aos EUA. O Brasil remeteu no m\u00eas passado 21.679 sacas de 60 kg desses caf\u00e9s diferenciados aos norte-americanos, representando queda de 79,5% na compara\u00e7\u00e3o com o mesmo m\u00eas de 2024 e de 69,6% ante julho deste ano, informou a Associa\u00e7\u00e3o Brasileira de Caf\u00e9s Especiais (BSCA), com base em dados do Conselho dos Exportadores de Caf\u00e9 do Brasil (Cecaf\u00e9).<\/p>\t<div class=\"wrapper-featured-image\">\n\t\t<figure class=\"spotlightImg\">\n\n\t\t\t<picture>\n\t\t\t\t<source media=\"(max-width: 768px)\" srcset=\"https:\/\/files.sunoresearch.com.br\/n\/uploads\/2019\/01\/51530580-caf\u00e9-400x200.webp\">\n\t\t\t\t<img loading=\"lazy\" decoding=\"async\" class=\"newsContent__article__imgCapa lazyloadDisabled \" src=\"https:\/\/files.sunoresearch.com.br\/n\/uploads\/2019\/01\/51530580-caf\u00e9-800x450.webp\" width=\"800\" height=\"450\" alt=\"Exporta\u00e7\u00e3o de caf\u00e9s especiais do Brasil aos EUA despenca com tarifa\u00e7o\" fetchpriority=high \/>\n\t\t\t<\/picture>\n\n\t\t\t<figcaption class=\"wp-caption-text wp-caption-text--show\">Caf\u00e9 especial do Brasil perde espa\u00e7o nos EUA ap\u00f3s tarifa\u00e7o.<\/figcaption>\n\t\t<\/figure>\n\t<\/div>\n\n\n\n\n\n\t<p>\n\t\t<a href=\"\" target=\"_blank\" data-element=\"shortcode-suno-banner\" title=\"Banner SUNO, clique e saiba mais\">\n\t\t\t<picture>\n\t\t\t\t<source media=\"(max-width: 500px)\" srcset=\"\">\n\t\t\t\t<img class=\"newsContent__article__imgCapa newsContent__article__imgCapa--banner\"\n\t\t\t\t\tsrc=\"\"\n\t\t\t\t\tdata-promo-id=\"285519\"\t\t\t\t\t\t\t\t\t\t\t\t\t\t\talt=\"\"\n\t\t\t\t>\n\t\t\t<\/picture>\n\t\t<\/a>\n\t<\/p>\n\n\n\n\n\n<p>Os EUA lideraram o ranking mensal deste ano como principais importadores dos caf\u00e9s especiais brasileiros at\u00e9 agosto, tanto que ainda s\u00e3o o maior destino do produto no acumulado de 2025. Entretanto, no m\u00eas passado, os norte-americanos desceram ao sexto lugar na tabela, atr\u00e1s de Holanda, com 62.004 sacas; Alemanha, com 50.463 sacas; B\u00e9lgica, com 46.931 sacas; It\u00e1lia, com 39.905 sacas; e Su\u00e9cia, com 29.313 sacas.<\/p>\n\n\n\n<p>&#8220;Muitos contratos que haviam sido assinados v\u00eam sendo suspensos, cancelados ou adiados, a pedido dos importadores americanos, uma vez que a taxa\u00e7\u00e3o de 50% sobre os caf\u00e9s especiais brasileiros torna praticamente invi\u00e1vel a realiza\u00e7\u00e3o desses neg\u00f3cios, por causa dos pre\u00e7os extremamente elevados, o que justifica essa queda expressiva no desempenho das exporta\u00e7\u00f5es aos Estados Unidos&#8221;, disse em nota a presidente da BSCA, Carmem Lucia Chaves de Brito, a Ucha.<\/p>\n\n\n\n<p>De acordo com ela, o impacto do tarifa\u00e7o n\u00e3o ser\u00e1 sentido somente por produtores, exportadores e demais elos da cadeia produtiva brasileira, mas, principalmente, pelos consumidores norte-americanos.<\/p>\n\n\n\n<p>&#8220;J\u00e1 observamos eleva\u00e7\u00e3o no pre\u00e7o do caf\u00e9 \u00e0 popula\u00e7\u00e3o americana, gerando infla\u00e7\u00e3o \u00e0 economia do pa\u00eds. Isso \u00e9 uma pena, pois afetar\u00e1 o maior mercado consumidor global, que \u00e9 o principal parceiro dos caf\u00e9s do Brasil, podendo fazer ruir parte dessa estrutura madura e consolidada, a qual foi edificada com alto custo e esfor\u00e7o dos diferentes elos da ind\u00fastria cafeeira de Brasil e Estados Unidos. Trabalhamos intensamente na estrutura\u00e7\u00e3o da cadeia de suprimento de todo esse mercado e, com esse cen\u00e1rio mantido, teremos que empenhar novos e enormes custos e esfor\u00e7os para voltar a vender nos n\u00edveis de at\u00e9 ent\u00e3o aos EUA&#8221;, lamentou Ucha.<\/p>\n\n\n\t<p>\n\t\t<a href=\"\" target=\"_blank\" data-element=\"shortcode-suno-banner\" title=\"Banner SUNO, clique e saiba mais\">\n\t\t\t<picture>\n\t\t\t\t<source media=\"(max-width: 500px)\" srcset=\"\">\n\t\t\t\t<img class=\"newsContent__article__imgCapa newsContent__article__imgCapa--banner\"\n\t\t\t\t\tsrc=\"\"\n\t\t\t\t\tdata-promo-id=\"526845\"\t\t\t\t\t\t\t\t\t\t\t\t\t\t\talt=\"\"\n\t\t\t\t>\n\t\t\t<\/picture>\n\t\t<\/a>\n\t<\/p>\n\n\n\n\n\n<p>A presidente da BSCA comentou que \u00e9 vital que o Poder Executivo brasileiro fa\u00e7a o trabalho de aproxima\u00e7\u00e3o e abra di\u00e1logo com o governo Trump, em especial ap\u00f3s ordem executiva assinada pelo presidente americano no dia 5 de setembro, que informa que as tarifas rec\u00edprocas de importa\u00e7\u00f5es consideradas estrat\u00e9gicas podem ser reduzidas a zero, desde que os pa\u00edses tenham compromissos firmados em acordos comerciais com os EUA e que isso atenda aos interesses americanos e \u00e0 emerg\u00eancia declarada pelo governo local.<\/p>\n\n\n\n<p>&#8220;\u00c9 crucial que n\u00f3s, enquanto setor privado, representado por todas as entidades de classe, mantenhamos as conversas com os parceiros industriais e importadores nos EUA e o Departamento de Estado americano, assim como o governo brasileiro precisa abrir, de fato, negocia\u00e7\u00f5es com a gest\u00e3o Trump para encontrar uma solu\u00e7\u00e3o, por meio do di\u00e1logo, para o restabelecimento do fluxo do com\u00e9rcio de nossos caf\u00e9s, em condi\u00e7\u00f5es justas, entre Brasil e EUA&#8221;, declarou Ucha.<\/p>\n\n\n\n<p class=\"newsProviderSignature\">Com informa\u00e7\u00f5es da Ag\u00eancia Estado<\/p>\n\n\n\n\n\t<p>\n\t\t<a href=\"https:\/\/lp.suno.com.br\/asset\/fundos\/suno-fiagro-snag11\/\" target=\"_blank\" data-element=\"shortcode-suno-banner\" title=\"Banner SUNO, clique e saiba mais\">\n\t\t\t<picture>\n\t\t\t\t<source media=\"(max-width: 500px)\" srcset=\"https:\/\/files.sunoresearch.com.br\/n\/uploads\/2024\/03\/400x300-Mobile-Artigos-1_SNAG.png\">\n\t\t\t\t<img class=\"newsContent__article__imgCapa newsContent__article__imgCapa--banner\"\n\t\t\t\t\tsrc=\"https:\/\/files.sunoresearch.com.br\/n\/uploads\/2024\/03\/1420x240-Banner-Artigos-1-_-Banner-Materias-1_SNAG.png\"\n\t\t\t\t\tdata-promo-id=\"364416\"\t\t\t\t\t\t\t\t\t\twidth='1420' height='240'\t\t\t\t\talt=\"https:\/\/files.sunoresearch.com.br\/n\/uploads\/2024\/03\/1420x240-Banner-Artigos-1-_-Banner-Materias-1_SNAG.png\"\n\t\t\t\t>\n\t\t\t<\/picture>\n\t\t<\/a>\n\t<\/p>\n\n\n","protected":false},"excerpt":{"rendered":"<p>A exporta\u00e7\u00e3o brasileira de caf\u00e9 especial aos Estados Unidos despencou no m\u00eas de agosto, ap\u00f3s a entrada em vig\u00eancia do tarifa\u00e7o de 50% imposto pelo governo norte-americano de Donald Trump sobre o produto a ser exportado aos EUA. O Brasil remeteu no m\u00eas passado 21.679 sacas de 60 kg desses caf\u00e9s diferenciados aos norte-americanos, representando [&hellip;]<\/p>\n","protected":false},"author":43,"featured_media":11485,"comment_status":"closed","ping_status":"closed","sticky":false,"template":"","format":"standard","meta":[],"categories":[64],"tags":[1059],"suno_strategy":[],"class_list":["post-624441","post","type-post","status-publish","format-standard","has-post-thumbnail","hentry","category-negocios","tag-cafe"],"yoast_head":"<!-- This site is optimized with the Yoast SEO plugin v24.4 - https:\/\/yoast.com\/wordpress\/plugins\/seo\/ -->\n<title>Caf\u00e9 especial despenca nos EUA ap\u00f3s tarifa\u00e7o de Trump<\/title>\n<meta name=\"description\" content=\"Exporta\u00e7\u00e3o de caf\u00e9 especial do Brasil aos EUA despenca 79,5% em agosto ap\u00f3s tarifa\u00e7o de 50% imposto pelo governo Trump.\" \/>\n<meta name=\"robots\" content=\"index, follow, max-snippet:-1, max-image-preview:large, max-video-preview:-1\" \/>\n<link rel=\"canonical\" href=\"https:\/\/www.suno.com.br\/noticias\/cafe-especial-despenca-eua-tarifaco-trump-mtae\/\" \/>\n<meta property=\"og:locale\" content=\"pt_BR\" \/>\n<meta property=\"og:type\" content=\"article\" \/>\n<meta property=\"og:title\" content=\"Caf\u00e9 especial despenca nos EUA ap\u00f3s tarifa\u00e7o de Trump\" \/>\n<meta property=\"og:description\" content=\"Exporta\u00e7\u00e3o de caf\u00e9 especial do Brasil aos EUA despenca 79,5% em agosto ap\u00f3s tarifa\u00e7o de 50% imposto pelo governo Trump.\" \/>\n<meta property=\"og:url\" content=\"https:\/\/www.suno.com.br\/noticias\/cafe-especial-despenca-eua-tarifaco-trump-mtae\/\" \/>\n<meta property=\"og:site_name\" content=\"Suno Not\u00edcias\" \/>\n<meta property=\"article:publisher\" content=\"https:\/\/facebook.com\/sunoresearch\" \/>\n<meta property=\"article:author\" content=\"https:\/\/www.facebook.com\/sunonoticias\/\" \/>\n<meta property=\"og:image\" content=\"https:\/\/files.sunoresearch.com.br\/n\/uploads\/2019\/01\/51530580-caf\u00e9-jpg.webp\" \/>\n\t<meta property=\"og:image:width\" content=\"1140\" \/>\n\t<meta property=\"og:image:height\" content=\"760\" \/>\n\t<meta property=\"og:image:type\" content=\"image\/jpeg\" \/>\n<meta name=\"author\" content=\"Reda\u00e7\u00e3o Suno Not\u00edcias\" \/>\n<meta name=\"twitter:card\" content=\"summary_large_image\" \/>\n<meta name=\"twitter:creator\" content=\"@https:\/\/twitter.com\/sunoresearch\" \/>\n<meta name=\"twitter:site\" content=\"@sunoresearch\" \/>\n<meta name=\"twitter:label1\" content=\"Escrito por\" \/>\n\t<meta name=\"twitter:data1\" content=\"Reda\u00e7\u00e3o Suno Not\u00edcias\" \/>\n\t<meta name=\"twitter:label2\" content=\"Est. tempo de leitura\" \/>\n\t<meta name=\"twitter:data2\" content=\"4 minutos\" \/>\n<script type=\"application\/ld+json\" class=\"yoast-schema-graph\">{\"@context\":\"https:\/\/schema.org\",\"@graph\":[{\"@type\":\"NewsArticle\",\"@id\":\"https:\/\/www.suno.com.br\/noticias\/cafe-especial-despenca-eua-tarifaco-trump-mtae\/#article\",\"isPartOf\":{\"@id\":\"https:\/\/www.suno.com.br\/noticias\/cafe-especial-despenca-eua-tarifaco-trump-mtae\/\"},\"author\":{\"name\":\"Reda\u00e7\u00e3o Suno Not\u00edcias\",\"@id\":\"https:\/\/www.suno.com.br\/noticias\/#\/schema\/person\/c1b1bd3727fa852bd045e9dbff3673ea\"},\"headline\":\"Exporta\u00e7\u00e3o de caf\u00e9s especiais do Brasil aos EUA despenca com tarifa\u00e7o\",\"datePublished\":\"2025-09-15T17:00:12+00:00\",\"dateModified\":\"2025-09-15T17:07:37+00:00\",\"mainEntityOfPage\":{\"@id\":\"https:\/\/www.suno.com.br\/noticias\/cafe-especial-despenca-eua-tarifaco-trump-mtae\/\"},\"wordCount\":579,\"publisher\":{\"@id\":\"https:\/\/www.suno.com.br\/noticias\/#organization\"},\"image\":{\"@id\":\"https:\/\/www.suno.com.br\/noticias\/cafe-especial-despenca-eua-tarifaco-trump-mtae\/#primaryimage\"},\"thumbnailUrl\":\"https:\/\/files.sunoresearch.com.br\/n\/uploads\/2019\/01\/51530580-caf\u00e9-jpg.webp\",\"keywords\":[\"caf\u00e9\"],\"articleSection\":[\"Neg\u00f3cios\"],\"inLanguage\":\"pt-BR\"},{\"@type\":\"WebPage\",\"@id\":\"https:\/\/www.suno.com.br\/noticias\/cafe-especial-despenca-eua-tarifaco-trump-mtae\/\",\"url\":\"https:\/\/www.suno.com.br\/noticias\/cafe-especial-despenca-eua-tarifaco-trump-mtae\/\",\"name\":\"Caf\u00e9 especial despenca nos EUA ap\u00f3s tarifa\u00e7o de Trump\",\"isPartOf\":{\"@id\":\"https:\/\/www.suno.com.br\/noticias\/#website\"},\"primaryImageOfPage\":{\"@id\":\"https:\/\/www.suno.com.br\/noticias\/cafe-especial-despenca-eua-tarifaco-trump-mtae\/#primaryimage\"},\"image\":{\"@id\":\"https:\/\/www.suno.com.br\/noticias\/cafe-especial-despenca-eua-tarifaco-trump-mtae\/#primaryimage\"},\"thumbnailUrl\":\"https:\/\/files.sunoresearch.com.br\/n\/uploads\/2019\/01\/51530580-caf\u00e9-jpg.webp\",\"datePublished\":\"2025-09-15T17:00:12+00:00\",\"dateModified\":\"2025-09-15T17:07:37+00:00\",\"description\":\"Exporta\u00e7\u00e3o de caf\u00e9 especial do Brasil aos EUA despenca 79,5% em agosto ap\u00f3s tarifa\u00e7o de 50% imposto pelo governo Trump.\",\"breadcrumb\":{\"@id\":\"https:\/\/www.suno.com.br\/noticias\/cafe-especial-despenca-eua-tarifaco-trump-mtae\/#breadcrumb\"},\"inLanguage\":\"pt-BR\",\"potentialAction\":[{\"@type\":\"ReadAction\",\"target\":[\"https:\/\/www.suno.com.br\/noticias\/cafe-especial-despenca-eua-tarifaco-trump-mtae\/\"]}]},{\"@type\":\"ImageObject\",\"inLanguage\":\"pt-BR\",\"@id\":\"https:\/\/www.suno.com.br\/noticias\/cafe-especial-despenca-eua-tarifaco-trump-mtae\/#primaryimage\",\"url\":\"https:\/\/files.sunoresearch.com.br\/n\/uploads\/2019\/01\/51530580-caf\u00e9-jpg.webp\",\"contentUrl\":\"https:\/\/files.sunoresearch.com.br\/n\/uploads\/2019\/01\/51530580-caf\u00e9-jpg.webp\",\"width\":1140,\"height\":760,\"caption\":\"Caf\u00e9 especial do Brasil perde espa\u00e7o nos EUA ap\u00f3s tarifa\u00e7o.\"},{\"@type\":\"BreadcrumbList\",\"@id\":\"https:\/\/www.suno.com.br\/noticias\/cafe-especial-despenca-eua-tarifaco-trump-mtae\/#breadcrumb\",\"itemListElement\":[{\"@type\":\"ListItem\",\"position\":1,\"name\":\"Not\u00edcias\",\"item\":\"https:\/\/www.suno.com.br\/noticias\/\"},{\"@type\":\"ListItem\",\"position\":2,\"name\":\"Neg\u00f3cios\",\"item\":\"https:\/\/www.suno.com.br\/noticias\/negocios\/\"},{\"@type\":\"ListItem\",\"position\":3,\"name\":\"Exporta\u00e7\u00e3o de caf\u00e9s especiais do Brasil aos EUA despenca com tarifa\u00e7o\"}]},{\"@type\":\"WebSite\",\"@id\":\"https:\/\/www.suno.com.br\/noticias\/#website\",\"url\":\"https:\/\/www.suno.com.br\/noticias\/\",\"name\":\"Suno Not\u00edcias\",\"description\":\"Seu portal de informa\u00e7\u00e3o sobre o mundo dos investimentos\",\"publisher\":{\"@id\":\"https:\/\/www.suno.com.br\/noticias\/#organization\"},\"potentialAction\":[{\"@type\":\"SearchAction\",\"target\":{\"@type\":\"EntryPoint\",\"urlTemplate\":\"https:\/\/www.suno.com.br\/noticias\/?s={search_term_string}\"},\"query-input\":{\"@type\":\"PropertyValueSpecification\",\"valueRequired\":true,\"valueName\":\"search_term_string\"}}],\"inLanguage\":\"pt-BR\"},{\"@type\":\"Organization\",\"@id\":\"https:\/\/www.suno.com.br\/noticias\/#organization\",\"name\":\"Suno Not\u00edcias\",\"url\":\"https:\/\/www.suno.com.br\/noticias\/\",\"logo\":{\"@type\":\"ImageObject\",\"inLanguage\":\"pt-BR\",\"@id\":\"https:\/\/www.suno.com.br\/noticias\/#\/schema\/logo\/image\/\",\"url\":\"https:\/\/files.sunoresearch.com.br\/n\/uploads\/2021\/09\/suno-logo.png\",\"contentUrl\":\"https:\/\/files.sunoresearch.com.br\/n\/uploads\/2021\/09\/suno-logo.png\",\"width\":180,\"height\":180,\"caption\":\"Suno Not\u00edcias\"},\"image\":{\"@id\":\"https:\/\/www.suno.com.br\/noticias\/#\/schema\/logo\/image\/\"},\"sameAs\":[\"https:\/\/facebook.com\/sunoresearch\",\"https:\/\/x.com\/sunoresearch\",\"https:\/\/www.instagram.com\/suno\",\"https:\/\/www.linkedin.com\/company\/suno-research\/\",\"https:\/\/www.youtube.com\/c\/sunoresearch\"]},{\"@type\":\"Person\",\"@id\":\"https:\/\/www.suno.com.br\/noticias\/#\/schema\/person\/c1b1bd3727fa852bd045e9dbff3673ea\",\"name\":\"Reda\u00e7\u00e3o Suno Not\u00edcias\",\"image\":{\"@type\":\"ImageObject\",\"inLanguage\":\"pt-BR\",\"@id\":\"https:\/\/www.suno.com.br\/noticias\/#\/schema\/person\/image\/\",\"url\":\"https:\/\/secure.gravatar.com\/avatar\/b8104b9b5a71985d5238ee59fbe418af?s=96&r=g\",\"contentUrl\":\"https:\/\/secure.gravatar.com\/avatar\/b8104b9b5a71985d5238ee59fbe418af?s=96&r=g\",\"caption\":\"Reda\u00e7\u00e3o Suno Not\u00edcias\"},\"description\":\"O Suno Not\u00edcias \u00e9 um portal de informa\u00e7\u00f5es sobre Mercado Financeiro, Pol\u00edtica, Neg\u00f3cios, Economia e Finan\u00e7as Pessoais.\",\"sameAs\":[\"https:\/\/www.suno.com.br\/noticias\",\"https:\/\/www.facebook.com\/sunonoticias\/\",\"https:\/\/www.instagram.com\/sunonoticias\/\",\"https:\/\/x.com\/https:\/\/twitter.com\/sunoresearch\",\"https:\/\/www.youtube.com\/sunonoticias\"],\"url\":\"https:\/\/www.suno.com.br\/noticias\/author\/redacao-suno\/\"}]}<\/script>\n<!-- \/ Yoast SEO plugin. -->","yoast_head_json":{"title":"Caf\u00e9 especial despenca nos EUA ap\u00f3s tarifa\u00e7o de Trump","description":"Exporta\u00e7\u00e3o de caf\u00e9 especial do Brasil aos EUA despenca 79,5% em agosto ap\u00f3s tarifa\u00e7o de 50% imposto pelo governo Trump.","robots":{"index":"index","follow":"follow","max-snippet":"max-snippet:-1","max-image-preview":"max-image-preview:large","max-video-preview":"max-video-preview:-1"},"canonical":"https:\/\/www.suno.com.br\/noticias\/cafe-especial-despenca-eua-tarifaco-trump-mtae\/","og_locale":"pt_BR","og_type":"article","og_title":"Caf\u00e9 especial despenca nos EUA ap\u00f3s tarifa\u00e7o de Trump","og_description":"Exporta\u00e7\u00e3o de caf\u00e9 especial do Brasil aos EUA despenca 79,5% em agosto ap\u00f3s tarifa\u00e7o de 50% imposto pelo governo Trump.","og_url":"https:\/\/www.suno.com.br\/noticias\/cafe-especial-despenca-eua-tarifaco-trump-mtae\/","og_site_name":"Suno Not\u00edcias","article_publisher":"https:\/\/facebook.com\/sunoresearch","article_author":"https:\/\/www.facebook.com\/sunonoticias\/","og_image":[{"width":1140,"height":760,"url":"https:\/\/files.sunoresearch.com.br\/n\/uploads\/2019\/01\/51530580-caf\u00e9-jpg.webp","type":"image\/jpeg"}],"author":"Reda\u00e7\u00e3o Suno Not\u00edcias","twitter_card":"summary_large_image","twitter_creator":"@https:\/\/twitter.com\/sunoresearch","twitter_site":"@sunoresearch","twitter_misc":{"Escrito por":"Reda\u00e7\u00e3o Suno Not\u00edcias","Est. tempo de leitura":"4 minutos"},"schema":{"@context":"https:\/\/schema.org","@graph":[{"@type":"NewsArticle","@id":"https:\/\/www.suno.com.br\/noticias\/cafe-especial-despenca-eua-tarifaco-trump-mtae\/#article","isPartOf":{"@id":"https:\/\/www.suno.com.br\/noticias\/cafe-especial-despenca-eua-tarifaco-trump-mtae\/"},"author":{"name":"Reda\u00e7\u00e3o Suno Not\u00edcias","@id":"https:\/\/www.suno.com.br\/noticias\/#\/schema\/person\/c1b1bd3727fa852bd045e9dbff3673ea"},"headline":"Exporta\u00e7\u00e3o de caf\u00e9s especiais do Brasil aos EUA despenca com tarifa\u00e7o","datePublished":"2025-09-15T17:00:12+00:00","dateModified":"2025-09-15T17:07:37+00:00","mainEntityOfPage":{"@id":"https:\/\/www.suno.com.br\/noticias\/cafe-especial-despenca-eua-tarifaco-trump-mtae\/"},"wordCount":579,"publisher":{"@id":"https:\/\/www.suno.com.br\/noticias\/#organization"},"image":{"@id":"https:\/\/www.suno.com.br\/noticias\/cafe-especial-despenca-eua-tarifaco-trump-mtae\/#primaryimage"},"thumbnailUrl":"https:\/\/files.sunoresearch.com.br\/n\/uploads\/2019\/01\/51530580-caf\u00e9-jpg.webp","keywords":["caf\u00e9"],"articleSection":["Neg\u00f3cios"],"inLanguage":"pt-BR"},{"@type":"WebPage","@id":"https:\/\/www.suno.com.br\/noticias\/cafe-especial-despenca-eua-tarifaco-trump-mtae\/","url":"https:\/\/www.suno.com.br\/noticias\/cafe-especial-despenca-eua-tarifaco-trump-mtae\/","name":"Caf\u00e9 especial despenca nos EUA ap\u00f3s tarifa\u00e7o de Trump","isPartOf":{"@id":"https:\/\/www.suno.com.br\/noticias\/#website"},"primaryImageOfPage":{"@id":"https:\/\/www.suno.com.br\/noticias\/cafe-especial-despenca-eua-tarifaco-trump-mtae\/#primaryimage"},"image":{"@id":"https:\/\/www.suno.com.br\/noticias\/cafe-especial-despenca-eua-tarifaco-trump-mtae\/#primaryimage"},"thumbnailUrl":"https:\/\/files.sunoresearch.com.br\/n\/uploads\/2019\/01\/51530580-caf\u00e9-jpg.webp","datePublished":"2025-09-15T17:00:12+00:00","dateModified":"2025-09-15T17:07:37+00:00","description":"Exporta\u00e7\u00e3o de caf\u00e9 especial do Brasil aos EUA despenca 79,5% em agosto ap\u00f3s tarifa\u00e7o de 50% imposto pelo governo Trump.","breadcrumb":{"@id":"https:\/\/www.suno.com.br\/noticias\/cafe-especial-despenca-eua-tarifaco-trump-mtae\/#breadcrumb"},"inLanguage":"pt-BR","potentialAction":[{"@type":"ReadAction","target":["https:\/\/www.suno.com.br\/noticias\/cafe-especial-despenca-eua-tarifaco-trump-mtae\/"]}]},{"@type":"ImageObject","inLanguage":"pt-BR","@id":"https:\/\/www.suno.com.br\/noticias\/cafe-especial-despenca-eua-tarifaco-trump-mtae\/#primaryimage","url":"https:\/\/files.sunoresearch.com.br\/n\/uploads\/2019\/01\/51530580-caf\u00e9-jpg.webp","contentUrl":"https:\/\/files.sunoresearch.com.br\/n\/uploads\/2019\/01\/51530580-caf\u00e9-jpg.webp","width":1140,"height":760,"caption":"Caf\u00e9 especial do Brasil perde espa\u00e7o nos EUA ap\u00f3s tarifa\u00e7o."},{"@type":"BreadcrumbList","@id":"https:\/\/www.suno.com.br\/noticias\/cafe-especial-despenca-eua-tarifaco-trump-mtae\/#breadcrumb","itemListElement":[{"@type":"ListItem","position":1,"name":"Not\u00edcias","item":"https:\/\/www.suno.com.br\/noticias\/"},{"@type":"ListItem","position":2,"name":"Neg\u00f3cios","item":"https:\/\/www.suno.com.br\/noticias\/negocios\/"},{"@type":"ListItem","position":3,"name":"Exporta\u00e7\u00e3o de caf\u00e9s especiais do Brasil aos EUA despenca com tarifa\u00e7o"}]},{"@type":"WebSite","@id":"https:\/\/www.suno.com.br\/noticias\/#website","url":"https:\/\/www.suno.com.br\/noticias\/","name":"Suno Not\u00edcias","description":"Seu portal de informa\u00e7\u00e3o sobre o mundo dos investimentos","publisher":{"@id":"https:\/\/www.suno.com.br\/noticias\/#organization"},"potentialAction":[{"@type":"SearchAction","target":{"@type":"EntryPoint","urlTemplate":"https:\/\/www.suno.com.br\/noticias\/?s={search_term_string}"},"query-input":{"@type":"PropertyValueSpecification","valueRequired":true,"valueName":"search_term_string"}}],"inLanguage":"pt-BR"},{"@type":"Organization","@id":"https:\/\/www.suno.com.br\/noticias\/#organization","name":"Suno Not\u00edcias","url":"https:\/\/www.suno.com.br\/noticias\/","logo":{"@type":"ImageObject","inLanguage":"pt-BR","@id":"https:\/\/www.suno.com.br\/noticias\/#\/schema\/logo\/image\/","url":"https:\/\/files.sunoresearch.com.br\/n\/uploads\/2021\/09\/suno-logo.png","contentUrl":"https:\/\/files.sunoresearch.com.br\/n\/uploads\/2021\/09\/suno-logo.png","width":180,"height":180,"caption":"Suno Not\u00edcias"},"image":{"@id":"https:\/\/www.suno.com.br\/noticias\/#\/schema\/logo\/image\/"},"sameAs":["https:\/\/facebook.com\/sunoresearch","https:\/\/x.com\/sunoresearch","https:\/\/www.instagram.com\/suno","https:\/\/www.linkedin.com\/company\/suno-research\/","https:\/\/www.youtube.com\/c\/sunoresearch"]},{"@type":"Person","@id":"https:\/\/www.suno.com.br\/noticias\/#\/schema\/person\/c1b1bd3727fa852bd045e9dbff3673ea","name":"Reda\u00e7\u00e3o Suno Not\u00edcias","image":{"@type":"ImageObject","inLanguage":"pt-BR","@id":"https:\/\/www.suno.com.br\/noticias\/#\/schema\/person\/image\/","url":"https:\/\/secure.gravatar.com\/avatar\/b8104b9b5a71985d5238ee59fbe418af?s=96&r=g","contentUrl":"https:\/\/secure.gravatar.com\/avatar\/b8104b9b5a71985d5238ee59fbe418af?s=96&r=g","caption":"Reda\u00e7\u00e3o Suno Not\u00edcias"},"description":"O Suno Not\u00edcias \u00e9 um portal de informa\u00e7\u00f5es sobre Mercado Financeiro, Pol\u00edtica, Neg\u00f3cios, Economia e Finan\u00e7as Pessoais.","sameAs":["https:\/\/www.suno.com.br\/noticias","https:\/\/www.facebook.com\/sunonoticias\/","https:\/\/www.instagram.com\/sunonoticias\/","https:\/\/x.com\/https:\/\/twitter.com\/sunoresearch","https:\/\/www.youtube.com\/sunonoticias"],"url":"https:\/\/www.suno.com.br\/noticias\/author\/redacao-suno\/"}]}},"default_loop_html":"<div class=\"cardsPage__listCard__boxs\"><div class=\"cardsPage__listCard__boxs__img\"><a href=\"https:\/\/www.suno.com.br\/noticias\/cafe-especial-despenca-eua-tarifaco-trump-mtae\/\"><img class=\"mask\" src=\"https:\/\/www.suno.com.br\/noticias\/wp-content\/themes\/suno\/resources\/images\/spotlight\/spotlight1img\/bg-mask.png\" alt=\"Image Mask\"\/><img src=\"https:\/\/files.sunoresearch.com.br\/n\/uploads\/2019\/01\/51530580-caf\u00e9-400x200.webp\" alt=\"Exporta\u00e7\u00e3o de caf\u00e9s especiais do Brasil aos EUA despenca com tarifa\u00e7o\"\/><\/a><span class=\"spotlightCategory\"><a href=\"https:\/\/www.suno.com.br\/noticias\/negocios\/\">Neg\u00f3cios<\/a><\/span><\/div><div class=\"cardsPage__listCard__boxs__content\"><a href=\"https:\/\/www.suno.com.br\/noticias\/cafe-especial-despenca-eua-tarifaco-trump-mtae\/\"><h2 class=\"content__title\">Exporta\u00e7\u00e3o de caf\u00e9s especiais do Brasil aos EUA despenca com tarifa\u00e7o<\/h2><\/a><div class=\"newsContent__article__meta\"><div class=\"newsContent__article__meta__authorBox\"><a href=\"https:\/\/www.suno.com.br\/noticias\/author\/redacao-suno\/\" class=\"authorBox__avatar noMobi\"><img src=\"https:\/\/files.sunoresearch.com.br\/n\/uploads\/2020\/08\/0ace682d-redacao-1-150x150.webp\" alt=\"Reda\u00e7\u00e3o Suno Not\u00edcias\"><\/a><div class=\"authorBox__name\"><span>por\n\t\t\t<a href=\"https:\/\/www.suno.com.br\/noticias\/author\/redacao-suno\/\"><span itemprop=\"author\">Reda\u00e7\u00e3o Suno Not\u00edcias<\/span><\/a><\/span><time datetime=\"2025-09-15T14:00:12-03:00\" itemprop=\"datePublished\">15\/09\/2025 14:00<\/time><\/div><\/div><\/div><\/div><\/div>","single_layout":"posts","amp_enabled":true,"_links":{"self":[{"href":"https:\/\/www.suno.com.br\/noticias\/wp-json\/wp\/v2\/posts\/624441"}],"collection":[{"href":"https:\/\/www.suno.com.br\/noticias\/wp-json\/wp\/v2\/posts"}],"about":[{"href":"https:\/\/www.suno.com.br\/noticias\/wp-json\/wp\/v2\/types\/post"}],"author":[{"embeddable":true,"href":"https:\/\/www.suno.com.br\/noticias\/wp-json\/wp\/v2\/users\/43"}],"replies":[{"embeddable":true,"href":"https:\/\/www.suno.com.br\/noticias\/wp-json\/wp\/v2\/comments?post=624441"}],"version-history":[{"count":2,"href":"https:\/\/www.suno.com.br\/noticias\/wp-json\/wp\/v2\/posts\/624441\/revisions"}],"predecessor-version":[{"id":624477,"href":"https:\/\/www.suno.com.br\/noticias\/wp-json\/wp\/v2\/posts\/624441\/revisions\/624477"}],"wp:featuredmedia":[{"embeddable":true,"href":"https:\/\/www.suno.com.br\/noticias\/wp-json\/wp\/v2\/media\/11485"}],"wp:attachment":[{"href":"https:\/\/www.suno.com.br\/noticias\/wp-json\/wp\/v2\/media?parent=624441"}],"wp:term":[{"taxonomy":"category","embeddable":true,"href":"https:\/\/www.suno.com.br\/noticias\/wp-json\/wp\/v2\/categories?post=624441"},{"taxonomy":"post_tag","embeddable":true,"href":"https:\/\/www.suno.com.br\/noticias\/wp-json\/wp\/v2\/tags?post=624441"},{"taxonomy":"suno_strategy","embeddable":true,"href":"https:\/\/www.suno.com.br\/noticias\/wp-json\/wp\/v2\/suno_strategy?post=624441"}],"curies":[{"name":"wp","href":"https:\/\/api.w.org\/{rel}","templated":true}]}}