{"id":623876,"date":"2025-09-11T10:04:43","date_gmt":"2025-09-11T13:04:43","guid":{"rendered":"https:\/\/www.suno.com.br\/noticias\/?p=623876"},"modified":"2025-09-11T10:04:51","modified_gmt":"2025-09-11T13:04:51","slug":"investo-lanca-etf-foco-em-setores-essenciais-economia-brasileira","status":"publish","type":"post","link":"https:\/\/www.suno.com.br\/noticias\/investo-lanca-etf-foco-em-setores-essenciais-economia-brasileira\/","title":{"rendered":"Investo lan\u00e7a ETF com foco em dividendos; entenda a estrat\u00e9gia"},"content":{"rendered":"<p>A Investo, maior gestora independente de ETFs do pa\u00eds, anunciou o lan\u00e7amento do <strong>ETF<\/strong> BEST11, fundo listado na B3 que replica o desempenho de empresas consideradas pilares da economia nacional, como bancos, energia, saneamento, seguros e telecomunica\u00e7\u00f5es.<\/p>\t<div class=\"wrapper-featured-image\">\n\t\t<figure class=\"spotlightImg\">\n\n\t\t\t<picture>\n\t\t\t\t<source media=\"(max-width: 768px)\" srcset=\"https:\/\/files.sunoresearch.com.br\/n\/uploads\/2025\/07\/IFIX-graficos-FIIs-3-400x200.webp\">\n\t\t\t\t<img loading=\"lazy\" decoding=\"async\" class=\"newsContent__article__imgCapa lazyloadDisabled \" src=\"https:\/\/files.sunoresearch.com.br\/n\/uploads\/2025\/07\/IFIX-graficos-FIIs-3-800x450.webp\" width=\"800\" height=\"450\" alt=\"Investo lan\u00e7a ETF com foco em dividendos; entenda a estrat\u00e9gia\" fetchpriority=high \/>\n\t\t\t<\/picture>\n\n\t\t\t<figcaption class=\"wp-caption-text wp-caption-text--show\">ETFs- Foto: Freepik<\/figcaption>\n\t\t<\/figure>\n\t<\/div>\n\n\n\n\n\n\t<p>\n\t\t<a href=\"https:\/\/lp.suno.com.br\/planilha-da-vida-financeira\/\" target=\"_blank\" data-element=\"shortcode-suno-banner\" title=\"Banner SUNO, clique e saiba mais\">\n\t\t\t<picture>\n\t\t\t\t<source media=\"(max-width: 500px)\" srcset=\"https:\/\/files.sunoresearch.com.br\/n\/uploads\/2023\/04\/400x300-Planilha-vida-financeira-true.png\">\n\t\t\t\t<img class=\"newsContent__article__imgCapa newsContent__article__imgCapa--banner\"\n\t\t\t\t\tsrc=\"https:\/\/files.sunoresearch.com.br\/n\/uploads\/2023\/04\/1420x240-Planilha-vida-financeira-true.png\"\n\t\t\t\t\tdata-promo-id=\"106682\"\t\t\t\t\t\t\t\t\t\twidth='1420' height='240'\t\t\t\t\talt=\"https:\/\/files.sunoresearch.com.br\/n\/uploads\/2023\/04\/1420x240-Planilha-vida-financeira-true.png\"\n\t\t\t\t>\n\t\t\t<\/picture>\n\t\t<\/a>\n\t<\/p>\n\n\n\n\n\n<p>O ETF acompanha o <strong>MarketVector Brazil BESST Quality Index<\/strong>, composto por 23 companhias de alta qualidade em setores estrat\u00e9gicos. Entre as principais posi\u00e7\u00f5es est\u00e3o <a class=\"suno-keyword\" target=\"_blank\" data-force=\"yes\" data-priority=\"2\" href=\"https:\/\/www.suno.com.br\/analitica\/acoes\/ITUB3\/\" rel=\"noopener\">Ita\u00fa Unibanco (ITUB3)<\/a>, <a class=\"suno-keyword\" target=\"_blank\" data-force=\"yes\" data-priority=\"2\" href=\"https:\/\/www.suno.com.br\/analitica\/acoes\/BBDC4\/\" rel=\"noopener\">Bradesco (BBDC4)<\/a>, <a class=\"suno-keyword\" target=\"_blank\" data-force=\"yes\" data-priority=\"2\" href=\"https:\/\/www.suno.com.br\/analitica\/acoes\/BBAS3\/\" rel=\"noopener\">Banco do Brasil (BBAS3)<\/a>, <a class=\"suno-keyword\" target=\"_blank\" data-force=\"yes\" data-priority=\"2\" href=\"https:\/\/www.suno.com.br\/analitica\/acoes\/BBSE3\/\" rel=\"noopener\">BB Seguridade (BBSE3)<\/a>, <a class=\"suno-keyword\" target=\"_blank\" data-force=\"yes\" data-priority=\"2\" href=\"https:\/\/www.suno.com.br\/analitica\/acoes\/BPAC11\/\" rel=\"noopener\">BTG Pactual (BPAC11)<\/a>, <a class=\"suno-keyword\" target=\"_blank\" data-force=\"yes\" data-priority=\"2\" href=\"https:\/\/www.suno.com.br\/analitica\/acoes\/EQTL3\/\" rel=\"noopener\">Equatorial (EQTL3)<\/a>, <a class=\"suno-keyword\" target=\"_blank\" data-force=\"yes\" data-priority=\"2\" href=\"https:\/\/www.suno.com.br\/analitica\/acoes\/ELET3\/\" rel=\"noopener\">Eletrobras (ELET3)<\/a>, <a class=\"suno-keyword\" target=\"_blank\" data-force=\"yes\" data-priority=\"2\" href=\"https:\/\/www.suno.com.br\/analitica\/acoes\/SBSP3\/\" rel=\"noopener\">Sabesp (SBSP3)<\/a>, <a class=\"suno-keyword\" target=\"_blank\" data-force=\"yes\" data-priority=\"2\" href=\"https:\/\/www.suno.com.br\/analitica\/acoes\/VIVT3\/\" rel=\"noopener\">Vivo (VIVT3)<\/a> e <a class=\"suno-keyword\" target=\"_blank\" data-force=\"yes\" data-priority=\"2\" href=\"https:\/\/www.suno.com.br\/analitica\/acoes\/TIMS3\/\" rel=\"noopener\">TIM (TIMS3)<\/a>.<\/p>\n\n\n\n<p>Desde janeiro de 2021, o \u00edndice replicado pelo BEST11 acumula valoriza\u00e7\u00e3o de 66,60%, contra 18,83% do Ibovespa no mesmo per\u00edodo (at\u00e9 agosto de 2025). O resultado reflete a exposi\u00e7\u00e3o direta a setores perenes da economia brasileira, filtrando o que h\u00e1 de melhor em qualidade, com foco exclusivamente em empresas lucrativas, resilientes e l\u00edderes em pagamento de dividendos.<\/p>\n\n\n\n<p>Com <a class=\"suno-keyword\" target=\"_blank\" data-force=\"no\" data-priority=\"1\" href=\"https:\/\/www.suno.com.br\/artigos\/taxa-de-administracao\/\" rel=\"noopener\">taxa de administra\u00e7\u00e3o<\/a> de 0,50%, o BEST11 distribui <a class=\"suno-keyword\" target=\"_blank\" data-force=\"no\" data-priority=\"1\" href=\"https:\/\/www.suno.com.br\/guias\/dividendos\/\" rel=\"noopener\">dividendos<\/a> mensalmente e ter\u00e1 valor inicial de cota de R$ 100. Desde janeiro de 2021, o \u00edndice que serve de refer\u00eancia para o fundo acumula valoriza\u00e7\u00e3o de 66,6%, bem acima dos 18,83% do Ibovespa no mesmo per\u00edodo (at\u00e9 agosto de 2025).<\/p>\n\n\n\n<p>A metodologia de sele\u00e7\u00e3o privilegia empresas lucrativas, resilientes e com hist\u00f3rico de dividendos consistentes, exigindo que tenham pago proventos em pelo menos dois dos \u00faltimos tr\u00eas anos. Al\u00e9m disso, h\u00e1 um limite de 8% de peso por empresa e rebalanceamento trimestral, garantindo maior diversifica\u00e7\u00e3o e controle de risco.<\/p>\n\n\n\n<p>Segundo a gestora, a proposta \u00e9 oferecer uma alternativa para investidores que buscam exposi\u00e7\u00e3o a setores perenes da economia brasileira e <a class=\"suno-keyword\" target=\"_blank\" data-force=\"no\" data-priority=\"1\" href=\"https:\/\/www.suno.com.br\/artigos\/renda-recorrente\/\" rel=\"noopener\">renda recorrente<\/a> com menor volatilidade em compara\u00e7\u00e3o ao Ibovespa.<\/p>\n\n\n\n\t<div data-element=\"shortcode-read-more\" class=\"readToo\">\n\t\t\t\t<span class=\"readToo__title\">Leia mais<\/span>\n\t\t\t\t<ul class=\"readToo__list\">\n\t\t\t<li><a href=\"https:\/\/www.suno.com.br\/noticias\/carteira-de-etfs-avanca-e-bate-cdi-veja-as-recomendacoes\/\">Carteira de ETFs avan\u00e7a e bate CDI; veja as recomenda\u00e7\u00f5es<\/a><\/li><li><a href=\"https:\/\/www.suno.com.br\/noticias\/investir-com-disciplina-etfs-volatilidade-mt\/\">Como os ETFs ajudam o investidor em momentos de volatilidade?<\/a><\/li>\t\t<\/ul>\n\t<\/div>\n\n\n\n\n<h2 class=\"wp-block-heading\">ETFs brasileiros superam \u00edndices dos EUA em 2025<\/h2>\n\n\n\n<p>Um levantamento da Quantum Finance mostra que diversos ETFs listados na B3 t\u00eam apresentado desempenho superior ao dos principais \u00edndices norte-americanos neste ano.<br><br>Enquanto o S&amp;P 500 acumula alta de 9,9% e o <a class=\"suno-keyword\" target=\"_blank\" data-force=\"no\" data-priority=\"1\" href=\"https:\/\/www.suno.com.br\/artigos\/nasdaq-100\/\" rel=\"noopener\">Nasdaq 100<\/a> sobe 11,9% at\u00e9 26 de agosto de 2025, ao menos 50 ETFs brasileiros superaram o \u00edndice tecnol\u00f3gico e 51 registraram retorno acima dos dois benchmarks.<\/p>\n\n\n\n<figure class=\"wp-block-table\"><table class=\"has-fixed-layout\"><tbody><tr><td><strong>Nome<\/strong><\/td><td><strong>Ticker<\/strong><\/td><td><strong>Gest\u00e3o<\/strong><\/td><td><strong>Benchmark<\/strong><\/td><td><strong>Retorno 02\/01\/2025 at\u00e9 25\/08\/2025<\/strong><\/td><\/tr><tr><td>TRG SMIC CAPCI <\/td><td>TRIG11<\/td><td>Tr\u00edgono Capital<\/td><td>Teva A\u00e7\u00f5es Micro Caps<\/td><td>29,70%<\/td><\/tr><tr><td>B-INDEX MORNINGSTAR SETORES DEFENSIVOS <\/td><td>BDEF11<\/td><td>Banco Bradesco<\/td><td>Morningstar BR Defensive Sectors Equal Weighted<\/td><td>27,89%<\/td><\/tr><tr><td>IT NOW IFNC CI <\/td><td>FIND11<\/td><td>Ita\u00fa Asset Management<\/td><td>IFNC<\/td><td>26,60%<\/td><\/tr><tr><td>ISHARES ECOO CI<\/td><td>ECOO11<\/td><td>BlackRock<\/td><td>ICO2<\/td><td>24,08%<\/td><\/tr><tr><td>BB ETF \u00cdNDICE FUTURO DE BOI GORDO B3 FDO DE \u00cdNDICE<\/td><td>BBOI11<\/td><td>BB Asset Management<\/td><td>Futuro de Boi Gordo B3<\/td><td>22,99%<\/td><\/tr><tr><td>BTG DIV REALCI <\/td><td>TIRB11<\/td><td>BTG Pactual Asset Management<\/td><td>Teva Dividendos Ativos Reais Listados<\/td><td>22,86%<\/td><\/tr><tr><td>INVESTO MARKETVECTOR BRAZIL DOMESTIC EXPOSURE ETF <\/td><td>BDOM11<\/td><td>Investo<\/td><td>MarketVector Brazil Domestic Exposure BRL<\/td><td>22,70%<\/td><\/tr><tr><td>IT NOW SMALLCI<\/td><td>SMAC11<\/td><td>Ita\u00fa Asset Management<\/td><td>SMLL<\/td><td>21,77%<\/td><\/tr><tr><td>IT NOW ISE CI <\/td><td>ISUS11<\/td><td>Ita\u00fa Asset Management<\/td><td>ISE<\/td><td>21,68%<\/td><\/tr><tr><td>ISHARES SMAL CI <\/td><td>SMAL11<\/td><td>BlackRock<\/td><td>SMLL<\/td><td>21,37%<\/td><\/tr><\/tbody><\/table><figcaption class=\"wp-element-caption\">fonte: Quantum Finance<\/figcaption><\/figure>\n\n\n\t<p>\n\t\t<a href=\"https:\/\/lp.suno.com.br\/ebook-como-analisar-uma-acao\/\" target=\"_blank\" data-element=\"shortcode-suno-banner\" title=\"Banner SUNO, clique e saiba mais\">\n\t\t\t<picture>\n\t\t\t\t<source media=\"(max-width: 500px)\" srcset=\"https:\/\/files.sunoresearch.com.br\/n\/uploads\/2023\/03\/Ebook-Acoes-Mobile.jpg\">\n\t\t\t\t<img class=\"newsContent__article__imgCapa newsContent__article__imgCapa--banner\"\n\t\t\t\t\tsrc=\"https:\/\/files.sunoresearch.com.br\/n\/uploads\/2023\/03\/Ebook-Acoes-Desktop.jpg\"\n\t\t\t\t\tdata-promo-id=\"378302\"\t\t\t\t\t\t\t\t\t\twidth='1420' height='286'\t\t\t\t\talt=\"https:\/\/files.sunoresearch.com.br\/n\/uploads\/2023\/03\/Ebook-Acoes-Desktop.jpg\"\n\t\t\t\t>\n\t\t\t<\/picture>\n\t\t<\/a>\n\t<\/p>\n\n\n\n\n\n<p>O BDOM11, da Investo, tamb\u00e9m est\u00e1 entre os ETFs que bateram os \u00edndices estrangeiros, com retorno de 22,70%.<\/p>\n\n\n\n<h2 class=\"wp-block-heading\">Por que investir em um ETF?<\/h2>\n\n\n\n<p>O ETF \u00e9 uma op\u00e7\u00e3o de investimento cada vez mais popular devido \u00e0s suas diversas vantagens.<\/p>\n\n\n\n<p>Uma das principais raz\u00f5es para investir em ETFs \u00e9 a diversifica\u00e7\u00e3o que eles proporcionam. Ao investir em um ETF, o investidor est\u00e1 adquirindo uma cesta de ativos que pode incluir a\u00e7\u00f5es, t\u00edtulos de <a class=\"suno-keyword\" target=\"_blank\" data-force=\"no\" data-priority=\"2\" href=\"https:\/\/www.suno.com.br\/guias\/investimento-renda-fixa\/\" rel=\"noopener\">renda fixa<\/a>, commodities, entre outros, o que ajuda a reduzir o risco em compara\u00e7\u00e3o com investimentos individuais.<\/p>\n\n\n\n\n\t<p>\n\t\t<a href=\"https:\/\/lp.suno.com.br\/planilha-da-vida-financeira\/\" target=\"_blank\" data-element=\"shortcode-suno-banner\" title=\"Banner SUNO, clique e saiba mais\">\n\t\t\t<picture>\n\t\t\t\t<source media=\"(max-width: 500px)\" srcset=\"https:\/\/files.sunoresearch.com.br\/n\/uploads\/2023\/04\/400x300-Planilha-vida-financeira-true.png\">\n\t\t\t\t<img class=\"newsContent__article__imgCapa newsContent__article__imgCapa--banner\"\n\t\t\t\t\tsrc=\"https:\/\/files.sunoresearch.com.br\/n\/uploads\/2023\/04\/1420x240-Planilha-vida-financeira-true.png\"\n\t\t\t\t\tdata-promo-id=\"383123\"\t\t\t\t\t\t\t\t\t\twidth='1420' height='240'\t\t\t\t\talt=\"https:\/\/files.sunoresearch.com.br\/n\/uploads\/2023\/04\/1420x240-Planilha-vida-financeira-true.png\"\n\t\t\t\t>\n\t\t\t<\/picture>\n\t\t<\/a>\n\t<\/p>\n\n\n\n\n\n<p><\/p>\n","protected":false},"excerpt":{"rendered":"<p>A Investo, maior gestora independente de ETFs do pa\u00eds, anunciou o lan\u00e7amento do ETF BEST11, fundo listado na B3 que replica o desempenho de empresas consideradas pilares da economia nacional, como bancos, energia, saneamento, seguros e telecomunica\u00e7\u00f5es. ETFs- Foto: Freepik O ETF acompanha o MarketVector Brazil BESST Quality Index, composto por 23 companhias de alta [&hellip;]<\/p>\n","protected":false},"author":301,"featured_media":616833,"comment_status":"closed","ping_status":"closed","sticky":false,"template":"","format":"standard","meta":[],"categories":[64],"tags":[367,740,1270],"suno_strategy":[],"class_list":["post-623876","post","type-post","status-publish","format-standard","has-post-thumbnail","hentry","category-negocios","tag-b3-b3sa3","tag-economia","tag-etfs"],"yoast_head":"<!-- This site is optimized with the Yoast SEO plugin v24.4 - https:\/\/yoast.com\/wordpress\/plugins\/seo\/ -->\n<title>Investo lan\u00e7a ETF com foco em dividendos; entenda a estrat\u00e9gia<\/title>\n<meta name=\"description\" content=\"A Investo anunciou o lan\u00e7amento de um ETF que replica o desempenho de empresas consideradas pilares da economia nacional.\" \/>\n<meta name=\"robots\" content=\"index, follow, max-snippet:-1, max-image-preview:large, max-video-preview:-1\" \/>\n<link rel=\"canonical\" href=\"https:\/\/www.suno.com.br\/noticias\/investo-lanca-etf-foco-em-setores-essenciais-economia-brasileira\/\" \/>\n<meta property=\"og:locale\" content=\"pt_BR\" \/>\n<meta property=\"og:type\" content=\"article\" \/>\n<meta property=\"og:title\" content=\"Investo lan\u00e7a ETF com foco em dividendos; entenda a estrat\u00e9gia\" \/>\n<meta property=\"og:description\" content=\"A Investo anunciou o lan\u00e7amento de um ETF que replica o desempenho de empresas consideradas pilares da economia nacional.\" \/>\n<meta property=\"og:url\" content=\"https:\/\/www.suno.com.br\/noticias\/investo-lanca-etf-foco-em-setores-essenciais-economia-brasileira\/\" \/>\n<meta property=\"og:site_name\" content=\"Suno Not\u00edcias\" \/>\n<meta property=\"article:publisher\" content=\"https:\/\/facebook.com\/sunoresearch\" \/>\n<meta property=\"og:image\" content=\"https:\/\/files.sunoresearch.com.br\/n\/uploads\/2025\/07\/IFIX-graficos-FIIs-3-jpg.webp\" \/>\n\t<meta property=\"og:image:width\" content=\"1500\" \/>\n\t<meta property=\"og:image:height\" content=\"1000\" \/>\n\t<meta property=\"og:image:type\" content=\"image\/jpeg\" \/>\n<meta name=\"author\" content=\"Vin\u00edcius Alves\" \/>\n<meta name=\"twitter:card\" content=\"summary_large_image\" \/>\n<meta name=\"twitter:creator\" content=\"@sunoresearch\" \/>\n<meta name=\"twitter:site\" content=\"@sunoresearch\" \/>\n<meta name=\"twitter:label1\" content=\"Escrito por\" \/>\n\t<meta name=\"twitter:data1\" content=\"Vin\u00edcius Alves\" \/>\n\t<meta name=\"twitter:label2\" content=\"Est. tempo de leitura\" \/>\n\t<meta name=\"twitter:data2\" content=\"4 minutos\" \/>\n<script type=\"application\/ld+json\" class=\"yoast-schema-graph\">{\"@context\":\"https:\/\/schema.org\",\"@graph\":[{\"@type\":\"NewsArticle\",\"@id\":\"https:\/\/www.suno.com.br\/noticias\/investo-lanca-etf-foco-em-setores-essenciais-economia-brasileira\/#article\",\"isPartOf\":{\"@id\":\"https:\/\/www.suno.com.br\/noticias\/investo-lanca-etf-foco-em-setores-essenciais-economia-brasileira\/\"},\"author\":{\"name\":\"Vin\u00edcius Alves\",\"@id\":\"https:\/\/www.suno.com.br\/noticias\/#\/schema\/person\/4a180549702d0e236b3e420862bcded3\"},\"headline\":\"Investo lan\u00e7a ETF com foco em dividendos; entenda a estrat\u00e9gia\",\"datePublished\":\"2025-09-11T13:04:43+00:00\",\"dateModified\":\"2025-09-11T13:04:51+00:00\",\"mainEntityOfPage\":{\"@id\":\"https:\/\/www.suno.com.br\/noticias\/investo-lanca-etf-foco-em-setores-essenciais-economia-brasileira\/\"},\"wordCount\":577,\"publisher\":{\"@id\":\"https:\/\/www.suno.com.br\/noticias\/#organization\"},\"image\":{\"@id\":\"https:\/\/www.suno.com.br\/noticias\/investo-lanca-etf-foco-em-setores-essenciais-economia-brasileira\/#primaryimage\"},\"thumbnailUrl\":\"https:\/\/files.sunoresearch.com.br\/n\/uploads\/2025\/07\/IFIX-graficos-FIIs-3-jpg.webp\",\"keywords\":[\"B3 (B3SA3)\",\"Economia\",\"ETFs\"],\"articleSection\":[\"Neg\u00f3cios\"],\"inLanguage\":\"pt-BR\"},{\"@type\":\"WebPage\",\"@id\":\"https:\/\/www.suno.com.br\/noticias\/investo-lanca-etf-foco-em-setores-essenciais-economia-brasileira\/\",\"url\":\"https:\/\/www.suno.com.br\/noticias\/investo-lanca-etf-foco-em-setores-essenciais-economia-brasileira\/\",\"name\":\"Investo lan\u00e7a ETF com foco em dividendos; entenda a estrat\u00e9gia\",\"isPartOf\":{\"@id\":\"https:\/\/www.suno.com.br\/noticias\/#website\"},\"primaryImageOfPage\":{\"@id\":\"https:\/\/www.suno.com.br\/noticias\/investo-lanca-etf-foco-em-setores-essenciais-economia-brasileira\/#primaryimage\"},\"image\":{\"@id\":\"https:\/\/www.suno.com.br\/noticias\/investo-lanca-etf-foco-em-setores-essenciais-economia-brasileira\/#primaryimage\"},\"thumbnailUrl\":\"https:\/\/files.sunoresearch.com.br\/n\/uploads\/2025\/07\/IFIX-graficos-FIIs-3-jpg.webp\",\"datePublished\":\"2025-09-11T13:04:43+00:00\",\"dateModified\":\"2025-09-11T13:04:51+00:00\",\"description\":\"A Investo anunciou o lan\u00e7amento de um ETF que replica o desempenho de empresas consideradas pilares da economia nacional.\",\"breadcrumb\":{\"@id\":\"https:\/\/www.suno.com.br\/noticias\/investo-lanca-etf-foco-em-setores-essenciais-economia-brasileira\/#breadcrumb\"},\"inLanguage\":\"pt-BR\",\"potentialAction\":[{\"@type\":\"ReadAction\",\"target\":[\"https:\/\/www.suno.com.br\/noticias\/investo-lanca-etf-foco-em-setores-essenciais-economia-brasileira\/\"]}]},{\"@type\":\"ImageObject\",\"inLanguage\":\"pt-BR\",\"@id\":\"https:\/\/www.suno.com.br\/noticias\/investo-lanca-etf-foco-em-setores-essenciais-economia-brasileira\/#primaryimage\",\"url\":\"https:\/\/files.sunoresearch.com.br\/n\/uploads\/2025\/07\/IFIX-graficos-FIIs-3-jpg.webp\",\"contentUrl\":\"https:\/\/files.sunoresearch.com.br\/n\/uploads\/2025\/07\/IFIX-graficos-FIIs-3-jpg.webp\",\"width\":1500,\"height\":1000,\"caption\":\"ETFs- Foto: Freepik\"},{\"@type\":\"BreadcrumbList\",\"@id\":\"https:\/\/www.suno.com.br\/noticias\/investo-lanca-etf-foco-em-setores-essenciais-economia-brasileira\/#breadcrumb\",\"itemListElement\":[{\"@type\":\"ListItem\",\"position\":1,\"name\":\"Not\u00edcias\",\"item\":\"https:\/\/www.suno.com.br\/noticias\/\"},{\"@type\":\"ListItem\",\"position\":2,\"name\":\"Neg\u00f3cios\",\"item\":\"https:\/\/www.suno.com.br\/noticias\/negocios\/\"},{\"@type\":\"ListItem\",\"position\":3,\"name\":\"Investo lan\u00e7a ETF com foco em dividendos; entenda a estrat\u00e9gia\"}]},{\"@type\":\"WebSite\",\"@id\":\"https:\/\/www.suno.com.br\/noticias\/#website\",\"url\":\"https:\/\/www.suno.com.br\/noticias\/\",\"name\":\"Suno Not\u00edcias\",\"description\":\"Seu portal de informa\u00e7\u00e3o sobre o mundo dos investimentos\",\"publisher\":{\"@id\":\"https:\/\/www.suno.com.br\/noticias\/#organization\"},\"potentialAction\":[{\"@type\":\"SearchAction\",\"target\":{\"@type\":\"EntryPoint\",\"urlTemplate\":\"https:\/\/www.suno.com.br\/noticias\/?s={search_term_string}\"},\"query-input\":{\"@type\":\"PropertyValueSpecification\",\"valueRequired\":true,\"valueName\":\"search_term_string\"}}],\"inLanguage\":\"pt-BR\"},{\"@type\":\"Organization\",\"@id\":\"https:\/\/www.suno.com.br\/noticias\/#organization\",\"name\":\"Suno Not\u00edcias\",\"url\":\"https:\/\/www.suno.com.br\/noticias\/\",\"logo\":{\"@type\":\"ImageObject\",\"inLanguage\":\"pt-BR\",\"@id\":\"https:\/\/www.suno.com.br\/noticias\/#\/schema\/logo\/image\/\",\"url\":\"https:\/\/files.sunoresearch.com.br\/n\/uploads\/2021\/09\/suno-logo.png\",\"contentUrl\":\"https:\/\/files.sunoresearch.com.br\/n\/uploads\/2021\/09\/suno-logo.png\",\"width\":180,\"height\":180,\"caption\":\"Suno Not\u00edcias\"},\"image\":{\"@id\":\"https:\/\/www.suno.com.br\/noticias\/#\/schema\/logo\/image\/\"},\"sameAs\":[\"https:\/\/facebook.com\/sunoresearch\",\"https:\/\/x.com\/sunoresearch\",\"https:\/\/www.instagram.com\/suno\",\"https:\/\/www.linkedin.com\/company\/suno-research\/\",\"https:\/\/www.youtube.com\/c\/sunoresearch\"]},{\"@type\":\"Person\",\"@id\":\"https:\/\/www.suno.com.br\/noticias\/#\/schema\/person\/4a180549702d0e236b3e420862bcded3\",\"name\":\"Vin\u00edcius Alves\",\"image\":{\"@type\":\"ImageObject\",\"inLanguage\":\"pt-BR\",\"@id\":\"https:\/\/www.suno.com.br\/noticias\/#\/schema\/person\/image\/\",\"url\":\"https:\/\/secure.gravatar.com\/avatar\/a95b7fe6d1b813f7907d4f476d5a39e1?s=96&r=g\",\"contentUrl\":\"https:\/\/secure.gravatar.com\/avatar\/a95b7fe6d1b813f7907d4f476d5a39e1?s=96&r=g\",\"caption\":\"Vin\u00edcius Alves\"},\"description\":\"Jornalista formado na Faculdade C\u00e1sper L\u00edbero. Com passagens pela Ag\u00eancia Estado, InfoMoney e Editora Globo.\",\"url\":\"https:\/\/www.suno.com.br\/noticias\/author\/vini08correiagmail-com\/\"}]}<\/script>\n<!-- \/ Yoast SEO plugin. -->","yoast_head_json":{"title":"Investo lan\u00e7a ETF com foco em dividendos; entenda a estrat\u00e9gia","description":"A Investo anunciou o lan\u00e7amento de um ETF que replica o desempenho de empresas consideradas pilares da economia nacional.","robots":{"index":"index","follow":"follow","max-snippet":"max-snippet:-1","max-image-preview":"max-image-preview:large","max-video-preview":"max-video-preview:-1"},"canonical":"https:\/\/www.suno.com.br\/noticias\/investo-lanca-etf-foco-em-setores-essenciais-economia-brasileira\/","og_locale":"pt_BR","og_type":"article","og_title":"Investo lan\u00e7a ETF com foco em dividendos; entenda a estrat\u00e9gia","og_description":"A Investo anunciou o lan\u00e7amento de um ETF que replica o desempenho de empresas consideradas pilares da economia nacional.","og_url":"https:\/\/www.suno.com.br\/noticias\/investo-lanca-etf-foco-em-setores-essenciais-economia-brasileira\/","og_site_name":"Suno Not\u00edcias","article_publisher":"https:\/\/facebook.com\/sunoresearch","og_image":[{"width":1500,"height":1000,"url":"https:\/\/files.sunoresearch.com.br\/n\/uploads\/2025\/07\/IFIX-graficos-FIIs-3-jpg.webp","type":"image\/jpeg"}],"author":"Vin\u00edcius Alves","twitter_card":"summary_large_image","twitter_creator":"@sunoresearch","twitter_site":"@sunoresearch","twitter_misc":{"Escrito por":"Vin\u00edcius Alves","Est. tempo de leitura":"4 minutos"},"schema":{"@context":"https:\/\/schema.org","@graph":[{"@type":"NewsArticle","@id":"https:\/\/www.suno.com.br\/noticias\/investo-lanca-etf-foco-em-setores-essenciais-economia-brasileira\/#article","isPartOf":{"@id":"https:\/\/www.suno.com.br\/noticias\/investo-lanca-etf-foco-em-setores-essenciais-economia-brasileira\/"},"author":{"name":"Vin\u00edcius Alves","@id":"https:\/\/www.suno.com.br\/noticias\/#\/schema\/person\/4a180549702d0e236b3e420862bcded3"},"headline":"Investo lan\u00e7a ETF com foco em dividendos; entenda a estrat\u00e9gia","datePublished":"2025-09-11T13:04:43+00:00","dateModified":"2025-09-11T13:04:51+00:00","mainEntityOfPage":{"@id":"https:\/\/www.suno.com.br\/noticias\/investo-lanca-etf-foco-em-setores-essenciais-economia-brasileira\/"},"wordCount":577,"publisher":{"@id":"https:\/\/www.suno.com.br\/noticias\/#organization"},"image":{"@id":"https:\/\/www.suno.com.br\/noticias\/investo-lanca-etf-foco-em-setores-essenciais-economia-brasileira\/#primaryimage"},"thumbnailUrl":"https:\/\/files.sunoresearch.com.br\/n\/uploads\/2025\/07\/IFIX-graficos-FIIs-3-jpg.webp","keywords":["B3 (B3SA3)","Economia","ETFs"],"articleSection":["Neg\u00f3cios"],"inLanguage":"pt-BR"},{"@type":"WebPage","@id":"https:\/\/www.suno.com.br\/noticias\/investo-lanca-etf-foco-em-setores-essenciais-economia-brasileira\/","url":"https:\/\/www.suno.com.br\/noticias\/investo-lanca-etf-foco-em-setores-essenciais-economia-brasileira\/","name":"Investo lan\u00e7a ETF com foco em dividendos; entenda a estrat\u00e9gia","isPartOf":{"@id":"https:\/\/www.suno.com.br\/noticias\/#website"},"primaryImageOfPage":{"@id":"https:\/\/www.suno.com.br\/noticias\/investo-lanca-etf-foco-em-setores-essenciais-economia-brasileira\/#primaryimage"},"image":{"@id":"https:\/\/www.suno.com.br\/noticias\/investo-lanca-etf-foco-em-setores-essenciais-economia-brasileira\/#primaryimage"},"thumbnailUrl":"https:\/\/files.sunoresearch.com.br\/n\/uploads\/2025\/07\/IFIX-graficos-FIIs-3-jpg.webp","datePublished":"2025-09-11T13:04:43+00:00","dateModified":"2025-09-11T13:04:51+00:00","description":"A Investo anunciou o lan\u00e7amento de um ETF que replica o desempenho de empresas consideradas pilares da economia nacional.","breadcrumb":{"@id":"https:\/\/www.suno.com.br\/noticias\/investo-lanca-etf-foco-em-setores-essenciais-economia-brasileira\/#breadcrumb"},"inLanguage":"pt-BR","potentialAction":[{"@type":"ReadAction","target":["https:\/\/www.suno.com.br\/noticias\/investo-lanca-etf-foco-em-setores-essenciais-economia-brasileira\/"]}]},{"@type":"ImageObject","inLanguage":"pt-BR","@id":"https:\/\/www.suno.com.br\/noticias\/investo-lanca-etf-foco-em-setores-essenciais-economia-brasileira\/#primaryimage","url":"https:\/\/files.sunoresearch.com.br\/n\/uploads\/2025\/07\/IFIX-graficos-FIIs-3-jpg.webp","contentUrl":"https:\/\/files.sunoresearch.com.br\/n\/uploads\/2025\/07\/IFIX-graficos-FIIs-3-jpg.webp","width":1500,"height":1000,"caption":"ETFs- Foto: Freepik"},{"@type":"BreadcrumbList","@id":"https:\/\/www.suno.com.br\/noticias\/investo-lanca-etf-foco-em-setores-essenciais-economia-brasileira\/#breadcrumb","itemListElement":[{"@type":"ListItem","position":1,"name":"Not\u00edcias","item":"https:\/\/www.suno.com.br\/noticias\/"},{"@type":"ListItem","position":2,"name":"Neg\u00f3cios","item":"https:\/\/www.suno.com.br\/noticias\/negocios\/"},{"@type":"ListItem","position":3,"name":"Investo lan\u00e7a ETF com foco em dividendos; entenda a estrat\u00e9gia"}]},{"@type":"WebSite","@id":"https:\/\/www.suno.com.br\/noticias\/#website","url":"https:\/\/www.suno.com.br\/noticias\/","name":"Suno Not\u00edcias","description":"Seu portal de informa\u00e7\u00e3o sobre o mundo dos investimentos","publisher":{"@id":"https:\/\/www.suno.com.br\/noticias\/#organization"},"potentialAction":[{"@type":"SearchAction","target":{"@type":"EntryPoint","urlTemplate":"https:\/\/www.suno.com.br\/noticias\/?s={search_term_string}"},"query-input":{"@type":"PropertyValueSpecification","valueRequired":true,"valueName":"search_term_string"}}],"inLanguage":"pt-BR"},{"@type":"Organization","@id":"https:\/\/www.suno.com.br\/noticias\/#organization","name":"Suno Not\u00edcias","url":"https:\/\/www.suno.com.br\/noticias\/","logo":{"@type":"ImageObject","inLanguage":"pt-BR","@id":"https:\/\/www.suno.com.br\/noticias\/#\/schema\/logo\/image\/","url":"https:\/\/files.sunoresearch.com.br\/n\/uploads\/2021\/09\/suno-logo.png","contentUrl":"https:\/\/files.sunoresearch.com.br\/n\/uploads\/2021\/09\/suno-logo.png","width":180,"height":180,"caption":"Suno Not\u00edcias"},"image":{"@id":"https:\/\/www.suno.com.br\/noticias\/#\/schema\/logo\/image\/"},"sameAs":["https:\/\/facebook.com\/sunoresearch","https:\/\/x.com\/sunoresearch","https:\/\/www.instagram.com\/suno","https:\/\/www.linkedin.com\/company\/suno-research\/","https:\/\/www.youtube.com\/c\/sunoresearch"]},{"@type":"Person","@id":"https:\/\/www.suno.com.br\/noticias\/#\/schema\/person\/4a180549702d0e236b3e420862bcded3","name":"Vin\u00edcius Alves","image":{"@type":"ImageObject","inLanguage":"pt-BR","@id":"https:\/\/www.suno.com.br\/noticias\/#\/schema\/person\/image\/","url":"https:\/\/secure.gravatar.com\/avatar\/a95b7fe6d1b813f7907d4f476d5a39e1?s=96&r=g","contentUrl":"https:\/\/secure.gravatar.com\/avatar\/a95b7fe6d1b813f7907d4f476d5a39e1?s=96&r=g","caption":"Vin\u00edcius Alves"},"description":"Jornalista formado na Faculdade C\u00e1sper L\u00edbero. Com passagens pela Ag\u00eancia Estado, InfoMoney e Editora Globo.","url":"https:\/\/www.suno.com.br\/noticias\/author\/vini08correiagmail-com\/"}]}},"default_loop_html":"<div class=\"cardsPage__listCard__boxs\"><div class=\"cardsPage__listCard__boxs__img\"><a href=\"https:\/\/www.suno.com.br\/noticias\/investo-lanca-etf-foco-em-setores-essenciais-economia-brasileira\/\"><img class=\"mask\" src=\"https:\/\/www.suno.com.br\/noticias\/wp-content\/themes\/suno\/resources\/images\/spotlight\/spotlight1img\/bg-mask.png\" alt=\"Image Mask\"\/><img src=\"https:\/\/files.sunoresearch.com.br\/n\/uploads\/2025\/07\/IFIX-graficos-FIIs-3-400x200.webp\" alt=\"Investo lan\u00e7a ETF com foco em dividendos; entenda a estrat\u00e9gia\"\/><\/a><span class=\"spotlightCategory\"><a href=\"https:\/\/www.suno.com.br\/noticias\/negocios\/\">Neg\u00f3cios<\/a><\/span><\/div><div class=\"cardsPage__listCard__boxs__content\"><a href=\"https:\/\/www.suno.com.br\/noticias\/investo-lanca-etf-foco-em-setores-essenciais-economia-brasileira\/\"><h2 class=\"content__title\">Investo lan\u00e7a ETF com foco em dividendos; entenda a estrat\u00e9gia<\/h2><\/a><div class=\"newsContent__article__meta\"><div class=\"newsContent__article__meta__authorBox\"><a href=\"https:\/\/www.suno.com.br\/noticias\/author\/mairaftellesgmail-com\/\" class=\"authorBox__avatar noMobi\"><img src=\"https:\/\/secure.gravatar.com\/avatar\/8d13691eab6abc1d1050b62a4c2a6116?s=96&#038;r=g\" alt=\"Ma\u00edra Telles\"><\/a><div class=\"authorBox__name\"><span>por\n\t\t\t<a href=\"https:\/\/www.suno.com.br\/noticias\/author\/mairaftellesgmail-com\/\"><span itemprop=\"author\">Ma\u00edra Telles<\/span><\/a><\/span><time datetime=\"2025-09-11T10:04:43-03:00\" itemprop=\"datePublished\">11\/09\/2025 10:04<\/time><\/div><\/div><\/div><\/div><\/div>","single_layout":"posts","amp_enabled":true,"_links":{"self":[{"href":"https:\/\/www.suno.com.br\/noticias\/wp-json\/wp\/v2\/posts\/623876"}],"collection":[{"href":"https:\/\/www.suno.com.br\/noticias\/wp-json\/wp\/v2\/posts"}],"about":[{"href":"https:\/\/www.suno.com.br\/noticias\/wp-json\/wp\/v2\/types\/post"}],"author":[{"embeddable":true,"href":"https:\/\/www.suno.com.br\/noticias\/wp-json\/wp\/v2\/users\/301"}],"replies":[{"embeddable":true,"href":"https:\/\/www.suno.com.br\/noticias\/wp-json\/wp\/v2\/comments?post=623876"}],"version-history":[{"count":2,"href":"https:\/\/www.suno.com.br\/noticias\/wp-json\/wp\/v2\/posts\/623876\/revisions"}],"predecessor-version":[{"id":623994,"href":"https:\/\/www.suno.com.br\/noticias\/wp-json\/wp\/v2\/posts\/623876\/revisions\/623994"}],"wp:featuredmedia":[{"embeddable":true,"href":"https:\/\/www.suno.com.br\/noticias\/wp-json\/wp\/v2\/media\/616833"}],"wp:attachment":[{"href":"https:\/\/www.suno.com.br\/noticias\/wp-json\/wp\/v2\/media?parent=623876"}],"wp:term":[{"taxonomy":"category","embeddable":true,"href":"https:\/\/www.suno.com.br\/noticias\/wp-json\/wp\/v2\/categories?post=623876"},{"taxonomy":"post_tag","embeddable":true,"href":"https:\/\/www.suno.com.br\/noticias\/wp-json\/wp\/v2\/tags?post=623876"},{"taxonomy":"suno_strategy","embeddable":true,"href":"https:\/\/www.suno.com.br\/noticias\/wp-json\/wp\/v2\/suno_strategy?post=623876"}],"curies":[{"name":"wp","href":"https:\/\/api.w.org\/{rel}","templated":true}]}}