{"id":623649,"date":"2025-09-09T18:05:33","date_gmt":"2025-09-09T21:05:33","guid":{"rendered":"https:\/\/www.suno.com.br\/noticias\/?p=623649"},"modified":"2025-09-10T11:23:15","modified_gmt":"2025-09-10T14:23:15","slug":"fusao-marfrig-brf-acoes-brfs3-mrfg3-go","status":"publish","type":"post","link":"https:\/\/www.suno.com.br\/noticias\/fusao-marfrig-brf-acoes-brfs3-mrfg3-go\/","title":{"rendered":"Fus\u00e3o Marfrig-BRF: entenda o que vai acontecer com as a\u00e7\u00f5es BRFS3 e MRFG3"},"content":{"rendered":"<p>A fus\u00e3o entre <strong>Marfrig<\/strong> (<a class=\"suno-keyword\" target=\"_blank\" data-force=\"yes\" data-priority=\"2\" href=\"https:\/\/www.suno.com.br\/analitica\/acoes\/mrfg3\/\" rel=\"noopener\">MRFG3<\/a>) e <a class=\"suno-keyword\" target=\"_blank\" data-force=\"yes\" data-priority=\"2\" href=\"https:\/\/www.suno.com.br\/analitica\/acoes\/BRFS3\/\" rel=\"noopener\">BRF (<\/a><a class=\"suno-keyword\" target=\"_blank\" data-force=\"yes\" data-priority=\"2\" href=\"https:\/\/www.suno.com.br\/analitica\/acoes\/brfs3\/\" rel=\"noopener\">BRFS3<\/a>) j\u00e1 tem data para ser conclu\u00edda. As companhias informaram ao mercado nesta segunda-feira (8) que a incorpora\u00e7\u00e3o ser\u00e1 finalizada no dia 22 de setembro de 2025. Neste cen\u00e1rio, a d\u00favida que ainda pode surgir entre os acionistas de ambas companhias \u00e9: o que acontecer\u00e1 com as a\u00e7\u00f5es? <\/p>\t<div class=\"wrapper-featured-image\">\n\t\t<figure class=\"spotlightImg\">\n\n\t\t\t<picture>\n\t\t\t\t<source media=\"(max-width: 768px)\" srcset=\"https:\/\/files.sunoresearch.com.br\/n\/uploads\/2021\/03\/da639ab2-marfrig-400x200.webp\">\n\t\t\t\t<img loading=\"lazy\" decoding=\"async\" class=\"newsContent__article__imgCapa lazyloadDisabled \" src=\"https:\/\/files.sunoresearch.com.br\/n\/uploads\/2021\/03\/da639ab2-marfrig-800x450.webp\" width=\"800\" height=\"450\" alt=\"Fus\u00e3o Marfrig-BRF: entenda o que vai acontecer com as a\u00e7\u00f5es BRFS3 e MRFG3\" fetchpriority=high \/>\n\t\t\t<\/picture>\n\n\t\t\t<figcaption class=\"wp-caption-text wp-caption-text--show\">Marfrig. Foto: Divulga\u00e7\u00e3o\/Marfrig<\/figcaption>\n\t\t<\/figure>\n\t<\/div>\n\n\n\n\n\n\n\n\t<p>\n\t\t<a href=\"https:\/\/lp.suno.com.br\/planilha-da-vida-financeira\/\" target=\"_blank\" data-element=\"shortcode-suno-banner\" title=\"Banner SUNO, clique e saiba mais\">\n\t\t\t<picture>\n\t\t\t\t<source media=\"(max-width: 500px)\" srcset=\"https:\/\/files.sunoresearch.com.br\/n\/uploads\/2023\/04\/400x300-Planilha-vida-financeira-true.png\">\n\t\t\t\t<img class=\"newsContent__article__imgCapa newsContent__article__imgCapa--banner\"\n\t\t\t\t\tsrc=\"https:\/\/files.sunoresearch.com.br\/n\/uploads\/2023\/04\/1420x240-Planilha-vida-financeira-true.png\"\n\t\t\t\t\tdata-promo-id=\"106682\"\t\t\t\t\t\t\t\t\t\twidth='1420' height='240'\t\t\t\t\talt=\"https:\/\/files.sunoresearch.com.br\/n\/uploads\/2023\/04\/1420x240-Planilha-vida-financeira-true.png\"\n\t\t\t\t>\n\t\t\t<\/picture>\n\t\t<\/a>\n\t<\/p>\n\n\n\n\n\n<p>O processo de fus\u00e3o entre a <strong>BRF e Mafrig<\/strong> demorou meses para avan\u00e7ar e chegou ao fim na semana passada, ap\u00f3s a aprova\u00e7\u00e3o do Conselho Administrativo de Defesa Econ\u00f4mica (Cade). O tribunal autorizou a opera\u00e7\u00e3o, que marca o in\u00edcio de uma nova companhia, batizada de <strong>MBRF<\/strong>.<\/p>\n\n\n\n<p>O novo grupo ter\u00e1 receita de R$ 152 bilh\u00f5es ao ano e presen\u00e7a em 117 pa\u00edses, reunindo marcas como Sadia, Perdig\u00e3o, Qualy, Banvit e Bassi. A integra\u00e7\u00e3o refor\u00e7a a atua\u00e7\u00e3o nos segmentos de carne bovina, su\u00edna, de aves, industrializados, pratos prontos e pet food.<\/p>\n\n\n\n<h2 class=\"wp-block-heading\">Como ficam os acionistas de BRF (BRFS3) e <a class=\"suno-keyword\" target=\"_blank\" data-force=\"yes\" data-priority=\"2\" href=\"https:\/\/www.suno.com.br\/analitica\/acoes\/MRFG3\/\" rel=\"noopener\">Marfrig (MRFG3)<\/a>?<\/h2>\n\n\n\n<p>Com a conclus\u00e3o da opera\u00e7\u00e3o, as <strong>a\u00e7\u00f5es da BRF<\/strong> deixar\u00e3o de ser negociadas na bolsa no dia 22 de setembro. Em contrapartida, os investidores receber\u00e3o pap\u00e9is da Marfrig, que estreiam sob o ticker MBRF3 no dia 23 de setembro.<\/p>\n\n\n\n<p>A rela\u00e7\u00e3o de substitui\u00e7\u00e3o definida \u00e9 de 0,8521 a\u00e7\u00e3o da Marfrig para cada papel da BRF. Eventuais fra\u00e7\u00f5es ser\u00e3o agrupadas e vendidas em leil\u00e3o, com a distribui\u00e7\u00e3o proporcional dos valores l\u00edquidos entre os antigos acionistas da BRF.<\/p>\n\n\n\t<p>\n\t\t<a href=\"https:\/\/lp.suno.com.br\/ebook-como-analisar-uma-acao\/\" target=\"_blank\" data-element=\"shortcode-suno-banner\" title=\"Banner SUNO, clique e saiba mais\">\n\t\t\t<picture>\n\t\t\t\t<source media=\"(max-width: 500px)\" srcset=\"https:\/\/files.sunoresearch.com.br\/n\/uploads\/2023\/03\/Ebook-Acoes-Mobile.jpg\">\n\t\t\t\t<img class=\"newsContent__article__imgCapa newsContent__article__imgCapa--banner\"\n\t\t\t\t\tsrc=\"https:\/\/files.sunoresearch.com.br\/n\/uploads\/2023\/03\/Ebook-Acoes-Desktop.jpg\"\n\t\t\t\t\tdata-promo-id=\"378302\"\t\t\t\t\t\t\t\t\t\twidth='1420' height='286'\t\t\t\t\talt=\"https:\/\/files.sunoresearch.com.br\/n\/uploads\/2023\/03\/Ebook-Acoes-Desktop.jpg\"\n\t\t\t\t>\n\t\t\t<\/picture>\n\t\t<\/a>\n\t<\/p>\n\n\n\n\n\n<p>Durante o processo, houve exerc\u00edcio de <a class=\"suno-keyword\" target=\"_blank\" data-force=\"no\" data-priority=\"1\" href=\"https:\/\/www.suno.com.br\/artigos\/direito-de-retirada\/\" rel=\"noopener\">direito de retirada<\/a>. Foram 9,98 milh\u00f5es de a\u00e7\u00f5es da BRF e apenas 5 <strong>a\u00e7\u00f5es da Marfrig<\/strong>, totalizando reembolso de R$ 198,5 milh\u00f5es e R$ 16,60, respectivamente. Segundo as companhias, os valores n\u00e3o impactam a <a class=\"suno-keyword\" target=\"_blank\" data-force=\"no\" data-priority=\"1\" href=\"https:\/\/www.suno.com.br\/artigos\/saude-financeira\/\" rel=\"noopener\">sa\u00fade financeira<\/a> do grupo.<\/p>\n\n\n\n<p>Al\u00e9m disso, os conselhos aprovaram distribui\u00e7\u00f5es de proventos. A BRF anunciou R$ 3,32 bilh\u00f5es, sendo R$ 2,92 bilh\u00f5es em <a class=\"suno-keyword\" target=\"_blank\" data-force=\"no\" data-priority=\"1\" href=\"https:\/\/www.suno.com.br\/guias\/dividendos\/\" rel=\"noopener\">dividendos<\/a> e R$ 400 milh\u00f5es em <a class=\"suno-keyword\" target=\"_blank\" data-force=\"no\" data-priority=\"1\" href=\"https:\/\/www.suno.com.br\/artigos\/entenda-o-jcp\/\" rel=\"noopener\">juros sobre capital pr\u00f3prio<\/a>, o que equivale a R$ 1,83 por a\u00e7\u00e3o em dividendos e R$ 0,25 em JCP. J\u00e1 a Marfrig declarou R$ 2,34 bilh\u00f5es em dividendos, correspondendo a R$ 2,81 por a\u00e7\u00e3o.<\/p>\n\n\n\n<p>Os pagamentos ser\u00e3o feitos em parcela \u00fanica: 29 de setembro para acionistas da BRF e 30 de setembro para acionistas da Marfrig, considerando a posi\u00e7\u00e3o acion\u00e1ria de 18 de setembro. A partir de 19 de setembro, os pap\u00e9is passam a ser negociados ex-dividendos e JCP.<\/p>\n\n\n\n<p>A <strong>Marfrig<\/strong> e a BRF tamb\u00e9m anunciaram que publicar\u00e3o avisos aos acionistas com informa\u00e7\u00f5es detalhadas sobre os procedimentos de reembolso, distribui\u00e7\u00e3o de proventos e regras espec\u00edficas para investidores n\u00e3o residentes, incluindo reten\u00e7\u00e3o de <a class=\"suno-keyword\" target=\"_blank\" data-force=\"no\" data-priority=\"2\" href=\"https:\/\/www.suno.com.br\/guias\/imposto-de-renda-guia\/\" rel=\"noopener\">imposto de renda<\/a> sobre eventual <a class=\"suno-keyword\" target=\"_blank\" data-force=\"no\" data-priority=\"1\" href=\"https:\/\/www.suno.com.br\/artigos\/ganho-de-capital\/\" rel=\"noopener\">ganho de capital<\/a>.<\/p>\n\n\n\t<p>\n\t\t<a href=\"https:\/\/lp.suno.com.br\/planilha-da-vida-financeira\/\" target=\"_blank\" data-element=\"shortcode-suno-banner\" title=\"Banner SUNO, clique e saiba mais\">\n\t\t\t<picture>\n\t\t\t\t<source media=\"(max-width: 500px)\" srcset=\"https:\/\/files.sunoresearch.com.br\/n\/uploads\/2023\/04\/400x300-Planilha-vida-financeira-true.png\">\n\t\t\t\t<img class=\"newsContent__article__imgCapa newsContent__article__imgCapa--banner\"\n\t\t\t\t\tsrc=\"https:\/\/files.sunoresearch.com.br\/n\/uploads\/2023\/04\/1420x240-Planilha-vida-financeira-true.png\"\n\t\t\t\t\tdata-promo-id=\"383123\"\t\t\t\t\t\t\t\t\t\twidth='1420' height='240'\t\t\t\t\talt=\"https:\/\/files.sunoresearch.com.br\/n\/uploads\/2023\/04\/1420x240-Planilha-vida-financeira-true.png\"\n\t\t\t\t>\n\t\t\t<\/picture>\n\t\t<\/a>\n\t<\/p>\n\n\n","protected":false},"excerpt":{"rendered":"<p>A fus\u00e3o entre Marfrig (MRFG3) e BRF (BRFS3) j\u00e1 tem data para ser conclu\u00edda. As companhias informaram ao mercado nesta segunda-feira (8) que a incorpora\u00e7\u00e3o ser\u00e1 finalizada no dia 22 de setembro de 2025. Neste cen\u00e1rio, a d\u00favida que ainda pode surgir entre os acionistas de ambas companhias \u00e9: o que acontecer\u00e1 com as a\u00e7\u00f5es? [&hellip;]<\/p>\n","protected":false},"author":404,"featured_media":130398,"comment_status":"closed","ping_status":"closed","sticky":false,"template":"","format":"standard","meta":[],"categories":[64],"tags":[397,552],"suno_strategy":[],"class_list":["post-623649","post","type-post","status-publish","format-standard","has-post-thumbnail","hentry","category-negocios","tag-brf-brfs3","tag-marfrig-mrfg3"],"yoast_head":"<!-- This site is optimized with the Yoast SEO plugin v24.4 - https:\/\/yoast.com\/wordpress\/plugins\/seo\/ -->\n<title>Fus\u00e3o Marfrig e BRF: o que muda para a\u00e7\u00f5es BRFS3 e MRFG3<\/title>\n<meta name=\"description\" content=\"A fus\u00e3o entre Marfrig e BRF ser\u00e1 conclu\u00edda em 22 de setembro. Saiba como ficam as a\u00e7\u00f5es BRFS3 e MRFG3. Clique e saiba mais!\" \/>\n<meta name=\"robots\" content=\"index, follow, max-snippet:-1, max-image-preview:large, max-video-preview:-1\" \/>\n<link rel=\"canonical\" href=\"https:\/\/www.suno.com.br\/noticias\/fusao-marfrig-brf-acoes-brfs3-mrfg3-go\/\" \/>\n<meta property=\"og:locale\" content=\"pt_BR\" \/>\n<meta property=\"og:type\" content=\"article\" \/>\n<meta property=\"og:title\" content=\"Fus\u00e3o Marfrig e BRF: o que muda para a\u00e7\u00f5es BRFS3 e MRFG3\" \/>\n<meta property=\"og:description\" content=\"A fus\u00e3o entre Marfrig e BRF ser\u00e1 conclu\u00edda em 22 de setembro. Saiba como ficam as a\u00e7\u00f5es BRFS3 e MRFG3. Clique e saiba mais!\" \/>\n<meta property=\"og:url\" content=\"https:\/\/www.suno.com.br\/noticias\/fusao-marfrig-brf-acoes-brfs3-mrfg3-go\/\" \/>\n<meta property=\"og:site_name\" content=\"Suno Not\u00edcias\" \/>\n<meta property=\"article:publisher\" content=\"https:\/\/facebook.com\/sunoresearch\" \/>\n<meta property=\"og:image\" content=\"https:\/\/files.sunoresearch.com.br\/n\/uploads\/2021\/03\/da639ab2-marfrig-jpg.webp\" \/>\n\t<meta property=\"og:image:width\" content=\"1200\" \/>\n\t<meta property=\"og:image:height\" content=\"800\" \/>\n\t<meta property=\"og:image:type\" content=\"image\/jpeg\" \/>\n<meta name=\"author\" content=\"Giovanna Oliveira\" \/>\n<meta name=\"twitter:card\" content=\"summary_large_image\" \/>\n<meta name=\"twitter:creator\" content=\"@sunoresearch\" \/>\n<meta name=\"twitter:site\" content=\"@sunoresearch\" \/>\n<meta name=\"twitter:label1\" content=\"Escrito por\" \/>\n\t<meta name=\"twitter:data1\" content=\"Giovanna Oliveira\" \/>\n\t<meta name=\"twitter:label2\" content=\"Est. tempo de leitura\" \/>\n\t<meta name=\"twitter:data2\" content=\"3 minutos\" \/>\n<script type=\"application\/ld+json\" class=\"yoast-schema-graph\">{\"@context\":\"https:\/\/schema.org\",\"@graph\":[{\"@type\":\"NewsArticle\",\"@id\":\"https:\/\/www.suno.com.br\/noticias\/fusao-marfrig-brf-acoes-brfs3-mrfg3-go\/#article\",\"isPartOf\":{\"@id\":\"https:\/\/www.suno.com.br\/noticias\/fusao-marfrig-brf-acoes-brfs3-mrfg3-go\/\"},\"author\":{\"name\":\"Giovanna Oliveira\",\"@id\":\"https:\/\/www.suno.com.br\/noticias\/#\/schema\/person\/506bb13f624e6983050ae5bf648c7a54\"},\"headline\":\"Fus\u00e3o Marfrig-BRF: entenda o que vai acontecer com as a\u00e7\u00f5es BRFS3 e MRFG3\",\"datePublished\":\"2025-09-09T21:05:33+00:00\",\"dateModified\":\"2025-09-10T14:23:15+00:00\",\"mainEntityOfPage\":{\"@id\":\"https:\/\/www.suno.com.br\/noticias\/fusao-marfrig-brf-acoes-brfs3-mrfg3-go\/\"},\"wordCount\":481,\"publisher\":{\"@id\":\"https:\/\/www.suno.com.br\/noticias\/#organization\"},\"image\":{\"@id\":\"https:\/\/www.suno.com.br\/noticias\/fusao-marfrig-brf-acoes-brfs3-mrfg3-go\/#primaryimage\"},\"thumbnailUrl\":\"https:\/\/files.sunoresearch.com.br\/n\/uploads\/2021\/03\/da639ab2-marfrig-jpg.webp\",\"keywords\":[\"BRF (BRFS3)\",\"Marfrig (MRFG3)\"],\"articleSection\":[\"Neg\u00f3cios\"],\"inLanguage\":\"pt-BR\"},{\"@type\":\"WebPage\",\"@id\":\"https:\/\/www.suno.com.br\/noticias\/fusao-marfrig-brf-acoes-brfs3-mrfg3-go\/\",\"url\":\"https:\/\/www.suno.com.br\/noticias\/fusao-marfrig-brf-acoes-brfs3-mrfg3-go\/\",\"name\":\"Fus\u00e3o Marfrig e BRF: o que muda para a\u00e7\u00f5es BRFS3 e MRFG3\",\"isPartOf\":{\"@id\":\"https:\/\/www.suno.com.br\/noticias\/#website\"},\"primaryImageOfPage\":{\"@id\":\"https:\/\/www.suno.com.br\/noticias\/fusao-marfrig-brf-acoes-brfs3-mrfg3-go\/#primaryimage\"},\"image\":{\"@id\":\"https:\/\/www.suno.com.br\/noticias\/fusao-marfrig-brf-acoes-brfs3-mrfg3-go\/#primaryimage\"},\"thumbnailUrl\":\"https:\/\/files.sunoresearch.com.br\/n\/uploads\/2021\/03\/da639ab2-marfrig-jpg.webp\",\"datePublished\":\"2025-09-09T21:05:33+00:00\",\"dateModified\":\"2025-09-10T14:23:15+00:00\",\"description\":\"A fus\u00e3o entre Marfrig e BRF ser\u00e1 conclu\u00edda em 22 de setembro. Saiba como ficam as a\u00e7\u00f5es BRFS3 e MRFG3. Clique e saiba mais!\",\"breadcrumb\":{\"@id\":\"https:\/\/www.suno.com.br\/noticias\/fusao-marfrig-brf-acoes-brfs3-mrfg3-go\/#breadcrumb\"},\"inLanguage\":\"pt-BR\",\"potentialAction\":[{\"@type\":\"ReadAction\",\"target\":[\"https:\/\/www.suno.com.br\/noticias\/fusao-marfrig-brf-acoes-brfs3-mrfg3-go\/\"]}]},{\"@type\":\"ImageObject\",\"inLanguage\":\"pt-BR\",\"@id\":\"https:\/\/www.suno.com.br\/noticias\/fusao-marfrig-brf-acoes-brfs3-mrfg3-go\/#primaryimage\",\"url\":\"https:\/\/files.sunoresearch.com.br\/n\/uploads\/2021\/03\/da639ab2-marfrig-jpg.webp\",\"contentUrl\":\"https:\/\/files.sunoresearch.com.br\/n\/uploads\/2021\/03\/da639ab2-marfrig-jpg.webp\",\"width\":1200,\"height\":800,\"caption\":\"Marfrig. Foto: Divulga\u00e7\u00e3o\/Marfrig\"},{\"@type\":\"BreadcrumbList\",\"@id\":\"https:\/\/www.suno.com.br\/noticias\/fusao-marfrig-brf-acoes-brfs3-mrfg3-go\/#breadcrumb\",\"itemListElement\":[{\"@type\":\"ListItem\",\"position\":1,\"name\":\"Not\u00edcias\",\"item\":\"https:\/\/www.suno.com.br\/noticias\/\"},{\"@type\":\"ListItem\",\"position\":2,\"name\":\"Neg\u00f3cios\",\"item\":\"https:\/\/www.suno.com.br\/noticias\/negocios\/\"},{\"@type\":\"ListItem\",\"position\":3,\"name\":\"Fus\u00e3o Marfrig-BRF: entenda o que vai acontecer com as a\u00e7\u00f5es BRFS3 e MRFG3\"}]},{\"@type\":\"WebSite\",\"@id\":\"https:\/\/www.suno.com.br\/noticias\/#website\",\"url\":\"https:\/\/www.suno.com.br\/noticias\/\",\"name\":\"Suno Not\u00edcias\",\"description\":\"Seu portal de informa\u00e7\u00e3o sobre o mundo dos investimentos\",\"publisher\":{\"@id\":\"https:\/\/www.suno.com.br\/noticias\/#organization\"},\"potentialAction\":[{\"@type\":\"SearchAction\",\"target\":{\"@type\":\"EntryPoint\",\"urlTemplate\":\"https:\/\/www.suno.com.br\/noticias\/?s={search_term_string}\"},\"query-input\":{\"@type\":\"PropertyValueSpecification\",\"valueRequired\":true,\"valueName\":\"search_term_string\"}}],\"inLanguage\":\"pt-BR\"},{\"@type\":\"Organization\",\"@id\":\"https:\/\/www.suno.com.br\/noticias\/#organization\",\"name\":\"Suno Not\u00edcias\",\"url\":\"https:\/\/www.suno.com.br\/noticias\/\",\"logo\":{\"@type\":\"ImageObject\",\"inLanguage\":\"pt-BR\",\"@id\":\"https:\/\/www.suno.com.br\/noticias\/#\/schema\/logo\/image\/\",\"url\":\"https:\/\/files.sunoresearch.com.br\/n\/uploads\/2021\/09\/suno-logo.png\",\"contentUrl\":\"https:\/\/files.sunoresearch.com.br\/n\/uploads\/2021\/09\/suno-logo.png\",\"width\":180,\"height\":180,\"caption\":\"Suno Not\u00edcias\"},\"image\":{\"@id\":\"https:\/\/www.suno.com.br\/noticias\/#\/schema\/logo\/image\/\"},\"sameAs\":[\"https:\/\/facebook.com\/sunoresearch\",\"https:\/\/x.com\/sunoresearch\",\"https:\/\/www.instagram.com\/suno\",\"https:\/\/www.linkedin.com\/company\/suno-research\/\",\"https:\/\/www.youtube.com\/c\/sunoresearch\"]},{\"@type\":\"Person\",\"@id\":\"https:\/\/www.suno.com.br\/noticias\/#\/schema\/person\/506bb13f624e6983050ae5bf648c7a54\",\"name\":\"Giovanna Oliveira\",\"image\":{\"@type\":\"ImageObject\",\"inLanguage\":\"pt-BR\",\"@id\":\"https:\/\/www.suno.com.br\/noticias\/#\/schema\/person\/image\/\",\"url\":\"https:\/\/secure.gravatar.com\/avatar\/8d180e5cea232a9bb3af521589b133fa?s=96&r=g\",\"contentUrl\":\"https:\/\/secure.gravatar.com\/avatar\/8d180e5cea232a9bb3af521589b133fa?s=96&r=g\",\"caption\":\"Giovanna Oliveira\"},\"description\":\"Jornalista com mais de sete anos de experi\u00eancia na cobertura de finan\u00e7as e economia. P\u00f3s-graduada em Neg\u00f3cios e Inova\u00e7\u00e3o (ESPM-SP) e mestranda em Finan\u00e7as (UADE Business School\u2013Buenos Aires).\",\"url\":\"https:\/\/www.suno.com.br\/noticias\/author\/giovannalmd-oliveiragmail-com\/\"}]}<\/script>\n<!-- \/ Yoast SEO plugin. -->","yoast_head_json":{"title":"Fus\u00e3o Marfrig e BRF: o que muda para a\u00e7\u00f5es BRFS3 e MRFG3","description":"A fus\u00e3o entre Marfrig e BRF ser\u00e1 conclu\u00edda em 22 de setembro. Saiba como ficam as a\u00e7\u00f5es BRFS3 e MRFG3. Clique e saiba mais!","robots":{"index":"index","follow":"follow","max-snippet":"max-snippet:-1","max-image-preview":"max-image-preview:large","max-video-preview":"max-video-preview:-1"},"canonical":"https:\/\/www.suno.com.br\/noticias\/fusao-marfrig-brf-acoes-brfs3-mrfg3-go\/","og_locale":"pt_BR","og_type":"article","og_title":"Fus\u00e3o Marfrig e BRF: o que muda para a\u00e7\u00f5es BRFS3 e MRFG3","og_description":"A fus\u00e3o entre Marfrig e BRF ser\u00e1 conclu\u00edda em 22 de setembro. Saiba como ficam as a\u00e7\u00f5es BRFS3 e MRFG3. Clique e saiba mais!","og_url":"https:\/\/www.suno.com.br\/noticias\/fusao-marfrig-brf-acoes-brfs3-mrfg3-go\/","og_site_name":"Suno Not\u00edcias","article_publisher":"https:\/\/facebook.com\/sunoresearch","og_image":[{"width":1200,"height":800,"url":"https:\/\/files.sunoresearch.com.br\/n\/uploads\/2021\/03\/da639ab2-marfrig-jpg.webp","type":"image\/jpeg"}],"author":"Giovanna Oliveira","twitter_card":"summary_large_image","twitter_creator":"@sunoresearch","twitter_site":"@sunoresearch","twitter_misc":{"Escrito por":"Giovanna Oliveira","Est. tempo de leitura":"3 minutos"},"schema":{"@context":"https:\/\/schema.org","@graph":[{"@type":"NewsArticle","@id":"https:\/\/www.suno.com.br\/noticias\/fusao-marfrig-brf-acoes-brfs3-mrfg3-go\/#article","isPartOf":{"@id":"https:\/\/www.suno.com.br\/noticias\/fusao-marfrig-brf-acoes-brfs3-mrfg3-go\/"},"author":{"name":"Giovanna Oliveira","@id":"https:\/\/www.suno.com.br\/noticias\/#\/schema\/person\/506bb13f624e6983050ae5bf648c7a54"},"headline":"Fus\u00e3o Marfrig-BRF: entenda o que vai acontecer com as a\u00e7\u00f5es BRFS3 e MRFG3","datePublished":"2025-09-09T21:05:33+00:00","dateModified":"2025-09-10T14:23:15+00:00","mainEntityOfPage":{"@id":"https:\/\/www.suno.com.br\/noticias\/fusao-marfrig-brf-acoes-brfs3-mrfg3-go\/"},"wordCount":481,"publisher":{"@id":"https:\/\/www.suno.com.br\/noticias\/#organization"},"image":{"@id":"https:\/\/www.suno.com.br\/noticias\/fusao-marfrig-brf-acoes-brfs3-mrfg3-go\/#primaryimage"},"thumbnailUrl":"https:\/\/files.sunoresearch.com.br\/n\/uploads\/2021\/03\/da639ab2-marfrig-jpg.webp","keywords":["BRF (BRFS3)","Marfrig (MRFG3)"],"articleSection":["Neg\u00f3cios"],"inLanguage":"pt-BR"},{"@type":"WebPage","@id":"https:\/\/www.suno.com.br\/noticias\/fusao-marfrig-brf-acoes-brfs3-mrfg3-go\/","url":"https:\/\/www.suno.com.br\/noticias\/fusao-marfrig-brf-acoes-brfs3-mrfg3-go\/","name":"Fus\u00e3o Marfrig e BRF: o que muda para a\u00e7\u00f5es BRFS3 e MRFG3","isPartOf":{"@id":"https:\/\/www.suno.com.br\/noticias\/#website"},"primaryImageOfPage":{"@id":"https:\/\/www.suno.com.br\/noticias\/fusao-marfrig-brf-acoes-brfs3-mrfg3-go\/#primaryimage"},"image":{"@id":"https:\/\/www.suno.com.br\/noticias\/fusao-marfrig-brf-acoes-brfs3-mrfg3-go\/#primaryimage"},"thumbnailUrl":"https:\/\/files.sunoresearch.com.br\/n\/uploads\/2021\/03\/da639ab2-marfrig-jpg.webp","datePublished":"2025-09-09T21:05:33+00:00","dateModified":"2025-09-10T14:23:15+00:00","description":"A fus\u00e3o entre Marfrig e BRF ser\u00e1 conclu\u00edda em 22 de setembro. Saiba como ficam as a\u00e7\u00f5es BRFS3 e MRFG3. Clique e saiba mais!","breadcrumb":{"@id":"https:\/\/www.suno.com.br\/noticias\/fusao-marfrig-brf-acoes-brfs3-mrfg3-go\/#breadcrumb"},"inLanguage":"pt-BR","potentialAction":[{"@type":"ReadAction","target":["https:\/\/www.suno.com.br\/noticias\/fusao-marfrig-brf-acoes-brfs3-mrfg3-go\/"]}]},{"@type":"ImageObject","inLanguage":"pt-BR","@id":"https:\/\/www.suno.com.br\/noticias\/fusao-marfrig-brf-acoes-brfs3-mrfg3-go\/#primaryimage","url":"https:\/\/files.sunoresearch.com.br\/n\/uploads\/2021\/03\/da639ab2-marfrig-jpg.webp","contentUrl":"https:\/\/files.sunoresearch.com.br\/n\/uploads\/2021\/03\/da639ab2-marfrig-jpg.webp","width":1200,"height":800,"caption":"Marfrig. Foto: Divulga\u00e7\u00e3o\/Marfrig"},{"@type":"BreadcrumbList","@id":"https:\/\/www.suno.com.br\/noticias\/fusao-marfrig-brf-acoes-brfs3-mrfg3-go\/#breadcrumb","itemListElement":[{"@type":"ListItem","position":1,"name":"Not\u00edcias","item":"https:\/\/www.suno.com.br\/noticias\/"},{"@type":"ListItem","position":2,"name":"Neg\u00f3cios","item":"https:\/\/www.suno.com.br\/noticias\/negocios\/"},{"@type":"ListItem","position":3,"name":"Fus\u00e3o Marfrig-BRF: entenda o que vai acontecer com as a\u00e7\u00f5es BRFS3 e MRFG3"}]},{"@type":"WebSite","@id":"https:\/\/www.suno.com.br\/noticias\/#website","url":"https:\/\/www.suno.com.br\/noticias\/","name":"Suno Not\u00edcias","description":"Seu portal de informa\u00e7\u00e3o sobre o mundo dos investimentos","publisher":{"@id":"https:\/\/www.suno.com.br\/noticias\/#organization"},"potentialAction":[{"@type":"SearchAction","target":{"@type":"EntryPoint","urlTemplate":"https:\/\/www.suno.com.br\/noticias\/?s={search_term_string}"},"query-input":{"@type":"PropertyValueSpecification","valueRequired":true,"valueName":"search_term_string"}}],"inLanguage":"pt-BR"},{"@type":"Organization","@id":"https:\/\/www.suno.com.br\/noticias\/#organization","name":"Suno Not\u00edcias","url":"https:\/\/www.suno.com.br\/noticias\/","logo":{"@type":"ImageObject","inLanguage":"pt-BR","@id":"https:\/\/www.suno.com.br\/noticias\/#\/schema\/logo\/image\/","url":"https:\/\/files.sunoresearch.com.br\/n\/uploads\/2021\/09\/suno-logo.png","contentUrl":"https:\/\/files.sunoresearch.com.br\/n\/uploads\/2021\/09\/suno-logo.png","width":180,"height":180,"caption":"Suno Not\u00edcias"},"image":{"@id":"https:\/\/www.suno.com.br\/noticias\/#\/schema\/logo\/image\/"},"sameAs":["https:\/\/facebook.com\/sunoresearch","https:\/\/x.com\/sunoresearch","https:\/\/www.instagram.com\/suno","https:\/\/www.linkedin.com\/company\/suno-research\/","https:\/\/www.youtube.com\/c\/sunoresearch"]},{"@type":"Person","@id":"https:\/\/www.suno.com.br\/noticias\/#\/schema\/person\/506bb13f624e6983050ae5bf648c7a54","name":"Giovanna Oliveira","image":{"@type":"ImageObject","inLanguage":"pt-BR","@id":"https:\/\/www.suno.com.br\/noticias\/#\/schema\/person\/image\/","url":"https:\/\/secure.gravatar.com\/avatar\/8d180e5cea232a9bb3af521589b133fa?s=96&r=g","contentUrl":"https:\/\/secure.gravatar.com\/avatar\/8d180e5cea232a9bb3af521589b133fa?s=96&r=g","caption":"Giovanna Oliveira"},"description":"Jornalista com mais de sete anos de experi\u00eancia na cobertura de finan\u00e7as e economia. P\u00f3s-graduada em Neg\u00f3cios e Inova\u00e7\u00e3o (ESPM-SP) e mestranda em Finan\u00e7as (UADE Business School\u2013Buenos Aires).","url":"https:\/\/www.suno.com.br\/noticias\/author\/giovannalmd-oliveiragmail-com\/"}]}},"default_loop_html":"<div class=\"cardsPage__listCard__boxs\"><div class=\"cardsPage__listCard__boxs__img\"><a href=\"https:\/\/www.suno.com.br\/noticias\/fusao-marfrig-brf-acoes-brfs3-mrfg3-go\/\"><img class=\"mask\" src=\"https:\/\/www.suno.com.br\/noticias\/wp-content\/themes\/suno\/resources\/images\/spotlight\/spotlight1img\/bg-mask.png\" alt=\"Image Mask\"\/><img src=\"https:\/\/files.sunoresearch.com.br\/n\/uploads\/2021\/03\/da639ab2-marfrig-400x200.webp\" alt=\"Fus\u00e3o Marfrig-BRF: entenda o que vai acontecer com as a\u00e7\u00f5es BRFS3 e MRFG3\"\/><\/a><span class=\"spotlightCategory\"><a href=\"https:\/\/www.suno.com.br\/noticias\/negocios\/\">Neg\u00f3cios<\/a><\/span><\/div><div class=\"cardsPage__listCard__boxs__content\"><a href=\"https:\/\/www.suno.com.br\/noticias\/fusao-marfrig-brf-acoes-brfs3-mrfg3-go\/\"><h2 class=\"content__title\">Fus\u00e3o Marfrig-BRF: entenda o que vai acontecer com as a\u00e7\u00f5es BRFS3 e MRFG3<\/h2><\/a><div class=\"newsContent__article__meta\"><div class=\"newsContent__article__meta__authorBox\"><a href=\"https:\/\/www.suno.com.br\/noticias\/author\/giovannalmd-oliveiragmail-com\/\" class=\"authorBox__avatar noMobi\"><img src=\"https:\/\/secure.gravatar.com\/avatar\/8d180e5cea232a9bb3af521589b133fa?s=96&#038;r=g\" alt=\"Giovanna Oliveira\"><\/a><div class=\"authorBox__name\"><span>por\n\t\t\t<a href=\"https:\/\/www.suno.com.br\/noticias\/author\/giovannalmd-oliveiragmail-com\/\"><span itemprop=\"author\">Giovanna Oliveira<\/span><\/a><\/span><time datetime=\"2025-09-09T18:05:33-03:00\" itemprop=\"datePublished\">09\/09\/2025 18:05<\/time><\/div><\/div><\/div><\/div><\/div>","single_layout":"posts","amp_enabled":true,"_links":{"self":[{"href":"https:\/\/www.suno.com.br\/noticias\/wp-json\/wp\/v2\/posts\/623649"}],"collection":[{"href":"https:\/\/www.suno.com.br\/noticias\/wp-json\/wp\/v2\/posts"}],"about":[{"href":"https:\/\/www.suno.com.br\/noticias\/wp-json\/wp\/v2\/types\/post"}],"author":[{"embeddable":true,"href":"https:\/\/www.suno.com.br\/noticias\/wp-json\/wp\/v2\/users\/404"}],"replies":[{"embeddable":true,"href":"https:\/\/www.suno.com.br\/noticias\/wp-json\/wp\/v2\/comments?post=623649"}],"version-history":[{"count":2,"href":"https:\/\/www.suno.com.br\/noticias\/wp-json\/wp\/v2\/posts\/623649\/revisions"}],"predecessor-version":[{"id":623667,"href":"https:\/\/www.suno.com.br\/noticias\/wp-json\/wp\/v2\/posts\/623649\/revisions\/623667"}],"wp:featuredmedia":[{"embeddable":true,"href":"https:\/\/www.suno.com.br\/noticias\/wp-json\/wp\/v2\/media\/130398"}],"wp:attachment":[{"href":"https:\/\/www.suno.com.br\/noticias\/wp-json\/wp\/v2\/media?parent=623649"}],"wp:term":[{"taxonomy":"category","embeddable":true,"href":"https:\/\/www.suno.com.br\/noticias\/wp-json\/wp\/v2\/categories?post=623649"},{"taxonomy":"post_tag","embeddable":true,"href":"https:\/\/www.suno.com.br\/noticias\/wp-json\/wp\/v2\/tags?post=623649"},{"taxonomy":"suno_strategy","embeddable":true,"href":"https:\/\/www.suno.com.br\/noticias\/wp-json\/wp\/v2\/suno_strategy?post=623649"}],"curies":[{"name":"wp","href":"https:\/\/api.w.org\/{rel}","templated":true}]}}