{"id":623630,"date":"2025-09-09T16:26:13","date_gmt":"2025-09-09T19:26:13","guid":{"rendered":"https:\/\/www.suno.com.br\/noticias\/?p=623630"},"modified":"2025-09-09T16:26:19","modified_gmt":"2025-09-09T19:26:19","slug":"gare11-compra-2-imoveis-de-varejo-rs","status":"publish","type":"post","link":"https:\/\/www.suno.com.br\/noticias\/gare11-compra-2-imoveis-de-varejo-rs\/","title":{"rendered":"GARE11 compra 2 im\u00f3veis de varejo no RS; confira valor e detalhes da negocia\u00e7\u00e3o"},"content":{"rendered":"<p>O fundo imobili\u00e1rio <strong>GARE11<\/strong> anunciou a assinatura de contrato para a compra de dois im\u00f3veis comerciais no Rio Grande do Sul. A opera\u00e7\u00e3o foi avaliada em R$ 32,3 milh\u00f5es e ambos est\u00e3o locados \u00e0 Desco, empresa varejistas da regi\u00e3o Sul do pa\u00eds e integrante do Grupo Imec, com forte atua\u00e7\u00e3o no segmento de atacarejo.<\/p>\t<div class=\"wrapper-featured-image\">\n\t\t<figure class=\"spotlightImg\">\n\n\t\t\t<picture>\n\t\t\t\t<source media=\"(max-width: 768px)\" srcset=\"https:\/\/files.sunoresearch.com.br\/n\/uploads\/2025\/09\/GARE11-Desco-RS-400x200.webp\">\n\t\t\t\t<img loading=\"lazy\" decoding=\"async\" class=\"newsContent__article__imgCapa lazyloadDisabled \" src=\"https:\/\/files.sunoresearch.com.br\/n\/uploads\/2025\/09\/GARE11-Desco-RS-800x450.webp\" width=\"800\" height=\"450\" alt=\"GARE11 compra 2 im\u00f3veis de varejo no RS; confira valor e detalhes da negocia\u00e7\u00e3o\" fetchpriority=high \/>\n\t\t\t<\/picture>\n\n\t\t\t<figcaption class=\"wp-caption-text wp-caption-text--show\">Desco passa a figurar entre locat\u00e1rios do GARE11 - Foto: Divulga\u00e7\u00e3o<\/figcaption>\n\t\t<\/figure>\n\t<\/div>\n\n\n\n\n\n\t<p>\n\t\t<a href=\"https:\/\/lp.suno.com.br\/minicurso-investindo-fiis\/\" target=\"_blank\" data-element=\"shortcode-suno-banner\" title=\"Banner SUNO, clique e saiba mais\">\n\t\t\t<picture>\n\t\t\t\t<source media=\"(max-width: 500px)\" srcset=\"https:\/\/files.sunoresearch.com.br\/n\/uploads\/2023\/03\/400x300-Minicurso-FIIS.png\">\n\t\t\t\t<img class=\"newsContent__article__imgCapa newsContent__article__imgCapa--banner\"\n\t\t\t\t\tsrc=\"https:\/\/files.sunoresearch.com.br\/n\/uploads\/2023\/03\/1420x240-Minicurso-FIIS.png\"\n\t\t\t\t\tdata-promo-id=\"383125\"\t\t\t\t\t\t\t\t\t\twidth='1420' height='240'\t\t\t\t\talt=\"https:\/\/files.sunoresearch.com.br\/n\/uploads\/2023\/03\/1420x240-Minicurso-FIIS.png\"\n\t\t\t\t>\n\t\t\t<\/picture>\n\t\t<\/a>\n\t<\/p>\n\n\n\n\n\n<p>A opera\u00e7\u00e3o foi firmada a um <a class=\"suno-keyword\" target=\"_blank\" data-force=\"no\" data-priority=\"1\" href=\"https:\/\/www.suno.com.br\/artigos\/cap-rate\/\" rel=\"noopener\">cap rate<\/a> de 10,20% e ser\u00e1 realizada sem alavancagem, refor\u00e7ando o compromisso do GARE11 em manter seus n\u00edveis de endividamento sob controle. O pagamento de R$ 32,3 milh\u00f5es ser\u00e1 feito integralmente no ato da lavratura das escrituras, utilizando recursos pr\u00f3prios e cotas do fundo.<\/p>\n\n\n\n<p>Os contratos de loca\u00e7\u00e3o s\u00e3o at\u00edpicos, com prazo total de 180 meses (15 anos) e reajuste anual pelo IPCA. Essa estrutura contratual oferece previsibilidade de receita de <a class=\"suno-keyword\" target=\"_blank\" data-force=\"no\" data-priority=\"1\" href=\"https:\/\/www.suno.com.br\/artigos\/longo-prazo\/\" rel=\"noopener\">longo prazo<\/a> para o fundo. O contrato assinado \u00e9 vinculante, mas est\u00e1 condicionado a algumas condi\u00e7\u00f5es precedentes que dever\u00e3o ser superadas ou renunciadas at\u00e9 a data de fechamento. <\/p>\n\n\n\n<p>A <strong>Guardian<\/strong>, gestora do fundo, promete manter os cotistas e o mercado informados sobre a evolu\u00e7\u00e3o da transa\u00e7\u00e3o. Por ora, n\u00e3o h\u00e1 informa\u00e7\u00f5es sobre os <a class=\"suno-keyword\" target=\"_blank\" data-force=\"no\" data-priority=\"1\" href=\"https:\/\/www.suno.com.br\/guias\/dividendos\/\" rel=\"noopener\">dividendos<\/a> do GARE11, que  v\u00eam sendo de R$ 0,083 por cota.<\/p>\n\n\n\n<div class=\"pluginQuotation\">\n  <p class=\"ticker\">\n    Cota\u00e7\u00e3o <span>GARE11<\/span>\n  <\/p>\n  <div class=\"info\">\n    <div class=\"leftSide\">\n      Gr\u00e1fico gerado em: 09\/09\/2025    <\/div>\n\t\t\t\t\t<div class=\"rightSide\">\n\t\t\t\t\t<span class=\"period\">\n\t\t\t\t\t\t6 Meses\t\t\t\t\t<\/span>\n\t\t\t<\/div>\n\t\t  <\/div>\n\n  <div id=\"chart-c227b85751c3c7b50aaedc98712eb304\" data-block-hash=\"c227b85751c3c7b50aaedc98712eb304\"  class=\"chart\" style=\"width:100%;height:400px;\"><\/div>\n\n  <div class=\"pluginQuotation__footer\">\n    <div class=\"dataChart\">\n\n      <div class=\"dataChart__div1 variation\">\n        <div class=\"value-positive\">\n          15,83 (+1,23%)        <\/div>\n        <div class=\"text\">\n          Varia\u00e7\u00e3o do per\u00edodo\n        <\/div>\n      <\/div>\n\n      <div class=\"dataChart__div2 minMax\">\n        <div class=\"value\">\n          R$\u00a07,77        <\/div>\n        <div class=\"text\">\n          M\u00ednima\n        <\/div>\n      <\/div>\n\n      <div class=\"dataChart__div3 minMax\">\n        <div class=\"value\">\n          R$\u00a09,09        <\/div>\n        <div class=\"text\">\n          M\u00e1xima\n        <\/div>\n      <\/div>\n\n\t\t\t<div class=\"dataChart__div4 rightSide\">\n\t\t\t\t<div class=\"analiticaSource\">\n\t\t\t\t\t<span>\n\t\t\t\t\t\tFonte:\n\t\t\t\t\t<\/span>\n\t\t\t\t\t<img decoding=\"async\" class=\"analiticaLogo\" src=\"https:\/\/www.suno.com.br\/noticias\/wp-content\/plugins\/suno-block-ticker-quotation\/src\/suno-analitica-logo.png\" alt=\"Logo Suno Anal\u00edtica\" \/>\n\t\t\t\t<\/div>\n\n\t\t\t\t<a href=\"https:\/\/www.suno.com.br\/analitica\/fundos-imobiliarios\/GARE11\" target=\"_blank\">\n\t\t\t\t\t<span>\n\t\t\t\t\t\tVer mais cota\u00e7\u00f5es\n\t\t\t\t\t<\/span>\n\t\t\t\t\t<svg xmlns=\"http:\/\/www.w3.org\/2000\/svg\" width=\"9\" height=\"8\" viewBox=\"0 0 9 8\" fill=\"none\">\n\t\t\t\t\t\t<path d=\"M4.20996 0L3.50496 0.705L6.29496 3.5H0.209961V4.5H6.29496L3.50496 7.295L4.20996 8L8.20996 4L4.20996 0Z\" fill=\"#D42126\" \/>\n\t\t\t\t\t<\/svg>\n\t\t\t\t<\/a>\n    <\/div>\n\n    <\/div>\n  <\/div>\n<\/div>\n\n\n<script type=\"text\/javascript\">\n  let chart_c227b85751c3c7b50aaedc98712eb304 = document.getElementById('chart-c227b85751c3c7b50aaedc98712eb304');\n  let data_json_c227b85751c3c7b50aaedc98712eb304 = \"[{\\\"date\\\":\\\"10\\\\\\\/03\\\\\\\/25 \\\",\\\"value\\\":7.77},{\\\"date\\\":\\\"11\\\\\\\/03\\\\\\\/25 \\\",\\\"value\\\":7.83},{\\\"date\\\":\\\"12\\\\\\\/03\\\\\\\/25 \\\",\\\"value\\\":7.93},{\\\"date\\\":\\\"13\\\\\\\/03\\\\\\\/25 \\\",\\\"value\\\":7.86},{\\\"date\\\":\\\"14\\\\\\\/03\\\\\\\/25 \\\",\\\"value\\\":7.98},{\\\"date\\\":\\\"17\\\\\\\/03\\\\\\\/25 \\\",\\\"value\\\":8.05},{\\\"date\\\":\\\"18\\\\\\\/03\\\\\\\/25 \\\",\\\"value\\\":8.12},{\\\"date\\\":\\\"19\\\\\\\/03\\\\\\\/25 \\\",\\\"value\\\":8.1},{\\\"date\\\":\\\"20\\\\\\\/03\\\\\\\/25 \\\",\\\"value\\\":8.08},{\\\"date\\\":\\\"21\\\\\\\/03\\\\\\\/25 \\\",\\\"value\\\":8.09},{\\\"date\\\":\\\"24\\\\\\\/03\\\\\\\/25 \\\",\\\"value\\\":8.1},{\\\"date\\\":\\\"25\\\\\\\/03\\\\\\\/25 \\\",\\\"value\\\":8.14},{\\\"date\\\":\\\"26\\\\\\\/03\\\\\\\/25 \\\",\\\"value\\\":8.13},{\\\"date\\\":\\\"27\\\\\\\/03\\\\\\\/25 \\\",\\\"value\\\":8.13},{\\\"date\\\":\\\"28\\\\\\\/03\\\\\\\/25 \\\",\\\"value\\\":8.22},{\\\"date\\\":\\\"31\\\\\\\/03\\\\\\\/25 \\\",\\\"value\\\":8.26},{\\\"date\\\":\\\"01\\\\\\\/04\\\\\\\/25 \\\",\\\"value\\\":8.21},{\\\"date\\\":\\\"02\\\\\\\/04\\\\\\\/25 \\\",\\\"value\\\":8.16},{\\\"date\\\":\\\"03\\\\\\\/04\\\\\\\/25 \\\",\\\"value\\\":8.15},{\\\"date\\\":\\\"04\\\\\\\/04\\\\\\\/25 \\\",\\\"value\\\":8.2},{\\\"date\\\":\\\"07\\\\\\\/04\\\\\\\/25 \\\",\\\"value\\\":8.22},{\\\"date\\\":\\\"08\\\\\\\/04\\\\\\\/25 \\\",\\\"value\\\":8.16},{\\\"date\\\":\\\"09\\\\\\\/04\\\\\\\/25 \\\",\\\"value\\\":8.12},{\\\"date\\\":\\\"10\\\\\\\/04\\\\\\\/25 \\\",\\\"value\\\":8.09},{\\\"date\\\":\\\"11\\\\\\\/04\\\\\\\/25 \\\",\\\"value\\\":8.16},{\\\"date\\\":\\\"14\\\\\\\/04\\\\\\\/25 \\\",\\\"value\\\":8.28},{\\\"date\\\":\\\"15\\\\\\\/04\\\\\\\/25 \\\",\\\"value\\\":8.27},{\\\"date\\\":\\\"16\\\\\\\/04\\\\\\\/25 \\\",\\\"value\\\":8.25},{\\\"date\\\":\\\"17\\\\\\\/04\\\\\\\/25 \\\",\\\"value\\\":8.37},{\\\"date\\\":\\\"22\\\\\\\/04\\\\\\\/25 \\\",\\\"value\\\":8.44},{\\\"date\\\":\\\"23\\\\\\\/04\\\\\\\/25 \\\",\\\"value\\\":8.38},{\\\"date\\\":\\\"24\\\\\\\/04\\\\\\\/25 \\\",\\\"value\\\":8.38},{\\\"date\\\":\\\"25\\\\\\\/04\\\\\\\/25 \\\",\\\"value\\\":8.45},{\\\"date\\\":\\\"28\\\\\\\/04\\\\\\\/25 \\\",\\\"value\\\":8.57},{\\\"date\\\":\\\"29\\\\\\\/04\\\\\\\/25 \\\",\\\"value\\\":8.5},{\\\"date\\\":\\\"30\\\\\\\/04\\\\\\\/25 \\\",\\\"value\\\":8.63},{\\\"date\\\":\\\"02\\\\\\\/05\\\\\\\/25 \\\",\\\"value\\\":8.71},{\\\"date\\\":\\\"05\\\\\\\/05\\\\\\\/25 \\\",\\\"value\\\":8.5},{\\\"date\\\":\\\"06\\\\\\\/05\\\\\\\/25 \\\",\\\"value\\\":8.42},{\\\"date\\\":\\\"07\\\\\\\/05\\\\\\\/25 \\\",\\\"value\\\":8.43},{\\\"date\\\":\\\"08\\\\\\\/05\\\\\\\/25 \\\",\\\"value\\\":8.56},{\\\"date\\\":\\\"09\\\\\\\/05\\\\\\\/25 \\\",\\\"value\\\":8.63},{\\\"date\\\":\\\"12\\\\\\\/05\\\\\\\/25 \\\",\\\"value\\\":8.64},{\\\"date\\\":\\\"13\\\\\\\/05\\\\\\\/25 \\\",\\\"value\\\":8.57},{\\\"date\\\":\\\"14\\\\\\\/05\\\\\\\/25 \\\",\\\"value\\\":8.57},{\\\"date\\\":\\\"15\\\\\\\/05\\\\\\\/25 \\\",\\\"value\\\":8.61},{\\\"date\\\":\\\"16\\\\\\\/05\\\\\\\/25 \\\",\\\"value\\\":8.63},{\\\"date\\\":\\\"19\\\\\\\/05\\\\\\\/25 \\\",\\\"value\\\":8.61},{\\\"date\\\":\\\"20\\\\\\\/05\\\\\\\/25 \\\",\\\"value\\\":8.6},{\\\"date\\\":\\\"21\\\\\\\/05\\\\\\\/25 \\\",\\\"value\\\":8.58},{\\\"date\\\":\\\"22\\\\\\\/05\\\\\\\/25 \\\",\\\"value\\\":8.55},{\\\"date\\\":\\\"23\\\\\\\/05\\\\\\\/25 \\\",\\\"value\\\":8.58},{\\\"date\\\":\\\"26\\\\\\\/05\\\\\\\/25 \\\",\\\"value\\\":8.56},{\\\"date\\\":\\\"27\\\\\\\/05\\\\\\\/25 \\\",\\\"value\\\":8.55},{\\\"date\\\":\\\"28\\\\\\\/05\\\\\\\/25 \\\",\\\"value\\\":8.52},{\\\"date\\\":\\\"29\\\\\\\/05\\\\\\\/25 \\\",\\\"value\\\":8.48},{\\\"date\\\":\\\"30\\\\\\\/05\\\\\\\/25 \\\",\\\"value\\\":8.58},{\\\"date\\\":\\\"02\\\\\\\/06\\\\\\\/25 \\\",\\\"value\\\":8.59},{\\\"date\\\":\\\"03\\\\\\\/06\\\\\\\/25 \\\",\\\"value\\\":8.59},{\\\"date\\\":\\\"04\\\\\\\/06\\\\\\\/25 \\\",\\\"value\\\":8.55},{\\\"date\\\":\\\"05\\\\\\\/06\\\\\\\/25 \\\",\\\"value\\\":8.53},{\\\"date\\\":\\\"06\\\\\\\/06\\\\\\\/25 \\\",\\\"value\\\":8.58},{\\\"date\\\":\\\"09\\\\\\\/06\\\\\\\/25 \\\",\\\"value\\\":8.58},{\\\"date\\\":\\\"10\\\\\\\/06\\\\\\\/25 \\\",\\\"value\\\":8.52},{\\\"date\\\":\\\"11\\\\\\\/06\\\\\\\/25 \\\",\\\"value\\\":8.5},{\\\"date\\\":\\\"12\\\\\\\/06\\\\\\\/25 \\\",\\\"value\\\":8.45},{\\\"date\\\":\\\"13\\\\\\\/06\\\\\\\/25 \\\",\\\"value\\\":8.5},{\\\"date\\\":\\\"16\\\\\\\/06\\\\\\\/25 \\\",\\\"value\\\":8.58},{\\\"date\\\":\\\"17\\\\\\\/06\\\\\\\/25 \\\",\\\"value\\\":8.51},{\\\"date\\\":\\\"18\\\\\\\/06\\\\\\\/25 \\\",\\\"value\\\":8.62},{\\\"date\\\":\\\"20\\\\\\\/06\\\\\\\/25 \\\",\\\"value\\\":8.63},{\\\"date\\\":\\\"23\\\\\\\/06\\\\\\\/25 \\\",\\\"value\\\":8.61},{\\\"date\\\":\\\"24\\\\\\\/06\\\\\\\/25 \\\",\\\"value\\\":8.57},{\\\"date\\\":\\\"25\\\\\\\/06\\\\\\\/25 \\\",\\\"value\\\":8.63},{\\\"date\\\":\\\"26\\\\\\\/06\\\\\\\/25 \\\",\\\"value\\\":8.69},{\\\"date\\\":\\\"27\\\\\\\/06\\\\\\\/25 \\\",\\\"value\\\":8.77},{\\\"date\\\":\\\"30\\\\\\\/06\\\\\\\/25 \\\",\\\"value\\\":8.81},{\\\"date\\\":\\\"01\\\\\\\/07\\\\\\\/25 \\\",\\\"value\\\":8.71},{\\\"date\\\":\\\"02\\\\\\\/07\\\\\\\/25 \\\",\\\"value\\\":8.82},{\\\"date\\\":\\\"03\\\\\\\/07\\\\\\\/25 \\\",\\\"value\\\":8.9},{\\\"date\\\":\\\"04\\\\\\\/07\\\\\\\/25 \\\",\\\"value\\\":8.91},{\\\"date\\\":\\\"07\\\\\\\/07\\\\\\\/25 \\\",\\\"value\\\":8.93},{\\\"date\\\":\\\"08\\\\\\\/07\\\\\\\/25 \\\",\\\"value\\\":8.91},{\\\"date\\\":\\\"09\\\\\\\/07\\\\\\\/25 \\\",\\\"value\\\":8.95},{\\\"date\\\":\\\"10\\\\\\\/07\\\\\\\/25 \\\",\\\"value\\\":8.9},{\\\"date\\\":\\\"11\\\\\\\/07\\\\\\\/25 \\\",\\\"value\\\":8.84},{\\\"date\\\":\\\"14\\\\\\\/07\\\\\\\/25 \\\",\\\"value\\\":8.92},{\\\"date\\\":\\\"15\\\\\\\/07\\\\\\\/25 \\\",\\\"value\\\":8.91},{\\\"date\\\":\\\"16\\\\\\\/07\\\\\\\/25 \\\",\\\"value\\\":8.82},{\\\"date\\\":\\\"17\\\\\\\/07\\\\\\\/25 \\\",\\\"value\\\":8.82},{\\\"date\\\":\\\"18\\\\\\\/07\\\\\\\/25 \\\",\\\"value\\\":8.82},{\\\"date\\\":\\\"21\\\\\\\/07\\\\\\\/25 \\\",\\\"value\\\":8.72},{\\\"date\\\":\\\"22\\\\\\\/07\\\\\\\/25 \\\",\\\"value\\\":8.86},{\\\"date\\\":\\\"23\\\\\\\/07\\\\\\\/25 \\\",\\\"value\\\":8.9},{\\\"date\\\":\\\"24\\\\\\\/07\\\\\\\/25 \\\",\\\"value\\\":8.87},{\\\"date\\\":\\\"25\\\\\\\/07\\\\\\\/25 \\\",\\\"value\\\":8.91},{\\\"date\\\":\\\"28\\\\\\\/07\\\\\\\/25 \\\",\\\"value\\\":8.9},{\\\"date\\\":\\\"29\\\\\\\/07\\\\\\\/25 \\\",\\\"value\\\":8.89},{\\\"date\\\":\\\"30\\\\\\\/07\\\\\\\/25 \\\",\\\"value\\\":8.87},{\\\"date\\\":\\\"31\\\\\\\/07\\\\\\\/25 \\\",\\\"value\\\":8.92},{\\\"date\\\":\\\"01\\\\\\\/08\\\\\\\/25 \\\",\\\"value\\\":8.97},{\\\"date\\\":\\\"04\\\\\\\/08\\\\\\\/25 \\\",\\\"value\\\":8.99},{\\\"date\\\":\\\"05\\\\\\\/08\\\\\\\/25 \\\",\\\"value\\\":9},{\\\"date\\\":\\\"06\\\\\\\/08\\\\\\\/25 \\\",\\\"value\\\":9.03},{\\\"date\\\":\\\"07\\\\\\\/08\\\\\\\/25 \\\",\\\"value\\\":9.08},{\\\"date\\\":\\\"08\\\\\\\/08\\\\\\\/25 \\\",\\\"value\\\":9.09},{\\\"date\\\":\\\"11\\\\\\\/08\\\\\\\/25 \\\",\\\"value\\\":9.08},{\\\"date\\\":\\\"12\\\\\\\/08\\\\\\\/25 \\\",\\\"value\\\":9.06},{\\\"date\\\":\\\"13\\\\\\\/08\\\\\\\/25 \\\",\\\"value\\\":9.07},{\\\"date\\\":\\\"14\\\\\\\/08\\\\\\\/25 \\\",\\\"value\\\":9.08},{\\\"date\\\":\\\"15\\\\\\\/08\\\\\\\/25 \\\",\\\"value\\\":9.08},{\\\"date\\\":\\\"18\\\\\\\/08\\\\\\\/25 \\\",\\\"value\\\":9.09},{\\\"date\\\":\\\"19\\\\\\\/08\\\\\\\/25 \\\",\\\"value\\\":9.09},{\\\"date\\\":\\\"20\\\\\\\/08\\\\\\\/25 \\\",\\\"value\\\":9.09},{\\\"date\\\":\\\"21\\\\\\\/08\\\\\\\/25 \\\",\\\"value\\\":9.08},{\\\"date\\\":\\\"22\\\\\\\/08\\\\\\\/25 \\\",\\\"value\\\":9.08},{\\\"date\\\":\\\"25\\\\\\\/08\\\\\\\/25 \\\",\\\"value\\\":9.09},{\\\"date\\\":\\\"26\\\\\\\/08\\\\\\\/25 \\\",\\\"value\\\":9.07},{\\\"date\\\":\\\"27\\\\\\\/08\\\\\\\/25 \\\",\\\"value\\\":9.05},{\\\"date\\\":\\\"28\\\\\\\/08\\\\\\\/25 \\\",\\\"value\\\":9},{\\\"date\\\":\\\"29\\\\\\\/08\\\\\\\/25 \\\",\\\"value\\\":9.04},{\\\"date\\\":\\\"01\\\\\\\/09\\\\\\\/25 \\\",\\\"value\\\":9},{\\\"date\\\":\\\"02\\\\\\\/09\\\\\\\/25 \\\",\\\"value\\\":9.03},{\\\"date\\\":\\\"03\\\\\\\/09\\\\\\\/25 \\\",\\\"value\\\":9.02},{\\\"date\\\":\\\"04\\\\\\\/09\\\\\\\/25 \\\",\\\"value\\\":9},{\\\"date\\\":\\\"05\\\\\\\/09\\\\\\\/25 \\\",\\\"value\\\":9.03},{\\\"date\\\":\\\"08\\\\\\\/09\\\\\\\/25 \\\",\\\"value\\\":9.04},{\\\"date\\\":\\\"09\\\\\\\/09\\\\\\\/25 \\\",\\\"value\\\":9}]\";\n  let isPositive_c227b85751c3c7b50aaedc98712eb304 = true;\n\n  let color_c227b85751c3c7b50aaedc98712eb304 = isPositive_c227b85751c3c7b50aaedc98712eb304 ? '#3AB53A' : '#D92C2D';\n\n  let data_c227b85751c3c7b50aaedc98712eb304 = JSON.parse(data_json_c227b85751c3c7b50aaedc98712eb304);\n\n  const result_c227b85751c3c7b50aaedc98712eb304 = {\n    date: [],\n    value: [],\n  };\n\n  data_c227b85751c3c7b50aaedc98712eb304.forEach((item) => {\n    result_c227b85751c3c7b50aaedc98712eb304.date.push(item.date);\n    result_c227b85751c3c7b50aaedc98712eb304.value.push(Number(item.value));\n  });\n\n  let option_c227b85751c3c7b50aaedc98712eb304 = {\n    \/\/ variavel de cor global\n    color: [color_c227b85751c3c7b50aaedc98712eb304],\n    title: {\n      text: '',\n    },\n    tooltip: {\n      trigger: 'axis',\n      axisPointer: {\n        type: 'cross',\n        label: {\n          \/\/ cor dos valores em X e Y\n          backgroundColor: color_c227b85751c3c7b50aaedc98712eb304,\n          formatter: (value) => {\n            if (typeof value.value === 'number') {\n              return Number(value.value).toLocaleString('pt-br', {\n                style: 'currency',\n                currency: 'BRL'\n              });\n            }\n            return value.value;\n          },\n        },\n      },\n      valueFormatter: (value) => Number(value).toLocaleString('pt-br', {\n        style: 'currency',\n        currency: 'BRL'\n      }),\n    },\n    legend: {\n      \/\/ data: ['Valor de Fechamento'],\n      show: false,\n    },\n    toolbox: {\n      feature: {\n        saveAsImage: {\n          show: false,\n        },\n      },\n    },\n    grid: {\n      left: '0px',\n      right: '0px',\n      bottom: '0px',\n      containLabel: true,\n    },\n    xAxis: [{\n      type: 'category',\n      data: result_c227b85751c3c7b50aaedc98712eb304.date,\n      boundaryGap: true,\n    }],\n    yAxis: [{\n      type: 'value',\n      min: Math.min(...result_c227b85751c3c7b50aaedc98712eb304.value),\n      max: Math.max(...result_c227b85751c3c7b50aaedc98712eb304.value),\n      axisLabel: {\n        formatter: (value) => value.toLocaleString('pt-br', {\n          style: 'currency',\n          currency: 'BRL'\n        }),\n      },\n    }],\n    series: [{\n      name: 'Valor de Fechamento',\n      type: 'line',\n      stack: 'Total',\n      \/\/ cor do grafico\n      areaStyle: {},\n      emphasis: {\n        focus: 'series',\n      },\n      data: result_c227b85751c3c7b50aaedc98712eb304.value,\n      \/\/ cor da linha\n      lineStyle: {\n        color: color_c227b85751c3c7b50aaedc98712eb304,\n      },\n    }, ],\n  };\n\n\twindow.chart_c227b85751c3c7b50aaedc98712eb304 = {\n\t\tel: chart_c227b85751c3c7b50aaedc98712eb304,\n\t\toption: option_c227b85751c3c7b50aaedc98712eb304\t};\n\n\n<\/script>\n\n\n\n<h2 class=\"wp-block-heading\">GARE11: mais sobre as negocia\u00e7\u00f5es realizadas pelo fundo<\/h2>\n\n\n\n<p>A transa\u00e7\u00e3o marca o in\u00edcio da reciclagem do portf\u00f3lio do GARE11, ap\u00f3s a venda de 10 ativos de renda urbana realizada recentemente, em uma das maiores opera\u00e7\u00f5es de sua hist\u00f3ria. Os im\u00f3veis estavam locados ao <a class=\"suno-keyword\" target=\"_blank\" data-force=\"yes\" data-priority=\"2\" href=\"https:\/\/www.suno.com.br\/analitica\/acoes\/GMAT3\/\" rel=\"noopener\">Grupo Mateus (GMAT3)<\/a> e ao Grupo P\u00e3o de A\u00e7\u00facar \u2013 <a class=\"suno-keyword\" target=\"_blank\" data-force=\"yes\" data-priority=\"2\" href=\"https:\/\/www.suno.com.br\/analitica\/acoes\/PCAR3\/\" rel=\"noopener\">GPA (PCAR3)<\/a> e o valor total da transa\u00e7\u00e3o foi de R$ 485,5 milh\u00f5es.<\/p>\n\n\n\n<p>&nbsp;Segundo a gest\u00e3o, a estrat\u00e9gia agora \u00e9 de expans\u00e3o geogr\u00e1fica e diversifica\u00e7\u00e3o do portf\u00f3lio, com foco em inquilinos de qualidade e contratos de longo prazo que proporcionem rentabilidade atrativa aos investidores.<\/p>\n\n\n\n<p>O <strong>GARE11 <\/strong>est\u00e1 com sua 7\u00aa oferta de emiss\u00e3o de cotas em andamento, que prev\u00ea a capta\u00e7\u00e3o de R$ 400 milh\u00f5es, com a inten\u00e7\u00e3o de adquirir um pacote que pode chegar a 12 im\u00f3veis. Parte dessas aquisi\u00e7\u00f5es poder\u00e1 ser realizada com a compensa\u00e7\u00e3o por meio de novas cotas, modalidade em que o vendedor se torna investidor do FII.<\/p>\n\n\n\t<p>\n\t\t<a href=\"https:\/\/lp.suno.com.br\/4-emissao-snel11\/\" target=\"_blank\" data-element=\"shortcode-suno-banner\" title=\"Banner SUNO, clique e saiba mais\">\n\t\t\t<picture>\n\t\t\t\t<source media=\"(max-width: 500px)\" srcset=\"https:\/\/files.sunoresearch.com.br\/n\/uploads\/2025\/07\/400x300-Mobile-Artigos-7.webp\">\n\t\t\t\t<img class=\"newsContent__article__imgCapa newsContent__article__imgCapa--banner\"\n\t\t\t\t\tsrc=\"https:\/\/files.sunoresearch.com.br\/n\/uploads\/2025\/07\/1420x240-Banner-Artigos-1-_-Banner-Materias-5.webp\"\n\t\t\t\t\tdata-promo-id=\"364417\"\t\t\t\t\t\t\t\t\t\twidth='1420' height='240'\t\t\t\t\talt=\"https:\/\/files.sunoresearch.com.br\/n\/uploads\/2025\/07\/1420x240-Banner-Artigos-1-_-Banner-Materias-5.webp\"\n\t\t\t\t>\n\t\t\t<\/picture>\n\t\t<\/a>\n\t<\/p>\n\n\n","protected":false},"excerpt":{"rendered":"<p>O fundo imobili\u00e1rio GARE11 anunciou a assinatura de contrato para a compra de dois im\u00f3veis comerciais no Rio Grande do Sul. A opera\u00e7\u00e3o foi avaliada em R$ 32,3 milh\u00f5es e ambos est\u00e3o locados \u00e0 Desco, empresa varejistas da regi\u00e3o Sul do pa\u00eds e integrante do Grupo Imec, com forte atua\u00e7\u00e3o no segmento de atacarejo. Desco [&hellip;]<\/p>\n","protected":false},"author":339,"featured_media":623633,"comment_status":"closed","ping_status":"closed","sticky":false,"template":"","format":"standard","meta":[],"categories":[66],"tags":[315,803],"suno_strategy":[],"class_list":["post-623630","post","type-post","status-publish","format-standard","has-post-thumbnail","hentry","category-fiis","tag-fundos-imobiliarios-fiis","tag-varejo"],"yoast_head":"<!-- This site is optimized with the Yoast SEO plugin v24.4 - https:\/\/yoast.com\/wordpress\/plugins\/seo\/ -->\n<title>GARE11 compra im\u00f3veis de varejo no RS; dividendos v\u00e3o mudar?<\/title>\n<meta name=\"description\" content=\"GARE11 assinou contrato para a compra de dois im\u00f3veis comerciais no Rio Grande do Sul. A opera\u00e7\u00e3o foi avaliada em R$ 32,3 milh\u00f5es.\" \/>\n<meta name=\"robots\" content=\"index, follow, max-snippet:-1, max-image-preview:large, max-video-preview:-1\" \/>\n<link rel=\"canonical\" href=\"https:\/\/www.suno.com.br\/noticias\/gare11-compra-2-imoveis-de-varejo-rs\/\" \/>\n<meta property=\"og:locale\" content=\"pt_BR\" \/>\n<meta property=\"og:type\" content=\"article\" \/>\n<meta property=\"og:title\" content=\"GARE11 compra im\u00f3veis de varejo no RS; dividendos v\u00e3o mudar?\" \/>\n<meta property=\"og:description\" content=\"GARE11 assinou contrato para a compra de dois im\u00f3veis comerciais no Rio Grande do Sul. A opera\u00e7\u00e3o foi avaliada em R$ 32,3 milh\u00f5es.\" \/>\n<meta property=\"og:url\" content=\"https:\/\/www.suno.com.br\/noticias\/gare11-compra-2-imoveis-de-varejo-rs\/\" \/>\n<meta property=\"og:site_name\" content=\"Suno Not\u00edcias\" \/>\n<meta property=\"article:publisher\" content=\"https:\/\/facebook.com\/sunoresearch\" \/>\n<meta property=\"og:image\" content=\"https:\/\/files.sunoresearch.com.br\/n\/uploads\/2025\/09\/GARE11-Desco-RS-jpeg.webp\" \/>\n\t<meta property=\"og:image:width\" content=\"1024\" \/>\n\t<meta property=\"og:image:height\" content=\"576\" \/>\n\t<meta property=\"og:image:type\" content=\"image\/jpeg\" \/>\n<meta name=\"author\" content=\"Fernando Cesarotti\" \/>\n<meta name=\"twitter:card\" content=\"summary_large_image\" \/>\n<meta name=\"twitter:creator\" content=\"@sunoresearch\" \/>\n<meta name=\"twitter:site\" content=\"@sunoresearch\" \/>\n<meta name=\"twitter:label1\" content=\"Escrito por\" \/>\n\t<meta name=\"twitter:data1\" content=\"Fernando Cesarotti\" \/>\n\t<meta name=\"twitter:label2\" content=\"Est. tempo de leitura\" \/>\n\t<meta name=\"twitter:data2\" content=\"3 minutos\" \/>\n<script type=\"application\/ld+json\" class=\"yoast-schema-graph\">{\"@context\":\"https:\/\/schema.org\",\"@graph\":[{\"@type\":\"NewsArticle\",\"@id\":\"https:\/\/www.suno.com.br\/noticias\/gare11-compra-2-imoveis-de-varejo-rs\/#article\",\"isPartOf\":{\"@id\":\"https:\/\/www.suno.com.br\/noticias\/gare11-compra-2-imoveis-de-varejo-rs\/\"},\"author\":{\"name\":\"Fernando Cesarotti\",\"@id\":\"https:\/\/www.suno.com.br\/noticias\/#\/schema\/person\/02171f82e02ec2306ed662847e114507\"},\"headline\":\"GARE11 compra 2 im\u00f3veis de varejo no RS; confira valor e detalhes da negocia\u00e7\u00e3o\",\"datePublished\":\"2025-09-09T19:26:13+00:00\",\"dateModified\":\"2025-09-09T19:26:19+00:00\",\"mainEntityOfPage\":{\"@id\":\"https:\/\/www.suno.com.br\/noticias\/gare11-compra-2-imoveis-de-varejo-rs\/\"},\"wordCount\":405,\"publisher\":{\"@id\":\"https:\/\/www.suno.com.br\/noticias\/#organization\"},\"image\":{\"@id\":\"https:\/\/www.suno.com.br\/noticias\/gare11-compra-2-imoveis-de-varejo-rs\/#primaryimage\"},\"thumbnailUrl\":\"https:\/\/files.sunoresearch.com.br\/n\/uploads\/2025\/09\/GARE11-Desco-RS-jpeg.webp\",\"keywords\":[\"Fundos Imobili\u00e1rios (FIIs)\",\"varejo\"],\"articleSection\":[\"FIIs\"],\"inLanguage\":\"pt-BR\"},{\"@type\":\"WebPage\",\"@id\":\"https:\/\/www.suno.com.br\/noticias\/gare11-compra-2-imoveis-de-varejo-rs\/\",\"url\":\"https:\/\/www.suno.com.br\/noticias\/gare11-compra-2-imoveis-de-varejo-rs\/\",\"name\":\"GARE11 compra im\u00f3veis de varejo no RS; dividendos v\u00e3o mudar?\",\"isPartOf\":{\"@id\":\"https:\/\/www.suno.com.br\/noticias\/#website\"},\"primaryImageOfPage\":{\"@id\":\"https:\/\/www.suno.com.br\/noticias\/gare11-compra-2-imoveis-de-varejo-rs\/#primaryimage\"},\"image\":{\"@id\":\"https:\/\/www.suno.com.br\/noticias\/gare11-compra-2-imoveis-de-varejo-rs\/#primaryimage\"},\"thumbnailUrl\":\"https:\/\/files.sunoresearch.com.br\/n\/uploads\/2025\/09\/GARE11-Desco-RS-jpeg.webp\",\"datePublished\":\"2025-09-09T19:26:13+00:00\",\"dateModified\":\"2025-09-09T19:26:19+00:00\",\"description\":\"GARE11 assinou contrato para a compra de dois im\u00f3veis comerciais no Rio Grande do Sul. A opera\u00e7\u00e3o foi avaliada em R$ 32,3 milh\u00f5es.\",\"breadcrumb\":{\"@id\":\"https:\/\/www.suno.com.br\/noticias\/gare11-compra-2-imoveis-de-varejo-rs\/#breadcrumb\"},\"inLanguage\":\"pt-BR\",\"potentialAction\":[{\"@type\":\"ReadAction\",\"target\":[\"https:\/\/www.suno.com.br\/noticias\/gare11-compra-2-imoveis-de-varejo-rs\/\"]}]},{\"@type\":\"ImageObject\",\"inLanguage\":\"pt-BR\",\"@id\":\"https:\/\/www.suno.com.br\/noticias\/gare11-compra-2-imoveis-de-varejo-rs\/#primaryimage\",\"url\":\"https:\/\/files.sunoresearch.com.br\/n\/uploads\/2025\/09\/GARE11-Desco-RS-jpeg.webp\",\"contentUrl\":\"https:\/\/files.sunoresearch.com.br\/n\/uploads\/2025\/09\/GARE11-Desco-RS-jpeg.webp\",\"width\":1024,\"height\":576,\"caption\":\"Desco passa a figurar entre locat\u00e1rios do GARE11 - Foto: Divulga\u00e7\u00e3o\"},{\"@type\":\"BreadcrumbList\",\"@id\":\"https:\/\/www.suno.com.br\/noticias\/gare11-compra-2-imoveis-de-varejo-rs\/#breadcrumb\",\"itemListElement\":[{\"@type\":\"ListItem\",\"position\":1,\"name\":\"Not\u00edcias\",\"item\":\"https:\/\/www.suno.com.br\/noticias\/\"},{\"@type\":\"ListItem\",\"position\":2,\"name\":\"FIIs\",\"item\":\"https:\/\/www.suno.com.br\/noticias\/fiis\/\"},{\"@type\":\"ListItem\",\"position\":3,\"name\":\"GARE11 compra 2 im\u00f3veis de varejo no RS; confira valor e detalhes da negocia\u00e7\u00e3o\"}]},{\"@type\":\"WebSite\",\"@id\":\"https:\/\/www.suno.com.br\/noticias\/#website\",\"url\":\"https:\/\/www.suno.com.br\/noticias\/\",\"name\":\"Suno Not\u00edcias\",\"description\":\"Seu portal de informa\u00e7\u00e3o sobre o mundo dos investimentos\",\"publisher\":{\"@id\":\"https:\/\/www.suno.com.br\/noticias\/#organization\"},\"potentialAction\":[{\"@type\":\"SearchAction\",\"target\":{\"@type\":\"EntryPoint\",\"urlTemplate\":\"https:\/\/www.suno.com.br\/noticias\/?s={search_term_string}\"},\"query-input\":{\"@type\":\"PropertyValueSpecification\",\"valueRequired\":true,\"valueName\":\"search_term_string\"}}],\"inLanguage\":\"pt-BR\"},{\"@type\":\"Organization\",\"@id\":\"https:\/\/www.suno.com.br\/noticias\/#organization\",\"name\":\"Suno Not\u00edcias\",\"url\":\"https:\/\/www.suno.com.br\/noticias\/\",\"logo\":{\"@type\":\"ImageObject\",\"inLanguage\":\"pt-BR\",\"@id\":\"https:\/\/www.suno.com.br\/noticias\/#\/schema\/logo\/image\/\",\"url\":\"https:\/\/files.sunoresearch.com.br\/n\/uploads\/2021\/09\/suno-logo.png\",\"contentUrl\":\"https:\/\/files.sunoresearch.com.br\/n\/uploads\/2021\/09\/suno-logo.png\",\"width\":180,\"height\":180,\"caption\":\"Suno Not\u00edcias\"},\"image\":{\"@id\":\"https:\/\/www.suno.com.br\/noticias\/#\/schema\/logo\/image\/\"},\"sameAs\":[\"https:\/\/facebook.com\/sunoresearch\",\"https:\/\/x.com\/sunoresearch\",\"https:\/\/www.instagram.com\/suno\",\"https:\/\/www.linkedin.com\/company\/suno-research\/\",\"https:\/\/www.youtube.com\/c\/sunoresearch\"]},{\"@type\":\"Person\",\"@id\":\"https:\/\/www.suno.com.br\/noticias\/#\/schema\/person\/02171f82e02ec2306ed662847e114507\",\"name\":\"Fernando Cesarotti\",\"image\":{\"@type\":\"ImageObject\",\"inLanguage\":\"pt-BR\",\"@id\":\"https:\/\/www.suno.com.br\/noticias\/#\/schema\/person\/image\/\",\"url\":\"https:\/\/secure.gravatar.com\/avatar\/fc3a37e1dd6249fd3cfdc1702d00d404?s=96&r=g\",\"contentUrl\":\"https:\/\/secure.gravatar.com\/avatar\/fc3a37e1dd6249fd3cfdc1702d00d404?s=96&r=g\",\"caption\":\"Fernando Cesarotti\"},\"description\":\"Jornalista, editor do FIIs.com.br. Graduado pela Unesp, com p\u00f3s-gradua\u00e7\u00e3o em Jornalismo Liter\u00e1rio, com mais de 20 anos de experi\u00eancia em coberturas de economia, pol\u00edtica e esportes. Passagem tamb\u00e9m pelo meio acad\u00eamico, como professor universit\u00e1rio em cursos de Comunica\u00e7\u00e3o e l\u00edder de empresa j\u00fanior.\",\"url\":\"https:\/\/www.suno.com.br\/noticias\/author\/fcesarottigmail-com\/\"}]}<\/script>\n<!-- \/ Yoast SEO plugin. -->","yoast_head_json":{"title":"GARE11 compra im\u00f3veis de varejo no RS; dividendos v\u00e3o mudar?","description":"GARE11 assinou contrato para a compra de dois im\u00f3veis comerciais no Rio Grande do Sul. A opera\u00e7\u00e3o foi avaliada em R$ 32,3 milh\u00f5es.","robots":{"index":"index","follow":"follow","max-snippet":"max-snippet:-1","max-image-preview":"max-image-preview:large","max-video-preview":"max-video-preview:-1"},"canonical":"https:\/\/www.suno.com.br\/noticias\/gare11-compra-2-imoveis-de-varejo-rs\/","og_locale":"pt_BR","og_type":"article","og_title":"GARE11 compra im\u00f3veis de varejo no RS; dividendos v\u00e3o mudar?","og_description":"GARE11 assinou contrato para a compra de dois im\u00f3veis comerciais no Rio Grande do Sul. A opera\u00e7\u00e3o foi avaliada em R$ 32,3 milh\u00f5es.","og_url":"https:\/\/www.suno.com.br\/noticias\/gare11-compra-2-imoveis-de-varejo-rs\/","og_site_name":"Suno Not\u00edcias","article_publisher":"https:\/\/facebook.com\/sunoresearch","og_image":[{"width":1024,"height":576,"url":"https:\/\/files.sunoresearch.com.br\/n\/uploads\/2025\/09\/GARE11-Desco-RS-jpeg.webp","type":"image\/jpeg"}],"author":"Fernando Cesarotti","twitter_card":"summary_large_image","twitter_creator":"@sunoresearch","twitter_site":"@sunoresearch","twitter_misc":{"Escrito por":"Fernando Cesarotti","Est. tempo de leitura":"3 minutos"},"schema":{"@context":"https:\/\/schema.org","@graph":[{"@type":"NewsArticle","@id":"https:\/\/www.suno.com.br\/noticias\/gare11-compra-2-imoveis-de-varejo-rs\/#article","isPartOf":{"@id":"https:\/\/www.suno.com.br\/noticias\/gare11-compra-2-imoveis-de-varejo-rs\/"},"author":{"name":"Fernando Cesarotti","@id":"https:\/\/www.suno.com.br\/noticias\/#\/schema\/person\/02171f82e02ec2306ed662847e114507"},"headline":"GARE11 compra 2 im\u00f3veis de varejo no RS; confira valor e detalhes da negocia\u00e7\u00e3o","datePublished":"2025-09-09T19:26:13+00:00","dateModified":"2025-09-09T19:26:19+00:00","mainEntityOfPage":{"@id":"https:\/\/www.suno.com.br\/noticias\/gare11-compra-2-imoveis-de-varejo-rs\/"},"wordCount":405,"publisher":{"@id":"https:\/\/www.suno.com.br\/noticias\/#organization"},"image":{"@id":"https:\/\/www.suno.com.br\/noticias\/gare11-compra-2-imoveis-de-varejo-rs\/#primaryimage"},"thumbnailUrl":"https:\/\/files.sunoresearch.com.br\/n\/uploads\/2025\/09\/GARE11-Desco-RS-jpeg.webp","keywords":["Fundos Imobili\u00e1rios (FIIs)","varejo"],"articleSection":["FIIs"],"inLanguage":"pt-BR"},{"@type":"WebPage","@id":"https:\/\/www.suno.com.br\/noticias\/gare11-compra-2-imoveis-de-varejo-rs\/","url":"https:\/\/www.suno.com.br\/noticias\/gare11-compra-2-imoveis-de-varejo-rs\/","name":"GARE11 compra im\u00f3veis de varejo no RS; dividendos v\u00e3o mudar?","isPartOf":{"@id":"https:\/\/www.suno.com.br\/noticias\/#website"},"primaryImageOfPage":{"@id":"https:\/\/www.suno.com.br\/noticias\/gare11-compra-2-imoveis-de-varejo-rs\/#primaryimage"},"image":{"@id":"https:\/\/www.suno.com.br\/noticias\/gare11-compra-2-imoveis-de-varejo-rs\/#primaryimage"},"thumbnailUrl":"https:\/\/files.sunoresearch.com.br\/n\/uploads\/2025\/09\/GARE11-Desco-RS-jpeg.webp","datePublished":"2025-09-09T19:26:13+00:00","dateModified":"2025-09-09T19:26:19+00:00","description":"GARE11 assinou contrato para a compra de dois im\u00f3veis comerciais no Rio Grande do Sul. A opera\u00e7\u00e3o foi avaliada em R$ 32,3 milh\u00f5es.","breadcrumb":{"@id":"https:\/\/www.suno.com.br\/noticias\/gare11-compra-2-imoveis-de-varejo-rs\/#breadcrumb"},"inLanguage":"pt-BR","potentialAction":[{"@type":"ReadAction","target":["https:\/\/www.suno.com.br\/noticias\/gare11-compra-2-imoveis-de-varejo-rs\/"]}]},{"@type":"ImageObject","inLanguage":"pt-BR","@id":"https:\/\/www.suno.com.br\/noticias\/gare11-compra-2-imoveis-de-varejo-rs\/#primaryimage","url":"https:\/\/files.sunoresearch.com.br\/n\/uploads\/2025\/09\/GARE11-Desco-RS-jpeg.webp","contentUrl":"https:\/\/files.sunoresearch.com.br\/n\/uploads\/2025\/09\/GARE11-Desco-RS-jpeg.webp","width":1024,"height":576,"caption":"Desco passa a figurar entre locat\u00e1rios do GARE11 - Foto: Divulga\u00e7\u00e3o"},{"@type":"BreadcrumbList","@id":"https:\/\/www.suno.com.br\/noticias\/gare11-compra-2-imoveis-de-varejo-rs\/#breadcrumb","itemListElement":[{"@type":"ListItem","position":1,"name":"Not\u00edcias","item":"https:\/\/www.suno.com.br\/noticias\/"},{"@type":"ListItem","position":2,"name":"FIIs","item":"https:\/\/www.suno.com.br\/noticias\/fiis\/"},{"@type":"ListItem","position":3,"name":"GARE11 compra 2 im\u00f3veis de varejo no RS; confira valor e detalhes da negocia\u00e7\u00e3o"}]},{"@type":"WebSite","@id":"https:\/\/www.suno.com.br\/noticias\/#website","url":"https:\/\/www.suno.com.br\/noticias\/","name":"Suno Not\u00edcias","description":"Seu portal de informa\u00e7\u00e3o sobre o mundo dos investimentos","publisher":{"@id":"https:\/\/www.suno.com.br\/noticias\/#organization"},"potentialAction":[{"@type":"SearchAction","target":{"@type":"EntryPoint","urlTemplate":"https:\/\/www.suno.com.br\/noticias\/?s={search_term_string}"},"query-input":{"@type":"PropertyValueSpecification","valueRequired":true,"valueName":"search_term_string"}}],"inLanguage":"pt-BR"},{"@type":"Organization","@id":"https:\/\/www.suno.com.br\/noticias\/#organization","name":"Suno Not\u00edcias","url":"https:\/\/www.suno.com.br\/noticias\/","logo":{"@type":"ImageObject","inLanguage":"pt-BR","@id":"https:\/\/www.suno.com.br\/noticias\/#\/schema\/logo\/image\/","url":"https:\/\/files.sunoresearch.com.br\/n\/uploads\/2021\/09\/suno-logo.png","contentUrl":"https:\/\/files.sunoresearch.com.br\/n\/uploads\/2021\/09\/suno-logo.png","width":180,"height":180,"caption":"Suno Not\u00edcias"},"image":{"@id":"https:\/\/www.suno.com.br\/noticias\/#\/schema\/logo\/image\/"},"sameAs":["https:\/\/facebook.com\/sunoresearch","https:\/\/x.com\/sunoresearch","https:\/\/www.instagram.com\/suno","https:\/\/www.linkedin.com\/company\/suno-research\/","https:\/\/www.youtube.com\/c\/sunoresearch"]},{"@type":"Person","@id":"https:\/\/www.suno.com.br\/noticias\/#\/schema\/person\/02171f82e02ec2306ed662847e114507","name":"Fernando Cesarotti","image":{"@type":"ImageObject","inLanguage":"pt-BR","@id":"https:\/\/www.suno.com.br\/noticias\/#\/schema\/person\/image\/","url":"https:\/\/secure.gravatar.com\/avatar\/fc3a37e1dd6249fd3cfdc1702d00d404?s=96&r=g","contentUrl":"https:\/\/secure.gravatar.com\/avatar\/fc3a37e1dd6249fd3cfdc1702d00d404?s=96&r=g","caption":"Fernando Cesarotti"},"description":"Jornalista, editor do FIIs.com.br. Graduado pela Unesp, com p\u00f3s-gradua\u00e7\u00e3o em Jornalismo Liter\u00e1rio, com mais de 20 anos de experi\u00eancia em coberturas de economia, pol\u00edtica e esportes. Passagem tamb\u00e9m pelo meio acad\u00eamico, como professor universit\u00e1rio em cursos de Comunica\u00e7\u00e3o e l\u00edder de empresa j\u00fanior.","url":"https:\/\/www.suno.com.br\/noticias\/author\/fcesarottigmail-com\/"}]}},"default_loop_html":"<div class=\"cardsPage__listCard__boxs\"><div class=\"cardsPage__listCard__boxs__img\"><a href=\"https:\/\/www.suno.com.br\/noticias\/gare11-compra-2-imoveis-de-varejo-rs\/\"><img class=\"mask\" src=\"https:\/\/www.suno.com.br\/noticias\/wp-content\/themes\/suno\/resources\/images\/spotlight\/spotlight1img\/bg-mask.png\" alt=\"Image Mask\"\/><img src=\"https:\/\/files.sunoresearch.com.br\/n\/uploads\/2025\/09\/GARE11-Desco-RS-400x200.webp\" alt=\"GARE11 compra 2 im\u00f3veis de varejo no RS; confira valor e detalhes da negocia\u00e7\u00e3o\"\/><\/a><span class=\"spotlightCategory\"><a href=\"https:\/\/www.suno.com.br\/noticias\/fiis\/\">FIIs<\/a><\/span><\/div><div class=\"cardsPage__listCard__boxs__content\"><a href=\"https:\/\/www.suno.com.br\/noticias\/gare11-compra-2-imoveis-de-varejo-rs\/\"><h2 class=\"content__title\">GARE11 compra 2 im\u00f3veis de varejo no RS; confira valor e detalhes da negocia\u00e7\u00e3o<\/h2><\/a><div class=\"newsContent__article__meta\"><div class=\"newsContent__article__meta__authorBox\"><a href=\"https:\/\/www.suno.com.br\/noticias\/author\/fcesarottigmail-com\/\" class=\"authorBox__avatar noMobi\"><img src=\"https:\/\/files.sunoresearch.com.br\/n\/uploads\/2024\/02\/perfil-150x150.jpg\" alt=\"Fernando Cesarotti\"><\/a><div class=\"authorBox__name\"><span>por\n\t\t\t<a href=\"https:\/\/www.suno.com.br\/noticias\/author\/fcesarottigmail-com\/\"><span itemprop=\"author\">Fernando Cesarotti<\/span><\/a><\/span><time datetime=\"2025-09-09T16:26:13-03:00\" itemprop=\"datePublished\">09\/09\/2025 16:26<\/time><\/div><\/div><\/div><\/div><\/div>","single_layout":"posts","amp_enabled":true,"_links":{"self":[{"href":"https:\/\/www.suno.com.br\/noticias\/wp-json\/wp\/v2\/posts\/623630"}],"collection":[{"href":"https:\/\/www.suno.com.br\/noticias\/wp-json\/wp\/v2\/posts"}],"about":[{"href":"https:\/\/www.suno.com.br\/noticias\/wp-json\/wp\/v2\/types\/post"}],"author":[{"embeddable":true,"href":"https:\/\/www.suno.com.br\/noticias\/wp-json\/wp\/v2\/users\/339"}],"replies":[{"embeddable":true,"href":"https:\/\/www.suno.com.br\/noticias\/wp-json\/wp\/v2\/comments?post=623630"}],"version-history":[{"count":2,"href":"https:\/\/www.suno.com.br\/noticias\/wp-json\/wp\/v2\/posts\/623630\/revisions"}],"predecessor-version":[{"id":623634,"href":"https:\/\/www.suno.com.br\/noticias\/wp-json\/wp\/v2\/posts\/623630\/revisions\/623634"}],"wp:featuredmedia":[{"embeddable":true,"href":"https:\/\/www.suno.com.br\/noticias\/wp-json\/wp\/v2\/media\/623633"}],"wp:attachment":[{"href":"https:\/\/www.suno.com.br\/noticias\/wp-json\/wp\/v2\/media?parent=623630"}],"wp:term":[{"taxonomy":"category","embeddable":true,"href":"https:\/\/www.suno.com.br\/noticias\/wp-json\/wp\/v2\/categories?post=623630"},{"taxonomy":"post_tag","embeddable":true,"href":"https:\/\/www.suno.com.br\/noticias\/wp-json\/wp\/v2\/tags?post=623630"},{"taxonomy":"suno_strategy","embeddable":true,"href":"https:\/\/www.suno.com.br\/noticias\/wp-json\/wp\/v2\/suno_strategy?post=623630"}],"curies":[{"name":"wp","href":"https:\/\/api.w.org\/{rel}","templated":true}]}}