{"id":62325,"date":"2020-04-22T20:21:14","date_gmt":"2020-04-22T23:21:14","guid":{"rendered":"https:\/\/www.suno.com.br\/noticias\/?p=62325"},"modified":"2020-04-24T18:54:25","modified_gmt":"2020-04-24T21:54:25","slug":"coronavoucher-brasileiros-fora-do-cadunico-recebem-a-segunda-parecela","status":"publish","type":"post","link":"https:\/\/www.suno.com.br\/noticias\/coronavoucher-brasileiros-fora-do-cadunico-recebem-a-segunda-parecela\/","title":{"rendered":"Coronavoucher: brasileiros fora do Cad\u00danico recebem a segunda parcela"},"content":{"rendered":"<p>A segunda parcela do aux\u00edlio emergencial de R$ 600, conhecido como <strong>coronavoucher\u00a0<\/strong>foi paga a benefici\u00e1rios fora do Cad\u00danico nessa quarta-feira (22). No total os pagamentos somaram cerca de R$ 4,3 bilh\u00f5es.<\/p>\t<div class=\"wrapper-featured-image\">\n\t\t<figure class=\"spotlightImg\">\n\n\t\t\t<picture>\n\t\t\t\t<source media=\"(max-width: 768px)\" srcset=\"https:\/\/files.sunoresearch.com.br\/n\/uploads\/2019\/04\/f6fb5dfb-dinheiro-400x200.webp\">\n\t\t\t\t<img loading=\"lazy\" decoding=\"async\" class=\"newsContent__article__imgCapa lazyloadDisabled newsContent__article__imgCapa--noCaption\" src=\"https:\/\/files.sunoresearch.com.br\/n\/uploads\/2019\/04\/f6fb5dfb-dinheiro-800x450.webp\" width=\"800\" height=\"450\" alt=\"Coronavoucher: brasileiros fora do Cad\u00danico recebem a segunda parcela\" fetchpriority=high \/>\n\t\t\t<\/picture>\n\n\t\t\t<figcaption class=\"wp-caption-text wp-caption-text--hide\">O preg\u00e3o do Tesouro Direto funciona das 9h30 \u00e0s 18h.<\/figcaption>\n\t\t<\/figure>\n\t<\/div>\n\n\n\n<p>No \u00faltimo domingo, a Dataprev informou que entre os 5 milh\u00f5es de trabalhadores que\u00a0 podem receber o coronavoucher, 1,2 milh\u00e3o s\u00e3o benefici\u00e1rios do Cad\u00danico, enquanto 4,1 milh\u00f5es se cadastraram atrav\u00e9s do aplicativo ou site da <strong>Caixa<\/strong> Econ\u00f4mica Federal.<\/p>\n<p><a href=\"https:\/\/lp.suno.com.br\/suno-one\/\">Garanta acesso ao Suno One, a central de informa\u00e7\u00f5es para quem quer aprender a investir. Acesse gratuitamente clicando aqui.<\/a><\/p>\n<p>Os pagamentos do aux\u00edlio s\u00e3o divididos em dois calend\u00e1rios diferentes: um para os benefici\u00e1rios que recebem Bolsa Fam\u00edlia e outro para os inscritos no Cadastro \u00danico, que n\u00e3o recebem o auxilio fam\u00edlia, e os que se inscreveram pelo aplicativo ou site.<\/p>\n<div>\n<div id=\"5e600b2b5e5c7d489cb6d706\" class=\"op-interactive\" data-url=\"https:\/\/sunoresearch289.outgrow.us\/5e600b2b5e5c7d489cb6d706?vHeight=1\" data-width=\"100%\"><\/div>\n<p><script src='\/\/dyv6f9ner1ir9.cloudfront.net\/assets\/js\/nloader.js'><\/script><script>initIframe('5e600b2b5e5c7d489cb6d706');<\/script><\/p>\n<\/div>\n<p>O governo federal iniciou o pagamento do auxilio emergencial\u00a0 no \u00faltimo dia 14 e de acordo com a <strong>Caixa Econ\u00f4mica Federal<\/strong>, seriam pagos aproximadamente, at\u00e9 o dia 17, R$ 4,7 bilh\u00f5es para 9,4 milh\u00f5es de benefici\u00e1rios.<\/p>\n<h2>An\u00e1lise poder\u00e1 ser contestada caso coronavoucher seja negado<\/h2>\n<p>Caso um trabalhador tenha seu cadastro negado para o recebimento do aux\u00edlio emergencial do governo para combater o novo coronav\u00edrus (Covid-19), poder\u00e1 contestar o processo de an\u00e1lise. A Caixa Econ\u00f4mica Federal realizou uma atualiza\u00e7\u00e3o em suas plataformas na \u00faltima segunda-feira (20) para permitir as solicita\u00e7\u00f5es.<\/p>\n<p>Seja no aplicativo ou no site, segundo a <strong>Caixa<\/strong>, o benefici\u00e1rio que receber o aviso de &#8220;benef\u00edcio n\u00e3o aprovado&#8221; poder\u00e1 ver a raz\u00e3o pela qual foi negado, e, em seguida, fazer sua contesta\u00e7\u00e3o. Caso receba o aviso de &#8220;dados inconclusivos&#8221;, o trabalhador poder\u00e1 corrigir as informa\u00e7\u00f5es e fazer uma nova solicita\u00e7\u00e3o.<\/p>\n<p>Os benefici\u00e1rios inscritos no Cadastro \u00danico (<strong>Cad\u00danico<\/strong>) poder\u00e3o realizar um novo processo de cadastramento. A institui\u00e7\u00e3o financeira estatal informou que os processos em an\u00e1lise s\u00e3o atualizados conforme as respostas do Dataprev ao banco, acerca da libera\u00e7\u00e3o ou n\u00e3o dos recursos.<\/p>\n<p><a href=\"https:\/\/www.suno.com.br\/noticias\/coronavoucher-governo-inicia-pagamento-do-auxilio-confira-calendario\/\">Saiba mais: Coronavoucher: Governo inicia pagamento do auxilio; confira calend\u00e1rio<\/a><\/p>\n<p>Nesse caso, se o trabalhador incluso no Cad\u00danico tiver o <strong>coronavoucher<\/strong> negado mesmo acreditando ter direito ao benef\u00edcio, o trabalhador tamb\u00e9m pode recorrer diretamente ao aplicativo do aux\u00edlio emergencial ou no site do programa, de acordo com as informa\u00e7\u00f5es da Caixa.<\/p>\n\n","protected":false},"excerpt":{"rendered":"<p>A segunda parcela do aux\u00edlio emergencial de R$ 600, conhecido como coronavoucher\u00a0foi paga a benefici\u00e1rios fora do Cad\u00danico nessa quarta-feira (22). No total os pagamentos somaram cerca de R$ 4,3 bilh\u00f5es. O preg\u00e3o do Tesouro Direto funciona das 9h30 \u00e0s 18h. No \u00faltimo domingo, a Dataprev informou que entre os 5 milh\u00f5es de trabalhadores que\u00a0 [&hellip;]<\/p>\n","protected":false},"author":39,"featured_media":22587,"comment_status":"closed","ping_status":"closed","sticky":false,"template":"","format":"standard","meta":[],"categories":[65],"tags":[1199,12737],"suno_strategy":[],"class_list":["post-62325","post","type-post","status-publish","format-standard","has-post-thumbnail","hentry","category-financas-pessoais","tag-caixa-economica-federal-cef","tag-coronavoucher"],"yoast_head":"<!-- This site is optimized with the Yoast SEO plugin v24.4 - https:\/\/yoast.com\/wordpress\/plugins\/seo\/ -->\n<title>Coronavoucher: brasileiros fora do Cad\u00danico recebem a segunda parecela<\/title>\n<meta name=\"description\" content=\"A segunda parcela do coronavoucher\u00a0foi paga a de benefici\u00e1rios fora do Cad\u00danico nessa quarta-feira (22). Clique aqui para saber mais.\" \/>\n<meta name=\"robots\" content=\"index, follow, max-snippet:-1, max-image-preview:large, max-video-preview:-1\" \/>\n<link rel=\"canonical\" href=\"https:\/\/www.suno.com.br\/noticias\/coronavoucher-brasileiros-fora-do-cadunico-recebem-a-segunda-parecela\/\" \/>\n<meta property=\"og:locale\" content=\"pt_BR\" \/>\n<meta property=\"og:type\" content=\"article\" \/>\n<meta property=\"og:title\" content=\"Coronavoucher: brasileiros fora do Cad\u00danico recebem a segunda parecela\" \/>\n<meta property=\"og:description\" content=\"A segunda parcela do coronavoucher\u00a0foi paga a de benefici\u00e1rios fora do Cad\u00danico nessa quarta-feira (22). Clique aqui para saber mais.\" \/>\n<meta property=\"og:url\" content=\"https:\/\/www.suno.com.br\/noticias\/coronavoucher-brasileiros-fora-do-cadunico-recebem-a-segunda-parecela\/\" \/>\n<meta property=\"og:site_name\" content=\"Suno Not\u00edcias\" \/>\n<meta property=\"article:publisher\" content=\"https:\/\/facebook.com\/sunoresearch\" \/>\n<meta property=\"og:image\" content=\"https:\/\/files.sunoresearch.com.br\/n\/uploads\/2019\/04\/f6fb5dfb-dinheiro.jpg\" \/>\n\t<meta property=\"og:image:width\" content=\"1920\" \/>\n\t<meta property=\"og:image:height\" content=\"1280\" \/>\n\t<meta property=\"og:image:type\" content=\"image\/jpeg\" \/>\n<meta name=\"author\" content=\"Laura Moutinho\" \/>\n<meta name=\"twitter:card\" content=\"summary_large_image\" \/>\n<meta name=\"twitter:creator\" content=\"@sunoresearch\" \/>\n<meta name=\"twitter:site\" content=\"@sunoresearch\" \/>\n<meta name=\"twitter:label1\" content=\"Escrito por\" \/>\n\t<meta name=\"twitter:data1\" content=\"Laura Moutinho\" \/>\n\t<meta name=\"twitter:label2\" content=\"Est. tempo de leitura\" \/>\n\t<meta name=\"twitter:data2\" content=\"2 minutos\" \/>\n<script type=\"application\/ld+json\" class=\"yoast-schema-graph\">{\"@context\":\"https:\/\/schema.org\",\"@graph\":[{\"@type\":\"NewsArticle\",\"@id\":\"https:\/\/www.suno.com.br\/noticias\/coronavoucher-brasileiros-fora-do-cadunico-recebem-a-segunda-parecela\/#article\",\"isPartOf\":{\"@id\":\"https:\/\/www.suno.com.br\/noticias\/coronavoucher-brasileiros-fora-do-cadunico-recebem-a-segunda-parecela\/\"},\"author\":{\"name\":\"Laura Moutinho\",\"@id\":\"https:\/\/www.suno.com.br\/noticias\/#\/schema\/person\/3df0d2808748b74496efe5dbeaef2c72\"},\"headline\":\"Coronavoucher: brasileiros fora do Cad\u00danico recebem a segunda parcela\",\"datePublished\":\"2020-04-22T23:21:14+00:00\",\"dateModified\":\"2020-04-24T21:54:25+00:00\",\"mainEntityOfPage\":{\"@id\":\"https:\/\/www.suno.com.br\/noticias\/coronavoucher-brasileiros-fora-do-cadunico-recebem-a-segunda-parecela\/\"},\"wordCount\":420,\"publisher\":{\"@id\":\"https:\/\/www.suno.com.br\/noticias\/#organization\"},\"image\":{\"@id\":\"https:\/\/www.suno.com.br\/noticias\/coronavoucher-brasileiros-fora-do-cadunico-recebem-a-segunda-parecela\/#primaryimage\"},\"thumbnailUrl\":\"https:\/\/files.sunoresearch.com.br\/n\/uploads\/2019\/04\/f6fb5dfb-dinheiro-jpg.webp\",\"keywords\":[\"Caixa Econ\u00f4mica Federal (CEF)\",\"coronavoucher\"],\"articleSection\":[\"Finan\u00e7as Pessoais\"],\"inLanguage\":\"pt-BR\"},{\"@type\":\"WebPage\",\"@id\":\"https:\/\/www.suno.com.br\/noticias\/coronavoucher-brasileiros-fora-do-cadunico-recebem-a-segunda-parecela\/\",\"url\":\"https:\/\/www.suno.com.br\/noticias\/coronavoucher-brasileiros-fora-do-cadunico-recebem-a-segunda-parecela\/\",\"name\":\"Coronavoucher: brasileiros fora do Cad\u00danico recebem a segunda parecela\",\"isPartOf\":{\"@id\":\"https:\/\/www.suno.com.br\/noticias\/#website\"},\"primaryImageOfPage\":{\"@id\":\"https:\/\/www.suno.com.br\/noticias\/coronavoucher-brasileiros-fora-do-cadunico-recebem-a-segunda-parecela\/#primaryimage\"},\"image\":{\"@id\":\"https:\/\/www.suno.com.br\/noticias\/coronavoucher-brasileiros-fora-do-cadunico-recebem-a-segunda-parecela\/#primaryimage\"},\"thumbnailUrl\":\"https:\/\/files.sunoresearch.com.br\/n\/uploads\/2019\/04\/f6fb5dfb-dinheiro-jpg.webp\",\"datePublished\":\"2020-04-22T23:21:14+00:00\",\"dateModified\":\"2020-04-24T21:54:25+00:00\",\"description\":\"A segunda parcela do coronavoucher\u00a0foi paga a de benefici\u00e1rios fora do Cad\u00danico nessa quarta-feira (22). Clique aqui para saber mais.\",\"breadcrumb\":{\"@id\":\"https:\/\/www.suno.com.br\/noticias\/coronavoucher-brasileiros-fora-do-cadunico-recebem-a-segunda-parecela\/#breadcrumb\"},\"inLanguage\":\"pt-BR\",\"potentialAction\":[{\"@type\":\"ReadAction\",\"target\":[\"https:\/\/www.suno.com.br\/noticias\/coronavoucher-brasileiros-fora-do-cadunico-recebem-a-segunda-parecela\/\"]}]},{\"@type\":\"ImageObject\",\"inLanguage\":\"pt-BR\",\"@id\":\"https:\/\/www.suno.com.br\/noticias\/coronavoucher-brasileiros-fora-do-cadunico-recebem-a-segunda-parecela\/#primaryimage\",\"url\":\"https:\/\/files.sunoresearch.com.br\/n\/uploads\/2019\/04\/f6fb5dfb-dinheiro-jpg.webp\",\"contentUrl\":\"https:\/\/files.sunoresearch.com.br\/n\/uploads\/2019\/04\/f6fb5dfb-dinheiro-jpg.webp\",\"width\":1920,\"height\":1280,\"caption\":\"O preg\u00e3o do Tesouro Direto funciona das 9h30 \u00e0s 18h.\"},{\"@type\":\"BreadcrumbList\",\"@id\":\"https:\/\/www.suno.com.br\/noticias\/coronavoucher-brasileiros-fora-do-cadunico-recebem-a-segunda-parecela\/#breadcrumb\",\"itemListElement\":[{\"@type\":\"ListItem\",\"position\":1,\"name\":\"Not\u00edcias\",\"item\":\"https:\/\/www.suno.com.br\/noticias\/\"},{\"@type\":\"ListItem\",\"position\":2,\"name\":\"Finan\u00e7as Pessoais\",\"item\":\"https:\/\/www.suno.com.br\/noticias\/financas-pessoais\/\"},{\"@type\":\"ListItem\",\"position\":3,\"name\":\"Coronavoucher: brasileiros fora do Cad\u00danico recebem a segunda parcela\"}]},{\"@type\":\"WebSite\",\"@id\":\"https:\/\/www.suno.com.br\/noticias\/#website\",\"url\":\"https:\/\/www.suno.com.br\/noticias\/\",\"name\":\"Suno Not\u00edcias\",\"description\":\"Seu portal de informa\u00e7\u00e3o sobre o mundo dos investimentos\",\"publisher\":{\"@id\":\"https:\/\/www.suno.com.br\/noticias\/#organization\"},\"potentialAction\":[{\"@type\":\"SearchAction\",\"target\":{\"@type\":\"EntryPoint\",\"urlTemplate\":\"https:\/\/www.suno.com.br\/noticias\/?s={search_term_string}\"},\"query-input\":{\"@type\":\"PropertyValueSpecification\",\"valueRequired\":true,\"valueName\":\"search_term_string\"}}],\"inLanguage\":\"pt-BR\"},{\"@type\":\"Organization\",\"@id\":\"https:\/\/www.suno.com.br\/noticias\/#organization\",\"name\":\"Suno Not\u00edcias\",\"url\":\"https:\/\/www.suno.com.br\/noticias\/\",\"logo\":{\"@type\":\"ImageObject\",\"inLanguage\":\"pt-BR\",\"@id\":\"https:\/\/www.suno.com.br\/noticias\/#\/schema\/logo\/image\/\",\"url\":\"https:\/\/files.sunoresearch.com.br\/n\/uploads\/2021\/09\/suno-logo.png\",\"contentUrl\":\"https:\/\/files.sunoresearch.com.br\/n\/uploads\/2021\/09\/suno-logo.png\",\"width\":180,\"height\":180,\"caption\":\"Suno Not\u00edcias\"},\"image\":{\"@id\":\"https:\/\/www.suno.com.br\/noticias\/#\/schema\/logo\/image\/\"},\"sameAs\":[\"https:\/\/facebook.com\/sunoresearch\",\"https:\/\/x.com\/sunoresearch\",\"https:\/\/www.instagram.com\/suno\",\"https:\/\/www.linkedin.com\/company\/suno-research\/\",\"https:\/\/www.youtube.com\/c\/sunoresearch\"]},{\"@type\":\"Person\",\"@id\":\"https:\/\/www.suno.com.br\/noticias\/#\/schema\/person\/3df0d2808748b74496efe5dbeaef2c72\",\"name\":\"Laura Moutinho\",\"image\":{\"@type\":\"ImageObject\",\"inLanguage\":\"pt-BR\",\"@id\":\"https:\/\/www.suno.com.br\/noticias\/#\/schema\/person\/image\/\",\"url\":\"https:\/\/secure.gravatar.com\/avatar\/7571c7c8ca3a6fca5e41384ece5557ff?s=96&r=g\",\"contentUrl\":\"https:\/\/secure.gravatar.com\/avatar\/7571c7c8ca3a6fca5e41384ece5557ff?s=96&r=g\",\"caption\":\"Laura Moutinho\"},\"description\":\"Estagi\u00e1ria na Suno Not\u00edcias, escreve not\u00edcias que afetam o mercado financeiro. Estuda administra\u00e7\u00e3o na Universidade Presbiteriana Mackenzie.\",\"url\":\"https:\/\/www.suno.com.br\/noticias\/author\/laura-moutinho\/\"}]}<\/script>\n<!-- \/ Yoast SEO plugin. -->","yoast_head_json":{"title":"Coronavoucher: brasileiros fora do Cad\u00danico recebem a segunda parecela","description":"A segunda parcela do coronavoucher\u00a0foi paga a de benefici\u00e1rios fora do Cad\u00danico nessa quarta-feira (22). Clique aqui para saber mais.","robots":{"index":"index","follow":"follow","max-snippet":"max-snippet:-1","max-image-preview":"max-image-preview:large","max-video-preview":"max-video-preview:-1"},"canonical":"https:\/\/www.suno.com.br\/noticias\/coronavoucher-brasileiros-fora-do-cadunico-recebem-a-segunda-parecela\/","og_locale":"pt_BR","og_type":"article","og_title":"Coronavoucher: brasileiros fora do Cad\u00danico recebem a segunda parecela","og_description":"A segunda parcela do coronavoucher\u00a0foi paga a de benefici\u00e1rios fora do Cad\u00danico nessa quarta-feira (22). Clique aqui para saber mais.","og_url":"https:\/\/www.suno.com.br\/noticias\/coronavoucher-brasileiros-fora-do-cadunico-recebem-a-segunda-parecela\/","og_site_name":"Suno Not\u00edcias","article_publisher":"https:\/\/facebook.com\/sunoresearch","og_image":[{"width":1920,"height":1280,"url":"https:\/\/files.sunoresearch.com.br\/n\/uploads\/2019\/04\/f6fb5dfb-dinheiro.jpg","type":"image\/jpeg"}],"author":"Laura Moutinho","twitter_card":"summary_large_image","twitter_creator":"@sunoresearch","twitter_site":"@sunoresearch","twitter_misc":{"Escrito por":"Laura Moutinho","Est. tempo de leitura":"2 minutos"},"schema":{"@context":"https:\/\/schema.org","@graph":[{"@type":"NewsArticle","@id":"https:\/\/www.suno.com.br\/noticias\/coronavoucher-brasileiros-fora-do-cadunico-recebem-a-segunda-parecela\/#article","isPartOf":{"@id":"https:\/\/www.suno.com.br\/noticias\/coronavoucher-brasileiros-fora-do-cadunico-recebem-a-segunda-parecela\/"},"author":{"name":"Laura Moutinho","@id":"https:\/\/www.suno.com.br\/noticias\/#\/schema\/person\/3df0d2808748b74496efe5dbeaef2c72"},"headline":"Coronavoucher: brasileiros fora do Cad\u00danico recebem a segunda parcela","datePublished":"2020-04-22T23:21:14+00:00","dateModified":"2020-04-24T21:54:25+00:00","mainEntityOfPage":{"@id":"https:\/\/www.suno.com.br\/noticias\/coronavoucher-brasileiros-fora-do-cadunico-recebem-a-segunda-parecela\/"},"wordCount":420,"publisher":{"@id":"https:\/\/www.suno.com.br\/noticias\/#organization"},"image":{"@id":"https:\/\/www.suno.com.br\/noticias\/coronavoucher-brasileiros-fora-do-cadunico-recebem-a-segunda-parecela\/#primaryimage"},"thumbnailUrl":"https:\/\/files.sunoresearch.com.br\/n\/uploads\/2019\/04\/f6fb5dfb-dinheiro-jpg.webp","keywords":["Caixa Econ\u00f4mica Federal (CEF)","coronavoucher"],"articleSection":["Finan\u00e7as Pessoais"],"inLanguage":"pt-BR"},{"@type":"WebPage","@id":"https:\/\/www.suno.com.br\/noticias\/coronavoucher-brasileiros-fora-do-cadunico-recebem-a-segunda-parecela\/","url":"https:\/\/www.suno.com.br\/noticias\/coronavoucher-brasileiros-fora-do-cadunico-recebem-a-segunda-parecela\/","name":"Coronavoucher: brasileiros fora do Cad\u00danico recebem a segunda parecela","isPartOf":{"@id":"https:\/\/www.suno.com.br\/noticias\/#website"},"primaryImageOfPage":{"@id":"https:\/\/www.suno.com.br\/noticias\/coronavoucher-brasileiros-fora-do-cadunico-recebem-a-segunda-parecela\/#primaryimage"},"image":{"@id":"https:\/\/www.suno.com.br\/noticias\/coronavoucher-brasileiros-fora-do-cadunico-recebem-a-segunda-parecela\/#primaryimage"},"thumbnailUrl":"https:\/\/files.sunoresearch.com.br\/n\/uploads\/2019\/04\/f6fb5dfb-dinheiro-jpg.webp","datePublished":"2020-04-22T23:21:14+00:00","dateModified":"2020-04-24T21:54:25+00:00","description":"A segunda parcela do coronavoucher\u00a0foi paga a de benefici\u00e1rios fora do Cad\u00danico nessa quarta-feira (22). Clique aqui para saber mais.","breadcrumb":{"@id":"https:\/\/www.suno.com.br\/noticias\/coronavoucher-brasileiros-fora-do-cadunico-recebem-a-segunda-parecela\/#breadcrumb"},"inLanguage":"pt-BR","potentialAction":[{"@type":"ReadAction","target":["https:\/\/www.suno.com.br\/noticias\/coronavoucher-brasileiros-fora-do-cadunico-recebem-a-segunda-parecela\/"]}]},{"@type":"ImageObject","inLanguage":"pt-BR","@id":"https:\/\/www.suno.com.br\/noticias\/coronavoucher-brasileiros-fora-do-cadunico-recebem-a-segunda-parecela\/#primaryimage","url":"https:\/\/files.sunoresearch.com.br\/n\/uploads\/2019\/04\/f6fb5dfb-dinheiro-jpg.webp","contentUrl":"https:\/\/files.sunoresearch.com.br\/n\/uploads\/2019\/04\/f6fb5dfb-dinheiro-jpg.webp","width":1920,"height":1280,"caption":"O preg\u00e3o do Tesouro Direto funciona das 9h30 \u00e0s 18h."},{"@type":"BreadcrumbList","@id":"https:\/\/www.suno.com.br\/noticias\/coronavoucher-brasileiros-fora-do-cadunico-recebem-a-segunda-parecela\/#breadcrumb","itemListElement":[{"@type":"ListItem","position":1,"name":"Not\u00edcias","item":"https:\/\/www.suno.com.br\/noticias\/"},{"@type":"ListItem","position":2,"name":"Finan\u00e7as Pessoais","item":"https:\/\/www.suno.com.br\/noticias\/financas-pessoais\/"},{"@type":"ListItem","position":3,"name":"Coronavoucher: brasileiros fora do Cad\u00danico recebem a segunda parcela"}]},{"@type":"WebSite","@id":"https:\/\/www.suno.com.br\/noticias\/#website","url":"https:\/\/www.suno.com.br\/noticias\/","name":"Suno Not\u00edcias","description":"Seu portal de informa\u00e7\u00e3o sobre o mundo dos investimentos","publisher":{"@id":"https:\/\/www.suno.com.br\/noticias\/#organization"},"potentialAction":[{"@type":"SearchAction","target":{"@type":"EntryPoint","urlTemplate":"https:\/\/www.suno.com.br\/noticias\/?s={search_term_string}"},"query-input":{"@type":"PropertyValueSpecification","valueRequired":true,"valueName":"search_term_string"}}],"inLanguage":"pt-BR"},{"@type":"Organization","@id":"https:\/\/www.suno.com.br\/noticias\/#organization","name":"Suno Not\u00edcias","url":"https:\/\/www.suno.com.br\/noticias\/","logo":{"@type":"ImageObject","inLanguage":"pt-BR","@id":"https:\/\/www.suno.com.br\/noticias\/#\/schema\/logo\/image\/","url":"https:\/\/files.sunoresearch.com.br\/n\/uploads\/2021\/09\/suno-logo.png","contentUrl":"https:\/\/files.sunoresearch.com.br\/n\/uploads\/2021\/09\/suno-logo.png","width":180,"height":180,"caption":"Suno Not\u00edcias"},"image":{"@id":"https:\/\/www.suno.com.br\/noticias\/#\/schema\/logo\/image\/"},"sameAs":["https:\/\/facebook.com\/sunoresearch","https:\/\/x.com\/sunoresearch","https:\/\/www.instagram.com\/suno","https:\/\/www.linkedin.com\/company\/suno-research\/","https:\/\/www.youtube.com\/c\/sunoresearch"]},{"@type":"Person","@id":"https:\/\/www.suno.com.br\/noticias\/#\/schema\/person\/3df0d2808748b74496efe5dbeaef2c72","name":"Laura Moutinho","image":{"@type":"ImageObject","inLanguage":"pt-BR","@id":"https:\/\/www.suno.com.br\/noticias\/#\/schema\/person\/image\/","url":"https:\/\/secure.gravatar.com\/avatar\/7571c7c8ca3a6fca5e41384ece5557ff?s=96&r=g","contentUrl":"https:\/\/secure.gravatar.com\/avatar\/7571c7c8ca3a6fca5e41384ece5557ff?s=96&r=g","caption":"Laura Moutinho"},"description":"Estagi\u00e1ria na Suno Not\u00edcias, escreve not\u00edcias que afetam o mercado financeiro. Estuda administra\u00e7\u00e3o na Universidade Presbiteriana Mackenzie.","url":"https:\/\/www.suno.com.br\/noticias\/author\/laura-moutinho\/"}]}},"default_loop_html":"<div class=\"cardsPage__listCard__boxs\"><div class=\"cardsPage__listCard__boxs__img\"><a href=\"https:\/\/www.suno.com.br\/noticias\/coronavoucher-brasileiros-fora-do-cadunico-recebem-a-segunda-parecela\/\"><img class=\"mask\" src=\"https:\/\/www.suno.com.br\/noticias\/wp-content\/themes\/suno\/resources\/images\/spotlight\/spotlight1img\/bg-mask.png\" alt=\"Image Mask\"\/><img src=\"https:\/\/files.sunoresearch.com.br\/n\/uploads\/2019\/04\/f6fb5dfb-dinheiro-400x200.webp\" alt=\"Coronavoucher: brasileiros fora do Cad\u00danico recebem a segunda parcela\"\/><\/a><span class=\"spotlightCategory\"><a href=\"https:\/\/www.suno.com.br\/noticias\/financas-pessoais\/\">Finan\u00e7as Pessoais<\/a><\/span><\/div><div class=\"cardsPage__listCard__boxs__content\"><a href=\"https:\/\/www.suno.com.br\/noticias\/coronavoucher-brasileiros-fora-do-cadunico-recebem-a-segunda-parecela\/\"><h2 class=\"content__title\">Coronavoucher: brasileiros fora do Cad\u00danico recebem a segunda parcela<\/h2><\/a><div class=\"newsContent__article__meta\"><div class=\"newsContent__article__meta__authorBox\"><a href=\"https:\/\/www.suno.com.br\/noticias\/author\/laura-moutinho\/\" class=\"authorBox__avatar noMobi\"><img src=\"https:\/\/files.sunoresearch.com.br\/n\/uploads\/2020\/08\/531ff69d-whatsapp-image-2020-08-03-at-14.54.38-150x150.webp\" alt=\"Laura Moutinho\"><\/a><div class=\"authorBox__name\"><span>por\n\t\t\t<a href=\"https:\/\/www.suno.com.br\/noticias\/author\/laura-moutinho\/\"><span itemprop=\"author\">Laura Moutinho<\/span><\/a><\/span><time datetime=\"2020-04-22T20:21:14-03:00\" itemprop=\"datePublished\">22\/04\/2020 20:21<\/time><\/div><\/div><\/div><\/div><\/div>","single_layout":"posts","amp_enabled":true,"_links":{"self":[{"href":"https:\/\/www.suno.com.br\/noticias\/wp-json\/wp\/v2\/posts\/62325"}],"collection":[{"href":"https:\/\/www.suno.com.br\/noticias\/wp-json\/wp\/v2\/posts"}],"about":[{"href":"https:\/\/www.suno.com.br\/noticias\/wp-json\/wp\/v2\/types\/post"}],"author":[{"embeddable":true,"href":"https:\/\/www.suno.com.br\/noticias\/wp-json\/wp\/v2\/users\/39"}],"replies":[{"embeddable":true,"href":"https:\/\/www.suno.com.br\/noticias\/wp-json\/wp\/v2\/comments?post=62325"}],"version-history":[{"count":0,"href":"https:\/\/www.suno.com.br\/noticias\/wp-json\/wp\/v2\/posts\/62325\/revisions"}],"wp:featuredmedia":[{"embeddable":true,"href":"https:\/\/www.suno.com.br\/noticias\/wp-json\/wp\/v2\/media\/22587"}],"wp:attachment":[{"href":"https:\/\/www.suno.com.br\/noticias\/wp-json\/wp\/v2\/media?parent=62325"}],"wp:term":[{"taxonomy":"category","embeddable":true,"href":"https:\/\/www.suno.com.br\/noticias\/wp-json\/wp\/v2\/categories?post=62325"},{"taxonomy":"post_tag","embeddable":true,"href":"https:\/\/www.suno.com.br\/noticias\/wp-json\/wp\/v2\/tags?post=62325"},{"taxonomy":"suno_strategy","embeddable":true,"href":"https:\/\/www.suno.com.br\/noticias\/wp-json\/wp\/v2\/suno_strategy?post=62325"}],"curies":[{"name":"wp","href":"https:\/\/api.w.org\/{rel}","templated":true}]}}