{"id":623159,"date":"2025-09-08T11:53:33","date_gmt":"2025-09-08T14:53:33","guid":{"rendered":"https:\/\/www.suno.com.br\/noticias\/?p=623159"},"modified":"2025-09-08T11:53:43","modified_gmt":"2025-09-08T14:53:43","slug":"banco-mostra-os-melhores-ativos-de-credito-privado-para-setembro","status":"publish","type":"post","link":"https:\/\/www.suno.com.br\/noticias\/banco-mostra-os-melhores-ativos-de-credito-privado-para-setembro\/","title":{"rendered":"Banco mostra os melhores ativos de cr\u00e9dito privado para setembro"},"content":{"rendered":"<p>A sele\u00e7\u00e3o de setembro de 2025 da carteira de <strong>cr\u00e9dito privado<\/strong> do BB Investimentos trouxe seis novas indica\u00e7\u00f5es de <a class=\"suno-keyword\" data-force=\"no\" data-priority=\"1\" href=\"https:\/\/www.suno.com.br\/artigos\/debentures-incentivadas\/\" target=\"_blank\" rel=\"noopener\">deb\u00eantures incentivadas<\/a> e um CRA, refor\u00e7ando o peso de empresas de energia el\u00e9trica e log\u00edstica entre as recomenda\u00e7\u00f5es. <\/p>\t<div class=\"wrapper-featured-image\">\n\t\t<figure class=\"spotlightImg\">\n\n\t\t\t<picture>\n\t\t\t\t<source media=\"(max-width: 768px)\" srcset=\"https:\/\/files.sunoresearch.com.br\/n\/uploads\/2024\/04\/iStock-1389093478-400x200.jpg\">\n\t\t\t\t<img loading=\"lazy\" decoding=\"async\" class=\"newsContent__article__imgCapa lazyloadDisabled \" src=\"https:\/\/files.sunoresearch.com.br\/n\/uploads\/2024\/04\/iStock-1389093478-800x450.jpg\" width=\"800\" height=\"450\" alt=\"Banco mostra os melhores ativos de cr\u00e9dito privado para setembro\" fetchpriority=high \/>\n\t\t\t<\/picture>\n\n\t\t\t<figcaption class=\"wp-caption-text wp-caption-text--show\">ETFs da Investo. Foto: iStock.<\/figcaption>\n\t\t<\/figure>\n\t<\/div>\n\n\n\n\n\n\t<p>\n\t\t<a href=\"https:\/\/lp.suno.com.br\/planilha-da-vida-financeira\/\" target=\"_blank\" data-element=\"shortcode-suno-banner\" title=\"Banner SUNO, clique e saiba mais\">\n\t\t\t<picture>\n\t\t\t\t<source media=\"(max-width: 500px)\" srcset=\"https:\/\/files.sunoresearch.com.br\/n\/uploads\/2023\/04\/400x300-Planilha-vida-financeira-true.png\">\n\t\t\t\t<img class=\"newsContent__article__imgCapa newsContent__article__imgCapa--banner\"\n\t\t\t\t\tsrc=\"https:\/\/files.sunoresearch.com.br\/n\/uploads\/2023\/04\/1420x240-Planilha-vida-financeira-true.png\"\n\t\t\t\t\tdata-promo-id=\"106682\"\t\t\t\t\t\t\t\t\t\twidth='1420' height='240'\t\t\t\t\talt=\"https:\/\/files.sunoresearch.com.br\/n\/uploads\/2023\/04\/1420x240-Planilha-vida-financeira-true.png\"\n\t\t\t\t>\n\t\t\t<\/picture>\n\t\t<\/a>\n\t<\/p>\n\n\n\n\n\n<p>Entraram pap\u00e9is da Eletrobras (CHSF13 e ELTN27), Eneva (ENEV29), Klabin (KLBNAS), MRS Log\u00edstica (MRSAB1), Isa Energia (TRPLB4) e Marfrig (CRA024009Q4), todos atrelados ao IPCA e com vencimentos entre 2031 e 2039.<\/p>\n\n\n<div class=\"wp-block-image\">\n<figure class=\"aligncenter size-full\"><img loading=\"lazy\" decoding=\"async\" width=\"719\" height=\"420\" src=\"https:\/\/files.sunoresearch.com.br\/n\/uploads\/2025\/09\/Titulos-incentivados-setembro-jpg.webp\" alt=\"T\u00edtulos incentivados de setembro. Foto: BB Investimentos. \" class=\"wp-image-623162\" srcset=\"https:\/\/files.sunoresearch.com.br\/n\/uploads\/2025\/09\/Titulos-incentivados-setembro-jpg.webp 719w, https:\/\/files.sunoresearch.com.br\/n\/uploads\/2025\/09\/Titulos-incentivados-setembro-300x175.webp 300w, https:\/\/files.sunoresearch.com.br\/n\/uploads\/2025\/09\/Titulos-incentivados-setembro-150x88.webp 150w\" sizes=\"(max-width: 719px) 100vw, 719px\" \/><figcaption class=\"wp-element-caption\">T\u00edtulos incentivados de setembro. Foto: BB Investimentos. <\/figcaption><\/figure><\/div>\n\n\n<p>O movimento reflete a estrat\u00e9gia da gestora de priorizar emissores de alta qualidade e setores com fluxo de caixa previs\u00edvel, como utilidades p\u00fablicas, em um cen\u00e1rio de juros elevados e spreads de cr\u00e9dito em n\u00edveis historicamente baixos.<\/p>\n\n\n\n<p>Em contrapartida, foram retirados da lista pap\u00e9is de BRF, Boa Safra, Equatorial Goi\u00e1s, Eletrobras, Eneva, Isa Energia e Marfrig. Alguns desses ativos deixaram de atender aos crit\u00e9rios metodol\u00f3gicos de sele\u00e7\u00e3o, enquanto outros foram substitu\u00eddos por novas s\u00e9ries consideradas mais atrativas no balan\u00e7o entre risco e retorno.<\/p>\n\n\n<div class=\"wp-block-image\">\n<figure class=\"aligncenter size-full\"><img loading=\"lazy\" decoding=\"async\" width=\"724\" height=\"507\" src=\"https:\/\/files.sunoresearch.com.br\/n\/uploads\/2025\/09\/Mudancas-em-relacao-ao-mes-de-julho-jpg.webp\" alt=\"Mudan\u00e7as da Carteira do BB. Foto: BB Investimentos. \" class=\"wp-image-623165\" srcset=\"https:\/\/files.sunoresearch.com.br\/n\/uploads\/2025\/09\/Mudancas-em-relacao-ao-mes-de-julho-jpg.webp 724w, https:\/\/files.sunoresearch.com.br\/n\/uploads\/2025\/09\/Mudancas-em-relacao-ao-mes-de-julho-300x210.webp 300w, https:\/\/files.sunoresearch.com.br\/n\/uploads\/2025\/09\/Mudancas-em-relacao-ao-mes-de-julho-150x105.webp 150w\" sizes=\"(max-width: 724px) 100vw, 724px\" \/><figcaption class=\"wp-element-caption\">Mudan\u00e7as da Carteira do BB. Foto: BB Investimentos. <\/figcaption><\/figure><\/div>\n\n\n<p>Segundo o BB Investimentos, a sele\u00e7\u00e3o busca identificar oportunidades no <a class=\"suno-keyword\" target=\"_blank\" data-force=\"no\" data-priority=\"1\" href=\"https:\/\/www.suno.com.br\/artigos\/mercado-secundario\/\" rel=\"noopener\">mercado secund\u00e1rio<\/a> de <a class=\"suno-keyword\" target=\"_blank\" data-force=\"no\" data-priority=\"1\" href=\"https:\/\/www.suno.com.br\/artigos\/longo-prazo\/\" rel=\"noopener\">longo prazo<\/a> para investidores <a class=\"suno-keyword\" target=\"_blank\" data-force=\"no\" data-priority=\"1\" href=\"https:\/\/www.suno.com.br\/artigos\/pessoa-fisica\/\" rel=\"noopener\">pessoa f\u00edsica<\/a>, tanto qualificados quanto o p\u00fablico geral. A an\u00e1lise considera a <a class=\"suno-keyword\" target=\"_blank\" data-force=\"no\" data-priority=\"1\" href=\"https:\/\/www.suno.com.br\/artigos\/saude-financeira\/\" rel=\"noopener\">sa\u00fade financeira<\/a> das companhias emissoras e suas perspectivas de cr\u00e9dito.<\/p>\n\n\n\n<p>A compara\u00e7\u00e3o de rentabilidade \u00e9 feita em rela\u00e7\u00e3o \u00e0 curva do <a class=\"suno-keyword\" target=\"_blank\" data-force=\"no\" data-priority=\"1\" href=\"https:\/\/www.suno.com.br\/artigos\/tesouro-ipca\/\" rel=\"noopener\">Tesouro IPCA<\/a>+, j\u00e1 descontado o efeito do imposto de renda, para avaliar se os pr\u00eamios oferecidos justificam o risco.<\/p>\n\n\n\n<p>Apesar do ambiente mais cauteloso no cr\u00e9dito corporativo \u2014 especialmente para empresas alavancadas e de <a class=\"suno-keyword\" target=\"_blank\" data-force=\"no\" data-priority=\"1\" href=\"https:\/\/www.suno.com.br\/artigos\/o-que-sao-setores-ciclicos\/\" rel=\"noopener\">setores c\u00edclicos<\/a> \u2014, o banco v\u00ea espa\u00e7o para ganhos em pap\u00e9is de companhias s\u00f3lidas, mesmo que os retornos sejam mais modestos do que ativos de risco elevado. A recomenda\u00e7\u00e3o \u00e9 que investidores mantenham uma postura seletiva e conservadora, aproveitando taxas reais ainda consideradas atrativas na renda fixa incentivada.<\/p>\n\n\n\n<h2 class=\"wp-block-heading\">Ganhos de 1,52% ao m\u00eas: gestora destaca com os fundos de cr\u00e9dito privado<\/h2>\n\n\n\n<p>Dentre os fundos geridos pela AZ Quest, o relat\u00f3rio destaca o\u00a0<strong>AZ Quest Supra<\/strong>, que registrou um rendimento de 1,52% em agosto.<\/p>\n\n\n\n<p>A gestora cita que os ganhos desse fundo vieram principalmente da sua carteira de deb\u00eantures, que apresentou resultados positivos em um ambiente de taxas elevadas.<\/p>\n\n\n\t<p>\n\t\t<a href=\"https:\/\/lp.suno.com.br\/ebook-como-analisar-uma-acao\/\" target=\"_blank\" data-element=\"shortcode-suno-banner\" title=\"Banner SUNO, clique e saiba mais\">\n\t\t\t<picture>\n\t\t\t\t<source media=\"(max-width: 500px)\" srcset=\"https:\/\/files.sunoresearch.com.br\/n\/uploads\/2023\/03\/Ebook-Acoes-Mobile.jpg\">\n\t\t\t\t<img class=\"newsContent__article__imgCapa newsContent__article__imgCapa--banner\"\n\t\t\t\t\tsrc=\"https:\/\/files.sunoresearch.com.br\/n\/uploads\/2023\/03\/Ebook-Acoes-Desktop.jpg\"\n\t\t\t\t\tdata-promo-id=\"378302\"\t\t\t\t\t\t\t\t\t\twidth='1420' height='286'\t\t\t\t\talt=\"https:\/\/files.sunoresearch.com.br\/n\/uploads\/2023\/03\/Ebook-Acoes-Desktop.jpg\"\n\t\t\t\t>\n\t\t\t<\/picture>\n\t\t<\/a>\n\t<\/p>\n\n\n\n\n\n<p>\u201cNossas diversas estrat\u00e9gias demonstraram bons resultados, especialmente na estrat\u00e9gia Yield, o que reflete nossa capacidade de adapta\u00e7\u00e3o \u00e0s condi\u00e7\u00f5es de mercado\u201d, comentou a gest\u00e3o.<\/p>\n\n\n\n<p>O crescimento no interesse por esses ativos, mesmo em tempos de altas taxas de juros, mostra a confian\u00e7a dos investidores na renda fixa, que continua a ser vista como uma alternativa segura, buscando ganhos acima do CDI.<\/p>\n\n\n\n\t<div data-element=\"shortcode-read-more\" class=\"readToo\">\n\t\t\t\t<span class=\"readToo__title\">Leia mais<\/span>\n\t\t\t\t<ul class=\"readToo__list\">\n\t\t\t<li><a href=\"https:\/\/www.suno.com.br\/noticias\/tributacao-lci-lca-mp-1303-investimentos-go\/\">Tributa\u00e7\u00e3o de LCIs e LCAs: como a MP pode afetar os investimentos e quais estrat\u00e9gias seguir<\/a><\/li><li><a href=\"https:\/\/www.suno.com.br\/noticias\/oi-oibr3-reporta-prejuizo-acoes-caem-go\/\">Oi (OIBR3) reporta preju\u00edzo de R$ 835 milh\u00f5es no 2T25 e reverte lucro; a\u00e7\u00f5es despencam<\/a><\/li>\t\t<\/ul>\n\t<\/div>\n\n\n\n\n<h2 class=\"wp-block-heading\">Fundos tamb\u00e9m s\u00e3o op\u00e7\u00f5es de investimentos<\/h2>\n\n\n\n<p>Os fundos de cr\u00e9dito privado t\u00eam se destacado entre os investidores, especialmente por oferecerem isen\u00e7\u00e3o de imposto de renda para&nbsp;<a target=\"_blank\" href=\"https:\/\/www.suno.com.br\/artigos\/pessoa-fisica\/\" rel=\"noreferrer noopener\">pessoa f\u00edsica<\/a>&nbsp;e bom desempenho em diferentes janelas de tempo.<\/p>\n\n\n\n<p>Entre os produtos dispon\u00edveis no mercado, o\u00a0<strong>Fator Deb\u00eantures Incentivadas FI RF CP<\/strong>\u00a0vem ganhando aten\u00e7\u00e3o pelo hist\u00f3rico de retornos acima do CDI. De acordo com dados da pr\u00f3pria gestora, o fundo acumula uma valoriza\u00e7\u00e3o maior de 124,43% desde o in\u00edcio e teve rendimento de 11,96% nos \u00faltimos 12 meses, at\u00e9 2 de julho de 2025.<\/p>\n\n\n\n\n\t<p>\n\t\t<a href=\"https:\/\/lp.suno.com.br\/planilha-da-vida-financeira\/\" target=\"_blank\" data-element=\"shortcode-suno-banner\" title=\"Banner SUNO, clique e saiba mais\">\n\t\t\t<picture>\n\t\t\t\t<source media=\"(max-width: 500px)\" srcset=\"https:\/\/files.sunoresearch.com.br\/n\/uploads\/2023\/04\/400x300-Planilha-vida-financeira-true.png\">\n\t\t\t\t<img class=\"newsContent__article__imgCapa newsContent__article__imgCapa--banner\"\n\t\t\t\t\tsrc=\"https:\/\/files.sunoresearch.com.br\/n\/uploads\/2023\/04\/1420x240-Planilha-vida-financeira-true.png\"\n\t\t\t\t\tdata-promo-id=\"383123\"\t\t\t\t\t\t\t\t\t\twidth='1420' height='240'\t\t\t\t\talt=\"https:\/\/files.sunoresearch.com.br\/n\/uploads\/2023\/04\/1420x240-Planilha-vida-financeira-true.png\"\n\t\t\t\t>\n\t\t\t<\/picture>\n\t\t<\/a>\n\t<\/p>\n\n\n","protected":false},"excerpt":{"rendered":"<p>A sele\u00e7\u00e3o de setembro de 2025 da carteira de cr\u00e9dito privado do BB Investimentos trouxe seis novas indica\u00e7\u00f5es de deb\u00eantures incentivadas e um CRA, refor\u00e7ando o peso de empresas de energia el\u00e9trica e log\u00edstica entre as recomenda\u00e7\u00f5es. ETFs da Investo. Foto: iStock. Entraram pap\u00e9is da Eletrobras (CHSF13 e ELTN27), Eneva (ENEV29), Klabin (KLBNAS), MRS Log\u00edstica [&hellip;]<\/p>\n","protected":false},"author":301,"featured_media":540330,"comment_status":"closed","ping_status":"closed","sticky":false,"template":"","format":"standard","meta":[],"categories":[64],"tags":[104988,1560],"suno_strategy":[],"class_list":["post-623159","post","type-post","status-publish","format-standard","has-post-thumbnail","hentry","category-negocios","tag-bb-investimentos","tag-debentures-incentivadas"],"yoast_head":"<!-- This site is optimized with the Yoast SEO plugin v24.4 - https:\/\/yoast.com\/wordpress\/plugins\/seo\/ -->\n<title>Banco mostra os melhores ativos de cr\u00e9dito privado para setembro<\/title>\n<meta name=\"description\" content=\"A sele\u00e7\u00e3o de setembro de 2025 da carteira de cr\u00e9dito privado do BB Investimentos trouxe seis novas indica\u00e7\u00f5es de deb\u00eantures incentivadas e um CRA.\" \/>\n<meta name=\"robots\" content=\"index, follow, max-snippet:-1, max-image-preview:large, max-video-preview:-1\" \/>\n<link rel=\"canonical\" href=\"https:\/\/www.suno.com.br\/noticias\/banco-mostra-os-melhores-ativos-de-credito-privado-para-setembro\/\" \/>\n<meta property=\"og:locale\" content=\"pt_BR\" \/>\n<meta property=\"og:type\" content=\"article\" \/>\n<meta property=\"og:title\" content=\"Banco mostra os melhores ativos de cr\u00e9dito privado para setembro\" \/>\n<meta property=\"og:description\" content=\"A sele\u00e7\u00e3o de setembro de 2025 da carteira de cr\u00e9dito privado do BB Investimentos trouxe seis novas indica\u00e7\u00f5es de deb\u00eantures incentivadas e um CRA.\" \/>\n<meta property=\"og:url\" content=\"https:\/\/www.suno.com.br\/noticias\/banco-mostra-os-melhores-ativos-de-credito-privado-para-setembro\/\" \/>\n<meta property=\"og:site_name\" content=\"Suno Not\u00edcias\" \/>\n<meta property=\"article:publisher\" content=\"https:\/\/facebook.com\/sunoresearch\" \/>\n<meta property=\"og:image\" content=\"https:\/\/files.sunoresearch.com.br\/n\/uploads\/2024\/04\/iStock-1389093478.jpg\" \/>\n\t<meta property=\"og:image:width\" content=\"1254\" \/>\n\t<meta property=\"og:image:height\" content=\"836\" \/>\n\t<meta property=\"og:image:type\" content=\"image\/jpeg\" \/>\n<meta name=\"author\" content=\"Vin\u00edcius Alves\" \/>\n<meta name=\"twitter:card\" content=\"summary_large_image\" \/>\n<meta name=\"twitter:creator\" content=\"@sunoresearch\" \/>\n<meta name=\"twitter:site\" content=\"@sunoresearch\" \/>\n<meta name=\"twitter:label1\" content=\"Escrito por\" \/>\n\t<meta name=\"twitter:data1\" content=\"Vin\u00edcius Alves\" \/>\n\t<meta name=\"twitter:label2\" content=\"Est. tempo de leitura\" \/>\n\t<meta name=\"twitter:data2\" content=\"4 minutos\" \/>\n<script type=\"application\/ld+json\" class=\"yoast-schema-graph\">{\"@context\":\"https:\/\/schema.org\",\"@graph\":[{\"@type\":\"NewsArticle\",\"@id\":\"https:\/\/www.suno.com.br\/noticias\/banco-mostra-os-melhores-ativos-de-credito-privado-para-setembro\/#article\",\"isPartOf\":{\"@id\":\"https:\/\/www.suno.com.br\/noticias\/banco-mostra-os-melhores-ativos-de-credito-privado-para-setembro\/\"},\"author\":{\"name\":\"Vin\u00edcius Alves\",\"@id\":\"https:\/\/www.suno.com.br\/noticias\/#\/schema\/person\/4a180549702d0e236b3e420862bcded3\"},\"headline\":\"Banco mostra os melhores ativos de cr\u00e9dito privado para setembro\",\"datePublished\":\"2025-09-08T14:53:33+00:00\",\"dateModified\":\"2025-09-08T14:53:43+00:00\",\"mainEntityOfPage\":{\"@id\":\"https:\/\/www.suno.com.br\/noticias\/banco-mostra-os-melhores-ativos-de-credito-privado-para-setembro\/\"},\"wordCount\":585,\"publisher\":{\"@id\":\"https:\/\/www.suno.com.br\/noticias\/#organization\"},\"image\":{\"@id\":\"https:\/\/www.suno.com.br\/noticias\/banco-mostra-os-melhores-ativos-de-credito-privado-para-setembro\/#primaryimage\"},\"thumbnailUrl\":\"https:\/\/files.sunoresearch.com.br\/n\/uploads\/2024\/04\/iStock-1389093478.jpg\",\"keywords\":[\"BB Investimentos\",\"deb\u00eantures incentivadas\"],\"articleSection\":[\"Neg\u00f3cios\"],\"inLanguage\":\"pt-BR\"},{\"@type\":\"WebPage\",\"@id\":\"https:\/\/www.suno.com.br\/noticias\/banco-mostra-os-melhores-ativos-de-credito-privado-para-setembro\/\",\"url\":\"https:\/\/www.suno.com.br\/noticias\/banco-mostra-os-melhores-ativos-de-credito-privado-para-setembro\/\",\"name\":\"Banco mostra os melhores ativos de cr\u00e9dito privado para setembro\",\"isPartOf\":{\"@id\":\"https:\/\/www.suno.com.br\/noticias\/#website\"},\"primaryImageOfPage\":{\"@id\":\"https:\/\/www.suno.com.br\/noticias\/banco-mostra-os-melhores-ativos-de-credito-privado-para-setembro\/#primaryimage\"},\"image\":{\"@id\":\"https:\/\/www.suno.com.br\/noticias\/banco-mostra-os-melhores-ativos-de-credito-privado-para-setembro\/#primaryimage\"},\"thumbnailUrl\":\"https:\/\/files.sunoresearch.com.br\/n\/uploads\/2024\/04\/iStock-1389093478.jpg\",\"datePublished\":\"2025-09-08T14:53:33+00:00\",\"dateModified\":\"2025-09-08T14:53:43+00:00\",\"description\":\"A sele\u00e7\u00e3o de setembro de 2025 da carteira de cr\u00e9dito privado do BB Investimentos trouxe seis novas indica\u00e7\u00f5es de deb\u00eantures incentivadas e um CRA.\",\"breadcrumb\":{\"@id\":\"https:\/\/www.suno.com.br\/noticias\/banco-mostra-os-melhores-ativos-de-credito-privado-para-setembro\/#breadcrumb\"},\"inLanguage\":\"pt-BR\",\"potentialAction\":[{\"@type\":\"ReadAction\",\"target\":[\"https:\/\/www.suno.com.br\/noticias\/banco-mostra-os-melhores-ativos-de-credito-privado-para-setembro\/\"]}]},{\"@type\":\"ImageObject\",\"inLanguage\":\"pt-BR\",\"@id\":\"https:\/\/www.suno.com.br\/noticias\/banco-mostra-os-melhores-ativos-de-credito-privado-para-setembro\/#primaryimage\",\"url\":\"https:\/\/files.sunoresearch.com.br\/n\/uploads\/2024\/04\/iStock-1389093478.jpg\",\"contentUrl\":\"https:\/\/files.sunoresearch.com.br\/n\/uploads\/2024\/04\/iStock-1389093478.jpg\",\"width\":1254,\"height\":836,\"caption\":\"ETFs da Investo. Foto: iStock.\"},{\"@type\":\"BreadcrumbList\",\"@id\":\"https:\/\/www.suno.com.br\/noticias\/banco-mostra-os-melhores-ativos-de-credito-privado-para-setembro\/#breadcrumb\",\"itemListElement\":[{\"@type\":\"ListItem\",\"position\":1,\"name\":\"Not\u00edcias\",\"item\":\"https:\/\/www.suno.com.br\/noticias\/\"},{\"@type\":\"ListItem\",\"position\":2,\"name\":\"Neg\u00f3cios\",\"item\":\"https:\/\/www.suno.com.br\/noticias\/negocios\/\"},{\"@type\":\"ListItem\",\"position\":3,\"name\":\"Banco mostra os melhores ativos de cr\u00e9dito privado para setembro\"}]},{\"@type\":\"WebSite\",\"@id\":\"https:\/\/www.suno.com.br\/noticias\/#website\",\"url\":\"https:\/\/www.suno.com.br\/noticias\/\",\"name\":\"Suno Not\u00edcias\",\"description\":\"Seu portal de informa\u00e7\u00e3o sobre o mundo dos investimentos\",\"publisher\":{\"@id\":\"https:\/\/www.suno.com.br\/noticias\/#organization\"},\"potentialAction\":[{\"@type\":\"SearchAction\",\"target\":{\"@type\":\"EntryPoint\",\"urlTemplate\":\"https:\/\/www.suno.com.br\/noticias\/?s={search_term_string}\"},\"query-input\":{\"@type\":\"PropertyValueSpecification\",\"valueRequired\":true,\"valueName\":\"search_term_string\"}}],\"inLanguage\":\"pt-BR\"},{\"@type\":\"Organization\",\"@id\":\"https:\/\/www.suno.com.br\/noticias\/#organization\",\"name\":\"Suno Not\u00edcias\",\"url\":\"https:\/\/www.suno.com.br\/noticias\/\",\"logo\":{\"@type\":\"ImageObject\",\"inLanguage\":\"pt-BR\",\"@id\":\"https:\/\/www.suno.com.br\/noticias\/#\/schema\/logo\/image\/\",\"url\":\"https:\/\/files.sunoresearch.com.br\/n\/uploads\/2021\/09\/suno-logo.png\",\"contentUrl\":\"https:\/\/files.sunoresearch.com.br\/n\/uploads\/2021\/09\/suno-logo.png\",\"width\":180,\"height\":180,\"caption\":\"Suno Not\u00edcias\"},\"image\":{\"@id\":\"https:\/\/www.suno.com.br\/noticias\/#\/schema\/logo\/image\/\"},\"sameAs\":[\"https:\/\/facebook.com\/sunoresearch\",\"https:\/\/x.com\/sunoresearch\",\"https:\/\/www.instagram.com\/suno\",\"https:\/\/www.linkedin.com\/company\/suno-research\/\",\"https:\/\/www.youtube.com\/c\/sunoresearch\"]},{\"@type\":\"Person\",\"@id\":\"https:\/\/www.suno.com.br\/noticias\/#\/schema\/person\/4a180549702d0e236b3e420862bcded3\",\"name\":\"Vin\u00edcius Alves\",\"image\":{\"@type\":\"ImageObject\",\"inLanguage\":\"pt-BR\",\"@id\":\"https:\/\/www.suno.com.br\/noticias\/#\/schema\/person\/image\/\",\"url\":\"https:\/\/secure.gravatar.com\/avatar\/a95b7fe6d1b813f7907d4f476d5a39e1?s=96&r=g\",\"contentUrl\":\"https:\/\/secure.gravatar.com\/avatar\/a95b7fe6d1b813f7907d4f476d5a39e1?s=96&r=g\",\"caption\":\"Vin\u00edcius Alves\"},\"description\":\"Jornalista formado na Faculdade C\u00e1sper L\u00edbero. Com passagens pela Ag\u00eancia Estado, InfoMoney e Editora Globo.\",\"url\":\"https:\/\/www.suno.com.br\/noticias\/author\/vini08correiagmail-com\/\"}]}<\/script>\n<!-- \/ Yoast SEO plugin. -->","yoast_head_json":{"title":"Banco mostra os melhores ativos de cr\u00e9dito privado para setembro","description":"A sele\u00e7\u00e3o de setembro de 2025 da carteira de cr\u00e9dito privado do BB Investimentos trouxe seis novas indica\u00e7\u00f5es de deb\u00eantures incentivadas e um CRA.","robots":{"index":"index","follow":"follow","max-snippet":"max-snippet:-1","max-image-preview":"max-image-preview:large","max-video-preview":"max-video-preview:-1"},"canonical":"https:\/\/www.suno.com.br\/noticias\/banco-mostra-os-melhores-ativos-de-credito-privado-para-setembro\/","og_locale":"pt_BR","og_type":"article","og_title":"Banco mostra os melhores ativos de cr\u00e9dito privado para setembro","og_description":"A sele\u00e7\u00e3o de setembro de 2025 da carteira de cr\u00e9dito privado do BB Investimentos trouxe seis novas indica\u00e7\u00f5es de deb\u00eantures incentivadas e um CRA.","og_url":"https:\/\/www.suno.com.br\/noticias\/banco-mostra-os-melhores-ativos-de-credito-privado-para-setembro\/","og_site_name":"Suno Not\u00edcias","article_publisher":"https:\/\/facebook.com\/sunoresearch","og_image":[{"width":1254,"height":836,"url":"https:\/\/files.sunoresearch.com.br\/n\/uploads\/2024\/04\/iStock-1389093478.jpg","type":"image\/jpeg"}],"author":"Vin\u00edcius Alves","twitter_card":"summary_large_image","twitter_creator":"@sunoresearch","twitter_site":"@sunoresearch","twitter_misc":{"Escrito por":"Vin\u00edcius Alves","Est. tempo de leitura":"4 minutos"},"schema":{"@context":"https:\/\/schema.org","@graph":[{"@type":"NewsArticle","@id":"https:\/\/www.suno.com.br\/noticias\/banco-mostra-os-melhores-ativos-de-credito-privado-para-setembro\/#article","isPartOf":{"@id":"https:\/\/www.suno.com.br\/noticias\/banco-mostra-os-melhores-ativos-de-credito-privado-para-setembro\/"},"author":{"name":"Vin\u00edcius Alves","@id":"https:\/\/www.suno.com.br\/noticias\/#\/schema\/person\/4a180549702d0e236b3e420862bcded3"},"headline":"Banco mostra os melhores ativos de cr\u00e9dito privado para setembro","datePublished":"2025-09-08T14:53:33+00:00","dateModified":"2025-09-08T14:53:43+00:00","mainEntityOfPage":{"@id":"https:\/\/www.suno.com.br\/noticias\/banco-mostra-os-melhores-ativos-de-credito-privado-para-setembro\/"},"wordCount":585,"publisher":{"@id":"https:\/\/www.suno.com.br\/noticias\/#organization"},"image":{"@id":"https:\/\/www.suno.com.br\/noticias\/banco-mostra-os-melhores-ativos-de-credito-privado-para-setembro\/#primaryimage"},"thumbnailUrl":"https:\/\/files.sunoresearch.com.br\/n\/uploads\/2024\/04\/iStock-1389093478.jpg","keywords":["BB Investimentos","deb\u00eantures incentivadas"],"articleSection":["Neg\u00f3cios"],"inLanguage":"pt-BR"},{"@type":"WebPage","@id":"https:\/\/www.suno.com.br\/noticias\/banco-mostra-os-melhores-ativos-de-credito-privado-para-setembro\/","url":"https:\/\/www.suno.com.br\/noticias\/banco-mostra-os-melhores-ativos-de-credito-privado-para-setembro\/","name":"Banco mostra os melhores ativos de cr\u00e9dito privado para setembro","isPartOf":{"@id":"https:\/\/www.suno.com.br\/noticias\/#website"},"primaryImageOfPage":{"@id":"https:\/\/www.suno.com.br\/noticias\/banco-mostra-os-melhores-ativos-de-credito-privado-para-setembro\/#primaryimage"},"image":{"@id":"https:\/\/www.suno.com.br\/noticias\/banco-mostra-os-melhores-ativos-de-credito-privado-para-setembro\/#primaryimage"},"thumbnailUrl":"https:\/\/files.sunoresearch.com.br\/n\/uploads\/2024\/04\/iStock-1389093478.jpg","datePublished":"2025-09-08T14:53:33+00:00","dateModified":"2025-09-08T14:53:43+00:00","description":"A sele\u00e7\u00e3o de setembro de 2025 da carteira de cr\u00e9dito privado do BB Investimentos trouxe seis novas indica\u00e7\u00f5es de deb\u00eantures incentivadas e um CRA.","breadcrumb":{"@id":"https:\/\/www.suno.com.br\/noticias\/banco-mostra-os-melhores-ativos-de-credito-privado-para-setembro\/#breadcrumb"},"inLanguage":"pt-BR","potentialAction":[{"@type":"ReadAction","target":["https:\/\/www.suno.com.br\/noticias\/banco-mostra-os-melhores-ativos-de-credito-privado-para-setembro\/"]}]},{"@type":"ImageObject","inLanguage":"pt-BR","@id":"https:\/\/www.suno.com.br\/noticias\/banco-mostra-os-melhores-ativos-de-credito-privado-para-setembro\/#primaryimage","url":"https:\/\/files.sunoresearch.com.br\/n\/uploads\/2024\/04\/iStock-1389093478.jpg","contentUrl":"https:\/\/files.sunoresearch.com.br\/n\/uploads\/2024\/04\/iStock-1389093478.jpg","width":1254,"height":836,"caption":"ETFs da Investo. Foto: iStock."},{"@type":"BreadcrumbList","@id":"https:\/\/www.suno.com.br\/noticias\/banco-mostra-os-melhores-ativos-de-credito-privado-para-setembro\/#breadcrumb","itemListElement":[{"@type":"ListItem","position":1,"name":"Not\u00edcias","item":"https:\/\/www.suno.com.br\/noticias\/"},{"@type":"ListItem","position":2,"name":"Neg\u00f3cios","item":"https:\/\/www.suno.com.br\/noticias\/negocios\/"},{"@type":"ListItem","position":3,"name":"Banco mostra os melhores ativos de cr\u00e9dito privado para setembro"}]},{"@type":"WebSite","@id":"https:\/\/www.suno.com.br\/noticias\/#website","url":"https:\/\/www.suno.com.br\/noticias\/","name":"Suno Not\u00edcias","description":"Seu portal de informa\u00e7\u00e3o sobre o mundo dos investimentos","publisher":{"@id":"https:\/\/www.suno.com.br\/noticias\/#organization"},"potentialAction":[{"@type":"SearchAction","target":{"@type":"EntryPoint","urlTemplate":"https:\/\/www.suno.com.br\/noticias\/?s={search_term_string}"},"query-input":{"@type":"PropertyValueSpecification","valueRequired":true,"valueName":"search_term_string"}}],"inLanguage":"pt-BR"},{"@type":"Organization","@id":"https:\/\/www.suno.com.br\/noticias\/#organization","name":"Suno Not\u00edcias","url":"https:\/\/www.suno.com.br\/noticias\/","logo":{"@type":"ImageObject","inLanguage":"pt-BR","@id":"https:\/\/www.suno.com.br\/noticias\/#\/schema\/logo\/image\/","url":"https:\/\/files.sunoresearch.com.br\/n\/uploads\/2021\/09\/suno-logo.png","contentUrl":"https:\/\/files.sunoresearch.com.br\/n\/uploads\/2021\/09\/suno-logo.png","width":180,"height":180,"caption":"Suno Not\u00edcias"},"image":{"@id":"https:\/\/www.suno.com.br\/noticias\/#\/schema\/logo\/image\/"},"sameAs":["https:\/\/facebook.com\/sunoresearch","https:\/\/x.com\/sunoresearch","https:\/\/www.instagram.com\/suno","https:\/\/www.linkedin.com\/company\/suno-research\/","https:\/\/www.youtube.com\/c\/sunoresearch"]},{"@type":"Person","@id":"https:\/\/www.suno.com.br\/noticias\/#\/schema\/person\/4a180549702d0e236b3e420862bcded3","name":"Vin\u00edcius Alves","image":{"@type":"ImageObject","inLanguage":"pt-BR","@id":"https:\/\/www.suno.com.br\/noticias\/#\/schema\/person\/image\/","url":"https:\/\/secure.gravatar.com\/avatar\/a95b7fe6d1b813f7907d4f476d5a39e1?s=96&r=g","contentUrl":"https:\/\/secure.gravatar.com\/avatar\/a95b7fe6d1b813f7907d4f476d5a39e1?s=96&r=g","caption":"Vin\u00edcius Alves"},"description":"Jornalista formado na Faculdade C\u00e1sper L\u00edbero. Com passagens pela Ag\u00eancia Estado, InfoMoney e Editora Globo.","url":"https:\/\/www.suno.com.br\/noticias\/author\/vini08correiagmail-com\/"}]}},"default_loop_html":"<div class=\"cardsPage__listCard__boxs\"><div class=\"cardsPage__listCard__boxs__img\"><a href=\"https:\/\/www.suno.com.br\/noticias\/banco-mostra-os-melhores-ativos-de-credito-privado-para-setembro\/\"><img class=\"mask\" src=\"https:\/\/www.suno.com.br\/noticias\/wp-content\/themes\/suno\/resources\/images\/spotlight\/spotlight1img\/bg-mask.png\" alt=\"Image Mask\"\/><img src=\"https:\/\/files.sunoresearch.com.br\/n\/uploads\/2024\/04\/iStock-1389093478-400x200.jpg\" alt=\"Banco mostra os melhores ativos de cr\u00e9dito privado para setembro\"\/><\/a><span class=\"spotlightCategory\"><a href=\"https:\/\/www.suno.com.br\/noticias\/negocios\/\">Neg\u00f3cios<\/a><\/span><\/div><div class=\"cardsPage__listCard__boxs__content\"><a href=\"https:\/\/www.suno.com.br\/noticias\/banco-mostra-os-melhores-ativos-de-credito-privado-para-setembro\/\"><h2 class=\"content__title\">Banco mostra os melhores ativos de cr\u00e9dito privado para setembro<\/h2><\/a><div class=\"newsContent__article__meta\"><div class=\"newsContent__article__meta__authorBox\"><a href=\"https:\/\/www.suno.com.br\/noticias\/author\/giovannalmd-oliveiragmail-com\/\" class=\"authorBox__avatar noMobi\"><img src=\"https:\/\/secure.gravatar.com\/avatar\/8d180e5cea232a9bb3af521589b133fa?s=96&#038;r=g\" alt=\"Giovanna Oliveira\"><\/a><div class=\"authorBox__name\"><span>por\n\t\t\t<a href=\"https:\/\/www.suno.com.br\/noticias\/author\/giovannalmd-oliveiragmail-com\/\"><span itemprop=\"author\">Giovanna Oliveira<\/span><\/a><\/span><time datetime=\"2025-09-08T11:53:33-03:00\" itemprop=\"datePublished\">08\/09\/2025 11:53<\/time><\/div><\/div><\/div><\/div><\/div>","single_layout":"posts","amp_enabled":true,"_links":{"self":[{"href":"https:\/\/www.suno.com.br\/noticias\/wp-json\/wp\/v2\/posts\/623159"}],"collection":[{"href":"https:\/\/www.suno.com.br\/noticias\/wp-json\/wp\/v2\/posts"}],"about":[{"href":"https:\/\/www.suno.com.br\/noticias\/wp-json\/wp\/v2\/types\/post"}],"author":[{"embeddable":true,"href":"https:\/\/www.suno.com.br\/noticias\/wp-json\/wp\/v2\/users\/301"}],"replies":[{"embeddable":true,"href":"https:\/\/www.suno.com.br\/noticias\/wp-json\/wp\/v2\/comments?post=623159"}],"version-history":[{"count":2,"href":"https:\/\/www.suno.com.br\/noticias\/wp-json\/wp\/v2\/posts\/623159\/revisions"}],"predecessor-version":[{"id":623170,"href":"https:\/\/www.suno.com.br\/noticias\/wp-json\/wp\/v2\/posts\/623159\/revisions\/623170"}],"wp:featuredmedia":[{"embeddable":true,"href":"https:\/\/www.suno.com.br\/noticias\/wp-json\/wp\/v2\/media\/540330"}],"wp:attachment":[{"href":"https:\/\/www.suno.com.br\/noticias\/wp-json\/wp\/v2\/media?parent=623159"}],"wp:term":[{"taxonomy":"category","embeddable":true,"href":"https:\/\/www.suno.com.br\/noticias\/wp-json\/wp\/v2\/categories?post=623159"},{"taxonomy":"post_tag","embeddable":true,"href":"https:\/\/www.suno.com.br\/noticias\/wp-json\/wp\/v2\/tags?post=623159"},{"taxonomy":"suno_strategy","embeddable":true,"href":"https:\/\/www.suno.com.br\/noticias\/wp-json\/wp\/v2\/suno_strategy?post=623159"}],"curies":[{"name":"wp","href":"https:\/\/api.w.org\/{rel}","templated":true}]}}