{"id":62304,"date":"2020-04-22T17:51:10","date_gmt":"2020-04-22T20:51:10","guid":{"rendered":"https:\/\/www.suno.com.br\/noticias\/?p=62304"},"modified":"2020-04-22T17:51:10","modified_gmt":"2020-04-22T20:51:10","slug":"ibovespa-fecha-em-alta-de-217-a-80-68715-pontos-22042020","status":"publish","type":"post","link":"https:\/\/www.suno.com.br\/noticias\/ibovespa-fecha-em-alta-de-217-a-80-68715-pontos-22042020\/","title":{"rendered":"Ibovespa fecha em alta de 2,17%, a 80.687,15 pontos"},"content":{"rendered":"<p>O <strong><a href=\"https:\/\/www.suno.com.br\/artigos\/ibovespa\/\">Ibovespa<\/a> <\/strong>encerrou o preg\u00e3o desta quarta-feira (22) em alta de 2,17%, a 80.687,15 pontos com o anuncio do governador de S\u00e3o Paulo, Jo\u00e3o Doria (PSDB) sobre a reabertura gradual da economia do Estado, no radar do investidor.<\/p>\t<div class=\"wrapper-featured-image\">\n\t\t<figure class=\"spotlightImg\">\n\n\t\t\t<picture>\n\t\t\t\t<source media=\"(max-width: 768px)\" srcset=\"https:\/\/files.sunoresearch.com.br\/n\/uploads\/2018\/12\/f00f723f-ibovespa-400x200.webp\">\n\t\t\t\t<img loading=\"lazy\" decoding=\"async\" class=\"newsContent__article__imgCapa lazyloadDisabled newsContent__article__imgCapa--noCaption\" src=\"https:\/\/files.sunoresearch.com.br\/n\/uploads\/2018\/12\/f00f723f-ibovespa-800x450.webp\" width=\"800\" height=\"450\" alt=\"Ibovespa fecha em alta de 2,17%, a 80.687,15 pontos\" fetchpriority=high \/>\n\t\t\t<\/picture>\n\n\t\t\t<figcaption class=\"wp-caption-text wp-caption-text--hide\">O Ibovespa encerrou em alta, ampliando os ganhos da \u00faltima ter\u00e7a<\/figcaption>\n\t\t<\/figure>\n\t<\/div>\n\n\n\n<p>Al\u00e9m disso, confira as principais not\u00edcias que movimentaram o mercado nessa quarta-feira:<\/p>\n<ul>\n<li>Jo\u00e3o Doria anuncia plano para reabrir economia a partir de maio;<\/li>\n<li><strong>JHSF<\/strong> apresentou crescimento de 130,5% nas vendas de incorpora\u00e7\u00e3o no 1T20;<\/li>\n<li><strong>Eneva<\/strong> (ENEV3) desiste de fus\u00e3o junto a <strong>AES Tiet\u00ea<\/strong> (TIET11);<\/li>\n<li>Maiores altas e maiores baixas;<\/li>\n<li>Bolsas no exterior;<\/li>\n<li>\u00daltima cota\u00e7\u00e3o do Ibovespa.<\/li>\n<\/ul>\n<p><a href=\"https:\/\/lp.suno.com.br\/suno-one\/\">Garanta acesso ao Suno One, a central de informa\u00e7\u00f5es para quem quer aprender a investir. Acesse gratuitamente clicando aqui.<\/a><\/p>\n<h2>SP anuncia plano para reabrir economia a partir de maio<\/h2>\n<p>O governador de S\u00e3o Paulo, <strong>Jo\u00e3o Doria<\/strong> (PSDB), anunciou nesta quarta-feira (22) alguns detalhes sobre a reabertura gradual da economia do Estado a partir do dia 11 de maio. As restri\u00e7\u00f5es no funcionamento de setores considerados n\u00e3o-essenciais \u00e9 uma das formas de combate ao <strong>coronav\u00edrus<\/strong> (covid-19).<\/p>\n<p>&#8220;S\u00e3o Paulo n\u00e3o parou, o Estado faz a quarentena mais equilibrada do Pa\u00eds. Fizemos isso de forma equilibrada, sensata&#8221;, disse Doria em entrevista coletiva. O governador ressaltou que a economia foi reduzida por conta do surto da doen\u00e7a e n\u00e3o por conta da quarentena em si. Vale destacar que o Estado de S\u00e3o Paulo \u00e9 respons\u00e1vel por 30% do <a href=\"https:\/\/www.suno.com.br\/artigos\/pib-produto-interno-bruto\/\">PIB brasileiro<\/a>.<\/p>\n<p>Doria tamb\u00e9m destacou que, no Estado, &#8220;a pol\u00edtica e a economia n\u00e3o se sobrep\u00f5em \u00e0 orienta\u00e7\u00e3o da sa\u00fade e da medicina&#8221;.<\/p>\n<p>Ap\u00f3s o anuncio do governador, foi poss\u00edvel observar um um aumento nas a\u00e7\u00f5es das principais varejistas. Confira abaixo a o fechamento de algumas varejistas:<\/p>\n<ul>\n<li><a href=\"https:\/\/www.suno.com.br\/acoes\/vvar3\/\">Via Varejo (VVAR3)<\/a>+12,29% R$ 7,40;<\/li>\n<li><a href=\"https:\/\/www.suno.com.br\/acoes\/hgtx3\/\">Hering (HGTX3)<\/a> +5,40% R$15,22;<\/li>\n<li><a href=\"https:\/\/www.suno.com.br\/acoes\/mglu3\/\">Magazine Luiza (MGLU3)<\/a> +4,27% R$ 50,55.<\/li>\n<\/ul>\n<h2>JHSF (JHSF3) tem crescimento de 130,5% nas vendas de incorpora\u00e7\u00e3o no 1T20<\/h2>\n<p>A<a href=\"https:\/\/www.suno.com.br\/acoes\/jhsf3\/\"> <strong>JHSF<\/strong> (JHSF3)<\/a> divulgou, nesta quarta-feira, a sua pr\u00e9via operacional do primeiro trimestre de 2020. O documento, que mostra os resultados preliminares do segmento de incorpora\u00e7\u00e3o, apresentou uma alta de 130,5% nas vendas contratadas.<\/p>\n<p>Dessa forma, as vendas contratadas da companhia no per\u00edodo atingiram R$ 99,8 milh\u00f5es. A empresa destacou o aumento de 143,5% na <strong>Fazenda de Boa Vista<\/strong>.<\/p>\n<p>Segundo o documento, os dois \u00faltimos lan\u00e7amentos da empresa, <strong>Fasano Cidade Jardim<\/strong> (lan\u00e7ado em setembro do ano passado) e <strong>Boa Vista Village<\/strong>, ainda em fase de pr\u00e9-lan\u00e7amento, apresentaram vendas de R$ 9,5 milh\u00f5es e R$ 13,1 milh\u00f5es, respectivamente.<\/p>\n<h2>Eneva desiste de fus\u00e3o junto a AES Tiet\u00ea<\/h2>\n<p>A <a href=\"https:\/\/www.suno.com.br\/acoes\/enev3\/\"><strong>Eneva<\/strong> (ENEV3)<\/a> desistiu e retirou sua proposta de fus\u00e3o junto \u00e0 <a href=\"https:\/\/www.suno.com.br\/acoes\/tiet11\/\"><strong>AES Tiet\u00ea<\/strong> (TIET11)<\/a>, conforme o fato relevante divulgado na \u00faltima ter\u00e7a-feira (21). A companhia ressaltou que refuta todos os motivos apresentados no parecedor do Conselho de Administra\u00e7\u00e3o da AES Tiet\u00ea para a n\u00e3o continuidade das negocia\u00e7\u00f5es.<\/p>\n<p>A desist\u00eancia da Eneva vem logo ap\u00f3s a AES Corp. apresentar uma tese jur\u00eddica de que os preferencialistas da AES Tiet\u00ea n\u00e3o teriam direito de decidir o destino da empresa. O regulamento do <a href=\"https:\/\/www.suno.com.br\/artigos\/governanca-corporativa\/\"><strong>N\u00edvel 2<\/strong> de governan\u00e7a da B3<\/a> e o estatuo da companhia, no entanto, entendem o contr\u00e1rio.<\/p>\n<p><a href=\"https:\/\/www.suno.com.br\/noticias\/eneva-enev3-desiste-de-fusao-aes-tiete-tiet11\/\">Saiba mais: Eneva (ENEV3) desiste de fus\u00e3o junto a AES Tiet\u00ea (TIET11)<\/a><\/p>\n<p>&#8220;Ap\u00f3s consultar especialistas em direito brasileiro, est\u00e1 claro para n\u00f3s que a combina\u00e7\u00e3o de neg\u00f3cios proposta n\u00e3o pode ser implementada sem a aprova\u00e7\u00e3o da maioria dos titulares de a\u00e7\u00f5es ordin\u00e1rias da companhia&#8221;, disse a controladora da Tiet\u00ea.<\/p>\n<p>&#8220;Se a lei brasileira permitisse que os titulares de a\u00e7\u00f5es preferenciais aprovassem uma transa\u00e7\u00e3o dessa magnitude sem o consentimento dos titulares das a\u00e7\u00f5es ordin\u00e1rias, tal previs\u00e3o representaria uma completa invers\u00e3o na estrutura societ\u00e1ria das companhias brasileiras&#8221;, informa a carta da <strong>AES Corp<\/strong>.<\/p>\n<h2>Maiores altas e baixas do Ibovespa<\/h2>\n<h4>Altas:<\/h4>\n<ul>\n<li><a href=\"https:\/\/www.suno.com.br\/acoes\/btow3\/\">BTOW3<\/a>+17,15% R$ 75,75<\/li>\n<li><a href=\"https:\/\/www.suno.com.br\/acoes\/vvar3\/\">VVAR3<\/a> +12,29% R$ 7,40<\/li>\n<li><a href=\"https:\/\/www.suno.com.br\/acoes\/lame4\/\">LAME4<\/a> +9,39% R$ 25,17<\/li>\n<li><a href=\"https:\/\/www.suno.com.br\/acoes\/pcar3\/\">PCAR3<\/a> +8,8% R$ 70,72<\/li>\n<li><a href=\"https:\/\/www.suno.com.br\/acoes\/mrfg3\/\">MRFG3<\/a>.+7,94% R$ 10,33<\/li>\n<\/ul>\n<h4>Baixas:<\/h4>\n<ul>\n<li><a href=\"https:\/\/www.suno.com.br\/acoes\/irbr3\/\">IRBR3<\/a> -7,29% R$ 11,06<\/li>\n<li><a href=\"https:\/\/www.suno.com.br\/acoes\/embr3\/\">EMBR3<\/a> -2,5% R$ 8,97<\/li>\n<li><a href=\"https:\/\/www.suno.com.br\/acoes\/sanb11\/\">SANB11<\/a> -2,35% R$ 25,34<\/li>\n<li><a href=\"https:\/\/www.suno.com.br\/acoes\/azul4\/\">AZUL4<\/a> -2,22% R$ 16,31<\/li>\n<li><a href=\"https:\/\/www.suno.com.br\/acoes\/goll4\/\">GOLL4<\/a> -1,41% R$ 11,90<\/li>\n<\/ul>\n<h2>Bolsas no exterior<\/h2>\n<p>Al\u00e9m do Ibovespa, confira o desempenho dos principais \u00edndices acion\u00e1rios no exterior.<\/p>\n<ul>\n<li>Londres (<a href=\"https:\/\/www.suno.com.br\/artigos\/ftse-100\/\">FTSE 100<\/a>): +2,30%<\/li>\n<li>Frankfurt (<a href=\"https:\/\/www.suno.com.br\/artigos\/dax-30\/\">DAX 30)<\/a>: +1,61%<\/li>\n<li>Paris (<a href=\"https:\/\/www.suno.com.br\/artigos\/cac-40\/\">CAC 40<\/a>): +1,25%<\/li>\n<li>Mil\u00e3o (FTSE\/MIB): +1,91%<\/li>\n<li>Xangai (SSEC): +0,60%<\/li>\n<li>T\u00f3quio (<a href=\"https:\/\/www.suno.com.br\/artigos\/nikkei-225\/\">Nikkei 225<\/a>): -0,74%<\/li>\n<li>Nova York (<a href=\"https:\/\/www.suno.com.br\/artigos\/sp-500\/\">S&amp;P 500<\/a>) futuro: +2,29%<\/li>\n<\/ul>\n<h2>\u00daltima cota\u00e7\u00e3o<\/h2>\n<p>Na \u00faltima sess\u00e3o, segunda-feira (20), o <strong>Ibovespa<\/strong> encerrou em queda de 0,02%, a 78.972,76 pontos.<\/p>\n\n","protected":false},"excerpt":{"rendered":"<p>O Ibovespa encerrou o preg\u00e3o desta quarta-feira (22) em alta de 2,17%, a 80.687,15 pontos com o anuncio do governador de S\u00e3o Paulo, Jo\u00e3o Doria (PSDB) sobre a reabertura gradual da economia do Estado, no radar do investidor. O Ibovespa encerrou em alta, ampliando os ganhos da \u00faltima ter\u00e7a Al\u00e9m disso, confira as principais not\u00edcias [&hellip;]<\/p>\n","protected":false},"author":39,"featured_media":7832,"comment_status":"closed","ping_status":"closed","sticky":false,"template":"","format":"standard","meta":[],"categories":[60],"tags":[347,2487,464,721,523,842],"suno_strategy":[],"class_list":["post-62304","post","type-post","status-publish","format-standard","has-post-thumbnail","hentry","category-mercado","tag-aes-tiete-tiet3-tiet4-tiet11","tag-coronavirus","tag-eneva-enev3","tag-ibovespa","tag-jhsf-jhsf3","tag-joao-doria"],"yoast_head":"<!-- This site is optimized with the Yoast SEO plugin v24.4 - https:\/\/yoast.com\/wordpress\/plugins\/seo\/ -->\n<title>Ibovespa fecha em alta de 2,17%, a 80.687,15 pontos<\/title>\n<meta name=\"description\" content=\"O Ibovespa encerrou o preg\u00e3o desta quarta-feira (22) em alta de 2,17%, a 80.687,15 pontos. Clique aqui para saber mais.\" \/>\n<meta name=\"robots\" content=\"index, follow, max-snippet:-1, max-image-preview:large, max-video-preview:-1\" \/>\n<link rel=\"canonical\" href=\"https:\/\/www.suno.com.br\/noticias\/ibovespa-fecha-em-alta-de-217-a-80-68715-pontos-22042020\/\" \/>\n<meta property=\"og:locale\" content=\"pt_BR\" \/>\n<meta property=\"og:type\" content=\"article\" \/>\n<meta property=\"og:title\" content=\"Ibovespa fecha em alta de 2,17%, a 80.687,15 pontos\" \/>\n<meta property=\"og:description\" content=\"O Ibovespa encerrou o preg\u00e3o desta quarta-feira (22) em alta de 2,17%, a 80.687,15 pontos. Clique aqui para saber mais.\" \/>\n<meta property=\"og:url\" content=\"https:\/\/www.suno.com.br\/noticias\/ibovespa-fecha-em-alta-de-217-a-80-68715-pontos-22042020\/\" \/>\n<meta property=\"og:site_name\" content=\"Suno Not\u00edcias\" \/>\n<meta property=\"article:publisher\" content=\"https:\/\/facebook.com\/sunoresearch\" \/>\n<meta property=\"og:image\" content=\"https:\/\/files.sunoresearch.com.br\/n\/uploads\/2018\/12\/f00f723f-ibovespa.jpg\" \/>\n\t<meta property=\"og:image:width\" content=\"960\" \/>\n\t<meta property=\"og:image:height\" content=\"678\" \/>\n\t<meta property=\"og:image:type\" content=\"image\/jpeg\" \/>\n<meta name=\"author\" content=\"Laura Moutinho\" \/>\n<meta name=\"twitter:card\" content=\"summary_large_image\" \/>\n<meta name=\"twitter:creator\" content=\"@sunoresearch\" \/>\n<meta name=\"twitter:site\" content=\"@sunoresearch\" \/>\n<meta name=\"twitter:label1\" content=\"Escrito por\" \/>\n\t<meta name=\"twitter:data1\" content=\"Laura Moutinho\" \/>\n\t<meta name=\"twitter:label2\" content=\"Est. tempo de leitura\" \/>\n\t<meta name=\"twitter:data2\" content=\"4 minutos\" \/>\n<script type=\"application\/ld+json\" class=\"yoast-schema-graph\">{\"@context\":\"https:\/\/schema.org\",\"@graph\":[{\"@type\":\"NewsArticle\",\"@id\":\"https:\/\/www.suno.com.br\/noticias\/ibovespa-fecha-em-alta-de-217-a-80-68715-pontos-22042020\/#article\",\"isPartOf\":{\"@id\":\"https:\/\/www.suno.com.br\/noticias\/ibovespa-fecha-em-alta-de-217-a-80-68715-pontos-22042020\/\"},\"author\":{\"name\":\"Laura Moutinho\",\"@id\":\"https:\/\/www.suno.com.br\/noticias\/#\/schema\/person\/3df0d2808748b74496efe5dbeaef2c72\"},\"headline\":\"Ibovespa fecha em alta de 2,17%, a 80.687,15 pontos\",\"datePublished\":\"2020-04-22T20:51:10+00:00\",\"mainEntityOfPage\":{\"@id\":\"https:\/\/www.suno.com.br\/noticias\/ibovespa-fecha-em-alta-de-217-a-80-68715-pontos-22042020\/\"},\"wordCount\":745,\"publisher\":{\"@id\":\"https:\/\/www.suno.com.br\/noticias\/#organization\"},\"image\":{\"@id\":\"https:\/\/www.suno.com.br\/noticias\/ibovespa-fecha-em-alta-de-217-a-80-68715-pontos-22042020\/#primaryimage\"},\"thumbnailUrl\":\"https:\/\/files.sunoresearch.com.br\/n\/uploads\/2018\/12\/f00f723f-ibovespa-jpg.webp\",\"keywords\":[\"AES Tiet\u00ea (TIET3\/TIET4\/TIET11)\",\"coronav\u00edrus\",\"Eneva (ENEV3)\",\"Ibovespa\",\"JHSF (JHSF3)\",\"Jo\u00e3o Doria\"],\"articleSection\":[\"Mercado\"],\"inLanguage\":\"pt-BR\"},{\"@type\":\"WebPage\",\"@id\":\"https:\/\/www.suno.com.br\/noticias\/ibovespa-fecha-em-alta-de-217-a-80-68715-pontos-22042020\/\",\"url\":\"https:\/\/www.suno.com.br\/noticias\/ibovespa-fecha-em-alta-de-217-a-80-68715-pontos-22042020\/\",\"name\":\"Ibovespa fecha em alta de 2,17%, a 80.687,15 pontos\",\"isPartOf\":{\"@id\":\"https:\/\/www.suno.com.br\/noticias\/#website\"},\"primaryImageOfPage\":{\"@id\":\"https:\/\/www.suno.com.br\/noticias\/ibovespa-fecha-em-alta-de-217-a-80-68715-pontos-22042020\/#primaryimage\"},\"image\":{\"@id\":\"https:\/\/www.suno.com.br\/noticias\/ibovespa-fecha-em-alta-de-217-a-80-68715-pontos-22042020\/#primaryimage\"},\"thumbnailUrl\":\"https:\/\/files.sunoresearch.com.br\/n\/uploads\/2018\/12\/f00f723f-ibovespa-jpg.webp\",\"datePublished\":\"2020-04-22T20:51:10+00:00\",\"description\":\"O Ibovespa encerrou o preg\u00e3o desta quarta-feira (22) em alta de 2,17%, a 80.687,15 pontos. Clique aqui para saber mais.\",\"breadcrumb\":{\"@id\":\"https:\/\/www.suno.com.br\/noticias\/ibovespa-fecha-em-alta-de-217-a-80-68715-pontos-22042020\/#breadcrumb\"},\"inLanguage\":\"pt-BR\",\"potentialAction\":[{\"@type\":\"ReadAction\",\"target\":[\"https:\/\/www.suno.com.br\/noticias\/ibovespa-fecha-em-alta-de-217-a-80-68715-pontos-22042020\/\"]}]},{\"@type\":\"ImageObject\",\"inLanguage\":\"pt-BR\",\"@id\":\"https:\/\/www.suno.com.br\/noticias\/ibovespa-fecha-em-alta-de-217-a-80-68715-pontos-22042020\/#primaryimage\",\"url\":\"https:\/\/files.sunoresearch.com.br\/n\/uploads\/2018\/12\/f00f723f-ibovespa-jpg.webp\",\"contentUrl\":\"https:\/\/files.sunoresearch.com.br\/n\/uploads\/2018\/12\/f00f723f-ibovespa-jpg.webp\",\"width\":960,\"height\":678,\"caption\":\"O Ibovespa encerrou em alta, ampliando os ganhos da \u00faltima ter\u00e7a\"},{\"@type\":\"BreadcrumbList\",\"@id\":\"https:\/\/www.suno.com.br\/noticias\/ibovespa-fecha-em-alta-de-217-a-80-68715-pontos-22042020\/#breadcrumb\",\"itemListElement\":[{\"@type\":\"ListItem\",\"position\":1,\"name\":\"Not\u00edcias\",\"item\":\"https:\/\/www.suno.com.br\/noticias\/\"},{\"@type\":\"ListItem\",\"position\":2,\"name\":\"Mercado\",\"item\":\"https:\/\/www.suno.com.br\/noticias\/mercado\/\"},{\"@type\":\"ListItem\",\"position\":3,\"name\":\"Ibovespa fecha em alta de 2,17%, a 80.687,15 pontos\"}]},{\"@type\":\"WebSite\",\"@id\":\"https:\/\/www.suno.com.br\/noticias\/#website\",\"url\":\"https:\/\/www.suno.com.br\/noticias\/\",\"name\":\"Suno Not\u00edcias\",\"description\":\"Seu portal de informa\u00e7\u00e3o sobre o mundo dos investimentos\",\"publisher\":{\"@id\":\"https:\/\/www.suno.com.br\/noticias\/#organization\"},\"potentialAction\":[{\"@type\":\"SearchAction\",\"target\":{\"@type\":\"EntryPoint\",\"urlTemplate\":\"https:\/\/www.suno.com.br\/noticias\/?s={search_term_string}\"},\"query-input\":{\"@type\":\"PropertyValueSpecification\",\"valueRequired\":true,\"valueName\":\"search_term_string\"}}],\"inLanguage\":\"pt-BR\"},{\"@type\":\"Organization\",\"@id\":\"https:\/\/www.suno.com.br\/noticias\/#organization\",\"name\":\"Suno Not\u00edcias\",\"url\":\"https:\/\/www.suno.com.br\/noticias\/\",\"logo\":{\"@type\":\"ImageObject\",\"inLanguage\":\"pt-BR\",\"@id\":\"https:\/\/www.suno.com.br\/noticias\/#\/schema\/logo\/image\/\",\"url\":\"https:\/\/files.sunoresearch.com.br\/n\/uploads\/2021\/09\/suno-logo.png\",\"contentUrl\":\"https:\/\/files.sunoresearch.com.br\/n\/uploads\/2021\/09\/suno-logo.png\",\"width\":180,\"height\":180,\"caption\":\"Suno Not\u00edcias\"},\"image\":{\"@id\":\"https:\/\/www.suno.com.br\/noticias\/#\/schema\/logo\/image\/\"},\"sameAs\":[\"https:\/\/facebook.com\/sunoresearch\",\"https:\/\/x.com\/sunoresearch\",\"https:\/\/www.instagram.com\/suno\",\"https:\/\/www.linkedin.com\/company\/suno-research\/\",\"https:\/\/www.youtube.com\/c\/sunoresearch\"]},{\"@type\":\"Person\",\"@id\":\"https:\/\/www.suno.com.br\/noticias\/#\/schema\/person\/3df0d2808748b74496efe5dbeaef2c72\",\"name\":\"Laura Moutinho\",\"image\":{\"@type\":\"ImageObject\",\"inLanguage\":\"pt-BR\",\"@id\":\"https:\/\/www.suno.com.br\/noticias\/#\/schema\/person\/image\/\",\"url\":\"https:\/\/secure.gravatar.com\/avatar\/7571c7c8ca3a6fca5e41384ece5557ff?s=96&r=g\",\"contentUrl\":\"https:\/\/secure.gravatar.com\/avatar\/7571c7c8ca3a6fca5e41384ece5557ff?s=96&r=g\",\"caption\":\"Laura Moutinho\"},\"description\":\"Estagi\u00e1ria na Suno Not\u00edcias, escreve not\u00edcias que afetam o mercado financeiro. Estuda administra\u00e7\u00e3o na Universidade Presbiteriana Mackenzie.\",\"url\":\"https:\/\/www.suno.com.br\/noticias\/author\/laura-moutinho\/\"}]}<\/script>\n<!-- \/ Yoast SEO plugin. -->","yoast_head_json":{"title":"Ibovespa fecha em alta de 2,17%, a 80.687,15 pontos","description":"O Ibovespa encerrou o preg\u00e3o desta quarta-feira (22) em alta de 2,17%, a 80.687,15 pontos. Clique aqui para saber mais.","robots":{"index":"index","follow":"follow","max-snippet":"max-snippet:-1","max-image-preview":"max-image-preview:large","max-video-preview":"max-video-preview:-1"},"canonical":"https:\/\/www.suno.com.br\/noticias\/ibovespa-fecha-em-alta-de-217-a-80-68715-pontos-22042020\/","og_locale":"pt_BR","og_type":"article","og_title":"Ibovespa fecha em alta de 2,17%, a 80.687,15 pontos","og_description":"O Ibovespa encerrou o preg\u00e3o desta quarta-feira (22) em alta de 2,17%, a 80.687,15 pontos. Clique aqui para saber mais.","og_url":"https:\/\/www.suno.com.br\/noticias\/ibovespa-fecha-em-alta-de-217-a-80-68715-pontos-22042020\/","og_site_name":"Suno Not\u00edcias","article_publisher":"https:\/\/facebook.com\/sunoresearch","og_image":[{"width":960,"height":678,"url":"https:\/\/files.sunoresearch.com.br\/n\/uploads\/2018\/12\/f00f723f-ibovespa.jpg","type":"image\/jpeg"}],"author":"Laura Moutinho","twitter_card":"summary_large_image","twitter_creator":"@sunoresearch","twitter_site":"@sunoresearch","twitter_misc":{"Escrito por":"Laura Moutinho","Est. tempo de leitura":"4 minutos"},"schema":{"@context":"https:\/\/schema.org","@graph":[{"@type":"NewsArticle","@id":"https:\/\/www.suno.com.br\/noticias\/ibovespa-fecha-em-alta-de-217-a-80-68715-pontos-22042020\/#article","isPartOf":{"@id":"https:\/\/www.suno.com.br\/noticias\/ibovespa-fecha-em-alta-de-217-a-80-68715-pontos-22042020\/"},"author":{"name":"Laura Moutinho","@id":"https:\/\/www.suno.com.br\/noticias\/#\/schema\/person\/3df0d2808748b74496efe5dbeaef2c72"},"headline":"Ibovespa fecha em alta de 2,17%, a 80.687,15 pontos","datePublished":"2020-04-22T20:51:10+00:00","mainEntityOfPage":{"@id":"https:\/\/www.suno.com.br\/noticias\/ibovespa-fecha-em-alta-de-217-a-80-68715-pontos-22042020\/"},"wordCount":745,"publisher":{"@id":"https:\/\/www.suno.com.br\/noticias\/#organization"},"image":{"@id":"https:\/\/www.suno.com.br\/noticias\/ibovespa-fecha-em-alta-de-217-a-80-68715-pontos-22042020\/#primaryimage"},"thumbnailUrl":"https:\/\/files.sunoresearch.com.br\/n\/uploads\/2018\/12\/f00f723f-ibovespa-jpg.webp","keywords":["AES Tiet\u00ea (TIET3\/TIET4\/TIET11)","coronav\u00edrus","Eneva (ENEV3)","Ibovespa","JHSF (JHSF3)","Jo\u00e3o Doria"],"articleSection":["Mercado"],"inLanguage":"pt-BR"},{"@type":"WebPage","@id":"https:\/\/www.suno.com.br\/noticias\/ibovespa-fecha-em-alta-de-217-a-80-68715-pontos-22042020\/","url":"https:\/\/www.suno.com.br\/noticias\/ibovespa-fecha-em-alta-de-217-a-80-68715-pontos-22042020\/","name":"Ibovespa fecha em alta de 2,17%, a 80.687,15 pontos","isPartOf":{"@id":"https:\/\/www.suno.com.br\/noticias\/#website"},"primaryImageOfPage":{"@id":"https:\/\/www.suno.com.br\/noticias\/ibovespa-fecha-em-alta-de-217-a-80-68715-pontos-22042020\/#primaryimage"},"image":{"@id":"https:\/\/www.suno.com.br\/noticias\/ibovespa-fecha-em-alta-de-217-a-80-68715-pontos-22042020\/#primaryimage"},"thumbnailUrl":"https:\/\/files.sunoresearch.com.br\/n\/uploads\/2018\/12\/f00f723f-ibovespa-jpg.webp","datePublished":"2020-04-22T20:51:10+00:00","description":"O Ibovespa encerrou o preg\u00e3o desta quarta-feira (22) em alta de 2,17%, a 80.687,15 pontos. Clique aqui para saber mais.","breadcrumb":{"@id":"https:\/\/www.suno.com.br\/noticias\/ibovespa-fecha-em-alta-de-217-a-80-68715-pontos-22042020\/#breadcrumb"},"inLanguage":"pt-BR","potentialAction":[{"@type":"ReadAction","target":["https:\/\/www.suno.com.br\/noticias\/ibovespa-fecha-em-alta-de-217-a-80-68715-pontos-22042020\/"]}]},{"@type":"ImageObject","inLanguage":"pt-BR","@id":"https:\/\/www.suno.com.br\/noticias\/ibovespa-fecha-em-alta-de-217-a-80-68715-pontos-22042020\/#primaryimage","url":"https:\/\/files.sunoresearch.com.br\/n\/uploads\/2018\/12\/f00f723f-ibovespa-jpg.webp","contentUrl":"https:\/\/files.sunoresearch.com.br\/n\/uploads\/2018\/12\/f00f723f-ibovespa-jpg.webp","width":960,"height":678,"caption":"O Ibovespa encerrou em alta, ampliando os ganhos da \u00faltima ter\u00e7a"},{"@type":"BreadcrumbList","@id":"https:\/\/www.suno.com.br\/noticias\/ibovespa-fecha-em-alta-de-217-a-80-68715-pontos-22042020\/#breadcrumb","itemListElement":[{"@type":"ListItem","position":1,"name":"Not\u00edcias","item":"https:\/\/www.suno.com.br\/noticias\/"},{"@type":"ListItem","position":2,"name":"Mercado","item":"https:\/\/www.suno.com.br\/noticias\/mercado\/"},{"@type":"ListItem","position":3,"name":"Ibovespa fecha em alta de 2,17%, a 80.687,15 pontos"}]},{"@type":"WebSite","@id":"https:\/\/www.suno.com.br\/noticias\/#website","url":"https:\/\/www.suno.com.br\/noticias\/","name":"Suno Not\u00edcias","description":"Seu portal de informa\u00e7\u00e3o sobre o mundo dos investimentos","publisher":{"@id":"https:\/\/www.suno.com.br\/noticias\/#organization"},"potentialAction":[{"@type":"SearchAction","target":{"@type":"EntryPoint","urlTemplate":"https:\/\/www.suno.com.br\/noticias\/?s={search_term_string}"},"query-input":{"@type":"PropertyValueSpecification","valueRequired":true,"valueName":"search_term_string"}}],"inLanguage":"pt-BR"},{"@type":"Organization","@id":"https:\/\/www.suno.com.br\/noticias\/#organization","name":"Suno Not\u00edcias","url":"https:\/\/www.suno.com.br\/noticias\/","logo":{"@type":"ImageObject","inLanguage":"pt-BR","@id":"https:\/\/www.suno.com.br\/noticias\/#\/schema\/logo\/image\/","url":"https:\/\/files.sunoresearch.com.br\/n\/uploads\/2021\/09\/suno-logo.png","contentUrl":"https:\/\/files.sunoresearch.com.br\/n\/uploads\/2021\/09\/suno-logo.png","width":180,"height":180,"caption":"Suno Not\u00edcias"},"image":{"@id":"https:\/\/www.suno.com.br\/noticias\/#\/schema\/logo\/image\/"},"sameAs":["https:\/\/facebook.com\/sunoresearch","https:\/\/x.com\/sunoresearch","https:\/\/www.instagram.com\/suno","https:\/\/www.linkedin.com\/company\/suno-research\/","https:\/\/www.youtube.com\/c\/sunoresearch"]},{"@type":"Person","@id":"https:\/\/www.suno.com.br\/noticias\/#\/schema\/person\/3df0d2808748b74496efe5dbeaef2c72","name":"Laura Moutinho","image":{"@type":"ImageObject","inLanguage":"pt-BR","@id":"https:\/\/www.suno.com.br\/noticias\/#\/schema\/person\/image\/","url":"https:\/\/secure.gravatar.com\/avatar\/7571c7c8ca3a6fca5e41384ece5557ff?s=96&r=g","contentUrl":"https:\/\/secure.gravatar.com\/avatar\/7571c7c8ca3a6fca5e41384ece5557ff?s=96&r=g","caption":"Laura Moutinho"},"description":"Estagi\u00e1ria na Suno Not\u00edcias, escreve not\u00edcias que afetam o mercado financeiro. Estuda administra\u00e7\u00e3o na Universidade Presbiteriana Mackenzie.","url":"https:\/\/www.suno.com.br\/noticias\/author\/laura-moutinho\/"}]}},"default_loop_html":"<div class=\"cardsPage__listCard__boxs\"><div class=\"cardsPage__listCard__boxs__img\"><a href=\"https:\/\/www.suno.com.br\/noticias\/ibovespa-fecha-em-alta-de-217-a-80-68715-pontos-22042020\/\"><img class=\"mask\" src=\"https:\/\/www.suno.com.br\/noticias\/wp-content\/themes\/suno\/resources\/images\/spotlight\/spotlight1img\/bg-mask.png\" alt=\"Image Mask\"\/><img src=\"https:\/\/files.sunoresearch.com.br\/n\/uploads\/2018\/12\/f00f723f-ibovespa-400x200.webp\" alt=\"Ibovespa fecha em alta de 2,17%, a 80.687,15 pontos\"\/><\/a><span class=\"spotlightCategory\"><a href=\"https:\/\/www.suno.com.br\/noticias\/mercado\/\">Mercado<\/a><\/span><\/div><div class=\"cardsPage__listCard__boxs__content\"><a href=\"https:\/\/www.suno.com.br\/noticias\/ibovespa-fecha-em-alta-de-217-a-80-68715-pontos-22042020\/\"><h2 class=\"content__title\">Ibovespa fecha em alta de 2,17%, a 80.687,15 pontos<\/h2><\/a><div class=\"newsContent__article__meta\"><div class=\"newsContent__article__meta__authorBox\"><a href=\"https:\/\/www.suno.com.br\/noticias\/author\/laura-moutinho\/\" class=\"authorBox__avatar noMobi\"><img src=\"https:\/\/files.sunoresearch.com.br\/n\/uploads\/2020\/08\/531ff69d-whatsapp-image-2020-08-03-at-14.54.38-150x150.webp\" alt=\"Laura Moutinho\"><\/a><div class=\"authorBox__name\"><span>por\n\t\t\t<a href=\"https:\/\/www.suno.com.br\/noticias\/author\/laura-moutinho\/\"><span itemprop=\"author\">Laura Moutinho<\/span><\/a><\/span><time datetime=\"2020-04-22T17:51:10-03:00\" itemprop=\"datePublished\">22\/04\/2020 17:51<\/time><\/div><\/div><\/div><\/div><\/div>","single_layout":"posts","amp_enabled":true,"_links":{"self":[{"href":"https:\/\/www.suno.com.br\/noticias\/wp-json\/wp\/v2\/posts\/62304"}],"collection":[{"href":"https:\/\/www.suno.com.br\/noticias\/wp-json\/wp\/v2\/posts"}],"about":[{"href":"https:\/\/www.suno.com.br\/noticias\/wp-json\/wp\/v2\/types\/post"}],"author":[{"embeddable":true,"href":"https:\/\/www.suno.com.br\/noticias\/wp-json\/wp\/v2\/users\/39"}],"replies":[{"embeddable":true,"href":"https:\/\/www.suno.com.br\/noticias\/wp-json\/wp\/v2\/comments?post=62304"}],"version-history":[{"count":0,"href":"https:\/\/www.suno.com.br\/noticias\/wp-json\/wp\/v2\/posts\/62304\/revisions"}],"wp:featuredmedia":[{"embeddable":true,"href":"https:\/\/www.suno.com.br\/noticias\/wp-json\/wp\/v2\/media\/7832"}],"wp:attachment":[{"href":"https:\/\/www.suno.com.br\/noticias\/wp-json\/wp\/v2\/media?parent=62304"}],"wp:term":[{"taxonomy":"category","embeddable":true,"href":"https:\/\/www.suno.com.br\/noticias\/wp-json\/wp\/v2\/categories?post=62304"},{"taxonomy":"post_tag","embeddable":true,"href":"https:\/\/www.suno.com.br\/noticias\/wp-json\/wp\/v2\/tags?post=62304"},{"taxonomy":"suno_strategy","embeddable":true,"href":"https:\/\/www.suno.com.br\/noticias\/wp-json\/wp\/v2\/suno_strategy?post=62304"}],"curies":[{"name":"wp","href":"https:\/\/api.w.org\/{rel}","templated":true}]}}