{"id":622842,"date":"2025-09-03T17:53:29","date_gmt":"2025-09-03T20:53:29","guid":{"rendered":"https:\/\/www.suno.com.br\/noticias\/?p=622842"},"modified":"2025-09-04T11:33:43","modified_gmt":"2025-09-04T14:33:43","slug":"petz3-plano-b-cade-fusao-mt","status":"publish","type":"post","link":"https:\/\/www.suno.com.br\/noticias\/petz3-plano-b-cade-fusao-mt\/","title":{"rendered":"Cade pode travar fus\u00e3o e Petz (PETZ3) revela plano B em entrevista exclusiva"},"content":{"rendered":"<p>Conselho Administrativo de Defesa Econ\u00f4mica (Cade) decidiu intensificar a an\u00e1lise da fus\u00e3o entre Petz (<strong>PETZ3<\/strong>) e Cobasi, as duas maiores redes de varejo pet no Brasil. O relator do caso, Jos\u00e9 Levi do Amaral J\u00fanior, solicitou novos estudos ao Departamento Econ\u00f4mico da autarquia.<\/p>\t<div class=\"wrapper-featured-image\">\n\t\t<figure class=\"spotlightImg\">\n\n\t\t\t<picture>\n\t\t\t\t<source media=\"(max-width: 768px)\" srcset=\"https:\/\/files.sunoresearch.com.br\/n\/uploads\/2021\/03\/dbeb13c1-petz-400x200.webp\">\n\t\t\t\t<img loading=\"lazy\" decoding=\"async\" class=\"newsContent__article__imgCapa lazyloadDisabled \" src=\"https:\/\/files.sunoresearch.com.br\/n\/uploads\/2021\/03\/dbeb13c1-petz-800x450.webp\" width=\"800\" height=\"450\" alt=\"Cade pode travar fus\u00e3o e Petz (PETZ3) revela plano B em entrevista exclusiva\" fetchpriority=high \/>\n\t\t\t<\/picture>\n\n\t\t\t<figcaption class=\"wp-caption-text wp-caption-text--show\">Petz (PETZ3)<\/figcaption>\n\t\t<\/figure>\n\t<\/div>\n\n\n\n\n\n\t<p>\n\t\t<a href=\"https:\/\/lp.suno.com.br\/planilha-da-vida-financeira\/\" target=\"_blank\" data-element=\"shortcode-suno-banner\" title=\"Banner SUNO, clique e saiba mais\">\n\t\t\t<picture>\n\t\t\t\t<source media=\"(max-width: 500px)\" srcset=\"https:\/\/files.sunoresearch.com.br\/n\/uploads\/2023\/04\/400x300-Planilha-vida-financeira-true.png\">\n\t\t\t\t<img class=\"newsContent__article__imgCapa newsContent__article__imgCapa--banner\"\n\t\t\t\t\tsrc=\"https:\/\/files.sunoresearch.com.br\/n\/uploads\/2023\/04\/1420x240-Planilha-vida-financeira-true.png\"\n\t\t\t\t\tdata-promo-id=\"383123\"\t\t\t\t\t\t\t\t\t\twidth='1420' height='240'\t\t\t\t\talt=\"https:\/\/files.sunoresearch.com.br\/n\/uploads\/2023\/04\/1420x240-Planilha-vida-financeira-true.png\"\n\t\t\t\t>\n\t\t\t<\/picture>\n\t\t<\/a>\n\t<\/p>\n\n\n\n\n\n<p>O primeiro estudo deve aprofundar a avalia\u00e7\u00e3o sobre o mercado online do setor, cada vez mais relevante para a competi\u00e7\u00e3o de pre\u00e7os. O segundo ter\u00e1 foco no comportamento do consumidor, especialmente no impacto dos programas de fidelidade atrelados a servi\u00e7os como banho e tosa. A preocupa\u00e7\u00e3o \u00e9 que tais benef\u00edcios ampliem a concentra\u00e7\u00e3o de compras nas grandes redes, aumentando o risco de monop\u00f3lios locais e limitando a diversidade de op\u00e7\u00f5es para os clientes.<\/p>\n\n\n\n<p>Essa movimenta\u00e7\u00e3o adiciona um novo cap\u00edtulo \u00e0 an\u00e1lise do \u00f3rg\u00e3o, que j\u00e1 havia levantado preocupa\u00e7\u00f5es sobre concentra\u00e7\u00e3o de mercado. O resultado da investiga\u00e7\u00e3o ser\u00e1 crucial para definir os rumos da opera\u00e7\u00e3o e suas implica\u00e7\u00f5es para concorrentes, pequenos varejistas e consumidores finais.<\/p>\n\n\n\n<h2 class=\"wp-block-heading\">Plano B da <a class=\"suno-keyword\" target=\"_blank\" data-force=\"yes\" data-priority=\"2\" href=\"https:\/\/www.suno.com.br\/analitica\/acoes\/petz3\/\" rel=\"noopener\">PETZ3<\/a> caso a fus\u00e3o n\u00e3o seja aprovada<\/h2>\n\n\n\n<p>Em entrevista exclusiva concedida \u00e0 Suno no final de agosto, a CFO da Petz, Aline Penna, explicou o racional da fus\u00e3o e detalhou os poss\u00edveis cen\u00e1rios diante da an\u00e1lise em curso.\u201cAs duas empresas se juntaram muito pelo fato de que juntas v\u00e3o ser mais fortes e mais competitivas, principalmente para atuar no canal digital, que est\u00e1 cada vez mais agressivo em pre\u00e7o\u201d, afirmou.<\/p>\n\n\n\t<p>\n\t\t<a href=\"https:\/\/lp.suno.com.br\/ebook-como-analisar-uma-acao\/\" target=\"_blank\" data-element=\"shortcode-suno-banner\" title=\"Banner SUNO, clique e saiba mais\">\n\t\t\t<picture>\n\t\t\t\t<source media=\"(max-width: 500px)\" srcset=\"https:\/\/files.sunoresearch.com.br\/n\/uploads\/2023\/03\/Ebook-Acoes-Mobile.jpg\">\n\t\t\t\t<img class=\"newsContent__article__imgCapa newsContent__article__imgCapa--banner\"\n\t\t\t\t\tsrc=\"https:\/\/files.sunoresearch.com.br\/n\/uploads\/2023\/03\/Ebook-Acoes-Desktop.jpg\"\n\t\t\t\t\tdata-promo-id=\"378302\"\t\t\t\t\t\t\t\t\t\twidth='1420' height='286'\t\t\t\t\talt=\"https:\/\/files.sunoresearch.com.br\/n\/uploads\/2023\/03\/Ebook-Acoes-Desktop.jpg\"\n\t\t\t\t>\n\t\t\t<\/picture>\n\t\t<\/a>\n\t<\/p>\n\n\n\n\n\n<p>Segundo a executiva, a integra\u00e7\u00e3o permitiria otimizar o portf\u00f3lio de lojas, reduzir custos e refor\u00e7ar a margem em um ambiente de competi\u00e7\u00e3o mais acirrada. Ela destacou ainda o caminho a ser seguido caso a opera\u00e7\u00e3o n\u00e3o receba aval do Cade:<\/p>\n\n\n\n<blockquote class=\"wp-block-quote is-layout-flow wp-block-quote-is-layout-flow\">\n<p>\u201cSe n\u00e3o acontecer, \u00e9 isso, a gente volta para a situa\u00e7\u00e3o atual. As empresas continuam atuando de maneira totalmente independente, como concorrentes fossem, e vamos buscar outras formas de crescer, com vi\u00e9s mais org\u00e2nico.\u201d<\/p>\n<\/blockquote>\n\n\n\n<p>Na entrevista, a executiva explicou que, caso o Cade n\u00e3o aprove a fus\u00e3o, a <strong>PETZ3<\/strong> seguir\u00e1 investindo em iniciativas pr\u00f3prias de expans\u00e3o, com foco no fortalecimento do ecossistema digital e no avan\u00e7o da estrat\u00e9gia de sa\u00fade veterin\u00e1ria. Ela refor\u00e7ou que esses movimentos j\u00e1 estavam previstos no planejamento estrat\u00e9gico da companhia e funcionam como alternativas para manter o crescimento, independentemente do desfecho da opera\u00e7\u00e3o.<\/p>\n\n\n\n\n\t<p>\n\t\t<a href=\"https:\/\/lp.suno.com.br\/planilha-da-vida-financeira\/\" target=\"_blank\" data-element=\"shortcode-suno-banner\" title=\"Banner SUNO, clique e saiba mais\">\n\t\t\t<picture>\n\t\t\t\t<source media=\"(max-width: 500px)\" srcset=\"https:\/\/files.sunoresearch.com.br\/n\/uploads\/2023\/04\/400x300-Planilha-vida-financeira-true.png\">\n\t\t\t\t<img class=\"newsContent__article__imgCapa newsContent__article__imgCapa--banner\"\n\t\t\t\t\tsrc=\"https:\/\/files.sunoresearch.com.br\/n\/uploads\/2023\/04\/1420x240-Planilha-vida-financeira-true.png\"\n\t\t\t\t\tdata-promo-id=\"106682\"\t\t\t\t\t\t\t\t\t\twidth='1420' height='240'\t\t\t\t\talt=\"https:\/\/files.sunoresearch.com.br\/n\/uploads\/2023\/04\/1420x240-Planilha-vida-financeira-true.png\"\n\t\t\t\t>\n\t\t\t<\/picture>\n\t\t<\/a>\n\t<\/p>\n\n\n\n\n\n<figure class=\"wp-block-embed is-type-video is-provider-youtube wp-block-embed-youtube wp-embed-aspect-16-9 wp-has-aspect-ratio\"><div class=\"wp-block-embed__wrapper\">\n<iframe loading=\"lazy\" title=\"ENTREVISTA (PETZ3): Resultados, lucros e o que esperar do futuro da PETZ\" width=\"1080\" height=\"608\" src=\"https:\/\/www.youtube.com\/embed\/syGly6hoBsQ?feature=oembed\" frameborder=\"0\" allow=\"accelerometer; autoplay; clipboard-write; encrypted-media; gyroscope; picture-in-picture; web-share\" referrerpolicy=\"strict-origin-when-cross-origin\" allowfullscreen><\/iframe>\n<\/div><\/figure>\n\n\n\n<p><\/p>\n","protected":false},"excerpt":{"rendered":"<p>Conselho Administrativo de Defesa Econ\u00f4mica (Cade) decidiu intensificar a an\u00e1lise da fus\u00e3o entre Petz (PETZ3) e Cobasi, as duas maiores redes de varejo pet no Brasil. O relator do caso, Jos\u00e9 Levi do Amaral J\u00fanior, solicitou novos estudos ao Departamento Econ\u00f4mico da autarquia. Petz (PETZ3) O primeiro estudo deve aprofundar a avalia\u00e7\u00e3o sobre o mercado [&hellip;]<\/p>\n","protected":false},"author":402,"featured_media":130090,"comment_status":"closed","ping_status":"closed","sticky":false,"template":"","format":"standard","meta":[],"categories":[64],"tags":[],"suno_strategy":[],"class_list":["post-622842","post","type-post","status-publish","format-standard","has-post-thumbnail","hentry","category-negocios"],"yoast_head":"<!-- This site is optimized with the Yoast SEO plugin v24.4 - https:\/\/yoast.com\/wordpress\/plugins\/seo\/ -->\n<title>PETZ3 tem plano B caso Cade n\u00e3o aprove fus\u00e3o<\/title>\n<meta name=\"description\" content=\"PETZ3 admite plano B caso Cade n\u00e3o aprove fus\u00e3o. CEO detalha estrat\u00e9gia em entrevista exclusiva e revela pr\u00f3ximos passos da companhia.\" \/>\n<meta name=\"robots\" content=\"index, follow, max-snippet:-1, max-image-preview:large, max-video-preview:-1\" \/>\n<link rel=\"canonical\" href=\"https:\/\/www.suno.com.br\/noticias\/petz3-plano-b-cade-fusao-mt\/\" \/>\n<meta property=\"og:locale\" content=\"pt_BR\" \/>\n<meta property=\"og:type\" content=\"article\" \/>\n<meta property=\"og:title\" content=\"PETZ3 tem plano B caso Cade n\u00e3o aprove fus\u00e3o\" \/>\n<meta property=\"og:description\" content=\"PETZ3 admite plano B caso Cade n\u00e3o aprove fus\u00e3o. CEO detalha estrat\u00e9gia em entrevista exclusiva e revela pr\u00f3ximos passos da companhia.\" \/>\n<meta property=\"og:url\" content=\"https:\/\/www.suno.com.br\/noticias\/petz3-plano-b-cade-fusao-mt\/\" \/>\n<meta property=\"og:site_name\" content=\"Suno Not\u00edcias\" \/>\n<meta property=\"article:publisher\" content=\"https:\/\/facebook.com\/sunoresearch\" \/>\n<meta property=\"og:image\" content=\"https:\/\/files.sunoresearch.com.br\/n\/uploads\/2021\/03\/dbeb13c1-petz-png.webp\" \/>\n\t<meta property=\"og:image:width\" content=\"1024\" \/>\n\t<meta property=\"og:image:height\" content=\"606\" \/>\n\t<meta property=\"og:image:type\" content=\"image\/png\" \/>\n<meta name=\"author\" content=\"Ma\u00edra Telles\" \/>\n<meta name=\"twitter:card\" content=\"summary_large_image\" \/>\n<meta name=\"twitter:creator\" content=\"@sunoresearch\" \/>\n<meta name=\"twitter:site\" content=\"@sunoresearch\" \/>\n<meta name=\"twitter:label1\" content=\"Escrito por\" \/>\n\t<meta name=\"twitter:data1\" content=\"Ma\u00edra Telles\" \/>\n\t<meta name=\"twitter:label2\" content=\"Est. tempo de leitura\" \/>\n\t<meta name=\"twitter:data2\" content=\"3 minutos\" \/>\n<script type=\"application\/ld+json\" class=\"yoast-schema-graph\">{\"@context\":\"https:\/\/schema.org\",\"@graph\":[{\"@type\":\"NewsArticle\",\"@id\":\"https:\/\/www.suno.com.br\/noticias\/petz3-plano-b-cade-fusao-mt\/#article\",\"isPartOf\":{\"@id\":\"https:\/\/www.suno.com.br\/noticias\/petz3-plano-b-cade-fusao-mt\/\"},\"author\":{\"name\":\"Ma\u00edra Telles\",\"@id\":\"https:\/\/www.suno.com.br\/noticias\/#\/schema\/person\/0a8b51292bb96ee5f104094c0907eaef\"},\"headline\":\"Cade pode travar fus\u00e3o e Petz (PETZ3) revela plano B em entrevista exclusiva\",\"datePublished\":\"2025-09-03T20:53:29+00:00\",\"dateModified\":\"2025-09-04T14:33:43+00:00\",\"mainEntityOfPage\":{\"@id\":\"https:\/\/www.suno.com.br\/noticias\/petz3-plano-b-cade-fusao-mt\/\"},\"wordCount\":447,\"publisher\":{\"@id\":\"https:\/\/www.suno.com.br\/noticias\/#organization\"},\"image\":{\"@id\":\"https:\/\/www.suno.com.br\/noticias\/petz3-plano-b-cade-fusao-mt\/#primaryimage\"},\"thumbnailUrl\":\"https:\/\/files.sunoresearch.com.br\/n\/uploads\/2021\/03\/dbeb13c1-petz-png.webp\",\"articleSection\":[\"Neg\u00f3cios\"],\"inLanguage\":\"pt-BR\"},{\"@type\":\"WebPage\",\"@id\":\"https:\/\/www.suno.com.br\/noticias\/petz3-plano-b-cade-fusao-mt\/\",\"url\":\"https:\/\/www.suno.com.br\/noticias\/petz3-plano-b-cade-fusao-mt\/\",\"name\":\"PETZ3 tem plano B caso Cade n\u00e3o aprove fus\u00e3o\",\"isPartOf\":{\"@id\":\"https:\/\/www.suno.com.br\/noticias\/#website\"},\"primaryImageOfPage\":{\"@id\":\"https:\/\/www.suno.com.br\/noticias\/petz3-plano-b-cade-fusao-mt\/#primaryimage\"},\"image\":{\"@id\":\"https:\/\/www.suno.com.br\/noticias\/petz3-plano-b-cade-fusao-mt\/#primaryimage\"},\"thumbnailUrl\":\"https:\/\/files.sunoresearch.com.br\/n\/uploads\/2021\/03\/dbeb13c1-petz-png.webp\",\"datePublished\":\"2025-09-03T20:53:29+00:00\",\"dateModified\":\"2025-09-04T14:33:43+00:00\",\"description\":\"PETZ3 admite plano B caso Cade n\u00e3o aprove fus\u00e3o. CEO detalha estrat\u00e9gia em entrevista exclusiva e revela pr\u00f3ximos passos da companhia.\",\"breadcrumb\":{\"@id\":\"https:\/\/www.suno.com.br\/noticias\/petz3-plano-b-cade-fusao-mt\/#breadcrumb\"},\"inLanguage\":\"pt-BR\",\"potentialAction\":[{\"@type\":\"ReadAction\",\"target\":[\"https:\/\/www.suno.com.br\/noticias\/petz3-plano-b-cade-fusao-mt\/\"]}]},{\"@type\":\"ImageObject\",\"inLanguage\":\"pt-BR\",\"@id\":\"https:\/\/www.suno.com.br\/noticias\/petz3-plano-b-cade-fusao-mt\/#primaryimage\",\"url\":\"https:\/\/files.sunoresearch.com.br\/n\/uploads\/2021\/03\/dbeb13c1-petz-png.webp\",\"contentUrl\":\"https:\/\/files.sunoresearch.com.br\/n\/uploads\/2021\/03\/dbeb13c1-petz-png.webp\",\"width\":1024,\"height\":606,\"caption\":\"Petz (PETZ3)\"},{\"@type\":\"BreadcrumbList\",\"@id\":\"https:\/\/www.suno.com.br\/noticias\/petz3-plano-b-cade-fusao-mt\/#breadcrumb\",\"itemListElement\":[{\"@type\":\"ListItem\",\"position\":1,\"name\":\"Not\u00edcias\",\"item\":\"https:\/\/www.suno.com.br\/noticias\/\"},{\"@type\":\"ListItem\",\"position\":2,\"name\":\"Neg\u00f3cios\",\"item\":\"https:\/\/www.suno.com.br\/noticias\/negocios\/\"},{\"@type\":\"ListItem\",\"position\":3,\"name\":\"Cade pode travar fus\u00e3o e Petz (PETZ3) revela plano B em entrevista exclusiva\"}]},{\"@type\":\"WebSite\",\"@id\":\"https:\/\/www.suno.com.br\/noticias\/#website\",\"url\":\"https:\/\/www.suno.com.br\/noticias\/\",\"name\":\"Suno Not\u00edcias\",\"description\":\"Seu portal de informa\u00e7\u00e3o sobre o mundo dos investimentos\",\"publisher\":{\"@id\":\"https:\/\/www.suno.com.br\/noticias\/#organization\"},\"potentialAction\":[{\"@type\":\"SearchAction\",\"target\":{\"@type\":\"EntryPoint\",\"urlTemplate\":\"https:\/\/www.suno.com.br\/noticias\/?s={search_term_string}\"},\"query-input\":{\"@type\":\"PropertyValueSpecification\",\"valueRequired\":true,\"valueName\":\"search_term_string\"}}],\"inLanguage\":\"pt-BR\"},{\"@type\":\"Organization\",\"@id\":\"https:\/\/www.suno.com.br\/noticias\/#organization\",\"name\":\"Suno Not\u00edcias\",\"url\":\"https:\/\/www.suno.com.br\/noticias\/\",\"logo\":{\"@type\":\"ImageObject\",\"inLanguage\":\"pt-BR\",\"@id\":\"https:\/\/www.suno.com.br\/noticias\/#\/schema\/logo\/image\/\",\"url\":\"https:\/\/files.sunoresearch.com.br\/n\/uploads\/2021\/09\/suno-logo.png\",\"contentUrl\":\"https:\/\/files.sunoresearch.com.br\/n\/uploads\/2021\/09\/suno-logo.png\",\"width\":180,\"height\":180,\"caption\":\"Suno Not\u00edcias\"},\"image\":{\"@id\":\"https:\/\/www.suno.com.br\/noticias\/#\/schema\/logo\/image\/\"},\"sameAs\":[\"https:\/\/facebook.com\/sunoresearch\",\"https:\/\/x.com\/sunoresearch\",\"https:\/\/www.instagram.com\/suno\",\"https:\/\/www.linkedin.com\/company\/suno-research\/\",\"https:\/\/www.youtube.com\/c\/sunoresearch\"]},{\"@type\":\"Person\",\"@id\":\"https:\/\/www.suno.com.br\/noticias\/#\/schema\/person\/0a8b51292bb96ee5f104094c0907eaef\",\"name\":\"Ma\u00edra Telles\",\"image\":{\"@type\":\"ImageObject\",\"inLanguage\":\"pt-BR\",\"@id\":\"https:\/\/www.suno.com.br\/noticias\/#\/schema\/person\/image\/\",\"url\":\"https:\/\/secure.gravatar.com\/avatar\/8d13691eab6abc1d1050b62a4c2a6116?s=96&r=g\",\"contentUrl\":\"https:\/\/secure.gravatar.com\/avatar\/8d13691eab6abc1d1050b62a4c2a6116?s=96&r=g\",\"caption\":\"Ma\u00edra Telles\"},\"description\":\"Jornalista com passagem por reda\u00e7\u00f5es como ESPN, especializa\u00e7\u00e3o em marketing digital e em gest\u00e3o de crise. Com foco no mercado financeiro e no setor agropecu\u00e1rio, desenvolve conte\u00fados estrat\u00e9gicos e especializados para m\u00faltiplas plataformas, unindo an\u00e1lise de investimentos e neg\u00f3cios\",\"url\":\"https:\/\/www.suno.com.br\/noticias\/author\/mairaftellesgmail-com\/\"}]}<\/script>\n<!-- \/ Yoast SEO plugin. -->","yoast_head_json":{"title":"PETZ3 tem plano B caso Cade n\u00e3o aprove fus\u00e3o","description":"PETZ3 admite plano B caso Cade n\u00e3o aprove fus\u00e3o. CEO detalha estrat\u00e9gia em entrevista exclusiva e revela pr\u00f3ximos passos da companhia.","robots":{"index":"index","follow":"follow","max-snippet":"max-snippet:-1","max-image-preview":"max-image-preview:large","max-video-preview":"max-video-preview:-1"},"canonical":"https:\/\/www.suno.com.br\/noticias\/petz3-plano-b-cade-fusao-mt\/","og_locale":"pt_BR","og_type":"article","og_title":"PETZ3 tem plano B caso Cade n\u00e3o aprove fus\u00e3o","og_description":"PETZ3 admite plano B caso Cade n\u00e3o aprove fus\u00e3o. CEO detalha estrat\u00e9gia em entrevista exclusiva e revela pr\u00f3ximos passos da companhia.","og_url":"https:\/\/www.suno.com.br\/noticias\/petz3-plano-b-cade-fusao-mt\/","og_site_name":"Suno Not\u00edcias","article_publisher":"https:\/\/facebook.com\/sunoresearch","og_image":[{"width":1024,"height":606,"url":"https:\/\/files.sunoresearch.com.br\/n\/uploads\/2021\/03\/dbeb13c1-petz-png.webp","type":"image\/png"}],"author":"Ma\u00edra Telles","twitter_card":"summary_large_image","twitter_creator":"@sunoresearch","twitter_site":"@sunoresearch","twitter_misc":{"Escrito por":"Ma\u00edra Telles","Est. tempo de leitura":"3 minutos"},"schema":{"@context":"https:\/\/schema.org","@graph":[{"@type":"NewsArticle","@id":"https:\/\/www.suno.com.br\/noticias\/petz3-plano-b-cade-fusao-mt\/#article","isPartOf":{"@id":"https:\/\/www.suno.com.br\/noticias\/petz3-plano-b-cade-fusao-mt\/"},"author":{"name":"Ma\u00edra Telles","@id":"https:\/\/www.suno.com.br\/noticias\/#\/schema\/person\/0a8b51292bb96ee5f104094c0907eaef"},"headline":"Cade pode travar fus\u00e3o e Petz (PETZ3) revela plano B em entrevista exclusiva","datePublished":"2025-09-03T20:53:29+00:00","dateModified":"2025-09-04T14:33:43+00:00","mainEntityOfPage":{"@id":"https:\/\/www.suno.com.br\/noticias\/petz3-plano-b-cade-fusao-mt\/"},"wordCount":447,"publisher":{"@id":"https:\/\/www.suno.com.br\/noticias\/#organization"},"image":{"@id":"https:\/\/www.suno.com.br\/noticias\/petz3-plano-b-cade-fusao-mt\/#primaryimage"},"thumbnailUrl":"https:\/\/files.sunoresearch.com.br\/n\/uploads\/2021\/03\/dbeb13c1-petz-png.webp","articleSection":["Neg\u00f3cios"],"inLanguage":"pt-BR"},{"@type":"WebPage","@id":"https:\/\/www.suno.com.br\/noticias\/petz3-plano-b-cade-fusao-mt\/","url":"https:\/\/www.suno.com.br\/noticias\/petz3-plano-b-cade-fusao-mt\/","name":"PETZ3 tem plano B caso Cade n\u00e3o aprove fus\u00e3o","isPartOf":{"@id":"https:\/\/www.suno.com.br\/noticias\/#website"},"primaryImageOfPage":{"@id":"https:\/\/www.suno.com.br\/noticias\/petz3-plano-b-cade-fusao-mt\/#primaryimage"},"image":{"@id":"https:\/\/www.suno.com.br\/noticias\/petz3-plano-b-cade-fusao-mt\/#primaryimage"},"thumbnailUrl":"https:\/\/files.sunoresearch.com.br\/n\/uploads\/2021\/03\/dbeb13c1-petz-png.webp","datePublished":"2025-09-03T20:53:29+00:00","dateModified":"2025-09-04T14:33:43+00:00","description":"PETZ3 admite plano B caso Cade n\u00e3o aprove fus\u00e3o. CEO detalha estrat\u00e9gia em entrevista exclusiva e revela pr\u00f3ximos passos da companhia.","breadcrumb":{"@id":"https:\/\/www.suno.com.br\/noticias\/petz3-plano-b-cade-fusao-mt\/#breadcrumb"},"inLanguage":"pt-BR","potentialAction":[{"@type":"ReadAction","target":["https:\/\/www.suno.com.br\/noticias\/petz3-plano-b-cade-fusao-mt\/"]}]},{"@type":"ImageObject","inLanguage":"pt-BR","@id":"https:\/\/www.suno.com.br\/noticias\/petz3-plano-b-cade-fusao-mt\/#primaryimage","url":"https:\/\/files.sunoresearch.com.br\/n\/uploads\/2021\/03\/dbeb13c1-petz-png.webp","contentUrl":"https:\/\/files.sunoresearch.com.br\/n\/uploads\/2021\/03\/dbeb13c1-petz-png.webp","width":1024,"height":606,"caption":"Petz (PETZ3)"},{"@type":"BreadcrumbList","@id":"https:\/\/www.suno.com.br\/noticias\/petz3-plano-b-cade-fusao-mt\/#breadcrumb","itemListElement":[{"@type":"ListItem","position":1,"name":"Not\u00edcias","item":"https:\/\/www.suno.com.br\/noticias\/"},{"@type":"ListItem","position":2,"name":"Neg\u00f3cios","item":"https:\/\/www.suno.com.br\/noticias\/negocios\/"},{"@type":"ListItem","position":3,"name":"Cade pode travar fus\u00e3o e Petz (PETZ3) revela plano B em entrevista exclusiva"}]},{"@type":"WebSite","@id":"https:\/\/www.suno.com.br\/noticias\/#website","url":"https:\/\/www.suno.com.br\/noticias\/","name":"Suno Not\u00edcias","description":"Seu portal de informa\u00e7\u00e3o sobre o mundo dos investimentos","publisher":{"@id":"https:\/\/www.suno.com.br\/noticias\/#organization"},"potentialAction":[{"@type":"SearchAction","target":{"@type":"EntryPoint","urlTemplate":"https:\/\/www.suno.com.br\/noticias\/?s={search_term_string}"},"query-input":{"@type":"PropertyValueSpecification","valueRequired":true,"valueName":"search_term_string"}}],"inLanguage":"pt-BR"},{"@type":"Organization","@id":"https:\/\/www.suno.com.br\/noticias\/#organization","name":"Suno Not\u00edcias","url":"https:\/\/www.suno.com.br\/noticias\/","logo":{"@type":"ImageObject","inLanguage":"pt-BR","@id":"https:\/\/www.suno.com.br\/noticias\/#\/schema\/logo\/image\/","url":"https:\/\/files.sunoresearch.com.br\/n\/uploads\/2021\/09\/suno-logo.png","contentUrl":"https:\/\/files.sunoresearch.com.br\/n\/uploads\/2021\/09\/suno-logo.png","width":180,"height":180,"caption":"Suno Not\u00edcias"},"image":{"@id":"https:\/\/www.suno.com.br\/noticias\/#\/schema\/logo\/image\/"},"sameAs":["https:\/\/facebook.com\/sunoresearch","https:\/\/x.com\/sunoresearch","https:\/\/www.instagram.com\/suno","https:\/\/www.linkedin.com\/company\/suno-research\/","https:\/\/www.youtube.com\/c\/sunoresearch"]},{"@type":"Person","@id":"https:\/\/www.suno.com.br\/noticias\/#\/schema\/person\/0a8b51292bb96ee5f104094c0907eaef","name":"Ma\u00edra Telles","image":{"@type":"ImageObject","inLanguage":"pt-BR","@id":"https:\/\/www.suno.com.br\/noticias\/#\/schema\/person\/image\/","url":"https:\/\/secure.gravatar.com\/avatar\/8d13691eab6abc1d1050b62a4c2a6116?s=96&r=g","contentUrl":"https:\/\/secure.gravatar.com\/avatar\/8d13691eab6abc1d1050b62a4c2a6116?s=96&r=g","caption":"Ma\u00edra Telles"},"description":"Jornalista com passagem por reda\u00e7\u00f5es como ESPN, especializa\u00e7\u00e3o em marketing digital e em gest\u00e3o de crise. Com foco no mercado financeiro e no setor agropecu\u00e1rio, desenvolve conte\u00fados estrat\u00e9gicos e especializados para m\u00faltiplas plataformas, unindo an\u00e1lise de investimentos e neg\u00f3cios","url":"https:\/\/www.suno.com.br\/noticias\/author\/mairaftellesgmail-com\/"}]}},"default_loop_html":"<div class=\"cardsPage__listCard__boxs\"><div class=\"cardsPage__listCard__boxs__img\"><a href=\"https:\/\/www.suno.com.br\/noticias\/petz3-plano-b-cade-fusao-mt\/\"><img class=\"mask\" src=\"https:\/\/www.suno.com.br\/noticias\/wp-content\/themes\/suno\/resources\/images\/spotlight\/spotlight1img\/bg-mask.png\" alt=\"Image Mask\"\/><img src=\"https:\/\/files.sunoresearch.com.br\/n\/uploads\/2021\/03\/dbeb13c1-petz-400x200.webp\" alt=\"Cade pode travar fus\u00e3o e Petz (PETZ3) revela plano B em entrevista exclusiva\"\/><\/a><span class=\"spotlightCategory\"><a href=\"https:\/\/www.suno.com.br\/noticias\/negocios\/\">Neg\u00f3cios<\/a><\/span><\/div><div class=\"cardsPage__listCard__boxs__content\"><a href=\"https:\/\/www.suno.com.br\/noticias\/petz3-plano-b-cade-fusao-mt\/\"><h2 class=\"content__title\">Cade pode travar fus\u00e3o e Petz (PETZ3) revela plano B em entrevista exclusiva<\/h2><\/a><div class=\"newsContent__article__meta\"><div class=\"newsContent__article__meta__authorBox\"><a href=\"https:\/\/www.suno.com.br\/noticias\/author\/mairaftellesgmail-com\/\" class=\"authorBox__avatar noMobi\"><img src=\"https:\/\/secure.gravatar.com\/avatar\/8d13691eab6abc1d1050b62a4c2a6116?s=96&#038;r=g\" alt=\"Ma\u00edra Telles\"><\/a><div class=\"authorBox__name\"><span>por\n\t\t\t<a href=\"https:\/\/www.suno.com.br\/noticias\/author\/mairaftellesgmail-com\/\"><span itemprop=\"author\">Ma\u00edra Telles<\/span><\/a><\/span><time datetime=\"2025-09-03T17:53:29-03:00\" itemprop=\"datePublished\">03\/09\/2025 17:53<\/time><\/div><\/div><\/div><\/div><\/div>","single_layout":"posts","amp_enabled":true,"_links":{"self":[{"href":"https:\/\/www.suno.com.br\/noticias\/wp-json\/wp\/v2\/posts\/622842"}],"collection":[{"href":"https:\/\/www.suno.com.br\/noticias\/wp-json\/wp\/v2\/posts"}],"about":[{"href":"https:\/\/www.suno.com.br\/noticias\/wp-json\/wp\/v2\/types\/post"}],"author":[{"embeddable":true,"href":"https:\/\/www.suno.com.br\/noticias\/wp-json\/wp\/v2\/users\/402"}],"replies":[{"embeddable":true,"href":"https:\/\/www.suno.com.br\/noticias\/wp-json\/wp\/v2\/comments?post=622842"}],"version-history":[{"count":3,"href":"https:\/\/www.suno.com.br\/noticias\/wp-json\/wp\/v2\/posts\/622842\/revisions"}],"predecessor-version":[{"id":622952,"href":"https:\/\/www.suno.com.br\/noticias\/wp-json\/wp\/v2\/posts\/622842\/revisions\/622952"}],"wp:featuredmedia":[{"embeddable":true,"href":"https:\/\/www.suno.com.br\/noticias\/wp-json\/wp\/v2\/media\/130090"}],"wp:attachment":[{"href":"https:\/\/www.suno.com.br\/noticias\/wp-json\/wp\/v2\/media?parent=622842"}],"wp:term":[{"taxonomy":"category","embeddable":true,"href":"https:\/\/www.suno.com.br\/noticias\/wp-json\/wp\/v2\/categories?post=622842"},{"taxonomy":"post_tag","embeddable":true,"href":"https:\/\/www.suno.com.br\/noticias\/wp-json\/wp\/v2\/tags?post=622842"},{"taxonomy":"suno_strategy","embeddable":true,"href":"https:\/\/www.suno.com.br\/noticias\/wp-json\/wp\/v2\/suno_strategy?post=622842"}],"curies":[{"name":"wp","href":"https:\/\/api.w.org\/{rel}","templated":true}]}}